{"d":{"__metadata":{"id":"https://ws.parlament.ch/OData.svc/Subject(ID=6597L,Language='DE')","uri":"https://ws.parlament.ch/OData.svc/Subject(ID=6597L,Language='DE')","type":"itsystems.Pd.DataServices.DataModel.Subject"},"Meetings":{"__metadata":{"id":"https://ws.parlament.ch/OData.svc/Meeting(ID=474L,Language='DE')","uri":"https://ws.parlament.ch/OData.svc/Meeting(ID=474L,Language='DE')","type":"itsystems.Pd.DataServices.DataModel.Meeting"},"Sessions":{"__deferred":{"uri":"https://ws.parlament.ch/OData.svc/Meeting(ID=474L,Language='DE')/Sessions"}},"Subjects":{"__deferred":{"uri":"https://ws.parlament.ch/OData.svc/Meeting(ID=474L,Language='DE')/Subjects"}},"ID":"474","Language":"DE","MeetingNumber":3,"IdSession":4701,"SessionNumber":1,"SessionName":"Wintersession 2003","Council":1,"CouncilName":"Nationalrat","CouncilAbbreviation":"NR","Date":"\/Date(1070409600000)\/","Begin":"0800","Modified":"\/Date(1447069862087)\/","LegislativePeriodNumber":47,"PublicationStatus":"final","MeetingOrderText":"Dritte Sitzung","SortOrder":3,"Location":"N"},"SubjectsBusiness":{"results":[{"__metadata":{"id":"https://ws.parlament.ch/OData.svc/SubjectBusiness(BusinessNumber=20020090,IdSubject=6597L,Language='DE')","uri":"https://ws.parlament.ch/OData.svc/SubjectBusiness(BusinessNumber=20020090,IdSubject=6597L,Language='DE')","type":"itsystems.Pd.DataServices.DataModel.SubjectBusiness"},"Subjects":{"__deferred":{"uri":"https://ws.parlament.ch/OData.svc/SubjectBusiness(BusinessNumber=20020090,IdSubject=6597L,Language='DE')/Subjects"}},"Businesses":{"__deferred":{"uri":"https://ws.parlament.ch/OData.svc/SubjectBusiness(BusinessNumber=20020090,IdSubject=6597L,Language='DE')/Businesses"}},"IdSubject":"6597","BusinessNumber":20020090,"Language":"DE","BusinessShortNumber":"02.090","Title":"Eingetragene Partnerschaft gleichgeschlechtlicher Paare. Bundesgesetz","SortOrder":1,"PublishedNotes":"Fortsetzung - Suite","Modified":"\/Date(1447069173930)\/","TitleDE":"Eingetragene Partnerschaft\ngleichgeschlechtlicher Paare.\nBundesgesetz","TitleFR":"Partenariat enregistr\u00e9\nentre personnes du m\u00eame sexe.\nLoi f\u00e9d\u00e9rale","TitleIT":null}]},"Transcripts":{"results":[{"__metadata":{"id":"https://ws.parlament.ch/OData.svc/Transcript(ID=38881L,Language='DE')","uri":"https://ws.parlament.ch/OData.svc/Transcript(ID=38881L,Language='DE')","type":"itsystems.Pd.DataServices.DataModel.Transcript"},"Subjects":{"__deferred":{"uri":"https://ws.parlament.ch/OData.svc/Transcript(ID=38881L,Language='DE')/Subjects"}},"MembersCouncil":{"__deferred":{"uri":"https://ws.parlament.ch/OData.svc/Transcript(ID=38881L,Language='DE')/MembersCouncil"}},"Businesses":{"__deferred":{"uri":"https://ws.parlament.ch/OData.svc/Transcript(ID=38881L,Language='DE')/Businesses"}},"ID":"38881","Language":"DE","IdSubject":"6597","VoteId":null,"PersonNumber":396,"Type":1,"Text":"<pd_text><p>Die Angstkeule und die Diskriminierungshysterie in diesem Rat haben voll gewirkt. Als gute Demokraten akzeptieren wir nat\u00fcrlich dieses Resultat. Mein Glaube ist sehr gross, aber den Berg des St\u00e4nderates kann ich nicht beeinflussen. Ich glaube nicht daran, dass der St\u00e4nderat hier noch etwas \u00e4ndern wird. Also akzeptieren wir als gute Demokraten dieses Resultat. Aber zu den Auswirkungen dieses Gesetzes - wir haben gesehen, wie viel abge\u00e4ndert werden muss - muss das Volk noch Stellung nehmen. Wir werden also nach vorliegendem Resultat des St\u00e4nderates das Referendum ergreifen. Es werden uns sehr viele Parteien und Vereine unterst\u00fctzen, und vor allem wird uns ganz sicher auch die Basis der hier anwesenden christlichen Parteien in ihren Stammlanden unterst\u00fctzen. </p>\n<p>Ich bin sehr zuversichtlich, dass wir das Referendum zustande bringen und dieses Gesetz dem Volk vorlegen k\u00f6nnen, sodass es dazu noch Stellung nehmen kann.</p></pd_text>","MeetingCouncilAbbreviation":"N","MeetingDate":"20031203","MeetingVerbalixOid":1122,"IdSession":"4701","SpeakerFirstName":"Christian","SpeakerLastName":"Waber","SpeakerFullName":"Waber Christian","SpeakerFunction":"Mit-M","CouncilId":1,"CouncilName":"Nationalrat","CantonId":2,"CantonName":"Bern","CantonAbbreviation":"BE","ParlGroupName":"EVP/EDU Fraktion","ParlGroupAbbreviation":"E","SortOrder":17,"Start":"\/Date(1070442638579)\/","End":"\/Date(1070442703829)\/","Function":"Mit-M","DisplaySpeaker":true,"LanguageOfText":"DE","Modified":"\/Date(1774878106507)\/","StartTimeWithTimezone":"\/Date(1070442638580+0060)\/","EndTimeWithTimezone":"\/Date(1070442703830+0060)\/","VoteBusinessNumber":null,"VoteBusinessShortNumber":null,"VoteBusinessTitle":null},{"__metadata":{"id":"https://ws.parlament.ch/OData.svc/Transcript(ID=38882L,Language='DE')","uri":"https://ws.parlament.ch/OData.svc/Transcript(ID=38882L,Language='DE')","type":"itsystems.Pd.DataServices.DataModel.Transcript"},"Subjects":{"__deferred":{"uri":"https://ws.parlament.ch/OData.svc/Transcript(ID=38882L,Language='DE')/Subjects"}},"MembersCouncil":{"__deferred":{"uri":"https://ws.parlament.ch/OData.svc/Transcript(ID=38882L,Language='DE')/MembersCouncil"}},"Businesses":{"__deferred":{"uri":"https://ws.parlament.ch/OData.svc/Transcript(ID=38882L,Language='DE')/Businesses"}},"ID":"38882","Language":"DE","IdSubject":"6597","VoteId":null,"PersonNumber":15,"Type":1,"Text":"<pd_text><p>Das Wort f\u00fcr eine kurze pers\u00f6nliche Erkl\u00e4rung hat Herr Waber.</p></pd_text>","MeetingCouncilAbbreviation":"N","MeetingDate":"20031203","MeetingVerbalixOid":1122,"IdSession":"4701","SpeakerFirstName":"Max","SpeakerLastName":"Binder","SpeakerFullName":"Binder Max","SpeakerFunction":"Mit-M","CouncilId":1,"CouncilName":"Nationalrat","CantonId":1,"CantonName":"Z\u00fcrich","CantonAbbreviation":"ZH","ParlGroupName":"Fraktion der Schweizerischen Volkspartei","ParlGroupAbbreviation":"V","SortOrder":16,"Start":"\/Date(1070442469457)\/","End":"\/Date(1070442638579)\/","Function":"P-M","DisplaySpeaker":true,"LanguageOfText":"DE","Modified":"\/Date(1774878106505)\/","StartTimeWithTimezone":"\/Date(1070442469457+0060)\/","EndTimeWithTimezone":"\/Date(1070442638580+0060)\/","VoteBusinessNumber":null,"VoteBusinessShortNumber":null,"VoteBusinessTitle":null},{"__metadata":{"id":"https://ws.parlament.ch/OData.svc/Transcript(ID=38883L,Language='DE')","uri":"https://ws.parlament.ch/OData.svc/Transcript(ID=38883L,Language='DE')","type":"itsystems.Pd.DataServices.DataModel.Transcript"},"Subjects":{"__deferred":{"uri":"https://ws.parlament.ch/OData.svc/Transcript(ID=38883L,Language='DE')/Subjects"}},"MembersCouncil":{"__deferred":{"uri":"https://ws.parlament.ch/OData.svc/Transcript(ID=38883L,Language='DE')/MembersCouncil"}},"Businesses":{"__deferred":{"uri":"https://ws.parlament.ch/OData.svc/Transcript(ID=38883L,Language='DE')/Businesses"}},"ID":"38883","Language":"DE","IdSubject":"6597","VoteId":"48","PersonNumber":null,"Type":2,"Text":"<pd_text><p><i>Gesamtabstimmung - Vote sur l'ensemble</i></p>\n<p>[NAM]</p>\n<p>F\u00fcr Annahme des Entwurfes .... 118 Stimmen</p>\n<p>Dagegen .... 50 Stimmen</p></pd_text>","MeetingCouncilAbbreviation":"N","MeetingDate":"20031203","MeetingVerbalixOid":1122,"IdSession":"4701","SpeakerFirstName":null,"SpeakerLastName":null,"SpeakerFullName":"","SpeakerFunction":null,"CouncilId":null,"CouncilName":null,"CantonId":null,"CantonName":null,"CantonAbbreviation":null,"ParlGroupName":null,"ParlGroupAbbreviation":null,"SortOrder":15,"Start":null,"End":null,"Function":null,"DisplaySpeaker":null,"LanguageOfText":"DE","Modified":"\/Date(1774878106504)\/","StartTimeWithTimezone":null,"EndTimeWithTimezone":null,"VoteBusinessNumber":20020090,"VoteBusinessShortNumber":"02.090","VoteBusinessTitle":"Eingetragene Partnerschaft\ngleichgeschlechtlicher Paare.\nBundesgesetz"},{"__metadata":{"id":"https://ws.parlament.ch/OData.svc/Transcript(ID=38884L,Language='DE')","uri":"https://ws.parlament.ch/OData.svc/Transcript(ID=38884L,Language='DE')","type":"itsystems.Pd.DataServices.DataModel.Transcript"},"Subjects":{"__deferred":{"uri":"https://ws.parlament.ch/OData.svc/Transcript(ID=38884L,Language='DE')/Subjects"}},"MembersCouncil":{"__deferred":{"uri":"https://ws.parlament.ch/OData.svc/Transcript(ID=38884L,Language='DE')/MembersCouncil"}},"Businesses":{"__deferred":{"uri":"https://ws.parlament.ch/OData.svc/Transcript(ID=38884L,Language='DE')/Businesses"}},"ID":"38884","Language":"DE","IdSubject":"6597","VoteId":null,"PersonNumber":null,"Type":3,"Text":"<pd_text><p><i>Abstimmung - Vote</i></p>\n<p>F\u00fcr den Antrag der Minderheit .... 100 Stimmen</p>\n<p>F\u00fcr den Antrag der Mehrheit .... 72 Stimmen</p>\n<p>[VS]</p>\n<p><b>Ziff. 29, 30</b></p>\n<p><i>Antrag der Kommission</i></p>\n<p>Zustimmung zum Entwurf des Bundesrates</p>\n<p>[VS] [PAGE 1831] </p>\n<p><b>Ch. 29, 30</b></p>\n<p><i>Proposition de la commission</i></p>\n<p>Adh\u00e9rer au projet du Conseil f\u00e9d\u00e9ral</p>\n<p>[VS]</p>\n<p><i>Angenommen - Adopt\u00e9</i></p>\n<p>[VS]</p>\n<p><b>Ziff. 31</b></p>\n<p><i>Antrag der Kommission</i></p>\n<p><i>Art. 63 Abs. 3</i></p>\n<p>Von der Versicherung k\u00f6nnen ausgeschlossen werden:</p>\n<p>....</p>\n<p>b. Anspr\u00fcche aus Sachsch\u00e4den des Ehegatten, der eingetragenen Partnerin oder des eingetragenen Partners des Halters, seiner Verwandten in auf- und absteigender Linie sowie seiner mit ihm in gemeinsamem Haushalt lebenden Geschwister;</p>\n<p>....</p>\n<p><i>Art. 70 Abs. 4 </i></p>\n<p>Aus der Versicherung k\u00f6nnen ausgeschlossen werden:</p>\n<p>a. Anspr\u00fcche aus Sachsch\u00e4den des Ehegatten, der eingetragenen Partnerin oder des eingetragenen Partners des Radfahrers, seiner Verwandten in auf- und absteigender Linie sowie seiner mit ihm in gemeinsamem Haushalt lebenden Geschwister;</p>\n<p>[VS]</p>\n<p><b>Ch. 31</b></p>\n<p><i>Proposition de la commission</i></p>\n<p><i>Art. 63 al. 3</i></p>\n<p>Peuvent \u00eatre exclues de l'assurance:</p>\n<p>....</p>\n<p>b. les pr\u00e9tentions du conjoint ou du partenaire enregistr\u00e9 du d\u00e9tenteur, de ses ascendants ou descendants, ainsi que de ses fr\u00e8res et soeurs vivant en m\u00e9nage commun avec lui, pour les dommages mat\u00e9riels qu'ils ont subis;</p>\n<p>....</p>\n<p><i>Art. 70 al. 4 </i></p>\n<p>Peuvent \u00eatre exclues de l'assurance:</p>\n<p>a. les pr\u00e9tentions du conjoint ou du partenaire enregistr\u00e9 du cycliste, de ses ascendants ou descendants, ainsi que de ses fr\u00e8res et soeurs vivant en m\u00e9nage commun avec lui, pour les dommages mat\u00e9riels qu'ils ont subis;</p>\n<p>....</p>\n<p>[VS]</p>\n<p><i>Angenommen - Adopt\u00e9</i></p>\n<p>[VS]</p></pd_text>","MeetingCouncilAbbreviation":"N","MeetingDate":"20031203","MeetingVerbalixOid":1122,"IdSession":"4701","SpeakerFirstName":null,"SpeakerLastName":null,"SpeakerFullName":"","SpeakerFunction":null,"CouncilId":null,"CouncilName":null,"CantonId":null,"CantonName":null,"CantonAbbreviation":null,"ParlGroupName":null,"ParlGroupAbbreviation":null,"SortOrder":14,"Start":"\/Date(1070442469457)\/","End":"\/Date(1070442469457)\/","Function":null,"DisplaySpeaker":null,"LanguageOfText":"DE","Modified":"\/Date(1774878106502)\/","StartTimeWithTimezone":"\/Date(1070442469457+0060)\/","EndTimeWithTimezone":"\/Date(1070442469457+0060)\/","VoteBusinessNumber":null,"VoteBusinessShortNumber":null,"VoteBusinessTitle":null},{"__metadata":{"id":"https://ws.parlament.ch/OData.svc/Transcript(ID=38885L,Language='DE')","uri":"https://ws.parlament.ch/OData.svc/Transcript(ID=38885L,Language='DE')","type":"itsystems.Pd.DataServices.DataModel.Transcript"},"Subjects":{"__deferred":{"uri":"https://ws.parlament.ch/OData.svc/Transcript(ID=38885L,Language='DE')/Subjects"}},"MembersCouncil":{"__deferred":{"uri":"https://ws.parlament.ch/OData.svc/Transcript(ID=38885L,Language='DE')/MembersCouncil"}},"Businesses":{"__deferred":{"uri":"https://ws.parlament.ch/OData.svc/Transcript(ID=38885L,Language='DE')/Businesses"}},"ID":"38885","Language":"DE","IdSubject":"6597","VoteId":null,"PersonNumber":471,"Type":1,"Text":"<pd_text><p>Die Themen sind klar. Sie haben gesehen, dass Ihnen eine knappe Mehrheit der Kommission beantragt, hier einen Unterschied zu belassen. Er ist einmal dadurch begr\u00fcndet, dass im Bereich des Lohngef\u00fcges noch Unterschiede bestehen, vor allem aber einfach dadurch, dass es vielleicht, je nach Position, schwierig ist, sich vorzustellen, dass sich eine Witwe sozialrechtlich als Witwer verstehen sollte. Das mag man werten, wie man will. Ich darf, zugegebenermassen vielleicht etwas malizi\u00f6s, darauf hinweisen, dass die Mehrheit nat\u00fcrlich ein Interesse h\u00e4tte, der 11. AHV-Revision schnell zum Durchbruch zu verhelfen, weil dort ja die Gleichstellung der Geschlechter bez\u00fcglich Witwer- und Witwentum vorgesehen ist. Je schneller die 11. AHV-Revision kommt, desto schneller ist das Problem erledigt.</p>\n<p>In der Zwischenzeit k\u00f6nnen Sie der Kommissionsmehrheit zustimmen.</p></pd_text>","MeetingCouncilAbbreviation":"N","MeetingDate":"20031203","MeetingVerbalixOid":1122,"IdSession":"4701","SpeakerFirstName":"Felix","SpeakerLastName":"Gutzwiller","SpeakerFullName":"Gutzwiller Felix","SpeakerFunction":"Mit-M","CouncilId":1,"CouncilName":"Nationalrat","CantonId":1,"CantonName":"Z\u00fcrich","CantonAbbreviation":"ZH","ParlGroupName":"Freisinnig-demokratische Fraktion","ParlGroupAbbreviation":"RL","SortOrder":13,"Start":"\/Date(1070442403989)\/","End":"\/Date(1070442469457)\/","Function":"*","DisplaySpeaker":true,"LanguageOfText":"DE","Modified":"\/Date(1774878106501)\/","StartTimeWithTimezone":"\/Date(1070442403990+0060)\/","EndTimeWithTimezone":"\/Date(1070442469457+0060)\/","VoteBusinessNumber":null,"VoteBusinessShortNumber":null,"VoteBusinessTitle":null},{"__metadata":{"id":"https://ws.parlament.ch/OData.svc/Transcript(ID=38886L,Language='DE')","uri":"https://ws.parlament.ch/OData.svc/Transcript(ID=38886L,Language='DE')","type":"itsystems.Pd.DataServices.DataModel.Transcript"},"Subjects":{"__deferred":{"uri":"https://ws.parlament.ch/OData.svc/Transcript(ID=38886L,Language='DE')/Subjects"}},"MembersCouncil":{"__deferred":{"uri":"https://ws.parlament.ch/OData.svc/Transcript(ID=38886L,Language='DE')/MembersCouncil"}},"Businesses":{"__deferred":{"uri":"https://ws.parlament.ch/OData.svc/Transcript(ID=38886L,Language='DE')/Businesses"}},"ID":"38886","Language":"DE","IdSubject":"6597","VoteId":null,"PersonNumber":15,"Type":1,"Text":"<pd_text><p><b>\u00c4nderung bisherigen Rechts</b></p>\n<p><b>Modification du droit en vigueur</b></p>\n<p>[VS]</p>\n<p><b>Ziff. 1</b></p>\n<p><i>Antrag der Kommission</i></p>\n<p>Zustimmung zum Entwurf des Bundesrates</p>\n<p>[VS]</p>\n<p><b>Ch. 1</b></p>\n<p><i>Proposition de la commission</i></p>\n<p>Adh\u00e9rer au projet du Conseil f\u00e9d\u00e9ral</p></pd_text>","MeetingCouncilAbbreviation":"N","MeetingDate":"20031203","MeetingVerbalixOid":1122,"IdSession":"4701","SpeakerFirstName":"Max","SpeakerLastName":"Binder","SpeakerFullName":"Binder Max","SpeakerFunction":"Mit-M","CouncilId":1,"CouncilName":"Nationalrat","CantonId":1,"CantonName":"Z\u00fcrich","CantonAbbreviation":"ZH","ParlGroupName":"Fraktion der Schweizerischen Volkspartei","ParlGroupAbbreviation":"V","SortOrder":1,"Start":"\/Date(1070441099802)\/","End":"\/Date(1070441111552)\/","Function":"P-M","DisplaySpeaker":false,"LanguageOfText":null,"Modified":"\/Date(1774878106483)\/","StartTimeWithTimezone":"\/Date(1070441099803+0060)\/","EndTimeWithTimezone":"\/Date(1070441111553+0060)\/","VoteBusinessNumber":null,"VoteBusinessShortNumber":null,"VoteBusinessTitle":null},{"__metadata":{"id":"https://ws.parlament.ch/OData.svc/Transcript(ID=38887L,Language='DE')","uri":"https://ws.parlament.ch/OData.svc/Transcript(ID=38887L,Language='DE')","type":"itsystems.Pd.DataServices.DataModel.Transcript"},"Subjects":{"__deferred":{"uri":"https://ws.parlament.ch/OData.svc/Transcript(ID=38887L,Language='DE')/Subjects"}},"MembersCouncil":{"__deferred":{"uri":"https://ws.parlament.ch/OData.svc/Transcript(ID=38887L,Language='DE')/MembersCouncil"}},"Businesses":{"__deferred":{"uri":"https://ws.parlament.ch/OData.svc/Transcript(ID=38887L,Language='DE')/Businesses"}},"ID":"38887","Language":"DE","IdSubject":"6597","VoteId":null,"PersonNumber":495,"Type":1,"Text":"<pd_text><p>Tr\u00e8s rapidement, un mot d'explication. Bien que le projet qui nous est soumis pr\u00e9sente une am\u00e9lioration pour la naturalisation des partenaires homosexuels sous la forme d'une r\u00e9duction de la dur\u00e9e du s\u00e9jour \u00e0 cinq ans, les organisations homosexuelles auraient souhait\u00e9 que le projet aille plus loin. Elles auraient d\u00e9sir\u00e9 qu'on assimile les couples homosexuels aux couples mari\u00e9s dans tous les cas concernant le droit de la nationalit\u00e9, et notamment pour la naturalisation facilit\u00e9e du partenaire \u00e9tranger d'un ressortissant suisse vivant \u00e0 l'\u00e9tranger.</p>\n<p>Une proposition dans ce sens a \u00e9t\u00e9 pr\u00e9sent\u00e9e en commission. Or ces dispositions se fondent sur l'article 38 de la Constitution f\u00e9d\u00e9rale qui parle de naturalisation facilit\u00e9e en cas de mariage. Peut-on interpr\u00e9ter la Constitution de mani\u00e8re extensive et assimiler sans autre le partenariat \u00e0 un mariage? Non, affirment les experts de la Conf\u00e9d\u00e9ration. C'est pourquoi actuellement cette analogie n'est pas possible, \u00e0 moins de modifier la Constitution.</p>\n<p>La proposition qui avait \u00e9t\u00e9 faite en commission a donc \u00e9t\u00e9 retir\u00e9e.</p></pd_text>","MeetingCouncilAbbreviation":"N","MeetingDate":"20031203","MeetingVerbalixOid":1122,"IdSession":"4701","SpeakerFirstName":"Anne-Catherine","SpeakerLastName":"Men\u00e9trey-Savary","SpeakerFullName":"Men\u00e9trey-Savary Anne-Catherine","SpeakerFunction":"Mit-F","CouncilId":1,"CouncilName":"Nationalrat","CantonId":22,"CantonName":"Waadt","CantonAbbreviation":"VD","ParlGroupName":"Gr\u00fcne Fraktion","ParlGroupAbbreviation":"G","SortOrder":2,"Start":"\/Date(1070441111552)\/","End":"\/Date(1070441195692)\/","Function":"*","DisplaySpeaker":true,"LanguageOfText":"FR","Modified":"\/Date(1774878106484)\/","StartTimeWithTimezone":"\/Date(1070441111553+0060)\/","EndTimeWithTimezone":"\/Date(1070441195693+0060)\/","VoteBusinessNumber":null,"VoteBusinessShortNumber":null,"VoteBusinessTitle":null},{"__metadata":{"id":"https://ws.parlament.ch/OData.svc/Transcript(ID=38888L,Language='DE')","uri":"https://ws.parlament.ch/OData.svc/Transcript(ID=38888L,Language='DE')","type":"itsystems.Pd.DataServices.DataModel.Transcript"},"Subjects":{"__deferred":{"uri":"https://ws.parlament.ch/OData.svc/Transcript(ID=38888L,Language='DE')/Subjects"}},"MembersCouncil":{"__deferred":{"uri":"https://ws.parlament.ch/OData.svc/Transcript(ID=38888L,Language='DE')/MembersCouncil"}},"Businesses":{"__deferred":{"uri":"https://ws.parlament.ch/OData.svc/Transcript(ID=38888L,Language='DE')/Businesses"}},"ID":"38888","Language":"DE","IdSubject":"6597","VoteId":null,"PersonNumber":15,"Type":1,"Text":"<pd_text><p><i>Angenommen - Adopt\u00e9</i></p>\n<p>[VS]</p>\n<p><b>Ziff. 2</b></p>\n<p><i>Antrag der Kommission</i></p>\n<p>Streichen</p>\n<p>[VS]</p>\n<p><i>Antrag Janiak</i></p>\n<p>Zustimmung zum Entwurf des Bundesrates</p>\n<p>[VS]</p>\n<p><b>Ch. 2</b></p>\n<p><i>Proposition de la commission</i></p>\n<p>Biffer</p>\n<p>[VS]</p>\n<p><i>Proposition Janiak</i></p>\n<p>Adh\u00e9rer au projet du Conseil f\u00e9d\u00e9ral</p></pd_text>","MeetingCouncilAbbreviation":"N","MeetingDate":"20031203","MeetingVerbalixOid":1122,"IdSession":"4701","SpeakerFirstName":"Max","SpeakerLastName":"Binder","SpeakerFullName":"Binder Max","SpeakerFunction":"Mit-M","CouncilId":1,"CouncilName":"Nationalrat","CantonId":1,"CantonName":"Z\u00fcrich","CantonAbbreviation":"ZH","ParlGroupName":"Fraktion der Schweizerischen Volkspartei","ParlGroupAbbreviation":"V","SortOrder":3,"Start":"\/Date(1070441195692)\/","End":"\/Date(1070441208676)\/","Function":"P-M","DisplaySpeaker":false,"LanguageOfText":null,"Modified":"\/Date(1774878106486)\/","StartTimeWithTimezone":"\/Date(1070441195693+0060)\/","EndTimeWithTimezone":"\/Date(1070441208677+0060)\/","VoteBusinessNumber":null,"VoteBusinessShortNumber":null,"VoteBusinessTitle":null},{"__metadata":{"id":"https://ws.parlament.ch/OData.svc/Transcript(ID=38889L,Language='DE')","uri":"https://ws.parlament.ch/OData.svc/Transcript(ID=38889L,Language='DE')","type":"itsystems.Pd.DataServices.DataModel.Transcript"},"Subjects":{"__deferred":{"uri":"https://ws.parlament.ch/OData.svc/Transcript(ID=38889L,Language='DE')/Subjects"}},"MembersCouncil":{"__deferred":{"uri":"https://ws.parlament.ch/OData.svc/Transcript(ID=38889L,Language='DE')/MembersCouncil"}},"Businesses":{"__deferred":{"uri":"https://ws.parlament.ch/OData.svc/Transcript(ID=38889L,Language='DE')/Businesses"}},"ID":"38889","Language":"DE","IdSubject":"6597","VoteId":null,"PersonNumber":471,"Type":1,"Text":"<pd_text><p>Ich muss Sie hier auf einen Tatbestand aufmerksam machen, der uns dazu f\u00fchrt, den Antrag Janiak zu unterst\u00fctzen. Aus der Sicht der Kommission lautet der Antrag auf der Fahne f\u00e4lschlicherweise \"Streichen\". Wir wollen Ihnen kurz erkl\u00e4ren, warum diese Bestimmungen gem\u00e4ss Bundesrat im Text drinbleiben sollen; das ist ja der Zweck des Antrages Janiak.</p>\n<p>Die etwas komplexe Diskussion w\u00e4hrend der Kommissionssitzung zur Rechtsstellung von ausl\u00e4ndischen Partnerinnen und Partnern hat eben vorerst zur irrt\u00fcmlichen Annahme gef\u00fchrt, die Kommission habe die vom Bundesrat vorgelegten neuen Abs\u00e4tze des Anag gestrichen. Herr Janiak hat mit seinem Einzelantrag auf dieses Versehen aufmerksam gemacht. Ich bitte Sie deshalb im Namen der Kommission, dem Antrag Janiak zuzustimmen.</p>\n<p>Ich darf Ihnen das erl\u00e4utern: Es kann kein Zweifel dar\u00fcber bestehen, dass der ausl\u00e4ndische Partner und die ausl\u00e4ndische Partnerin bei eingetragenen Partnerschaften die gleiche ausl\u00e4nderrechtliche Stellung haben sollen wie ein ausl\u00e4ndischer Ehegatte. Artikel 7 Anag in seiner heute in Kraft stehenden Version gibt dem ausl\u00e4ndischen Ehegatten einer Schweizer B\u00fcrgerin beziehungsweise der ausl\u00e4ndischen Ehegattin eines Schweizer B\u00fcrgers einen Rechtsanspruch auf Erteilung einer Aufenthaltsbewilligung in der Schweiz sowie einen solchen auf Erteilung der Niederlassungsbewilligung nach einem ununterbrochenen Aufenthalt von f\u00fcnf Jahren. Kein Anspruch besteht, wenn die Ehe eingegangen worden ist, um ausl\u00e4nderrechtliche Vorschriften zu umgehen. Im \u00dcbrigen erlischt der Anspruch, wenn ein Ausweisungsgrund vorliegt. Artikel 17 Absatz 2 Anag regelt den Nachzug der ausl\u00e4ndischen Ehegatten und Ehegattinnen von Ausl\u00e4nderinnen und Ausl\u00e4ndern mit einer Niederlassungsbewilligung. Diese f\u00fcr die Ehegatten g\u00fcltigen Bestimmungen sollen nach dem Entwurf des Bundesrates sinngem\u00e4ss auch f\u00fcr die eingetragenen Partnerschaften gelten.</p>\n<p>W\u00fcrde man die vom Bundesrat vorgesehene Revision der Artikel 7 und 17 Anag streichen, w\u00e4re das Aufenthaltsrecht einer eingetragenen Partnerin einer Schweizerin oder einer in der Schweiz lebenden Ausl\u00e4nderin beziehungsweise eines eingetragenen Partners eines Schweizers oder eines in der Schweiz lebenden Ausl\u00e4nders in der Schweiz nicht mehr garantiert. Das war nicht im Sinne der Kommission. Die Kommission m\u00f6chte die entsprechend heute g\u00fcltigen Anag-Regelungen auch f\u00fcr die registrierte Partnerschaft festgehalten wissen.</p>\n<p>Wir bitten Sie deshalb, diesen Irrtum zu korrigieren und dem Antrag Janiak zuzustimmen.</p></pd_text>","MeetingCouncilAbbreviation":"N","MeetingDate":"20031203","MeetingVerbalixOid":1122,"IdSession":"4701","SpeakerFirstName":"Felix","SpeakerLastName":"Gutzwiller","SpeakerFullName":"Gutzwiller Felix","SpeakerFunction":"Mit-M","CouncilId":1,"CouncilName":"Nationalrat","CantonId":1,"CantonName":"Z\u00fcrich","CantonAbbreviation":"ZH","ParlGroupName":"Freisinnig-demokratische Fraktion","ParlGroupAbbreviation":"RL","SortOrder":4,"Start":"\/Date(1070441208676)\/","End":"\/Date(1070441381861)\/","Function":"*","DisplaySpeaker":true,"LanguageOfText":"DE","Modified":"\/Date(1774878106487)\/","StartTimeWithTimezone":"\/Date(1070441208677+0060)\/","EndTimeWithTimezone":"\/Date(1070441381860+0060)\/","VoteBusinessNumber":null,"VoteBusinessShortNumber":null,"VoteBusinessTitle":null},{"__metadata":{"id":"https://ws.parlament.ch/OData.svc/Transcript(ID=38890L,Language='DE')","uri":"https://ws.parlament.ch/OData.svc/Transcript(ID=38890L,Language='DE')","type":"itsystems.Pd.DataServices.DataModel.Transcript"},"Subjects":{"__deferred":{"uri":"https://ws.parlament.ch/OData.svc/Transcript(ID=38890L,Language='DE')/Subjects"}},"MembersCouncil":{"__deferred":{"uri":"https://ws.parlament.ch/OData.svc/Transcript(ID=38890L,Language='DE')/MembersCouncil"}},"Businesses":{"__deferred":{"uri":"https://ws.parlament.ch/OData.svc/Transcript(ID=38890L,Language='DE')/Businesses"}},"ID":"38890","Language":"DE","IdSubject":"6597","VoteId":null,"PersonNumber":15,"Type":1,"Text":"<pd_text><p>Herr Janiak schliesst sich den Erl\u00e4uterungen von Herrn Gutzwiller an. </p>\n<p>[VS]</p>\n<p><i>Angenommen gem\u00e4ss Antrag Janiak</i></p>\n<p><i>Adopt\u00e9 selon la proposition Janiak</i></p>\n<p>[VS]</p>\n<p><b>Ziff. 3-7</b></p>\n<p><i>Antrag der Kommission</i></p>\n<p>Zustimmung zum Entwurf des Bundesrates</p>\n<p>[VS]</p>\n<p><b>Ch. 3-7</b></p>\n<p><i>Proposition de la commission</i></p>\n<p>Adh\u00e9rer au projet du Conseil f\u00e9d\u00e9ral</p>\n<p>[VS]</p>\n<p><i>Angenommen - Adopt\u00e9</i></p>\n<p>[VS]</p>\n<p><b>Ziff. 8</b></p>\n<p><i>Antrag der Kommission</i></p>\n<p>Zustimmung zum Entwurf des Bundesrates</p>\n<p>[VS]</p>\n<p><i>Antrag Janiak</i></p>\n<p><i>Art. 96</i></p>\n<p>Wer eine neue Ehe .... fr\u00fchere Ehe oder eingetragene Partnerschaft f\u00fcr ung\u00fcltig erkl\u00e4rt ....</p>\n<p><i>Art. 380</i></p>\n<p>Sprechen keine wichtigen .... dem Ehegatten oder dem eingetragenen Partner des zu Bevormundenden ....</p>\n<p><i>Art. 382</i></p>\n<p>Zur \u00dcbernahme des Amtes .... der Ehegatte und der eingetragene Partner der zu bevormundenden ....</p>\n<p>[VS] [PAGE 1829] </p>\n<p><b>Ch. 8</b></p>\n<p><i>Proposition de la commission</i></p>\n<p>Adh\u00e9rer au projet du Conseil f\u00e9d\u00e9ral</p>\n<p>[VS]</p>\n<p><i>Proposition Janiak</i></p>\n<p><i>Art. 96</i></p>\n<p>Toute personne qui veut se remarier doit \u00e9tablir que son pr\u00e9c\u00e9dent mariage ou le partenariat enregistr\u00e9 a \u00e9t\u00e9 annul\u00e9 ou dissous ....</p>\n<p><i>Art. 380</i></p>\n<p>L'autorit\u00e9 nomme .... aptes \u00e0 remplir ces fonctions, soit son conjoint, soit le partenaire enregistr\u00e9 ....</p>\n<p><i>Art. 382</i></p>\n<p>Les parents du mineur ou de l'interdit, son conjoint, son partenaire enregistr\u00e9, ainsi que toute autre personne ....</p></pd_text>","MeetingCouncilAbbreviation":"N","MeetingDate":"20031203","MeetingVerbalixOid":1122,"IdSession":"4701","SpeakerFirstName":"Max","SpeakerLastName":"Binder","SpeakerFullName":"Binder Max","SpeakerFunction":"Mit-M","CouncilId":1,"CouncilName":"Nationalrat","CantonId":1,"CantonName":"Z\u00fcrich","CantonAbbreviation":"ZH","ParlGroupName":"Fraktion der Schweizerischen Volkspartei","ParlGroupAbbreviation":"V","SortOrder":5,"Start":"\/Date(1070441381861)\/","End":"\/Date(1070441476672)\/","Function":"P-M","DisplaySpeaker":true,"LanguageOfText":"DE","Modified":"\/Date(1774878106488)\/","StartTimeWithTimezone":"\/Date(1070441381860+0060)\/","EndTimeWithTimezone":"\/Date(1070441476673+0060)\/","VoteBusinessNumber":null,"VoteBusinessShortNumber":null,"VoteBusinessTitle":null},{"__metadata":{"id":"https://ws.parlament.ch/OData.svc/Transcript(ID=38891L,Language='DE')","uri":"https://ws.parlament.ch/OData.svc/Transcript(ID=38891L,Language='DE')","type":"itsystems.Pd.DataServices.DataModel.Transcript"},"Subjects":{"__deferred":{"uri":"https://ws.parlament.ch/OData.svc/Transcript(ID=38891L,Language='DE')/Subjects"}},"MembersCouncil":{"__deferred":{"uri":"https://ws.parlament.ch/OData.svc/Transcript(ID=38891L,Language='DE')/MembersCouncil"}},"Businesses":{"__deferred":{"uri":"https://ws.parlament.ch/OData.svc/Transcript(ID=38891L,Language='DE')/Businesses"}},"ID":"38891","Language":"DE","IdSubject":"6597","VoteId":null,"PersonNumber":477,"Type":1,"Text":"<pd_text><p>Bei Artikel 96 denke ich, dass das die logische Konsequenz der bisherigen Beschl\u00fcsse des Parlamentes ist. Es stellt ein Ehehindernis dar, wenn jemand in einer eingetragenen Partnerschaft lebt. Auch solche Varianten, dass jemand eine gleichgeschlechtliche Partnerschaft aufl\u00f6sen und sich verheiraten will, sind im Leben m\u00f6glich; das gibt es auch.</p>\n<p>Bei den vormundschaftsrechtlichen Bestimmungen, Artikel 380 und 382, m\u00f6chte ich mit meinem Antrag zum Ausdruck bringen, dass diese Gesetzgebung nicht nur Rechte, sondern auch Pflichten beinhaltet. Es ist auch die logische Folge, dass man diese Pflichten im Vormundschaftsrecht, insbesondere in Artikel 382, aufnimmt.</p>\n<p>Ich bitte Sie, meinem Antrag zuzustimmen.</p></pd_text>","MeetingCouncilAbbreviation":"N","MeetingDate":"20031203","MeetingVerbalixOid":1122,"IdSession":"4701","SpeakerFirstName":"Claude","SpeakerLastName":"Janiak","SpeakerFullName":"Janiak Claude","SpeakerFunction":"Mit-M","CouncilId":1,"CouncilName":"Nationalrat","CantonId":13,"CantonName":"Basel-Landschaft","CantonAbbreviation":"BL","ParlGroupName":"Sozialdemokratische Fraktion","ParlGroupAbbreviation":"S","SortOrder":6,"Start":"\/Date(1070441476672)\/","End":"\/Date(1070441539390)\/","Function":"","DisplaySpeaker":true,"LanguageOfText":"DE","Modified":"\/Date(1774878106490)\/","StartTimeWithTimezone":"\/Date(1070441476673+0060)\/","EndTimeWithTimezone":"\/Date(1070441539390+0060)\/","VoteBusinessNumber":null,"VoteBusinessShortNumber":null,"VoteBusinessTitle":null},{"__metadata":{"id":"https://ws.parlament.ch/OData.svc/Transcript(ID=38892L,Language='DE')","uri":"https://ws.parlament.ch/OData.svc/Transcript(ID=38892L,Language='DE')","type":"itsystems.Pd.DataServices.DataModel.Transcript"},"Subjects":{"__deferred":{"uri":"https://ws.parlament.ch/OData.svc/Transcript(ID=38892L,Language='DE')/Subjects"}},"MembersCouncil":{"__deferred":{"uri":"https://ws.parlament.ch/OData.svc/Transcript(ID=38892L,Language='DE')/MembersCouncil"}},"Businesses":{"__deferred":{"uri":"https://ws.parlament.ch/OData.svc/Transcript(ID=38892L,Language='DE')/Businesses"}},"ID":"38892","Language":"DE","IdSubject":"6597","VoteId":null,"PersonNumber":804,"Type":1,"Text":"<pd_text><p>Betreffend Artikel 96 ZGB: Der von Ihnen beschlossene Artikel 26 dieses Gesetzes h\u00e4lt fest, dass eine Person, die in eingetragener Partnerschaft lebt, keine Ehe eingehen kann. Damit ist die Rechtslage eigentlich klar. Zwei verschiedene Lebensgemeinschaften k\u00f6nnen nicht nebeneinander bestehen. Auch Artikel 4 Absatz 2 verdeutlicht die Exklusivit\u00e4t der so genannt \u00e4lteren Lebensgemeinschaft, indem ein Eintragungshindernis vorliegt, wenn eine oder beide eintragungswilligen Personen bereits in eingetragener Partnerschaft leben oder verheiratet sind. Deshalb ist es meines Erachtens nicht n\u00f6tig, den doch recht speziellen und seltenen Fall einer Person, die zuerst eine homosexuelle Lebensgemeinschaft begr\u00fcndet und dann eine heterosexuelle Ehe eingehen will, im Zivilgesetzbuch noch ausdr\u00fccklich zu regeln. Denn aus unserer Sicht ist die Rechtslage gest\u00fctzt auf die anderen beiden Artikel bereits klar.</p>\n<p>In diesem Sinne beantrage ich Ihnen, den Antrag Janiak abzulehnen.</p></pd_text>","MeetingCouncilAbbreviation":"N","MeetingDate":"20031203","MeetingVerbalixOid":1122,"IdSession":"4701","SpeakerFirstName":"Ruth","SpeakerLastName":"Metzler-Arnold","SpeakerFullName":"Metzler-Arnold Ruth","SpeakerFunction":"VPBR-F","CouncilId":99,"CouncilName":"Bundesrat","CantonId":16,"CantonName":"Appenzell I.-Rh.","CantonAbbreviation":"AI","ParlGroupName":null,"ParlGroupAbbreviation":null,"SortOrder":7,"Start":"\/Date(1070441539390)\/","End":"\/Date(1070441617436)\/","Function":"VPBR-F","DisplaySpeaker":true,"LanguageOfText":"DE","Modified":"\/Date(1774878106492)\/","StartTimeWithTimezone":"\/Date(1070441539390+0060)\/","EndTimeWithTimezone":"\/Date(1070441617437+0060)\/","VoteBusinessNumber":null,"VoteBusinessShortNumber":null,"VoteBusinessTitle":null},{"__metadata":{"id":"https://ws.parlament.ch/OData.svc/Transcript(ID=38893L,Language='DE')","uri":"https://ws.parlament.ch/OData.svc/Transcript(ID=38893L,Language='DE')","type":"itsystems.Pd.DataServices.DataModel.Transcript"},"Subjects":{"__deferred":{"uri":"https://ws.parlament.ch/OData.svc/Transcript(ID=38893L,Language='DE')/Subjects"}},"MembersCouncil":{"__deferred":{"uri":"https://ws.parlament.ch/OData.svc/Transcript(ID=38893L,Language='DE')/MembersCouncil"}},"Businesses":{"__deferred":{"uri":"https://ws.parlament.ch/OData.svc/Transcript(ID=38893L,Language='DE')/Businesses"}},"ID":"38893","Language":"DE","IdSubject":"6597","VoteId":null,"PersonNumber":15,"Type":1,"Text":"<pd_text><p><i>Art. 96</i></p>\n<p>[VS]</p>\n<p><i>Abstimmung - Vote</i></p>\n<p>F\u00fcr den Antrag Janiak .... 71 Stimmen</p>\n<p>Dagegen .... 101 Stimmen</p>\n<p>[VS]</p>\n<p><i>Art. 380</i></p>\n<p>[VS]</p>\n<p><i>Abstimmung - Vote</i></p>\n<p>F\u00fcr den Antrag Janiak .... 72 Stimmen</p>\n<p>Dagegen .... 99 Stimmen</p>\n<p>[VS]</p>\n<p><i>Art. 382</i></p>\n<p>[VS]</p>\n<p><i>Abstimmung - Vote</i></p>\n<p>F\u00fcr den Antrag Janiak .... 70 Stimmen</p>\n<p>Dagegen .... 102 Stimmen</p>\n<p>[VS]</p>\n<p><i>\u00dcbrige Bestimmungen angenommen</i></p>\n<p><i>Les autres dispositions sont adopt\u00e9es</i></p>\n<p>[VS]</p>\n<p><b>Ziff. 9-22</b></p>\n<p><i>Antrag der Kommission</i></p>\n<p>Zustimmung zum Entwurf des Bundesrates</p>\n<p>[VS]</p>\n<p><b>Ch. 9-22</b></p>\n<p><i>Proposition de la commission</i></p>\n<p>Adh\u00e9rer au projet du Conseil f\u00e9d\u00e9ral</p>\n<p>[VS]</p>\n<p><i>Angenommen - Adopt\u00e9</i></p>\n<p>[VS]</p>\n<p><b>Ziff. 23</b></p>\n<p><i>Antrag der Kommission</i></p>\n<p>Zustimmung zum Entwurf des Bundesrates, mit Ausnahme von:</p>\n<p><i>Art. 75 Bst. c</i></p>\n<p>c. Personen, die nach glaubw\u00fcrdiger Angabe sich selbst oder einen unter Buchstabe a oder abis genannten Angeh\u00f6rigen der Gefahr einer strafrechtlichen Verfolgung oder eines schweren Nachteils, insbesondere f\u00fcr Ehre und Verm\u00f6gen, aussetzen w\u00fcrden.</p>\n<p>[VS]</p>\n<p><b>Ch. 23</b></p>\n<p><i>Proposition de la commission</i></p>\n<p>Adh\u00e9rer au projet du Conseil f\u00e9d\u00e9ral, \u00e0 l'exception de:</p>\n<p><i>Art. 75 let. c</i></p>\n<p>c. les personnes qui all\u00e8guent d'une mani\u00e8re digne de foi que leurs r\u00e9ponses les exposeraient ou exposeraient l'un de leurs proches, au sens de la lettre a ou de la lettre abis, \u00e0 des poursuites p\u00e9nales ou \u00e0 un grave pr\u00e9judice, en particulier dans leur honneur et leur patrimoine.</p>\n<p>[VS]</p>\n<p><i>Angenommen - Adopt\u00e9</i></p>\n<p>[VS]</p>\n<p><b>Ziff. 24-26</b></p>\n<p><i>Antrag der Kommission</i></p>\n<p>Zustimmung zum Entwurf des Bundesrates</p>\n<p>[VS]</p>\n<p><b>Ch. 24-26</b></p>\n<p><i>Proposition de la commission</i></p>\n<p>Adh\u00e9rer au projet du Conseil f\u00e9d\u00e9ral</p>\n<p>[VS]</p>\n<p><i>Angenommen - Adopt\u00e9</i></p>\n<p>[VS]</p>\n<p><b>Ziff. 27</b></p>\n<p><i>Antrag der Mehrheit</i></p>\n<p>Zustimmung zum Entwurf des Bundesrates, mit Ausnahme von:</p>\n<p><i>Art. 13a Abs. 2</i></p>\n<p>.... \u00fcberlebende Partnerin einer Witwe und der \u00fcberlebende Partner einem Witwer gleichgestellt.</p>\n<p>[VS]</p>\n<p><i>Antrag der Minderheit</i></p>\n<p>(Cina, Aeschbacher, Baumann J. Alexander, Glasson, Mari\u00e9tan, Mathys, Randegger)</p>\n<p>Zustimmung zum Entwurf des Bundesrates</p>\n<p>[VS]</p>\n<p><b>Ch. 27 </b></p>\n<p><i>Proposition de la majorit\u00e9</i></p>\n<p>Adh\u00e9rer au projet du Conseil f\u00e9d\u00e9ral, \u00e0 l'exception de:</p>\n<p><i>Art. 13a al. 2</i></p>\n<p>.... \u00e0 un veuf ou \u00e0 une veuve.</p>\n<p>[VS]</p>\n<p><i>Proposition de la minorit\u00e9</i></p>\n<p>(Cina, Aeschbacher, Baumann J. Alexander, Glasson, Mari\u00e9tan, Mathys, Randegger)</p>\n<p>Adh\u00e9rer au projet du Conseil f\u00e9d\u00e9ral</p>\n<p>[VS]</p>\n<p><b>Ziff. 28 </b></p>\n<p><i>Antrag der Mehrheit</i></p>\n<p>Zustimmung zum Entwurf des Bundesrates, mit Ausnahme von:</p>\n<p><i>Art. 19a</i></p>\n<p>\u00dcberlebende eingetragene Partnerinnen haben die gleiche Rechtsstellung wie Witwen, \u00fcberlebende Partner sind einem Witwer gleichgestellt.</p>\n<p>[VS] [PAGE 1830] </p>\n<p><i>Antrag der Minderheit</i></p>\n<p>(Cina, Aeschbacher, Baumann J. Alexander, Glasson, Mari\u00e9tan, Mathys, Randegger)</p>\n<p>Zustimmung zum Entwurf des Bundesrates</p>\n<p>[VS]</p>\n<p><b>Ch. 28 </b></p>\n<p><i>Proposition de la majorit\u00e9</i></p>\n<p>Adh\u00e9rer au projet du Conseil f\u00e9d\u00e9ral, \u00e0 l'exception de:</p>\n<p><i>Art. 19a</i></p>\n<p>En cas de partenariat enregistr\u00e9, la partenaire survivante a les m\u00eames droits qu'une veuve; le partenaire ....</p>\n<p>[VS]</p>\n<p><i>Proposition de la minorit\u00e9</i></p>\n<p>(Cina, Aeschbacher, Baumann J. Alexander, Glasson, Mari\u00e9tan, Mathys, Randegger)</p>\n<p>Adh\u00e9rer au projet du Conseil f\u00e9d\u00e9ral</p></pd_text>","MeetingCouncilAbbreviation":"N","MeetingDate":"20031203","MeetingVerbalixOid":1122,"IdSession":"4701","SpeakerFirstName":"Max","SpeakerLastName":"Binder","SpeakerFullName":"Binder Max","SpeakerFunction":"Mit-M","CouncilId":1,"CouncilName":"Nationalrat","CantonId":1,"CantonName":"Z\u00fcrich","CantonAbbreviation":"ZH","ParlGroupName":"Fraktion der Schweizerischen Volkspartei","ParlGroupAbbreviation":"V","SortOrder":8,"Start":"\/Date(1070441617436)\/","End":"\/Date(1070442004838)\/","Function":"P-M","DisplaySpeaker":false,"LanguageOfText":null,"Modified":"\/Date(1774878106493)\/","StartTimeWithTimezone":"\/Date(1070441617437+0060)\/","EndTimeWithTimezone":"\/Date(1070442004837+0060)\/","VoteBusinessNumber":null,"VoteBusinessShortNumber":null,"VoteBusinessTitle":null},{"__metadata":{"id":"https://ws.parlament.ch/OData.svc/Transcript(ID=38894L,Language='DE')","uri":"https://ws.parlament.ch/OData.svc/Transcript(ID=38894L,Language='DE')","type":"itsystems.Pd.DataServices.DataModel.Transcript"},"Subjects":{"__deferred":{"uri":"https://ws.parlament.ch/OData.svc/Transcript(ID=38894L,Language='DE')/Subjects"}},"MembersCouncil":{"__deferred":{"uri":"https://ws.parlament.ch/OData.svc/Transcript(ID=38894L,Language='DE')/MembersCouncil"}},"Businesses":{"__deferred":{"uri":"https://ws.parlament.ch/OData.svc/Transcript(ID=38894L,Language='DE')/Businesses"}},"ID":"38894","Language":"DE","IdSubject":"6597","VoteId":null,"PersonNumber":456,"Type":1,"Text":"<pd_text><p>Ich begr\u00fcnde beide Minderheitsantr\u00e4ge gleichzeitig; sie betreffen inhaltlich dieselbe Fragestellung. Es gen\u00fcgt deshalb meines Erachtens auch eine einzige Abstimmung, aber der Pr\u00e4sident ist frei, das anders zu verf\u00fcgen.</p>\n<p>Ich mache mir eigentlich die bundesr\u00e4tliche Begr\u00fcndung zu Eigen und ben\u00fctze diese auch, um meinen Minderheitsantrag zu unterst\u00fctzen. Die bundesr\u00e4tliche Fassung sah im sozialversicherungsrechtlichen Bereich vor, f\u00fcr gleichgeschlechtliche Partnerinnen bzw. Partner die Regelung f\u00fcr die Witwer als massgebend zu betrachten. Diese L\u00f6sung steht unter dem Aspekt der Gleichbehandlung von gleichgeschlechtlichen Partnerinnen bzw. Partnern und Ehegatten; sie ist sachlich begr\u00fcndet und l\u00e4sst sich wie folgt rechtfertigen:</p>\n<p>1. Das heute geltende Sozialversicherungsrecht hat die Gleichstellung von Frau und Mann in der Ehe noch nicht vollst\u00e4ndig verwirklicht.</p>\n<p>2. Hinterlassenenleistungen unterliegen noch immer unterschiedlichen Voraussetzungen, je nachdem, ob es sich um eine Witwe oder einen Witwer handelt.</p>\n<p>3. W\u00fcrden eingetragene Partnerinnen als Witwen behandelt, erg\u00e4be sich im Gesamtkontext betrachtet daraus eine Ungleichbehandlung, und zwar gegen\u00fcber Ehen und auch gegen\u00fcber eingetragenen Partnerschaften unter M\u00e4nnern.</p>\n<p>4. Die gleichgeschlechtlichen Paare k\u00f6nnen keine gemeinsamen Kinder haben. Damit ist die herk\u00f6mmliche Privilegierung der Witwen, welche auf dem traditionellen Rollenbild der Frau fusst, bei eingetragenen Partnerschaften nicht angebracht.</p>\n<p>Aus all diesen Gr\u00fcnden beantrage ich Ihnen, meinen Minderheitsantrag zu unterst\u00fctzen und damit dem Bundesrat zu folgen.</p></pd_text>","MeetingCouncilAbbreviation":"N","MeetingDate":"20031203","MeetingVerbalixOid":1122,"IdSession":"4701","SpeakerFirstName":"Jean-Michel","SpeakerLastName":"Cina","SpeakerFullName":"Cina Jean-Michel","SpeakerFunction":"Mit-M","CouncilId":1,"CouncilName":"Nationalrat","CantonId":23,"CantonName":"Wallis","CantonAbbreviation":"VS","ParlGroupName":"Christlichdemokratische Fraktion","ParlGroupAbbreviation":"M-E","SortOrder":9,"Start":"\/Date(1070442004838)\/","End":"\/Date(1070442132133)\/","Function":"Mit-M","DisplaySpeaker":true,"LanguageOfText":"DE","Modified":"\/Date(1774878106495)\/","StartTimeWithTimezone":"\/Date(1070442004837+0060)\/","EndTimeWithTimezone":"\/Date(1070442132133+0060)\/","VoteBusinessNumber":null,"VoteBusinessShortNumber":null,"VoteBusinessTitle":null},{"__metadata":{"id":"https://ws.parlament.ch/OData.svc/Transcript(ID=38895L,Language='DE')","uri":"https://ws.parlament.ch/OData.svc/Transcript(ID=38895L,Language='DE')","type":"itsystems.Pd.DataServices.DataModel.Transcript"},"Subjects":{"__deferred":{"uri":"https://ws.parlament.ch/OData.svc/Transcript(ID=38895L,Language='DE')/Subjects"}},"MembersCouncil":{"__deferred":{"uri":"https://ws.parlament.ch/OData.svc/Transcript(ID=38895L,Language='DE')/MembersCouncil"}},"Businesses":{"__deferred":{"uri":"https://ws.parlament.ch/OData.svc/Transcript(ID=38895L,Language='DE')/Businesses"}},"ID":"38895","Language":"DE","IdSubject":"6597","VoteId":null,"PersonNumber":487,"Type":1,"Text":"<pd_text><p>Im Namen der SP-Fraktion ersuche ich Sie, der Mehrheit der Kommission f\u00fcr Rechtsfragen zu folgen und festzuhalten, dass die \u00fcberlebenden Partnerinnen den Witwen gleichgestellt werden. Dementsprechend ersuche ich Sie, mit dem Partnerschaftsgesetz sowohl den Allgemeinen Teil des Sozialversicherungsrechtes wie auch das BVG entsprechend zu \u00e4ndern.</p>\n<p>Es besteht kein Grund, die Frauen je nach sexueller Orientierung unterschiedlich zu behandeln. Die Diskriminierung auf dem Arbeitsmarkt trifft alle Frauen, seien sie nun homosexuell oder seien sie heterosexuell. Zudem haben auch homosexuelle Frauen sehr h\u00e4ufig Betreuungspflichten, die zu Unterbr\u00fcchen in der Erwerbsbiografie f\u00fchren. W\u00fcrde nun eine Angleichung an die schlechteren Leistungen f\u00fcr die Witwer vorgenommen, so w\u00e4ren diese Frauen gegen\u00fcber den Ehefrauen wiederum benachteiligt. Wir stellen zwei Gleichstellungsproblematiken vor: Wollen wir alle Frauen gleich behandeln, oder wollen wir die homosexuellen Frauen und die homosexuellen M\u00e4nner gleich behandeln? Hier m\u00fcssen wir eine Wahl treffen.</p>\n<p>F\u00fcr die SP-Fraktion ist es klar: Da die Benachteiligung auf dem Arbeitsmarkt sehr gravierend und noch immer nicht ausger\u00e4umt ist und da dies auch in Bezug auf die berufliche Vorsorge nachteilige Konsequenzen hat, ersuchen wir Sie, in der Sozialversicherung die Gleichstellung der hinterbliebenen Partnerinnen mit den Witwen gutzuheissen. Sobald die Benachteiligungen der Frauen ausger\u00e4umt sind, werden wir auch in der Sozialversicherung zu einer Gleichbehandlung von M\u00e4nnern und Frauen kommen. Dann ist der Zeitpunkt gekommen, in dem wir auch bei gleichgeschlechtlichen Partnerschaften die Gleichstellung verwirklichen k\u00f6nnen.</p></pd_text>","MeetingCouncilAbbreviation":"N","MeetingDate":"20031203","MeetingVerbalixOid":1122,"IdSession":"4701","SpeakerFirstName":"Susanne","SpeakerLastName":"Leutenegger Oberholzer","SpeakerFullName":"Leutenegger Oberholzer Susanne","SpeakerFunction":"Mit-F","CouncilId":1,"CouncilName":"Nationalrat","CantonId":13,"CantonName":"Basel-Landschaft","CantonAbbreviation":"BL","ParlGroupName":"Sozialdemokratische Fraktion","ParlGroupAbbreviation":"S","SortOrder":10,"Start":"\/Date(1070442132133)\/","End":"\/Date(1070442265975)\/","Function":"Mit-F","DisplaySpeaker":true,"LanguageOfText":"DE","Modified":"\/Date(1774878106496)\/","StartTimeWithTimezone":"\/Date(1070442132133+0060)\/","EndTimeWithTimezone":"\/Date(1070442265977+0060)\/","VoteBusinessNumber":null,"VoteBusinessShortNumber":null,"VoteBusinessTitle":null},{"__metadata":{"id":"https://ws.parlament.ch/OData.svc/Transcript(ID=38896L,Language='DE')","uri":"https://ws.parlament.ch/OData.svc/Transcript(ID=38896L,Language='DE')","type":"itsystems.Pd.DataServices.DataModel.Transcript"},"Subjects":{"__deferred":{"uri":"https://ws.parlament.ch/OData.svc/Transcript(ID=38896L,Language='DE')/Subjects"}},"MembersCouncil":{"__deferred":{"uri":"https://ws.parlament.ch/OData.svc/Transcript(ID=38896L,Language='DE')/MembersCouncil"}},"Businesses":{"__deferred":{"uri":"https://ws.parlament.ch/OData.svc/Transcript(ID=38896L,Language='DE')/Businesses"}},"ID":"38896","Language":"DE","IdSubject":"6597","VoteId":null,"PersonNumber":804,"Type":1,"Text":"<pd_text><p>Ich bitte Sie, die Minderheit zu unterst\u00fctzen.</p>\n<p>Ich brauche den Ausf\u00fchrungen von Herrn Cina, der ja die bundesr\u00e4tliche Begr\u00fcndung bereits vorgetragen hat, nichts anzuf\u00fcgen.</p></pd_text>","MeetingCouncilAbbreviation":"N","MeetingDate":"20031203","MeetingVerbalixOid":1122,"IdSession":"4701","SpeakerFirstName":"Ruth","SpeakerLastName":"Metzler-Arnold","SpeakerFullName":"Metzler-Arnold Ruth","SpeakerFunction":"VPBR-F","CouncilId":99,"CouncilName":"Bundesrat","CantonId":16,"CantonName":"Appenzell I.-Rh.","CantonAbbreviation":"AI","ParlGroupName":null,"ParlGroupAbbreviation":null,"SortOrder":11,"Start":"\/Date(1070442265975)\/","End":"\/Date(1070442282709)\/","Function":"VPBR-F","DisplaySpeaker":true,"LanguageOfText":"DE","Modified":"\/Date(1774878106497)\/","StartTimeWithTimezone":"\/Date(1070442265977+0060)\/","EndTimeWithTimezone":"\/Date(1070442282710+0060)\/","VoteBusinessNumber":null,"VoteBusinessShortNumber":null,"VoteBusinessTitle":null},{"__metadata":{"id":"https://ws.parlament.ch/OData.svc/Transcript(ID=38897L,Language='DE')","uri":"https://ws.parlament.ch/OData.svc/Transcript(ID=38897L,Language='DE')","type":"itsystems.Pd.DataServices.DataModel.Transcript"},"Subjects":{"__deferred":{"uri":"https://ws.parlament.ch/OData.svc/Transcript(ID=38897L,Language='DE')/Subjects"}},"MembersCouncil":{"__deferred":{"uri":"https://ws.parlament.ch/OData.svc/Transcript(ID=38897L,Language='DE')/MembersCouncil"}},"Businesses":{"__deferred":{"uri":"https://ws.parlament.ch/OData.svc/Transcript(ID=38897L,Language='DE')/Businesses"}},"ID":"38897","Language":"DE","IdSubject":"6597","VoteId":null,"PersonNumber":495,"Type":1,"Text":"<pd_text><p>M\u00eame s'il s'agit de femmes homosexuelles, leur situation sur le march\u00e9 du travail n'est pas diff\u00e9rente de celle des femmes h\u00e9t\u00e9rosexuelles. Elles ont souvent eu des enfants avant d'\u00eatre en couple homosexuel, elles ont d\u00fb interrompre leur travail et renoncer \u00e0 des formations. R\u00e9cemment, les organisations homosexuelles nous envoyaient une lettre dans laquelle on peut lire ceci: \"L'argumentation du message selon laquelle les couples du m\u00eame sexe ne peuvent pas avoir d'enfants en commun et que leur activit\u00e9 lucrative n'est donc pas limit\u00e9e par des charges \u00e9ducatives quelconques, repose une fois de plus sur des consid\u00e9rations erron\u00e9es et partiales.\"</p>\n<p>On peut noter aussi que la r\u00e9partition des r\u00f4les au sein des couples homosexuels n'est pas non plus, forc\u00e9ment, davantage \u00e9galitaire que dans les autres couples. Dans les couples de lesbiennes, s'il y a des enfants, l'une des deux femmes peut tr\u00e8s bien diminuer son temps de travail, voire y renoncer tout \u00e0 fait pour s'occuper des enfants. Sa position est d\u00e8s lors tout \u00e0 fait analogue \u00e0 celle d'une femme mari\u00e9e.</p>\n<p>En commission, il a \u00e9t\u00e9 oppos\u00e9 \u00e0 ces arguments le fait que c'\u00e9tait injuste qu'il y ait deux veuves dans un couple et que ce serait aussi injuste de garantir des rentes de veuve, \u00e9tant donn\u00e9 que dans ces couples-l\u00e0, il n'y a pas d'enfants. Cet argument ne para\u00eet pas pertinent \u00e0 la majorit\u00e9, \u00e9tant donn\u00e9 que s'il n'y a pas d'enfants, il n'y a pas non plus de rente de veuve dans tous les cas.</p>\n<p>C'est pourquoi la majorit\u00e9 de la commission vous demande d'adopter sa proposition d'\"aligner\" les femmes sur les rentes de veuve.</p></pd_text>","MeetingCouncilAbbreviation":"N","MeetingDate":"20031203","MeetingVerbalixOid":1122,"IdSession":"4701","SpeakerFirstName":"Anne-Catherine","SpeakerLastName":"Men\u00e9trey-Savary","SpeakerFullName":"Men\u00e9trey-Savary Anne-Catherine","SpeakerFunction":"Mit-F","CouncilId":1,"CouncilName":"Nationalrat","CantonId":22,"CantonName":"Waadt","CantonAbbreviation":"VD","ParlGroupName":"Gr\u00fcne Fraktion","ParlGroupAbbreviation":"G","SortOrder":12,"Start":"\/Date(1070442282709)\/","End":"\/Date(1070442403989)\/","Function":"*","DisplaySpeaker":true,"LanguageOfText":"FR","Modified":"\/Date(1774878106499)\/","StartTimeWithTimezone":"\/Date(1070442282710+0060)\/","EndTimeWithTimezone":"\/Date(1070442403990+0060)\/","VoteBusinessNumber":null,"VoteBusinessShortNumber":null,"VoteBusinessTitle":null}]},"ID":"6597","Language":"DE","IdMeeting":"474","VerbalixOid":93812,"SortOrder":3,"Modified":"\/Date(1774878106481)\/"}}