{"d":{"__metadata":{"id":"https://ws.parlament.ch/OData.svc/Subject(ID=65982L,Language='DE')","uri":"https://ws.parlament.ch/OData.svc/Subject(ID=65982L,Language='DE')","type":"itsystems.Pd.DataServices.DataModel.Subject"},"Meetings":{"__metadata":{"id":"https://ws.parlament.ch/OData.svc/Meeting(ID=4987L,Language='DE')","uri":"https://ws.parlament.ch/OData.svc/Meeting(ID=4987L,Language='DE')","type":"itsystems.Pd.DataServices.DataModel.Meeting"},"Sessions":{"__deferred":{"uri":"https://ws.parlament.ch/OData.svc/Meeting(ID=4987L,Language='DE')/Sessions"}},"Subjects":{"__deferred":{"uri":"https://ws.parlament.ch/OData.svc/Meeting(ID=4987L,Language='DE')/Subjects"}},"ID":"4987","Language":"DE","MeetingNumber":17,"IdSession":5205,"SessionNumber":5,"SessionName":"Herbstsession 2024","Council":1,"CouncilName":"Nationalrat","CouncilAbbreviation":"NR","Date":"\/Date(1727395200000)\/","Begin":"0800","Modified":"\/Date(1730398460417)\/","LegislativePeriodNumber":52,"PublicationStatus":"final","MeetingOrderText":"Siebzehnte Sitzung","SortOrder":17,"Location":"N"},"SubjectsBusiness":{"results":[{"__metadata":{"id":"https://ws.parlament.ch/OData.svc/SubjectBusiness(BusinessNumber=20160442,IdSubject=65982L,Language='DE')","uri":"https://ws.parlament.ch/OData.svc/SubjectBusiness(BusinessNumber=20160442,IdSubject=65982L,Language='DE')","type":"itsystems.Pd.DataServices.DataModel.SubjectBusiness"},"Subjects":{"__deferred":{"uri":"https://ws.parlament.ch/OData.svc/SubjectBusiness(BusinessNumber=20160442,IdSubject=65982L,Language='DE')/Subjects"}},"Businesses":{"__deferred":{"uri":"https://ws.parlament.ch/OData.svc/SubjectBusiness(BusinessNumber=20160442,IdSubject=65982L,Language='DE')/Businesses"}},"IdSubject":"65982","BusinessNumber":20160442,"Language":"DE","BusinessShortNumber":"16.442","Title":"Arbeitnehmende in Start-ups mit Firmenbeteiligungen sollen von der Arbeitszeiterfassung befreit sein","SortOrder":1,"PublishedNotes":"Frist - D\u00e9lai\n","Modified":"\/Date(1467120666263)\/","TitleDE":"Parlamentarische Initiative\nDobler Marcel.\nArbeitnehmende in Start-ups\nmit Firmenbeteiligungen sollen von\nder Arbeitszeiterfassung befreit sein","TitleFR":"Initiative parlementaire\nDobler Marcel.\nLes employ\u00e9s de start-up d\u00e9tenant\ndes participations dans l'entreprise\ndoivent \u00eatre lib\u00e9r\u00e9s de l'obligation\nde saisir leur temps de travail","TitleIT":null}]},"Transcripts":{"results":[{"__metadata":{"id":"https://ws.parlament.ch/OData.svc/Transcript(ID=346964L,Language='DE')","uri":"https://ws.parlament.ch/OData.svc/Transcript(ID=346964L,Language='DE')","type":"itsystems.Pd.DataServices.DataModel.Transcript"},"Subjects":{"__deferred":{"uri":"https://ws.parlament.ch/OData.svc/Transcript(ID=346964L,Language='DE')/Subjects"}},"MembersCouncil":{"__deferred":{"uri":"https://ws.parlament.ch/OData.svc/Transcript(ID=346964L,Language='DE')/MembersCouncil"}},"Businesses":{"__deferred":{"uri":"https://ws.parlament.ch/OData.svc/Transcript(ID=346964L,Language='DE')/Businesses"}},"ID":"346964","Language":"DE","IdSubject":"65982","VoteId":null,"PersonNumber":3899,"Type":1,"Text":"<pd_text><p><b>Pr\u00e4sident</b> (Nussbaumer Eric, Pr\u00e4sident): Sie haben einen schriftlichen Bericht der Kommission erhalten. Die Kommission beantragt einstimmig, die Frist um zwei Jahre, d.[NB]h. bis zur Herbstsession 2026, zu verl\u00e4ngern.[GZ]</p>\n<p>[VS][GZ]</p>\n<p><i>Die Behandlungsfrist des Gesch\u00e4ftes wird verl\u00e4ngert</i>[GZ]</p>\n<p><i>Le d\u00e9lai de traitement de l'objet est prorog\u00e9 </i></p>\n</pd_text>","MeetingCouncilAbbreviation":"N","MeetingDate":"20240927","MeetingVerbalixOid":3930,"IdSession":"5205","SpeakerFirstName":"Eric","SpeakerLastName":"Nussbaumer","SpeakerFullName":"Nussbaumer Eric","SpeakerFunction":"P-M","CouncilId":1,"CouncilName":"Nationalrat","CantonId":13,"CantonName":"Basel-Landschaft","CantonAbbreviation":"BL","ParlGroupName":"Sozialdemokratische Fraktion","ParlGroupAbbreviation":"S","SortOrder":1,"Start":"\/Date(1727424846946)\/","End":"\/Date(1727424878687)\/","Function":"P-M","DisplaySpeaker":false,"LanguageOfText":null,"Modified":"\/Date(1780334028415)\/","StartTimeWithTimezone":"\/Date(1727424846947+0120)\/","EndTimeWithTimezone":"\/Date(1727424878687+0120)\/","VoteBusinessNumber":null,"VoteBusinessShortNumber":null,"VoteBusinessTitle":null}]},"ID":"65982","Language":"DE","IdMeeting":"4987","VerbalixOid":758004,"SortOrder":4,"Modified":"\/Date(1780334028408)\/"}}