{"d":{"__metadata":{"id":"https://ws.parlament.ch/OData.svc/Subject(ID=66684L,Language='DE')","uri":"https://ws.parlament.ch/OData.svc/Subject(ID=66684L,Language='DE')","type":"itsystems.Pd.DataServices.DataModel.Subject"},"Meetings":{"__metadata":{"id":"https://ws.parlament.ch/OData.svc/Meeting(ID=5018L,Language='DE')","uri":"https://ws.parlament.ch/OData.svc/Meeting(ID=5018L,Language='DE')","type":"itsystems.Pd.DataServices.DataModel.Meeting"},"Sessions":{"__deferred":{"uri":"https://ws.parlament.ch/OData.svc/Meeting(ID=5018L,Language='DE')/Sessions"}},"Subjects":{"__deferred":{"uri":"https://ws.parlament.ch/OData.svc/Meeting(ID=5018L,Language='DE')/Subjects"}},"ID":"5018","Language":"DE","MeetingNumber":11,"IdSession":5206,"SessionNumber":6,"SessionName":"Wintersession 2024","Council":2,"CouncilName":"St\u00e4nderat","CouncilAbbreviation":"SR","Date":"\/Date(1734480000000)\/","Begin":"0830","Modified":"\/Date(1738590278927)\/","LegislativePeriodNumber":52,"PublicationStatus":"final","MeetingOrderText":"Elfte Sitzung","SortOrder":11,"Location":"S"},"SubjectsBusiness":{"results":[{"__metadata":{"id":"https://ws.parlament.ch/OData.svc/SubjectBusiness(BusinessNumber=20224000,IdSubject=66684L,Language='DE')","uri":"https://ws.parlament.ch/OData.svc/SubjectBusiness(BusinessNumber=20224000,IdSubject=66684L,Language='DE')","type":"itsystems.Pd.DataServices.DataModel.SubjectBusiness"},"Subjects":{"__deferred":{"uri":"https://ws.parlament.ch/OData.svc/SubjectBusiness(BusinessNumber=20224000,IdSubject=66684L,Language='DE')/Subjects"}},"Businesses":{"__deferred":{"uri":"https://ws.parlament.ch/OData.svc/SubjectBusiness(BusinessNumber=20224000,IdSubject=66684L,Language='DE')/Businesses"}},"IdSubject":"66684","BusinessNumber":20224000,"Language":"DE","BusinessShortNumber":"22.4000","Title":"Grunds\u00e4tzliches Recht der Kinder auf alternierende Obhut nach der Trennung oder Scheidung ihrer Eltern","SortOrder":1,"PublishedNotes":null,"Modified":"\/Date(1667826244793)\/","TitleDE":"Motion Romano Marco.\nGrunds\u00e4tzliches Recht der Kinder\nauf alternierende Obhut\nnach der Trennung oder Scheidung\nihrer Eltern","TitleFR":"Motion Romano Marco.\nParents s\u00e9par\u00e9s ou divorc\u00e9s.\nLa garde altern\u00e9e doit devenir\nla r\u00e8gle, dans l'int\u00e9r\u00eat de l'enfant","TitleIT":"Mozione Romano Marco.\nDiritto della prole di beneficiare,\ndi regola, della custodia alternata\nda parte dei propri genitori separati\no divorziati"}]},"Transcripts":{"results":[{"__metadata":{"id":"https://ws.parlament.ch/OData.svc/Transcript(ID=350760L,Language='DE')","uri":"https://ws.parlament.ch/OData.svc/Transcript(ID=350760L,Language='DE')","type":"itsystems.Pd.DataServices.DataModel.Transcript"},"Subjects":{"__deferred":{"uri":"https://ws.parlament.ch/OData.svc/Transcript(ID=350760L,Language='DE')/Subjects"}},"MembersCouncil":{"__deferred":{"uri":"https://ws.parlament.ch/OData.svc/Transcript(ID=350760L,Language='DE')/MembersCouncil"}},"Businesses":{"__deferred":{"uri":"https://ws.parlament.ch/OData.svc/Transcript(ID=350760L,Language='DE')/Businesses"}},"ID":"350760","Language":"DE","IdSubject":"66684","VoteId":null,"PersonNumber":4075,"Type":1,"Text":"<pd_text><p><b>Pr\u00e4sident</b> (Caroni Andrea, Pr\u00e4sident): Es liegt Ihnen ein schriftlicher Bericht der Kommission vor. Die Kommission und der Bundesrat beantragen die Ablehnung der Motion. [PAGE 1348] </p>\n</pd_text>","MeetingCouncilAbbreviation":"S","MeetingDate":"20241218","MeetingVerbalixOid":3961,"IdSession":"5206","SpeakerFirstName":"Andrea","SpeakerLastName":"Caroni","SpeakerFullName":"Caroni Andrea","SpeakerFunction":"P-M","CouncilId":2,"CouncilName":"St\u00e4nderat","CantonId":15,"CantonName":"Appenzell A.-Rh.","CantonAbbreviation":"AR","ParlGroupName":"FDP-Liberale Fraktion","ParlGroupAbbreviation":"RL","SortOrder":1,"Start":"\/Date(1734520308757)\/","End":"\/Date(1734520328417)\/","Function":"P-M","DisplaySpeaker":false,"LanguageOfText":null,"Modified":"\/Date(1757508184500)\/","StartTimeWithTimezone":"\/Date(1734520308757+0060)\/","EndTimeWithTimezone":"\/Date(1734520328417+0060)\/","VoteBusinessNumber":null,"VoteBusinessShortNumber":null,"VoteBusinessTitle":null},{"__metadata":{"id":"https://ws.parlament.ch/OData.svc/Transcript(ID=350763L,Language='DE')","uri":"https://ws.parlament.ch/OData.svc/Transcript(ID=350763L,Language='DE')","type":"itsystems.Pd.DataServices.DataModel.Transcript"},"Subjects":{"__deferred":{"uri":"https://ws.parlament.ch/OData.svc/Transcript(ID=350763L,Language='DE')/Subjects"}},"MembersCouncil":{"__deferred":{"uri":"https://ws.parlament.ch/OData.svc/Transcript(ID=350763L,Language='DE')/MembersCouncil"}},"Businesses":{"__deferred":{"uri":"https://ws.parlament.ch/OData.svc/Transcript(ID=350763L,Language='DE')/Businesses"}},"ID":"350763","Language":"DE","IdSubject":"66684","VoteId":null,"PersonNumber":4075,"Type":1,"Text":"<pd_text><p><b>Pr\u00e4sident</b> (Caroni Andrea, Pr\u00e4sident): Herr Bundesrat Jans verzichtet auf ein Votum.[GZ]</p>\n<p>[VS][GZ]</p>\n<p><i>Abgelehnt - Rejet\u00e9</i></p>\n</pd_text>","MeetingCouncilAbbreviation":"S","MeetingDate":"20241218","MeetingVerbalixOid":3961,"IdSession":"5206","SpeakerFirstName":"Andrea","SpeakerLastName":"Caroni","SpeakerFullName":"Caroni Andrea","SpeakerFunction":"P-M","CouncilId":2,"CouncilName":"St\u00e4nderat","CantonId":15,"CantonName":"Appenzell A.-Rh.","CantonAbbreviation":"AR","ParlGroupName":"FDP-Liberale Fraktion","ParlGroupAbbreviation":"RL","SortOrder":3,"Start":"\/Date(1734520468660)\/","End":"\/Date(1734520483770)\/","Function":"P-M","DisplaySpeaker":false,"LanguageOfText":null,"Modified":"\/Date(1757508184500)\/","StartTimeWithTimezone":"\/Date(1734520468660+0060)\/","EndTimeWithTimezone":"\/Date(1734520483770+0060)\/","VoteBusinessNumber":null,"VoteBusinessShortNumber":null,"VoteBusinessTitle":null},{"__metadata":{"id":"https://ws.parlament.ch/OData.svc/Transcript(ID=350772L,Language='DE')","uri":"https://ws.parlament.ch/OData.svc/Transcript(ID=350772L,Language='DE')","type":"itsystems.Pd.DataServices.DataModel.Transcript"},"Subjects":{"__deferred":{"uri":"https://ws.parlament.ch/OData.svc/Transcript(ID=350772L,Language='DE')/Subjects"}},"MembersCouncil":{"__deferred":{"uri":"https://ws.parlament.ch/OData.svc/Transcript(ID=350772L,Language='DE')/MembersCouncil"}},"Businesses":{"__deferred":{"uri":"https://ws.parlament.ch/OData.svc/Transcript(ID=350772L,Language='DE')/Businesses"}},"ID":"350772","Language":"DE","IdSubject":"66684","VoteId":null,"PersonNumber":3891,"Type":1,"Text":"<pd_text><p>Bei der Motion Romano geht es um die Frage, wie die Obhut von minderj\u00e4hrigen Kindern zu regeln ist. Um das thematisch auseinanderzuhalten: Man muss die Obhut von der elterlichen Sorge abgrenzen. Bei der elterlichen Sorge gilt ja grunds\u00e4tzlich, dass normalerweise die gemeinsame elterliche Sorge gew\u00e4hlt wird. Bei der Obhut gibt es in der Praxis auch eine gewisse Pr\u00e4ferenz, diese gemeinsam einzurichten. Aber das ist nicht zwingend die Regel, denn bei der Obhut geht es konkret darum, wo sich das Kind befindet, und nicht nur, wie bei der gemeinsamen elterlichen Sorge, darum, wer \u00fcber die wesentlichen Fragen entscheidet, die das Kind betreffen. Bei der gemeinsamen Obhut, die sehr viel weiter geht, kann es aus verschiedenen Gr\u00fcnden zweckm\u00e4ssig sein, dass sie gemeinsam eingerichtet wird, wenn die Eltern sehr nahe beieinander wohnen und wenn sich das organisatorisch gut einrichten l\u00e4sst. Aber das muss nicht zwingend der Fall sein. Es kann auch sein, dass es aus praktischen Gr\u00fcnden eben sehr schwierig ist, eine gemeinsame oder alternierende Obhut einzurichten.</p>\n<p>Nun, die Kommission f\u00fcr Rechtsfragen und auch der Bundesrat stehen diesem Thema nicht negativ gegen\u00fcber. Man ist durchaus bereit, das einmal konkret anzuschauen. Aber es gibt bereits andere Vorst\u00f6sse respektive einen anderen Vorstoss, der dieses Thema aufgegriffen hat. Deshalb ist dieses Thema eigentlich bereits aufgegleist. Man wird also schauen, wie man das konkret ber\u00fccksichtigen kann. Weil das eben der Fall ist, ist Ihre Kommission f\u00fcr Rechtsfragen einstimmig respektive ohne Gegenstimme der Meinung, dass diese Motion hier offene T\u00fcren einrennt, nicht mehr notwendig ist und deshalb abzulehnen ist.</p>\n</pd_text>","MeetingCouncilAbbreviation":"S","MeetingDate":"20241218","MeetingVerbalixOid":3961,"IdSession":"5206","SpeakerFirstName":"Daniel","SpeakerLastName":"Jositsch","SpeakerFullName":"Jositsch Daniel","SpeakerFunction":"Mit-M","CouncilId":2,"CouncilName":"St\u00e4nderat","CantonId":1,"CantonName":"Z\u00fcrich","CantonAbbreviation":"ZH","ParlGroupName":"Sozialdemokratische Fraktion","ParlGroupAbbreviation":"S","SortOrder":2,"Start":"\/Date(1734520328417)\/","End":"\/Date(1734520468660)\/","Function":"*","DisplaySpeaker":true,"LanguageOfText":"DE","Modified":"\/Date(1757508184500)\/","StartTimeWithTimezone":"\/Date(1734520328417+0060)\/","EndTimeWithTimezone":"\/Date(1734520468660+0060)\/","VoteBusinessNumber":null,"VoteBusinessShortNumber":null,"VoteBusinessTitle":null}]},"ID":"66684","Language":"DE","IdMeeting":"5018","VerbalixOid":763762,"SortOrder":8,"Modified":"\/Date(1757508184500)\/"}}