{"d":{"__metadata":{"id":"https://ws.parlament.ch/OData.svc/Subject(ID=6716L,Language='DE')","uri":"https://ws.parlament.ch/OData.svc/Subject(ID=6716L,Language='DE')","type":"itsystems.Pd.DataServices.DataModel.Subject"},"Meetings":{"__metadata":{"id":"https://ws.parlament.ch/OData.svc/Meeting(ID=482L,Language='DE')","uri":"https://ws.parlament.ch/OData.svc/Meeting(ID=482L,Language='DE')","type":"itsystems.Pd.DataServices.DataModel.Meeting"},"Sessions":{"__deferred":{"uri":"https://ws.parlament.ch/OData.svc/Meeting(ID=482L,Language='DE')/Sessions"}},"Subjects":{"__deferred":{"uri":"https://ws.parlament.ch/OData.svc/Meeting(ID=482L,Language='DE')/Subjects"}},"ID":"482","Language":"DE","MeetingNumber":12,"IdSession":4701,"SessionNumber":1,"SessionName":"Wintersession 2003","Council":1,"CouncilName":"Nationalrat","CouncilAbbreviation":"NR","Date":"\/Date(1071705600000)\/","Begin":"0800","Modified":"\/Date(1447069865060)\/","LegislativePeriodNumber":47,"PublicationStatus":"final","MeetingOrderText":"Zw\u00f6lfte Sitzung","SortOrder":12,"Location":"N"},"SubjectsBusiness":{"results":[{"__metadata":{"id":"https://ws.parlament.ch/OData.svc/SubjectBusiness(BusinessNumber=20030040,IdSubject=6716L,Language='DE')","uri":"https://ws.parlament.ch/OData.svc/SubjectBusiness(BusinessNumber=20030040,IdSubject=6716L,Language='DE')","type":"itsystems.Pd.DataServices.DataModel.SubjectBusiness"},"Subjects":{"__deferred":{"uri":"https://ws.parlament.ch/OData.svc/SubjectBusiness(BusinessNumber=20030040,IdSubject=6716L,Language='DE')/Subjects"}},"Businesses":{"__deferred":{"uri":"https://ws.parlament.ch/OData.svc/SubjectBusiness(BusinessNumber=20030040,IdSubject=6716L,Language='DE')/Businesses"}},"IdSubject":"6716","BusinessNumber":20030040,"Language":"DE","BusinessShortNumber":"03.040","Title":"Technische Zusammenarbeit und Finanzhilfe zugunsten von Entwicklungsl\u00e4ndern. Weiterf\u00fchrung","SortOrder":1,"PublishedNotes":"Differenzen - Divergences","Modified":"\/Date(1447069203266)\/","TitleDE":"Technische Zusammenarbeit\nund Finanzhilfe zugunsten\nvon Entwicklungsl\u00e4ndern.\nWeiterf\u00fchrung","TitleFR":"Coop\u00e9ration technique\net aide financi\u00e8re en faveur\ndes pays en d\u00e9veloppement.\nContinuation","TitleIT":null}]},"Transcripts":{"results":[{"__metadata":{"id":"https://ws.parlament.ch/OData.svc/Transcript(ID=39753L,Language='DE')","uri":"https://ws.parlament.ch/OData.svc/Transcript(ID=39753L,Language='DE')","type":"itsystems.Pd.DataServices.DataModel.Transcript"},"Subjects":{"__deferred":{"uri":"https://ws.parlament.ch/OData.svc/Transcript(ID=39753L,Language='DE')/Subjects"}},"MembersCouncil":{"__deferred":{"uri":"https://ws.parlament.ch/OData.svc/Transcript(ID=39753L,Language='DE')/MembersCouncil"}},"Businesses":{"__deferred":{"uri":"https://ws.parlament.ch/OData.svc/Transcript(ID=39753L,Language='DE')/Businesses"}},"ID":"39753","Language":"DE","IdSubject":"6716","VoteId":"236","PersonNumber":null,"Type":2,"Text":"<pd_text><p><i>Abstimmung - Vote</i></p>\n<p>[NAM]</p>\n<p>F\u00fcr den Antrag der Mehrheit .... 94 Stimmen</p>\n<p>F\u00fcr den Antrag der Minderheit .... 73 Stimmen</p></pd_text>","MeetingCouncilAbbreviation":"N","MeetingDate":"20031218","MeetingVerbalixOid":1131,"IdSession":"4701","SpeakerFirstName":null,"SpeakerLastName":null,"SpeakerFullName":"","SpeakerFunction":null,"CouncilId":null,"CouncilName":null,"CantonId":null,"CantonName":null,"CantonAbbreviation":null,"ParlGroupName":null,"ParlGroupAbbreviation":null,"SortOrder":6,"Start":"\/Date(1071735246747)\/","End":"\/Date(1071735303855)\/","Function":null,"DisplaySpeaker":null,"LanguageOfText":"DE","Modified":"\/Date(1774878112200)\/","StartTimeWithTimezone":"\/Date(1071735246747+0060)\/","EndTimeWithTimezone":"\/Date(1071735303857+0060)\/","VoteBusinessNumber":20030040,"VoteBusinessShortNumber":"03.040","VoteBusinessTitle":"Technische Zusammenarbeit\nund Finanzhilfe zugunsten\nvon Entwicklungsl\u00e4ndern.\nWeiterf\u00fchrung"},{"__metadata":{"id":"https://ws.parlament.ch/OData.svc/Transcript(ID=39754L,Language='DE')","uri":"https://ws.parlament.ch/OData.svc/Transcript(ID=39754L,Language='DE')","type":"itsystems.Pd.DataServices.DataModel.Transcript"},"Subjects":{"__deferred":{"uri":"https://ws.parlament.ch/OData.svc/Transcript(ID=39754L,Language='DE')/Subjects"}},"MembersCouncil":{"__deferred":{"uri":"https://ws.parlament.ch/OData.svc/Transcript(ID=39754L,Language='DE')/MembersCouncil"}},"Businesses":{"__deferred":{"uri":"https://ws.parlament.ch/OData.svc/Transcript(ID=39754L,Language='DE')/Businesses"}},"ID":"39754","Language":"DE","IdSubject":"6716","VoteId":null,"PersonNumber":15,"Type":1,"Text":"<pd_text><p>Die SP-Fraktion schliesst sich dem Antrag der Minderheit an. Die SVP-, die CVP- und die FDP-Fraktion schliessen sich dem Antrag der Mehrheit an.</p>\n<p>[VS]</p>\n<p><b>Bundesbeschluss \u00fcber die Weiterf\u00fchrung der technischen Zusammenarbeit und der Finanzhilfe zugunsten von Entwicklungsl\u00e4ndern </b></p>\n<p><b>Arr\u00eat\u00e9 f\u00e9d\u00e9ral concernant la continuation de la coop\u00e9ration technique et de l'aide financi\u00e8re en faveur des pays en d\u00e9veloppement </b></p>\n<p>[VS]</p>\n<p><b>Art. 1 Abs. 1</b></p>\n<p><i>Antrag der Mehrheit</i></p>\n<p>Zustimmung zum Beschluss des St\u00e4nderates</p>\n<p>[VS]</p>\n<p><i>Antrag der Minderheit</i></p>\n<p>(Rennwald, Fehr Mario, Gysin Remo, Salvi)</p>\n<p>Festhalten</p>\n<p>[VS]</p>\n<p><b>Art. 1 al. 1</b></p>\n<p><i>Proposition de la majorit\u00e9</i></p>\n<p>Adh\u00e9rer \u00e0 la d\u00e9cision du Conseil des Etats</p>\n<p>[VS]</p>\n<p><i>Proposition de la minorit\u00e9</i></p>\n<p>(Rennwald, Fehr Mario, Gysin Remo, Salvi)</p>\n<p>Maintenir</p></pd_text>","MeetingCouncilAbbreviation":"N","MeetingDate":"20031218","MeetingVerbalixOid":1131,"IdSession":"4701","SpeakerFirstName":"Max","SpeakerLastName":"Binder","SpeakerFullName":"Binder Max","SpeakerFunction":"Mit-M","CouncilId":1,"CouncilName":"Nationalrat","CantonId":1,"CantonName":"Z\u00fcrich","CantonAbbreviation":"ZH","ParlGroupName":"Fraktion der Schweizerischen Volkspartei","ParlGroupAbbreviation":"V","SortOrder":5,"Start":"\/Date(1071735184372)\/","End":"\/Date(1071735246747)\/","Function":"P-M","DisplaySpeaker":true,"LanguageOfText":"DE","Modified":"\/Date(1774878112193)\/","StartTimeWithTimezone":"\/Date(1071735184373+0060)\/","EndTimeWithTimezone":"\/Date(1071735246747+0060)\/","VoteBusinessNumber":null,"VoteBusinessShortNumber":null,"VoteBusinessTitle":null},{"__metadata":{"id":"https://ws.parlament.ch/OData.svc/Transcript(ID=39755L,Language='DE')","uri":"https://ws.parlament.ch/OData.svc/Transcript(ID=39755L,Language='DE')","type":"itsystems.Pd.DataServices.DataModel.Transcript"},"Subjects":{"__deferred":{"uri":"https://ws.parlament.ch/OData.svc/Transcript(ID=39755L,Language='DE')/Subjects"}},"MembersCouncil":{"__deferred":{"uri":"https://ws.parlament.ch/OData.svc/Transcript(ID=39755L,Language='DE')/MembersCouncil"}},"Businesses":{"__deferred":{"uri":"https://ws.parlament.ch/OData.svc/Transcript(ID=39755L,Language='DE')/Businesses"}},"ID":"39755","Language":"DE","IdSubject":"6716","VoteId":null,"PersonNumber":70,"Type":1,"Text":"<pd_text><p>C'est sans plaisir, en ce qui me concerne, que, comme rapporteur, je vous demande de suivre la majorit\u00e9 de la commission, et donc de vous rallier au Conseil des Etats. C'est sans plaisir parce que, comme l'ont rappel\u00e9 Monsieur Rennwald, d'une part, et Madame Calmy-Rey, conseill\u00e8re f\u00e9d\u00e9rale, d'autre part, il y a des enjeux qui sont consid\u00e9rables dans cette coop\u00e9ration au d\u00e9veloppement. Il y a \u00e0 la fois des actes \u00e0 accomplir et des signes \u00e0 donner.</p>\n<p>Cela \u00e9tant, Monsieur Rennwald a tout de m\u00eame peint le diable sur la muraille. Il a l'air de nous dire que nous allons \u00e0 l'inverse de tout ce qui a \u00e9t\u00e9 d\u00e9cid\u00e9 et propos\u00e9 par le Conseil f\u00e9d\u00e9ral, mais en m\u00eame temps, il nous a dit que c'\u00e9tait finalement une coupe assez th\u00e9orique en regard de la volont\u00e9 d'\u00e9conomies pour les finances f\u00e9d\u00e9rales. En effet, c'est une coupe assez th\u00e9orique aussi pour la coop\u00e9ration au d\u00e9veloppement, puisque, comme l'a rappel\u00e9 Madame Calmy-Rey, il s'agit d'un cr\u00e9dit de programme qui inclut une marge de manoeuvre et qu'en r\u00e9alit\u00e9, si on regarde les cr\u00e9dits de paiement annuels, n'est pr\u00e9vu pour le moment comme d\u00e9pense qu'un montant de l'ordre de 4 milliards de francs. Donc, en passant de 4,4 \u00e0 4,2 milliards de francs, on r\u00e9tr\u00e9cit simplement la marge de manoeuvre. La repr\u00e9sentante du Conseil f\u00e9d\u00e9ral a bien dit qu'en cas de besoin, elle reviendrait avec une demande pour augmenter ce cr\u00e9dit. Alors, finalement, m\u00eame si on consid\u00e8re que le signe peut \u00eatre discutable, il y a autre chose \u00e0 voir, en l'occurrence le calendrier.</p>\n<p>C'est \u00e0 une tr\u00e8s large majorit\u00e9 que le Conseil des Etats a vot\u00e9 le montant de 4,2 milliards de francs et il n'y a \u00e0 peu pr\u00e8s aucune chance pour qu'il se rallie d'ici demain \u00e0 notre d\u00e9cision, si nous devions la maintenir. Par cons\u00e9quent, cela veut dire que ce cr\u00e9dit de programme ne serait pas vot\u00e9 durant cette session.</p>\n<p>Alors, entre les deux inconv\u00e9nients, lequel choisir? C'est \u00e9vident, surtout apr\u00e8s ce que je vous ai dit, et c'est l'avis de la majorit\u00e9 de la commission, qu'il y a int\u00e9r\u00eat \u00e0 ce que ce cr\u00e9dit d'un montant de 4,2 milliards de francs soit vot\u00e9 durant cette session. Encore une fois, cela ne change rien \u00e0 l'effort qui va \u00eatre accompli ces prochaines ann\u00e9es.</p>\n<p>C'est la raison pour laquelle la commission vous propose, par 15 voix contre 6, de vous rallier au Conseil des Etats.</p></pd_text>","MeetingCouncilAbbreviation":"N","MeetingDate":"20031218","MeetingVerbalixOid":1131,"IdSession":"4701","SpeakerFirstName":"Jacques-Simon","SpeakerLastName":"Eggly","SpeakerFullName":"Eggly Jacques-Simon","SpeakerFunction":"Mit-M","CouncilId":1,"CouncilName":"Nationalrat","CantonId":25,"CantonName":"Genf","CantonAbbreviation":"GE","ParlGroupName":"Freisinnig-demokratische Fraktion","ParlGroupAbbreviation":"RL","SortOrder":4,"Start":"\/Date(1071735000672)\/","End":"\/Date(1071735184372)\/","Function":"*","DisplaySpeaker":true,"LanguageOfText":"FR","Modified":"\/Date(1774878112193)\/","StartTimeWithTimezone":"\/Date(1071735000673+0060)\/","EndTimeWithTimezone":"\/Date(1071735184373+0060)\/","VoteBusinessNumber":null,"VoteBusinessShortNumber":null,"VoteBusinessTitle":null},{"__metadata":{"id":"https://ws.parlament.ch/OData.svc/Transcript(ID=39756L,Language='DE')","uri":"https://ws.parlament.ch/OData.svc/Transcript(ID=39756L,Language='DE')","type":"itsystems.Pd.DataServices.DataModel.Transcript"},"Subjects":{"__deferred":{"uri":"https://ws.parlament.ch/OData.svc/Transcript(ID=39756L,Language='DE')/Subjects"}},"MembersCouncil":{"__deferred":{"uri":"https://ws.parlament.ch/OData.svc/Transcript(ID=39756L,Language='DE')/MembersCouncil"}},"Businesses":{"__deferred":{"uri":"https://ws.parlament.ch/OData.svc/Transcript(ID=39756L,Language='DE')/Businesses"}},"ID":"39756","Language":"DE","IdSubject":"6716","VoteId":null,"PersonNumber":368,"Type":1,"Text":"<pd_text><p>Es geht nicht darum, dass die APK nicht am Milleniumsziel festhalten will, [PAGE 2092] dass die Armut in der Welt bis 2015 um die H\u00e4lfte gesenkt werden muss. Sie haben aber am vergangenen Dienstag beschlossen, dass 2,2 Milliarden Franken richtig sind; dies vor allem auch aufgrund der gegenw\u00e4rtigen Finanzlage des Bundes. Diese 2,2 Milliarden hat der Nationalrat nun genehmigt. Dem ist auch der St\u00e4nderat gefolgt, der vorher 4,0 Milliarden wollte. Gestern hat nun die APK bei der Differenzbereinigung mit 15 zu 6 Stimmen beschlossen, dass wir bei 4,2 Milliarden Franken bleiben. Zu diesem Entscheid sind wir vor allem auch nach den Ausf\u00fchrungen von Herrn Direktor Walter Fust gekommen, der uns erkl\u00e4rt hat, dass dieses Geld wirklich notwendig ist, damit die Entwicklungshilfe und die technische Zusammenarbeit zugunsten von Entwicklungsl\u00e4ndern in den kommenden Jahren auch weitergef\u00fchrt werden kann.</p>\n<p>Ich bitte Sie, dem Antrag der Kommissionsmehrheit - gem\u00e4ss Beschluss St\u00e4nderat - zu folgen.</p></pd_text>","MeetingCouncilAbbreviation":"N","MeetingDate":"20031218","MeetingVerbalixOid":1131,"IdSession":"4701","SpeakerFirstName":"Rosmarie","SpeakerLastName":"Zapfl","SpeakerFullName":"Zapfl Rosmarie","SpeakerFunction":"Mit-F","CouncilId":1,"CouncilName":"Nationalrat","CantonId":1,"CantonName":"Z\u00fcrich","CantonAbbreviation":"ZH","ParlGroupName":"Christlichdemokratische Fraktion","ParlGroupAbbreviation":"M-E","SortOrder":3,"Start":"\/Date(1071734909173)\/","End":"\/Date(1071735000672)\/","Function":"*","DisplaySpeaker":true,"LanguageOfText":"DE","Modified":"\/Date(1774878112193)\/","StartTimeWithTimezone":"\/Date(1071734909173+0060)\/","EndTimeWithTimezone":"\/Date(1071735000673+0060)\/","VoteBusinessNumber":null,"VoteBusinessShortNumber":null,"VoteBusinessTitle":null},{"__metadata":{"id":"https://ws.parlament.ch/OData.svc/Transcript(ID=39757L,Language='DE')","uri":"https://ws.parlament.ch/OData.svc/Transcript(ID=39757L,Language='DE')","type":"itsystems.Pd.DataServices.DataModel.Transcript"},"Subjects":{"__deferred":{"uri":"https://ws.parlament.ch/OData.svc/Transcript(ID=39757L,Language='DE')/Subjects"}},"MembersCouncil":{"__deferred":{"uri":"https://ws.parlament.ch/OData.svc/Transcript(ID=39757L,Language='DE')/MembersCouncil"}},"Businesses":{"__deferred":{"uri":"https://ws.parlament.ch/OData.svc/Transcript(ID=39757L,Language='DE')/Businesses"}},"ID":"39757","Language":"DE","IdSubject":"6716","VoteId":null,"PersonNumber":827,"Type":1,"Text":"<pd_text><p>La globalisation a donn\u00e9 naissance \u00e0 un monde nouveau, \u00e0 un monde de plus en plus imbriqu\u00e9 et interd\u00e9pendant, confront\u00e9 \u00e0 des probl\u00e8mes qui transcendent les fronti\u00e8res nationales. De nos jours, presque tous les domaines politiques rev\u00eatent une dimension internationale et nous devons faire face \u00e0 des d\u00e9fis de taille, des d\u00e9fis qui ne reculent devant aucune fronti\u00e8re. Il n'est plus possible de concevoir notre politique \u00e9conomique, sociale, environnementale, \u00e9nerg\u00e9tique et migratoire \u00e0 partir de r\u00e9flexions purement nationales. La recherche de solutions viables et propres \u00e0 sauvegarder nos int\u00e9r\u00eats exige une action concert\u00e9e de la part de la communaut\u00e9 internationale dans son ensemble. Nous vivons aussi une \u00e9poque de mutation, et notre s\u00e9curit\u00e9 est expos\u00e9e \u00e0 des risques globaux. La pauvret\u00e9 en fait partie, de m\u00eame que l'exclusion d'\u00e9conomies nationales et r\u00e9gionales du commerce mondial, les catastrophes naturelles, les \u00e9pid\u00e9mies, le terrorisme, la prolif\u00e9ration des armes de destruction massive et du crime organis\u00e9.</p>\n<p>A l'aube du nouveau mill\u00e9naire, la r\u00e9duction de la pauvret\u00e9 figure en t\u00eate des priorit\u00e9s de l'agenda international. Il y a un an, le secr\u00e9taire g\u00e9n\u00e9ral de l'ONU, Kofi Annan, a pr\u00e9sent\u00e9 un rapport exposant les progr\u00e8s r\u00e9alis\u00e9s dans la poursuite des Objectifs du Mill\u00e9naire. A cette occasion, il a d\u00e9plor\u00e9 la lenteur avec laquelle la situation \u00e9volue dans certaines r\u00e9gions du globe et a insist\u00e9 sur la n\u00e9cessit\u00e9 de redoubler d'efforts. La Suisse entend donc poursuivre son engagement, conform\u00e9ment \u00e0 son mandat constitutionnel et \u00e0 ses engagements internationaux. En approuvant le cr\u00e9dit de programme, la Suisse d\u00e9montre clairement qu'elle est dispos\u00e9e \u00e0 assumer sa responsabilit\u00e9 aux c\u00f4t\u00e9s des autres nations et \u00e0 respecter les engagements pris au sein de la communaut\u00e9 internationale.</p><p>Concernant plus pr\u00e9cis\u00e9ment les divergences portant sur le volume du cr\u00e9dit-cadre: vous avez \u00e0 approuver ici un cr\u00e9dit d'engagement, c'est-\u00e0-dire que vous autorisez le Conseil f\u00e9d\u00e9ral \u00e0 augmenter ses engagements jusqu'\u00e0 concurrence d'un montant de 4,4 ou de 4,2 milliards de francs, montant sur lequel vous trancherez tout \u00e0 l'heure. Ce cr\u00e9dit d'engagement, pour \u00eatre concr\u00e9tis\u00e9, doit encore figurer sous forme de cr\u00e9dits de paiement dans les budgets successifs. Nous avons besoin d'une marge par rapport au total des cr\u00e9dits de paiement qui sont pr\u00e9vus pour la m\u00eame p\u00e9riode. Nous avons besoin d'une marge parce qu'il n'y a pas ad\u00e9quation entre les p\u00e9riodes d'engagement et les p\u00e9riodes de paiement. Par exemple, nous n\u00e9gocions actuellement le programme IDA-14 avec la Banque mondiale, un programme de l'ordre de 600 millions de francs pour une dur\u00e9e de huit ans. D'o\u00f9 le besoin de pouvoir g\u00e9rer au-del\u00e0 des p\u00e9riodes de quatre ans, d'o\u00f9 le besoin d'une marge.</p>\n<p>Ceci \u00e9tant, quel est le ministre qui ne souhaiterait pas pouvoir disposer des cr\u00e9dits - fussent-ils d'engagement - maximums? Je n'\u00e9chappe pas \u00e0 la r\u00e8gle, je souhaiterais \u00e9galement avoir un cr\u00e9dit d'engagement maximum.</p>\n<p>N\u00e9anmoins, je pourrais vivre avec le cr\u00e9dit de 4,2 milliards de francs, pour autant que, si la situation devenait difficile, je puisse revenir devant vous avant la fin de la p\u00e9riode des quatre ans.</p></pd_text>","MeetingCouncilAbbreviation":"N","MeetingDate":"20031218","MeetingVerbalixOid":1131,"IdSession":"4701","SpeakerFirstName":"Micheline","SpeakerLastName":"Calmy-Rey","SpeakerFullName":"Calmy-Rey Micheline","SpeakerFunction":"BR-F","CouncilId":99,"CouncilName":"Bundesrat","CantonId":25,"CantonName":"Genf","CantonAbbreviation":"GE","ParlGroupName":null,"ParlGroupAbbreviation":null,"SortOrder":2,"Start":"\/Date(1071734675457)\/","End":"\/Date(1071734909173)\/","Function":"BR-F","DisplaySpeaker":true,"LanguageOfText":"FR","Modified":"\/Date(1774878112193)\/","StartTimeWithTimezone":"\/Date(1071734675457+0060)\/","EndTimeWithTimezone":"\/Date(1071734909173+0060)\/","VoteBusinessNumber":null,"VoteBusinessShortNumber":null,"VoteBusinessTitle":null},{"__metadata":{"id":"https://ws.parlament.ch/OData.svc/Transcript(ID=39758L,Language='DE')","uri":"https://ws.parlament.ch/OData.svc/Transcript(ID=39758L,Language='DE')","type":"itsystems.Pd.DataServices.DataModel.Transcript"},"Subjects":{"__deferred":{"uri":"https://ws.parlament.ch/OData.svc/Transcript(ID=39758L,Language='DE')/Subjects"}},"MembersCouncil":{"__deferred":{"uri":"https://ws.parlament.ch/OData.svc/Transcript(ID=39758L,Language='DE')/MembersCouncil"}},"Businesses":{"__deferred":{"uri":"https://ws.parlament.ch/OData.svc/Transcript(ID=39758L,Language='DE')/Businesses"}},"ID":"39758","Language":"DE","IdSubject":"6716","VoteId":null,"PersonNumber":349,"Type":1,"Text":"<pd_text><p>D'aucuns vont peut-\u00eatre me consid\u00e9rer comme le dernier des Mohicans de la coop\u00e9ration au d\u00e9veloppement, mais j'assume pleinement ce r\u00f4le, car je suis persuad\u00e9 qu'en nous ralliant au Conseil des Etats, c'est-\u00e0-dire en acceptant de ramener le cr\u00e9dit de programme de 4,4 \u00e0 4,2 milliards de francs, nous donnons un mauvais signal et nous portons atteinte \u00e0 notre cr\u00e9dibilit\u00e9, ainsi qu'\u00e0 l'image de la Suisse \u00e0 l'\u00e9tranger. Nous portons atteinte \u00e0 notre cr\u00e9dibilit\u00e9 parce que, avec l'adoption des Objectifs du Mill\u00e9naire pour le d\u00e9veloppement, la communaut\u00e9 internationale vise \u00e0 r\u00e9duire de moiti\u00e9 le nombre de personnes plong\u00e9es dans une pauvret\u00e9 extr\u00eame d'ici \u00e0 2015. Nous portons atteinte \u00e0 notre cr\u00e9dibilit\u00e9 parce que le Conseil f\u00e9d\u00e9ral entend \u00e9lever progressivement \u00e0 0,4 pour cent la part du produit national brut qui doit \u00eatre consacr\u00e9e \u00e0 l'aide au d\u00e9veloppement d'ici \u00e0 2010, alors que nous en sommes actuellement \u00e0 0,32 pour cent.</p>\n<p>On peut bien s\u00fbr me r\u00e9torquer qu'un certain nombre de pays industrialis\u00e9s font moins bien que nous, ce qui est vrai. Mais il y a aussi d'autres pays qui font mieux, et m\u00eame beaucoup mieux. Les pays scandinaves et les Pays-Bas ont ainsi atteint et m\u00eame parfois d\u00e9pass\u00e9 l'objectif de 0,7 pour cent du produit national brut fix\u00e9 par les Nations Unies en mati\u00e8re d'aide publique au d\u00e9veloppement.</p>\n<p>Le montant de 4,4 milliards de francs nous para\u00eet par ailleurs offrir une plus grande marge de manoeuvre au Conseil f\u00e9d\u00e9ral pour mener sa politique de coop\u00e9ration au d\u00e9veloppement que le montant de 4,2 milliards adopt\u00e9 par le Conseil des Etats, car certains programmes s'\u00e9chelonnent sur plusieurs ann\u00e9es.</p><p>Evidemment, dans ce d\u00e9bat, on ne saurait faire abstraction de la situation des finances f\u00e9d\u00e9rales. Mais y a-t-il quelqu'un dans cette salle qui pense s\u00e9rieusement qu'avec cette coupe, d'ailleurs tr\u00e8s th\u00e9orique, de 200 millions de francs, on r\u00e9tablira l'\u00e9quilibre budg\u00e9taire? Il n'est assur\u00e9ment pas tr\u00e8s s\u00e9rieux de r\u00e9pondre par l'affirmative \u00e0 cette question, et ceci d'autant plus que le cr\u00e9dit de programme de 4,4 milliards de francs r\u00e9pond aux exigences du frein \u00e0 l'endettement et du programme d'all\u00e8gement budg\u00e9taire. A cela s'ajoute le fait qu'en acceptant cette coupe de 200 millions de francs, ce Parlement ferait un raisonnement \u00e0 courte vue, et m\u00eame \u00e0 tr\u00e8s courte vue! </p>\n<p>En effet, il ne faut pas oublier que la coop\u00e9ration au d\u00e9veloppement, m\u00eame si ce n'est pas son but premier, repr\u00e9sente aussi un investissement pour notre pays. Tr\u00e8s concr\u00e8tement, chaque franc allou\u00e9 \u00e0 l'aide au d\u00e9veloppement augmente notre propre produit national brut de 1.40 \u00e0 1.60 franc. Mieux encore, la coop\u00e9ration au d\u00e9veloppement g\u00e9n\u00e8re quelque 13 000 \u00e0 18 000 emplois en Suisse.</p>\n<p>Pour toutes ces raisons, je vous demande de vous en tenir au cr\u00e9dit de programme initialement propos\u00e9 par le Conseil f\u00e9d\u00e9ral, \u00e0 savoir 4,4 milliards de francs, tout en n'oubliant pas que l'aide au d\u00e9veloppement constitue l'un des piliers essentiels de la politique ext\u00e9rieure de la Suisse.</p></pd_text>","MeetingCouncilAbbreviation":"N","MeetingDate":"20031218","MeetingVerbalixOid":1131,"IdSession":"4701","SpeakerFirstName":"Jean-Claude","SpeakerLastName":"Rennwald","SpeakerFullName":"Rennwald Jean-Claude","SpeakerFunction":"Mit-M","CouncilId":1,"CouncilName":"Nationalrat","CantonId":26,"CantonName":"Jura","CantonAbbreviation":"JU","ParlGroupName":"Sozialdemokratische Fraktion","ParlGroupAbbreviation":"S","SortOrder":1,"Start":"\/Date(1071734461616)\/","End":"\/Date(1071734675457)\/","Function":"","DisplaySpeaker":true,"LanguageOfText":"FR","Modified":"\/Date(1774878112190)\/","StartTimeWithTimezone":"\/Date(1071734461617+0060)\/","EndTimeWithTimezone":"\/Date(1071734675457+0060)\/","VoteBusinessNumber":null,"VoteBusinessShortNumber":null,"VoteBusinessTitle":null}]},"ID":"6716","Language":"DE","IdMeeting":"482","VerbalixOid":96506,"SortOrder":1,"Modified":"\/Date(1447069865110)\/"}}