{"d":{"__metadata":{"id":"https://ws.parlament.ch/OData.svc/Subject(ID=67266L,Language='DE')","uri":"https://ws.parlament.ch/OData.svc/Subject(ID=67266L,Language='DE')","type":"itsystems.Pd.DataServices.DataModel.Subject"},"Meetings":{"__metadata":{"id":"https://ws.parlament.ch/OData.svc/Meeting(ID=5043L,Language='DE')","uri":"https://ws.parlament.ch/OData.svc/Meeting(ID=5043L,Language='DE')","type":"itsystems.Pd.DataServices.DataModel.Meeting"},"Sessions":{"__deferred":{"uri":"https://ws.parlament.ch/OData.svc/Meeting(ID=5043L,Language='DE')/Sessions"}},"Subjects":{"__deferred":{"uri":"https://ws.parlament.ch/OData.svc/Meeting(ID=5043L,Language='DE')/Subjects"}},"ID":"5043","Language":"DE","MeetingNumber":6,"IdSession":5207,"SessionNumber":7,"SessionName":"Fr\u00fchjahrssession 2025","Council":2,"CouncilName":"St\u00e4nderat","CouncilAbbreviation":"SR","Date":"\/Date(1741651200000)\/","Begin":"0815","Modified":"\/Date(1745786345933)\/","LegislativePeriodNumber":52,"PublicationStatus":"final","MeetingOrderText":"Sechste Sitzung","SortOrder":6,"Location":"S"},"SubjectsBusiness":{"results":[{"__metadata":{"id":"https://ws.parlament.ch/OData.svc/SubjectBusiness(BusinessNumber=20240028,IdSubject=67266L,Language='DE')","uri":"https://ws.parlament.ch/OData.svc/SubjectBusiness(BusinessNumber=20240028,IdSubject=67266L,Language='DE')","type":"itsystems.Pd.DataServices.DataModel.SubjectBusiness"},"Subjects":{"__deferred":{"uri":"https://ws.parlament.ch/OData.svc/SubjectBusiness(BusinessNumber=20240028,IdSubject=67266L,Language='DE')/Subjects"}},"Businesses":{"__deferred":{"uri":"https://ws.parlament.ch/OData.svc/SubjectBusiness(BusinessNumber=20240028,IdSubject=67266L,Language='DE')/Businesses"}},"IdSubject":"67266","BusinessNumber":20240028,"Language":"DE","BusinessShortNumber":"24.028","Title":"Forschungsf\u00f6rderinstrument SWEETER (Swiss research for the EnErgy Transition and Emissions Reduction) f\u00fcr die Jahre 2025-2036. Verpflichtungskredit","SortOrder":1,"PublishedNotes":"Differenzen - Divergences\n","Modified":"\/Date(1716823743063)\/","TitleDE":"Forschungsf\u00f6rderinstrument Sweeter\n(Swiss Research for the Energy\nTransition and Emissions Reduction)\nf\u00fcr die Jahre 2025-2036.\nVerpflichtungskredit","TitleFR":"Programme d'encouragement\nde la recherche Sweeter (Swiss\nResearch for the Energy Transition\nand Emissions Reduction)\npour les ann\u00e9es 2025-2036.\nCr\u00e9dit d'engagement","TitleIT":null}]},"Transcripts":{"results":[{"__metadata":{"id":"https://ws.parlament.ch/OData.svc/Transcript(ID=353320L,Language='DE')","uri":"https://ws.parlament.ch/OData.svc/Transcript(ID=353320L,Language='DE')","type":"itsystems.Pd.DataServices.DataModel.Transcript"},"Subjects":{"__deferred":{"uri":"https://ws.parlament.ch/OData.svc/Transcript(ID=353320L,Language='DE')/Subjects"}},"MembersCouncil":{"__deferred":{"uri":"https://ws.parlament.ch/OData.svc/Transcript(ID=353320L,Language='DE')/MembersCouncil"}},"Businesses":{"__deferred":{"uri":"https://ws.parlament.ch/OData.svc/Transcript(ID=353320L,Language='DE')/Businesses"}},"ID":"353320","Language":"DE","IdSubject":"67266","VoteId":"7288","PersonNumber":null,"Type":2,"Text":"<pd_text><p><i>Abstimmung - Vote </i>[GZ]</p>\n<p>[NAM][GZ]</p>\n<p>F\u00fcr den Antrag der Mehrheit ... 28 Stimmen[GZ]</p>\n<p>F\u00fcr den Antrag der Minderheit ... 16 Stimmen[GZ]</p>\n<p>(0 Enthaltungen)</p>\n<p>[VS]</p>\n<p><b>Pr\u00e4sident</b> (Caroni Andrea, Pr\u00e4sident): Es verbleiben keine Differenzen mehr. Damit ist das Gesch\u00e4ft erledigt.</p>\n</pd_text>","MeetingCouncilAbbreviation":"S","MeetingDate":"20250311","MeetingVerbalixOid":3986,"IdSession":"5207","SpeakerFirstName":null,"SpeakerLastName":null,"SpeakerFullName":"","SpeakerFunction":null,"CouncilId":null,"CouncilName":null,"CantonId":null,"CantonName":null,"CantonAbbreviation":null,"ParlGroupName":null,"ParlGroupAbbreviation":null,"SortOrder":5,"Start":"\/Date(1741681829145)\/","End":"\/Date(1741681878576)\/","Function":null,"DisplaySpeaker":null,"LanguageOfText":null,"Modified":"\/Date(1773233345134)\/","StartTimeWithTimezone":"\/Date(1741681829147+0060)\/","EndTimeWithTimezone":"\/Date(1741681878577+0060)\/","VoteBusinessNumber":20240028,"VoteBusinessShortNumber":"24.028","VoteBusinessTitle":"Forschungsf\u00f6rderinstrument Sweeter\n(Swiss Research for the Energy\nTransition and Emissions Reduction)\nf\u00fcr die Jahre 2025-2036.\nVerpflichtungskredit"},{"__metadata":{"id":"https://ws.parlament.ch/OData.svc/Transcript(ID=353326L,Language='DE')","uri":"https://ws.parlament.ch/OData.svc/Transcript(ID=353326L,Language='DE')","type":"itsystems.Pd.DataServices.DataModel.Transcript"},"Subjects":{"__deferred":{"uri":"https://ws.parlament.ch/OData.svc/Transcript(ID=353326L,Language='DE')/Subjects"}},"MembersCouncil":{"__deferred":{"uri":"https://ws.parlament.ch/OData.svc/Transcript(ID=353326L,Language='DE')/MembersCouncil"}},"Businesses":{"__deferred":{"uri":"https://ws.parlament.ch/OData.svc/Transcript(ID=353326L,Language='DE')/Businesses"}},"ID":"353326","Language":"DE","IdSubject":"67266","VoteId":null,"PersonNumber":4332,"Type":1,"Text":"<pd_text><p>Le Conseil national a donc d\u00e9cid\u00e9, par 109 voix contre 82, de limiter \u00e0 4 ans la p\u00e9riode du cr\u00e9dit d'engagement accord\u00e9 au programme Sweeter et d'en r\u00e9duire proportionnellement le montant \u00e0 35,6 millions de francs. Notre conseil a pour sa part d\u00e9j\u00e0 approuv\u00e9 par deux fois \u00e0 une large majorit\u00e9, par 37 voix contre 3 et 3 abstentions, puis par 31 voix contre 13 et 1 abstention, le cr\u00e9dit d'engagement tel que demand\u00e9 par le Conseil f\u00e9d\u00e9ral, de 106,8 millions de francs, enti\u00e8rement compens\u00e9 dans le message FRI jusqu'en 2036. Les projets soutenus, je le rappelle, s'\u00e9tendent sur une p\u00e9riode qui est largement sup\u00e9rieure \u00e0 quatre ans, ne serait-ce que parce qu'ils doivent faire l'objet d'appels d'offres.</p>\n<p>De mani\u00e8re g\u00e9n\u00e9rale, on salue la capacit\u00e9 d'innovation de la Suisse, on se f\u00e9licite de sa position en tant que p\u00f4le de recherche, on vante ses hautes \u00e9coles et ses EPF, on se f\u00e9licite \u00e9galement de l'excellence de nos entreprises et on encourage de fa\u00e7on cibl\u00e9e les entreprises innovantes. Et enfin, pour accompagner la transition \u00e9nerg\u00e9tique, on cherche \u00e0 d\u00e9velopper ces technologies innovantes en mati\u00e8re de production et de stockage d'\u00e9nergie notamment. Les programmes Sweeter, c'est exactement cela qu'ils poursuivent, ce sont des projets qui r\u00e9unissent l'excellence de la recherche suisse et l'implication du secteur priv\u00e9, \u00e9galement.</p>\n<p>Le Conseil national souhaite donc fractionner ce financement et assujettir le programme Sweeter au message FRI. En tant que pr\u00e9sidente de la Commission de la science, de l'\u00e9ducation et de la culture, vous imaginez bien que je n'ai fondamentalement pas de probl\u00e8me avec le fait que la recherche li\u00e9e \u00e0 ces programmes tombe dans mon escarcelle, mais je [PAGE 153] m'interroge sur le pourquoi. Et je peine \u00e0 imaginer que le saucissonnage du cr\u00e9dit d'engagement soit vu comme autre chose qu'un signe de d\u00e9fiance envers la recherche, mais aussi comme un obstacle administratif suppl\u00e9mentaire. Car, au-del\u00e0 du signal mitig\u00e9 envoy\u00e9 \u00e0 la recherche, cela obligerait \u00e9galement le Conseil f\u00e9d\u00e9ral \u00e0 revenir par deux fois devant le Parlement pour obtenir la prolongation du cr\u00e9dit.</p>\n<p>Le rapporteur l'a mentionn\u00e9, le Conseil f\u00e9d\u00e9ral a effectivement estim\u00e9 que cela ne mettrait pas fondamentalement en danger les projets. Toutefois, cela s'accompagnerait de l'ins\u00e9curit\u00e9 quant \u00e0 l'aboutissement de ces projets. Cela obligerait, comme je l'ai dit, l'administration \u00e0 revenir pour revalider ces projets. Et, \u00e9videmment, cela compliquerait les choses lorsqu'il s'agira de demander des investissements \u00e0 l'\u00e9conomie priv\u00e9e, si l'administration qui finance ces projets n'est en mesure d'offrir une s\u00e9curit\u00e9 qu'\u00e0 quatre ans.</p>\n<p>Pour toutes ces raisons, je vous invite \u00e0 confirmer la d\u00e9cision que vous avez d\u00e9j\u00e0 prise par deux fois, et qui est appuy\u00e9e par le Conseil f\u00e9d\u00e9ral, et \u00e0 maintenir la d\u00e9cision de notre conseil.</p>\n</pd_text>","MeetingCouncilAbbreviation":"S","MeetingDate":"20250311","MeetingVerbalixOid":3986,"IdSession":"5207","SpeakerFirstName":"Mathilde","SpeakerLastName":"Crevoisier Crelier","SpeakerFullName":"Crevoisier Crelier Mathilde","SpeakerFunction":"Mit-F","CouncilId":2,"CouncilName":"St\u00e4nderat","CantonId":26,"CantonName":"Jura","CantonAbbreviation":"JU","ParlGroupName":"Sozialdemokratische Fraktion","ParlGroupAbbreviation":"S","SortOrder":3,"Start":"\/Date(1741681523843)\/","End":"\/Date(1741681693757)\/","Function":"Mit-F","DisplaySpeaker":true,"LanguageOfText":"FR","Modified":"\/Date(1773233345128)\/","StartTimeWithTimezone":"\/Date(1741681523843+0060)\/","EndTimeWithTimezone":"\/Date(1741681693757+0060)\/","VoteBusinessNumber":null,"VoteBusinessShortNumber":null,"VoteBusinessTitle":null},{"__metadata":{"id":"https://ws.parlament.ch/OData.svc/Transcript(ID=353358L,Language='DE')","uri":"https://ws.parlament.ch/OData.svc/Transcript(ID=353358L,Language='DE')","type":"itsystems.Pd.DataServices.DataModel.Transcript"},"Subjects":{"__deferred":{"uri":"https://ws.parlament.ch/OData.svc/Transcript(ID=353358L,Language='DE')/Subjects"}},"MembersCouncil":{"__deferred":{"uri":"https://ws.parlament.ch/OData.svc/Transcript(ID=353358L,Language='DE')/MembersCouncil"}},"Businesses":{"__deferred":{"uri":"https://ws.parlament.ch/OData.svc/Transcript(ID=353358L,Language='DE')/Businesses"}},"ID":"353358","Language":"DE","IdSubject":"67266","VoteId":null,"PersonNumber":4204,"Type":1,"Text":"<pd_text><p>Hier ist nun eine umstrittene L\u00f6sung zu diskutieren. Wir haben zwei Antr\u00e4ge: den Antrag der Mehrheit, die dem Nationalrat folgen m\u00f6chte, und den Antrag der Minderheit, die am Beschluss des St\u00e4nderates festhalten m\u00f6chte. Der Entscheid zugunsten der Version des Nationalrates fiel in der Kommission mit 6 zu 5 Stimmen.</p>\n<p>Es geht um die Forschungsf\u00f6rderung Sweeter. Hier gibt es zwei Modelle. Der Nationalrat hat in dieser Session mit 109 zu 82 Stimmen beschlossen, die Laufzeit des Verpflichtungskredites von zw\u00f6lf Jahren auf vier Jahre - von 2025 bis 2028 - zu reduzieren und den Betrag von 106,8 Millionen auf 35,6 Millionen Franken zu reduzieren. Mit diesem Entscheid will der Nationalrat das Programm Sweeter an die vierj\u00e4hrige Laufzeit der BFI-Botschaft anpassen, in deren Rahmen das Programm nach Ablauf der vier Jahre weitergef\u00fchrt werden soll. Das heisst, die Betr\u00e4ge bleiben auf l\u00e4ngere Sicht die gleichen, aber wir haben nach vier Jahren wiederum bei der BFI-Botschaft dar\u00fcber zu bestimmen, ob wir diesen Verpflichtungskredit weiterf\u00fchren wollen.</p>\n<p>Unser Rat befasste sich am 24.[NB]September 2024 zum zweiten Mal mit diesem Gesch\u00e4ft und beschloss, der Minderheit der Kommission zu folgen, also am eigenen Beschluss festzuhalten und somit den Entwurf des Bundesrates anzunehmen, da man damit eine gr\u00f6ssere Planungssicherheit f\u00fcr die betreffenden Forscher hat. Das entspricht dem heute vorliegenden Antrag der Minderheit. Nun, der Bundesrat hat uns in der Kommission mitgeteilt, er glaube nicht, dass aufgrund der \u00c4nderung des Kreditrahmens auf vier Jahre weniger Projekte eingegeben w\u00fcrden und hier ein Nachteil f\u00fcr die Forschungsf\u00f6rderung im Bereich Energie entstehen w\u00fcrde. Deshalb ist die Kommission knapp dem Nationalrat gefolgt und beantragt Ihnen, diese Differenz zu bereinigen, insbesondere auch, weil es beim n\u00e4chsten Schritt, einer Einigungskonferenz, f\u00fcr die urspr\u00fcngliche Position des St\u00e4nderates vielleicht nicht so gut aussehen w\u00fcrde. Man sollte die Schlachten dort schlagen, wo man sie gewinnen kann.</p>\n</pd_text>","MeetingCouncilAbbreviation":"S","MeetingDate":"20250311","MeetingVerbalixOid":3986,"IdSession":"5207","SpeakerFirstName":"Beat","SpeakerLastName":"Rieder","SpeakerFullName":"Rieder Beat","SpeakerFunction":"Mit-M","CouncilId":2,"CouncilName":"St\u00e4nderat","CantonId":23,"CantonName":"Wallis","CantonAbbreviation":"VS","ParlGroupName":"Die Mitte-Fraktion. Die Mitte. EVP.","ParlGroupAbbreviation":"M-E","SortOrder":2,"Start":"\/Date(1741681379312)\/","End":"\/Date(1741681510237)\/","Function":"*","DisplaySpeaker":true,"LanguageOfText":"DE","Modified":"\/Date(1773233345124)\/","StartTimeWithTimezone":"\/Date(1741681379313+0060)\/","EndTimeWithTimezone":"\/Date(1741681510237+0060)\/","VoteBusinessNumber":null,"VoteBusinessShortNumber":null,"VoteBusinessTitle":null},{"__metadata":{"id":"https://ws.parlament.ch/OData.svc/Transcript(ID=353362L,Language='DE')","uri":"https://ws.parlament.ch/OData.svc/Transcript(ID=353362L,Language='DE')","type":"itsystems.Pd.DataServices.DataModel.Transcript"},"Subjects":{"__deferred":{"uri":"https://ws.parlament.ch/OData.svc/Transcript(ID=353362L,Language='DE')/Subjects"}},"MembersCouncil":{"__deferred":{"uri":"https://ws.parlament.ch/OData.svc/Transcript(ID=353362L,Language='DE')/MembersCouncil"}},"Businesses":{"__deferred":{"uri":"https://ws.parlament.ch/OData.svc/Transcript(ID=353362L,Language='DE')/Businesses"}},"ID":"353362","Language":"DE","IdSubject":"67266","VoteId":null,"PersonNumber":4100,"Type":1,"Text":"<pd_text><p>Sie entscheiden hier, ob Sie f\u00fcr Sweeter vorerst f\u00fcr vier Jahre, das heisst bis 2028, einen Kredit beschliessen wollen oder, wie das der Bundesrat beantragt, f\u00fcr drei Perioden, das heisst bis 2036. Der Bundesrat hat Ihnen beantragt, von Anfang an einen Kredit von etwas \u00fcber 100 Millionen Franken f\u00fcr drei Perioden zu beschliessen, finanziert im Rahmen der BFI-Botschaft. Dies entspricht dem Antrag der Minderheit Crevoisier Crelier. Das ist nach wie vor die Haltung des Bundesrates. </p>\n<p>Ich habe aber auch zur Kenntnis genommen, dass in der Diskussion verschiedene Antr\u00e4ge f\u00fcr eine Reduktion des Kredits intensiv diskutiert und dann abgelehnt wurden. F\u00fcr den Bundesrat war vor allem wichtig, dass man diesen relativ bescheidenen Kreditrahmen f\u00fcr Energie und Dekarbonisierung nicht noch weiter herunterschraubt. </p>\n<p>Ich bin eigentlich zuversichtlich, dass wir, falls Sie der Mehrheit zustimmen, in vier Jahren wieder eine Fortsetzung hinbekommen. Das erg\u00e4be f\u00fcr uns einfach zweimal eine erneute Diskussion. Aber ich kann nachvollziehen, dass die Mehrheit das so machen will, sprich diese Beschl\u00fcsse f\u00fcr jede BFI-Periode einzeln f\u00e4llen will. Wie sowohl vom Sprecher der Mehrheit als auch von der Sprecherin der Minderheit gesagt wurde, ist es nicht so, dass wir in diesem Fall grosse Bef\u00fcrchtungen um diese Projekte haben m\u00fcssten. Deshalb kann ich nachvollziehen, wenn Sie diese Differenz zum Nationalrat bereinigen wollen. </p>\n<p>Aus Sicht des Bundesrates w\u00e4re es nat\u00fcrlich praktischer und sicherer, wenn wir bereits f\u00fcr drei Perioden, also bis 2036, Sicherheit h\u00e4tten. Aber ich m\u00f6chte es in diesem Sinne Ihnen \u00fcberlassen, ob Sie den Kompromiss mit dem Nationalrat gegen\u00fcber der Ideall\u00f6sung des Bundesrates vorziehen. </p>\n</pd_text>","MeetingCouncilAbbreviation":"S","MeetingDate":"20250311","MeetingVerbalixOid":3986,"IdSession":"5207","SpeakerFirstName":"Albert","SpeakerLastName":"R\u00f6sti","SpeakerFullName":"R\u00f6sti Albert","SpeakerFunction":"BR-M","CouncilId":99,"CouncilName":"Bundesrat","CantonId":2,"CantonName":"Bern","CantonAbbreviation":"BE","ParlGroupName":null,"ParlGroupAbbreviation":null,"SortOrder":4,"Start":"\/Date(1741681703956)\/","End":"\/Date(1741681829145)\/","Function":"BR-M","DisplaySpeaker":true,"LanguageOfText":"DE","Modified":"\/Date(1773233345129)\/","StartTimeWithTimezone":"\/Date(1741681703957+0060)\/","EndTimeWithTimezone":"\/Date(1741681829147+0060)\/","VoteBusinessNumber":null,"VoteBusinessShortNumber":null,"VoteBusinessTitle":null},{"__metadata":{"id":"https://ws.parlament.ch/OData.svc/Transcript(ID=353405L,Language='DE')","uri":"https://ws.parlament.ch/OData.svc/Transcript(ID=353405L,Language='DE')","type":"itsystems.Pd.DataServices.DataModel.Transcript"},"Subjects":{"__deferred":{"uri":"https://ws.parlament.ch/OData.svc/Transcript(ID=353405L,Language='DE')/Subjects"}},"MembersCouncil":{"__deferred":{"uri":"https://ws.parlament.ch/OData.svc/Transcript(ID=353405L,Language='DE')/MembersCouncil"}},"Businesses":{"__deferred":{"uri":"https://ws.parlament.ch/OData.svc/Transcript(ID=353405L,Language='DE')/Businesses"}},"ID":"353405","Language":"DE","IdSubject":"67266","VoteId":null,"PersonNumber":4075,"Type":1,"Text":"<pd_text><p><b>Bundesbeschluss \u00fcber einen Verpflichtungskredit f\u00fcr das Forschungsf\u00f6rderungsinstrument Sweeter (Swiss Research for the Energy Transition and Emissions Reduction) f\u00fcr die Jahre 2025-2036</b>[GZ]</p>\n<p><b>Arr\u00eat\u00e9 f\u00e9d\u00e9ral sur un cr\u00e9dit d'engagement destin\u00e9 au programme d'encouragement de la recherche Sweeter (Swiss Research for the Energy Transition and Emissions Reduction) pour les ann\u00e9es 2025-2036</b>[GZ]</p>\n<p>[VS][GZ]</p>\n<p><b>Titel</b><i> </i>[GZ]</p>\n<p><i>Antrag der Mehrheit </i>[GZ]</p>\n<p>Zustimmung zum Beschluss des Nationalrates</p>\n<p>[VS]</p>\n<p><i>Antrag der Minderheit </i>[GZ]</p>\n<p>(Crevoisier Crelier, Bischof, M\u00fcller Damian, Stocker, Vara)[GZ]</p>\n<p>Festhalten</p>\n<p>[VS]</p>\n<p><b>Titre</b><i> </i>[GZ]</p>\n<p><i>Proposition de la majorit\u00e9 </i>[GZ]</p>\n<p>Adh\u00e9rer \u00e0 la d\u00e9cision du Conseil national</p>\n<p>[VS]</p>\n<p><i>Proposition de la minorit\u00e9 </i>[GZ]</p>\n<p>(Crevoisier Crelier, Bischof, M\u00fcller Damian, Stocker, Vara)[GZ]</p>\n<p>Maintenir</p>\n<p>[VS]</p>\n<p><b>Art. 1 </b>[GZ]</p>\n<p><i>Antrag der Mehrheit </i>[GZ]</p>\n<p>Zustimmung zum Beschluss des Nationalrates</p>\n<p>[VS]</p>\n<p><i>Antrag der Minderheit </i>[GZ]</p>\n<p>(Crevoisier Crelier, Bischof, M\u00fcller Damian, Stocker, Vara)[GZ]</p>\n<p>Festhalten</p>\n<p>[VS]</p>\n<p><b>Art. 1 </b>[GZ]</p>\n<p><i>Proposition de la majorit\u00e9 </i>[GZ]</p>\n<p>Adh\u00e9rer \u00e0 la d\u00e9cision du Conseil national</p>\n<p>[VS]</p>\n<p><i>Proposition de la minorit\u00e9 </i>[GZ]</p>\n<p>(Crevoisier Crelier, Bischof, M\u00fcller Damian, Stocker, Vara)[GZ]</p>\n<p>Maintenir</p>\n</pd_text>","MeetingCouncilAbbreviation":"S","MeetingDate":"20250311","MeetingVerbalixOid":3986,"IdSession":"5207","SpeakerFirstName":"Andrea","SpeakerLastName":"Caroni","SpeakerFullName":"Caroni Andrea","SpeakerFunction":"P-M","CouncilId":2,"CouncilName":"St\u00e4nderat","CantonId":15,"CantonName":"Appenzell A.-Rh.","CantonAbbreviation":"AR","ParlGroupName":"FDP-Liberale Fraktion","ParlGroupAbbreviation":"RL","SortOrder":1,"Start":"\/Date(1741681364164)\/","End":"\/Date(1741681379312)\/","Function":"P-M","DisplaySpeaker":false,"LanguageOfText":null,"Modified":"\/Date(1773233345122)\/","StartTimeWithTimezone":"\/Date(1741681364163+0060)\/","EndTimeWithTimezone":"\/Date(1741681379313+0060)\/","VoteBusinessNumber":null,"VoteBusinessShortNumber":null,"VoteBusinessTitle":null}]},"ID":"67266","Language":"DE","IdMeeting":"5043","VerbalixOid":767918,"SortOrder":3,"Modified":"\/Date(1773233345120)\/"}}