{"d":{"__metadata":{"id":"https://ws.parlament.ch/OData.svc/Subject(ID=67340L,Language='DE')","uri":"https://ws.parlament.ch/OData.svc/Subject(ID=67340L,Language='DE')","type":"itsystems.Pd.DataServices.DataModel.Subject"},"Meetings":{"__metadata":{"id":"https://ws.parlament.ch/OData.svc/Meeting(ID=5046L,Language='DE')","uri":"https://ws.parlament.ch/OData.svc/Meeting(ID=5046L,Language='DE')","type":"itsystems.Pd.DataServices.DataModel.Meeting"},"Sessions":{"__deferred":{"uri":"https://ws.parlament.ch/OData.svc/Meeting(ID=5046L,Language='DE')/Sessions"}},"Subjects":{"__deferred":{"uri":"https://ws.parlament.ch/OData.svc/Meeting(ID=5046L,Language='DE')/Subjects"}},"ID":"5046","Language":"DE","MeetingNumber":7,"IdSession":5207,"SessionNumber":7,"SessionName":"Fr\u00fchjahrssession 2025","Council":2,"CouncilName":"St\u00e4nderat","CouncilAbbreviation":"SR","Date":"\/Date(1741824000000)\/","Begin":"0815","Modified":"\/Date(1745872090707)\/","LegislativePeriodNumber":52,"PublicationStatus":"final","MeetingOrderText":"Siebte Sitzung","SortOrder":7,"Location":"S"},"SubjectsBusiness":{"results":[{"__metadata":{"id":"https://ws.parlament.ch/OData.svc/SubjectBusiness(BusinessNumber=20243939,IdSubject=67340L,Language='DE')","uri":"https://ws.parlament.ch/OData.svc/SubjectBusiness(BusinessNumber=20243939,IdSubject=67340L,Language='DE')","type":"itsystems.Pd.DataServices.DataModel.SubjectBusiness"},"Subjects":{"__deferred":{"uri":"https://ws.parlament.ch/OData.svc/SubjectBusiness(BusinessNumber=20243939,IdSubject=67340L,Language='DE')/Subjects"}},"Businesses":{"__deferred":{"uri":"https://ws.parlament.ch/OData.svc/SubjectBusiness(BusinessNumber=20243939,IdSubject=67340L,Language='DE')/Businesses"}},"IdSubject":"67340","BusinessNumber":20243939,"Language":"DE","BusinessShortNumber":"24.3939","Title":"Analyse der Asylverfahren in ausgew\u00e4hlten europ\u00e4ischen L\u00e4ndern","SortOrder":1,"PublishedNotes":null,"Modified":"\/Date(1729004126793)\/","TitleDE":"Postulat Z'graggen Heidi.\nAnalyse der Asylverfahren\nin ausgew\u00e4hlten europ\u00e4ischen L\u00e4ndern","TitleFR":"Postulat Z'graggen Heidi.\nAnalyse des proc\u00e9dures d'asile\ndans diff\u00e9rents pays europ\u00e9ens","TitleIT":null}]},"Transcripts":{"results":[{"__metadata":{"id":"https://ws.parlament.ch/OData.svc/Transcript(ID=354068L,Language='DE')","uri":"https://ws.parlament.ch/OData.svc/Transcript(ID=354068L,Language='DE')","type":"itsystems.Pd.DataServices.DataModel.Transcript"},"Subjects":{"__deferred":{"uri":"https://ws.parlament.ch/OData.svc/Transcript(ID=354068L,Language='DE')/Subjects"}},"MembersCouncil":{"__deferred":{"uri":"https://ws.parlament.ch/OData.svc/Transcript(ID=354068L,Language='DE')/MembersCouncil"}},"Businesses":{"__deferred":{"uri":"https://ws.parlament.ch/OData.svc/Transcript(ID=354068L,Language='DE')/Businesses"}},"ID":"354068","Language":"DE","IdSubject":"67340","VoteId":null,"PersonNumber":4075,"Type":1,"Text":"<pd_text><p><b>Pr\u00e4sident</b> (Caroni Andrea, Pr\u00e4sident): Das Postulat wurde soeben im Rahmen der ausserordentlichen Session (25.9011) beraten. Der Bundesrat beantragt die Annahme des Postulates.[GZ]</p>\n<p>[VS][GZ]</p>\n<p><i>Angenommen - Adopt\u00e9 </i>[GZ]</p>\n<p>[VS][GZ]</p>\n<p>[VS][GZ]</p>\n<p>[VS][GZ]</p>\n<p><i>Schluss der Sitzung um 13.10 Uhr </i>[GZ]</p>\n<p><i>La s\u00e9ance est lev\u00e9e \u00e0 13 h 10 </i>[PAGE 222] </p>\n<p>[VS]</p>\n<p>[VS]</p>\n<p>[VS]</p>\n<p>[VS]</p>\n</pd_text>","MeetingCouncilAbbreviation":"S","MeetingDate":"20250313","MeetingVerbalixOid":3989,"IdSession":"5207","SpeakerFirstName":"Andrea","SpeakerLastName":"Caroni","SpeakerFullName":"Caroni Andrea","SpeakerFunction":"P-M","CouncilId":2,"CouncilName":"St\u00e4nderat","CantonId":15,"CantonName":"Appenzell A.-Rh.","CantonAbbreviation":"AR","ParlGroupName":"FDP-Liberale Fraktion","ParlGroupAbbreviation":"RL","SortOrder":1,"Start":"\/Date(1741871211086)\/","End":"\/Date(1741871232349)\/","Function":"P-M","DisplaySpeaker":false,"LanguageOfText":null,"Modified":"\/Date(1788446729177)\/","StartTimeWithTimezone":"\/Date(1741871211087+0060)\/","EndTimeWithTimezone":"\/Date(1741871232350+0060)\/","VoteBusinessNumber":null,"VoteBusinessShortNumber":null,"VoteBusinessTitle":null}]},"ID":"67340","Language":"DE","IdMeeting":"5046","VerbalixOid":768960,"SortOrder":20,"Modified":"\/Date(1788446729175)\/"}}