{"d":{"__metadata":{"id":"https://ws.parlament.ch/OData.svc/Subject(ID=67462L,Language='DE')","uri":"https://ws.parlament.ch/OData.svc/Subject(ID=67462L,Language='DE')","type":"itsystems.Pd.DataServices.DataModel.Subject"},"Meetings":{"__metadata":{"id":"https://ws.parlament.ch/OData.svc/Meeting(ID=5048L,Language='DE')","uri":"https://ws.parlament.ch/OData.svc/Meeting(ID=5048L,Language='DE')","type":"itsystems.Pd.DataServices.DataModel.Meeting"},"Sessions":{"__deferred":{"uri":"https://ws.parlament.ch/OData.svc/Meeting(ID=5048L,Language='DE')/Sessions"}},"Subjects":{"__deferred":{"uri":"https://ws.parlament.ch/OData.svc/Meeting(ID=5048L,Language='DE')/Subjects"}},"ID":"5048","Language":"DE","MeetingNumber":10,"IdSession":5207,"SessionNumber":7,"SessionName":"Fr\u00fchjahrssession 2025","Council":1,"CouncilName":"Nationalrat","CouncilAbbreviation":"NR","Date":"\/Date(1742169600000)\/","Begin":"1430","Modified":"\/Date(1744734067687)\/","LegislativePeriodNumber":52,"PublicationStatus":"final","MeetingOrderText":"Zehnte Sitzung","SortOrder":10,"Location":"N"},"SubjectsBusiness":{"results":[{"__metadata":{"id":"https://ws.parlament.ch/OData.svc/SubjectBusiness(BusinessNumber=20240085,IdSubject=67462L,Language='DE')","uri":"https://ws.parlament.ch/OData.svc/SubjectBusiness(BusinessNumber=20240085,IdSubject=67462L,Language='DE')","type":"itsystems.Pd.DataServices.DataModel.SubjectBusiness"},"Subjects":{"__deferred":{"uri":"https://ws.parlament.ch/OData.svc/SubjectBusiness(BusinessNumber=20240085,IdSubject=67462L,Language='DE')/Subjects"}},"Businesses":{"__deferred":{"uri":"https://ws.parlament.ch/OData.svc/SubjectBusiness(BusinessNumber=20240085,IdSubject=67462L,Language='DE')/Businesses"}},"IdSubject":"67462","BusinessNumber":20240085,"Language":"DE","BusinessShortNumber":"24.085","Title":"Ge\u00e4nderten Verfassungen der Kantone Z\u00fcrich, Bern, Freiburg, Basel-Landschaft, Appenzell Ausserrhoden, Aargau und Genf. Gew\u00e4hrleistung","SortOrder":1,"PublishedNotes":"Zweitrat - Deuxi\u00e8me Conseil\n","Modified":"\/Date(1740138949550)\/","TitleDE":"Kantonsverfassungen\n(ZH, BE, FR, BL, AR, AG, GE).\nGew\u00e4hrleistung","TitleFR":"Constitutions cantonales\n(ZH, BE, FR, BL, AR, AG, GE).\nGarantie","TitleIT":null}]},"Transcripts":{"results":[{"__metadata":{"id":"https://ws.parlament.ch/OData.svc/Transcript(ID=354304L,Language='DE')","uri":"https://ws.parlament.ch/OData.svc/Transcript(ID=354304L,Language='DE')","type":"itsystems.Pd.DataServices.DataModel.Transcript"},"Subjects":{"__deferred":{"uri":"https://ws.parlament.ch/OData.svc/Transcript(ID=354304L,Language='DE')/Subjects"}},"MembersCouncil":{"__deferred":{"uri":"https://ws.parlament.ch/OData.svc/Transcript(ID=354304L,Language='DE')/MembersCouncil"}},"Businesses":{"__deferred":{"uri":"https://ws.parlament.ch/OData.svc/Transcript(ID=354304L,Language='DE')/Businesses"}},"ID":"354304","Language":"DE","IdSubject":"67462","VoteId":null,"PersonNumber":4169,"Type":1,"Text":"<pd_text><p><i>Eintreten ist obligatorisch </i>[GZ]</p>\n<p><i>L'entr\u00e9e en mati\u00e8re est acquise de plein droit</i></p>\n<p>[VS]</p>\n<p>[VS]</p>\n<p><b>Bundesbeschluss \u00fcber die Gew\u00e4hrleistung der ge\u00e4nderten Verfassungen der Kantone Z\u00fcrich, Bern, Freiburg, Basel-Landschaft, Appenzell Ausserrhoden, Aargau und Genf</b>[GZ]</p>\n<p><b>Arr\u00eat\u00e9 f\u00e9d\u00e9ral concernant la garantie des constitutions r\u00e9vis\u00e9es des cantons de Zurich, de Berne, de Fribourg, de B\u00e2le-Campagne, d'Appenzell Rhodes-Ext\u00e9rieures, d'Argovie et de Gen\u00e8ve</b>[GZ]</p>\n<p>[VS][GZ]</p>\n<p><i>Detailberatung - Discussion par article </i>[GZ]</p>\n<p>[VS][GZ]</p>\n<p><b>Titel und Ingress, Art. 1-8</b>[GZ]</p>\n<p><i>Antrag der Kommission </i>[GZ]</p>\n<p>Zustimmung zum Beschluss des St\u00e4nderates</p>\n<p>[VS]</p>\n<p><b>Titre et pr\u00e9ambule, art. 1-8</b>[GZ]</p>\n<p><i>Proposition de la commission </i>[GZ]</p>\n<p>Adh\u00e9rer \u00e0 la d\u00e9cision du Conseil des Etats [GZ]</p>\n<p>[VS][GZ]</p>\n<p><i>Angenommen - Adopt\u00e9</i></p>\n<p>[VS]</p>\n<p><b>Le pr\u00e9sident </b>(Page Pierre-Andr\u00e9, premier vice-pr\u00e9sident): L'entr\u00e9e en mati\u00e8re \u00e9tant acquise de plein droit, il n'y a pas de vote sur l'ensemble. Les deux conseils ayant pris des d\u00e9cisions concordantes, le projet est ainsi d\u00e9finitivement adopt\u00e9. </p>\n</pd_text>","MeetingCouncilAbbreviation":"N","MeetingDate":"20250317","MeetingVerbalixOid":3991,"IdSession":"5207","SpeakerFirstName":"Pierre-Andr\u00e9","SpeakerLastName":"Page","SpeakerFullName":"Page Pierre-Andr\u00e9","SpeakerFunction":"1VP-M","CouncilId":1,"CouncilName":"Nationalrat","CantonId":10,"CantonName":"Freiburg","CantonAbbreviation":"FR","ParlGroupName":"Fraktion der Schweizerischen Volkspartei","ParlGroupAbbreviation":"V","SortOrder":1,"Start":"\/Date(1742228620150)\/","End":"\/Date(1742228718754)\/","Function":"1VP-M","DisplaySpeaker":false,"LanguageOfText":null,"Modified":"\/Date(1774876744418)\/","StartTimeWithTimezone":"\/Date(1742228620150+0060)\/","EndTimeWithTimezone":"\/Date(1742228718753+0060)\/","VoteBusinessNumber":null,"VoteBusinessShortNumber":null,"VoteBusinessTitle":null}]},"ID":"67462","Language":"DE","IdMeeting":"5048","VerbalixOid":769458,"SortOrder":113,"Modified":"\/Date(1774876744414)\/"}}