{"d":{"__metadata":{"id":"https://ws.parlament.ch/OData.svc/Subject(ID=67611L,Language='DE')","uri":"https://ws.parlament.ch/OData.svc/Subject(ID=67611L,Language='DE')","type":"itsystems.Pd.DataServices.DataModel.Subject"},"Meetings":{"__metadata":{"id":"https://ws.parlament.ch/OData.svc/Meeting(ID=5058L,Language='DE')","uri":"https://ws.parlament.ch/OData.svc/Meeting(ID=5058L,Language='DE')","type":"itsystems.Pd.DataServices.DataModel.Meeting"},"Sessions":{"__deferred":{"uri":"https://ws.parlament.ch/OData.svc/Meeting(ID=5058L,Language='DE')/Sessions"}},"Subjects":{"__deferred":{"uri":"https://ws.parlament.ch/OData.svc/Meeting(ID=5058L,Language='DE')/Subjects"}},"ID":"5058","Language":"DE","MeetingNumber":12,"IdSession":5207,"SessionNumber":7,"SessionName":"Fr\u00fchjahrssession 2025","Council":2,"CouncilName":"St\u00e4nderat","CouncilAbbreviation":"SR","Date":"\/Date(1742515200000)\/","Begin":"0815","Modified":"\/Date(1746704357560)\/","LegislativePeriodNumber":52,"PublicationStatus":"final","MeetingOrderText":"Zw\u00f6lfte Sitzung","SortOrder":12,"Location":"S"},"SubjectsBusiness":{"results":[{"__metadata":{"id":"https://ws.parlament.ch/OData.svc/SubjectBusiness(BusinessNumber=20220423,IdSubject=67611L,Language='DE')","uri":"https://ws.parlament.ch/OData.svc/SubjectBusiness(BusinessNumber=20220423,IdSubject=67611L,Language='DE')","type":"itsystems.Pd.DataServices.DataModel.SubjectBusiness"},"Subjects":{"__deferred":{"uri":"https://ws.parlament.ch/OData.svc/SubjectBusiness(BusinessNumber=20220423,IdSubject=67611L,Language='DE')/Subjects"}},"Businesses":{"__deferred":{"uri":"https://ws.parlament.ch/OData.svc/SubjectBusiness(BusinessNumber=20220423,IdSubject=67611L,Language='DE')/Businesses"}},"IdSubject":"67611","BusinessNumber":20220423,"Language":"DE","BusinessShortNumber":"22.423","Title":"F\u00fcr eine unabh\u00e4ngige Presse sind die Betr\u00e4ge zur indirekten F\u00f6rderung anzupassen","SortOrder":1,"PublishedNotes":"Schlussabstimmung - Vote final\n","Modified":"\/Date(1650549911083)\/","TitleDE":"Parlamentarische Initiative\nBulliard-Marbach Christine.\nF\u00fcr eine unabh\u00e4ngige Presse sind\ndie Betr\u00e4ge zur indirekten F\u00f6rderung\nanzupassen","TitleFR":"Initiative parlementaire\nBulliard-Marbach Christine.\nPour une presse \u00e9crite ind\u00e9pendante,\nil faut adapter les montants\nde l'aide indirecte","TitleIT":null}]},"Transcripts":{"results":[{"__metadata":{"id":"https://ws.parlament.ch/OData.svc/Transcript(ID=355348L,Language='DE')","uri":"https://ws.parlament.ch/OData.svc/Transcript(ID=355348L,Language='DE')","type":"itsystems.Pd.DataServices.DataModel.Transcript"},"Subjects":{"__deferred":{"uri":"https://ws.parlament.ch/OData.svc/Transcript(ID=355348L,Language='DE')/Subjects"}},"MembersCouncil":{"__deferred":{"uri":"https://ws.parlament.ch/OData.svc/Transcript(ID=355348L,Language='DE')/MembersCouncil"}},"Businesses":{"__deferred":{"uri":"https://ws.parlament.ch/OData.svc/Transcript(ID=355348L,Language='DE')/Businesses"}},"ID":"355348","Language":"DE","IdSubject":"67611","VoteId":"7360","PersonNumber":null,"Type":2,"Text":"<pd_text><p><b>Postgesetz</b>[GZ]</p>\n<p><b>Loi sur la poste</b>[GZ]</p>\n<p>[VS][GZ]</p>\n<p><i>Abstimmung - Vote </i>[GZ]</p>\n<p>[NAM][GZ]</p>\n<p>F\u00fcr Annahme des Entwurfes ... 34 Stimmen [GZ]</p>\n<p>Dagegen ... 11 Stimmen [GZ]</p>\n<p>(0 Enthaltungen)</p>\n<p>[VS]</p>\n</pd_text>","MeetingCouncilAbbreviation":"S","MeetingDate":"20250321","MeetingVerbalixOid":4001,"IdSession":"5207","SpeakerFirstName":null,"SpeakerLastName":null,"SpeakerFullName":"","SpeakerFunction":null,"CouncilId":null,"CouncilName":null,"CantonId":null,"CantonName":null,"CantonAbbreviation":null,"ParlGroupName":null,"ParlGroupAbbreviation":null,"SortOrder":1,"Start":null,"End":null,"Function":null,"DisplaySpeaker":null,"LanguageOfText":null,"Modified":"\/Date(1781865878577)\/","StartTimeWithTimezone":null,"EndTimeWithTimezone":null,"VoteBusinessNumber":20220423,"VoteBusinessShortNumber":"22.423","VoteBusinessTitle":"Parlamentarische Initiative\nBulliard-Marbach Christine.\nF\u00fcr eine unabh\u00e4ngige Presse sind\ndie Betr\u00e4ge zur indirekten F\u00f6rderung\nanzupassen"}]},"ID":"67611","Language":"DE","IdMeeting":"5058","VerbalixOid":771527,"SortOrder":5,"Modified":"\/Date(1781865878573)\/"}}