{"d":{"__metadata":{"id":"https://ws.parlament.ch/OData.svc/Subject(ID=67619L,Language='DE')","uri":"https://ws.parlament.ch/OData.svc/Subject(ID=67619L,Language='DE')","type":"itsystems.Pd.DataServices.DataModel.Subject"},"Meetings":{"__metadata":{"id":"https://ws.parlament.ch/OData.svc/Meeting(ID=5058L,Language='DE')","uri":"https://ws.parlament.ch/OData.svc/Meeting(ID=5058L,Language='DE')","type":"itsystems.Pd.DataServices.DataModel.Meeting"},"Sessions":{"__deferred":{"uri":"https://ws.parlament.ch/OData.svc/Meeting(ID=5058L,Language='DE')/Sessions"}},"Subjects":{"__deferred":{"uri":"https://ws.parlament.ch/OData.svc/Meeting(ID=5058L,Language='DE')/Subjects"}},"ID":"5058","Language":"DE","MeetingNumber":12,"IdSession":5207,"SessionNumber":7,"SessionName":"Fr\u00fchjahrssession 2025","Council":2,"CouncilName":"St\u00e4nderat","CouncilAbbreviation":"SR","Date":"\/Date(1742515200000)\/","Begin":"0815","Modified":"\/Date(1746704357560)\/","LegislativePeriodNumber":52,"PublicationStatus":"final","MeetingOrderText":"Zw\u00f6lfte Sitzung","SortOrder":12,"Location":"S"},"SubjectsBusiness":{"results":[{"__metadata":{"id":"https://ws.parlament.ch/OData.svc/SubjectBusiness(BusinessNumber=20240043,IdSubject=67619L,Language='DE')","uri":"https://ws.parlament.ch/OData.svc/SubjectBusiness(BusinessNumber=20240043,IdSubject=67619L,Language='DE')","type":"itsystems.Pd.DataServices.DataModel.SubjectBusiness"},"Subjects":{"__deferred":{"uri":"https://ws.parlament.ch/OData.svc/SubjectBusiness(BusinessNumber=20240043,IdSubject=67619L,Language='DE')/Subjects"}},"Businesses":{"__deferred":{"uri":"https://ws.parlament.ch/OData.svc/SubjectBusiness(BusinessNumber=20240043,IdSubject=67619L,Language='DE')/Businesses"}},"IdSubject":"67619","BusinessNumber":20240043,"Language":"DE","BusinessShortNumber":"24.043","Title":"Bev\u00f6lkerungs- und Zivilschutzgesetz. \u00c4nderung","SortOrder":1,"PublishedNotes":"Schlussabstimmung - Vote final\n","Modified":"\/Date(1725269538243)\/","TitleDE":"Bev\u00f6lkerungs- und Zivilschutzgesetz.\n\u00c4nderung","TitleFR":"Loi sur la protection\nde la population\net sur la protection civile.\nModification","TitleIT":null}]},"Transcripts":{"results":[{"__metadata":{"id":"https://ws.parlament.ch/OData.svc/Transcript(ID=355356L,Language='DE')","uri":"https://ws.parlament.ch/OData.svc/Transcript(ID=355356L,Language='DE')","type":"itsystems.Pd.DataServices.DataModel.Transcript"},"Subjects":{"__deferred":{"uri":"https://ws.parlament.ch/OData.svc/Transcript(ID=355356L,Language='DE')/Subjects"}},"MembersCouncil":{"__deferred":{"uri":"https://ws.parlament.ch/OData.svc/Transcript(ID=355356L,Language='DE')/MembersCouncil"}},"Businesses":{"__deferred":{"uri":"https://ws.parlament.ch/OData.svc/Transcript(ID=355356L,Language='DE')/Businesses"}},"ID":"355356","Language":"DE","IdSubject":"67619","VoteId":"7368","PersonNumber":null,"Type":2,"Text":"<pd_text><p><b>1.</b>[NB]<b>Bundesgesetz \u00fcber den Bev\u00f6lkerungsschutz und den Zivilschutz (Vorlage A: Einsatz von zivildienstpflichtigen Personen im Zivilschutz)</b>[GZ]</p>\n<p><b>1.</b>[NB]<b>Loi f\u00e9d\u00e9rale sur la protection de la population et sur la protection civile (Projet A: Affectation de personnes astreintes au service civil dans la protection civile)</b>[GZ]</p>\n<p>[VS][GZ]</p>\n<p><i>Abstimmung - Vote </i>[GZ]</p>\n<p>[NAM][GZ]</p>\n<p>F\u00fcr Annahme des Entwurfes ... 34 Stimmen [GZ]</p>\n<p>Dagegen ... 11 Stimmen [GZ]</p>\n<p>(0 Enthaltungen)</p>\n<p>[VS]</p>\n</pd_text>","MeetingCouncilAbbreviation":"S","MeetingDate":"20250321","MeetingVerbalixOid":4001,"IdSession":"5207","SpeakerFirstName":null,"SpeakerLastName":null,"SpeakerFullName":"","SpeakerFunction":null,"CouncilId":null,"CouncilName":null,"CantonId":null,"CantonName":null,"CantonAbbreviation":null,"ParlGroupName":null,"ParlGroupAbbreviation":null,"SortOrder":1,"Start":null,"End":null,"Function":null,"DisplaySpeaker":null,"LanguageOfText":null,"Modified":"\/Date(1781865878607)\/","StartTimeWithTimezone":null,"EndTimeWithTimezone":null,"VoteBusinessNumber":20240043,"VoteBusinessShortNumber":"24.043","VoteBusinessTitle":"Bev\u00f6lkerungs- und Zivilschutzgesetz.\n\u00c4nderung"},{"__metadata":{"id":"https://ws.parlament.ch/OData.svc/Transcript(ID=355357L,Language='DE')","uri":"https://ws.parlament.ch/OData.svc/Transcript(ID=355357L,Language='DE')","type":"itsystems.Pd.DataServices.DataModel.Transcript"},"Subjects":{"__deferred":{"uri":"https://ws.parlament.ch/OData.svc/Transcript(ID=355357L,Language='DE')/Subjects"}},"MembersCouncil":{"__deferred":{"uri":"https://ws.parlament.ch/OData.svc/Transcript(ID=355357L,Language='DE')/MembersCouncil"}},"Businesses":{"__deferred":{"uri":"https://ws.parlament.ch/OData.svc/Transcript(ID=355357L,Language='DE')/Businesses"}},"ID":"355357","Language":"DE","IdSubject":"67619","VoteId":"7369","PersonNumber":null,"Type":2,"Text":"<pd_text><p><b>2.</b>[NB]<b>Bundesgesetz \u00fcber den Bev\u00f6lkerungsschutz und den Zivilschutz (Vorlage B: Bestimmungen zum Koordinierten Sanit\u00e4tsdienst, dem Koordinierten Verkehr und den kantonalen Notfalltreffpunkten sowie allgemeine Bestimmungen zum Zivilschutz)</b>[GZ]</p>\n<p><b>2.</b>[NB]<b>Loi f\u00e9d\u00e9rale sur la protection de la population et sur la protection civile (Projet B: Dispositions relatives au Service sanitaire coordonn\u00e9, \u00e0 la coordination des transports et aux points de rencontre d'urgence cantonaux ainsi que dispositions g\u00e9n\u00e9rales relatives \u00e0 la protection civile)</b>[GZ]</p>\n<p>[VS][GZ]</p>\n<p><i>Abstimmung - Vote </i>[GZ]</p>\n<p>[NAM][GZ]</p>\n<p>F\u00fcr Annahme des Entwurfes ... 45 Stimmen [GZ]</p>\n<p>(Einstimmigkeit) [GZ]</p>\n<p>(0 Enthaltungen)</p>\n<p>[VS]</p>\n</pd_text>","MeetingCouncilAbbreviation":"S","MeetingDate":"20250321","MeetingVerbalixOid":4001,"IdSession":"5207","SpeakerFirstName":null,"SpeakerLastName":null,"SpeakerFullName":"","SpeakerFunction":null,"CouncilId":null,"CouncilName":null,"CantonId":null,"CantonName":null,"CantonAbbreviation":null,"ParlGroupName":null,"ParlGroupAbbreviation":null,"SortOrder":2,"Start":null,"End":null,"Function":null,"DisplaySpeaker":null,"LanguageOfText":null,"Modified":"\/Date(1781865878611)\/","StartTimeWithTimezone":null,"EndTimeWithTimezone":null,"VoteBusinessNumber":20240043,"VoteBusinessShortNumber":"24.043","VoteBusinessTitle":"Bev\u00f6lkerungs- und Zivilschutzgesetz.\n\u00c4nderung"}]},"ID":"67619","Language":"DE","IdMeeting":"5058","VerbalixOid":771553,"SortOrder":13,"Modified":"\/Date(1781865878604)\/"}}