{"d":{"__metadata":{"id":"https://ws.parlament.ch/OData.svc/Subject(ID=68203L,Language='DE')","uri":"https://ws.parlament.ch/OData.svc/Subject(ID=68203L,Language='DE')","type":"itsystems.Pd.DataServices.DataModel.Subject"},"Meetings":{"__metadata":{"id":"https://ws.parlament.ch/OData.svc/Meeting(ID=5082L,Language='DE')","uri":"https://ws.parlament.ch/OData.svc/Meeting(ID=5082L,Language='DE')","type":"itsystems.Pd.DataServices.DataModel.Meeting"},"Sessions":{"__deferred":{"uri":"https://ws.parlament.ch/OData.svc/Meeting(ID=5082L,Language='DE')/Sessions"}},"Subjects":{"__deferred":{"uri":"https://ws.parlament.ch/OData.svc/Meeting(ID=5082L,Language='DE')/Subjects"}},"ID":"5082","Language":"DE","MeetingNumber":5,"IdSession":5209,"SessionNumber":9,"SessionName":"Sommersession 2025","Council":2,"CouncilName":"St\u00e4nderat","CouncilAbbreviation":"SR","Date":"\/Date(1749513600000)\/","Begin":"1515","Modified":"\/Date(1753567501057)\/","LegislativePeriodNumber":52,"PublicationStatus":"final","MeetingOrderText":"F\u00fcnfte Sitzung","SortOrder":5,"Location":"S"},"SubjectsBusiness":{"results":[{"__metadata":{"id":"https://ws.parlament.ch/OData.svc/SubjectBusiness(BusinessNumber=20240068,IdSubject=68203L,Language='DE')","uri":"https://ws.parlament.ch/OData.svc/SubjectBusiness(BusinessNumber=20240068,IdSubject=68203L,Language='DE')","type":"itsystems.Pd.DataServices.DataModel.SubjectBusiness"},"Subjects":{"__deferred":{"uri":"https://ws.parlament.ch/OData.svc/SubjectBusiness(BusinessNumber=20240068,IdSubject=68203L,Language='DE')/Subjects"}},"Businesses":{"__deferred":{"uri":"https://ws.parlament.ch/OData.svc/SubjectBusiness(BusinessNumber=20240068,IdSubject=68203L,Language='DE')/Businesses"}},"IdSubject":"68203","BusinessNumber":20240068,"Language":"DE","BusinessShortNumber":"24.068","Title":"Bundespersonalgesetz (BPG). \u00c4nderung","SortOrder":1,"PublishedNotes":"Zweitrat - Deuxi\u00e8me Conseil\n","Modified":"\/Date(1740660870393)\/","TitleDE":"Bundespersonalgesetz (BPG).\n\u00c4nderung","TitleFR":"Loi sur le personnel\nde la Conf\u00e9d\u00e9ration (LPers).\nModification","TitleIT":null}]},"Transcripts":{"results":[{"__metadata":{"id":"https://ws.parlament.ch/OData.svc/Transcript(ID=357799L,Language='DE')","uri":"https://ws.parlament.ch/OData.svc/Transcript(ID=357799L,Language='DE')","type":"itsystems.Pd.DataServices.DataModel.Transcript"},"Subjects":{"__deferred":{"uri":"https://ws.parlament.ch/OData.svc/Transcript(ID=357799L,Language='DE')/Subjects"}},"MembersCouncil":{"__deferred":{"uri":"https://ws.parlament.ch/OData.svc/Transcript(ID=357799L,Language='DE')/MembersCouncil"}},"Businesses":{"__deferred":{"uri":"https://ws.parlament.ch/OData.svc/Transcript(ID=357799L,Language='DE')/Businesses"}},"ID":"357799","Language":"DE","IdSubject":"68203","VoteId":"7447","PersonNumber":null,"Type":2,"Text":"<pd_text><p><i>Abstimmung - Vote </i>[GZ]</p>\n<p>[NAM][GZ]</p>\n<p>F\u00fcr den Antrag der Mehrheit ... 32 Stimmen[GZ]</p>\n<p>F\u00fcr den Antrag der Minderheit ... 11 Stimmen[GZ]</p>\n<p>(0 Enthaltungen)</p>\n</pd_text>","MeetingCouncilAbbreviation":"S","MeetingDate":"20250610","MeetingVerbalixOid":4025,"IdSession":"5209","SpeakerFirstName":null,"SpeakerLastName":null,"SpeakerFullName":"","SpeakerFunction":null,"CouncilId":null,"CouncilName":null,"CantonId":null,"CantonName":null,"CantonAbbreviation":null,"ParlGroupName":null,"ParlGroupAbbreviation":null,"SortOrder":7,"Start":"\/Date(1749579746347)\/","End":"\/Date(1749579762257)\/","Function":null,"DisplaySpeaker":null,"LanguageOfText":null,"Modified":"\/Date(1773827312711)\/","StartTimeWithTimezone":"\/Date(1749579746347+0120)\/","EndTimeWithTimezone":"\/Date(1749579762257+0120)\/","VoteBusinessNumber":20240068,"VoteBusinessShortNumber":"24.068","VoteBusinessTitle":"Bundespersonalgesetz (BPG).\n\u00c4nderung"},{"__metadata":{"id":"https://ws.parlament.ch/OData.svc/Transcript(ID=357800L,Language='DE')","uri":"https://ws.parlament.ch/OData.svc/Transcript(ID=357800L,Language='DE')","type":"itsystems.Pd.DataServices.DataModel.Transcript"},"Subjects":{"__deferred":{"uri":"https://ws.parlament.ch/OData.svc/Transcript(ID=357800L,Language='DE')/Subjects"}},"MembersCouncil":{"__deferred":{"uri":"https://ws.parlament.ch/OData.svc/Transcript(ID=357800L,Language='DE')/MembersCouncil"}},"Businesses":{"__deferred":{"uri":"https://ws.parlament.ch/OData.svc/Transcript(ID=357800L,Language='DE')/Businesses"}},"ID":"357800","Language":"DE","IdSubject":"68203","VoteId":"7448","PersonNumber":null,"Type":2,"Text":"<pd_text><p><i>Abstimmung - Vote </i>[GZ]</p>\n<p>[NAM][GZ]</p>\n<p>F\u00fcr den Antrag der Mehrheit ... 32 Stimmen[GZ]</p>\n<p>F\u00fcr den Antrag der Minderheit ... 11 Stimmen[GZ]</p>\n<p>(0 Enthaltungen)</p>\n</pd_text>","MeetingCouncilAbbreviation":"S","MeetingDate":"20250610","MeetingVerbalixOid":4025,"IdSession":"5209","SpeakerFirstName":null,"SpeakerLastName":null,"SpeakerFullName":"","SpeakerFunction":null,"CouncilId":null,"CouncilName":null,"CantonId":null,"CantonName":null,"CantonAbbreviation":null,"ParlGroupName":null,"ParlGroupAbbreviation":null,"SortOrder":11,"Start":"\/Date(1749579829251)\/","End":"\/Date(1749579829251)\/","Function":null,"DisplaySpeaker":null,"LanguageOfText":null,"Modified":"\/Date(1773827312719)\/","StartTimeWithTimezone":"\/Date(1749579829250+0120)\/","EndTimeWithTimezone":"\/Date(1749579829250+0120)\/","VoteBusinessNumber":20240068,"VoteBusinessShortNumber":"24.068","VoteBusinessTitle":"Bundespersonalgesetz (BPG).\n\u00c4nderung"},{"__metadata":{"id":"https://ws.parlament.ch/OData.svc/Transcript(ID=357803L,Language='DE')","uri":"https://ws.parlament.ch/OData.svc/Transcript(ID=357803L,Language='DE')","type":"itsystems.Pd.DataServices.DataModel.Transcript"},"Subjects":{"__deferred":{"uri":"https://ws.parlament.ch/OData.svc/Transcript(ID=357803L,Language='DE')/Subjects"}},"MembersCouncil":{"__deferred":{"uri":"https://ws.parlament.ch/OData.svc/Transcript(ID=357803L,Language='DE')/MembersCouncil"}},"Businesses":{"__deferred":{"uri":"https://ws.parlament.ch/OData.svc/Transcript(ID=357803L,Language='DE')/Businesses"}},"ID":"357803","Language":"DE","IdSubject":"68203","VoteId":"7449","PersonNumber":null,"Type":2,"Text":"<pd_text><p><i>Abstimmung - Vote </i>[GZ]</p>\n<p>[NAM][GZ]</p>\n<p>F\u00fcr den Antrag der Mehrheit ... 33 Stimmen[GZ]</p>\n<p>F\u00fcr den Antrag der Minderheit ... 11 Stimmen[GZ]</p>\n<p>(0 Enthaltungen)</p>\n</pd_text>","MeetingCouncilAbbreviation":"S","MeetingDate":"20250610","MeetingVerbalixOid":4025,"IdSession":"5209","SpeakerFirstName":null,"SpeakerLastName":null,"SpeakerFullName":"","SpeakerFunction":null,"CouncilId":null,"CouncilName":null,"CantonId":null,"CantonName":null,"CantonAbbreviation":null,"ParlGroupName":null,"ParlGroupAbbreviation":null,"SortOrder":13,"Start":"\/Date(1749579879330)\/","End":"\/Date(1749579879330)\/","Function":null,"DisplaySpeaker":null,"LanguageOfText":null,"Modified":"\/Date(1773827312723)\/","StartTimeWithTimezone":"\/Date(1749579879330+0120)\/","EndTimeWithTimezone":"\/Date(1749579879330+0120)\/","VoteBusinessNumber":20240068,"VoteBusinessShortNumber":"24.068","VoteBusinessTitle":"Bundespersonalgesetz (BPG).\n\u00c4nderung"},{"__metadata":{"id":"https://ws.parlament.ch/OData.svc/Transcript(ID=357809L,Language='DE')","uri":"https://ws.parlament.ch/OData.svc/Transcript(ID=357809L,Language='DE')","type":"itsystems.Pd.DataServices.DataModel.Transcript"},"Subjects":{"__deferred":{"uri":"https://ws.parlament.ch/OData.svc/Transcript(ID=357809L,Language='DE')/Subjects"}},"MembersCouncil":{"__deferred":{"uri":"https://ws.parlament.ch/OData.svc/Transcript(ID=357809L,Language='DE')/MembersCouncil"}},"Businesses":{"__deferred":{"uri":"https://ws.parlament.ch/OData.svc/Transcript(ID=357809L,Language='DE')/Businesses"}},"ID":"357809","Language":"DE","IdSubject":"68203","VoteId":null,"PersonNumber":4062,"Type":1,"Text":"<pd_text><p>Sie haben es geh\u00f6rt: Das Bundespersonalgesetz soll revidiert werden. Es werden Ihnen \u00c4nderungen in vier Themenfeldern vorgeschlagen. Ich gehe kurz darauf ein. </p>\n<p>Zuerst zur beruflichen Vorsorge: Im Themenfeld berufliche Vorsorge schl\u00e4gt der Bundesrat eine Anpassung der vorsorgepolitischen Steuerung der dezentralen Verwaltungseinheiten vor. Er will in Zukunft ausschliesslich Bestimmungen genehmigen, welche die Finanzierung betreffen. Dazu geh\u00f6ren beispielsweise die H\u00f6he der Beitr\u00e4ge oder der Beginn der Versicherungspflicht. Die Genehmigung von Bestimmungen \u00fcber die Leistungen obliegt k\u00fcnftig der Kassenkommission Publica als oberstem Organ der Vorsorgeeinrichtung. Die Steuerung der Vorsorge der zentralen Bundesverwaltung soll nach demselben Prinzip ausgestaltet werden. Damit kann der vermeintliche Normenkonflikt zwischen dem Bundespersonalgesetz und dem Bundesgesetz \u00fcber die berufliche Alters-, Hinterlassenen- und Invalidenvorsorge gel\u00f6st und das Verfahren bei Reglements\u00e4nderungen vereinfacht werden. Bez\u00fcglich Invalidit\u00e4t und Tod soll zudem die M\u00f6glichkeit geschaffen werden, vom Beitragsprimat abzuweichen. Verschiedene grosse Pensionskassen in der Schweiz wenden heute in diesem Vorsorgebereich das Leistungsprimat an.</p>\n<p>Dann zum Datenschutz: Eine weitere \u00c4nderung betrifft den Datenschutz. Sie wissen, dass das neue Datenschutzgesetz am 1.[NB]September 2023 in Kraft getreten ist. Dabei wurde der Begriff \"Pers\u00f6nlichkeitsprofil\" abgeschafft, und es wurde der neue Begriff \"Profiling\" bzw. \"Profiling mit hohem Risiko\" eingef\u00fchrt. Das Bundespersonalrecht muss an diese neue [PAGE 487] Begrifflichkeit angepasst werden. Diese Anpassung ist wichtig. Die Arbeitgeber nach dem Bundespersonalgesetz k\u00f6nnen ansonsten zum Beispiel weder Assessments durchf\u00fchren noch spezialisiertes Personal mithilfe der sozialen Medien suchen. Mit der Anpassung d\u00fcrfen aber nicht mehr oder andere Daten bearbeitet oder gar gesammelt werden.</p>\n<p>Dann zur Digitalisierung: Hier sieht der Bundesrat vor, auf die Schriftlichkeit als G\u00fcltigkeitsvoraussetzung f\u00fcr den Abschluss von Arbeitsvertr\u00e4gen zu verzichten. So k\u00f6nnen Arbeitsvertr\u00e4ge auch mit sicheren, fortgeschrittenen elektronischen Unterschriften oder mit elektronischen Vorg\u00e4ngen abgeschlossen werden. </p>\n<p>Schliesslich wurden noch weitere Punkte, die in der Praxis zu Unsicherheiten gef\u00fchrt haben, angepasst, und es wurden auch gewisse Flexibilisierungen eingef\u00fchrt.</p>\n<p>Auf die verschiedenen Minderheiten respektive Mehrheiten werde ich in der Detailberatung eingehen. </p>\n<p>Ich bitte Sie, auf die Vorlage einzutreten. </p>\n</pd_text>","MeetingCouncilAbbreviation":"S","MeetingDate":"20250610","MeetingVerbalixOid":4025,"IdSession":"5209","SpeakerFirstName":"Karin","SpeakerLastName":"Keller-Sutter","SpeakerFullName":"Keller-Sutter Karin","SpeakerFunction":"BPR-F","CouncilId":99,"CouncilName":"Bundesrat","CantonId":17,"CantonName":"St. Gallen","CantonAbbreviation":"SG","ParlGroupName":null,"ParlGroupAbbreviation":null,"SortOrder":2,"Start":"\/Date(1749579015272)\/","End":"\/Date(1749579191021)\/","Function":"BPR-F","DisplaySpeaker":true,"LanguageOfText":"DE","Modified":"\/Date(1773827312702)\/","StartTimeWithTimezone":"\/Date(1749579015273+0120)\/","EndTimeWithTimezone":"\/Date(1749579191020+0120)\/","VoteBusinessNumber":null,"VoteBusinessShortNumber":null,"VoteBusinessTitle":null},{"__metadata":{"id":"https://ws.parlament.ch/OData.svc/Transcript(ID=357815L,Language='DE')","uri":"https://ws.parlament.ch/OData.svc/Transcript(ID=357815L,Language='DE')","type":"itsystems.Pd.DataServices.DataModel.Transcript"},"Subjects":{"__deferred":{"uri":"https://ws.parlament.ch/OData.svc/Transcript(ID=357815L,Language='DE')/Subjects"}},"MembersCouncil":{"__deferred":{"uri":"https://ws.parlament.ch/OData.svc/Transcript(ID=357815L,Language='DE')/MembersCouncil"}},"Businesses":{"__deferred":{"uri":"https://ws.parlament.ch/OData.svc/Transcript(ID=357815L,Language='DE')/Businesses"}},"ID":"357815","Language":"DE","IdSubject":"68203","VoteId":"7450","PersonNumber":null,"Type":2,"Text":"<pd_text><p><i>Abstimmung - Vote </i>[GZ]</p>\n<p>[NAM][GZ]</p>\n<p>F\u00fcr den Antrag der Minderheit ... 29 Stimmen[GZ]</p>\n<p>F\u00fcr den Antrag der Mehrheit ... 14 Stimmen[GZ]</p>\n<p>(0 Enthaltungen)</p>\n</pd_text>","MeetingCouncilAbbreviation":"S","MeetingDate":"20250610","MeetingVerbalixOid":4025,"IdSession":"5209","SpeakerFirstName":null,"SpeakerLastName":null,"SpeakerFullName":"","SpeakerFunction":null,"CouncilId":null,"CouncilName":null,"CantonId":null,"CantonName":null,"CantonAbbreviation":null,"ParlGroupName":null,"ParlGroupAbbreviation":null,"SortOrder":21,"Start":"\/Date(1749580543676)\/","End":"\/Date(1749580559083)\/","Function":null,"DisplaySpeaker":null,"LanguageOfText":null,"Modified":"\/Date(1773827312737)\/","StartTimeWithTimezone":"\/Date(1749580543677+0120)\/","EndTimeWithTimezone":"\/Date(1749580559083+0120)\/","VoteBusinessNumber":20240068,"VoteBusinessShortNumber":"24.068","VoteBusinessTitle":"Bundespersonalgesetz (BPG).\n\u00c4nderung"},{"__metadata":{"id":"https://ws.parlament.ch/OData.svc/Transcript(ID=357816L,Language='DE')","uri":"https://ws.parlament.ch/OData.svc/Transcript(ID=357816L,Language='DE')","type":"itsystems.Pd.DataServices.DataModel.Transcript"},"Subjects":{"__deferred":{"uri":"https://ws.parlament.ch/OData.svc/Transcript(ID=357816L,Language='DE')/Subjects"}},"MembersCouncil":{"__deferred":{"uri":"https://ws.parlament.ch/OData.svc/Transcript(ID=357816L,Language='DE')/MembersCouncil"}},"Businesses":{"__deferred":{"uri":"https://ws.parlament.ch/OData.svc/Transcript(ID=357816L,Language='DE')/Businesses"}},"ID":"357816","Language":"DE","IdSubject":"68203","VoteId":"7451","PersonNumber":null,"Type":2,"Text":"<pd_text><p><i>Gesamtabstimmung - Vote sur l'ensemble</i>[GZ]</p>\n<p>[NAM][GZ]</p>\n<p>F\u00fcr Annahme des Entwurfes ... 40 Stimmen[GZ]</p>\n<p>(Einstimmigkeit) [GZ]</p>\n<p>(2 Enthaltungen)</p>\n<p>[VS]</p>\n<p>[VS]</p>\n<p><i>Abschreibung - Classement </i>[GZ]</p>\n<p>[VS][GZ]</p>\n<p><i>Antrag des Bundesrates </i>[GZ]</p>\n<p>Abschreiben der parlamentarischen Vorst\u00f6sse [GZ]</p>\n<p>gem\u00e4ss Brief an die eidgen\u00f6ssischen R\u00e4te (BBl 2024 2316)</p>\n<p><i>Proposition du Conseil f\u00e9d\u00e9ral </i>[GZ]</p>\n<p>Classer les interventions parlementaires [GZ]</p>\n<p>selon lettre aux Chambres f\u00e9d\u00e9rales (FF 2024 2316)[GZ]</p>\n<p>[VS][GZ]</p>\n<p><i>Angenommen - Adopt\u00e9</i></p>\n<p>[VS]</p>\n<p><b>Pr\u00e4sident</b> (Caroni Andrea, Pr\u00e4sident): Das Gesch\u00e4ft ist bereit f\u00fcr die Schlussabstimmung.</p>\n</pd_text>","MeetingCouncilAbbreviation":"S","MeetingDate":"20250610","MeetingVerbalixOid":4025,"IdSession":"5209","SpeakerFirstName":null,"SpeakerLastName":null,"SpeakerFullName":"","SpeakerFunction":null,"CouncilId":null,"CouncilName":null,"CantonId":null,"CantonName":null,"CantonAbbreviation":null,"ParlGroupName":null,"ParlGroupAbbreviation":null,"SortOrder":23,"Start":"\/Date(1749580657106)\/","End":"\/Date(1749580693534)\/","Function":null,"DisplaySpeaker":null,"LanguageOfText":null,"Modified":"\/Date(1773827312741)\/","StartTimeWithTimezone":"\/Date(1749580657107+0120)\/","EndTimeWithTimezone":"\/Date(1749580693533+0120)\/","VoteBusinessNumber":20240068,"VoteBusinessShortNumber":"24.068","VoteBusinessTitle":"Bundespersonalgesetz (BPG).\n\u00c4nderung"},{"__metadata":{"id":"https://ws.parlament.ch/OData.svc/Transcript(ID=357826L,Language='DE')","uri":"https://ws.parlament.ch/OData.svc/Transcript(ID=357826L,Language='DE')","type":"itsystems.Pd.DataServices.DataModel.Transcript"},"Subjects":{"__deferred":{"uri":"https://ws.parlament.ch/OData.svc/Transcript(ID=357826L,Language='DE')/Subjects"}},"MembersCouncil":{"__deferred":{"uri":"https://ws.parlament.ch/OData.svc/Transcript(ID=357826L,Language='DE')/MembersCouncil"}},"Businesses":{"__deferred":{"uri":"https://ws.parlament.ch/OData.svc/Transcript(ID=357826L,Language='DE')/Businesses"}},"ID":"357826","Language":"DE","IdSubject":"68203","VoteId":null,"PersonNumber":4243,"Type":1,"Text":"<pd_text><p>Am 28.[NB]August 2024 hat der Bundesrat die Botschaft zur Revision des Bundespersonalgesetzes verabschiedet. Da die Vorlage keine Auswirkungen auf Dritte hat, wurde auf eine formelle Vernehmlassung verzichtet. Wichtig ist aber, dass die Personalverb\u00e4nde sich im Rahmen der \u00c4mterkonsultation zu den vorgeschlagenen \u00c4nderungen \u00e4ussern konnten. </p>\n<p>In der Fr\u00fchjahrssession 2025 hat der Nationalrat die Vorlage mit 190 zu 2 Stimmen bei 3 Enthaltungen angenommen, einschliesslich mehrerer \u00c4nderungen, die auch Ihre Kommission unterst\u00fctzt. </p>\n<p>Das Eintreten war in unserer Kommission unbestritten. Die Kommission hat die Vorlage an ihrer Sitzung vom 28.[NB]April 2025 beraten, \u00fcbernimmt die \u00c4nderungen des Nationalrates und empfiehlt eine Anpassung in Artikel 34; ich werde in der Detailberatung noch darauf zu sprechen kommen. Schliesslich empfiehlt Ihnen die Kommission mit 8 zu 0 Stimmen bei 2 Enthaltungen, die Vorlage anzunehmen. </p>\n<p>Was sind die Schwerpunkte der Revision? Der Bundesrat schl\u00e4gt Anpassungen in mehreren zentralen Bereichen vor; ich nenne f\u00fcnf: berufliche Vorsorge, Datenschutz, Digitalisierung, rechtliche Klarstellungen und Flexibilisierungen, Massnahmen bei der Disziplinaruntersuchung. </p>\n<p>1.[NB]Bei der beruflichen Vorsorge schl\u00e4gt der Bundesrat eine Anpassung der vorsorgepolitischen Steuerung vor. Er will in Zukunft ausschliesslich die Finanzierungsbestimmungen genehmigen, also zum Beispiel die H\u00f6he der Spar- und Risikobeitr\u00e4ge sowie Beginn und Ende der Versicherungspflicht. Die Genehmigung von Leistungsbestimmungen hingegen obliegt k\u00fcnftig der Kassenkommission Publica als oberstem Organ der Vorsorgeeinrichtung. Damit kann der vermeintliche Normenkonflikt zwischen dem Bundespersonalgesetz und dem Bundesgesetz \u00fcber die berufliche Alters-, Hinterlassenen- und Invalidenvorsorge gel\u00f6st und das Verfahren bei Reglements\u00e4nderungen vereinfacht werden. Bez\u00fcglich Invalidit\u00e4t und Tod soll die M\u00f6glichkeit geschaffen werden, vom Beitragsprimat abzuweichen. Verschiedene grosse Pensionskassen in der Schweiz wenden heute in diesen Vorsorgebereichen ebenfalls das Leistungsprimat an. Auf weitere Anpassungen verzichtet der Bundesrat. Er will, bevor er weitere Anpassungen vorsehen m\u00f6chte, die Vergleichsstudie \"Anstellungsbedingungen im \u00f6ffentlichen, halb\u00f6ffentlichen und privaten Bereich\" abwarten. </p>\n<p>2.[NB]Beim Datenschutz geht es um eine notwendige Anpassung an das Datenschutzgesetz, das seit dem 1.[NB]September 2023 in Kraft ist. In diesem Gesetz wird der Begriff \"Pers\u00f6nlichkeitsprofil\" abgeschafft. Dies macht es notwendig, dass im vorliegenden Gesetz die Einf\u00fchrung des Begriffs \"Profiling\" statt \"Pers\u00f6nlichkeitsprofil\" vorgenommen wird. Es werden klare Regeln dazu festgelegt, welche Daten zu welchen Zwecken vom Arbeitgeber verarbeitet werden d\u00fcrfen, inklusive neuer Regelungen f\u00fcr Krisensituationen. Das Ziel ist, dass man insbesondere die Grundlagen f\u00fcr moderne Rekrutierungsmassnahmen in den sozialen Medien oder auch bei Assessments hat. Es gibt allerdings keine Ausweitung der Datenbearbeitung \u00fcber den heutigen Stand hinaus. [PAGE 486] </p>\n<p>3.[NB]Im Bereich der Digitalisierung schl\u00e4gt der Bundesrat vor, auf Schriftlichkeit als G\u00fcltigkeitsvoraussetzung f\u00fcr den Abschluss von Arbeitsvertr\u00e4gen zu verzichten. So k\u00f6nnen Arbeitsvertr\u00e4ge auch mit sicheren, fortgeschrittenen elektronischen Unterschriften oder mit elektronischen Vorg\u00e4ngen abgeschlossen werden. Der Bundesrat wird die Vorg\u00e4nge auf Verordnungsstufe regeln. M\u00fcndliche Vertr\u00e4ge werden nach wie vor nicht zugelassen sein. </p>\n<p>4.[NB]Zum Bereich \"rechtliche Klarstellungen und Flexibilisierungen\": Befristete Arbeitsvertr\u00e4ge k\u00f6nnen k\u00fcnftig regul\u00e4r gek\u00fcndigt werden, wenn dies vertraglich vereinbart ist. Bisher war das nur fristlos oder im gegenseitigen Einvernehmen m\u00f6glich. </p>\n<p>Dann gab es einen weiteren wichtigen Punkt, der auch in der Kommission zu reden gab - ich werde in der Detailberatung noch darauf zu sprechen kommen -: Der Bundesrat will bei ungerechtfertigter K\u00fcndigung die maximale Entsch\u00e4digung von 12 auf 8 Monatsl\u00f6hne reduzieren. Bei missbr\u00e4uchlicher K\u00fcndigung wird die Entsch\u00e4digung bei 6 bis 12 Monatsl\u00f6hnen belassen.</p>\n<p>Neu wird ein Whistleblowing-Artikel eingef\u00fchrt. Whistleblowing-Dokumente sollen vom \u00d6ffentlichkeitsgesetz ausgenommen werden.</p>\n<p>5.[NB]Wichtig f\u00fcr uns sind schliesslich die Massnahmen bei der Disziplinaruntersuchung. Sie sind wichtig, weil die GPK-N am 19.[NB]November 2019 einen Bericht zu Administrativ- und Disziplinaruntersuchungen in der Bundesverwaltung mit Empfehlungen zur \u00dcberpr\u00fcfung dieser Verfahren verabschiedete. Sie regte an, zu pr\u00fcfen, ob Administrativ- und Disziplinaruntersuchungen in einem gemeinsamen Instrument zusammengef\u00fchrt werden k\u00f6nnen. Der Bundesrat setzte eine Arbeitsgruppe ein, die empfahl, die Disziplinaruntersuchung abzuschaffen und stattdessen das personalrechtliche Verfahren anzuwenden. Gest\u00fctzt auf diese Empfehlung beauftragte der Bundesrat im August 2021 das EFD, eine \u00c4nderung von Artikel 25 des Bundespersonalgesetzes vorzubereiten und eine Verl\u00e4ngerung der Verj\u00e4hrungsfrist f\u00fcr personalrechtliche Massnahmen zu pr\u00fcfen. Mit der Abschaffung sollen auch die disziplinarischen Massnahmen wie Lohnk\u00fcrzungen und Bussen entfallen. K\u00fcnftig k\u00f6nnen Verst\u00f6sse gegen arbeitsrechtliche Pflichten \u00fcber personalrechtliche Massnahmen wie Mahnungen oder eine \u00c4nderung des Aufgabenbereichs geregelt werden.</p>\n<p>Bei der Eintretensdebatte wurden von Ihrer Kommission diverse Fragen gekl\u00e4rt. Warum will der Bundesrat k\u00fcnftig nur \u00fcber die Finanzierungsbestimmungen der beruflichen Vorsorge entscheiden und nicht mehr \u00fcber die Leistungsbestimmungen? Die Antwort der Vertretung des Bundesrates war: Zwischen dem Bundespersonalgesetz und dem Bundesgesetz \u00fcber die berufliche Alters-, Hinterlassenen- und Invalidenvorsorge bestehe ein Rechtskonflikt. \u00d6ffentlich-rechtliche K\u00f6rperschaften d\u00fcrfen entweder Finanzierungs- oder Leistungsbestimmungen erlassen, aber nicht beides. Zur L\u00f6sung schl\u00e4gt der Bundesrat vor, die Finanzierungsbestimmungen selbst zu regeln und die Leistungsbestimmungen der Kassenkommission Publica zu \u00fcberlassen. Der Bundesrat bleibt aber \u00fcber Abstimmungsmechanismen in die Gesamtvorsorge eingebunden und kann im Fall von finanziellen Auswirkungen auch bei Leistungs\u00e4nderungen indirekt mitwirken.</p>\n<p>Eine Frage in der Kommission war, ob das jetzt nur eine Minirevision sei bzw. wann die n\u00e4chste Revision komme. Hierzu wurde ausgef\u00fchrt, dass die aktuelle Revision alle Punkte umfasse, die als dringend regelungsbed\u00fcrftig gelten. Die Annahme der parlamentarischen Initiative zur Abgangsentsch\u00e4digung k\u00f6nnte hingegen zu weiteren Gesetzes\u00e4nderungen f\u00fchren. Zudem w\u00fcrden fast j\u00e4hrlich Anpassungen an der Bundespersonalverordnung erfolgen.</p>\n<p>Eine Frage zum Whistleblowing-Artikel lautete, ob die Vertrauensstellen des Bundes von der Pflicht befreit werden sollen, Verbrechen und Vergehen zu melden, und wie sich das mit den Regeln in der Privatwirtschaft vereinbaren lasse. Die Antwort von Frau von Kaenel, der Vertretung des Bundesrates, war, dass Vertrauensstellen k\u00fcnftig nicht verpflichtet seien, Meldungen zu Verbrechen weiterzuleiten. Mitarbeitende k\u00f6nnten solche Meldungen machen, und die Vertrauensstellen d\u00fcrften sie weitergeben, m\u00fcssten es aber nicht. Das solle das Vertrauen in diese Stellen st\u00e4rken. Bei Gefahr f\u00fcr Leib und Leben w\u00fcrde eine Meldung m\u00f6glich bleiben. Die Regelung betreffe nur das Dienstverh\u00e4ltnis nach dem Bundespersonalgesetz, nicht hingegen das Strafrecht. Im Privatsektor w\u00fcrden \u00e4hnliche Regeln gelten. </p>\n<p>Auch Personalverleihvertr\u00e4ge wurden noch diskutiert. In der Botschaft wird Artikel 6b als deklaratorische Bestimmung bezeichnet, die es dem Bund erm\u00f6gliche, auch Personalverleihvertr\u00e4ge abzuschliessen. Es wurde gefragt, wie dabei mit dem Amtsgeheimnis, der Vertraulichkeit und anderen Verpflichtungen umgegangen werde, ob diese sichergestellt seien und ob diese Ausgaben Teil des Personalkredits seien oder dazu dienen w\u00fcrden, das maximale Personalbudget zu umgehen. Ebenfalls wurde gefragt, wie viele Personen das betreffen w\u00fcrde.</p>\n<p>Die Antwort hierzu war, dass Artikel 6b aufgrund der Motion 19.4382 der GPK-S entstanden sei. Er stelle klar, dass Personalverleih nur zul\u00e4ssig sei, wenn kein festangestelltes Personal verf\u00fcgbar sei. Die Subsidiarit\u00e4t ist also hier entscheidend. Mustervertr\u00e4ge wurden zur Verf\u00fcgung gestellt. Genaue Zahlen zu den besch\u00e4ftigten Personen liegen nicht vor. Im Jahr 2020 beliefen sich die Ausgaben f\u00fcr den Personalverleih auf 60 Millionen Franken, 2023 waren es \"nur\" noch 37 Millionen Franken. Dieser R\u00fcckgang sei auf das Ziel zur\u00fcckzuf\u00fchren, wieder mehr Aufgaben intern zu erledigen. </p>\n<p>Zur zusammenfassenden Bewertung durch Ihre Kommission: Die Revision des Bundespersonalgesetzes stellt eine notwendige Anpassung an die aktuellen gesellschaftlichen und technologischen Entwicklungen dar. Die neuen Regelungen erm\u00f6glichen eine moderne, digitalisierte und effiziente Verwaltung, die gleichzeitig den Datenschutz st\u00e4rkt und die Flexibilit\u00e4t in den Arbeitsverh\u00e4ltnissen erh\u00f6ht. Besonders hervorzuheben ist die Neuregelung im Bereich der beruflichen Vorsorge. Auch die Datenschutzbestimmungen und die Digitalisierung von Arbeitsvertr\u00e4gen sind wichtige Fortschritte, die den Bundesangestellten zugutekommen werden. </p>\n<p>Die Kommission bef\u00fcrwortet die Vorlage; sie schafft eine solide und zukunftsf\u00e4hige Rechtsgrundlage f\u00fcr die Bundesverwaltung. Mit dieser Reform wird die Schweiz nicht nur in der Verwaltungsf\u00fchrung, sondern auch im Bereich des Datenschutzes und der digitalen Transformation des \u00f6ffentlichen Sektors nachhaltig gest\u00e4rkt.</p>\n<p>Ich bitte Sie einzutreten.</p>\n</pd_text>","MeetingCouncilAbbreviation":"S","MeetingDate":"20250610","MeetingVerbalixOid":4025,"IdSession":"5209","SpeakerFirstName":"Heidi","SpeakerLastName":"Z'graggen","SpeakerFullName":"Z'graggen Heidi","SpeakerFunction":"Mit-F","CouncilId":2,"CouncilName":"St\u00e4nderat","CantonId":4,"CantonName":"Uri","CantonAbbreviation":"UR","ParlGroupName":"Die Mitte-Fraktion. Die Mitte. EVP.","ParlGroupAbbreviation":"M-E","SortOrder":1,"Start":"\/Date(1749578298380)\/","End":"\/Date(1749579005416)\/","Function":"*","DisplaySpeaker":true,"LanguageOfText":"DE","Modified":"\/Date(1773827312700)\/","StartTimeWithTimezone":"\/Date(1749578298380+0120)\/","EndTimeWithTimezone":"\/Date(1749579005417+0120)\/","VoteBusinessNumber":null,"VoteBusinessShortNumber":null,"VoteBusinessTitle":null},{"__metadata":{"id":"https://ws.parlament.ch/OData.svc/Transcript(ID=357839L,Language='DE')","uri":"https://ws.parlament.ch/OData.svc/Transcript(ID=357839L,Language='DE')","type":"itsystems.Pd.DataServices.DataModel.Transcript"},"Subjects":{"__deferred":{"uri":"https://ws.parlament.ch/OData.svc/Transcript(ID=357839L,Language='DE')/Subjects"}},"MembersCouncil":{"__deferred":{"uri":"https://ws.parlament.ch/OData.svc/Transcript(ID=357839L,Language='DE')/MembersCouncil"}},"Businesses":{"__deferred":{"uri":"https://ws.parlament.ch/OData.svc/Transcript(ID=357839L,Language='DE')/Businesses"}},"ID":"357839","Language":"DE","IdSubject":"68203","VoteId":null,"PersonNumber":4243,"Type":1,"Text":"<pd_text><p>Zu diesem Artikel wurden bereits von der Frau Bundespr\u00e4sidentin und vom Minderheitssprecher Begr\u00fcndungen abgegeben. Ich habe keine Bemerkungen.</p>\n</pd_text>","MeetingCouncilAbbreviation":"S","MeetingDate":"20250610","MeetingVerbalixOid":4025,"IdSession":"5209","SpeakerFirstName":"Heidi","SpeakerLastName":"Z'graggen","SpeakerFullName":"Z'graggen Heidi","SpeakerFunction":"Mit-F","CouncilId":2,"CouncilName":"St\u00e4nderat","CantonId":4,"CantonName":"Uri","CantonAbbreviation":"UR","ParlGroupName":"Die Mitte-Fraktion. Die Mitte. EVP.","ParlGroupAbbreviation":"M-E","SortOrder":9,"Start":"\/Date(1749579794123)\/","End":"\/Date(1749579804129)\/","Function":"*","DisplaySpeaker":true,"LanguageOfText":"DE","Modified":"\/Date(1773827312715)\/","StartTimeWithTimezone":"\/Date(1749579794123+0120)\/","EndTimeWithTimezone":"\/Date(1749579804130+0120)\/","VoteBusinessNumber":null,"VoteBusinessShortNumber":null,"VoteBusinessTitle":null},{"__metadata":{"id":"https://ws.parlament.ch/OData.svc/Transcript(ID=357843L,Language='DE')","uri":"https://ws.parlament.ch/OData.svc/Transcript(ID=357843L,Language='DE')","type":"itsystems.Pd.DataServices.DataModel.Transcript"},"Subjects":{"__deferred":{"uri":"https://ws.parlament.ch/OData.svc/Transcript(ID=357843L,Language='DE')/Subjects"}},"MembersCouncil":{"__deferred":{"uri":"https://ws.parlament.ch/OData.svc/Transcript(ID=357843L,Language='DE')/MembersCouncil"}},"Businesses":{"__deferred":{"uri":"https://ws.parlament.ch/OData.svc/Transcript(ID=357843L,Language='DE')/Businesses"}},"ID":"357843","Language":"DE","IdSubject":"68203","VoteId":null,"PersonNumber":491,"Type":1,"Text":"<pd_text><p>Pour cet article 10, il y a trois modifications. Les arguments que je vais donner pour cet article pourraient \u00eatre r\u00e9p\u00e9t\u00e9s pour les deux articles suivants. Je n'aurai pas besoin de r\u00e9intervenir, si vous le souhaitez, Monsieur le pr\u00e9sident, cela \u00e9courtera les d\u00e9bats. La vice-pr\u00e9sidente, notre coll\u00e8gue Z'graggen, a donn\u00e9 les principaux motifs, mais il faut quand m\u00eame bien regarder \u00e0 quel point le Conseil f\u00e9d\u00e9ral va dans le d\u00e9tail et nous propose une modification l\u00e9gale pour des motifs qui nous paraissent assez peu convaincants. </p>\n<p>La premi\u00e8re modification vise \u00e0 donner la possibilit\u00e9 de r\u00e9silier de mani\u00e8re ordinaire un contrat de travail pour les motifs que l'on conna\u00eet d\u00e9j\u00e0, mais d'en ajouter un : le d\u00e9c\u00e8s. On part de l'id\u00e9e que le Conseil f\u00e9d\u00e9ral n'a sans doute pas d\u00fb payer beaucoup de fonctionnaires d\u00e9c\u00e9d\u00e9s jusqu'\u00e0 pr\u00e9sent, mais il semblait important de pr\u00e9ciser ceci. \u00c9videmment, ce n'est pas contre cela que j'interviens, mais cela montre \u00e0 quel point on a \u00e9t\u00e9 dans le d\u00e9tail dans cette r\u00e9vision l\u00e9gislative. </p>\n<p>La deuxi\u00e8me modification consiste \u00e0 changer un argument pour pouvoir supprimer un poste de travail, en passant de \"motifs objectivement suffisants\" \u00e0 \"motifs objectifs\". On ne voit pas tellement pourquoi il faut passer de \"motifs objectivement suffisants\" \u00e0 \"motifs objectifs\". Un motif objectif est assez faible comme motif pour pouvoir justifier une suppression de poste de travail. </p>\n<p>La troisi\u00e8me modification consiste \u00e0 changer \"imp\u00e9ratifs \u00e9conomiques ou imp\u00e9ratifs d'exploitation majeurs\", en enlevant l'adjectif \"majeur\", c'est-\u00e0-dire en passant \u00e0 \"imp\u00e9ratifs \u00e9conomiques ou imp\u00e9ratifs d'exploitation\". Quand on demande \u00e0 l'administration pourquoi ces suppressions d'adjectifs ou d'adverbes sont importantes, on nous r\u00e9pond qu'il y aurait eu des cas o\u00f9 des fonctionnaires auraient emp\u00each\u00e9 un licenciement, parce qu'ils auraient \u00e9t\u00e9 interpr\u00e9t\u00e9s par le Tribunal f\u00e9d\u00e9ral. Quand on demande combien de cas \u00e9taient concern\u00e9s, on n'a pas eu de r\u00e9ponse. Cela doit donc \u00eatre des cas franchement tr\u00e8s rares. Simplement, on a aussi l'impression que, avant le processus d'\u00e9conomies propos\u00e9 par le Conseil f\u00e9d\u00e9ral - cela nous a d'ailleurs \u00e9t\u00e9 dit -, le Conseil f\u00e9d\u00e9ral a essay\u00e9 d'assouplir les motifs de licenciement, sans nous apporter beaucoup d'arguments objectifs pour justifier que la pratique actuelle ne fonctionne pas. La pratique actuelle me semble pouvoir permettre de g\u00e9rer des mesures d'\u00e9conomie sans forc\u00e9ment que l'on ait \u00e0 changer la loi et \u00e0 affaiblir les crit\u00e8res qui justifient des suppressions de postes de travail. </p>\n<p>C'est pourquoi je vous invite \u00e0 en rester au droit en vigueur qui me para\u00eet suffisant pour les objectifs de gestion que se donne le Conseil f\u00e9d\u00e9ral.</p>\n</pd_text>","MeetingCouncilAbbreviation":"S","MeetingDate":"20250610","MeetingVerbalixOid":4025,"IdSession":"5209","SpeakerFirstName":"Pierre-Yves","SpeakerLastName":"Maillard","SpeakerFullName":"Maillard Pierre-Yves","SpeakerFunction":"Mit-M","CouncilId":2,"CouncilName":"St\u00e4nderat","CantonId":22,"CantonName":"Waadt","CantonAbbreviation":"VD","ParlGroupName":"Sozialdemokratische Fraktion","ParlGroupAbbreviation":"S","SortOrder":5,"Start":"\/Date(1749579382027)\/","End":"\/Date(1749579554220)\/","Function":"Mit-M","DisplaySpeaker":true,"LanguageOfText":"FR","Modified":"\/Date(1773827312707)\/","StartTimeWithTimezone":"\/Date(1749579382027+0120)\/","EndTimeWithTimezone":"\/Date(1749579554220+0120)\/","VoteBusinessNumber":null,"VoteBusinessShortNumber":null,"VoteBusinessTitle":null},{"__metadata":{"id":"https://ws.parlament.ch/OData.svc/Transcript(ID=357848L,Language='DE')","uri":"https://ws.parlament.ch/OData.svc/Transcript(ID=357848L,Language='DE')","type":"itsystems.Pd.DataServices.DataModel.Transcript"},"Subjects":{"__deferred":{"uri":"https://ws.parlament.ch/OData.svc/Transcript(ID=357848L,Language='DE')/Subjects"}},"MembersCouncil":{"__deferred":{"uri":"https://ws.parlament.ch/OData.svc/Transcript(ID=357848L,Language='DE')/MembersCouncil"}},"Businesses":{"__deferred":{"uri":"https://ws.parlament.ch/OData.svc/Transcript(ID=357848L,Language='DE')/Businesses"}},"ID":"357848","Language":"DE","IdSubject":"68203","VoteId":null,"PersonNumber":4062,"Type":1,"Text":"<pd_text><p>Ich werde es machen wie Herr Maillard mit seiner Minderheit, ich werde mich gleich zu allen drei Artikeln \u00e4ussern, also zu den Artikeln 10, 11 und 14. Ich bitte Sie, bei diesen Artikeln der Mehrheit zu folgen. </p>\n<p>Das Gesetz sagt heute, dass eine K\u00fcndigung aus wirtschaftlichen oder betrieblichen Gr\u00fcnden m\u00f6glich ist, wenn diese Gr\u00fcnde schwerwiegend sind. Der Begriff \"schwerwiegend\" f\u00fchrt in der Praxis zu gewissen Unsicherheiten. Das Bundesverwaltungsgericht hat den Begriff \"schwerwiegend\" so interpretiert, dass solche K\u00fcndigungsgr\u00fcnde grunds\u00e4tzlich nur bei einer Reorganisation oder Umstrukturierung gr\u00f6sseren Ausmasses bestehen. Die betrieblichen Bed\u00fcrfnisse eines Arbeitgebers k\u00f6nnen sich \u00e4ndern und Umstrukturierungen zur Folge haben. In der Praxis kann eine Reorganisation, die betrieblich n\u00f6tig ist, aber auch zum Umbau oder eben zum Abbau nur einer oder weniger Stellen f\u00fchren. Es ist somit wichtig, dass Rechtssicherheit dahin gehend besteht, dass nicht nur Reorganisationen gr\u00f6sseren Ausmasses zu einer K\u00fcndigung f\u00fchren k\u00f6nnen. [PAGE 488] </p>\n<p>Auch bei einer kleinen Organisation muss der Arbeitgeber w\u00e4hrend mindestens sechs Monaten aktiv nach einer neuen zumutbaren Stelle suchen. Es ist selbstverst\u00e4ndlich zuerst intern zu suchen und in kleineren Verwaltungseinheiten. Sie k\u00f6nnen sich vorstellen, dass es z.[NB]B. f\u00fcr \u00c4mter mit weniger als 50 Mitarbeitenden nicht immer m\u00f6glich ist, eine geeignete Funktion innerhalb der eigenen Verwaltungseinheit zu finden. In einem solchen Fall muss der Arbeitgeber bei einer anderen Einheit der Bundesverwaltung suchen, und wenn diese Suche ergebnislos ist, kann der Arbeitgeber k\u00fcndigen, aber er muss das wirtschaftliche Fortkommen der betroffenen Person unterst\u00fctzen. Diese Person hat dann Anspruch auf eine Abgangsentsch\u00e4digung, wenn die Voraussetzungen daf\u00fcr erf\u00fcllt sind. </p>\n<p>Ich m\u00f6chte auch noch festhalten, dass Reorganisationen - das hat St\u00e4nder\u00e4tin Z'graggen auch erw\u00e4hnt - nicht vorgeschoben werden d\u00fcrfen, um einer angestellten Person ohne sachlichen Grund zu k\u00fcndigen. Eine solche Vorgehensweise w\u00fcrde vom Gericht als willk\u00fcrlich beurteilt.</p>\n<p>Weiter wird auch der Entwurf des Bundesrates zu Artikel 11 bek\u00e4mpft. Abgesehen von den formellen \u00c4nderungen geht es bei diesem Artikel darum, dass sowohl Arbeitgeber als auch Angestellte einen befristeten Vertrag ordentlich k\u00fcndigen k\u00f6nnen, wenn sie diese K\u00fcndigungsm\u00f6glichkeit vereinbart haben. Heute k\u00f6nnen befristete Vertr\u00e4ge nur aus wichtigen Gr\u00fcnden gek\u00fcndigt werden. Die neue M\u00f6glichkeit ist aber auch f\u00fcr die Angestellten attraktiv, weil sie nicht mehr mit dem Arbeitgeber verhandeln m\u00fcssen, wenn sie vor Ablauf der Vertragsdauer eine andere Stelle gefunden haben. </p>\n<p>Ich bitte Sie, bei den Artikeln 10, 11 und 14 durchgehend der Mehrheit zu folgen.</p>\n</pd_text>","MeetingCouncilAbbreviation":"S","MeetingDate":"20250610","MeetingVerbalixOid":4025,"IdSession":"5209","SpeakerFirstName":"Karin","SpeakerLastName":"Keller-Sutter","SpeakerFullName":"Keller-Sutter Karin","SpeakerFunction":"BPR-F","CouncilId":99,"CouncilName":"Bundesrat","CantonId":17,"CantonName":"St. Gallen","CantonAbbreviation":"SG","ParlGroupName":null,"ParlGroupAbbreviation":null,"SortOrder":6,"Start":"\/Date(1749579562750)\/","End":"\/Date(1749579746347)\/","Function":"BPR-F","DisplaySpeaker":true,"LanguageOfText":"DE","Modified":"\/Date(1773827312708)\/","StartTimeWithTimezone":"\/Date(1749579562750+0120)\/","EndTimeWithTimezone":"\/Date(1749579746347+0120)\/","VoteBusinessNumber":null,"VoteBusinessShortNumber":null,"VoteBusinessTitle":null},{"__metadata":{"id":"https://ws.parlament.ch/OData.svc/Transcript(ID=357853L,Language='DE')","uri":"https://ws.parlament.ch/OData.svc/Transcript(ID=357853L,Language='DE')","type":"itsystems.Pd.DataServices.DataModel.Transcript"},"Subjects":{"__deferred":{"uri":"https://ws.parlament.ch/OData.svc/Transcript(ID=357853L,Language='DE')/Subjects"}},"MembersCouncil":{"__deferred":{"uri":"https://ws.parlament.ch/OData.svc/Transcript(ID=357853L,Language='DE')/MembersCouncil"}},"Businesses":{"__deferred":{"uri":"https://ws.parlament.ch/OData.svc/Transcript(ID=357853L,Language='DE')/Businesses"}},"ID":"357853","Language":"DE","IdSubject":"68203","VoteId":null,"PersonNumber":4075,"Type":1,"Text":"<pd_text><p><i>Eintreten wird ohne Gegenantrag beschlossen </i>[GZ]</p>\n<p><i>L'entr\u00e9e en mati\u00e8re est d\u00e9cid\u00e9e sans opposition</i></p>\n<p>[VS]</p>\n<p>[VS]</p>\n<p><b>Bundespersonalgesetz</b>[GZ]</p>\n<p><b>Loi sur le personnel de la Conf\u00e9d\u00e9ration</b>[GZ]</p>\n<p>[VS][GZ]</p>\n<p><i>Detailberatung - Discussion par article </i>[GZ]</p>\n<p>[VS][GZ]</p>\n<p><b>Titel und Ingress, Ziff. I Einleitung; Art. 1 Abs. 2; 2 Abs. 2 Bst. e; 4 Abs. 2 Bst. f; 6a Abs. 6; 6b; Gliederungstitel vor Art. 8; 8 Abs. 1, 1bis, 2, 2bis; 8a</b>[GZ]</p>\n<p><i>Antrag der Kommission </i>[GZ]</p>\n<p>Zustimmung zum Beschluss des Nationalrates</p>\n<p>[VS]</p>\n<p><b>Titre et pr\u00e9ambule ; ch. I introduction ; art. 1 al. 2 ; 2 al. 2 let. e ; 4 al. 2 let. f ; 6a al. 6 ; 6b ; titre pr\u00e9c\u00e9dant l'art. 8 ; 8 al. 1, 1bis, 2, 2bis ; 8a</b>[GZ]</p>\n<p><i>Proposition de la commission </i>[GZ]</p>\n<p>Adh\u00e9rer \u00e0 la d\u00e9cision du Conseil national [GZ]</p>\n<p>[VS][GZ]</p>\n<p><i>Angenommen - Adopt\u00e9</i></p>\n<p>[VS]</p>\n<p><b>Art. 10 Titel, Abs. 1, 2, 3 Einleitung, Bst. e, 4</b>[GZ]</p>\n<p><i>Antrag der Mehrheit </i>[GZ]</p>\n<p>Zustimmung zum Beschluss des Nationalrates</p>\n<p>[VS]</p>\n<p><i>Antrag der Minderheit </i>[GZ]</p>\n<p>(Maillard Pierre-Yves, Jositsch, Zopfi)[GZ]</p>\n<p>Gem\u00e4ss geltendem Recht</p>\n<p>[VS]</p>\n<p><b>Art. 10 titre, al. 1, 2, 3 introduction, let. e, 4</b>[GZ]</p>\n<p><i>Proposition de la majorit\u00e9 </i>[GZ]</p>\n<p>Adh\u00e9rer \u00e0 la d\u00e9cision du Conseil national</p>\n<p>[VS]</p>\n<p><i>Proposition de la minorit\u00e9 </i>[GZ]</p>\n<p>(Maillard Pierre-Yves, Jositsch, Zopfi)[GZ]</p>\n<p>Selon droit en vigueur</p>\n</pd_text>","MeetingCouncilAbbreviation":"S","MeetingDate":"20250610","MeetingVerbalixOid":4025,"IdSession":"5209","SpeakerFirstName":"Andrea","SpeakerLastName":"Caroni","SpeakerFullName":"Caroni Andrea","SpeakerFunction":"P-M","CouncilId":2,"CouncilName":"St\u00e4nderat","CantonId":15,"CantonName":"Appenzell A.-Rh.","CantonAbbreviation":"AR","ParlGroupName":"FDP-Liberale Fraktion","ParlGroupAbbreviation":"RL","SortOrder":3,"Start":"\/Date(1749579191021)\/","End":"\/Date(1749579272240)\/","Function":"P-M","DisplaySpeaker":false,"LanguageOfText":null,"Modified":"\/Date(1773827312703)\/","StartTimeWithTimezone":"\/Date(1749579191020+0120)\/","EndTimeWithTimezone":"\/Date(1749579272240+0120)\/","VoteBusinessNumber":null,"VoteBusinessShortNumber":null,"VoteBusinessTitle":null},{"__metadata":{"id":"https://ws.parlament.ch/OData.svc/Transcript(ID=357854L,Language='DE')","uri":"https://ws.parlament.ch/OData.svc/Transcript(ID=357854L,Language='DE')","type":"itsystems.Pd.DataServices.DataModel.Transcript"},"Subjects":{"__deferred":{"uri":"https://ws.parlament.ch/OData.svc/Transcript(ID=357854L,Language='DE')/Subjects"}},"MembersCouncil":{"__deferred":{"uri":"https://ws.parlament.ch/OData.svc/Transcript(ID=357854L,Language='DE')/MembersCouncil"}},"Businesses":{"__deferred":{"uri":"https://ws.parlament.ch/OData.svc/Transcript(ID=357854L,Language='DE')/Businesses"}},"ID":"357854","Language":"DE","IdSubject":"68203","VoteId":null,"PersonNumber":4062,"Type":1,"Text":"<pd_text><p>Ich bitte Sie, der Minderheit Schwander zu folgen und damit beim Nationalrat bzw. beim Bundesrat zu bleiben.</p>\n<p>Sie haben es geh\u00f6rt: Heute betr\u00e4gt die gerichtlich ausgesprochene Entsch\u00e4digung bei ungerechtfertigten K\u00fcndigungen in der Regel sechs bis zw\u00f6lf Monatsl\u00f6hne. Der Bundesrat sieht hier maximal acht Monatsl\u00f6hne vor. Die \u00c4nderung bezieht sich aber nur auf ungerechtfertigte K\u00fcndigungen. Bei missbr\u00e4uchlichen K\u00fcndigungen soll die gerichtlich ausgesprochene Entsch\u00e4digung bei sechs bis zw\u00f6lf Monatsl\u00f6hnen bleiben.</p>\n<p>Der Grund, warum der Bundesrat dies vorsieht, ist die Verh\u00e4ltnism\u00e4ssigkeit. Die Entsch\u00e4digung f\u00fcr die ungerechtfertigte K\u00fcndigung ist heute praktisch gleich geregelt wie die Entsch\u00e4digung f\u00fcr die missbr\u00e4uchliche K\u00fcndigung, und dies, obwohl der Unrechtsgehalt bei der missbr\u00e4uchlichen K\u00fcndigung nat\u00fcrlich ungleich gr\u00f6sser ist. Dies, Herr St\u00e4nderat Jositsch, war der Beweggrund. Die gerichtlich ausgesprochene Entsch\u00e4digung hat dann strafenden Charakter f\u00fcr den Arbeitgeber, und als solche muss sie im Einzelfall auch verh\u00e4ltnism\u00e4ssig sein. </p>\n<p>Selbst das Gericht hat in verschiedenen F\u00e4llen erkannt, dass der vom Bundespersonalgesetz festgelegte Rahmen zu hoch ist, und ist auch schon nach unten davon abgewichen. Es ist aus Sicht des Bundesrates nicht angemessen, dass beispielsweise auch wegen kleiner Formfehler im K\u00fcndigungsverfahren ein Strafrahmen von in der Regel sechs bis zw\u00f6lf Monatsl\u00f6hnen ausgesprochen wird. Wenn man die Rechtsprechung des Bundesverwaltungsgerichts der letzten Jahre anschaut, sieht man, dass es nur wenige F\u00e4lle gibt - es sind drei bis f\u00fcnf F\u00e4lle pro Jahr -, in denen gerichtlich eine Entsch\u00e4digung ausgesprochen wird. Es geht dem[NB]Bundesrat[NB]aber[NB]nicht[NB]um die Anzahl der Gerichtsf\u00e4lle, sondern um die Frage der Verh\u00e4ltnism\u00e4ssigkeit der Strafe. Viele F\u00e4lle werden aussergerichtlich gel\u00f6st, weil das auch g\u00fcnstiger ist.</p>\n<p>Nun, wie steht es um den K\u00fcndigungsschutz? Mitarbeitende, denen ungerechtfertigterweise und unverschuldet gek\u00fcndigt wurde, erhalten in der Regel zus\u00e4tzlich zur gerichtlich ausgesprochenen Entsch\u00e4digung auch noch eine Abgangsentsch\u00e4digung. Das ist generell bei Angestellten ab dem Alter 50 oder nach 20 Dienstjahren der Fall. Bei Mitarbeitenden in Monopolberufen oder bei Reorganisationen gilt dies bereits ab dem Alter 40 oder nach 10 Dienstjahren. Wie Sie sehen, sind \u00e4ltere Mitarbeitende und auch langj\u00e4hrige Mitarbeitende im Bundespersonalrecht besonders gesch\u00fctzt. Diese Entsch\u00e4digung kommt kumulativ zur gerichtlich ausgesprochenen Entsch\u00e4digung hinzu. Sie kann bei einer sozialen H\u00e4rte bis zu zw\u00f6lf Monatsl\u00f6hne betragen. Insgesamt k\u00f6nnte das Gericht mit dem Entwurf des Bundesrates also immer noch eine Entsch\u00e4digung von bis zu zwanzig Monatsl\u00f6hnen aussprechen.</p>\n<p>Ich m\u00f6chte Sie bitten, hier der Minderheit Schwander, dem Nationalrat und damit dem Bundesrat zu folgen. [PAGE 490] </p>\n</pd_text>","MeetingCouncilAbbreviation":"S","MeetingDate":"20250610","MeetingVerbalixOid":4025,"IdSession":"5209","SpeakerFirstName":"Karin","SpeakerLastName":"Keller-Sutter","SpeakerFullName":"Keller-Sutter Karin","SpeakerFunction":"BPR-F","CouncilId":99,"CouncilName":"Bundesrat","CantonId":17,"CantonName":"St. Gallen","CantonAbbreviation":"SG","ParlGroupName":null,"ParlGroupAbbreviation":null,"SortOrder":20,"Start":"\/Date(1749580358844)\/","End":"\/Date(1749580543676)\/","Function":"BPR-F","DisplaySpeaker":true,"LanguageOfText":"DE","Modified":"\/Date(1773827312734)\/","StartTimeWithTimezone":"\/Date(1749580358843+0120)\/","EndTimeWithTimezone":"\/Date(1749580543677+0120)\/","VoteBusinessNumber":null,"VoteBusinessShortNumber":null,"VoteBusinessTitle":null},{"__metadata":{"id":"https://ws.parlament.ch/OData.svc/Transcript(ID=357855L,Language='DE')","uri":"https://ws.parlament.ch/OData.svc/Transcript(ID=357855L,Language='DE')","type":"itsystems.Pd.DataServices.DataModel.Transcript"},"Subjects":{"__deferred":{"uri":"https://ws.parlament.ch/OData.svc/Transcript(ID=357855L,Language='DE')/Subjects"}},"MembersCouncil":{"__deferred":{"uri":"https://ws.parlament.ch/OData.svc/Transcript(ID=357855L,Language='DE')/MembersCouncil"}},"Businesses":{"__deferred":{"uri":"https://ws.parlament.ch/OData.svc/Transcript(ID=357855L,Language='DE')/Businesses"}},"ID":"357855","Language":"DE","IdSubject":"68203","VoteId":null,"PersonNumber":4243,"Type":1,"Text":"<pd_text><p>Hier hat der Nationalrat eine neue Bestimmung eingef\u00fcgt. Der Bundesrat schl\u00e4gt in seinem Entwurf vor, Whistleblowing vom \u00d6ffentlichkeitsprinzip auszunehmen, um sowohl die Meldenden als auch die Gemeldeten besser zu sch\u00fctzen und somit das Whistleblowing zu st\u00e4rken. </p>\n<p>Der Nationalrat folgte einem Antrag der SPK-N, der den Fokus speziell auf den Schutz der Daten und der Privatsph\u00e4re der Meldenden legt. Dieser Beschluss wird vom Eidgen\u00f6ssischen Datenschutz- und \u00d6ffentlichkeitsbeauftragten ausdr\u00fccklich unterst\u00fctzt. </p>\n<p>Die Frau Bundespr\u00e4sidentin hat in der Ratsdebatte im Nationalrat diese Version als Schritt in die richtige Richtung bezeichnet. Weitere \u00c4nderungsantr\u00e4ge wurden auch bei uns in der Kommission nicht gestellt, und so stimmt Ihre Kommission dem Beschluss des Nationalrates zu.</p>\n</pd_text>","MeetingCouncilAbbreviation":"S","MeetingDate":"20250610","MeetingVerbalixOid":4025,"IdSession":"5209","SpeakerFirstName":"Heidi","SpeakerLastName":"Z'graggen","SpeakerFullName":"Z'graggen Heidi","SpeakerFunction":"Mit-F","CouncilId":2,"CouncilName":"St\u00e4nderat","CantonId":4,"CantonName":"Uri","CantonAbbreviation":"UR","ParlGroupName":"Die Mitte-Fraktion. Die Mitte. EVP.","ParlGroupAbbreviation":"M-E","SortOrder":15,"Start":"\/Date(1749579914499)\/","End":"\/Date(1749579975620)\/","Function":"*","DisplaySpeaker":true,"LanguageOfText":"DE","Modified":"\/Date(1773827312726)\/","StartTimeWithTimezone":"\/Date(1749579914500+0120)\/","EndTimeWithTimezone":"\/Date(1749579975620+0120)\/","VoteBusinessNumber":null,"VoteBusinessShortNumber":null,"VoteBusinessTitle":null},{"__metadata":{"id":"https://ws.parlament.ch/OData.svc/Transcript(ID=357857L,Language='DE')","uri":"https://ws.parlament.ch/OData.svc/Transcript(ID=357857L,Language='DE')","type":"itsystems.Pd.DataServices.DataModel.Transcript"},"Subjects":{"__deferred":{"uri":"https://ws.parlament.ch/OData.svc/Transcript(ID=357857L,Language='DE')/Subjects"}},"MembersCouncil":{"__deferred":{"uri":"https://ws.parlament.ch/OData.svc/Transcript(ID=357857L,Language='DE')/MembersCouncil"}},"Businesses":{"__deferred":{"uri":"https://ws.parlament.ch/OData.svc/Transcript(ID=357857L,Language='DE')/Businesses"}},"ID":"357857","Language":"DE","IdSubject":"68203","VoteId":null,"PersonNumber":4075,"Type":1,"Text":"<pd_text><p><b>Art.[NB]11 </b>[GZ]</p>\n<p><i>Antrag der Mehrheit </i>[GZ]</p>\n<p>Zustimmung zum Beschluss des Nationalrates</p>\n<p>[VS]</p>\n<p><i>Antrag der Minderheit </i>[GZ]</p>\n<p>(Maillard Pierre-Yves, Zopfi)[GZ]</p>\n<p>Streichen</p>\n<p>[VS]</p>\n<p><b>Art.[NB]11 </b>[GZ]</p>\n<p><i>Proposition de la majorit\u00e9 </i>[GZ]</p>\n<p>Adh\u00e9rer \u00e0 la d\u00e9cision du Conseil national</p>\n<p>[VS]</p>\n<p><i>Proposition de la minorit\u00e9 </i>[GZ]</p>\n<p>(Maillard Pierre-Yves, Zopfi)[GZ]</p>\n<p>Biffer</p>\n</pd_text>","MeetingCouncilAbbreviation":"S","MeetingDate":"20250610","MeetingVerbalixOid":4025,"IdSession":"5209","SpeakerFirstName":"Andrea","SpeakerLastName":"Caroni","SpeakerFullName":"Caroni Andrea","SpeakerFunction":"P-M","CouncilId":2,"CouncilName":"St\u00e4nderat","CantonId":15,"CantonName":"Appenzell A.-Rh.","CantonAbbreviation":"AR","ParlGroupName":"FDP-Liberale Fraktion","ParlGroupAbbreviation":"RL","SortOrder":8,"Start":"\/Date(1749579762257)\/","End":"\/Date(1749579794123)\/","Function":"P-M","DisplaySpeaker":false,"LanguageOfText":null,"Modified":"\/Date(1773827312712)\/","StartTimeWithTimezone":"\/Date(1749579762257+0120)\/","EndTimeWithTimezone":"\/Date(1749579794123+0120)\/","VoteBusinessNumber":null,"VoteBusinessShortNumber":null,"VoteBusinessTitle":null},{"__metadata":{"id":"https://ws.parlament.ch/OData.svc/Transcript(ID=357858L,Language='DE')","uri":"https://ws.parlament.ch/OData.svc/Transcript(ID=357858L,Language='DE')","type":"itsystems.Pd.DataServices.DataModel.Transcript"},"Subjects":{"__deferred":{"uri":"https://ws.parlament.ch/OData.svc/Transcript(ID=357858L,Language='DE')/Subjects"}},"MembersCouncil":{"__deferred":{"uri":"https://ws.parlament.ch/OData.svc/Transcript(ID=357858L,Language='DE')/MembersCouncil"}},"Businesses":{"__deferred":{"uri":"https://ws.parlament.ch/OData.svc/Transcript(ID=357858L,Language='DE')/Businesses"}},"ID":"357858","Language":"DE","IdSubject":"68203","VoteId":null,"PersonNumber":4075,"Type":1,"Text":"<pd_text><p><b>Pr\u00e4sident</b> (Caroni Andrea, Pr\u00e4sident): Herr Maillard verzichtet auf ein Votum.</p>\n</pd_text>","MeetingCouncilAbbreviation":"S","MeetingDate":"20250610","MeetingVerbalixOid":4025,"IdSession":"5209","SpeakerFirstName":"Andrea","SpeakerLastName":"Caroni","SpeakerFullName":"Caroni Andrea","SpeakerFunction":"P-M","CouncilId":2,"CouncilName":"St\u00e4nderat","CantonId":15,"CantonName":"Appenzell A.-Rh.","CantonAbbreviation":"AR","ParlGroupName":"FDP-Liberale Fraktion","ParlGroupAbbreviation":"RL","SortOrder":10,"Start":"\/Date(1749579804129)\/","End":"\/Date(1749579829251)\/","Function":"P-M","DisplaySpeaker":false,"LanguageOfText":null,"Modified":"\/Date(1773827312716)\/","StartTimeWithTimezone":"\/Date(1749579804130+0120)\/","EndTimeWithTimezone":"\/Date(1749579829250+0120)\/","VoteBusinessNumber":null,"VoteBusinessShortNumber":null,"VoteBusinessTitle":null},{"__metadata":{"id":"https://ws.parlament.ch/OData.svc/Transcript(ID=357859L,Language='DE')","uri":"https://ws.parlament.ch/OData.svc/Transcript(ID=357859L,Language='DE')","type":"itsystems.Pd.DataServices.DataModel.Transcript"},"Subjects":{"__deferred":{"uri":"https://ws.parlament.ch/OData.svc/Transcript(ID=357859L,Language='DE')/Subjects"}},"MembersCouncil":{"__deferred":{"uri":"https://ws.parlament.ch/OData.svc/Transcript(ID=357859L,Language='DE')/MembersCouncil"}},"Businesses":{"__deferred":{"uri":"https://ws.parlament.ch/OData.svc/Transcript(ID=357859L,Language='DE')/Businesses"}},"ID":"357859","Language":"DE","IdSubject":"68203","VoteId":null,"PersonNumber":3891,"Type":1,"Text":"<pd_text><p>Die \u00dcberlegung von Kollege Schwander kann man durchaus nachvollziehen. Aber schauen Sie sich die Situation einmal von der Seite des oder der Betroffenen her an. Egal, ob Ihnen missbr\u00e4uchlich oder ungerechtfertigterweise gek\u00fcndigt wird, das Resultat ist das Gleiche. Sie stehen auf der Strasse, und Sie haben keine Stelle mehr. Und eine solche Entsch\u00e4digung, ob sie jetzt sechs oder acht Monatsl\u00f6hne oder einen Jahreslohn betr\u00e4gt, kann unter Umst\u00e4nden einen H\u00e4rtefall nicht wirklich entsch\u00e4digen. Wenn Sie mit 50 oder 55 Jahren eine Stelle verlieren, ist es relativ schwierig, wieder eine Stelle zu erlangen. Das ist der Grund, warum die Mehrheit an dieser Entsch\u00e4digung festhalten m\u00f6chte. Wir betrachten sie eher als eine Minimallinie, als dass sie zu hoch w\u00e4re. Sie m\u00fcssen sich einfach vergegenw\u00e4rtigen: In solchen Situation - ich hoffe, solche F\u00e4lle sind sehr selten - handelt es sich um ein[NB]Fehlverhalten[NB]des[NB]staatlichen[NB]Arbeitgebers. Hier jetzt ein Zeichen zu setzen und zu sagen, wir gehen mit der Entsch\u00e4digung noch herunter, scheint der Mehrheit nicht gerechtfertigt zu sein. </p>\n<p>Deshalb m\u00f6chte ich Sie bitten, dem Antrag der Mehrheit zu folgen. </p>\n</pd_text>","MeetingCouncilAbbreviation":"S","MeetingDate":"20250610","MeetingVerbalixOid":4025,"IdSession":"5209","SpeakerFirstName":"Daniel","SpeakerLastName":"Jositsch","SpeakerFullName":"Jositsch Daniel","SpeakerFunction":"Mit-M","CouncilId":2,"CouncilName":"St\u00e4nderat","CantonId":1,"CantonName":"Z\u00fcrich","CantonAbbreviation":"ZH","ParlGroupName":"Sozialdemokratische Fraktion","ParlGroupAbbreviation":"S","SortOrder":19,"Start":"\/Date(1749580252679)\/","End":"\/Date(1749580351730)\/","Function":"Mit-M","DisplaySpeaker":true,"LanguageOfText":"DE","Modified":"\/Date(1773827312732)\/","StartTimeWithTimezone":"\/Date(1749580252680+0120)\/","EndTimeWithTimezone":"\/Date(1749580351730+0120)\/","VoteBusinessNumber":null,"VoteBusinessShortNumber":null,"VoteBusinessTitle":null},{"__metadata":{"id":"https://ws.parlament.ch/OData.svc/Transcript(ID=357861L,Language='DE')","uri":"https://ws.parlament.ch/OData.svc/Transcript(ID=357861L,Language='DE')","type":"itsystems.Pd.DataServices.DataModel.Transcript"},"Subjects":{"__deferred":{"uri":"https://ws.parlament.ch/OData.svc/Transcript(ID=357861L,Language='DE')/Subjects"}},"MembersCouncil":{"__deferred":{"uri":"https://ws.parlament.ch/OData.svc/Transcript(ID=357861L,Language='DE')/MembersCouncil"}},"Businesses":{"__deferred":{"uri":"https://ws.parlament.ch/OData.svc/Transcript(ID=357861L,Language='DE')/Businesses"}},"ID":"357861","Language":"DE","IdSubject":"68203","VoteId":null,"PersonNumber":4075,"Type":1,"Text":"<pd_text><p><b>Art.[NB]13 </b>[GZ]</p>\n<p><i>Antrag der Kommission </i>[GZ]</p>\n<p>Zustimmung zum Beschluss des Nationalrates</p>\n<p><i>Proposition de la commission </i>[GZ]</p>\n<p>Adh\u00e9rer \u00e0 la d\u00e9cision du Conseil national [GZ]</p>\n<p>[VS][GZ]</p>\n<p><i>Angenommen - Adopt\u00e9</i></p>\n<p>[VS]</p>\n<p><b>Art.[NB]14 Abs. 2 Bst. c</b>[GZ]</p>\n<p><i>Antrag der Mehrheit </i>[GZ]</p>\n<p>Zustimmung zum Beschluss des Nationalrates</p>\n<p>[VS]</p>\n<p><i>Antrag der Minderheit </i>[GZ]</p>\n<p>(Maillard Pierre-Yves, Zopfi)[GZ]</p>\n<p>Gem\u00e4ss geltendem Recht</p>\n<p>[VS]</p>\n<p><b>Art.[NB]14 al. 2 let. c</b>[GZ]</p>\n<p><i>Proposition de la majorit\u00e9 </i>[GZ]</p>\n<p>Adh\u00e9rer \u00e0 la d\u00e9cision du Conseil national</p>\n<p>[VS]</p>\n<p><i>Proposition de la minorit\u00e9 </i>[GZ]</p>\n<p>(Maillard Pierre-Yves, Zopfi)[GZ]</p>\n<p>Selon droit en vigueur</p>\n</pd_text>","MeetingCouncilAbbreviation":"S","MeetingDate":"20250610","MeetingVerbalixOid":4025,"IdSession":"5209","SpeakerFirstName":"Andrea","SpeakerLastName":"Caroni","SpeakerFullName":"Caroni Andrea","SpeakerFunction":"P-M","CouncilId":2,"CouncilName":"St\u00e4nderat","CantonId":15,"CantonName":"Appenzell A.-Rh.","CantonAbbreviation":"AR","ParlGroupName":"FDP-Liberale Fraktion","ParlGroupAbbreviation":"RL","SortOrder":12,"Start":"\/Date(1749579829251)\/","End":"\/Date(1749579879330)\/","Function":"P-M","DisplaySpeaker":false,"LanguageOfText":null,"Modified":"\/Date(1773827312721)\/","StartTimeWithTimezone":"\/Date(1749579829250+0120)\/","EndTimeWithTimezone":"\/Date(1749579879330+0120)\/","VoteBusinessNumber":null,"VoteBusinessShortNumber":null,"VoteBusinessTitle":null},{"__metadata":{"id":"https://ws.parlament.ch/OData.svc/Transcript(ID=357863L,Language='DE')","uri":"https://ws.parlament.ch/OData.svc/Transcript(ID=357863L,Language='DE')","type":"itsystems.Pd.DataServices.DataModel.Transcript"},"Subjects":{"__deferred":{"uri":"https://ws.parlament.ch/OData.svc/Transcript(ID=357863L,Language='DE')/Subjects"}},"MembersCouncil":{"__deferred":{"uri":"https://ws.parlament.ch/OData.svc/Transcript(ID=357863L,Language='DE')/MembersCouncil"}},"Businesses":{"__deferred":{"uri":"https://ws.parlament.ch/OData.svc/Transcript(ID=357863L,Language='DE')/Businesses"}},"ID":"357863","Language":"DE","IdSubject":"68203","VoteId":null,"PersonNumber":4075,"Type":1,"Text":"<pd_text><p><b>Art.[NB]21a </b>[GZ]</p>\n<p><i>Antrag der Kommission </i>[GZ]</p>\n<p>Zustimmung zum Beschluss des Nationalrates</p>\n<p><i>Proposition de la commission </i>[GZ]</p>\n<p>Adh\u00e9rer \u00e0 la d\u00e9cision du Conseil national [GZ]</p>\n<p>[VS][GZ]</p>\n<p><i>Angenommen - Adopt\u00e9</i></p>\n<p>[VS]</p>\n<p><b>Art.[NB]22a Abs. 1-7</b>[GZ]</p>\n<p><i>Antrag der Kommission </i>[GZ]</p>\n<p>Zustimmung zum Beschluss des Nationalrates</p>\n<p>[VS]</p>\n<p><b>Art.[NB]22a al. 1-7</b>[GZ]</p>\n<p><i>Proposition de la commission </i>[GZ]</p>\n<p>Adh\u00e9rer \u00e0 la d\u00e9cision du Conseil national</p>\n</pd_text>","MeetingCouncilAbbreviation":"S","MeetingDate":"20250610","MeetingVerbalixOid":4025,"IdSession":"5209","SpeakerFirstName":"Andrea","SpeakerLastName":"Caroni","SpeakerFullName":"Caroni Andrea","SpeakerFunction":"P-M","CouncilId":2,"CouncilName":"St\u00e4nderat","CantonId":15,"CantonName":"Appenzell A.-Rh.","CantonAbbreviation":"AR","ParlGroupName":"FDP-Liberale Fraktion","ParlGroupAbbreviation":"RL","SortOrder":14,"Start":"\/Date(1749579879330)\/","End":"\/Date(1749579914499)\/","Function":"P-M","DisplaySpeaker":false,"LanguageOfText":null,"Modified":"\/Date(1773827312725)\/","StartTimeWithTimezone":"\/Date(1749579879330+0120)\/","EndTimeWithTimezone":"\/Date(1749579914500+0120)\/","VoteBusinessNumber":null,"VoteBusinessShortNumber":null,"VoteBusinessTitle":null},{"__metadata":{"id":"https://ws.parlament.ch/OData.svc/Transcript(ID=357867L,Language='DE')","uri":"https://ws.parlament.ch/OData.svc/Transcript(ID=357867L,Language='DE')","type":"itsystems.Pd.DataServices.DataModel.Transcript"},"Subjects":{"__deferred":{"uri":"https://ws.parlament.ch/OData.svc/Transcript(ID=357867L,Language='DE')/Subjects"}},"MembersCouncil":{"__deferred":{"uri":"https://ws.parlament.ch/OData.svc/Transcript(ID=357867L,Language='DE')/MembersCouncil"}},"Businesses":{"__deferred":{"uri":"https://ws.parlament.ch/OData.svc/Transcript(ID=357867L,Language='DE')/Businesses"}},"ID":"357867","Language":"DE","IdSubject":"68203","VoteId":null,"PersonNumber":4243,"Type":1,"Text":"<pd_text><p>Die Kommission beantragt Ihnen hier, beim bestehenden Recht zu bleiben. </p>\n<p>Es wurde n\u00e4mlich hinterfragt, warum der Begriff \"schwerwiegend\" aus dem Gesetz gestrichen wurde, obwohl dadurch die K\u00fcndigungsm\u00f6glichkeiten erleichtert werden. Zudem wurde darauf hingewiesen, dass Gerichte K\u00fcndigungen weiterhin als ungerechtfertigt oder missbr\u00e4uchlich einstufen k\u00f6nnten. In solchen F\u00e4llen sieht das geltende Recht, und das ist hier der entscheidende Punkt, eine Entsch\u00e4digung von sechs bis zw\u00f6lf Monatsl\u00f6hnen vor, die als notwendige Unterst\u00fctzung f\u00fcr den Neustart nach einer ungerechtfertigten K\u00fcndigung betrachtet wird. Eine Entsch\u00e4digung von null bis acht Monatsl\u00f6hnen, wie es der Bundesrat vorsieht, wurde in unserer Kommission als zu gering kritisiert.</p>\n<p>Weiter wurde diskutiert, warum denn die Entsch\u00e4digung bei missbr\u00e4uchlicher K\u00fcndigung nicht erh\u00f6ht, sondern gesenkt werden soll, zumal das Gesetz mit sechs bis zw\u00f6lf Monatsl\u00f6hnen bereits heute eine Differenzierung vorsieht. Zudem wurde gefragt, wie oft solche F\u00e4lle vorkommen w\u00fcrden. </p>\n<p>Da es relativ selten vorkommt, beantragt Ihnen die Kommission, beim bisherigen Recht zu bleiben.</p>\n</pd_text>","MeetingCouncilAbbreviation":"S","MeetingDate":"20250610","MeetingVerbalixOid":4025,"IdSession":"5209","SpeakerFirstName":"Heidi","SpeakerLastName":"Z'graggen","SpeakerFullName":"Z'graggen Heidi","SpeakerFunction":"Mit-F","CouncilId":2,"CouncilName":"St\u00e4nderat","CantonId":4,"CantonName":"Uri","CantonAbbreviation":"UR","ParlGroupName":"Die Mitte-Fraktion. Die Mitte. EVP.","ParlGroupAbbreviation":"M-E","SortOrder":17,"Start":"\/Date(1749580014869)\/","End":"\/Date(1749580100583)\/","Function":"*","DisplaySpeaker":true,"LanguageOfText":"DE","Modified":"\/Date(1773827312729)\/","StartTimeWithTimezone":"\/Date(1749580014870+0120)\/","EndTimeWithTimezone":"\/Date(1749580100583+0120)\/","VoteBusinessNumber":null,"VoteBusinessShortNumber":null,"VoteBusinessTitle":null},{"__metadata":{"id":"https://ws.parlament.ch/OData.svc/Transcript(ID=357871L,Language='DE')","uri":"https://ws.parlament.ch/OData.svc/Transcript(ID=357871L,Language='DE')","type":"itsystems.Pd.DataServices.DataModel.Transcript"},"Subjects":{"__deferred":{"uri":"https://ws.parlament.ch/OData.svc/Transcript(ID=357871L,Language='DE')/Subjects"}},"MembersCouncil":{"__deferred":{"uri":"https://ws.parlament.ch/OData.svc/Transcript(ID=357871L,Language='DE')/MembersCouncil"}},"Businesses":{"__deferred":{"uri":"https://ws.parlament.ch/OData.svc/Transcript(ID=357871L,Language='DE')/Businesses"}},"ID":"357871","Language":"DE","IdSubject":"68203","VoteId":null,"PersonNumber":4075,"Type":1,"Text":"<pd_text><p><i>Angenommen - Adopt\u00e9</i></p>\n<p>[VS]</p>\n<p><b>Art. 25 Abs. 2 Bst. b; 26; 27 Abs. 1 Einleitung, Bst. a-c, g-l, 2, 2bis, 5 Bst. a, c, 6; 27a; 27d Titel, Abs. 1 Einleitung, Bst. d, 2, 3, 4 Bst. d, 5, 6 Bst. a, c; 28; 31 Abs. 2, 4, 4bis; 32c Abs. 2-4; 32cbis; 32g Abs. 1, 1bis, 1ter, 2, 2bis, 4; 32i Abs. 2, 4; 32j Abs. 3; 32k Abs. 1; 32l Abs. 1; 32m Abs. 1; 34 Abs. 1</b>[GZ]</p>\n<p><i>Antrag der Kommission </i>[GZ]</p>\n<p>Zustimmung zum Beschluss des Nationalrates</p>\n<p>[VS]</p>\n<p><b>Art. 25 al. 2 let. b ; 26 ; 27 al. 1 introduction, let. a-c, g-l, 2, 2bis, 5 let. a, c, 6 ; 27a ; 27d titre, al. 1 introduction, let. d, 2, 3, 4 let. d, 5, 6 let. a, c ; 28 ; 31 al. 2, 4, 4bis ; 32c al. 2-4 ; 32cbis ; 32g al. 1, 1bis, 1ter, 2, 2bis, 4 ; 32i al. 2, 4 ; 32j al. 3 ; 32k al. 1 ; 32l al. 1 ; 32m al. 1 ; 34 al. 1</b>[GZ]</p>\n<p><i>Proposition de la commission </i>[GZ]</p>\n<p>Adh\u00e9rer \u00e0 la d\u00e9cision du Conseil national [GZ]</p>\n<p>[VS][GZ]</p>\n<p><i>Angenommen - Adopt\u00e9 [PAGE 489] </i></p>\n<p>[VS]</p>\n<p><b>Art. 34b Abs. 1 Bst. a, 2, 3 </b>[GZ]</p>\n<p><i>Antrag der Mehrheit </i>[GZ]</p>\n<p>Gem\u00e4ss geltendem Recht</p>\n<p>[VS]</p>\n<p><i>Antrag der Minderheit </i>[GZ]</p>\n<p>(Schwander, Engler)[GZ]</p>\n<p>Zustimmung zum Beschluss des Nationalrates</p>\n<p>[VS]</p>\n<p><b>Art. 34b al. 1 let. a, 2, 3</b>[GZ]</p>\n<p><i>Proposition de la majorit\u00e9 </i>[GZ]</p>\n<p>Selon droit en vigueur</p>\n<p>[VS]</p>\n<p><i>Proposition de la minorit\u00e9 </i>[GZ]</p>\n<p>(Schwander, Engler)[GZ]</p>\n<p>Adh\u00e9rer \u00e0 la d\u00e9cision du Conseil national</p>\n</pd_text>","MeetingCouncilAbbreviation":"S","MeetingDate":"20250610","MeetingVerbalixOid":4025,"IdSession":"5209","SpeakerFirstName":"Andrea","SpeakerLastName":"Caroni","SpeakerFullName":"Caroni Andrea","SpeakerFunction":"P-M","CouncilId":2,"CouncilName":"St\u00e4nderat","CantonId":15,"CantonName":"Appenzell A.-Rh.","CantonAbbreviation":"AR","ParlGroupName":"FDP-Liberale Fraktion","ParlGroupAbbreviation":"RL","SortOrder":16,"Start":"\/Date(1749579975620)\/","End":"\/Date(1749580014869)\/","Function":"P-M","DisplaySpeaker":false,"LanguageOfText":null,"Modified":"\/Date(1773827312728)\/","StartTimeWithTimezone":"\/Date(1749579975620+0120)\/","EndTimeWithTimezone":"\/Date(1749580014870+0120)\/","VoteBusinessNumber":null,"VoteBusinessShortNumber":null,"VoteBusinessTitle":null},{"__metadata":{"id":"https://ws.parlament.ch/OData.svc/Transcript(ID=357873L,Language='DE')","uri":"https://ws.parlament.ch/OData.svc/Transcript(ID=357873L,Language='DE')","type":"itsystems.Pd.DataServices.DataModel.Transcript"},"Subjects":{"__deferred":{"uri":"https://ws.parlament.ch/OData.svc/Transcript(ID=357873L,Language='DE')/Subjects"}},"MembersCouncil":{"__deferred":{"uri":"https://ws.parlament.ch/OData.svc/Transcript(ID=357873L,Language='DE')/MembersCouncil"}},"Businesses":{"__deferred":{"uri":"https://ws.parlament.ch/OData.svc/Transcript(ID=357873L,Language='DE')/Businesses"}},"ID":"357873","Language":"DE","IdSubject":"68203","VoteId":null,"PersonNumber":4075,"Type":1,"Text":"<pd_text><p><b>Art.[NB]34c Abs. 1 Bst. a, 3, 4; 39 Abs. 2, 3; 41 Abs. 1-3; 41a Abs. 1, 2 Einleitung; 41b; Ziff. II; III</b>[GZ]</p>\n<p><i>Antrag der Kommission </i>[GZ]</p>\n<p>Zustimmung zum Beschluss des Nationalrates</p>\n<p>[VS]</p>\n<p><b>Art.[NB]34c al. 1 let. a, 3, 4 ; 39 al. 2, 3 ; 41 al. 1-3 ; 41a al. 1, 2 introduction ; 41b ; ch. II ; III</b>[GZ]</p>\n<p><i>Proposition de la commission </i>[GZ]</p>\n<p>Adh\u00e9rer \u00e0 la d\u00e9cision du Conseil national [GZ]</p>\n<p>[VS][GZ]</p>\n<p><i>Angenommen - Adopt\u00e9</i></p>\n<p>[VS]</p>\n<p>[VS]</p>\n<p><b>\u00c4nderung anderer Erlasse</b>[GZ]</p>\n<p><b>Modification d'autres actes</b>[GZ]</p>\n<p>[VS][GZ]</p>\n<p><b>Ziff. 1-14</b>[GZ]</p>\n<p><i>Antrag der Kommission </i>[GZ]</p>\n<p>Zustimmung zum Beschluss des Nationalrates</p>\n<p>[VS]</p>\n<p><b>Ch. 1-14</b>[GZ]</p>\n<p><i>Proposition de la commission </i>[GZ]</p>\n<p>Adh\u00e9rer \u00e0 la d\u00e9cision du Conseil national [GZ]</p>\n<p>[VS][GZ]</p>\n<p><i>Angenommen - Adopt\u00e9</i></p>\n<p>[VS]</p>\n</pd_text>","MeetingCouncilAbbreviation":"S","MeetingDate":"20250610","MeetingVerbalixOid":4025,"IdSession":"5209","SpeakerFirstName":"Andrea","SpeakerLastName":"Caroni","SpeakerFullName":"Caroni Andrea","SpeakerFunction":"P-M","CouncilId":2,"CouncilName":"St\u00e4nderat","CantonId":15,"CantonName":"Appenzell A.-Rh.","CantonAbbreviation":"AR","ParlGroupName":"FDP-Liberale Fraktion","ParlGroupAbbreviation":"RL","SortOrder":22,"Start":"\/Date(1749580559083)\/","End":"\/Date(1749580657106)\/","Function":"P-M","DisplaySpeaker":false,"LanguageOfText":null,"Modified":"\/Date(1773827312738)\/","StartTimeWithTimezone":"\/Date(1749580559083+0120)\/","EndTimeWithTimezone":"\/Date(1749580657107+0120)\/","VoteBusinessNumber":null,"VoteBusinessShortNumber":null,"VoteBusinessTitle":null},{"__metadata":{"id":"https://ws.parlament.ch/OData.svc/Transcript(ID=357874L,Language='DE')","uri":"https://ws.parlament.ch/OData.svc/Transcript(ID=357874L,Language='DE')","type":"itsystems.Pd.DataServices.DataModel.Transcript"},"Subjects":{"__deferred":{"uri":"https://ws.parlament.ch/OData.svc/Transcript(ID=357874L,Language='DE')/Subjects"}},"MembersCouncil":{"__deferred":{"uri":"https://ws.parlament.ch/OData.svc/Transcript(ID=357874L,Language='DE')/MembersCouncil"}},"Businesses":{"__deferred":{"uri":"https://ws.parlament.ch/OData.svc/Transcript(ID=357874L,Language='DE')/Businesses"}},"ID":"357874","Language":"DE","IdSubject":"68203","VoteId":null,"PersonNumber":4243,"Type":1,"Text":"<pd_text><p>Die Mehrheit unterst\u00fctzt den Entwurf des Bundesrates, wie er vorliegt. Wenn in einer grossen Verwaltung wie in der Bundesverwaltung eine einzelne Stelle aus wirtschaftlichen Gr\u00fcnden gestrichen wird, f\u00e4llt das nicht unter wirtschaftliche Umstrukturierung. Es besteht das Risiko, dass dieser Begriff genutzt wird, um sich von Mitarbeitern aus anderen Gr\u00fcnden zu trennen. Leistungsdefizite k\u00f6nnen jedoch bereits heute ein Entlassungsgrund sein.</p>\n<p>Der Bundesrat m\u00f6chte den Begriff \"schwerwiegend\" streichen, weil er in der Praxis f\u00fcr Verwirrung sorgte. Das Bundesverwaltungsgericht hat ihn so ausgelegt, dass Reorganisationen immer ein gr\u00f6sseres Ausmass haben m\u00fcssen. Der Bundesrat findet jedoch, es sollten auch bei kleineren Umstrukturierungen einzelne Stellen aufgehoben werden k\u00f6nnen. Der Schutz f\u00fcr Mitarbeitende bleibt unver\u00e4ndert. Der Arbeitgeber muss sechs Monate lang nach einer zumutbaren neuen Stelle suchen. Es bestehen weiterhin Regelungen f\u00fcr Abgangsentsch\u00e4digungen. Eine K\u00fcndigung ist nur mit sachlichem Grund m\u00f6glich. Reorganisationen d\u00fcrfen nicht vorgeschoben werden, um sich von jemandem zu trennen.</p>\n<p>Die Mehrheit unserer Kommission ist f\u00fcr den Beschluss des Nationalrates, gem\u00e4ss Entwurf des Bundesrates, und m\u00f6chte das Wort \"schwerwiegend\" streichen. Die Minderheit Maillard Pierre-Yves m\u00f6chte es beibehalten.</p>\n</pd_text>","MeetingCouncilAbbreviation":"S","MeetingDate":"20250610","MeetingVerbalixOid":4025,"IdSession":"5209","SpeakerFirstName":"Heidi","SpeakerLastName":"Z'graggen","SpeakerFullName":"Z'graggen Heidi","SpeakerFunction":"Mit-F","CouncilId":2,"CouncilName":"St\u00e4nderat","CantonId":4,"CantonName":"Uri","CantonAbbreviation":"UR","ParlGroupName":"Die Mitte-Fraktion. Die Mitte. EVP.","ParlGroupAbbreviation":"M-E","SortOrder":4,"Start":"\/Date(1749579272240)\/","End":"\/Date(1749579378453)\/","Function":"*","DisplaySpeaker":true,"LanguageOfText":"DE","Modified":"\/Date(1773827312705)\/","StartTimeWithTimezone":"\/Date(1749579272240+0120)\/","EndTimeWithTimezone":"\/Date(1749579378453+0120)\/","VoteBusinessNumber":null,"VoteBusinessShortNumber":null,"VoteBusinessTitle":null},{"__metadata":{"id":"https://ws.parlament.ch/OData.svc/Transcript(ID=357877L,Language='DE')","uri":"https://ws.parlament.ch/OData.svc/Transcript(ID=357877L,Language='DE')","type":"itsystems.Pd.DataServices.DataModel.Transcript"},"Subjects":{"__deferred":{"uri":"https://ws.parlament.ch/OData.svc/Transcript(ID=357877L,Language='DE')/Subjects"}},"MembersCouncil":{"__deferred":{"uri":"https://ws.parlament.ch/OData.svc/Transcript(ID=357877L,Language='DE')/MembersCouncil"}},"Businesses":{"__deferred":{"uri":"https://ws.parlament.ch/OData.svc/Transcript(ID=357877L,Language='DE')/Businesses"}},"ID":"357877","Language":"DE","IdSubject":"68203","VoteId":null,"PersonNumber":1159,"Type":1,"Text":"<pd_text><p>Ich beantrage Ihnen namens der Minderheit, dem Bundesrat zu folgen. Warum? </p>\n<p>De facto ist die Entsch\u00e4digung bei ungerechtfertigten K\u00fcndigungen im geltenden Recht praktisch gleich hoch wie bei missbr\u00e4uchlichen K\u00fcndigungen. Die Kommissionssprecherin ist darauf in der Ausgangsdiskussion bereits eingegangen. Es stellt sich die Frage, was der Gesetzgeber damals meinte. Man kann fragen: Wo liegt f\u00fcr die Betroffenen der Unterschied zwischen \"missbr\u00e4uchlich\" und \"ungerechtfertigt\"? Wenn man von \"missbr\u00e4uchlich\" spricht, geht es um die Frage der Rechtm\u00e4ssigkeit. Ist die Rechtm\u00e4ssigkeit gegeben oder nicht? Ist sie nicht gegeben, soll der Arbeitgeber eine entsprechende Entsch\u00e4digung bezahlen. Bei einer ungerechtfertigten K\u00fcndigung geht es jedoch vielfach nicht um die Frage der Rechtm\u00e4ssigkeit, sondern darum, ob[NB]etwas[NB]gerecht[NB]oder[NB]ungerecht ist. Die Frage, ob etwas gerecht ist oder nicht, kann schnell auf etwas Subjektives hinauslaufen.</p>\n<p>In dieser Diskussion will der Bundesrat eine Abstufung vornehmen. Bei einer missbr\u00e4uchlichen K\u00fcndigung muss eine h\u00f6here Entsch\u00e4digung bezahlt werden als bei einer ungerechtfertigten K\u00fcndigung. Dass man hier eine Unterscheidung macht, scheint der Minderheit gerechtfertigt zu sein. Es ist nicht so, dass wir die Entsch\u00e4digung g\u00e4nzlich streichen. Nach wie vor ist eine Kumulation mit Abgangsentsch\u00e4digung m\u00f6glich. Das heisst, bei einer ungerechtfertigten K\u00fcndigung ist es durchaus m\u00f6glich, dass sechzehn bis zwanzig Monatsl\u00f6hne bezahlt werden m\u00fcssen. Es geht um eine Abstufung; es geht darum, dass wir sagen: Eine missbr\u00e4uchliche K\u00fcndigung hat eine h\u00f6here Entsch\u00e4digung zur Folge als eine ungerechtfertigte K\u00fcndigung. Das scheint der Minderheit gerechtfertigt zu sein. </p>\n<p>Ich bitte Sie deshalb, dem Bundesrat zu folgen.</p>\n</pd_text>","MeetingCouncilAbbreviation":"S","MeetingDate":"20250610","MeetingVerbalixOid":4025,"IdSession":"5209","SpeakerFirstName":"Pirmin","SpeakerLastName":"Schwander","SpeakerFullName":"Schwander Pirmin","SpeakerFunction":"Mit-M","CouncilId":2,"CouncilName":"St\u00e4nderat","CantonId":5,"CantonName":"Schwyz","CantonAbbreviation":"SZ","ParlGroupName":"Fraktion der Schweizerischen Volkspartei","ParlGroupAbbreviation":"V","SortOrder":18,"Start":"\/Date(1749580104631)\/","End":"\/Date(1749580244732)\/","Function":"Mit-M","DisplaySpeaker":true,"LanguageOfText":"DE","Modified":"\/Date(1773827312731)\/","StartTimeWithTimezone":"\/Date(1749580104630+0120)\/","EndTimeWithTimezone":"\/Date(1749580244733+0120)\/","VoteBusinessNumber":null,"VoteBusinessShortNumber":null,"VoteBusinessTitle":null}]},"ID":"68203","Language":"DE","IdMeeting":"5082","VerbalixOid":775561,"SortOrder":6,"Modified":"\/Date(1773827312694)\/"}}