{"d":{"__metadata":{"id":"https://ws.parlament.ch/OData.svc/Subject(ID=68567L,Language='DE')","uri":"https://ws.parlament.ch/OData.svc/Subject(ID=68567L,Language='DE')","type":"itsystems.Pd.DataServices.DataModel.Subject"},"Meetings":{"__metadata":{"id":"https://ws.parlament.ch/OData.svc/Meeting(ID=5100L,Language='DE')","uri":"https://ws.parlament.ch/OData.svc/Meeting(ID=5100L,Language='DE')","type":"itsystems.Pd.DataServices.DataModel.Meeting"},"Sessions":{"__deferred":{"uri":"https://ws.parlament.ch/OData.svc/Meeting(ID=5100L,Language='DE')/Sessions"}},"Subjects":{"__deferred":{"uri":"https://ws.parlament.ch/OData.svc/Meeting(ID=5100L,Language='DE')/Subjects"}},"ID":"5100","Language":"DE","MeetingNumber":16,"IdSession":5209,"SessionNumber":9,"SessionName":"Sommersession 2025","Council":1,"CouncilName":"Nationalrat","CouncilAbbreviation":"NR","Date":"\/Date(1750291200000)\/","Begin":"1500","Modified":"\/Date(1753434974857)\/","LegislativePeriodNumber":52,"PublicationStatus":"final","MeetingOrderText":"Sechzehnte Sitzung","SortOrder":16,"Location":"N"},"SubjectsBusiness":{"results":[{"__metadata":{"id":"https://ws.parlament.ch/OData.svc/SubjectBusiness(BusinessNumber=20243498,IdSubject=68567L,Language='DE')","uri":"https://ws.parlament.ch/OData.svc/SubjectBusiness(BusinessNumber=20243498,IdSubject=68567L,Language='DE')","type":"itsystems.Pd.DataServices.DataModel.SubjectBusiness"},"Subjects":{"__deferred":{"uri":"https://ws.parlament.ch/OData.svc/SubjectBusiness(BusinessNumber=20243498,IdSubject=68567L,Language='DE')/Subjects"}},"Businesses":{"__deferred":{"uri":"https://ws.parlament.ch/OData.svc/SubjectBusiness(BusinessNumber=20243498,IdSubject=68567L,Language='DE')/Businesses"}},"IdSubject":"68567","BusinessNumber":20243498,"Language":"DE","BusinessShortNumber":"24.3498","Title":"Datenaustausch bei illegalen Migranten systematisieren","SortOrder":1,"PublishedNotes":null,"Modified":"\/Date(1723815675880)\/","TitleDE":"Motion Salzmann Werner.\nDatenaustausch bei illegalen\nMigranten systematisieren","TitleFR":"Motion Salzmann Werner.\nSyst\u00e9matiser l'\u00e9change de donn\u00e9es\nsur les migrants en situation ill\u00e9gale","TitleIT":null}]},"Transcripts":{"results":[{"__metadata":{"id":"https://ws.parlament.ch/OData.svc/Transcript(ID=360169L,Language='DE')","uri":"https://ws.parlament.ch/OData.svc/Transcript(ID=360169L,Language='DE')","type":"itsystems.Pd.DataServices.DataModel.Transcript"},"Subjects":{"__deferred":{"uri":"https://ws.parlament.ch/OData.svc/Transcript(ID=360169L,Language='DE')/Subjects"}},"MembersCouncil":{"__deferred":{"uri":"https://ws.parlament.ch/OData.svc/Transcript(ID=360169L,Language='DE')/MembersCouncil"}},"Businesses":{"__deferred":{"uri":"https://ws.parlament.ch/OData.svc/Transcript(ID=360169L,Language='DE')/Businesses"}},"ID":"360169","Language":"DE","IdSubject":"68567","VoteId":"30924","PersonNumber":null,"Type":2,"Text":"<pd_text><p><i>Abstimmung - Vote </i>[GZ]</p>\n<p>[NAM][GZ]</p>\n<p>F\u00fcr Annahme der Motion ... 121 Stimmen [GZ]</p>\n<p>Dagegen ... 59 Stimmen [GZ]</p>\n<p>(1 Enthaltung)[GZ]</p>\n<p>[VS][GZ]</p>\n<p>[VS][GZ]</p>\n<p>[VS][GZ]</p>\n<p><i>Schluss der Sitzung um 18.45 Uhr </i>[GZ]</p>\n<p><i>La s\u00e9ance est lev\u00e9e \u00e0 18 h 45 [PAGE 1269] </i></p>\n<p>[VS]</p>\n<p>[VS]</p>\n<p>[VS]</p>\n<p>[VS]</p>\n</pd_text>","MeetingCouncilAbbreviation":"N","MeetingDate":"20250619","MeetingVerbalixOid":4043,"IdSession":"5209","SpeakerFirstName":null,"SpeakerLastName":null,"SpeakerFullName":"","SpeakerFunction":null,"CouncilId":null,"CouncilName":null,"CantonId":null,"CantonName":null,"CantonAbbreviation":null,"ParlGroupName":null,"ParlGroupAbbreviation":null,"SortOrder":8,"Start":"\/Date(1750358747789)\/","End":"\/Date(1750359047789)\/","Function":null,"DisplaySpeaker":null,"LanguageOfText":null,"Modified":"\/Date(1774876727865)\/","StartTimeWithTimezone":"\/Date(1750358747790+0120)\/","EndTimeWithTimezone":"\/Date(1750359047790+0120)\/","VoteBusinessNumber":20243498,"VoteBusinessShortNumber":"24.3498","VoteBusinessTitle":"Motion Salzmann Werner.\nDatenaustausch bei illegalen\nMigranten systematisieren"},{"__metadata":{"id":"https://ws.parlament.ch/OData.svc/Transcript(ID=360170L,Language='DE')","uri":"https://ws.parlament.ch/OData.svc/Transcript(ID=360170L,Language='DE')","type":"itsystems.Pd.DataServices.DataModel.Transcript"},"Subjects":{"__deferred":{"uri":"https://ws.parlament.ch/OData.svc/Transcript(ID=360170L,Language='DE')/Subjects"}},"MembersCouncil":{"__deferred":{"uri":"https://ws.parlament.ch/OData.svc/Transcript(ID=360170L,Language='DE')/MembersCouncil"}},"Businesses":{"__deferred":{"uri":"https://ws.parlament.ch/OData.svc/Transcript(ID=360170L,Language='DE')/Businesses"}},"ID":"360170","Language":"DE","IdSubject":"68567","VoteId":null,"PersonNumber":11505,"Type":1,"Text":"<pd_text><p>Monsieur Addor, le groupe du Centre soutient cette motion, mais il tient \u00e0 faire pr\u00e9ciser certains points. Dans la mise en oeuvre de la motion, il conviendra de veiller \u00e0 ne pas porter atteinte aux droits fondamentaux consacr\u00e9s dans la Constitution f\u00e9d\u00e9rale. Cela concernera, par exemple, le droit des enfants \u00e0 fr\u00e9quenter l'\u00e9cole. Pouvez-vous confirmer que ces droits fondamentaux seront garantis[NB]?</p>\n</pd_text>","MeetingCouncilAbbreviation":"N","MeetingDate":"20250619","MeetingVerbalixOid":4043,"IdSession":"5209","SpeakerFirstName":"Giorgio","SpeakerLastName":"Fonio","SpeakerFullName":"Fonio Giorgio","SpeakerFunction":"Mit-M","CouncilId":1,"CouncilName":"Nationalrat","CantonId":27,"CantonName":"Tessin","CantonAbbreviation":"TI","ParlGroupName":"Die Mitte-Fraktion. Die Mitte. EVP.","ParlGroupAbbreviation":"M-E","SortOrder":3,"Start":"\/Date(1750358322735)\/","End":"\/Date(1750358346128)\/","Function":"Mit-M","DisplaySpeaker":true,"LanguageOfText":"FR","Modified":"\/Date(1774876727855)\/","StartTimeWithTimezone":"\/Date(1750358322737+0120)\/","EndTimeWithTimezone":"\/Date(1750358346127+0120)\/","VoteBusinessNumber":null,"VoteBusinessShortNumber":null,"VoteBusinessTitle":null},{"__metadata":{"id":"https://ws.parlament.ch/OData.svc/Transcript(ID=360173L,Language='DE')","uri":"https://ws.parlament.ch/OData.svc/Transcript(ID=360173L,Language='DE')","type":"itsystems.Pd.DataServices.DataModel.Transcript"},"Subjects":{"__deferred":{"uri":"https://ws.parlament.ch/OData.svc/Transcript(ID=360173L,Language='DE')/Subjects"}},"MembersCouncil":{"__deferred":{"uri":"https://ws.parlament.ch/OData.svc/Transcript(ID=360173L,Language='DE')/MembersCouncil"}},"Businesses":{"__deferred":{"uri":"https://ws.parlament.ch/OData.svc/Transcript(ID=360173L,Language='DE')/Businesses"}},"ID":"360173","Language":"DE","IdSubject":"68567","VoteId":null,"PersonNumber":4154,"Type":1,"Text":"<pd_text><p>C'est une question qui, \u00e0 l'initiative du groupe du Centre, a \u00e9t\u00e9 discut\u00e9e en commission. Il est vrai que l'on peut parfaitement mettre en oeuvre cette motion dans l'int\u00e9r\u00eat g\u00e9n\u00e9ral, sans pour autant violer les droits fondamentaux, dans l'id\u00e9e de ce que les coll\u00e8gues du Centre au sein de la commission, dont vous faites partie, avaient en t\u00eate \u00e0 ce moment-l\u00e0. Oui.</p>\n</pd_text>","MeetingCouncilAbbreviation":"N","MeetingDate":"20250619","MeetingVerbalixOid":4043,"IdSession":"5209","SpeakerFirstName":"Jean-Luc","SpeakerLastName":"Addor","SpeakerFullName":"Addor Jean-Luc","SpeakerFunction":"Mit-M","CouncilId":1,"CouncilName":"Nationalrat","CantonId":23,"CantonName":"Wallis","CantonAbbreviation":"VS","ParlGroupName":"Fraktion der Schweizerischen Volkspartei","ParlGroupAbbreviation":"V","SortOrder":4,"Start":"\/Date(1750358346128)\/","End":"\/Date(1750358374090)\/","Function":"Mit-M","DisplaySpeaker":true,"LanguageOfText":"FR","Modified":"\/Date(1774876727856)\/","StartTimeWithTimezone":"\/Date(1750358346127+0120)\/","EndTimeWithTimezone":"\/Date(1750358374090+0120)\/","VoteBusinessNumber":null,"VoteBusinessShortNumber":null,"VoteBusinessTitle":null},{"__metadata":{"id":"https://ws.parlament.ch/OData.svc/Transcript(ID=360174L,Language='DE')","uri":"https://ws.parlament.ch/OData.svc/Transcript(ID=360174L,Language='DE')","type":"itsystems.Pd.DataServices.DataModel.Transcript"},"Subjects":{"__deferred":{"uri":"https://ws.parlament.ch/OData.svc/Transcript(ID=360174L,Language='DE')/Subjects"}},"MembersCouncil":{"__deferred":{"uri":"https://ws.parlament.ch/OData.svc/Transcript(ID=360174L,Language='DE')/MembersCouncil"}},"Businesses":{"__deferred":{"uri":"https://ws.parlament.ch/OData.svc/Transcript(ID=360174L,Language='DE')/Businesses"}},"ID":"360174","Language":"DE","IdSubject":"68567","VoteId":null,"PersonNumber":4331,"Type":1,"Text":"<pd_text><p>Bei diesem Vorstoss geht es darum, gegen illegale Migration vorzugehen. Das ist ein durchaus legitimes Ziel. Der Weg jedoch, den diese Motion fordert, ist aus Sicht der Minderheit der Kommission h\u00f6chst problematisch. S\u00e4mtliche relevanten Daten von Sans-Papiers sollen zwischen verschiedenen Akteuren wie Sozialversicherungen, Gemeinden und Krankenkassen systematisch ausgetauscht und abgeglichen werden.</p>\n<p>Ich m\u00f6chte Ihnen an einem Beispiel verdeutlichen, welche realen Folgen ein solcher Datenaustausch haben kann. In einem kleinen, bescheidenen Appartement in der Schweiz lebt der f\u00fcnfj\u00e4hrige Matteo mit seinen Eltern. Sie waren in der Hoffnung auf ein besseres Leben aus ihrem Heimatland weggezogen. Sie haben aber keine g\u00fcltigen Aufenthaltspapiere und leben in st\u00e4ndiger Angst, entdeckt oder abgeschoben zu werden. Aus dieser Angst heraus haben die Eltern beschlossen, Matteo nicht krankenversichern zu lassen. Sie f\u00fcrchten, dass ihre Situation auffliegen k\u00f6nnte, wenn sie offizielle Wege gehen. Auch in den Kindergarten schicken sie ihn nicht, obwohl Matteo nat\u00fcrlich immer wieder Kinder spielen sieht und diesen Wunsch h\u00e4tte. Eines Tages beginnt sich Matteo unwohl zu f\u00fchlen. Zuerst ist es nur ein leichter Husten, aber bald wird es schlimmer. Er bekommt hohes Fieber, klagt \u00fcber Schmerzen, und die Eltern werden je l\u00e4nger, je verzweifelter, weil sie sehen, dass sein Zustand sich rapide verschlechtert. Schliesslich bringen sie ihren Sohn notfallm\u00e4ssig ins Krankenhaus. Die \u00c4rzte erkennen sofort den Ernst der Lage und versuchen, mit den n\u00f6tigen lebensrettenden Massnahmen einzugreifen. Es braucht intensivmedizinische Betreuung, um das Leben des Kindes zu retten. Es gelingt, die Erleichterung der Eltern ist gross, aber dann stellt sich die Frage der Kosten. Wie gesagt, Matteo ist nicht krankenversichert, und deshalb \u00fcbernimmt schliesslich die Allgemeinheit die Kosten, weil es eine Notversorgung war.</p>\n<p>Diese Geschichte ist kein Einzelfall. Es gibt Hunderte, ja Tausende Kinder wie Matteo in unserem Land. Das ist ein Fakt. Es gibt Kinder, die f\u00fcr ihren Aufenthaltsstatus nichts k\u00f6nnen und daran nichts \u00e4ndern k\u00f6nnen. Und doch w\u00e4ren die Folgen dieser Motion f\u00fcr die Kinder am gr\u00f6ssten, und sie m\u00fcssten am meisten darunter leiden. Die Motion verlangt n\u00e4mlich, dass Daten zum Versicherungsstatus, zu den Pr\u00e4mienzahlungen, zu den Pr\u00e4mienverg\u00fcnstigungen usw. systematisch abgeglichen werden. Da stellt sich f\u00fcr uns die grundlegende Frage: Wollen wir wirklich, dass Menschen aus Angst auf eine Krankenversicherung verzichten? Wollen wir, dass Kinder erst medizinische Hilfe bekommen, wenn es fast zu sp\u00e4t ist? Ist das die Schweiz, die wir uns w\u00fcnschen? </p>\n<p>Das Arztgeheimnis besteht aus einem guten Grund: Es sch\u00fctzt die W\u00fcrde jedes Menschen, unabh\u00e4ngig von seinem Aufenthaltsstatus - damit w\u00e4ren wir wieder bei den Menschenrechten -, und es sch\u00fctzt unser Gesundheitssystem davor, f\u00fcr ausl\u00e4nderrechtliche Zwecke instrumentalisiert zu werden. Ein systematischer und automatischer Datenaustausch w\u00e4re auch deswegen kontraproduktiv, weil die Kosten f\u00fcr die Notfallversorgung von nicht versicherten Menschen schliesslich von den Kantonen und Gemeinden \u00fcbernommen werden m\u00fcssen. Wer glaubt, mit dieser Motion Missst\u00e4nde zu beseitigen, schafft in Wahrheit neue, gravierendere. </p>\n<p>Wir d\u00fcrfen grundlegende Rechte und die medizinische Versorgung nicht zu Werkzeugen der Migrationsbek\u00e4mpfung machen. Daf\u00fcr gibt es andere Mittel. </p>\n<p>Deshalb fordert Sie die Minderheit der Kommission auf: Lehnen Sie die Motion ab, und korrigieren Sie damit auch die Entscheide, die wir in \u00e4hnlicher Weise vor zwei Jahren bei anderen Motionen getroffen haben.</p>\n</pd_text>","MeetingCouncilAbbreviation":"N","MeetingDate":"20250619","MeetingVerbalixOid":4043,"IdSession":"5209","SpeakerFirstName":"Marc","SpeakerLastName":"Jost","SpeakerFullName":"Jost Marc","SpeakerFunction":"Mit-M","CouncilId":1,"CouncilName":"Nationalrat","CantonId":2,"CantonName":"Bern","CantonAbbreviation":"BE","ParlGroupName":"Die Mitte-Fraktion. Die Mitte. EVP.","ParlGroupAbbreviation":"M-E","SortOrder":5,"Start":"\/Date(1750358383125)\/","End":"\/Date(1750358659856)\/","Function":"Mit-M","DisplaySpeaker":true,"LanguageOfText":"DE","Modified":"\/Date(1774876727859)\/","StartTimeWithTimezone":"\/Date(1750358383127+0120)\/","EndTimeWithTimezone":"\/Date(1750358659857+0120)\/","VoteBusinessNumber":null,"VoteBusinessShortNumber":null,"VoteBusinessTitle":null},{"__metadata":{"id":"https://ws.parlament.ch/OData.svc/Transcript(ID=360177L,Language='DE')","uri":"https://ws.parlament.ch/OData.svc/Transcript(ID=360177L,Language='DE')","type":"itsystems.Pd.DataServices.DataModel.Transcript"},"Subjects":{"__deferred":{"uri":"https://ws.parlament.ch/OData.svc/Transcript(ID=360177L,Language='DE')/Subjects"}},"MembersCouncil":{"__deferred":{"uri":"https://ws.parlament.ch/OData.svc/Transcript(ID=360177L,Language='DE')/MembersCouncil"}},"Businesses":{"__deferred":{"uri":"https://ws.parlament.ch/OData.svc/Transcript(ID=360177L,Language='DE')/Businesses"}},"ID":"360177","Language":"DE","IdSubject":"68567","VoteId":null,"PersonNumber":4154,"Type":1,"Text":"<pd_text><p>On parle ici d'une motion qui a pour objectif de rendre syst\u00e9matique l'\u00e9change de donn\u00e9es sur les migrants en situation ill\u00e9gale. Le Conseil f\u00e9d\u00e9ral consid\u00e8re que c'est un coup d'\u00e9p\u00e9e dans l'eau, que cela ne sert \u00e0 rien. On nous dit souvent que les sans-papiers, comme ils n'ont pas de papiers, qu'ils n'ont pas d'existence l\u00e9gale, c'est comme s'ils n'existaient pas. La r\u00e9alit\u00e9, pour la majorit\u00e9 de la commission, est tout \u00e0 fait diff\u00e9rente, parce que tout le monde sait que certains migrants en situation irr\u00e9guli\u00e8re dans notre pays touchent diff\u00e9rentes aides, qu'ils sont parfois assur\u00e9s, qu'ils ont une assurance-maladie, qu'ils peuvent scolariser leurs enfants, etc.</p>\n<p>La question n'est pas de les criminaliser, la question est de savoir si, finalement, on veut tol\u00e9rer que vivent chez nous - on parle de 100[NB]000 personnes, mais, par d\u00e9finition, on ne sait pas trop combien ils sont -, si on veut continuer \u00e0 tol\u00e9rer que des milliers, pour le moins, de migrants en situation irr\u00e9guli\u00e8re profitent de nos infrastructures, en particulier de nos \u00e9coles, voire aussi de nos institutions et autres assurances sociales.</p>\n<p>Que propose cette motion Salzmann ? Simplement de rendre syst\u00e9matique l'\u00e9change de donn\u00e9es entre les autorit\u00e9s. Je prends un exemple, celui d'un enfant de migrants en situation irr\u00e9guli\u00e8re. Si l'on impose un jour \u00e0 l'\u00e9cole l'obligation de v\u00e9rifier la situation des \u00e9l\u00e8ves qui la fr\u00e9quentent, il y aura fatalement des situations que l'on identifiera. Et puis, finalement, c'est assez sain que l'on fasse la distinction entre ceux qui sont les bienvenus dans notre pays, en situation r\u00e9guli\u00e8re, au b\u00e9n\u00e9fice d'autorisations r\u00e9guli\u00e8rement d\u00e9livr\u00e9es par [PAGE 1268] les autorit\u00e9s, et les personnes qui n'ont finalement rien \u00e0 faire chez nous et qui n'ont \u00e0 profiter ni de nos infrastructures ni de nos assurances sociales, faut-il le pr\u00e9ciser, aux frais des citoyennes et des citoyens, en particulier des contribuables de ce pays. </p>\n<p>Voil\u00e0 pourquoi, par 15 voix contre 9, la commission vous propose d'accepter la motion Salzmann.</p>\n</pd_text>","MeetingCouncilAbbreviation":"N","MeetingDate":"20250619","MeetingVerbalixOid":4043,"IdSession":"5209","SpeakerFirstName":"Jean-Luc","SpeakerLastName":"Addor","SpeakerFullName":"Addor Jean-Luc","SpeakerFunction":"Mit-M","CouncilId":1,"CouncilName":"Nationalrat","CantonId":23,"CantonName":"Wallis","CantonAbbreviation":"VS","ParlGroupName":"Fraktion der Schweizerischen Volkspartei","ParlGroupAbbreviation":"V","SortOrder":2,"Start":"\/Date(1750358114125)\/","End":"\/Date(1750358318382)\/","Function":"*","DisplaySpeaker":true,"LanguageOfText":"FR","Modified":"\/Date(1774876727853)\/","StartTimeWithTimezone":"\/Date(1750358114127+0120)\/","EndTimeWithTimezone":"\/Date(1750358318383+0120)\/","VoteBusinessNumber":null,"VoteBusinessShortNumber":null,"VoteBusinessTitle":null},{"__metadata":{"id":"https://ws.parlament.ch/OData.svc/Transcript(ID=360179L,Language='DE')","uri":"https://ws.parlament.ch/OData.svc/Transcript(ID=360179L,Language='DE')","type":"itsystems.Pd.DataServices.DataModel.Transcript"},"Subjects":{"__deferred":{"uri":"https://ws.parlament.ch/OData.svc/Transcript(ID=360179L,Language='DE')/Subjects"}},"MembersCouncil":{"__deferred":{"uri":"https://ws.parlament.ch/OData.svc/Transcript(ID=360179L,Language='DE')/MembersCouncil"}},"Businesses":{"__deferred":{"uri":"https://ws.parlament.ch/OData.svc/Transcript(ID=360179L,Language='DE')/Businesses"}},"ID":"360179","Language":"DE","IdSubject":"68567","VoteId":null,"PersonNumber":4032,"Type":1,"Text":"<pd_text><p>Ich kann mich kurzhalten. Der Bundesrat beantragt Ihnen, die Motion abzulehnen. Allerdings hat das Parlament bereits die identische Motion 24.3059 der SVP-Fraktion angenommen. Damit haben Sie dem Bundesrat bereits den Auftrag erteilt, diese Motion umzusetzen - ganz unabh\u00e4ngig davon, wie die Abstimmung heute ausf\u00e4llt. </p>\n<p>Ich nehme aber sehr gerne zur Kenntnis, was der Sprecher der Kommissionsmehrheit gesagt hat. Er will, dass der Bundesrat bei der Umsetzung die verfassungsrechtlichen Grundrechte, wie beispielsweise das Recht auf Bildung und Gesundheit, ber\u00fccksichtigt. Diesen Input nehmen wir sehr gerne entgegen. </p>\n</pd_text>","MeetingCouncilAbbreviation":"N","MeetingDate":"20250619","MeetingVerbalixOid":4043,"IdSession":"5209","SpeakerFirstName":"Beat","SpeakerLastName":"Jans","SpeakerFullName":"Jans Beat","SpeakerFunction":"BR-M","CouncilId":99,"CouncilName":"Bundesrat","CantonId":12,"CantonName":"Basel-Stadt","CantonAbbreviation":"BS","ParlGroupName":null,"ParlGroupAbbreviation":null,"SortOrder":6,"Start":"\/Date(1750358665719)\/","End":"\/Date(1750358721868)\/","Function":"BR-M","DisplaySpeaker":true,"LanguageOfText":"DE","Modified":"\/Date(1774876727861)\/","StartTimeWithTimezone":"\/Date(1750358665720+0120)\/","EndTimeWithTimezone":"\/Date(1750358721867+0120)\/","VoteBusinessNumber":null,"VoteBusinessShortNumber":null,"VoteBusinessTitle":null},{"__metadata":{"id":"https://ws.parlament.ch/OData.svc/Transcript(ID=360187L,Language='DE')","uri":"https://ws.parlament.ch/OData.svc/Transcript(ID=360187L,Language='DE')","type":"itsystems.Pd.DataServices.DataModel.Transcript"},"Subjects":{"__deferred":{"uri":"https://ws.parlament.ch/OData.svc/Transcript(ID=360187L,Language='DE')/Subjects"}},"MembersCouncil":{"__deferred":{"uri":"https://ws.parlament.ch/OData.svc/Transcript(ID=360187L,Language='DE')/MembersCouncil"}},"Businesses":{"__deferred":{"uri":"https://ws.parlament.ch/OData.svc/Transcript(ID=360187L,Language='DE')/Businesses"}},"ID":"360187","Language":"DE","IdSubject":"68567","VoteId":null,"PersonNumber":4313,"Type":1,"Text":"<pd_text><p><i>Antrag der Mehrheit </i>[GZ]</p>\n<p>Annahme der Motion</p>\n<p>[VS]</p>\n<p><i>Antrag der Minderheit </i>[GZ]</p>\n<p>(Jost, Gl\u00e4ttli, Jaccoud, Klopfenstein Broggini, Masshardt, Schl\u00e4fli, Tschopp, Widmer C\u00e9line)[GZ]</p>\n<p>Ablehnung der Motion</p>\n<p>[VS]</p>\n<p><i>Proposition de la majorit\u00e9 </i>[GZ]</p>\n<p>Adopter la motion </p>\n<p>[VS]</p>\n<p><i>Proposition de la minorit\u00e9 </i>[GZ]</p>\n<p>(Jost, Gl\u00e4ttli, Jaccoud, Klopfenstein Broggini, Masshardt, Schl\u00e4fli, Tschopp, Widmer C\u00e9line)[GZ]</p>\n<p>Rejeter la motion</p>\n<p>[VS]</p>\n<p><b>Pr\u00e4sidentin</b> (Riniker Maja, Pr\u00e4sidentin): Sie haben einen schriftlichen Bericht der Kommission erhalten. </p>\n</pd_text>","MeetingCouncilAbbreviation":"N","MeetingDate":"20250619","MeetingVerbalixOid":4043,"IdSession":"5209","SpeakerFirstName":"Maja","SpeakerLastName":"Riniker","SpeakerFullName":"Riniker Maja","SpeakerFunction":"P-F","CouncilId":1,"CouncilName":"Nationalrat","CantonId":19,"CantonName":"Aargau","CantonAbbreviation":"AG","ParlGroupName":"FDP-Liberale Fraktion","ParlGroupAbbreviation":"RL","SortOrder":1,"Start":"\/Date(1750358080729)\/","End":"\/Date(1750358114125)\/","Function":"P-F","DisplaySpeaker":false,"LanguageOfText":null,"Modified":"\/Date(1774876727852)\/","StartTimeWithTimezone":"\/Date(1750358080730+0120)\/","EndTimeWithTimezone":"\/Date(1750358114127+0120)\/","VoteBusinessNumber":null,"VoteBusinessShortNumber":null,"VoteBusinessTitle":null},{"__metadata":{"id":"https://ws.parlament.ch/OData.svc/Transcript(ID=360188L,Language='DE')","uri":"https://ws.parlament.ch/OData.svc/Transcript(ID=360188L,Language='DE')","type":"itsystems.Pd.DataServices.DataModel.Transcript"},"Subjects":{"__deferred":{"uri":"https://ws.parlament.ch/OData.svc/Transcript(ID=360188L,Language='DE')/Subjects"}},"MembersCouncil":{"__deferred":{"uri":"https://ws.parlament.ch/OData.svc/Transcript(ID=360188L,Language='DE')/MembersCouncil"}},"Businesses":{"__deferred":{"uri":"https://ws.parlament.ch/OData.svc/Transcript(ID=360188L,Language='DE')/Businesses"}},"ID":"360188","Language":"DE","IdSubject":"68567","VoteId":null,"PersonNumber":4313,"Type":1,"Text":"<pd_text><p><b>Pr\u00e4sidentin</b> (Riniker Maja, Pr\u00e4sidentin): Die Mehrheit der Kommission beantragt die Annahme der Motion. Eine Minderheit Jost und der Bundesrat beantragen die Ablehnung der Motion. </p>\n</pd_text>","MeetingCouncilAbbreviation":"N","MeetingDate":"20250619","MeetingVerbalixOid":4043,"IdSession":"5209","SpeakerFirstName":"Maja","SpeakerLastName":"Riniker","SpeakerFullName":"Riniker Maja","SpeakerFunction":"P-F","CouncilId":1,"CouncilName":"Nationalrat","CantonId":19,"CantonName":"Aargau","CantonAbbreviation":"AG","ParlGroupName":"FDP-Liberale Fraktion","ParlGroupAbbreviation":"RL","SortOrder":7,"Start":"\/Date(1750358721868)\/","End":"\/Date(1750358747789)\/","Function":"P-F","DisplaySpeaker":false,"LanguageOfText":null,"Modified":"\/Date(1774876727862)\/","StartTimeWithTimezone":"\/Date(1750358721867+0120)\/","EndTimeWithTimezone":"\/Date(1750358747790+0120)\/","VoteBusinessNumber":null,"VoteBusinessShortNumber":null,"VoteBusinessTitle":null}]},"ID":"68567","Language":"DE","IdMeeting":"5100","VerbalixOid":779112,"SortOrder":3,"Modified":"\/Date(1774876727850)\/"}}