{"d":{"__metadata":{"id":"https://ws.parlament.ch/OData.svc/Subject(ID=68828L,Language='FR')","uri":"https://ws.parlament.ch/OData.svc/Subject(ID=68828L,Language='FR')","type":"itsystems.Pd.DataServices.DataModel.Subject"},"Meetings":{"__metadata":{"id":"https://ws.parlament.ch/OData.svc/Meeting(ID=5113L,Language='FR')","uri":"https://ws.parlament.ch/OData.svc/Meeting(ID=5113L,Language='FR')","type":"itsystems.Pd.DataServices.DataModel.Meeting"},"Sessions":{"__deferred":{"uri":"https://ws.parlament.ch/OData.svc/Meeting(ID=5113L,Language='FR')/Sessions"}},"Subjects":{"__deferred":{"uri":"https://ws.parlament.ch/OData.svc/Meeting(ID=5113L,Language='FR')/Subjects"}},"ID":"5113","Language":"FR","MeetingNumber":4,"IdSession":5210,"SessionNumber":10,"SessionName":"Session d'automne 2025","Council":1,"CouncilName":"Conseil national","CouncilAbbreviation":"CN","Date":"\/Date(1757462400000)\/","Begin":"1500","Modified":"\/Date(1761149555997)\/","LegislativePeriodNumber":52,"PublicationStatus":"final","MeetingOrderText":"Quatri\u00e8me s\u00e9ance","SortOrder":4,"Location":"N"},"SubjectsBusiness":{"results":[{"__metadata":{"id":"https://ws.parlament.ch/OData.svc/SubjectBusiness(BusinessNumber=20240073,IdSubject=68828L,Language='FR')","uri":"https://ws.parlament.ch/OData.svc/SubjectBusiness(BusinessNumber=20240073,IdSubject=68828L,Language='FR')","type":"itsystems.Pd.DataServices.DataModel.SubjectBusiness"},"Subjects":{"__deferred":{"uri":"https://ws.parlament.ch/OData.svc/SubjectBusiness(BusinessNumber=20240073,IdSubject=68828L,Language='FR')/Subjects"}},"Businesses":{"__deferred":{"uri":"https://ws.parlament.ch/OData.svc/SubjectBusiness(BusinessNumber=20240073,IdSubject=68828L,Language='FR')/Businesses"}},"IdSubject":"68828","BusinessNumber":20240073,"Language":"FR","BusinessShortNumber":"24.073","Title":"Mise en \u0153uvre et financement de l\u2019initiative pour une 13e rente AVS","SortOrder":1,"PublishedNotes":"Zweitrat - Deuxi\u00e8me Conseil\n","Modified":"\/Date(1732530978710)\/","TitleDE":"Umsetzung und Finanzierung\nder Initiative f\u00fcr eine 13. AHV-Rente","TitleFR":"Mise en oeuvre et financement\nde l'initiative pour une 13e rente AVS","TitleIT":null}]},"Transcripts":{"results":[{"__metadata":{"id":"https://ws.parlament.ch/OData.svc/Transcript(ID=361225L,Language='FR')","uri":"https://ws.parlament.ch/OData.svc/Transcript(ID=361225L,Language='FR')","type":"itsystems.Pd.DataServices.DataModel.Transcript"},"Subjects":{"__deferred":{"uri":"https://ws.parlament.ch/OData.svc/Transcript(ID=361225L,Language='FR')/Subjects"}},"MembersCouncil":{"__deferred":{"uri":"https://ws.parlament.ch/OData.svc/Transcript(ID=361225L,Language='FR')/MembersCouncil"}},"Businesses":{"__deferred":{"uri":"https://ws.parlament.ch/OData.svc/Transcript(ID=361225L,Language='FR')/Businesses"}},"ID":"361225","Language":"FR","IdSubject":"68828","VoteId":null,"PersonNumber":11507,"Type":1,"Text":"<pd_text><p>Die Bev\u00f6lkerung nahm, Sie wissen es alle, am 3.[NB]M\u00e4rz 2024 die Initiative \"f\u00fcr eine 13.[NB]AHV-Rente\" mit 58 Prozent der Stimmen an. Der Bundesrat verabschiedete im Oktober 2024 seine Botschaft zur Umsetzung und Finanzierung der Initiative \"f\u00fcr eine 13.[NB]AHV-Rente\". Der unbestrittene Entwurf 1 zur Umsetzung der 13.[NB]AHV-Rente wurde im M\u00e4rz in den Schlussabstimmungen in beiden R\u00e4ten einstimmig angenommen. Somit ist klar, dass ab dem Jahr 2026 einmal j\u00e4hrlich im Dezember eine 13.[NB]AHV-Rente ausbezahlt wird. </p>\n<p>Nun geht es um die Finanzierung. Gem\u00e4ss den neuesten Berechnungen des Bundesamtes f\u00fcr Sozialversicherungen verursacht die Auszahlung der 13.[NB]AHV-Rente bei der Einf\u00fchrung 2026 pro Jahr Mehrkosten in der AHV von rund 4,2 Milliarden Franken. Diese Mehrausgaben steigen dann kontinuierlich an, bis sie 2040 rund 5,4 Milliarden Franken betragen. Der Bundesrat schl\u00e4gt in seiner Botschaft vor, diese Mehrausgaben mit einer Mehrwertsteuererh\u00f6hung von 0,7 Prozentpunkten auf dem Normalsatz zu finanzieren. Der reduzierte Satz soll um 0,2 Prozentpunkte und der Sondersatz f\u00fcr Beherbergungsleistungen um 0,4 Prozentpunkte angehoben werden. Zudem sieht der Entwurf des Bundesrates eine Senkung des Bundesbeitrags an die AHV von 20,2 auf 19,5 Prozent der j\u00e4hrlichen Ausgaben der AHV vor, um die negativen Auswirkungen der h\u00f6heren AHV-Ausgaben an den Bundeshaushalt teilweise auszugleichen. </p>\n<p>Nach vertieften Abkl\u00e4rungen unserer Schwesterkommission befasste sich der St\u00e4nderat in der Sommersession als Erstrat mit der Vorlage. Er beschloss, die Mehrausgaben mit einer Kombination aus einer Mehrwertsteuererh\u00f6hung von 0,5 Prozentpunkten und einer Erh\u00f6hung der Lohnbeitr\u00e4ge um 0,4 Prozentpunkte zu finanzieren. Weiter beschloss der St\u00e4nderat, die Lohnbeitr\u00e4ge an die Arbeitslosenversicherung um 0,2 Prozentpunkte zu senken, sodass netto eine Erh\u00f6hung der Lohnbeitr\u00e4ge um 0,2 Prozentpunkte resultieren w\u00fcrde. Der AHV-Ausgleichsfonds soll nicht mehr wie bisher mindestens eine volle Jahresausgabe der AHV, sondern nur noch mindestens 80 Prozent einer Jahresausgabe betragen m\u00fcssen. Wenn das Verm\u00f6gen des Fonds unter 80 Prozent sinkt, soll der Bundesrat die AHV-Beitragss\u00e4tze um bis zu 0,4 Prozentpunkte erh\u00f6hen k\u00f6nnen. Schliesslich beschloss der St\u00e4nderat zus\u00e4tzlich auch eine Mehrwertsteuererh\u00f6hung um weitere 0,5 Prozentpunkte, die in Kraft treten soll, sofern die Plafonierung der AHV-Ehepaarrenten erh\u00f6ht oder abgeschafft wird. Das Modell des St\u00e4nderates sieht zudem keine Senkung des Bundesbeitrags vor. </p>\n<p>Das war also die Ausgangslage, als sich Ihre Kommission der Entw\u00fcrfe 2 und 3 annahm. In der Julisitzung sprach sich die Kommission mit jeweils 13 zu 12 Stimmen daf\u00fcr aus, auf die Entw\u00fcrfe einzutreten. Die Mehrheit sieht es nach dem Ja zur Initiative als Auftrag der Bev\u00f6lkerung an, diese 13.[NB]Rente auch zu finanzieren. Sie erachtet es zudem als wichtig, diese Finanzierung rasch zu vollziehen, da die AHV ohne eine zus\u00e4tzliche Finanzierung bereits 2026 in ein Umlagedefizit rutschen und das Verm\u00f6gen des AHV-Ausgleichsfonds ab 2027 weniger als die gesetzlich vorgesehenen 100 Prozent einer AHV-Jahresausgabe aufweisen w\u00fcrde. </p>\n<p>Eine Minderheit Sauter beantragt Ihnen, nicht auf die Vorlage einzutreten. Sie ist der Ansicht, dass die 13.[NB]AHV-Rente nicht schon jetzt durch eine Erh\u00f6hung von Steuern, sondern durch strukturelle Anpassungen bei der AHV im Rahmen der Reform AHV 2030 finanziert werden sollte. </p>\n<p>Zudem gibt es zwei R\u00fcckweisungsantr\u00e4ge, die den Bundesrat mit einer \u00dcberarbeitung der Vorlage beauftragen wollen. Der jetzt als Antrag der Minderheit I (Sauter) auf R\u00fcckweisung vorliegende Antrag unterlag in der Kommission mit 12 zu 13 Stimmen. Der jetzt als R\u00fcckweisungsantrag der Minderheit II (Gutjahr) vorliegende Antrag unterlag mit 8 zu 13 Stimmen bei 4 Enthaltungen. </p>\n<p>Im Namen der Kommission bitte ich Sie, der Kommissionsmehrheit zu folgen und Eintreten zu beschliessen.</p>\n</pd_text>","MeetingCouncilAbbreviation":"N","MeetingDate":"20250910","MeetingVerbalixOid":4056,"IdSession":"5210","SpeakerFirstName":"Patrick","SpeakerLastName":"H\u00e4ssig","SpeakerFullName":"H\u00e4ssig Patrick","SpeakerFunction":"Mit-M","CouncilId":1,"CouncilName":"Conseil national","CantonId":1,"CantonName":"Zurich","CantonAbbreviation":"ZH","ParlGroupName":"Groupe vert'lib\u00e9ral","ParlGroupAbbreviation":"GL","SortOrder":2,"Start":"\/Date(1757519147310)\/","End":"\/Date(1757519446861)\/","Function":"*","DisplaySpeaker":true,"LanguageOfText":"DE","Modified":"\/Date(1781865879771)\/","StartTimeWithTimezone":"\/Date(1757519147310+0120)\/","EndTimeWithTimezone":"\/Date(1757519446860+0120)\/","VoteBusinessNumber":null,"VoteBusinessShortNumber":null,"VoteBusinessTitle":null},{"__metadata":{"id":"https://ws.parlament.ch/OData.svc/Transcript(ID=361227L,Language='FR')","uri":"https://ws.parlament.ch/OData.svc/Transcript(ID=361227L,Language='FR')","type":"itsystems.Pd.DataServices.DataModel.Transcript"},"Subjects":{"__deferred":{"uri":"https://ws.parlament.ch/OData.svc/Transcript(ID=361227L,Language='FR')/Subjects"}},"MembersCouncil":{"__deferred":{"uri":"https://ws.parlament.ch/OData.svc/Transcript(ID=361227L,Language='FR')/MembersCouncil"}},"Businesses":{"__deferred":{"uri":"https://ws.parlament.ch/OData.svc/Transcript(ID=361227L,Language='FR')/Businesses"}},"ID":"361227","Language":"FR","IdSubject":"68828","VoteId":null,"PersonNumber":4220,"Type":1,"Text":"<pd_text><p>Apr\u00e8s avoir accept\u00e9 au printemps pass\u00e9 la mise en oeuvre de l'initiative pour une 13e rente AVS - le projet 1 - qui sera vers\u00e9e \u00e0 partir de d\u00e9cembre 2026, notre commission s'est pench\u00e9e sur les projets 2 et 3 de l'objet concernant son financement. Pour rappel, les co\u00fbts suppl\u00e9mentaires pour l'AVS sont estim\u00e9s \u00e0 pr\u00e8s de 4,2 milliards de francs en 2026. La majorit\u00e9 de la commission, \u00e0 l'instar du Conseil f\u00e9d\u00e9ral et du Conseil des \u00c9tats, estime qu'il est important que ce financement soit assur\u00e9 de mani\u00e8re claire et stable le plus t\u00f4t possible, et cela par des recettes suppl\u00e9mentaires qui permettront d'\u00e9quilibrer les finances de l'AVS jusqu'en 2030. \u00c0 cet effet, je vous propose d'entrer en mati\u00e8re, premi\u00e8rement sur le projet 2, qui entra\u00eene une modification de la loi f\u00e9d\u00e9rale sur l'assurance-vieillesse et survivants avec des propositions touchant les cotisations salariales, la contribution de la Conf\u00e9d\u00e9ration[NB]et[NB]le[NB]niveau[NB]du[NB]fonds de compensation de l'AVS, deuxi\u00e8mement, sur le projet 3, qui est un arr\u00eat\u00e9 f\u00e9d\u00e9ral entra\u00eenant une modification de la Constitution avec un rel\u00e8vement de la TVA.</p>\n<p>La majorit\u00e9 de la commission vous propose d'\u00e9carter deux minorit\u00e9s qui proposent de renvoyer les deux projets au Conseil f\u00e9d\u00e9ral.</p>\n<p>La premi\u00e8re, la proposition d\u00e9fendue par la minorit\u00e9 I (Sauter), qui a \u00e9t\u00e9 rejet\u00e9e par 13 voix contre 12, veut attribuer au Conseil f\u00e9d\u00e9ral un mandat pr\u00e9voyant un financement de la 13e rente dans le cadre d'une vue d'ensemble tenant compte de l'\u00e9volution d\u00e9mographique et comprenant des mesures tant au niveau des prestations que du financement. La seconde, la proposition d\u00e9fendue par la minorit\u00e9 II (Gutjahr), qui a \u00e9t\u00e9 rejet\u00e9e par 13 voix contre 8 et 4 abstentions, demande au Conseil f\u00e9d\u00e9ral d'\u00e9valuer d'autres sources d'\u00e9conomies cibl\u00e9es dans les domaines tels que la coop\u00e9ration internationale, l'immigration, l'asile, la r\u00e9mun\u00e9ration des cadres de la Conf\u00e9d\u00e9ration, les th\u00e9matiques de genre ou de lutte contre le racisme.</p>\n<p>Il convient de pr\u00e9ciser que nos d\u00e9bats se sont appuy\u00e9s sur un rapport de l'OFAS, de l'Administration f\u00e9d\u00e9rale des contributions et de l'Administration f\u00e9d\u00e9rale des finances du 28 ao\u00fbt 2025, analysant non seulement des sources de financement suppl\u00e9mentaires, mais des probl\u00e9matiques, telles qu'un imp\u00f4t f\u00e9d\u00e9ral sur les gains immobiliers des entit\u00e9s priv\u00e9es, une taxe sur les transactions financi\u00e8res, un imp\u00f4t f\u00e9d\u00e9ral sur les successions, des mesures pour \u00e9viter les lacunes de [PAGE 1414] cotisation, une augmentation du taux de TVA sur les biens de luxe, l'utilisation du b\u00e9n\u00e9fice de la BNS ou encore la modification de la p\u00e9r\u00e9quation financi\u00e8re. De m\u00eame, notre commission a pris connaissance du corapport de la Commission des finances qui, apr\u00e8s avoir compar\u00e9 sur le plan de la politique budg\u00e9taire le mod\u00e8le de financement adopt\u00e9 par le Conseil des \u00c9tats \u00e0 la session d'\u00e9t\u00e9 2025 au projet du Conseil f\u00e9d\u00e9ral, vous recommande de privil\u00e9gier celui du Conseil f\u00e9d\u00e9ral dans son int\u00e9gralit\u00e9. Dans l'intervalle, cependant, notre commission a pris connaissance, lors de sa s\u00e9ance du 28 ao\u00fbt dernier, des nouvelles perspectives financi\u00e8res de l'AVS et a pu constater que les d\u00e9ficits de r\u00e9partition s'av\u00e8rent inf\u00e9rieurs aux estimations \u00e9tablies lors de l'\u00e9laboration du message du Conseil f\u00e9d\u00e9ral. La majorit\u00e9 de la commission estime ainsi que, dans l'attente d'une r\u00e9forme structurelle et durable de l'AVS - on pense \u00e0 l'obligation du Conseil f\u00e9d\u00e9ral \u00e0 pr\u00e9senter fin 2026 un projet pour les ann\u00e9es 2030 \u00e0 2040 -, il convient de pr\u00e9voir uniquement un financement transitoire de la 13e rente en limitant l'augmentation de la TVA jusqu'\u00e0 la fin de l'ann\u00e9e 2030.</p>\n<p>Par 20 voix contre 5, la commission propose \u00e9galement de renoncer \u00e0 la r\u00e9duction de 20,2 \u00e0 19,5 pour cent de la contribution de la Conf\u00e9d\u00e9ration \u00e0 l'AVS propos\u00e9e par le Conseil f\u00e9d\u00e9ral.</p>\n<p>Enfin, avant d'entrer en mati\u00e8re sur les deux projets, sachez que cinq mod\u00e8les de financement sur lesquels nous reviendrons pendant la discussion par article seront pr\u00e9sent\u00e9s. Les principales diff\u00e9rences - j'en vois cinq - concernent[NB]: 1.[NB]l'augmentation ou non des cotisations salariales; 2.[NB]un financement en deux \u00e9tapes qui serait conditionn\u00e9 \u00e0 une \u00e9ventuelle suppression ou augmentation du plafond des rentes pour les couples mari\u00e9s - comme le propose l'initiative populaire du Centre -; 3.[NB]un m\u00e9canisme d'augmentation des cotisations et de la TVA ainsi que de l'\u00e2ge de r\u00e9f\u00e9rence en fonction du niveau du fonds de compensation de l'AVS; 4.[NB]le taux d'augmentation de la TVA et sa limitation dans le temps; 5.[NB]enfin, la r\u00e9duction de la contribution de la Conf\u00e9d\u00e9ration. </p>\n<p>Selon les options retenues, avec des votes serr\u00e9s, l'effort portera sur les salaires et les personnes actives en partie, ou alors globalement sur toute la population, y compris les retrait\u00e9s, \u00e0 travers le co\u00fbt de la vie quotidienne - c'est l'option de l'augmentation de la TVA. L'effort pourra porter aussi sur le financement de la 13e rente seulement ou sur d'autres chantiers de l'AVS \u00e0 venir. L'effort pourra porter enfin sur l'utilisation ou non de la fortune, c'est-\u00e0-dire du fonds de l'AVS, ou encore sur la participation de la Conf\u00e9d\u00e9ration. Bref, de gros choix de soci\u00e9t\u00e9 qui suscitent des d\u00e9bats dont on peut regretter qu'ils aient \u00e9t\u00e9 pr\u00e9cipitamment plac\u00e9s en d\u00e9but de session, alors m\u00eame que les \u00e9l\u00e9ments chiffr\u00e9s nous sont parvenus il y a quelques jours seulement. Cependant, l'entr\u00e9e en mati\u00e8re est absolument n\u00e9cessaire.</p>\n</pd_text>","MeetingCouncilAbbreviation":"N","MeetingDate":"20250910","MeetingVerbalixOid":4056,"IdSession":"5210","SpeakerFirstName":"Benjamin","SpeakerLastName":"Roduit","SpeakerFullName":"Roduit Benjamin","SpeakerFunction":"Mit-M","CouncilId":1,"CouncilName":"Conseil national","CantonId":23,"CantonName":"Valais","CantonAbbreviation":"VS","ParlGroupName":"Le Groupe du Centre. Le Centre. PEV.","ParlGroupAbbreviation":"M-E","SortOrder":3,"Start":"\/Date(1757519454557)\/","End":"\/Date(1757519753609)\/","Function":"*","DisplaySpeaker":true,"LanguageOfText":"FR","Modified":"\/Date(1781865879774)\/","StartTimeWithTimezone":"\/Date(1757519454557+0120)\/","EndTimeWithTimezone":"\/Date(1757519753610+0120)\/","VoteBusinessNumber":null,"VoteBusinessShortNumber":null,"VoteBusinessTitle":null},{"__metadata":{"id":"https://ws.parlament.ch/OData.svc/Transcript(ID=361231L,Language='FR')","uri":"https://ws.parlament.ch/OData.svc/Transcript(ID=361231L,Language='FR')","type":"itsystems.Pd.DataServices.DataModel.Transcript"},"Subjects":{"__deferred":{"uri":"https://ws.parlament.ch/OData.svc/Transcript(ID=361231L,Language='FR')/Subjects"}},"MembersCouncil":{"__deferred":{"uri":"https://ws.parlament.ch/OData.svc/Transcript(ID=361231L,Language='FR')/MembersCouncil"}},"Businesses":{"__deferred":{"uri":"https://ws.parlament.ch/OData.svc/Transcript(ID=361231L,Language='FR')/Businesses"}},"ID":"361231","Language":"FR","IdSubject":"68828","VoteId":null,"PersonNumber":4313,"Type":1,"Text":"<pd_text><p><i>Antrag der Mehrheit </i>[GZ]</p>\n<p>Eintreten auf die Vorlagen 2 und 3</p>\n<p>[VS]</p>\n<p><i>Antrag der Minderheit </i>[GZ]</p>\n<p>(Sauter, Aellen, de Courten, Glarner, Graber, Gutjahr, Page, R\u00fcegger, Silberschmidt, Thalmann-Bieri, Vietze, Wyssmann)[GZ]</p>\n<p>Nichteintreten auf die Vorlagen 2 und 3</p>\n<p>[VS]</p>\n<p><i>Antrag der Minderheit I </i>[GZ]</p>\n<p>(Sauter, Aellen, de Courten, Glarner, Graber, Gutjahr, Page, R\u00fcegger, Silberschmidt, Thalmann-Bieri, Vietze)[GZ]</p>\n<p>R\u00fcckweisung der Vorlagen 2 und 3 an den Bundesrat [GZ]</p>\n<p>mit dem Auftrag, die vollst\u00e4ndige Finanzierung der 13.[NB]AHV-Rente im Rahmen einer Gesamtschau zu regeln, welche auch den Finanzierungsbedarf aufgrund der demografischen Entwicklung ber\u00fccksichtigt und sowohl Massnahmen auf der Leistungs- als auch der Finanzierungsseite umfasst.</p>\n<p>[VS]</p>\n<p><i>Antrag der Minderheit II </i>[GZ]</p>\n<p>(Gutjahr, de Courten, Glarner, Graber, Page, R\u00fcegger, Thalmann-Bieri, Wyssmann)[GZ]</p>\n<p>R\u00fcckweisung der Vorlagen 2 und 3 an den Bundesrat [GZ]</p>\n<p>mit dem Auftrag, Vorlagen und eine Gesamtschau betreffend Kosten zu folgenden Einsparungen vorzulegen: </p>\n<p>- Streichung von Geldern f\u00fcr die Internationale Zusammenarbeit mit Bezug zu Gender-Themen auf den n\u00e4chstm\u00f6glichen Termin</p>\n<p>- K\u00fcrzung aller Gelder f\u00fcr die Internationale Zusammenarbeit um 15 Prozent</p>\n<p>- Keine Erg\u00e4nzungsleistungen an vorl\u00e4ufig Aufgenommene</p>\n<p>- Einsparungen im Asylwesen im Allgemeinen</p>\n<p>- Grundleistungskatalog der obligatorischen Krankenpflegeversicherung f\u00fcr illegale und Asylbewerber reduzieren</p>\n<p>- Proportionale Erh\u00f6hung der Mindestfranchise von Drittstaatsangeh\u00f6rigen abh\u00e4ngig vom Alter bei Zuzug in die Schweiz</p>\n<p>- Geh\u00e4lter des Bundespersonals auf Kaderstufe pauschal um 10 Prozent k\u00fcrzen</p>\n<p>- Projekte, Arbeitsgruppen, Studien und Fachstellen f\u00fcr Gender-Themen sowie f\u00fcr Massnahmen gegen den Rassismus abschaffen und beenden</p>\n<p>[VS]</p>\n<p><i>Proposition de la majorit\u00e9 </i>[GZ]</p>\n<p>Entrer en mati\u00e8re sur les projets 2 et 3</p>\n<p>[VS]</p>\n<p><i>Proposition de la minorit\u00e9 </i>[GZ]</p>\n<p>(Sauter, Aellen, de Courten, Glarner, Graber, Gutjahr, Page, R\u00fcegger, Silberschmidt, Thalmann-Bieri, Vietze, Wyssmann)[GZ]</p>\n<p>Ne pas entrer en mati\u00e8re sur les projet 2 et 3</p>\n<p>[VS]</p>\n<p><i>Proposition de la minorit\u00e9 I </i>[GZ]</p>\n<p>(Sauter, Aellen, de Courten, Glarner, Graber, Gutjahr, Page, R\u00fcegger, Silberschmidt, Thalmann-Bieri, Vietze)[GZ]</p>\n<p>Renvoyer les projets 2 et 3 au Conseil f\u00e9d\u00e9ral [GZ]</p>\n<p>avec mandat de r\u00e9gler le financement complet de la 13e rente AVS dans le cadre d'une vue d'ensemble qui prenne en [PAGE 1413] consid\u00e9ration les besoins financiers li\u00e9s \u00e0 l'\u00e9volution d\u00e9mographique et comprenne des mesures tant au niveau des prestations qu'au niveau du financement.</p>\n<p>[VS]</p>\n<p><i>Proposition de la minorit\u00e9 II </i>[GZ]</p>\n<p>(Gutjahr, de Courten, Glarner, Graber, Page, R\u00fcegger, Thalmann-Bieri, Wyssmann)[GZ]</p>\n<p>Renvoyer les projets 2 et 3 au Conseil f\u00e9d\u00e9ral [GZ]</p>\n<p>avec mandat de pr\u00e9senter des projets et une vue d'ensemble des co\u00fbts concernant les \u00e9conomies suivantes[NB]:</p>\n<p>- Suppression des fonds allou\u00e9s \u00e0 la coop\u00e9ration internationale li\u00e9s au th\u00e8me du genre dans les plus brefs d\u00e9lais</p>\n<p>- Coupes de 15 pour cent dans tous les fonds allou\u00e9s \u00e0 la coop\u00e9ration internationale </p>\n<p>- Arr\u00eat du versement des prestations compl\u00e9mentaires aux personnes admises \u00e0 titre provisoire</p>\n<p>- R\u00e9alisation d'\u00e9conomies en g\u00e9n\u00e9ral dans le domaine de l'asile</p>\n<p>- R\u00e9duction du catalogue des prestations rembours\u00e9es par l'assurance obligatoire des soins pour les personnes en situation irr\u00e9guli\u00e8re et les requ\u00e9rants d'asile</p>\n<p>- Augmentation proportionnelle de la franchise minimale en fonction de l'\u00e2ge pour les personnes issues d'\u00c9tat tiers qui arrivent en Suisse</p>\n<p>- Baisse de 10 pour cent de la r\u00e9mun\u00e9ration du personnel de la Conf\u00e9d\u00e9ration occupant une fonction de cadre</p>\n<p>- Suppression et fin des projets, des groupes de travail, des \u00e9tudes et des services consacr\u00e9s aux th\u00e8mes du genre ou aux mesures de lutte contre le racisme.</p>\n<p>[VS]</p>\n<p><b>Pr\u00e4sidentin</b> (Riniker Maja, Pr\u00e4sidentin): Wir f\u00fchren eine Debatte \u00fcber Eintreten auf die Vorlagen 2 und 3 und behandeln auch die Antr\u00e4ge auf R\u00fcckweisung der Vorlagen 2 und 3 an den Bundesrat. </p>\n</pd_text>","MeetingCouncilAbbreviation":"N","MeetingDate":"20250910","MeetingVerbalixOid":4056,"IdSession":"5210","SpeakerFirstName":"Maja","SpeakerLastName":"Riniker","SpeakerFullName":"Riniker Maja","SpeakerFunction":"P-F","CouncilId":1,"CouncilName":"Conseil national","CantonId":19,"CantonName":"Argovie","CantonAbbreviation":"AG","ParlGroupName":"Groupe lib\u00e9ral-radical","ParlGroupAbbreviation":"RL","SortOrder":1,"Start":"\/Date(1757519050351)\/","End":"\/Date(1757519147310)\/","Function":"P-F","DisplaySpeaker":false,"LanguageOfText":null,"Modified":"\/Date(1781865879769)\/","StartTimeWithTimezone":"\/Date(1757519050350+0120)\/","EndTimeWithTimezone":"\/Date(1757519147310+0120)\/","VoteBusinessNumber":null,"VoteBusinessShortNumber":null,"VoteBusinessTitle":null},{"__metadata":{"id":"https://ws.parlament.ch/OData.svc/Transcript(ID=361234L,Language='FR')","uri":"https://ws.parlament.ch/OData.svc/Transcript(ID=361234L,Language='FR')","type":"itsystems.Pd.DataServices.DataModel.Transcript"},"Subjects":{"__deferred":{"uri":"https://ws.parlament.ch/OData.svc/Transcript(ID=361234L,Language='FR')/Subjects"}},"MembersCouncil":{"__deferred":{"uri":"https://ws.parlament.ch/OData.svc/Transcript(ID=361234L,Language='FR')/MembersCouncil"}},"Businesses":{"__deferred":{"uri":"https://ws.parlament.ch/OData.svc/Transcript(ID=361234L,Language='FR')/Businesses"}},"ID":"361234","Language":"FR","IdSubject":"68828","VoteId":null,"PersonNumber":10821,"Type":1,"Text":"<pd_text><p>Herr Graber, Sie haben mich auf eine Idee gebracht, die ich hervorragend finde. Sind Sie auch daf\u00fcr, dass wir Dividendenbez\u00fcge der AHV-Beitragspflicht unterstellen?</p>\n</pd_text>","MeetingCouncilAbbreviation":"N","MeetingDate":"20250910","MeetingVerbalixOid":4056,"IdSession":"5210","SpeakerFirstName":"David","SpeakerLastName":"Roth","SpeakerFullName":"Roth David","SpeakerFunction":"Mit-M","CouncilId":1,"CouncilName":"Conseil national","CantonId":3,"CantonName":"Lucerne","CantonAbbreviation":"LU","ParlGroupName":"Groupe socialiste","ParlGroupAbbreviation":"S","SortOrder":14,"Start":"\/Date(1757521394903)\/","End":"\/Date(1757521405847)\/","Function":"Mit-M","DisplaySpeaker":true,"LanguageOfText":"DE","Modified":"\/Date(1781865879793)\/","StartTimeWithTimezone":"\/Date(1757521394903+0120)\/","EndTimeWithTimezone":"\/Date(1757521405847+0120)\/","VoteBusinessNumber":null,"VoteBusinessShortNumber":null,"VoteBusinessTitle":null},{"__metadata":{"id":"https://ws.parlament.ch/OData.svc/Transcript(ID=361235L,Language='FR')","uri":"https://ws.parlament.ch/OData.svc/Transcript(ID=361235L,Language='FR')","type":"itsystems.Pd.DataServices.DataModel.Transcript"},"Subjects":{"__deferred":{"uri":"https://ws.parlament.ch/OData.svc/Transcript(ID=361235L,Language='FR')/Subjects"}},"MembersCouncil":{"__deferred":{"uri":"https://ws.parlament.ch/OData.svc/Transcript(ID=361235L,Language='FR')/MembersCouncil"}},"Businesses":{"__deferred":{"uri":"https://ws.parlament.ch/OData.svc/Transcript(ID=361235L,Language='FR')/Businesses"}},"ID":"361235","Language":"FR","IdSubject":"68828","VoteId":null,"PersonNumber":4319,"Type":1,"Text":"<pd_text><p>Wir k\u00f6nnen das machen, sobald wir unsere Vorschl\u00e4ge in der Entwicklungshilfe vollst\u00e4ndig umgesetzt haben. </p>\n</pd_text>","MeetingCouncilAbbreviation":"N","MeetingDate":"20250910","MeetingVerbalixOid":4056,"IdSession":"5210","SpeakerFirstName":"Michael","SpeakerLastName":"Graber","SpeakerFullName":"Graber Michael","SpeakerFunction":"Mit-M","CouncilId":1,"CouncilName":"Conseil national","CantonId":23,"CantonName":"Valais","CantonAbbreviation":"VS","ParlGroupName":"Groupe de l'Union d\u00e9mocratique du Centre","ParlGroupAbbreviation":"V","SortOrder":15,"Start":"\/Date(1757521405847)\/","End":"\/Date(1757521415007)\/","Function":"Mit-M","DisplaySpeaker":true,"LanguageOfText":"DE","Modified":"\/Date(1781865879795)\/","StartTimeWithTimezone":"\/Date(1757521405847+0120)\/","EndTimeWithTimezone":"\/Date(1757521415007+0120)\/","VoteBusinessNumber":null,"VoteBusinessShortNumber":null,"VoteBusinessTitle":null},{"__metadata":{"id":"https://ws.parlament.ch/OData.svc/Transcript(ID=361236L,Language='FR')","uri":"https://ws.parlament.ch/OData.svc/Transcript(ID=361236L,Language='FR')","type":"itsystems.Pd.DataServices.DataModel.Transcript"},"Subjects":{"__deferred":{"uri":"https://ws.parlament.ch/OData.svc/Transcript(ID=361236L,Language='FR')/Subjects"}},"MembersCouncil":{"__deferred":{"uri":"https://ws.parlament.ch/OData.svc/Transcript(ID=361236L,Language='FR')/MembersCouncil"}},"Businesses":{"__deferred":{"uri":"https://ws.parlament.ch/OData.svc/Transcript(ID=361236L,Language='FR')/Businesses"}},"ID":"361236","Language":"FR","IdSubject":"68828","VoteId":null,"PersonNumber":4319,"Type":1,"Text":"<pd_text><p>Gesch\u00e4tzte Kollegin Prelicz-Huber, ich bezahle selbst L\u00f6hne, ich mache selbst AHV-Abz\u00fcge bei meinen Angestellten, und die merken, ob sie Ende Monat mehr oder weniger haben. Dem Superreichen, der Dividenden kassiert oder eine Steuer auf einen Kapitalgewinn bezahlt, sind AHV-Abz\u00fcge egal. Aber genau der kleine \"B\u00fcezer\", der merkt es. An Ihrer Frage erkennt man eben leider, dass es stimmt, was ich ausgef\u00fchrt habe: dass Sie leider nicht mehr die Interessen der Arbeitnehmer vertreten.</p>\n</pd_text>","MeetingCouncilAbbreviation":"N","MeetingDate":"20250910","MeetingVerbalixOid":4056,"IdSession":"5210","SpeakerFirstName":"Michael","SpeakerLastName":"Graber","SpeakerFullName":"Graber Michael","SpeakerFunction":"Mit-M","CouncilId":1,"CouncilName":"Conseil national","CantonId":23,"CantonName":"Valais","CantonAbbreviation":"VS","ParlGroupName":"Groupe de l'Union d\u00e9mocratique du Centre","ParlGroupAbbreviation":"V","SortOrder":13,"Start":"\/Date(1757521357175)\/","End":"\/Date(1757521392412)\/","Function":"Mit-M","DisplaySpeaker":true,"LanguageOfText":"DE","Modified":"\/Date(1781865879792)\/","StartTimeWithTimezone":"\/Date(1757521357177+0120)\/","EndTimeWithTimezone":"\/Date(1757521392413+0120)\/","VoteBusinessNumber":null,"VoteBusinessShortNumber":null,"VoteBusinessTitle":null},{"__metadata":{"id":"https://ws.parlament.ch/OData.svc/Transcript(ID=361237L,Language='FR')","uri":"https://ws.parlament.ch/OData.svc/Transcript(ID=361237L,Language='FR')","type":"itsystems.Pd.DataServices.DataModel.Transcript"},"Subjects":{"__deferred":{"uri":"https://ws.parlament.ch/OData.svc/Transcript(ID=361237L,Language='FR')/Subjects"}},"MembersCouncil":{"__deferred":{"uri":"https://ws.parlament.ch/OData.svc/Transcript(ID=361237L,Language='FR')/MembersCouncil"}},"Businesses":{"__deferred":{"uri":"https://ws.parlament.ch/OData.svc/Transcript(ID=361237L,Language='FR')/Businesses"}},"ID":"361237","Language":"FR","IdSubject":"68828","VoteId":null,"PersonNumber":3999,"Type":1,"Text":"<pd_text><p>Herr Kollege, Sie haben vorhin gesagt, mit den Lohnbeitr\u00e4gen werde vor allem einmal mehr der einfache \"B\u00fcezer\" belastet. Ist Ihnen bewusst, dass es bei der AHV so ist, dass 92 Prozent der Bev\u00f6lkerung in der Schweiz weniger einzahlen, als sie nachher als AHV beziehen? Nur gerade 8 Prozent der Superreichen bezahlen mehr, als sie beziehen. Ist das f\u00fcr Sie der \"B\u00fcezer\"?</p>\n</pd_text>","MeetingCouncilAbbreviation":"N","MeetingDate":"20250910","MeetingVerbalixOid":4056,"IdSession":"5210","SpeakerFirstName":"Katharina","SpeakerLastName":"Prelicz-Huber","SpeakerFullName":"Prelicz-Huber Katharina","SpeakerFunction":"Mit-F","CouncilId":1,"CouncilName":"Conseil national","CantonId":1,"CantonName":"Zurich","CantonAbbreviation":"ZH","ParlGroupName":"Groupe des VERT-E-S","ParlGroupAbbreviation":"G","SortOrder":12,"Start":"\/Date(1757521319137)\/","End":"\/Date(1757521357175)\/","Function":"Mit-F","DisplaySpeaker":true,"LanguageOfText":"DE","Modified":"\/Date(1781865879790)\/","StartTimeWithTimezone":"\/Date(1757521319137+0120)\/","EndTimeWithTimezone":"\/Date(1757521357177+0120)\/","VoteBusinessNumber":null,"VoteBusinessShortNumber":null,"VoteBusinessTitle":null},{"__metadata":{"id":"https://ws.parlament.ch/OData.svc/Transcript(ID=361238L,Language='FR')","uri":"https://ws.parlament.ch/OData.svc/Transcript(ID=361238L,Language='FR')","type":"itsystems.Pd.DataServices.DataModel.Transcript"},"Subjects":{"__deferred":{"uri":"https://ws.parlament.ch/OData.svc/Transcript(ID=361238L,Language='FR')/Subjects"}},"MembersCouncil":{"__deferred":{"uri":"https://ws.parlament.ch/OData.svc/Transcript(ID=361238L,Language='FR')/MembersCouncil"}},"Businesses":{"__deferred":{"uri":"https://ws.parlament.ch/OData.svc/Transcript(ID=361238L,Language='FR')/Businesses"}},"ID":"361238","Language":"FR","IdSubject":"68828","VoteId":null,"PersonNumber":4228,"Type":1,"Text":"<pd_text><p>Am 3.[NB]M\u00e4rz 2024 hat die Schweizer Stimmbev\u00f6lkerung in einem historischen Entscheid die 13.[NB]AHV-Rente mit \u00fcber 58 Prozent der Stimmen deutlich angenommen. Heute geht es darum, diesen Volksentscheid korrekt umzusetzen, indem eben die Finanzierung ebenfalls aufgegleist wird.</p>\n<p>Dass nun das Eintreten auf die Umsetzung eines Volksentscheides in der zust\u00e4ndigen Kommission mit 13 zu 12 Stimmen derart knapp ausgefallen ist, ist angesichts des klaren Resultates der Abstimmung im letzten Jahr bedenklich und definitiv keine Glanzleistung unserer Institution. Eine grosse Minderheit von FDP und SVP weigert sich, die 13.[NB]Rente zu finanzieren, und zwar mit dem Ziel, die AHV bewusst in die roten Zahlen laufen zu lassen. Das ist meines Erachtens ein schlechter Politikstil. Diese Strategie der leeren Kassen, der AHV keine Mittel zukommen zu lassen, um damit der AHV bewusst zu schaden, um dann die Bev\u00f6lkerung erpressen zu k\u00f6nnen und zu sagen, sie m\u00fcsse l\u00e4nger arbeiten, ist demokratiepolitisch h\u00f6chst fragw\u00fcrdig und unseres direkt-demokratischen Systems tats\u00e4chlich unw\u00fcrdig. Sie alle halten regelm\u00e4ssig grosse Reden auf die direkte Demokratie und den Einbezug der Stimmbev\u00f6lkerung - und doch gilt das offenbar nur an Sch\u00f6nwettertagen. Heute aber geht es darum, diesen Entscheid umzusetzen.</p>\n<p>Die Stimmbev\u00f6lkerung hat klar gesagt, dass man h\u00f6here AHV-Renten, aber nicht l\u00e4nger arbeiten wolle - und das absolut zu Recht. Angesichts der steigenden Produktivit\u00e4t w\u00e4re das n\u00e4mlich ein Schlag ins Gesicht der Erwerbst\u00e4tigen. Der Zeitpunkt der Pensionierung ist heute schon ein Moment der grossen Ungleichheit. Je h\u00f6her das Einkommen, desto fr\u00fcher gehen die Menschen n\u00e4mlich in Rente. Das sieht man exemplarisch bei der Versicherungs- und Bankenbranche: Nirgendwo sonst lassen sich so viele Leute fr\u00fchpensionieren; es sind 65 Prozent. Wir wissen aber, dass Menschen mit tiefen Einkommen eine k\u00fcrzere Lebenserwartung haben. Das h\u00e4ngt nat\u00fcrlich mit ihren Berufen zusammen, die k\u00f6rperlich anstrengender, verschleissender sind, sodass entsprechend tiefer die Lebenserwartung ist. Man erkennt schlimme Krankheiten sp\u00e4ter, weil man sp\u00e4ter zum Arzt geht usw. Das zeigt sich auch an den Zahlen: Ein Banker lebt im Schnitt sieben Jahre l\u00e4nger als ein Angestellter im Detailhandel.</p>\n<p>Bisher haben Sie die Verweigerungshaltung bei der Finanzierung der AHV ja damit begr\u00fcndet, dass es sogenannt strukturelle Reformen brauche. \"Strukturelle Reformen\" ist leider bis heute ein Code geblieben f\u00fcr eine Rentenaltererh\u00f6hung; man verwendete den Code in jeder Farbe und in jeder Form, aber die tats\u00e4chliche Bedeutung blieb immer die gleiche, w\u00e4hrend weitere Ideen zur Finanzierung des wichtigsten Sozialwerks unseres Landes leider nie zu h\u00f6ren waren. Allerdings ist mit den neuen Prognosen der AHV die Situation tats\u00e4chlich auch eine neue.</p>\n<p>Was sagen uns denn die Zahlen schwarz auf weiss? Erstens: Der demografische Peak ist durch, der grosse Teil der Babyboomer ist bereits in Pension. Zweitens: Die Lebenserwartung ist nicht so stark angestiegen wie erwartet, was nat\u00fcrlich eine Reduktion der AHV-Ausgaben zur Folge hat. Drittens: Wir haben mehr Erwerbst\u00e4tige, weil die Zuwanderungsrate zum Gl\u00fcck h\u00f6her ist und weil vor allem die zugewanderten Menschen j\u00fcnger sind als erwartet. Und viertens: Compenswiss hat sehr gute Anlageresultate erzielt. Gerade diese Resultate zeigen, weshalb die Verweigerungshaltung heute nicht nur demokratiepolitisch, sondern eben auch finanzpolitisch gef\u00e4hrlich ist. Sie torpedieren die guten Anlageergebnisse von Compenswiss, wenn Sie das Risiko eingehen, dass die AHV noch st\u00e4rker in die roten Zahlen fallen k\u00f6nnte.</p>\n<p>Diese neuen Zahlen machen klar, dass diese strukturellen Massnahmen, die Sie w\u00fcnschen, schlicht und einfach nicht nur aufgrund der steigenden Ungleichheit falsch sind, sondern auch finanziell nicht mehr notwendig sind. Sie sind schlicht und ergreifend unn\u00f6tig.</p>\n<p>Als gew\u00e4hlte Volksvertreter und Volksvertreterinnen haben wir vor allem eine Aufgabe. Wir haben die Aufgabe, den Volksentscheid zur 13.[NB]AHV-Rente, der klar ausgefallen ist, umzusetzen.</p>\n<p>Darum bittet Sie die SP-Fraktion, auf diese Vorlage deutlich einzutreten.</p>\n</pd_text>","MeetingCouncilAbbreviation":"N","MeetingDate":"20250910","MeetingVerbalixOid":4056,"IdSession":"5210","SpeakerFirstName":"Samira","SpeakerLastName":"Marti","SpeakerFullName":"Marti Samira","SpeakerFunction":"Mit-F","CouncilId":1,"CouncilName":"Conseil national","CantonId":13,"CantonName":"B\u00e2le-Campagne","CantonAbbreviation":"BL","ParlGroupName":"Groupe socialiste","ParlGroupAbbreviation":"S","SortOrder":6,"Start":"\/Date(1757520394689)\/","End":"\/Date(1757520650871)\/","Function":"Mit-F","DisplaySpeaker":true,"LanguageOfText":"DE","Modified":"\/Date(1781865879780)\/","StartTimeWithTimezone":"\/Date(1757520394690+0120)\/","EndTimeWithTimezone":"\/Date(1757520650870+0120)\/","VoteBusinessNumber":null,"VoteBusinessShortNumber":null,"VoteBusinessTitle":null},{"__metadata":{"id":"https://ws.parlament.ch/OData.svc/Transcript(ID=361239L,Language='FR')","uri":"https://ws.parlament.ch/OData.svc/Transcript(ID=361239L,Language='FR')","type":"itsystems.Pd.DataServices.DataModel.Transcript"},"Subjects":{"__deferred":{"uri":"https://ws.parlament.ch/OData.svc/Transcript(ID=361239L,Language='FR')/Subjects"}},"MembersCouncil":{"__deferred":{"uri":"https://ws.parlament.ch/OData.svc/Transcript(ID=361239L,Language='FR')/MembersCouncil"}},"Businesses":{"__deferred":{"uri":"https://ws.parlament.ch/OData.svc/Transcript(ID=361239L,Language='FR')/Businesses"}},"ID":"361239","Language":"FR","IdSubject":"68828","VoteId":null,"PersonNumber":4169,"Type":1,"Text":"<pd_text><p><b>Le pr\u00e9sident </b>(Page Pierre-Andr\u00e9, premier vice-pr\u00e9sident): Madame la conseill\u00e8re nationale, le r\u00e8glement est le m\u00eame pour tous[NB]: les groupes savent que leur temps de parole est de cinq minutes.</p>\n</pd_text>","MeetingCouncilAbbreviation":"N","MeetingDate":"20250910","MeetingVerbalixOid":4056,"IdSession":"5210","SpeakerFirstName":"Pierre-Andr\u00e9","SpeakerLastName":"Page","SpeakerFullName":"Page Pierre-Andr\u00e9","SpeakerFunction":"1VP-M","CouncilId":1,"CouncilName":"Conseil national","CantonId":10,"CantonName":"Fribourg","CantonAbbreviation":"FR","ParlGroupName":"Groupe de l'Union d\u00e9mocratique du Centre","ParlGroupAbbreviation":"V","SortOrder":9,"Start":"\/Date(1757520780121)\/","End":"\/Date(1757520796307)\/","Function":"1VP-M","DisplaySpeaker":false,"LanguageOfText":null,"Modified":"\/Date(1781865879785)\/","StartTimeWithTimezone":"\/Date(1757520780120+0120)\/","EndTimeWithTimezone":"\/Date(1757520796307+0120)\/","VoteBusinessNumber":null,"VoteBusinessShortNumber":null,"VoteBusinessTitle":null},{"__metadata":{"id":"https://ws.parlament.ch/OData.svc/Transcript(ID=361240L,Language='FR')","uri":"https://ws.parlament.ch/OData.svc/Transcript(ID=361240L,Language='FR')","type":"itsystems.Pd.DataServices.DataModel.Transcript"},"Subjects":{"__deferred":{"uri":"https://ws.parlament.ch/OData.svc/Transcript(ID=361240L,Language='FR')/Subjects"}},"MembersCouncil":{"__deferred":{"uri":"https://ws.parlament.ch/OData.svc/Transcript(ID=361240L,Language='FR')/MembersCouncil"}},"Businesses":{"__deferred":{"uri":"https://ws.parlament.ch/OData.svc/Transcript(ID=361240L,Language='FR')/Businesses"}},"ID":"361240","Language":"FR","IdSubject":"68828","VoteId":null,"PersonNumber":4238,"Type":1,"Text":"<pd_text><p>Le Parlement a adopt\u00e9 les modalit\u00e9s de versement de la 13e rente de vieillesse le 21 mars de cette ann\u00e9e. Elle sera ainsi vers\u00e9e \u00e0 partir de d\u00e9cembre 2026 et le Conseil f\u00e9d\u00e9ral a \u00e9labor\u00e9 un projet de financement de cette nouvelle prestation d\u00e9cid\u00e9e par la majorit\u00e9 de la population en mars 2024.</p>\n<p>Die Kosten der 13.[NB]AHV-Rente bei ihrer Einf\u00fchrung im Jahr 2026 werden auf rund 4,2 Milliarden Franken gesch\u00e4tzt, wovon rund 850 Millionen Franken vom Bund zu tragen sind. Diese Kosten werden mit den Jahren steigen, da die Anzahl der Altersrentnerinnen und -rentner zunimmt und die Renten regelm\u00e4ssig an die Lohn- und Preisentwicklung angepasst werden. Die AHV kann einen solchen Betrag an zus\u00e4tzlichen [PAGE 1419] Ausgaben nicht tragen. Das Betriebsergebnis w\u00fcrde schnell negativ ausfallen, was in Zukunft umso gr\u00f6ssere Korrekturmassnahmen erforderlich machen w\u00fcrde. Der Bundeshaushalt wird mittelfristig ein erhebliches strukturelles Defizit aufweisen. Er kann daher ebenfalls keine zus\u00e4tzlichen Kosten in dieser Gr\u00f6ssenordnung tragen.</p>\n<p>R\u00e9cemment, plus pr\u00e9cis\u00e9ment le 20 ao\u00fbt de cette ann\u00e9e, les perspectives financi\u00e8res de l'AVS ont \u00e9t\u00e9 actualis\u00e9es sur la base, notamment, des nouveaux sc\u00e9narios d\u00e9mographiques et des nouvelles pr\u00e9visions conjoncturelles de la Conf\u00e9d\u00e9ration. Je pr\u00e9cise \u00e9galement que c'est la premi\u00e8re fois que nous travaillons avec des sc\u00e9narios, qui permettent ainsi de mieux prendre en consid\u00e9ration l'incertitude des projections. Ces nouvelles perspectives sont plus positives que celles de septembre 2024 et c'est sur les propositions de septembre 2024 que le Conseil des \u00c9tats avait fond\u00e9 ses r\u00e9flexions et ses discussions. </p>\n<p>Selon le sc\u00e9nario de r\u00e9f\u00e9rence, l'AVS pr\u00e9sentera toutefois un r\u00e9sultat de r\u00e9partition n\u00e9gatif d\u00e8s le versement de la 13e rente de vieillesse, donc \u00e0 partir de 2026. Un d\u00e9ficit de r\u00e9partition d'environ 1,9 milliard de francs est pr\u00e9vu pour 2030 et d'environ 4,2 milliards pour 2035. L'introduction rapide d'un financement pour couvrir les d\u00e9penses suppl\u00e9mentaires li\u00e9es au versement de la 13e rente de vieillesse reste donc essentielle. </p>\n<p>Pour financer cette 13e rente de vieillesse, le Conseil f\u00e9d\u00e9ral a opt\u00e9 pour un rel\u00e8vement de 0,7 point de la TVA, et ce, exclusivement, car ce mode de financement permet que les co\u00fbts soient support\u00e9s par l'ensemble de la soci\u00e9t\u00e9, donc aussi par les personnes retrait\u00e9es qui toucheront une 13e rente. En raison de la situation financi\u00e8re de la Conf\u00e9d\u00e9ration, le Conseil f\u00e9d\u00e9ral a estim\u00e9 n\u00e9cessaire de r\u00e9duire sa participation aux d\u00e9penses de l'AVS en la faisant passer de 20,2 \u00e0 19,5 pour cent, et ce, jusqu'\u00e0 l'entr\u00e9e en vigueur de la prochaine r\u00e9forme.</p>\n<p>Votre commission vous propose, par 13 voix contre 12, d'entrer en mati\u00e8re sur les deux projets. La minorit\u00e9 Sauter propose de ne pas entrer en mati\u00e8re et, dans le cas contraire, la minorit\u00e9 I (Sauter) propose subsidiairement le renvoi au Conseil f\u00e9d\u00e9ral avec mandat de r\u00e9gler le financement complet de la 13e rente de vieillesse dans le cadre d'une vue d'ensemble avec une prochaine r\u00e9forme.</p>\n<p>De son c\u00f4t\u00e9, la minorit\u00e9 II (Gutjahr) propose \u00e9galement le renvoi des projets au Conseil f\u00e9d\u00e9ral, avec le mandat d'examiner des mesures d'\u00e9conomies dans des domaines totalement hors du contexte, notamment ceux de la coop\u00e9ration internationale ou encore de l'asile.</p>\n<p>En conclusion, le financement de la 13e rente doit \u00eatre garanti, garanti rapidement, faute de quoi un r\u00e9sultat de r\u00e9partition n\u00e9gatif appara\u00eetra, ainsi qu'une baisse du niveau du fonds. Attendre la prochaine r\u00e9forme, qui n'entrerait probablement pas en vigueur avant 2030 ou 2031, et ce dans le meilleur des cas, n'est pas une option. Il en irait de m\u00eame en cas de renvoi en vue de l'\u00e9laboration d'un nouveau projet. Il est indispensable, pour assurer la stabilit\u00e9 financi\u00e8re de l'AVS, de prendre les d\u00e9cisions qui s'imposent en mati\u00e8re de financement.</p>\n<p>Vu ces consid\u00e9rations, vous l'aurez compris, je vous invite, au nom du Conseil f\u00e9d\u00e9ral, \u00e0 vous rallier \u00e0 la majorit\u00e9 de votre commission et \u00e0 entrer en mati\u00e8re sur les deux projets, afin d'assurer le financement durable de la 13e rente de vieillesse et la situation du fonds.</p>\n</pd_text>","MeetingCouncilAbbreviation":"N","MeetingDate":"20250910","MeetingVerbalixOid":4056,"IdSession":"5210","SpeakerFirstName":"Elisabeth","SpeakerLastName":"Baume-Schneider","SpeakerFullName":"Baume-Schneider Elisabeth","SpeakerFunction":"BR-F","CouncilId":99,"CouncilName":"Conseil f\u00e9d\u00e9ral","CantonId":26,"CantonName":"Jura","CantonAbbreviation":"JU","ParlGroupName":null,"ParlGroupAbbreviation":null,"SortOrder":19,"Start":"\/Date(1757522329334)\/","End":"\/Date(1757522606362)\/","Function":"BR-F","DisplaySpeaker":true,"LanguageOfText":"FR","Modified":"\/Date(1781865879807)\/","StartTimeWithTimezone":"\/Date(1757522329333+0120)\/","EndTimeWithTimezone":"\/Date(1757522606363+0120)\/","VoteBusinessNumber":null,"VoteBusinessShortNumber":null,"VoteBusinessTitle":null},{"__metadata":{"id":"https://ws.parlament.ch/OData.svc/Transcript(ID=361241L,Language='FR')","uri":"https://ws.parlament.ch/OData.svc/Transcript(ID=361241L,Language='FR')","type":"itsystems.Pd.DataServices.DataModel.Transcript"},"Subjects":{"__deferred":{"uri":"https://ws.parlament.ch/OData.svc/Transcript(ID=361241L,Language='FR')/Subjects"}},"MembersCouncil":{"__deferred":{"uri":"https://ws.parlament.ch/OData.svc/Transcript(ID=361241L,Language='FR')/MembersCouncil"}},"Businesses":{"__deferred":{"uri":"https://ws.parlament.ch/OData.svc/Transcript(ID=361241L,Language='FR')/Businesses"}},"ID":"361241","Language":"FR","IdSubject":"68828","VoteId":null,"PersonNumber":4109,"Type":1,"Text":"<pd_text><p>Monsieur le vice-pr\u00e9sident, cela n'\u00e9tait absolument pas pr\u00e9vu. On avait pr\u00e9vu un d\u00e9bat [PAGE 1416] de dix minutes pour chaque groupe, mais bon, ce n'est pas grave. </p>\n<p>Notre Parlement a actuellement sur la table pas moins de cinq projets li\u00e9s \u00e0 l'AVS, qui au d\u00e9part suscitaient autant de r\u00e9ponses qu'il y a de partis politiques. \u00c0 c\u00f4t\u00e9 du financement de la 13e rente que nous traitons aujourd'hui, il y a un projet qui remet en question les prestations pour les veuves et l'initiative populaire du Centre sur le plafonnement des rentes pour les couples mari\u00e9s.</p>\n<p>L'enjeu de la discussion d'aujourd'hui est d'autant plus important qu'il aura des effets sur les autres projets en cours de discussion. Le message transmis par la population, le 3 mars 2024, \u00e9tait tr\u00e8s clair[NB]: la population tient \u00e0 l'AVS et par son \"oui\" en mars 2024, elle souhaite un renforcement de ce premier pilier et non une r\u00e9duction des prestations ou une augmentation de l'\u00e2ge de r\u00e9f\u00e9rence. Par cons\u00e9quent, nous avons la responsabilit\u00e9 de mettre en oeuvre cette initiative et d'assurer un financement p\u00e9renne de la 13e rente. Nous avons un projet sur la table qui est \u00e0 saluer, qui vient du Conseil des \u00c9tats et qui montre un esprit qui veut trouver des solutions de compromis. Nous tenons \u00e0 saluer le travail fait au sein du Conseil des \u00c9tats.</p>\n<p>Aujourd'hui, j'en appelle au bon sens politique de certains de mes coll\u00e8gues dans cet h\u00e9micycle[NB]: l'entr\u00e9e en mati\u00e8re sur cet objet doit \u00eatre accept\u00e9e, car il en va de notre responsabilit\u00e9 politique. Nous devons assurer un financement p\u00e9renne de cette 13e rente. Le message donn\u00e9 par d\u00e9cision populaire \u00e9tait on ne peut plus clair. Aujourd'hui, il n'y a pas de raison de ne pas vouloir entrer en mati\u00e8re ou de renvoyer ce projet au Conseil f\u00e9d\u00e9ral.</p>\n<p>Vu le temps qui m'est imparti, je dois malheureusement conclure. J'avais de nombreux arguments \u00e0 d\u00e9velopper, mais je pense qu'une erreur dans la programmation de ce d\u00e9bat n'a pas \u00e9t\u00e9 communiqu\u00e9e correctement.</p>\n<p>Je vous invite donc \u00e0 entrer en mati\u00e8re et \u00e0 rejeter les diff\u00e9rentes propositions de renvoi.</p>\n</pd_text>","MeetingCouncilAbbreviation":"N","MeetingDate":"20250910","MeetingVerbalixOid":4056,"IdSession":"5210","SpeakerFirstName":"Val\u00e9rie","SpeakerLastName":"Piller Carrard","SpeakerFullName":"Piller Carrard Val\u00e9rie","SpeakerFunction":"Mit-F","CouncilId":1,"CouncilName":"Conseil national","CantonId":10,"CantonName":"Fribourg","CantonAbbreviation":"FR","ParlGroupName":"Groupe socialiste","ParlGroupAbbreviation":"S","SortOrder":8,"Start":"\/Date(1757520655502)\/","End":"\/Date(1757520780121)\/","Function":"Mit-F","DisplaySpeaker":true,"LanguageOfText":"FR","Modified":"\/Date(1781865879783)\/","StartTimeWithTimezone":"\/Date(1757520655503+0120)\/","EndTimeWithTimezone":"\/Date(1757520780120+0120)\/","VoteBusinessNumber":null,"VoteBusinessShortNumber":null,"VoteBusinessTitle":null},{"__metadata":{"id":"https://ws.parlament.ch/OData.svc/Transcript(ID=361242L,Language='FR')","uri":"https://ws.parlament.ch/OData.svc/Transcript(ID=361242L,Language='FR')","type":"itsystems.Pd.DataServices.DataModel.Transcript"},"Subjects":{"__deferred":{"uri":"https://ws.parlament.ch/OData.svc/Transcript(ID=361242L,Language='FR')/Subjects"}},"MembersCouncil":{"__deferred":{"uri":"https://ws.parlament.ch/OData.svc/Transcript(ID=361242L,Language='FR')/MembersCouncil"}},"Businesses":{"__deferred":{"uri":"https://ws.parlament.ch/OData.svc/Transcript(ID=361242L,Language='FR')/Businesses"}},"ID":"361242","Language":"FR","IdSubject":"68828","VoteId":"31051","PersonNumber":null,"Type":2,"Text":"<pd_text><p><i>Abstimmung - Vote </i>[GZ]</p>\n<p>[NAM][GZ]</p>\n<p>F\u00fcr Eintreten ... 117 Stimmen [GZ]</p>\n<p>Dagegen ... 77 Stimmen [GZ]</p>\n<p>(2 Enthaltungen)</p>\n<p>[VS]</p>\n</pd_text>","MeetingCouncilAbbreviation":"N","MeetingDate":"20250910","MeetingVerbalixOid":4056,"IdSession":"5210","SpeakerFirstName":null,"SpeakerLastName":null,"SpeakerFullName":"","SpeakerFunction":null,"CouncilId":null,"CouncilName":null,"CantonId":null,"CantonName":null,"CantonAbbreviation":null,"ParlGroupName":null,"ParlGroupAbbreviation":null,"SortOrder":23,"Start":"\/Date(1757522742385)\/","End":"\/Date(1757522742385)\/","Function":null,"DisplaySpeaker":null,"LanguageOfText":null,"Modified":"\/Date(1781865879816)\/","StartTimeWithTimezone":"\/Date(1757522742387+0120)\/","EndTimeWithTimezone":"\/Date(1757522742387+0120)\/","VoteBusinessNumber":20240073,"VoteBusinessShortNumber":"24.073","VoteBusinessTitle":"Mise en oeuvre et financement\nde l'initiative pour une 13e rente AVS"},{"__metadata":{"id":"https://ws.parlament.ch/OData.svc/Transcript(ID=361243L,Language='FR')","uri":"https://ws.parlament.ch/OData.svc/Transcript(ID=361243L,Language='FR')","type":"itsystems.Pd.DataServices.DataModel.Transcript"},"Subjects":{"__deferred":{"uri":"https://ws.parlament.ch/OData.svc/Transcript(ID=361243L,Language='FR')/Subjects"}},"MembersCouncil":{"__deferred":{"uri":"https://ws.parlament.ch/OData.svc/Transcript(ID=361243L,Language='FR')/MembersCouncil"}},"Businesses":{"__deferred":{"uri":"https://ws.parlament.ch/OData.svc/Transcript(ID=361243L,Language='FR')/Businesses"}},"ID":"361243","Language":"FR","IdSubject":"68828","VoteId":null,"PersonNumber":4319,"Type":1,"Text":"<pd_text><p>Am 3.[NB]M\u00e4rz des letzten Jahres wurde die Volksinitiative \"f\u00fcr eine 13.[NB]AHV-Rente\" von Volk und St\u00e4nden angenommen. Hier und heute geht es nun darum, diesen Volksentscheid durch eine verantwortungsvolle Finanzierung, wie sie im Abstimmungskampf versprochen wurde, umzusetzen. </p>\n<p>Dieses Parlament, insbesondere die Vertreter von Mitte-Links, wirft das Geld mit beiden H\u00e4nden zum Fenster hinaus: \u00fcber 4 Milliarden Franken Entwicklungshilfe pro Jahr, nochmals rund 4 Milliarden Franken f\u00fcr unseren Asylluxus, notabene die Gesundheitskosten der Asylbewerber nicht eingerechnet. Hier nur ein paar Beispiele, was mit dem Geld der Steuerzahler in der Entwicklungshilfe aktuell alles finanziert wird: verst\u00e4rkte F\u00fchrungsrolle von Frauen f\u00fcr die Demokratie in Georgien; Gleichstellung der Geschlechter durch Massnahmen der lokalen Zivilgesellschaft in der Region Naher Osten und Nordafrika; Weiterbildung in Gender und Entwicklung im frankofonen Afrika. Doch damit nicht genug: Mit den sogenannten Koh\u00e4sionszahlungen an die EU finanzieren wir Schweizer Steuerzahler Wirtschaftsf\u00f6rderung von KMU in Osteuropa, damit diese dann im Rahmen von \u00f6ffentlichen Ausschreibungen unser lokales Gewerbe konkurrenzieren k\u00f6nnen. Teilweise werden traditionsreiche Schweizer Betriebe gar von Unternehmen \u00fcbernommen, welche wir selbst zuvor \u00fcber die Zahlungen an die EU subventioniert haben. Weiter flossen im Jahr 2022 alleine f\u00fcr Familienzulagen 550 Millionen Franken in die EU. Alleine nach Frankreich, wo der Staat faktisch bankrott ist, werden 355 Millionen Franken ausbezahlt. Das sind Abermillionen f\u00fcr Unsinn.</p>\n<p>Das haben die Schweizer Stimmb\u00fcrger l\u00e4ngst gemerkt und sich im letzten Jahr gedacht: Jetzt sind endlich wir einmal an der Reihe. Da haben sie die Rechnung allerdings einmal mehr ohne Bundesrat und Parlament gemacht. Statt den Mittelstand mit der 13.[NB]AHV-Rente zu entlasten, wird er noch mehr geschr\u00f6pft. Denn er soll, ob als \"B\u00fcezer\" \u00fcber die Lohnbez\u00fcge oder als Konsument \u00fcber die Mehrwertsteuer, die Zeche f\u00fcr sein freches Stimmverhalten gef\u00e4lligst selbst bezahlen. So ist die hochm\u00fctige Haltung der Politeliten in diesem Land.</p>\n<p>Ja, die SVP steht voll und ganz zum Entscheid von Volk und St\u00e4nden f\u00fcr eine 13.[NB]AHV-Rente. Und genau darum sind wir nicht bereit, die Finanzierung auf dem Buckel derjenigen vorzunehmen, welche ihr ganzes Leben in der Schweiz arbeiten und leben. Eine Erh\u00f6hung der Lohnbeitr\u00e4ge trifft direkt die arbeitende Bev\u00f6lkerung und die Arbeitgeber, also prim\u00e4r nicht die Linke in ihren gesch\u00fctzten Werkst\u00e4tten. Diese hat sich nie einen Deut um die Finanzierung geschert. Dabei hat der Staat noch nie so viel Geld eingenommen wie heute. Im kommenden Jahr werden es sage und schreibe 90 Milliarden Franken sein, 5 Prozent mehr als dieses Jahr. Der Grund daf\u00fcr sind die hohen Gewinnsteuern aus dem Kanton Genf, welche die dortigen Rohstoffh\u00e4ndler bezahlen m\u00fcssen. </p>\n<p>Die linke Umverteilung ist nur m\u00f6glich dank den Grosskonzernen, dank dem Kapitalismus. Trotzdem will die Linke unsere Unternehmen zu Tode regulieren und mit der Konzernverantwortungs-Initiative Grosskonzerne vor Gericht zerren. [PAGE 1417] Gleichzeitig will die Juso mit ihrer Erbschaftssteuer-Initiative Schweizer Familienunternehmen enteignen. Sie schiessen damit auf jene Akteure, die den ganzen Ausgabenwahnsinn und die linke Umverteilung \u00fcberhaupt erst erm\u00f6glichen. Gleichzeitig geht die Linke mit der vorgeschlagenen Finanzierung nun auf Arbeitnehmer, Arbeitgeber und die Konsumenten los. Was ist bloss aus der Arbeiterpartei geworden? Wo ist der Konsumentenschutz geblieben?</p>\n<p>Mit dieser Vorlage w\u00fcrden die L\u00f6hne sinken, gleichzeitig die Lohnkosten steigen und die Wettbewerbsf\u00e4higkeit der Schweiz weiter schwinden. Vor allem bleibt dem einfachen \"B\u00fcezer\", der f\u00fcr die 13.[NB]AHV-Rente gestimmt hat, Ende Monat noch weniger im Sack. Und wenn er sich damit etwas kauft, soll er erst noch mehr Mehrwertsteuer bezahlen m\u00fcssen. Seine Kaufkraft bricht ein, und damit bricht auch der ganze Mittelstand ein, die St\u00fctze, die unsere Gesellschaft tr\u00e4gt.</p>\n<p>Aus diesem Grund bitte ich Sie, auf die Vorlage nicht einzutreten oder sie alternativ an den Bundesrat zur\u00fcckzuweisen.</p>\n</pd_text>","MeetingCouncilAbbreviation":"N","MeetingDate":"20250910","MeetingVerbalixOid":4056,"IdSession":"5210","SpeakerFirstName":"Michael","SpeakerLastName":"Graber","SpeakerFullName":"Graber Michael","SpeakerFunction":"Mit-M","CouncilId":1,"CouncilName":"Conseil national","CantonId":23,"CantonName":"Valais","CantonAbbreviation":"VS","ParlGroupName":"Groupe de l'Union d\u00e9mocratique du Centre","ParlGroupAbbreviation":"V","SortOrder":11,"Start":"\/Date(1757521016678)\/","End":"\/Date(1757521313592)\/","Function":"Mit-M","DisplaySpeaker":true,"LanguageOfText":"DE","Modified":"\/Date(1781865879788)\/","StartTimeWithTimezone":"\/Date(1757521016677+0120)\/","EndTimeWithTimezone":"\/Date(1757521313593+0120)\/","VoteBusinessNumber":null,"VoteBusinessShortNumber":null,"VoteBusinessTitle":null},{"__metadata":{"id":"https://ws.parlament.ch/OData.svc/Transcript(ID=361244L,Language='FR')","uri":"https://ws.parlament.ch/OData.svc/Transcript(ID=361244L,Language='FR')","type":"itsystems.Pd.DataServices.DataModel.Transcript"},"Subjects":{"__deferred":{"uri":"https://ws.parlament.ch/OData.svc/Transcript(ID=361244L,Language='FR')/Subjects"}},"MembersCouncil":{"__deferred":{"uri":"https://ws.parlament.ch/OData.svc/Transcript(ID=361244L,Language='FR')/MembersCouncil"}},"Businesses":{"__deferred":{"uri":"https://ws.parlament.ch/OData.svc/Transcript(ID=361244L,Language='FR')/Businesses"}},"ID":"361244","Language":"FR","IdSubject":"68828","VoteId":"31052","PersonNumber":null,"Type":2,"Text":"<pd_text><p><i>Abstimmung - Vote </i>[GZ]</p>\n<p>[NAM][GZ]</p>\n<p>F\u00fcr Eintreten ... 112 Stimmen [GZ]</p>\n<p>Dagegen ... 82 Stimmen [GZ]</p>\n<p>(2 Enthaltungen)</p>\n</pd_text>","MeetingCouncilAbbreviation":"N","MeetingDate":"20250910","MeetingVerbalixOid":4056,"IdSession":"5210","SpeakerFirstName":null,"SpeakerLastName":null,"SpeakerFullName":"","SpeakerFunction":null,"CouncilId":null,"CouncilName":null,"CantonId":null,"CantonName":null,"CantonAbbreviation":null,"ParlGroupName":null,"ParlGroupAbbreviation":null,"SortOrder":25,"Start":"\/Date(1757522809584)\/","End":"\/Date(1757522809584)\/","Function":null,"DisplaySpeaker":null,"LanguageOfText":null,"Modified":"\/Date(1781865879820)\/","StartTimeWithTimezone":"\/Date(1757522809583+0120)\/","EndTimeWithTimezone":"\/Date(1757522809583+0120)\/","VoteBusinessNumber":20240073,"VoteBusinessShortNumber":"24.073","VoteBusinessTitle":"Mise en oeuvre et financement\nde l'initiative pour une 13e rente AVS"},{"__metadata":{"id":"https://ws.parlament.ch/OData.svc/Transcript(ID=361245L,Language='FR')","uri":"https://ws.parlament.ch/OData.svc/Transcript(ID=361245L,Language='FR')","type":"itsystems.Pd.DataServices.DataModel.Transcript"},"Subjects":{"__deferred":{"uri":"https://ws.parlament.ch/OData.svc/Transcript(ID=361245L,Language='FR')/Subjects"}},"MembersCouncil":{"__deferred":{"uri":"https://ws.parlament.ch/OData.svc/Transcript(ID=361245L,Language='FR')/MembersCouncil"}},"Businesses":{"__deferred":{"uri":"https://ws.parlament.ch/OData.svc/Transcript(ID=361245L,Language='FR')/Businesses"}},"ID":"361245","Language":"FR","IdSubject":"68828","VoteId":"31053","PersonNumber":null,"Type":2,"Text":"<pd_text><p><i>Abstimmung - Vote </i>[GZ]</p>\n<p>[NAM][GZ]</p>\n<p>F\u00fcr den Antrag der Minderheit I ... 86 Stimmen[GZ]</p>\n<p>Dagegen ... 112 Stimmen[GZ]</p>\n<p>(0 Enthaltungen)</p>\n</pd_text>","MeetingCouncilAbbreviation":"N","MeetingDate":"20250910","MeetingVerbalixOid":4056,"IdSession":"5210","SpeakerFirstName":null,"SpeakerLastName":null,"SpeakerFullName":"","SpeakerFunction":null,"CouncilId":null,"CouncilName":null,"CantonId":null,"CantonName":null,"CantonAbbreviation":null,"ParlGroupName":null,"ParlGroupAbbreviation":null,"SortOrder":27,"Start":"\/Date(1757522901781)\/","End":"\/Date(1757522960648)\/","Function":null,"DisplaySpeaker":null,"LanguageOfText":null,"Modified":"\/Date(1781865879825)\/","StartTimeWithTimezone":"\/Date(1757522901780+0120)\/","EndTimeWithTimezone":"\/Date(1757522960647+0120)\/","VoteBusinessNumber":20240073,"VoteBusinessShortNumber":"24.073","VoteBusinessTitle":"Mise en oeuvre et financement\nde l'initiative pour une 13e rente AVS"},{"__metadata":{"id":"https://ws.parlament.ch/OData.svc/Transcript(ID=361247L,Language='FR')","uri":"https://ws.parlament.ch/OData.svc/Transcript(ID=361247L,Language='FR')","type":"itsystems.Pd.DataServices.DataModel.Transcript"},"Subjects":{"__deferred":{"uri":"https://ws.parlament.ch/OData.svc/Transcript(ID=361247L,Language='FR')/Subjects"}},"MembersCouncil":{"__deferred":{"uri":"https://ws.parlament.ch/OData.svc/Transcript(ID=361247L,Language='FR')/MembersCouncil"}},"Businesses":{"__deferred":{"uri":"https://ws.parlament.ch/OData.svc/Transcript(ID=361247L,Language='FR')/Businesses"}},"ID":"361247","Language":"FR","IdSubject":"68828","VoteId":"31054","PersonNumber":null,"Type":2,"Text":"<pd_text><p><i>Abstimmung - Vote </i>[GZ]</p>\n<p>[NAM][GZ]</p>\n<p>F\u00fcr den Antrag der Minderheit II ... 60 Stimmen[GZ]</p>\n<p>Dagegen ... 135 Stimmen[GZ]</p>\n<p>(3 Enthaltungen)</p>\n</pd_text>","MeetingCouncilAbbreviation":"N","MeetingDate":"20250910","MeetingVerbalixOid":4056,"IdSession":"5210","SpeakerFirstName":null,"SpeakerLastName":null,"SpeakerFullName":"","SpeakerFunction":null,"CouncilId":null,"CouncilName":null,"CantonId":null,"CantonName":null,"CantonAbbreviation":null,"ParlGroupName":null,"ParlGroupAbbreviation":null,"SortOrder":28,"Start":null,"End":null,"Function":null,"DisplaySpeaker":null,"LanguageOfText":null,"Modified":"\/Date(1781865879828)\/","StartTimeWithTimezone":null,"EndTimeWithTimezone":null,"VoteBusinessNumber":20240073,"VoteBusinessShortNumber":"24.073","VoteBusinessTitle":"Mise en oeuvre et financement\nde l'initiative pour une 13e rente AVS"},{"__metadata":{"id":"https://ws.parlament.ch/OData.svc/Transcript(ID=361248L,Language='FR')","uri":"https://ws.parlament.ch/OData.svc/Transcript(ID=361248L,Language='FR')","type":"itsystems.Pd.DataServices.DataModel.Transcript"},"Subjects":{"__deferred":{"uri":"https://ws.parlament.ch/OData.svc/Transcript(ID=361248L,Language='FR')/Subjects"}},"MembersCouncil":{"__deferred":{"uri":"https://ws.parlament.ch/OData.svc/Transcript(ID=361248L,Language='FR')/MembersCouncil"}},"Businesses":{"__deferred":{"uri":"https://ws.parlament.ch/OData.svc/Transcript(ID=361248L,Language='FR')/Businesses"}},"ID":"361248","Language":"FR","IdSubject":"68828","VoteId":null,"PersonNumber":4238,"Type":1,"Text":"<pd_text><p>Merci beaucoup, Monsieur le conseiller national Bl\u00e4si. Cette hypoth\u00e8se a \u00e9t\u00e9 travaill\u00e9e en amont. Le Conseil f\u00e9d\u00e9ral a renonc\u00e9 \u00e0 diff\u00e9rencier les taux de TVA, sachant - effectivement, votre appr\u00e9ciation est juste - que cela deviendrait un monstre administratif de ne prendre qu'une partie des taux ou non. C'est donc vraiment une appr\u00e9ciation que le Conseil f\u00e9d\u00e9ral a faite de renoncer \u00e0 diff\u00e9rencier les taux.</p>\n<p>[VS]</p>\n</pd_text>","MeetingCouncilAbbreviation":"N","MeetingDate":"20250910","MeetingVerbalixOid":4056,"IdSession":"5210","SpeakerFirstName":"Elisabeth","SpeakerLastName":"Baume-Schneider","SpeakerFullName":"Baume-Schneider Elisabeth","SpeakerFunction":"BR-F","CouncilId":99,"CouncilName":"Conseil f\u00e9d\u00e9ral","CantonId":26,"CantonName":"Jura","CantonAbbreviation":"JU","ParlGroupName":null,"ParlGroupAbbreviation":null,"SortOrder":21,"Start":"\/Date(1757522643299)\/","End":"\/Date(1757522673904)\/","Function":"BR-F","DisplaySpeaker":true,"LanguageOfText":"FR","Modified":"\/Date(1781865879810)\/","StartTimeWithTimezone":"\/Date(1757522643300+0120)\/","EndTimeWithTimezone":"\/Date(1757522673903+0120)\/","VoteBusinessNumber":null,"VoteBusinessShortNumber":null,"VoteBusinessTitle":null},{"__metadata":{"id":"https://ws.parlament.ch/OData.svc/Transcript(ID=361249L,Language='FR')","uri":"https://ws.parlament.ch/OData.svc/Transcript(ID=361249L,Language='FR')","type":"itsystems.Pd.DataServices.DataModel.Transcript"},"Subjects":{"__deferred":{"uri":"https://ws.parlament.ch/OData.svc/Transcript(ID=361249L,Language='FR')/Subjects"}},"MembersCouncil":{"__deferred":{"uri":"https://ws.parlament.ch/OData.svc/Transcript(ID=361249L,Language='FR')/MembersCouncil"}},"Businesses":{"__deferred":{"uri":"https://ws.parlament.ch/OData.svc/Transcript(ID=361249L,Language='FR')/Businesses"}},"ID":"361249","Language":"FR","IdSubject":"68828","VoteId":null,"PersonNumber":4313,"Type":1,"Text":"<pd_text><p><b>2.</b>[NB]<b>Bundesgesetz \u00fcber die Alters- und Hinterlassenenversicherung (Finanzierung der 13.[NB]Altersrente)</b>[GZ]</p>\n<p><b>2.</b>[NB]<b>Loi f\u00e9d\u00e9rale sur l'assurance-vieillesse et survivants (Financement de la 13e rente de vieillesse)</b>[GZ]</p>\n<p>[VS][GZ]</p>\n<p><b>Pr\u00e4sidentin</b> (Riniker Maja, Pr\u00e4sidentin): Wir stimmen \u00fcber den Antrag der Minderheit Sauter auf Nichteintreten auf die Vorlage 2 ab.</p>\n</pd_text>","MeetingCouncilAbbreviation":"N","MeetingDate":"20250910","MeetingVerbalixOid":4056,"IdSession":"5210","SpeakerFirstName":"Maja","SpeakerLastName":"Riniker","SpeakerFullName":"Riniker Maja","SpeakerFunction":"P-F","CouncilId":1,"CouncilName":"Conseil national","CantonId":19,"CantonName":"Argovie","CantonAbbreviation":"AG","ParlGroupName":"Groupe lib\u00e9ral-radical","ParlGroupAbbreviation":"RL","SortOrder":22,"Start":"\/Date(1757522673904)\/","End":"\/Date(1757522742385)\/","Function":"P-F","DisplaySpeaker":false,"LanguageOfText":null,"Modified":"\/Date(1781865879813)\/","StartTimeWithTimezone":"\/Date(1757522673903+0120)\/","EndTimeWithTimezone":"\/Date(1757522742387+0120)\/","VoteBusinessNumber":null,"VoteBusinessShortNumber":null,"VoteBusinessTitle":null},{"__metadata":{"id":"https://ws.parlament.ch/OData.svc/Transcript(ID=361250L,Language='FR')","uri":"https://ws.parlament.ch/OData.svc/Transcript(ID=361250L,Language='FR')","type":"itsystems.Pd.DataServices.DataModel.Transcript"},"Subjects":{"__deferred":{"uri":"https://ws.parlament.ch/OData.svc/Transcript(ID=361250L,Language='FR')/Subjects"}},"MembersCouncil":{"__deferred":{"uri":"https://ws.parlament.ch/OData.svc/Transcript(ID=361250L,Language='FR')/MembersCouncil"}},"Businesses":{"__deferred":{"uri":"https://ws.parlament.ch/OData.svc/Transcript(ID=361250L,Language='FR')/Businesses"}},"ID":"361250","Language":"FR","IdSubject":"68828","VoteId":null,"PersonNumber":4216,"Type":1,"Text":"<pd_text><p>Die SVP-Fraktion anerkennt den Entscheid von Volk und St\u00e4nden und unterst\u00fctzt die Auszahlung der 13.[NB]AHV-Rente ab 2026. Das Finanzierungsdesaster ist jedoch den Initianten der Volksinitiative anzulasten, die es vers\u00e4umt hatten, die Finanzierung bereits im Initiativtext festzuschreiben. Sie selbst hatten im Abstimmungskampf immer wieder betont, dass der AHV-Fonds \u00fcber mehr als genug Geld verf\u00fcge. Dass dem aber so nicht ist, wird uns heute [PAGE 1415] vor Augen gef\u00fchrt, da wir \u00fcber h\u00f6here Steuern und h\u00f6here Lohnbeitr\u00e4ge diskutieren. </p>\n<p>Die SVP-Fraktion fordert deshalb nach wie vor eine nachhaltige Sanierung der AHV inklusive 13.[NB]AHV-Rente im Zuge einer umfassenden Reform und Gesamtschau. Denn was jetzt auf dem Tisch liegt, wird am Schluss vermutlich niemanden begeistern. Fraktionen der linken Seite und der Mitte haben im St\u00e4nderat zusammengespannt, im Wissen, dass das, was dem Parlament und dem Volk nun pr\u00e4sentiert wird, ein unfaires \"P\u00e4ckli\" ist. Man hat zwei verschiedene Forderungen in die gleiche Vorlage gepackt: Die Mitte-Fraktion unterst\u00fctzt die Finanzierung der 13.[NB]AHV-Rente \u00fcber h\u00f6here Lohn- und Mehrwertsteuerbeitr\u00e4ge, und linke Fraktionen unterst\u00fctzen die Vorabfinanzierung der Mitte-Initiative zur Abschaffung der Plafonierung der Ehepaarrenten. Am Ende w\u00e4ren es die junge Generation und die arbeitende Bev\u00f6lkerung, die zur Kasse gebeten werden. Das geht nicht. Wir wissen, dass das Umlagesystem nachhaltig sein muss, auch f\u00fcr die junge Generation muss es fair bleiben. Sie muss darauf vertrauen d\u00fcrfen, sp\u00e4ter ebenfalls finanziell abgesichert zu sein. Doch die Voraussetzungen daf\u00fcr sind mit den aktuellen Entw\u00fcrfen des Bundesrates und den Beschl\u00fcssen des St\u00e4nderates nicht gegeben. </p>\n<p>Schauen wir nun nochmals auf den Abstimmungskampf zur\u00fcck. Die SVP-Basis war f\u00fcr das Ja zur 13.[NB]AHV-Rente mitverantwortlich. Rund 38 Prozent unserer W\u00e4hlerschaft stimmten der Initiative zu - aus Sorge um die Altersvorsorge. Umso stossender ist es nun, dass die Argumente, die zu diesem Ja gef\u00fchrt hatten, insbesondere die Kritik an Geldfl\u00fcssen ins Ausland, nach dem Motto \"Wir haben f\u00fcr alles Geld, ausser f\u00fcr uns\" bei der Finanzierungsdiskussion bewusst ignoriert und in der Kommission sogar totgeschwiegen worden sind. </p>\n<p>Sollten wir auf die Vorlage eintreten, stellen wir den R\u00fcckweisungsantrag mit folgendem Auftrag an den Bundesrat: Wir m\u00f6chten eine Streichung von Geldern f\u00fcr Gender-Projekte in der internationalen Zusammenarbeit; eine K\u00fcrzung der gesamten internationalen Zusammenarbeit um rund 15 Prozent; Einsparungen im Asylwesen; eine Reduktion der Grundleistungen der Krankenpflegeversicherung; eine Erh\u00f6hung der Mindestfranchise f\u00fcr Drittstaatsangeh\u00f6rige bei Zuzug und eine K\u00fcrzung der L\u00f6hne des Bundespersonals. Diese Liste ist nicht abschliessend. Der Bundesrat hat uns weitere K\u00fcrzungsvorschl\u00e4ge zu pr\u00e4sentieren, ohne Mehreinnahmen, die durch die Bev\u00f6lkerung zu stemmen w\u00e4ren. Beispiele aus der internationalen Zusammenarbeit zeigen, wo gespart werden kann, da selbst nach der K\u00fcrzung nach wie vor 2,5 Milliarden Franken veranschlagt werden: \u00fcber 700[NB]000 Franken f\u00fcr Gender-Weiterbildung in Afrika; 4,8 Millionen Franken f\u00fcr Frauen in der Politik in Kosovo; 3,8 Millionen Franken f\u00fcr F\u00fchrungsrollen in Georgien und \u00fcber 1,55 Millionen Franken zur F\u00f6rderung geschlechtergerechter Haushalte in Nordmazedonien. Ich glaube, Sie gehen mit mir einig: Das sind keine Kernaufgaben der Schweiz, und es gibt sicher noch weitere Beispiele. </p>\n<p>Auch bei den Erg\u00e4nzungsleistungen f\u00fcr Personen mit einem F-Ausweis, die nie gearbeitet haben, sowie bei der vollen Krankenversicherungsdeckung f\u00fcr illegale Einwanderer und Asylsuchende braucht es eine ehrliche Diskussion \u00fcber Leistungsgerechtigkeit, und das wiederum nach dem Motto \"Wir haben f\u00fcr alles Geld, ausser f\u00fcr uns\". </p>\n<p>Mein Fazit: Wir sagen Ja zur AHV, aber Nein zur 13.[NB]AHV-Rente ohne Gesamtschau, da die 13.[NB]AHV-Rente einfach ein Anteil aus dem gesamten AHV-Topf ist und deshalb nicht gesondert betrachtet werden darf. </p>\n<p>Ich bitte Sie deshalb, meinen R\u00fcckweisungsantrag zu unterst\u00fctzen.</p>\n</pd_text>","MeetingCouncilAbbreviation":"N","MeetingDate":"20250910","MeetingVerbalixOid":4056,"IdSession":"5210","SpeakerFirstName":"Diana","SpeakerLastName":"Gutjahr","SpeakerFullName":"Gutjahr Diana","SpeakerFunction":"Mit-F","CouncilId":1,"CouncilName":"Conseil national","CantonId":20,"CantonName":"Thurgovie","CantonAbbreviation":"TG","ParlGroupName":"Groupe de l'Union d\u00e9mocratique du Centre","ParlGroupAbbreviation":"V","SortOrder":5,"Start":"\/Date(1757520110047)\/","End":"\/Date(1757520381423)\/","Function":"Mit-F","DisplaySpeaker":true,"LanguageOfText":"DE","Modified":"\/Date(1781865879778)\/","StartTimeWithTimezone":"\/Date(1757520110047+0120)\/","EndTimeWithTimezone":"\/Date(1757520381423+0120)\/","VoteBusinessNumber":null,"VoteBusinessShortNumber":null,"VoteBusinessTitle":null},{"__metadata":{"id":"https://ws.parlament.ch/OData.svc/Transcript(ID=361251L,Language='FR')","uri":"https://ws.parlament.ch/OData.svc/Transcript(ID=361251L,Language='FR')","type":"itsystems.Pd.DataServices.DataModel.Transcript"},"Subjects":{"__deferred":{"uri":"https://ws.parlament.ch/OData.svc/Transcript(ID=361251L,Language='FR')/Subjects"}},"MembersCouncil":{"__deferred":{"uri":"https://ws.parlament.ch/OData.svc/Transcript(ID=361251L,Language='FR')/MembersCouncil"}},"Businesses":{"__deferred":{"uri":"https://ws.parlament.ch/OData.svc/Transcript(ID=361251L,Language='FR')/Businesses"}},"ID":"361251","Language":"FR","IdSubject":"68828","VoteId":null,"PersonNumber":4202,"Type":1,"Text":"<pd_text><p>Die Schweizer Bev\u00f6lkerung g\u00f6nnte sich eine 13.[NB]AHV-Rente. Das ist aus unserer Sicht zwar v\u00f6llig fehl am Platz, gilt es aber zu akzeptieren. Die 13.[NB]Renten werden n\u00e4chstes Jahr zum ersten Mal ausbezahlt. So hat es dieses Parlament beschlossen. </p>\n<p>Wusste die Bev\u00f6lkerung, dass diese Giesskanne nicht gratis zu haben ist? Ja, das Abstimmungsb\u00fcchlein war diesbez\u00fcglich klar und wies die zus\u00e4tzlichen Ausgaben f\u00fcr die AHV aus: 4,5 Milliarden Franken im Jahr 2030, 5 Milliarden Franken im Jahr 2035.</p>\n<p>\u00c4usserte sich die Bev\u00f6lkerung dazu, wie das bezahlt werden soll? Nein. Ganz nach der Manier \"Bestelle heute und bezahle allenfalls morgen\" ging man davon aus, dass sich das schon l\u00f6sen lasse. Das wurde durch die Initianten best\u00e4rkt, die immer wieder betonten, die AHV habe kein finanzielles Problem.</p>\n<p>Es lohnt sich deshalb ein Blick auf die Fakten, denn eben wurden die neusten Berechnungen zur Entwicklung der AHV publiziert. Ohne zus\u00e4tzliche finanzielle Mittel zeigt sich ab 2026 ein negatives Umlageergebnis und somit ein Fehlbetrag zwischen Einnahmen und Ausgaben im Umfang von 1 Milliarde Franken. Dieser Fehlbetrag w\u00e4chst mit den Jahren und betr\u00e4gt 2030 knapp 2 und 2035 schon 4 Milliarden Franken.</p>\n<p>Es ist klar: Weil ab 2030 Tausende von Babyboomern in Pension gehen und weniger junge Menschen in den Arbeitsmarkt einsteigen, werden Einnahmen und Ausgaben der AHV[NB]immer[NB]weiter auseinanderklaffen - auch ohne weiteren Ausbau. Die 13.[NB]AHV-Rente verst\u00e4rkt den Finanzbedarf zus\u00e4tzlich.</p>\n<p>Schon lange fordert die FDP-Liberale Fraktion deshalb vom Bundesrat, eine Gesamtschau vorzulegen, welche die demografische Entwicklung ber\u00fccksichtigt und Aussagen dazu macht, wie die AHV l\u00e4ngerfristig gesichert werden soll. Wir erwarten, dass er dabei sowohl die Leistungen als auch die Einnahmen kritisch hinterfragt. Mit anderen Worten: Eine alleinige Sanierung der AHV durch die Erh\u00f6hung von Steuern und Abgaben kommt f\u00fcr uns nicht infrage. Einmal mehr w\u00fcrden dadurch der Mittelstand und kleine und mittlere Unternehmen \u00fcberm\u00e4ssig belastet.</p>\n<p>Stattdessen pr\u00e4sentiert uns der Bundesrat nun wieder einen Vorschlag, der zur Finanzierung der 13.[NB]AHV-Rente ausschliesslich eine Erh\u00f6hung der Mehrwertsteuer vorsieht. H\u00e4ppchenweise will man offenbar dem Volk laufend Steuererh\u00f6hungen schmackhaft machen, in der Hoffnung, dass es dann nicht so wehtut. Das ist Augenwischerei, ganz abgesehen davon, dass die zus\u00e4tzlichen Einnahmen die 13.[NB]AHV-Rente auch nicht voll ausfinanzieren.</p>\n<p>Der St\u00e4nderat hat das Ganze noch verschlimmbessert. Man fragt sich leider schon, was aus der selbsternannten Chambre de R\u00e9flexion geworden ist. Eine nicht so heilige Allianz aus Mitte-Links will die Finanzierung eines weiteren Ausbaus auf Vorrat, bevor \u00fcber die Initiative der Mitte, auf die man sich bezieht, \u00fcberhaupt diskutiert worden ist. Zudem startet man einen nicht zu verantwortenden Angriff auf den Fonds der Arbeitslosenversicherung, der angesichts der sich eintr\u00fcbenden Wirtschaftslage wohl noch gr\u00f6ssere Herausforderungen zu stemmen haben wird. Und dass h\u00f6here Lohnabgaben im Moment grunds\u00e4tzlich keine gute Idee sind, m\u00fcsste eigentlich auch einleuchten.</p>\n<p>Aus diesen Gr\u00fcnden werden wir auf diese Vorlage nicht eintreten. Was wir stattdessen wollen, ist eine ehrliche Auseinandersetzung mit der Zukunft unseres wichtigsten Sozialwerks. Wir wollen L\u00f6sungen, die eine nachhaltige Sicherung der AHV erm\u00f6glichen. Wir wollen Fairness gegen\u00fcber der n\u00e4chsten Generation. Und wir wollen auch L\u00f6sungen, die den Bundeshaushalt im Auge behalten.</p>\n<p>Das Parlament hat den Bundesrat mit der Ausarbeitung einer Strategie beauftragt, erste Eckwerte hat er pr\u00e4sentiert. Es ist recht ern\u00fcchternd - abgesehen davon, dass es Zeit braucht. Die AHV soll nach Ansicht des Bundesrates einzig \u00fcber Mehreinnahmen finanziert werden. Das ist der falsche Weg. Es m\u00fcssen beide Seiten angesehen werden, auch die Leistungen der AHV. Und es gilt, endlich eine unvoreingenommene Diskussion \u00fcber eine Erh\u00f6hung des Rentenalters und \u00fcber Anreize zu f\u00fchren, die l\u00e4ngeres Arbeiten attraktiver machen.</p>\n<p>Gerade angesichts der Abnahme der Anzahl der Erwerbst\u00e4tigen kann die Finanzierung der AHV nicht ausschliesslich dem Faktor Arbeit und somit der n\u00e4chsten Generation aufgeb\u00fcrdet werden. Erstaunt es Sie vor diesem Hintergrund, dass junge Menschen den Eindruck haben, sie w\u00fcrden von der Politik nur benachteiligt? So ist unser R\u00fcckweisungsantrag an den Bundesrat zu verstehen, den wir unterst\u00fctzen, falls Eintreten beschlossen wird. </p>\n<p>Denken Sie nicht auch, dass jetzt der Moment gekommen ist, um Verantwortung f\u00fcr unser wichtigstes Sozialwerk und f\u00fcr die n\u00e4chste Generation zu \u00fcbernehmen? Wir von der FDP-Liberalen Fraktion sind klar dieser Meinung.</p>\n<p>Wenn auch Sie diese Haltung teilen, dann stimmen Sie unserem Antrag bitte zu.</p>\n</pd_text>","MeetingCouncilAbbreviation":"N","MeetingDate":"20250910","MeetingVerbalixOid":4056,"IdSession":"5210","SpeakerFirstName":"Regine","SpeakerLastName":"Sauter","SpeakerFullName":"Sauter Regine","SpeakerFunction":"Mit-F","CouncilId":1,"CouncilName":"Conseil national","CantonId":1,"CantonName":"Zurich","CantonAbbreviation":"ZH","ParlGroupName":"Groupe lib\u00e9ral-radical","ParlGroupAbbreviation":"RL","SortOrder":4,"Start":"\/Date(1757519764130)\/","End":"\/Date(1757520096199)\/","Function":"Mit-F","DisplaySpeaker":true,"LanguageOfText":"DE","Modified":"\/Date(1781865879776)\/","StartTimeWithTimezone":"\/Date(1757519764130+0120)\/","EndTimeWithTimezone":"\/Date(1757520096200+0120)\/","VoteBusinessNumber":null,"VoteBusinessShortNumber":null,"VoteBusinessTitle":null},{"__metadata":{"id":"https://ws.parlament.ch/OData.svc/Transcript(ID=361252L,Language='FR')","uri":"https://ws.parlament.ch/OData.svc/Transcript(ID=361252L,Language='FR')","type":"itsystems.Pd.DataServices.DataModel.Transcript"},"Subjects":{"__deferred":{"uri":"https://ws.parlament.ch/OData.svc/Transcript(ID=361252L,Language='FR')/Subjects"}},"MembersCouncil":{"__deferred":{"uri":"https://ws.parlament.ch/OData.svc/Transcript(ID=361252L,Language='FR')/MembersCouncil"}},"Businesses":{"__deferred":{"uri":"https://ws.parlament.ch/OData.svc/Transcript(ID=361252L,Language='FR')/Businesses"}},"ID":"361252","Language":"FR","IdSubject":"68828","VoteId":null,"PersonNumber":4313,"Type":1,"Text":"<pd_text><p><b>Pr\u00e4sidentin</b> (Riniker Maja, Pr\u00e4sidentin): Wir stimmen nun \u00fcber die R\u00fcckweisungsantr\u00e4ge der Minderheit I (Sauter) und der Minderheit II (Gutjahr) ab. Da die R\u00fcckweisungsantr\u00e4ge kumuliert werden k\u00f6nnen, kommen sie nacheinander zur Abstimmung. Die Abstimmungen gelten f\u00fcr beide Vorlagen. </p>\n</pd_text>","MeetingCouncilAbbreviation":"N","MeetingDate":"20250910","MeetingVerbalixOid":4056,"IdSession":"5210","SpeakerFirstName":"Maja","SpeakerLastName":"Riniker","SpeakerFullName":"Riniker Maja","SpeakerFunction":"P-F","CouncilId":1,"CouncilName":"Conseil national","CantonId":19,"CantonName":"Argovie","CantonAbbreviation":"AG","ParlGroupName":"Groupe lib\u00e9ral-radical","ParlGroupAbbreviation":"RL","SortOrder":26,"Start":"\/Date(1757522809584)\/","End":"\/Date(1757522901781)\/","Function":"P-F","DisplaySpeaker":false,"LanguageOfText":null,"Modified":"\/Date(1781865879822)\/","StartTimeWithTimezone":"\/Date(1757522809583+0120)\/","EndTimeWithTimezone":"\/Date(1757522901780+0120)\/","VoteBusinessNumber":null,"VoteBusinessShortNumber":null,"VoteBusinessTitle":null},{"__metadata":{"id":"https://ws.parlament.ch/OData.svc/Transcript(ID=361253L,Language='FR')","uri":"https://ws.parlament.ch/OData.svc/Transcript(ID=361253L,Language='FR')","type":"itsystems.Pd.DataServices.DataModel.Transcript"},"Subjects":{"__deferred":{"uri":"https://ws.parlament.ch/OData.svc/Transcript(ID=361253L,Language='FR')/Subjects"}},"MembersCouncil":{"__deferred":{"uri":"https://ws.parlament.ch/OData.svc/Transcript(ID=361253L,Language='FR')/MembersCouncil"}},"Businesses":{"__deferred":{"uri":"https://ws.parlament.ch/OData.svc/Transcript(ID=361253L,Language='FR')/Businesses"}},"ID":"361253","Language":"FR","IdSubject":"68828","VoteId":null,"PersonNumber":4334,"Type":1,"Text":"<pd_text><p>Dans l'hypoth\u00e8se de travail d'un financement par la TVA, je ne comprends pas un \u00e9l\u00e9ment de la solution propos\u00e9e par le Conseil f\u00e9d\u00e9ral. Il y a deux taux de TVA[NB]: un taux de TVA normal et un taux de TVA r\u00e9duit pour les biens essentiels. Pourquoi diable augmenter le taux de TVA sur les biens essentiels et ne pas faire porter l'effort que sur le taux de TVA normal[NB]? Vous pr\u00e9serveriez les retrait\u00e9s et les personnes qui ont moins de moyens. Pourquoi ne pas \"splitter\" afin de ne cibler que le taux de TVA normal[NB]?</p>\n</pd_text>","MeetingCouncilAbbreviation":"N","MeetingDate":"20250910","MeetingVerbalixOid":4056,"IdSession":"5210","SpeakerFirstName":"Thomas","SpeakerLastName":"Bl\u00e4si","SpeakerFullName":"Bl\u00e4si Thomas","SpeakerFunction":"Mit-M","CouncilId":1,"CouncilName":"Conseil national","CantonId":25,"CantonName":"Gen\u00e8ve","CantonAbbreviation":"GE","ParlGroupName":"Groupe de l'Union d\u00e9mocratique du Centre","ParlGroupAbbreviation":"V","SortOrder":20,"Start":"\/Date(1757522612401)\/","End":"\/Date(1757522643299)\/","Function":"Mit-M","DisplaySpeaker":true,"LanguageOfText":"FR","Modified":"\/Date(1781865879809)\/","StartTimeWithTimezone":"\/Date(1757522612400+0120)\/","EndTimeWithTimezone":"\/Date(1757522643300+0120)\/","VoteBusinessNumber":null,"VoteBusinessShortNumber":null,"VoteBusinessTitle":null},{"__metadata":{"id":"https://ws.parlament.ch/OData.svc/Transcript(ID=361254L,Language='FR')","uri":"https://ws.parlament.ch/OData.svc/Transcript(ID=361254L,Language='FR')","type":"itsystems.Pd.DataServices.DataModel.Transcript"},"Subjects":{"__deferred":{"uri":"https://ws.parlament.ch/OData.svc/Transcript(ID=361254L,Language='FR')/Subjects"}},"MembersCouncil":{"__deferred":{"uri":"https://ws.parlament.ch/OData.svc/Transcript(ID=361254L,Language='FR')/MembersCouncil"}},"Businesses":{"__deferred":{"uri":"https://ws.parlament.ch/OData.svc/Transcript(ID=361254L,Language='FR')/Businesses"}},"ID":"361254","Language":"FR","IdSubject":"68828","VoteId":null,"PersonNumber":4228,"Type":1,"Text":"<pd_text><p>Grunds\u00e4tzlich geht die Arbeit des St\u00e4nderates in die richtige Richtung. Die Mischl\u00f6sung Mehrwertsteuer und Lohnbeitr\u00e4ge ist korrekt: Es beteiligen sich verschiedene Bev\u00f6lkerungsgruppen daran, und gleichzeitig sorgen die Lohnbeitr\u00e4ge f\u00fcr den sozialen Ausgleich. </p>\n<p>Doch nach der Entscheidung des St\u00e4nderates in der Sommersession 2025 hat das BSV die aktualisierten Finanzperspektiven der AHV pr\u00e4sentiert. Dabei zeigt sich, dass es der AHV besser geht als bisher erwartet, im Moment macht sie \u00dcbersch\u00fcsse. Der grosse Teil der Babyboomer ist bereits in Rente, der grosse Teil der demografischen Herausforderung ist deshalb bereits gemeistert; das sind gute Neuigkeiten, die uns alle freuen k\u00f6nnen. Die Lebenserwartung ist allerdings nicht so stark angestiegen wie erwartet. Das ist vielleicht nicht unbedingt ein Zeichen des Wohlstands, ergibt aber f\u00fcr die AHV Minderausgaben. Die Zahl der Erwerbst\u00e4tigen ist dank der Zuwanderung gestiegen; diese Gruppe ist j\u00fcnger und gr\u00f6sser als erwartet. Das alles f\u00fchrt dazu, dass es der AHV sehr gut geht. F\u00fcr sogenannt strukturelle Massnahmen gibt es keinen Grund. Nun geht es nur noch darum, den Volksentscheid zur 13.[NB]AHV-Rente korrekt umzusetzen, sodass die AHV auf soliden Beinen steht. </p>\n<p>Gem\u00e4ss meinem Minderheitsantrag sollen die Lohnbeitr\u00e4ge um real 0,2 Prozentpunkte und die Mehrwertsteuer um 0,3 Prozentpunkte angehoben werden. Was ist der Unterschied zum Antrag der Minderheit Rechsteiner Thomas? Wir beide nutzen den finanziellen Spielraum, der sich im Vergleich zur Version des St\u00e4nderates aus den aktualisierten AHV-Finanzperspektiven ergibt. Der Fondsbestand bleibt jedoch per 2030 auf dem gleichen Niveau; das ist in beiden Minderheiten unver\u00e4ndert. Der Unterschied ist, dass wir finden, dass dieser finanzielle Spielraum, der sich aus den verbesserten Prognosen ergibt, vollumf\u00e4nglich eingesetzt werden sollte f\u00fcr eine verminderte Erh\u00f6hung des Mehrwertsteuersatzes. Verschiedene Umfragen zeigen n\u00e4mlich, dass eine Erh\u00f6hung der Lohnbeitr\u00e4ge bei der Bev\u00f6lkerung deutlich beliebter ist als die Mehrwertsteuererh\u00f6hung. Das ist auch nicht weiter erstaunlich, weil sich dann Lohnmillion\u00e4re viel st\u00e4rker an der Finanzierung der Altersvorsorge beteiligen. </p>\n<p>In diesem Sinne bitte ich Sie, meinem Minderheitsantrag zuzustimmen.</p>\n</pd_text>","MeetingCouncilAbbreviation":"N","MeetingDate":"20250910","MeetingVerbalixOid":4056,"IdSession":"5210","SpeakerFirstName":"Samira","SpeakerLastName":"Marti","SpeakerFullName":"Marti Samira","SpeakerFunction":"Mit-F","CouncilId":1,"CouncilName":"Conseil national","CantonId":13,"CantonName":"B\u00e2le-Campagne","CantonAbbreviation":"BL","ParlGroupName":"Groupe socialiste","ParlGroupAbbreviation":"S","SortOrder":31,"Start":"\/Date(1757523460829)\/","End":"\/Date(1757523604539)\/","Function":"Mit-F","DisplaySpeaker":true,"LanguageOfText":"DE","Modified":"\/Date(1781865879842)\/","StartTimeWithTimezone":"\/Date(1757523460830+0120)\/","EndTimeWithTimezone":"\/Date(1757523604540+0120)\/","VoteBusinessNumber":null,"VoteBusinessShortNumber":null,"VoteBusinessTitle":null},{"__metadata":{"id":"https://ws.parlament.ch/OData.svc/Transcript(ID=361255L,Language='FR')","uri":"https://ws.parlament.ch/OData.svc/Transcript(ID=361255L,Language='FR')","type":"itsystems.Pd.DataServices.DataModel.Transcript"},"Subjects":{"__deferred":{"uri":"https://ws.parlament.ch/OData.svc/Transcript(ID=361255L,Language='FR')/Subjects"}},"MembersCouncil":{"__deferred":{"uri":"https://ws.parlament.ch/OData.svc/Transcript(ID=361255L,Language='FR')/MembersCouncil"}},"Businesses":{"__deferred":{"uri":"https://ws.parlament.ch/OData.svc/Transcript(ID=361255L,Language='FR')/Businesses"}},"ID":"361255","Language":"FR","IdSubject":"68828","VoteId":null,"PersonNumber":10803,"Type":1,"Text":"<pd_text><p>Vous constaterez que commencer un d\u00e9bat sur l'AVS avec le groupe socialiste qui aimerait travailler un peu plus longtemps, c'est quand m\u00eame assez piquant[NB]; je ne pouvais pas ne pas le relever.</p>\n<p>En mars 2024, le peuple suisse a d\u00e9cid\u00e9 d'octroyer aux retrait\u00e9s une 13e rente AVS qui devra \u00eatre vers\u00e9e au plus tard en d\u00e9cembre 2026. Le principe est clair, le d\u00e9lai est fix\u00e9, et personne ici ne songe \u00e0 remettre en cause ce choix d\u00e9mocratique. Une question n'a toutefois pas \u00e9t\u00e9 soumise au peuple, ou en tout cas pas directement[NB]: celle du financement. C'est \u00e0 nous qu'il revient aujourd'hui d'y r\u00e9pondre.</p>\n<p>Les initiants avaient, pour certains, pr\u00e9tendu que le fonds AVS \u00e9tait suffisant et avaient, pour d'autres, esquiss\u00e9 quelques pistes - hausse des cotisations sociales, augmentation de la TVA -, mais elles n'ont jamais \u00e9t\u00e9 formellement tranch\u00e9es par le peuple. Le d\u00e9bat s'impose donc.</p>\n<p>Il doit avoir lieu sans que la solution \u00e9voqu\u00e9e porte uniquement sur les recettes. La position du groupe lib\u00e9ral-radical est sans ambigu\u00eft\u00e9[NB]: c'est non \u00e0 l'affaiblissement du pouvoir d'achat par une hausse de la TVA, c'est non \u00e0 une r\u00e9duction des salaires par une augmentation des cotisations sociales. Soyons honn\u00eates[NB]: la 13e rente est une mesure \"arrosoir\". Elle profite \u00e0 des retrait\u00e9s qui en ont besoin - et c'est l\u00e9gitime -, mais aussi \u00e0 des personnes qui n'en ont pas besoin, parce qu'elles disposent d\u00e9j\u00e0 d'une retraite ou d'une fortune confortable, ou parce qu'elles vivent \u00e0 l'\u00e9tranger, dans des pays o\u00f9 le co\u00fbt de la vie est bien plus faible qu'en Suisse.</p>\n<p>Nous ne remettons pas en cause la volont\u00e9 populaire, mais nous devons \u00e9viter que cette d\u00e9cision cr\u00e9e demain une injustice pour nos enfants et pour les travailleurs d'aujourd'hui. On peut faire semblant de croire qu'un financement suppl\u00e9mentaire est indolore, mais la r\u00e9alit\u00e9 est tout autre[NB]: ce sont nos habitants, nos salari\u00e9s, nos entreprises qui paieront l'addition. Les salaires de nos travailleurs ne sont pas extensibles[NB]; leurs poches ne sont pas sans fond. Quand un pr\u00e9sident am\u00e9ricain menace nos exportations d'une taxe de 39 pour cent, tout le monde crie au scandale et redoute un effondrement de notre \u00e9conomie. Mais quand on impose 5 milliards de francs de charges suppl\u00e9mentaires aux entreprises et aux travailleurs, certains osent pr\u00e9tendre que cela serait indolore. C'est faux. Une hausse des cotisations sociales p\u00e9naliserait notre \u00e9conomie autant - sinon plus - qu'une taxe \u00e9trang\u00e8re. Et si, au sein de cet h\u00e9micycle, un seul groupe doit le dire, alors ce sera le groupe lib\u00e9ral-radical. Quant \u00e0 la TVA, croire que son augmentation n'aura aucun impact est une erreur. Elle p\u00e8sera directement sur le budget des m\u00e9nages, d\u00e9j\u00e0 soumis \u00e0 une lourde pression.</p>\n<p>Le groupe lib\u00e9ral-radical l'a d\u00e9montr\u00e9[NB]: une hausse de la TVA pour financer la 13e rente reviendrait, pour un revenu moyen, \u00e0 700 francs suppl\u00e9mentaires par m\u00e9nage et par an. Cela n'est pas acceptable. Et permettez-moi de souligner une autre incoh\u00e9rence[NB]: quand les primes d'assurance-maladie augmentent de 3 ou 4 pour cent, toute la classe politique crie au scandale, mais quand il s'agit de financer la 13e rente avec une charge annuelle bien plus lourde pour les m\u00e9nages, alors plus personne ne dit rien. Pourquoi ces deux poids, deux mesures[NB]? Le pouvoir d'achat m\u00e9rite d'\u00eatre d\u00e9fendu dans tous les cas, pas seulement quand cela nous arrange.</p>\n<p>On peut continuer \u00e0 pratiquer la politique de l'autruche. On peut nier les r\u00e9alit\u00e9s d\u00e9mographiques[NB]: des jeunes qui \u00e9tudient plus longtemps et cotisent plus tard[NB]; une esp\u00e9rance de vie qui augmente chaque ann\u00e9e[NB]; des retrait\u00e9s en bonne sant\u00e9 de plus en plus nombreux et de plus en plus longtemps[NB]; une natalit\u00e9 en chute libre. On peut ignorer tout cela et continuer \u00e0 faire peser sur les \u00e9paules des travailleurs, des contribuables et en particulier de nos enfants le co\u00fbt de nos d\u00e9cisions manquant de courage. Ce serait irresponsable.</p>\n<p>Nous avons un autre choix[NB]: respecter la volont\u00e9 du peuple en versant la 13e rente, mais en r\u00e9formant en profondeur l'AVS pour garantir son financement \u00e0 long terme. Cela passe par des r\u00e9formes structurelles, par un m\u00e9canisme de frein \u00e0 l'endettement de l'AVS, par des mesures qui tiennent compte de la d\u00e9mographie et de l'\u00e9conomie r\u00e9elle de notre pays. C'est cela, la responsabilit\u00e9 politique. C'est cela, l'engagement du groupe lib\u00e9ral-radical[NB]: d\u00e9fendre le pouvoir d'achat des m\u00e9nages, prot\u00e9ger la comp\u00e9titivit\u00e9 de nos PME et garantir l'\u00e9quit\u00e9 entre les g\u00e9n\u00e9rations.</p>\n<p>Pour toutes ces raisons, le groupe lib\u00e9ral-radical refusera d'entrer en mati\u00e8re sur ce projet de financement injuste et d\u00e9s\u00e9quilibr\u00e9. Nous ne c\u00e9derons pas \u00e0 la facilit\u00e9 d'une fuite en avant qui fragiliserait notre \u00e9conomie et l'avenir de nos enfants.</p>\n</pd_text>","MeetingCouncilAbbreviation":"N","MeetingDate":"20250910","MeetingVerbalixOid":4056,"IdSession":"5210","SpeakerFirstName":"Cyril","SpeakerLastName":"Aellen","SpeakerFullName":"Aellen Cyril","SpeakerFunction":"Mit-M","CouncilId":1,"CouncilName":"Conseil national","CantonId":25,"CantonName":"Gen\u00e8ve","CantonAbbreviation":"GE","ParlGroupName":"Groupe lib\u00e9ral-radical","ParlGroupAbbreviation":"RL","SortOrder":16,"Start":"\/Date(1757521425173)\/","End":"\/Date(1757521696627)\/","Function":"Mit-M","DisplaySpeaker":true,"LanguageOfText":"FR","Modified":"\/Date(1781865879796)\/","StartTimeWithTimezone":"\/Date(1757521425173+0120)\/","EndTimeWithTimezone":"\/Date(1757521696627+0120)\/","VoteBusinessNumber":null,"VoteBusinessShortNumber":null,"VoteBusinessTitle":null},{"__metadata":{"id":"https://ws.parlament.ch/OData.svc/Transcript(ID=361257L,Language='FR')","uri":"https://ws.parlament.ch/OData.svc/Transcript(ID=361257L,Language='FR')","type":"itsystems.Pd.DataServices.DataModel.Transcript"},"Subjects":{"__deferred":{"uri":"https://ws.parlament.ch/OData.svc/Transcript(ID=361257L,Language='FR')/Subjects"}},"MembersCouncil":{"__deferred":{"uri":"https://ws.parlament.ch/OData.svc/Transcript(ID=361257L,Language='FR')/MembersCouncil"}},"Businesses":{"__deferred":{"uri":"https://ws.parlament.ch/OData.svc/Transcript(ID=361257L,Language='FR')/Businesses"}},"ID":"361257","Language":"FR","IdSubject":"68828","VoteId":null,"PersonNumber":4280,"Type":1,"Text":"<pd_text><p>Apr\u00e8s avoir d\u00e9cid\u00e9 de verser cette 13e rente AVS en d\u00e9cembre - encore heureux -, les deux chambres doivent maintenant d\u00e9finir son financement. Je r\u00e9p\u00e8te[NB]: nous devons maintenant d\u00e9finir le financement de la 13e rente AVS, parce que le 3 mars 2024, cette initiative a \u00e9t\u00e9 soutenue par la population \u00e0 58 pour cent. Elle va entrer en vigueur et son co\u00fbt est estim\u00e9 entre 4 et 5 milliards de francs jusqu'en 2030. Sans financement suppl\u00e9mentaire, il y a une inqui\u00e9tude de d\u00e9penses trop importantes pour la 13e rente.</p>\n<p>Je pourrais presque m'arr\u00eater l\u00e0 en ce qui concerne la proposition de non-entr\u00e9e en mati\u00e8re de la minorit\u00e9 Sauter, qui vise \u00e0 s'asseoir sur cette volont\u00e9 populaire, mais je vais en parler quelques instants quand m\u00eame. Le peuple et les cantons ont donc accept\u00e9 tr\u00e8s largement cette 13e rente. Refuser d'entrer en mati\u00e8re, c'est nier ce mandat qui est clair. Surtout, cette strat\u00e9gie de non-entr\u00e9e en mati\u00e8re est transparente[NB]: laisser l'AVS se fragiliser en refusant un financement, puis revenir dans quelques ann\u00e9es avec des coupes de prestations, notamment en relevant l'\u00e2ge de la retraite, et[NB]pr\u00e9senter[NB]cela[NB]comme seule solution, comme cela a \u00e9t\u00e9 fait [PAGE 1418] si souvent, notamment en relevant l'\u00e2ge de la retraite des femmes. </p>\n<p>D'ailleurs, le groupe lib\u00e9ral-radical est transparent, puisque la minorit\u00e9 IV (Silberschmidt) propose de relever l'\u00e2ge de la retraite de six mois par tranche de deux mois par ann\u00e9e civile, ce qui se trouve \u00eatre exactement la proposition qui a \u00e9t\u00e9 refus\u00e9e par la population, \u00e0 75 pour cent. L\u00e0 aussi, il y a une volont\u00e9 de s'asseoir sur la volont\u00e9 populaire. Ne pas l\u00e9gif\u00e9rer maintenant, c'est organiser la panne qui permettra d'imposer des mesures antisociales ensuite. </p>\n<p>Nous nous opposons aussi \u00e0 la proposition de la minorit\u00e9 I (Sauter) de renvoi au Conseil f\u00e9d\u00e9ral, parce que mandater le Conseil f\u00e9d\u00e9ral pour une vue d'ensemble, en incluant des mesures sur les prestations, revient \u00e0 nouveau \u00e0 contredire le vote populaire, parce qu'il \u00e9tait clair qu'introduire un 13e versement AVS avait pour volont\u00e9 de renforcer le premier pilier. Ce renvoi retarderait ce financement dans cet objectif clair de risquer la stabilit\u00e9 de l'AVS. Il y a pourtant diff\u00e9rentes propositions de financement sur la table, qui ont d'ailleurs \u00e9t\u00e9 longuement d\u00e9battues au Conseil des \u00c9tats. Un compromis existe[NB]; des compromis existent. Nous n'avons pas besoin d'un renvoi dilatoire. En pratique, cette proposition r\u00e9ouvre une grande r\u00e9vision de l'AVS afin de diluer cette 13e rente dans un paquet o\u00f9 les coupes deviennent in\u00e9vitables. Ce n'est pas loyal envers le choix d\u00e9mocratique de mars 2024. </p>\n<p>Nous nous opposons \u00e9videmment - faut-il m\u00eame en parler[NB]? - \u00e0 la proposition de la minorit\u00e9 II (Gutjahr) de renvoi au Conseil f\u00e9d\u00e9ral. Cela n'a tellement rien \u00e0 voir que l'on peut se demander s'il vaut vraiment la peine de d\u00e9tailler pourquoi on ne doit pas lier des questions comme la coop\u00e9ration internationale, l'asile, l'assurance-maladie, la baisse des salaires des cadres f\u00e9d\u00e9raux, la suppression des politiques antiracistes et en faveur de l'\u00e9galit\u00e9 au financement de l'AVS. Mais bon, je le rappelle[NB]: c'est hors th\u00e8me pour financer le premier pilier. Plusieurs \u00e9l\u00e9ments sont probl\u00e9matiques sur le fond, puisqu'on s'attaque \u00e0 des droits fondamentaux et des engagements internationaux, au risque de judiciariser le dossier. Cela n'aura pas d'effet direct sur l'AVS. Ce paquet d'\u00e9conomies instrumentalise le financement de la 13e rente pour imposer un programme id\u00e9ologique qui d\u00e9mant\u00e8le le service public et un programme id\u00e9ologique de discrimination cibl\u00e9e. C'est inefficace et inacceptable pour la stabilit\u00e9 de l'AVS.</p>\n<p>Je vous propose donc de rejeter ces deux propositions de renvoi. Je vous rappelle que l'initiative pour une 13e rente AVS a \u00e9galement \u00e9t\u00e9 accept\u00e9e pour renforcer le premier pilier. Il est utile de le rappeler, parce que des milliers de retrait\u00e9s en Suisse comptent leurs francs \u00e0 la fin du mois. Des baisses de prestations ou des attaques cibl\u00e9es des groupes d\u00e9j\u00e0 minoris\u00e9s ne sont pas des solutions. Parce qu'une soci\u00e9t\u00e9 se juge aussi \u00e0 la mani\u00e8re dont elle traite ses a\u00een\u00e9s, avec une 13e rente bien financ\u00e9e sur le long terme, nous faisons un choix de justice, de respect et de solidarit\u00e9 interg\u00e9n\u00e9rationnelle.</p>\n</pd_text>","MeetingCouncilAbbreviation":"N","MeetingDate":"20250910","MeetingVerbalixOid":4056,"IdSession":"5210","SpeakerFirstName":"L\u00e9onore","SpeakerLastName":"Porchet","SpeakerFullName":"Porchet L\u00e9onore","SpeakerFunction":"Mit-F","CouncilId":1,"CouncilName":"Conseil national","CantonId":22,"CantonName":"Vaud","CantonAbbreviation":"VD","ParlGroupName":"Groupe des VERT-E-S","ParlGroupAbbreviation":"G","SortOrder":17,"Start":"\/Date(1757521706812)\/","End":"\/Date(1757522008647)\/","Function":"Mit-F","DisplaySpeaker":true,"LanguageOfText":"FR","Modified":"\/Date(1781865879798)\/","StartTimeWithTimezone":"\/Date(1757521706813+0120)\/","EndTimeWithTimezone":"\/Date(1757522008647+0120)\/","VoteBusinessNumber":null,"VoteBusinessShortNumber":null,"VoteBusinessTitle":null},{"__metadata":{"id":"https://ws.parlament.ch/OData.svc/Transcript(ID=361258L,Language='FR')","uri":"https://ws.parlament.ch/OData.svc/Transcript(ID=361258L,Language='FR')","type":"itsystems.Pd.DataServices.DataModel.Transcript"},"Subjects":{"__deferred":{"uri":"https://ws.parlament.ch/OData.svc/Transcript(ID=361258L,Language='FR')/Subjects"}},"MembersCouncil":{"__deferred":{"uri":"https://ws.parlament.ch/OData.svc/Transcript(ID=361258L,Language='FR')/MembersCouncil"}},"Businesses":{"__deferred":{"uri":"https://ws.parlament.ch/OData.svc/Transcript(ID=361258L,Language='FR')/Businesses"}},"ID":"361258","Language":"FR","IdSubject":"68828","VoteId":null,"PersonNumber":4094,"Type":1,"Text":"<pd_text><p>In diesem Quasiblock 1 zum Eintreten haben wir drei Fragen zu beantworten. Die erste Frage ist: Wollen wir einen Volksentscheid ausblenden und hier keine Beratung f\u00fchren und bestenfalls noch ein bisschen Zeit im Sessionsprogramm sparen? Die zweite Frage ist: Wollen wir zuwarten, bis das ganze System neu \u00fcberdacht ist, bis der Bundesrat eine Neubeurteilung gemacht hat und dann neue Massnahmen pr\u00e4sentiert? Die dritte Frage ist: Wollen wir zuwarten, bis der Bundesrat untersucht hat, ob allenfalls in v\u00f6llig anderen Gesch\u00e4ftsbereichen, in anderen Politikbereichen Potenzial zur Einsparung von Geldern besteht, die man dann, sofern das gehen w\u00fcrde, in die AHV einspeisen w\u00fcrde? Das sind die drei Fragen. </p>\n<p>Wir, die Mitte-Fraktion, sagen dreimal Nein zu diesen Fragen. </p>\n<p>Das erste Nein betrifft das Nichteintreten: Wir sind klar der Meinung, dass es hier gilt, die Arbeit aufzunehmen bzw. die Arbeit des St\u00e4nderates fortzuf\u00fchren. Der Auftrag vom Volk ist klar, die zeitlichen M\u00f6glichkeiten sind begrenzt, und die finanziellen Perspektiven zeigen klar, in welche Richtung es gehen muss.</p>\n<p>Das zweite Nein betrifft den Antrag der Minderheit I (Sauter) auf R\u00fcckweisung: Eine Gesamtschau t\u00f6nt immer gut. Bei vielen Gesch\u00e4ften sagt man, man solle das doch gesamtheitlich anschauen. Dagegen ist nichts einzuwenden. Es ist aber fraglich, ob wir es uns hier angesichts der schon geschilderten finanziellen Perspektiven noch leisten k\u00f6nnen zuzuwarten. Ich weiss nicht, wie es sein wird, wenn der Bundesrat dann tats\u00e4chlich die Gesamtschau pr\u00e4sentiert. Was passiert in der Zwischenzeit auf der finanziellen Ebene? Und zu guter Letzt ist es, glaube ich, mehr als fraglich, ob dann in der n\u00e4chsten AHV-Finanzierungsdebatte tats\u00e4chlich noch neue Ideen auftauchen und die alten Fronten nicht aufrechterhalten w\u00fcrden. Es sind also auch hier keine sehr gloriosen Aussichten vorhanden.</p>\n<p>Das dritte Nein betrifft die Minderheit II (Gutjahr). Auch wenn tats\u00e4chlich bei artfremden Gesch\u00e4ftsbereichen oder Politikfeldern wie bei der internationalen Zusammenarbeit, beim Asylwesen, bei den Kaderl\u00f6hnen des Bundespersonals Sparpotenzial da ist und dies als L\u00f6sung erscheinen sollte - was es nicht ist -, muss man am Schluss sagen: Es funktioniert ja nicht. Sie haben alle sicher auch schon mal einen anderen Haushalt als den Bundeshaushalt gesehen: So funktioniert es nun mal in solchen Prozessen, bei Budgetierungen, eben nicht. Man kann nicht \u00fcberdepartemental ein bisschen hier, ein bisschen da pfl\u00fccken und dann noch einen Meccano finden, um das dann direkt so in die AHV geben zu k\u00f6nnen. Deshalb ist auch der Antrag dieser Minderheit II abzulehnen.</p>\n<p>Die Mitte-Fraktion empfiehlt Ihnen, einzutreten und die beiden Minderheitsantr\u00e4ge auf R\u00fcckweisung abzulehnen. - Und ich bin stolz, dass ich eine Minute gespart habe, Herr Vizepr\u00e4sident.</p>\n</pd_text>","MeetingCouncilAbbreviation":"N","MeetingDate":"20250910","MeetingVerbalixOid":4056,"IdSession":"5210","SpeakerFirstName":"Lorenz","SpeakerLastName":"Hess","SpeakerFullName":"Hess Lorenz","SpeakerFunction":"Mit-M","CouncilId":1,"CouncilName":"Conseil national","CantonId":2,"CantonName":"Berne","CantonAbbreviation":"BE","ParlGroupName":"Le Groupe du Centre. Le Centre. PEV.","ParlGroupAbbreviation":"M-E","SortOrder":10,"Start":"\/Date(1757520796307)\/","End":"\/Date(1757521006433)\/","Function":"Mit-M","DisplaySpeaker":true,"LanguageOfText":"DE","Modified":"\/Date(1781865879787)\/","StartTimeWithTimezone":"\/Date(1757520796307+0120)\/","EndTimeWithTimezone":"\/Date(1757521006433+0120)\/","VoteBusinessNumber":null,"VoteBusinessShortNumber":null,"VoteBusinessTitle":null},{"__metadata":{"id":"https://ws.parlament.ch/OData.svc/Transcript(ID=361259L,Language='FR')","uri":"https://ws.parlament.ch/OData.svc/Transcript(ID=361259L,Language='FR')","type":"itsystems.Pd.DataServices.DataModel.Transcript"},"Subjects":{"__deferred":{"uri":"https://ws.parlament.ch/OData.svc/Transcript(ID=361259L,Language='FR')/Subjects"}},"MembersCouncil":{"__deferred":{"uri":"https://ws.parlament.ch/OData.svc/Transcript(ID=361259L,Language='FR')/MembersCouncil"}},"Businesses":{"__deferred":{"uri":"https://ws.parlament.ch/OData.svc/Transcript(ID=361259L,Language='FR')/Businesses"}},"ID":"361259","Language":"FR","IdSubject":"68828","VoteId":null,"PersonNumber":4280,"Type":1,"Text":"<pd_text><p>Ma proposition de minorit\u00e9 III a un but simple[NB]: soutenir les longs et fructueux travaux du Conseil des \u00c9tats pour financer la 13e rente AVS, qui ont abouti \u00e0 un compromis solide et intelligent. Pour financer la 13e rente, le Conseil des \u00c9tats propose une double augmentation, \u00e0 savoir des cotisations et de la TVA, mais de mani\u00e8re tr\u00e8s raisonnable. Cela permet de m\u00e9nager les familles avec des revenus bas et de faire participer les rentiers, ce qui vient r\u00e9pondre \u00e0 l'un des arguments en d\u00e9faveur de la 13e rente \u00e9mis pendant la campagne. Cette solution permet aussi de prendre en compte une \u00e9ventuelle suppression ou augmentation du plafond des rentes pour les couples mari\u00e9s, comme le veut l'initiative populaire du Centre. Concr\u00e8tement, le projet [PAGE 1421] du Conseil des \u00c9tats, que je d\u00e9fends avec ma proposition de minorit\u00e9 III, propose des cotisations salariales rehauss\u00e9es de 0,4 point de pourcentage, mais en parall\u00e8le, des cotisations \u00e0 l'assurance-ch\u00f4mage abaiss\u00e9es de 0,2 point de pourcentage, ce qui veut dire une augmentation totale des cotisations salariales de 0,1 point de pourcentage pour les employeurs et de 0,1 point pour les employ\u00e9s, ce qui est vraiment parfaitement supportable, par exemple, pour la patronne que je suis. La TVA doit \u00eatre augment\u00e9e d'un point de pourcentage au maximum, et une premi\u00e8re hausse de 0,5 point, imm\u00e9diate, doit financer directement la 13e rente. </p>\n<p>Par ailleurs - autre proposition intelligente et discut\u00e9e depuis un moment -, le fonds de compensation de l'AVS serait autoris\u00e9 \u00e0 ne couvrir plus que 80 pour cent des d\u00e9penses annuelles, contre 100 pour cent aujourd'hui, ce qui nous permettrait vraiment de voir venir, puisque le fonds est \u00e0 106 pour cent actuellement, en 2024. De nouvelles mesures pourraient \u00eatre prises dans 10 ans, mais les perspectives financi\u00e8res de l'AVS sont rassurantes. Ce mod\u00e8le du Conseil des \u00c9tats est une mise en oeuvre efficiente de la 13e rente AVS. C'est la voie de la responsabilit\u00e9 et de l'\u00e9quilibre.</p>\n<p>Cette solution, qui pourrait \u00eatre accept\u00e9e par notre Parlement, est issue d'un bon compromis permettant le financement durable de la 13e rente en \u00e9vitant les coupes dans les prestations et en ne pesant que peu sur les m\u00e9nages, les salaires et les entreprises. C'est donc le respect de la volont\u00e9 populaire. La solution du Conseil des \u00c9tats favorise justement cette adh\u00e9sion de la population, puisque toutes les propositions devront, avec l'augmentation de la TVA, passer devant le peuple.</p>\n<p>Il s'agit donc d'un partage \u00e9quitable de l'effort. Il s'agit \u00e9galement d'une pr\u00e9servation du contrat social interg\u00e9n\u00e9rationnel, puisque ne pas pr\u00e9voir de financement ou financer de mani\u00e8re temporaire, c'est reporter le probl\u00e8me sur les prochaines g\u00e9n\u00e9rations. C'est aussi garantir la stabilit\u00e9 financi\u00e8re de l'AVS \u00e0 long terme en diversifiant ses sources de financement. Avec cela, on r\u00e9duit les risques de d\u00e9pendance \u00e0 une recette unique. C'est une solution responsable issue d'un compromis. C'est \u00e9galement un compromis pour les initiants et les initiantes dont je fais partie, puisque pendant toute la campagne nous avons dit que nous avions comme proposition l'augmentation des cotisations salariales. D\u00e8s lors, accepter une augmentation de la TVA, comme je le propose ici, est d\u00e9j\u00e0 faire un pas dans le sens du compromis.</p>\n<p>C'est pour cela que nous critiquons vivement le choix de la majorit\u00e9 de la commission qui s'est port\u00e9 sur la possibilit\u00e9 de financer cette 13e rente uniquement par une hausse de la TVA et de mani\u00e8re temporaire. Clairement, pour nous, la commission se moque de la volont\u00e9 populaire avec cette proposition. En choisissant un financement temporaire de la 13e rente, la majorit\u00e9 pr\u00e9pare un avenir o\u00f9 elle pourra pr\u00e9senter l'\u00e2ge de la retraite comme seule solution viable[NB]; c'est cynique. La solution la plus juste et la plus solidaire est une augmentation raisonnable des cotisations salariales[NB]; nous acceptons aussi d'augmenter la TVA dans le sens de ce compromis. Parce que nous souhaitons que le d\u00e9bat puisse continuer, lors du vote sur l'ensemble, nous soutiendrons du bout des l\u00e8vres la proposition de la majorit\u00e9, mais nous nous r\u00e9servons le droit de rejeter l'ensemble du projet au vote final.</p>\n</pd_text>","MeetingCouncilAbbreviation":"N","MeetingDate":"20250910","MeetingVerbalixOid":4056,"IdSession":"5210","SpeakerFirstName":"L\u00e9onore","SpeakerLastName":"Porchet","SpeakerFullName":"Porchet L\u00e9onore","SpeakerFunction":"Mit-F","CouncilId":1,"CouncilName":"Conseil national","CantonId":22,"CantonName":"Vaud","CantonAbbreviation":"VD","ParlGroupName":"Groupe des VERT-E-S","ParlGroupAbbreviation":"G","SortOrder":32,"Start":"\/Date(1757523615531)\/","End":"\/Date(1757523905415)\/","Function":"Mit-F","DisplaySpeaker":true,"LanguageOfText":"FR","Modified":"\/Date(1781865879845)\/","StartTimeWithTimezone":"\/Date(1757523615530+0120)\/","EndTimeWithTimezone":"\/Date(1757523905417+0120)\/","VoteBusinessNumber":null,"VoteBusinessShortNumber":null,"VoteBusinessTitle":null},{"__metadata":{"id":"https://ws.parlament.ch/OData.svc/Transcript(ID=361260L,Language='FR')","uri":"https://ws.parlament.ch/OData.svc/Transcript(ID=361260L,Language='FR')","type":"itsystems.Pd.DataServices.DataModel.Transcript"},"Subjects":{"__deferred":{"uri":"https://ws.parlament.ch/OData.svc/Transcript(ID=361260L,Language='FR')/Subjects"}},"MembersCouncil":{"__deferred":{"uri":"https://ws.parlament.ch/OData.svc/Transcript(ID=361260L,Language='FR')/MembersCouncil"}},"Businesses":{"__deferred":{"uri":"https://ws.parlament.ch/OData.svc/Transcript(ID=361260L,Language='FR')/Businesses"}},"ID":"361260","Language":"FR","IdSubject":"68828","VoteId":null,"PersonNumber":4313,"Type":1,"Text":"<pd_text><p><b>3.[NB]Bundesbeschluss \u00fcber die Zusatzfinanzierung der AHV durch eine Erh\u00f6hung der Mehrwertsteuer</b>[GZ]</p>\n<p><b>3.[NB]Arr\u00eat\u00e9 f\u00e9d\u00e9ral sur le financement additionnel de l'AVS par le biais d'un rel\u00e8vement de la TVA</b>[GZ]</p>\n<p>[VS][GZ]</p>\n<p><b>Pr\u00e4sidentin</b> (Riniker Maja, Pr\u00e4sidentin): Wir stimmen \u00fcber den Antrag der Minderheit Sauter auf Nichteintreten auf die Vorlage 3 ab.</p>\n</pd_text>","MeetingCouncilAbbreviation":"N","MeetingDate":"20250910","MeetingVerbalixOid":4056,"IdSession":"5210","SpeakerFirstName":"Maja","SpeakerLastName":"Riniker","SpeakerFullName":"Riniker Maja","SpeakerFunction":"P-F","CouncilId":1,"CouncilName":"Conseil national","CantonId":19,"CantonName":"Argovie","CantonAbbreviation":"AG","ParlGroupName":"Groupe lib\u00e9ral-radical","ParlGroupAbbreviation":"RL","SortOrder":24,"Start":"\/Date(1757522742385)\/","End":"\/Date(1757522809584)\/","Function":"P-F","DisplaySpeaker":false,"LanguageOfText":null,"Modified":"\/Date(1781865879818)\/","StartTimeWithTimezone":"\/Date(1757522742387+0120)\/","EndTimeWithTimezone":"\/Date(1757522809583+0120)\/","VoteBusinessNumber":null,"VoteBusinessShortNumber":null,"VoteBusinessTitle":null},{"__metadata":{"id":"https://ws.parlament.ch/OData.svc/Transcript(ID=361261L,Language='FR')","uri":"https://ws.parlament.ch/OData.svc/Transcript(ID=361261L,Language='FR')","type":"itsystems.Pd.DataServices.DataModel.Transcript"},"Subjects":{"__deferred":{"uri":"https://ws.parlament.ch/OData.svc/Transcript(ID=361261L,Language='FR')/Subjects"}},"MembersCouncil":{"__deferred":{"uri":"https://ws.parlament.ch/OData.svc/Transcript(ID=361261L,Language='FR')/MembersCouncil"}},"Businesses":{"__deferred":{"uri":"https://ws.parlament.ch/OData.svc/Transcript(ID=361261L,Language='FR')/Businesses"}},"ID":"361261","Language":"FR","IdSubject":"68828","VoteId":null,"PersonNumber":4102,"Type":1,"Text":"<pd_text><p>Wir befinden \u00fcber die Finanzierung der 13.[NB]AHV-Rente. Die Umsetzung, den sch\u00f6neren Teil, haben wir bereits beschlossen. Heute kommen wir zum schwierigeren Teil. </p>\n<p>Die Auszahlung einer 13.[NB]AHV-Rente f\u00fchrt bei der Einf\u00fchrung pro Jahr zu Mehrkosten in der AHV von rund 4,2 Milliarden Franken. Diese Kosten werden weiter ansteigen. Der Bundesrat hat in seiner Botschaft vorgeschlagen, diese Mehrausgaben mit einer Mehrwertsteuererh\u00f6hung von 0,7 Prozentpunkten auf dem Normalsatz zu finanzieren. Der St\u00e4nderat schl\u00e4gt eine Kombination aus einer Mehrwertsteuererh\u00f6hung um 0,5 Prozentpunkte und einer Lohnbeitragserh\u00f6hung um 0,4 Prozentpunkte vor. Er hat im gleichen Aufwisch auch die Finanzierung einer allf\u00e4lligen Abschaffung oder Erh\u00f6hung der Plafonierung der AHV-Ehepaarrenten mit weiteren 0,5 Prozentpunkten vorweggenommen.</p>\n<p>F\u00fcr die Gr\u00fcnliberale Fraktion sind das drei No-Gos des St\u00e4nderates: erstens die Lohnprozente, zweitens die unbefristete Ausrichtung der Mehrwertsteuererh\u00f6hung und drittens, besonders bedenklich, das Vorziehen der Finanzierung einer nicht beratenen und nicht beschlossenen Initiative. Dies geschieht in Kenntnis der immensen demografischen Herausforderungen, in Kenntnis der hohen Kosten, welche diese Vorlagen - die 13.[NB]AHV-Rente wie auch die Aufhebung des Plafonds - der jungen und der aktiven Generation aufb\u00fcrden, und im Wissen um die demografische St\u00e4rke jener, die zu den Beg\u00fcnstigten geh\u00f6ren.</p>\n<p>Beide Vorlagen haben mitunter die Wirkung, den geburtenstarken Jahrg\u00e4ngen mit der Giesskanne und unabh\u00e4ngig vom Bedarf die Renten zu erh\u00f6hen. Es sind nicht die sozial schw\u00e4cher gestellten Haushalte, die Working-Poor, die Alleinerziehenden, sondern es sind die Gutsituierten, die gest\u00e4rkt werden. Das geht in der aktuellen Finanzsituation, aber auch ganz grunds\u00e4tzlich diametral in eine andere Richtung, als wir Gr\u00fcnliberalen das f\u00fcr richtig erachten.</p>\n<p>So wie es der St\u00e4nderat vorschl\u00e4gt, gelingt es nicht, unsere demografischen Herausforderungen zu l\u00f6sen. Die Finanzierung des Altersvorsorge-Sozialwerks wie auch die Bew\u00e4ltigung des Fachkr\u00e4ftemangels sind nur m\u00f6glich, wenn es f\u00fcr die aktive Generation, auf der sehr viel lastet, attraktiv bleibt, zu arbeiten, wenn ihre Kaufkraft erhalten bleibt und die bestm\u00f6glichen Rahmenbedingungen erhalten werden. Wir d\u00fcrfen unserer Volkswirtschaft nicht weiter Vitalit\u00e4t entziehen und den Arbeitserwerb belasten, oder dann m\u00fcssen wir das ganz gezielt machen, wenn es Investitionen sind, die eine wertsch\u00f6pfungs- und besch\u00e4ftigungssteigernde Wirkung haben. Aber das ist hier nicht der Fall.</p>\n<p>Die Gr\u00fcnliberale Fraktion spricht sich darum klar gegen eine Finanzierung der 13.[NB]AHV-Rente \u00fcber Lohnprozente aus und auch gegen eine vorzeitige Finanzierung einer Erh\u00f6hung des Plafonds. Eine Finanzierung der 13.[NB]AHV-Rente \u00fcber die Mehrwertsteuer erm\u00f6glicht, dass sich die \u00e4ltere Generation an der Finanzierung beteiligt. Auch die Mehrwertsteuer ist[NB]nicht[NB]ideal, weil Haushalte mit tiefen Einkommen den Konsumausgaben des Grundbedarfs schlechter ausweichen k\u00f6nnen. Eine Finanzierung \u00fcber die Mehrwertsteuer hat aber immerhin den Vorteil, dass sich die \u00e4lteren Generationen beteiligen, was nur fair ist.</p>\n<p>Die Gr\u00fcnliberale Fraktion bietet darum f\u00fcr eine solche Mehrwertsteuerfinanzierung Hand, wenn sie befristet erfolgt und wenn wir im Rahmen der AHV-Reform 2030 strukturelle Reformen vornehmen. Die Reform 2030 ist der richtige Ort daf\u00fcr. Die Massnahmen, die in den Eckwerten bekannt gegeben wurden, gen\u00fcgen einer strukturellen Reform aber noch nicht. Es ist prim\u00e4r daf\u00fcr mehr Geld vorgesehen, Anreize zu schaffen, um l\u00e4nger zu arbeiten. Das mag gegen den Fachkr\u00e4ftemangel helfen. Aber ohne Anpassung des Referenzrentenalters ist es ein einnahmenseitiger Ausbau und keine Reform. Wir erwarten darum vom Bundesrat, dass er strukturelle Anpassungen vorschl\u00e4gt, die mehr Flexibilit\u00e4t beim Rentenalter vorsehen. Er soll gem\u00e4ss einem Konzept der Lebensarbeitszeit beim Rentenalter Abstufungen vorsehen, je nachdem, wie lange und wie hart jemand gearbeitet hat. Er soll zudem eine Koppelung des Referenzrentenalters an die Lebenserwartung vornehmen, wie das in vielen anderen europ\u00e4ischen L\u00e4ndern der Fall ist, damit die demografischen Ver\u00e4nderungen die AHV nicht in eine Schieflage bringen. Kurz, es braucht strukturelle Massnahmen auf der Leistungsseite, bei der Bezugsdauer, und nicht nur finanzierungsseitig.</p>\n<p>Wir werden aber eintreten. Es ist ein Volksentscheid, auch wenn wir ihn anders gef\u00e4llt h\u00e4tten. Wir sind aber nicht bereit, die Finanzierung unbefristet zu sprechen. Wir wollen, dass die Altersvorsorge mit der AHV-Reform 2030 auf nachhaltige, generationenvertr\u00e4gliche S\u00e4ulen gestellt wird.</p>\n</pd_text>","MeetingCouncilAbbreviation":"N","MeetingDate":"20250910","MeetingVerbalixOid":4056,"IdSession":"5210","SpeakerFirstName":"Kathrin","SpeakerLastName":"Bertschy","SpeakerFullName":"Bertschy Kathrin","SpeakerFunction":"Mit-F","CouncilId":1,"CouncilName":"Conseil national","CantonId":2,"CantonName":"Berne","CantonAbbreviation":"BE","ParlGroupName":"Groupe vert'lib\u00e9ral","ParlGroupAbbreviation":"GL","SortOrder":18,"Start":"\/Date(1757522016800)\/","End":"\/Date(1757522320313)\/","Function":"Mit-F","DisplaySpeaker":true,"LanguageOfText":"DE","Modified":"\/Date(1781865879800)\/","StartTimeWithTimezone":"\/Date(1757522016800+0120)\/","EndTimeWithTimezone":"\/Date(1757522320313+0120)\/","VoteBusinessNumber":null,"VoteBusinessShortNumber":null,"VoteBusinessTitle":null},{"__metadata":{"id":"https://ws.parlament.ch/OData.svc/Transcript(ID=361264L,Language='FR')","uri":"https://ws.parlament.ch/OData.svc/Transcript(ID=361264L,Language='FR')","type":"itsystems.Pd.DataServices.DataModel.Transcript"},"Subjects":{"__deferred":{"uri":"https://ws.parlament.ch/OData.svc/Transcript(ID=361264L,Language='FR')/Subjects"}},"MembersCouncil":{"__deferred":{"uri":"https://ws.parlament.ch/OData.svc/Transcript(ID=361264L,Language='FR')/MembersCouncil"}},"Businesses":{"__deferred":{"uri":"https://ws.parlament.ch/OData.svc/Transcript(ID=361264L,Language='FR')/Businesses"}},"ID":"361264","Language":"FR","IdSubject":"68828","VoteId":null,"PersonNumber":4282,"Type":1,"Text":"<pd_text><p>Sehr geehrter Herr Kollege Silberschmidt, ich habe eine Frage zu Artikel 112d in Entwurf 3 des Bundesrates. Dort ist eine Massnahme Ihrer Schuldenbremse beschrieben: Wenn der AHV-Ausgleichsfonds unter 90 Prozent sinkt und dauernd darunter bleiben sollte, soll der Bundesrat das Rentenalter um ein halbes Jahr erh\u00f6hen. Wie s\u00e4he die praktische Umsetzung davon aus? Es kann ja sein, dass der AHV-Ausgleichsfonds unter 90 Prozent f\u00e4llt, aber infolge Anlageertr\u00e4gen drei Jahre sp\u00e4ter wieder h\u00f6her ist. In der Zwischenzeit wurde das Rentenalter, gem\u00e4ss Ihrem Vorschlag, jedoch schon angehoben. Darf ich dann bei Erreichen des ordentlichen Referenzalters trotzdem in Pension gehen, oder muss ich dann ein halbes Jahr l\u00e4nger arbeiten?</p>\n</pd_text>","MeetingCouncilAbbreviation":"N","MeetingDate":"20250910","MeetingVerbalixOid":4056,"IdSession":"5210","SpeakerFirstName":"Thomas","SpeakerLastName":"Rechsteiner","SpeakerFullName":"Rechsteiner Thomas","SpeakerFunction":"Mit-M","CouncilId":1,"CouncilName":"Conseil national","CantonId":16,"CantonName":"Appenzell Rh.-Int.","CantonAbbreviation":"AI","ParlGroupName":"Le Groupe du Centre. Le Centre. PEV.","ParlGroupAbbreviation":"M-E","SortOrder":34,"Start":"\/Date(1757524309065)\/","End":"\/Date(1757524349990)\/","Function":"Mit-M","DisplaySpeaker":true,"LanguageOfText":"DE","Modified":"\/Date(1781865879851)\/","StartTimeWithTimezone":"\/Date(1757524309067+0120)\/","EndTimeWithTimezone":"\/Date(1757524349990+0120)\/","VoteBusinessNumber":null,"VoteBusinessShortNumber":null,"VoteBusinessTitle":null},{"__metadata":{"id":"https://ws.parlament.ch/OData.svc/Transcript(ID=361265L,Language='FR')","uri":"https://ws.parlament.ch/OData.svc/Transcript(ID=361265L,Language='FR')","type":"itsystems.Pd.DataServices.DataModel.Transcript"},"Subjects":{"__deferred":{"uri":"https://ws.parlament.ch/OData.svc/Transcript(ID=361265L,Language='FR')/Subjects"}},"MembersCouncil":{"__deferred":{"uri":"https://ws.parlament.ch/OData.svc/Transcript(ID=361265L,Language='FR')/MembersCouncil"}},"Businesses":{"__deferred":{"uri":"https://ws.parlament.ch/OData.svc/Transcript(ID=361265L,Language='FR')/Businesses"}},"ID":"361265","Language":"FR","IdSubject":"68828","VoteId":null,"PersonNumber":4313,"Type":1,"Text":"<pd_text><p><b>Pr\u00e4sidentin</b> (Riniker Maja, Pr\u00e4sidentin): Wir f\u00fchren die Detailberatung \u00fcber die Vorlagen 2 und 3 in einer einzigen Debatte.</p>\n</pd_text>","MeetingCouncilAbbreviation":"N","MeetingDate":"20250910","MeetingVerbalixOid":4056,"IdSession":"5210","SpeakerFirstName":"Maja","SpeakerLastName":"Riniker","SpeakerFullName":"Riniker Maja","SpeakerFunction":"P-F","CouncilId":1,"CouncilName":"Conseil national","CantonId":19,"CantonName":"Argovie","CantonAbbreviation":"AG","ParlGroupName":"Groupe lib\u00e9ral-radical","ParlGroupAbbreviation":"RL","SortOrder":29,"Start":"\/Date(1757522960648)\/","End":"\/Date(1757523030730)\/","Function":"P-F","DisplaySpeaker":false,"LanguageOfText":null,"Modified":"\/Date(1781865879834)\/","StartTimeWithTimezone":"\/Date(1757522960647+0120)\/","EndTimeWithTimezone":"\/Date(1757523030730+0120)\/","VoteBusinessNumber":null,"VoteBusinessShortNumber":null,"VoteBusinessTitle":null},{"__metadata":{"id":"https://ws.parlament.ch/OData.svc/Transcript(ID=361266L,Language='FR')","uri":"https://ws.parlament.ch/OData.svc/Transcript(ID=361266L,Language='FR')","type":"itsystems.Pd.DataServices.DataModel.Transcript"},"Subjects":{"__deferred":{"uri":"https://ws.parlament.ch/OData.svc/Transcript(ID=361266L,Language='FR')/Subjects"}},"MembersCouncil":{"__deferred":{"uri":"https://ws.parlament.ch/OData.svc/Transcript(ID=361266L,Language='FR')/MembersCouncil"}},"Businesses":{"__deferred":{"uri":"https://ws.parlament.ch/OData.svc/Transcript(ID=361266L,Language='FR')/Businesses"}},"ID":"361266","Language":"FR","IdSubject":"68828","VoteId":null,"PersonNumber":4282,"Type":1,"Text":"<pd_text><p>Frau Kollegin Gutjahr, ich habe eine Frage zur Arbeitslosenversicherung: Sie wissen, dass das Kapital der Arbeitslosenversicherung in den letzten zehn Jahren dank dessen, dass die Beitr\u00e4ge um 0,2 Prozent erh\u00f6ht wurden, was von der Wirtschaft auch mitgetragen und [PAGE 1423] bezahlt wurde, von Schulden von 6 Milliarden Franken auf ein Guthaben von 6,9 Milliarden angewachsen ist. Das sind fast 13 Milliarden. Sie haben gesagt, dass diese Milliarden bei einer Steigerung der Arbeitslosenquote um 1 Prozent schnell weg seien. Wir beide k\u00e4mpfen daf\u00fcr, dass wir Mitarbeitende kriegen; wir sprechen von einem Fachkr\u00e4ftemangel. Gehen Sie wirklich davon aus, dass die Arbeitslosigkeit in den n\u00e4chsten zehn Jahren um 1 Prozent steigt? </p>\n</pd_text>","MeetingCouncilAbbreviation":"N","MeetingDate":"20250910","MeetingVerbalixOid":4056,"IdSession":"5210","SpeakerFirstName":"Thomas","SpeakerLastName":"Rechsteiner","SpeakerFullName":"Rechsteiner Thomas","SpeakerFunction":"Mit-M","CouncilId":1,"CouncilName":"Conseil national","CantonId":16,"CantonName":"Appenzell Rh.-Int.","CantonAbbreviation":"AI","ParlGroupName":"Le Groupe du Centre. Le Centre. PEV.","ParlGroupAbbreviation":"M-E","SortOrder":37,"Start":"\/Date(1757524710281)\/","End":"\/Date(1757524758872)\/","Function":"Mit-M","DisplaySpeaker":true,"LanguageOfText":"DE","Modified":"\/Date(1781865879856)\/","StartTimeWithTimezone":"\/Date(1757524710280+0120)\/","EndTimeWithTimezone":"\/Date(1757524758873+0120)\/","VoteBusinessNumber":null,"VoteBusinessShortNumber":null,"VoteBusinessTitle":null},{"__metadata":{"id":"https://ws.parlament.ch/OData.svc/Transcript(ID=361267L,Language='FR')","uri":"https://ws.parlament.ch/OData.svc/Transcript(ID=361267L,Language='FR')","type":"itsystems.Pd.DataServices.DataModel.Transcript"},"Subjects":{"__deferred":{"uri":"https://ws.parlament.ch/OData.svc/Transcript(ID=361267L,Language='FR')/Subjects"}},"MembersCouncil":{"__deferred":{"uri":"https://ws.parlament.ch/OData.svc/Transcript(ID=361267L,Language='FR')/MembersCouncil"}},"Businesses":{"__deferred":{"uri":"https://ws.parlament.ch/OData.svc/Transcript(ID=361267L,Language='FR')/Businesses"}},"ID":"361267","Language":"FR","IdSubject":"68828","VoteId":null,"PersonNumber":4216,"Type":1,"Text":"<pd_text><p>Danke, Herr Kollege, f\u00fcr diese Frage. Wenn ich das w\u00fcsste, w\u00e4re ich wohl ein Orakel. Wir sehen einfach, dass die wirtschaftlichen Tendenzen getr\u00fcbt sind, und es ist schon enorm, wenn uns in der Kommission mitgeteilt wird, dass es j\u00e4hrliche Kosten von 2,5 Milliarden Franken verursacht, wenn die Arbeitslosenquote um 1 Prozent steigt. Wenn ich zur\u00fcckdenke an die Covid-19-Pandemie, waren wir wohl froh, dass wir diese T\u00f6pfe zur Verf\u00fcgung hatten. Wir werden in dieser Session auch noch dar\u00fcber diskutieren, die Kurzarbeitsentsch\u00e4digung auf 24 Monate zu verl\u00e4ngern. Wir sehen also, wir haben grosse Herausforderungen zu bew\u00e4ltigen. Deshalb m\u00fcssen wir die ALV dort belassen, wo sie hingeh\u00f6rt, und ganz bestimmt keine Verkn\u00fcpfung zu Alters- oder Vorsorgerenten herstellen. </p>\n</pd_text>","MeetingCouncilAbbreviation":"N","MeetingDate":"20250910","MeetingVerbalixOid":4056,"IdSession":"5210","SpeakerFirstName":"Diana","SpeakerLastName":"Gutjahr","SpeakerFullName":"Gutjahr Diana","SpeakerFunction":"Mit-F","CouncilId":1,"CouncilName":"Conseil national","CantonId":20,"CantonName":"Thurgovie","CantonAbbreviation":"TG","ParlGroupName":"Groupe de l'Union d\u00e9mocratique du Centre","ParlGroupAbbreviation":"V","SortOrder":38,"Start":"\/Date(1757524758872)\/","End":"\/Date(1757524802562)\/","Function":"Mit-F","DisplaySpeaker":true,"LanguageOfText":"DE","Modified":"\/Date(1781865879858)\/","StartTimeWithTimezone":"\/Date(1757524758873+0120)\/","EndTimeWithTimezone":"\/Date(1757524802563+0120)\/","VoteBusinessNumber":null,"VoteBusinessShortNumber":null,"VoteBusinessTitle":null},{"__metadata":{"id":"https://ws.parlament.ch/OData.svc/Transcript(ID=361268L,Language='FR')","uri":"https://ws.parlament.ch/OData.svc/Transcript(ID=361268L,Language='FR')","type":"itsystems.Pd.DataServices.DataModel.Transcript"},"Subjects":{"__deferred":{"uri":"https://ws.parlament.ch/OData.svc/Transcript(ID=361268L,Language='FR')/Subjects"}},"MembersCouncil":{"__deferred":{"uri":"https://ws.parlament.ch/OData.svc/Transcript(ID=361268L,Language='FR')/MembersCouncil"}},"Businesses":{"__deferred":{"uri":"https://ws.parlament.ch/OData.svc/Transcript(ID=361268L,Language='FR')/Businesses"}},"ID":"361268","Language":"FR","IdSubject":"68828","VoteId":null,"PersonNumber":4282,"Type":1,"Text":"<pd_text><p>Vielen Dank, Frau Kollegin Gysi. Zum Bundesbeitrag haben wir uns klar ge\u00e4ussert, wir m\u00f6chten ihn zur Finanzierung der AHV in dieser Form beibehalten. F\u00fcr den AHV-Ausgleichsfonds verursacht eine weitere Senkung des Beitrags mehr Probleme, unabh\u00e4ngig davon, ob er zusammen mit der STAF oder im Rahmen der Finanzierung der 13.[NB]AHV-Rente zustande kommt. Den bisherigen Bundesbeitrag werden wir geschlossen unterst\u00fctzen.</p>\n</pd_text>","MeetingCouncilAbbreviation":"N","MeetingDate":"20250910","MeetingVerbalixOid":4056,"IdSession":"5210","SpeakerFirstName":"Thomas","SpeakerLastName":"Rechsteiner","SpeakerFullName":"Rechsteiner Thomas","SpeakerFunction":"Mit-M","CouncilId":1,"CouncilName":"Conseil national","CantonId":16,"CantonName":"Appenzell Rh.-Int.","CantonAbbreviation":"AI","ParlGroupName":"Le Groupe du Centre. Le Centre. PEV.","ParlGroupAbbreviation":"M-E","SortOrder":42,"Start":"\/Date(1757525434797)\/","End":"\/Date(1757525460147)\/","Function":"Mit-M","DisplaySpeaker":true,"LanguageOfText":"DE","Modified":"\/Date(1781865879866)\/","StartTimeWithTimezone":"\/Date(1757525434797+0120)\/","EndTimeWithTimezone":"\/Date(1757525460147+0120)\/","VoteBusinessNumber":null,"VoteBusinessShortNumber":null,"VoteBusinessTitle":null},{"__metadata":{"id":"https://ws.parlament.ch/OData.svc/Transcript(ID=361269L,Language='FR')","uri":"https://ws.parlament.ch/OData.svc/Transcript(ID=361269L,Language='FR')","type":"itsystems.Pd.DataServices.DataModel.Transcript"},"Subjects":{"__deferred":{"uri":"https://ws.parlament.ch/OData.svc/Transcript(ID=361269L,Language='FR')/Subjects"}},"MembersCouncil":{"__deferred":{"uri":"https://ws.parlament.ch/OData.svc/Transcript(ID=361269L,Language='FR')/MembersCouncil"}},"Businesses":{"__deferred":{"uri":"https://ws.parlament.ch/OData.svc/Transcript(ID=361269L,Language='FR')/Businesses"}},"ID":"361269","Language":"FR","IdSubject":"68828","VoteId":null,"PersonNumber":4290,"Type":1,"Text":"<pd_text><p>Gesch\u00e4tzter Herr Kollege Rechsteiner, die Mitte-Fraktion setzt sich f\u00fcr eine sozial vertr\u00e4gliche Finanzierung der AHV ein. Wie erkl\u00e4ren Sie jungen Familien, dass sie wegen Ihnen an der Kasse in der Migros immer mehr bezahlen m\u00fcssen und immer weniger Lohn erhalten? Mit Ihrer L\u00f6sung sinkt das Budget der Familien, die Steuerabgaben steigen um mehrere Milliarden Franken pro Jahr. Was ist daran genau sozial vertr\u00e4glich?</p>\n</pd_text>","MeetingCouncilAbbreviation":"N","MeetingDate":"20250910","MeetingVerbalixOid":4056,"IdSession":"5210","SpeakerFirstName":"Andri","SpeakerLastName":"Silberschmidt","SpeakerFullName":"Silberschmidt Andri","SpeakerFunction":"Mit-M","CouncilId":1,"CouncilName":"Conseil national","CantonId":1,"CantonName":"Zurich","CantonAbbreviation":"ZH","ParlGroupName":"Groupe lib\u00e9ral-radical","ParlGroupAbbreviation":"RL","SortOrder":43,"Start":"\/Date(1757525463740)\/","End":"\/Date(1757525487619)\/","Function":"Mit-M","DisplaySpeaker":true,"LanguageOfText":"DE","Modified":"\/Date(1781865879868)\/","StartTimeWithTimezone":"\/Date(1757525463740+0120)\/","EndTimeWithTimezone":"\/Date(1757525487620+0120)\/","VoteBusinessNumber":null,"VoteBusinessShortNumber":null,"VoteBusinessTitle":null},{"__metadata":{"id":"https://ws.parlament.ch/OData.svc/Transcript(ID=361270L,Language='FR')","uri":"https://ws.parlament.ch/OData.svc/Transcript(ID=361270L,Language='FR')","type":"itsystems.Pd.DataServices.DataModel.Transcript"},"Subjects":{"__deferred":{"uri":"https://ws.parlament.ch/OData.svc/Transcript(ID=361270L,Language='FR')/Subjects"}},"MembersCouncil":{"__deferred":{"uri":"https://ws.parlament.ch/OData.svc/Transcript(ID=361270L,Language='FR')/MembersCouncil"}},"Businesses":{"__deferred":{"uri":"https://ws.parlament.ch/OData.svc/Transcript(ID=361270L,Language='FR')/Businesses"}},"ID":"361270","Language":"FR","IdSubject":"68828","VoteId":null,"PersonNumber":4290,"Type":1,"Text":"<pd_text><p>Ich staune schon: Im Abstimmungskampf wurde uns gesagt, der AHV gehe es gut, sodass wir uns eine 13.[NB]AHV-Rente leisten k\u00f6nnten. Heute, in dieser Debatte, h\u00f6re ich einmal mehr von linker Seite, der AHV werde es auch in Zukunft gutgehen, wir w\u00fcrden sie immer schlechtreden. Gleichzeitig fordert hier Mitte-Links, die Mehrwertsteuer und die Lohnbeitr\u00e4ge zu erh\u00f6hen und Gelder aus der Arbeitslosenversicherung in die AHV umzulenken. Auf der einen Seite wird also immer gesagt, der AHV gehe es gut, und auf der anderen Seite fordert man am gleichen Tag h\u00f6here Steuern, Milliardenbeitr\u00e4ge pro Jahr zugunsten der AHV. Irgendetwas stimmt doch da nicht. </p>\n<p>Der Plan von Mitte-Links h\u00e4tte Folgendes zur Folge: dass man bei jedem Einkauf, an jedem Tag, an dem man einkaufen geht, mehr bezahlen muss f\u00fcr das Gleiche; dass man jeden Monat weniger Lohn erh\u00e4lt f\u00fcr die gleiche Arbeit; dass der Arbeitslosenkasse Geld letztlich entzogen wird. Dies geschieht gerade in einer Zeit von wirtschaftlicher Unsicherheit, in der wir schauen m\u00fcssen, dass die Menschen nicht auf die Strasse gestellt werden, sondern beispielsweise mit Kurzarbeit unterst\u00fctzt werden k\u00f6nnen. </p>\n<p>Ist das Ihr Rezept? Wollen Sie wirklich f\u00fcr diese 13.[NB]AHV-Rente, die wir ausbezahlen - der Volksentscheid wird umgesetzt, n\u00e4chstes Jahr wird die 13.[NB]AHV-Rente ausbezahlt -, ins Portemonnaie der B\u00fcrgerinnen und B\u00fcrger greifen? Letztlich handelt es sich um eine Umverteilung von unten nach oben: Alle, die t\u00e4glich einkaufen und arbeiten gehen, m\u00fcssen dann daf\u00fcr bezahlen, damit die 13.[NB]AHV-Rente finanziert ist. Ist das gerecht? Meiner Meinung nach nicht. </p>\n<p>Mit meinem Minderheitsantrag - das ist \u00fcbrigens eine starke Minderheit, da sie 12 von 25 Stimmen auf sich vereinte, es hat also nur eine Stimme gefehlt - biete ich eine Alternative an. Wir fordern die Einf\u00fchrung einer Schuldenbremse f\u00fcr die AHV. Der Bund kennt schon eine Schuldenbremse. Sie hat dazu gef\u00fchrt, dass die Bundesfinanzen stets im Lot sind und dass wir uns nicht wie andere L\u00e4nder \u00fcberschulden. Das Gleiche wollen wir f\u00fcr die AHV erreichen.</p>\n<p>Wir fordern etwas Simples: Solange es der AHV gutgeht, braucht es keine Massnahmen; es braucht keine Steuererh\u00f6hungen, niemand muss l\u00e4nger arbeiten. Wenn also all das, was Sie sagen, wonach die Prognosen so gut seien und wir uns keine Sorgen um die AHV machen m\u00fcssten, zutrifft, k\u00f6nnen Sie auch f\u00fcr die AHV-Schuldenbremse stimmen. Die Schuldenbremse, die wir vorschlagen, funktioniert n\u00e4mlich erst, wenn der AHV-Fonds unter 90 Prozent einer Jahresausgabe f\u00e4llt.</p>\n<p>Wenn der Trend negativ ist, wenn die AHV Verluste schreibt und das Kapital der AHV abnimmt, dann kommt die Schuldenbremse zum Zug. Was soll diese Schuldenbremse bewirken? Das ist relativ einfach: Wir fordern, dass die Mehrwertsteuer um 0,5 Prozentpunkte und das Rentenalter um 0,5 Jahre erh\u00f6ht werden, wenn der AHV-Fonds unter 90 Prozent kippt. </p>\n<p>Jetzt werden Sie einwenden, dass sich die Bev\u00f6lkerung k\u00fcrzlich gegen eine Erh\u00f6hung des Rentenalters ausgesprochen habe. Das stimmt, die Bev\u00f6lkerung hat gegen Rentenalter 66 und gegen eine Anbindung des Rentenalters an die Lebenserwartung gestimmt. Die Bev\u00f6lkerung hat bei der Altersvorsorge 2020 aber auch gegen eine Mehrwertsteuererh\u00f6hung gestimmt. Es wurde also jedes Rezept, das man sich vorstellen k\u00f6nnte, um die AHV zu sanieren, irgendwann von der Bev\u00f6lkerung schon einmal abgelehnt. </p>\n<p>Wir m\u00fcssen doch schauen, dass wir der Bev\u00f6lkerung reinen Wein einschenken. Niemand zahlt gerne mehr Steuern, niemand arbeitet gerne ein paar Monate l\u00e4nger. Aber wenn wir die ganze Finanzierung \u00fcber mehr Steuern und Abgaben machen, dann bezahlen das vor allem die Menschen, die am Morgen aufstehen und arbeiten gehen; es bezahlen vor allem die jungen Menschen; es bezahlen die jungen Familien, die heute bereits knapp bei Kasse sind und deren Kaufkraft schwindet. Diesen Menschen verteuern Sie das Leben. Da ist es mir lieber, muss ich Ihnen sagen, zwei, drei Monate l\u00e4nger zu arbeiten und ein bisschen mehr Mehrwertsteuer zu zahlen, anstatt alles \u00fcber Steuern und Abgaben zu l\u00f6sen. </p>\n<p>Das ist ein echter Kompromiss. Uns w\u00e4re es auch lieber, nicht \u00fcber eine Steuererh\u00f6hung sprechen zu m\u00fcssen. Aber wir bieten Hand f\u00fcr eine kleine Erh\u00f6hung, wenn dabei auch strukturelle Massnahmen ergriffen werden. Das heisst, wenn Sie diese Schuldenbremse unterst\u00fctzen, sind wir bereit, diese Vorlage zu unterst\u00fctzen und somit auch die AHV langfristig zu sichern. </p>\n<p>Stellen Sie sich vor: Mit dieser Schuldenbremse w\u00e4ren wir von allen Prognosen unabh\u00e4ngig, unabh\u00e4ngig davon, ob es einen Rechenfehler gibt oder nicht, unabh\u00e4ngig davon, ob die Wirtschaft besser oder schlechter l\u00e4uft. Wir w\u00e4ren unabh\u00e4ngig davon, wie sich die Migration entwickelt. Wir h\u00e4tten ein Konstrukt, das sicherstellt, dass immer dann, wenn es der AHV schlechter geht, neue Mittel kommen, und zwar \u00fcber die Mehrwertsteuer wie auch dar\u00fcber, dass wir ein paar Monate l\u00e4nger arbeiten. </p>\n<p>In der Zwischenzeit, bis diese Schuldenbremse wirkt, haben wir die M\u00f6glichkeit, Alternativen f\u00fcr die AHV zu pr\u00fcfen. Die [PAGE 1422] Lebensarbeitszeit, die immer als L\u00f6sung genannt wird, finde auch ich ein spannendes Konzept. Wir k\u00f6nnen das pr\u00fcfen, und wir k\u00f6nnen das umsetzen, wenn wir daneben eine Schuldenbremse haben; deshalb der Antrag meiner Minderheit.</p>\n<p>Ich glaube, auf der linken Seite muss ich es nicht versuchen. Aber vor allem an die Mitte-Fraktion und an die Gr\u00fcnliberale Fraktion gerichtet, sage ich: Wollen Sie heute wirklich beschliessen, dass Schweizerinnen und Schweizer mehrere Milliarden Schweizerfranken an h\u00f6heren Steuern und Abgaben leisten m\u00fcssen, einmal mehr, ohne die AHV strukturell zu reformieren? Sie k\u00f6nnen schon sagen: Ja, das n\u00e4chste Mal schauen wir das dann strukturell an. Aber das[NB]h\u00f6re[NB]ich[NB]bei[NB]jeder AHV-Debatte. Immer heisst es, \u00fcber die strukturellen Massnahmen k\u00f6nnen wir beim n\u00e4chsten Mal sprechen.</p>\n<p>Seien wir doch ehrlich: Die Bev\u00f6lkerung weiss, dass das System so langfristig nicht finanzierbar ist. Wenn wir jetzt nicht handeln, werden wir in ein paar Jahren \u00fcber neue Steuererh\u00f6hungen sprechen. Stimmen Sie doch f\u00fcr die Menschen, die arbeiten gehen. Stimmen Sie f\u00fcr die Menschen, die heute schon knapp bei Kasse sind. Belasten Sie diese Menschen nicht zus\u00e4tzlich. Stimmen Sie f\u00fcr eine AHV-Schuldenbremse und nicht daf\u00fcr, dass einmal mehr alles \u00fcber mehr Steuern und Abgaben finanziert wird. </p>\n<p>Besten Dank f\u00fcr Ihre Unterst\u00fctzung.</p>\n</pd_text>","MeetingCouncilAbbreviation":"N","MeetingDate":"20250910","MeetingVerbalixOid":4056,"IdSession":"5210","SpeakerFirstName":"Andri","SpeakerLastName":"Silberschmidt","SpeakerFullName":"Silberschmidt Andri","SpeakerFunction":"Mit-M","CouncilId":1,"CouncilName":"Conseil national","CantonId":1,"CantonName":"Zurich","CantonAbbreviation":"ZH","ParlGroupName":"Groupe lib\u00e9ral-radical","ParlGroupAbbreviation":"RL","SortOrder":33,"Start":"\/Date(1757523917672)\/","End":"\/Date(1757524304640)\/","Function":"Mit-M","DisplaySpeaker":true,"LanguageOfText":"DE","Modified":"\/Date(1781865879849)\/","StartTimeWithTimezone":"\/Date(1757523917673+0120)\/","EndTimeWithTimezone":"\/Date(1757524304640+0120)\/","VoteBusinessNumber":null,"VoteBusinessShortNumber":null,"VoteBusinessTitle":null},{"__metadata":{"id":"https://ws.parlament.ch/OData.svc/Transcript(ID=361271L,Language='FR')","uri":"https://ws.parlament.ch/OData.svc/Transcript(ID=361271L,Language='FR')","type":"itsystems.Pd.DataServices.DataModel.Transcript"},"Subjects":{"__deferred":{"uri":"https://ws.parlament.ch/OData.svc/Transcript(ID=361271L,Language='FR')/Subjects"}},"MembersCouncil":{"__deferred":{"uri":"https://ws.parlament.ch/OData.svc/Transcript(ID=361271L,Language='FR')/MembersCouncil"}},"Businesses":{"__deferred":{"uri":"https://ws.parlament.ch/OData.svc/Transcript(ID=361271L,Language='FR')/Businesses"}},"ID":"361271","Language":"FR","IdSubject":"68828","VoteId":null,"PersonNumber":10803,"Type":1,"Text":"<pd_text><p>Merci, Monsieur le conseiller national. Vous ne m'avez manifestement pas \u00e9cout\u00e9, parce que j'ai d\u00e9j\u00e0 r\u00e9pondu \u00e0 votre question. N\u00e9anmoins, puisque vous dites que la TVA est totalement indolore et qu'elle ne repr\u00e9sente que quelques caf\u00e9s et quelques paquets de cigarettes, je me r\u00e9jouis de vous entendre le 23 septembre, lorsqu'il s'agira de discuter des primes d'assurance-maladie. Je me r\u00e9jouis de vous entre dire qu'il ne s'agit que de quelques caf\u00e9s et que de quelques paquets de cigarettes.</p>\n</pd_text>","MeetingCouncilAbbreviation":"N","MeetingDate":"20250910","MeetingVerbalixOid":4056,"IdSession":"5210","SpeakerFirstName":"Cyril","SpeakerLastName":"Aellen","SpeakerFullName":"Aellen Cyril","SpeakerFunction":"Mit-M","CouncilId":1,"CouncilName":"Conseil national","CantonId":25,"CantonName":"Gen\u00e8ve","CantonAbbreviation":"GE","ParlGroupName":"Groupe lib\u00e9ral-radical","ParlGroupAbbreviation":"RL","SortOrder":47,"Start":"\/Date(1757525890401)\/","End":"\/Date(1757525920126)\/","Function":"Mit-M","DisplaySpeaker":true,"LanguageOfText":"FR","Modified":"\/Date(1781865879880)\/","StartTimeWithTimezone":"\/Date(1757525890400+0120)\/","EndTimeWithTimezone":"\/Date(1757525920127+0120)\/","VoteBusinessNumber":null,"VoteBusinessShortNumber":null,"VoteBusinessTitle":null},{"__metadata":{"id":"https://ws.parlament.ch/OData.svc/Transcript(ID=361272L,Language='FR')","uri":"https://ws.parlament.ch/OData.svc/Transcript(ID=361272L,Language='FR')","type":"itsystems.Pd.DataServices.DataModel.Transcript"},"Subjects":{"__deferred":{"uri":"https://ws.parlament.ch/OData.svc/Transcript(ID=361272L,Language='FR')/Subjects"}},"MembersCouncil":{"__deferred":{"uri":"https://ws.parlament.ch/OData.svc/Transcript(ID=361272L,Language='FR')/MembersCouncil"}},"Businesses":{"__deferred":{"uri":"https://ws.parlament.ch/OData.svc/Transcript(ID=361272L,Language='FR')/Businesses"}},"ID":"361272","Language":"FR","IdSubject":"68828","VoteId":null,"PersonNumber":11404,"Type":1,"Text":"<pd_text><p>Monsieur le conseiller national, je viens de vous entendre fustiger l'augmentation de la TVA. Ne croyez-vous pas que la proposition de la minorit\u00e9 I (Rechsteiner Thomas) est une solution \u00e9quilibr\u00e9e, avec une augmentation de la TVA mod\u00e9r\u00e9e et une augmentation faible des cotisations sociales - cela a \u00e9t\u00e9 dit tout \u00e0 l'heure, cela repr\u00e9sente 3,50 francs par mois pour un employ\u00e9 avec un salaire de 7000 francs, et 3,50 francs pour l'employeur par employ\u00e9[NB]? Cette solution n'est-elle pas plus \u00e9quilibr\u00e9e qu'une solution qui se concentre seulement sur l'augmentation de la TVA, telle que la propose le groupe lib\u00e9ral-radical, avec une baisse de la contribution de la Conf\u00e9d\u00e9ration et une augmentation de l'\u00e2ge de la retraite, ce qui p\u00e9nalisera les travailleurs, surtout dans les m\u00e9tiers p\u00e9nibles[NB]?</p>\n</pd_text>","MeetingCouncilAbbreviation":"N","MeetingDate":"20250910","MeetingVerbalixOid":4056,"IdSession":"5210","SpeakerFirstName":"Daniel","SpeakerLastName":"Sormanni","SpeakerFullName":"Sormanni Daniel","SpeakerFunction":"Mit-M","CouncilId":1,"CouncilName":"Conseil national","CantonId":25,"CantonName":"Gen\u00e8ve","CantonAbbreviation":"GE","ParlGroupName":"Groupe de l'Union d\u00e9mocratique du Centre","ParlGroupAbbreviation":"V","SortOrder":46,"Start":"\/Date(1757525841224)\/","End":"\/Date(1757525890401)\/","Function":"Mit-M","DisplaySpeaker":true,"LanguageOfText":"FR","Modified":"\/Date(1781865879879)\/","StartTimeWithTimezone":"\/Date(1757525841223+0120)\/","EndTimeWithTimezone":"\/Date(1757525890400+0120)\/","VoteBusinessNumber":null,"VoteBusinessShortNumber":null,"VoteBusinessTitle":null},{"__metadata":{"id":"https://ws.parlament.ch/OData.svc/Transcript(ID=361273L,Language='FR')","uri":"https://ws.parlament.ch/OData.svc/Transcript(ID=361273L,Language='FR')","type":"itsystems.Pd.DataServices.DataModel.Transcript"},"Subjects":{"__deferred":{"uri":"https://ws.parlament.ch/OData.svc/Transcript(ID=361273L,Language='FR')/Subjects"}},"MembersCouncil":{"__deferred":{"uri":"https://ws.parlament.ch/OData.svc/Transcript(ID=361273L,Language='FR')/MembersCouncil"}},"Businesses":{"__deferred":{"uri":"https://ws.parlament.ch/OData.svc/Transcript(ID=361273L,Language='FR')/Businesses"}},"ID":"361273","Language":"FR","IdSubject":"68828","VoteId":null,"PersonNumber":4238,"Type":1,"Text":"<pd_text><p>Pour le financement de la 13e rente AVS, apr\u00e8s avoir examin\u00e9 diverses sources de financement, le Conseil f\u00e9d\u00e9ral a retenu un rel\u00e8vement exclusif de la TVA de 0,7 point en faveur de l'AVS. Cette mesure signifierait ainsi un apport de l'ordre de 2,6 milliards de francs en 2030 et permettrait au fonds de compensation de couvrir environ 100 pour cent des d\u00e9penses annuelles de l'AVS, tel que pr\u00e9vu dans nos bases l\u00e9gales.</p>\n<p>Der Bund bezahlt heute rund 20,2 Prozent der AHV-Ausgaben. Wird dieser Satz beibehalten, belaufen sich die zus\u00e4tzlichen Ausgaben des Bundes f\u00fcr die 13.[NB]Altersrente auf rund 150 Millionen Franken pro Jahr, was sein Defizit entsprechend erh\u00f6hen wird. Der Bundesrat schl\u00e4gt daher vor, den Beitrag an die AHV bis Inkrafttreten der n\u00e4chsten AHV-Revision auf 19,5 Prozent zu senken. Der Bundeshaushalt wird damit immer noch rund 450 Millionen Franken der 13.[NB]AHV-Rente finanzieren.</p>\n<p>Le Conseil des \u00c9tats, de son c\u00f4t\u00e9, a opt\u00e9 pour un mod\u00e8le diff\u00e9rent qui prend en particulier en consid\u00e9ration l'\u00e9ventuelle suppression ou le rel\u00e8vement du plafonnement des rentes des couples mari\u00e9s. Le Conseil des \u00c9tats a d\u00e9cid\u00e9 d'augmenter \u00e0 la fois la TVA et les cotisations \u00e0 l'AVS sans toutefois r\u00e9duire la contribution f\u00e9d\u00e9rale. Il souhaite en outre introduire un m\u00e9canisme d'intervention, abaisser le niveau du fonds \u00e0 80 pour cent et, en parall\u00e8le, r\u00e9duire le taux de cotisation \u00e0 l'assurance-ch\u00f4mage.</p>\n<p>Votre commission vous recommande, par 13 voix contre 12, de pr\u00e9voir, \u00e0 l'instar de la proposition du Conseil f\u00e9d\u00e9ral, de financer la mesure par une hausse de la TVA de 0,7 point, mais - diff\u00e9rence notoire - de limiter cette augmentation \u00e0 l'\u00e9ch\u00e9ance 2030. Il s'agirait ainsi d'une solution provisoire. La majorit\u00e9 de la commission renonce \u00e9galement \u00e0 r\u00e9duire la contribution de la Conf\u00e9d\u00e9ration \u00e0 l'AVS. En outre, elle pr\u00e9voit un lien entre les deux projets, de sorte qu'une \u00e9ventuelle augmentation des cotisations ne pourrait avoir lieu que s'il y a augmentation de la TVA. Vous en conviendrez, s'il devait y avoir un \u00e9chec, ce serait alors alarmant pour le financement de la 13e rente qui se retrouverait sans ressources.</p>\n<p>J'en viens aux minorit\u00e9s. Trois minorit\u00e9s proposent de suivre, en principe, le concept du Conseil des \u00c9tats. Alors que les minorit\u00e9s I (Rechsteiner Thomas) et II (Marti Samira) pr\u00e9voient des taux de TVA et de cotisation plus bas, la minorit\u00e9 III (Porchet) propose de suivre enti\u00e8rement le Conseil des \u00c9tats. La minorit\u00e9 IV (Silberschmidt) pr\u00e9voit quant \u00e0 elle un m\u00e9canisme [PAGE 1426] d'intervention selon lequel la TVA est augment\u00e9e de 0,5 point et l'\u00e2ge de r\u00e9f\u00e9rence de 6 mois, et ce par tranche de 2 mois par ann\u00e9e, si le fonds AVS tombe en dessous de 90 pour cent. La minorit\u00e9 IV se prononce en outre en faveur d'une r\u00e9duction temporaire de la contribution f\u00e9d\u00e9rale, comme le propose le Conseil f\u00e9d\u00e9ral. La minorit\u00e9 I se prononce contre le lien juridique entre les deux projets.</p>\n<p>J'en viens \u00e0 notre appr\u00e9ciation. D'une mani\u00e8re g\u00e9n\u00e9rale, le Conseil f\u00e9d\u00e9ral souhaite assurer un financement de la 13e rente, qui soit durable et \u00e0 long terme, et ce ind\u00e9pendamment de la future r\u00e9forme qui, elle, se concentre sur l'AVS dans son ensemble.</p>\n<p>Le Conseil f\u00e9d\u00e9ral, comme je l'ai dit en pr\u00e9ambule, privil\u00e9gie un financement par la TVA, car ainsi tout le monde, y compris les personnes retrait\u00e9es qui per\u00e7oivent la 13e rente de vieillesse, contribue \u00e0 son financement. Le Conseil f\u00e9d\u00e9ral, vous le savez, s'est oppos\u00e9 \u00e0 la suppression ou rel\u00e8vement du plafonnement des rentes des couples mari\u00e9s. Il consid\u00e8re qu'il y a une priorit\u00e9 en mati\u00e8re de financement, celle de la 13e rente. Lier le financement des deux projets revient \u00e0 prendre un risque, car les recettes \u00e0 mobiliser devraient \u00eatre nettement plus \u00e9lev\u00e9es que celles n\u00e9cessaires au seul financement de la 13e rente de vieillesse.</p>\n<p>En outre, renoncer \u00e0 une baisse de la contribution de la Conf\u00e9d\u00e9ration n'est pas une option pour le Conseil f\u00e9d\u00e9ral. Les d\u00e9penses suppl\u00e9mentaires engendr\u00e9es par la 13e rente vont \u00e0 l'encontre du projet d'all\u00e8gement budg\u00e9taire de la Conf\u00e9d\u00e9ration.</p>\n<p>Die Senkung des Niveaus des Fonds in Verbindung mit einem Interventionsmechanismus ist keine neue Idee. Gegen eine solche Massnahme sprechen mehrere Gr\u00fcnde. Zu ber\u00fccksichtigen ist auch, dass die transitorischen Forderungen aus Beitr\u00e4gen in der H\u00f6he von rund 5 Milliarden Franken sowie die Darlehen an die IV in der H\u00f6he von rund 10 Milliarden Franken zwar in der Bilanz der AHV stehen, aber nicht f\u00fcr die Bezahlung von Leistungen verwendet werden k\u00f6nnen. Eine Entschuldung in naher Zukunft erscheint zudem wenig wahrscheinlich.</p>\n<p>Enfin, la proposition de r\u00e9duire les cotisations \u00e0 l'assurance-ch\u00f4mage pour compenser l'augmentation des cotisations AVS ne prend pas en consid\u00e9ration une nouvelle incertitude que je peux qualifier de significative, \u00e0 savoir la question des droits de douane de 39 pour cent impos\u00e9s \u00e0 notre pays, qui risquent d'entra\u00eener une hausse du ch\u00f4mage et un recours accru \u00e0 la r\u00e9duction de l'horaire de travail.</p>\n<p>L'augmentation de l'\u00e2ge de r\u00e9f\u00e9rence et l'introduction de la 13e rente, en outre, ont \u00e9t\u00e9 soumises \u00e0 la population - cela a \u00e9t\u00e9 mentionn\u00e9 \u00e0 r\u00e9it\u00e9r\u00e9es reprises - \u00e0 la m\u00eame date. Alors que la 13e rente de vieillesse a \u00e9t\u00e9 accept\u00e9e par le peuple et les cantons en connaissance du besoin de financement, l'augmentation de l'\u00e2ge de r\u00e9f\u00e9rence a, elle, \u00e9t\u00e9 rejet\u00e9e par une majorit\u00e9 significative. Ce r\u00e9sultat met en relief qu'une augmentation de l'\u00e2ge de r\u00e9f\u00e9rence ne peut pas constituer une alternative au financement de la 13e rente de vieillesse. En outre, cette proposition reviendrait \u00e0 une hausse permanente et sans pause de l'\u00e2ge de r\u00e9f\u00e9rence pour les femmes, apr\u00e8s que la derni\u00e8re \u00e9tape du rel\u00e8vement de l'\u00e2ge de r\u00e9f\u00e9rence pour les femmes, justement, selon AVS 21, sera termin\u00e9e en 2028.</p>\n<p>Enfin, si les deux projets \u00e9taient juridiquement li\u00e9s, un rejet par le peuple du rel\u00e8vement de la TVA entra\u00eenerait l'absence totale de financement pour la 13e rente de vieillesse. Afin de garantir au moins une partie du financement, le Conseil f\u00e9d\u00e9ral s'oppose donc \u00e0 un tel lien.</p>\n<p>En conclusion, le Conseil f\u00e9d\u00e9ral estime qu'il est n\u00e9cessaire de garantir le financement de la 13e rente de vieillesse de mani\u00e8re durable et rapide, sans anticiper d'autres r\u00e9flexions ou mesures qui seront d\u00e9battues ult\u00e9rieurement.</p>\n<p>Je vous invite donc, au nom du Conseil f\u00e9d\u00e9ral, \u00e0 rejeter la proposition de la majorit\u00e9 de votre commission ainsi que celles des minorit\u00e9s, et \u00e0 soutenir le projet du Conseil f\u00e9d\u00e9ral.</p>\n</pd_text>","MeetingCouncilAbbreviation":"N","MeetingDate":"20250910","MeetingVerbalixOid":4056,"IdSession":"5210","SpeakerFirstName":"Elisabeth","SpeakerLastName":"Baume-Schneider","SpeakerFullName":"Baume-Schneider Elisabeth","SpeakerFunction":"BR-F","CouncilId":99,"CouncilName":"Conseil f\u00e9d\u00e9ral","CantonId":26,"CantonName":"Jura","CantonAbbreviation":"JU","ParlGroupName":null,"ParlGroupAbbreviation":null,"SortOrder":49,"Start":"\/Date(1757526238287)\/","End":"\/Date(1757526650285)\/","Function":"BR-F","DisplaySpeaker":true,"LanguageOfText":"FR","Modified":"\/Date(1781865879893)\/","StartTimeWithTimezone":"\/Date(1757526238287+0120)\/","EndTimeWithTimezone":"\/Date(1757526650287+0120)\/","VoteBusinessNumber":null,"VoteBusinessShortNumber":null,"VoteBusinessTitle":null},{"__metadata":{"id":"https://ws.parlament.ch/OData.svc/Transcript(ID=361274L,Language='FR')","uri":"https://ws.parlament.ch/OData.svc/Transcript(ID=361274L,Language='FR')","type":"itsystems.Pd.DataServices.DataModel.Transcript"},"Subjects":{"__deferred":{"uri":"https://ws.parlament.ch/OData.svc/Transcript(ID=361274L,Language='FR')/Subjects"}},"MembersCouncil":{"__deferred":{"uri":"https://ws.parlament.ch/OData.svc/Transcript(ID=361274L,Language='FR')/MembersCouncil"}},"Businesses":{"__deferred":{"uri":"https://ws.parlament.ch/OData.svc/Transcript(ID=361274L,Language='FR')/Businesses"}},"ID":"361274","Language":"FR","IdSubject":"68828","VoteId":null,"PersonNumber":4290,"Type":1,"Text":"<pd_text><p>Vielen Dank f\u00fcr Ihre Frage, Kollege Rechsteiner. Es ist so, dass der Mechanismus ausgel\u00f6st wird, wenn der AHV-Ausgleichsfonds unter 90 Prozent f\u00e4llt. Und wenn es der AHV dann wieder besser geht und der Ausgleichsfonds \u00fcber 90 oder \u00fcber 100 Prozent aufweist, dann haben wir die M\u00f6glichkeit, beispielsweise Massnahmen gegen tiefe Renten zu ergreifen. Wir k\u00f6nnten Rentenverbesserungen beschliessen; wir k\u00f6nnten aber auch wieder die Steuern oder das Rentenalter senken. Wir sind also flexibel, wenn es der AHV wieder gutgeht.</p>\n<p>Es geht um eine Absicherung nach unten, damit die AHV, sobald der Fonds unter 90 Prozent f\u00e4llt - heute sagt das Gesetz: unter 100 Prozent; wir gehen also schon weiter -, abgesichert ist. Wenn es der AHV besser geht, sind wir frei, das \u00fcbersch\u00fcssige Geld zu verteilen. Aber wir sollten zuerst einen \u00dcberschuss haben und nicht ein Defizit, bevor wir mit dem Verteilen beginnen.</p>\n</pd_text>","MeetingCouncilAbbreviation":"N","MeetingDate":"20250910","MeetingVerbalixOid":4056,"IdSession":"5210","SpeakerFirstName":"Andri","SpeakerLastName":"Silberschmidt","SpeakerFullName":"Silberschmidt Andri","SpeakerFunction":"Mit-M","CouncilId":1,"CouncilName":"Conseil national","CantonId":1,"CantonName":"Zurich","CantonAbbreviation":"ZH","ParlGroupName":"Groupe lib\u00e9ral-radical","ParlGroupAbbreviation":"RL","SortOrder":35,"Start":"\/Date(1757524349990)\/","End":"\/Date(1757524400198)\/","Function":"Mit-M","DisplaySpeaker":true,"LanguageOfText":"DE","Modified":"\/Date(1781865879853)\/","StartTimeWithTimezone":"\/Date(1757524349990+0120)\/","EndTimeWithTimezone":"\/Date(1757524400197+0120)\/","VoteBusinessNumber":null,"VoteBusinessShortNumber":null,"VoteBusinessTitle":null},{"__metadata":{"id":"https://ws.parlament.ch/OData.svc/Transcript(ID=361275L,Language='FR')","uri":"https://ws.parlament.ch/OData.svc/Transcript(ID=361275L,Language='FR')","type":"itsystems.Pd.DataServices.DataModel.Transcript"},"Subjects":{"__deferred":{"uri":"https://ws.parlament.ch/OData.svc/Transcript(ID=361275L,Language='FR')/Subjects"}},"MembersCouncil":{"__deferred":{"uri":"https://ws.parlament.ch/OData.svc/Transcript(ID=361275L,Language='FR')/MembersCouncil"}},"Businesses":{"__deferred":{"uri":"https://ws.parlament.ch/OData.svc/Transcript(ID=361275L,Language='FR')/Businesses"}},"ID":"361275","Language":"FR","IdSubject":"68828","VoteId":null,"PersonNumber":4121,"Type":1,"Text":"<pd_text><p>Herr Rechsteiner, Sie haben nur in einem Nebensatz gesagt, dass die Kommission die Senkung des Bundesbeitrages von einer halben Milliarde Franken nicht wolle. Sehen Sie es auch so, dass es falsch w\u00e4re, den Volksentscheid auch bez\u00fcglich der STAF auszuhebeln, indem der Bundesbeitrag gesenkt w\u00fcrde?</p>\n</pd_text>","MeetingCouncilAbbreviation":"N","MeetingDate":"20250910","MeetingVerbalixOid":4056,"IdSession":"5210","SpeakerFirstName":"Barbara","SpeakerLastName":"Gysi","SpeakerFullName":"Gysi Barbara","SpeakerFunction":"Mit-F","CouncilId":1,"CouncilName":"Conseil national","CantonId":17,"CantonName":"St-Gall","CantonAbbreviation":"SG","ParlGroupName":"Groupe socialiste","ParlGroupAbbreviation":"S","SortOrder":41,"Start":"\/Date(1757525414574)\/","End":"\/Date(1757525434797)\/","Function":"Mit-F","DisplaySpeaker":true,"LanguageOfText":"DE","Modified":"\/Date(1781865879864)\/","StartTimeWithTimezone":"\/Date(1757525414573+0120)\/","EndTimeWithTimezone":"\/Date(1757525434797+0120)\/","VoteBusinessNumber":null,"VoteBusinessShortNumber":null,"VoteBusinessTitle":null},{"__metadata":{"id":"https://ws.parlament.ch/OData.svc/Transcript(ID=361277L,Language='FR')","uri":"https://ws.parlament.ch/OData.svc/Transcript(ID=361277L,Language='FR')","type":"itsystems.Pd.DataServices.DataModel.Transcript"},"Subjects":{"__deferred":{"uri":"https://ws.parlament.ch/OData.svc/Transcript(ID=361277L,Language='FR')/Subjects"}},"MembersCouncil":{"__deferred":{"uri":"https://ws.parlament.ch/OData.svc/Transcript(ID=361277L,Language='FR')/MembersCouncil"}},"Businesses":{"__deferred":{"uri":"https://ws.parlament.ch/OData.svc/Transcript(ID=361277L,Language='FR')/Businesses"}},"ID":"361277","Language":"FR","IdSubject":"68828","VoteId":null,"PersonNumber":10803,"Type":1,"Text":"<pd_text><p>Le groupe lib\u00e9ral-radical ne se faisait aucune illusion. La majorit\u00e9 de ce conseil a choisi d'entrer en mati\u00e8re sur cette nouvelle loi, dont l'objectif avou\u00e9 est de pr\u00e9lever quelques milliards de francs suppl\u00e9mentaires dans les poches du citoyen contribuable.</p>\n<p>On a beaucoup entendu durant la campagne, mais avant et apr\u00e8s \u00e9galement, que la Suisse est un pays riche et qu'elle peut donc se permettre une telle d\u00e9pense. Alors, d'abord, ce n'est pas la Suisse qui est riche, puisque la premi\u00e8re mesure qui a \u00e9t\u00e9 annonc\u00e9e par le Conseil f\u00e9d\u00e9ral est de diminuer la part du budget g\u00e9n\u00e9ral de l'\u00c9tat attribu\u00e9e au fonds AVS. Ensuite, quand on dit que c'est le pays qui est riche, ce n'est pas le pays qui est riche, car ce sont dans les poches des citoyens dans lesquelles on va puiser un peu plus.</p>\n<p>Mais la vraie question n'est pas de savoir si la Suisse peut d\u00e9penser plus, aux frais du contribuable, parce qu'elle est un pays riche. La vraie question est de savoir pourquoi la Suisse est un pays riche et comment elle doit le rester. La prosp\u00e9rit\u00e9 de notre pays n'est pas tomb\u00e9e du ciel. Elle tient \u00e0 plusieurs \u00e9l\u00e9ments[NB]: \u00e0 une stabilit\u00e9 politique remarquable, \u00e0 une culture du consensus, \u00e0 une attention particuli\u00e8re \u00e0 la coh\u00e9sion sociale et, surtout, \u00e0 une gestion responsable des finances publiques. C'est parce que nous avons \u00e9vit\u00e9 les d\u00e9rives que nous observons ailleurs, c'est parce que nous n'avons pas laiss\u00e9 filer les d\u00e9penses et l'augmentation des imp\u00f4ts, que nous avons aujourd'hui une marge de manoeuvre. Nous ne devons pas la gaspiller.</p>\n<p>La pr\u00e9sidente de la Conf\u00e9d\u00e9ration, Mme Karin Keller-Sutter, le rappelait il y a moins d'un an dans la presse[NB]: la rigueur budg\u00e9taire est indispensable \u00e0 la coh\u00e9sion sociale. Quand les d\u00e9penses publiques ne sont plus ma\u00eetris\u00e9es, quand les imp\u00f4ts s'envolent, les fractures apparaissent. L'histoire r\u00e9cente de nos pays voisins le montre[NB]: les crises sociales et politiques trouvent souvent leur origine dans une fuite en avant dans les d\u00e9penses \u00e9tatiques, dans les pr\u00e9l\u00e8vements fiscaux ou dans les pr\u00e9l\u00e8vements obligatoires. C'est donc \u00e0 l'aune de cette responsabilit\u00e9 que nous devons examiner ce projet.</p>\n<p>Oui, la consolidation de l'AVS est un objectif souhaitable, mais son financement ne peut pas se faire au d\u00e9triment d'une seule g\u00e9n\u00e9ration, celle des actifs actuels et futurs. Augmenter les pr\u00e9l\u00e8vements obligatoires, c'est fragiliser l'\u00e9conomie, r\u00e9duire le pouvoir d'achat et miner la confiance des jeunes g\u00e9n\u00e9rations dans notre syst\u00e8me social.</p>\n<p>La 13e rente am\u00e9liore sensiblement le revenu des retrait\u00e9s, c'est ind\u00e9niable. Mais la solidarit\u00e9 entre les g\u00e9n\u00e9rations ne peut rester saine que si elle est \u00e9quilibr\u00e9e. Aujourd'hui, cette r\u00e9forme menace justement cet \u00e9quilibre. On nous dit que la TVA est la solution la moins probl\u00e9matique. Mais attention, je l'ai d\u00e9j\u00e0 dit, la TVA n'est pas indolore. Elle touche chaque acte de consommation. Elle p\u00e8se sur les m\u00e9nages comme sur les entreprises. Elle r\u00e9duit la comp\u00e9titivit\u00e9 de notre \u00e9conomie et ampute le pouvoir d'achat de la population. Si l'on en vient finalement \u00e0 consid\u00e9rer la TVA comme une taxe neutre financi\u00e8rement, presque invisible - j'ai entendu ici la comparer au prix d'un paquet de cigarettes ou \u00e0 celui de quelques caf\u00e9s -, alors pourquoi ne pas l'augmenter encore davantage pour financer n'importe quelle d\u00e9pense \u00e9tatique[NB]? Cette logique est absurde et dangereuse. Le groupe lib\u00e9ral-radical d\u00e9fend une ligne claire et coh\u00e9rente. Des r\u00e9formes structurelles sont indispensables. Les principaux b\u00e9n\u00e9ficiaires de la 13e rente doivent accepter de travailler, en moyenne, quelques mois suppl\u00e9mentaires si le fonds AVS diminue. C'est la proposition de la minorit\u00e9 IV (Silberschmidt), qui doit absolument \u00eatre adopt\u00e9e. Sans adaptation, tr\u00e8s modeste, de l'\u00e2ge de la retraite, au moins comme frein \u00e0 la d\u00e9pense comme dans le cas d'esp\u00e8ce, toute r\u00e9forme n'est qu'un empl\u00e2tre sur une jambe de bois. Une hausse de la TVA n'est donc \u00e9ventuellement acceptable que si elle s'accompagne d'une r\u00e9duction des d\u00e9penses. Augmenter la charge fiscale sans contrepartie est irresponsable. Chaque franc pr\u00e9lev\u00e9 doit \u00eatre accompagn\u00e9 d'une r\u00e9forme structurelle acceptable et r\u00e9fl\u00e9chie, faute de quoi la coh\u00e9sion sociale que nous invoquons tant finira par se fissurer.</p>\n<p>Il est inconcevable de financer d\u00e8s aujourd'hui des charges non encore accept\u00e9es, c'est encore pire. Vouloir relever la TVA pour financer des mesures hypoth\u00e9tiques, comme la suppression du plafonnement des rentes de couple propos\u00e9e par l'initiative populaire du Centre - et c'est ainsi que le Conseil des \u00c9tats voulait le faire -, est non seulement pr\u00e9matur\u00e9, mais dangereux. C'est demander \u00e0 la population de payer pour des d\u00e9penses qui n'existent pas encore et dont la pertinence n'a m\u00eame pas \u00e9t\u00e9 d\u00e9battue par les conseils. La responsabilit\u00e9, ce n'est pas dire oui \u00e0 toutes les demandes ni c\u00e9der \u00e0 la tentation de la facilit\u00e9 fiscale. La [PAGE 1425] responsabilit\u00e9, c'est garantir un syst\u00e8me social qui prot\u00e8ge les retrait\u00e9s sans sacrifier les g\u00e9n\u00e9rations futures. Si ce conseil devait d\u00e9cider d'augmenter la TVA sans r\u00e9formes structurelles, et pire encore, pour des d\u00e9penses hypoth\u00e9tiques, alors le groupe lib\u00e9ral-radical s'opposerait, in fine, \u00e0 l'adoption de ce projet de loi.</p>\n<p>Nous vous invitons donc, chacun et chacune d'entre vous, en toute responsabilit\u00e9, \u00e0 en faire de m\u00eame.</p>\n</pd_text>","MeetingCouncilAbbreviation":"N","MeetingDate":"20250910","MeetingVerbalixOid":4056,"IdSession":"5210","SpeakerFirstName":"Cyril","SpeakerLastName":"Aellen","SpeakerFullName":"Aellen Cyril","SpeakerFunction":"Mit-M","CouncilId":1,"CouncilName":"Conseil national","CantonId":25,"CantonName":"Gen\u00e8ve","CantonAbbreviation":"GE","ParlGroupName":"Groupe lib\u00e9ral-radical","ParlGroupAbbreviation":"RL","SortOrder":45,"Start":"\/Date(1757525536596)\/","End":"\/Date(1757525835039)\/","Function":"Mit-M","DisplaySpeaker":true,"LanguageOfText":"FR","Modified":"\/Date(1781865879877)\/","StartTimeWithTimezone":"\/Date(1757525536597+0120)\/","EndTimeWithTimezone":"\/Date(1757525835040+0120)\/","VoteBusinessNumber":null,"VoteBusinessShortNumber":null,"VoteBusinessTitle":null},{"__metadata":{"id":"https://ws.parlament.ch/OData.svc/Transcript(ID=361278L,Language='FR')","uri":"https://ws.parlament.ch/OData.svc/Transcript(ID=361278L,Language='FR')","type":"itsystems.Pd.DataServices.DataModel.Transcript"},"Subjects":{"__deferred":{"uri":"https://ws.parlament.ch/OData.svc/Transcript(ID=361278L,Language='FR')/Subjects"}},"MembersCouncil":{"__deferred":{"uri":"https://ws.parlament.ch/OData.svc/Transcript(ID=361278L,Language='FR')/MembersCouncil"}},"Businesses":{"__deferred":{"uri":"https://ws.parlament.ch/OData.svc/Transcript(ID=361278L,Language='FR')/Businesses"}},"ID":"361278","Language":"FR","IdSubject":"68828","VoteId":null,"PersonNumber":4282,"Type":1,"Text":"<pd_text><p>Vielen Dank, Kollege Silberschmidt. Ich erkl\u00e4re das jungen Familien gerne. Bei einem Medianlohn von 7000 Franken pro Monat betragen die zus\u00e4tzlichen Abz\u00fcge f\u00fcr den Arbeitnehmer Fr.[NB]3.50. Eine Packung Zigaretten oder ein Kaffee kosten mehr als Fr.[NB]3.50. Bei der Mehrwertsteuer ist es so, dass sie Erwerbst\u00e4tige mit tieferen Verdiensten im Verh\u00e4ltnis mehr belastet. Aber erinnern Sie sich daran, es haben nicht nur die Rentner Ja zur 13.[NB]AHV-Rente gesagt, sondern auch die erwerbst\u00e4tige Bev\u00f6lkerung. Sonst h\u00e4tte es kein Ja gegeben. Ich habe es gesagt: \"Vo n\u00fctz chont n\u00fctz.\" Wer eine Leistung will, muss auch einen Beitrag daran leisten.</p>\n</pd_text>","MeetingCouncilAbbreviation":"N","MeetingDate":"20250910","MeetingVerbalixOid":4056,"IdSession":"5210","SpeakerFirstName":"Thomas","SpeakerLastName":"Rechsteiner","SpeakerFullName":"Rechsteiner Thomas","SpeakerFunction":"Mit-M","CouncilId":1,"CouncilName":"Conseil national","CantonId":16,"CantonName":"Appenzell Rh.-Int.","CantonAbbreviation":"AI","ParlGroupName":"Le Groupe du Centre. Le Centre. PEV.","ParlGroupAbbreviation":"M-E","SortOrder":44,"Start":"\/Date(1757525487619)\/","End":"\/Date(1757525527220)\/","Function":"Mit-M","DisplaySpeaker":true,"LanguageOfText":"DE","Modified":"\/Date(1781865879874)\/","StartTimeWithTimezone":"\/Date(1757525487620+0120)\/","EndTimeWithTimezone":"\/Date(1757525527220+0120)\/","VoteBusinessNumber":null,"VoteBusinessShortNumber":null,"VoteBusinessTitle":null},{"__metadata":{"id":"https://ws.parlament.ch/OData.svc/Transcript(ID=361280L,Language='FR')","uri":"https://ws.parlament.ch/OData.svc/Transcript(ID=361280L,Language='FR')","type":"itsystems.Pd.DataServices.DataModel.Transcript"},"Subjects":{"__deferred":{"uri":"https://ws.parlament.ch/OData.svc/Transcript(ID=361280L,Language='FR')/Subjects"}},"MembersCouncil":{"__deferred":{"uri":"https://ws.parlament.ch/OData.svc/Transcript(ID=361280L,Language='FR')/MembersCouncil"}},"Businesses":{"__deferred":{"uri":"https://ws.parlament.ch/OData.svc/Transcript(ID=361280L,Language='FR')/Businesses"}},"ID":"361280","Language":"FR","IdSubject":"68828","VoteId":"31055","PersonNumber":null,"Type":2,"Text":"<pd_text><p><i>Erste Abstimmung - Premier vote</i> [GZ]</p>\n<p>[NAM][GZ]</p>\n<p>F\u00fcr den Antrag der Mehrheit ... 99 Stimmen[GZ]</p>\n<p>F\u00fcr den Antrag des Bundesrates ... 97 Stimmen[GZ]</p>\n<p>(1 Enthaltung)</p>\n</pd_text>","MeetingCouncilAbbreviation":"N","MeetingDate":"20250910","MeetingVerbalixOid":4056,"IdSession":"5210","SpeakerFirstName":null,"SpeakerLastName":null,"SpeakerFullName":"","SpeakerFunction":null,"CouncilId":null,"CouncilName":null,"CantonId":null,"CantonName":null,"CantonAbbreviation":null,"ParlGroupName":null,"ParlGroupAbbreviation":null,"SortOrder":57,"Start":"\/Date(1757527591073)\/","End":"\/Date(1757527591073)\/","Function":null,"DisplaySpeaker":null,"LanguageOfText":null,"Modified":"\/Date(1781865879915)\/","StartTimeWithTimezone":"\/Date(1757527591073+0120)\/","EndTimeWithTimezone":"\/Date(1757527591073+0120)\/","VoteBusinessNumber":20240073,"VoteBusinessShortNumber":"24.073","VoteBusinessTitle":"Mise en oeuvre et financement\nde l'initiative pour une 13e rente AVS"},{"__metadata":{"id":"https://ws.parlament.ch/OData.svc/Transcript(ID=361281L,Language='FR')","uri":"https://ws.parlament.ch/OData.svc/Transcript(ID=361281L,Language='FR')","type":"itsystems.Pd.DataServices.DataModel.Transcript"},"Subjects":{"__deferred":{"uri":"https://ws.parlament.ch/OData.svc/Transcript(ID=361281L,Language='FR')/Subjects"}},"MembersCouncil":{"__deferred":{"uri":"https://ws.parlament.ch/OData.svc/Transcript(ID=361281L,Language='FR')/MembersCouncil"}},"Businesses":{"__deferred":{"uri":"https://ws.parlament.ch/OData.svc/Transcript(ID=361281L,Language='FR')/Businesses"}},"ID":"361281","Language":"FR","IdSubject":"68828","VoteId":null,"PersonNumber":4282,"Type":1,"Text":"<pd_text><p>Mit meiner starken Minderheit I, also mit dem ganzen Konzept, das von fast der H\u00e4lfte der Kommission mitgetragen wird, sind die wesentlichen Elemente der Finanzierung fein austariert und abgestimmt, um die Finanzierung der 13.[NB]AHV-Rente vorerst zu sichern und dieses wichtige Sozialwerk auf robusten Grundlagen weiterzuf\u00fchren. Der rote Faden im Konzept ist eine Finanzierung aus drei Quellen. </p>\n<p>Erstens sind das Lohnprozente. Sie haben es in der Eintretensdebatte geh\u00f6rt: Das Ergebnis der Volksabstimmung hat gezeigt, dass es nicht nur Rentenbeziehende waren, die ein Ja in die Urne legten. Es besteht der Vorteil, dass Rentenbeziehende nicht mit Lohnprozenten belastet werden. Bei uns sagt man: \"Vo n\u00fctz chont n\u00fctz.\" Oder anders gesagt: Wenn man zur 13.[NB]AHV-Rente Ja sagt, dann muss man sich auch bewusst sein, dass das etwas kostet. [PAGE 1420]</p>\n<p>Die zweite Quelle ist die Mehrwertsteuererh\u00f6hung. Das ist vor allem f\u00fcr Familien und Personen mit tiefem Einkommen sp\u00fcrbar. Preiserh\u00f6hungen treffen diese Haushalte h\u00e4rter als Haushalte von Grossverdienern. Deshalb muss auch diese Erh\u00f6hung moderat ausfallen.</p>\n<p>Die dritte Quelle, der Bundesbeitrag, ist zwar nicht Teil meiner Minderheit und wird mit einer separaten Abstimmung bei Artikel 103 AHVG behandelt. Aber auch dieser Bundesbeitrag, der nicht gesenkt werden soll, tr\u00e4gt zur Finanzierung bei.</p>\n<p>Diese Elemente ergeben in der Summe eine Mischfinanzierung, die zwei wichtige Ziele erreicht. Erstens ist es das Ziel der Solidarit\u00e4t zwischen den Generationen. Das ist bei den Lohnbeitr\u00e4gen und der Mehrwertsteuer, die auch die konsumierenden Altersrentnerinnen und Altersrentner bezahlen, inkludiert. Zweitens ist es das Ziel, dass wir Verantwortung f\u00fcr eine Finanzierungsl\u00f6sung hinsichtlich der 13.[NB]AHV-Rente \u00fcbernehmen. Wir nehmen damit diese Verantwortung wahr.</p>\n<p>Meine Minderheit entspricht dem Entscheid des St\u00e4nderates mit zwei wichtigen \u00c4nderungen. Die erste \u00c4nderung betrifft die H\u00f6he der Lohnbeitr\u00e4ge und das Ausmass der Mehrwertsteuererh\u00f6hung. Die zweite \u00c4nderung besteht in der Frist bis 2035 f\u00fcr die zweite Etappe der Mehrwertsteuererh\u00f6hung, welche f\u00fcr die Abschaffung des Plafonds f\u00fcr die AHV-Ehepaarrenten vorgesehen ist.</p>\n<p>Bei den Lohnprozenten beantrage ich, die Beitr\u00e4ge an die AHV um 0,3 Prozentpunkte zu erh\u00f6hen und den Lohnbeitrag der ALV von 2,2 auf neu 2 Prozent zu senken. Damit ergibt sich eine Nettomehrbelastung von 0,1 Prozentpunkten, also f\u00fcr den Arbeitgeber 0,05 Prozentpunkte und f\u00fcr den Arbeitnehmer 0,05 Prozentpunkte. Beim schweizerischen Medianlohn von 84[NB]500 Franken pro Jahr oder rund 7000 Franken pro Monat ergibt das f\u00fcr einen Arbeitnehmer einen h\u00f6heren Abzug von Fr. 3.50 pro Monat, ebenfalls f\u00fcr den Arbeitgeber. Das ist in meiner Betrachtung tragbar und verdaubar, und es entspricht weniger als den Kosten f\u00fcr einen Kaffee pro Monat.</p>\n<p>Noch kurz zur Arbeitslosenversicherung: Das Verm\u00f6gen der Arbeitslosenversicherung ist in den letzten rund zehn Jahren von einem Schuldenstand von \u00fcber 6 Milliarden Franken im Jahr 2010 auf Reserven von rund 6,8 Milliarden Franken Ende 2023 angewachsen, dies aufgrund der Erh\u00f6hung der Lohnabz\u00fcge im Jahr 2011 - damals wurden die Beitr\u00e4ge um 0,2 Prozentpunkte erh\u00f6ht - und nat\u00fcrlich auch wegen der anhaltend tiefen Arbeitslosenquote. Die damalige Erh\u00f6hung kann jetzt f\u00fcr die Teilfinanzierung der 13.[NB]AHV-Rente r\u00fcckg\u00e4ngig gemacht werden.</p>\n<p>Auch eingebettet in mein Konzept ist ein Interventionsmechanismus beim AHV-Fonds. Sollte dieser unter 80 Prozent des Soll-Bestandes sinken, w\u00e4re eine Erh\u00f6hung um weitere 0,3 AHV-Lohnprozentpunkte m\u00f6glich. Bei der Mehrwertsteuer beantrage ich, die Erh\u00f6hung in einem ersten Schritt um 0,4 Prozentpunkte vorzunehmen und in einem zweiten Schritt um weitere 0,4 Prozentpunkte, um die Aufhebung des Plafonds bei den Ehepaarrenten, wie es auch die Mitte-Initiative fordert, zu finanzieren. Allerdings will ich diesen Schritt nur bis 2035 m\u00f6glich machen. Anders gesagt: Wenn der Plafond oder die H\u00f6he der Maximalrenten f\u00fcr Ehepaare bis 2035 nicht aufgehoben wird, kann diese zweite Erh\u00f6hung nicht vorgenommen werden. Das gibt Rechtssicherheit und Klarheit f\u00fcr die vorausschauende Finanzierung der Ehepaar-Altersrente und schr\u00e4nkt insofern ein, als dieser Teil der Mehrwertsteuer nur f\u00fcr die AHV verwendet werden darf. </p>\n<p>Dieses Konzept ist m\u00f6glich geworden, nachdem vom BSV mit den aktualisierten Finanzperspektiven neue Zahlen publiziert worden sind. Diese zeigen bei der AHV ein geringeres Umlagedefizit, im Jahr 2030 von rund 600 Millionen Franken und im Jahr 2035 von rund 1,7 Milliarden Franken.</p>\n<p>Zusammenfassend kann ich sagen: Mit der Zustimmung zu diesem Minderheitsantrag I legen Sie die solide Basis, um die 13.[NB]AHV-Rente zu finanzieren. Sozialversicherungsbeitr\u00e4ge der AHV und der ALV werden gesamthaft nur wenig angehoben, und die etappierte Mehrwertsteuererh\u00f6hung hilft aktuell und kann nur dann ein zweites Mal erh\u00f6ht werden, wenn bei der Ehepaar-Altersrente ein weiterer Finanzierungsbedarf vorhanden ist. Ich danke Ihnen, wenn Sie diesem Konzept zustimmen.</p>\n<p>Ich habe noch eine weitere Minderheit bei Ziffer II Artikel 1bis zu erl\u00e4utern. Ich beantrage Ihnen, die Entw\u00fcrfe 2, also dort, wo es um die AHV-Lohnbeitr\u00e4ge geht, und 3, dort, wo es um die Mehrwertsteuer geht, nicht zu koppeln. Wir wissen, die Mehrwertsteuererh\u00f6hung hat die H\u00fcrde von Volk und St\u00e4nden zu \u00fcberwinden. Bei der Erh\u00f6hung des AHV-Lohnbeitrags sowie des Bundesbeitrags untersteht das Gesetz dem fakultativen Referendum. Wer nun gegen eine Erh\u00f6hung der AHV-Lohnprozente ist, kann das Referendum ergreifen, die politischen Wege sind offen.</p>\n<p>Bei einer Koppelung der beiden Entw\u00fcrfe besteht meines Erachtens das grosse Risiko, dass weder Mehrwertsteuer- noch AHV-Beitr\u00e4ge oder die Beibehaltung des aktuellen Bundesbeitrags verankert wird - wir w\u00fcrden mit leeren H\u00e4nden dastehen. Das w\u00e4re keine verantwortungsvolle Haltung f\u00fcr die Finanzierung der 13.[NB]AHV-Rente. Denn diese wird bereits in f\u00fcnfzehn Monaten erstmals bezahlt und belastet die AHV-Rechnung.</p>\n<p>Ich bitte Sie deshalb, auch diese Minderheit zu unterst\u00fctzen.</p>\n</pd_text>","MeetingCouncilAbbreviation":"N","MeetingDate":"20250910","MeetingVerbalixOid":4056,"IdSession":"5210","SpeakerFirstName":"Thomas","SpeakerLastName":"Rechsteiner","SpeakerFullName":"Rechsteiner Thomas","SpeakerFunction":"Mit-M","CouncilId":1,"CouncilName":"Conseil national","CantonId":16,"CantonName":"Appenzell Rh.-Int.","CantonAbbreviation":"AI","ParlGroupName":"Le Groupe du Centre. Le Centre. PEV.","ParlGroupAbbreviation":"M-E","SortOrder":30,"Start":"\/Date(1757523030730)\/","End":"\/Date(1757523454770)\/","Function":"Mit-M","DisplaySpeaker":true,"LanguageOfText":"DE","Modified":"\/Date(1781865879840)\/","StartTimeWithTimezone":"\/Date(1757523030730+0120)\/","EndTimeWithTimezone":"\/Date(1757523454770+0120)\/","VoteBusinessNumber":null,"VoteBusinessShortNumber":null,"VoteBusinessTitle":null},{"__metadata":{"id":"https://ws.parlament.ch/OData.svc/Transcript(ID=361282L,Language='FR')","uri":"https://ws.parlament.ch/OData.svc/Transcript(ID=361282L,Language='FR')","type":"itsystems.Pd.DataServices.DataModel.Transcript"},"Subjects":{"__deferred":{"uri":"https://ws.parlament.ch/OData.svc/Transcript(ID=361282L,Language='FR')/Subjects"}},"MembersCouncil":{"__deferred":{"uri":"https://ws.parlament.ch/OData.svc/Transcript(ID=361282L,Language='FR')/MembersCouncil"}},"Businesses":{"__deferred":{"uri":"https://ws.parlament.ch/OData.svc/Transcript(ID=361282L,Language='FR')/Businesses"}},"ID":"361282","Language":"FR","IdSubject":"68828","VoteId":"31056","PersonNumber":null,"Type":2,"Text":"<pd_text><p><i>Zweite Abstimmung - Deuxi\u00e8me vote </i>[GZ]</p>\n<p>[NAM][GZ]</p>\n<p>F\u00fcr den Antrag der Minderheit I ... 134 Stimmen[GZ]</p>\n<p>F\u00fcr den Antrag der Minderheit II ... 64 Stimmen[GZ]</p>\n<p>(0 Enthaltungen)</p>\n</pd_text>","MeetingCouncilAbbreviation":"N","MeetingDate":"20250910","MeetingVerbalixOid":4056,"IdSession":"5210","SpeakerFirstName":null,"SpeakerLastName":null,"SpeakerFullName":"","SpeakerFunction":null,"CouncilId":null,"CouncilName":null,"CantonId":null,"CantonName":null,"CantonAbbreviation":null,"ParlGroupName":null,"ParlGroupAbbreviation":null,"SortOrder":59,"Start":"\/Date(1757527696168)\/","End":"\/Date(1757527750908)\/","Function":null,"DisplaySpeaker":null,"LanguageOfText":null,"Modified":"\/Date(1781865879920)\/","StartTimeWithTimezone":"\/Date(1757527696167+0120)\/","EndTimeWithTimezone":"\/Date(1757527750907+0120)\/","VoteBusinessNumber":20240073,"VoteBusinessShortNumber":"24.073","VoteBusinessTitle":"Mise en oeuvre et financement\nde l'initiative pour une 13e rente AVS"},{"__metadata":{"id":"https://ws.parlament.ch/OData.svc/Transcript(ID=361283L,Language='FR')","uri":"https://ws.parlament.ch/OData.svc/Transcript(ID=361283L,Language='FR')","type":"itsystems.Pd.DataServices.DataModel.Transcript"},"Subjects":{"__deferred":{"uri":"https://ws.parlament.ch/OData.svc/Transcript(ID=361283L,Language='FR')/Subjects"}},"MembersCouncil":{"__deferred":{"uri":"https://ws.parlament.ch/OData.svc/Transcript(ID=361283L,Language='FR')/MembersCouncil"}},"Businesses":{"__deferred":{"uri":"https://ws.parlament.ch/OData.svc/Transcript(ID=361283L,Language='FR')/Businesses"}},"ID":"361283","Language":"FR","IdSubject":"68828","VoteId":"31057","PersonNumber":null,"Type":2,"Text":"<pd_text><p><i>Dritte Abstimmung - Troisi\u00e8me vote </i>[GZ]</p>\n<p>[NAM][GZ]</p>\n<p>F\u00fcr den Antrag der Minderheit I ... 134 Stimmen[GZ]</p>\n<p>F\u00fcr den Antrag der Minderheit III ... 64 Stimmen[GZ]</p>\n<p>(0 Enthaltungen)</p>\n</pd_text>","MeetingCouncilAbbreviation":"N","MeetingDate":"20250910","MeetingVerbalixOid":4056,"IdSession":"5210","SpeakerFirstName":null,"SpeakerLastName":null,"SpeakerFullName":"","SpeakerFunction":null,"CouncilId":null,"CouncilName":null,"CantonId":null,"CantonName":null,"CantonAbbreviation":null,"ParlGroupName":null,"ParlGroupAbbreviation":null,"SortOrder":60,"Start":null,"End":null,"Function":null,"DisplaySpeaker":null,"LanguageOfText":null,"Modified":"\/Date(1781865879923)\/","StartTimeWithTimezone":null,"EndTimeWithTimezone":null,"VoteBusinessNumber":20240073,"VoteBusinessShortNumber":"24.073","VoteBusinessTitle":"Mise en oeuvre et financement\nde l'initiative pour une 13e rente AVS"},{"__metadata":{"id":"https://ws.parlament.ch/OData.svc/Transcript(ID=361284L,Language='FR')","uri":"https://ws.parlament.ch/OData.svc/Transcript(ID=361284L,Language='FR')","type":"itsystems.Pd.DataServices.DataModel.Transcript"},"Subjects":{"__deferred":{"uri":"https://ws.parlament.ch/OData.svc/Transcript(ID=361284L,Language='FR')/Subjects"}},"MembersCouncil":{"__deferred":{"uri":"https://ws.parlament.ch/OData.svc/Transcript(ID=361284L,Language='FR')/MembersCouncil"}},"Businesses":{"__deferred":{"uri":"https://ws.parlament.ch/OData.svc/Transcript(ID=361284L,Language='FR')/Businesses"}},"ID":"361284","Language":"FR","IdSubject":"68828","VoteId":"31058","PersonNumber":null,"Type":2,"Text":"<pd_text><p><i>Vierte Abstimmung - Quatri\u00e8me vote </i>[GZ]</p>\n<p>[NAM][GZ]</p>\n<p>F\u00fcr den Antrag der Mehrheit ... 102 Stimmen[GZ]</p>\n<p>F\u00fcr den Antrag der Minderheit I ... 96 Stimmen[GZ]</p>\n<p>(0 Enthaltungen)</p>\n</pd_text>","MeetingCouncilAbbreviation":"N","MeetingDate":"20250910","MeetingVerbalixOid":4056,"IdSession":"5210","SpeakerFirstName":null,"SpeakerLastName":null,"SpeakerFullName":"","SpeakerFunction":null,"CouncilId":null,"CouncilName":null,"CantonId":null,"CantonName":null,"CantonAbbreviation":null,"ParlGroupName":null,"ParlGroupAbbreviation":null,"SortOrder":62,"Start":"\/Date(1757527825026)\/","End":"\/Date(1757527825026)\/","Function":null,"DisplaySpeaker":null,"LanguageOfText":null,"Modified":"\/Date(1781865879927)\/","StartTimeWithTimezone":"\/Date(1757527825027+0120)\/","EndTimeWithTimezone":"\/Date(1757527825027+0120)\/","VoteBusinessNumber":20240073,"VoteBusinessShortNumber":"24.073","VoteBusinessTitle":"Mise en oeuvre et financement\nde l'initiative pour une 13e rente AVS"},{"__metadata":{"id":"https://ws.parlament.ch/OData.svc/Transcript(ID=361285L,Language='FR')","uri":"https://ws.parlament.ch/OData.svc/Transcript(ID=361285L,Language='FR')","type":"itsystems.Pd.DataServices.DataModel.Transcript"},"Subjects":{"__deferred":{"uri":"https://ws.parlament.ch/OData.svc/Transcript(ID=361285L,Language='FR')/Subjects"}},"MembersCouncil":{"__deferred":{"uri":"https://ws.parlament.ch/OData.svc/Transcript(ID=361285L,Language='FR')/MembersCouncil"}},"Businesses":{"__deferred":{"uri":"https://ws.parlament.ch/OData.svc/Transcript(ID=361285L,Language='FR')/Businesses"}},"ID":"361285","Language":"FR","IdSubject":"68828","VoteId":"31059","PersonNumber":null,"Type":2,"Text":"<pd_text><p><i>F\u00fcnfte Abstimmung - Cinqui\u00e8me vote </i>[GZ]</p>\n<p>[NAM][GZ]</p>\n<p>F\u00fcr den Antrag der Mehrheit ... 108 Stimmen[GZ]</p>\n<p>F\u00fcr den Antrag der Minderheit IV ... 89 Stimmen[GZ]</p>\n<p>(0 Enthaltungen)</p>\n</pd_text>","MeetingCouncilAbbreviation":"N","MeetingDate":"20250910","MeetingVerbalixOid":4056,"IdSession":"5210","SpeakerFirstName":null,"SpeakerLastName":null,"SpeakerFullName":"","SpeakerFunction":null,"CouncilId":null,"CouncilName":null,"CantonId":null,"CantonName":null,"CantonAbbreviation":null,"ParlGroupName":null,"ParlGroupAbbreviation":null,"SortOrder":64,"Start":"\/Date(1757527889639)\/","End":"\/Date(1757527889639)\/","Function":null,"DisplaySpeaker":null,"LanguageOfText":null,"Modified":"\/Date(1781865879931)\/","StartTimeWithTimezone":"\/Date(1757527889640+0120)\/","EndTimeWithTimezone":"\/Date(1757527889640+0120)\/","VoteBusinessNumber":20240073,"VoteBusinessShortNumber":"24.073","VoteBusinessTitle":"Mise en oeuvre et financement\nde l'initiative pour une 13e rente AVS"},{"__metadata":{"id":"https://ws.parlament.ch/OData.svc/Transcript(ID=361286L,Language='FR')","uri":"https://ws.parlament.ch/OData.svc/Transcript(ID=361286L,Language='FR')","type":"itsystems.Pd.DataServices.DataModel.Transcript"},"Subjects":{"__deferred":{"uri":"https://ws.parlament.ch/OData.svc/Transcript(ID=361286L,Language='FR')/Subjects"}},"MembersCouncil":{"__deferred":{"uri":"https://ws.parlament.ch/OData.svc/Transcript(ID=361286L,Language='FR')/MembersCouncil"}},"Businesses":{"__deferred":{"uri":"https://ws.parlament.ch/OData.svc/Transcript(ID=361286L,Language='FR')/Businesses"}},"ID":"361286","Language":"FR","IdSubject":"68828","VoteId":null,"PersonNumber":4280,"Type":1,"Text":"<pd_text><p>Cher coll\u00e8gue H\u00e4ssig, vous repr\u00e9sentez la majorit\u00e9 de la commission, qui est une majorit\u00e9 assez faible puisqu'il est d\u00e9j\u00e0 annonc\u00e9 que, au vote sur l'ensemble - en tout cas en premi\u00e8re lecture -, vos alli\u00e9s du groupe PLR et du groupe UDC s'opposeront et que nous avons dit que nous accepterons la version TVA du bout des l\u00e8vres. Est-ce que vous \u00eates pr\u00eat \u00e0 aller seul devant la population pour d\u00e9fendre cette augmentation de la TVA[NB]?</p>\n</pd_text>","MeetingCouncilAbbreviation":"N","MeetingDate":"20250910","MeetingVerbalixOid":4056,"IdSession":"5210","SpeakerFirstName":"L\u00e9onore","SpeakerLastName":"Porchet","SpeakerFullName":"Porchet L\u00e9onore","SpeakerFunction":"Mit-F","CouncilId":1,"CouncilName":"Conseil national","CantonId":22,"CantonName":"Vaud","CantonAbbreviation":"VD","ParlGroupName":"Groupe des VERT-E-S","ParlGroupAbbreviation":"G","SortOrder":54,"Start":"\/Date(1757527366859)\/","End":"\/Date(1757527398723)\/","Function":"Mit-F","DisplaySpeaker":true,"LanguageOfText":"FR","Modified":"\/Date(1781865879908)\/","StartTimeWithTimezone":"\/Date(1757527366860+0120)\/","EndTimeWithTimezone":"\/Date(1757527398723+0120)\/","VoteBusinessNumber":null,"VoteBusinessShortNumber":null,"VoteBusinessTitle":null},{"__metadata":{"id":"https://ws.parlament.ch/OData.svc/Transcript(ID=361287L,Language='FR')","uri":"https://ws.parlament.ch/OData.svc/Transcript(ID=361287L,Language='FR')","type":"itsystems.Pd.DataServices.DataModel.Transcript"},"Subjects":{"__deferred":{"uri":"https://ws.parlament.ch/OData.svc/Transcript(ID=361287L,Language='FR')/Subjects"}},"MembersCouncil":{"__deferred":{"uri":"https://ws.parlament.ch/OData.svc/Transcript(ID=361287L,Language='FR')/MembersCouncil"}},"Businesses":{"__deferred":{"uri":"https://ws.parlament.ch/OData.svc/Transcript(ID=361287L,Language='FR')/Businesses"}},"ID":"361287","Language":"FR","IdSubject":"68828","VoteId":"31060","PersonNumber":null,"Type":2,"Text":"<pd_text><p><i>Abstimmung - Vote </i>[GZ]</p>\n<p>[NAM][GZ]</p>\n<p>F\u00fcr den Antrag der Mehrheit ... 161 Stimmen[GZ]</p>\n<p>F\u00fcr den Antrag der Minderheit ... 36 Stimmen[GZ]</p>\n<p>(1 Enthaltung)</p>\n</pd_text>","MeetingCouncilAbbreviation":"N","MeetingDate":"20250910","MeetingVerbalixOid":4056,"IdSession":"5210","SpeakerFirstName":null,"SpeakerLastName":null,"SpeakerFullName":"","SpeakerFunction":null,"CouncilId":null,"CouncilName":null,"CantonId":null,"CantonName":null,"CantonAbbreviation":null,"ParlGroupName":null,"ParlGroupAbbreviation":null,"SortOrder":66,"Start":"\/Date(1757527964266)\/","End":"\/Date(1757527964266)\/","Function":null,"DisplaySpeaker":null,"LanguageOfText":null,"Modified":"\/Date(1781865879938)\/","StartTimeWithTimezone":"\/Date(1757527964267+0120)\/","EndTimeWithTimezone":"\/Date(1757527964267+0120)\/","VoteBusinessNumber":20240073,"VoteBusinessShortNumber":"24.073","VoteBusinessTitle":"Mise en oeuvre et financement\nde l'initiative pour une 13e rente AVS"},{"__metadata":{"id":"https://ws.parlament.ch/OData.svc/Transcript(ID=361288L,Language='FR')","uri":"https://ws.parlament.ch/OData.svc/Transcript(ID=361288L,Language='FR')","type":"itsystems.Pd.DataServices.DataModel.Transcript"},"Subjects":{"__deferred":{"uri":"https://ws.parlament.ch/OData.svc/Transcript(ID=361288L,Language='FR')/Subjects"}},"MembersCouncil":{"__deferred":{"uri":"https://ws.parlament.ch/OData.svc/Transcript(ID=361288L,Language='FR')/MembersCouncil"}},"Businesses":{"__deferred":{"uri":"https://ws.parlament.ch/OData.svc/Transcript(ID=361288L,Language='FR')/Businesses"}},"ID":"361288","Language":"FR","IdSubject":"68828","VoteId":"31061","PersonNumber":null,"Type":2,"Text":"<pd_text><p><i>Abstimmung - Vote </i>[GZ]</p>\n<p>[NAM][GZ]</p>\n<p>F\u00fcr den Antrag der Mehrheit ... 103 Stimmen[GZ]</p>\n<p>F\u00fcr den Antrag der Minderheit ... 94 Stimmen[GZ]</p>\n<p>(1 Enthaltung)</p>\n</pd_text>","MeetingCouncilAbbreviation":"N","MeetingDate":"20250910","MeetingVerbalixOid":4056,"IdSession":"5210","SpeakerFirstName":null,"SpeakerLastName":null,"SpeakerFullName":"","SpeakerFunction":null,"CouncilId":null,"CouncilName":null,"CantonId":null,"CantonName":null,"CantonAbbreviation":null,"ParlGroupName":null,"ParlGroupAbbreviation":null,"SortOrder":68,"Start":"\/Date(1757528024304)\/","End":"\/Date(1757528024304)\/","Function":null,"DisplaySpeaker":null,"LanguageOfText":null,"Modified":"\/Date(1781865879944)\/","StartTimeWithTimezone":"\/Date(1757528024303+0120)\/","EndTimeWithTimezone":"\/Date(1757528024303+0120)\/","VoteBusinessNumber":20240073,"VoteBusinessShortNumber":"24.073","VoteBusinessTitle":"Mise en oeuvre et financement\nde l'initiative pour une 13e rente AVS"},{"__metadata":{"id":"https://ws.parlament.ch/OData.svc/Transcript(ID=361289L,Language='FR')","uri":"https://ws.parlament.ch/OData.svc/Transcript(ID=361289L,Language='FR')","type":"itsystems.Pd.DataServices.DataModel.Transcript"},"Subjects":{"__deferred":{"uri":"https://ws.parlament.ch/OData.svc/Transcript(ID=361289L,Language='FR')/Subjects"}},"MembersCouncil":{"__deferred":{"uri":"https://ws.parlament.ch/OData.svc/Transcript(ID=361289L,Language='FR')/MembersCouncil"}},"Businesses":{"__deferred":{"uri":"https://ws.parlament.ch/OData.svc/Transcript(ID=361289L,Language='FR')/Businesses"}},"ID":"361289","Language":"FR","IdSubject":"68828","VoteId":"31062","PersonNumber":null,"Type":2,"Text":"<pd_text><p><i>Gesamtabstimmung - Vote sur l'ensemble </i>[GZ]</p>\n<p>[NAM][GZ]</p>\n<p>F\u00fcr Annahme des Entwurfes ... 108 Stimmen [GZ]</p>\n<p>Dagegen ... 88 Stimmen [GZ]</p>\n<p>(2 Enthaltungen)</p>\n<p>[VS]</p>\n</pd_text>","MeetingCouncilAbbreviation":"N","MeetingDate":"20250910","MeetingVerbalixOid":4056,"IdSession":"5210","SpeakerFirstName":null,"SpeakerLastName":null,"SpeakerFullName":"","SpeakerFunction":null,"CouncilId":null,"CouncilName":null,"CantonId":null,"CantonName":null,"CantonAbbreviation":null,"ParlGroupName":null,"ParlGroupAbbreviation":null,"SortOrder":70,"Start":"\/Date(1757528065939)\/","End":"\/Date(1757528065939)\/","Function":null,"DisplaySpeaker":null,"LanguageOfText":null,"Modified":"\/Date(1781865879949)\/","StartTimeWithTimezone":"\/Date(1757528065940+0120)\/","EndTimeWithTimezone":"\/Date(1757528065940+0120)\/","VoteBusinessNumber":20240073,"VoteBusinessShortNumber":"24.073","VoteBusinessTitle":"Mise en oeuvre et financement\nde l'initiative pour une 13e rente AVS"},{"__metadata":{"id":"https://ws.parlament.ch/OData.svc/Transcript(ID=361290L,Language='FR')","uri":"https://ws.parlament.ch/OData.svc/Transcript(ID=361290L,Language='FR')","type":"itsystems.Pd.DataServices.DataModel.Transcript"},"Subjects":{"__deferred":{"uri":"https://ws.parlament.ch/OData.svc/Transcript(ID=361290L,Language='FR')/Subjects"}},"MembersCouncil":{"__deferred":{"uri":"https://ws.parlament.ch/OData.svc/Transcript(ID=361290L,Language='FR')/MembersCouncil"}},"Businesses":{"__deferred":{"uri":"https://ws.parlament.ch/OData.svc/Transcript(ID=361290L,Language='FR')/Businesses"}},"ID":"361290","Language":"FR","IdSubject":"68828","VoteId":"31063","PersonNumber":null,"Type":2,"Text":"<pd_text><p><i>Gesamtabstimmung - Vote sur l'ensemble </i>[GZ]</p>\n<p>[NAM][GZ]</p>\n<p>F\u00fcr Annahme des Entwurfes ... 110 Stimmen [GZ]</p>\n<p>Dagegen ... 86 Stimmen [GZ]</p>\n<p>(2 Enthaltungen)</p>\n</pd_text>","MeetingCouncilAbbreviation":"N","MeetingDate":"20250910","MeetingVerbalixOid":4056,"IdSession":"5210","SpeakerFirstName":null,"SpeakerLastName":null,"SpeakerFullName":"","SpeakerFunction":null,"CouncilId":null,"CouncilName":null,"CantonId":null,"CantonName":null,"CantonAbbreviation":null,"ParlGroupName":null,"ParlGroupAbbreviation":null,"SortOrder":72,"Start":"\/Date(1757528150999)\/","End":"\/Date(1757528150999)\/","Function":null,"DisplaySpeaker":null,"LanguageOfText":null,"Modified":"\/Date(1781865879956)\/","StartTimeWithTimezone":"\/Date(1757528151000+0120)\/","EndTimeWithTimezone":"\/Date(1757528151000+0120)\/","VoteBusinessNumber":20240073,"VoteBusinessShortNumber":"24.073","VoteBusinessTitle":"Mise en oeuvre et financement\nde l'initiative pour une 13e rente AVS"},{"__metadata":{"id":"https://ws.parlament.ch/OData.svc/Transcript(ID=361292L,Language='FR')","uri":"https://ws.parlament.ch/OData.svc/Transcript(ID=361292L,Language='FR')","type":"itsystems.Pd.DataServices.DataModel.Transcript"},"Subjects":{"__deferred":{"uri":"https://ws.parlament.ch/OData.svc/Transcript(ID=361292L,Language='FR')/Subjects"}},"MembersCouncil":{"__deferred":{"uri":"https://ws.parlament.ch/OData.svc/Transcript(ID=361292L,Language='FR')/MembersCouncil"}},"Businesses":{"__deferred":{"uri":"https://ws.parlament.ch/OData.svc/Transcript(ID=361292L,Language='FR')/Businesses"}},"ID":"361292","Language":"FR","IdSubject":"68828","VoteId":null,"PersonNumber":11507,"Type":1,"Text":"<pd_text><p>Im Namen der Kommission darf ich noch Stellung nehmen zu den offenen Punkten, \u00fcber die in der Detailberatung nun entschieden wird. [PAGE 1427]</p>\n<p>In der Kommission f\u00fchrten wir die Detailberatung im August durch. Die Kommissionsmehrheit sprach sich schlussendlich f\u00fcr ein Modell aus, das in wesentlichen Z\u00fcgen dem Entwurf des Bundesrates entspricht, wonach der Mehrwertsteuersatz um 0,7 Prozentpunkte erh\u00f6ht werden soll. Der gr\u00f6sste Unterschied zum Entwurf des Bundesrates ist, dass die Kommission beschloss, die Erh\u00f6hung des Mehrwertsteuersatzes bis auf Ende 2030 zu befristen. Eine weitere Abweichung vom[NB]Entwurf[NB]des Bundesrates betrifft den Bundesbeitrag, den die Mehrheit Ihrer Kommission bei 20,2 Prozent belassen will. </p>\n<p>Warum wurde dieses Modell gew\u00e4hlt? Zuerst zur Wahl der Mehrwertsteuer als Finanzierungsquelle und zur Befristung: Die Mehrwertsteuererh\u00f6hung ist das Resultat eines Kompromisses in der Kommission, quasi ein kleinster gemeinsamer Nenner, um eine Finanzierung der 13.[NB]AHV-Rente m\u00f6glichst rasch und vertr\u00e4glich zu erm\u00f6glichen. Der Faktor Zeit spielt dabei ebenfalls eine wichtige Rolle. Ohne eine zus\u00e4tzliche Finanzierung w\u00fcrde n\u00e4mlich, wie erw\u00e4hnt, das Verm\u00f6gen des AHV-Ausgleichsfonds bereits 2027 unter die aktuell im Gesetz vorgesehene Schwelle einer Jahresausgabe fallen. </p>\n<p>Es g\u00e4be durchaus andere Ans\u00e4tze f\u00fcr die Finanzierung der 13.[NB]AHV-Rente, mit denen auf eine Erh\u00f6hung des Mehrwertsteuersatzes zumindest in diesem Umfang und auf die damit einhergehende Belastung der Kaufkraft der Bev\u00f6lkerung verzichtet werden k\u00f6nnte. Wir pr\u00fcften in der Kommission eine Reihe dieser Modelle. Die Verwaltung zeigte uns jedoch auf, dass sich keine der gepr\u00fcften alternativen Finanzierungsmodelle kurzfristig umsetzen liesse. Zudem wies die Verwaltung darauf hin, dass der Bundesrat bis zum ersten Halbjahr 2026 sowieso eine umfassende Auslegeordnung aller Steuerarten verabschieden will. Deshalb war ein Teil der Kommission der Ansicht, die Finanzierung sollte nur befristet erfolgen. Das w\u00fcrde es erm\u00f6glichen, die alternativen Finanzierungsmodelle in einer Gesamtschau im Rahmen der AHV-Reform 2030 ausf\u00fchrlich zu pr\u00fcfen und zu beraten.</p>\n<p>Ein weiterer Grund f\u00fcr die Befristung der Mehrwertsteuererh\u00f6hung ist, dass damit die weitere Entwicklung der Finanzperspektiven der AHV abgewartet werden kann. Das BSV ver\u00f6ffentlichte im letzten Monat seine aktualisierten Finanzperspektiven. Gem\u00e4ss diesen f\u00e4llt das k\u00fcnftige Umlagedefizit der AHV geringer aus als bisher erwartet. Die Zahlen repr\u00e4sentieren ein Referenzszenario. Dieses basiert auf Annahmen, unter anderem zu den weiteren Entwicklungen der Zuwanderung, des Wirtschaftswachstums und der L\u00f6hne sowie der Lebenserwartung. Aufgrund der aktuell betr\u00e4chtlichen Unsicherheit bez\u00fcglich der Entwicklung all dieser Indikatoren hielt die Mehrheit der Kommission es f\u00fcr angebracht, die Mehrwertsteuererh\u00f6hung zu befristen. </p>\n<p>Wie Sie bereits geh\u00f6rt haben, gibt es mehrere Minderheitsantr\u00e4ge, die ein anderes Finanzierungskonzept vorschlagen. Die Minderheiten I (Rechsteiner Thomas) und II (Marti Samira) orientieren sich am Modell des St\u00e4nderates. Die Minderheit I senkt im Vergleich zu diesem die Lohnbeitr\u00e4ge und den Mehrwertsteuersatz, die Minderheit II nur den Mehrwertsteuersatz. Beide sehen neu eine zeitliche Beschr\u00e4nkung f\u00fcr die eventuelle zweite Erh\u00f6hung des Mehrwertsteuersatzes vor, und zwar f\u00fcr den Fall, dass der AHV-Ehepaarplafond erh\u00f6ht oder abgeschafft wird. Die Minderheit III (Porchet) \u00fcbernimmt das Modell des St\u00e4nderates. Die Minderheit IV (Silberschmidt) definiert den Zielwert des AHV-Fonds neu bei 90 Prozent einer Jahresausgabe, wobei jedes Mal, wenn der AHV-Fonds unter diesen Zielwert f\u00e4llt, der Mehrwertsteuersatz um 0,5 Prozentpunkte und das Referenzalter der AHV um sechs Monate angehoben werden sollen. </p>\n<p>Nun zum Bundesanteil: Ihre Kommission entschied, \u00fcber diesen Punkt unabh\u00e4ngig von den Konzeptantr\u00e4gen zur Finanzierung zu entscheiden. Durch die 13.[NB]AHV-Rente steigen die Ausgaben der AHV stark an. Damit wird auch der Bundesbeitrag real deutlich steigen. Der Bundesrat schlug deshalb die Senkung des Bundesbeitrages von 20,2 auf 19,5 Prozent vor, um die Zusatzbelastung des Bundeshaushalts, die sich aufgrund der 13.[NB]AHV-Rente ergibt, abzufedern. Eine Mehrheit Ihrer Kommission war aber der Meinung, dass der Bundesbeitrag nicht gesenkt werden sollte. Sie war der Ansicht, der Bund solle seinen Anteil an der Finanzierung der 13.[NB]AHV-Rente leisten. Die Sanierung des Bundeshaushaltes solle nicht auf Kosten der AHV bzw. der Bev\u00f6lkerung geschehen. Eine Minderheit Silberschmidt beantragt Ihnen, dem Bundesrat in diesem Punkt zu folgen und den Bundesbeitrag zu senken. Sie betrachtet eine Senkung des Bundesbeitrages angesichts der angespannten Lage des Bundeshaushaltes als vertretbar. </p>\n<p>Schliesslich beschloss die Kommissionsmehrheit, das Inkrafttreten der Vorlage 2 mit der Erh\u00f6hung der Mehrwertsteuer in der Vorlage 3 zu verkn\u00fcpfen. In der Version der Kommissionsmehrheit ist zwar der Entwurf 2 inhaltsleer. Falls aber in der Detailberatung wieder Elemente eingef\u00fcgt w\u00fcrden, war die Mehrheit der Kommission der Ansicht, dass die Bev\u00f6lkerung nicht nur \u00fcber einzelne Elemente, sondern \u00fcber die Finanzierungsvorlage als Ganzes abstimmen soll. Eine Minderheit Rechsteiner Thomas beantragt Ihnen, diese Verkn\u00fcpfung zu streichen. </p>\n<p>Die finanziellen Auswirkungen der Antr\u00e4ge hat Ihnen mein Kollege Roduit vorhin bereits auf Franz\u00f6sisch erkl\u00e4rt. Daher verzichte ich darauf. Nur noch ein paar letzte Worte zur Mehrheitsvariante: Mit der von der Kommission vorgesehenen Mehrwertsteuererh\u00f6hung pendelt sich der AHV-Fonds bis 2030 bei rund 150 Prozent einer Jahresausgabe ein. Die Massnahmen der Kommission verm\u00f6gen[NB]... </p>\n</pd_text>","MeetingCouncilAbbreviation":"N","MeetingDate":"20250910","MeetingVerbalixOid":4056,"IdSession":"5210","SpeakerFirstName":"Patrick","SpeakerLastName":"H\u00e4ssig","SpeakerFullName":"H\u00e4ssig Patrick","SpeakerFunction":"Mit-M","CouncilId":1,"CouncilName":"Conseil national","CantonId":1,"CantonName":"Zurich","CantonAbbreviation":"ZH","ParlGroupName":"Groupe vert'lib\u00e9ral","ParlGroupAbbreviation":"GL","SortOrder":51,"Start":"\/Date(1757526939771)\/","End":"\/Date(1757527310863)\/","Function":"*","DisplaySpeaker":true,"LanguageOfText":"DE","Modified":"\/Date(1781865879903)\/","StartTimeWithTimezone":"\/Date(1757526939770+0120)\/","EndTimeWithTimezone":"\/Date(1757527310863+0120)\/","VoteBusinessNumber":null,"VoteBusinessShortNumber":null,"VoteBusinessTitle":null},{"__metadata":{"id":"https://ws.parlament.ch/OData.svc/Transcript(ID=361293L,Language='FR')","uri":"https://ws.parlament.ch/OData.svc/Transcript(ID=361293L,Language='FR')","type":"itsystems.Pd.DataServices.DataModel.Transcript"},"Subjects":{"__deferred":{"uri":"https://ws.parlament.ch/OData.svc/Transcript(ID=361293L,Language='FR')/Subjects"}},"MembersCouncil":{"__deferred":{"uri":"https://ws.parlament.ch/OData.svc/Transcript(ID=361293L,Language='FR')/MembersCouncil"}},"Businesses":{"__deferred":{"uri":"https://ws.parlament.ch/OData.svc/Transcript(ID=361293L,Language='FR')/Businesses"}},"ID":"361293","Language":"FR","IdSubject":"68828","VoteId":null,"PersonNumber":4282,"Type":1,"Text":"<pd_text><p>Die Mitte-Fraktion. Die Mitte. EVP hat bereits vor der Abstimmung zur 13.[NB]AHV-Rente das Thema Finanzierung auf vielen Podien angesprochen und bei den Initianten um Antworten nachgefragt. Nun liegen einige Antworten vor, davon auch eine, die wir konsequent und geschlossen unterst\u00fctzen.</p>\n<p>Die Mitte-Fraktion. Die Mitte. EVP setzt sich f\u00fcr eine m\u00f6glichst ausgewogene Finanzierung der 13.[NB]AHV-Rente ein, die die Kaufkraft des Mittelstandes sch\u00fctzt und die langfristige Finanzierung der AHV sicherstellt. Dazu geh\u00f6rt insbesondere eine moderate Erh\u00f6hung der Mehrwertsteuers\u00e4tze. Wir unterst\u00fctzen, dass die S\u00e4tze, sofern notwendig, leicht und etappiert angehoben werden. Das wirkt sich ebenfalls moderat auf den Konsum von G\u00fctern des t\u00e4glichen Bedarfs aus. Wir lehnen ausserdem jede K\u00fcrzung des Bundesbeitrags an die AHV klar ab. Wir sind \u00fcberzeugt, dass eine ausgewogene Finanzierung, die von allen Beteiligten gemeinsam getragen wird, essenziell ist, um die langfristige Stabilit\u00e4t der AHV zu gew\u00e4hrleisten. Dazu geh\u00f6ren auch die AHV-Lohnbeitr\u00e4ge, damit wir dem Grundprinzip - eine Versicherungspr\u00e4mie generiert eine Versicherungsleistung - auch Rechnung tragen.</p>\n<p>Wir wollen eine pragmatische und verantwortungsbewusste L\u00f6sung, ohne die Stabilit\u00e4t der AHV oder die Kaufkraft der Haushalte massiv zu gef\u00e4hrden. Entsprechend k\u00f6nnen wir nur Konzepte unterst\u00fctzen, welche die Mischfinanzierung von AHV-Lohnbeitr\u00e4gen auch in Kombination mit der Senkung der AHV-Beitr\u00e4ge und die Mehrwertsteuererh\u00f6hung beinhalten. Das trifft zu auf die Minderheiten I (Rechsteiner Thomas), II (Marti Samira) und III (Porchet). Wir werden konsequent meine Minderheit I unterst\u00fctzen, da diese tragbar, ausgewogen und vorausschauend ist.</p>\n<p>Die Version der Mehrheit der Kommission erf\u00fcllt unseren Anspruch an die Finanzierung der 13.[NB]AHV-Rente nicht, wir lehnen diese ab. Eine befristete Mehrwertsteuererh\u00f6hung bis 2030 im Umfang von 0,7 Prozent schafft mehr Probleme als L\u00f6sungen. Mit dieser Befristung Druck auf den Bundesrat aufzusetzen, damit er bis dann eine Gesamtschau oder Gesamtfinanzierung pr\u00e4sentiert, grenzt meines Erachtens an Tr\u00e4umerei. Denn in der Zwischenzeit sinkt erstens der AHV-Fonds aufgrund der Auszahlungen unter 100 Prozent, und zweitens m\u00fcssen wir in Kenntnis der Fristen f\u00fcr umfassende Projekte schlicht und einfach eingestehen, dass es bis 2030 keinen Gesetzentwurf zur AHV geben wird, der dann auch in Kraft sein wird. [PAGE 1424] </p>\n<p>Auch den Antrag der Minderheit IV (Silberschmidt) werden wir ablehnen. Die Verkn\u00fcpfung von zwei Massnahmen, der Mehrwertsteuererh\u00f6hung und des Rentenalters, bei Unterschreitung des AHV-Fondsbestands unter 90 Prozent zeugt von der Hoffnung, dass der AHV-Fonds nicht sinkt, was wir gar nicht so sehen. Zus\u00e4tzlich wird das f\u00fcr die Altersplanung der Versicherten der ersten S\u00e4ule Unsicherheiten bringen. Die Idee, l\u00e4nger zu arbeiten, damit l\u00e4nger Beitr\u00e4ge zu leisten und sp\u00e4ter Altersrenten zu erhalten, ist spannend. Wir wollen das jedoch losgel\u00f6st von dieser Vorlage bei den h\u00e4ngigen Vorst\u00f6ssen zur Lebensarbeitszeit debattieren.</p>\n<p>Bei Artikel 103 im Entwurf 2 geht es um den Bundesbeitrag; da unterst\u00fctzen wir den Antrag der Mehrheit, die keine Senkung will. Den aktuellen Betrag erachten wir als tragbar. Bei Ziffer II Artikel 1bis, ebenfalls im Entwurf 2, geht es um die Kopplung des Inkrafttretens des Gesetzes mit der Mehrwertsteuererh\u00f6hung. Hier unterst\u00fctzen wir mehrheitlich den Antrag der Minderheit auf Streichung.</p>\n<p>Die Mitte-Fraktion. Die Mitte. EVP \u00fcbernimmt mit der Unterst\u00fctzung der Minderheit I Verantwortung f\u00fcr die Finanzierung. Sollte das bereinigte Konzept der Mehrheit der SGK-N am Ende dem Konzept der Minderheit IV (Silberschmidt) gegen\u00fcberstehen, werden wir uns in der Gesamtabstimmung so verhalten, dass dieses Gesch\u00e4ft weiterhin in der politischen Debatte bleibt. Ein Nichteintreten durch Ablehnung in der Gesamtabstimmung schadet; das schadet der AHV, dem politischen Prozess, und das vertagt die Finanzierungsfrage. Das k\u00f6nnte die Mitte-Fraktion. Die Mitte. EVP nicht verantworten. </p>\n<p>Ich bitte Sie um Ihre Unterst\u00fctzung und danke.</p>\n</pd_text>","MeetingCouncilAbbreviation":"N","MeetingDate":"20250910","MeetingVerbalixOid":4056,"IdSession":"5210","SpeakerFirstName":"Thomas","SpeakerLastName":"Rechsteiner","SpeakerFullName":"Rechsteiner Thomas","SpeakerFunction":"Mit-M","CouncilId":1,"CouncilName":"Conseil national","CantonId":16,"CantonName":"Appenzell Rh.-Int.","CantonAbbreviation":"AI","ParlGroupName":"Le Groupe du Centre. Le Centre. PEV.","ParlGroupAbbreviation":"M-E","SortOrder":40,"Start":"\/Date(1757525148871)\/","End":"\/Date(1757525410325)\/","Function":"Mit-M","DisplaySpeaker":true,"LanguageOfText":"DE","Modified":"\/Date(1781865879862)\/","StartTimeWithTimezone":"\/Date(1757525148870+0120)\/","EndTimeWithTimezone":"\/Date(1757525410327+0120)\/","VoteBusinessNumber":null,"VoteBusinessShortNumber":null,"VoteBusinessTitle":null},{"__metadata":{"id":"https://ws.parlament.ch/OData.svc/Transcript(ID=361295L,Language='FR')","uri":"https://ws.parlament.ch/OData.svc/Transcript(ID=361295L,Language='FR')","type":"itsystems.Pd.DataServices.DataModel.Transcript"},"Subjects":{"__deferred":{"uri":"https://ws.parlament.ch/OData.svc/Transcript(ID=361295L,Language='FR')/Subjects"}},"MembersCouncil":{"__deferred":{"uri":"https://ws.parlament.ch/OData.svc/Transcript(ID=361295L,Language='FR')/MembersCouncil"}},"Businesses":{"__deferred":{"uri":"https://ws.parlament.ch/OData.svc/Transcript(ID=361295L,Language='FR')/Businesses"}},"ID":"361295","Language":"FR","IdSubject":"68828","VoteId":null,"PersonNumber":4216,"Type":1,"Text":"<pd_text><p>Ich habe es schon erw\u00e4hnt: Die SVP anerkennt den Volksentscheid und will auch, dass die 13.[NB]AHV-Rente ausbezahlt wird. Sie will aber eine nachhaltige Reform, damit auch die jungen Menschen - wie diejenigen unter den Zuschauerinnen und Zuschauern heute auf der Trib\u00fcne; ich sehe, es hat sehr viele junge Menschen hier im Raum - in Zukunft noch eine AHV-Rente haben. Daher ist es wichtig, dass wir hier nachhaltig vorgehen. </p>\n<p>Wir haben es auch geh\u00f6rt, eigentlich stand die Behauptung im Raum, dass die 13.[NB]AHV-Rente gut bezahlt werden k\u00f6nne, dass man nichts machen m\u00fcsse. Aber das war offensichtlich irref\u00fchrend, sonst w\u00fcrden wir heute nicht \u00fcber h\u00f6here Steuern und Lohnabz\u00fcge diskutieren. Wir haben es auch geh\u00f6rt: H\u00f6here Steuern, h\u00f6here Lohnabz\u00fcge haben zur Folge, dass die Kaufkraft sinkt, was vor allem auch den Mittelstand betrifft, diejenigen, die tagt\u00e4glich hart arbeiten und unseren Wohlstand sichern. Wir s\u00e4gen also am Ast, auf dem wir sitzen; das kann es nicht sein. </p>\n<p>Da unser R\u00fcckweisungsantrag an den Bundesrat keine Mehrheit fand, wird nun die Vorlage im Detail beraten, und wir m\u00f6chten hier den Schaden gr\u00f6sstm\u00f6glich begrenzen. Wir unterst\u00fctzen deshalb in erster Linie die starke Minderheit IV (Silberschmidt), die Herr Silberschmidt gerade begr\u00fcndet hat, die eine Mehrwertsteuererh\u00f6hung um 0,5 Prozentpunkte vorsieht, wenn der AHV-Ausgleichsfonds unter 90 Prozent einer Jahresausgabe f\u00e4llt. Obwohl wir eigentlich gegen h\u00f6here Steuern sind, unterst\u00fctzen wir das im Sinne eines Entgegenkommens von unserer Seite. Das stellt somit einen Kompromiss vonseiten der SVP-Fraktion dar.</p>\n<p>In zweiter Linie unterst\u00fctzen wir hier die Mehrheit, die eine befristete Erh\u00f6hung der Mehrwertsteuer um 0,7 Prozentpunkte bis 2030 vorsieht. Hier m\u00f6chte ich doch auch noch auf die Medienmitteilung verweisen, wo steht, dass es sich um eine befristete L\u00f6sung handelt. Diesen Grundsatz gilt es dann auch einzuhalten.</p>\n<p>Dass nun aber die Minderheit II (Rechsteiner Thomas) und verschiedene andere Minderheiten, die Sie auf der Fahne sehen, noch zus\u00e4tzlich die Arbeitslosenversicherung zur Finanzierung der 13.[NB]AHV-Rente beiziehen wollen, ist f\u00fcr uns ein klarer Tabubruch und geht so nicht. Die ALV ist kein Reservetopf; ihre Mittel sind zweckgebunden und dienen der Absicherung bei Jobverlust sowie auch der Wiedereingliederung. F\u00fcr mich haben Arbeitslosigkeit und Rente keinen Zusammenhang; ich hoffe, f\u00fcr Sie auch nicht. Man suggeriert, die Sozialversicherungsbeitr\u00e4ge w\u00fcrden kaum oder gar nicht steigen, und greift gleichzeitig einfach auf ein anderes Sozialwerk zu. Dabei ist die Lage der ALV angespannt; die Einnahmen k\u00f6nnten in den n\u00e4chsten f\u00fcnf Jahren um \u00fcber 1 Milliarde Franken sinken. Wir wissen, die wirtschaftlichen Tendenzen sind leider getr\u00fcbt. Ich m\u00f6chte Ihnen hier auch vermitteln, dass die ALV, wenn die Arbeitslosenquote um 1 Prozent steigen w\u00fcrde, j\u00e4hrlich Kosten von rund 2,5 Milliarden Franken stemmen m\u00fcsste. In dieser Lage ist es deshalb nicht nur fahrl\u00e4ssig, sondern sogar v\u00f6llig unverantwortlich, die ALV zur Finanzierung anderer Leistungen anzuzapfen. Die Arbeitslosenversicherung ist also kein Spielgeld, sie dient der Absicherung von Menschen in schwierigen Lebenslagen. Dass ausgerechnet die Mitte-Fraktion hier bereit ist, diesen Weg mitzugehen, ist f\u00fcr mich nicht nachvollziehbar. Eine verantwortungsvolle Finanzpolitik sieht f\u00fcr mich anders aus. </p>\n<p>Die SVP-Fraktion lehnt auch alle Erh\u00f6hungen der Lohnbeitr\u00e4ge ab, da diese die Arbeitskosten weiter erh\u00f6hen und die KMU stark belasten w\u00fcrden. Viele Betriebe arbeiten mit hohen Lohnanteilen und haben knappe Margen. Jede zus\u00e4tzliche Belastung gef\u00e4hrdet Investitionen, Lehrstellen und Innovationen. Das schw\u00e4cht die Wettbewerbsf\u00e4higkeit und gef\u00e4hrdet Arbeitspl\u00e4tze. </p>\n<p>Zudem lehnen wir auch das Konzept der Finanzierung auf Vorrat ab, das eine Verkn\u00fcpfung mit der Mitte-Initiative und damit eine weitere Erh\u00f6hung der Mehrwertsteuer zu deren Finanzierung vorsieht. </p>\n<p>Bei der Senkung des Bundesbeitrags bei Artikel 103 gehen wir mit der Mehrheit, die keine K\u00fcrzung des Bundesbeitrags will, ihn also bei 20,2 Prozent belassen will. </p>\n<p>In Entwurf 2 Ziffer II Absatz 1bis schliessen wir uns auch der Mehrheit an. Sollte das Finanzierungskonzept aus Lohnabz\u00fcgen und Mehrwertsteuereinnahmen bestehen, m\u00fcssen die entsprechenden Bundesbeschl\u00fcsse verkn\u00fcpft werden. Damit wird verhindert, dass die Finanzierung ersatzweise \u00fcber Lohnbeitr\u00e4ge erfolgt. Bei einer Ablehnung der Mehrwertsteuererh\u00f6hung k\u00f6nnte die Erh\u00f6hung der Lohnabz\u00fcge somit nicht greifen. </p>\n<p>Zum Schluss: Es ist h\u00f6chste Zeit, dass die Bev\u00f6lkerung erkennt, wie leichtfertig gewisse Kreise mit dem Geld der arbeitenden Menschen umgehen. Wer neue Leistungen verspricht, muss auch ehrlich sagen, wer sie bezahlt, n\u00e4mlich die Steuer- und Beitragszahler und nicht wir Politikerinnen und Politiker.</p>\n</pd_text>","MeetingCouncilAbbreviation":"N","MeetingDate":"20250910","MeetingVerbalixOid":4056,"IdSession":"5210","SpeakerFirstName":"Diana","SpeakerLastName":"Gutjahr","SpeakerFullName":"Gutjahr Diana","SpeakerFunction":"Mit-F","CouncilId":1,"CouncilName":"Conseil national","CantonId":20,"CantonName":"Thurgovie","CantonAbbreviation":"TG","ParlGroupName":"Groupe de l'Union d\u00e9mocratique du Centre","ParlGroupAbbreviation":"V","SortOrder":36,"Start":"\/Date(1757524409943)\/","End":"\/Date(1757524705824)\/","Function":"Mit-F","DisplaySpeaker":true,"LanguageOfText":"DE","Modified":"\/Date(1781865879854)\/","StartTimeWithTimezone":"\/Date(1757524409943+0120)\/","EndTimeWithTimezone":"\/Date(1757524705823+0120)\/","VoteBusinessNumber":null,"VoteBusinessShortNumber":null,"VoteBusinessTitle":null},{"__metadata":{"id":"https://ws.parlament.ch/OData.svc/Transcript(ID=361296L,Language='FR')","uri":"https://ws.parlament.ch/OData.svc/Transcript(ID=361296L,Language='FR')","type":"itsystems.Pd.DataServices.DataModel.Transcript"},"Subjects":{"__deferred":{"uri":"https://ws.parlament.ch/OData.svc/Transcript(ID=361296L,Language='FR')/Subjects"}},"MembersCouncil":{"__deferred":{"uri":"https://ws.parlament.ch/OData.svc/Transcript(ID=361296L,Language='FR')/MembersCouncil"}},"Businesses":{"__deferred":{"uri":"https://ws.parlament.ch/OData.svc/Transcript(ID=361296L,Language='FR')/Businesses"}},"ID":"361296","Language":"FR","IdSubject":"68828","VoteId":null,"PersonNumber":4121,"Type":1,"Text":"<pd_text><p>Wir sind nun bei der Detailberatung dieser verschiedenen Finanzierungskonzepte. Grunds\u00e4tzlich hat der St\u00e4nderat gute Arbeit geleistet und uns eine vorausschauende Finanzierung aufgezeigt, die auf eine gemischte L\u00f6sung mit Lohnbeitr\u00e4gen und Mehrwertsteuer setzt. Sie ist vorausschauend, weil der St\u00e4nderat bereits vorweggenommen hat, dass eine allf\u00e4llige Erh\u00f6hung des Plafonds f\u00fcr Ehepaare finanziert werden muss. Das macht Sinn, denn die Diskussion, sowohl in der Kommission als dann auch im Rat - das Gesch\u00e4ft ist in der dritten Sessionswoche traktandiert -, zeigt, dass es einen anderen Vorschlag zum Ehepaarplafond geben wird. Ich bin schon sehr \u00fcberrascht, dass das von den Kreisen, die zur Mehrheit f\u00fcr diesen neuen Vorschlag, der jetzt von der Kommission pr\u00e4sentiert wird, beigetragen haben, total in Abrede gestellt wird. Es wird gesagt, es sei unseri\u00f6s, jetzt schon \u00fcber die Finanzierung dessen, was sie ja auch mitunterst\u00fctzt haben, zu reden. </p>\n<p>Es macht aber Sinn, dass diese L\u00f6sung des St\u00e4nderates detaillierter angeschaut worden ist, weil sich die Finanzperspektiven ver\u00e4ndert haben. Sie sind besser geworden. Darum haben wir intensiv dar\u00fcber diskutiert, damit diese St\u00e4nderatsvariante angepasst werden kann. </p>\n<p>F\u00fcr die SP, das ist klar, w\u00e4re eine Zusatzfinanzierung rein \u00fcber Lohnbeitr\u00e4ge die ideale und sozialste L\u00f6sung. Im Sinne eines Kompromisses sehen wir aber auch eine moderate Mehrwertsteuererh\u00f6hung durchaus als M\u00f6glichkeit. Lohnbeitr\u00e4ge haben die gr\u00f6sste Umverteilungswirkung, das wissen wir. Bei der AHV ist es ja so, dass 92 Prozent mehr Rente bekommen, als sie je einbezahlt haben. Das ist eben relevant. Es geht hier um moderate Erh\u00f6hungen, auch im Vergleich zu den anderen Finanzierungsvarianten. Es wird jetzt von wahnsinnig hohen Zahlen gesprochen, aber am Ende des Tages sind es sehr kleine Prozents\u00e4tze hinter dem Komma und wirklich sehr geringe Betr\u00e4ge. F\u00fcr eine soziale Aufgabe ist das eben eine soziale Finanzierung. </p>\n<p>Wir unterst\u00fctzen darum in erster Linie die Minderheit II (Marti Samira), die den finanziellen Mehrbedarf f\u00fcr die 13.[NB]AHV-Rente prim\u00e4r mit Lohnbeitr\u00e4gen finanzieren will. Das ist eine moderate L\u00f6sung. Es ist nicht so, dass wir uns einfach bei der Arbeitslosenkasse bedienen wollen. Der Ausgleichsfonds der Arbeitslosenversicherung hat einen Automatismus. Wenn er eine gewisse H\u00f6he erreicht, werden die Beitr\u00e4ge automatisch gesenkt. Diese Beitragssenkung kann dann in die AHV-Finanzierung umgelenkt werden. Unter dem Strich bedeutet das bei der Minderheit Marti Samira 0,1 Lohnprozente mehr f\u00fcr Arbeitnehmende und f\u00fcr Arbeitgebende. Das ist nicht das Ende der Schweizer Wirtschaft. Wir haben hier Spielraum. </p>\n<p>F\u00fcr uns ist die urspr\u00fcngliche L\u00f6sung des St\u00e4nderates die zweitbeste Variante, aber der Finanzbedarf besteht nicht in diesem Masse, das ist eben in den Finanzperspektiven aufgezeigt worden. Die Minderheit I (Rechsteiner Thomas) m\u00f6chte den Spielraum, der sich durch die neuen Finanzperspektiven ergibt, prim\u00e4r bei den Lohnbeitr\u00e4gen nutzen. Wir sehen das etwas anders, w\u00fcrden das aber auch unterst\u00fctzen, wenn unsere Minderheit nicht zur Mehrheit wird. </p>\n<p>Eine absolut fahrl\u00e4ssige L\u00f6sung ist jene der Kommissionsmehrheit. Sie ist sehr knapp zustande gekommen. Sie sprechen hier von nachhaltiger Finanzierung; aber was Sie vorschlagen, eine befristete Mehrwertsteuererh\u00f6hung f\u00fcr drei Jahre, ist wirklich Unsinn. Sie be\u00fcben die ganze Wirtschaft, das ganze System mit einer Mehrwertsteuererh\u00f6hung, die drei Jahre sp\u00e4ter wieder r\u00fcckg\u00e4ngig gemacht wird. Diese Finanzierung ist alles andere als nachhaltig. Die Leistung der 13.[NB]AHV-Rente ist dauerhaft, und Sie finanzieren f\u00fcr drei Jahre. Danach werden Sie sagen, es brauche strukturelle Massnahmen, und eine Erh\u00f6hung des Rentenalters wollen. </p>\n<p>Es \u00fcberrascht, dass die SVP da hinsteht, obwohl ihre Basis das auch nicht wollte. Die Renten-Initiative der Jungfreisinnigen wurde massiv abgelehnt. Jetzt schlagen Sie eine L\u00f6sung vor, die eine Erh\u00f6hung des Rentenalters bringen wird. Das ist nicht eine Politik, die Ihrer W\u00e4hlerbasis entspricht. </p>\n<p>Ein absolutes No-Go ist f\u00fcr uns nat\u00fcrlich der Minderheitsantrag Silberschmidt. Auch dieser impliziert Rentenaltererh\u00f6hungen f\u00fcr alle. Das trifft nat\u00fcrlich dann die, die t\u00e4glich harte Arbeit leisten, sei es k\u00f6rperlich oder auch psychisch. Diesen Menschen wollen wir die Arbeit wirklich nicht noch verl\u00e4ngern. Wir wissen auch, dass das die Menschen sind, die keine hohe Lebenserwartung haben. </p>\n<p>Zu guter Letzt: Wer den Bundesbeitrag senken will, wie es Herr Silberschmidt tut, nimmt der AHV ebenfalls Geld weg. Das ist nicht ganz ehrlich. </p>\n<p>Stimmen Sie darum in erster Linie f\u00fcr die Minderheit II (Marti Samira). </p>\n</pd_text>","MeetingCouncilAbbreviation":"N","MeetingDate":"20250910","MeetingVerbalixOid":4056,"IdSession":"5210","SpeakerFirstName":"Barbara","SpeakerLastName":"Gysi","SpeakerFullName":"Gysi Barbara","SpeakerFunction":"Mit-F","CouncilId":1,"CouncilName":"Conseil national","CantonId":17,"CantonName":"St-Gall","CantonAbbreviation":"SG","ParlGroupName":"Groupe socialiste","ParlGroupAbbreviation":"S","SortOrder":39,"Start":"\/Date(1757524811472)\/","End":"\/Date(1757525140062)\/","Function":"Mit-F","DisplaySpeaker":true,"LanguageOfText":"DE","Modified":"\/Date(1781865879860)\/","StartTimeWithTimezone":"\/Date(1757524811473+0120)\/","EndTimeWithTimezone":"\/Date(1757525140063+0120)\/","VoteBusinessNumber":null,"VoteBusinessShortNumber":null,"VoteBusinessTitle":null},{"__metadata":{"id":"https://ws.parlament.ch/OData.svc/Transcript(ID=361297L,Language='FR')","uri":"https://ws.parlament.ch/OData.svc/Transcript(ID=361297L,Language='FR')","type":"itsystems.Pd.DataServices.DataModel.Transcript"},"Subjects":{"__deferred":{"uri":"https://ws.parlament.ch/OData.svc/Transcript(ID=361297L,Language='FR')/Subjects"}},"MembersCouncil":{"__deferred":{"uri":"https://ws.parlament.ch/OData.svc/Transcript(ID=361297L,Language='FR')/MembersCouncil"}},"Businesses":{"__deferred":{"uri":"https://ws.parlament.ch/OData.svc/Transcript(ID=361297L,Language='FR')/Businesses"}},"ID":"361297","Language":"FR","IdSubject":"68828","VoteId":null,"PersonNumber":11507,"Type":1,"Text":"<pd_text><p>Ich vertrete hier die Kommission, ich vertrete hier den mit 13 zu 12 Stimmen gef\u00e4llten Entscheid Ihrer SGK. Da steht es mir nicht an, hier etwas zu sagen, was mich pers\u00f6nlich oder meine Fraktion betrifft. Aber danke f\u00fcr die Frage.</p>\n<p>[VS]</p>\n</pd_text>","MeetingCouncilAbbreviation":"N","MeetingDate":"20250910","MeetingVerbalixOid":4056,"IdSession":"5210","SpeakerFirstName":"Patrick","SpeakerLastName":"H\u00e4ssig","SpeakerFullName":"H\u00e4ssig Patrick","SpeakerFunction":"Mit-M","CouncilId":1,"CouncilName":"Conseil national","CantonId":1,"CantonName":"Zurich","CantonAbbreviation":"ZH","ParlGroupName":"Groupe vert'lib\u00e9ral","ParlGroupAbbreviation":"GL","SortOrder":55,"Start":"\/Date(1757527398723)\/","End":"\/Date(1757527424955)\/","Function":"*","DisplaySpeaker":true,"LanguageOfText":"DE","Modified":"\/Date(1781865879910)\/","StartTimeWithTimezone":"\/Date(1757527398723+0120)\/","EndTimeWithTimezone":"\/Date(1757527424957+0120)\/","VoteBusinessNumber":null,"VoteBusinessShortNumber":null,"VoteBusinessTitle":null},{"__metadata":{"id":"https://ws.parlament.ch/OData.svc/Transcript(ID=361298L,Language='FR')","uri":"https://ws.parlament.ch/OData.svc/Transcript(ID=361298L,Language='FR')","type":"itsystems.Pd.DataServices.DataModel.Transcript"},"Subjects":{"__deferred":{"uri":"https://ws.parlament.ch/OData.svc/Transcript(ID=361298L,Language='FR')/Subjects"}},"MembersCouncil":{"__deferred":{"uri":"https://ws.parlament.ch/OData.svc/Transcript(ID=361298L,Language='FR')/MembersCouncil"}},"Businesses":{"__deferred":{"uri":"https://ws.parlament.ch/OData.svc/Transcript(ID=361298L,Language='FR')/Businesses"}},"ID":"361298","Language":"FR","IdSubject":"68828","VoteId":null,"PersonNumber":11507,"Type":1,"Text":"<pd_text><p>Es sind auch viele Zahlen. Ich habe noch zwei S\u00e4tze, spreche schnell und gebe mir M\u00fche. </p>\n<p>Also: Die Massnahmen der Kommission verm\u00f6gen die finanzielle Lage der AHV f\u00fcr die Dauer der befristeten Mehrwertsteuererh\u00f6hung zu stabilisieren und zu verhindern, dass der AHV-Fonds unter die gesetzlich vorgeschriebene Gr\u00f6sse von einer Jahresausgabe f\u00e4llt.</p>\n<p>Jetzt kommt der letzte Satz: Im Namen der Kommission bitte ich Sie, dem Konzept der Mehrheit zuzustimmen und bei den weiteren Entscheiden ebenfalls der Kommissionsmehrheit zu folgen.</p>\n</pd_text>","MeetingCouncilAbbreviation":"N","MeetingDate":"20250910","MeetingVerbalixOid":4056,"IdSession":"5210","SpeakerFirstName":"Patrick","SpeakerLastName":"H\u00e4ssig","SpeakerFullName":"H\u00e4ssig Patrick","SpeakerFunction":"Mit-M","CouncilId":1,"CouncilName":"Conseil national","CantonId":1,"CantonName":"Zurich","CantonAbbreviation":"ZH","ParlGroupName":"Groupe vert'lib\u00e9ral","ParlGroupAbbreviation":"GL","SortOrder":53,"Start":"\/Date(1757527328142)\/","End":"\/Date(1757527362042)\/","Function":"*","DisplaySpeaker":true,"LanguageOfText":"DE","Modified":"\/Date(1781865879907)\/","StartTimeWithTimezone":"\/Date(1757527328143+0120)\/","EndTimeWithTimezone":"\/Date(1757527362043+0120)\/","VoteBusinessNumber":null,"VoteBusinessShortNumber":null,"VoteBusinessTitle":null},{"__metadata":{"id":"https://ws.parlament.ch/OData.svc/Transcript(ID=361300L,Language='FR')","uri":"https://ws.parlament.ch/OData.svc/Transcript(ID=361300L,Language='FR')","type":"itsystems.Pd.DataServices.DataModel.Transcript"},"Subjects":{"__deferred":{"uri":"https://ws.parlament.ch/OData.svc/Transcript(ID=361300L,Language='FR')/Subjects"}},"MembersCouncil":{"__deferred":{"uri":"https://ws.parlament.ch/OData.svc/Transcript(ID=361300L,Language='FR')/MembersCouncil"}},"Businesses":{"__deferred":{"uri":"https://ws.parlament.ch/OData.svc/Transcript(ID=361300L,Language='FR')/Businesses"}},"ID":"361300","Language":"FR","IdSubject":"68828","VoteId":null,"PersonNumber":4313,"Type":1,"Text":"<pd_text><p><b>2.</b>[NB]<b>Bundesgesetz \u00fcber die Alters- und Hinterlassenenversicherung (Finanzierung der 13.[NB]Altersrente)</b>[GZ]</p>\n<p><b>2.</b>[NB]<b>Loi f\u00e9d\u00e9rale sur l'assurance-vieillesse et survivants (Financement de la 13e rente de vieillesse)</b>[GZ]</p>\n<p>[VS][GZ]</p>\n<p><i>Detailberatung - Discussion par article </i>[GZ]</p>\n<p>[VS][GZ]</p>\n<p><b>Titel </b>[GZ]</p>\n<p><i>Antrag der Mehrheit </i>[GZ]</p>\n<p>Zustimmung zum Entwurf des Bundesrates</p>\n<p>[VS]</p>\n<p><i>Antrag der Minderheit I </i>[GZ]</p>\n<p>(Rechsteiner Thomas, Crottaz, Gysi Barbara, Hess Lorenz, Lohr, Marti Samira, Meyer Mattea, Piller Carrard, Porchet, Weichelt, Wyss)[GZ]</p>\n<p>Zustimmung zum Beschluss des St\u00e4nderates [PAGE 1428] </p>\n<p>[VS]</p>\n<p><i>Antrag der Minderheit II </i>[GZ]</p>\n<p>(Marti Samira, Crottaz, Gysi Barbara, Meyer Mattea, Piller Carrard, Porchet, Weichelt, Wyss)[GZ]</p>\n<p>Zustimmung zum Beschluss des St\u00e4nderates</p>\n<p>[VS]</p>\n<p><i>Antrag der Minderheit III </i>[GZ]</p>\n<p>(Porchet, Crottaz, Gysi Barbara, Marti Samira, Meyer Mattea, Piller Carrard, Porchet, Weichelt, Wyss)[GZ]</p>\n<p>Zustimmung zum Beschluss des St\u00e4nderates</p>\n<p>[VS]</p>\n<p><i>Antrag der Minderheit IV </i>[GZ]</p>\n<p>(Silberschmidt, Aellen, Aeschi, Amaudruz, de Courten, Glarner, Graber, Gutjahr, Sauter, Thalmann-Bieri, Vietze, Wyssmann)[GZ]</p>\n<p>Zustimmung zum Beschluss des St\u00e4nderates</p>\n<p>[VS]</p>\n<p><b>Titre </b>[GZ]</p>\n<p><i>Proposition de la majorit\u00e9 </i>[GZ]</p>\n<p>Adh\u00e9rer au projet du Conseil f\u00e9d\u00e9ral</p>\n<p>[VS]</p>\n<p><i>Proposition de la minorit\u00e9 I </i>[GZ]</p>\n<p>(Rechsteiner Thomas, Crottaz, Gysi Barbara, Hess Lorenz, Lohr, Marti Samira, Meyer Mattea, Piller Carrard, Porchet, Weichelt, Wyss)[GZ]</p>\n<p>Adh\u00e9rer \u00e0 la d\u00e9cision du Conseil des \u00c9tats</p>\n<p>[VS]</p>\n<p><i>Proposition de la minorit\u00e9 II </i>[GZ]</p>\n<p>(Marti Samira, Crottaz, Gysi Barbara, Meyer Mattea, Piller Carrard, Porchet, Weichelt, Wyss)[GZ]</p>\n<p>Adh\u00e9rer \u00e0 la d\u00e9cision du Conseil des \u00c9tats</p>\n<p>[VS]</p>\n<p><i>Proposition de la minorit\u00e9 III </i>[GZ]</p>\n<p>(Porchet, Crottaz, Gysi Barbara, Marti Samira, Meyer Mattea, Piller Carrard, Porchet, Weichelt, Wyss)[GZ]</p>\n<p>Adh\u00e9rer \u00e0 la d\u00e9cision du Conseil des \u00c9tats</p>\n<p>[VS]</p>\n<p><i>Proposition de la minorit\u00e9 IV </i>[GZ]</p>\n<p>(Silberschmidt, Aellen, Aeschi, Amaudruz, de Courten, Glarner, Graber, Gutjahr, Sauter, Thalmann-Bieri, Vietze, Wyssmann)[GZ]</p>\n<p>Adh\u00e9rer \u00e0 la d\u00e9cision du Conseil des \u00c9tats</p>\n<p>[VS]</p>\n<p><b>Pr\u00e4sidentin</b> (Riniker Maja, Pr\u00e4sidentin): Es liegen drei Konzepte vor, die wir eventualiter bereinigen, bevor wir sie gegeneinander ausmehren. Die Abstimmungen gelten auch f\u00fcr Artikel 2 Absatz 4, Artikel 5 Absatz 1, Artikel 6 Abs\u00e4tze 1 und 2, Artikel 8 Absatz 1, Artikel 13, Artikel 43quinquies, Artikel 107 Titel und Abs\u00e4tze 3 bis 5, die Schlussbestimmung, Ziffer Ia Artikel 3 Absatz 2, Ziffer II Abs\u00e4tze 2 und 3 von Vorlage 2 sowie Artikel 112d, Artikel 130 Abs\u00e4tze 3quinquies bis 3septies, Artikel 196 Ziffer 14 Absatz 6 und Ziffer II Absatz 3 von Vorlage[NB]3.</p>\n<p>Wir bereinigen zuerst das Konzept der Mehrheit. </p>\n</pd_text>","MeetingCouncilAbbreviation":"N","MeetingDate":"20250910","MeetingVerbalixOid":4056,"IdSession":"5210","SpeakerFirstName":"Maja","SpeakerLastName":"Riniker","SpeakerFullName":"Riniker Maja","SpeakerFunction":"P-F","CouncilId":1,"CouncilName":"Conseil national","CantonId":19,"CantonName":"Argovie","CantonAbbreviation":"AG","ParlGroupName":"Groupe lib\u00e9ral-radical","ParlGroupAbbreviation":"RL","SortOrder":56,"Start":"\/Date(1757527424955)\/","End":"\/Date(1757527591073)\/","Function":"P-F","DisplaySpeaker":false,"LanguageOfText":null,"Modified":"\/Date(1781865879912)\/","StartTimeWithTimezone":"\/Date(1757527424957+0120)\/","EndTimeWithTimezone":"\/Date(1757527591073+0120)\/","VoteBusinessNumber":null,"VoteBusinessShortNumber":null,"VoteBusinessTitle":null},{"__metadata":{"id":"https://ws.parlament.ch/OData.svc/Transcript(ID=361301L,Language='FR')","uri":"https://ws.parlament.ch/OData.svc/Transcript(ID=361301L,Language='FR')","type":"itsystems.Pd.DataServices.DataModel.Transcript"},"Subjects":{"__deferred":{"uri":"https://ws.parlament.ch/OData.svc/Transcript(ID=361301L,Language='FR')/Subjects"}},"MembersCouncil":{"__deferred":{"uri":"https://ws.parlament.ch/OData.svc/Transcript(ID=361301L,Language='FR')/MembersCouncil"}},"Businesses":{"__deferred":{"uri":"https://ws.parlament.ch/OData.svc/Transcript(ID=361301L,Language='FR')/Businesses"}},"ID":"361301","Language":"FR","IdSubject":"68828","VoteId":null,"PersonNumber":4298,"Type":1,"Text":"<pd_text><p>Wir sind vom Volk gew\u00e4hlt. Dieses hat mit deutlichem Mehr entschieden, dass es eine 13.[NB]AHV-Rente will. Dieser Entscheid ist auch mit unserer Bundesverfassung kongruent: \"Die [AHV-]Renten haben den Existenzbedarf angemessen zu decken.\" So steht es in Artikel 112 Absatz 2 Buchstabe b der Bundesverfassung. \"Den Existenzbedarf decken\", heisst es. Heute liegt die AHV-Rente zwischen 1260 und 2520 Franken. Ist das der Existenzbedarf? Aktuell wird die Bundesverfassung sicher nicht eingehalten. Zwar ist das mit der 13.[NB]AHV-Rente auch immer noch nicht der Fall, aber man liegt damit doch schon etwas n\u00e4her am Existenzbedarf.</p>\n<p>Liebe Kolleginnen und Kollegen, einschliesslich Kollege Graber, der gerade nicht im Saal ist: Es geht heute nicht darum, ob Sie pers\u00f6nlich f\u00fcr oder gegen die 13.[NB]AHV-Rente waren. Das Volk erwartet heute bei der Umsetzung des Volkswillens von uns 200 Nationalr\u00e4tinnen und Nationalr\u00e4ten eine staatsm\u00e4nnische bzw. staatsfrauische Haltung. Eine Abstrafung bei der Finanzierung goutiert das Volk nicht. Deshalb h\u00e4lt die Gr\u00fcne Fraktion Wort und unterst\u00fctzt die Finanzierung der 13.[NB]AHV-Rente durch Lohnbeitr\u00e4ge, wie wir das bereits w\u00e4hrend der Abstimmungskampagne immer und immer wieder gesagt haben. Lohnbeitr\u00e4ge - Sie wissen das - sind sozial gerechter als eine Finanzierung \u00fcber Mehrwertsteuerbeitr\u00e4ge. Auch in der Bundesverfassung sind die Lohnbeitr\u00e4ge fester Bestandteil der Finanzierung der AHV-Renten; die Beitr\u00e4ge sind je zur H\u00e4lfte von den Versicherten und den Arbeitgeberinnen und Arbeitgebern zu bezahlen. Auch das ist in Artikel 112 der Bundesverfassung geregelt.</p>\n<p>Weiter sieht die Bundesverfassung f\u00fcr die Finanzierung auch Bundesbeitr\u00e4ge vor. Gem\u00e4ss Bundesverfassung k\u00f6nnen wir bis zu 50 Prozent der AHV-Ausgaben durch Bundesbeitr\u00e4ge decken. Wie viel decken wir denn heute durch Bundesbeitr\u00e4ge? Es sind lediglich 20,2 Prozent, und das ist weit entfernt von dem, was wir gem\u00e4ss Bundesverfassung decken k\u00f6nnten. Jetzt noch K\u00fcrzungen bei den Bundesbeitr\u00e4gen vorzunehmen, lehnt die Gr\u00fcne Fraktion dezidiert ab.</p>\n<p>Warum sollen wir uns, wir hier im Saal und der Bundesrat, wenn wir uns ADS-15-Drohnen f\u00fcr die Armee leisten, die wir nicht oder nur sehr beschr\u00e4nkt einsetzen k\u00f6nnen, dann nicht auch f\u00fcr ein w\u00fcrdevolles Alter einsetzen und uns ein solches auch leisten k\u00f6nnen? Gehen wir so mit unserer \u00e4lteren Bev\u00f6lkerung um? Eine Klammerbemerkung f\u00fcr diejenigen, die es nicht mitbekommen haben: Die besagten Drohnen k\u00f6nnen weder bei eisigen Temperaturen noch in der Nacht oder bei Bodennebel fliegen; dies einfach zur Erinnerung.</p>\n<p>Contre coeur bzw. als kleinstes aller \u00dcbel unterst\u00fctzt die Gr\u00fcne Fraktion den Kompromiss des St\u00e4nderates, der eine Finanzierung durch eine Erh\u00f6hung der Lohnbeitr\u00e4ge und eine Erh\u00f6hung der Mehrwertsteuer vorschl\u00e4gt. Die Gr\u00fcne Fraktion lehnt s\u00e4mtliche Antr\u00e4ge der SGK-N ab, die den Willen des Volkes missachten. Die Gr\u00fcne Fraktion lehnt Antr\u00e4ge ab, die lediglich eine befristete Finanzierung der 13.[NB]AHV-Rente beinhalten. Das Ziel dieser Befristungsantr\u00e4ge ist zu durchsichtig. Die Minderheit IV (Silberschmidt) verfolgt nur ein[NB]Ziel:[NB]die[NB]Erh\u00f6hung des Rentenalters. Er beantragt, das Referenzalter um sechs Monate anzuheben, und zwar in Schritten von zwei Monaten pro Kalenderjahr. Das Volk verwarf diese Idee der Erh\u00f6hung vor 18 Monaten an der Urne mit fast 75 Prozent Nein-Stimmen klar. Und jetzt, nach nur 18 Monaten, kommt ein erneuter Versuch, als ob das Volk niemand w\u00e4re - das ist eine Zw\u00e4ngerei.</p>\n<p>Alle, die das m\u00f6chten, d\u00fcrfen gerne weiterarbeiten. Aber lassen Sie Personen, die es verdient haben und die es m\u00f6chten, in den wohlverdienten Ruhestand gehen.</p>\n<p>Die Gr\u00fcne Fraktion unterst\u00fctzt jeweils die Minderheit III (Porchet), die die Beschl\u00fcsse des St\u00e4nderates verteidigt und einer Finanzierung, wie sie dem Volk im Abstimmungskampf versprochen worden ist, am n\u00e4chsten kommt. </p>\n<p>Besten Dank f\u00fcr die Unterst\u00fctzung des Beschlusses des St\u00e4nderates und der Minderheit III (Porchet).</p>\n</pd_text>","MeetingCouncilAbbreviation":"N","MeetingDate":"20250910","MeetingVerbalixOid":4056,"IdSession":"5210","SpeakerFirstName":"Manuela","SpeakerLastName":"Weichelt","SpeakerFullName":"Weichelt Manuela","SpeakerFunction":"Mit-F","CouncilId":1,"CouncilName":"Conseil national","CantonId":9,"CantonName":"Zoug","CantonAbbreviation":"ZG","ParlGroupName":"Groupe des VERT-E-S","ParlGroupAbbreviation":"G","SortOrder":48,"Start":"\/Date(1757525930576)\/","End":"\/Date(1757526231612)\/","Function":"Mit-F","DisplaySpeaker":true,"LanguageOfText":"DE","Modified":"\/Date(1781865879882)\/","StartTimeWithTimezone":"\/Date(1757525930577+0120)\/","EndTimeWithTimezone":"\/Date(1757526231613+0120)\/","VoteBusinessNumber":null,"VoteBusinessShortNumber":null,"VoteBusinessTitle":null},{"__metadata":{"id":"https://ws.parlament.ch/OData.svc/Transcript(ID=361302L,Language='FR')","uri":"https://ws.parlament.ch/OData.svc/Transcript(ID=361302L,Language='FR')","type":"itsystems.Pd.DataServices.DataModel.Transcript"},"Subjects":{"__deferred":{"uri":"https://ws.parlament.ch/OData.svc/Transcript(ID=361302L,Language='FR')/Subjects"}},"MembersCouncil":{"__deferred":{"uri":"https://ws.parlament.ch/OData.svc/Transcript(ID=361302L,Language='FR')/MembersCouncil"}},"Businesses":{"__deferred":{"uri":"https://ws.parlament.ch/OData.svc/Transcript(ID=361302L,Language='FR')/Businesses"}},"ID":"361302","Language":"FR","IdSubject":"68828","VoteId":null,"PersonNumber":4313,"Type":1,"Text":"<pd_text><p><b>Pr\u00e4sidentin</b> (Riniker Maja, Pr\u00e4sidentin): Wir stellen nun die Antr\u00e4ge der Minderheit I (Rechsteiner Thomas), der Minderheit II (Marti Samira) und der Minderheit III (Porchet), die sich alle auf den Beschluss des St\u00e4nderates beziehen, einander gegen\u00fcber. </p>\n</pd_text>","MeetingCouncilAbbreviation":"N","MeetingDate":"20250910","MeetingVerbalixOid":4056,"IdSession":"5210","SpeakerFirstName":"Maja","SpeakerLastName":"Riniker","SpeakerFullName":"Riniker Maja","SpeakerFunction":"P-F","CouncilId":1,"CouncilName":"Conseil national","CantonId":19,"CantonName":"Argovie","CantonAbbreviation":"AG","ParlGroupName":"Groupe lib\u00e9ral-radical","ParlGroupAbbreviation":"RL","SortOrder":58,"Start":"\/Date(1757527591073)\/","End":"\/Date(1757527696168)\/","Function":"P-F","DisplaySpeaker":false,"LanguageOfText":null,"Modified":"\/Date(1781865879917)\/","StartTimeWithTimezone":"\/Date(1757527591073+0120)\/","EndTimeWithTimezone":"\/Date(1757527696167+0120)\/","VoteBusinessNumber":null,"VoteBusinessShortNumber":null,"VoteBusinessTitle":null},{"__metadata":{"id":"https://ws.parlament.ch/OData.svc/Transcript(ID=361303L,Language='FR')","uri":"https://ws.parlament.ch/OData.svc/Transcript(ID=361303L,Language='FR')","type":"itsystems.Pd.DataServices.DataModel.Transcript"},"Subjects":{"__deferred":{"uri":"https://ws.parlament.ch/OData.svc/Transcript(ID=361303L,Language='FR')/Subjects"}},"MembersCouncil":{"__deferred":{"uri":"https://ws.parlament.ch/OData.svc/Transcript(ID=361303L,Language='FR')/MembersCouncil"}},"Businesses":{"__deferred":{"uri":"https://ws.parlament.ch/OData.svc/Transcript(ID=361303L,Language='FR')/Businesses"}},"ID":"361303","Language":"FR","IdSubject":"68828","VoteId":null,"PersonNumber":4313,"Type":1,"Text":"<pd_text><p><b>Pr\u00e4sidentin</b> (Riniker Maja, Pr\u00e4sidentin): Wir stellen nun das Konzept der Mehrheit dem Konzept der Minderheit I (Rechsteiner Thomas), das sich auf den Beschluss des St\u00e4nderates bezieht, gegen\u00fcber. </p>\n</pd_text>","MeetingCouncilAbbreviation":"N","MeetingDate":"20250910","MeetingVerbalixOid":4056,"IdSession":"5210","SpeakerFirstName":"Maja","SpeakerLastName":"Riniker","SpeakerFullName":"Riniker Maja","SpeakerFunction":"P-F","CouncilId":1,"CouncilName":"Conseil national","CantonId":19,"CantonName":"Argovie","CantonAbbreviation":"AG","ParlGroupName":"Groupe lib\u00e9ral-radical","ParlGroupAbbreviation":"RL","SortOrder":61,"Start":"\/Date(1757527750908)\/","End":"\/Date(1757527825026)\/","Function":"P-F","DisplaySpeaker":false,"LanguageOfText":null,"Modified":"\/Date(1781865879924)\/","StartTimeWithTimezone":"\/Date(1757527750907+0120)\/","EndTimeWithTimezone":"\/Date(1757527825027+0120)\/","VoteBusinessNumber":null,"VoteBusinessShortNumber":null,"VoteBusinessTitle":null},{"__metadata":{"id":"https://ws.parlament.ch/OData.svc/Transcript(ID=361304L,Language='FR')","uri":"https://ws.parlament.ch/OData.svc/Transcript(ID=361304L,Language='FR')","type":"itsystems.Pd.DataServices.DataModel.Transcript"},"Subjects":{"__deferred":{"uri":"https://ws.parlament.ch/OData.svc/Transcript(ID=361304L,Language='FR')/Subjects"}},"MembersCouncil":{"__deferred":{"uri":"https://ws.parlament.ch/OData.svc/Transcript(ID=361304L,Language='FR')/MembersCouncil"}},"Businesses":{"__deferred":{"uri":"https://ws.parlament.ch/OData.svc/Transcript(ID=361304L,Language='FR')/Businesses"}},"ID":"361304","Language":"FR","IdSubject":"68828","VoteId":null,"PersonNumber":4313,"Type":1,"Text":"<pd_text><p><b>Pr\u00e4sidentin</b> (Riniker Maja, Pr\u00e4sidentin): Das Konzept der Mehrheit stellen wir nun dem Konzept der Minderheit IV (Silberschmidt) gegen\u00fcber. </p>\n</pd_text>","MeetingCouncilAbbreviation":"N","MeetingDate":"20250910","MeetingVerbalixOid":4056,"IdSession":"5210","SpeakerFirstName":"Maja","SpeakerLastName":"Riniker","SpeakerFullName":"Riniker Maja","SpeakerFunction":"P-F","CouncilId":1,"CouncilName":"Conseil national","CantonId":19,"CantonName":"Argovie","CantonAbbreviation":"AG","ParlGroupName":"Groupe lib\u00e9ral-radical","ParlGroupAbbreviation":"RL","SortOrder":63,"Start":"\/Date(1757527825026)\/","End":"\/Date(1757527889639)\/","Function":"P-F","DisplaySpeaker":false,"LanguageOfText":null,"Modified":"\/Date(1781865879929)\/","StartTimeWithTimezone":"\/Date(1757527825027+0120)\/","EndTimeWithTimezone":"\/Date(1757527889640+0120)\/","VoteBusinessNumber":null,"VoteBusinessShortNumber":null,"VoteBusinessTitle":null},{"__metadata":{"id":"https://ws.parlament.ch/OData.svc/Transcript(ID=361305L,Language='FR')","uri":"https://ws.parlament.ch/OData.svc/Transcript(ID=361305L,Language='FR')","type":"itsystems.Pd.DataServices.DataModel.Transcript"},"Subjects":{"__deferred":{"uri":"https://ws.parlament.ch/OData.svc/Transcript(ID=361305L,Language='FR')/Subjects"}},"MembersCouncil":{"__deferred":{"uri":"https://ws.parlament.ch/OData.svc/Transcript(ID=361305L,Language='FR')/MembersCouncil"}},"Businesses":{"__deferred":{"uri":"https://ws.parlament.ch/OData.svc/Transcript(ID=361305L,Language='FR')/Businesses"}},"ID":"361305","Language":"FR","IdSubject":"68828","VoteId":null,"PersonNumber":4313,"Type":1,"Text":"<pd_text><p><b>Ingress, Ziff. I Einleitung </b>[GZ]</p>\n<p><i>Antrag der Kommission </i>[GZ]</p>\n<p>Zustimmung zum Beschluss des St\u00e4nderates</p>\n<p>[VS]</p>\n<p><b>Pr\u00e9ambule, ch. I introduction </b>[GZ]</p>\n<p><i>Proposition de la commission </i>[GZ]</p>\n<p>Adh\u00e9rer \u00e0 la d\u00e9cision du Conseil des \u00c9tats [GZ]</p>\n<p>[VS][GZ]</p>\n<p><i>Angenommen - Adopt\u00e9</i></p>\n<p>[VS]</p>\n<p><b>Ziff. I Art. 2 Abs. 4 </b>[GZ]</p>\n<p><i>Antrag der Mehrheit </i>[GZ]</p>\n<p>Gem\u00e4ss geltendem Recht</p>\n<p>[VS]</p>\n<p><i>Antrag der Minderheit I </i>[GZ]</p>\n<p>(Rechsteiner Thomas, Crottaz, Gysi Barbara, Hess Lorenz, Lohr, Marti Samira, Meyer Mattea, Piller Carrard, Porchet, Weichelt, Wyss)[GZ]</p>\n<p>... betragen 9 Prozent des massgebenden Einkommens.[NB]...</p>\n<p>[VS]</p>\n<p><i>Antrag der Minderheit II </i>[GZ]</p>\n<p>(Marti Samira, Crottaz, Gysi Barbara, Meyer Mattea, Piller Carrard, Porchet, Weichelt, Wyss)[GZ]</p>\n<p>Zustimmung zum Beschluss des St\u00e4nderates</p>\n<p>[VS]</p>\n<p><i>Antrag der Minderheit III </i>[GZ]</p>\n<p>(Porchet, Crottaz, Gysi Barbara, Marti Samira, Meyer Mattea, Piller Carrard, Porchet, Weichelt, Wyss)[GZ]</p>\n<p>Zustimmung zum Beschluss des St\u00e4nderates</p>\n<p>[VS]</p>\n<p><i>Antrag der Minderheit IV </i>[GZ]</p>\n<p>(Silberschmidt, Aellen, Aeschi, Amaudruz, de Courten, Glarner, Graber, Gutjahr, Sauter, Thalmann-Bieri, Vietze, Wyssmann)[GZ]</p>\n<p>Gem\u00e4ss geltendem Recht</p>\n<p>[VS]</p>\n<p><b>Ch. I art. 2 al. 4 </b>[GZ]</p>\n<p><i>Proposition de la majorit\u00e9 </i>[GZ]</p>\n<p>Selon droit en vigueur</p>\n<p>[VS]</p>\n<p><i>Proposition de la minorit\u00e9 I </i>[GZ]</p>\n<p>(Rechsteiner Thomas, Crottaz, Gysi Barbara, Hess Lorenz, Lohr, Marti Samira, Meyer Mattea, Piller Carrard, Porchet, Weichelt, Wyss)[GZ]</p>\n<p>... sont \u00e9gales \u00e0 9 pour cent du revenu d\u00e9terminant[NB]... [PAGE 1429]</p>\n<p>[VS]</p>\n<p><i>Proposition de la minorit\u00e9 II </i>[GZ]</p>\n<p>(Marti Samira, Crottaz, Gysi Barbara, Meyer Mattea, Piller Carrard, Porchet, Weichelt, Wyss)[GZ]</p>\n<p>Adh\u00e9rer \u00e0 la d\u00e9cision du Conseil des \u00c9tats</p>\n<p>[VS]</p>\n<p><i>Proposition de la minorit\u00e9 III </i>[GZ]</p>\n<p>(Porchet, Crottaz, Gysi Barbara, Marti Samira, Meyer Mattea, Piller Carrard, Porchet, Weichelt, Wyss)[GZ]</p>\n<p>Adh\u00e9rer \u00e0 la d\u00e9cision du Conseil des \u00c9tats</p>\n<p>[VS]</p>\n<p><i>Proposition de la minorit\u00e9 IV </i>[GZ]</p>\n<p>(Silberschmidt, Aellen, Aeschi, Amaudruz, de Courten, Glarner, Graber, Gutjahr, Sauter, Thalmann-Bieri, Vietze, Wyssmann)[GZ]</p>\n<p>Selon droit en vigueur</p>\n<p>[VS]</p>\n<p><b>Pr\u00e4sidentin</b> (Riniker Maja, Pr\u00e4sidentin): \u00dcber die Antr\u00e4ge der verschiedenen Minderheiten wurde beim Titel abgestimmt.</p>\n<p>[VS]</p>\n<p><i>Angenommen gem\u00e4ss Antrag der Mehrheit </i>[GZ]</p>\n<p><i>Adopt\u00e9 selon la proposition de la majorit\u00e9</i></p>\n<p>[VS]</p>\n<p><b>Ziff. I Art. 5 Abs. 1 </b>[GZ]</p>\n<p><i>Antrag der Mehrheit </i>[GZ]</p>\n<p>Gem\u00e4ss geltendem Recht</p>\n<p>[VS]</p>\n<p><i>Antrag der Minderheit I </i>[GZ]</p>\n<p>(Rechsteiner Thomas, Crottaz, Gysi Barbara, Hess Lorenz, Lohr, Marti Samira, Meyer Mattea, Piller Carrard, Porchet, Weichelt, Wyss)[GZ]</p>\n<p>... wird ein Beitrag von 4,5 Prozent erhoben.</p>\n<p>[VS]</p>\n<p><i>Antrag der Minderheit II </i>[GZ]</p>\n<p>(Marti Samira, Crottaz, Gysi Barbara, Meyer Mattea, Piller Carrard, Porchet, Weichelt, Wyss)[GZ]</p>\n<p>Zustimmung zum Beschluss des St\u00e4nderates</p>\n<p>[VS]</p>\n<p><i>Antrag der Minderheit III </i>[GZ]</p>\n<p>(Porchet, Crottaz, Gysi Barbara, Marti Samira, Meyer Mattea, Piller Carrard, Porchet, Weichelt, Wyss)[GZ]</p>\n<p>Zustimmung zum Beschluss des St\u00e4nderates</p>\n<p>[VS]</p>\n<p><i>Antrag der Minderheit IV </i>[GZ]</p>\n<p>(Silberschmidt, Aellen, Aeschi, Amaudruz, de Courten, Glarner, Graber, Gutjahr, Sauter, Thalmann-Bieri, Vietze, Wyssmann)[GZ]</p>\n<p>Gem\u00e4ss geltendem Recht</p>\n<p>[VS]</p>\n<p><b>Ch. I art. 5 al. 1 </b>[GZ]</p>\n<p><i>Proposition de la majorit\u00e9 </i>[GZ]</p>\n<p>Selon droit en vigueur</p>\n<p>[VS]</p>\n<p><i>Proposition de la minorit\u00e9 I </i>[GZ]</p>\n<p>(Rechsteiner Thomas, Crottaz, Gysi Barbara, Hess Lorenz, Lohr, Marti Samira, Meyer Mattea, Piller Carrard, Porchet, Weichelt, Wyss)[GZ]</p>\n<p>Une cotisation de 4,5 pour cent est per\u00e7ue[NB]...</p>\n<p>[VS]</p>\n<p><i>Proposition de la minorit\u00e9 II </i>[GZ]</p>\n<p>(Marti Samira, Crottaz, Gysi Barbara, Meyer Mattea, Piller Carrard, Porchet, Weichelt, Wyss)[GZ]</p>\n<p>Adh\u00e9rer \u00e0 la d\u00e9cision du Conseil des \u00c9tats</p>\n<p>[VS]</p>\n<p><i>Proposition de la minorit\u00e9 III </i>[GZ]</p>\n<p>(Porchet, Crottaz, Gysi Barbara, Marti Samira, Meyer Mattea, Piller Carrard, Porchet, Weichelt, Wyss)[GZ]</p>\n<p>Adh\u00e9rer \u00e0 la d\u00e9cision du Conseil des \u00c9tats</p>\n<p>[VS]</p>\n<p><i>Proposition de la minorit\u00e9 IV </i>[GZ]</p>\n<p>(Silberschmidt, Aellen, Aeschi, Amaudruz, de Courten, Glarner, Graber, Gutjahr, Sauter, Thalmann-Bieri, Vietze, Wyssmann)[GZ]</p>\n<p>Selon droit en vigueur</p>\n<p>[VS]</p>\n<p><b>Pr\u00e4sidentin</b> (Riniker Maja, Pr\u00e4sidentin): \u00dcber die Antr\u00e4ge der verschiedenen Minderheiten wurde beim Titel abgestimmt.</p>\n<p>[VS]</p>\n<p><i>Angenommen gem\u00e4ss Antrag der Mehrheit </i>[GZ]</p>\n<p><i>Adopt\u00e9 selon la proposition de la majorit\u00e9</i></p>\n<p>[VS]</p>\n<p><b>Ziff. I Art. 6 </b>[GZ]</p>\n<p><i>Antrag der Mehrheit </i>[GZ]</p>\n<p>Gem\u00e4ss geltendem Recht</p>\n<p>[VS]</p>\n<p><i>Antrag der Minderheit I </i>[GZ]</p>\n<p>(Rechsteiner Thomas, Crottaz, Gysi Barbara, Hess Lorenz, Lohr, Marti Samira, Meyer Mattea, Piller Carrard, Porchet, Weichelt, Wyss)[GZ]</p>\n<p><i>Abs. 1 </i>[GZ]</p>\n<p>... Beitr\u00e4ge von 9 Prozent.</p>\n<p><i>Abs. 2 </i>[GZ]</p>\n<p>... den Arbeitgeber und den Arbeitnehmer je 4,5 Prozent[NB]...</p>\n<p>[VS]</p>\n<p><i>Antrag der Minderheit II </i>[GZ]</p>\n<p>(Marti Samira, Crottaz, Gysi Barbara, Meyer Mattea, Piller Carrard, Porchet, Weichelt, Wyss)[GZ]</p>\n<p>Zustimmung zum Beschluss des St\u00e4nderates</p>\n<p>[VS]</p>\n<p><i>Antrag der Minderheit III </i>[GZ]</p>\n<p>(Porchet, Crottaz, Gysi Barbara, Marti Samira, Meyer Mattea, Piller Carrard, Porchet, Weichelt, Wyss)[GZ]</p>\n<p>Zustimmung zum Beschluss des St\u00e4nderates</p>\n<p>[VS]</p>\n<p><i>Antrag der Minderheit IV </i>[GZ]</p>\n<p>(Silberschmidt, Aellen, Aeschi, Amaudruz, de Courten, Glarner, Graber, Gutjahr, Sauter, Thalmann-Bieri, Vietze, Wyssmann)[GZ]</p>\n<p>Gem\u00e4ss geltendem Recht</p>\n<p>[VS]</p>\n<p><b>Ch. I art. 6 </b>[GZ]</p>\n<p><i>Proposition de la majorit\u00e9 </i>[GZ]</p>\n<p>Selon droit en vigueur</p>\n<p>[VS]</p>\n<p><i>Proposition de la minorit\u00e9 I </i>[GZ]</p>\n<p>(Rechsteiner Thomas, Crottaz, Gysi Barbara, Hess Lorenz, Lohr, Marti Samira, Meyer Mattea, Piller Carrard, Porchet, Weichelt, Wyss)[GZ]</p>\n<p><i>Al. 1 </i>[GZ]</p>\n<p>... des cotisations de 9 pour cent sur leur[NB]...</p>\n<p><i>Al. 2 </i>[GZ]</p>\n<p>... s'\u00e9l\u00e8ve alors \u00e0 4,5 pour cent du salaire d\u00e9terminant[NB]...</p>\n<p>[VS]</p>\n<p><i>Proposition de la minorit\u00e9 II </i>[GZ]</p>\n<p>(Marti Samira, Crottaz, Gysi Barbara, Meyer Mattea, Piller Carrard, Porchet, Weichelt, Wyss)[GZ]</p>\n<p>Adh\u00e9rer \u00e0 la d\u00e9cision du Conseil des \u00c9tats</p>\n<p>[VS]</p>\n<p><i>Proposition de la minorit\u00e9 III </i>[GZ]</p>\n<p>(Porchet, Crottaz, Gysi Barbara, Marti Samira, Meyer Mattea, Piller Carrard, Porchet, Weichelt, Wyss)[GZ]</p>\n<p>Adh\u00e9rer \u00e0 la d\u00e9cision du Conseil des \u00c9tats</p>\n<p>[VS]</p>\n<p><i>Proposition de la minorit\u00e9 IV </i>[GZ]</p>\n<p>(Silberschmidt, Aellen, Aeschi, Amaudruz, de Courten, Glarner, Graber, Gutjahr, Sauter, Thalmann-Bieri, Vietze, Wyssmann)[GZ]</p>\n<p>Selon droit en vigueur</p>\n<p>[VS]</p>\n<p><b>Pr\u00e4sidentin</b> (Riniker Maja, Pr\u00e4sidentin): \u00dcber die Antr\u00e4ge der verschiedenen Minderheiten wurde beim Titel abgestimmt.</p>\n<p>[VS]</p>\n<p><i>Angenommen gem\u00e4ss Antrag der Mehrheit </i>[GZ]</p>\n<p><i>Adopt\u00e9 selon la proposition de la majorit\u00e9</i></p>\n<p>[VS]</p>\n<p><b>Ziff. I Art. 8 Abs. 1 </b>[GZ]</p>\n<p><i>Antrag der Mehrheit </i>[GZ]</p>\n<p>Gem\u00e4ss geltendem Recht [PAGE 1430]</p>\n<p>[VS]</p>\n<p><i>Antrag der Minderheit I </i>[GZ]</p>\n<p>(Rechsteiner Thomas, Crottaz, Gysi Barbara, Hess Lorenz, Lohr, Marti Samira, Meyer Mattea, Piller Carrard, Porchet, Weichelt, Wyss)[GZ]</p>\n<p>... wird ein Beitrag von 8,4 Prozent erhoben ... sinkenden Skala bis auf 4,5 Prozent.</p>\n<p>[VS]</p>\n<p><i>Antrag der Minderheit II </i>[GZ]</p>\n<p>(Marti Samira, Crottaz, Gysi Barbara, Meyer Mattea, Piller Carrard, Porchet, Weichelt, Wyss)[GZ]</p>\n<p>Zustimmung zum Beschluss des St\u00e4nderates</p>\n<p>[VS]</p>\n<p><i>Antrag der Minderheit III </i>[GZ]</p>\n<p>(Porchet, Crottaz, Gysi Barbara, Marti Samira, Meyer Mattea, Piller Carrard, Porchet, Weichelt, Wyss)[GZ]</p>\n<p>Zustimmung zum Beschluss des St\u00e4nderates</p>\n<p>[VS]</p>\n<p><i>Antrag der Minderheit IV </i>[GZ]</p>\n<p>(Silberschmidt, Aellen, Aeschi, Amaudruz, de Courten, Glarner, Graber, Gutjahr, Sauter, Thalmann-Bieri, Vietze, Wyssmann)[GZ]</p>\n<p>Gem\u00e4ss geltendem Recht</p>\n<p>[VS]</p>\n<p><b>Ch. I art. 8 al. 1 </b>[GZ]</p>\n<p><i>Proposition de la majorit\u00e9 </i>[GZ]</p>\n<p>Selon droit en vigueur</p>\n<p>[VS]</p>\n<p><i>Proposition de la minorit\u00e9 I </i>[GZ]</p>\n<p>(Rechsteiner Thomas, Crottaz, Gysi Barbara, Hess Lorenz, Lohr, Marti Samira, Meyer Mattea, Piller Carrard, Porchet, Weichelt, Wyss)[GZ]</p>\n<p>Une cotisation de 8,4 pour cent est per\u00e7ue ... est ramen\u00e9 jusqu'\u00e0 4,5 pour cent selon un[NB]...</p>\n<p>[VS]</p>\n<p><i>Proposition de la minorit\u00e9 II </i>[GZ]</p>\n<p>(Marti Samira, Crottaz, Gysi Barbara, Meyer Mattea, Piller Carrard, Porchet, Weichelt, Wyss)[GZ]</p>\n<p>Adh\u00e9rer \u00e0 la d\u00e9cision du Conseil des \u00c9tats</p>\n<p>[VS]</p>\n<p><i>Proposition de la minorit\u00e9 III </i>[GZ]</p>\n<p>(Porchet, Crottaz, Gysi Barbara, Marti Samira, Meyer Mattea, Piller Carrard, Porchet, Weichelt, Wyss)[GZ]</p>\n<p>Adh\u00e9rer \u00e0 la d\u00e9cision du Conseil des \u00c9tats</p>\n<p>[VS]</p>\n<p><i>Proposition de la minorit\u00e9 IV </i>[GZ]</p>\n<p>(Silberschmidt, Aellen, Aeschi, Amaudruz, de Courten, Glarner, Graber, Gutjahr, Sauter, Thalmann-Bieri, Vietze, Wyssmann)[GZ]</p>\n<p>Selon droit en vigueur</p>\n<p>[VS]</p>\n<p><b>Pr\u00e4sidentin</b> (Riniker Maja, Pr\u00e4sidentin): \u00dcber die Antr\u00e4ge der verschiedenen Minderheiten wurde beim Titel abgestimmt.</p>\n<p>[VS]</p>\n<p><i>Angenommen gem\u00e4ss Antrag der Mehrheit </i>[GZ]</p>\n<p><i>Adopt\u00e9 selon la proposition de la majorit\u00e9</i></p>\n<p>[VS]</p>\n<p><b>Ziff. I Art. 13 </b>[GZ]</p>\n<p><i>Antrag der Mehrheit </i>[GZ]</p>\n<p>Gem\u00e4ss geltendem Recht</p>\n<p>[VS]</p>\n<p><i>Antrag der Minderheit I </i>[GZ]</p>\n<p>(Rechsteiner Thomas, Crottaz, Gysi Barbara, Hess Lorenz, Lohr, Marti Samira, Meyer Mattea, Piller Carrard, Porchet, Weichelt, Wyss)[GZ]</p>\n<p>Der Arbeitgeberbeitrag betr\u00e4gt 4,5 Prozent der Summe[NB]...</p>\n<p>[VS]</p>\n<p><i>Antrag der Minderheit II </i>[GZ]</p>\n<p>(Marti Samira, Crottaz, Gysi Barbara, Meyer Mattea, Piller Carrard, Porchet, Weichelt, Wyss)[GZ]</p>\n<p>Zustimmung zum Beschluss des St\u00e4nderates</p>\n<p>[VS]</p>\n<p><i>Antrag der Minderheit III </i>[GZ]</p>\n<p>(Porchet, Crottaz, Gysi Barbara, Marti Samira, Meyer Mattea, Piller Carrard, Porchet, Weichelt, Wyss)[GZ]</p>\n<p>Zustimmung zum Beschluss des St\u00e4nderates</p>\n<p>[VS]</p>\n<p><i>Antrag der Minderheit IV </i>[GZ]</p>\n<p>(Silberschmidt, Aellen, Aeschi, Amaudruz, de Courten, Glarner, Graber, Gutjahr, Sauter, Thalmann-Bieri, Vietze, Wyssmann)[GZ]</p>\n<p>Gem\u00e4ss geltendem Recht</p>\n<p>[VS]</p>\n<p><b>Ch. I art. 13 </b>[GZ]</p>\n<p><i>Proposition de la majorit\u00e9 </i>[GZ]</p>\n<p>Selon droit en vigueur</p>\n<p>[VS]</p>\n<p><i>Proposition de la minorit\u00e9 I </i>[GZ]</p>\n<p>(Rechsteiner Thomas, Crottaz, Gysi Barbara, Hess Lorenz, Lohr, Marti Samira, Meyer Mattea, Piller Carrard, Porchet, Weichelt, Wyss)[GZ]</p>\n<p>Les cotisations d'employeurs s'\u00e9l\u00e8vent \u00e0 4,5 pour cent du total[NB]...</p>\n<p>[VS]</p>\n<p><i>Proposition de la minorit\u00e9 II </i>[GZ]</p>\n<p>(Marti Samira, Crottaz, Gysi Barbara, Meyer Mattea, Piller Carrard, Porchet, Weichelt, Wyss)[GZ]</p>\n<p>Adh\u00e9rer \u00e0 la d\u00e9cision du Conseil des \u00c9tats</p>\n<p>[VS]</p>\n<p><i>Proposition de la minorit\u00e9 III </i>[GZ]</p>\n<p>(Porchet, Crottaz, Gysi Barbara, Marti Samira, Meyer Mattea, Piller Carrard, Porchet, Weichelt, Wyss)[GZ]</p>\n<p>Adh\u00e9rer \u00e0 la d\u00e9cision du Conseil des \u00c9tats</p>\n<p>[VS]</p>\n<p><i>Proposition de la minorit\u00e9 IV </i>[GZ]</p>\n<p>(Silberschmidt, Aellen, Aeschi, Amaudruz, de Courten, Glarner, Graber, Gutjahr, Sauter, Thalmann-Bieri, Vietze, Wyssmann)[GZ]</p>\n<p>Selon droit en vigueur</p>\n<p>[VS]</p>\n<p><b>Pr\u00e4sidentin</b> (Riniker Maja, Pr\u00e4sidentin): \u00dcber die Antr\u00e4ge der verschiedenen Minderheiten wurde beim Titel abgestimmt.</p>\n<p>[VS]</p>\n<p><i>Angenommen gem\u00e4ss Antrag der Mehrheit </i>[GZ]</p>\n<p><i>Adopt\u00e9 selon la proposition de la majorit\u00e9</i></p>\n<p>[VS]</p>\n<p><b>Ziff. I Art. 43quinquies </b>[GZ]</p>\n<p><i>Antrag der Minderheit I </i>[GZ]</p>\n<p>(Rechsteiner Thomas, Crottaz, Gysi Barbara, Hess Lorenz, Lohr, Marti Samira, Meyer Mattea, Piller Carrard, Porchet, Weichelt, Wyss)[GZ]</p>\n<p>Aufheben</p>\n<p>[VS]</p>\n<p><i>Antrag der Minderheit II </i>[GZ]</p>\n<p>(Marti Samira, Crottaz, Gysi Barbara, Meyer Mattea, Piller Carrard, Porchet, Weichelt, Wyss)[GZ]</p>\n<p>Aufheben</p>\n<p>[VS]</p>\n<p><i>Antrag der Minderheit III </i>[GZ]</p>\n<p>(Porchet, Crottaz, Gysi Barbara, Marti Samira, Meyer Mattea, Piller Carrard, Porchet, Weichelt, Wyss)[GZ]</p>\n<p>Aufheben</p>\n<p>[VS]</p>\n<p><b>Ch. I art. 43quinquies </b>[GZ]</p>\n<p><i>Proposition de la minorit\u00e9 I </i>[GZ]</p>\n<p>(Rechsteiner Thomas, Crottaz, Gysi Barbara, Hess Lorenz, Lohr, Marti Samira, Meyer Mattea, Piller Carrard, Porchet, Weichelt, Wyss)[GZ]</p>\n<p>Abroger</p>\n<p>[VS]</p>\n<p><i>Proposition de la minorit\u00e9 II </i>[GZ]</p>\n<p>(Marti Samira, Crottaz, Gysi Barbara, Meyer Mattea, Piller Carrard, Porchet, Weichelt, Wyss)[GZ]</p>\n<p>Abroger [PAGE 1431]</p>\n<p>[VS]</p>\n<p><i>Proposition de la minorit\u00e9 III </i>[GZ]</p>\n<p>(Porchet, Crottaz, Gysi Barbara, Marti Samira, Meyer Mattea, Piller Carrard, Porchet, Weichelt, Wyss)[GZ]</p>\n<p>Abroger</p>\n<p>[VS]</p>\n<p><b>Pr\u00e4sidentin</b> (Riniker Maja, Pr\u00e4sidentin): Die Antr\u00e4ge der verschiedenen Minderheiten wurden beim Titel abgelehnt.</p>\n<p>[VS]</p>\n<p><b>Ziff. I Art. 103 </b>[GZ]</p>\n<p><i>Antrag der Mehrheit </i>[GZ]</p>\n<p>Zustimmung zum Beschluss des St\u00e4nderates</p>\n<p>[VS]</p>\n<p><i>Antrag der Minderheit </i>[GZ]</p>\n<p>(Silberschmidt, Aellen, H\u00e4ssig Patrick, Sauter, Vietze)[GZ]</p>\n<p>Zustimmung zum Entwurf des Bundesrates</p>\n<p>[VS]</p>\n<p><b>Ch. I art. 103 </b>[GZ]</p>\n<p><i>Proposition de la majorit\u00e9 </i>[GZ]</p>\n<p>Adh\u00e9rer \u00e0 la d\u00e9cision du Conseil des \u00c9tats</p>\n<p>[VS]</p>\n<p><i>Proposition de la minorit\u00e9 </i>[GZ]</p>\n<p>(Silberschmidt, Aellen, H\u00e4ssig Patrick, Sauter, Vietze)[GZ]</p>\n<p>Adh\u00e9rer au projet du Conseil f\u00e9d\u00e9ral</p>\n</pd_text>","MeetingCouncilAbbreviation":"N","MeetingDate":"20250910","MeetingVerbalixOid":4056,"IdSession":"5210","SpeakerFirstName":"Maja","SpeakerLastName":"Riniker","SpeakerFullName":"Riniker Maja","SpeakerFunction":"P-F","CouncilId":1,"CouncilName":"Conseil national","CantonId":19,"CantonName":"Argovie","CantonAbbreviation":"AG","ParlGroupName":"Groupe lib\u00e9ral-radical","ParlGroupAbbreviation":"RL","SortOrder":65,"Start":"\/Date(1757527889639)\/","End":"\/Date(1757527964266)\/","Function":"P-F","DisplaySpeaker":false,"LanguageOfText":null,"Modified":"\/Date(1781865879933)\/","StartTimeWithTimezone":"\/Date(1757527889640+0120)\/","EndTimeWithTimezone":"\/Date(1757527964267+0120)\/","VoteBusinessNumber":null,"VoteBusinessShortNumber":null,"VoteBusinessTitle":null},{"__metadata":{"id":"https://ws.parlament.ch/OData.svc/Transcript(ID=361306L,Language='FR')","uri":"https://ws.parlament.ch/OData.svc/Transcript(ID=361306L,Language='FR')","type":"itsystems.Pd.DataServices.DataModel.Transcript"},"Subjects":{"__deferred":{"uri":"https://ws.parlament.ch/OData.svc/Transcript(ID=361306L,Language='FR')/Subjects"}},"MembersCouncil":{"__deferred":{"uri":"https://ws.parlament.ch/OData.svc/Transcript(ID=361306L,Language='FR')/MembersCouncil"}},"Businesses":{"__deferred":{"uri":"https://ws.parlament.ch/OData.svc/Transcript(ID=361306L,Language='FR')/Businesses"}},"ID":"361306","Language":"FR","IdSubject":"68828","VoteId":null,"PersonNumber":4313,"Type":1,"Text":"<pd_text><p><b>Ziff. I Art. 107 </b>[GZ]</p>\n<p><i>Antrag der Mehrheit </i>[GZ]</p>\n<p><i>Titel, Abs. 3 </i>[GZ]</p>\n<p>Gem\u00e4ss geltendem Recht</p>\n<p><i>Abs. 4, 5 </i>[GZ]</p>\n<p>Streichen</p>\n<p>[VS]</p>\n<p><i>Antrag der Minderheit I </i>[GZ]</p>\n<p>(Rechsteiner Thomas, Crottaz, Gysi Barbara, Hess Lorenz, Lohr, Marti Samira, Meyer Mattea, Piller Carrard, Porchet, Weichelt, Wyss)[GZ]</p>\n<p><i>Titel, Abs. 3, 4, 5 Einleitung </i>[GZ]</p>\n<p>Zustimmung zum Beschluss des St\u00e4nderates</p>\n<p><i>Abs. 5 Bst. a </i>[GZ]</p>\n<p>a. ... um maximal 0,15 Prozentpunkte;</p>\n<p><i>Abs. 5 Bst. b </i>[GZ]</p>\n<p>b. ... um maximal 0,3 Prozentpunkte;</p>\n<p><i>Abs. 5 Bst. c </i>[GZ]</p>\n<p>c. ... nach den Buchstaben a und b.</p>\n<p>[VS]</p>\n<p><i>Antrag der Minderheit II </i>[GZ]</p>\n<p>(Marti Samira, Crottaz, Gysi Barbara, Meyer Mattea, Piller Carrard, Porchet, Weichelt, Wyss)[GZ]</p>\n<p><i>Titel, Abs. 3, 4, 5 Einleitung, Bst. a, b </i>[GZ]</p>\n<p>Zustimmung zum Beschluss des St\u00e4nderates</p>\n<p><i>Abs. 5 Bst. c </i>[GZ]</p>\n<p>c. ... nach den Buchstaben a und b.</p>\n<p>[VS]</p>\n<p><i>Antrag der Minderheit III </i>[GZ]</p>\n<p>(Porchet, Crottaz, Gysi Barbara, Marti Samira, Meyer Mattea, Piller Carrard, Porchet, Weichelt, Wyss)[GZ]</p>\n<p><i>Titel, Abs. 3, 4, 5 Einleitung, Bst. a, b </i>[GZ]</p>\n<p>Zustimmung zum Beschluss des St\u00e4nderates</p>\n<p><i>Abs. 5 Bst. c </i>[GZ]</p>\n<p>c. ... nach den Buchstaben a und b.</p>\n<p>[VS]</p>\n<p><i>Antrag der Minderheit IV </i>[GZ]</p>\n<p>(Silberschmidt, Aellen, Aeschi, Amaudruz, de Courten, Glarner, Graber, Gutjahr, Sauter, Thalmann-Bieri, Vietze, Wyssmann)[GZ]</p>\n<p><i>Titel </i>[GZ]</p>\n<p>Gem\u00e4ss geltendem Recht</p>\n<p><i>Abs. 3</i>[GZ]</p>\n<p>... nicht unter 90 Prozent ...</p>\n<p><i>Abs. 4, 5 </i>[GZ]</p>\n<p>Streichen</p>\n<p>[VS]</p>\n<p><b>Ch. I art. 107 </b>[GZ]</p>\n<p><i>Proposition de la majorit\u00e9 </i>[GZ]</p>\n<p><i>Titre, al. 3 </i>[GZ]</p>\n<p>Selon droit en vigueur</p>\n<p><i>Al. 4, 5 </i>[GZ]</p>\n<p>Biffer</p>\n<p>[VS]</p>\n<p><i>Proposition de la minorit\u00e9 I </i>[GZ]</p>\n<p>(Rechsteiner Thomas, Crottaz, Gysi Barbara, Hess Lorenz, Lohr, Marti Samira, Meyer Mattea, Piller Carrard, Porchet, Weichelt, Wyss)[GZ]</p>\n<p><i>Titre, al. 3, 4, 5 introduction </i>[GZ]</p>\n<p>Adh\u00e9rer \u00e0 la d\u00e9cision du Conseil des \u00c9tats</p>\n<p><i>Al. 5 let. a</i>[GZ]</p>\n<p>a. ... d'un maximum de 0,15 point de pourcentage[NB];</p>\n<p><i>Al. 5 let. b</i>[GZ]</p>\n<p>b. ... d'un maximum de 0,3 point de pourcentage[NB];</p>\n<p><i>Al. 5 let. c</i>[GZ]</p>\n<p>c. Adh\u00e9rer \u00e0 la d\u00e9cision du Conseil des \u00c9tats</p>\n<p>(la modification ne concerne que le texte allemand)</p>\n<p>[VS]</p>\n<p><i>Proposition de la minorit\u00e9 II </i>[GZ]</p>\n<p>(Marti Samira, Crottaz, Gysi Barbara, Meyer Mattea, Piller Carrard, Porchet, Weichelt, Wyss)[GZ]</p>\n<p><i>Titre, al. 3, 4, 5 introduction, let. a, b </i>[GZ]</p>\n<p>Adh\u00e9rer \u00e0 la d\u00e9cision du Conseil des \u00c9tats</p>\n<p><i>Al. 5</i> <i>let. c</i>[GZ]</p>\n<p>c. Adh\u00e9rer \u00e0 la d\u00e9cision du Conseil des \u00c9tats</p>\n<p>(la modification ne concerne que le texte allemand)</p>\n<p>[VS]</p>\n<p><i>Proposition de la minorit\u00e9 III </i>[GZ]</p>\n<p>(Porchet, Crottaz, Gysi Barbara, Marti Samira, Meyer Mattea, Piller Carrard, Porchet, Weichelt, Wyss)[GZ]</p>\n<p><i>Titre, al. 3, 4, 5 introduction, let. a, b</i>[GZ]</p>\n<p>Adh\u00e9rer \u00e0 la d\u00e9cision du Conseil des \u00c9tats</p>\n<p><i>Al. 5</i> <i>let. c</i>[GZ]</p>\n<p>c. Adh\u00e9rer \u00e0 la d\u00e9cision du Conseil des \u00c9tats</p>\n<p>(la modification ne concerne que le texte allemand)</p>\n<p>[VS]</p>\n<p><i>Proposition de la minorit\u00e9 IV </i>[GZ]</p>\n<p>(Silberschmidt, Aellen, Aeschi, Amaudruz, de Courten, Glarner, Graber, Gutjahr, Sauter, Thalmann-Bieri, Vietze, Wyssmann)[GZ]</p>\n<p><i>Titre</i> [GZ]</p>\n<p>Selon droit en vigueur</p>\n<p><i>Al. 3 </i>[GZ]</p>\n<p>... descendre au-dessous de 90 pour cent des d\u00e9penses annuelles.</p>\n<p><i>Al. 4, 5 </i>[GZ]</p>\n<p>Biffer</p>\n<p>[VS]</p>\n<p><b>Pr\u00e4sidentin</b> (Riniker Maja, Pr\u00e4sidentin): \u00dcber die Antr\u00e4ge der verschiedenen Minderheiten wurde beim Titel abgestimmt.</p>\n<p>[VS]</p>\n<p><i>Angenommen gem\u00e4ss Antrag der Mehrheit </i>[GZ]</p>\n<p><i>Adopt\u00e9 selon la proposition de la majorit\u00e9</i></p>\n<p>[VS]</p>\n<p><b>Schlussbestimmung der \u00c4nderung vom[NB]...</b></p>\n<p><i>Antrag der Minderheit I </i>[GZ]</p>\n<p>(Rechsteiner Thomas, Crottaz, Gysi Barbara, Hess Lorenz, Lohr, Marti Samira, Meyer Mattea, Piller Carrard, Porchet, Weichelt, Wyss)[GZ]</p>\n<p>Der Bundesrat passt die H\u00f6he des Mindestbeitrags nach den Artikeln 2 Abs\u00e4tze 4 zweiter Satz und 5, 8 Absatz 2 und 10 Absatz 1 dem jeweiligen Beitragssatz nach den Artikeln 2 Absatz 4 erster Satz und 8 Absatz 1 an.</p>\n<p>[VS]</p>\n<p><i>Antrag der Minderheit II </i>[GZ]</p>\n<p>(Marti Samira, Crottaz, Gysi Barbara, Meyer Mattea, Piller Carrard, Porchet, Weichelt, Wyss)[GZ]</p>\n<p>Der Bundesrat passt die H\u00f6he des Mindestbeitrags nach den Artikeln 2 Abs\u00e4tze 4 zweiter Satz und 5, 8 Absatz 2 und 10 Absatz 1 dem jeweiligen Beitragssatz nach den Artikeln 2 Absatz 4 erster Satz und 8 Absatz 1 an. [PAGE 1432]</p>\n<p>[VS]</p>\n<p><i>Antrag der Minderheit III </i>[GZ]</p>\n<p>(Porchet, Crottaz, Gysi Barbara, Marti Samira, Meyer Mattea, Piller Carrard, Porchet, Weichelt, Wyss)[GZ]</p>\n<p>Der Bundesrat passt die H\u00f6he des Mindestbeitrags nach den Artikeln 2 Abs\u00e4tze 4 zweiter Satz und 5, 8 Absatz 2 und 10 Absatz 1 dem jeweiligen Beitragssatz nach den Artikeln 2 Absatz 4 erster Satz und 8 Absatz 1 an.</p>\n<p>[VS]</p>\n<p><b>Disposition finale de la modification du[NB]...</b></p>\n<p><i>Proposition de la minorit\u00e9 I </i>[GZ]</p>\n<p>(Rechsteiner Thomas, Crottaz, Gysi Barbara, Hess Lorenz, Lohr, Marti Samira, Meyer Mattea, Piller Carrard, Porchet, Weichelt, Wyss)[GZ]</p>\n<p>Le Conseil f\u00e9d\u00e9ral adapte les cotisations minimales vis\u00e9es aux articles 2 alin\u00e9a 4 deuxi\u00e8me phrase et 5, 8 alin\u00e9a 2 et 10 alin\u00e9a 1 aux taux de cotisation pr\u00e9vus respectivement aux articles 2 alin\u00e9a 4 premi\u00e8re phrase et 8 alin\u00e9a[NB]1.</p>\n<p>[VS]</p>\n<p><i>Proposition de la minorit\u00e9 II </i>[GZ]</p>\n<p>(Marti Samira, Crottaz, Gysi Barbara, Meyer Mattea, Piller Carrard, Porchet, Weichelt, Wyss)[GZ]</p>\n<p>Le Conseil f\u00e9d\u00e9ral adapte les cotisations minimales vis\u00e9es aux articles 2 alin\u00e9a 4 deuxi\u00e8me phrase et 5, 8 alin\u00e9a 2 et 10 alin\u00e9a 1 aux taux de cotisation pr\u00e9vus respectivement aux articles 2 alin\u00e9a 4 premi\u00e8re phrase et 8 alin\u00e9a[NB]1.</p>\n<p>[VS]</p>\n<p><i>Proposition de la minorit\u00e9 III </i>[GZ]</p>\n<p>(Porchet, Crottaz, Gysi Barbara, Marti Samira, Meyer Mattea, Piller Carrard, Porchet, Weichelt, Wyss)[GZ]</p>\n<p>Le Conseil f\u00e9d\u00e9ral adapte les cotisations minimales vis\u00e9es aux articles 2 alin\u00e9a 4 deuxi\u00e8me phrase et 5, 8 alin\u00e9a 2 et 10 alin\u00e9a 1 aux taux de cotisation pr\u00e9vus respectivement aux articles 2 alin\u00e9a 4 premi\u00e8re phrase et 8 alin\u00e9a[NB]1.</p>\n<p>[VS]</p>\n<p><b>Pr\u00e4sidentin</b> (Riniker Maja, Pr\u00e4sidentin): Die Antr\u00e4ge der verschiedenen Minderheiten wurden beim Titel abgelehnt. </p>\n<p>[VS]</p>\n<p><b>Ziff. Ia Einleitung</b></p>\n<p><i>Antrag der Kommission </i>[GZ]</p>\n<p>Zustimmung zum Beschluss des St\u00e4nderates</p>\n<p>[VS]</p>\n<p><b>Ch. Ia introduction </b>[GZ]</p>\n<p><i>Proposition de la commission </i>[GZ]</p>\n<p>Adh\u00e9rer \u00e0 la d\u00e9cision du Conseil des \u00c9tats [GZ]</p>\n<p>[VS][GZ]</p>\n<p><i>Angenommen - Adopt\u00e9</i></p>\n<p>[VS]</p>\n<p><b>Ziff. Ia Art. 3 Abs. 2 </b>[GZ]</p>\n<p><i>Antrag der Mehrheit </i>[GZ]</p>\n<p>Gem\u00e4ss geltendem Recht</p>\n<p>[VS]</p>\n<p><i>Antrag der Minderheit I </i>[GZ]</p>\n<p>(Rechsteiner Thomas, Crottaz, Gysi Barbara, Hess Lorenz, Lohr, Marti Samira, Meyer Mattea, Piller Carrard, Porchet, Weichelt, Wyss)[GZ]</p>\n<p>Zustimmung zum Beschluss des St\u00e4nderates</p>\n<p>[VS]</p>\n<p><i>Antrag der Minderheit II </i>[GZ]</p>\n<p>(Marti Samira, Crottaz, Gysi Barbara, Meyer Mattea, Piller Carrard, Porchet, Weichelt, Wyss)[GZ]</p>\n<p>Zustimmung zum Beschluss des St\u00e4nderates</p>\n<p>[VS]</p>\n<p><i>Antrag der Minderheit III </i>[GZ]</p>\n<p>(Porchet, Crottaz, Gysi Barbara, Marti Samira, Meyer Mattea, Piller Carrard, Porchet, Weichelt, Wyss)[GZ]</p>\n<p>Zustimmung zum Beschluss des St\u00e4nderates</p>\n<p>[VS]</p>\n<p><i>Antrag der Minderheit IV </i>[GZ]</p>\n<p>(Silberschmidt, Aellen, Aeschi, Amaudruz, de Courten, Glarner, Graber, Gutjahr, Sauter, Thalmann-Bieri, Vietze, Wyssmann)[GZ]</p>\n<p>Gem\u00e4ss geltendem Recht</p>\n<p>[VS]</p>\n<p><b>Ch. Ia art. 3 al. 2 </b>[GZ]</p>\n<p><i>Proposition de la majorit\u00e9 </i>[GZ]</p>\n<p>Selon droit en vigueur</p>\n<p>[VS]</p>\n<p><i>Proposition de la minorit\u00e9 I </i>[GZ]</p>\n<p>(Rechsteiner Thomas, Crottaz, Gysi Barbara, Hess Lorenz, Lohr, Marti Samira, Meyer Mattea, Piller Carrard, Porchet, Weichelt, Wyss)[GZ]</p>\n<p>Adh\u00e9rer \u00e0 la d\u00e9cision du Conseil des \u00c9tats</p>\n<p>[VS]</p>\n<p><i>Proposition de la minorit\u00e9 II </i>[GZ]</p>\n<p>(Marti Samira, Crottaz, Gysi Barbara, Meyer Mattea, Piller Carrard, Porchet, Weichelt, Wyss)[GZ]</p>\n<p>Adh\u00e9rer \u00e0 la d\u00e9cision du Conseil des \u00c9tats</p>\n<p>[VS]</p>\n<p><i>Proposition de la minorit\u00e9 III </i>[GZ]</p>\n<p>(Porchet, Crottaz, Gysi Barbara, Marti Samira, Meyer Mattea, Piller Carrard, Porchet, Weichelt, Wyss)[GZ]</p>\n<p>Adh\u00e9rer \u00e0 la d\u00e9cision du Conseil des \u00c9tats</p>\n<p>[VS]</p>\n<p><i>Proposition de la minorit\u00e9 IV </i>[GZ]</p>\n<p>(Silberschmidt, Aellen, Aeschi, Amaudruz, de Courten, Glarner, Graber, Gutjahr, Sauter, Thalmann-Bieri, Vietze, Wyssmann)[GZ]</p>\n<p>Selon droit en vigueur</p>\n<p>[VS]</p>\n<p><b>Pr\u00e4sidentin</b> (Riniker Maja, Pr\u00e4sidentin): \u00dcber die Antr\u00e4ge der verschiedenen Minderheiten wurde beim Titel abgestimmt.</p>\n<p>[VS]</p>\n<p><i>Angenommen gem\u00e4ss Antrag der Mehrheit </i>[GZ]</p>\n<p><i>Adopt\u00e9 selon la proposition de la majorit\u00e9</i></p>\n<p>[VS]</p>\n<p><b>Ziff. II </b>[GZ]</p>\n<p><i>Antrag der Mehrheit </i>[GZ]</p>\n<p><i>Abs. 1</i> [GZ]</p>\n<p>Zustimmung zum Beschluss des St\u00e4nderates</p>\n<p><i>Abs. 1bis </i>[GZ]</p>\n<p>Das Gesetz tritt nur zusammen mit dem Bundesbeschluss \u00fcber die Zusatzfinanzierung der AHV durch eine Erh\u00f6hung der Mehrwertsteuer vom ... in Kraft.</p>\n<p><i>Abs. 2 </i>[GZ]</p>\n<p>Zustimmung zum Entwurf des Bundesrates</p>\n<p><i>Abs. 3 </i>[GZ]</p>\n<p>Streichen</p>\n<p>[VS]</p>\n<p><i>Antrag der Minderheit </i>[GZ]</p>\n<p>(Rechsteiner Thomas, Crottaz, Gysi Barbara, Hess Lorenz, Lohr, Marti Samira, Meyer Mattea, Piller Carrard, Porchet, Roduit, Weichelt, Wyss)[GZ]</p>\n<p><i>Abs. 1bis </i>[GZ]</p>\n<p>Streichen</p>\n<p>[VS]</p>\n<p><i>Antrag der Minderheit I </i>[GZ]</p>\n<p>(Rechsteiner Thomas, Crottaz, Gysi Barbara, Hess Lorenz, Lohr, Marti Samira, Meyer Mattea, Piller Carrard, Porchet, Weichelt, Wyss)[GZ]</p>\n<p><i>Abs. 2, 3 </i>[GZ]</p>\n<p>Zustimmung zum Beschluss des St\u00e4nderates</p>\n<p>[VS]</p>\n<p><i>Antrag der Minderheit II </i>[GZ]</p>\n<p>(Marti Samira, Crottaz, Gysi Barbara, Meyer Mattea, Piller Carrard, Porchet, Weichelt, Wyss)[GZ]</p>\n<p><i>Abs. 2, 3 </i>[GZ]</p>\n<p>Zustimmung zum Beschluss des St\u00e4nderates</p>\n<p>[VS]</p>\n<p><i>Antrag der Minderheit III </i>[GZ]</p>\n<p>(Porchet, Crottaz, Gysi Barbara, Marti Samira, Meyer Mattea, Piller Carrard, Porchet, Weichelt, Wyss)[GZ]</p>\n<p><i>Abs. 2, 3 </i>[GZ]</p>\n<p>Zustimmung zum Beschluss des St\u00e4nderates</p>\n<p>[VS]</p>\n<p><i>Antrag der Minderheit IV </i>[GZ]</p>\n<p>(Silberschmidt, Aellen, Aeschi, Amaudruz, de Courten, Glarner, Graber, Gutjahr, Sauter, Thalmann-Bieri, Vietze, Wyssmann)[GZ]</p>\n<p><i>Abs. 2 </i>[GZ]</p>\n<p>Zustimmung zum Entwurf des Bundesrates [PAGE 1433]</p>\n<p><i>Abs. 3 </i>[GZ]</p>\n<p>Streichen</p>\n<p>[VS]</p>\n<p><b>Ch. II </b>[GZ]</p>\n<p><i>Proposition de la majorit\u00e9 </i>[GZ]</p>\n<p><i>Al. 1</i> [GZ]</p>\n<p>Adh\u00e9rer \u00e0 la d\u00e9cision du Conseil des \u00c9tats</p>\n<p><i>Al. 1bis </i>[GZ]</p>\n<p>La loi n'entre en vigueur qu'avec l'arr\u00eat\u00e9 f\u00e9d\u00e9ral du ... (date) sur le financement additionnel de l'AVS par le biais d'un rel\u00e8vement de la TVA.</p>\n<p><i>Al. 2 </i>[GZ]</p>\n<p>Adh\u00e9rer au projet du Conseil f\u00e9d\u00e9ral</p>\n<p><i>Al. 3 </i>[GZ]</p>\n<p>Biffer</p>\n<p>[VS]</p>\n<p><i>Proposition de la minorit\u00e9 </i>[GZ]</p>\n<p>(Rechsteiner Thomas, Crottaz, Gysi Barbara, Hess Lorenz, Lohr, Marti Samira, Meyer Mattea, Piller Carrard, Porchet, Roduit, Weichelt, Wyss)[GZ]</p>\n<p><i>Al. 1bis </i>[GZ]</p>\n<p>Biffer</p>\n<p>[VS]</p>\n<p><i>Proposition de la minorit\u00e9 I </i>[GZ]</p>\n<p>(Rechsteiner Thomas, Crottaz, Gysi Barbara, Hess Lorenz, Lohr, Marti Samira, Meyer Mattea, Piller Carrard, Porchet, Weichelt, Wyss)[GZ]</p>\n<p><i>Al. 2, 3 </i>[GZ]</p>\n<p>Adh\u00e9rer \u00e0 la d\u00e9cision du Conseil des \u00c9tats</p>\n<p>[VS]</p>\n<p><i>Proposition de la minorit\u00e9 II </i>[GZ]</p>\n<p>(Marti Samira, Crottaz, Gysi Barbara, Meyer Mattea, Piller Carrard, Porchet, Weichelt, Wyss)[GZ]</p>\n<p><i>Al. 2, 3 </i>[GZ]</p>\n<p>Adh\u00e9rer \u00e0 la d\u00e9cision du Conseil des \u00c9tats</p>\n<p>[VS]</p>\n<p><i>Proposition de la minorit\u00e9 III </i>[GZ]</p>\n<p>(Porchet, Crottaz, Gysi Barbara, Marti Samira, Meyer Mattea, Piller Carrard, Porchet, Weichelt, Wyss)[GZ]</p>\n<p><i>Al. 2, 3 </i>[GZ]</p>\n<p>Adh\u00e9rer \u00e0 la d\u00e9cision du Conseil des \u00c9tats</p>\n<p>[VS]</p>\n<p><i>Proposition de la minorit\u00e9 IV </i>[GZ]</p>\n<p>(Silberschmidt, Aellen, Aeschi, Amaudruz, de Courten, Glarner, Graber, Gutjahr, Sauter, Thalmann-Bieri, Vietze, Wyssmann)[GZ]</p>\n<p><i>Al. 2 </i>[GZ]</p>\n<p>Adh\u00e9rer au projet du Conseil f\u00e9d\u00e9ral</p>\n<p><i>Al. 3 </i>[GZ]</p>\n<p>Biffer</p>\n<p>[VS]</p>\n<p><i>Abs. 1bis - Al. 1bis </i>[GZ]</p>\n</pd_text>","MeetingCouncilAbbreviation":"N","MeetingDate":"20250910","MeetingVerbalixOid":4056,"IdSession":"5210","SpeakerFirstName":"Maja","SpeakerLastName":"Riniker","SpeakerFullName":"Riniker Maja","SpeakerFunction":"P-F","CouncilId":1,"CouncilName":"Conseil national","CantonId":19,"CantonName":"Argovie","CantonAbbreviation":"AG","ParlGroupName":"Groupe lib\u00e9ral-radical","ParlGroupAbbreviation":"RL","SortOrder":67,"Start":"\/Date(1757527964266)\/","End":"\/Date(1757528024304)\/","Function":"P-F","DisplaySpeaker":false,"LanguageOfText":null,"Modified":"\/Date(1781865879941)\/","StartTimeWithTimezone":"\/Date(1757527964267+0120)\/","EndTimeWithTimezone":"\/Date(1757528024303+0120)\/","VoteBusinessNumber":null,"VoteBusinessShortNumber":null,"VoteBusinessTitle":null},{"__metadata":{"id":"https://ws.parlament.ch/OData.svc/Transcript(ID=361307L,Language='FR')","uri":"https://ws.parlament.ch/OData.svc/Transcript(ID=361307L,Language='FR')","type":"itsystems.Pd.DataServices.DataModel.Transcript"},"Subjects":{"__deferred":{"uri":"https://ws.parlament.ch/OData.svc/Transcript(ID=361307L,Language='FR')/Subjects"}},"MembersCouncil":{"__deferred":{"uri":"https://ws.parlament.ch/OData.svc/Transcript(ID=361307L,Language='FR')/MembersCouncil"}},"Businesses":{"__deferred":{"uri":"https://ws.parlament.ch/OData.svc/Transcript(ID=361307L,Language='FR')/Businesses"}},"ID":"361307","Language":"FR","IdSubject":"68828","VoteId":null,"PersonNumber":4313,"Type":1,"Text":"<pd_text><p><i>Abs. 2, 3 - Al. 2, 3 </i>[GZ]</p>\n<p>[VS][GZ]</p>\n<p><b>Pr\u00e4sidentin</b> (Riniker Maja, Pr\u00e4sidentin): \u00dcber die Antr\u00e4ge der verschiedenen Minderheiten wurde beim Titel abgestimmt.</p>\n<p>[VS]</p>\n<p><i>Angenommen gem\u00e4ss Antrag der Mehrheit </i>[GZ]</p>\n<p><i>Adopt\u00e9 selon la proposition de la majorit\u00e9</i></p>\n<p>[VS]</p>\n<p><i>\u00dcbrige Bestimmungen angenommen </i>[GZ]</p>\n<p><i>Les autres dispositions sont adopt\u00e9es</i></p>\n</pd_text>","MeetingCouncilAbbreviation":"N","MeetingDate":"20250910","MeetingVerbalixOid":4056,"IdSession":"5210","SpeakerFirstName":"Maja","SpeakerLastName":"Riniker","SpeakerFullName":"Riniker Maja","SpeakerFunction":"P-F","CouncilId":1,"CouncilName":"Conseil national","CantonId":19,"CantonName":"Argovie","CantonAbbreviation":"AG","ParlGroupName":"Groupe lib\u00e9ral-radical","ParlGroupAbbreviation":"RL","SortOrder":69,"Start":"\/Date(1757528024304)\/","End":"\/Date(1757528065939)\/","Function":"P-F","DisplaySpeaker":false,"LanguageOfText":null,"Modified":"\/Date(1781865879946)\/","StartTimeWithTimezone":"\/Date(1757528024303+0120)\/","EndTimeWithTimezone":"\/Date(1757528065940+0120)\/","VoteBusinessNumber":null,"VoteBusinessShortNumber":null,"VoteBusinessTitle":null},{"__metadata":{"id":"https://ws.parlament.ch/OData.svc/Transcript(ID=361308L,Language='FR')","uri":"https://ws.parlament.ch/OData.svc/Transcript(ID=361308L,Language='FR')","type":"itsystems.Pd.DataServices.DataModel.Transcript"},"Subjects":{"__deferred":{"uri":"https://ws.parlament.ch/OData.svc/Transcript(ID=361308L,Language='FR')/Subjects"}},"MembersCouncil":{"__deferred":{"uri":"https://ws.parlament.ch/OData.svc/Transcript(ID=361308L,Language='FR')/MembersCouncil"}},"Businesses":{"__deferred":{"uri":"https://ws.parlament.ch/OData.svc/Transcript(ID=361308L,Language='FR')/Businesses"}},"ID":"361308","Language":"FR","IdSubject":"68828","VoteId":null,"PersonNumber":4220,"Type":1,"Text":"<pd_text><p>Au terme de ces d\u00e9bats, j'aimerais compl\u00e9ter la vision d'ensemble donn\u00e9e par Mme la conseill\u00e8re f\u00e9d\u00e9rale, notamment avec les votes ainsi qu'avec les incidences financi\u00e8res. D'un c\u00f4t\u00e9, vous avez le concept du Conseil f\u00e9d\u00e9ral, avec une augmentation de la TVA de 0,7 pour cent et une r\u00e9duction de la contribution de la Conf\u00e9d\u00e9ration \u00e0 19,5 pour cent. Ce concept est modifi\u00e9 par la commission de notre conseil, par 13 voix contre[NB]12[NB]: le financement serait temporaire, jusqu'en 2030, et sans r\u00e9duction de la contribution de la Conf\u00e9d\u00e9ration.</p>\n<p>De l'autre c\u00f4t\u00e9, un second ensemble[NB]: les trois minorit\u00e9s reprennent, modifient et am\u00e9liorent le concept du Conseil des \u00c9tats, qui propose<b> </b>un mix entre les cotisations AVS et l'augmentation de la TVA, sans oublier qu'il y a \u00e9galement une proposition de r\u00e9duction des cotisations de l'assurance-ch\u00f4mage de 0,2 point. \u00c9galement, dans le concept du Conseil des \u00c9tats, le financement se fait en deux \u00e9tapes, en tenant compte de la probabilit\u00e9 ou non du d\u00e9plafonnement des rentes AVS. Cela d\u00e9pendra de ce que le peuple voudra bien d\u00e9cider \u00e0 partir de 2028.</p>\n<p>Les situations financi\u00e8res[NB]: selon la proposition du Conseil f\u00e9d\u00e9ral, en 2030, on aurait encore un d\u00e9ficit de 1,4 milliard de francs[NB]; en 2035, de 1,2 milliard. Selon la proposition de la majorit\u00e9[NB]: en 2030, un d\u00e9ficit de 1 milliard, mais, en 2035, sans solution, un d\u00e9ficit de 4 milliards.</p>\n<p>Si l'on reprend maintenant les d\u00e9cisions du Conseil des \u00c9tats, concern\u00e9es par des propositions de modification par la minorit\u00e9 II (Marti Samira) et la minorit\u00e9 I (Rechsteiner Thomas), on trouve en 2030 une situation \u00e0 moins 1,2 milliard de francs et \u00e0 moins 1 milliard en 2035. Pour la proposition de la minorit\u00e9 II (Marti Samira), dont la principale diff\u00e9rence est le taux d'augmentation de la TVA, respectivement \u00e0 0,3 et 0,3 pour la seconde \u00e9tape, limit\u00e9 jusqu'en 2035, on aurait en 2030 une situation \u00e0 moins 2,5 milliards et en 2035 \u00e0 moins 2,6 milliards. Cette proposition a \u00e9t\u00e9 rejet\u00e9e, par 17 voix contre[NB]8.</p>\n<p>Pour la proposition de la minorit\u00e9 I (Rechsteiner Thomas)[NB]: la diff\u00e9rence avec la proposition du Conseil des \u00c9tats et la proposition II (Marti Samira) est une augmentation r\u00e9duite de la cotisation salariale \u00e0 0,3 point, ce qui fait une diff\u00e9rence de 0,1 point \u00e0 partager entre employeurs et employ\u00e9s ainsi qu'une augmentation de la TVA ramen\u00e9e \u00e0 0,4 point, que ce soit pour la premi\u00e8re ou la seconde \u00e9tape. Ces propositions tiennent bien s\u00fbr compte des perspectives financi\u00e8res plus favorables de l'AVS. L'incidence financi\u00e8re en 2030[NB]: moins 2,3 milliards pour la proposition de la minorit\u00e9 I (Rechsteiner Thomas)[NB]; en 2035, 2,4 milliards. Elle a \u00e9t\u00e9 rejet\u00e9e par un vote tr\u00e8s serr\u00e9, par 13 voix contre[NB]12.</p>\n<p>Il ne faut pas oublier le concept de la minorit\u00e9 IV (Silberschmidt): pas de r\u00e9duction de la participation de la Conf\u00e9d\u00e9ration, un objectif pour le fonds AVS \u00e0 90 pour cent et si le fonds tombe en dessous de 90 pour cent, une augmentation de la TVA de 0,5 point et - l'\u00e9l\u00e9ment pr\u00e9pond\u00e9rant - une augmentation de l'\u00e2ge de r\u00e9f\u00e9rence de 6 mois. Avec ce concept, la situation serait, en 2030, un d\u00e9ficit de 3,5 milliards de francs. Par contre, en 2035, il y aurait un exc\u00e9dent de 1,3 milliard. Cette proposition a \u00e9t\u00e9 rejet\u00e9e, par 13 voix contre[NB]12.</p>\n<p>Enfin, j'\u00e9mets une derni\u00e8re remarque concernant l'entr\u00e9e en vigueur, au chiffre II alin\u00e9a 1bis. La commission, par 13 voix contre 12, souhaite lier l'entr\u00e9e en vigueur du projet 2, relatifs aux cotisations salariales, avec le projet 3 concernant la TVA, soumis au peuple. Pour la minorit\u00e9 Rechsteiner Thomas, ce serait prendre le risque, en cas de refus de l'augmentation de la TVA par le peuple, de n'avoir aucun financement pour la 13e rente. \u00c0 l'alin\u00e9a 2, la minorit\u00e9 I (Rechsteiner Thomas) demande, comme le Conseil des \u00c9tats, une entr\u00e9e en vigueur du projet 2 au 1er janvier 2028, sous r\u00e9serve bien s\u00fbr de r\u00e9f\u00e9rendum. Une fois encore, notre commission est consciente que cet objet a de grosses incidences, non seulement financi\u00e8res, mais aussi \u00e9conomiques et sociales, et qu'il s'agit, dans le d\u00e9tail de bien peser les cons\u00e9quences de chaque vote pour celles et ceux qui, \u00e0 plus de 58 pour cent, ont pl\u00e9biscit\u00e9 l'introduction de cette 13e rente.</p>\n</pd_text>","MeetingCouncilAbbreviation":"N","MeetingDate":"20250910","MeetingVerbalixOid":4056,"IdSession":"5210","SpeakerFirstName":"Benjamin","SpeakerLastName":"Roduit","SpeakerFullName":"Roduit Benjamin","SpeakerFunction":"Mit-M","CouncilId":1,"CouncilName":"Conseil national","CantonId":23,"CantonName":"Valais","CantonAbbreviation":"VS","ParlGroupName":"Le Groupe du Centre. Le Centre. PEV.","ParlGroupAbbreviation":"M-E","SortOrder":50,"Start":"\/Date(1757526656125)\/","End":"\/Date(1757526934244)\/","Function":"*","DisplaySpeaker":true,"LanguageOfText":"FR","Modified":"\/Date(1781865879897)\/","StartTimeWithTimezone":"\/Date(1757526656127+0120)\/","EndTimeWithTimezone":"\/Date(1757526934243+0120)\/","VoteBusinessNumber":null,"VoteBusinessShortNumber":null,"VoteBusinessTitle":null},{"__metadata":{"id":"https://ws.parlament.ch/OData.svc/Transcript(ID=361309L,Language='FR')","uri":"https://ws.parlament.ch/OData.svc/Transcript(ID=361309L,Language='FR')","type":"itsystems.Pd.DataServices.DataModel.Transcript"},"Subjects":{"__deferred":{"uri":"https://ws.parlament.ch/OData.svc/Transcript(ID=361309L,Language='FR')/Subjects"}},"MembersCouncil":{"__deferred":{"uri":"https://ws.parlament.ch/OData.svc/Transcript(ID=361309L,Language='FR')/MembersCouncil"}},"Businesses":{"__deferred":{"uri":"https://ws.parlament.ch/OData.svc/Transcript(ID=361309L,Language='FR')/Businesses"}},"ID":"361309","Language":"FR","IdSubject":"68828","VoteId":null,"PersonNumber":4313,"Type":1,"Text":"<pd_text><p><b>3.[NB]Bundesbeschluss \u00fcber die Zusatzfinanzierung der AHV durch eine Erh\u00f6hung der Mehrwertsteuer</b>[GZ]</p>\n<p><b>3.[NB]Arr\u00eat\u00e9 f\u00e9d\u00e9ral sur le financement additionnel de l'AVS par le biais d'un rel\u00e8vement de la TVA</b>[GZ]</p>\n<p>[VS][GZ]</p>\n<p><i>Detailberatung - Discussion par article </i>[GZ]</p>\n<p>[VS][GZ]</p>\n<p><b>Titel und Ingress, Ziff. I Einleitung </b>[GZ]</p>\n<p><i>Antrag der Kommission </i>[GZ]</p>\n<p>Zustimmung zum Beschluss des St\u00e4nderates</p>\n<p>[VS]</p>\n<p><b>Titre et pr\u00e9ambule, ch. I introduction </b>[GZ]</p>\n<p><i>Proposition de la commission </i>[GZ]</p>\n<p>Adh\u00e9rer \u00e0 la d\u00e9cision du Conseil des \u00c9tats [GZ]</p>\n<p>[VS][GZ]</p>\n<p><i>Angenommen - Adopt\u00e9</i></p>\n<p>[VS]</p>\n<p><b>Art. 112d </b>[GZ]</p>\n<p><i>Antrag der Minderheit IV </i>[GZ]</p>\n<p>(Silberschmidt, Aellen, Aeschi, Amaudruz, de Courten, Glarner, Graber, Gutjahr, Sauter, Thalmann-Bieri, Vietze, Wyssmann)[GZ]</p>\n<p><i>Titel </i>[GZ]</p>\n<p>\u00dcberwachung des finanziellen Gleichgewichts der AHV</p>\n<p><i>Abs. 1 </i>[GZ]</p>\n<p>Liegt der Stand des AHV-Ausgleichsfonds am Ende eines Rechnungsjahres unter 90 Prozent einer Jahresausgabe und ist absehbar, dass er innerhalb der n\u00e4chsten drei Jahre weiter sinken wird, setzt der Bundesrat auf den Beginn des nachfolgenden Rechnungsjahres die folgenden Massnahmen in Kraft:</p>\n<p>a. Er hebt die Mehrwertsteuers\u00e4tze gem\u00e4ss Artikel 130 Absatz 3quinquies um 0,5 Prozentpunkte an;</p>\n<p>b. Er erh\u00f6ht das Referenzalter um 6 Monate, in Schritten von zwei Monaten pro Kalenderjahr.</p>\n<p><i>Abs. 2 </i>[GZ]</p>\n<p>F\u00e4llt der Stand des AHV-Ausgleichsfonds am Ende eines Rechnungsjahres erneut unter 90 Prozent einer Jahresausgabe und ist absehbar, dass er innerhalb der n\u00e4chsten drei Jahre weiter sinken wird, so setzt der Bundesrat auf den Beginn des nachfolgenden Rechnungsjahres, fr\u00fchestens aber nach Abschluss der schrittweisen Erh\u00f6hung des Rentenalters gem\u00e4ss Absatz 1, wiederum die Massnahmen gem\u00e4ss Absatz 1 in Kraft.</p>\n<p>[VS]</p>\n<p><b>Art. 112d </b>[GZ]</p>\n<p><i>Proposition de la minorit\u00e9 IV </i>[GZ]</p>\n<p>(Silberschmidt, Aellen, Aeschi, Amaudruz, de Courten, Glarner, Graber, Gutjahr, Sauter, Thalmann-Bieri, Vietze, Wyssmann)[GZ]</p>\n<p><i>Titre </i>[GZ]</p>\n<p>Surveillance de l'\u00e9quilibre financier de l'AVS</p>\n<p><i>Al. 1 </i>[GZ]</p>\n<p>Si, \u00e0 la fin d'un exercice comptable, le niveau du Fonds de compensation de l'AVS tombe au-des-sous de 90 pour cent des d\u00e9penses annuelles et s'il est pr\u00e9visible qu'il baissera encore au cours des trois ann\u00e9es suivantes, le Conseil f\u00e9d\u00e9ral met en vigueur les mesures suivantes au d\u00e9but de l'exercice comptable suivant[NB]:</p>\n<p>a. il rel\u00e8ve les taux de la TVA de 0,5 point de pourcentage conform\u00e9ment \u00e0 l'article 130 alin\u00e9a 3quinquies[NB];</p>\n<p>b. il rel\u00e8ve l'\u00e2ge de r\u00e9f\u00e9rence de six mois, par tranches de deux mois par ann\u00e9e civile.</p>\n<p><i>Al. 2 </i>[GZ]</p>\n<p>Si, \u00e0 la fin d'un exercice comptable, le niveau du Fonds de compensation de l'AVS tombe de nouveau sous le seuil de 90 pour cent des d\u00e9penses annuelles et s'il est pr\u00e9visible qu'il baissera encore au cours des trois ann\u00e9es suivantes, le Conseil f\u00e9d\u00e9ral remet en vigueur les mesures pr\u00e9vues \u00e0 [PAGE 1434] l'alin\u00e9a 1 au d\u00e9but de l'exercice comptable suivant, mais au plus t\u00f4t apr\u00e8s l'ach\u00e8vement du rel\u00e8vement progressif de l'\u00e2ge de r\u00e9f\u00e9rence vis\u00e9 \u00e0 l'alin\u00e9a[NB]1.</p>\n<p>[VS]</p>\n<p><b>Pr\u00e4sidentin</b> (Riniker Maja, Pr\u00e4sidentin): Der Antrag der Minderheit IV (Silberschmidt) wurde bei der Abstimmung \u00fcber den Titel von Vorlage 2 abgelehnt. </p>\n<p>[VS]</p>\n<p><b>Art. 130 </b>[GZ]</p>\n<p><i>Antrag der Mehrheit </i>[GZ]</p>\n<p><i>Abs. 3quinquies, 3sexies </i>[GZ]</p>\n<p>Zustimmung zum Entwurf des Bundesrates</p>\n<p><i>Abs. 3septies </i>[GZ]</p>\n<p>Streichen</p>\n<p>[VS]</p>\n<p><i>Antrag der Minderheit I </i>[GZ]</p>\n<p>(Rechsteiner Thomas, Crottaz, Gysi Barbara, Hess Lorenz, Lohr, Marti Samira, Meyer Mattea, Piller Carrard, Porchet, Weichelt, Wyss)[GZ]</p>\n<p><i>Abs. 3quinquies </i>[GZ]</p>\n<p>... den Normalsatz um 0,4 Prozentpunkte ... um 0,2 Prozentpunkte.</p>\n<p><i>Abs. 3sexies </i>[GZ]</p>\n<p>Gem\u00e4ss St\u00e4nderat, aber: </p>\n<p>... um h\u00f6chstens 0,4 Prozentpunkte ...</p>\n<p><i>Abs. 3septies </i>[GZ]</p>\n<p>Zustimmung zum Beschluss des St\u00e4nderates</p>\n<p>[VS]</p>\n<p><i>Antrag der Minderheit II </i>[GZ]</p>\n<p>(Marti Samira, Crottaz, Gysi Barbara, Meyer Mattea, Piller Carrard, Porchet, Weichelt, Wyss)[GZ]</p>\n<p><i>Abs. 3quinquies </i>[GZ]</p>\n<p>... den Normalsatz um 0,3 Prozentpunkte ... um 0,1 Prozentpunkte ... um 0,2 Prozentpunkte.</p>\n<p><i>Abs. 3sexies </i>[GZ]</p>\n<p>Gem\u00e4ss St\u00e4nderat, aber:</p>\n<p>... um h\u00f6chstens 0,3 Prozentpunkte ... um h\u00f6chstens 0,1 Prozentpunkte[NB]...</p>\n<p><i>Abs. 3septies </i>[GZ]</p>\n<p>Zustimmung zum Beschluss des St\u00e4nderates</p>\n<p>[VS]</p>\n<p><i>Antrag der Minderheit III </i>[GZ]</p>\n<p>(Porchet, Crottaz, Gysi Barbara, Marti Samira, Meyer Mattea, Piller Carrard, Porchet, Weichelt, Wyss)[GZ]</p>\n<p><i>Abs. 3quinquies-3septies</i>[GZ]</p>\n<p>Zustimmung zum Beschluss des St\u00e4nderates</p>\n<p>[VS]</p>\n<p><i>Antrag der Minderheit IV </i>[GZ]</p>\n<p>(Silberschmidt, Aellen, Aeschi, Amaudruz, de Courten, Glarner, Graber, Gutjahr, Sauter, Thalmann-Bieri, Vietze, Wyssmann)[GZ]</p>\n<p><i>Abs. 3quinquies </i>[GZ]</p>\n<p>F\u00e4llt der AHV-Ausgleichsfonds unter den in Artikel 112d Absatz 1 vorgesehenen Stand, hebt der Bundesrat zur Sicherung der Finanzierung der Alters- und Hinterlassenenversicherung die Mehrwertsteuers\u00e4tze jeweils um 0,5 Prozentpunkte an. Gleichzeitig werden der reduzierte Steuersatz und der Sondersatz nach Artikel 25 Abs\u00e4tze 2 und 4 MWSTG proportional angepasst.</p>\n<p><i>Abs. 3sexies </i>[GZ]</p>\n<p>Zustimmung zum Entwurf des Bundesrates</p>\n<p><i>Abs. 3septies </i>[GZ]</p>\n<p>Streichen</p>\n<p>[VS]</p>\n<p><b>Art. 130 </b>[GZ]</p>\n<p><i>Proposition de la majorit\u00e9 </i>[GZ]</p>\n<p><i>Al. 3quinquies, 3sexies </i>[GZ]</p>\n<p>Adh\u00e9rer au projet du Conseil f\u00e9d\u00e9ral</p>\n<p><i>Al. 3septies </i>[GZ]</p>\n<p>Biffer</p>\n<p>[VS]</p>\n<p><i>Proposition de la minorit\u00e9 I </i>[GZ]</p>\n<p>(Rechsteiner Thomas, Crottaz, Gysi Barbara, Hess Lorenz, Lohr, Marti Samira, Meyer Mattea, Piller Carrard, Porchet, Weichelt, Wyss)[GZ]</p>\n<p><i>Al. 3quinquies </i>[GZ]</p>\n<p>... taux normal de 0,4 point ... de 0,2 point.</p>\n<p><i>Al. 3sexies </i>[GZ]</p>\n<p>Selon Conseil des \u00c9tats, mais[NB]: </p>\n<p>... au maximum de 0,4 point ...</p>\n<p><i>Al. 3septies </i>[GZ]</p>\n<p>Adh\u00e9rer \u00e0 la d\u00e9cision du Conseil des \u00c9tats</p>\n<p>[VS]</p>\n<p><i>Proposition de la minorit\u00e9 II </i>[GZ]</p>\n<p>(Marti Samira, Crottaz, Gysi Barbara, Meyer Mattea, Piller Carrard, Porchet, Weichelt, Wyss)[GZ]</p>\n<p><i>Al. 3quinquies </i>[GZ]</p>\n<p>... taux normal de 0,3 point, le taux r\u00e9duit de 0,1 point ... de 0,2 point.</p>\n<p><i>Al. 3sexies </i>[GZ]</p>\n<p>Selon Conseil des \u00c9tats, mais[NB]: </p>\n<p>... au maximum de 0,3 point ... au maximum de 0,1 point[NB]...</p>\n<p><i>Al. 3septies </i>[GZ]</p>\n<p>Adh\u00e9rer \u00e0 la d\u00e9cision du Conseil des \u00c9tats</p>\n<p>[VS]</p>\n<p><i>Proposition de la minorit\u00e9 III </i>[GZ]</p>\n<p>(Porchet, Crottaz, Gysi Barbara, Marti Samira, Meyer Mattea, Piller Carrard, Porchet, Weichelt, Wyss)[GZ]</p>\n<p><i>Al. 3quinquies-3septies</i>[GZ]</p>\n<p>Adh\u00e9rer \u00e0 la d\u00e9cision du Conseil des \u00c9tats</p>\n<p>[VS]</p>\n<p><i>Proposition de la minorit\u00e9 IV </i>[GZ]</p>\n<p>(Silberschmidt, Aellen, Aeschi, Amaudruz, de Courten, Glarner, Graber, Gutjahr, Sauter, Thalmann-Bieri, Vietze, Wyssmann)[GZ]</p>\n<p><i>Al. 3quinquies </i>[GZ]</p>\n<p>Si le Fonds de compensation de l'AVS tombe en dessous du niveau pr\u00e9vu \u00e0 l'article 112d alin\u00e9a 1, le Conseil f\u00e9d\u00e9ral rel\u00e8ve dans chaque cas les taux de la TVA de 0,5 point de pourcentage afin d'assurer le financement de l'assurance-vieillesse et survivants. Il adapte \u00e9galement de mani\u00e8re proportionnelle le taux r\u00e9duit et le taux sp\u00e9cial pr\u00e9vus \u00e0 l'article 25 alin\u00e9as 2 et 4 LTVA.</p>\n<p><i>Al. 3sexies </i>[GZ]</p>\n<p>Adh\u00e9rer au projet du Conseil f\u00e9d\u00e9ral</p>\n<p><i>Al. 3septies </i>[GZ]</p>\n<p>Biffer</p>\n<p>[VS]</p>\n<p><b>Pr\u00e4sidentin</b> (Riniker Maja, Pr\u00e4sidentin): \u00dcber die Antr\u00e4ge der verschiedenen Minderheiten wurde beim Titel von Vorlage 2 abgestimmt.</p>\n<p>[VS]</p>\n<p><i>Angenommen gem\u00e4ss Antrag der Mehrheit </i>[GZ]</p>\n<p><i>Adopt\u00e9 selon la proposition de la majorit\u00e9</i></p>\n<p>[VS]</p>\n<p><b>Art. 196 Ziff. 14 Abs. 6 </b>[GZ]</p>\n<p><i>Antrag der Minderheit I </i>[GZ]</p>\n<p>(Rechsteiner Thomas, Crottaz, Gysi Barbara, Hess Lorenz, Lohr, Marti Samira, Meyer Mattea, Piller Carrard, Porchet, Weichelt, Wyss)[GZ]</p>\n<p>Artikel 130 Absatz 3sexies gilt bis zum 31.[NB]Dezember 2035, wenn bis dahin weder die gesetzlichen Bestimmungen zur K\u00fcrzung der Summe der beiden Renten der Alters-, Hinterlassenen- und Invalidenversicherung eines Ehepaars aufgehoben werden noch der Maximalbetrag dieser Summe erh\u00f6ht wird.</p>\n<p>[VS]</p>\n<p><i>Antrag der Minderheit II </i>[GZ]</p>\n<p>(Marti Samira, Crottaz, Gysi Barbara, Meyer Mattea, Piller Carrard, Porchet, Weichelt, Wyss)[GZ]</p>\n<p>Artikel 130 Absatz 3sexies gilt bis zum 31.[NB]Dezember 2035, wenn bis dahin weder die gesetzlichen Bestimmungen zur K\u00fcrzung der Summe der beiden Renten der Alters-, Hinterlassenen- und Invalidenversicherung eines Ehepaars aufgehoben werden noch der Maximalbetrag dieser Summe erh\u00f6ht wird. [PAGE 1435]</p>\n<p>[VS]</p>\n<p><b>Art. 196 ch. 14 al. 6 </b>[GZ]</p>\n<p><i>Proposition de la minorit\u00e9 I </i>[GZ]</p>\n<p>(Rechsteiner Thomas, Crottaz, Gysi Barbara, Hess Lorenz, Lohr, Marti Samira, Meyer Mattea, Piller Carrard, Porchet, Weichelt, Wyss)[GZ]</p>\n<p>L'article 130 alin\u00e9a 3sexies, s'applique jusqu'au 31 d\u00e9cembre 2035 si, d'ici l\u00e0, ni les dispositions l\u00e9gales relatives \u00e0 la r\u00e9duction de la somme des deux rentes de l'assurance-vieillesse, survivants et invalidit\u00e9 pour un couple n'ont \u00e9t\u00e9 abrog\u00e9es, ni le montant maximal de cette somme n'a \u00e9t\u00e9 augment\u00e9.</p>\n<p>[VS]</p>\n<p><i>Proposition de la minorit\u00e9 II </i>[GZ]</p>\n<p>(Marti Samira, Crottaz, Gysi Barbara, Meyer Mattea, Piller Carrard, Porchet, Weichelt, Wyss)[GZ]</p>\n<p>L'article 130 alin\u00e9a 3sexies, s'applique jusqu'au 31 d\u00e9cembre 2035 si, d'ici l\u00e0, ni les dispositions l\u00e9gales relatives \u00e0 la r\u00e9duction de la somme des deux rentes de l'assurance-vieillesse, survivants et invalidit\u00e9 pour un couple n'ont \u00e9t\u00e9 abrog\u00e9es, ni le montant maximal de cette somme n'a \u00e9t\u00e9 augment\u00e9.</p>\n<p>[VS]</p>\n<p><b>Pr\u00e4sidentin</b> (Riniker Maja, Pr\u00e4sidentin): Die Antr\u00e4ge der Minderheiten I (Rechsteiner Thomas) und II (Marti Samira) wurden bei der Abstimmung \u00fcber den Titel von Vorlage 2 abgelehnt.</p>\n<p>[VS]</p>\n<p><b>Ziff. II </b>[GZ]</p>\n<p><i>Antrag der Mehrheit </i>[GZ]</p>\n<p><i>Abs. 1, 2</i><b> </b>[GZ]</p>\n<p>Zustimmung zum Beschluss des St\u00e4nderates</p>\n<p><i>Abs. 3</i><b> </b>[GZ]</p>\n<p>Der Beschluss gilt ab seinem Inkrafttreten bis zum 31.[NB]Dezember 2030.</p>\n<p>[VS]</p>\n<p><i>Antrag der Minderheit I </i>[GZ]</p>\n<p>(Rechsteiner Thomas, Crottaz, Gysi Barbara, Hess Lorenz, Lohr, Marti Samira, Meyer Mattea, Piller Carrard, Porchet, Weichelt, Wyss)[GZ]</p>\n<p><i>Abs. 3</i><b> </b>[GZ]</p>\n<p>Streichen</p>\n<p>[VS]</p>\n<p><i>Antrag der Minderheit II </i>[GZ]</p>\n<p>(Marti Samira, Crottaz, Gysi Barbara, Meyer Mattea, Piller Carrard, Porchet, Weichelt, Wyss)[GZ]</p>\n<p><i>Abs. 3</i><b> </b>[GZ]</p>\n<p>Streichen</p>\n<p>[VS]</p>\n<p><i>Antrag der Minderheit III </i>[GZ]</p>\n<p>(Porchet, Crottaz, Gysi Barbara, Marti Samira, Meyer Mattea, Piller Carrard, Porchet, Weichelt, Wyss)[GZ]</p>\n<p><i>Abs. 3</i><b> </b>[GZ]</p>\n<p>Streichen</p>\n<p>[VS]</p>\n<p><i>Antrag der Minderheit IV </i>[GZ]</p>\n<p>(Silberschmidt, Aellen, Aeschi, Amaudruz, de Courten, Glarner, Graber, Gutjahr, Sauter, Thalmann-Bieri, Vietze, Wyssmann)[GZ]</p>\n<p><i>Abs. 3</i><b> </b>[GZ]</p>\n<p>Streichen</p>\n<p>[VS]</p>\n<p><b>Ch. II </b>[GZ]</p>\n<p><i>Proposition de la majorit\u00e9 </i>[GZ]</p>\n<p><i>Al. 1, 2</i><b> </b>[GZ]</p>\n<p>Adh\u00e9rer \u00e0 la d\u00e9cision du Conseil des \u00c9tats</p>\n<p><i>Al. 3</i><b> </b>[GZ]</p>\n<p>L'arr\u00eat\u00e9 s'applique \u00e0 compter de son entr\u00e9e en vigueur jusqu'au 31 d\u00e9cembre 2030.</p>\n<p>[VS]</p>\n<p><i>Proposition de la minorit\u00e9 I </i>[GZ]</p>\n<p>(Rechsteiner Thomas, Crottaz, Gysi Barbara, Hess Lorenz, Lohr, Marti Samira, Meyer Mattea, Piller Carrard, Porchet, Weichelt, Wyss)[GZ]</p>\n<p><i>Al. 3</i><b> </b>[GZ]</p>\n<p>Biffer</p>\n<p>[VS]</p>\n<p><i>Proposition de la minorit\u00e9 II </i>[GZ]</p>\n<p>(Marti Samira, Crottaz, Gysi Barbara, Meyer Mattea, Piller Carrard, Porchet, Weichelt, Wyss)[GZ]</p>\n<p><i>Al. 3</i><b> </b>[GZ]</p>\n<p>Biffer</p>\n<p>[VS]</p>\n<p><i>Proposition de la minorit\u00e9 III </i>[GZ]</p>\n<p>(Porchet, Crottaz, Gysi Barbara, Marti Samira, Meyer Mattea, Piller Carrard, Porchet, Weichelt, Wyss)[GZ]</p>\n<p><i>Al. 3</i><b> </b>[GZ]</p>\n<p>Biffer</p>\n<p>[VS]</p>\n<p><i>Proposition de la minorit\u00e9 IV </i>[GZ]</p>\n<p>(Silberschmidt, Aellen, Aeschi, Amaudruz, de Courten, Glarner, Graber, Gutjahr, Sauter, Thalmann-Bieri, Vietze, Wyssmann)[GZ]</p>\n<p><i>Al. 3</i><b> </b>[GZ]</p>\n<p>Biffer</p>\n<p>[VS]</p>\n<p><b>Pr\u00e4sidentin</b> (Riniker Maja, Pr\u00e4sidentin): \u00dcber die Antr\u00e4ge der verschiedenen Minderheiten wurde beim Titel von Vorlage 2 abgestimmt.</p>\n<p>[VS]</p>\n<p><i>Angenommen gem\u00e4ss Antrag der Mehrheit </i>[GZ]</p>\n<p><i>Adopt\u00e9 selon la proposition de la majorit\u00e9</i></p>\n</pd_text>","MeetingCouncilAbbreviation":"N","MeetingDate":"20250910","MeetingVerbalixOid":4056,"IdSession":"5210","SpeakerFirstName":"Maja","SpeakerLastName":"Riniker","SpeakerFullName":"Riniker Maja","SpeakerFunction":"P-F","CouncilId":1,"CouncilName":"Conseil national","CantonId":19,"CantonName":"Argovie","CantonAbbreviation":"AG","ParlGroupName":"Groupe lib\u00e9ral-radical","ParlGroupAbbreviation":"RL","SortOrder":71,"Start":"\/Date(1757528065939)\/","End":"\/Date(1757528150999)\/","Function":"P-F","DisplaySpeaker":false,"LanguageOfText":null,"Modified":"\/Date(1781865879953)\/","StartTimeWithTimezone":"\/Date(1757528065940+0120)\/","EndTimeWithTimezone":"\/Date(1757528151000+0120)\/","VoteBusinessNumber":null,"VoteBusinessShortNumber":null,"VoteBusinessTitle":null},{"__metadata":{"id":"https://ws.parlament.ch/OData.svc/Transcript(ID=361310L,Language='FR')","uri":"https://ws.parlament.ch/OData.svc/Transcript(ID=361310L,Language='FR')","type":"itsystems.Pd.DataServices.DataModel.Transcript"},"Subjects":{"__deferred":{"uri":"https://ws.parlament.ch/OData.svc/Transcript(ID=361310L,Language='FR')/Subjects"}},"MembersCouncil":{"__deferred":{"uri":"https://ws.parlament.ch/OData.svc/Transcript(ID=361310L,Language='FR')/MembersCouncil"}},"Businesses":{"__deferred":{"uri":"https://ws.parlament.ch/OData.svc/Transcript(ID=361310L,Language='FR')/Businesses"}},"ID":"361310","Language":"FR","IdSubject":"68828","VoteId":null,"PersonNumber":4313,"Type":1,"Text":"<pd_text><p><b>Pr\u00e4sidentin</b> (Riniker Maja, Pr\u00e4sidentin): Das Gesch\u00e4ft geht an den St\u00e4nderat zur\u00fcck. </p>\n</pd_text>","MeetingCouncilAbbreviation":"N","MeetingDate":"20250910","MeetingVerbalixOid":4056,"IdSession":"5210","SpeakerFirstName":"Maja","SpeakerLastName":"Riniker","SpeakerFullName":"Riniker Maja","SpeakerFunction":"P-F","CouncilId":1,"CouncilName":"Conseil national","CantonId":19,"CantonName":"Argovie","CantonAbbreviation":"AG","ParlGroupName":"Groupe lib\u00e9ral-radical","ParlGroupAbbreviation":"RL","SortOrder":73,"Start":"\/Date(1757528150999)\/","End":"\/Date(1757528202246)\/","Function":"P-F","DisplaySpeaker":false,"LanguageOfText":null,"Modified":"\/Date(1781865879960)\/","StartTimeWithTimezone":"\/Date(1757528151000+0120)\/","EndTimeWithTimezone":"\/Date(1757528202247+0120)\/","VoteBusinessNumber":null,"VoteBusinessShortNumber":null,"VoteBusinessTitle":null},{"__metadata":{"id":"https://ws.parlament.ch/OData.svc/Transcript(ID=361312L,Language='FR')","uri":"https://ws.parlament.ch/OData.svc/Transcript(ID=361312L,Language='FR')","type":"itsystems.Pd.DataServices.DataModel.Transcript"},"Subjects":{"__deferred":{"uri":"https://ws.parlament.ch/OData.svc/Transcript(ID=361312L,Language='FR')/Subjects"}},"MembersCouncil":{"__deferred":{"uri":"https://ws.parlament.ch/OData.svc/Transcript(ID=361312L,Language='FR')/MembersCouncil"}},"Businesses":{"__deferred":{"uri":"https://ws.parlament.ch/OData.svc/Transcript(ID=361312L,Language='FR')/Businesses"}},"ID":"361312","Language":"FR","IdSubject":"68828","VoteId":null,"PersonNumber":4313,"Type":1,"Text":"<pd_text><p><b>Pr\u00e4sidentin</b> (Riniker Maja, Pr\u00e4sidentin): Gesch\u00e4tzte Kolleginnen und Kollegen, wenn etwas mehr Ruhe herrschen w\u00fcrde, k\u00f6nnte man besser verstehen, was Herr H\u00e4ssig sagt. </p>\n</pd_text>","MeetingCouncilAbbreviation":"N","MeetingDate":"20250910","MeetingVerbalixOid":4056,"IdSession":"5210","SpeakerFirstName":"Maja","SpeakerLastName":"Riniker","SpeakerFullName":"Riniker Maja","SpeakerFunction":"P-F","CouncilId":1,"CouncilName":"Conseil national","CantonId":19,"CantonName":"Argovie","CantonAbbreviation":"AG","ParlGroupName":"Groupe lib\u00e9ral-radical","ParlGroupAbbreviation":"RL","SortOrder":52,"Start":"\/Date(1757527310863)\/","End":"\/Date(1757527328142)\/","Function":"P-F","DisplaySpeaker":false,"LanguageOfText":null,"Modified":"\/Date(1781865879905)\/","StartTimeWithTimezone":"\/Date(1757527310863+0120)\/","EndTimeWithTimezone":"\/Date(1757527328143+0120)\/","VoteBusinessNumber":null,"VoteBusinessShortNumber":null,"VoteBusinessTitle":null},{"__metadata":{"id":"https://ws.parlament.ch/OData.svc/Transcript(ID=361636L,Language='FR')","uri":"https://ws.parlament.ch/OData.svc/Transcript(ID=361636L,Language='FR')","type":"itsystems.Pd.DataServices.DataModel.Transcript"},"Subjects":{"__deferred":{"uri":"https://ws.parlament.ch/OData.svc/Transcript(ID=361636L,Language='FR')/Subjects"}},"MembersCouncil":{"__deferred":{"uri":"https://ws.parlament.ch/OData.svc/Transcript(ID=361636L,Language='FR')/MembersCouncil"}},"Businesses":{"__deferred":{"uri":"https://ws.parlament.ch/OData.svc/Transcript(ID=361636L,Language='FR')/Businesses"}},"ID":"361636","Language":"FR","IdSubject":"68828","VoteId":null,"PersonNumber":4169,"Type":1,"Text":"<pd_text><p><b>Le pr\u00e9sident </b>(Page Pierre-Andr\u00e9, premier vice-pr\u00e9sident): Madame Marti, vous partagez votre temps de parole avec Mme Piller Carrard, mais vous ne lui avez laiss\u00e9 qu'une minute, malheureusement. </p>\n</pd_text>","MeetingCouncilAbbreviation":"N","MeetingDate":"20250910","MeetingVerbalixOid":4056,"IdSession":"5210","SpeakerFirstName":"Pierre-Andr\u00e9","SpeakerLastName":"Page","SpeakerFullName":"Page Pierre-Andr\u00e9","SpeakerFunction":"1VP-M","CouncilId":1,"CouncilName":"Conseil national","CantonId":10,"CantonName":"Fribourg","CantonAbbreviation":"FR","ParlGroupName":"Groupe de l'Union d\u00e9mocratique du Centre","ParlGroupAbbreviation":"V","SortOrder":7,"Start":"\/Date(1757520650871)\/","End":"\/Date(1757520655502)\/","Function":"1VP-M","DisplaySpeaker":false,"LanguageOfText":null,"Modified":"\/Date(1781865879782)\/","StartTimeWithTimezone":"\/Date(1757520650870+0120)\/","EndTimeWithTimezone":"\/Date(1757520655503+0120)\/","VoteBusinessNumber":null,"VoteBusinessShortNumber":null,"VoteBusinessTitle":null}]},"ID":"68828","Language":"FR","IdMeeting":"5113","VerbalixOid":780859,"SortOrder":2,"Modified":"\/Date(1781865879766)\/"}}