{"d":{"__metadata":{"id":"https://ws.parlament.ch/OData.svc/Subject(ID=6897L,Language='DE')","uri":"https://ws.parlament.ch/OData.svc/Subject(ID=6897L,Language='DE')","type":"itsystems.Pd.DataServices.DataModel.Subject"},"Meetings":{"__metadata":{"id":"https://ws.parlament.ch/OData.svc/Meeting(ID=490L,Language='DE')","uri":"https://ws.parlament.ch/OData.svc/Meeting(ID=490L,Language='DE')","type":"itsystems.Pd.DataServices.DataModel.Meeting"},"Sessions":{"__deferred":{"uri":"https://ws.parlament.ch/OData.svc/Meeting(ID=490L,Language='DE')/Sessions"}},"Subjects":{"__deferred":{"uri":"https://ws.parlament.ch/OData.svc/Meeting(ID=490L,Language='DE')/Subjects"}},"ID":"490","Language":"DE","MeetingNumber":7,"IdSession":4701,"SessionNumber":1,"SessionName":"Wintersession 2003","Council":2,"CouncilName":"St\u00e4nderat","CouncilAbbreviation":"SR","Date":"\/Date(1071100800000)\/","Begin":"0800","Modified":"\/Date(1447069867853)\/","LegislativePeriodNumber":47,"PublicationStatus":"final","MeetingOrderText":"Siebte Sitzung","SortOrder":7,"Location":"S"},"SubjectsBusiness":{"results":[{"__metadata":{"id":"https://ws.parlament.ch/OData.svc/SubjectBusiness(BusinessNumber=20030061,IdSubject=6897L,Language='DE')","uri":"https://ws.parlament.ch/OData.svc/SubjectBusiness(BusinessNumber=20030061,IdSubject=6897L,Language='DE')","type":"itsystems.Pd.DataServices.DataModel.SubjectBusiness"},"Subjects":{"__deferred":{"uri":"https://ws.parlament.ch/OData.svc/SubjectBusiness(BusinessNumber=20030061,IdSubject=6897L,Language='DE')/Subjects"}},"Businesses":{"__deferred":{"uri":"https://ws.parlament.ch/OData.svc/SubjectBusiness(BusinessNumber=20030061,IdSubject=6897L,Language='DE')/Businesses"}},"IdSubject":"6897","BusinessNumber":20030061,"Language":"DE","BusinessShortNumber":"03.061","Title":"Freihandelsabkommen zwischen den EFTA-Staaten und Chile. Genehmigung","SortOrder":1,"PublishedNotes":"Zweitrat - Deuxi\u00e8me Conseil","Modified":"\/Date(1447069203936)\/","TitleDE":"Freihandelsabkommen\nzwischen den Efta-Staaten\nund Chile. Genehmigung","TitleFR":"Accord de libre-\u00e9change\nentre les Etats de l'AELE\net le Chili. Approbation","TitleIT":null}]},"Transcripts":{"results":[{"__metadata":{"id":"https://ws.parlament.ch/OData.svc/Transcript(ID=40316L,Language='DE')","uri":"https://ws.parlament.ch/OData.svc/Transcript(ID=40316L,Language='DE')","type":"itsystems.Pd.DataServices.DataModel.Transcript"},"Subjects":{"__deferred":{"uri":"https://ws.parlament.ch/OData.svc/Transcript(ID=40316L,Language='DE')/Subjects"}},"MembersCouncil":{"__deferred":{"uri":"https://ws.parlament.ch/OData.svc/Transcript(ID=40316L,Language='DE')/MembersCouncil"}},"Businesses":{"__deferred":{"uri":"https://ws.parlament.ch/OData.svc/Transcript(ID=40316L,Language='DE')/Businesses"}},"ID":"40316","Language":"DE","IdSubject":"6897","VoteId":null,"PersonNumber":194,"Type":1,"Text":"<pd_text><p><i>Angenommen gem\u00e4ss Antrag der Mehrheit</i></p>\n<p><i>Adopt\u00e9 selon la proposition de la majorit\u00e9</i></p>\n<p>[VS]</p>\n<p><i>Gesamtabstimmung - Vote sur l'ensemble</i></p>\n<p>F\u00fcr Annahme des Entwurfes .... 36 Stimmen</p>\n<p>(Einstimmigkeit)</p>\n<p>[PAGE 1158] </p></pd_text>","MeetingCouncilAbbreviation":"S","MeetingDate":"20031211","MeetingVerbalixOid":1139,"IdSession":"4701","SpeakerFirstName":"Fritz","SpeakerLastName":"Schiesser","SpeakerFullName":"Schiesser Fritz","SpeakerFunction":"Mit-M","CouncilId":2,"CouncilName":"St\u00e4nderat","CantonId":8,"CantonName":"Glarus","CantonAbbreviation":"GL","ParlGroupName":"Freisinnig-demokratische Fraktion","ParlGroupAbbreviation":"RL","SortOrder":7,"Start":"\/Date(1071130812677)\/","End":"\/Date(1071130874270)\/","Function":"P-M","DisplaySpeaker":false,"LanguageOfText":null,"Modified":"\/Date(1510850546660)\/","StartTimeWithTimezone":"\/Date(1071130812677+0060)\/","EndTimeWithTimezone":"\/Date(1071130874270+0060)\/","VoteBusinessNumber":null,"VoteBusinessShortNumber":null,"VoteBusinessTitle":null},{"__metadata":{"id":"https://ws.parlament.ch/OData.svc/Transcript(ID=40317L,Language='DE')","uri":"https://ws.parlament.ch/OData.svc/Transcript(ID=40317L,Language='DE')","type":"itsystems.Pd.DataServices.DataModel.Transcript"},"Subjects":{"__deferred":{"uri":"https://ws.parlament.ch/OData.svc/Transcript(ID=40317L,Language='DE')/Subjects"}},"MembersCouncil":{"__deferred":{"uri":"https://ws.parlament.ch/OData.svc/Transcript(ID=40317L,Language='DE')/MembersCouncil"}},"Businesses":{"__deferred":{"uri":"https://ws.parlament.ch/OData.svc/Transcript(ID=40317L,Language='DE')/Businesses"}},"ID":"40317","Language":"DE","IdSubject":"6897","VoteId":null,"PersonNumber":58,"Type":1,"Text":"<pd_text><p>Da der Antrag zur\u00fcckgezogen worden ist, ist es auch nicht n\u00f6tig, dass ich Sie noch mit Elementen bel\u00e4stige, die f\u00fcr die Materialien bestimmt gewesen w\u00e4ren.</p></pd_text>","MeetingCouncilAbbreviation":"S","MeetingDate":"20031211","MeetingVerbalixOid":1139,"IdSession":"4701","SpeakerFirstName":"Joseph","SpeakerLastName":"Deiss","SpeakerFullName":"Deiss Joseph","SpeakerFunction":"BR-M","CouncilId":99,"CouncilName":"Bundesrat","CantonId":10,"CantonName":"Freiburg","CantonAbbreviation":"FR","ParlGroupName":null,"ParlGroupAbbreviation":null,"SortOrder":6,"Start":"\/Date(1071130801770)\/","End":"\/Date(1071130812677)\/","Function":"BR-M","DisplaySpeaker":true,"LanguageOfText":"DE","Modified":"\/Date(1510850546660)\/","StartTimeWithTimezone":"\/Date(1071130801770+0060)\/","EndTimeWithTimezone":"\/Date(1071130812677+0060)\/","VoteBusinessNumber":null,"VoteBusinessShortNumber":null,"VoteBusinessTitle":null},{"__metadata":{"id":"https://ws.parlament.ch/OData.svc/Transcript(ID=40318L,Language='DE')","uri":"https://ws.parlament.ch/OData.svc/Transcript(ID=40318L,Language='DE')","type":"itsystems.Pd.DataServices.DataModel.Transcript"},"Subjects":{"__deferred":{"uri":"https://ws.parlament.ch/OData.svc/Transcript(ID=40318L,Language='DE')/Subjects"}},"MembersCouncil":{"__deferred":{"uri":"https://ws.parlament.ch/OData.svc/Transcript(ID=40318L,Language='DE')/MembersCouncil"}},"Businesses":{"__deferred":{"uri":"https://ws.parlament.ch/OData.svc/Transcript(ID=40318L,Language='DE')/Businesses"}},"ID":"40318","Language":"DE","IdSubject":"6897","VoteId":null,"PersonNumber":195,"Type":1,"Text":"<pd_text><p>Es ist im Inhalt der gleiche Antrag wie jener, den ich Ihnen im Namen einer Minderheit am ersten Sessionstag bei einem Doppelbesteuerungsabkommen unterbreitet habe. Es geht um die Frage, ob eine Parallelit\u00e4t zwischen internen Erlassen und Staatsvertr\u00e4gen besteht, und zwar in dem Sinn, dass das, was im innerstaatlichen Recht dem Referendum zu unterstellen ist, auch im Staatsvertragsrecht dem Referendum zu unterstellen sei. Diese Diskussion haben wir am Montag der ersten Sessionswoche einl\u00e4sslich gef\u00fchrt. Sie haben entschieden, dass diese Parallelit\u00e4t in dieser Form nicht besteht und dass wichtige Vertr\u00e4ge eine besondere Wichtigkeit haben m\u00fcssen, um dem fakultativen Referendum unterstellt zu werden. </p>\n<p>Ich glaube, als Einzelmaske nun selbstst\u00e4ndig entscheiden zu d\u00fcrfen, dass ich mich Ihrem Verdikt unterziehe; ich ziehe daher im Bewusstsein dessen, was Sie am ersten Montag beschlossen haben - das gilt auch hier -, meinen Antrag zur\u00fcck.</p></pd_text>","MeetingCouncilAbbreviation":"S","MeetingDate":"20031211","MeetingVerbalixOid":1139,"IdSession":"4701","SpeakerFirstName":"Carlo","SpeakerLastName":"Schmid-Sutter","SpeakerFullName":"Schmid-Sutter Carlo","SpeakerFunction":"Mit-M","CouncilId":2,"CouncilName":"St\u00e4nderat","CantonId":16,"CantonName":"Appenzell I.-Rh.","CantonAbbreviation":"AI","ParlGroupName":"Christlichdemokratische Fraktion","ParlGroupAbbreviation":"M-E","SortOrder":5,"Start":"\/Date(1071130718210)\/","End":"\/Date(1071130801770)\/","Function":"Mit-M","DisplaySpeaker":true,"LanguageOfText":"DE","Modified":"\/Date(1510850546660)\/","StartTimeWithTimezone":"\/Date(1071130718210+0060)\/","EndTimeWithTimezone":"\/Date(1071130801770+0060)\/","VoteBusinessNumber":null,"VoteBusinessShortNumber":null,"VoteBusinessTitle":null},{"__metadata":{"id":"https://ws.parlament.ch/OData.svc/Transcript(ID=40319L,Language='DE')","uri":"https://ws.parlament.ch/OData.svc/Transcript(ID=40319L,Language='DE')","type":"itsystems.Pd.DataServices.DataModel.Transcript"},"Subjects":{"__deferred":{"uri":"https://ws.parlament.ch/OData.svc/Transcript(ID=40319L,Language='DE')/Subjects"}},"MembersCouncil":{"__deferred":{"uri":"https://ws.parlament.ch/OData.svc/Transcript(ID=40319L,Language='DE')/MembersCouncil"}},"Businesses":{"__deferred":{"uri":"https://ws.parlament.ch/OData.svc/Transcript(ID=40319L,Language='DE')/Businesses"}},"ID":"40319","Language":"DE","IdSubject":"6897","VoteId":null,"PersonNumber":194,"Type":1,"Text":"<pd_text><p><i>Eintreten wird ohne Gegenantrag beschlossen</i></p>\n<p><i>L'entr\u00e9e en mati\u00e8re est d\u00e9cid\u00e9e sans opposition</i></p>\n<p>[VS]</p>\n<p><b>Bundesbeschluss zum Freihandelsabkommen zwischen den Efta-Staaten und der Republik Chile sowie zum Landwirtschaftsabkommen zwischen der Schweizerischen Eidgenossenschaft und der Republik Chile </b></p>\n<p><b>Arr\u00eat\u00e9 f\u00e9d\u00e9ral concernant l'accord de libre-\u00e9change entre les Etats de l'AELE et la R\u00e9publique du Chili ainsi que l'accord agricole entre la Conf\u00e9d\u00e9ration suisse et la R\u00e9publique du Chili </b></p>\n<p>[VS]</p>\n<p><i>Detailberatung - Discussion par article</i></p>\n<p>[VS]</p>\n<p><b>Titel und Ingress, Art. 1</b></p>\n<p><i>Antrag der Kommission</i></p>\n<p>Zustimmung zum Beschluss des Nationalrates</p>\n<p>[VS]</p>\n<p><b>Titre et pr\u00e9ambule, art. 1</b></p>\n<p><i>Proposition de la commission</i></p>\n<p>Adh\u00e9rer \u00e0 la d\u00e9cision du Conseil national</p>\n<p>[VS]</p>\n<p><i>Angenommen - Adopt\u00e9</i></p>\n<p>[VS]</p>\n<p><b>Art. 2</b></p>\n<p><i>Antrag der Mehrheit</i></p>\n<p>Zustimmung zum Beschluss des Nationalrates</p>\n<p>[VS]</p>\n<p><i>Antrag der Minderheit</i></p>\n<p>(Schmid-Sutter Carlo)</p>\n<p>Dieser Beschluss untersteht dem Staatsvertragsreferendum.</p>\n<p>[VS]</p>\n<p><b>Art. 2</b></p>\n<p><i>Proposition de la majorit\u00e9</i></p>\n<p>Adh\u00e9rer \u00e0 la d\u00e9cision du Conseil national</p>\n<p>[VS]</p>\n<p><i>Proposition de la minorit\u00e9</i></p>\n<p>(Schmid-Sutter Carlo)</p>\n<p>Le pr\u00e9sent arr\u00eat\u00e9 est soumis au r\u00e9f\u00e9rendum en mati\u00e8re de trait\u00e9s internationaux.</p></pd_text>","MeetingCouncilAbbreviation":"S","MeetingDate":"20031211","MeetingVerbalixOid":1139,"IdSession":"4701","SpeakerFirstName":"Fritz","SpeakerLastName":"Schiesser","SpeakerFullName":"Schiesser Fritz","SpeakerFunction":"Mit-M","CouncilId":2,"CouncilName":"St\u00e4nderat","CantonId":8,"CantonName":"Glarus","CantonAbbreviation":"GL","ParlGroupName":"Freisinnig-demokratische Fraktion","ParlGroupAbbreviation":"RL","SortOrder":4,"Start":"\/Date(1071130699053)\/","End":"\/Date(1071130718210)\/","Function":"P-M","DisplaySpeaker":false,"LanguageOfText":null,"Modified":"\/Date(1510850546660)\/","StartTimeWithTimezone":"\/Date(1071130699053+0060)\/","EndTimeWithTimezone":"\/Date(1071130718210+0060)\/","VoteBusinessNumber":null,"VoteBusinessShortNumber":null,"VoteBusinessTitle":null},{"__metadata":{"id":"https://ws.parlament.ch/OData.svc/Transcript(ID=40320L,Language='DE')","uri":"https://ws.parlament.ch/OData.svc/Transcript(ID=40320L,Language='DE')","type":"itsystems.Pd.DataServices.DataModel.Transcript"},"Subjects":{"__deferred":{"uri":"https://ws.parlament.ch/OData.svc/Transcript(ID=40320L,Language='DE')/Subjects"}},"MembersCouncil":{"__deferred":{"uri":"https://ws.parlament.ch/OData.svc/Transcript(ID=40320L,Language='DE')/MembersCouncil"}},"Businesses":{"__deferred":{"uri":"https://ws.parlament.ch/OData.svc/Transcript(ID=40320L,Language='DE')/Businesses"}},"ID":"40320","Language":"DE","IdSubject":"6897","VoteId":null,"PersonNumber":58,"Type":1,"Text":"<pd_text><p>L'Accord de libre-\u00e9change entre les Etats de l'AELE et le Chili est, comme cela vient d'\u00eatre mentionn\u00e9, le troisi\u00e8me accord de ce type que l'AELE, et par cons\u00e9quent \u00e0 travers elle la Suisse, a pu conclure avec des pays tiers, c'est-\u00e0-dire ne faisant pas partie de l'Union europ\u00e9enne. C'est l'un des axes sur lesquels nous basons notre politique commerciale ext\u00e9rieure. D'autres n\u00e9gociations sont actuellement encore en cours.</p>\n<p>L'Accord de libre-\u00e9change avec le Chili a comme principal objectif d'\u00e9viter la discrimination qui pourrait r\u00e9sulter, \u00e0 l'encontre des exportateurs suisses, de l'entr\u00e9e en vigueur, le 1er f\u00e9vrier 2003, d'un accord de libre-\u00e9change de m\u00eame type entre le Chili et l'Union europ\u00e9enne. Pour \u00e9viter cela, le Conseil f\u00e9d\u00e9ral non seulement vous propose cet accord, mais encore a demand\u00e9 au Parlement de recourir \u00e0 la proc\u00e9dure acc\u00e9l\u00e9r\u00e9e pour que nous puissions faire entrer en vigueur le 1er f\u00e9vrier de l'ann\u00e9e prochaine cet accord, ou le ratifier en vue de ce m\u00eame d\u00e9lai.</p>\n<p>Ce qu'il y a d'int\u00e9ressant \u00e0 noter concernant cet accord, ce n'est pas seulement la question de la libre circulation des marchandises, mais c'est aussi toute une s\u00e9rie d'autres \u00e9l\u00e9ments qui sont inclus dans l'accord. Il est remarquable aussi par le fait que c'est la premi\u00e8re fois que nous pouvons conclure un tel accord avec un pays du groupe de Cairns, c'est-\u00e0-dire un pays exportateur de produits agricoles. Une solution a pu \u00eatre trouv\u00e9e pour contourner cette difficult\u00e9, avec un accord compl\u00e9mentaire entre la Suisse et le Chili sur les questions agricoles.</p>\n<p>Le seul point qui, semble-t-il, fait encore probl\u00e8me est celui qui a trait \u00e0 la question du r\u00e9f\u00e9rendum facultatif auquel certains voudraient soumettre cet accord. Si j'ai bien compris le pr\u00e9sident du Conseil des Etats, c'est au niveau de la discussion par article que cette question sera trait\u00e9e; alors, je me r\u00e9serve pour ce moment-l\u00e0, avec les arguments du Conseil f\u00e9d\u00e9ral \u00e0 ce sujet.</p></pd_text>","MeetingCouncilAbbreviation":"S","MeetingDate":"20031211","MeetingVerbalixOid":1139,"IdSession":"4701","SpeakerFirstName":"Joseph","SpeakerLastName":"Deiss","SpeakerFullName":"Deiss Joseph","SpeakerFunction":"BR-M","CouncilId":99,"CouncilName":"Bundesrat","CantonId":10,"CantonName":"Freiburg","CantonAbbreviation":"FR","ParlGroupName":null,"ParlGroupAbbreviation":null,"SortOrder":3,"Start":"\/Date(1071130547853)\/","End":"\/Date(1071130699053)\/","Function":"BR-M","DisplaySpeaker":true,"LanguageOfText":"FR","Modified":"\/Date(1510850546660)\/","StartTimeWithTimezone":"\/Date(1071130547853+0060)\/","EndTimeWithTimezone":"\/Date(1071130699053+0060)\/","VoteBusinessNumber":null,"VoteBusinessShortNumber":null,"VoteBusinessTitle":null},{"__metadata":{"id":"https://ws.parlament.ch/OData.svc/Transcript(ID=40321L,Language='DE')","uri":"https://ws.parlament.ch/OData.svc/Transcript(ID=40321L,Language='DE')","type":"itsystems.Pd.DataServices.DataModel.Transcript"},"Subjects":{"__deferred":{"uri":"https://ws.parlament.ch/OData.svc/Transcript(ID=40321L,Language='DE')/Subjects"}},"MembersCouncil":{"__deferred":{"uri":"https://ws.parlament.ch/OData.svc/Transcript(ID=40321L,Language='DE')/MembersCouncil"}},"Businesses":{"__deferred":{"uri":"https://ws.parlament.ch/OData.svc/Transcript(ID=40321L,Language='DE')/Businesses"}},"ID":"40321","Language":"DE","IdSubject":"6897","VoteId":null,"PersonNumber":173,"Type":1,"Text":"<pd_text><p>Wir haben es hier praktisch mit einer spiegelbildlichen Vorlage zu jenem Gesch\u00e4ft zu tun, mit dem wir am vorletzten Montagabend in die neue Legislatur eingestiegen sind. Damals ging es um das Doppelbesteuerungsabkommen mit Israel. Am 1. Dezember 2003 ging es im Sinne eines pr\u00e4judiziellen Entscheides darum, ob wir das Gesch\u00e4ft dem fakultativen Staatsvertragsreferendum unterstellen wollen oder nicht. Das Plenum sagte damals deutlich Nein und folgte damit dem Bundesrat und der Kommission.</p>\n<p>Heute haben wir es erneut mit einem \u00e4hnlichen Standardabkommen zu tun, n\u00e4mlich mit einem weiteren Freihandelsabkommen, das von der Efta mit einem Drittstaat abgeschlossen wird. Dieses Abkommen bedarf der Genehmigung des Parlamentes. Zudem enth\u00e4lt der gleiche Beschluss noch ein bilaterales Zusatzabkommen zwischen der Schweiz und Chile \u00fcber den Handel mit landwirtschaftlichen Produkten. Beide Abkommen waren in der APK unbestritten. Sie sichern einerseits der schweizerischen Exportwirtschaft einen m\u00f6glichst diskriminierungsfreien Zugang zum aufstrebenden chilenischen Markt, und sie tragen andererseits auch den Bed\u00fcrfnissen unserer Landwirtschaft Rechnung, indem in sensiblen Bereichen der Importschutz verbessert wird. Es ist dies bereits das dritte Freihandelsabkommen, das die Efta mit wichtigen Drittl\u00e4ndern abschliesst. Nach Mexiko und Singapur ist es nun Chile. Es behaupte also niemand, die Efta sei so gut wie tot; im Gegenteil, sie lebt und verhilft unserem Land nebst den globalen Abkommen im Rahmen der WTO und den bilateralen Abkommen mit der EU zu weiteren gezielten Freihandelsabkommen mit wichtigen Drittl\u00e4ndern.</p>\n<p>Umstritten war in der Kommission aber einmal mehr die Frage des fakultativen Staatsvertragsreferendums. Mit 3 zu 2 Stimmen bei 1 Enthaltung - Sie sehen, das war nicht gerade eine Sternstunde in Sachen Pr\u00e4senz in unserer Kommission - lehnte die APK den Antrag auf Unterstellung des Beschlusses unter besagtes Referendum ab. Sie folgte damit dem Bundesrat und tat dies insbesondere aus folgenden drei \u00dcberlegungen:</p>\n<p>1. Es handelt sich beim Inhalt beider Abkommen wiederum nicht um wichtige Recht setzende Bestimmungen. [PAGE 1157] </p>\n<p>2. Die Umsetzung des Erlasses erfolgt ausschliesslich auf Verordnungsstufe und erfordert nicht den Erlass von Bundesgesetzen.</p>\n<p>3. Es ist vorgesehen, das Abkommen bereits auf den 1. Februar 2004 in Kraft zu setzen. Deshalb wird es auch von beiden R\u00e4ten in der gleichen Session behandelt. Eine Verz\u00f6gerung der Inkraftsetzung l\u00e4ge nicht im Interesse unserer Wirtschaft.</p><p>Dieses dritte Argument war aber bloss ein nebens\u00e4chliches; ich erw\u00e4hne es nur der Vollst\u00e4ndigkeit halber. Ausschlaggebend f\u00fcr die Kommissionsmehrheit waren die ersten beiden \u00dcberlegungen. Sie stehen im Einklang mit den Erfordernissen des neuen Artikels 141 Absatz 1 der Bundesverfassung \u00fcber das Staatsvertragsreferendum. </p>\n<p>Die Gr\u00fcnde, warum dieses Freihandelsabkommen samt Zusatzabkommen aber trotzdem dem fakultativen Referendum zu unterstellen sei, werden Ihnen vermutlich von Kollege Schmid Carlo dargelegt werden. Danach werden Sie f\u00fcr solche und \u00e4hnliche Abkommen erneut einen richtungsweisenden Grundsatzentscheid in Sachen Referendum zu f\u00e4llen haben.</p></pd_text>","MeetingCouncilAbbreviation":"S","MeetingDate":"20031211","MeetingVerbalixOid":1139,"IdSession":"4701","SpeakerFirstName":"Maximilian","SpeakerLastName":"Reimann","SpeakerFullName":"Reimann Maximilian","SpeakerFunction":"Mit-M","CouncilId":2,"CouncilName":"St\u00e4nderat","CantonId":19,"CantonName":"Aargau","CantonAbbreviation":"AG","ParlGroupName":"Fraktion der Schweizerischen Volkspartei","ParlGroupAbbreviation":"V","SortOrder":2,"Start":"\/Date(1071130274497)\/","End":"\/Date(1071130528007)\/","Function":"*","DisplaySpeaker":true,"LanguageOfText":"DE","Modified":"\/Date(1510850546660)\/","StartTimeWithTimezone":"\/Date(1071130274497+0060)\/","EndTimeWithTimezone":"\/Date(1071130528007+0060)\/","VoteBusinessNumber":null,"VoteBusinessShortNumber":null,"VoteBusinessTitle":null},{"__metadata":{"id":"https://ws.parlament.ch/OData.svc/Transcript(ID=40322L,Language='DE')","uri":"https://ws.parlament.ch/OData.svc/Transcript(ID=40322L,Language='DE')","type":"itsystems.Pd.DataServices.DataModel.Transcript"},"Subjects":{"__deferred":{"uri":"https://ws.parlament.ch/OData.svc/Transcript(ID=40322L,Language='DE')/Subjects"}},"MembersCouncil":{"__deferred":{"uri":"https://ws.parlament.ch/OData.svc/Transcript(ID=40322L,Language='DE')/MembersCouncil"}},"Businesses":{"__deferred":{"uri":"https://ws.parlament.ch/OData.svc/Transcript(ID=40322L,Language='DE')/Businesses"}},"ID":"40322","Language":"DE","IdSubject":"6897","VoteId":null,"PersonNumber":194,"Type":1,"Text":"<pd_text><p>Die Kommission beantragt einstimmig, dem Bundesbeschluss zum Freihandelsabkommen zwischen den Efta-Staaten und der Republik Chile sowie zum Landwirtschaftsabkommen zwischen der Schweizerischen Eidgenossenschaft und der Republik Chile zuzustimmen.</p>\n<p>Eine Minderheit Schmid-Sutter Carlo beantragt, dieses Abkommen dem fakultativen Staatsvertragsreferendum gem\u00e4ss Artikel 141 Absatz 1 Buchstabe d Ziffer 3 der Bundesverfassung zu unterstellen. </p></pd_text>","MeetingCouncilAbbreviation":"S","MeetingDate":"20031211","MeetingVerbalixOid":1139,"IdSession":"4701","SpeakerFirstName":"Fritz","SpeakerLastName":"Schiesser","SpeakerFullName":"Schiesser Fritz","SpeakerFunction":"Mit-M","CouncilId":2,"CouncilName":"St\u00e4nderat","CantonId":8,"CantonName":"Glarus","CantonAbbreviation":"GL","ParlGroupName":"Freisinnig-demokratische Fraktion","ParlGroupAbbreviation":"RL","SortOrder":1,"Start":"\/Date(1071130258107)\/","End":"\/Date(1071130274497)\/","Function":"P-M","DisplaySpeaker":true,"LanguageOfText":"DE","Modified":"\/Date(1510850546647)\/","StartTimeWithTimezone":"\/Date(1071130258107+0060)\/","EndTimeWithTimezone":"\/Date(1071130274497+0060)\/","VoteBusinessNumber":null,"VoteBusinessShortNumber":null,"VoteBusinessTitle":null}]},"ID":"6897","Language":"DE","IdMeeting":"490","VerbalixOid":95155,"SortOrder":3,"Modified":"\/Date(1510850546647)\/"}}