{"d":{"__metadata":{"id":"https://ws.parlament.ch/OData.svc/Subject(ID=69068L,Language='IT')","uri":"https://ws.parlament.ch/OData.svc/Subject(ID=69068L,Language='IT')","type":"itsystems.Pd.DataServices.DataModel.Subject"},"Meetings":{"__metadata":{"id":"https://ws.parlament.ch/OData.svc/Meeting(ID=5119L,Language='IT')","uri":"https://ws.parlament.ch/OData.svc/Meeting(ID=5119L,Language='IT')","type":"itsystems.Pd.DataServices.DataModel.Meeting"},"Sessions":{"__deferred":{"uri":"https://ws.parlament.ch/OData.svc/Meeting(ID=5119L,Language='IT')/Sessions"}},"Subjects":{"__deferred":{"uri":"https://ws.parlament.ch/OData.svc/Meeting(ID=5119L,Language='IT')/Subjects"}},"ID":"5119","Language":"IT","MeetingNumber":6,"IdSession":5210,"SessionNumber":10,"SessionName":"Sessione autunnale 2025","Council":2,"CouncilName":"Consiglio degli Stati","CouncilAbbreviation":"CS","Date":"\/Date(1757980800000)\/","Begin":"0815","Modified":"\/Date(1763058061143)\/","LegislativePeriodNumber":52,"PublicationStatus":"final","MeetingOrderText":"Sesta seduta","SortOrder":6,"Location":"S"},"SubjectsBusiness":{"results":[{"__metadata":{"id":"https://ws.parlament.ch/OData.svc/SubjectBusiness(BusinessNumber=20250050,IdSubject=69068L,Language='IT')","uri":"https://ws.parlament.ch/OData.svc/SubjectBusiness(BusinessNumber=20250050,IdSubject=69068L,Language='IT')","type":"itsystems.Pd.DataServices.DataModel.SubjectBusiness"},"Subjects":{"__deferred":{"uri":"https://ws.parlament.ch/OData.svc/SubjectBusiness(BusinessNumber=20250050,IdSubject=69068L,Language='IT')/Subjects"}},"Businesses":{"__deferred":{"uri":"https://ws.parlament.ch/OData.svc/SubjectBusiness(BusinessNumber=20250050,IdSubject=69068L,Language='IT')/Businesses"}},"IdSubject":"69068","BusinessNumber":20250050,"Language":"IT","BusinessShortNumber":"25.050","Title":"Trattati internazionali conclusi nel 2024. Rapporto","SortOrder":1,"PublishedNotes":"Erstrat - Premier Conseil\n","Modified":"\/Date(1756810142886)\/","TitleDE":"Im Jahr 2024 abgeschlossene\nv\u00f6lkerrechtliche Vertr\u00e4ge.\nBericht","TitleFR":"Trait\u00e9s internationaux\nconclus en 2024.\nRapport","TitleIT":null}]},"Transcripts":{"results":[{"__metadata":{"id":"https://ws.parlament.ch/OData.svc/Transcript(ID=362353L,Language='IT')","uri":"https://ws.parlament.ch/OData.svc/Transcript(ID=362353L,Language='IT')","type":"itsystems.Pd.DataServices.DataModel.Transcript"},"Subjects":{"__deferred":{"uri":"https://ws.parlament.ch/OData.svc/Transcript(ID=362353L,Language='IT')/Subjects"}},"MembersCouncil":{"__deferred":{"uri":"https://ws.parlament.ch/OData.svc/Transcript(ID=362353L,Language='IT')/MembersCouncil"}},"Businesses":{"__deferred":{"uri":"https://ws.parlament.ch/OData.svc/Transcript(ID=362353L,Language='IT')/Businesses"}},"ID":"362353","Language":"IT","IdSubject":"69068","VoteId":null,"PersonNumber":4075,"Type":1,"Text":"<pd_text><p><i>Vom Bericht wird Kenntnis genommen </i>[GZ]</p>\n<p><i>Il est pris acte du rapport</i></p>\n</pd_text>","MeetingCouncilAbbreviation":"S","MeetingDate":"20250916","MeetingVerbalixOid":4062,"IdSession":"5210","SpeakerFirstName":"Andrea","SpeakerLastName":"Caroni","SpeakerFullName":"Caroni Andrea","SpeakerFunction":"P-M","CouncilId":2,"CouncilName":"Consiglio degli Stati","CantonId":15,"CantonName":"Appenzello Esterno","CantonAbbreviation":"AR","ParlGroupName":"Gruppo liberale radicale","ParlGroupAbbreviation":"RL","SortOrder":3,"Start":"\/Date(1758023931907)\/","End":"\/Date(1758023943107)\/","Function":"P-M","DisplaySpeaker":false,"LanguageOfText":null,"Modified":"\/Date(1766149069743)\/","StartTimeWithTimezone":"\/Date(1758023931907+0120)\/","EndTimeWithTimezone":"\/Date(1758023943107+0120)\/","VoteBusinessNumber":null,"VoteBusinessShortNumber":null,"VoteBusinessTitle":null},{"__metadata":{"id":"https://ws.parlament.ch/OData.svc/Transcript(ID=362402L,Language='IT')","uri":"https://ws.parlament.ch/OData.svc/Transcript(ID=362402L,Language='IT')","type":"itsystems.Pd.DataServices.DataModel.Transcript"},"Subjects":{"__deferred":{"uri":"https://ws.parlament.ch/OData.svc/Transcript(ID=362402L,Language='IT')/Subjects"}},"MembersCouncil":{"__deferred":{"uri":"https://ws.parlament.ch/OData.svc/Transcript(ID=362402L,Language='IT')/MembersCouncil"}},"Businesses":{"__deferred":{"uri":"https://ws.parlament.ch/OData.svc/Transcript(ID=362402L,Language='IT')/Businesses"}},"ID":"362402","Language":"IT","IdSubject":"69068","VoteId":null,"PersonNumber":3828,"Type":1,"Text":"<pd_text><p>Ringrazio il presidente della Commissione di politica estera per l'esauriente e precisa relazione.</p>\n<p>Vor sich haben Sie den 25.[NB]j\u00e4hrlichen Bericht \u00fcber die abgeschlossenen Staatsvertr\u00e4ge. Dieser Bericht informiert die Bundesversammlung \u00fcber die v\u00f6lkerrechtlichen Vertr\u00e4ge, die letztes Jahr vom Bundesrat, von den Departementen und von den Bundes\u00e4mtern genehmigt wurden. Diese Genehmigungen erfolgen gest\u00fctzt auf eine gesetzliche Kompetenzdelegation. Diejenigen Vertr\u00e4ge, die das Parlament genehmigt hat, sind im Bericht nicht enthalten. Im Jahr 2024 ist die Anzahl der abgeschlossenen Vertr\u00e4ge und \u00c4nderungen zur\u00fcckgegangen. Dies betrifft im Wesentlichen die Projektvereinbarungen der DEZA und des SECO. Die Gesamtzahl betr\u00e4gt 665 gegen\u00fcber 826 im Vorjahr und 739 im Jahr 2022. Die Gr\u00fcnde f\u00fcr diesen R\u00fcckgang werden am Ende der Einleitung jedes betroffenen Kapitels genannt.</p>\n<p>Ce nombre reste \u00e9lev\u00e9[NB]: il t\u00e9moigne des efforts que fait la Suisse pour disposer de solides bases juridiques lorsqu'elle d\u00e9fend ses int\u00e9r\u00eats dans le monde. Le but de ce rapport est de vous permettre de constater l'usage que fait le Conseil f\u00e9d\u00e9ral des comp\u00e9tences de conclusion que vous lui avez d\u00e9l\u00e9gu\u00e9es.</p>\n</pd_text>","MeetingCouncilAbbreviation":"S","MeetingDate":"20250916","MeetingVerbalixOid":4062,"IdSession":"5210","SpeakerFirstName":"Ignazio","SpeakerLastName":"Cassis","SpeakerFullName":"Cassis Ignazio","SpeakerFunction":"BR-M","CouncilId":99,"CouncilName":"Consiglio federale","CantonId":27,"CantonName":"Ticino","CantonAbbreviation":"TI","ParlGroupName":null,"ParlGroupAbbreviation":null,"SortOrder":2,"Start":"\/Date(1758023844290)\/","End":"\/Date(1758023931907)\/","Function":"BR-M","DisplaySpeaker":true,"LanguageOfText":"IT","Modified":"\/Date(1766149069743)\/","StartTimeWithTimezone":"\/Date(1758023844290+0120)\/","EndTimeWithTimezone":"\/Date(1758023931907+0120)\/","VoteBusinessNumber":null,"VoteBusinessShortNumber":null,"VoteBusinessTitle":null},{"__metadata":{"id":"https://ws.parlament.ch/OData.svc/Transcript(ID=362410L,Language='IT')","uri":"https://ws.parlament.ch/OData.svc/Transcript(ID=362410L,Language='IT')","type":"itsystems.Pd.DataServices.DataModel.Transcript"},"Subjects":{"__deferred":{"uri":"https://ws.parlament.ch/OData.svc/Transcript(ID=362410L,Language='IT')/Subjects"}},"MembersCouncil":{"__deferred":{"uri":"https://ws.parlament.ch/OData.svc/Transcript(ID=362410L,Language='IT')/MembersCouncil"}},"Businesses":{"__deferred":{"uri":"https://ws.parlament.ch/OData.svc/Transcript(ID=362410L,Language='IT')/Businesses"}},"ID":"362410","Language":"IT","IdSubject":"69068","VoteId":null,"PersonNumber":4159,"Type":1,"Text":"<pd_text><p>Conformemente all'articolo 48a capoverso 2 della legge sull'organizzazione del Governo e dell'Amministrazione, il Consiglio federale ha trasmesso il rapporto annuale sui trattati internazionali conclusi dalla Svizzera nel 2024. Durante l'anno in esame, la Confederazione ha concluso complessivamente 59 trattati internazionali, suddivisi in accordi bilaterali e multilaterali firmati, ratificati o approvati, in alcuni casi applicati a titolo provvisorio. Sono escluse dal rapporto le convenzioni sottoposte all'approvazione delle Camere federali. </p>\n<p>I trattati conclusi coprono un ampio spettro tematico. I settori pi\u00f9 rappresentati sono la cooperazione internazionale e lo sviluppo, nuovi accordi di cooperazione tecnica con Stati partner, in particolare in Africa e in America latina, i trasporti e la mobilit\u00e0 internazionale, aggiornamenti di convenzioni bilaterali sul trasporto aereo, tra cui con il Brasile, Canada [PAGE 901] e l'India, la fiscalit\u00e0 internazionale, scambi di lettere, modifiche e convenzioni per evitare la doppia imposizione, tra cui quelle con Spagna e Corea del Sud, l'ambiente e la sostenibilit\u00e0, la partecipazione a strumenti multilaterali nel quadro del programma delle Nazioni Unite per l'ambiente e dell'OMM, la sicurezza e giustizia, trattati di assistenza giudiziaria e cooperazione di polizia, in particolare con Stati balcanici.</p>\n<p>Il rapporto menziona anche le modifiche di trattati esistenti, spesso per aggiornamenti tecnici o adattamenti istituzionali. Inoltre, due trattati sono stati denunciati dalla Svizzera nel 2024, nella ragione della loro obsolescenza o perch\u00e9 sostituiti da strumenti multilaterali pi\u00f9 recenti. I trattati internazionali conclusi nel 2024 confermano l'ampiezza e la diversificazione della rete di relazioni giuridiche della Svizzera. Essi contribuiscono alla forza della nostra sicurezza, l'accesso ai mercati, la cooperazione scientifica, la protezione dell'ambiente e la promozione dei diritti umani. Il rapporto come prassi \u00e8 destinato alla presa d'atto da parte dell'Assemblea federale. </p>\n</pd_text>","MeetingCouncilAbbreviation":"S","MeetingDate":"20250916","MeetingVerbalixOid":4062,"IdSession":"5210","SpeakerFirstName":"Marco","SpeakerLastName":"Chiesa","SpeakerFullName":"Chiesa Marco","SpeakerFunction":"Mit-M","CouncilId":2,"CouncilName":"Consiglio degli Stati","CantonId":27,"CantonName":"Ticino","CantonAbbreviation":"TI","ParlGroupName":"Gruppo dell'Unione democratica di Centro","ParlGroupAbbreviation":"V","SortOrder":1,"Start":"\/Date(1758023719427)\/","End":"\/Date(1758023838100)\/","Function":"*","DisplaySpeaker":true,"LanguageOfText":"IT","Modified":"\/Date(1766149069743)\/","StartTimeWithTimezone":"\/Date(1758023719427+0120)\/","EndTimeWithTimezone":"\/Date(1758023838100+0120)\/","VoteBusinessNumber":null,"VoteBusinessShortNumber":null,"VoteBusinessTitle":null}]},"ID":"69068","Language":"IT","IdMeeting":"5119","VerbalixOid":782517,"SortOrder":14,"Modified":"\/Date(1766149069743)\/"}}