{"d":{"__metadata":{"id":"https://ws.parlament.ch/OData.svc/Subject(ID=69423L,Language='DE')","uri":"https://ws.parlament.ch/OData.svc/Subject(ID=69423L,Language='DE')","type":"itsystems.Pd.DataServices.DataModel.Subject"},"Meetings":{"__metadata":{"id":"https://ws.parlament.ch/OData.svc/Meeting(ID=5137L,Language='DE')","uri":"https://ws.parlament.ch/OData.svc/Meeting(ID=5137L,Language='DE')","type":"itsystems.Pd.DataServices.DataModel.Meeting"},"Sessions":{"__deferred":{"uri":"https://ws.parlament.ch/OData.svc/Meeting(ID=5137L,Language='DE')/Sessions"}},"Subjects":{"__deferred":{"uri":"https://ws.parlament.ch/OData.svc/Meeting(ID=5137L,Language='DE')/Subjects"}},"ID":"5137","Language":"DE","MeetingNumber":13,"IdSession":5210,"SessionNumber":10,"SessionName":"Herbstsession 2025","Council":2,"CouncilName":"St\u00e4nderat","CouncilAbbreviation":"SR","Date":"\/Date(1758844800000)\/","Begin":"0815","Modified":"\/Date(1763141442877)\/","LegislativePeriodNumber":52,"PublicationStatus":"final","MeetingOrderText":"Dreizehnte Sitzung","SortOrder":13,"Location":"S"},"SubjectsBusiness":{"results":[{"__metadata":{"id":"https://ws.parlament.ch/OData.svc/SubjectBusiness(BusinessNumber=20250441,IdSubject=69423L,Language='DE')","uri":"https://ws.parlament.ch/OData.svc/SubjectBusiness(BusinessNumber=20250441,IdSubject=69423L,Language='DE')","type":"itsystems.Pd.DataServices.DataModel.SubjectBusiness"},"Subjects":{"__deferred":{"uri":"https://ws.parlament.ch/OData.svc/SubjectBusiness(BusinessNumber=20250441,IdSubject=69423L,Language='DE')/Subjects"}},"Businesses":{"__deferred":{"uri":"https://ws.parlament.ch/OData.svc/SubjectBusiness(BusinessNumber=20250441,IdSubject=69423L,Language='DE')/Businesses"}},"IdSubject":"69423","BusinessNumber":20250441,"Language":"DE","BusinessShortNumber":"25.441","Title":"Die H\u00f6chstbezugsdauer bei Kurzarbeit soll um zw\u00f6lf statt um sechs Abrechnungsperioden verl\u00e4ngert werden k\u00f6nnen ","SortOrder":1,"PublishedNotes":"Schlussabstimmung - Vote final\n","Modified":"\/Date(1757436172466)\/","TitleDE":"Parlamentarische Initiative\nSGK-S.\nDie H\u00f6chstbezugsdauer bei Kurzarbeit\nsoll um zw\u00f6lf statt um sechs\nAbrechnungsperioden\nverl\u00e4ngert werden k\u00f6nnen","TitleFR":"Initiative parlementaire\nCSSS-E.\nLa dur\u00e9e maximale d'indemnisation\ndu ch\u00f4mage partiel devrait\npouvoir \u00eatre prolong\u00e9e\nde douze p\u00e9riodes de d\u00e9compte\nau lieu de six","TitleIT":null}]},"Transcripts":{"results":[{"__metadata":{"id":"https://ws.parlament.ch/OData.svc/Transcript(ID=364459L,Language='DE')","uri":"https://ws.parlament.ch/OData.svc/Transcript(ID=364459L,Language='DE')","type":"itsystems.Pd.DataServices.DataModel.Transcript"},"Subjects":{"__deferred":{"uri":"https://ws.parlament.ch/OData.svc/Transcript(ID=364459L,Language='DE')/Subjects"}},"MembersCouncil":{"__deferred":{"uri":"https://ws.parlament.ch/OData.svc/Transcript(ID=364459L,Language='DE')/MembersCouncil"}},"Businesses":{"__deferred":{"uri":"https://ws.parlament.ch/OData.svc/Transcript(ID=364459L,Language='DE')/Businesses"}},"ID":"364459","Language":"DE","IdSubject":"69423","VoteId":"7772","PersonNumber":null,"Type":2,"Text":"<pd_text><p><b>Bundesgesetz \u00fcber die obligatorische Arbeitslosenversicherung und die Insolvenzentsch\u00e4digung (H\u00f6chstbezugsdauer bei Kurzarbeit)</b>[GZ]</p>\n<p><b>Loi f\u00e9d\u00e9rale sur l'assurance-ch\u00f4mage obligatoire et l'indemnit\u00e9 en cas d'insolvabilit\u00e9 (Dur\u00e9e maximale d'indemnisation en mati\u00e8re de r\u00e9duction de l'horaire de travail)</b>[GZ]</p>\n<p>[VS][GZ]</p>\n<p><i>Abstimmung - Vote </i>[GZ]</p>\n<p>[NAM][GZ]</p>\n<p>F\u00fcr Annahme des Entwurfes ... 41 Stimmen[GZ]</p>\n<p>Dagegen ... 2 Stimmen[GZ]</p>\n<p>(1 Enthaltung) [GZ]</p>\n<p>[VS][GZ]</p>\n<p>[VS][GZ]</p>\n<p>[VS][GZ]</p>\n<p><i>Schluss der Sitzung und der Session um 08.35 Uhr </i>[GZ]</p>\n<p><i>Fin de la s\u00e9ance et de la session \u00e0 08 h 35</i></p>\n<p>[VS]</p>\n<p>[VS]</p>\n<p>[VS]</p>\n<p>[VS]</p>\n<p>[VS]</p>\n<p>[VS]</p>\n<p>[VS]</p>\n<p>[VS]</p>\n<p>[VS]</p>\n<p>[VS]</p>\n<p>[VS]</p>\n<p>[VS]</p>\n<p>[VS]</p>\n<p>[VS]</p>\n<p>[VS]</p>\n<p>[VS]</p>\n<p><b>Anfragen </b>[GZ]</p>\n<p>[VS][GZ]</p>\n<p><i>Anfragen nach Artikel 125 Absatz 5 des Parlamentsgesetzes werden im Rat nicht behandelt; sie sind mit der schriftlichen Antwort des Bundesrates erledigt.</i>[GZ]</p>\n<p>[VS][GZ]</p>\n<p><b>Questions </b>[GZ]</p>\n<p>[VS][GZ]</p>\n<p><i>Les questions au sens de l'article 125 alin\u00e9a 5 de la loi sur le Parlement ne sont pas trait\u00e9es au conseil; elles sont r\u00e9put\u00e9es liquid\u00e9es lorsque le Conseil f\u00e9d\u00e9ral y a r\u00e9pondu par \u00e9crit.</i></p>\n</pd_text>","MeetingCouncilAbbreviation":"S","MeetingDate":"20250926","MeetingVerbalixOid":4080,"IdSession":"5210","SpeakerFirstName":null,"SpeakerLastName":null,"SpeakerFullName":"","SpeakerFunction":null,"CouncilId":null,"CouncilName":null,"CantonId":null,"CantonName":null,"CantonAbbreviation":null,"ParlGroupName":null,"ParlGroupAbbreviation":null,"SortOrder":1,"Start":null,"End":null,"Function":null,"DisplaySpeaker":null,"LanguageOfText":null,"Modified":"\/Date(1766138745123)\/","StartTimeWithTimezone":null,"EndTimeWithTimezone":null,"VoteBusinessNumber":20250441,"VoteBusinessShortNumber":"25.441","VoteBusinessTitle":"Parlamentarische Initiative\nSGK-S.\nDie H\u00f6chstbezugsdauer bei Kurzarbeit\nsoll um zw\u00f6lf statt um sechs\nAbrechnungsperioden\nverl\u00e4ngert werden k\u00f6nnen"}]},"ID":"69423","Language":"DE","IdMeeting":"5137","VerbalixOid":785785,"SortOrder":19,"Modified":"\/Date(1766138745107)\/"}}