{"d":{"__metadata":{"id":"https://ws.parlament.ch/OData.svc/Subject(ID=69436L,Language='DE')","uri":"https://ws.parlament.ch/OData.svc/Subject(ID=69436L,Language='DE')","type":"itsystems.Pd.DataServices.DataModel.Subject"},"Meetings":{"__metadata":{"id":"https://ws.parlament.ch/OData.svc/Meeting(ID=5136L,Language='DE')","uri":"https://ws.parlament.ch/OData.svc/Meeting(ID=5136L,Language='DE')","type":"itsystems.Pd.DataServices.DataModel.Meeting"},"Sessions":{"__deferred":{"uri":"https://ws.parlament.ch/OData.svc/Meeting(ID=5136L,Language='DE')/Sessions"}},"Subjects":{"__deferred":{"uri":"https://ws.parlament.ch/OData.svc/Meeting(ID=5136L,Language='DE')/Subjects"}},"ID":"5136","Language":"DE","MeetingNumber":17,"IdSession":5210,"SessionNumber":10,"SessionName":"Herbstsession 2025","Council":1,"CouncilName":"Nationalrat","CouncilAbbreviation":"NR","Date":"\/Date(1758844800000)\/","Begin":"0800","Modified":"\/Date(1762956453040)\/","LegislativePeriodNumber":52,"PublicationStatus":"final","MeetingOrderText":"Siebzehnte Sitzung","SortOrder":17,"Location":"N"},"SubjectsBusiness":{"results":[{"__metadata":{"id":"https://ws.parlament.ch/OData.svc/SubjectBusiness(BusinessNumber=20240058,IdSubject=69436L,Language='DE')","uri":"https://ws.parlament.ch/OData.svc/SubjectBusiness(BusinessNumber=20240058,IdSubject=69436L,Language='DE')","type":"itsystems.Pd.DataServices.DataModel.SubjectBusiness"},"Subjects":{"__deferred":{"uri":"https://ws.parlament.ch/OData.svc/SubjectBusiness(BusinessNumber=20240058,IdSubject=69436L,Language='DE')/Subjects"}},"Businesses":{"__deferred":{"uri":"https://ws.parlament.ch/OData.svc/SubjectBusiness(BusinessNumber=20240058,IdSubject=69436L,Language='DE')/Businesses"}},"IdSubject":"69436","BusinessNumber":20240058,"Language":"DE","BusinessShortNumber":"24.058","Title":"\u00abF\u00fcr eine gute und bezahlbare familienerg\u00e4nzende Kinderbetreuung f\u00fcr alle (Kita-Initiative)\u00bb. Volksinitiative","SortOrder":1,"PublishedNotes":"Frist - D\u00e9lai\n","Modified":"\/Date(1756485773716)\/","TitleDE":"F\u00fcr eine gute und bezahlbare\nfamilienerg\u00e4nzende Kinderbetreuung\nf\u00fcr alle (Kita-Initiative).\nVolksinitiative","TitleFR":"Pour un accueil extrafamilial\ndes enfants qui soit de qualit\u00e9\net abordable pour tous\n(initiative sur les cr\u00e8ches).\nInitiative populaire","TitleIT":null}]},"Transcripts":{"results":[{"__metadata":{"id":"https://ws.parlament.ch/OData.svc/Transcript(ID=364479L,Language='DE')","uri":"https://ws.parlament.ch/OData.svc/Transcript(ID=364479L,Language='DE')","type":"itsystems.Pd.DataServices.DataModel.Transcript"},"Subjects":{"__deferred":{"uri":"https://ws.parlament.ch/OData.svc/Transcript(ID=364479L,Language='DE')/Subjects"}},"MembersCouncil":{"__deferred":{"uri":"https://ws.parlament.ch/OData.svc/Transcript(ID=364479L,Language='DE')/MembersCouncil"}},"Businesses":{"__deferred":{"uri":"https://ws.parlament.ch/OData.svc/Transcript(ID=364479L,Language='DE')/Businesses"}},"ID":"364479","Language":"DE","IdSubject":"69436","VoteId":null,"PersonNumber":4313,"Type":1,"Text":"<pd_text><p><b>Pr\u00e4sidentin</b> (Riniker Maja, Pr\u00e4sidentin): Sie haben einen schriftlichen Bericht der Kommission erhalten. Die Kommission beantragt ohne Gegenantrag, die Frist f\u00fcr die Behandlung der Volksinitiative um ein Jahr, d.[NB]h. bis zum 5.[NB]Januar 2027, zu verl\u00e4ngern. [GZ]</p>\n<p>[VS][GZ]</p>\n<p><i>Die Behandlungsfrist des Gesch\u00e4ftes wird verl\u00e4ngert </i>[GZ]</p>\n<p><i>Le d\u00e9lai de traitement de l'objet est prorog\u00e9</i></p>\n</pd_text>","MeetingCouncilAbbreviation":"N","MeetingDate":"20250926","MeetingVerbalixOid":4079,"IdSession":"5210","SpeakerFirstName":"Maja","SpeakerLastName":"Riniker","SpeakerFullName":"Riniker Maja","SpeakerFunction":"P-F","CouncilId":1,"CouncilName":"Nationalrat","CantonId":19,"CantonName":"Aargau","CantonAbbreviation":"AG","ParlGroupName":"FDP-Liberale Fraktion","ParlGroupAbbreviation":"RL","SortOrder":1,"Start":"\/Date(1758873957913)\/","End":"\/Date(1758873995289)\/","Function":"P-F","DisplaySpeaker":false,"LanguageOfText":null,"Modified":"\/Date(1781794589909)\/","StartTimeWithTimezone":"\/Date(1758873957913+0120)\/","EndTimeWithTimezone":"\/Date(1758873995290+0120)\/","VoteBusinessNumber":null,"VoteBusinessShortNumber":null,"VoteBusinessTitle":null}]},"ID":"69436","Language":"DE","IdMeeting":"5136","VerbalixOid":785862,"SortOrder":9,"Modified":"\/Date(1781794589904)\/"}}