{"d":{"__metadata":{"id":"https://ws.parlament.ch/OData.svc/Subject(ID=69951L,Language='DE')","uri":"https://ws.parlament.ch/OData.svc/Subject(ID=69951L,Language='DE')","type":"itsystems.Pd.DataServices.DataModel.Subject"},"Meetings":{"__metadata":{"id":"https://ws.parlament.ch/OData.svc/Meeting(ID=5166L,Language='DE')","uri":"https://ws.parlament.ch/OData.svc/Meeting(ID=5166L,Language='DE')","type":"itsystems.Pd.DataServices.DataModel.Meeting"},"Sessions":{"__deferred":{"uri":"https://ws.parlament.ch/OData.svc/Meeting(ID=5166L,Language='DE')/Sessions"}},"Subjects":{"__deferred":{"uri":"https://ws.parlament.ch/OData.svc/Meeting(ID=5166L,Language='DE')/Subjects"}},"ID":"5166","Language":"DE","MeetingNumber":8,"IdSession":5211,"SessionNumber":11,"SessionName":"Wintersession 2025","Council":2,"CouncilName":"St\u00e4nderat","CouncilAbbreviation":"SR","Date":"\/Date(1765411200000)\/","Begin":"0815","Modified":"\/Date(1769672506930)\/","LegislativePeriodNumber":52,"PublicationStatus":"final","MeetingOrderText":"Achte Sitzung","SortOrder":8,"Location":"S"},"SubjectsBusiness":{"results":[{"__metadata":{"id":"https://ws.parlament.ch/OData.svc/SubjectBusiness(BusinessNumber=20244596,IdSubject=69951L,Language='DE')","uri":"https://ws.parlament.ch/OData.svc/SubjectBusiness(BusinessNumber=20244596,IdSubject=69951L,Language='DE')","type":"itsystems.Pd.DataServices.DataModel.SubjectBusiness"},"Subjects":{"__deferred":{"uri":"https://ws.parlament.ch/OData.svc/SubjectBusiness(BusinessNumber=20244596,IdSubject=69951L,Language='DE')/Subjects"}},"Businesses":{"__deferred":{"uri":"https://ws.parlament.ch/OData.svc/SubjectBusiness(BusinessNumber=20244596,IdSubject=69951L,Language='DE')/Businesses"}},"IdSubject":"69951","BusinessNumber":20244596,"Language":"DE","BusinessShortNumber":"24.4596","Title":"Besserer Schutz des geistigen Eigentums vor KI-Missbrauch","SortOrder":1,"PublishedNotes":null,"Modified":"\/Date(1738168964446)\/","TitleDE":"Motion G\u00f6ssi Petra.\nBesserer Schutz des geistigen\nEigentums vor KI-Missbrauch","TitleFR":"Motion G\u00f6ssi Petra.\nPour une meilleure protection\nde la propri\u00e9t\u00e9 intellectuelle\ncontre les abus li\u00e9s\n\u00e0 l'intelligence artificielle","TitleIT":null}]},"Transcripts":{"results":[{"__metadata":{"id":"https://ws.parlament.ch/OData.svc/Transcript(ID=367100L,Language='DE')","uri":"https://ws.parlament.ch/OData.svc/Transcript(ID=367100L,Language='DE')","type":"itsystems.Pd.DataServices.DataModel.Transcript"},"Subjects":{"__deferred":{"uri":"https://ws.parlament.ch/OData.svc/Transcript(ID=367100L,Language='DE')/Subjects"}},"MembersCouncil":{"__deferred":{"uri":"https://ws.parlament.ch/OData.svc/Transcript(ID=367100L,Language='DE')/MembersCouncil"}},"Businesses":{"__deferred":{"uri":"https://ws.parlament.ch/OData.svc/Transcript(ID=367100L,Language='DE')/Businesses"}},"ID":"367100","Language":"DE","IdSubject":"69951","VoteId":null,"PersonNumber":4325,"Type":1,"Text":"<pd_text><p>Notre conseil a adopt\u00e9 le 20 mars dernier, sans opposition, la motion G\u00f6ssi. Les avis exprim\u00e9s dans le d\u00e9bat relevaient l'importance pour les titulaires de droits d'auteur et de droits voisins de conna\u00eetre et d'autoriser l'utilisation de leurs oeuvres et prestations par l'intelligence artificielle, et d'\u00eatre r\u00e9mun\u00e9r\u00e9s en cons\u00e9quence. Le point de d\u00e9part de la motion \u00e9tait le constat de la pratique, devenue courante ces derni\u00e8res ann\u00e9es, d'utiliser de mani\u00e8re massive et syst\u00e9matique, opaque et parfois en recourant \u00e0 des contournements techniques, des textes, des images, des fichiers audio et des vid\u00e9os, sans autorisation ni r\u00e9mun\u00e9ration. C'est cette pratique, en contradiction fondamentale avec les principes de la loi sur le droit d'auteur, que l'autrice de la motion entendait r\u00e9sorber. Celle-ci formulait, en plus de la question de principe, des prescriptions concr\u00e8tes quant \u00e0 sa possible mise en oeuvre. Ce sont ces prescriptions concr\u00e8tes qui ont fait l'objet d'un examen approfondi dans le second conseil.</p>\n<p>Apr\u00e8s avoir proc\u00e9d\u00e9 \u00e0 des auditions, la Commission de la science, de l'\u00e9ducation et de la culture du Conseil national a en effet estim\u00e9 que ces prescriptions concr\u00e8tes qui constituaient les chiffres 1, 2 et 3 du texte initial de la motion allaient trop loin. La commission a d\u00e8s lors propos\u00e9 une modification de la motion en abandonnant ces trois chiffres pour limiter le texte de la motion au mandat de r\u00e9vision de la loi sur le droit d'auteur, afin de trouver un \u00e9quilibre entre les droits d'auteur et l'innovation, et pour \u00e9viter toute discrimination \u00e0 l'\u00e9gard de l'intelligence artificielle suisse. Le Conseil f\u00e9d\u00e9ral s'est ralli\u00e9 \u00e0 cette nouvelle proposition, et c'est \u00e0 une large majorit\u00e9 que le Conseil national a approuv\u00e9, le 16 septembre dernier, la motion de notre coll\u00e8gue G\u00f6ssi ainsi modifi\u00e9e.</p>\n<p>Notre commission vous propose \u00e0 l'unanimit\u00e9 de nous rallier au Conseil national. La motion ainsi modifi\u00e9e maintient en effet le mandat initial de r\u00e9viser la loi sur le droit d'auteur pour prot\u00e9ger la propri\u00e9t\u00e9 intellectuelle contre les abus li\u00e9s \u00e0 l'intelligence artificielle, tout en offrant au Conseil f\u00e9d\u00e9ral et \u00e0 son administration une marge de manoeuvre suppl\u00e9mentaire pour sa mise en oeuvre. Pour votre commission, il est important que les travaux l\u00e9gislatifs aient pour objectif d'adapter le droit d'auteur pour qu'il continue \u00e0 jouer un r\u00f4le incitatif pour la cr\u00e9ation d'oeuvres sans nuire au p\u00f4le \u00e9conomique de recherche et d'innovation qu'est notre pays. Il convient en effet de prendre en compte les int\u00e9r\u00eats de la Suisse en[NB]tant[NB]que[NB]p\u00f4le[NB]de[NB]recherche et d'innovation, mais aussi en tant que p\u00f4le de cr\u00e9ativit\u00e9, d'\u00e9dition et de production de biens culturels.</p>\n<p>Les premi\u00e8res r\u00e9flexions des experts en mati\u00e8re de licence montrent que des solutions appropri\u00e9es et compatibles avec tous les int\u00e9r\u00eats pour r\u00e9soudre le conflit entre l'intelligence artificielle g\u00e9n\u00e9rative et le droit d'auteur sont possibles. Les repr\u00e9sentants de l'Institut de la propri\u00e9t\u00e9 intellectuelle, que je remercie pour leur soutien comp\u00e9tent durant l'examen de la motion, ont expliqu\u00e9 que des processus num\u00e9riques normalis\u00e9s simplifiant les processus pourraient constituer une piste, par exemple un \"opt-out\" lisible par machine. Diff\u00e9rentes possibilit\u00e9s d'\"opt-out\" sont ainsi envisageables, mais \u00e9galement une solution collective. L'octroi de cette marge de manoeuvre suppl\u00e9mentaire au Conseil f\u00e9d\u00e9ral et \u00e0 son administration permettra en outre, de l'avis de la commission, de prendre en compte les mod\u00e8les qui seront mis en place ou sont en train d'\u00eatre mis en place dans les \u00c9tats voisins, ainsi que d'\u00e9valuer les \u00e9volutions l\u00e9gislatives en cours afin d'\u00e9viter un \"Swiss finish\" qui pourrait se r\u00e9v\u00e9ler pr\u00e9judiciable pour notre \u00e9conomie cr\u00e9ative.</p>\n<p>C'est avec ces consid\u00e9rants que la commission vous propose, \u00e0 l'unanimit\u00e9, d'adopter la motion dans sa version modifi\u00e9e.</p>\n</pd_text>","MeetingCouncilAbbreviation":"S","MeetingDate":"20251211","MeetingVerbalixOid":4109,"IdSession":"5211","SpeakerFirstName":"Isabelle","SpeakerLastName":"Chassot","SpeakerFullName":"Chassot Isabelle","SpeakerFunction":"Mit-F","CouncilId":2,"CouncilName":"St\u00e4nderat","CantonId":10,"CantonName":"Freiburg","CantonAbbreviation":"FR","ParlGroupName":"Die Mitte-Fraktion. Die Mitte. EVP.","ParlGroupAbbreviation":"M-E","SortOrder":2,"Start":"\/Date(1765453780634)\/","End":"\/Date(1765454020180)\/","Function":"*","DisplaySpeaker":true,"LanguageOfText":"FR","Modified":"\/Date(1781695463528)\/","StartTimeWithTimezone":"\/Date(1765453780633+0060)\/","EndTimeWithTimezone":"\/Date(1765454020180+0060)\/","VoteBusinessNumber":null,"VoteBusinessShortNumber":null,"VoteBusinessTitle":null},{"__metadata":{"id":"https://ws.parlament.ch/OData.svc/Transcript(ID=367117L,Language='DE')","uri":"https://ws.parlament.ch/OData.svc/Transcript(ID=367117L,Language='DE')","type":"itsystems.Pd.DataServices.DataModel.Transcript"},"Subjects":{"__deferred":{"uri":"https://ws.parlament.ch/OData.svc/Transcript(ID=367117L,Language='DE')/Subjects"}},"MembersCouncil":{"__deferred":{"uri":"https://ws.parlament.ch/OData.svc/Transcript(ID=367117L,Language='DE')/MembersCouncil"}},"Businesses":{"__deferred":{"uri":"https://ws.parlament.ch/OData.svc/Transcript(ID=367117L,Language='DE')/Businesses"}},"ID":"367117","Language":"DE","IdSubject":"69951","VoteId":null,"PersonNumber":4032,"Type":1,"Text":"<pd_text><p>Der Bundesrat hatte Ihnen gegen\u00fcber bereits die urspr\u00fcngliche Motion zur Annahme beantragt; der Herr Pr\u00e4sident hatte das falsch gesagt, hat sich aber bereits bei mir entschuldigt. Der Bundesrat unterst\u00fctzte also bereits die urspr\u00fcngliche Motion. Mit der \u00fcberarbeiteten und verbesserten Motion ist er sehr zufrieden. Er sieht darin [PAGE 1326] durchaus die M\u00f6glichkeit, das Urheberrecht zu st\u00e4rken, ohne die Innovation in unserem Land zu bremsen.</p>\n<p>Den Hinweis von Herrn Michel nehme ich gerne mit. Ich sehe es wie Herr Michel. Ich habe mich ebenfalls daf\u00fcr eingesetzt, dass die Vorlage zum Leistungsschutzrecht jetzt kommt und nicht zwingend mit dem k\u00fcnstlerischen Urheberrecht verheiratet werden muss, das wir hier anschauen. Der Nationalrat wird dann aufgrund der Debatte, die in der Kommission gef\u00fchrt wurde, entscheiden, ob er eintritt oder nicht. Letztlich hat es der Nationalrat in der Hand, ob die Vorlage zum Leistungsschutzrecht rechtzeitig kommt - respektive Sie, die Sie den Antrag dann auch entsprechend behandeln werden.</p>\n<p>Es lohnt sich also, genau anzuschauen, ob es wirklich notwendig ist, diese beiden Anliegen zusammenzunehmen. Denn dies w\u00fcrde ganz klar zu einer Verz\u00f6gerung im Bereich der Medienf\u00f6rderung f\u00fchren, die wir \u00fcber die Vorlage zum Leistungsschutzrecht gerne voranbringen w\u00fcrden.</p>\n</pd_text>","MeetingCouncilAbbreviation":"S","MeetingDate":"20251211","MeetingVerbalixOid":4109,"IdSession":"5211","SpeakerFirstName":"Beat","SpeakerLastName":"Jans","SpeakerFullName":"Jans Beat","SpeakerFunction":"BR-M","CouncilId":99,"CouncilName":"Bundesrat","CantonId":12,"CantonName":"Basel-Stadt","CantonAbbreviation":"BS","ParlGroupName":null,"ParlGroupAbbreviation":null,"SortOrder":5,"Start":"\/Date(1765454316021)\/","End":"\/Date(1765454409122)\/","Function":"BR-M","DisplaySpeaker":true,"LanguageOfText":"DE","Modified":"\/Date(1781695463533)\/","StartTimeWithTimezone":"\/Date(1765454316020+0060)\/","EndTimeWithTimezone":"\/Date(1765454409123+0060)\/","VoteBusinessNumber":null,"VoteBusinessShortNumber":null,"VoteBusinessTitle":null},{"__metadata":{"id":"https://ws.parlament.ch/OData.svc/Transcript(ID=367132L,Language='DE')","uri":"https://ws.parlament.ch/OData.svc/Transcript(ID=367132L,Language='DE')","type":"itsystems.Pd.DataServices.DataModel.Transcript"},"Subjects":{"__deferred":{"uri":"https://ws.parlament.ch/OData.svc/Transcript(ID=367132L,Language='DE')/Subjects"}},"MembersCouncil":{"__deferred":{"uri":"https://ws.parlament.ch/OData.svc/Transcript(ID=367132L,Language='DE')/MembersCouncil"}},"Businesses":{"__deferred":{"uri":"https://ws.parlament.ch/OData.svc/Transcript(ID=367132L,Language='DE')/Businesses"}},"ID":"367132","Language":"DE","IdSubject":"69951","VoteId":null,"PersonNumber":4055,"Type":1,"Text":"<pd_text><p><i>Antrag der Kommission </i>[GZ]</p>\n<p>Zustimmung zur \u00c4nderung</p>\n<p>[VS]</p>\n<p><i>Proposition de la commission </i>[GZ]</p>\n<p>Approuver la modification</p>\n<p>[VS]</p>\n<p><b>Pr\u00e4sident</b> (Engler Stefan, Pr\u00e4sident): Es liegt Ihnen ein schriftlicher Bericht der Kommission vor. Die Kommission beantragt, die Motion in der vom Nationalrat ge\u00e4nderten Fassung anzunehmen. Der Bundesrat lehnte die origin\u00e4re Motion ab. [PAGE 1325] </p>\n</pd_text>","MeetingCouncilAbbreviation":"S","MeetingDate":"20251211","MeetingVerbalixOid":4109,"IdSession":"5211","SpeakerFirstName":"Stefan","SpeakerLastName":"Engler","SpeakerFullName":"Engler Stefan","SpeakerFunction":"P-M","CouncilId":2,"CouncilName":"St\u00e4nderat","CantonId":18,"CantonName":"Graub\u00fcnden","CantonAbbreviation":"GR","ParlGroupName":"Die Mitte-Fraktion. Die Mitte. EVP.","ParlGroupAbbreviation":"M-E","SortOrder":1,"Start":"\/Date(1765453747164)\/","End":"\/Date(1765453780634)\/","Function":"P-M","DisplaySpeaker":false,"LanguageOfText":null,"Modified":"\/Date(1781695463526)\/","StartTimeWithTimezone":"\/Date(1765453747163+0060)\/","EndTimeWithTimezone":"\/Date(1765453780633+0060)\/","VoteBusinessNumber":null,"VoteBusinessShortNumber":null,"VoteBusinessTitle":null},{"__metadata":{"id":"https://ws.parlament.ch/OData.svc/Transcript(ID=367150L,Language='DE')","uri":"https://ws.parlament.ch/OData.svc/Transcript(ID=367150L,Language='DE')","type":"itsystems.Pd.DataServices.DataModel.Transcript"},"Subjects":{"__deferred":{"uri":"https://ws.parlament.ch/OData.svc/Transcript(ID=367150L,Language='DE')/Subjects"}},"MembersCouncil":{"__deferred":{"uri":"https://ws.parlament.ch/OData.svc/Transcript(ID=367150L,Language='DE')/MembersCouncil"}},"Businesses":{"__deferred":{"uri":"https://ws.parlament.ch/OData.svc/Transcript(ID=367150L,Language='DE')/Businesses"}},"ID":"367150","Language":"DE","IdSubject":"69951","VoteId":null,"PersonNumber":4309,"Type":1,"Text":"<pd_text><p>Ich stimme der Motion in der abge\u00e4nderten Fassung auch zu. Ich m\u00f6chte nur noch eine Br\u00fccke zum Leistungsschutzrecht schlagen; die Rapporteurin hat es kurz erw\u00e4hnt. Ausschnitte, \"snippets\", aus journalistischen Inhalten sind urheberrechtlich eben nicht gesch\u00fctzt, aber Suchmaschinen und News-Aggregatoren erzielen damit viel Traffic und generieren hohe Werbeeinnahmen. Beim Leistungsschutzrecht geht es darum, den Medienverlagen und Medienschaffenden zu erm\u00f6glichen, eine faire Verg\u00fctung f\u00fcr ihre Inhalte zu erhalten; das ist der Inhalt dieses Rechts, in Europa wurde das mittlerweile umgesetzt. </p>\n<p>Bekanntlich hat der Bundesrat uns die Vorlage 25.064 f\u00fcr ein Leistungsschutzrecht f\u00fcr Medienunternehmen nach erfolgreicher Vernehmlassung \u00fcbermittelt. Ende Oktober dieses Jahres ist die KVF-N auf die Vorlage eingetreten, hat sie aber an den Bundesrat zur\u00fcckgewiesen, und zwar mit dem Auftrag, nicht nur die Verwendung journalistischer Leistungen durch die grossen Online-Dienste, sondern auch durch die Anbieter von k\u00fcnstlicher Intelligenz zu regeln, also umfassender auszugestalten. Entsprechend, jetzt kommt es, sollen die Anliegen der Vorlage f\u00fcr ein Leistungsschutzrecht in die Umsetzung der Motion G\u00f6ssi, die wir jetzt behandeln, integriert werden. Die beiden Vorlagen sollen also miteinander verkn\u00fcpft werden, so der Auftrag der KVF-N. </p>\n<p>Diese Verbindung kann durchaus Sinn machen. Meine Sorge ist aber nun, deshalb melde ich mich, dass das Leistungsschutzrecht, zu dem wir schon eine Vernehmlassung hatten, zu dem schon ein ausgearbeiteter Entwurf vorliegt und eine Kommissionsberatung begonnen hat, dass diese Vorlage jetzt ausgebremst oder verz\u00f6gert w\u00fcrde. Ich m\u00f6chte den Bundesrat einfach bitten, wenn er im Sinne der KVF-N nun die Umsetzung der Motion G\u00f6ssi mit dem Leistungsschutzrecht verkn\u00fcpft, dass diese Verkn\u00fcpfung dann doch z\u00fcgig vorangeht und nicht auf die lange Bank geschoben wird. Wir haben beim Leistungsschutzrecht n\u00e4mlich nicht nur einen inhaltlichen, sondern auch einen zeitlichen Handlungsbedarf. </p>\n</pd_text>","MeetingCouncilAbbreviation":"S","MeetingDate":"20251211","MeetingVerbalixOid":4109,"IdSession":"5211","SpeakerFirstName":"Matthias","SpeakerLastName":"Michel","SpeakerFullName":"Michel Matthias","SpeakerFunction":"Mit-M","CouncilId":2,"CouncilName":"St\u00e4nderat","CantonId":9,"CantonName":"Zug","CantonAbbreviation":"ZG","ParlGroupName":"FDP-Liberale Fraktion","ParlGroupAbbreviation":"RL","SortOrder":4,"Start":"\/Date(1765454184536)\/","End":"\/Date(1765454309403)\/","Function":"Mit-M","DisplaySpeaker":true,"LanguageOfText":"DE","Modified":"\/Date(1781695463531)\/","StartTimeWithTimezone":"\/Date(1765454184537+0060)\/","EndTimeWithTimezone":"\/Date(1765454309403+0060)\/","VoteBusinessNumber":null,"VoteBusinessShortNumber":null,"VoteBusinessTitle":null},{"__metadata":{"id":"https://ws.parlament.ch/OData.svc/Transcript(ID=367154L,Language='DE')","uri":"https://ws.parlament.ch/OData.svc/Transcript(ID=367154L,Language='DE')","type":"itsystems.Pd.DataServices.DataModel.Transcript"},"Subjects":{"__deferred":{"uri":"https://ws.parlament.ch/OData.svc/Transcript(ID=367154L,Language='DE')/Subjects"}},"MembersCouncil":{"__deferred":{"uri":"https://ws.parlament.ch/OData.svc/Transcript(ID=367154L,Language='DE')/MembersCouncil"}},"Businesses":{"__deferred":{"uri":"https://ws.parlament.ch/OData.svc/Transcript(ID=367154L,Language='DE')/Businesses"}},"ID":"367154","Language":"DE","IdSubject":"69951","VoteId":null,"PersonNumber":4116,"Type":1,"Text":"<pd_text><p>Erlauben Sie mir, dass ich mich auch noch kurz zu Wort melde, vor allem auch zuhanden der Materialien, weil diese Motion, seit wir sie bei uns im Rat behandelt haben, teilweise sehr hohe Wellen geschlagen hat. In den Medien und in den Fachgremien sind wichtige Diskussionen entstanden, die ich sehr wertvoll finde. Diese Diskussionen haben mir vor allem auch gezeigt, dass der urspr\u00fcngliche Motionstext, je nach Interessenlage, unterschiedlich interpretiert wurde. Die Geister schieden sich besonders daran, wie man den Begriff der Zustimmung zu verstehen habe und ob daf\u00fcr ein Opting-out gen\u00fcge oder nicht. Dies hat im \u00dcbrigen immer meiner \u00dcberzeugung entsprochen; ich war nie der Auffassung, dass der Gesetzgeber aufgrund meiner Motion die Innovationskraft des Schweizer Forschungs- und Wirtschaftsplatzes einschr\u00e4nken soll, was auch ganz einfach nachvollziehbar ist, denn ich bin durch und durch liberal, auch mit Blick auf die KI. Ich setze mich aber auch f\u00fcr den Schutz des geistigen Eigentums ein, der eben auch eine Kernaufgabe eines liberalen Staatswesens ist.</p>\n<p>Ziel der Motion war und ist es immer noch - das hat auch die Kommissionssprecherin gesagt -, das Urheberrecht so anzupassen, dass geistiges Eigentum auch bei der Anwendung von k\u00fcnstlicher Intelligenz gesch\u00fctzt ist; die Kommissionssprecherin hat das betont, und dieses Ziel wird auch in der abge\u00e4nderten Fassung gewahrt.</p>\n<p>Ich danke deshalb vor allem den Kommissionen beider R\u00e4te, dass sie wirklich sehr viel Arbeit in die Behandlung dieser Motion gesteckt haben. Ich konnte und durfte auch w\u00e4hrend des gesamten Prozesses mit diversen Kommissionsmitgliedern einen guten Austausch pflegen, was mich sehr gefreut hat. Ich danke aber auch der gesamten betroffenen Branche. Kurz vor der Sommerpause habe ich noch kurzfristig zu einem Round Table eingeladen, an dem dann auch alle betroffenen Kreise wie die KI-Branche, die EPFL, die Kreativbranche, die Medienbranche, aber auch die Rechteverwerter und weitere teilgenommen haben. Am Ende dieses Austausches war eben auch ersichtlich, dass in dieser Thematik ein gemeinsamer Nenner gefunden werden kann. F\u00fcr diese Diskussionsbereitschaft und f\u00fcr Ihre Mitarbeit danke ich Ihnen wirklich sehr.</p>\n</pd_text>","MeetingCouncilAbbreviation":"S","MeetingDate":"20251211","MeetingVerbalixOid":4109,"IdSession":"5211","SpeakerFirstName":"Petra","SpeakerLastName":"G\u00f6ssi","SpeakerFullName":"G\u00f6ssi Petra","SpeakerFunction":"Mit-F","CouncilId":2,"CouncilName":"St\u00e4nderat","CantonId":5,"CantonName":"Schwyz","CantonAbbreviation":"SZ","ParlGroupName":"FDP-Liberale Fraktion","ParlGroupAbbreviation":"RL","SortOrder":3,"Start":"\/Date(1765454026780)\/","End":"\/Date(1765454179256)\/","Function":"Mit-F","DisplaySpeaker":true,"LanguageOfText":"DE","Modified":"\/Date(1781695463529)\/","StartTimeWithTimezone":"\/Date(1765454026780+0060)\/","EndTimeWithTimezone":"\/Date(1765454179257+0060)\/","VoteBusinessNumber":null,"VoteBusinessShortNumber":null,"VoteBusinessTitle":null},{"__metadata":{"id":"https://ws.parlament.ch/OData.svc/Transcript(ID=367164L,Language='DE')","uri":"https://ws.parlament.ch/OData.svc/Transcript(ID=367164L,Language='DE')","type":"itsystems.Pd.DataServices.DataModel.Transcript"},"Subjects":{"__deferred":{"uri":"https://ws.parlament.ch/OData.svc/Transcript(ID=367164L,Language='DE')/Subjects"}},"MembersCouncil":{"__deferred":{"uri":"https://ws.parlament.ch/OData.svc/Transcript(ID=367164L,Language='DE')/MembersCouncil"}},"Businesses":{"__deferred":{"uri":"https://ws.parlament.ch/OData.svc/Transcript(ID=367164L,Language='DE')/Businesses"}},"ID":"367164","Language":"DE","IdSubject":"69951","VoteId":null,"PersonNumber":4055,"Type":1,"Text":"<pd_text><p><b>Pr\u00e4sident</b> (Engler Stefan, Pr\u00e4sident): Der Bundesrat schliesst sich dem Antrag der Kommission an.[GZ]</p>\n<p>[VS][GZ]</p>\n<p><i>Angenommen - Adopt\u00e9</i></p>\n</pd_text>","MeetingCouncilAbbreviation":"S","MeetingDate":"20251211","MeetingVerbalixOid":4109,"IdSession":"5211","SpeakerFirstName":"Stefan","SpeakerLastName":"Engler","SpeakerFullName":"Engler Stefan","SpeakerFunction":"P-M","CouncilId":2,"CouncilName":"St\u00e4nderat","CantonId":18,"CantonName":"Graub\u00fcnden","CantonAbbreviation":"GR","ParlGroupName":"Die Mitte-Fraktion. Die Mitte. EVP.","ParlGroupAbbreviation":"M-E","SortOrder":6,"Start":"\/Date(1765454409122)\/","End":"\/Date(1765454421112)\/","Function":"P-M","DisplaySpeaker":false,"LanguageOfText":null,"Modified":"\/Date(1781695463535)\/","StartTimeWithTimezone":"\/Date(1765454409123+0060)\/","EndTimeWithTimezone":"\/Date(1765454421113+0060)\/","VoteBusinessNumber":null,"VoteBusinessShortNumber":null,"VoteBusinessTitle":null}]},"ID":"69951","Language":"DE","IdMeeting":"5166","VerbalixOid":789856,"SortOrder":17,"Modified":"\/Date(1781695463524)\/"}}