{"d":{"__metadata":{"id":"https://ws.parlament.ch/OData.svc/Subject(ID=69954L,Language='FR')","uri":"https://ws.parlament.ch/OData.svc/Subject(ID=69954L,Language='FR')","type":"itsystems.Pd.DataServices.DataModel.Subject"},"Meetings":{"__metadata":{"id":"https://ws.parlament.ch/OData.svc/Meeting(ID=5166L,Language='FR')","uri":"https://ws.parlament.ch/OData.svc/Meeting(ID=5166L,Language='FR')","type":"itsystems.Pd.DataServices.DataModel.Meeting"},"Sessions":{"__deferred":{"uri":"https://ws.parlament.ch/OData.svc/Meeting(ID=5166L,Language='FR')/Sessions"}},"Subjects":{"__deferred":{"uri":"https://ws.parlament.ch/OData.svc/Meeting(ID=5166L,Language='FR')/Subjects"}},"ID":"5166","Language":"FR","MeetingNumber":8,"IdSession":5211,"SessionNumber":11,"SessionName":"Session d'hiver 2025","Council":2,"CouncilName":"Conseil des Etats","CouncilAbbreviation":"CE","Date":"\/Date(1765411200000)\/","Begin":"0815","Modified":"\/Date(1769672506930)\/","LegislativePeriodNumber":52,"PublicationStatus":"final","MeetingOrderText":"Huiti\u00e8me s\u00e9ance","SortOrder":8,"Location":"S"},"SubjectsBusiness":{"results":[{"__metadata":{"id":"https://ws.parlament.ch/OData.svc/SubjectBusiness(BusinessNumber=20254278,IdSubject=69954L,Language='FR')","uri":"https://ws.parlament.ch/OData.svc/SubjectBusiness(BusinessNumber=20254278,IdSubject=69954L,Language='FR')","type":"itsystems.Pd.DataServices.DataModel.SubjectBusiness"},"Subjects":{"__deferred":{"uri":"https://ws.parlament.ch/OData.svc/SubjectBusiness(BusinessNumber=20254278,IdSubject=69954L,Language='FR')/Subjects"}},"Businesses":{"__deferred":{"uri":"https://ws.parlament.ch/OData.svc/SubjectBusiness(BusinessNumber=20254278,IdSubject=69954L,Language='FR')/Businesses"}},"IdSubject":"69954","BusinessNumber":20254278,"Language":"FR","BusinessShortNumber":"25.4278","Title":"Priorit\u00e9 absolue au train de mesures visant \u00e0 acc\u00e9l\u00e9rer les proc\u00e9dures d'asile ","SortOrder":1,"PublishedNotes":"Ordnungsantrag - Motion d'ordre\n","Modified":"\/Date(1761132226226)\/","TitleDE":"Motion W\u00fcrth Benedikt.\nAsyl-Beschleunigungspaket dringlich\nangehen, andere Strategie\u00fcbungen\nzur\u00fcckstellen","TitleFR":"Motion W\u00fcrth Benedikt.\nPriorit\u00e9 absolue au train de mesures\nvisant \u00e0 acc\u00e9l\u00e9rer les proc\u00e9dures\nd'asile","TitleIT":null}]},"Transcripts":{"results":[{"__metadata":{"id":"https://ws.parlament.ch/OData.svc/Transcript(ID=367113L,Language='FR')","uri":"https://ws.parlament.ch/OData.svc/Transcript(ID=367113L,Language='FR')","type":"itsystems.Pd.DataServices.DataModel.Transcript"},"Subjects":{"__deferred":{"uri":"https://ws.parlament.ch/OData.svc/Transcript(ID=367113L,Language='FR')/Subjects"}},"MembersCouncil":{"__deferred":{"uri":"https://ws.parlament.ch/OData.svc/Transcript(ID=367113L,Language='FR')/MembersCouncil"}},"Businesses":{"__deferred":{"uri":"https://ws.parlament.ch/OData.svc/Transcript(ID=367113L,Language='FR')/Businesses"}},"ID":"367113","Language":"FR","IdSubject":"69954","VoteId":null,"PersonNumber":4055,"Type":1,"Text":"<pd_text><p><i>Ordnungsantrag Rieder</i>[GZ]</p>\n<p>Zuweisung der Motion 25.4278 an die zust\u00e4ndige Kommission zur Vorpr\u00fcfung</p>\n<p>[VS]</p>\n<p><i>Motion d'ordre Rieder</i>[GZ]</p>\n<p>Transmettre la motion 25.4278 \u00e0 la commission comp\u00e9tente pour examen pr\u00e9alable</p>\n</pd_text>","MeetingCouncilAbbreviation":"S","MeetingDate":"20251211","MeetingVerbalixOid":4109,"IdSession":"5211","SpeakerFirstName":"Stefan","SpeakerLastName":"Engler","SpeakerFullName":"Engler Stefan","SpeakerFunction":"P-M","CouncilId":2,"CouncilName":"Conseil des Etats","CantonId":18,"CantonName":"Grisons","CantonAbbreviation":"GR","ParlGroupName":"Le Groupe du Centre. Le Centre. PEV.","ParlGroupAbbreviation":"M-E","SortOrder":1,"Start":"\/Date(1765452699463)\/","End":"\/Date(1765452730010)\/","Function":"P-M","DisplaySpeaker":false,"LanguageOfText":null,"Modified":"\/Date(1781695463499)\/","StartTimeWithTimezone":"\/Date(1765452699463+0060)\/","EndTimeWithTimezone":"\/Date(1765452730010+0060)\/","VoteBusinessNumber":null,"VoteBusinessShortNumber":null,"VoteBusinessTitle":null},{"__metadata":{"id":"https://ws.parlament.ch/OData.svc/Transcript(ID=367114L,Language='FR')","uri":"https://ws.parlament.ch/OData.svc/Transcript(ID=367114L,Language='FR')","type":"itsystems.Pd.DataServices.DataModel.Transcript"},"Subjects":{"__deferred":{"uri":"https://ws.parlament.ch/OData.svc/Transcript(ID=367114L,Language='FR')/Subjects"}},"MembersCouncil":{"__deferred":{"uri":"https://ws.parlament.ch/OData.svc/Transcript(ID=367114L,Language='FR')/MembersCouncil"}},"Businesses":{"__deferred":{"uri":"https://ws.parlament.ch/OData.svc/Transcript(ID=367114L,Language='FR')/Businesses"}},"ID":"367114","Language":"FR","IdSubject":"69954","VoteId":null,"PersonNumber":4055,"Type":1,"Text":"<pd_text><p><i>Angenommen gem\u00e4ss Ordnungsantrag Rieder</i>[GZ]</p>\n<p><i>Adopt\u00e9 selon la motion d'ordre Rieder</i></p>\n</pd_text>","MeetingCouncilAbbreviation":"S","MeetingDate":"20251211","MeetingVerbalixOid":4109,"IdSession":"5211","SpeakerFirstName":"Stefan","SpeakerLastName":"Engler","SpeakerFullName":"Engler Stefan","SpeakerFunction":"P-M","CouncilId":2,"CouncilName":"Conseil des Etats","CantonId":18,"CantonName":"Grisons","CantonAbbreviation":"GR","ParlGroupName":"Le Groupe du Centre. Le Centre. PEV.","ParlGroupAbbreviation":"M-E","SortOrder":4,"Start":"\/Date(1765452974212)\/","End":"\/Date(1765452988548)\/","Function":"P-M","DisplaySpeaker":false,"LanguageOfText":null,"Modified":"\/Date(1781695463505)\/","StartTimeWithTimezone":"\/Date(1765452974213+0060)\/","EndTimeWithTimezone":"\/Date(1765452988547+0060)\/","VoteBusinessNumber":null,"VoteBusinessShortNumber":null,"VoteBusinessTitle":null},{"__metadata":{"id":"https://ws.parlament.ch/OData.svc/Transcript(ID=367139L,Language='FR')","uri":"https://ws.parlament.ch/OData.svc/Transcript(ID=367139L,Language='FR')","type":"itsystems.Pd.DataServices.DataModel.Transcript"},"Subjects":{"__deferred":{"uri":"https://ws.parlament.ch/OData.svc/Transcript(ID=367139L,Language='FR')/Subjects"}},"MembersCouncil":{"__deferred":{"uri":"https://ws.parlament.ch/OData.svc/Transcript(ID=367139L,Language='FR')/MembersCouncil"}},"Businesses":{"__deferred":{"uri":"https://ws.parlament.ch/OData.svc/Transcript(ID=367139L,Language='FR')/Businesses"}},"ID":"367139","Language":"FR","IdSubject":"69954","VoteId":null,"PersonNumber":4204,"Type":1,"Text":"<pd_text><p>Die Begr\u00fcndung meines Ordnungsantrags ist sehr einfach. Ich glaube nicht, dass die Motion jetzt effektiv seri\u00f6s diskutiert werden kann, weil der Bundesrat am 28.[NB]November 2025 seine Asylstrategie 2027 ver\u00f6ffentlicht hat. Daher w\u00fcnsche ich mir, dass die Motion zuerst an die Kommission geht, damit diese die Ziele der Motion mit der Asylstrategie des Bundesrates abgleicht und die Motion dann allenfalls pr\u00e4zisiert, versch\u00e4rft oder korrigiert. Daher ist es eigentlich absolut notwendig, dass wir die Motion jetzt nicht hier behandeln, sondern dass sich die vorberatende Kommission mit dem Abgleich zwischen der Strategie des Bundesrates einerseits und den Zielen des Motion\u00e4rs andererseits befasst.</p>\n</pd_text>","MeetingCouncilAbbreviation":"S","MeetingDate":"20251211","MeetingVerbalixOid":4109,"IdSession":"5211","SpeakerFirstName":"Beat","SpeakerLastName":"Rieder","SpeakerFullName":"Rieder Beat","SpeakerFunction":"Mit-M","CouncilId":2,"CouncilName":"Conseil des Etats","CantonId":23,"CantonName":"Valais","CantonAbbreviation":"VS","ParlGroupName":"Le Groupe du Centre. Le Centre. PEV.","ParlGroupAbbreviation":"M-E","SortOrder":2,"Start":"\/Date(1765452730010)\/","End":"\/Date(1765452790961)\/","Function":"Mit-M","DisplaySpeaker":true,"LanguageOfText":"DE","Modified":"\/Date(1781695463501)\/","StartTimeWithTimezone":"\/Date(1765452730010+0060)\/","EndTimeWithTimezone":"\/Date(1765452790960+0060)\/","VoteBusinessNumber":null,"VoteBusinessShortNumber":null,"VoteBusinessTitle":null},{"__metadata":{"id":"https://ws.parlament.ch/OData.svc/Transcript(ID=367140L,Language='FR')","uri":"https://ws.parlament.ch/OData.svc/Transcript(ID=367140L,Language='FR')","type":"itsystems.Pd.DataServices.DataModel.Transcript"},"Subjects":{"__deferred":{"uri":"https://ws.parlament.ch/OData.svc/Transcript(ID=367140L,Language='FR')/Subjects"}},"MembersCouncil":{"__deferred":{"uri":"https://ws.parlament.ch/OData.svc/Transcript(ID=367140L,Language='FR')/MembersCouncil"}},"Businesses":{"__deferred":{"uri":"https://ws.parlament.ch/OData.svc/Transcript(ID=367140L,Language='FR')/Businesses"}},"ID":"367140","Language":"FR","IdSubject":"69954","VoteId":null,"PersonNumber":4237,"Type":1,"Text":"<pd_text><p>Ich kann unterstreichen, was mein Vorredner gesagt hat. Ich bin einverstanden mit der Zuweisung der Motion an die Kommission.</p>\n<p>Nur zwei, drei zus\u00e4tzliche Bemerkungen: Hintergrund der Motion war die Bef\u00fcrchtung, dass die Asylstrategie die relevanten Probleme im Bereich der zu langsamen Verfahren nicht wirklich adressieren w\u00fcrde. Wir nahmen, wie ausgef\u00fchrt, am 27.[NB]und 28.[NB]November von den Absichten von Bund, Kantonen und Gemeinden Kenntnis. Die Strategie t\u00f6nt jetzt wesentlich besser, als urspr\u00fcnglich zu vermuten war. Ich hatte gewisse Papiere in einem fr\u00fcheren Stadium gesehen, und das war meine Motivation f\u00fcr die Motion.</p>\n<p>Es wurde jetzt klar gesagt, dass die Beschleunigung ein zentrales Thema sein muss, dass die Schwankungstauglichkeit ein zentrales Thema sein muss und dass die R\u00fcckf\u00fchrung straff\u00e4lliger Asylbewerber ein zentrales Thema sein muss. Insofern ist das Anliegen aufgenommen. Wenn es nun bei der Kommission liegt, kann die zust\u00e4ndige SPK den Prozess der Asylstrategie kritisch begleiten und n\u00f6tigenfalls auch mit einer eigenen Motion t\u00e4tig werden.</p>\n<p>Mithin soll im Rahmen der Asylstrategie auch ein Review der Neustrukturierung des Asylwesens aus dem Jahr 2019 vorgenommen werden. Sie k\u00f6nnen sich vielleicht erinnern: Damals wurden Behandlungsfristen als Zielsetzungen definiert, und diese Zielsetzungen wurden mittlerweile komplett verfehlt, insbesondere die Verfahrenszielsetzung im Bereich der erweiterten Verfahren. Das war auch in der Finanzkommission ein grosses Thema. Wir m\u00fcssen wirklich die Beschleunigung voranbringen, denn nur so k\u00f6nnen die Pendenzen abgebaut werden. Wir konnten zwar f\u00fcr einen Pendenzenabbau beim SEM sorgen, aber diese Bugwelle wurde quasi in das Bundesverwaltungsgericht geschoben, und dort ist der Anstieg der Pendenzen bedrohlich. Wir haben also dringendsten Handlungsbedarf, und wir m\u00fcssen ihn auf allen [PAGE 1323] Ebenen anpacken, sei es auf der Ebene der Kommission, sei es auf der Ebene der Exekutiven von Bund, Kantonen und Gemeinden. Ich kann nur an alle appellieren, rasch voranzugehen. Die Finanzkommission hat sich diesbez\u00fcglich auch einige flankierende \u00dcberlegungen zum EP 27 gemacht. Wir werden n\u00e4chsten Mittwoch dar\u00fcber debattieren.</p>\n<p>F\u00fcrs Erste bin ich mit der Zuweisung der Motion an die Kommission einverstanden; sie ist sachgerecht. In diesem Sinne bitte ich Sie, dem Ordnungsantrag zuzustimmen.</p>\n</pd_text>","MeetingCouncilAbbreviation":"S","MeetingDate":"20251211","MeetingVerbalixOid":4109,"IdSession":"5211","SpeakerFirstName":"Benedikt","SpeakerLastName":"W\u00fcrth","SpeakerFullName":"W\u00fcrth Benedikt","SpeakerFunction":"Mit-M","CouncilId":2,"CouncilName":"Conseil des Etats","CantonId":17,"CantonName":"St-Gall","CantonAbbreviation":"SG","ParlGroupName":"Le Groupe du Centre. Le Centre. PEV.","ParlGroupAbbreviation":"M-E","SortOrder":3,"Start":"\/Date(1765452795907)\/","End":"\/Date(1765452974212)\/","Function":"Mit-M","DisplaySpeaker":true,"LanguageOfText":"DE","Modified":"\/Date(1781695463502)\/","StartTimeWithTimezone":"\/Date(1765452795907+0060)\/","EndTimeWithTimezone":"\/Date(1765452974213+0060)\/","VoteBusinessNumber":null,"VoteBusinessShortNumber":null,"VoteBusinessTitle":null}]},"ID":"69954","Language":"FR","IdMeeting":"5166","VerbalixOid":789870,"SortOrder":14,"Modified":"\/Date(1781695463497)\/"}}