{"d":{"__metadata":{"id":"https://ws.parlament.ch/OData.svc/Subject(ID=70147L,Language='DE')","uri":"https://ws.parlament.ch/OData.svc/Subject(ID=70147L,Language='DE')","type":"itsystems.Pd.DataServices.DataModel.Subject"},"Meetings":{"__metadata":{"id":"https://ws.parlament.ch/OData.svc/Meeting(ID=5167L,Language='DE')","uri":"https://ws.parlament.ch/OData.svc/Meeting(ID=5167L,Language='DE')","type":"itsystems.Pd.DataServices.DataModel.Meeting"},"Sessions":{"__deferred":{"uri":"https://ws.parlament.ch/OData.svc/Meeting(ID=5167L,Language='DE')/Sessions"}},"Subjects":{"__deferred":{"uri":"https://ws.parlament.ch/OData.svc/Meeting(ID=5167L,Language='DE')/Subjects"}},"ID":"5167","Language":"DE","MeetingNumber":9,"IdSession":5211,"SessionNumber":11,"SessionName":"Wintersession 2025","Council":1,"CouncilName":"Nationalrat","CouncilAbbreviation":"NR","Date":"\/Date(1765756800000)\/","Begin":"1430","Modified":"\/Date(1770282209747)\/","LegislativePeriodNumber":52,"PublicationStatus":"final","MeetingOrderText":"Neunte Sitzung","SortOrder":9,"Location":"N"},"SubjectsBusiness":{"results":[{"__metadata":{"id":"https://ws.parlament.ch/OData.svc/SubjectBusiness(BusinessNumber=20250040,IdSubject=70147L,Language='DE')","uri":"https://ws.parlament.ch/OData.svc/SubjectBusiness(BusinessNumber=20250040,IdSubject=70147L,Language='DE')","type":"itsystems.Pd.DataServices.DataModel.SubjectBusiness"},"Subjects":{"__deferred":{"uri":"https://ws.parlament.ch/OData.svc/SubjectBusiness(BusinessNumber=20250040,IdSubject=70147L,Language='DE')/Subjects"}},"Businesses":{"__deferred":{"uri":"https://ws.parlament.ch/OData.svc/SubjectBusiness(BusinessNumber=20250040,IdSubject=70147L,Language='DE')/Businesses"}},"IdSubject":"70147","BusinessNumber":20250040,"Language":"DE","BusinessShortNumber":"25.040","Title":"Immobilienbotschaft zivil 2025","SortOrder":1,"PublishedNotes":"Zweitrat - Deuxi\u00e8me Conseil\n","Modified":"\/Date(1756484912843)\/","TitleDE":"Immobilienbotschaft zivil 2025","TitleFR":"Message sur les immeubles civils 2025","TitleIT":null}]},"Transcripts":{"results":[{"__metadata":{"id":"https://ws.parlament.ch/OData.svc/Transcript(ID=367563L,Language='DE')","uri":"https://ws.parlament.ch/OData.svc/Transcript(ID=367563L,Language='DE')","type":"itsystems.Pd.DataServices.DataModel.Transcript"},"Subjects":{"__deferred":{"uri":"https://ws.parlament.ch/OData.svc/Transcript(ID=367563L,Language='DE')/Subjects"}},"MembersCouncil":{"__deferred":{"uri":"https://ws.parlament.ch/OData.svc/Transcript(ID=367563L,Language='DE')/MembersCouncil"}},"Businesses":{"__deferred":{"uri":"https://ws.parlament.ch/OData.svc/Transcript(ID=367563L,Language='DE')/Businesses"}},"ID":"367563","Language":"DE","IdSubject":"70147","VoteId":"31599","PersonNumber":null,"Type":2,"Text":"<pd_text><p><i>Art. 1 </i>[GZ]</p>\n<p>[VS][GZ]</p>\n<p><i>Ausgabenbremse - Frein aux d\u00e9penses</i>[GZ]</p>\n<p>[VS][GZ]</p>\n<p><i>Abstimmung - Vote </i>[GZ]</p>\n<p>[NAM][GZ]</p>\n<p>F\u00fcr Annahme der Ausgabe ... 181 Stimmen [GZ]</p>\n<p>Dagegen ... 8 Stimmen [GZ]</p>\n<p>(0 Enthaltungen)</p>\n<p>[VS]</p>\n<p><i>Das qualifizierte Mehr ist erreicht</i>[GZ]</p>\n<p><i>La majorit\u00e9 qualifi\u00e9e est acquise</i></p>\n<p>[VS]</p>\n</pd_text>","MeetingCouncilAbbreviation":"N","MeetingDate":"20251215","MeetingVerbalixOid":4110,"IdSession":"5211","SpeakerFirstName":null,"SpeakerLastName":null,"SpeakerFullName":"","SpeakerFunction":null,"CouncilId":null,"CouncilName":null,"CantonId":null,"CantonName":null,"CantonAbbreviation":null,"ParlGroupName":null,"ParlGroupAbbreviation":null,"SortOrder":13,"Start":"\/Date(1765825056043)\/","End":"\/Date(1765825109145)\/","Function":null,"DisplaySpeaker":null,"LanguageOfText":null,"Modified":"\/Date(1781003782793)\/","StartTimeWithTimezone":"\/Date(1765825056043+0060)\/","EndTimeWithTimezone":"\/Date(1765825109147+0060)\/","VoteBusinessNumber":20250040,"VoteBusinessShortNumber":"25.040","VoteBusinessTitle":"Immobilienbotschaft zivil 2025"},{"__metadata":{"id":"https://ws.parlament.ch/OData.svc/Transcript(ID=367564L,Language='DE')","uri":"https://ws.parlament.ch/OData.svc/Transcript(ID=367564L,Language='DE')","type":"itsystems.Pd.DataServices.DataModel.Transcript"},"Subjects":{"__deferred":{"uri":"https://ws.parlament.ch/OData.svc/Transcript(ID=367564L,Language='DE')/Subjects"}},"MembersCouncil":{"__deferred":{"uri":"https://ws.parlament.ch/OData.svc/Transcript(ID=367564L,Language='DE')/MembersCouncil"}},"Businesses":{"__deferred":{"uri":"https://ws.parlament.ch/OData.svc/Transcript(ID=367564L,Language='DE')/Businesses"}},"ID":"367564","Language":"DE","IdSubject":"70147","VoteId":"31600","PersonNumber":null,"Type":2,"Text":"<pd_text><p><i>Gesamtabstimmung - Vote sur l'ensemble </i>[GZ]</p>\n<p>[NAM][GZ]</p>\n<p>F\u00fcr Annahme des Entwurfes ... 171 Stimmen [GZ]</p>\n<p>Dagegen ... 17 Stimmen [GZ]</p>\n<p>(0 Enthaltungen)</p>\n</pd_text>","MeetingCouncilAbbreviation":"N","MeetingDate":"20251215","MeetingVerbalixOid":4110,"IdSession":"5211","SpeakerFirstName":null,"SpeakerLastName":null,"SpeakerFullName":"","SpeakerFunction":null,"CouncilId":null,"CouncilName":null,"CantonId":null,"CantonName":null,"CantonAbbreviation":null,"ParlGroupName":null,"ParlGroupAbbreviation":null,"SortOrder":14,"Start":null,"End":null,"Function":null,"DisplaySpeaker":null,"LanguageOfText":null,"Modified":"\/Date(1781003782799)\/","StartTimeWithTimezone":null,"EndTimeWithTimezone":null,"VoteBusinessNumber":20250040,"VoteBusinessShortNumber":"25.040","VoteBusinessTitle":"Immobilienbotschaft zivil 2025"},{"__metadata":{"id":"https://ws.parlament.ch/OData.svc/Transcript(ID=367567L,Language='DE')","uri":"https://ws.parlament.ch/OData.svc/Transcript(ID=367567L,Language='DE')","type":"itsystems.Pd.DataServices.DataModel.Transcript"},"Subjects":{"__deferred":{"uri":"https://ws.parlament.ch/OData.svc/Transcript(ID=367567L,Language='DE')/Subjects"}},"MembersCouncil":{"__deferred":{"uri":"https://ws.parlament.ch/OData.svc/Transcript(ID=367567L,Language='DE')/MembersCouncil"}},"Businesses":{"__deferred":{"uri":"https://ws.parlament.ch/OData.svc/Transcript(ID=367567L,Language='DE')/Businesses"}},"ID":"367567","Language":"DE","IdSubject":"70147","VoteId":null,"PersonNumber":4259,"Type":1,"Text":"<pd_text><p>La Commissione delle finanze vi propone oggi di entrare in materia e di approvare il decreto federale concernente gli immobili civili della Confederazione per il 2025. Il pacchetto in esame comprende nove crediti d'impegno per un totale di 511,8 milioni di franchi. Si tratta di sei progetti principali - cinque risanamenti e una nuova costruzione - a cui si aggiungono un credito per ulteriori progetti minori e due crediti per proroghe di locazioni.</p>\n<p>In commissione abbiamo analizzato attentamente i singoli interventi. Abbiamo ascoltato le spiegazioni dettagliate dell'Ufficio federale delle costruzioni e della logistica. Alcuni progetti di risanamento come quelli degli edifici di Berna, Bollwerk e Taubenstrasse 16, si inseriscono nel pi\u00f9 ampio processo di modernizzazione delle forme di lavoro nell'amministrazione federale. L'obiettivo \u00e8 chiaro: razionalizzare gli spazi, ridurre i costi d'esercizio e allo stesso tempo promuovere la[NB]sostenibilit\u00e0.[NB]Per[NB]esempio, il risanamento del Bollwerk permetter\u00e0 di ridurre del 40 per cento la superficie necessaria, offrendo comunque 240 postazioni di lavoro moderne e flessibili.</p>\n<p>Anche il progetto di risanamento del centro di calcolo Primus \u00e8 stato discusso in modo approfondito. Qui la scelta \u00e8 caduta su una prolungata utilizzazione dell'edificio esistente, ottimizzando gli impianti tecnici e portando la classificazione di disponibilit\u00e0 al livello \"Tier III\". \u00c8 una soluzione pi\u00f9 economica rispetto alla costruzione ex novo, che \u00e8 coerente con gli obiettivi di efficienza e sicurezza nel lungo termine.</p>\n<p>Vorrei anche citare brevemente il risanamento del centro federale d'asilo a Giffers, che ha sollevato alcune domande in commissione. Alcuni colleghi si sono infatti chiesti se fosse necessario un intervento cos\u00ec ampio a soli pochi anni dall'attivazione della struttura. Tuttavia, la maggioranza della commissione ha ritenuto che il risanamento sia giustificato per garantire un utilizzo conforme agli standard di sicurezza e comfort per almeno i prossimi venti anni.</p>\n<p>Particolare attenzione \u00e8 stata data anche al progetto di Posieux, dove Agroscope sta realizzando un campus di ricerca agroalimentare. Il risanamento dell'edificio amministrativo esistente permetter\u00e0 di centralizzare funzioni oggi sparse in pi\u00f9 sedi, migliorando l'efficienza operativa.</p>\n<p>Infine vorrei menzionare il nuovo centro d'intervento di St.[NB]Margrethen, che rappresenta il progetto singolo pi\u00f9 importante in questo messaggio. L'edificio sar\u00e0 condiviso tra l'Ufficio federale della dogana e della sicurezza dei confini e la Polizia cantonale di San Gallo, realizzando sinergie operative e logistiche. La sottocommissione ha avuto modo di visitare il sito quando si \u00e8 trattato il messaggio a[NB]fine[NB]agosto[NB]e[NB]ha[NB]potuto costatare di persona la coerenza dell'intervento con gli obiettivi di sicurezza e controllo alla frontiera.</p>\n<p>Il Consiglio degli Stati ha approvato questo decreto all'unanimit\u00e0 nella sua seduta del 10 settembre scorso. Anche la nostra commissione raccomanda, con 23 voti favorevoli e senza opposizione, di entrare in materia e approvare il disegno nella sua interezza.</p>\n<p>Colgo l'occasione per ringraziare l'Ufficio federale delle costruzioni e della logistica per il lavoro svolto e per le interessanti spiegazioni fornite durante la trattazione del messaggio sugli immobili della Confederazione. Vi invito quindi, a nome della commissione, ad approvare il decreto e i crediti che vi sono collegati.</p>\n</pd_text>","MeetingCouncilAbbreviation":"N","MeetingDate":"20251215","MeetingVerbalixOid":4110,"IdSession":"5211","SpeakerFirstName":"Alex","SpeakerLastName":"Farinelli","SpeakerFullName":"Farinelli Alex","SpeakerFunction":"Mit-M","CouncilId":1,"CouncilName":"Nationalrat","CantonId":27,"CantonName":"Tessin","CantonAbbreviation":"TI","ParlGroupName":"FDP-Liberale Fraktion","ParlGroupAbbreviation":"RL","SortOrder":5,"Start":"\/Date(1765823958911)\/","End":"\/Date(1765824156845)\/","Function":"*","DisplaySpeaker":true,"LanguageOfText":"IT","Modified":"\/Date(1781003782761)\/","StartTimeWithTimezone":"\/Date(1765823958910+0060)\/","EndTimeWithTimezone":"\/Date(1765824156847+0060)\/","VoteBusinessNumber":null,"VoteBusinessShortNumber":null,"VoteBusinessTitle":null},{"__metadata":{"id":"https://ws.parlament.ch/OData.svc/Transcript(ID=367574L,Language='DE')","uri":"https://ws.parlament.ch/OData.svc/Transcript(ID=367574L,Language='DE')","type":"itsystems.Pd.DataServices.DataModel.Transcript"},"Subjects":{"__deferred":{"uri":"https://ws.parlament.ch/OData.svc/Transcript(ID=367574L,Language='DE')/Subjects"}},"MembersCouncil":{"__deferred":{"uri":"https://ws.parlament.ch/OData.svc/Transcript(ID=367574L,Language='DE')/MembersCouncil"}},"Businesses":{"__deferred":{"uri":"https://ws.parlament.ch/OData.svc/Transcript(ID=367574L,Language='DE')/Businesses"}},"ID":"367574","Language":"DE","IdSubject":"70147","VoteId":null,"PersonNumber":4062,"Type":1,"Text":"<pd_text><p>Mit der Immobilienbotschaft 2025 beantragt der Bundesrat neun Verpflichtungskredite in der H\u00f6he von insgesamt 511,8 Millionen Franken. Sechs Verpflichtungskredite sind f\u00fcr Projekte \u00fcber 10 Millionen notwendig. Dabei handelt es sich um f\u00fcnf Sanierungen und einen Neubau. Ein Verpflichtungskredit wird f\u00fcr weitere Immobilienvorhaben unter 10 Millionen Franken beantragt. Schliesslich sind zwei Verpflichtungskredite f\u00fcr das Zumieten von B\u00fcror\u00e4umen notwendig. </p>\n<p>Gerne gehe ich kurz auf die einzelnen Projekte ein. </p>\n<p>1.[NB]Sanierung des Verwaltungsgeb\u00e4udes Bollwerk: Dieses liegt in unmittelbarer N\u00e4he des Bahnhofs Bern und ist aktuell noch an die BLS vermietet. Die BLS wird Ende 2025 ausziehen. Danach soll das Geb\u00e4ude f\u00fcr eine bundeseigene Nutzung mit 240 B\u00fcroarbeitspl\u00e4tzen bereitgestellt werden. Dank dem Projekt l\u00e4sst sich der Fl\u00e4chenverbrauch gegen\u00fcber heute um 40 Prozent senken. Damit reduzieren sich sowohl die Unterbringungskosten als auch die Auswirkungen auf die Umwelt. Wir beantragen hier einen Verpflichtungskredit von 17,1 Millionen Franken. </p>\n<p>2.[NB]Verwaltungsgeb\u00e4ude Taubenstrasse 16 in Bern: Hier wird ein Verpflichtungskredit \u00fcber 92,7 Millionen Franken f\u00fcr die Sanierung des Verwaltungsgeb\u00e4udes beantragt. Die drei Verwaltungsbauten sowie das Parkhaus sind seit rund f\u00fcnfzig Jahren in Betrieb. W\u00e4hrend der gesamten Nutzungsdauer wurden keine wesentlichen Sanierungen durchgef\u00fchrt. Das Verwaltungsgeb\u00e4ude an der Taubenstrasse 16 ist das erste Geb\u00e4ude, das saniert und in den n\u00e4chsten Lebenszyklus \u00fcberf\u00fchrt werden soll. </p>\n<p>3.[NB]Sanierung des Rechenzentrums (RZ) Primus: Dieses wurde vor knapp zwanzig Jahren von einem Lagergeb\u00e4ude in ein [PAGE 2335] sekund\u00e4res Rechenzentrum umgebaut. Unterdessen wurde es in einen prim\u00e4ren Standort der Region Bern im Rechenzentrumsverbund der zentralen Bundesverwaltung umgewandelt. Die Betriebsdauer ist derzeit bis rund 2030 ausgelegt. Ausserdem erreichen wesentliche Komponenten der Haustechnik das Ende ihres Lebenszyklus und m\u00fcssen ersetzt werden. Nach einer umfassenden Analyse von Varianten weist die Verl\u00e4ngerung des Lebenszyklus des Geb\u00e4udes und der Haustechnik unter Betrieb um mindestens f\u00fcnfzehn Jahre das beste Kosten-Nutzen-Verh\u00e4ltnis auf. Entsprechend soll sie mit dem beantragten Verpflichtungskredit von 45,7 Millionen Franken umgesetzt werden. </p>\n<p>4.[NB]Sanierung Bundesasylzentrum Giffers: 2016 hat der Bund das ehemalige Institut Guglera in Giffers erworben, um es als Bundesasylzentrum mit 300 Schlafpl\u00e4tzen zu nutzen. Der Geb\u00e4udekomplex besteht aus drei Geb\u00e4udeteilen. Die Anlage wurde zwischen 2017 und 2018 in ein Bundesasylzentrum umgebaut und minimal instand gesetzt. Der Betrieb konnte rechtzeitig mit der Inkraftsetzung des revidierten Asylgesetzes per 1.[NB]Januar 2019 aufgenommen werden. Die Sanierung - dies vielleicht noch als Antwort an Nationalrat G\u00f6tte - soll den Betrieb und die Nutzung f\u00fcr die n\u00e4chsten zwanzig Jahre sicherstellen. Das ist auch in der Botschaft so ausgewiesen. Hier wird ein Verpflichtungskredit von 19,8 Millionen Franken beantragt. </p>\n<p>5.[NB]Sanierung des Forschungs- und Verwaltungsgeb\u00e4udes Posieux: Hier wird f\u00fcr die Sanierung des Verwaltungsgeb\u00e4udes von Agroscope ein Verpflichtungskredit von 27,9 Millionen Franken beantragt. Nach dem Bau des neuen Labors sowie des Verpflegungs- und Konferenzgeb\u00e4udes stellt diese Sanierung den zweiten Entwicklungsschritt des Campus Posieux dar. </p>\n<p>6.[NB]Neubau Interventionszentrum St.[NB]Margrethen: Hier geht es um einen gemeinsamen St\u00fctzpunkt und ein regionales Zentrum f\u00fcr die Kontrollt\u00e4tigkeiten des BAZG sowie der Kantonspolizei St.[NB]Gallen. Die enge \u00f6rtliche Zusammenarbeit sowie die gemeinsame Nutzung der Infrastruktur erm\u00f6glichen wertvolle Synergien bei den beiden Organisationseinheiten. Hier soll der Kanton St.[NB]Gallen j\u00e4hrlich eine Miete von 2,2 Millionen Franken bezahlen. Das St.[NB]Galler Volk hat dem zugestimmt. Es geht hier um einen Kredit von 87,6 Millionen Franken.</p>\n<p>7.[NB]F\u00fcr weitere Immobilienvorhaben, die nicht einzeln spezifiziert sind, werden 160 Millionen Franken beantragt. </p>\n<p>8./9.[NB]Zumiete B\u00fcror\u00e4ume an der Stauffacherstrasse 65 in Bern und am Quellenweg 6 in Wabern: Sie haben es geh\u00f6rt, wir beantragen einen Verpflichtungskredit von 33,7 Millionen Franken f\u00fcr die Miete an der Stauffacherstrasse 65 und von 27,3 Millionen Franken f\u00fcr die Miete am Quellenweg[NB]6. </p>\n<p>Ich bitte Sie, der Immobilienbotschaft 2025 zuzustimmen.</p>\n</pd_text>","MeetingCouncilAbbreviation":"N","MeetingDate":"20251215","MeetingVerbalixOid":4110,"IdSession":"5211","SpeakerFirstName":"Karin","SpeakerLastName":"Keller-Sutter","SpeakerFullName":"Keller-Sutter Karin","SpeakerFunction":"BPR-F","CouncilId":99,"CouncilName":"Bundesrat","CantonId":17,"CantonName":"St. Gallen","CantonAbbreviation":"SG","ParlGroupName":null,"ParlGroupAbbreviation":null,"SortOrder":11,"Start":"\/Date(1765824674644)\/","End":"\/Date(1765824995229)\/","Function":"BPR-F","DisplaySpeaker":true,"LanguageOfText":"DE","Modified":"\/Date(1781003782784)\/","StartTimeWithTimezone":"\/Date(1765824674643+0060)\/","EndTimeWithTimezone":"\/Date(1765824995230+0060)\/","VoteBusinessNumber":null,"VoteBusinessShortNumber":null,"VoteBusinessTitle":null},{"__metadata":{"id":"https://ws.parlament.ch/OData.svc/Transcript(ID=367593L,Language='DE')","uri":"https://ws.parlament.ch/OData.svc/Transcript(ID=367593L,Language='DE')","type":"itsystems.Pd.DataServices.DataModel.Transcript"},"Subjects":{"__deferred":{"uri":"https://ws.parlament.ch/OData.svc/Transcript(ID=367593L,Language='DE')/Subjects"}},"MembersCouncil":{"__deferred":{"uri":"https://ws.parlament.ch/OData.svc/Transcript(ID=367593L,Language='DE')/MembersCouncil"}},"Businesses":{"__deferred":{"uri":"https://ws.parlament.ch/OData.svc/Transcript(ID=367593L,Language='DE')/Businesses"}},"ID":"367593","Language":"DE","IdSubject":"70147","VoteId":null,"PersonNumber":4245,"Type":1,"Text":"<pd_text><p>Die Immobilienbotschaft des Bundesrates f\u00fcr das Jahr 2025 umfasst ein Gesamtvolumen von 511,8 Millionen Franken. Sie verfolgt das Ziel, die Werterhaltung und strategische Weiterentwicklung des Immobilienportfolios des Bundes sicherzustellen und dabei Nachhaltigkeit, Energieeffizienz sowie flexible Arbeitsformen umzusetzen. Der Bundesrat beantragt neun Verpflichtungskredite f\u00fcr Sanierungen, einen Neubau und die Verl\u00e4ngerung bestehender Mietvertr\u00e4ge. Im Zentrum stehen sechs grosse Projekte: In Bern sollen das Verwaltungsgeb\u00e4ude Bollwerk und das Geb\u00e4ude an der Taubenstrasse 16 umfassend saniert werden.</p>\n</pd_text>","MeetingCouncilAbbreviation":"N","MeetingDate":"20251215","MeetingVerbalixOid":4110,"IdSession":"5211","SpeakerFirstName":"Gerhard","SpeakerLastName":"Andrey","SpeakerFullName":"Andrey Gerhard","SpeakerFunction":"Mit-M","CouncilId":1,"CouncilName":"Nationalrat","CantonId":10,"CantonName":"Freiburg","CantonAbbreviation":"FR","ParlGroupName":"Gr\u00fcne Fraktion","ParlGroupAbbreviation":"G","SortOrder":2,"Start":"\/Date(1765823580288)\/","End":"\/Date(1765823638072)\/","Function":"*","DisplaySpeaker":true,"LanguageOfText":"DE","Modified":"\/Date(1781003782751)\/","StartTimeWithTimezone":"\/Date(1765823580287+0060)\/","EndTimeWithTimezone":"\/Date(1765823638073+0060)\/","VoteBusinessNumber":null,"VoteBusinessShortNumber":null,"VoteBusinessTitle":null},{"__metadata":{"id":"https://ws.parlament.ch/OData.svc/Transcript(ID=367594L,Language='DE')","uri":"https://ws.parlament.ch/OData.svc/Transcript(ID=367594L,Language='DE')","type":"itsystems.Pd.DataServices.DataModel.Transcript"},"Subjects":{"__deferred":{"uri":"https://ws.parlament.ch/OData.svc/Transcript(ID=367594L,Language='DE')/Subjects"}},"MembersCouncil":{"__deferred":{"uri":"https://ws.parlament.ch/OData.svc/Transcript(ID=367594L,Language='DE')/MembersCouncil"}},"Businesses":{"__deferred":{"uri":"https://ws.parlament.ch/OData.svc/Transcript(ID=367594L,Language='DE')/Businesses"}},"ID":"367594","Language":"DE","IdSubject":"70147","VoteId":null,"PersonNumber":10832,"Type":1,"Text":"<pd_text><p>Gesch\u00e4tzter Herr Nause, wenn ich richtig zugeh\u00f6rt habe, haben Sie gesagt, dass s\u00e4mtliche Geb\u00e4ude mit Solaranlagen best\u00fcckt werden. K\u00f6nnen Sie die Kosten s\u00e4mtlicher Solaranlagen beziffern? </p>\n</pd_text>","MeetingCouncilAbbreviation":"N","MeetingDate":"20251215","MeetingVerbalixOid":4110,"IdSession":"5211","SpeakerFirstName":"Thomas","SpeakerLastName":"Knutti","SpeakerFullName":"Knutti Thomas","SpeakerFunction":"Mit-M","CouncilId":1,"CouncilName":"Nationalrat","CantonId":2,"CantonName":"Bern","CantonAbbreviation":"BE","ParlGroupName":"Fraktion der Schweizerischen Volkspartei","ParlGroupAbbreviation":"V","SortOrder":7,"Start":"\/Date(1765824338348)\/","End":"\/Date(1765824354052)\/","Function":"Mit-M","DisplaySpeaker":true,"LanguageOfText":"DE","Modified":"\/Date(1781003782768)\/","StartTimeWithTimezone":"\/Date(1765824338347+0060)\/","EndTimeWithTimezone":"\/Date(1765824354053+0060)\/","VoteBusinessNumber":null,"VoteBusinessShortNumber":null,"VoteBusinessTitle":null},{"__metadata":{"id":"https://ws.parlament.ch/OData.svc/Transcript(ID=367597L,Language='DE')","uri":"https://ws.parlament.ch/OData.svc/Transcript(ID=367597L,Language='DE')","type":"itsystems.Pd.DataServices.DataModel.Transcript"},"Subjects":{"__deferred":{"uri":"https://ws.parlament.ch/OData.svc/Transcript(ID=367597L,Language='DE')/Subjects"}},"MembersCouncil":{"__deferred":{"uri":"https://ws.parlament.ch/OData.svc/Transcript(ID=367597L,Language='DE')/MembersCouncil"}},"Businesses":{"__deferred":{"uri":"https://ws.parlament.ch/OData.svc/Transcript(ID=367597L,Language='DE')/Businesses"}},"ID":"367597","Language":"DE","IdSubject":"70147","VoteId":null,"PersonNumber":10811,"Type":1,"Text":"<pd_text><p>Dort, wo dies m\u00f6glich und sinnvoll ist, verfolgt der Bund in seiner Immobilienstrategie tats\u00e4chlich die F\u00f6rderung nachhaltiger Projekte. Die Kosten der Solaranlagen sind im Gesamtkredit von 511 Millionen Franken enthalten. Es macht allerdings keinen Sinn, auf nordseitig ausgerichteten D\u00e4chern Fotovoltaik zu installieren. Hier muss die Wirtschaftlichkeit dann schon gegeben sein.</p>\n</pd_text>","MeetingCouncilAbbreviation":"N","MeetingDate":"20251215","MeetingVerbalixOid":4110,"IdSession":"5211","SpeakerFirstName":"Reto","SpeakerLastName":"Nause","SpeakerFullName":"Nause Reto","SpeakerFunction":"Mit-M","CouncilId":1,"CouncilName":"Nationalrat","CantonId":2,"CantonName":"Bern","CantonAbbreviation":"BE","ParlGroupName":"Die Mitte-Fraktion. Die Mitte. EVP.","ParlGroupAbbreviation":"M-E","SortOrder":8,"Start":"\/Date(1765824354052)\/","End":"\/Date(1765824381157)\/","Function":"Mit-M","DisplaySpeaker":true,"LanguageOfText":"DE","Modified":"\/Date(1781003782771)\/","StartTimeWithTimezone":"\/Date(1765824354053+0060)\/","EndTimeWithTimezone":"\/Date(1765824381157+0060)\/","VoteBusinessNumber":null,"VoteBusinessShortNumber":null,"VoteBusinessTitle":null},{"__metadata":{"id":"https://ws.parlament.ch/OData.svc/Transcript(ID=367602L,Language='DE')","uri":"https://ws.parlament.ch/OData.svc/Transcript(ID=367602L,Language='DE')","type":"itsystems.Pd.DataServices.DataModel.Transcript"},"Subjects":{"__deferred":{"uri":"https://ws.parlament.ch/OData.svc/Transcript(ID=367602L,Language='DE')/Subjects"}},"MembersCouncil":{"__deferred":{"uri":"https://ws.parlament.ch/OData.svc/Transcript(ID=367602L,Language='DE')/MembersCouncil"}},"Businesses":{"__deferred":{"uri":"https://ws.parlament.ch/OData.svc/Transcript(ID=367602L,Language='DE')/Businesses"}},"ID":"367602","Language":"DE","IdSubject":"70147","VoteId":null,"PersonNumber":4169,"Type":1,"Text":"<pd_text><p><b>Le pr\u00e9sident</b> (Page Pierre-Andr\u00e9, pr\u00e9sident): Mesdames et Messieurs, je vous prie de tenir vos discussions dans la salle [PAGE 2333] des pas perdus, qui est pr\u00e9vue \u00e0 cet effet. Patientons un petit moment jusqu'\u00e0 ce que le calme soit revenu. Maintenant, Monsieur Andrey, vous pouvez continuer.</p>\n</pd_text>","MeetingCouncilAbbreviation":"N","MeetingDate":"20251215","MeetingVerbalixOid":4110,"IdSession":"5211","SpeakerFirstName":"Pierre-Andr\u00e9","SpeakerLastName":"Page","SpeakerFullName":"Page Pierre-Andr\u00e9","SpeakerFunction":"P-M","CouncilId":1,"CouncilName":"Nationalrat","CantonId":10,"CantonName":"Freiburg","CantonAbbreviation":"FR","ParlGroupName":"Fraktion der Schweizerischen Volkspartei","ParlGroupAbbreviation":"V","SortOrder":3,"Start":"\/Date(1765823638072)\/","End":"\/Date(1765823679783)\/","Function":"P-M","DisplaySpeaker":false,"LanguageOfText":null,"Modified":"\/Date(1781003782754)\/","StartTimeWithTimezone":"\/Date(1765823638073+0060)\/","EndTimeWithTimezone":"\/Date(1765823679783+0060)\/","VoteBusinessNumber":null,"VoteBusinessShortNumber":null,"VoteBusinessTitle":null},{"__metadata":{"id":"https://ws.parlament.ch/OData.svc/Transcript(ID=367614L,Language='DE')","uri":"https://ws.parlament.ch/OData.svc/Transcript(ID=367614L,Language='DE')","type":"itsystems.Pd.DataServices.DataModel.Transcript"},"Subjects":{"__deferred":{"uri":"https://ws.parlament.ch/OData.svc/Transcript(ID=367614L,Language='DE')/Subjects"}},"MembersCouncil":{"__deferred":{"uri":"https://ws.parlament.ch/OData.svc/Transcript(ID=367614L,Language='DE')/MembersCouncil"}},"Businesses":{"__deferred":{"uri":"https://ws.parlament.ch/OData.svc/Transcript(ID=367614L,Language='DE')/Businesses"}},"ID":"367614","Language":"DE","IdSubject":"70147","VoteId":null,"PersonNumber":4335,"Type":1,"Text":"<pd_text><p>Die SVP-Fraktion steht einer sinnvollen Erneuerung, dem Werterhalt und der Instandsetzung des bundeseigenen Immobilienbestands grunds\u00e4tzlich positiv gegen\u00fcber. Der Bund hat Eigentum im Wert von mehreren Milliarden Franken, das zu verwalten und zu erhalten ist. Wenn Bauteile ihr Lebensende erreicht haben oder Sicherheitsanforderungen dies erzwingen, ist es richtig, dass der Bund handelt, aber immer mit Augenmass, klarer Priorisierung und strikter Kostenkontrolle.</p>\n<p>Zun\u00e4chst dies: Die SVP-Fraktion unterst\u00fctzt Sanierungen, die dem Erhalt von Substanz, der Sicherheit und der Funktionalit\u00e4t dienen und langfristig wirtschaftlich begr\u00fcndet sind. Projekte wie die Erneuerung von Rechenzentren oder die Sicherstellung der Verf\u00fcgbarkeit kritischer Infrastrukturen k\u00f6nnen notwendig sein, wobei wir deren Kosten-Nutzen-Verh\u00e4ltnis sorgf\u00e4ltig pr\u00fcfen. Gleichzeitig mahnen wir an, dass sich das BBL an das Prinzip der Wirtschaftlichkeit halten muss. Jede Investition geh\u00f6rt auf den Pr\u00fcfstand: F\u00fchrt sie zu quantifizierbaren Einsparungen, reduziert sie langfristige Kosten, lassen sich damit Synergien realisieren? </p>\n<p>Erlauben Sie mir, zwei Punkte aus der Botschaft besonders zu vertiefen, weil sie exemplarisch zeigen, was eine falsche Priorit\u00e4tensetzung bzw. was eine strategisch richtige Investition sein kann. </p>\n<p>1.[NB]Giffers: Die SVP-Fraktion beurteilt den Verpflichtungskredit von 19,8 Millionen Franken f\u00fcr das Bundesasylzentrum Giffers kritisch. Die Anlage wurde vor Jahren vom Bund f\u00fcr 19 Millionen Franken erworben. Umbauten und erste Instandsetzungen schlugen bereits mit rund 11 Millionen Franken zu Buche. Die laufenden Betriebskosten liegen bei rund 4,7 Millionen Franken j\u00e4hrlich. Vor dem Hintergrund, dass die Nutzung des Asylzentrums nach aktuellem Planungsstand ab 2030 eingestellt werden soll, mutet es befremdlich an, jetzt nochmals beinahe 20 Millionen in ein Objekt zu investieren, das kurz- bis mittelfristig seine heutige Zweckbestimmung verlieren k\u00f6nnte. Wir fragen: Warum sollen wir jetzt investieren, um einen Betrieb nur bis 2030 sicherzustellen, statt vern\u00fcnftig zu planen und Mittel dort einzusetzen, wo dauerhafter Bedarf besteht?</p>\n<p>Das ist keine Kritik an der Geb\u00e4udesanierung. Es ist eine Kritik an den kurzsichtigen Ausgaben, mit welchen laufende Asylkosten weiter verfestigt werden und die vom Steuerzahler bezahlt werden. Wer Ausgaben verantwortungsvoll steuern will, muss Kapazit\u00e4ten und Bedarf realistisch abbilden und darf nicht in die Kostenfalle investieren, nur weil ein Geb\u00e4ude vorhanden ist. </p>\n<p>2.[NB]St.[NB]Margrethen, das positive Beispiel: Hier spricht die SVP-Fraktion eine klare Unterst\u00fctzung aus. Der Neubau f\u00fcr das Interventionszentrum entspricht einem klaren sicherheitspolitischen und organisatorischen Bed\u00fcrfnis. Hier gibt es auch eine ideale Zusammenarbeit mit dem Kanton St.[NB]Gallen, der \u00fcbrigens vor wenigen Wochen mit einem Volksmehr von 79,7 Prozent Ja zur Vorlage gesagt hat und somit die Miete auch langfristig dem Bund bezahlen m\u00f6chte. Hier setzen wir ein klares Signal f\u00fcr die Sicherheit, ein klares Signal f\u00fcr die Regionalisierung und ein klares Signal f\u00fcr eine zukunftsgerichtete Baute. </p>\n<p>Die SVP-Fraktion wird der Immobilienbotschaft zivil 2025 in der Summe mit Skepsis zustimmen. Wir tun dies, weil einzelne Projekte notwendig und sinnvoll sind, insbesondere dort, wo es um Sicherheit, Funktionalit\u00e4t und Substanzerhalt geht. Aber gerade im Asylbereich zeigt sich, dass man offenbar Strukturen sanieren, erweitern und finanzieren will, die das eigentliche Problem nicht l\u00f6sen. Die Kosten f\u00fcr das Migrations- und Asylchaos entstehen, weil Europa seine Grenzen nicht sch\u00fctzt und der Bund immer neue Kapazit\u00e4ten schafft, statt die Zuwanderung zu begrenzen. Dieses System ist falsch aufgestellt und belastet die Steuerzahlerinnen und Steuerzahler, was sich auch in dieser Immobilienthematik niederschl\u00e4gt. Die Kosten dieser Politik m\u00fcssen dort verhindert werden, wo sie entstehen, also an der Grenze. Daher sind wir froh, dass das Interventionszentrum St.[NB]Margrethen eine hohe Priorit\u00e4t in der zivilen Immobilienbotschaft des Bundes geniesst. </p>\n</pd_text>","MeetingCouncilAbbreviation":"N","MeetingDate":"20251215","MeetingVerbalixOid":4110,"IdSession":"5211","SpeakerFirstName":"Michael","SpeakerLastName":"G\u00f6tte","SpeakerFullName":"G\u00f6tte Michael","SpeakerFunction":"Mit-M","CouncilId":1,"CouncilName":"Nationalrat","CantonId":17,"CantonName":"St. Gallen","CantonAbbreviation":"SG","ParlGroupName":"Fraktion der Schweizerischen Volkspartei","ParlGroupAbbreviation":"V","SortOrder":9,"Start":"\/Date(1765824392060)\/","End":"\/Date(1765824660796)\/","Function":"Mit-M","DisplaySpeaker":true,"LanguageOfText":"DE","Modified":"\/Date(1781003782774)\/","StartTimeWithTimezone":"\/Date(1765824392060+0060)\/","EndTimeWithTimezone":"\/Date(1765824660797+0060)\/","VoteBusinessNumber":null,"VoteBusinessShortNumber":null,"VoteBusinessTitle":null},{"__metadata":{"id":"https://ws.parlament.ch/OData.svc/Transcript(ID=367615L,Language='DE')","uri":"https://ws.parlament.ch/OData.svc/Transcript(ID=367615L,Language='DE')","type":"itsystems.Pd.DataServices.DataModel.Transcript"},"Subjects":{"__deferred":{"uri":"https://ws.parlament.ch/OData.svc/Transcript(ID=367615L,Language='DE')/Subjects"}},"MembersCouncil":{"__deferred":{"uri":"https://ws.parlament.ch/OData.svc/Transcript(ID=367615L,Language='DE')/MembersCouncil"}},"Businesses":{"__deferred":{"uri":"https://ws.parlament.ch/OData.svc/Transcript(ID=367615L,Language='DE')/Businesses"}},"ID":"367615","Language":"DE","IdSubject":"70147","VoteId":null,"PersonNumber":10811,"Type":1,"Text":"<pd_text><p>Die Mitte-Fraktion unterst\u00fctzt die Immobilienbotschaft zu den zivilen Immobilien des Bundes. Die Projekte wurden aufgrund der finanziellen Lage des Bundes priorisiert. Sicherheitsmassnahmen, laufende Projekte, Projekte mit vertraglichen Verpflichtungen und Projekte, die eine wirtschaftliche Entlastung bringen, werden mit der Botschaft umgesetzt. Dabei nimmt der Bund seine Vorbildrolle im nachhaltigen Immobilienmanagement wahr. Insbesondere wird die Nutzung erneuerbarer Energien maximiert; alle geeigneten Fl\u00e4chen werden mit Fotovoltaik ausger\u00fcstet. Ausserdem hilft die Immobilienbotschaft, neue flexible Arbeitsformen und Desksharing-Arbeitspl\u00e4tze umzusetzen. Auf Wunsch der Finanzkommissionen werden neu die Honorarleistungen transparent ausgewiesen. [PAGE 2334] </p>\n<p>Insgesamt umfasst die Immobilienbotschaft Verpflichtungskredite in H\u00f6he von 511 Millionen Franken. Mit 92,7 Millionen Franken ist die Sanierung des Verwaltungsgeb\u00e4udes an der Taubenstrasse das gr\u00f6sste Einzelprojekt. Es ist ein Schl\u00fcsselprojekt f\u00fcr das neue Unterbringungskonzept des Bundes. Die Anzahl der Arbeitspl\u00e4tze wird bei gleicher Fl\u00e4che des Geb\u00e4udes um mehr als 230 bzw. um rund ein Drittel erh\u00f6ht. Der Neubau des Interventionszentrums in St.[NB]Margrethen ist mit 87,6 Millionen Franken das zweitgr\u00f6sste Projekt. Es ist f\u00fcr das Bundesamt f\u00fcr Zoll und Grenzsicherheit ein Meilenstein. Der Neubau erm\u00f6glicht die Zusammenlegung verschiedener dezentraler Bauten. Zudem ist eine Nutzung gemeinsam mit der Kantonspolizei St.[NB]Gallen vorgesehen, was wichtige Synergien freisetzen wird.</p>\n<p>Schliesslich m\u00f6chte ich noch auf die Sanierung des Rechenzentrums Primus eingehen. Mit Investitionen von 45,7 Millionen Franken ist das Rechenzentrum eine wichtige Voraussetzung f\u00fcr k\u00fcnftige Digitalisierungsschritte. Die Sicherheit und die Verf\u00fcgbarkeit der Systemr\u00e4ume werden markant gest\u00e4rkt. Durch die Nutzung von Grundwasser wird die Energieeffizienz massiv verbessert, und mit der Ert\u00fcchtigung der Geb\u00e4udeh\u00fclle erf\u00fcllt die Sanierung die Normen f\u00fcr Erdbebensicherheit. Etwas mehr zu reden gab die Zumiete am Quellenweg 6 in Wabern und an der Stauffacherstrasse 65 in Bern. Die Zumiete ist allerdings nicht neu, sondern betrifft langj\u00e4hrige Mietverh\u00e4ltnisse. Die Vermieter sind dabei die Ruag und Publica, die Mieteinnahmen bleiben damit also quasi im \"Konzern Eidgenossenschaft\". [GZ]</p>\n<p>Wir werden der Botschaft zustimmen.</p>\n</pd_text>","MeetingCouncilAbbreviation":"N","MeetingDate":"20251215","MeetingVerbalixOid":4110,"IdSession":"5211","SpeakerFirstName":"Reto","SpeakerLastName":"Nause","SpeakerFullName":"Nause Reto","SpeakerFunction":"Mit-M","CouncilId":1,"CouncilName":"Nationalrat","CantonId":2,"CantonName":"Bern","CantonAbbreviation":"BE","ParlGroupName":"Die Mitte-Fraktion. Die Mitte. EVP.","ParlGroupAbbreviation":"M-E","SortOrder":6,"Start":"\/Date(1765824168710)\/","End":"\/Date(1765824333204)\/","Function":"Mit-M","DisplaySpeaker":true,"LanguageOfText":"DE","Modified":"\/Date(1781003782764)\/","StartTimeWithTimezone":"\/Date(1765824168710+0060)\/","EndTimeWithTimezone":"\/Date(1765824333203+0060)\/","VoteBusinessNumber":null,"VoteBusinessShortNumber":null,"VoteBusinessTitle":null},{"__metadata":{"id":"https://ws.parlament.ch/OData.svc/Transcript(ID=367623L,Language='DE')","uri":"https://ws.parlament.ch/OData.svc/Transcript(ID=367623L,Language='DE')","type":"itsystems.Pd.DataServices.DataModel.Transcript"},"Subjects":{"__deferred":{"uri":"https://ws.parlament.ch/OData.svc/Transcript(ID=367623L,Language='DE')/Subjects"}},"MembersCouncil":{"__deferred":{"uri":"https://ws.parlament.ch/OData.svc/Transcript(ID=367623L,Language='DE')/MembersCouncil"}},"Businesses":{"__deferred":{"uri":"https://ws.parlament.ch/OData.svc/Transcript(ID=367623L,Language='DE')/Businesses"}},"ID":"367623","Language":"DE","IdSubject":"70147","VoteId":null,"PersonNumber":4245,"Type":1,"Text":"<pd_text><p>Es w\u00e4re eigentlich aufregend, es ist immerhin die Immobilienbotschaft des Bundes. <i>(Teilweise Heiterkeit)</i> Gut, ich fahre einfach fort, den Beginn haben Sie wahrscheinlich nicht mitbekommen, das ist aber nicht weiter tragisch.</p>\n<p>Die beiden erw\u00e4hnten Sanierungsvorhaben sind Teil des Unterbringungskonzepts und erm\u00f6glichen eine deutliche Reduktion des Fl\u00e4chenverbrauchs sowie die Einf\u00fchrung moderner Arbeitsformen. Das Verwaltungsgeb\u00e4ude Bollwerk wird nach dem Auszug der bisherigen Mieterin f\u00fcr 240 Pl\u00e4tze umgebaut, w\u00e4hrend das Verwaltungsgeb\u00e4ude an der Taubenstrasse mit einem Investitionsvolumen von 92,7 Millionen Franken als Schl\u00fcsselprojekt gilt und k\u00fcnftig 860 Arbeitspl\u00e4tze bietet. Ebenfalls in Bern wird das Rechenzentrum Primus f\u00fcr 45,7 Millionen Franken erneuert, um den Betrieb bis 2044 sicherzustellen und die Verf\u00fcgbarkeit auf das sogenannte Tier-3-Niveau anzuheben.</p>\n<p>In Giffers soll das Bundesasylzentrum f\u00fcr 19,8 Millionen Franken saniert werden, um die Nutzung f\u00fcr die n\u00e4chsten zwanzig Jahre zu garantieren. Giffers ist in meinem Heimatkanton, in meinem Heimatbezirk; das ist eine Gemeinde, die vielleicht landesweit nicht so bekannt ist. In Posieux, ebenfalls im Kanton Freiburg, wird das Forschungs- und Verwaltungsgeb\u00e4ude von Agroscope f\u00fcr 27,9 Millionen Franken modernisiert, wobei ein innovatives Dachprojekt f\u00fcr die Algenforschung vorgesehen ist. Schliesslich ist in St.[NB]Margrethen der Neubau eines Interventionszentrums geplant, das als gemeinsamer St\u00fctzpunkt f\u00fcr das Bundesamt f\u00fcr Zoll und Grenzsicherheit sowie die Kantonspolizei St.[NB]Gallen dient. Mit einem Kredit von 87,6 Millionen Franken soll ein moderner Funktionsbau entstehen, der Synergien schafft und die Kontrollinfrastruktur optimiert.</p>\n<p>Die Finanzkommission des Nationalrates hat die Vorlage intensiv beraten und empfiehlt einstimmig, auf die Botschaft einzutreten und ihr zuzustimmen. In der Diskussion wurde das Interventionszentrum in St.[NB]Margrethen als wichtiges Element f\u00fcr die Sicherheitsarchitektur hervorgehoben. Mitglieder betonten die Bedeutung der engen Zusammenarbeit zwischen Bund und Kanton und w\u00fcrdigten die Synergien, die durch die gemeinsame Nutzung entstehen. Einige Fragen gab es zur Sanierung des Bundesasylzentrums in Giffers. Einzelne Stimmen stellten die Notwendigkeit der Investition infrage, da eine sp\u00e4tere Nutzungs\u00e4nderung nicht ausgeschlossen sei.</p>\n<p>Dann wurde das Thema der Nachhaltigkeit und Steuerung des Immobilienportfolios behandelt. Es wurde anerkannt, dass der Bund eine Vorbildrolle einnimmt, indem er hohe \u00f6kologische Standards umsetzt und die Kreislaufwirtschaft f\u00f6rdert. Gleichzeitig wurde gefordert, die Kostenfolge solcher Strategien k\u00fcnftig transparenter darzustellen. Es wurde moniert, dass die Immobilienbotschaft zwar j\u00e4hrlich konsistent und nachvollziehbar pr\u00e4sentiert wird, aber eine \u00fcbergeordnete Steuerungsmechanik fehlt. Angesichts eines Portfolios von rund 10 Milliarden Franken brauche es klare Kennzahlen und ein Cockpit, um die langfristige Entwicklung besser steuern zu k\u00f6nnen. Die zust\u00e4ndige Subkommission der Finanzkommission wird sich zusammen mit dem Bundesamt f\u00fcr Bauten und Logistik (BBL) dieses Themas annehmen, um die Auswirkungen der Nachhaltigkeitsstrategien k\u00fcnftig messbar und nachvollziehbar zu gestalten.</p>\n<p>Die Kommission w\u00fcrdigte die Arbeit des BBL als transparent und professionell. Sie sieht die beantragten Projekte als notwendig und strategisch sinnvoll, auch wenn einzelne Projekte durchaus zu Diskussionen gef\u00fchrt haben. Insgesamt \u00fcberwiegt die Einsch\u00e4tzung, dass die Investitionen nicht nur der Werterhaltung dienen, sondern auch die Effizienz der Bundesverwaltung steigern und die \u00f6kologische Verantwortung des Bundes unterstreichen. </p>\n<p>Zusammengefasst unterst\u00fctzt die Kommission die Immobilienbotschaft zivil 2025 vollumf\u00e4nglich und empfiehlt dem Rat einstimmig, die beantragten Verpflichtungskredite zu bewilligen. Herzlichen Dank f\u00fcr die jetzt sehr sch\u00f6ne Aufmerksamkeit.</p>\n</pd_text>","MeetingCouncilAbbreviation":"N","MeetingDate":"20251215","MeetingVerbalixOid":4110,"IdSession":"5211","SpeakerFirstName":"Gerhard","SpeakerLastName":"Andrey","SpeakerFullName":"Andrey Gerhard","SpeakerFunction":"Mit-M","CouncilId":1,"CouncilName":"Nationalrat","CantonId":10,"CantonName":"Freiburg","CantonAbbreviation":"FR","ParlGroupName":"Gr\u00fcne Fraktion","ParlGroupAbbreviation":"G","SortOrder":4,"Start":"\/Date(1765823679783)\/","End":"\/Date(1765823940837)\/","Function":"*","DisplaySpeaker":true,"LanguageOfText":"DE","Modified":"\/Date(1781003782758)\/","StartTimeWithTimezone":"\/Date(1765823679783+0060)\/","EndTimeWithTimezone":"\/Date(1765823940837+0060)\/","VoteBusinessNumber":null,"VoteBusinessShortNumber":null,"VoteBusinessTitle":null},{"__metadata":{"id":"https://ws.parlament.ch/OData.svc/Transcript(ID=367655L,Language='DE')","uri":"https://ws.parlament.ch/OData.svc/Transcript(ID=367655L,Language='DE')","type":"itsystems.Pd.DataServices.DataModel.Transcript"},"Subjects":{"__deferred":{"uri":"https://ws.parlament.ch/OData.svc/Transcript(ID=367655L,Language='DE')/Subjects"}},"MembersCouncil":{"__deferred":{"uri":"https://ws.parlament.ch/OData.svc/Transcript(ID=367655L,Language='DE')/MembersCouncil"}},"Businesses":{"__deferred":{"uri":"https://ws.parlament.ch/OData.svc/Transcript(ID=367655L,Language='DE')/Businesses"}},"ID":"367655","Language":"DE","IdSubject":"70147","VoteId":null,"PersonNumber":4169,"Type":1,"Text":"<pd_text><p><b>Le pr\u00e9sident</b> (Page Pierre-Andr\u00e9, pr\u00e9sident): Nous m\u00e8nerons une seul d\u00e9bat sur l'entr\u00e9e en mati\u00e8re et la discussion par article. </p>\n</pd_text>","MeetingCouncilAbbreviation":"N","MeetingDate":"20251215","MeetingVerbalixOid":4110,"IdSession":"5211","SpeakerFirstName":"Pierre-Andr\u00e9","SpeakerLastName":"Page","SpeakerFullName":"Page Pierre-Andr\u00e9","SpeakerFunction":"P-M","CouncilId":1,"CouncilName":"Nationalrat","CantonId":10,"CantonName":"Freiburg","CantonAbbreviation":"FR","ParlGroupName":"Fraktion der Schweizerischen Volkspartei","ParlGroupAbbreviation":"V","SortOrder":1,"Start":"\/Date(1765823524655)\/","End":"\/Date(1765823580288)\/","Function":"P-M","DisplaySpeaker":false,"LanguageOfText":null,"Modified":"\/Date(1781003782748)\/","StartTimeWithTimezone":"\/Date(1765823524657+0060)\/","EndTimeWithTimezone":"\/Date(1765823580287+0060)\/","VoteBusinessNumber":null,"VoteBusinessShortNumber":null,"VoteBusinessTitle":null},{"__metadata":{"id":"https://ws.parlament.ch/OData.svc/Transcript(ID=367656L,Language='DE')","uri":"https://ws.parlament.ch/OData.svc/Transcript(ID=367656L,Language='DE')","type":"itsystems.Pd.DataServices.DataModel.Transcript"},"Subjects":{"__deferred":{"uri":"https://ws.parlament.ch/OData.svc/Transcript(ID=367656L,Language='DE')/Subjects"}},"MembersCouncil":{"__deferred":{"uri":"https://ws.parlament.ch/OData.svc/Transcript(ID=367656L,Language='DE')/MembersCouncil"}},"Businesses":{"__deferred":{"uri":"https://ws.parlament.ch/OData.svc/Transcript(ID=367656L,Language='DE')/Businesses"}},"ID":"367656","Language":"DE","IdSubject":"70147","VoteId":null,"PersonNumber":4252,"Type":1,"Text":"<pd_text><p><b>Pr\u00e4sidentin </b>(Christ Katja, erste Vizepr\u00e4sidentin): Die FDP-Liberale Fraktion unterst\u00fctzt den Antrag der Kommission. </p>\n</pd_text>","MeetingCouncilAbbreviation":"N","MeetingDate":"20251215","MeetingVerbalixOid":4110,"IdSession":"5211","SpeakerFirstName":"Katja","SpeakerLastName":"Christ","SpeakerFullName":"Christ Katja","SpeakerFunction":"1VP-F","CouncilId":1,"CouncilName":"Nationalrat","CantonId":12,"CantonName":"Basel-Stadt","CantonAbbreviation":"BS","ParlGroupName":"Gr\u00fcnliberale Fraktion","ParlGroupAbbreviation":"GL","SortOrder":10,"Start":"\/Date(1765824660796)\/","End":"\/Date(1765824674644)\/","Function":"1VP-F","DisplaySpeaker":false,"LanguageOfText":null,"Modified":"\/Date(1781003782777)\/","StartTimeWithTimezone":"\/Date(1765824660797+0060)\/","EndTimeWithTimezone":"\/Date(1765824674643+0060)\/","VoteBusinessNumber":null,"VoteBusinessShortNumber":null,"VoteBusinessTitle":null},{"__metadata":{"id":"https://ws.parlament.ch/OData.svc/Transcript(ID=367657L,Language='DE')","uri":"https://ws.parlament.ch/OData.svc/Transcript(ID=367657L,Language='DE')","type":"itsystems.Pd.DataServices.DataModel.Transcript"},"Subjects":{"__deferred":{"uri":"https://ws.parlament.ch/OData.svc/Transcript(ID=367657L,Language='DE')/Subjects"}},"MembersCouncil":{"__deferred":{"uri":"https://ws.parlament.ch/OData.svc/Transcript(ID=367657L,Language='DE')/MembersCouncil"}},"Businesses":{"__deferred":{"uri":"https://ws.parlament.ch/OData.svc/Transcript(ID=367657L,Language='DE')/Businesses"}},"ID":"367657","Language":"DE","IdSubject":"70147","VoteId":null,"PersonNumber":4169,"Type":1,"Text":"<pd_text><p><b>Le pr\u00e9sident</b> (Page Pierre-Andr\u00e9, pr\u00e9sident): Les rapporteurs renoncent \u00e0 prendre la parole. </p>\n<p>[VS]</p>\n<p><i>Eintreten wird ohne Gegenantrag beschlossen </i>[GZ]</p>\n<p><i>L'entr\u00e9e en mati\u00e8re est d\u00e9cid\u00e9e sans opposition</i></p>\n<p>[VS]</p>\n<p>[VS]</p>\n<p><b>Bundesbeschluss \u00fcber die zivilen Immobilien des Bundes f\u00fcr das Jahr 2025</b>[GZ]</p>\n<p><b>Arr\u00eat\u00e9 f\u00e9d\u00e9ral concernant l'immobilier civil de la Conf\u00e9d\u00e9ration pour 2025</b>[GZ]</p>\n<p>[VS][GZ]</p>\n<p><i>Detailberatung - Discussion par article </i>[GZ]</p>\n<p>[VS][GZ]</p>\n<p><b>Titel und Ingress, Art. 1-5</b>[GZ]</p>\n<p><i>Antrag der Kommission </i>[GZ]</p>\n<p>Zustimmung zum Beschluss des St\u00e4nderates</p>\n<p>[VS]</p>\n<p><b>Titre et pr\u00e9ambule, art. 1-5</b>[GZ]</p>\n<p><i>Proposition de la commission </i>[GZ]</p>\n<p>Adh\u00e9rer \u00e0 la d\u00e9cision du Conseil des \u00c9tats [GZ]</p>\n<p>[VS][GZ]</p>\n<p><i>Angenommen - Adopt\u00e9</i></p>\n</pd_text>","MeetingCouncilAbbreviation":"N","MeetingDate":"20251215","MeetingVerbalixOid":4110,"IdSession":"5211","SpeakerFirstName":"Pierre-Andr\u00e9","SpeakerLastName":"Page","SpeakerFullName":"Page Pierre-Andr\u00e9","SpeakerFunction":"P-M","CouncilId":1,"CouncilName":"Nationalrat","CantonId":10,"CantonName":"Freiburg","CantonAbbreviation":"FR","ParlGroupName":"Fraktion der Schweizerischen Volkspartei","ParlGroupAbbreviation":"V","SortOrder":12,"Start":"\/Date(1765824995229)\/","End":"\/Date(1765825056043)\/","Function":"P-M","DisplaySpeaker":false,"LanguageOfText":null,"Modified":"\/Date(1781003782787)\/","StartTimeWithTimezone":"\/Date(1765824995230+0060)\/","EndTimeWithTimezone":"\/Date(1765825056043+0060)\/","VoteBusinessNumber":null,"VoteBusinessShortNumber":null,"VoteBusinessTitle":null},{"__metadata":{"id":"https://ws.parlament.ch/OData.svc/Transcript(ID=367658L,Language='DE')","uri":"https://ws.parlament.ch/OData.svc/Transcript(ID=367658L,Language='DE')","type":"itsystems.Pd.DataServices.DataModel.Transcript"},"Subjects":{"__deferred":{"uri":"https://ws.parlament.ch/OData.svc/Transcript(ID=367658L,Language='DE')/Subjects"}},"MembersCouncil":{"__deferred":{"uri":"https://ws.parlament.ch/OData.svc/Transcript(ID=367658L,Language='DE')/MembersCouncil"}},"Businesses":{"__deferred":{"uri":"https://ws.parlament.ch/OData.svc/Transcript(ID=367658L,Language='DE')/Businesses"}},"ID":"367658","Language":"DE","IdSubject":"70147","VoteId":null,"PersonNumber":4169,"Type":1,"Text":"<pd_text><p><b>Le pr\u00e9sident</b> (Page Pierre-Andr\u00e9, pr\u00e9sident): Les deux conseils ayant pris des d\u00e9cisions concordantes, l'objet est ainsi d\u00e9finitivement adopt\u00e9.</p>\n</pd_text>","MeetingCouncilAbbreviation":"N","MeetingDate":"20251215","MeetingVerbalixOid":4110,"IdSession":"5211","SpeakerFirstName":"Pierre-Andr\u00e9","SpeakerLastName":"Page","SpeakerFullName":"Page Pierre-Andr\u00e9","SpeakerFunction":"P-M","CouncilId":1,"CouncilName":"Nationalrat","CantonId":10,"CantonName":"Freiburg","CantonAbbreviation":"FR","ParlGroupName":"Fraktion der Schweizerischen Volkspartei","ParlGroupAbbreviation":"V","SortOrder":15,"Start":"\/Date(1765825109145)\/","End":"\/Date(1765825153695)\/","Function":"P-M","DisplaySpeaker":false,"LanguageOfText":null,"Modified":"\/Date(1781003782807)\/","StartTimeWithTimezone":"\/Date(1765825109147+0060)\/","EndTimeWithTimezone":"\/Date(1765825153697+0060)\/","VoteBusinessNumber":null,"VoteBusinessShortNumber":null,"VoteBusinessTitle":null}]},"ID":"70147","Language":"DE","IdMeeting":"5167","VerbalixOid":790738,"SortOrder":178,"Modified":"\/Date(1781003782744)\/"}}