{"d":{"__metadata":{"id":"https://ws.parlament.ch/OData.svc/Subject(ID=7014L,Language='DE')","uri":"https://ws.parlament.ch/OData.svc/Subject(ID=7014L,Language='DE')","type":"itsystems.Pd.DataServices.DataModel.Subject"},"Meetings":{"__metadata":{"id":"https://ws.parlament.ch/OData.svc/Meeting(ID=506L,Language='DE')","uri":"https://ws.parlament.ch/OData.svc/Meeting(ID=506L,Language='DE')","type":"itsystems.Pd.DataServices.DataModel.Meeting"},"Sessions":{"__deferred":{"uri":"https://ws.parlament.ch/OData.svc/Meeting(ID=506L,Language='DE')/Sessions"}},"Subjects":{"__deferred":{"uri":"https://ws.parlament.ch/OData.svc/Meeting(ID=506L,Language='DE')/Subjects"}},"ID":"506","Language":"DE","MeetingNumber":13,"IdSession":4702,"SessionNumber":2,"SessionName":"Fr\u00fchjahrssession 2004","Council":1,"CouncilName":"Nationalrat","CouncilAbbreviation":"NR","Date":"\/Date(1079481600000)\/","Begin":"0820","Modified":"\/Date(1447069872460)\/","LegislativePeriodNumber":47,"PublicationStatus":"final","MeetingOrderText":"Dreizehnte Sitzung","SortOrder":13,"Location":"N"},"SubjectsBusiness":{"results":[{"__metadata":{"id":"https://ws.parlament.ch/OData.svc/SubjectBusiness(BusinessNumber=20040017,IdSubject=7014L,Language='DE')","uri":"https://ws.parlament.ch/OData.svc/SubjectBusiness(BusinessNumber=20040017,IdSubject=7014L,Language='DE')","type":"itsystems.Pd.DataServices.DataModel.SubjectBusiness"},"Subjects":{"__deferred":{"uri":"https://ws.parlament.ch/OData.svc/SubjectBusiness(BusinessNumber=20040017,IdSubject=7014L,Language='DE')/Subjects"}},"Businesses":{"__deferred":{"uri":"https://ws.parlament.ch/OData.svc/SubjectBusiness(BusinessNumber=20040017,IdSubject=7014L,Language='DE')/Businesses"}},"IdSubject":"7014","BusinessNumber":20040017,"Language":"DE","BusinessShortNumber":"04.017","Title":"Ber\u00fccksichtigung der kalten Progression bei der Reform der Ehe- und Familienbesteuerung. Bundesgesetz","SortOrder":1,"PublishedNotes":"Differenzen - Divergences\n","Modified":"\/Date(1447069232900)\/","TitleDE":"Ber\u00fccksichtigung\nder kalten Progression\nbei der Reform\nder Ehe-\nund Familienbesteuerung\ngem\u00e4ss Steuerpaket.\nBundesgesetz","TitleFR":"Prise en compte\nde la progression \u00e0 froid\ndans le cadre de la r\u00e9forme\nde l'imposition du couple\net de la famille pr\u00e9vue\npar le paquet fiscal.\nLoi f\u00e9d\u00e9rale","TitleIT":null}]},"Transcripts":{"results":[{"__metadata":{"id":"https://ws.parlament.ch/OData.svc/Transcript(ID=41540L,Language='DE')","uri":"https://ws.parlament.ch/OData.svc/Transcript(ID=41540L,Language='DE')","type":"itsystems.Pd.DataServices.DataModel.Transcript"},"Subjects":{"__deferred":{"uri":"https://ws.parlament.ch/OData.svc/Transcript(ID=41540L,Language='DE')/Subjects"}},"MembersCouncil":{"__deferred":{"uri":"https://ws.parlament.ch/OData.svc/Transcript(ID=41540L,Language='DE')/MembersCouncil"}},"Businesses":{"__deferred":{"uri":"https://ws.parlament.ch/OData.svc/Transcript(ID=41540L,Language='DE')/Businesses"}},"ID":"41540","Language":"DE","IdSubject":"7014","VoteId":null,"PersonNumber":15,"Type":1,"Text":"<pd_text><p>Die Berichterstatter verzichten auf das Wort. </p>\n<p>Eine Abstimmung er\u00fcbrigt sich, denn es ist kein anderer Antrag als derjenige der Kommission gestellt.</p>\n<p>[VS]</p>\n<p><i>Angenommen - Adopt\u00e9</i></p>\n</pd_text>","MeetingCouncilAbbreviation":"N","MeetingDate":"20040317","MeetingVerbalixOid":1159,"IdSession":"4702","SpeakerFirstName":"Max","SpeakerLastName":"Binder","SpeakerFullName":"Binder Max","SpeakerFunction":"P-M","CouncilId":1,"CouncilName":"Nationalrat","CantonId":1,"CantonName":"Z\u00fcrich","CantonAbbreviation":"ZH","ParlGroupName":"Fraktion der Schweizerischen Volkspartei","ParlGroupAbbreviation":"V","SortOrder":7,"Start":"\/Date(1079518690624)\/","End":"\/Date(1079518725217)\/","Function":"P-M","DisplaySpeaker":true,"LanguageOfText":"DE","Modified":"\/Date(1774878102168)\/","StartTimeWithTimezone":"\/Date(1079518690623+0060)\/","EndTimeWithTimezone":"\/Date(1079518725217+0060)\/","VoteBusinessNumber":null,"VoteBusinessShortNumber":null,"VoteBusinessTitle":null},{"__metadata":{"id":"https://ws.parlament.ch/OData.svc/Transcript(ID=41541L,Language='DE')","uri":"https://ws.parlament.ch/OData.svc/Transcript(ID=41541L,Language='DE')","type":"itsystems.Pd.DataServices.DataModel.Transcript"},"Subjects":{"__deferred":{"uri":"https://ws.parlament.ch/OData.svc/Transcript(ID=41541L,Language='DE')/Subjects"}},"MembersCouncil":{"__deferred":{"uri":"https://ws.parlament.ch/OData.svc/Transcript(ID=41541L,Language='DE')/MembersCouncil"}},"Businesses":{"__deferred":{"uri":"https://ws.parlament.ch/OData.svc/Transcript(ID=41541L,Language='DE')/Businesses"}},"ID":"41541","Language":"DE","IdSubject":"7014","VoteId":null,"PersonNumber":519,"Type":1,"Text":"<pd_text><p>Die SVP-Fraktion unterst\u00fctzt die Version des St\u00e4nderates. Wenn wir schon f\u00fcr eine vorgezogene L\u00f6sung mit dieser Gesetzes\u00e4nderung sind, dann ist es richtig und klug, dass wir absolute Klarheit dar\u00fcber schaffen, wie sich die Abz\u00fcge beim Ausgleich der kalten Progression ver\u00e4ndern. F\u00fcr die Stimmenden ist es wichtig, dies zu wissen, denn dies schafft Transparenz. Wir stehen auch voll dahinter, dass die Alleinstehenden - wie es nach dem Beschluss des Nationalrates der Fall w\u00e4re - nicht zus\u00e4tzlich benachteiligt werden. Wir sind also f\u00fcr die Version des St\u00e4nderates. </p>\n<p>Ich bitte Sie, hier die Differenz zu beseitigen.</p>\n</pd_text>","MeetingCouncilAbbreviation":"N","MeetingDate":"20040317","MeetingVerbalixOid":1159,"IdSession":"4702","SpeakerFirstName":"Hansj\u00f6rg","SpeakerLastName":"Walter","SpeakerFullName":"Walter Hansj\u00f6rg","SpeakerFunction":"Mit-M","CouncilId":1,"CouncilName":"Nationalrat","CantonId":20,"CantonName":"Thurgau","CantonAbbreviation":"TG","ParlGroupName":"Fraktion der Schweizerischen Volkspartei","ParlGroupAbbreviation":"V","SortOrder":6,"Start":"\/Date(1079518622656)\/","End":"\/Date(1079518690624)\/","Function":"Mit-M","DisplaySpeaker":true,"LanguageOfText":"DE","Modified":"\/Date(1774878102166)\/","StartTimeWithTimezone":"\/Date(1079518622657+0060)\/","EndTimeWithTimezone":"\/Date(1079518690623+0060)\/","VoteBusinessNumber":null,"VoteBusinessShortNumber":null,"VoteBusinessTitle":null},{"__metadata":{"id":"https://ws.parlament.ch/OData.svc/Transcript(ID=41542L,Language='DE')","uri":"https://ws.parlament.ch/OData.svc/Transcript(ID=41542L,Language='DE')","type":"itsystems.Pd.DataServices.DataModel.Transcript"},"Subjects":{"__deferred":{"uri":"https://ws.parlament.ch/OData.svc/Transcript(ID=41542L,Language='DE')/Subjects"}},"MembersCouncil":{"__deferred":{"uri":"https://ws.parlament.ch/OData.svc/Transcript(ID=41542L,Language='DE')/MembersCouncil"}},"Businesses":{"__deferred":{"uri":"https://ws.parlament.ch/OData.svc/Transcript(ID=41542L,Language='DE')/Businesses"}},"ID":"41542","Language":"DE","IdSubject":"7014","VoteId":null,"PersonNumber":138,"Type":1,"Text":"<pd_text><p>Le groupe d\u00e9mocrate-chr\u00e9tien vous recommande d'adopter la version telle qu'elle r\u00e9sulte des d\u00e9bats du Conseil des Etats. Cette version, en effet, est en tous points conforme aux principes qui ont \u00e9t\u00e9 adopt\u00e9s par le Conseil national en ce sens que, d'une part, ces dispositions doivent figurer dans la partie des dispositions transitoires - l'administration en a pr\u00e9cis\u00e9 l'article exact -, et que, d'autre part, le principe arr\u00eat\u00e9 par le Conseil national est int\u00e9gralement repris. La diff\u00e9rence vient de ce que l'Administration f\u00e9d\u00e9rale des contributions a souhait\u00e9 que la r\u00e8gle interpr\u00e9tative de ce principe - que nous avons \u00e9voqu\u00e9e dans le cadre des d\u00e9bats, non seulement en commission mais aussi au pl\u00e9num - soit pleinement inscrite dans la loi de sorte qu'il n'y ait aucune contestation possible. On a ainsi, avec la version du Conseil des Etats, une formulation d\u00e9taill\u00e9e qui correspond \u00e0 ce que nous avons voulu:</p>\n<p>1. l'article 215 LIFD s'applique; on ne change pas les r\u00e8gles du jeu en cours de partie;</p>\n<p>2. l'article 215 LIFD doit s'appliquer de fa\u00e7on sp\u00e9cifique et diff\u00e9renci\u00e9e suivant qu'il s'agit notamment de d\u00e9ductions nouvelles, qui n'existaient par cons\u00e9quent pas auparavant, ou de d\u00e9ductions qui existaient auparavant, mais dont le montant se trouve augment\u00e9 par le paquet fiscal. Cette approche plus fine, diff\u00e9renci\u00e9e, correspond \u00e0 ce que nous avons souhait\u00e9.</p>\n<p>On pourrait \u00e9videmment se dire que dans l'article 215 LIFD actuel, la comp\u00e9tence revient au Conseil f\u00e9d\u00e9ral, et qu'en formulant le texte de l'article 205b des dispositions transitoires tel que nous le faisons, nous proc\u00e9dons en quelque sorte \u00e0 un transfert de comp\u00e9tence puisque le Parlement prend en r\u00e9alit\u00e9 une responsabilit\u00e9 qui incombe au Conseil f\u00e9d\u00e9ral. Mais c'est relativement secondaire, voire anecdotique, dans le d\u00e9bat de clarification que nous devons avoir.</p>\n<p>Il est par cons\u00e9quent judicieux d'aller de l'avant tel quel, d'autant plus qu'il n'y a pas de changement mat\u00e9riel entre la r\u00e8gle adopt\u00e9e sur le principe par le Conseil national et la formulation plus d\u00e9taill\u00e9e arr\u00eat\u00e9e par le Conseil des Etats sur la base d'un texte pr\u00e9par\u00e9 par l'Administration f\u00e9d\u00e9rale des contributions.</p>\n<p>Il y a une clarification suppl\u00e9mentaire sur un point - cela a \u00e9t\u00e9 rappel\u00e9 par Monsieur B\u00fchrer - concernant la situation des personnes seules. Il a toujours \u00e9t\u00e9 dit dans le cadre du paquet fiscal que celui-ci ne devait pas se construire - si vous me permettez l'expression - sur le dos des personnes seules. Nous confirmons ici cette intention politique, de sorte que cette clarification, effectivement, a sa place dans le texte qui vous est soumis.</p>\n<p>Voil\u00e0 les raisons pour lesquelles nous vous recommandons d'approuver le texte tel qu'il r\u00e9sulte des d\u00e9lib\u00e9rations du Conseil des Etats.</p>\n</pd_text>","MeetingCouncilAbbreviation":"N","MeetingDate":"20040317","MeetingVerbalixOid":1159,"IdSession":"4702","SpeakerFirstName":"Jean-Philippe","SpeakerLastName":"Maitre","SpeakerFullName":"Maitre Jean-Philippe","SpeakerFunction":"1VP-M","CouncilId":1,"CouncilName":"Nationalrat","CantonId":25,"CantonName":"Genf","CantonAbbreviation":"GE","ParlGroupName":"Christlichdemokratische Fraktion","ParlGroupAbbreviation":"M-E","SortOrder":5,"Start":"\/Date(1079518422252)\/","End":"\/Date(1079518622656)\/","Function":"Mit-M","DisplaySpeaker":true,"LanguageOfText":"FR","Modified":"\/Date(1774878102164)\/","StartTimeWithTimezone":"\/Date(1079518422253+0060)\/","EndTimeWithTimezone":"\/Date(1079518622657+0060)\/","VoteBusinessNumber":null,"VoteBusinessShortNumber":null,"VoteBusinessTitle":null},{"__metadata":{"id":"https://ws.parlament.ch/OData.svc/Transcript(ID=41543L,Language='DE')","uri":"https://ws.parlament.ch/OData.svc/Transcript(ID=41543L,Language='DE')","type":"itsystems.Pd.DataServices.DataModel.Transcript"},"Subjects":{"__deferred":{"uri":"https://ws.parlament.ch/OData.svc/Transcript(ID=41543L,Language='DE')/Subjects"}},"MembersCouncil":{"__deferred":{"uri":"https://ws.parlament.ch/OData.svc/Transcript(ID=41543L,Language='DE')/MembersCouncil"}},"Businesses":{"__deferred":{"uri":"https://ws.parlament.ch/OData.svc/Transcript(ID=41543L,Language='DE')/Businesses"}},"ID":"41543","Language":"DE","IdSubject":"7014","VoteId":null,"PersonNumber":34,"Type":1,"Text":"<pd_text><p>Der St\u00e4nderat hat mit Ausnahme des Abzugs f\u00fcr Alleinstehende keine materiellen \u00c4nderungen beschlossen. Namens der FDP-Fraktion empfehle ich Ihnen daher, der st\u00e4nder\u00e4tlichen Fassung zuzustimmen. Wir haben dann keine Differenz mehr, und der Ausgleich der kalten Progression ist klar dargestellt.</p>\n<p>Der wesentliche Unterschied ist ein formeller, indem der St\u00e4nderat im Gegensatz zu uns gefunden hat, man solle den Modus, wie die Abz\u00fcge der Teuerung angepasst werden, nicht nur zuhanden der Materialien hier darlegen, sondern auch im Gesetz genau beschreiben. Das ist der formelle Unterschied. Man kann sagen: Die st\u00e4nder\u00e4tliche Fassung b\u00fcrgt f\u00fcr eine klare Transparenz nach aussen. Jedermann kann das genau nachlesen. </p>\n<p>Zur materiellen \u00c4nderung: Das ist eine einzige, n\u00e4mlich der Abzug f\u00fcr Alleinstehende wird zur\u00fcck bis zum 31. Dezember 1995 indexiert, also bis zum Zeitpunkt der letzten Anpassung. Wir halten das f\u00fcr korrekt, denn es ist ja de facto eine Adjustierung, weil die Alleinstehenden nicht mehr ihren speziellen Tarif haben. Dem wird durch diese Anpassung Rechnung getragen.</p>\n<p>Zusammenfassend halte ich fest:</p>\n<p>1. Wir haben nun absolute Klarheit bez\u00fcglich des Ausgleiches der kalten Progression.</p>\n<p>2. Die vorliegende Fassung h\u00e4lt sich absolut an das geltende Recht und legt lediglich die beiden Sonderbestimmungen offen fest. [PAGE 384] </p>\n<p>3. Ich halte hier noch einmal fest: Es geht nicht, wie immer wieder dargelegt wird - ich bin erstaunt: auch von regierungsr\u00e4tlicher Seite f\u00e4lschlicherweise dargelegt wird -, um eine Aufbesserung des Steuerpaketes, sondern es geht nur darum, dass der Ausgleich der kalten Progression gem\u00e4ss Verfassung und Gesetz klar dargestellt wird, weil Unklarheiten entstanden sind. Die M\u00e4r, wir w\u00fcrden zwei Monate vor der Abstimmung quasi eine \u00c4nderung am Steuerpaket vornehmen, bleibt eine M\u00e4r und hat mit der Realit\u00e4t nichts zu tun.</p>\n<p>In diesem Sinne empfiehlt Ihnen die FDP-Fraktion Zustimmung zur Fassung des St\u00e4nderates. Damit haben wir heute Mittwoch reinen Tisch gemacht.</p>\n</pd_text>","MeetingCouncilAbbreviation":"N","MeetingDate":"20040317","MeetingVerbalixOid":1159,"IdSession":"4702","SpeakerFirstName":"Gerold","SpeakerLastName":"B\u00fchrer","SpeakerFullName":"B\u00fchrer Gerold","SpeakerFunction":"Mit-M","CouncilId":1,"CouncilName":"Nationalrat","CantonId":14,"CantonName":"Schaffhausen","CantonAbbreviation":"SH","ParlGroupName":"Freisinnig-demokratische Fraktion","ParlGroupAbbreviation":"RL","SortOrder":4,"Start":"\/Date(1079518242973)\/","End":"\/Date(1079518422252)\/","Function":"Mit-M","DisplaySpeaker":true,"LanguageOfText":"DE","Modified":"\/Date(1774878102162)\/","StartTimeWithTimezone":"\/Date(1079518242973+0060)\/","EndTimeWithTimezone":"\/Date(1079518422253+0060)\/","VoteBusinessNumber":null,"VoteBusinessShortNumber":null,"VoteBusinessTitle":null},{"__metadata":{"id":"https://ws.parlament.ch/OData.svc/Transcript(ID=41544L,Language='DE')","uri":"https://ws.parlament.ch/OData.svc/Transcript(ID=41544L,Language='DE')","type":"itsystems.Pd.DataServices.DataModel.Transcript"},"Subjects":{"__deferred":{"uri":"https://ws.parlament.ch/OData.svc/Transcript(ID=41544L,Language='DE')/Subjects"}},"MembersCouncil":{"__deferred":{"uri":"https://ws.parlament.ch/OData.svc/Transcript(ID=41544L,Language='DE')/MembersCouncil"}},"Businesses":{"__deferred":{"uri":"https://ws.parlament.ch/OData.svc/Transcript(ID=41544L,Language='DE')/Businesses"}},"ID":"41544","Language":"DE","IdSubject":"7014","VoteId":null,"PersonNumber":463,"Type":1,"Text":"<pd_text><p>Le Conseil des Etats a donc suivi la proposition de principe que nous avions faite en l'am\u00e9liorant quelque peu et, je dirai, en la pr\u00e9cisant. En effet, le Conseil des Etats a accept\u00e9 que la disposition soit dans les dispositions transitoires de la loi. Ensuite, il a repris le principe g\u00e9n\u00e9ral d'une compensation totale de la progression \u00e0 froid et il a indiqu\u00e9 dans les d\u00e9tails les modes de traitement des diff\u00e9rentes d\u00e9ductions et la diff\u00e9renciation entre les nouvelles d\u00e9ductions, qui seront index\u00e9es \u00e0 partir du 31 d\u00e9cembre 2004, alors que les anciennes d\u00e9ductions seront index\u00e9es \u00e0 partir du 31 d\u00e9cembre 1995.</p>\n<p>Il a apport\u00e9 une pr\u00e9cision en ce qui concerne une d\u00e9duction, la d\u00e9duction pour personne seule. Celle-ci est une nouvelle d\u00e9duction; elle sera n\u00e9anmoins index\u00e9e \u00e0 partir du 31 d\u00e9cembre 1995 par le fait du changement de bar\u00e8me - comme cela a \u00e9t\u00e9 indiqu\u00e9 tout \u00e0 l'heure - qui p\u00e9jore quelque peu la situation des personnes seules, ce qui \u00e0 aucun moment n'a \u00e9t\u00e9 voulu par la commission. C'est la raison pour laquelle il faut indexer de fa\u00e7on sp\u00e9cifique cette d\u00e9duction pour personne seule. En ce qui concerne le fait qu'il n'y ait pas d'adaptation au rench\u00e9rissement \u00e0 faire sur le volet logement, le Conseil des Etats a \u00e9t\u00e9 dans la m\u00eame direction que notre conseil.</p>\n<p>La commission, par 14 voix contre 0 et 7 abstentions, vous demande de vous rallier \u00e0 la d\u00e9cision du Conseil des Etats.</p>\n</pd_text>","MeetingCouncilAbbreviation":"N","MeetingDate":"20040317","MeetingVerbalixOid":1159,"IdSession":"4702","SpeakerFirstName":"Charles","SpeakerLastName":"Favre","SpeakerFullName":"Favre Charles","SpeakerFunction":"Mit-M","CouncilId":1,"CouncilName":"Nationalrat","CantonId":22,"CantonName":"Waadt","CantonAbbreviation":"VD","ParlGroupName":"Freisinnig-demokratische Fraktion","ParlGroupAbbreviation":"RL","SortOrder":3,"Start":"\/Date(1079518121365)\/","End":"\/Date(1079518242973)\/","Function":"*","DisplaySpeaker":true,"LanguageOfText":"FR","Modified":"\/Date(1774878102161)\/","StartTimeWithTimezone":"\/Date(1079518121367+0060)\/","EndTimeWithTimezone":"\/Date(1079518242973+0060)\/","VoteBusinessNumber":null,"VoteBusinessShortNumber":null,"VoteBusinessTitle":null},{"__metadata":{"id":"https://ws.parlament.ch/OData.svc/Transcript(ID=41545L,Language='DE')","uri":"https://ws.parlament.ch/OData.svc/Transcript(ID=41545L,Language='DE')","type":"itsystems.Pd.DataServices.DataModel.Transcript"},"Subjects":{"__deferred":{"uri":"https://ws.parlament.ch/OData.svc/Transcript(ID=41545L,Language='DE')/Subjects"}},"MembersCouncil":{"__deferred":{"uri":"https://ws.parlament.ch/OData.svc/Transcript(ID=41545L,Language='DE')/MembersCouncil"}},"Businesses":{"__deferred":{"uri":"https://ws.parlament.ch/OData.svc/Transcript(ID=41545L,Language='DE')/Businesses"}},"ID":"41545","Language":"DE","IdSubject":"7014","VoteId":null,"PersonNumber":404,"Type":1,"Text":"<pd_text><p>Namens der WAK des Nationalrates beantrage ich Ihnen, dem Beschluss des St\u00e4nderates zuzustimmen. Die WAK hat das mit 14 zu 0 Stimmen bei 7 Enthaltungen gemacht. Warum?</p>\n<p>Die L\u00f6sung des St\u00e4nderates liegt an sich sehr nahe bei derjenigen des Nationalrates. Auch der St\u00e4nderat geht von der Idee des vollen Ausgleiches aus. Auch er hat die Regelung, wie wir das in diesem Rat getan haben, in eine \u00dcbergangsbestimmung aufgenommen. Und er hat die Prinzipien, die der Nationalrat festgelegt hat, \u00fcbernommen, aber klarer formuliert. Wir waren ja der Auffassung, das liege in der Kompetenz des Bundesrates und es gehe darum, zuhanden der Materialien zu erkl\u00e4ren, wie diese kalte Progression ausgeglichen werden soll. Der St\u00e4nderat hat die L\u00f6sung gew\u00e4hlt, die Art und Weise dieses Ausgleiches im Gesetz in dieser \u00dcbergangsbestimmung zu pr\u00e4zisieren. Dagegen ist aus der Sicht der Kommission nichts einzuwenden.</p>\n<p>Es gibt damit keine inhaltliche \u00c4nderung gegen\u00fcber dem Steuerpaket, weil die Anpassung erst dann erfolgt, wenn die Teuerung die 7-Prozent-Limite erreicht. Und es gibt auch keine \u00c4nderung gegen\u00fcber dem nationalr\u00e4tlichen Beschluss.</p>\n<p>Es erfolgt eine Pr\u00e4zisierung beim Abzug f\u00fcr die Alleinstehenden. Und diese Korrektur ist richtig. F\u00fcr diesen Abzug von 11 000 Franken wird die Teuerung voll ausgeglichen, weil er das Korrektiv ist zum neu eingef\u00fchrten einheitlichen Tarif. Vorher hatten wir ja zwei Tarife, f\u00fcr die Ehepaare und f\u00fcr die Alleinstehenden, neu haben wir nur noch einen Tarif. Der St\u00e4nderat hat diesen Abzug von 11 000 Franken, diesen Haushaltabzug, ebenfalls voll indexiert.</p>\n<p>Die Auswirkungen dieses Ausgleiches der kalten Progression, wie er jetzt vorliegt, auf die Bundeskasse sind folgende: Ab dem Jahr 2008 wird mit einem Minderertrag von 182 Millionen Franken gerechnet, ab dem Jahr 2009 mit einem solchen von 815 Millionen Franken. Hiezu ist aber zu sagen, dass so oder so gem\u00e4ss Verfassung und gem\u00e4ss Bundesgesetz \u00fcber die direkte Bundessteuer diese kalte Progression ab dem Jahr 2007 bzw. mit Wirkung auf die Bundeskasse ab dem Jahr 2008 h\u00e4tte ausgeglichen werden m\u00fcssen.</p>\n<p>Sollte die Teuerung bereits im Jahr 2004 die 7-Prozent-Grenze erreichen, m\u00fcsste dieser Ausgleich auch aufgrund des bisherigen Bundesgesetzes \u00fcber die direkte Bundessteuer bereits per 1. Januar 2006 in Kraft treten. Das h\u00e4tte die Konsequenz, dass die finanziellen Auswirkungen bereits im Jahr 2007 anfallen w\u00fcrden. In der Kommission wurde auch festgehalten, dass die Teuerung per Ende Dezember zu berechnen ist und dass allf\u00e4llige Schwankungen w\u00e4hrend des Jahres keine Rolle spielen. </p>\n<p>Aus all diesen Gr\u00fcnden bitte ich Sie, jetzt der L\u00f6sung des St\u00e4nderates zuzustimmen.</p>\n</pd_text>","MeetingCouncilAbbreviation":"N","MeetingDate":"20040317","MeetingVerbalixOid":1159,"IdSession":"4702","SpeakerFirstName":"Caspar","SpeakerLastName":"Baader","SpeakerFullName":"Baader Caspar","SpeakerFunction":"Mit-M","CouncilId":1,"CouncilName":"Nationalrat","CantonId":13,"CantonName":"Basel-Landschaft","CantonAbbreviation":"BL","ParlGroupName":"Fraktion der Schweizerischen Volkspartei","ParlGroupAbbreviation":"V","SortOrder":2,"Start":"\/Date(1079517870931)\/","End":"\/Date(1079518121365)\/","Function":"*","DisplaySpeaker":true,"LanguageOfText":"DE","Modified":"\/Date(1774878102159)\/","StartTimeWithTimezone":"\/Date(1079517870930+0060)\/","EndTimeWithTimezone":"\/Date(1079518121367+0060)\/","VoteBusinessNumber":null,"VoteBusinessShortNumber":null,"VoteBusinessTitle":null},{"__metadata":{"id":"https://ws.parlament.ch/OData.svc/Transcript(ID=41546L,Language='DE')","uri":"https://ws.parlament.ch/OData.svc/Transcript(ID=41546L,Language='DE')","type":"itsystems.Pd.DataServices.DataModel.Transcript"},"Subjects":{"__deferred":{"uri":"https://ws.parlament.ch/OData.svc/Transcript(ID=41546L,Language='DE')/Subjects"}},"MembersCouncil":{"__deferred":{"uri":"https://ws.parlament.ch/OData.svc/Transcript(ID=41546L,Language='DE')/MembersCouncil"}},"Businesses":{"__deferred":{"uri":"https://ws.parlament.ch/OData.svc/Transcript(ID=41546L,Language='DE')/Businesses"}},"ID":"41546","Language":"DE","IdSubject":"7014","VoteId":null,"PersonNumber":15,"Type":1,"Text":"<pd_text><p><b>Bundesgesetz \u00fcber die direkte Bundessteuer </b></p>\n<p><b>Loi f\u00e9d\u00e9rale sur l'imp\u00f4t f\u00e9d\u00e9ral direct </b></p>\n<p>[VS]</p>\n<p><b>Ziff. I \u00dcbergangsbestimmung Art. 205b</b></p>\n<p><i>Antrag der Kommission</i></p>\n<p>Zustimmung zum Beschluss des St\u00e4nderates</p>\n<p>[VS]</p>\n<p><b>Ch. I disposition transitoire art. 205b</b></p>\n<p><i>Proposition de la commission</i></p>\n<p>Adh\u00e9rer \u00e0 la d\u00e9cision du Conseil des Etats</p>\n</pd_text>","MeetingCouncilAbbreviation":"N","MeetingDate":"20040317","MeetingVerbalixOid":1159,"IdSession":"4702","SpeakerFirstName":"Max","SpeakerLastName":"Binder","SpeakerFullName":"Binder Max","SpeakerFunction":"P-M","CouncilId":1,"CouncilName":"Nationalrat","CantonId":1,"CantonName":"Z\u00fcrich","CantonAbbreviation":"ZH","ParlGroupName":"Fraktion der Schweizerischen Volkspartei","ParlGroupAbbreviation":"V","SortOrder":1,"Start":"\/Date(1079517854619)\/","End":"\/Date(1079517870931)\/","Function":"P-M","DisplaySpeaker":false,"LanguageOfText":null,"Modified":"\/Date(1774878102157)\/","StartTimeWithTimezone":"\/Date(1079517854620+0060)\/","EndTimeWithTimezone":"\/Date(1079517870930+0060)\/","VoteBusinessNumber":null,"VoteBusinessShortNumber":null,"VoteBusinessTitle":null}]},"ID":"7014","Language":"DE","IdMeeting":"506","VerbalixOid":101014,"SortOrder":2,"Modified":"\/Date(1774878102155)\/"}}