{"d":{"__metadata":{"id":"https://ws.parlament.ch/OData.svc/Subject(ID=70252L,Language='DE')","uri":"https://ws.parlament.ch/OData.svc/Subject(ID=70252L,Language='DE')","type":"itsystems.Pd.DataServices.DataModel.Subject"},"Meetings":{"__metadata":{"id":"https://ws.parlament.ch/OData.svc/Meeting(ID=5179L,Language='DE')","uri":"https://ws.parlament.ch/OData.svc/Meeting(ID=5179L,Language='DE')","type":"itsystems.Pd.DataServices.DataModel.Meeting"},"Sessions":{"__deferred":{"uri":"https://ws.parlament.ch/OData.svc/Meeting(ID=5179L,Language='DE')/Sessions"}},"Subjects":{"__deferred":{"uri":"https://ws.parlament.ch/OData.svc/Meeting(ID=5179L,Language='DE')/Subjects"}},"ID":"5179","Language":"DE","MeetingNumber":14,"IdSession":5211,"SessionNumber":11,"SessionName":"Wintersession 2025","Council":2,"CouncilName":"St\u00e4nderat","CouncilAbbreviation":"SR","Date":"\/Date(1766102400000)\/","Begin":"0815","Modified":"\/Date(1769892448037)\/","LegislativePeriodNumber":52,"PublicationStatus":"final","MeetingOrderText":"Vierzehnte Sitzung","SortOrder":14,"Location":"S"},"SubjectsBusiness":{"results":[{"__metadata":{"id":"https://ws.parlament.ch/OData.svc/SubjectBusiness(BusinessNumber=20220407,IdSubject=70252L,Language='DE')","uri":"https://ws.parlament.ch/OData.svc/SubjectBusiness(BusinessNumber=20220407,IdSubject=70252L,Language='DE')","type":"itsystems.Pd.DataServices.DataModel.SubjectBusiness"},"Subjects":{"__deferred":{"uri":"https://ws.parlament.ch/OData.svc/SubjectBusiness(BusinessNumber=20220407,IdSubject=70252L,Language='DE')/Subjects"}},"Businesses":{"__deferred":{"uri":"https://ws.parlament.ch/OData.svc/SubjectBusiness(BusinessNumber=20220407,IdSubject=70252L,Language='DE')/Businesses"}},"IdSubject":"70252","BusinessNumber":20220407,"Language":"DE","BusinessShortNumber":"22.407","Title":"Verteilung der Radio- und Fernsehabgabe ","SortOrder":1,"PublishedNotes":"Schlussabstimmung - Vote final\n","Modified":"\/Date(1651588506596)\/","TitleDE":"Parlamentarische Initiative\nBauer Philippe.\nVerteilung der Radio- und\nFernsehabgabe","TitleFR":"Initiative parlementaire\nBauer Philippe.\nR\u00e9partition de la redevance\nde radio-t\u00e9l\u00e9vision","TitleIT":null},{"__metadata":{"id":"https://ws.parlament.ch/OData.svc/SubjectBusiness(BusinessNumber=20220417,IdSubject=70252L,Language='DE')","uri":"https://ws.parlament.ch/OData.svc/SubjectBusiness(BusinessNumber=20220417,IdSubject=70252L,Language='DE')","type":"itsystems.Pd.DataServices.DataModel.SubjectBusiness"},"Subjects":{"__deferred":{"uri":"https://ws.parlament.ch/OData.svc/SubjectBusiness(BusinessNumber=20220417,IdSubject=70252L,Language='DE')/Subjects"}},"Businesses":{"__deferred":{"uri":"https://ws.parlament.ch/OData.svc/SubjectBusiness(BusinessNumber=20220417,IdSubject=70252L,Language='DE')/Businesses"}},"IdSubject":"70252","BusinessNumber":20220417,"Language":"DE","BusinessShortNumber":"22.417","Title":"F\u00f6rdermassnahmen zugunsten der elektronischen Medien","SortOrder":2,"PublishedNotes":"Schlussabstimmung - Vote final\n","Modified":"\/Date(1650549527160)\/","TitleDE":"Parlamentarische Initiative\nChassot Isabelle.\nF\u00f6rdermassnahmen zugunsten\nder elektronischen Medien","TitleFR":"Initiative parlementaire\nChassot Isabelle.\nMesures d'aide en faveur\ndes m\u00e9dias \u00e9lectroniques","TitleIT":null}]},"Transcripts":{"results":[{"__metadata":{"id":"https://ws.parlament.ch/OData.svc/Transcript(ID=368873L,Language='DE')","uri":"https://ws.parlament.ch/OData.svc/Transcript(ID=368873L,Language='DE')","type":"itsystems.Pd.DataServices.DataModel.Transcript"},"Subjects":{"__deferred":{"uri":"https://ws.parlament.ch/OData.svc/Transcript(ID=368873L,Language='DE')/Subjects"}},"MembersCouncil":{"__deferred":{"uri":"https://ws.parlament.ch/OData.svc/Transcript(ID=368873L,Language='DE')/MembersCouncil"}},"Businesses":{"__deferred":{"uri":"https://ws.parlament.ch/OData.svc/Transcript(ID=368873L,Language='DE')/Businesses"}},"ID":"368873","Language":"DE","IdSubject":"70252","VoteId":"8025","PersonNumber":null,"Type":2,"Text":"<pd_text><p><b>1.</b>[NB]<b>Bundesgesetz \u00fcber Radio und Fernsehen (Abgabenanteile f\u00fcr lokale Radio- und regionale Fernsehveranstalter und allgemeine F\u00f6rdermassnahmen)</b>[GZ]</p>\n<p><b>1.</b>[NB]<b>Loi f\u00e9d\u00e9rale sur la radio et la t\u00e9l\u00e9vision (Quotes-parts de la redevance attribu\u00e9es aux radios locales et aux t\u00e9l\u00e9visions r\u00e9gionales et mesures d'aide g\u00e9n\u00e9rales)</b>[GZ]</p>\n<p>[VS][GZ]</p>\n<p><i>Abstimmung - Vote </i>[GZ]</p>\n<p>[NAM][GZ]</p>\n<p>F\u00fcr Annahme des Entwurfes ... 40 Stimmen [GZ]</p>\n<p>Dagegen ... 4 Stimmen [GZ]</p>\n<p>(0 Enthaltungen)</p>\n<p>[VS]</p>\n</pd_text>","MeetingCouncilAbbreviation":"S","MeetingDate":"20251219","MeetingVerbalixOid":4122,"IdSession":"5211","SpeakerFirstName":null,"SpeakerLastName":null,"SpeakerFullName":"","SpeakerFunction":null,"CouncilId":null,"CouncilName":null,"CantonId":null,"CantonName":null,"CantonAbbreviation":null,"ParlGroupName":null,"ParlGroupAbbreviation":null,"SortOrder":1,"Start":null,"End":null,"Function":null,"DisplaySpeaker":null,"LanguageOfText":null,"Modified":"\/Date(1773751237133)\/","StartTimeWithTimezone":null,"EndTimeWithTimezone":null,"VoteBusinessNumber":20220407,"VoteBusinessShortNumber":"22.407","VoteBusinessTitle":"Parlamentarische Initiative\nBauer Philippe.\nVerteilung der Radio- und\nFernsehabgabe"},{"__metadata":{"id":"https://ws.parlament.ch/OData.svc/Transcript(ID=368874L,Language='DE')","uri":"https://ws.parlament.ch/OData.svc/Transcript(ID=368874L,Language='DE')","type":"itsystems.Pd.DataServices.DataModel.Transcript"},"Subjects":{"__deferred":{"uri":"https://ws.parlament.ch/OData.svc/Transcript(ID=368874L,Language='DE')/Subjects"}},"MembersCouncil":{"__deferred":{"uri":"https://ws.parlament.ch/OData.svc/Transcript(ID=368874L,Language='DE')/MembersCouncil"}},"Businesses":{"__deferred":{"uri":"https://ws.parlament.ch/OData.svc/Transcript(ID=368874L,Language='DE')/Businesses"}},"ID":"368874","Language":"DE","IdSubject":"70252","VoteId":"8026","PersonNumber":null,"Type":2,"Text":"<pd_text><p><b>2.</b>[NB]<b>Bundesgesetz \u00fcber Radio und Fernsehen (Abgabenanteile f\u00fcr lokale Radio- und regionale Fernsehveranstalter)</b>[GZ]</p>\n<p><b>2.</b>[NB]<b>Loi f\u00e9d\u00e9rale sur la radio et la t\u00e9l\u00e9vision (Quotes-parts de la redevance attribu\u00e9es aux radios locales et aux t\u00e9l\u00e9visions r\u00e9gionales)</b>[GZ]</p>\n<p>[VS][GZ]</p>\n<p><i>Abstimmung - Vote </i>[GZ]</p>\n<p>[NAM][GZ]</p>\n<p>F\u00fcr Annahme des Entwurfes ... 44 Stimmen [GZ]</p>\n<p>(Einstimmigkeit) [GZ]</p>\n<p>(0 Enthaltungen)</p>\n<p>[VS]</p>\n</pd_text>","MeetingCouncilAbbreviation":"S","MeetingDate":"20251219","MeetingVerbalixOid":4122,"IdSession":"5211","SpeakerFirstName":null,"SpeakerLastName":null,"SpeakerFullName":"","SpeakerFunction":null,"CouncilId":null,"CouncilName":null,"CantonId":null,"CantonName":null,"CantonAbbreviation":null,"ParlGroupName":null,"ParlGroupAbbreviation":null,"SortOrder":2,"Start":null,"End":null,"Function":null,"DisplaySpeaker":null,"LanguageOfText":null,"Modified":"\/Date(1773751237135)\/","StartTimeWithTimezone":null,"EndTimeWithTimezone":null,"VoteBusinessNumber":20220407,"VoteBusinessShortNumber":"22.407","VoteBusinessTitle":"Parlamentarische Initiative\nBauer Philippe.\nVerteilung der Radio- und\nFernsehabgabe"}]},"ID":"70252","Language":"DE","IdMeeting":"5179","VerbalixOid":792443,"SortOrder":4,"Modified":"\/Date(1773751237131)\/"}}