{"d":{"__metadata":{"id":"https://ws.parlament.ch/OData.svc/Subject(ID=70268L,Language='DE')","uri":"https://ws.parlament.ch/OData.svc/Subject(ID=70268L,Language='DE')","type":"itsystems.Pd.DataServices.DataModel.Subject"},"Meetings":{"__metadata":{"id":"https://ws.parlament.ch/OData.svc/Meeting(ID=5178L,Language='DE')","uri":"https://ws.parlament.ch/OData.svc/Meeting(ID=5178L,Language='DE')","type":"itsystems.Pd.DataServices.DataModel.Meeting"},"Sessions":{"__deferred":{"uri":"https://ws.parlament.ch/OData.svc/Meeting(ID=5178L,Language='DE')/Sessions"}},"Subjects":{"__deferred":{"uri":"https://ws.parlament.ch/OData.svc/Meeting(ID=5178L,Language='DE')/Subjects"}},"ID":"5178","Language":"DE","MeetingNumber":14,"IdSession":5211,"SessionNumber":11,"SessionName":"Wintersession 2025","Council":1,"CouncilName":"Nationalrat","CouncilAbbreviation":"NR","Date":"\/Date(1766102400000)\/","Begin":"0800","Modified":"\/Date(1770464338717)\/","LegislativePeriodNumber":52,"PublicationStatus":"final","MeetingOrderText":"Vierzehnte Sitzung","SortOrder":14,"Location":"N"},"SubjectsBusiness":{"results":[{"__metadata":{"id":"https://ws.parlament.ch/OData.svc/SubjectBusiness(BusinessNumber=20250035,IdSubject=70268L,Language='DE')","uri":"https://ws.parlament.ch/OData.svc/SubjectBusiness(BusinessNumber=20250035,IdSubject=70268L,Language='DE')","type":"itsystems.Pd.DataServices.DataModel.SubjectBusiness"},"Subjects":{"__deferred":{"uri":"https://ws.parlament.ch/OData.svc/SubjectBusiness(BusinessNumber=20250035,IdSubject=70268L,Language='DE')/Subjects"}},"Businesses":{"__deferred":{"uri":"https://ws.parlament.ch/OData.svc/SubjectBusiness(BusinessNumber=20250035,IdSubject=70268L,Language='DE')/Businesses"}},"IdSubject":"70268","BusinessNumber":20250035,"Language":"DE","BusinessShortNumber":"25.035","Title":"\u00abJa zu fairen AHV-Renten auch f\u00fcr Ehepaare \u2013 Diskriminierung der Ehe endlich abschaffen!\u00bb. Volksinitiative","SortOrder":1,"PublishedNotes":"Frist - D\u00e9lai\n","Modified":"\/Date(1764241413953)\/","TitleDE":"Ja zu fairen AHV-Renten\nauch f\u00fcr Ehepaare - Diskriminierung\nder Ehe endlich abschaffen!\nVolksinitiative","TitleFR":"Oui \u00e0 des rentes AVS \u00e9quitables\npour les couples mari\u00e9s - Pour enfin\nen finir avec la discrimination\ndu mariage !\nInitiative populaire","TitleIT":null}]},"Transcripts":{"results":[{"__metadata":{"id":"https://ws.parlament.ch/OData.svc/Transcript(ID=368909L,Language='DE')","uri":"https://ws.parlament.ch/OData.svc/Transcript(ID=368909L,Language='DE')","type":"itsystems.Pd.DataServices.DataModel.Transcript"},"Subjects":{"__deferred":{"uri":"https://ws.parlament.ch/OData.svc/Transcript(ID=368909L,Language='DE')/Subjects"}},"MembersCouncil":{"__deferred":{"uri":"https://ws.parlament.ch/OData.svc/Transcript(ID=368909L,Language='DE')/MembersCouncil"}},"Businesses":{"__deferred":{"uri":"https://ws.parlament.ch/OData.svc/Transcript(ID=368909L,Language='DE')/Businesses"}},"ID":"368909","Language":"DE","IdSubject":"70268","VoteId":"31700","PersonNumber":null,"Type":2,"Text":"<pd_text><p><i>Abstimmung - Vote </i>[GZ]</p>\n<p>[NAM][GZ]</p>\n<p>F\u00fcr den Antrag der Mehrheit ... 131 Stimmen[GZ]</p>\n<p>F\u00fcr den Antrag der Minderheit ... 63 Stimmen[GZ]</p>\n<p>(0 Enthaltungen)</p>\n</pd_text>","MeetingCouncilAbbreviation":"N","MeetingDate":"20251219","MeetingVerbalixOid":4121,"IdSession":"5211","SpeakerFirstName":null,"SpeakerLastName":null,"SpeakerFullName":"","SpeakerFunction":null,"CouncilId":null,"CouncilName":null,"CantonId":null,"CantonName":null,"CantonAbbreviation":null,"ParlGroupName":null,"ParlGroupAbbreviation":null,"SortOrder":5,"Start":"\/Date(1766134328609)\/","End":"\/Date(1766134358327)\/","Function":null,"DisplaySpeaker":null,"LanguageOfText":null,"Modified":"\/Date(1781795396077)\/","StartTimeWithTimezone":"\/Date(1766134328610+0060)\/","EndTimeWithTimezone":"\/Date(1766134358327+0060)\/","VoteBusinessNumber":20250035,"VoteBusinessShortNumber":"25.035","VoteBusinessTitle":"Ja zu fairen AHV-Renten\nauch f\u00fcr Ehepaare - Diskriminierung\nder Ehe endlich abschaffen!\nVolksinitiative"},{"__metadata":{"id":"https://ws.parlament.ch/OData.svc/Transcript(ID=368910L,Language='DE')","uri":"https://ws.parlament.ch/OData.svc/Transcript(ID=368910L,Language='DE')","type":"itsystems.Pd.DataServices.DataModel.Transcript"},"Subjects":{"__deferred":{"uri":"https://ws.parlament.ch/OData.svc/Transcript(ID=368910L,Language='DE')/Subjects"}},"MembersCouncil":{"__deferred":{"uri":"https://ws.parlament.ch/OData.svc/Transcript(ID=368910L,Language='DE')/MembersCouncil"}},"Businesses":{"__deferred":{"uri":"https://ws.parlament.ch/OData.svc/Transcript(ID=368910L,Language='DE')/Businesses"}},"ID":"368910","Language":"DE","IdSubject":"70268","VoteId":null,"PersonNumber":4169,"Type":1,"Text":"<pd_text><p><i>Antrag der Mehrheit</i>[GZ]</p>\n<p>Die Behandlungsfrist verl\u00e4ngern</p>\n<p>[VS]</p>\n<p><i>Antrag der Minderheit </i>[GZ]</p>\n<p>(Gutjahr, Aeschi, Amaudruz, de Courten, Glarner, Graber, Hess Erich, Thalmann-Bieri)[GZ]</p>\n<p>Die Behandlungsfrist nicht verl\u00e4ngern</p>\n<p>[VS]</p>\n<p><i>Proposition de la majorit\u00e9 </i>[GZ]</p>\n<p>Prolonger le d\u00e9lai de traitement</p>\n<p>[VS]</p>\n<p><i>Proposition de la minorit\u00e9 </i>[GZ]</p>\n<p>(Gutjahr, Aeschi, Amaudruz, de Courten, Glarner, Graber, Hess Erich, Thalmann-Bieri)[GZ]</p>\n<p>Ne pas prolonger le d\u00e9lai de traitement</p>\n<p>[VS] </p>\n<p><b>Le pr\u00e9sident</b> (Page Pierre-Andr\u00e9, pr\u00e9sident): Vous avez re\u00e7u un rapport \u00e9crit de la commission.</p>\n</pd_text>","MeetingCouncilAbbreviation":"N","MeetingDate":"20251219","MeetingVerbalixOid":4121,"IdSession":"5211","SpeakerFirstName":"Pierre-Andr\u00e9","SpeakerLastName":"Page","SpeakerFullName":"Page Pierre-Andr\u00e9","SpeakerFunction":"P-M","CouncilId":1,"CouncilName":"Nationalrat","CantonId":10,"CantonName":"Freiburg","CantonAbbreviation":"FR","ParlGroupName":"Fraktion der Schweizerischen Volkspartei","ParlGroupAbbreviation":"V","SortOrder":1,"Start":"\/Date(1766133937161)\/","End":"\/Date(1766133967321)\/","Function":"P-M","DisplaySpeaker":false,"LanguageOfText":null,"Modified":"\/Date(1781795396047)\/","StartTimeWithTimezone":"\/Date(1766133937160+0060)\/","EndTimeWithTimezone":"\/Date(1766133967320+0060)\/","VoteBusinessNumber":null,"VoteBusinessShortNumber":null,"VoteBusinessTitle":null},{"__metadata":{"id":"https://ws.parlament.ch/OData.svc/Transcript(ID=368912L,Language='DE')","uri":"https://ws.parlament.ch/OData.svc/Transcript(ID=368912L,Language='DE')","type":"itsystems.Pd.DataServices.DataModel.Transcript"},"Subjects":{"__deferred":{"uri":"https://ws.parlament.ch/OData.svc/Transcript(ID=368912L,Language='DE')/Subjects"}},"MembersCouncil":{"__deferred":{"uri":"https://ws.parlament.ch/OData.svc/Transcript(ID=368912L,Language='DE')/MembersCouncil"}},"Businesses":{"__deferred":{"uri":"https://ws.parlament.ch/OData.svc/Transcript(ID=368912L,Language='DE')/Businesses"}},"ID":"368912","Language":"DE","IdSubject":"70268","VoteId":null,"PersonNumber":4169,"Type":1,"Text":"<pd_text><p><b>Le pr\u00e9sident</b> (Page Pierre-Andr\u00e9, pr\u00e9sident): La majorit\u00e9 de la commission proposer de prolonger le d\u00e9lai de traitement. Une minorit\u00e9 Gutjahr propose de ne pas le prolonger. </p>\n</pd_text>","MeetingCouncilAbbreviation":"N","MeetingDate":"20251219","MeetingVerbalixOid":4121,"IdSession":"5211","SpeakerFirstName":"Pierre-Andr\u00e9","SpeakerLastName":"Page","SpeakerFullName":"Page Pierre-Andr\u00e9","SpeakerFunction":"P-M","CouncilId":1,"CouncilName":"Nationalrat","CantonId":10,"CantonName":"Freiburg","CantonAbbreviation":"FR","ParlGroupName":"Fraktion der Schweizerischen Volkspartei","ParlGroupAbbreviation":"V","SortOrder":4,"Start":"\/Date(1766134283926)\/","End":"\/Date(1766134328609)\/","Function":"P-M","DisplaySpeaker":false,"LanguageOfText":null,"Modified":"\/Date(1781795396069)\/","StartTimeWithTimezone":"\/Date(1766134283927+0060)\/","EndTimeWithTimezone":"\/Date(1766134328610+0060)\/","VoteBusinessNumber":null,"VoteBusinessShortNumber":null,"VoteBusinessTitle":null},{"__metadata":{"id":"https://ws.parlament.ch/OData.svc/Transcript(ID=368936L,Language='DE')","uri":"https://ws.parlament.ch/OData.svc/Transcript(ID=368936L,Language='DE')","type":"itsystems.Pd.DataServices.DataModel.Transcript"},"Subjects":{"__deferred":{"uri":"https://ws.parlament.ch/OData.svc/Transcript(ID=368936L,Language='DE')/Subjects"}},"MembersCouncil":{"__deferred":{"uri":"https://ws.parlament.ch/OData.svc/Transcript(ID=368936L,Language='DE')/MembersCouncil"}},"Businesses":{"__deferred":{"uri":"https://ws.parlament.ch/OData.svc/Transcript(ID=368936L,Language='DE')/Businesses"}},"ID":"368936","Language":"DE","IdSubject":"70268","VoteId":null,"PersonNumber":4228,"Type":1,"Text":"<pd_text><p>Die eidgen\u00f6ssische Volksinitiative \"Ja zu fairen AHV-Renten auch f\u00fcr Ehepaare - Diskriminierung der Ehe endlich abschaffen!\" wurde am 27.[NB]M\u00e4rz letzten Jahres eingereicht. Gem\u00e4ss Artikel 100 des Parlamentsgesetzes muss die Bundesversammlung innert 30 Monaten nach Einreichung beschliessen, ob sie die Initiative Volk und St\u00e4nden zur Annahme oder zur Ablehnung empfiehlt. Im vorliegenden Fall l\u00e4uft diese Frist am 27.[NB]September 2026 ab. Gest\u00fctzt auf das Parlamentsgesetz kann die Bundesversammlung die Frist f\u00fcr die Behandlung einer Volksinitiative um ein Jahr verl\u00e4ngern, wenn ein Rat \u00fcber einen Gegenentwurf oder \u00fcber einen mit der Volksinitiative eng zusammenh\u00e4ngenden Erlassentwurf Beschluss gefasst hat. </p>\n<p>Der Nationalrat hat am 24.[NB]September 2025 im Rahmen der Beratung der \u00c4nderung des Bundesgesetzes \u00fcber die Alters- und Hinterlassenenversicherung betreffend die Anpassung der Hinterlassenenrenten in der Gesamtabstimmung einen indirekten Gegenentwurf angenommen. Diese Vorlage wurde bisher erst vom Nationalrat beraten. Sie haben sie zwar als indirekten Gegenvorschlag zur Volksinitiative deklariert, erst nach den Beratungen im Zweitrat wird allerdings klar sein, ob der St\u00e4nderat die Vorlage ebenfalls der Volksinitiative als indirekten Gegenvorschlag gegen\u00fcberstellen will oder wie ein solcher indirekter Gegenvorschlag in den Grundz\u00fcgen ausgestaltet werden k\u00f6nnte. [PAGE 2489] </p>\n<p>Neben diesen Diskussionen wird die Finanzierung einer Erh\u00f6hung oder Aufhebung des Plafonds f\u00fcr Ehepaarrenten auch im Rahmen der Finanzierungsvorlage f\u00fcr die 13.[NB]AHV-Rente diskutiert. Diese unklaren Verh\u00e4ltnisse erlauben es aus Sicht der Kommissionsmehrheit zum jetzigen Zeitpunkt nicht, \u00fcber die Abstimmungsempfehlung zur Volksinitiative zu beschliessen. </p>\n<p>Die Kommissionsminderheit m\u00f6chte die Beratung der Volksinitiative priorisieren und die Beratungen der aktuell diskutierten AHV-Vorlagen vorantreiben. Sie weist darauf hin, dass die von der Volksinitiative geforderte Aufhebung des Plafonds weitreichende Folgen f\u00fcr die finanzielle Lage der AHV h\u00e4tte. Es soll daher m\u00f6glichst bald klar sein, wie hoch der zuk\u00fcnftige Finanzbedarf der AHV sein wird. Aus Sicht der Minderheit liegen die notwendigen Informationen, um \u00fcber die Abstimmungsempfehlung zu beschliessen, bereits vor. Falls[NB]eine[NB]Fristverl\u00e4ngerung doch noch n\u00f6tig werden sollte, k\u00f6nne sie laut Minderheit noch im n\u00e4chsten Quartal beantragt werden. </p>\n<p>Die Kommission beantragt mit 17 zu 8 Stimmen, die Frist f\u00fcr die Behandlung der Volksinitiative \"Ja zu fairen AHV-Renten auch f\u00fcr Ehepaare - Diskriminierung der Ehe endlich abschaffen!\" um ein Jahr, das heisst bis zum 27.[NB]September 2027, zu verl\u00e4ngern.</p>\n</pd_text>","MeetingCouncilAbbreviation":"N","MeetingDate":"20251219","MeetingVerbalixOid":4121,"IdSession":"5211","SpeakerFirstName":"Samira","SpeakerLastName":"Marti","SpeakerFullName":"Marti Samira","SpeakerFunction":"Mit-F","CouncilId":1,"CouncilName":"Nationalrat","CantonId":13,"CantonName":"Basel-Landschaft","CantonAbbreviation":"BL","ParlGroupName":"Sozialdemokratische Fraktion","ParlGroupAbbreviation":"S","SortOrder":2,"Start":"\/Date(1766133967321)\/","End":"\/Date(1766134126754)\/","Function":"*","DisplaySpeaker":true,"LanguageOfText":"DE","Modified":"\/Date(1781795396060)\/","StartTimeWithTimezone":"\/Date(1766133967320+0060)\/","EndTimeWithTimezone":"\/Date(1766134126753+0060)\/","VoteBusinessNumber":null,"VoteBusinessShortNumber":null,"VoteBusinessTitle":null},{"__metadata":{"id":"https://ws.parlament.ch/OData.svc/Transcript(ID=368943L,Language='DE')","uri":"https://ws.parlament.ch/OData.svc/Transcript(ID=368943L,Language='DE')","type":"itsystems.Pd.DataServices.DataModel.Transcript"},"Subjects":{"__deferred":{"uri":"https://ws.parlament.ch/OData.svc/Transcript(ID=368943L,Language='DE')/Subjects"}},"MembersCouncil":{"__deferred":{"uri":"https://ws.parlament.ch/OData.svc/Transcript(ID=368943L,Language='DE')/MembersCouncil"}},"Businesses":{"__deferred":{"uri":"https://ws.parlament.ch/OData.svc/Transcript(ID=368943L,Language='DE')/Businesses"}},"ID":"368943","Language":"DE","IdSubject":"70268","VoteId":null,"PersonNumber":4216,"Type":1,"Text":"<pd_text><p>Wir lehnen die Fristverl\u00e4ngerung klar ab und verlangen, dass an unserer n\u00e4chsten SGK-Sitzung das Gesch\u00e4ft materiell behandelt wird. Die Frage der Fristverl\u00e4ngerung kann zu einem sp\u00e4teren Zeitpunkt gekl\u00e4rt werden.</p>\n<p>Warum wollen wir das? Der Grund ist, dass wir die Hinhaltetaktik des St\u00e4nderates in dieser Frage nicht goutieren k\u00f6nnen. Die Aussagen von Kollegin Samira Marti stimmen, wonach man \u00fcber einen indirekten Gegenentwurf zu einem sp\u00e4teren Zeitpunkt diskutieren kann. Es ist f\u00fcr uns aber nicht akzeptabel, dass man diese Vorlage bewusst nutzt, um eine Debatte zu blockieren, um eben gezielt die Finanzierungsfragen in eine Vorlage zu packen. Damit \u00fcberwerfen wir uns. Genauer gesagt, geht es hier oder eben in dieser ganzen Thematik darum, die Finanzierung der 13.[NB]AHV-Rente zu sichern und die Mitte-Initiative \u00fcber eine doppelte AHV-Rente f\u00fcr Ehepaare zu diskutieren; es geht aber auch um die Reform der Hinterlassenenrente, wo es um Korrekturen bei den Witwen- und Witwerrenten geht.</p>\n<p>Der Bev\u00f6lkerung ausserhalb des Bundeshauses ist nicht bewusst, dass wir hier vorw\u00e4rtsmachen k\u00f6nnten, die Entscheidungen aber bewusst vertagt und immer wieder durch neue Antr\u00e4ge verschoben werden. Das ist f\u00fcr uns eine offensichtliche Verz\u00f6gerungstaktik, und sie f\u00fchrt dazu, dass wir eigentlich das Volk hinters Licht f\u00fchren und ihm keinen reinen Wein einschenken. Es besteht auch kein Grund, diese Diskussion mit der Finanzierung der 13.[NB]AHV-Rente in Verbindung zu bringen. Anstatt die heisse Kartoffel hin und her zu schieben, sollten wir unsere Aufgabe wahrnehmen, die Vorlage beraten und dem Volk zur Abstimmung vorlegen. Das ist unsere Verantwortung. </p>\n<p>Wir h\u00e4tten also Zeit, um die Initiative zu behandeln. Eine Verl\u00e4ngerung bringt keinen Mehrwert, sondern eigentlich nur mehr Unsicherheit. Es ist offensichtlich, dass sich in dieser Diskussion gewisse Kreise, insbesondere die Mitte-Fraktion, einspannen lassen. Aber vergessen wir nicht: Am Schluss wird die Bev\u00f6lkerung dar\u00fcber abstimmen, ob sie diese Art der Finanzierungstaktik goutiert. Ich pers\u00f6nlich bezweifle das. Wir k\u00f6nnten unsere Arbeit also machen, ohne auf den St\u00e4nderat zu warten, denn Verantwortung heisst: entscheiden, nicht vertr\u00f6sten. Die AHV ist ein zentrales Thema. Wir d\u00fcrfen nicht zulassen, dass es durch taktische Verz\u00f6gerungen blockiert wird.</p>\n<p>Deshalb bitte ich Sie, keine Fristverl\u00e4ngerung zu beschliessen. Lassen Sie uns die Initiative beraten, um Klarheit zu schaffen.</p>\n</pd_text>","MeetingCouncilAbbreviation":"N","MeetingDate":"20251219","MeetingVerbalixOid":4121,"IdSession":"5211","SpeakerFirstName":"Diana","SpeakerLastName":"Gutjahr","SpeakerFullName":"Gutjahr Diana","SpeakerFunction":"Mit-F","CouncilId":1,"CouncilName":"Nationalrat","CantonId":20,"CantonName":"Thurgau","CantonAbbreviation":"TG","ParlGroupName":"Fraktion der Schweizerischen Volkspartei","ParlGroupAbbreviation":"V","SortOrder":3,"Start":"\/Date(1766134131719)\/","End":"\/Date(1766134283926)\/","Function":"Mit-F","DisplaySpeaker":true,"LanguageOfText":"DE","Modified":"\/Date(1781795396066)\/","StartTimeWithTimezone":"\/Date(1766134131720+0060)\/","EndTimeWithTimezone":"\/Date(1766134283927+0060)\/","VoteBusinessNumber":null,"VoteBusinessShortNumber":null,"VoteBusinessTitle":null}]},"ID":"70268","Language":"DE","IdMeeting":"5178","VerbalixOid":792525,"SortOrder":11,"Modified":"\/Date(1781795396035)\/"}}