{"d":{"__metadata":{"id":"https://ws.parlament.ch/OData.svc/Subject(ID=70296L,Language='DE')","uri":"https://ws.parlament.ch/OData.svc/Subject(ID=70296L,Language='DE')","type":"itsystems.Pd.DataServices.DataModel.Subject"},"Meetings":{"__metadata":{"id":"https://ws.parlament.ch/OData.svc/Meeting(ID=5178L,Language='DE')","uri":"https://ws.parlament.ch/OData.svc/Meeting(ID=5178L,Language='DE')","type":"itsystems.Pd.DataServices.DataModel.Meeting"},"Sessions":{"__deferred":{"uri":"https://ws.parlament.ch/OData.svc/Meeting(ID=5178L,Language='DE')/Sessions"}},"Subjects":{"__deferred":{"uri":"https://ws.parlament.ch/OData.svc/Meeting(ID=5178L,Language='DE')/Subjects"}},"ID":"5178","Language":"DE","MeetingNumber":14,"IdSession":5211,"SessionNumber":11,"SessionName":"Wintersession 2025","Council":1,"CouncilName":"Nationalrat","CouncilAbbreviation":"NR","Date":"\/Date(1766102400000)\/","Begin":"0800","Modified":"\/Date(1770464338717)\/","LegislativePeriodNumber":52,"PublicationStatus":"final","MeetingOrderText":"Vierzehnte Sitzung","SortOrder":14,"Location":"N"},"SubjectsBusiness":{"results":[{"__metadata":{"id":"https://ws.parlament.ch/OData.svc/SubjectBusiness(BusinessNumber=20250056,IdSubject=70296L,Language='DE')","uri":"https://ws.parlament.ch/OData.svc/SubjectBusiness(BusinessNumber=20250056,IdSubject=70296L,Language='DE')","type":"itsystems.Pd.DataServices.DataModel.SubjectBusiness"},"Subjects":{"__deferred":{"uri":"https://ws.parlament.ch/OData.svc/SubjectBusiness(BusinessNumber=20250056,IdSubject=70296L,Language='DE')/Subjects"}},"Businesses":{"__deferred":{"uri":"https://ws.parlament.ch/OData.svc/SubjectBusiness(BusinessNumber=20250056,IdSubject=70296L,Language='DE')/Businesses"}},"IdSubject":"70296","BusinessNumber":20250056,"Language":"DE","BusinessShortNumber":"25.056","Title":"Hochschulf\u00f6rderungs- und -koordinationsgesetz. \u00c4nderung","SortOrder":1,"PublishedNotes":"Schlussabstimmung - Vote final\n","Modified":"\/Date(1758538818633)\/","TitleDE":"Hochschulf\u00f6rderungs- und\n-koordinationsgesetz.\n\u00c4nderung","TitleFR":"Loi sur l'encouragement\net la coordination des hautes \u00e9coles.\nModification","TitleIT":null}]},"Transcripts":{"results":[{"__metadata":{"id":"https://ws.parlament.ch/OData.svc/Transcript(ID=369006L,Language='DE')","uri":"https://ws.parlament.ch/OData.svc/Transcript(ID=369006L,Language='DE')","type":"itsystems.Pd.DataServices.DataModel.Transcript"},"Subjects":{"__deferred":{"uri":"https://ws.parlament.ch/OData.svc/Transcript(ID=369006L,Language='DE')/Subjects"}},"MembersCouncil":{"__deferred":{"uri":"https://ws.parlament.ch/OData.svc/Transcript(ID=369006L,Language='DE')/MembersCouncil"}},"Businesses":{"__deferred":{"uri":"https://ws.parlament.ch/OData.svc/Transcript(ID=369006L,Language='DE')/Businesses"}},"ID":"369006","Language":"DE","IdSubject":"70296","VoteId":"31729","PersonNumber":null,"Type":2,"Text":"<pd_text><p><b>Bundesgesetz \u00fcber die F\u00f6rderung der Hochschulen und die Koordination im schweizerischen Hochschulbereich</b>[GZ]</p>\n<p><b>Loi f\u00e9d\u00e9rale sur l'encouragement des hautes \u00e9coles et la coordination dans le domaine suisse des hautes \u00e9coles</b>[GZ]</p>\n<p>[VS][GZ]</p>\n<p><i>Abstimmung - Vote </i>[GZ]</p>\n<p>[NAM][GZ]</p>\n<p>F\u00fcr Annahme des Entwurfes ... 127 Stimmen [GZ]</p>\n<p>Dagegen ... 65 Stimmen [GZ]</p>\n<p>(2 Enthaltungen)</p>\n</pd_text>","MeetingCouncilAbbreviation":"N","MeetingDate":"20251219","MeetingVerbalixOid":4121,"IdSession":"5211","SpeakerFirstName":null,"SpeakerLastName":null,"SpeakerFullName":"","SpeakerFunction":null,"CouncilId":null,"CouncilName":null,"CantonId":null,"CantonName":null,"CantonAbbreviation":null,"ParlGroupName":null,"ParlGroupAbbreviation":null,"SortOrder":1,"Start":null,"End":null,"Function":null,"DisplaySpeaker":null,"LanguageOfText":null,"Modified":"\/Date(1781795397174)\/","StartTimeWithTimezone":null,"EndTimeWithTimezone":null,"VoteBusinessNumber":20250056,"VoteBusinessShortNumber":"25.056","VoteBusinessTitle":"Hochschulf\u00f6rderungs- und\n-koordinationsgesetz.\n\u00c4nderung"}]},"ID":"70296","Language":"DE","IdMeeting":"5178","VerbalixOid":792712,"SortOrder":160,"Modified":"\/Date(1781795397167)\/"}}