{"d":{"__metadata":{"id":"https://ws.parlament.ch/OData.svc/Subject(ID=7045L,Language='DE')","uri":"https://ws.parlament.ch/OData.svc/Subject(ID=7045L,Language='DE')","type":"itsystems.Pd.DataServices.DataModel.Subject"},"Meetings":{"__metadata":{"id":"https://ws.parlament.ch/OData.svc/Meeting(ID=510L,Language='DE')","uri":"https://ws.parlament.ch/OData.svc/Meeting(ID=510L,Language='DE')","type":"itsystems.Pd.DataServices.DataModel.Meeting"},"Sessions":{"__deferred":{"uri":"https://ws.parlament.ch/OData.svc/Meeting(ID=510L,Language='DE')/Sessions"}},"Subjects":{"__deferred":{"uri":"https://ws.parlament.ch/OData.svc/Meeting(ID=510L,Language='DE')/Subjects"}},"ID":"510","Language":"DE","MeetingNumber":17,"IdSession":4702,"SessionNumber":2,"SessionName":"Fr\u00fchjahrssession 2004","Council":1,"CouncilName":"Nationalrat","CouncilAbbreviation":"NR","Date":"\/Date(1079654400000)\/","Begin":"0800","Modified":"\/Date(1447069873887)\/","LegislativePeriodNumber":47,"PublicationStatus":"final","MeetingOrderText":"Siebzehnte Sitzung","SortOrder":17,"Location":"N"},"SubjectsBusiness":{"results":[{"__metadata":{"id":"https://ws.parlament.ch/OData.svc/SubjectBusiness(BusinessNumber=20030026,IdSubject=7045L,Language='DE')","uri":"https://ws.parlament.ch/OData.svc/SubjectBusiness(BusinessNumber=20030026,IdSubject=7045L,Language='DE')","type":"itsystems.Pd.DataServices.DataModel.SubjectBusiness"},"Subjects":{"__deferred":{"uri":"https://ws.parlament.ch/OData.svc/SubjectBusiness(BusinessNumber=20030026,IdSubject=7045L,Language='DE')/Subjects"}},"Businesses":{"__deferred":{"uri":"https://ws.parlament.ch/OData.svc/SubjectBusiness(BusinessNumber=20030026,IdSubject=7045L,Language='DE')/Businesses"}},"IdSubject":"7045","BusinessNumber":20030026,"Language":"DE","BusinessShortNumber":"03.026","Title":"Postdienste f\u00fcr alle. Volksinitiative","SortOrder":1,"PublishedNotes":"Schlussabstimmung - Vote final\n","Modified":"\/Date(1447069202846)\/","TitleDE":"Postdienste f\u00fcr alle.\nVolksinitiative","TitleFR":"Services postaux pour tous.\nInitiative populaire","TitleIT":null}]},"Transcripts":{"results":[{"__metadata":{"id":"https://ws.parlament.ch/OData.svc/Transcript(ID=41954L,Language='DE')","uri":"https://ws.parlament.ch/OData.svc/Transcript(ID=41954L,Language='DE')","type":"itsystems.Pd.DataServices.DataModel.Transcript"},"Subjects":{"__deferred":{"uri":"https://ws.parlament.ch/OData.svc/Transcript(ID=41954L,Language='DE')/Subjects"}},"MembersCouncil":{"__deferred":{"uri":"https://ws.parlament.ch/OData.svc/Transcript(ID=41954L,Language='DE')/MembersCouncil"}},"Businesses":{"__deferred":{"uri":"https://ws.parlament.ch/OData.svc/Transcript(ID=41954L,Language='DE')/Businesses"}},"ID":"41954","Language":"DE","IdSubject":"7045","VoteId":"533","PersonNumber":null,"Type":2,"Text":"<pd_text><p><b>Bundesbeschluss \u00fcber die Volksinitiative \"Postdienste f\u00fcr alle\" </b></p>\n<p><b>Arr\u00eat\u00e9 f\u00e9d\u00e9ral concernant l'initiative populaire \"Services postaux pour tous\" </b></p>\n<p>[VS]</p>\n<p><i>Abstimmung - Vote</i></p>\n<p>[NAM]</p>\n<p>F\u00fcr Annahme des Entwurfes .... 105 Stimmen</p>\n<p>Dagegen .... 84 Stimmen</p>\n<p>[PAGE 500] </p>\n</pd_text>","MeetingCouncilAbbreviation":"N","MeetingDate":"20040319","MeetingVerbalixOid":1163,"IdSession":"4702","SpeakerFirstName":null,"SpeakerLastName":null,"SpeakerFullName":"","SpeakerFunction":null,"CouncilId":null,"CouncilName":null,"CantonId":null,"CantonName":null,"CantonAbbreviation":null,"ParlGroupName":null,"ParlGroupAbbreviation":null,"SortOrder":2,"Start":"\/Date(1079686080473)\/","End":"\/Date(1079686080473)\/","Function":null,"DisplaySpeaker":null,"LanguageOfText":"DE","Modified":"\/Date(1774878104994)\/","StartTimeWithTimezone":"\/Date(1079686080473+0060)\/","EndTimeWithTimezone":"\/Date(1079686080473+0060)\/","VoteBusinessNumber":20030026,"VoteBusinessShortNumber":"03.026","VoteBusinessTitle":"Postdienste f\u00fcr alle.\nVolksinitiative"},{"__metadata":{"id":"https://ws.parlament.ch/OData.svc/Transcript(ID=41955L,Language='DE')","uri":"https://ws.parlament.ch/OData.svc/Transcript(ID=41955L,Language='DE')","type":"itsystems.Pd.DataServices.DataModel.Transcript"},"Subjects":{"__deferred":{"uri":"https://ws.parlament.ch/OData.svc/Transcript(ID=41955L,Language='DE')/Subjects"}},"MembersCouncil":{"__deferred":{"uri":"https://ws.parlament.ch/OData.svc/Transcript(ID=41955L,Language='DE')/MembersCouncil"}},"Businesses":{"__deferred":{"uri":"https://ws.parlament.ch/OData.svc/Transcript(ID=41955L,Language='DE')/Businesses"}},"ID":"41955","Language":"DE","IdSubject":"7045","VoteId":null,"PersonNumber":1065,"Type":1,"Text":"<pd_text><p>La r\u00e9alisation de cette initiative est d'actualit\u00e9 et, j'aimerais ajouter, m\u00eame plus que jamais, vu la politique d\u00e9sastreuse que la Poste m\u00e8ne actuellement.</p>\n<p>Le groupe des Verts est r\u00e9solument pour l'inscription des quatre principes de l'initiative populaire dans la Constitution. La politique concr\u00e8te et la pratique de la Poste sont, malgr\u00e9 les affirmations contraires de sa direction et du Conseil f\u00e9d\u00e9ral, sur de nombreux points incompatibles avec ces principes.</p>\n<p>J'insiste sur un point: la concertation avec les pouvoirs publics cantonaux et communaux. Dans ce domaine, la politique que la Poste a men\u00e9e - et qu'elle m\u00e8ne encore - est tout simplement d\u00e9sastreuse.</p>\n<p>Es gibt nur noch wenige Kantons- und Gemeindebeh\u00f6rden, die heute der Meinung sind, dass die Post ein vertrauensw\u00fcrdiger Partner sei. Die Bev\u00f6lkerung - viele Postkunden, vor allem bei uns in der Westschweiz - ist aufgebracht. Die Wegrationalisierung der Grundversorgung mit Postdiensten, wie sie heute praktiziert wird, entspricht nicht den Bed\u00fcrfnissen und Erwartungen der Bev\u00f6lkerung. Eine grosse Unzufriedenheit herrscht \u00fcbrigens auch bei vielen KMU. </p>\n<p>Im Namen der gr\u00fcnen Fraktion lade ich Sie deshalb ein, der Volksinitiative \"Postdienste f\u00fcr alle\" zuzustimmen.</p>\n</pd_text>","MeetingCouncilAbbreviation":"N","MeetingDate":"20040319","MeetingVerbalixOid":1163,"IdSession":"4702","SpeakerFirstName":"Ueli","SpeakerLastName":"Leuenberger","SpeakerFullName":"Leuenberger Ueli","SpeakerFunction":"Mit-M","CouncilId":1,"CouncilName":"Nationalrat","CantonId":25,"CantonName":"Genf","CantonAbbreviation":"GE","ParlGroupName":"Gr\u00fcne Fraktion","ParlGroupAbbreviation":"G","SortOrder":1,"Start":"\/Date(1079685708055)\/","End":"\/Date(1079686080473)\/","Function":"Mit-M","DisplaySpeaker":true,"LanguageOfText":"FR","Modified":"\/Date(1774878104991)\/","StartTimeWithTimezone":"\/Date(1079685708057+0060)\/","EndTimeWithTimezone":"\/Date(1079686080473+0060)\/","VoteBusinessNumber":null,"VoteBusinessShortNumber":null,"VoteBusinessTitle":null}]},"ID":"7045","Language":"DE","IdMeeting":"510","VerbalixOid":101829,"SortOrder":93,"Modified":"\/Date(1774878104986)\/"}}