{"d":{"__metadata":{"id":"https://ws.parlament.ch/OData.svc/Subject(ID=71550L,Language='DE')","uri":"https://ws.parlament.ch/OData.svc/Subject(ID=71550L,Language='DE')","type":"itsystems.Pd.DataServices.DataModel.Subject"},"Meetings":{"__metadata":{"id":"https://ws.parlament.ch/OData.svc/Meeting(ID=5234L,Language='DE')","uri":"https://ws.parlament.ch/OData.svc/Meeting(ID=5234L,Language='DE')","type":"itsystems.Pd.DataServices.DataModel.Meeting"},"Sessions":{"__deferred":{"uri":"https://ws.parlament.ch/OData.svc/Meeting(ID=5234L,Language='DE')/Sessions"}},"Subjects":{"__deferred":{"uri":"https://ws.parlament.ch/OData.svc/Meeting(ID=5234L,Language='DE')/Subjects"}},"ID":"5234","Language":"DE","MeetingNumber":6,"IdSession":5214,"SessionNumber":14,"SessionName":"Sommersession 2026","Council":1,"CouncilName":"Nationalrat","CouncilAbbreviation":"NR","Date":"\/Date(1780876800000)\/","Begin":"1430","Modified":"\/Date(1784561405523)\/","LegislativePeriodNumber":52,"PublicationStatus":"final","MeetingOrderText":"Sechste Sitzung","SortOrder":6,"Location":"N"},"SubjectsBusiness":{"results":[{"__metadata":{"id":"https://ws.parlament.ch/OData.svc/SubjectBusiness(BusinessNumber=20267425,IdSubject=71550L,Language='DE')","uri":"https://ws.parlament.ch/OData.svc/SubjectBusiness(BusinessNumber=20267425,IdSubject=71550L,Language='DE')","type":"itsystems.Pd.DataServices.DataModel.SubjectBusiness"},"Subjects":{"__deferred":{"uri":"https://ws.parlament.ch/OData.svc/SubjectBusiness(BusinessNumber=20267425,IdSubject=71550L,Language='DE')/Subjects"}},"Businesses":{"__deferred":{"uri":"https://ws.parlament.ch/OData.svc/SubjectBusiness(BusinessNumber=20267425,IdSubject=71550L,Language='DE')/Businesses"}},"IdSubject":"71550","BusinessNumber":20267425,"Language":"DE","BusinessShortNumber":"26.7425","Title":"Welchen Lastfaktor verwendet der Bundesrat heute bei der Berechnung des Mehrkostenfaktors f\u00fcr Leitungen mit einer Spannung von 220 kV und mehr?","SortOrder":1,"PublishedNotes":null,"Modified":"\/Date(1780658754326)\/","TitleDE":"Fragestunde.\nFrage Amoos Emmanuel.\nWelchen Lastfaktor verwendet\nder Bundesrat heute bei der Berechnung\ndes Mehrkostenfaktors f\u00fcr Leitungen\nmit einer Spannung von 220 Kilovolt\nund mehr?","TitleFR":"Heure des questions.\nQuestion Amoos Emmanuel.\nQuel facteur de charge\nle Conseil f\u00e9d\u00e9ral utilise-t-il\naujourd'hui pour calculer\nle facteur de surco\u00fbt des lignes\nde 220 kilovolts et plus ?","TitleIT":null}]},"Transcripts":{"results":[{"__metadata":{"id":"https://ws.parlament.ch/OData.svc/Transcript(ID=375559L,Language='DE')","uri":"https://ws.parlament.ch/OData.svc/Transcript(ID=375559L,Language='DE')","type":"itsystems.Pd.DataServices.DataModel.Transcript"},"Subjects":{"__deferred":{"uri":"https://ws.parlament.ch/OData.svc/Transcript(ID=375559L,Language='DE')/Subjects"}},"MembersCouncil":{"__deferred":{"uri":"https://ws.parlament.ch/OData.svc/Transcript(ID=375559L,Language='DE')/MembersCouncil"}},"Businesses":{"__deferred":{"uri":"https://ws.parlament.ch/OData.svc/Transcript(ID=375559L,Language='DE')/Businesses"}},"ID":"375559","Language":"DE","IdSubject":"71550","VoteId":null,"PersonNumber":4100,"Type":1,"Text":"<pd_text><p>J'ai une courte r\u00e9ponse, Monsieur le conseiller national Amoos. Pour le r\u00e9seau de transport, la l\u00e9gislation ne pr\u00e9voit pas de facteur de surco\u00fbt, car les projets de lignes relevant de ce niveau de r\u00e9seau diff\u00e8rent fortement d'un cas \u00e0 l'autre.</p>\n</pd_text>","MeetingCouncilAbbreviation":"N","MeetingDate":"20260608","MeetingVerbalixOid":4177,"IdSession":"5214","SpeakerFirstName":"Albert","SpeakerLastName":"R\u00f6sti","SpeakerFullName":"R\u00f6sti Albert","SpeakerFunction":"BR-M","CouncilId":99,"CouncilName":"Bundesrat","CantonId":2,"CantonName":"Bern","CantonAbbreviation":"BE","ParlGroupName":null,"ParlGroupAbbreviation":null,"SortOrder":1,"Start":"\/Date(1780931728650)\/","End":"\/Date(1780931751442)\/","Function":"BR-M","DisplaySpeaker":true,"LanguageOfText":"FR","Modified":"\/Date(1785314371485)\/","StartTimeWithTimezone":"\/Date(1780931728650+0120)\/","EndTimeWithTimezone":"\/Date(1780931751443+0120)\/","VoteBusinessNumber":null,"VoteBusinessShortNumber":null,"VoteBusinessTitle":null}]},"ID":"71550","Language":"DE","IdMeeting":"5234","VerbalixOid":802716,"SortOrder":28,"Modified":"\/Date(1785314371480)\/"}}