{"d":{"__metadata":{"id":"https://ws.parlament.ch/OData.svc/Subject(ID=71551L,Language='DE')","uri":"https://ws.parlament.ch/OData.svc/Subject(ID=71551L,Language='DE')","type":"itsystems.Pd.DataServices.DataModel.Subject"},"Meetings":{"__metadata":{"id":"https://ws.parlament.ch/OData.svc/Meeting(ID=5234L,Language='DE')","uri":"https://ws.parlament.ch/OData.svc/Meeting(ID=5234L,Language='DE')","type":"itsystems.Pd.DataServices.DataModel.Meeting"},"Sessions":{"__deferred":{"uri":"https://ws.parlament.ch/OData.svc/Meeting(ID=5234L,Language='DE')/Sessions"}},"Subjects":{"__deferred":{"uri":"https://ws.parlament.ch/OData.svc/Meeting(ID=5234L,Language='DE')/Subjects"}},"ID":"5234","Language":"DE","MeetingNumber":6,"IdSession":5214,"SessionNumber":14,"SessionName":"Sommersession 2026","Council":1,"CouncilName":"Nationalrat","CouncilAbbreviation":"NR","Date":"\/Date(1780876800000)\/","Begin":"1430","Modified":"\/Date(1784561405523)\/","LegislativePeriodNumber":52,"PublicationStatus":"final","MeetingOrderText":"Sechste Sitzung","SortOrder":6,"Location":"N"},"SubjectsBusiness":{"results":[{"__metadata":{"id":"https://ws.parlament.ch/OData.svc/SubjectBusiness(BusinessNumber=20267405,IdSubject=71551L,Language='DE')","uri":"https://ws.parlament.ch/OData.svc/SubjectBusiness(BusinessNumber=20267405,IdSubject=71551L,Language='DE')","type":"itsystems.Pd.DataServices.DataModel.SubjectBusiness"},"Subjects":{"__deferred":{"uri":"https://ws.parlament.ch/OData.svc/SubjectBusiness(BusinessNumber=20267405,IdSubject=71551L,Language='DE')/Subjects"}},"Businesses":{"__deferred":{"uri":"https://ws.parlament.ch/OData.svc/SubjectBusiness(BusinessNumber=20267405,IdSubject=71551L,Language='DE')/Businesses"}},"IdSubject":"71551","BusinessNumber":20267405,"Language":"DE","BusinessShortNumber":"26.7405","Title":"\u00dcberpr\u00fcfte BAZL Anf\u00e4lligkeit der technischen Infrastruktur bei Skyguide?","SortOrder":1,"PublishedNotes":null,"Modified":"\/Date(1781085912876)\/","TitleDE":"Fragestunde.\nFrage Roth David.\n\u00dcberpr\u00fcfte das BAZL die Anf\u00e4lligkeit\nder technischen Infrastruktur\nbei Skyguide?","TitleFR":"Heure des questions.\nQuestion Roth David.\nL'OFAC a-t-il v\u00e9rifi\u00e9\nla vuln\u00e9rabilit\u00e9 des infrastructures\ntechniques de Skyguide ?","TitleIT":null}]},"Transcripts":{"results":[{"__metadata":{"id":"https://ws.parlament.ch/OData.svc/Transcript(ID=375560L,Language='DE')","uri":"https://ws.parlament.ch/OData.svc/Transcript(ID=375560L,Language='DE')","type":"itsystems.Pd.DataServices.DataModel.Transcript"},"Subjects":{"__deferred":{"uri":"https://ws.parlament.ch/OData.svc/Transcript(ID=375560L,Language='DE')/Subjects"}},"MembersCouncil":{"__deferred":{"uri":"https://ws.parlament.ch/OData.svc/Transcript(ID=375560L,Language='DE')/MembersCouncil"}},"Businesses":{"__deferred":{"uri":"https://ws.parlament.ch/OData.svc/Transcript(ID=375560L,Language='DE')/Businesses"}},"ID":"375560","Language":"DE","IdSubject":"71551","VoteId":null,"PersonNumber":4100,"Type":1,"Text":"<pd_text><p>Sehr geehrter Herr Nationalrat Roth, das Restrukturierungsverfahren wurde von Skyguide noch nicht eingeleitet. Dementsprechend erfolgte auch noch keine Pr\u00fcfung durch das BAZL. Der j\u00fcngste IT-Systemausfall h\u00e4ngt nicht mit der geplanten Restrukturierung zusammen. Skyguide erarbeitet momentan die Massnahmen im Rahmen des Restrukturierungsverfahrens. Das BAZL erwartet die Sicherheitsbeurteilungen nach Festlegung der Massnahmen. Die Sicherheitsbeurteilungen werden anschliessend durch das BAZL gepr\u00fcft.</p>\n</pd_text>","MeetingCouncilAbbreviation":"N","MeetingDate":"20260608","MeetingVerbalixOid":4177,"IdSession":"5214","SpeakerFirstName":"Albert","SpeakerLastName":"R\u00f6sti","SpeakerFullName":"R\u00f6sti Albert","SpeakerFunction":"BR-M","CouncilId":99,"CouncilName":"Bundesrat","CantonId":2,"CantonName":"Bern","CantonAbbreviation":"BE","ParlGroupName":null,"ParlGroupAbbreviation":null,"SortOrder":1,"Start":"\/Date(1780930869465)\/","End":"\/Date(1780930910025)\/","Function":"BR-M","DisplaySpeaker":true,"LanguageOfText":"DE","Modified":"\/Date(1785314371446)\/","StartTimeWithTimezone":"\/Date(1780930869467+0120)\/","EndTimeWithTimezone":"\/Date(1780930910027+0120)\/","VoteBusinessNumber":null,"VoteBusinessShortNumber":null,"VoteBusinessTitle":null}]},"ID":"71551","Language":"DE","IdMeeting":"5234","VerbalixOid":802719,"SortOrder":21,"Modified":"\/Date(1785314371442)\/"}}