{"d":{"__metadata":{"id":"https://ws.parlament.ch/OData.svc/Subject(ID=71568L,Language='DE')","uri":"https://ws.parlament.ch/OData.svc/Subject(ID=71568L,Language='DE')","type":"itsystems.Pd.DataServices.DataModel.Subject"},"Meetings":{"__metadata":{"id":"https://ws.parlament.ch/OData.svc/Meeting(ID=5234L,Language='DE')","uri":"https://ws.parlament.ch/OData.svc/Meeting(ID=5234L,Language='DE')","type":"itsystems.Pd.DataServices.DataModel.Meeting"},"Sessions":{"__deferred":{"uri":"https://ws.parlament.ch/OData.svc/Meeting(ID=5234L,Language='DE')/Sessions"}},"Subjects":{"__deferred":{"uri":"https://ws.parlament.ch/OData.svc/Meeting(ID=5234L,Language='DE')/Subjects"}},"ID":"5234","Language":"DE","MeetingNumber":6,"IdSession":5214,"SessionNumber":14,"SessionName":"Sommersession 2026","Council":1,"CouncilName":"Nationalrat","CouncilAbbreviation":"NR","Date":"\/Date(1780876800000)\/","Begin":"1430","Modified":"\/Date(1784561405523)\/","LegislativePeriodNumber":52,"PublicationStatus":"final","MeetingOrderText":"Sechste Sitzung","SortOrder":6,"Location":"N"},"SubjectsBusiness":{"results":[{"__metadata":{"id":"https://ws.parlament.ch/OData.svc/SubjectBusiness(BusinessNumber=20267307,IdSubject=71568L,Language='DE')","uri":"https://ws.parlament.ch/OData.svc/SubjectBusiness(BusinessNumber=20267307,IdSubject=71568L,Language='DE')","type":"itsystems.Pd.DataServices.DataModel.SubjectBusiness"},"Subjects":{"__deferred":{"uri":"https://ws.parlament.ch/OData.svc/SubjectBusiness(BusinessNumber=20267307,IdSubject=71568L,Language='DE')/Subjects"}},"Businesses":{"__deferred":{"uri":"https://ws.parlament.ch/OData.svc/SubjectBusiness(BusinessNumber=20267307,IdSubject=71568L,Language='DE')/Businesses"}},"IdSubject":"71568","BusinessNumber":20267307,"Language":"DE","BusinessShortNumber":"26.7307","Title":"Definition von Sicherheit und M\u00e4ngel bei Pr\u00e4vention und Friedenskonsolidierung - Expertise feministischer Friedensorganisationen","SortOrder":1,"PublishedNotes":null,"Modified":"\/Date(1781882188926)\/","TitleDE":"Fragestunde.\nFrage Schmaltz Anna-B\u00e9atrice.\nDefinition von Sicherheit und\nM\u00e4ngel bei Pr\u00e4vention\nund Friedenskonsolidierung. Expertise\nfeministischer Friedensorganisationen","TitleFR":"Heure des questions.\nQuestion Schmaltz Anna-B\u00e9atrice.\nD\u00e9finition de la s\u00e9curit\u00e9\net lacunes dans la pr\u00e9vention\net la consolidation de la paix.\nExpertise des organisations\nf\u00e9ministes pour la paix","TitleIT":null}]},"Transcripts":{"results":[{"__metadata":{"id":"https://ws.parlament.ch/OData.svc/Transcript(ID=375579L,Language='DE')","uri":"https://ws.parlament.ch/OData.svc/Transcript(ID=375579L,Language='DE')","type":"itsystems.Pd.DataServices.DataModel.Transcript"},"Subjects":{"__deferred":{"uri":"https://ws.parlament.ch/OData.svc/Transcript(ID=375579L,Language='DE')/Subjects"}},"MembersCouncil":{"__deferred":{"uri":"https://ws.parlament.ch/OData.svc/Transcript(ID=375579L,Language='DE')/MembersCouncil"}},"Businesses":{"__deferred":{"uri":"https://ws.parlament.ch/OData.svc/Transcript(ID=375579L,Language='DE')/Businesses"}},"ID":"375579","Language":"DE","IdSubject":"71568","VoteId":null,"PersonNumber":4169,"Type":1,"Text":"<pd_text><p><b>Le pr\u00e9sident</b> (Page Pierre-Andr\u00e9, pr\u00e9sident): Nous arrivons ainsi au terme de l'heure des questions. Il sera r\u00e9pondu par \u00e9crit aux questions restantes. </p>\n</pd_text>","MeetingCouncilAbbreviation":"N","MeetingDate":"20260608","MeetingVerbalixOid":4177,"IdSession":"5214","SpeakerFirstName":"Pierre-Andr\u00e9","SpeakerLastName":"Page","SpeakerFullName":"Page Pierre-Andr\u00e9","SpeakerFunction":"P-M","CouncilId":1,"CouncilName":"Nationalrat","CantonId":10,"CantonName":"Freiburg","CantonAbbreviation":"FR","ParlGroupName":"Fraktion der Schweizerischen Volkspartei","ParlGroupAbbreviation":"V","SortOrder":4,"Start":"\/Date(1780932587533)\/","End":"\/Date(1780932602628)\/","Function":"P-M","DisplaySpeaker":false,"LanguageOfText":null,"Modified":"\/Date(1785314371526)\/","StartTimeWithTimezone":"\/Date(1780932587533+0120)\/","EndTimeWithTimezone":"\/Date(1780932602627+0120)\/","VoteBusinessNumber":null,"VoteBusinessShortNumber":null,"VoteBusinessTitle":null},{"__metadata":{"id":"https://ws.parlament.ch/OData.svc/Transcript(ID=375585L,Language='DE')","uri":"https://ws.parlament.ch/OData.svc/Transcript(ID=375585L,Language='DE')","type":"itsystems.Pd.DataServices.DataModel.Transcript"},"Subjects":{"__deferred":{"uri":"https://ws.parlament.ch/OData.svc/Transcript(ID=375585L,Language='DE')/Subjects"}},"MembersCouncil":{"__deferred":{"uri":"https://ws.parlament.ch/OData.svc/Transcript(ID=375585L,Language='DE')/MembersCouncil"}},"Businesses":{"__deferred":{"uri":"https://ws.parlament.ch/OData.svc/Transcript(ID=375585L,Language='DE')/Businesses"}},"ID":"375585","Language":"DE","IdSubject":"71568","VoteId":null,"PersonNumber":14904,"Type":1,"Text":"<pd_text><p>Die sicherheitspolitische Strategie ist eine Dachstrategie, die nicht bis auf die Ebene von Beispielen geht. Deshalb geht es hier darum, den Rahmen zu schaffen, damit nachher in Teilstrategien oder untergeordneten Strategien die Details festgelegt werden k\u00f6nnen.</p>\n</pd_text>","MeetingCouncilAbbreviation":"N","MeetingDate":"20260608","MeetingVerbalixOid":4177,"IdSession":"5214","SpeakerFirstName":"Martin","SpeakerLastName":"Pfister","SpeakerFullName":"Pfister Martin","SpeakerFunction":"BR-M","CouncilId":99,"CouncilName":"Bundesrat","CantonId":9,"CantonName":"Zug","CantonAbbreviation":"ZG","ParlGroupName":null,"ParlGroupAbbreviation":null,"SortOrder":3,"Start":"\/Date(1780932570477)\/","End":"\/Date(1780932587533)\/","Function":"BR-M","DisplaySpeaker":true,"LanguageOfText":"DE","Modified":"\/Date(1785314371523)\/","StartTimeWithTimezone":"\/Date(1780932570477+0120)\/","EndTimeWithTimezone":"\/Date(1780932587533+0120)\/","VoteBusinessNumber":null,"VoteBusinessShortNumber":null,"VoteBusinessTitle":null},{"__metadata":{"id":"https://ws.parlament.ch/OData.svc/Transcript(ID=375591L,Language='DE')","uri":"https://ws.parlament.ch/OData.svc/Transcript(ID=375591L,Language='DE')","type":"itsystems.Pd.DataServices.DataModel.Transcript"},"Subjects":{"__deferred":{"uri":"https://ws.parlament.ch/OData.svc/Transcript(ID=375591L,Language='DE')/Subjects"}},"MembersCouncil":{"__deferred":{"uri":"https://ws.parlament.ch/OData.svc/Transcript(ID=375591L,Language='DE')/MembersCouncil"}},"Businesses":{"__deferred":{"uri":"https://ws.parlament.ch/OData.svc/Transcript(ID=375591L,Language='DE')/Businesses"}},"ID":"375591","Language":"DE","IdSubject":"71568","VoteId":null,"PersonNumber":17401,"Type":1,"Text":"<pd_text><p>Vielen Dank f\u00fcr die Beantwortung der Frage, Herr Bundesrat. Ich glaube, wir haben ein bisschen eine andere Auffassung von \"umfassender Sicherheit\". Deshalb noch eine R\u00fcckfrage: Was w\u00e4ren konkrete Massnahmen, die die Sicherheitsbedrohungen adressieren, die zum Beispiel Frauen, vulnerable Bev\u00f6lkerungsgruppen oder marginalisierte Gruppen betreffen? K\u00f6nnen Sie vielleicht ein oder zwei Beispiele bringen? </p>\n</pd_text>","MeetingCouncilAbbreviation":"N","MeetingDate":"20260608","MeetingVerbalixOid":4177,"IdSession":"5214","SpeakerFirstName":"Anna-B\u00e9atrice","SpeakerLastName":"Schmaltz","SpeakerFullName":"Schmaltz Anna-B\u00e9atrice","SpeakerFunction":"Mit-F","CouncilId":1,"CouncilName":"Nationalrat","CantonId":1,"CantonName":"Z\u00fcrich","CantonAbbreviation":"ZH","ParlGroupName":"Gr\u00fcne Fraktion","ParlGroupAbbreviation":"G","SortOrder":2,"Start":"\/Date(1780932541710)\/","End":"\/Date(1780932570477)\/","Function":"Mit-F","DisplaySpeaker":true,"LanguageOfText":"DE","Modified":"\/Date(1785314371521)\/","StartTimeWithTimezone":"\/Date(1780932541710+0120)\/","EndTimeWithTimezone":"\/Date(1780932570477+0120)\/","VoteBusinessNumber":null,"VoteBusinessShortNumber":null,"VoteBusinessTitle":null},{"__metadata":{"id":"https://ws.parlament.ch/OData.svc/Transcript(ID=375722L,Language='DE')","uri":"https://ws.parlament.ch/OData.svc/Transcript(ID=375722L,Language='DE')","type":"itsystems.Pd.DataServices.DataModel.Transcript"},"Subjects":{"__deferred":{"uri":"https://ws.parlament.ch/OData.svc/Transcript(ID=375722L,Language='DE')/Subjects"}},"MembersCouncil":{"__deferred":{"uri":"https://ws.parlament.ch/OData.svc/Transcript(ID=375722L,Language='DE')/MembersCouncil"}},"Businesses":{"__deferred":{"uri":"https://ws.parlament.ch/OData.svc/Transcript(ID=375722L,Language='DE')/Businesses"}},"ID":"375722","Language":"DE","IdSubject":"71568","VoteId":null,"PersonNumber":14904,"Type":1,"Text":"<pd_text><p>In der Vernehmlassungsvorlage der Sicherheitspolitischen Strategie 2026 wird Sicherheit breit definiert. Sie verbindet zivile und milit\u00e4rische Mittel, innere und \u00e4ussere Sicherheit. In der Vernehmlassung konnten feministische Friedensorganisationen und weitere zivilgesellschaftliche Akteure ihre Anliegen einbringen. Die Vernehmlassung zur Sicherheitspolitischen Strategie 2026 endete am[NB]31.[NB]M\u00e4rz 2026. Der Bundesrat m\u00f6chte der Auswertung der Vernehmlassung nicht vorgreifen und wird nach Kenntnisnahme der Ergebnisse \u00fcber das weitere Vorgehen entscheiden. Die in der Frage genannten Anliegen werden in anderen Grundlagenberichten des Bundesrates noch eingehender behandelt, etwa in der aussenpolitischen Strategie oder in der Strategie der internationalen Zusammenarbeit.</p>\n</pd_text>","MeetingCouncilAbbreviation":"N","MeetingDate":"20260608","MeetingVerbalixOid":4177,"IdSession":"5214","SpeakerFirstName":"Martin","SpeakerLastName":"Pfister","SpeakerFullName":"Pfister Martin","SpeakerFunction":"BR-M","CouncilId":99,"CouncilName":"Bundesrat","CantonId":9,"CantonName":"Zug","CantonAbbreviation":"ZG","ParlGroupName":null,"ParlGroupAbbreviation":null,"SortOrder":1,"Start":"\/Date(1780932484369)\/","End":"\/Date(1780932536190)\/","Function":"BR-M","DisplaySpeaker":true,"LanguageOfText":"DE","Modified":"\/Date(1785314371519)\/","StartTimeWithTimezone":"\/Date(1780932484370+0120)\/","EndTimeWithTimezone":"\/Date(1780932536190+0120)\/","VoteBusinessNumber":null,"VoteBusinessShortNumber":null,"VoteBusinessTitle":null}]},"ID":"71568","Language":"DE","IdMeeting":"5234","VerbalixOid":802773,"SortOrder":37,"Modified":"\/Date(1785314371517)\/"}}