{"d":{"__metadata":{"id":"https://ws.parlament.ch/OData.svc/Subject(ID=71636L,Language='DE')","uri":"https://ws.parlament.ch/OData.svc/Subject(ID=71636L,Language='DE')","type":"itsystems.Pd.DataServices.DataModel.Subject"},"Meetings":{"__metadata":{"id":"https://ws.parlament.ch/OData.svc/Meeting(ID=5234L,Language='DE')","uri":"https://ws.parlament.ch/OData.svc/Meeting(ID=5234L,Language='DE')","type":"itsystems.Pd.DataServices.DataModel.Meeting"},"Sessions":{"__deferred":{"uri":"https://ws.parlament.ch/OData.svc/Meeting(ID=5234L,Language='DE')/Sessions"}},"Subjects":{"__deferred":{"uri":"https://ws.parlament.ch/OData.svc/Meeting(ID=5234L,Language='DE')/Subjects"}},"ID":"5234","Language":"DE","MeetingNumber":6,"IdSession":5214,"SessionNumber":14,"SessionName":"Sommersession 2026","Council":1,"CouncilName":"Nationalrat","CouncilAbbreviation":"NR","Date":"\/Date(1780876800000)\/","Begin":"1430","Modified":"\/Date(1784561405523)\/","LegislativePeriodNumber":52,"PublicationStatus":"final","MeetingOrderText":"Sechste Sitzung","SortOrder":6,"Location":"N"},"SubjectsBusiness":{"results":[{"__metadata":{"id":"https://ws.parlament.ch/OData.svc/SubjectBusiness(BusinessNumber=20267358,IdSubject=71636L,Language='DE')","uri":"https://ws.parlament.ch/OData.svc/SubjectBusiness(BusinessNumber=20267358,IdSubject=71636L,Language='DE')","type":"itsystems.Pd.DataServices.DataModel.SubjectBusiness"},"Subjects":{"__deferred":{"uri":"https://ws.parlament.ch/OData.svc/SubjectBusiness(BusinessNumber=20267358,IdSubject=71636L,Language='DE')/Subjects"}},"Businesses":{"__deferred":{"uri":"https://ws.parlament.ch/OData.svc/SubjectBusiness(BusinessNumber=20267358,IdSubject=71636L,Language='DE')/Businesses"}},"IdSubject":"71636","BusinessNumber":20267358,"Language":"DE","BusinessShortNumber":"26.7358","Title":"Gesch\u00e4ftspr\u00fcfungskommission des St\u00e4nderates tadelt Bundesrat: Zu wenig Massnahmen f\u00fcr die Biodiversit\u00e4t","SortOrder":1,"PublishedNotes":null,"Modified":"\/Date(1780664525616)\/","TitleDE":"Fragestunde.\nFrage Candan Hasan.\nGesch\u00e4ftspr\u00fcfungskommission\ndes St\u00e4nderates tadelt Bundesrat.\nZu wenig Massnahmen\nf\u00fcr die Biodiversit\u00e4t","TitleFR":"Heure des questions.\nQuestion Candan Hasan.\nLa Commission de gestion du Conseil\ndes Etats critique le Conseil f\u00e9d\u00e9ral.\nTrop peu de mesures en faveur\nde la biodiversit\u00e9","TitleIT":null}]},"Transcripts":{"results":[{"__metadata":{"id":"https://ws.parlament.ch/OData.svc/Transcript(ID=375658L,Language='DE')","uri":"https://ws.parlament.ch/OData.svc/Transcript(ID=375658L,Language='DE')","type":"itsystems.Pd.DataServices.DataModel.Transcript"},"Subjects":{"__deferred":{"uri":"https://ws.parlament.ch/OData.svc/Transcript(ID=375658L,Language='DE')/Subjects"}},"MembersCouncil":{"__deferred":{"uri":"https://ws.parlament.ch/OData.svc/Transcript(ID=375658L,Language='DE')/MembersCouncil"}},"Businesses":{"__deferred":{"uri":"https://ws.parlament.ch/OData.svc/Transcript(ID=375658L,Language='DE')/Businesses"}},"ID":"375658","Language":"DE","IdSubject":"71636","VoteId":null,"PersonNumber":null,"Type":3,"Text":"<pd_text><p><i>Schriftliche Antwort (Beilage) - R\u00e9ponse \u00e9crite (annexe)</i></p>\n<p>[VS]</p>\n</pd_text>","MeetingCouncilAbbreviation":"N","MeetingDate":"20260608","MeetingVerbalixOid":4177,"IdSession":"5214","SpeakerFirstName":null,"SpeakerLastName":null,"SpeakerFullName":"","SpeakerFunction":null,"CouncilId":null,"CouncilName":null,"CantonId":null,"CantonName":null,"CantonAbbreviation":null,"ParlGroupName":null,"ParlGroupAbbreviation":null,"SortOrder":1,"Start":null,"End":null,"Function":null,"DisplaySpeaker":null,"LanguageOfText":"DE","Modified":"\/Date(1785314371758)\/","StartTimeWithTimezone":null,"EndTimeWithTimezone":null,"VoteBusinessNumber":null,"VoteBusinessShortNumber":null,"VoteBusinessTitle":null}]},"ID":"71636","Language":"DE","IdMeeting":"5234","VerbalixOid":802990,"SortOrder":97,"Modified":"\/Date(1785314371754)\/"}}