{"d":{"__metadata":{"id":"https://ws.parlament.ch/OData.svc/Subject(ID=71703L,Language='FR')","uri":"https://ws.parlament.ch/OData.svc/Subject(ID=71703L,Language='FR')","type":"itsystems.Pd.DataServices.DataModel.Subject"},"Meetings":{"__metadata":{"id":"https://ws.parlament.ch/OData.svc/Meeting(ID=5234L,Language='FR')","uri":"https://ws.parlament.ch/OData.svc/Meeting(ID=5234L,Language='FR')","type":"itsystems.Pd.DataServices.DataModel.Meeting"},"Sessions":{"__deferred":{"uri":"https://ws.parlament.ch/OData.svc/Meeting(ID=5234L,Language='FR')/Sessions"}},"Subjects":{"__deferred":{"uri":"https://ws.parlament.ch/OData.svc/Meeting(ID=5234L,Language='FR')/Subjects"}},"ID":"5234","Language":"FR","MeetingNumber":6,"IdSession":5214,"SessionNumber":14,"SessionName":"Session d'\u00e9t\u00e9 2026","Council":1,"CouncilName":"Conseil national","CouncilAbbreviation":"CN","Date":"\/Date(1780876800000)\/","Begin":"1430","Modified":"\/Date(1784561405523)\/","LegislativePeriodNumber":52,"PublicationStatus":"final","MeetingOrderText":"Sixi\u00e8me s\u00e9ance","SortOrder":6,"Location":"N"},"SubjectsBusiness":{"results":[{"__metadata":{"id":"https://ws.parlament.ch/OData.svc/SubjectBusiness(BusinessNumber=20263515,IdSubject=71703L,Language='FR')","uri":"https://ws.parlament.ch/OData.svc/SubjectBusiness(BusinessNumber=20263515,IdSubject=71703L,Language='FR')","type":"itsystems.Pd.DataServices.DataModel.SubjectBusiness"},"Subjects":{"__deferred":{"uri":"https://ws.parlament.ch/OData.svc/SubjectBusiness(BusinessNumber=20263515,IdSubject=71703L,Language='FR')/Subjects"}},"Businesses":{"__deferred":{"uri":"https://ws.parlament.ch/OData.svc/SubjectBusiness(BusinessNumber=20263515,IdSubject=71703L,Language='FR')/Businesses"}},"IdSubject":"71703","BusinessNumber":20263515,"Language":"FR","BusinessShortNumber":"26.3515","Title":"Prot\u00e9ger durablement la culture de la betterave sucri\u00e8re","SortOrder":1,"PublishedNotes":null,"Modified":"\/Date(1776684834903)\/","TitleDE":"Motion WAK-N.\nNachhaltigen Schutz der Kulturen\nim Zuckerr\u00fcbenanbau sicherstellen","TitleFR":"Motion CER-N.\nProt\u00e9ger durablement la culture\nde la betterave sucri\u00e8re","TitleIT":null}]},"Transcripts":{"results":[{"__metadata":{"id":"https://ws.parlament.ch/OData.svc/Transcript(ID=375760L,Language='FR')","uri":"https://ws.parlament.ch/OData.svc/Transcript(ID=375760L,Language='FR')","type":"itsystems.Pd.DataServices.DataModel.Transcript"},"Subjects":{"__deferred":{"uri":"https://ws.parlament.ch/OData.svc/Transcript(ID=375760L,Language='FR')/Subjects"}},"MembersCouncil":{"__deferred":{"uri":"https://ws.parlament.ch/OData.svc/Transcript(ID=375760L,Language='FR')/MembersCouncil"}},"Businesses":{"__deferred":{"uri":"https://ws.parlament.ch/OData.svc/Transcript(ID=375760L,Language='FR')/Businesses"}},"ID":"375760","Language":"FR","IdSubject":"71703","VoteId":null,"PersonNumber":4083,"Type":1,"Text":"<pd_text><p>Vielen Dank, Frau Kollegin, f\u00fcr diese Frage. W\u00e4re es so, wie Sie sagen, h\u00e4tte man den Text anders schreiben m\u00fcssen. Denn er lautet: \"[...] ausreichende und flexibel einsetzbare finanzielle Mittel bereitzustellen.\" [PAGE 1076] Das ist keine Priorisierung, sondern damit werden zus\u00e4tzliche Finanzmittel gefordert.</p>\n</pd_text>","MeetingCouncilAbbreviation":"N","MeetingDate":"20260608","MeetingVerbalixOid":4177,"IdSession":"5214","SpeakerFirstName":"J\u00fcrg","SpeakerLastName":"Grossen","SpeakerFullName":"Grossen J\u00fcrg","SpeakerFunction":"Mit-M","CouncilId":1,"CouncilName":"Conseil national","CantonId":2,"CantonName":"Berne","CantonAbbreviation":"BE","ParlGroupName":"Groupe vert'lib\u00e9ral","ParlGroupAbbreviation":"GL","SortOrder":6,"Start":"\/Date(1780936419115)\/","End":"\/Date(1780936438370)\/","Function":"Mit-M","DisplaySpeaker":true,"LanguageOfText":"DE","Modified":"\/Date(1785314372092)\/","StartTimeWithTimezone":"\/Date(1780936419117+0120)\/","EndTimeWithTimezone":"\/Date(1780936438370+0120)\/","VoteBusinessNumber":null,"VoteBusinessShortNumber":null,"VoteBusinessTitle":null},{"__metadata":{"id":"https://ws.parlament.ch/OData.svc/Transcript(ID=375763L,Language='FR')","uri":"https://ws.parlament.ch/OData.svc/Transcript(ID=375763L,Language='FR')","type":"itsystems.Pd.DataServices.DataModel.Transcript"},"Subjects":{"__deferred":{"uri":"https://ws.parlament.ch/OData.svc/Transcript(ID=375763L,Language='FR')/Subjects"}},"MembersCouncil":{"__deferred":{"uri":"https://ws.parlament.ch/OData.svc/Transcript(ID=375763L,Language='FR')/MembersCouncil"}},"Businesses":{"__deferred":{"uri":"https://ws.parlament.ch/OData.svc/Transcript(ID=375763L,Language='FR')/Businesses"}},"ID":"375763","Language":"FR","IdSubject":"71703","VoteId":"32572","PersonNumber":null,"Type":2,"Text":"<pd_text><p><i>Ziff. 1 - Ch. 1 </i>[GZ]</p>\n<p>[VS][GZ]</p>\n<p><i>Abstimmung - Vote </i>[GZ]</p>\n<p>[NAM][GZ]</p>\n<p>F\u00fcr Annahme der Motion ... 127 Stimmen [GZ]</p>\n<p>Dagegen ... 44 Stimmen [GZ]</p>\n<p>(12 Enthaltungen)</p>\n</pd_text>","MeetingCouncilAbbreviation":"N","MeetingDate":"20260608","MeetingVerbalixOid":4177,"IdSession":"5214","SpeakerFirstName":null,"SpeakerLastName":null,"SpeakerFullName":"","SpeakerFunction":null,"CouncilId":null,"CouncilName":null,"CantonId":null,"CantonName":null,"CantonAbbreviation":null,"ParlGroupName":null,"ParlGroupAbbreviation":null,"SortOrder":11,"Start":"\/Date(1780936697350)\/","End":"\/Date(1780936862249)\/","Function":null,"DisplaySpeaker":null,"LanguageOfText":null,"Modified":"\/Date(1785314372102)\/","StartTimeWithTimezone":"\/Date(1780936697350+0120)\/","EndTimeWithTimezone":"\/Date(1780936862250+0120)\/","VoteBusinessNumber":20263515,"VoteBusinessShortNumber":"26.3515","VoteBusinessTitle":"Motion CER-N.\nProt\u00e9ger durablement la culture\nde la betterave sucri\u00e8re"},{"__metadata":{"id":"https://ws.parlament.ch/OData.svc/Transcript(ID=375765L,Language='FR')","uri":"https://ws.parlament.ch/OData.svc/Transcript(ID=375765L,Language='FR')","type":"itsystems.Pd.DataServices.DataModel.Transcript"},"Subjects":{"__deferred":{"uri":"https://ws.parlament.ch/OData.svc/Transcript(ID=375765L,Language='FR')/Subjects"}},"MembersCouncil":{"__deferred":{"uri":"https://ws.parlament.ch/OData.svc/Transcript(ID=375765L,Language='FR')/MembersCouncil"}},"Businesses":{"__deferred":{"uri":"https://ws.parlament.ch/OData.svc/Transcript(ID=375765L,Language='FR')/Businesses"}},"ID":"375765","Language":"FR","IdSubject":"71703","VoteId":null,"PersonNumber":4083,"Type":1,"Text":"<pd_text><p>Schauen Sie, Herr Kollege, in der Tat ist es so, dass es neuere Berichte gibt, die mit Blick auf den \u00f6kologischen Fussabdruck dem Schweizer Zucker bessere Noten geben, als das bisher der Fall war; das ist eigentlich eine erfreuliche Entwicklung. Ich habe es gesagt: Wenn es am Schluss nur eine Priorit\u00e4tensetzung w\u00e4re, dann w\u00e4re das kein Problem. Aber hier geht es nochmals um zus\u00e4tzliche Mittel. Das ist der Grund, weshalb die Minderheit die[NB]Motion[NB]ablehnt[NB]und auch der Bundesrat die Ablehnung beantragt. </p>\n</pd_text>","MeetingCouncilAbbreviation":"N","MeetingDate":"20260608","MeetingVerbalixOid":4177,"IdSession":"5214","SpeakerFirstName":"J\u00fcrg","SpeakerLastName":"Grossen","SpeakerFullName":"Grossen J\u00fcrg","SpeakerFunction":"Mit-M","CouncilId":1,"CouncilName":"Conseil national","CantonId":2,"CantonName":"Berne","CantonAbbreviation":"BE","ParlGroupName":"Groupe vert'lib\u00e9ral","ParlGroupAbbreviation":"GL","SortOrder":8,"Start":"\/Date(1780936493434)\/","End":"\/Date(1780936521691)\/","Function":"Mit-M","DisplaySpeaker":true,"LanguageOfText":"DE","Modified":"\/Date(1785314372095)\/","StartTimeWithTimezone":"\/Date(1780936493433+0120)\/","EndTimeWithTimezone":"\/Date(1780936521690+0120)\/","VoteBusinessNumber":null,"VoteBusinessShortNumber":null,"VoteBusinessTitle":null},{"__metadata":{"id":"https://ws.parlament.ch/OData.svc/Transcript(ID=375767L,Language='FR')","uri":"https://ws.parlament.ch/OData.svc/Transcript(ID=375767L,Language='FR')","type":"itsystems.Pd.DataServices.DataModel.Transcript"},"Subjects":{"__deferred":{"uri":"https://ws.parlament.ch/OData.svc/Transcript(ID=375767L,Language='FR')/Subjects"}},"MembersCouncil":{"__deferred":{"uri":"https://ws.parlament.ch/OData.svc/Transcript(ID=375767L,Language='FR')/MembersCouncil"}},"Businesses":{"__deferred":{"uri":"https://ws.parlament.ch/OData.svc/Transcript(ID=375767L,Language='FR')/Businesses"}},"ID":"375767","Language":"FR","IdSubject":"71703","VoteId":"32574","PersonNumber":null,"Type":2,"Text":"<pd_text><p><i>Ziff. 2 - Ch. 2 </i>[GZ]</p>\n<p>[VS][GZ]</p>\n<p><i>Abstimmung - Vote </i>[GZ]</p>\n<p>[NAM][GZ]</p>\n<p>F\u00fcr Annahme der Motion ... 103 Stimmen [GZ]</p>\n<p>Dagegen ... 58 Stimmen [GZ]</p>\n<p>(25 Enthaltungen)</p>\n</pd_text>","MeetingCouncilAbbreviation":"N","MeetingDate":"20260608","MeetingVerbalixOid":4177,"IdSession":"5214","SpeakerFirstName":null,"SpeakerLastName":null,"SpeakerFullName":"","SpeakerFunction":null,"CouncilId":null,"CouncilName":null,"CantonId":null,"CantonName":null,"CantonAbbreviation":null,"ParlGroupName":null,"ParlGroupAbbreviation":null,"SortOrder":12,"Start":null,"End":null,"Function":null,"DisplaySpeaker":null,"LanguageOfText":null,"Modified":"\/Date(1785314372105)\/","StartTimeWithTimezone":null,"EndTimeWithTimezone":null,"VoteBusinessNumber":20263515,"VoteBusinessShortNumber":"26.3515","VoteBusinessTitle":"Motion CER-N.\nProt\u00e9ger durablement la culture\nde la betterave sucri\u00e8re"},{"__metadata":{"id":"https://ws.parlament.ch/OData.svc/Transcript(ID=375769L,Language='FR')","uri":"https://ws.parlament.ch/OData.svc/Transcript(ID=375769L,Language='FR')","type":"itsystems.Pd.DataServices.DataModel.Transcript"},"Subjects":{"__deferred":{"uri":"https://ws.parlament.ch/OData.svc/Transcript(ID=375769L,Language='FR')/Subjects"}},"MembersCouncil":{"__deferred":{"uri":"https://ws.parlament.ch/OData.svc/Transcript(ID=375769L,Language='FR')/MembersCouncil"}},"Businesses":{"__deferred":{"uri":"https://ws.parlament.ch/OData.svc/Transcript(ID=375769L,Language='FR')/Businesses"}},"ID":"375769","Language":"FR","IdSubject":"71703","VoteId":"32575","PersonNumber":null,"Type":2,"Text":"<pd_text><p><i>Ziff. 3 - Ch. 3 </i>[GZ]</p>\n<p>[VS][GZ]</p>\n<p><i>Abstimmung - Vote </i>[GZ]</p>\n<p>[NAM][GZ]</p>\n<p>F\u00fcr Annahme der Motion ... 95 Stimmen [GZ]</p>\n<p>Dagegen ... 85 Stimmen [GZ]</p>\n<p>(8 Enthaltungen)</p>\n</pd_text>","MeetingCouncilAbbreviation":"N","MeetingDate":"20260608","MeetingVerbalixOid":4177,"IdSession":"5214","SpeakerFirstName":null,"SpeakerLastName":null,"SpeakerFullName":"","SpeakerFunction":null,"CouncilId":null,"CouncilName":null,"CantonId":null,"CantonName":null,"CantonAbbreviation":null,"ParlGroupName":null,"ParlGroupAbbreviation":null,"SortOrder":13,"Start":null,"End":null,"Function":null,"DisplaySpeaker":null,"LanguageOfText":null,"Modified":"\/Date(1785314372110)\/","StartTimeWithTimezone":null,"EndTimeWithTimezone":null,"VoteBusinessNumber":20263515,"VoteBusinessShortNumber":"26.3515","VoteBusinessTitle":"Motion CER-N.\nProt\u00e9ger durablement la culture\nde la betterave sucri\u00e8re"},{"__metadata":{"id":"https://ws.parlament.ch/OData.svc/Transcript(ID=375771L,Language='FR')","uri":"https://ws.parlament.ch/OData.svc/Transcript(ID=375771L,Language='FR')","type":"itsystems.Pd.DataServices.DataModel.Transcript"},"Subjects":{"__deferred":{"uri":"https://ws.parlament.ch/OData.svc/Transcript(ID=375771L,Language='FR')/Subjects"}},"MembersCouncil":{"__deferred":{"uri":"https://ws.parlament.ch/OData.svc/Transcript(ID=375771L,Language='FR')/MembersCouncil"}},"Businesses":{"__deferred":{"uri":"https://ws.parlament.ch/OData.svc/Transcript(ID=375771L,Language='FR')/Businesses"}},"ID":"375771","Language":"FR","IdSubject":"71703","VoteId":null,"PersonNumber":10830,"Type":1,"Text":"<pd_text><p>Herr Kollege, ich wollte nur fragen: Sind Sie sich bewusst, dass wir hier von einer Priorisierung sprechen, dass die Pflanzer bereits eine Forschungsstelle betreiben und wir hier diesen Schwerpunkt forschungsm\u00e4ssig einfach priorisieren m\u00f6chten, im Gegensatz zum Beispiel zur Forschung zu veganem K\u00e4se?</p>\n</pd_text>","MeetingCouncilAbbreviation":"N","MeetingDate":"20260608","MeetingVerbalixOid":4177,"IdSession":"5214","SpeakerFirstName":"Katja","SpeakerLastName":"Riem","SpeakerFullName":"Riem Katja","SpeakerFunction":"Mit-F","CouncilId":1,"CouncilName":"Conseil national","CantonId":2,"CantonName":"Berne","CantonAbbreviation":"BE","ParlGroupName":"Groupe de l'Union d\u00e9mocratique du Centre","ParlGroupAbbreviation":"V","SortOrder":5,"Start":"\/Date(1780936401099)\/","End":"\/Date(1780936419115)\/","Function":"Mit-F","DisplaySpeaker":true,"LanguageOfText":"DE","Modified":"\/Date(1785314372090)\/","StartTimeWithTimezone":"\/Date(1780936401100+0120)\/","EndTimeWithTimezone":"\/Date(1780936419117+0120)\/","VoteBusinessNumber":null,"VoteBusinessShortNumber":null,"VoteBusinessTitle":null},{"__metadata":{"id":"https://ws.parlament.ch/OData.svc/Transcript(ID=375772L,Language='FR')","uri":"https://ws.parlament.ch/OData.svc/Transcript(ID=375772L,Language='FR')","type":"itsystems.Pd.DataServices.DataModel.Transcript"},"Subjects":{"__deferred":{"uri":"https://ws.parlament.ch/OData.svc/Transcript(ID=375772L,Language='FR')/Subjects"}},"MembersCouncil":{"__deferred":{"uri":"https://ws.parlament.ch/OData.svc/Transcript(ID=375772L,Language='FR')/MembersCouncil"}},"Businesses":{"__deferred":{"uri":"https://ws.parlament.ch/OData.svc/Transcript(ID=375772L,Language='FR')/Businesses"}},"ID":"375772","Language":"FR","IdSubject":"71703","VoteId":null,"PersonNumber":10852,"Type":1,"Text":"<pd_text><p>Es sind zwei Standesinitiativen angenommen worden, f\u00fcr die wir schlaue L\u00f6sungen finden m\u00fcssen. Es geht auch, Sie haben es erw\u00e4hnt, um Insektizide. Ich m\u00f6chte hier aber keine Diskussion f\u00fchren und komme zu meiner Frage: In einer Studie haben wir gesehen, dass Schweizer Zucker gegen\u00fcber dem EU-Zucker einen um einen Drittel besseren Umwelt-Fussabdruck hat; auch der Rohrzucker legt gr\u00f6ssere Distanzen zur\u00fcck. K\u00f6nnen wir uns hier nicht auch auf die Forschung st\u00fctzen und verlangen, dass dort die Priorit\u00e4ten gesetzt werden, damit wir zugunsten unserer Versorgungssicherheit den Zuckerr\u00fcbenanbau und die Verarbeitung in zwei Fabriken in der Schweiz belassen k\u00f6nnen? </p>\n</pd_text>","MeetingCouncilAbbreviation":"N","MeetingDate":"20260608","MeetingVerbalixOid":4177,"IdSession":"5214","SpeakerFirstName":"Hans J\u00f6rg","SpeakerLastName":"R\u00fcegsegger","SpeakerFullName":"R\u00fcegsegger Hans J\u00f6rg","SpeakerFunction":"Mit-M","CouncilId":1,"CouncilName":"Conseil national","CantonId":2,"CantonName":"Berne","CantonAbbreviation":"BE","ParlGroupName":"Groupe de l'Union d\u00e9mocratique du Centre","ParlGroupAbbreviation":"V","SortOrder":7,"Start":"\/Date(1780936443475)\/","End":"\/Date(1780936493434)\/","Function":"Mit-M","DisplaySpeaker":true,"LanguageOfText":"DE","Modified":"\/Date(1785314372093)\/","StartTimeWithTimezone":"\/Date(1780936443477+0120)\/","EndTimeWithTimezone":"\/Date(1780936493433+0120)\/","VoteBusinessNumber":null,"VoteBusinessShortNumber":null,"VoteBusinessTitle":null},{"__metadata":{"id":"https://ws.parlament.ch/OData.svc/Transcript(ID=375777L,Language='FR')","uri":"https://ws.parlament.ch/OData.svc/Transcript(ID=375777L,Language='FR')","type":"itsystems.Pd.DataServices.DataModel.Transcript"},"Subjects":{"__deferred":{"uri":"https://ws.parlament.ch/OData.svc/Transcript(ID=375777L,Language='FR')/Subjects"}},"MembersCouncil":{"__deferred":{"uri":"https://ws.parlament.ch/OData.svc/Transcript(ID=375777L,Language='FR')/MembersCouncil"}},"Businesses":{"__deferred":{"uri":"https://ws.parlament.ch/OData.svc/Transcript(ID=375777L,Language='FR')/Businesses"}},"ID":"375777","Language":"FR","IdSubject":"71703","VoteId":null,"PersonNumber":10831,"Type":1,"Text":"<pd_text><p>Ihre Kommission hat an ihrer Sitzung vom 13.[NB]April die beiden Standesinitiativen der Kantone Bern und Thurgau beraten. Im Oktober 2025 verabschiedete der Bundesrat nach intensiver Zusammenarbeit mit der gesamten Branche die neue Grenzschutzl\u00f6sung f\u00fcr Zucker und verl\u00e4ngerte die Einzelkulturbeitr\u00e4ge. Damit wurden zwei Drittel der Standesinitiativen umgesetzt. Ein zentraler Pfeiler zur langfristigen Sicherung der inl\u00e4ndischen Zuckerproduktion fehlt jedoch weiterhin, n\u00e4mlich eine gezielte und ausreichend finanzierte Forschung. </p>\n<p>Was will die Kommissionsmotion? Der Bundesrat soll beauftragt werden, die agronomische Forschung im Zuckerr\u00fcbenanbau gezielt zu st\u00e4rken und daf\u00fcr ausreichend und flexibel einsetzbare finanzielle Mittel bereitzustellen. Die Zuckerproduktion in der Schweiz weist keine \u00dcberproduktion auf. Im Gegenteil, sie ist in den letzten Jahren aufgrund ungen\u00fcgender Rahmenbedingungen r\u00fcckl\u00e4ufig. Im Rahmen der Swissness-Vorlage ist der Selbstversorgungsgrad gar unter 50 Prozent - ich betone: unter 50 Prozent! - gefallen. Wir sind damit weit von einer \u00dcberproduktion entfernt. </p>\n<p>Eine stabile Zuckerproduktion setzt resistente Sorten sowie wirksame und nachhaltige Pflanzenschutzstrategien voraus. Beides ist ohne intensive Forschung nicht erreichbar. Der Zuckerr\u00fcbenanbau ist zunehmend durch Krankheiten und Sch\u00e4dlinge bedroht. Dazu z\u00e4hlen insbesondere Pilzkrankheiten wie Cercospora oder F\u00e4ulniskrankheiten infolge R\u00fcsselk\u00e4ferbefalls, aber auch durch Insektenvektoren \u00fcbertragene Krankheiten wie SBR, Stolbur, vir\u00f6se Vergilbung und weitere. Diese krankheits\u00fcbertragenden Zikaden haben sich inzwischen im gesamten Mittelland verbreitet und betreffen auch andere Kulturen wie Kartoffeln oder Gem\u00fcse. Der Klimawandel, der Wegfall wirksamer Pflanzenschutzmittel sowie agrarpolitische Einschr\u00e4nkungen beg\u00fcnstigen diese[NB]Entwicklung[NB]zus\u00e4tzlich.[NB]Es besteht daher ein akuter Bedarf an praxisnaher, integrierter und kultur\u00fcbergreifender Forschung. </p>\n<p>Die Zuckerr\u00fcbe ist im Ackerbaugebiet eine zentrale Kultur im Rahmen einer abwechslungsreichen Fruchtfolge. Sie erm\u00f6glicht im Wechsel mit Getreide, \u00d6lsaaten, Kartoffeln, Mais und weiteren Kulturen unsere vielf\u00e4ltige Kulturlandschaft. Daher ist es entscheidend, dass diese Kultur erhalten bleibt. </p>\n<p>Ziel ist es, zukunftsf\u00e4hige, ganzheitliche und innovative Pflanzenschutzl\u00f6sungen zu entwickeln und in die landwirtschaftliche Praxis umzusetzen, Pflanzenschutzl\u00f6sungen, die eine \u00f6kologische, wirtschaftliche und nachhaltige Schweizer Zuckerr\u00fcbenproduktion sicherstellen. Der Bundesrat soll beauftragt werden, entsprechende Schwerpunkte in den k\u00fcnftigen Forschungsprogrammen im Rahmen der AP 2030 klar festzulegen. Es braucht also keine separate Gesetzgebung und nicht prim\u00e4r zus\u00e4tzliche Mittel. Die Forschung f\u00fcr den Zuckerr\u00fcbenanbau steht nicht im Widerspruch zu einem zu hohen Zuckerkonsum, weil wir eben einen so tiefen Selbstversorgungsgrad haben und der Grossteil des Zuckers importiert wird, auch aus Anbaugebieten mit sehr problematischem Einsatz von Pflanzenschutzmitteln, \u00fcbrigens sowohl beim Rohrzucker wie auch beim R\u00fcbenzucker. </p>\n<p>Die Minderheit sieht keine Notwendigkeit f\u00fcr eine gezielte F\u00f6rderung einer Einzelkultur. Sie sieht darin auch einen gewissen Zielkonflikt mit Blick auf einen zu hohen Zuckerkonsum. Der Minderheitssprecher wird das sicher noch begr\u00fcnden.</p>\n<p>Ihre Kommission hat mit 13 zu 10 Stimmen bei 2 Enthaltungen der Motion zugestimmt und bittet Sie, ihr ebenfalls zuzustimmen. </p>\n</pd_text>","MeetingCouncilAbbreviation":"N","MeetingDate":"20260608","MeetingVerbalixOid":4177,"IdSession":"5214","SpeakerFirstName":"Martin","SpeakerLastName":"H\u00fcbscher","SpeakerFullName":"H\u00fcbscher Martin","SpeakerFunction":"Mit-M","CouncilId":1,"CouncilName":"Conseil national","CantonId":1,"CantonName":"Zurich","CantonAbbreviation":"ZH","ParlGroupName":"Groupe de l'Union d\u00e9mocratique du Centre","ParlGroupAbbreviation":"V","SortOrder":2,"Start":"\/Date(1780935868901)\/","End":"\/Date(1780936132550)\/","Function":"*","DisplaySpeaker":true,"LanguageOfText":"DE","Modified":"\/Date(1785314372084)\/","StartTimeWithTimezone":"\/Date(1780935868900+0120)\/","EndTimeWithTimezone":"\/Date(1780936132550+0120)\/","VoteBusinessNumber":null,"VoteBusinessShortNumber":null,"VoteBusinessTitle":null},{"__metadata":{"id":"https://ws.parlament.ch/OData.svc/Transcript(ID=375781L,Language='FR')","uri":"https://ws.parlament.ch/OData.svc/Transcript(ID=375781L,Language='FR')","type":"itsystems.Pd.DataServices.DataModel.Transcript"},"Subjects":{"__deferred":{"uri":"https://ws.parlament.ch/OData.svc/Transcript(ID=375781L,Language='FR')/Subjects"}},"MembersCouncil":{"__deferred":{"uri":"https://ws.parlament.ch/OData.svc/Transcript(ID=375781L,Language='FR')/MembersCouncil"}},"Businesses":{"__deferred":{"uri":"https://ws.parlament.ch/OData.svc/Transcript(ID=375781L,Language='FR')/Businesses"}},"ID":"375781","Language":"FR","IdSubject":"71703","VoteId":null,"PersonNumber":1108,"Type":1,"Text":"<pd_text><p>Le Conseil f\u00e9d\u00e9ral est pleinement conscient que la protection des v\u00e9g\u00e9taux repr\u00e9sente un d\u00e9fi, pour diverses cultures. Le rapport interm\u00e9diaire relatif \u00e0 la mise en oeuvre du plan d'action Produits phytosanitaires adopt\u00e9 en 2024 en fait \u00e9tat. </p>\n<p>Face \u00e0 la pression, parfois tr\u00e8s \u00e9lev\u00e9e, exerc\u00e9e par certains organismes nuisibles sur les cultures, l'Office f\u00e9d\u00e9ral de l'agriculture a pr\u00e9sent\u00e9, au d\u00e9but de cette ann\u00e9e, une nouvelle strat\u00e9gie pour une protection durable des cultures \u00e0 l'horizon 2035. Cette strat\u00e9gie repose sur des mesures cibl\u00e9es et concr\u00e8tes, un suivi pr\u00e9cis de l'\u00e9tat des moyens de protection par culture, la mise en place de r\u00e9seaux de comp\u00e9tences et de d\u00e9monstration, ainsi que la promotion active de vari\u00e9t\u00e9s plus robustes. </p>\n<p>En ce qui concerne plus pr\u00e9cis\u00e9ment la recherche sur la culture de la betterave sucri\u00e8re, dans un rapport destin\u00e9 \u00e0 la Commission de l'\u00e9conomie et des redevances du Conseil des \u00c9tats, l'administration a recens\u00e9 les nombreux instruments permettant d\u00e9j\u00e0 de soutenir de tels projets dans les domaines de la s\u00e9lection vari\u00e9tale, de l'examen des vari\u00e9t\u00e9s, de la recherche, du conseil et de la durabilit\u00e9. En bref, de nombreux projets sont en cours dans le domaine de la culture durable de la betterave sucri\u00e8re. En outre, afin d'assurer une diffusion cibl\u00e9e des connaissances issues de ces projets, la Conf\u00e9d\u00e9ration apporte d'ores et d\u00e9j\u00e0 un soutien financier de 60[NB]000 francs par an au Centre betteravier suisse, le p\u00f4le de comp\u00e9tences dans ce domaine. </p>\n<p>J'encourage donc les acteurs tout au long de la cha\u00eene de valeur \u00e0 continuer de soumettre des projets. Les instruments de financement et les ressources n\u00e9cessaires sont d\u00e9j\u00e0 \u00e0 disposition et, pour ces raisons, le Conseil f\u00e9d\u00e9ral vous prie de rejeter la motion.</p>\n</pd_text>","MeetingCouncilAbbreviation":"N","MeetingDate":"20260608","MeetingVerbalixOid":4177,"IdSession":"5214","SpeakerFirstName":"Guy","SpeakerLastName":"Parmelin","SpeakerFullName":"Parmelin Guy","SpeakerFunction":"BPR-M","CouncilId":99,"CouncilName":"Conseil f\u00e9d\u00e9ral","CantonId":22,"CantonName":"Vaud","CantonAbbreviation":"VD","ParlGroupName":null,"ParlGroupAbbreviation":null,"SortOrder":9,"Start":"\/Date(1780936528691)\/","End":"\/Date(1780936645873)\/","Function":"BPR-M","DisplaySpeaker":true,"LanguageOfText":"FR","Modified":"\/Date(1785314372097)\/","StartTimeWithTimezone":"\/Date(1780936528690+0120)\/","EndTimeWithTimezone":"\/Date(1780936645873+0120)\/","VoteBusinessNumber":null,"VoteBusinessShortNumber":null,"VoteBusinessTitle":null},{"__metadata":{"id":"https://ws.parlament.ch/OData.svc/Transcript(ID=375786L,Language='FR')","uri":"https://ws.parlament.ch/OData.svc/Transcript(ID=375786L,Language='FR')","type":"itsystems.Pd.DataServices.DataModel.Transcript"},"Subjects":{"__deferred":{"uri":"https://ws.parlament.ch/OData.svc/Transcript(ID=375786L,Language='FR')/Subjects"}},"MembersCouncil":{"__deferred":{"uri":"https://ws.parlament.ch/OData.svc/Transcript(ID=375786L,Language='FR')/MembersCouncil"}},"Businesses":{"__deferred":{"uri":"https://ws.parlament.ch/OData.svc/Transcript(ID=375786L,Language='FR')/Businesses"}},"ID":"375786","Language":"FR","IdSubject":"71703","VoteId":null,"PersonNumber":4083,"Type":1,"Text":"<pd_text><p>Ich bitte Sie namens der Minderheit, die Motion analog dem Bundesrat abzulehnen. Ich bitte namentlich die Kolleginnen und Kollegen aus den b\u00fcrgerlichen Parteien, den Text gut zu lesen und das unternehmerische[NB]und[NB]auch das finanzpolitische Gewissen walten zu lassen.</p>\n<p>Die Motion beauftragt den Bundesrat, die agronomische Forschung im Zuckerr\u00fcbenanbau gezielt zu st\u00e4rken und daf\u00fcr ausreichende und flexibel einsetzbare finanzielle Mittel bereitzustellen. Das ist nichts anderes, als die hohle Hand zu machen, indem ausreichende und flexibel einsetzbare finanzielle Mittel eingefordert werden. Es ist der Traum jeder Branche, jedes Lobbyisten, dass man eine sprudelnde und unversiegbare Quelle hat, um die Partikularinteressen zu bedienen. Stellen Sie sich vor, wir h\u00e4tten \u00fcberall ausreichende und flexibel einsetzbare Finanzen. Der Staat w\u00e4re l\u00e4ngst bankrott.</p>\n<p>Erstens ist eine solche Formulierung finanzpolitisch ein Unding und nicht die Art, wie wir Politik machen - schon gar nicht, wie wir umsichtige Finanzpolitik machen. </p>\n<p>Zweitens ist die Partikularinteressenbindung unternehmerisch stossend. Zucker ist ern\u00e4hrungsphysiologisch kein knappes Grundnahrungsmittel wie zum Beispiel Getreide. Aus den Artikeln 104 und 104a der Bundesverfassung l\u00e4sst sich ein Auftrag zur Sicherstellung der Ern\u00e4hrungssicherheit und einer leistungsf\u00e4higen Landwirtschaft ableiten, nicht aber ein spezifischer Auftrag zur F\u00f6rderung der Zuckerr\u00fcbenproduktion, schon gar nicht in einem so \u00fcberh\u00f6hten Ausmass. Man bekommt den Eindruck, dass Zuckerr\u00fcbenbauern Staatsdiener in einer Planwirtschaft werden wollen. Bereits heute erhalten sie umfangreiche Unterst\u00fctzung. Sie kriegen pro Hektar Anbaufl\u00e4che einen Einzelkulturbeitrag von 2100 Franken und bei Verzicht auf Fungizide und Insektizide einen Zusatzbeitrag von 200 Franken. </p>\n<p>Die Zuckerr\u00fcbenproduktion ist bereits heute die am st\u00e4rksten staatlich subventionierte Kultur. Das d\u00fcrfte weniger mit der Relevanz der Versorgungssicherheit als mit der guten Interessenvertretung zu tun haben. Sowohl die Produzenten als auch die Verarbeiter und die Abnehmer sind politisch gut vertreten.</p>\n<p>Auch der Grenzschutz wird weiter erh\u00f6ht, wir haben es geh\u00f6rt: W\u00e4hrend bis Ende Jahr noch ein Mindestgrenzschutz von 7 Franken je 100 Kilogramm Zucker gilt, ist ab 2027 eine Verdoppelung auf 14 Franken je 100 Kilogramm Zucker geplant. Man d\u00fcrfte also erwarten, dass die Bauern die Forschung f\u00fcr die Weiterentwicklung ihrer Produkte selbst bezahlen und nicht nochmals beim Staat anklopfen. Ich appelliere, wie der Bundesrat auch, an die Eigenverantwortung der Branchenakteure, aus eigener Kraft neue Initiativen zur Verbesserung der Pflanzengesundheit zu lancieren und sich auch wie Unternehmer und nicht wie Subventionsempf\u00e4nger zu verhalten.</p>\n<p>Drittens tut der Bund bereits sehr viel. Es gibt keine Notwendigkeit f\u00fcr mehr. Die WAK-S hat sich mit der Frage der Aufstockung der Forschungsmittel f\u00fcr den Zuckerr\u00fcbenanbau bereits befasst. Es gibt einen detaillierten Bericht zu den laufenden Forschungsprojekten zur Zuckerr\u00fcbe. Der Bund unterst\u00fctzt zahlreiche Forschungsprojekte in den Bereichen Ressourcennutzung, Sortenpr\u00fcfung, Z\u00fcchtung, Anbaumethoden usw. Die M\u00f6glichkeit der Mitfinanzierung von Projekten besteht bereits heute. Forschungsbed\u00fcrfnisse k\u00f6nnen bei Agroscope zum Beispiel im Rahmen des Arbeitsprogramms oder beim Forschungsinstitut f\u00fcr biologischen Landbau zum Beispiel durch die Versuchsnetzwerke eingebracht und in Zusammenarbeit mit der Praxis durchgef\u00fchrt werden. Zudem finanziert das BLW mit einem j\u00e4hrlichen Beitrag von 60[NB]000 Franken die Schweizerische Fachstelle f\u00fcr Zuckerr\u00fcbenanbau, das Kompetenzzentrum f\u00fcr Zuckerr\u00fcbenanbau. Das reicht. Die Grossz\u00fcgigkeit der Gesetzgeberin gegen\u00fcber der Zuckerr\u00fcbenproduktion ist ausgereizt.</p>\n<p>Ich bitte Sie, die Motion aus den genannten Gr\u00fcnden abzulehnen.</p>\n</pd_text>","MeetingCouncilAbbreviation":"N","MeetingDate":"20260608","MeetingVerbalixOid":4177,"IdSession":"5214","SpeakerFirstName":"J\u00fcrg","SpeakerLastName":"Grossen","SpeakerFullName":"Grossen J\u00fcrg","SpeakerFunction":"Mit-M","CouncilId":1,"CouncilName":"Conseil national","CantonId":2,"CantonName":"Berne","CantonAbbreviation":"BE","ParlGroupName":"Groupe vert'lib\u00e9ral","ParlGroupAbbreviation":"GL","SortOrder":4,"Start":"\/Date(1780936140628)\/","End":"\/Date(1780936395194)\/","Function":"Mit-M","DisplaySpeaker":true,"LanguageOfText":"DE","Modified":"\/Date(1785314372087)\/","StartTimeWithTimezone":"\/Date(1780936140627+0120)\/","EndTimeWithTimezone":"\/Date(1780936395193+0120)\/","VoteBusinessNumber":null,"VoteBusinessShortNumber":null,"VoteBusinessTitle":null},{"__metadata":{"id":"https://ws.parlament.ch/OData.svc/Transcript(ID=375797L,Language='FR')","uri":"https://ws.parlament.ch/OData.svc/Transcript(ID=375797L,Language='FR')","type":"itsystems.Pd.DataServices.DataModel.Transcript"},"Subjects":{"__deferred":{"uri":"https://ws.parlament.ch/OData.svc/Transcript(ID=375797L,Language='FR')/Subjects"}},"MembersCouncil":{"__deferred":{"uri":"https://ws.parlament.ch/OData.svc/Transcript(ID=375797L,Language='FR')/MembersCouncil"}},"Businesses":{"__deferred":{"uri":"https://ws.parlament.ch/OData.svc/Transcript(ID=375797L,Language='FR')/Businesses"}},"ID":"375797","Language":"FR","IdSubject":"71703","VoteId":null,"PersonNumber":4169,"Type":1,"Text":"<pd_text><p><i>Antrag der Mehrheit </i>[GZ]</p>\n<p>Annahme der Motion</p>\n<p>[VS]</p>\n<p><i>Antrag der Minderheit </i>[GZ]</p>\n<p>(Bertschy, Amoos, Bendahan, Dobler Marcel, Grossen J\u00fcrg, Michaud Gigon, Ryser, Wermuth, Widmer C\u00e9line)[GZ]</p>\n<p>Ablehnung der Motion </p>\n<p>[VS]</p>\n<p><i>Proposition de la majorit\u00e9 </i>[GZ]</p>\n<p>Adopter la motion</p>\n<p>[VS]</p>\n<p><i>Proposition de la minorit\u00e9 </i>[GZ]</p>\n<p>(Bertschy, Amoos, Bendahan, Dobler Marcel, Grossen J\u00fcrg, Michaud Gigon, Ryser, Wermuth, Widmer C\u00e9line)[GZ]</p>\n<p>Rejeter la motion [PAGE 1075] </p>\n</pd_text>","MeetingCouncilAbbreviation":"N","MeetingDate":"20260608","MeetingVerbalixOid":4177,"IdSession":"5214","SpeakerFirstName":"Pierre-Andr\u00e9","SpeakerLastName":"Page","SpeakerFullName":"Page Pierre-Andr\u00e9","SpeakerFunction":"P-M","CouncilId":1,"CouncilName":"Conseil national","CantonId":10,"CantonName":"Fribourg","CantonAbbreviation":"FR","ParlGroupName":"Groupe de l'Union d\u00e9mocratique du Centre","ParlGroupAbbreviation":"V","SortOrder":1,"Start":"\/Date(1780935825806)\/","End":"\/Date(1780935868901)\/","Function":"P-M","DisplaySpeaker":false,"LanguageOfText":null,"Modified":"\/Date(1785314372082)\/","StartTimeWithTimezone":"\/Date(1780935825807+0120)\/","EndTimeWithTimezone":"\/Date(1780935868900+0120)\/","VoteBusinessNumber":null,"VoteBusinessShortNumber":null,"VoteBusinessTitle":null},{"__metadata":{"id":"https://ws.parlament.ch/OData.svc/Transcript(ID=375801L,Language='FR')","uri":"https://ws.parlament.ch/OData.svc/Transcript(ID=375801L,Language='FR')","type":"itsystems.Pd.DataServices.DataModel.Transcript"},"Subjects":{"__deferred":{"uri":"https://ws.parlament.ch/OData.svc/Transcript(ID=375801L,Language='FR')/Subjects"}},"MembersCouncil":{"__deferred":{"uri":"https://ws.parlament.ch/OData.svc/Transcript(ID=375801L,Language='FR')/MembersCouncil"}},"Businesses":{"__deferred":{"uri":"https://ws.parlament.ch/OData.svc/Transcript(ID=375801L,Language='FR')/Businesses"}},"ID":"375801","Language":"FR","IdSubject":"71703","VoteId":null,"PersonNumber":4169,"Type":1,"Text":"<pd_text><p><b>Le pr\u00e9sident</b> (Page Pierre-Andr\u00e9, pr\u00e9sident): La proposition de la minorit\u00e9 Bertschy est pr\u00e9sent\u00e9e par M.[NB]J\u00fcrg Grossen. </p>\n</pd_text>","MeetingCouncilAbbreviation":"N","MeetingDate":"20260608","MeetingVerbalixOid":4177,"IdSession":"5214","SpeakerFirstName":"Pierre-Andr\u00e9","SpeakerLastName":"Page","SpeakerFullName":"Page Pierre-Andr\u00e9","SpeakerFunction":"P-M","CouncilId":1,"CouncilName":"Conseil national","CantonId":10,"CantonName":"Fribourg","CantonAbbreviation":"FR","ParlGroupName":"Groupe de l'Union d\u00e9mocratique du Centre","ParlGroupAbbreviation":"V","SortOrder":3,"Start":"\/Date(1780936132550)\/","End":"\/Date(1780936140628)\/","Function":"P-M","DisplaySpeaker":false,"LanguageOfText":null,"Modified":"\/Date(1785314372086)\/","StartTimeWithTimezone":"\/Date(1780936132550+0120)\/","EndTimeWithTimezone":"\/Date(1780936140627+0120)\/","VoteBusinessNumber":null,"VoteBusinessShortNumber":null,"VoteBusinessTitle":null},{"__metadata":{"id":"https://ws.parlament.ch/OData.svc/Transcript(ID=375825L,Language='FR')","uri":"https://ws.parlament.ch/OData.svc/Transcript(ID=375825L,Language='FR')","type":"itsystems.Pd.DataServices.DataModel.Transcript"},"Subjects":{"__deferred":{"uri":"https://ws.parlament.ch/OData.svc/Transcript(ID=375825L,Language='FR')/Subjects"}},"MembersCouncil":{"__deferred":{"uri":"https://ws.parlament.ch/OData.svc/Transcript(ID=375825L,Language='FR')/MembersCouncil"}},"Businesses":{"__deferred":{"uri":"https://ws.parlament.ch/OData.svc/Transcript(ID=375825L,Language='FR')/Businesses"}},"ID":"375825","Language":"FR","IdSubject":"71703","VoteId":null,"PersonNumber":4169,"Type":1,"Text":"<pd_text><p><b>Le pr\u00e9sident</b> (Page Pierre-Andr\u00e9, pr\u00e9sident): La majorit\u00e9 de la commission propose d'adopter la motion. Une minorit\u00e9 Bertschy et le Conseil f\u00e9d\u00e9ral proposent de rejeter la motion. Sur demande, nous votons s\u00e9par\u00e9ment sur les trois chiffres de la motion. </p>\n</pd_text>","MeetingCouncilAbbreviation":"N","MeetingDate":"20260608","MeetingVerbalixOid":4177,"IdSession":"5214","SpeakerFirstName":"Pierre-Andr\u00e9","SpeakerLastName":"Page","SpeakerFullName":"Page Pierre-Andr\u00e9","SpeakerFunction":"P-M","CouncilId":1,"CouncilName":"Conseil national","CantonId":10,"CantonName":"Fribourg","CantonAbbreviation":"FR","ParlGroupName":"Groupe de l'Union d\u00e9mocratique du Centre","ParlGroupAbbreviation":"V","SortOrder":10,"Start":"\/Date(1780936645873)\/","End":"\/Date(1780936697350)\/","Function":"P-M","DisplaySpeaker":false,"LanguageOfText":null,"Modified":"\/Date(1785314372099)\/","StartTimeWithTimezone":"\/Date(1780936645873+0120)\/","EndTimeWithTimezone":"\/Date(1780936697350+0120)\/","VoteBusinessNumber":null,"VoteBusinessShortNumber":null,"VoteBusinessTitle":null}]},"ID":"71703","Language":"FR","IdMeeting":"5234","VerbalixOid":803234,"SortOrder":163,"Modified":"\/Date(1785314372080)\/"}}