{"d":{"__metadata":{"id":"https://ws.parlament.ch/OData.svc/Subject(ID=71706L,Language='FR')","uri":"https://ws.parlament.ch/OData.svc/Subject(ID=71706L,Language='FR')","type":"itsystems.Pd.DataServices.DataModel.Subject"},"Meetings":{"__metadata":{"id":"https://ws.parlament.ch/OData.svc/Meeting(ID=5235L,Language='FR')","uri":"https://ws.parlament.ch/OData.svc/Meeting(ID=5235L,Language='FR')","type":"itsystems.Pd.DataServices.DataModel.Meeting"},"Sessions":{"__deferred":{"uri":"https://ws.parlament.ch/OData.svc/Meeting(ID=5235L,Language='FR')/Sessions"}},"Subjects":{"__deferred":{"uri":"https://ws.parlament.ch/OData.svc/Meeting(ID=5235L,Language='FR')/Subjects"}},"ID":"5235","Language":"FR","MeetingNumber":5,"IdSession":5214,"SessionNumber":14,"SessionName":"Session d'\u00e9t\u00e9 2026","Council":2,"CouncilName":"Conseil des Etats","CouncilAbbreviation":"CE","Date":"\/Date(1780876800000)\/","Begin":"1515","Modified":"\/Date(1783934896868)\/","LegislativePeriodNumber":52,"PublicationStatus":"final","MeetingOrderText":"Cinqui\u00e8me s\u00e9ance","SortOrder":5,"Location":"S"},"SubjectsBusiness":{"results":[{"__metadata":{"id":"https://ws.parlament.ch/OData.svc/SubjectBusiness(BusinessNumber=20250404,IdSubject=71706L,Language='FR')","uri":"https://ws.parlament.ch/OData.svc/SubjectBusiness(BusinessNumber=20250404,IdSubject=71706L,Language='FR')","type":"itsystems.Pd.DataServices.DataModel.SubjectBusiness"},"Subjects":{"__deferred":{"uri":"https://ws.parlament.ch/OData.svc/SubjectBusiness(BusinessNumber=20250404,IdSubject=71706L,Language='FR')/Subjects"}},"Businesses":{"__deferred":{"uri":"https://ws.parlament.ch/OData.svc/SubjectBusiness(BusinessNumber=20250404,IdSubject=71706L,Language='FR')/Businesses"}},"IdSubject":"71706","BusinessNumber":20250404,"Language":"FR","BusinessShortNumber":"25.404","Title":"Contre-projet indirect \u00e0 l\u2019initiative foie gras","SortOrder":2,"PublishedNotes":"Zweitrat - Deuxi\u00e8me Conseil\n","Modified":"\/Date(1740142682086)\/","TitleDE":"Parlamentarische Initiative\nWBK-N.\nIndirekter Gegenentwurf\nzur Stopfleber-Initiative","TitleFR":"Initiative parlementaire\nCSEC-N.\nContre-projet indirect\n\u00e0 l'initiative foie gras","TitleIT":null},{"__metadata":{"id":"https://ws.parlament.ch/OData.svc/SubjectBusiness(BusinessNumber=20240089,IdSubject=71706L,Language='FR')","uri":"https://ws.parlament.ch/OData.svc/SubjectBusiness(BusinessNumber=20240089,IdSubject=71706L,Language='FR')","type":"itsystems.Pd.DataServices.DataModel.SubjectBusiness"},"Subjects":{"__deferred":{"uri":"https://ws.parlament.ch/OData.svc/SubjectBusiness(BusinessNumber=20240089,IdSubject=71706L,Language='FR')/Subjects"}},"Businesses":{"__deferred":{"uri":"https://ws.parlament.ch/OData.svc/SubjectBusiness(BusinessNumber=20240089,IdSubject=71706L,Language='FR')/Businesses"}},"IdSubject":"71706","BusinessNumber":20240089,"Language":"FR","BusinessShortNumber":"24.089","Title":"\u00abOui \u00e0 l\u2019interdiction d\u2019importer du foie gras (initiative foie gras)\u00bb. Initiative populaire","SortOrder":1,"PublishedNotes":"Zweitrat - Deuxi\u00e8me Conseil\n","Modified":"\/Date(1772477138460)\/","TitleDE":"Ja zum Importverbot f\u00fcr Stopfleber\n(Stopfleber-Initiative).\nVolksinitiative","TitleFR":"Oui \u00e0 l'interdiction d'importer\ndu foie gras (initiative foie gras).\nInitiative populaire","TitleIT":null}]},"Transcripts":{"results":[{"__metadata":{"id":"https://ws.parlament.ch/OData.svc/Transcript(ID=375810L,Language='FR')","uri":"https://ws.parlament.ch/OData.svc/Transcript(ID=375810L,Language='FR')","type":"itsystems.Pd.DataServices.DataModel.Transcript"},"Subjects":{"__deferred":{"uri":"https://ws.parlament.ch/OData.svc/Transcript(ID=375810L,Language='FR')/Subjects"}},"MembersCouncil":{"__deferred":{"uri":"https://ws.parlament.ch/OData.svc/Transcript(ID=375810L,Language='FR')/MembersCouncil"}},"Businesses":{"__deferred":{"uri":"https://ws.parlament.ch/OData.svc/Transcript(ID=375810L,Language='FR')/Businesses"}},"ID":"375810","Language":"FR","IdSubject":"71706","VoteId":"8272","PersonNumber":null,"Type":2,"Text":"<pd_text><p><i>Abstimmung - Vote [GZ]</i></p>\n<p>[NAM][GZ]</p>\n<p>F\u00fcr Eintreten ... 25 Stimmen [GZ]</p>\n<p>Dagegen ... 18 Stimmen [GZ]</p>\n<p>(1 Enthaltung)</p>\n</pd_text>","MeetingCouncilAbbreviation":"S","MeetingDate":"20260608","MeetingVerbalixOid":4178,"IdSession":"5214","SpeakerFirstName":null,"SpeakerLastName":null,"SpeakerFullName":"","SpeakerFunction":null,"CouncilId":null,"CouncilName":null,"CantonId":null,"CantonName":null,"CantonAbbreviation":null,"ParlGroupName":null,"ParlGroupAbbreviation":null,"SortOrder":9,"Start":"\/Date(1780940345019)\/","End":"\/Date(1780940345019)\/","Function":null,"DisplaySpeaker":null,"LanguageOfText":null,"Modified":"\/Date(1788445126312)\/","StartTimeWithTimezone":"\/Date(1780940345020+0120)\/","EndTimeWithTimezone":"\/Date(1780940345020+0120)\/","VoteBusinessNumber":20250404,"VoteBusinessShortNumber":"25.404","VoteBusinessTitle":"Initiative parlementaire\nCSEC-N.\nContre-projet indirect\n\u00e0 l'initiative foie gras"},{"__metadata":{"id":"https://ws.parlament.ch/OData.svc/Transcript(ID=375813L,Language='FR')","uri":"https://ws.parlament.ch/OData.svc/Transcript(ID=375813L,Language='FR')","type":"itsystems.Pd.DataServices.DataModel.Transcript"},"Subjects":{"__deferred":{"uri":"https://ws.parlament.ch/OData.svc/Transcript(ID=375813L,Language='FR')/Subjects"}},"MembersCouncil":{"__deferred":{"uri":"https://ws.parlament.ch/OData.svc/Transcript(ID=375813L,Language='FR')/MembersCouncil"}},"Businesses":{"__deferred":{"uri":"https://ws.parlament.ch/OData.svc/Transcript(ID=375813L,Language='FR')/Businesses"}},"ID":"375813","Language":"FR","IdSubject":"71706","VoteId":"8273","PersonNumber":null,"Type":2,"Text":"<pd_text><p><i>Abstimmung - Vote </i>[GZ]</p>\n<p>[NAM][GZ]</p>\n<p>F\u00fcr den Antrag der Kommission ... 29 Stimmen[GZ]</p>\n<p>F\u00fcr den Antrag Broulis ... 13 Stimmen[GZ]</p>\n<p>(1 Enthaltung)</p>\n</pd_text>","MeetingCouncilAbbreviation":"S","MeetingDate":"20260608","MeetingVerbalixOid":4178,"IdSession":"5214","SpeakerFirstName":null,"SpeakerLastName":null,"SpeakerFullName":"","SpeakerFunction":null,"CouncilId":null,"CouncilName":null,"CantonId":null,"CantonName":null,"CantonAbbreviation":null,"ParlGroupName":null,"ParlGroupAbbreviation":null,"SortOrder":15,"Start":"\/Date(1780940552727)\/","End":"\/Date(1780940567036)\/","Function":null,"DisplaySpeaker":null,"LanguageOfText":null,"Modified":"\/Date(1788445126321)\/","StartTimeWithTimezone":"\/Date(1780940552727+0120)\/","EndTimeWithTimezone":"\/Date(1780940567037+0120)\/","VoteBusinessNumber":20250404,"VoteBusinessShortNumber":"25.404","VoteBusinessTitle":"Initiative parlementaire\nCSEC-N.\nContre-projet indirect\n\u00e0 l'initiative foie gras"},{"__metadata":{"id":"https://ws.parlament.ch/OData.svc/Transcript(ID=375817L,Language='FR')","uri":"https://ws.parlament.ch/OData.svc/Transcript(ID=375817L,Language='FR')","type":"itsystems.Pd.DataServices.DataModel.Transcript"},"Subjects":{"__deferred":{"uri":"https://ws.parlament.ch/OData.svc/Transcript(ID=375817L,Language='FR')/Subjects"}},"MembersCouncil":{"__deferred":{"uri":"https://ws.parlament.ch/OData.svc/Transcript(ID=375817L,Language='FR')/MembersCouncil"}},"Businesses":{"__deferred":{"uri":"https://ws.parlament.ch/OData.svc/Transcript(ID=375817L,Language='FR')/Businesses"}},"ID":"375817","Language":"FR","IdSubject":"71706","VoteId":null,"PersonNumber":4238,"Type":1,"Text":"<pd_text><p>Le comit\u00e9 de l'initiative populaire, \"Oui \u00e0 l'interdiction d'importer du foie gras\", demande d'inscrire dans la Constitution f\u00e9d\u00e9rale une interdiction d'importer du foie gras, mais aussi les produits \u00e0 base de foie gras - on peut penser au magret - et ce, tant pour les professionnels que pour les priv\u00e9s. Le gavage des oies ou des canards cause en effet des souffrances aux animaux, raison pour laquelle, cela a \u00e9t\u00e9 dit, la Suisse a interdit cette pratique depuis longtemps d\u00e9j\u00e0. Apr\u00e8s avoir entendu le comit\u00e9 d'initiative et d'autres organisations, la Commission de la science, de l'\u00e9ducation et de la culture du Conseil national a oppos\u00e9 \u00e0 l'initiative populaire un contre-projet indirect sous la forme d'une initiative parlementaire. Elle souhaite ainsi obtenir une diminution continue et durable des importations \u00e0 titre professionnel de foie gras, de magret et de confit d'oie et de canard, ainsi que des denr\u00e9es alimentaires qui contiennent ces produits. En Suisse, nous accordons de l'importance \u00e0 la protection des animaux, raison pour laquelle le gavage des volailles domestiques est interdit, et c'est bien ainsi. Tous les foies gras et produits \u00e0 base de foie gras consomm\u00e9s en Suisse sont donc import\u00e9s. Si l'importation \u00e9tait interdite, il ne serait d\u00e8s lors[NB]plus[NB]possible[NB]de[NB]les[NB]consommer en Suisse. Le fait d'interdire la production de foie gras en Suisse pour des raisons inh\u00e9rentes \u00e0 la protection des animaux, tout en autorisant son importation depuis l'\u00e9tranger, peut susciter, j'en conviens, une certaine incompr\u00e9hension voire une incompr\u00e9hension certaine.</p>\n<p>Le Conseil f\u00e9d\u00e9ral est sensible \u00e0 la demande exprim\u00e9e dans l'initiative et il soutient l'objectif de renforcer le bien-\u00eatre des animaux, y compris au-del\u00e0 de nos fronti\u00e8res. En raison de plusieurs probl\u00e8mes, en particulier d'ordre juridique, il propose cependant le rejet de l'initiative. D'une part, l'interdiction d'importation est contraire aux obligations internationales de notre pays. Elle constituerait une atteinte grave au libre-\u00e9change et serait donc contraire aux obligations de la Suisse d\u00e9coulant du droit de l'OMC. Elle enfreindrait \u00e9galement les accords avec l'Union europ\u00e9enne, \u00e0 savoir l'accord de libre-\u00e9change de 1972, l'accord agricole de 1999 et le nouvel accord agricole \u00e9tendu. Conform\u00e9ment aux principes de proportionnalit\u00e9, les interdictions d'importation sont envisageables - et il est important de prendre cet \u00e9l\u00e9ment en consid\u00e9ration - seulement si des mesures moins strictes, comme des d\u00e9clarations obligatoires, n'ont auparavant pas eu l'effet escompt\u00e9. Elles pourraient tr\u00e8s probablement d\u00e9clencher des litiges avec les partenaires commerciaux de la Suisse.</p>\n<p>Zum andern sollte zuerst die Wirkung der am 1.[NB]Juli 2025 vom Bundesrat erlassenen Deklarationspflicht f\u00fcr Stopfleber, Magret und Confit beobachtet werden. Diese soll dazu beitragen, den Informationsstand der Konsumentinnen und Konsumenten \u00fcber die aus Tierschutzsicht problematische Gewinnung von Stopfleber und Stopfleberprodukten zu verbessern. Diese Transparenz soll dazu f\u00fchren, dass sich der Konsum solcher Produkte k\u00fcnftig reduziert. Ein Einfuhrverbot einzuf\u00fchren, ohne zuerst die Auswirkungen der Deklarationspflicht zu kennen, w\u00e4re verfr\u00fcht und damit nicht[NB]verh\u00e4ltnism\u00e4ssig. Unter anderem aus diesen beiden Gr\u00fcnden empfiehlt der Bundesrat die Ablehnung der Volksinitiative.</p>\n<p>L'initiative parlementaire, elle, se rattache \u00e0 la d\u00e9claration obligatoire \u00e9dict\u00e9e par le Conseil f\u00e9d\u00e9ral pour le foie gras, le magret et le confit, qui est entr\u00e9e en vigueur le 1er juillet 2025. Elle vise, par le biais d'un contre-projet indirect, le suivi du volume des importations de ces produits et pr\u00e9voit la prise de mesures suppl\u00e9mentaires si aucune diminution des importations n'est constat\u00e9e.</p>\n<p>Selon l'avis du Conseil f\u00e9d\u00e9ral du 25 f\u00e9vrier de cette ann\u00e9e, il est ind\u00e9niable que l'initiative parlementaire telle qu'adopt\u00e9e par le Conseil national est davantage conforme que l'initiative populaire au principe de proportionnalit\u00e9 et aux obligations internationales de la Suisse. Il se peut qu'elle cause n\u00e9anmoins des diff\u00e9rends avec les partenaires commerciaux de notre pays, par exemple dans le cadre des accords bilat\u00e9raux avec l'Union europ\u00e9enne. Le Conseil f\u00e9d\u00e9ral soutient l'objectif poursuivi par l'initiative parlementaire, mais il est d'avis que les modifications l\u00e9gislatives propos\u00e9es ne sont pas n\u00e9cessaires, car les bases l\u00e9gales existantes permettent d\u00e9j\u00e0 d'atteindre les objectifs vis\u00e9s. Ainsi, les modifications pr\u00e9vues entra\u00eeneraient des doublons et n'apporteraient aucune valeur ajout\u00e9e significative. De plus, il s'agit de dispositions tr\u00e8s d\u00e9taill\u00e9es qui r\u00e8glent un cas particulier, ce qui n'a pas sa place au niveau de la loi.</p>\n<p>C'est pour ces raisons que le Conseil f\u00e9d\u00e9ral propose, dans son avis, de ne pas entrer en mati\u00e8re sur le contre-projet indirect adopt\u00e9 sous la forme de l'initiative parlementaire.</p>\n<p>Depuis cet avis du Conseil f\u00e9d\u00e9ral, de nouvelles propositions de votre commission concernant des conditions li\u00e9es au bien-\u00eatre animal et des conditions relatives aux m\u00e9thodes de production ont \u00e9t\u00e9 int\u00e9gr\u00e9es dans le contre-projet indirect. Dans ce contexte, il faut souligner notamment les deux points suivants.</p>\n<p>Ces nouvelles propositions fragilisent la meilleure compatibilit\u00e9 du contre-projet indirect avec les obligations internationales de la Suisse - le droit de l'OMC. Elles entra\u00eenent en effet une discrimination injustifi\u00e9e de la marchandise qui n'a, en particulier, aucune r\u00e9percussion sur ses caract\u00e9ristiques physiques. Une telle discrimination est contraire au droit de l'OMC. De plus, la preuve exig\u00e9e confirmant le respect des conditions li\u00e9es au bien-\u00eatre animal que doit fournir un organisme de certification occasionnerait des co\u00fbts suppl\u00e9mentaires pour l'importateur. Or, elle ne changerait rien au fait que des canards et des oies doivent \u00eatre gav\u00e9s pour la production de foie gras.</p>\n<p>Als Zusatzinformation: Heute gibt es Produkte, die Stopfleber imitieren, \"Happy Foie\" genannt - je n'y ai encore jamais go\u00fbt\u00e9. Diese Produkte werden jedoch ohne Zwangsf\u00fctterung erzeugt, womit sie nicht als Stopfleber gelten. Stopfleber wird immer mittels Zwangsf\u00fctterung produziert. </p>\n<p>Ein Zertifikat, das \"des conditions li\u00e9es au bien-\u00eatre animal ou encore des conditions relatives aux m\u00e9thodes de production\" gem\u00e4ss dem indirekten Gegenvorschlag festlegt, k\u00f6nnte daher den Stopfvorgang nicht ausschliessen. Hier besteht somit auch der Unterschied zur Zertifizierung von nicht tierqu\u00e4lerisch hergestelltem Pelz. Pelz kann produziert werden, ohne dass daf\u00fcr Tiere gequ\u00e4lt werden, indem sie beispielsweise angemessene Stallungen erhalten und sich artgerecht bewegen k\u00f6nnen. F\u00fcr die Produktion von Stopfleber l\u00e4sst sich jedoch der von der Volksinitiative bem\u00e4ngelte Vorgang des Stopfens nicht vermeiden. </p>\n<p>En conclusion et en r\u00e9sum\u00e9, le Conseil f\u00e9d\u00e9ral recommande de proposer le rejet de l'initiative foie gras et de ne pas entrer en mati\u00e8re sur le contre-projet indirect sous forme d'initiative parlementaire. Si votre conseil devait n\u00e9anmoins d\u00e9cider d'entrer en mati\u00e8re sur ce contre-projet indirect, le Conseil f\u00e9d\u00e9ral recommanderait de rejeter les nouvelles propositions de votre commission et d'en rester \u00e0 la d\u00e9cision du Conseil national.</p>\n<p>[VS]</p>\n</pd_text>","MeetingCouncilAbbreviation":"S","MeetingDate":"20260608","MeetingVerbalixOid":4178,"IdSession":"5214","SpeakerFirstName":"Elisabeth","SpeakerLastName":"Baume-Schneider","SpeakerFullName":"Baume-Schneider Elisabeth","SpeakerFunction":"BR-F","CouncilId":99,"CouncilName":"Conseil f\u00e9d\u00e9ral","CantonId":26,"CantonName":"Jura","CantonAbbreviation":"JU","ParlGroupName":null,"ParlGroupAbbreviation":null,"SortOrder":7,"Start":"\/Date(1780939875937)\/","End":"\/Date(1780940320678)\/","Function":"BR-F","DisplaySpeaker":true,"LanguageOfText":"FR","Modified":"\/Date(1788445126309)\/","StartTimeWithTimezone":"\/Date(1780939875937+0120)\/","EndTimeWithTimezone":"\/Date(1780940320677+0120)\/","VoteBusinessNumber":null,"VoteBusinessShortNumber":null,"VoteBusinessTitle":null},{"__metadata":{"id":"https://ws.parlament.ch/OData.svc/Transcript(ID=375821L,Language='FR')","uri":"https://ws.parlament.ch/OData.svc/Transcript(ID=375821L,Language='FR')","type":"itsystems.Pd.DataServices.DataModel.Transcript"},"Subjects":{"__deferred":{"uri":"https://ws.parlament.ch/OData.svc/Transcript(ID=375821L,Language='FR')/Subjects"}},"MembersCouncil":{"__deferred":{"uri":"https://ws.parlament.ch/OData.svc/Transcript(ID=375821L,Language='FR')/MembersCouncil"}},"Businesses":{"__deferred":{"uri":"https://ws.parlament.ch/OData.svc/Transcript(ID=375821L,Language='FR')/Businesses"}},"ID":"375821","Language":"FR","IdSubject":"71706","VoteId":"8274","PersonNumber":null,"Type":2,"Text":"<pd_text><p><i>Erste Abstimmung - Premier vote </i>[GZ]</p>\n<p>[NAM][GZ]</p>\n<p>F\u00fcr den Antrag M\u00fcller Damian ... 38 Stimmen[GZ]</p>\n<p>F\u00fcr den Antrag der Kommission ... 6 Stimmen[GZ]</p>\n<p>(0 Enthaltungen)</p>\n</pd_text>","MeetingCouncilAbbreviation":"S","MeetingDate":"20260608","MeetingVerbalixOid":4178,"IdSession":"5214","SpeakerFirstName":null,"SpeakerLastName":null,"SpeakerFullName":"","SpeakerFunction":null,"CouncilId":null,"CouncilName":null,"CantonId":null,"CantonName":null,"CantonAbbreviation":null,"ParlGroupName":null,"ParlGroupAbbreviation":null,"SortOrder":21,"Start":"\/Date(1780941026497)\/","End":"\/Date(1780941067425)\/","Function":null,"DisplaySpeaker":null,"LanguageOfText":null,"Modified":"\/Date(1788445126327)\/","StartTimeWithTimezone":"\/Date(1780941026497+0120)\/","EndTimeWithTimezone":"\/Date(1780941067427+0120)\/","VoteBusinessNumber":20250404,"VoteBusinessShortNumber":"25.404","VoteBusinessTitle":"Initiative parlementaire\nCSEC-N.\nContre-projet indirect\n\u00e0 l'initiative foie gras"},{"__metadata":{"id":"https://ws.parlament.ch/OData.svc/Transcript(ID=375822L,Language='FR')","uri":"https://ws.parlament.ch/OData.svc/Transcript(ID=375822L,Language='FR')","type":"itsystems.Pd.DataServices.DataModel.Transcript"},"Subjects":{"__deferred":{"uri":"https://ws.parlament.ch/OData.svc/Transcript(ID=375822L,Language='FR')/Subjects"}},"MembersCouncil":{"__deferred":{"uri":"https://ws.parlament.ch/OData.svc/Transcript(ID=375822L,Language='FR')/MembersCouncil"}},"Businesses":{"__deferred":{"uri":"https://ws.parlament.ch/OData.svc/Transcript(ID=375822L,Language='FR')/Businesses"}},"ID":"375822","Language":"FR","IdSubject":"71706","VoteId":"8275","PersonNumber":null,"Type":2,"Text":"<pd_text><p><i>Zweite Abstimmung - Deuxi\u00e8me vote </i>[GZ]</p>\n<p>[NAM][GZ]</p>\n<p>F\u00fcr den Antrag Broulis ... 28 Stimmen[GZ]</p>\n<p>F\u00fcr den Antrag der Kommission ... 16 Stimmen[GZ]</p>\n<p>(0 Enthaltungen)</p>\n<p>[VS]</p>\n<p><i>\u00dcbrige Bestimmungen angenommen </i>[GZ]</p>\n<p><i>Les autres dispositions sont adopt\u00e9es</i></p>\n</pd_text>","MeetingCouncilAbbreviation":"S","MeetingDate":"20260608","MeetingVerbalixOid":4178,"IdSession":"5214","SpeakerFirstName":null,"SpeakerLastName":null,"SpeakerFullName":"","SpeakerFunction":null,"CouncilId":null,"CouncilName":null,"CantonId":null,"CantonName":null,"CantonAbbreviation":null,"ParlGroupName":null,"ParlGroupAbbreviation":null,"SortOrder":22,"Start":null,"End":null,"Function":null,"DisplaySpeaker":null,"LanguageOfText":null,"Modified":"\/Date(1788445126329)\/","StartTimeWithTimezone":null,"EndTimeWithTimezone":null,"VoteBusinessNumber":20250404,"VoteBusinessShortNumber":"25.404","VoteBusinessTitle":"Initiative parlementaire\nCSEC-N.\nContre-projet indirect\n\u00e0 l'initiative foie gras"},{"__metadata":{"id":"https://ws.parlament.ch/OData.svc/Transcript(ID=375826L,Language='FR')","uri":"https://ws.parlament.ch/OData.svc/Transcript(ID=375826L,Language='FR')","type":"itsystems.Pd.DataServices.DataModel.Transcript"},"Subjects":{"__deferred":{"uri":"https://ws.parlament.ch/OData.svc/Transcript(ID=375826L,Language='FR')/Subjects"}},"MembersCouncil":{"__deferred":{"uri":"https://ws.parlament.ch/OData.svc/Transcript(ID=375826L,Language='FR')/MembersCouncil"}},"Businesses":{"__deferred":{"uri":"https://ws.parlament.ch/OData.svc/Transcript(ID=375826L,Language='FR')/Businesses"}},"ID":"375826","Language":"FR","IdSubject":"71706","VoteId":null,"PersonNumber":4238,"Type":1,"Text":"<pd_text><p>Merci, Monsieur le pr\u00e9sident, de me donner la possibilit\u00e9 de m'exprimer sur cet \u00e9l\u00e9ment. Franchement, si l'on veut mener des contr\u00f4les que l'on ne souhaite pas effectuer, il me semble que c'est un peu particulier de dire qu'on les fera une fois et [PAGE 476] qu'ensuite, la bonne foi suffira. Je vous invite donc \u00e0 suivre votre commission et \u00e0 ne pas entrer en mati\u00e8re sur cette proposition individuelle.</p>\n</pd_text>","MeetingCouncilAbbreviation":"S","MeetingDate":"20260608","MeetingVerbalixOid":4178,"IdSession":"5214","SpeakerFirstName":"Elisabeth","SpeakerLastName":"Baume-Schneider","SpeakerFullName":"Baume-Schneider Elisabeth","SpeakerFunction":"BR-F","CouncilId":99,"CouncilName":"Conseil f\u00e9d\u00e9ral","CantonId":26,"CantonName":"Jura","CantonAbbreviation":"JU","ParlGroupName":null,"ParlGroupAbbreviation":null,"SortOrder":14,"Start":"\/Date(1780940528142)\/","End":"\/Date(1780940552727)\/","Function":"BR-F","DisplaySpeaker":true,"LanguageOfText":"FR","Modified":"\/Date(1788445126319)\/","StartTimeWithTimezone":"\/Date(1780940528143+0120)\/","EndTimeWithTimezone":"\/Date(1780940552727+0120)\/","VoteBusinessNumber":null,"VoteBusinessShortNumber":null,"VoteBusinessTitle":null},{"__metadata":{"id":"https://ws.parlament.ch/OData.svc/Transcript(ID=375827L,Language='FR')","uri":"https://ws.parlament.ch/OData.svc/Transcript(ID=375827L,Language='FR')","type":"itsystems.Pd.DataServices.DataModel.Transcript"},"Subjects":{"__deferred":{"uri":"https://ws.parlament.ch/OData.svc/Transcript(ID=375827L,Language='FR')/Subjects"}},"MembersCouncil":{"__deferred":{"uri":"https://ws.parlament.ch/OData.svc/Transcript(ID=375827L,Language='FR')/MembersCouncil"}},"Businesses":{"__deferred":{"uri":"https://ws.parlament.ch/OData.svc/Transcript(ID=375827L,Language='FR')/Businesses"}},"ID":"375827","Language":"FR","IdSubject":"71706","VoteId":null,"PersonNumber":4237,"Type":1,"Text":"<pd_text><p>Die WBK-S muss sich ja mit allem M\u00f6glichen besch\u00e4ftigen, von Feuerwerk \u00fcber Foie gras bis zu Gleichstellungsfragen. Foie gras ist ein Thema, das uns auch emotional ber\u00fchrt; f\u00fcr die einen ist es eine Delikatesse, f\u00fcr die anderen ist es nur Tierqu\u00e4lerei. Vor diesem Hintergrund mussten wir aufgrund einer Volksinitiative das Thema anschauen. Die Initiative verlangt explizit, in Artikel 80 Absatz 2ter der Bundesverfassung Folgendes einzuf\u00fcgen: \"Die Einfuhr von Stopfleber und Stopfleberprodukten ist verboten.\" </p>\n<p>Wieso ist Ihre Kommission f\u00fcr einen indirekten Gegenvorschlag? Wir sind uns einig: Die Initiative hat nat\u00fcrlich Sympathien. Man kann auch nicht sch\u00f6nreden, dass die Herstellung von Stopfleber, zumindest in der letzten Phase, tierqu\u00e4lerisch ist; ich komme darauf noch zu sprechen. Und es ist so, dass aus Tierschutzgr\u00fcnden die Produktion in der Schweiz verboten ist. Wir reden hier \u00fcber die Frage, ob die Einfuhr erlaubt sein soll oder nicht. Produzentenl\u00e4nder sind im Wesentlichen Frankreich, Ungarn und Bulgarien. Also wir reden dar\u00fcber, ob die Einfuhr erlaubt oder nicht erlaubt sein soll. </p>\n<p>Wir haben in der Kommission auch die Frage besprochen, ob es insk\u00fcnftig neuere Technologien geben wird, die quasi \u00c4quivalenzprodukte m\u00f6glich machen, die eben weniger tierqu\u00e4lerisch oder gar nicht tierqu\u00e4lerisch w\u00e4ren. Das ist im Moment noch nicht der Fall. Es kann sein, dass das einmal kommen wird. Das Produkt w\u00fcrde dann aber auch mehr kosten. Auf dem Markt gibt es aktuell wohl keine gleichartigen Produkte, die gleich schmecken wie die bekannte Foie gras. Das ist einfach die Ausgangslage, die man zur Kenntnis nehmen muss. </p>\n<p>Die Volksinitiative w\u00fcrde aus Sicht der Kommission verschiedene Probleme schaffen, in erster Linie politisch-gesellschaftlich. Ihnen ist bewusst, dass die Wahrnehmung dieses Themas in der Westschweiz und in der Deutschschweiz unterschiedlich ist. Es geh\u00f6rt auch zur kulinarischen Tradition in der Westschweiz, dass man Foie gras konsumiert. Es geht diesbez\u00fcglich nat\u00fcrlich auch um die Frage, ob man dann, wenn man das Produkt in der Schweiz nicht mehr bekommen w\u00fcrde, den Einkaufstourismus ankurbeln w\u00fcrde. Diese Gefahr liegt nat\u00fcrlich auf der Hand. Also die Exposition ist in der Westschweiz bei dieser Thematik gr\u00f6sser als in der Deutschschweiz, das ist eindeutig. In zweiter Linie w\u00fcrde diese Volksinitiative zu einem Verstoss gegen unsere internationalen Verpflichtungen f\u00fchren. Wir bek\u00e4men Probleme, wenn wir ihr zustimmen w\u00fcrden. </p>\n<p>Dann geht es hier auch um die Frage, ob nur gewerblicher Import oder auch Privatimport verboten w\u00e4re. Wir sind in der Kommission zur Auffassung gelangt, dass der Privatimport nicht kontrollierbar ist; darum hat man diesen ausgenommen. Dann stellt sich nat\u00fcrlich auch ganz grunds\u00e4tzlich die Frage, wie weit der Staat regulieren soll, ob er das bis hin zu unseren Essgewohnheiten tun soll. </p>\n<p>Das ist kurz zusammengefasst die Einsch\u00e4tzung zur Initiative. Diese wollen wir mit einer Fristverl\u00e4ngerung f\u00fcr die Behandlung versehen, damit man eben entsprechend die Zeit f\u00fcr die Beratung des indirekten Gegenvorschlags hat.</p>\n<p>Ein wesentliches Element des indirekten Gegenvorschlags ist erstens die rein gewerbsm\u00e4ssige Einfuhr. Hierzu liegt ein Einzelantrag Broulis vor, der auch den privaten Import, die private Einfuhr mit einschliessen m\u00f6chte. Ich habe erw\u00e4hnt, dass dies praktisch sehr schwierig umsetzbar ist. Zweitens muss die entsprechende Einfuhr dann beim Bundesamt f\u00fcr Zoll und Grenzsicherheit angemeldet werden. Darauf folgt eine Beobachtungsphase, in der das Bundesamt f\u00fcr Lebensmittelsicherheit und Veterin\u00e4rwesen (BLV) pr\u00fcft, inwieweit sich die Mengen aufgrund der beschlossenen Massnahmen reduzieren.</p>\n<p>Damit ist auch gesagt, dass es ein Ziel des indirekten Gegenvorschlags ist, quasi auf einen Reduktionspfad zu kommen, der aber einen unteren Schwellenwert nicht unterschreiten darf. Dieser Schwellenwert ergibt sich aus den Verpflichtungen des Landwirtschaftsabkommens. Wir reden von 20 Tonnen, zu welchen sich die Schweiz verpflichtet hat. Das ist der untere Schwellenwert. Das Departement soll alle f\u00fcnf Jahre einen Bericht zur Frage erstellen, wo die Schweiz in Bezug auf diesen Reduktionspfad steht.</p>\n<p>Sie werden auf der Fahne feststellen, welche Rechtsfolgen sich ergeben, wenn wir diese Reduktion nicht erreichen. Es gibt hier unterschiedliche Auffassungen zwischen dem Nationalrat und der st\u00e4nder\u00e4tlichen Kommission. Wenn es keinen R\u00fcckgang gibt, w\u00fcrde der Nationalrat zu Reduktionsmassnahmen wie Bedingungen, Einschr\u00e4nkungen oder Kennzeichnungspflichten greifen. Die Version der st\u00e4nder\u00e4tlichen Kommission gem\u00e4ss der Fahne verst\u00e4rkt die Verh\u00e4ltnism\u00e4ssigkeit deutlich. Wir w\u00fcrden eben nicht nur von Reduktionsmassnahmen, also quantitativen Massnahmen, ausgehen, sondern auch qualitative Massnahmen - Stichwort \"tierwohlbezogene Auflagen\" - mit in den Fokus nehmen, die Einfuhr an Bedingungen bez\u00fcglich Herstellverfahren kn\u00fcpfen, weitere Kennzeichnungen vorsehen und eigentlich erst als Ultima Ratio Einschr\u00e4nkungen bei der Einfuhr erlassen. Wie erw\u00e4hnt, liegt der untere Schwellenwert bei 20 Tonnen. Diesen w\u00fcrde man nicht unterschreiten. Das ergibt sich aus der handelsrechtlichen Verpflichtung qua Landwirtschaftsabkommen Schweiz-EU. </p>\n<p>In der Gesamtabstimmung nahm Ihre Kommission den indirekten Gegenvorschlag mit 8 zu 4 Stimmen bei 1 Enthaltung an. Es liegt aber auch ein Minderheitsantrag vor; die Minderheit wird diesen dann selbst begr\u00fcnden. </p>\n<p>Noch ein Wort zu den qualitativen oder tierwohlbezogenen Auflagen: Nat\u00fcrlich kann man sagen, dieser Produktionsprozess sei per se tierqu\u00e4lerisch. Wenn man das Ganze aber etwas n\u00e4her betrachtet, dann sieht man, dass die Tiere gewisse Haltungsbedingungen haben, die besser oder schlechter sein k\u00f6nnen. Die Idee der Kommission ist, dass man wirklich darauf schaut, auch mittels Zertifizierung, dass die Haltungsbedingungen in der ersten Phase, welche 90 Prozent der Lebenszeit umfasst, sehr gut sind. In der letzten Phase, die die Tiere haben, die 10 Prozent der Lebenszeit umfasst, also quasi auf den letzten Metern, findet die tierqu\u00e4lerische Schlussmast statt. Da gibt es gewisse Nuancen, bessere oder schonendere Methoden. Daf\u00fcr gibt es entsprechende Labels. Die letzten 10 Prozent, die Schlussmast, umfassen letztlich tierqu\u00e4lerische Methoden; das muss man klar sagen. Dieser Stopfvorgang an sich ist das Problem, aber, wie erw\u00e4hnt, bezieht er sich auf die letzten 10 Prozent der Lebenszeit.</p>\n<p>Das Resultat unserer \u00dcberlegungen zum indirekten Gegenvorschlag sieht so aus: Es gibt Zertifizierungsstellen, die die Produktionsprozesse \u00fcberwachen. Das BLV, das Bundesamt, hat die Aufgabe, die Zertifikate dieser Zertifizierungsstellen anzuerkennen. Die Zertifizierung w\u00e4re eine Auflage f\u00fcr die Importeure, diese m\u00fcssten auch die Aufw\u00e4nde daf\u00fcr tragen. [PAGE 472] Insoweit sind wir der Auffassung, dass sich der Aufwand f\u00fcr die Verwaltung in Grenzen halten w\u00fcrde. Das ist, kurz zusammengefasst, der indirekte Gegenvorschlag.</p>\n<p>Doch noch zwei, drei Worte zur Initiative: Wie erw\u00e4hnt, widerspricht die Initiative den internationalen Verpflichtungen der Schweiz. Das Einfuhrverbot w\u00fcrde einen schweren Eingriff in den freien Handel darstellen und damit den WTO-rechtlichen Verpflichtungen der Schweiz entgegenstehen. Ebenso w\u00fcrden Abkommen mit der EU verletzt, namentlich das Freihandelsabkommen, das Landwirtschaftsabkommen und die allf\u00e4llige Erweiterung des Landwirtschaftsabkommens auf die gesamte Lebensmittelkette. Aufgrund des Verh\u00e4ltnism\u00e4ssigkeitsgrundsatzes sollen Einfuhrverbote erst dann erlassen werden, wenn alle anderen, milderen Massnahmen, wie zum Beispiel eine Deklarationspflicht, nicht zum Ziel gef\u00fchrt haben. \u00dcberdies verpflichtet sich die Schweiz im bestehenden Landwirtschaftsabkommen zur Einr\u00e4umung von Zollzugest\u00e4ndnissen f\u00fcr eine j\u00e4hrliche Menge von 20 Tonnen an Fettleber von Enten und G\u00e4nsen aus der EU. Mit einem Einfuhrverbot w\u00e4re folglich mit Handelsstreitigkeiten mit den internationalen Handelspartnern der Schweiz, insbesondere auch mit der EU, zu rechnen.</p>\n<p>Zudem sollte zuerst die Wirkung der am 1.[NB]Juli 2025 vom Bundesrat erlassenen Deklarationspflicht f\u00fcr Stopfleber, Magret und Confit beobachtet werden. Es ist wichtig, dass Sie auch das noch zur Kenntnis nehmen: Auf dem Verordnungsweg haben wir eigentlich bereits eine Deklarationspflicht erlassen. Diese soll dazu beitragen, den Informationsstand der Konsumentinnen und Konsumenten \u00fcber die aus Tierschutzsicht problematische Gewinnung von Stopfleber und Stopfleberprodukten zu verbessern. Das k\u00f6nnte zur Folge haben, dass sich der Konsum solcher Produkte k\u00fcnftig reduziert. Das ist das Ziel dieses Reduktionskonzepts. Ein Einfuhrverbot einzuf\u00fchren, ohne zuerst die Wirkung der Deklarationspflicht zu kennen, w\u00e4re verfr\u00fcht und damit eben nicht verh\u00e4ltnism\u00e4ssig.</p>\n<p>Unter anderem aus diesen beiden Gr\u00fcnden hat nicht nur die vorberatende Kommission, sondern auch der Bundesrat die Ablehnung der Volksinitiative empfohlen.</p>\n<p>Noch das Abstimmungsverh\u00e4ltnis im Nationalrat: Die Kommission hat dem indirekten Gegenvorschlag mit 14 zu 10 Stimmen bei 1 Enthaltung zugestimmt. Im Plenum lag das Stimmenverh\u00e4ltnis in der Gesamtabstimmung bei 96 zu 76 Stimmen.</p>\n<p>Der Gegenvorschlag verbindet, einfach gesagt, Transparenz, Beobachtung und die M\u00f6glichkeit, schrittweise steuernd einzugreifen. Der Bundesrat selbst ist skeptisch hinsichtlich der parlamentarischen Initiative. Er verweist darauf, dass man diese Deklarationspflicht im Prinzip schon auf dem Verordnungsweg eingef\u00fchrt habe.</p>\n<p>Ein Wort noch zur Europ\u00e4ischen Union bzw. zu den Bilateralen III: Die Frage stand im Raum, ob das neue Lebensmittelsicherheitsabkommen schon zu gewissen Ausgleichsmassnahmen f\u00fchren w\u00fcrde, wenn wir die Deklarationspflicht einf\u00fchren - also das, was bereits geltendes Recht ist. In den Bilateralen III, das kann ich namens der Kommission so festhalten, ist eine Ausnahme f\u00fcr die Deklarationspflichten ausgehandelt worden. In diesem Bereich kann die Schweiz also selber Bestimmungen festlegen. Was dar\u00fcber hinausgeht, m\u00fcsste mit der EU allerdings neu verhandelt werden; das noch der europarechtliche Kontext.</p>\n<p>Wie erw\u00e4hnt, die Kommission stimmte in der Gesamtabstimmung mit 8 zu 4 Stimmen bei 1 Enthaltung f\u00fcr den indirekten Gegenvorschlag. Bei der Fristverl\u00e4ngerung der Volksinitiative waren wir selbstverst\u00e4ndlich einstimmig.</p>\n<p>Ich bitte Sie, diesen Kommissionsantr\u00e4gen zu folgen. Zu den Antr\u00e4gen in der Detailberatung werde ich nachher kurz noch Stellung nehmen.</p>\n</pd_text>","MeetingCouncilAbbreviation":"S","MeetingDate":"20260608","MeetingVerbalixOid":4178,"IdSession":"5214","SpeakerFirstName":"Benedikt","SpeakerLastName":"W\u00fcrth","SpeakerFullName":"W\u00fcrth Benedikt","SpeakerFunction":"Mit-M","CouncilId":2,"CouncilName":"Conseil des Etats","CantonId":17,"CantonName":"St-Gall","CantonAbbreviation":"SG","ParlGroupName":"Le Groupe du Centre. Le Centre. PEV.","ParlGroupAbbreviation":"M-E","SortOrder":2,"Start":"\/Date(1780938031163)\/","End":"\/Date(1780938874661)\/","Function":"*","DisplaySpeaker":true,"LanguageOfText":"DE","Modified":"\/Date(1788445126292)\/","StartTimeWithTimezone":"\/Date(1780938031163+0120)\/","EndTimeWithTimezone":"\/Date(1780938874660+0120)\/","VoteBusinessNumber":null,"VoteBusinessShortNumber":null,"VoteBusinessTitle":null},{"__metadata":{"id":"https://ws.parlament.ch/OData.svc/Transcript(ID=375829L,Language='FR')","uri":"https://ws.parlament.ch/OData.svc/Transcript(ID=375829L,Language='FR')","type":"itsystems.Pd.DataServices.DataModel.Transcript"},"Subjects":{"__deferred":{"uri":"https://ws.parlament.ch/OData.svc/Transcript(ID=375829L,Language='FR')/Subjects"}},"MembersCouncil":{"__deferred":{"uri":"https://ws.parlament.ch/OData.svc/Transcript(ID=375829L,Language='FR')/MembersCouncil"}},"Businesses":{"__deferred":{"uri":"https://ws.parlament.ch/OData.svc/Transcript(ID=375829L,Language='FR')/Businesses"}},"ID":"375829","Language":"FR","IdSubject":"71706","VoteId":"8276","PersonNumber":null,"Type":2,"Text":"<pd_text><p><i>Ziff. I Art. 14 Abs. 4 - Ch. I art. 14 al. 4 </i>[GZ]</p>\n<p>[VS][GZ]</p>\n<p><i>Abstimmung - Vote </i>[GZ]</p>\n<p>[NAM][GZ]</p>\n<p>F\u00fcr den Antrag M\u00fcller Damian ... 27 Stimmen[GZ]</p>\n<p>F\u00fcr den Antrag der Kommission ... 17 Stimmen[GZ]</p>\n<p>(0 Enthaltungen)</p>\n</pd_text>","MeetingCouncilAbbreviation":"S","MeetingDate":"20260608","MeetingVerbalixOid":4178,"IdSession":"5214","SpeakerFirstName":null,"SpeakerLastName":null,"SpeakerFullName":"","SpeakerFunction":null,"CouncilId":null,"CouncilName":null,"CantonId":null,"CantonName":null,"CantonAbbreviation":null,"ParlGroupName":null,"ParlGroupAbbreviation":null,"SortOrder":28,"Start":"\/Date(1780941310641)\/","End":"\/Date(1780941310641)\/","Function":null,"DisplaySpeaker":null,"LanguageOfText":null,"Modified":"\/Date(1788445126340)\/","StartTimeWithTimezone":"\/Date(1780941310640+0120)\/","EndTimeWithTimezone":"\/Date(1780941310640+0120)\/","VoteBusinessNumber":20250404,"VoteBusinessShortNumber":"25.404","VoteBusinessTitle":"Initiative parlementaire\nCSEC-N.\nContre-projet indirect\n\u00e0 l'initiative foie gras"},{"__metadata":{"id":"https://ws.parlament.ch/OData.svc/Transcript(ID=375834L,Language='FR')","uri":"https://ws.parlament.ch/OData.svc/Transcript(ID=375834L,Language='FR')","type":"itsystems.Pd.DataServices.DataModel.Transcript"},"Subjects":{"__deferred":{"uri":"https://ws.parlament.ch/OData.svc/Transcript(ID=375834L,Language='FR')/Subjects"}},"MembersCouncil":{"__deferred":{"uri":"https://ws.parlament.ch/OData.svc/Transcript(ID=375834L,Language='FR')/MembersCouncil"}},"Businesses":{"__deferred":{"uri":"https://ws.parlament.ch/OData.svc/Transcript(ID=375834L,Language='FR')/Businesses"}},"ID":"375834","Language":"FR","IdSubject":"71706","VoteId":null,"PersonNumber":10805,"Type":1,"Text":"<pd_text><p>C'est toujours emb\u00eatant d'introduire dans une loi cette notion de contr\u00f4le apr\u00e8s cinq ans. C'est pourquoi je vous propose de ne pr\u00e9voir qu'un seul contr\u00f4le.</p>\n<p>Avec un contr\u00f4le tous les cinq ans des importations \u00e0 titre professionnel de foie gras, de magret ou de confit provenant d'oies ou de canards gav\u00e9s, ou des denr\u00e9es alimentaires contenant ces produits, les entreprises concern\u00e9es, du commerce de d\u00e9tail, de la restauration, mais aussi les importateurs, vivraient en permanence sous la menace d'une incertitude juridique, ce qui entraverait durablement leur d\u00e9veloppement \u00e9conomique. Cela contrasterait avec le grand nombre d'entreprises exportatrices des pays voisins, qui, gr\u00e2ce \u00e0 leur diversification nettement plus large sur le march\u00e9 europ\u00e9en, pourraient rapidement prendre le relais.</p>\n<p>C'est dans cet esprit que je vous encourage \u00e0 faire une fois un contr\u00f4le, et ensuite \u00e0 vous arr\u00eater l\u00e0.</p>\n</pd_text>","MeetingCouncilAbbreviation":"S","MeetingDate":"20260608","MeetingVerbalixOid":4178,"IdSession":"5214","SpeakerFirstName":"Pascal","SpeakerLastName":"Broulis","SpeakerFullName":"Broulis Pascal","SpeakerFunction":"Mit-M","CouncilId":2,"CouncilName":"Conseil des Etats","CantonId":22,"CantonName":"Vaud","CantonAbbreviation":"VD","ParlGroupName":"Groupe lib\u00e9ral-radical","ParlGroupAbbreviation":"RL","SortOrder":12,"Start":"\/Date(1780940464367)\/","End":"\/Date(1780940514334)\/","Function":"Mit-M","DisplaySpeaker":true,"LanguageOfText":"FR","Modified":"\/Date(1788445126316)\/","StartTimeWithTimezone":"\/Date(1780940464367+0120)\/","EndTimeWithTimezone":"\/Date(1780940514333+0120)\/","VoteBusinessNumber":null,"VoteBusinessShortNumber":null,"VoteBusinessTitle":null},{"__metadata":{"id":"https://ws.parlament.ch/OData.svc/Transcript(ID=375835L,Language='FR')","uri":"https://ws.parlament.ch/OData.svc/Transcript(ID=375835L,Language='FR')","type":"itsystems.Pd.DataServices.DataModel.Transcript"},"Subjects":{"__deferred":{"uri":"https://ws.parlament.ch/OData.svc/Transcript(ID=375835L,Language='FR')/Subjects"}},"MembersCouncil":{"__deferred":{"uri":"https://ws.parlament.ch/OData.svc/Transcript(ID=375835L,Language='FR')/MembersCouncil"}},"Businesses":{"__deferred":{"uri":"https://ws.parlament.ch/OData.svc/Transcript(ID=375835L,Language='FR')/Businesses"}},"ID":"375835","Language":"FR","IdSubject":"71706","VoteId":null,"PersonNumber":825,"Type":1,"Text":"<pd_text><p>Manchmal lohnt es sich, bei einer Vorlage einen Schritt zur\u00fcckzutreten und sich zu fragen, was wir hier eigentlich machen. Wir diskutieren heute nicht prim\u00e4r \u00fcber die Stopfleber-Initiative. Diese lehnen Bundesrat, Nationalrat und auch die Kommission ab. Dar\u00fcber besteht weitgehende Einigkeit. Wir diskutieren \u00fcber einen Gegenvorschlag, der ein Problem l\u00f6sen will, ohne zu sagen, wie die L\u00f6sung am Ende aussehen soll. Auch deshalb beantrage ich Nichteintreten. </p>\n<p>Die Schweiz hat die Produktion von Stopfleber verboten. Das ist seit Jahrzehnten so, niemand in diesem Land will das \u00e4ndern. Aber heute geht es um die Frage, ob wir beginnen wollen, ausl\u00e4ndische Produktionsmethoden \u00fcber das Schweizer Recht schrittweise zu steuern. Wenn wir diesen Weg einschlagen, sollten wir wenigstens ehrlich sein. Denn dann geht es nicht nur um Stopfleber, dann geht es um einen grunds\u00e4tzlichen Paradigmenwechsel. Dann stellt sich die Frage, welche Produkte k\u00fcnftig noch importiert werden d\u00fcrfen, nach welchen Kriterien und wer das entscheidet. Der Bundesrat? Die Verwaltung? Alle f\u00fcnf Jahre soll ein neuer Bericht folgen, immer mit neuen Forderungen, dies frei nach dem Motto: heute Stopfleber, morgen andere Fleischprodukte, \u00fcbermorgen wieder andere Lebensmittel. Wer die Debatten der letzten Jahre verfolgt hat, weiss genau, dass dies kein theoretisches Szenario ist. </p>\n<p>Mich st\u00f6rt aber noch etwas anderes: Mit der Umsetzung der Motionen Haab 20.3021 und 20.4267 der WBK-S, also unserer Kommission, wurde auf Verordnungsstufe eine Deklarationspflicht f\u00fcr die entsprechenden Produkte - h\u00f6ren Sie gut zu - ab 1.[NB]Juli 2025 mit einer zweij\u00e4hrigen \u00dcbergangsfrist eingef\u00fchrt. Was heisst das? Es bedeutet nichts anderes, als dass die neue Kennzeichnungspflicht noch gar nicht vollst\u00e4ndig wirksam ist, auch nicht sein kann. Was also soll die zus\u00e4tzliche Anhebung der Deklarationspflicht von der Verordnungs- auf die Gesetzesebene? Das kann allein schon aus verfahrenstechnischen Gr\u00fcnden nicht zielf\u00fchrend sein. Die Wirkung kann jetzt ja gar noch nicht abgesch\u00e4tzt werden. Trotzdem beschliessen wir bereits die n\u00e4chste Regulierungsstufe. Das ist Politik nach dem Motto: Wir wissen nicht so recht, was zu tun ist, also machen wir doch einmal ein Gesetz. </p>\n<p>Hand aufs Herz: Glaubt wirklich jemand im Saal, dass die Schweiz mit rund 1 Prozent des weltweiten Stopflebermarktes die Produktionsmethoden in Frankreich oder anderswo ver\u00e4ndern wird? </p>\n<p>Noch ein Schwachpunkt: Der Gegenentwurf beschr\u00e4nkt sich auf gewerbsm\u00e4ssige Importe und l\u00e4sst private Einfuhren unber\u00fchrt. Diese Ungleichbehandlung ist sachlich kaum begr\u00fcndbar. Zudem w\u00fcrden die Importe wohl einfach in die privaten Kan\u00e4le verlagert, was den Einkaufstourismus auch bei weiteren Lebensmitteln zus\u00e4tzlich ankurbeln w\u00fcrde. </p>\n<p>Sie l\u00f6sen mit dem Gegenvorschlag also keine Probleme und reduzieren das Tierleid im Ausland in Anbetracht der unbedeutenden Importmengen kaum. Daf\u00fcr riskieren wir Handelskonflikte, Rechtsunsicherheit und neue B\u00fcrokratie f\u00fcr einen Effekt, der bestenfalls symbolisch ist. Die Schweiz war immer dann stark, wenn sie auf Transparenz, Eigenverantwortung und m\u00fcndige Konsumentinnen und Konsumenten gesetzt hat. Wer keine Stopfleber essen will, soll keine Stopfleber essen. Wer sie verkaufen will, soll klar deklarieren m\u00fcssen, wie sie hergestellt wurde. Aber der Staat muss nicht jede moralische Debatte in ein neues Gesetz giessen. Wir sind doch kein globales Ern\u00e4hrungsgericht. Wir sollten aufpassen, dass wir aus berechtigter Emp\u00f6rung nicht schrittweise einen Mechanismus schaffen, mit dem k\u00fcnftig immer mehr Produkte aufgrund politischer oder moralischer Bewertungen eingeschr\u00e4nkt werden k\u00f6nnen. </p>\n<p>Darum bitte ich Sie, auf diese ebenso sch\u00f6nf\u00e4rberische wie b\u00fcrokratische Vorlage gar nicht erst einzutreten. Auch mit den vorliegenden Einzelantr\u00e4gen machen Sie den gr\u00fcndlich missratenen Gegenentwurf nicht wirklich besser. Vergessen wir nicht, dass die Foie gras gerade in der franz\u00f6sischsprachigen Schweiz ein traditionelles Kulturgut ist. Zwingen Sie also die welschen Mitbewohner nicht, sich statt beim Schweizer Fachhandel mit klar deklarierten Produkten k\u00fcnftig auf dem Schwarzmarkt oder im Ausland eindecken zu m\u00fcssen.</p>\n<p>In diesem Sinne danke ich Ihnen f\u00fcr Ihr Nichteintreten. </p>\n</pd_text>","MeetingCouncilAbbreviation":"S","MeetingDate":"20260608","MeetingVerbalixOid":4178,"IdSession":"5214","SpeakerFirstName":"Hannes","SpeakerLastName":"Germann","SpeakerFullName":"Germann Hannes","SpeakerFunction":"Mit-M","CouncilId":2,"CouncilName":"Conseil des Etats","CantonId":14,"CantonName":"Schaffhouse","CantonAbbreviation":"SH","ParlGroupName":"Groupe de l'Union d\u00e9mocratique du Centre","ParlGroupAbbreviation":"V","SortOrder":3,"Start":"\/Date(1780938885798)\/","End":"\/Date(1780939229403)\/","Function":"Mit-M","DisplaySpeaker":true,"LanguageOfText":"DE","Modified":"\/Date(1788445126293)\/","StartTimeWithTimezone":"\/Date(1780938885797+0120)\/","EndTimeWithTimezone":"\/Date(1780939229403+0120)\/","VoteBusinessNumber":null,"VoteBusinessShortNumber":null,"VoteBusinessTitle":null},{"__metadata":{"id":"https://ws.parlament.ch/OData.svc/Transcript(ID=375836L,Language='FR')","uri":"https://ws.parlament.ch/OData.svc/Transcript(ID=375836L,Language='FR')","type":"itsystems.Pd.DataServices.DataModel.Transcript"},"Subjects":{"__deferred":{"uri":"https://ws.parlament.ch/OData.svc/Transcript(ID=375836L,Language='FR')/Subjects"}},"MembersCouncil":{"__deferred":{"uri":"https://ws.parlament.ch/OData.svc/Transcript(ID=375836L,Language='FR')/MembersCouncil"}},"Businesses":{"__deferred":{"uri":"https://ws.parlament.ch/OData.svc/Transcript(ID=375836L,Language='FR')/Businesses"}},"ID":"375836","Language":"FR","IdSubject":"71706","VoteId":"8277","PersonNumber":null,"Type":2,"Text":"<pd_text><p><i>Abstimmung - Vote </i>[GZ]</p>\n<p>[NAM][GZ]</p>\n<p>F\u00fcr den Antrag der Kommission ... 29 Stimmen[GZ]</p>\n<p>F\u00fcr den Antrag M\u00fcller Damian ... 12 Stimmen[GZ]</p>\n<p>(1 Enthaltung)</p>\n</pd_text>","MeetingCouncilAbbreviation":"S","MeetingDate":"20260608","MeetingVerbalixOid":4178,"IdSession":"5214","SpeakerFirstName":null,"SpeakerLastName":null,"SpeakerFullName":"","SpeakerFunction":null,"CouncilId":null,"CouncilName":null,"CantonId":null,"CantonName":null,"CantonAbbreviation":null,"ParlGroupName":null,"ParlGroupAbbreviation":null,"SortOrder":33,"Start":"\/Date(1780941693615)\/","End":"\/Date(1780941711465)\/","Function":null,"DisplaySpeaker":null,"LanguageOfText":null,"Modified":"\/Date(1788445126346)\/","StartTimeWithTimezone":"\/Date(1780941693617+0120)\/","EndTimeWithTimezone":"\/Date(1780941711467+0120)\/","VoteBusinessNumber":20250404,"VoteBusinessShortNumber":"25.404","VoteBusinessTitle":"Initiative parlementaire\nCSEC-N.\nContre-projet indirect\n\u00e0 l'initiative foie gras"},{"__metadata":{"id":"https://ws.parlament.ch/OData.svc/Transcript(ID=375837L,Language='FR')","uri":"https://ws.parlament.ch/OData.svc/Transcript(ID=375837L,Language='FR')","type":"itsystems.Pd.DataServices.DataModel.Transcript"},"Subjects":{"__deferred":{"uri":"https://ws.parlament.ch/OData.svc/Transcript(ID=375837L,Language='FR')/Subjects"}},"MembersCouncil":{"__deferred":{"uri":"https://ws.parlament.ch/OData.svc/Transcript(ID=375837L,Language='FR')/MembersCouncil"}},"Businesses":{"__deferred":{"uri":"https://ws.parlament.ch/OData.svc/Transcript(ID=375837L,Language='FR')/Businesses"}},"ID":"375837","Language":"FR","IdSubject":"71706","VoteId":"8278","PersonNumber":null,"Type":2,"Text":"<pd_text><p><i>Gesamtabstimmung - Vote sur l'ensemble</i>[GZ]</p>\n<p>[NAM][GZ]</p>\n<p>F\u00fcr Annahme des Entwurfes ... 24 Stimmen[GZ]</p>\n<p>Dagegen ... 15 Stimmen[GZ]</p>\n<p>(3 Enthaltungen)</p>\n</pd_text>","MeetingCouncilAbbreviation":"S","MeetingDate":"20260608","MeetingVerbalixOid":4178,"IdSession":"5214","SpeakerFirstName":null,"SpeakerLastName":null,"SpeakerFullName":"","SpeakerFunction":null,"CouncilId":null,"CouncilName":null,"CantonId":null,"CantonName":null,"CantonAbbreviation":null,"ParlGroupName":null,"ParlGroupAbbreviation":null,"SortOrder":35,"Start":"\/Date(1780941750336)\/","End":"\/Date(1780941750336)\/","Function":null,"DisplaySpeaker":null,"LanguageOfText":null,"Modified":"\/Date(1788445126349)\/","StartTimeWithTimezone":"\/Date(1780941750337+0120)\/","EndTimeWithTimezone":"\/Date(1780941750337+0120)\/","VoteBusinessNumber":20250404,"VoteBusinessShortNumber":"25.404","VoteBusinessTitle":"Initiative parlementaire\nCSEC-N.\nContre-projet indirect\n\u00e0 l'initiative foie gras"},{"__metadata":{"id":"https://ws.parlament.ch/OData.svc/Transcript(ID=375838L,Language='FR')","uri":"https://ws.parlament.ch/OData.svc/Transcript(ID=375838L,Language='FR')","type":"itsystems.Pd.DataServices.DataModel.Transcript"},"Subjects":{"__deferred":{"uri":"https://ws.parlament.ch/OData.svc/Transcript(ID=375838L,Language='FR')/Subjects"}},"MembersCouncil":{"__deferred":{"uri":"https://ws.parlament.ch/OData.svc/Transcript(ID=375838L,Language='FR')/MembersCouncil"}},"Businesses":{"__deferred":{"uri":"https://ws.parlament.ch/OData.svc/Transcript(ID=375838L,Language='FR')/Businesses"}},"ID":"375838","Language":"FR","IdSubject":"71706","VoteId":null,"PersonNumber":10805,"Type":1,"Text":"<pd_text><p>Une limitation quantitative des seules importations commerciales de foie gras, de magret ou de confit provenant d'oies ou de canards gav\u00e9s, ou de denr\u00e9es alimentaires contenant ces produits constitue une discrimination unilat\u00e9rale \u00e0 l'\u00e9gard des importations priv\u00e9es ou encourage m\u00eame davantage le tourisme d'achat pour les autres produits carn\u00e9s et denr\u00e9es alimentaires. En effet, dans une telle situation, de nombreux consommateurs et consommatrices couvriraient tout simplement eux-m\u00eames leurs besoins, et ce, de plus en plus souvent au-del\u00e0 de la fronti\u00e8re. En cons\u00e9quence, il est \u00e0 craindre que, surtout \u00e0 proximit\u00e9 de la fronti\u00e8re, diverses entreprises du secteur alimentaire - boucherie, commerces de d\u00e9tail locaux -, mais aussi du secteur de la restauration, ainsi que les emplois qui y sont li\u00e9s, voient leur survie davantage menac\u00e9e encore. C'est pourquoi il faudrait \u00e9ventuellement, pour les importations priv\u00e9es, envisager une franchise d'un demi-kilo par personne et par jour, qui devrait \u00eatre r\u00e9duite proportionnellement \u00e0 une \u00e9ventuelle r\u00e9duction des importations commerciales.</p>\n<p>Je vous encourage \u00e0 soutenir la modification de l'article 14a alin\u00e9a 4, aussi bien pour les importations \u00e0 titre professionnel que pour les importations \u00e0 titre priv\u00e9.</p>\n</pd_text>","MeetingCouncilAbbreviation":"S","MeetingDate":"20260608","MeetingVerbalixOid":4178,"IdSession":"5214","SpeakerFirstName":"Pascal","SpeakerLastName":"Broulis","SpeakerFullName":"Broulis Pascal","SpeakerFunction":"Mit-M","CouncilId":2,"CouncilName":"Conseil des Etats","CantonId":22,"CantonName":"Vaud","CantonAbbreviation":"VD","ParlGroupName":"Groupe lib\u00e9ral-radical","ParlGroupAbbreviation":"RL","SortOrder":19,"Start":"\/Date(1780940910666)\/","End":"\/Date(1780940984227)\/","Function":"Mit-M","DisplaySpeaker":true,"LanguageOfText":"FR","Modified":"\/Date(1788445126325)\/","StartTimeWithTimezone":"\/Date(1780940910667+0120)\/","EndTimeWithTimezone":"\/Date(1780940984227+0120)\/","VoteBusinessNumber":null,"VoteBusinessShortNumber":null,"VoteBusinessTitle":null},{"__metadata":{"id":"https://ws.parlament.ch/OData.svc/Transcript(ID=375840L,Language='FR')","uri":"https://ws.parlament.ch/OData.svc/Transcript(ID=375840L,Language='FR')","type":"itsystems.Pd.DataServices.DataModel.Transcript"},"Subjects":{"__deferred":{"uri":"https://ws.parlament.ch/OData.svc/Transcript(ID=375840L,Language='FR')/Subjects"}},"MembersCouncil":{"__deferred":{"uri":"https://ws.parlament.ch/OData.svc/Transcript(ID=375840L,Language='FR')/MembersCouncil"}},"Businesses":{"__deferred":{"uri":"https://ws.parlament.ch/OData.svc/Transcript(ID=375840L,Language='FR')/Businesses"}},"ID":"375840","Language":"FR","IdSubject":"71706","VoteId":null,"PersonNumber":15601,"Type":1,"Text":"<pd_text><p>Ja, Stopfen bleibt Stopfen. Ich sehe den indirekten Gegenentwurf sehr kritisch. Im Tierschutzgesetz wird neu stehen, dass, wer Stopfleber einf\u00fchrt, das beim Bundesamt f\u00fcr Zoll und Grenzsicherheit anmelden muss, dass das Bundesamt f\u00fcr Lebensmittelsicherheit und [PAGE 473] Veterin\u00e4rwesen beobachtet, dass das EDI und das EFD Berichte schreiben. Auch die Fachstellen der Kantone werden in b\u00fcrokratischer Hinsicht mehr zu tun haben, und die Massnahmen, die der Kommissionssprecher anget\u00f6nt hat, kommen dann erst noch. Die \u00c4nderungen im Lebensmittelgesetz sind akzeptabel, auch wenn der Bundesrat das schon umgesetzt hat. </p>\n<p>Ja, so ehrlich m\u00fcssen wir sein. Dieses Votum ist nicht f\u00fcr die Initiative oder gegen die Initiative, sondern gegen den Gegenvorschlag. Stopfen bleibt immer noch Stopfen. Mit all den neuen Regulierungen, die wir nun im Gegenvorschlag finden, bleibt Stopfen immer noch Stopfen. Dieser Prozess kann nicht reguliert werden, denn ansonsten handelt es sich beim Endprodukt nicht mehr um Stopfleber, sondern einfach um Leberli, die Sie in der Pfanne braten k\u00f6nnen. </p>\n<p>Eine normale G\u00e4nseleber wiegt ungef\u00e4hr 80 Gramm und ist etwa so gross wie eine Zwetschge. Eine normale Gans pickt mit dem Schnabel Gras, Kr\u00e4uter, K\u00f6rner, Samen, vielleicht mal ein kleines Insekt oder die Wade eines Spazierg\u00e4ngers. Hingegen bekommen Stopfg\u00e4nse ein Rohr in den Hals gesteckt und werden zwangsgef\u00fcttert. Zwei- bis dreimal t\u00e4glich wird ihnen Maisbrei in den Magen gestopft. Nach dem Stopfen wiegt die Leber typischerweise 600 bis 1000 Gramm. Das ist ungef\u00e4hr acht- bis zw\u00f6lfmal schwerer als eine normale Leber, also so gross wie eine Honigmelone. Die Leber verfettet und \u00e4ndert die Farbe. Aus einem gesunden, dunkelroten Organ wird eine gelbe, beige, cr\u00e8mefarbene und wachsige Leber. Der ganze Prozess dauert zwei bis drei Wochen und findet direkt vor der Schlachtung statt. Deshalb hilft es auch nicht, wenn man zum Beispiel die Stallhaltung verbessert. Das Stopfen ist das Problem. </p>\n<p>Man kann Stopfleber essen wollen oder nicht. Wegregulieren k\u00f6nnen wir sie nicht. Im Gegenteil, eine Regulierung, die schlussendlich dem Tier nichts bringt, w\u00e4re ein \"ethics[NB]washing\". Wir kennen das vom Greenwashing schon sehr gut.</p>\n<p>Ich lehne deshalb den indirekten Gegenentwurf ab und bitte Sie, das auch zu tun.</p>\n</pd_text>","MeetingCouncilAbbreviation":"S","MeetingDate":"20260608","MeetingVerbalixOid":4178,"IdSession":"5214","SpeakerFirstName":"Severin","SpeakerLastName":"Br\u00fcngger","SpeakerFullName":"Br\u00fcngger Severin","SpeakerFunction":"Mit-M","CouncilId":2,"CouncilName":"Conseil des Etats","CantonId":14,"CantonName":"Schaffhouse","CantonAbbreviation":"SH","ParlGroupName":"Groupe lib\u00e9ral-radical","ParlGroupAbbreviation":"RL","SortOrder":4,"Start":"\/Date(1780939238899)\/","End":"\/Date(1780939418152)\/","Function":"Mit-M","DisplaySpeaker":true,"LanguageOfText":"DE","Modified":"\/Date(1788445126294)\/","StartTimeWithTimezone":"\/Date(1780939238900+0120)\/","EndTimeWithTimezone":"\/Date(1780939418153+0120)\/","VoteBusinessNumber":null,"VoteBusinessShortNumber":null,"VoteBusinessTitle":null},{"__metadata":{"id":"https://ws.parlament.ch/OData.svc/Transcript(ID=375844L,Language='FR')","uri":"https://ws.parlament.ch/OData.svc/Transcript(ID=375844L,Language='FR')","type":"itsystems.Pd.DataServices.DataModel.Transcript"},"Subjects":{"__deferred":{"uri":"https://ws.parlament.ch/OData.svc/Transcript(ID=375844L,Language='FR')/Subjects"}},"MembersCouncil":{"__deferred":{"uri":"https://ws.parlament.ch/OData.svc/Transcript(ID=375844L,Language='FR')/MembersCouncil"}},"Businesses":{"__deferred":{"uri":"https://ws.parlament.ch/OData.svc/Transcript(ID=375844L,Language='FR')/Businesses"}},"ID":"375844","Language":"FR","IdSubject":"71706","VoteId":null,"PersonNumber":4325,"Type":1,"Text":"<pd_text><p>Avec votre commission, \u00e0 l'unanimit\u00e9 de ses membres, je vous propose de rejeter l'initiative populaire et, avec sa majorit\u00e9, je vous demande d'entrer en mati\u00e8re sur le contre-projet indirect et de l'adopter, ce pour trois motifs principaux, dont je pourrai limiter le propos, notre coll\u00e8gue W\u00fcrth nous ayant livr\u00e9 un rapport complet.</p>\n<p>Je rejetterai l'initiative parce qu'elle repr\u00e9sente une forme de dictat f\u00e9d\u00e9ral sur le contenu de nos assiettes. Dans quelle mesure l'\u00c9tat doit-il r\u00e9glementer le comportement de consommation de ses citoyens[NB]? C'est \u00e0 cette question que nous serons appel\u00e9s \u00e0 r\u00e9pondre, probablement en novembre prochain, lorsque l'initiative sera soumise au peuple. Et, selon moi, la r\u00e9ponse est[NB]: le moins possible, le risque \u00e9tant que l'\u00c9tat nous dicte de plus en plus ce que nous avons non seulement le droit, mais \u00e9galement le devoir de manger. La bonne approche d'une solution lib\u00e9rale doit \u00eatre la responsabilit\u00e9 individuelle coupl\u00e9e \u00e0 l'information des consommatrices et consommateurs. C'est l\u00e0 l'approche propos\u00e9e par le Conseil f\u00e9d\u00e9ral, et que la commission vous propose de compl\u00e9ter avec son contre-projet. </p>\n<p>Depuis le 1er juillet 2025, la Suisse impose en effet une obligation de d\u00e9clarer s'appliquant au foie gras et aux produits issus du gavage. Toute personne qui ach\u00e8te ainsi ces produits sait clairement dans quelles conditions ils ont \u00e9t\u00e9 fabriqu\u00e9s. Les consommatrices et consommateurs ont ainsi la possibilit\u00e9 de prendre une d\u00e9cision consciente et \u00e9clair\u00e9e. Le contre-projet, cependant, nous para\u00eet n\u00e9cessaire, car il renforce cette obligation en autorisant, le cas \u00e9ch\u00e9ant, le Conseil f\u00e9d\u00e9ral \u00e0 proposer d'\u00e9ventuelles mesures compl\u00e9mentaires, raison pour laquelle je le soutiendrai. Il s'agit effectivement de propositions compl\u00e9mentaires \u00e9ventuelles pour le cas o\u00f9 nous n'atteindrions pas les objectifs souhait\u00e9s. </p>\n<p>Je rejetterai ensuite l'initiative, car - comme le souligne clairement le Conseil f\u00e9d\u00e9ral et comme l'a indiqu\u00e9 le rapporteur - une interdiction d'importation enfreindrait les accords commerciaux internationaux conclus par la Suisse. Engager un diff\u00e9rend commercial pour une mesure dont l'effet serait finalement tr\u00e8s limit\u00e9 ne serait ni judicieux ni efficace, ce d'autant plus - et vous me permettrez cette remarque - qu'une interdiction d'importation ne changerait rien \u00e0 la pratique \u00e0 l'\u00e9tranger. La Suisse ne fait pas partie des grands march\u00e9s de vente du foie gras. La production se poursuivra simplement pour d'autres march\u00e9s, et cette initiative ne changera donc absolument rien au bien-\u00eatre animal \u00e0 l'\u00e9tranger. D\u00e8s lors, au lieu d'adopter des interdictions symboliques, nous devrions donc miser sur la transparence et la consommation responsable, ce \u00e0 quoi le contre-projet contribue.</p>\n<p>Je rejetterai enfin cette initiative parce que son acceptation ne ferait qu'occulter la r\u00e9alit\u00e9. Une interdiction d'importation ne ferait pas dispara\u00eetre le produit de la Suisse. On assisterait, au contraire, \u00e0 une recrudescence du tourisme d'achat, car le foie gras est ancr\u00e9 dans la tradition culinaire, notamment en Suisse romande, et ce, en particulier au moment des f\u00eates de fin d'ann\u00e9e. Le fait de l'interdire n'emp\u00eachera pas son achat \u00e0 l'\u00e9tranger et son importation \u00e0 titre priv\u00e9. Et s'il devait \u00eatre contr\u00f4l\u00e9, comme le souhaite l'auteur d'une[NB]proposition[NB]individuelle que je vous propose de rejeter, car c'est objectivement impossible, je crains que nous en revenions au temps du jeu du chat et de la souris avec les douaniers.</p>\n<p>Dernier \u00e9l\u00e9ment[NB]: je pars de l'id\u00e9e que le foie gras ne serait, dans ce cas-l\u00e0, pas le seul produit achet\u00e9 \u00e0 l'\u00e9tranger, ce qui priverait au passage les commerces de bouche suisses d'un revenu tr\u00e8s appr\u00e9ciable sur un march\u00e9 concurrentiel.</p>\n<p>C'est avec ces consid\u00e9rations que je vous prie de rejeter l'initiative, mais d'entrer en mati\u00e8re sur le contre-projet et de l'adopter.</p>\n</pd_text>","MeetingCouncilAbbreviation":"S","MeetingDate":"20260608","MeetingVerbalixOid":4178,"IdSession":"5214","SpeakerFirstName":"Isabelle","SpeakerLastName":"Chassot","SpeakerFullName":"Chassot Isabelle","SpeakerFunction":"Mit-F","CouncilId":2,"CouncilName":"Conseil des Etats","CantonId":10,"CantonName":"Fribourg","CantonAbbreviation":"FR","ParlGroupName":"Le Groupe du Centre. Le Centre. PEV.","ParlGroupAbbreviation":"M-E","SortOrder":5,"Start":"\/Date(1780939424287)\/","End":"\/Date(1780939663132)\/","Function":"Mit-F","DisplaySpeaker":true,"LanguageOfText":"FR","Modified":"\/Date(1788445126297)\/","StartTimeWithTimezone":"\/Date(1780939424287+0120)\/","EndTimeWithTimezone":"\/Date(1780939663133+0120)\/","VoteBusinessNumber":null,"VoteBusinessShortNumber":null,"VoteBusinessTitle":null},{"__metadata":{"id":"https://ws.parlament.ch/OData.svc/Transcript(ID=375845L,Language='FR')","uri":"https://ws.parlament.ch/OData.svc/Transcript(ID=375845L,Language='FR')","type":"itsystems.Pd.DataServices.DataModel.Transcript"},"Subjects":{"__deferred":{"uri":"https://ws.parlament.ch/OData.svc/Transcript(ID=375845L,Language='FR')/Subjects"}},"MembersCouncil":{"__deferred":{"uri":"https://ws.parlament.ch/OData.svc/Transcript(ID=375845L,Language='FR')/MembersCouncil"}},"Businesses":{"__deferred":{"uri":"https://ws.parlament.ch/OData.svc/Transcript(ID=375845L,Language='FR')/Businesses"}},"ID":"375845","Language":"FR","IdSubject":"71706","VoteId":null,"PersonNumber":10805,"Type":1,"Text":"<pd_text><p>En r\u00e9alit\u00e9, je suis favorable au statu quo. Toutefois, si la majorit\u00e9 d\u00e9cide d'entrer en mati\u00e8re sur un contre-projet, je vous propose des am\u00e9liorations sur des questions importantes telles que, par exemple, la diff\u00e9rence de traitement entre les importations \u00e0 titre professionnel et celles \u00e0 titre priv\u00e9, ou encore la question de la fr\u00e9quence pr\u00e9vue des contr\u00f4les, \u00e0 savoir tous les cinq ans dans le contre-projet.</p>\n<p>J'en viens maintenant \u00e0 l'interdiction. Petit rappel[NB]: avec l'absinthe, la Suisse a d\u00e9j\u00e0 tent\u00e9 la voie de l'interdiction d'un produit consomm\u00e9 par une minorit\u00e9 de la population. L'absinthe est un produit cher \u00e0 M.[NB]Hurni, pr\u00e9sident de la Maison de l'Absinthe, embl\u00e9matique du Val-de-Travers et aussi un peu de la Suisse. L'absinthe a \u00e9t\u00e9 interdite entre 1910 et 2005. Pendant pr\u00e8s d'un si\u00e8cle, ni la production clandestine ni la consommation n'ont cess\u00e9. La prohibition n'a rien supprim\u00e9[NB]; elle a tout d\u00e9plac\u00e9 dans l'ombre, jusqu'\u00e0 ce que le pays reconnaisse son erreur. Inscrire l'interdiction de l'importation de foie gras dans la Constitution, c'est se reposer sur la m\u00eame illusion. Le contre-projet, lui, agit sans interdire.</p>\n<p>Sur le plan international - le message du Conseil f\u00e9d\u00e9ral et le rapport de la commission du Conseil national du 23 janvier 2006 l'\u00e9tablissent clairement -, une interdiction g\u00e9n\u00e9rale d'importation telle que celle vis\u00e9e par l'initiative serait contraire \u00e0 plusieurs engagements internationaux de la Suisse. \u00c0 cela s'ajoute un \u00e9l\u00e9ment de droit europ\u00e9en souvent n\u00e9glig\u00e9[NB]: l'Assembl\u00e9e nationale fran\u00e7aise a d\u00e9clar\u00e9 le foie gras patrimoine culturel en 2005, lui conf\u00e9rant un statut particulier au sens du trait\u00e9 sur le fonctionnement de l'Union europ\u00e9enne. La France pourrait d\u00e8s lors interpr\u00e9ter, comme elle l'a fait pour le champagne, une interdiction d'importation suisse comme une discrimination injustifi\u00e9e \u00e0 l'\u00e9gard d'un produit b\u00e9n\u00e9ficiant d'une protection culturelle explicite du droit europ\u00e9en. Ce risque prend une dimension particuli\u00e8re au regard des Bilat\u00e9rales III, qui comprennent un accord sp\u00e9cifique sur la s\u00e9curit\u00e9 alimentaire qui met \u00e0 jour et \u00e9tend l'accord agricole de 1999. Or, le contingent de 20 tonnes inscrit \u00e0 l'annexe 1 de cet accord n'est soumis \u00e0 aucune reprise dynamique du droit. Il s'agit d'un engagement ferme que les Bilat\u00e9rales III ne modifient pas.</p>\n<p>Si l'initiative \u00e9tait accept\u00e9e, la Suisse se retrouverait dans la situation o\u00f9 elle aurait sign\u00e9 un accord de partenariat alimentaire commun avec l'Union europ\u00e9enne, tout en interdisant simultan\u00e9ment un produit embl\u00e9matique de la gastronomie fran\u00e7aise. C'est un signal particuli\u00e8rement difficile \u00e0 g\u00e9rer [PAGE 474] vis-\u00e0-vis de Paris et de Bruxelles. Il convient de se demander si la Suisse a int\u00e9r\u00eat \u00e0 fragiliser ce processus pour une question de foie gras.</p>\n<p>Je vous encourage donc \u00e0 proposer le rejet de l'initiative, et puis, si vous entrez en mati\u00e8re sur le contre-projet, \u00e0 am\u00e9liorer le texte comme le propose votre commission.</p>\n</pd_text>","MeetingCouncilAbbreviation":"S","MeetingDate":"20260608","MeetingVerbalixOid":4178,"IdSession":"5214","SpeakerFirstName":"Pascal","SpeakerLastName":"Broulis","SpeakerFullName":"Broulis Pascal","SpeakerFunction":"Mit-M","CouncilId":2,"CouncilName":"Conseil des Etats","CantonId":22,"CantonName":"Vaud","CantonAbbreviation":"VD","ParlGroupName":"Groupe lib\u00e9ral-radical","ParlGroupAbbreviation":"RL","SortOrder":6,"Start":"\/Date(1780939679699)\/","End":"\/Date(1780939866841)\/","Function":"Mit-M","DisplaySpeaker":true,"LanguageOfText":"FR","Modified":"\/Date(1788445126298)\/","StartTimeWithTimezone":"\/Date(1780939679700+0120)\/","EndTimeWithTimezone":"\/Date(1780939866840+0120)\/","VoteBusinessNumber":null,"VoteBusinessShortNumber":null,"VoteBusinessTitle":null},{"__metadata":{"id":"https://ws.parlament.ch/OData.svc/Transcript(ID=375851L,Language='FR')","uri":"https://ws.parlament.ch/OData.svc/Transcript(ID=375851L,Language='FR')","type":"itsystems.Pd.DataServices.DataModel.Transcript"},"Subjects":{"__deferred":{"uri":"https://ws.parlament.ch/OData.svc/Transcript(ID=375851L,Language='FR')/Subjects"}},"MembersCouncil":{"__deferred":{"uri":"https://ws.parlament.ch/OData.svc/Transcript(ID=375851L,Language='FR')/MembersCouncil"}},"Businesses":{"__deferred":{"uri":"https://ws.parlament.ch/OData.svc/Transcript(ID=375851L,Language='FR')/Businesses"}},"ID":"375851","Language":"FR","IdSubject":"71706","VoteId":null,"PersonNumber":4238,"Type":1,"Text":"<pd_text><p>Effectivement, il faut de la coh\u00e9rence. Ind\u00e9pendamment du peu [PAGE 478] de fascination du Conseil f\u00e9d\u00e9ral pour le contre-projet, il faut quand m\u00eame une coh\u00e9rence par rapport \u00e0 la lisibilit\u00e9 de la loi. Comme je vous l'ai indiqu\u00e9, il y a une gradation des mesures. On a fait le parall\u00e8le avec la fourrure[NB]: on peut en penser ce qu'on veut, toujours est-il que le consommateur ou la consommatrice a le droit d'\u00eatre inform\u00e9 et ensuite de consommer en toute connaissance de cause. Nous avons d\u00e9cid\u00e9 d'avoir cette information d\u00e8s le 1er juillet de l'ann\u00e9e pass\u00e9e pour \u00eatre dans cette dynamique de proportionnalit\u00e9 \u00e0 partir de 2025.</p>\n<p>Maintenant, si vous souhaitez avoir un contre-projet indirect, je rejoins l'appr\u00e9ciation du conseiller aux \u00c9tats W\u00fcrth[NB]: ce serait quand m\u00eame un peu le plat de r\u00e9sistance de ce contre-projet que de dire qu'il y a au moins cette mesure claire sur l'\u00e9tiquetage et, dans les discussions avec l'Union europ\u00e9enne, on pourrait au moins mentionner le fait qu'il y a d\u00e9j\u00e0 cette \u00e9tape avant les interdictions formelles. Voil\u00e0 pourquoi je vous invite \u00e0 ne pas soutenir la proposition du conseiller aux \u00c9tats M\u00fcller Damian.</p>\n</pd_text>","MeetingCouncilAbbreviation":"S","MeetingDate":"20260608","MeetingVerbalixOid":4178,"IdSession":"5214","SpeakerFirstName":"Elisabeth","SpeakerLastName":"Baume-Schneider","SpeakerFullName":"Baume-Schneider Elisabeth","SpeakerFunction":"BR-F","CouncilId":99,"CouncilName":"Conseil f\u00e9d\u00e9ral","CantonId":26,"CantonName":"Jura","CantonAbbreviation":"JU","ParlGroupName":null,"ParlGroupAbbreviation":null,"SortOrder":32,"Start":"\/Date(1780941617750)\/","End":"\/Date(1780941693615)\/","Function":"BR-F","DisplaySpeaker":true,"LanguageOfText":"FR","Modified":"\/Date(1788445126344)\/","StartTimeWithTimezone":"\/Date(1780941617750+0120)\/","EndTimeWithTimezone":"\/Date(1780941693617+0120)\/","VoteBusinessNumber":null,"VoteBusinessShortNumber":null,"VoteBusinessTitle":null},{"__metadata":{"id":"https://ws.parlament.ch/OData.svc/Transcript(ID=375853L,Language='FR')","uri":"https://ws.parlament.ch/OData.svc/Transcript(ID=375853L,Language='FR')","type":"itsystems.Pd.DataServices.DataModel.Transcript"},"Subjects":{"__deferred":{"uri":"https://ws.parlament.ch/OData.svc/Transcript(ID=375853L,Language='FR')/Subjects"}},"MembersCouncil":{"__deferred":{"uri":"https://ws.parlament.ch/OData.svc/Transcript(ID=375853L,Language='FR')/MembersCouncil"}},"Businesses":{"__deferred":{"uri":"https://ws.parlament.ch/OData.svc/Transcript(ID=375853L,Language='FR')/Businesses"}},"ID":"375853","Language":"FR","IdSubject":"71706","VoteId":null,"PersonNumber":4237,"Type":1,"Text":"<pd_text><p>Der vorliegende Einzelantrag Broulis wurde in der Kommission auch diskutiert, dann aber nach einl\u00e4sslicher Debatte zur\u00fcckgezogen. Die \u00dcberlegung dabei ist, dass wir eben versuchen, auf einen Reduktionspfad zu kommen, und man darf davon ausgehen, dass nach f\u00fcnf Jahren noch nicht das Ende der Fahnenstange erreicht sein wird. Darum ist die \u00dcberlegung die, dass man nach einer ersten F\u00fcnfjahresperiode eben auch eine zweite F\u00fcnfjahresperiode brauchen wird. Das zu beobachten, macht also Sinn, und insofern w\u00e4re es nicht sehr zielf\u00fchrend, einfach nur einen Bericht zu machen.</p>\n<p>Das ist die \u00dcberlegung der Kommission, und darum empfehle ich Ihnen, den Einzelantrag Broulis zu Artikel 14a Absatz 3 abzulehnen.</p>\n</pd_text>","MeetingCouncilAbbreviation":"S","MeetingDate":"20260608","MeetingVerbalixOid":4178,"IdSession":"5214","SpeakerFirstName":"Benedikt","SpeakerLastName":"W\u00fcrth","SpeakerFullName":"W\u00fcrth Benedikt","SpeakerFunction":"Mit-M","CouncilId":2,"CouncilName":"Conseil des Etats","CantonId":17,"CantonName":"St-Gall","CantonAbbreviation":"SG","ParlGroupName":"Le Groupe du Centre. Le Centre. PEV.","ParlGroupAbbreviation":"M-E","SortOrder":11,"Start":"\/Date(1780940403849)\/","End":"\/Date(1780940459703)\/","Function":"*","DisplaySpeaker":true,"LanguageOfText":"DE","Modified":"\/Date(1788445126314)\/","StartTimeWithTimezone":"\/Date(1780940403850+0120)\/","EndTimeWithTimezone":"\/Date(1780940459703+0120)\/","VoteBusinessNumber":null,"VoteBusinessShortNumber":null,"VoteBusinessTitle":null},{"__metadata":{"id":"https://ws.parlament.ch/OData.svc/Transcript(ID=375860L,Language='FR')","uri":"https://ws.parlament.ch/OData.svc/Transcript(ID=375860L,Language='FR')","type":"itsystems.Pd.DataServices.DataModel.Transcript"},"Subjects":{"__deferred":{"uri":"https://ws.parlament.ch/OData.svc/Transcript(ID=375860L,Language='FR')/Subjects"}},"MembersCouncil":{"__deferred":{"uri":"https://ws.parlament.ch/OData.svc/Transcript(ID=375860L,Language='FR')/MembersCouncil"}},"Businesses":{"__deferred":{"uri":"https://ws.parlament.ch/OData.svc/Transcript(ID=375860L,Language='FR')/Businesses"}},"ID":"375860","Language":"FR","IdSubject":"71706","VoteId":null,"PersonNumber":4055,"Type":1,"Text":"<pd_text><p><b>25.404 </b>[GZ]</p>\n<p>[VS][GZ]</p>\n<p><b>Tierschutzgesetz </b>[GZ]</p>\n<p><b>Loi f\u00e9d\u00e9rale sur la protection des animaux</b>[GZ]</p>\n<p>[VS][GZ]</p>\n<p><i>Antrag der Mehrheit </i>[GZ]</p>\n<p>Eintreten</p>\n<p>[VS]</p>\n<p><i>Antrag der Minderheit </i>[GZ]</p>\n<p>(Germann, Br\u00fcngger, Michel Matthias, M\u00fchlemann)[GZ]</p>\n<p>Nichteintreten</p>\n<p>[VS]</p>\n<p><i>Proposition de la majorit\u00e9 </i>[GZ]</p>\n<p>Entrer en mati\u00e8re [PAGE 475] </p>\n<p>[VS]</p>\n<p><i>Proposition de la minorit\u00e9 </i>[GZ]</p>\n<p>(Germann, Br\u00fcngger, Michel Matthias, M\u00fchlemann)[GZ]</p>\n<p>Ne pas entrer en mati\u00e8re</p>\n<p>[VS]</p>\n<p><b>Pr\u00e4sident</b> (Engler Stefan, Pr\u00e4sident): Wir stimmen \u00fcber den Nichteintretensantrag der Minderheit Germann ab.</p>\n</pd_text>","MeetingCouncilAbbreviation":"S","MeetingDate":"20260608","MeetingVerbalixOid":4178,"IdSession":"5214","SpeakerFirstName":"Stefan","SpeakerLastName":"Engler","SpeakerFullName":"Engler Stefan","SpeakerFunction":"P-M","CouncilId":2,"CouncilName":"Conseil des Etats","CantonId":18,"CantonName":"Grisons","CantonAbbreviation":"GR","ParlGroupName":"Le Groupe du Centre. Le Centre. PEV.","ParlGroupAbbreviation":"M-E","SortOrder":8,"Start":"\/Date(1780940320678)\/","End":"\/Date(1780940345019)\/","Function":"P-M","DisplaySpeaker":false,"LanguageOfText":null,"Modified":"\/Date(1788445126310)\/","StartTimeWithTimezone":"\/Date(1780940320677+0120)\/","EndTimeWithTimezone":"\/Date(1780940345020+0120)\/","VoteBusinessNumber":null,"VoteBusinessShortNumber":null,"VoteBusinessTitle":null},{"__metadata":{"id":"https://ws.parlament.ch/OData.svc/Transcript(ID=375861L,Language='FR')","uri":"https://ws.parlament.ch/OData.svc/Transcript(ID=375861L,Language='FR')","type":"itsystems.Pd.DataServices.DataModel.Transcript"},"Subjects":{"__deferred":{"uri":"https://ws.parlament.ch/OData.svc/Transcript(ID=375861L,Language='FR')/Subjects"}},"MembersCouncil":{"__deferred":{"uri":"https://ws.parlament.ch/OData.svc/Transcript(ID=375861L,Language='FR')/MembersCouncil"}},"Businesses":{"__deferred":{"uri":"https://ws.parlament.ch/OData.svc/Transcript(ID=375861L,Language='FR')/Businesses"}},"ID":"375861","Language":"FR","IdSubject":"71706","VoteId":null,"PersonNumber":4283,"Type":1,"Text":"<pd_text><p>Es ist bei uns etwas Verwirrung aufgetreten. Ich beantrage, die Abstimmung zum Einzelantrag M\u00fcller Damian zu Artikel 14a Absatz 4 zu wiederholen, denn wir hatten sie verkehrt verstanden.</p>\n</pd_text>","MeetingCouncilAbbreviation":"S","MeetingDate":"20260608","MeetingVerbalixOid":4178,"IdSession":"5214","SpeakerFirstName":"Franziska","SpeakerLastName":"Roth","SpeakerFullName":"Roth Franziska","SpeakerFunction":"Mit-F","CouncilId":2,"CouncilName":"Conseil des Etats","CantonId":11,"CantonName":"Soleure","CantonAbbreviation":"SO","ParlGroupName":"Groupe socialiste","ParlGroupAbbreviation":"S","SortOrder":26,"Start":"\/Date(1780941247384)\/","End":"\/Date(1780941269664)\/","Function":"Mit-F","DisplaySpeaker":true,"LanguageOfText":"DE","Modified":"\/Date(1788445126335)\/","StartTimeWithTimezone":"\/Date(1780941247383+0120)\/","EndTimeWithTimezone":"\/Date(1780941269663+0120)\/","VoteBusinessNumber":null,"VoteBusinessShortNumber":null,"VoteBusinessTitle":null},{"__metadata":{"id":"https://ws.parlament.ch/OData.svc/Transcript(ID=375862L,Language='FR')","uri":"https://ws.parlament.ch/OData.svc/Transcript(ID=375862L,Language='FR')","type":"itsystems.Pd.DataServices.DataModel.Transcript"},"Subjects":{"__deferred":{"uri":"https://ws.parlament.ch/OData.svc/Transcript(ID=375862L,Language='FR')/Subjects"}},"MembersCouncil":{"__deferred":{"uri":"https://ws.parlament.ch/OData.svc/Transcript(ID=375862L,Language='FR')/MembersCouncil"}},"Businesses":{"__deferred":{"uri":"https://ws.parlament.ch/OData.svc/Transcript(ID=375862L,Language='FR')/Businesses"}},"ID":"375862","Language":"FR","IdSubject":"71706","VoteId":null,"PersonNumber":4055,"Type":1,"Text":"<pd_text><p><b>Pr\u00e4sident</b> (Engler Stefan, Pr\u00e4sident): Wir f\u00fchren eine allgemeine Aussprache \u00fcber die Volksinitiative und beraten das Eintreten auf den indirekten Gegenentwurf in einer einzigen Debatte.</p>\n</pd_text>","MeetingCouncilAbbreviation":"S","MeetingDate":"20260608","MeetingVerbalixOid":4178,"IdSession":"5214","SpeakerFirstName":"Stefan","SpeakerLastName":"Engler","SpeakerFullName":"Engler Stefan","SpeakerFunction":"P-M","CouncilId":2,"CouncilName":"Conseil des Etats","CantonId":18,"CantonName":"Grisons","CantonAbbreviation":"GR","ParlGroupName":"Le Groupe du Centre. Le Centre. PEV.","ParlGroupAbbreviation":"M-E","SortOrder":1,"Start":"\/Date(1780937980843)\/","End":"\/Date(1780938031163)\/","Function":"P-M","DisplaySpeaker":false,"LanguageOfText":null,"Modified":"\/Date(1788445126287)\/","StartTimeWithTimezone":"\/Date(1780937980843+0120)\/","EndTimeWithTimezone":"\/Date(1780938031163+0120)\/","VoteBusinessNumber":null,"VoteBusinessShortNumber":null,"VoteBusinessTitle":null},{"__metadata":{"id":"https://ws.parlament.ch/OData.svc/Transcript(ID=375863L,Language='FR')","uri":"https://ws.parlament.ch/OData.svc/Transcript(ID=375863L,Language='FR')","type":"itsystems.Pd.DataServices.DataModel.Transcript"},"Subjects":{"__deferred":{"uri":"https://ws.parlament.ch/OData.svc/Transcript(ID=375863L,Language='FR')/Subjects"}},"MembersCouncil":{"__deferred":{"uri":"https://ws.parlament.ch/OData.svc/Transcript(ID=375863L,Language='FR')/MembersCouncil"}},"Businesses":{"__deferred":{"uri":"https://ws.parlament.ch/OData.svc/Transcript(ID=375863L,Language='FR')/Businesses"}},"ID":"375863","Language":"FR","IdSubject":"71706","VoteId":null,"PersonNumber":4207,"Type":1,"Text":"<pd_text><p>Ich danke dem Berichterstatter f\u00fcr seine Ausf\u00fchrungen. Als Nichtkommissionsmitglied habe ich mir die Fahne nat\u00fcrlich sehr genau angeschaut, weil wir diese Thematik aus meiner Sicht in diesem Rat in den vergangenen Legislaturen immer wieder behandelt haben, wenn es um Foie gras gegangen ist. Insbesondere muss man hier halt auch festhalten, dass es eine sehr traditionelle Speise und in der Romandie eine Delikatesse ist. In der Deutschschweiz kennen wir es zwar, haben aber vielleicht einen anderen Umgang damit. </p>\n<p>Genau deshalb bin ich der Auffassung, dass der Bundesrat nicht einfach nach eigenem Gutd\u00fcnken definieren kann, welche Produktionsmethoden k\u00fcnftig akzeptiert werden und welche nicht. Diese Offenheit schafft aus meiner Sicht Rechtsunsicherheit f\u00fcr die Lebensmittelwirtschaft und den Handel. Deshalb fordere ich hier, dass die tierwohlbezogenen Anforderungen gewissen Kriterien zu gen\u00fcgen haben bzw. nur dann zul\u00e4ssig sind, wenn sie objektiv messbar, international anerkannt, verh\u00e4ltnism\u00e4ssig, praktikabel kontrollierbar und auf zertifizierte Standards abgest\u00fctzt sind. Importbeschr\u00e4nkungen d\u00fcrfen zudem nur als letztes Mittel gepr\u00fcft werden. Der Fokus muss vielmehr auf Transparenz, Deklaration und \u00fcberpr\u00fcfbaren Standards und nicht auf Mengenbeschr\u00e4nkungen oder verstecktem Protektionismus liegen. </p>\n<p>Wer also das Tierwohl st\u00e4rken will, braucht klare und kontrollierbare Kriterien statt offener Generalklauseln mit nahezu unbegrenztem Interpretationsspielraum f\u00fcr den Bundesrat. Wie es der Kommissionssprecher gesagt hat oder wie ich ihn zumindest interpretiert habe, w\u00fcrden mein Antrag wie auch derjenige von Kollege Broulis nicht wehtun, sondern aus meiner Sicht noch etwas mehr pr\u00e4zisieren. </p>\n<p>Deshalb mache ich Ihnen beliebt, meinen Antrag anzunehmen, weil er aus meiner Sicht nicht widerspr\u00fcchlich ist, sondern sich gut in diese Pr\u00e4zisierung eingliedert. </p>\n</pd_text>","MeetingCouncilAbbreviation":"S","MeetingDate":"20260608","MeetingVerbalixOid":4178,"IdSession":"5214","SpeakerFirstName":"Damian","SpeakerLastName":"M\u00fcller","SpeakerFullName":"M\u00fcller Damian","SpeakerFunction":"Mit-M","CouncilId":2,"CouncilName":"Conseil des Etats","CantonId":3,"CantonName":"Lucerne","CantonAbbreviation":"LU","ParlGroupName":"Groupe lib\u00e9ral-radical","ParlGroupAbbreviation":"RL","SortOrder":18,"Start":"\/Date(1780940759923)\/","End":"\/Date(1780940904227)\/","Function":"Mit-M","DisplaySpeaker":true,"LanguageOfText":"DE","Modified":"\/Date(1788445126324)\/","StartTimeWithTimezone":"\/Date(1780940759923+0120)\/","EndTimeWithTimezone":"\/Date(1780940904227+0120)\/","VoteBusinessNumber":null,"VoteBusinessShortNumber":null,"VoteBusinessTitle":null},{"__metadata":{"id":"https://ws.parlament.ch/OData.svc/Transcript(ID=375865L,Language='FR')","uri":"https://ws.parlament.ch/OData.svc/Transcript(ID=375865L,Language='FR')","type":"itsystems.Pd.DataServices.DataModel.Transcript"},"Subjects":{"__deferred":{"uri":"https://ws.parlament.ch/OData.svc/Transcript(ID=375865L,Language='FR')/Subjects"}},"MembersCouncil":{"__deferred":{"uri":"https://ws.parlament.ch/OData.svc/Transcript(ID=375865L,Language='FR')/MembersCouncil"}},"Businesses":{"__deferred":{"uri":"https://ws.parlament.ch/OData.svc/Transcript(ID=375865L,Language='FR')/Businesses"}},"ID":"375865","Language":"FR","IdSubject":"71706","VoteId":null,"PersonNumber":4237,"Type":1,"Text":"<pd_text><p>In dieser Form lag der Einzelantrag Broulis zu Artikel 14a Absatz 4 der Kommission nicht vor. Wir haben allgemein \u00fcber die Frage diskutiert, die gewerbsm\u00e4ssige Einfuhr mit der privaten gleichzustellen. Insbesondere in der nationalr\u00e4tlichen Kommission wurde dar\u00fcber einl\u00e4sslicher debattiert, und man ist zur Auffassung gelangt, dass der private Import letztlich nicht kontrollierbar ist. Wir haben vorhin das Beispiel des Absinths geh\u00f6rt. Man kann hier schon regulieren, aber man wird das technisch niemals wirklich vollzugspraktikabel umsetzen k\u00f6nnen; das zum Antrag Broulis.</p>\n<p>Soll ich zum Antrag M\u00fcller Damian gerade auch zwei, drei S\u00e4tze sagen? Mit dem Antrag M\u00fcller Damian sollen verschiedene Kriterien ins Gesetz eingebaut werden. Diese Kriterien lehnen sich eigentlich an die vorhin von Kollege Germann zitierte Motion 20.4267 der WBK-S, \"Deklaration von in der Schweiz verbotenen Produktionsmethoden\", an. Dort ist klar, dass zu ber\u00fccksichtigen ist, dass neue Deklarationspflichten klar definierbar, v\u00f6lkerrechtskonform und auch durchsetzbar sein m\u00fcssen. Aus unserer Sicht ist die gesetzliche Umsetzung entsprechend vorzunehmen. Eine explizite Nennung scheint mir nicht zwingend, und den Punkt \"zertifizierte Standards\" finden Sie in Absatz 5 der Variante unserer Kommission. Wir wollen, dass das BLV entsprechende Zertifizierungsstellen bezeichnet und dass diese auch f\u00fcr den Vollzug und f\u00fcr die Umsetzung durch die Importeure massgeblich sein sollen.</p>\n<p>In diesem Sinne: Wir haben das nicht explizit diskutiert oder entschieden, aber aufgrund der Diskussion in der Kommission w\u00fcrde ich meinen, dass die beiden Antr\u00e4ge nicht notwendig sind.</p>\n</pd_text>","MeetingCouncilAbbreviation":"S","MeetingDate":"20260608","MeetingVerbalixOid":4178,"IdSession":"5214","SpeakerFirstName":"Benedikt","SpeakerLastName":"W\u00fcrth","SpeakerFullName":"W\u00fcrth Benedikt","SpeakerFunction":"Mit-M","CouncilId":2,"CouncilName":"Conseil des Etats","CantonId":17,"CantonName":"St-Gall","CantonAbbreviation":"SG","ParlGroupName":"Le Groupe du Centre. Le Centre. PEV.","ParlGroupAbbreviation":"M-E","SortOrder":17,"Start":"\/Date(1780940614293)\/","End":"\/Date(1780940751036)\/","Function":"*","DisplaySpeaker":true,"LanguageOfText":"DE","Modified":"\/Date(1788445126323)\/","StartTimeWithTimezone":"\/Date(1780940614293+0120)\/","EndTimeWithTimezone":"\/Date(1780940751037+0120)\/","VoteBusinessNumber":null,"VoteBusinessShortNumber":null,"VoteBusinessTitle":null},{"__metadata":{"id":"https://ws.parlament.ch/OData.svc/Transcript(ID=375868L,Language='FR')","uri":"https://ws.parlament.ch/OData.svc/Transcript(ID=375868L,Language='FR')","type":"itsystems.Pd.DataServices.DataModel.Transcript"},"Subjects":{"__deferred":{"uri":"https://ws.parlament.ch/OData.svc/Transcript(ID=375868L,Language='FR')/Subjects"}},"MembersCouncil":{"__deferred":{"uri":"https://ws.parlament.ch/OData.svc/Transcript(ID=375868L,Language='FR')/MembersCouncil"}},"Businesses":{"__deferred":{"uri":"https://ws.parlament.ch/OData.svc/Transcript(ID=375868L,Language='FR')/Businesses"}},"ID":"375868","Language":"FR","IdSubject":"71706","VoteId":null,"PersonNumber":4237,"Type":1,"Text":"<pd_text><p>Entschuldigen Sie, dass ich vorhin etwas zu schnell war. Ich habe die wesentlichen Argumente schon dargelegt. </p>\n<p>Man muss klar sehen: Wenn wir schon auf ein solches Gesetzgebungsprojekt eintreten, muss es in sich konsistent sein. Der Bundesrat hatte sein Nichteintreten damit begr\u00fcndet, dass es auf Verordnungsebene reiche, dass es keine gesetzliche Normierung brauche. Jetzt haben wir aber eine gesetzliche Normierung. Jetzt muss sie eben auch konsistent sein. Darum w\u00e4re es jetzt schon widerspr\u00fcchlich, bei Artikel 12a LMG eine Streichung zu machen. Das w\u00e4re jedenfalls nicht im Sinn der Kommission. </p>\n<p>Diese Kennzeichnung ist mit Blick auf den Abstimmungskampf schon ein wesentliches Element. Wenn Sie die Abstimmung gewinnen und mit dem indirekten Gegenvorschlag arbeiten wollen, brauchen Sie diesen Artikel 12a wohl. Sonst ziehen Sie hier einen Zahn, was Ihnen im Abstimmungskampf m\u00f6glicherweise noch wehtun wird. </p>\n</pd_text>","MeetingCouncilAbbreviation":"S","MeetingDate":"20260608","MeetingVerbalixOid":4178,"IdSession":"5214","SpeakerFirstName":"Benedikt","SpeakerLastName":"W\u00fcrth","SpeakerFullName":"W\u00fcrth Benedikt","SpeakerFunction":"Mit-M","CouncilId":2,"CouncilName":"Conseil des Etats","CantonId":17,"CantonName":"St-Gall","CantonAbbreviation":"SG","ParlGroupName":"Le Groupe du Centre. Le Centre. PEV.","ParlGroupAbbreviation":"M-E","SortOrder":31,"Start":"\/Date(1780941541008)\/","End":"\/Date(1780941608750)\/","Function":"*","DisplaySpeaker":true,"LanguageOfText":"DE","Modified":"\/Date(1788445126343)\/","StartTimeWithTimezone":"\/Date(1780941541007+0120)\/","EndTimeWithTimezone":"\/Date(1780941608750+0120)\/","VoteBusinessNumber":null,"VoteBusinessShortNumber":null,"VoteBusinessTitle":null},{"__metadata":{"id":"https://ws.parlament.ch/OData.svc/Transcript(ID=375871L,Language='FR')","uri":"https://ws.parlament.ch/OData.svc/Transcript(ID=375871L,Language='FR')","type":"itsystems.Pd.DataServices.DataModel.Transcript"},"Subjects":{"__deferred":{"uri":"https://ws.parlament.ch/OData.svc/Transcript(ID=375871L,Language='FR')/Subjects"}},"MembersCouncil":{"__deferred":{"uri":"https://ws.parlament.ch/OData.svc/Transcript(ID=375871L,Language='FR')/MembersCouncil"}},"Businesses":{"__deferred":{"uri":"https://ws.parlament.ch/OData.svc/Transcript(ID=375871L,Language='FR')/Businesses"}},"ID":"375871","Language":"FR","IdSubject":"71706","VoteId":null,"PersonNumber":4055,"Type":1,"Text":"<pd_text><p><i>Detailberatung - Discussion par article </i>[GZ]</p>\n<p>[VS][GZ]</p>\n<p><b>Titel </b>[GZ]</p>\n<p><i>Antrag der Kommission </i>[GZ]</p>\n<p>... (TSchG) (Einfuhr von Stopfleber)[NB]... </p>\n<p>[VS]</p>\n<p><b>Titre </b>[GZ]</p>\n<p><i>Proposition de la commission </i>[GZ]</p>\n<p>... (LPA) (Importation de foie gras)[NB]...[GZ]</p>\n<p>[VS][GZ]</p>\n<p><i>Angenommen - Adopt\u00e9</i></p>\n<p>[VS]</p>\n<p><b>Ingress, Ziff. I Einleitung </b>[GZ]</p>\n<p><i>Antrag der Kommission </i>[GZ]</p>\n<p>Zustimmung zum Beschluss des Nationalrates</p>\n<p>[VS]</p>\n<p><b>Pr\u00e9ambule, ch. I introduction </b>[GZ]</p>\n<p><i>Proposition de la commission </i>[GZ]</p>\n<p>Adh\u00e9rer \u00e0 la d\u00e9cision du Conseil national[GZ]</p>\n<p>[VS][GZ]</p>\n<p><i>Angenommen - Adopt\u00e9</i></p>\n<p>[VS]</p>\n<p><b>Ziff. I Art. 14a </b>[GZ]</p>\n<p><i>Antrag der Kommission </i>[GZ]</p>\n<p><i>Titel, Abs. 1-3 </i>[GZ]</p>\n<p>Zustimmung zum Beschluss des Nationalrates</p>\n<p><i>Abs. 4 </i>[GZ]</p>\n<p>Sind diese nicht zur\u00fcckgegangen, so sind im Bericht Reduktionsmassnahmen oder tierwohlbezogene Auflagen vorzuschlagen. Der Bundesrat trifft die erforderlichen Massnahmen. Er kann insbesondere die Einfuhr an Bedingungen in Bezug auf die Herstellungsverfahren kn\u00fcpfen, weitere Kennzeichnungspflichten vorsehen oder, falls diese Massnahmen nicht ausreichen, die Einfuhr einschr\u00e4nken. Mengenm\u00e4ssige Einfuhrbeschr\u00e4nkungen[NB]...</p>\n<p><i>Abs. 5 </i>[GZ]</p>\n<p>Trifft der Bundesrat tierwohlbezogene Auflagen, so muss, wer gewerbsm\u00e4ssig einf\u00fchrt, von einer vom BLV anerkannten Zertifizierungsstelle einen Nachweis vorweisen k\u00f6nnen, wonach diese Auflagen eingehalten werden.</p>\n<p>[VS]</p>\n<p><i>Antrag Broulis </i>[GZ]</p>\n<p><i>Abs. 3 </i>[GZ]</p>\n<p>... und das Eidgen\u00f6ssische Finanzdepartement erstatten dem Bundesrat einmal nach f\u00fcnf Jahren Bericht \u00fcber die gewerbsm\u00e4ssigen Einfuhren.</p>\n<p><i>Abs. 4 </i>[GZ]</p>\n<p>... Reduktionsmassnahmen sowohl f\u00fcr gewerbsm\u00e4ssige als auch f\u00fcr private Einfuhren oder[NB]... </p>\n<p>[VS]</p>\n<p><i>Antrag M\u00fcller Damian </i>[GZ]</p>\n<p><i>Abs. 4 </i>[GZ]</p>\n<p>... oder tierwohlbezogene Auflagen vorzuschlagen. Diese sind nur dann zul\u00e4ssig, wenn sie objektiv messbar, international anerkannt, verh\u00e4ltnism\u00e4ssig, praktikabel kontrollierbar und auf zertifizierten Standards abgest\u00fctzt sind. Der Bundesrat trifft[NB]...</p>\n<p>[VS]</p>\n<p><b>Ch. I art. 14a </b>[GZ]</p>\n<p><i>Proposition de la commission </i>[GZ]</p>\n<p><i>Titre, al. 1-3 </i>[GZ]</p>\n<p>Adh\u00e9rer \u00e0 la d\u00e9cision du Conseil national</p>\n<p><i>Al. 4 </i>[GZ]</p>\n<p>Si les importations n'ont pas diminu\u00e9, le rapport propose des mesures pour les r\u00e9duire ou des conditions li\u00e9es au bien-\u00eatre animal. Le Conseil f\u00e9d\u00e9ral prend les mesures n\u00e9cessaires. Il peut notamment soumettre l'importation de ces produits \u00e0 certaines conditions relatives aux m\u00e9thodes de production, pr\u00e9voir des obligations suppl\u00e9mentaires en mati\u00e8re d'\u00e9tiquetage ou, si ces mesures s'av\u00e8rent insuffisantes, limiter les importations. En cas de restriction quantitative[NB]...</p>\n<p><i>Al. 5 </i>[GZ]</p>\n<p>Si le Conseil f\u00e9d\u00e9ral impose des conditions li\u00e9es au bien-\u00eatre animal, toute personne qui importe ces produits \u00e0 titre commercial doit pouvoir pr\u00e9senter un certificat d\u00e9livr\u00e9 par un organisme de certification reconnu par l'OSAV, attestant que ces conditions sont respect\u00e9es.</p>\n<p>[VS]</p>\n<p><i>Proposition Broulis </i>[GZ]</p>\n<p><i>Al. 3 </i>[GZ]</p>\n<p>... D\u00e9partement des finances font rapport au Conseil f\u00e9d\u00e9ral une fois apr\u00e8s cinq ans sur les importations effectu\u00e9es \u00e0 titre commercial.</p>\n<p><i>Al. 4 </i>[GZ]</p>\n<p>... r\u00e9duire tant pour les importations \u00e0 titre professionnel que pour les importations \u00e0 titre priv\u00e9 ou[NB]...</p>\n<p>[VS]</p>\n<p><i>Proposition M\u00fcller Damian </i>[GZ]</p>\n<p><i>Al. 4 </i>[GZ]</p>\n<p>... des conditions li\u00e9es au bien-\u00eatre animal. Ces conditions ne sont admissibles que si elles sont objectivement mesurables, reconnues sur le plan international, proportionn\u00e9es, contr\u00f4lables en pratique et fond\u00e9es sur des normes certifi\u00e9es. Le Conseil f\u00e9d\u00e9ral prend[NB]...</p>\n<p>[VS]</p>\n<p><i>Abs. 3 - Al. 3 </i>[GZ]</p>\n</pd_text>","MeetingCouncilAbbreviation":"S","MeetingDate":"20260608","MeetingVerbalixOid":4178,"IdSession":"5214","SpeakerFirstName":"Stefan","SpeakerLastName":"Engler","SpeakerFullName":"Engler Stefan","SpeakerFunction":"P-M","CouncilId":2,"CouncilName":"Conseil des Etats","CantonId":18,"CantonName":"Grisons","CantonAbbreviation":"GR","ParlGroupName":"Le Groupe du Centre. Le Centre. PEV.","ParlGroupAbbreviation":"M-E","SortOrder":10,"Start":"\/Date(1780940345019)\/","End":"\/Date(1780940403849)\/","Function":"P-M","DisplaySpeaker":false,"LanguageOfText":null,"Modified":"\/Date(1788445126313)\/","StartTimeWithTimezone":"\/Date(1780940345020+0120)\/","EndTimeWithTimezone":"\/Date(1780940403850+0120)\/","VoteBusinessNumber":null,"VoteBusinessShortNumber":null,"VoteBusinessTitle":null},{"__metadata":{"id":"https://ws.parlament.ch/OData.svc/Transcript(ID=375872L,Language='FR')","uri":"https://ws.parlament.ch/OData.svc/Transcript(ID=375872L,Language='FR')","type":"itsystems.Pd.DataServices.DataModel.Transcript"},"Subjects":{"__deferred":{"uri":"https://ws.parlament.ch/OData.svc/Transcript(ID=375872L,Language='FR')/Subjects"}},"MembersCouncil":{"__deferred":{"uri":"https://ws.parlament.ch/OData.svc/Transcript(ID=375872L,Language='FR')/MembersCouncil"}},"Businesses":{"__deferred":{"uri":"https://ws.parlament.ch/OData.svc/Transcript(ID=375872L,Language='FR')/Businesses"}},"ID":"375872","Language":"FR","IdSubject":"71706","VoteId":null,"PersonNumber":4207,"Type":1,"Text":"<pd_text><p>Kollege W\u00fcrth hat als Berichterstatter bereits seine Inputs gegeben. Ich m\u00f6chte hier kurz darauf eingehen. Ich bin klar der Auffassung, dass man Gesetze nicht schlechter machen sollte, sondern dass man sie verschlanken sollte, wenn man schon die M\u00f6glichkeit dazu hat. Und damit begr\u00fcnde ich gerne meinen Antrag.</p>\n<p>Seit dem 1.[NB]Juli 2025 ist die Kennzeichnung von Stopfleber, sprich Foie gras, Magret oder Confit, von zwangsgef\u00fctterten G\u00e4nsen oder Enten oder von Lebensmitteln mit diesen Produkten bei Inverkehrbringung auf Verordnungsstufe vorgeschrieben, und zwar in Anhang 2 der Lebensmittel- und Gebrauchsgegenst\u00e4ndeverordnung (LGV); die \u00dcbergangsfrist betr\u00e4gt zwei Jahre. Diese Tatsache macht eine zus\u00e4tzliche Regelung auf Gesetzesstufe aus meiner bescheidenen Sicht schlicht und ergreifend \u00fcberfl\u00fcssig. Die beantragte Anhebung auf Gesetzesstufe birgt vielmehr die Gefahr in sich, dass ein Pr\u00e4judiz f\u00fcr weitere Deklarationen geschaffen wird, die \u00fcber die verbotenen Produktionsmethoden gem\u00e4ss LGV hinausgehen, und dass gleichzeitig die Flexibilit\u00e4t der Verordnungsebene entscheidend untergraben wird. </p>\n<p>Wenn wir das auf Gesetzesstufe anheben, bedeutet das klar, dass wir alle Anpassungen, die in Zukunft gemacht werden m\u00fcssen, auch wieder im Gesetz machen m\u00fcssen anstatt auf Verordnungsstufe. Deshalb bin ich der Auffassung, dass es sinnvoller w\u00e4re, diese Bestimmung weiterhin in Anhang 2 der Lebensmittel- und Gebrauchsgegenst\u00e4ndeverordnung zu belassen. Dann kann das Departement gezielt dort Ver\u00e4nderungen vornehmen anstatt auf Gesetzesstufe. Deshalb habe ich diesen Antrag eingereicht. [GZ]</p>\n<p>Ich bitte Sie, meinen Einzelantrag zu unterst\u00fctzen.</p>\n</pd_text>","MeetingCouncilAbbreviation":"S","MeetingDate":"20260608","MeetingVerbalixOid":4178,"IdSession":"5214","SpeakerFirstName":"Damian","SpeakerLastName":"M\u00fcller","SpeakerFullName":"M\u00fcller Damian","SpeakerFunction":"Mit-M","CouncilId":2,"CouncilName":"Conseil des Etats","CantonId":3,"CantonName":"Lucerne","CantonAbbreviation":"LU","ParlGroupName":"Groupe lib\u00e9ral-radical","ParlGroupAbbreviation":"RL","SortOrder":30,"Start":"\/Date(1780941411696)\/","End":"\/Date(1780941536640)\/","Function":"Mit-M","DisplaySpeaker":true,"LanguageOfText":"DE","Modified":"\/Date(1788445126342)\/","StartTimeWithTimezone":"\/Date(1780941411697+0120)\/","EndTimeWithTimezone":"\/Date(1780941536640+0120)\/","VoteBusinessNumber":null,"VoteBusinessShortNumber":null,"VoteBusinessTitle":null},{"__metadata":{"id":"https://ws.parlament.ch/OData.svc/Transcript(ID=375874L,Language='FR')","uri":"https://ws.parlament.ch/OData.svc/Transcript(ID=375874L,Language='FR')","type":"itsystems.Pd.DataServices.DataModel.Transcript"},"Subjects":{"__deferred":{"uri":"https://ws.parlament.ch/OData.svc/Transcript(ID=375874L,Language='FR')/Subjects"}},"MembersCouncil":{"__deferred":{"uri":"https://ws.parlament.ch/OData.svc/Transcript(ID=375874L,Language='FR')/MembersCouncil"}},"Businesses":{"__deferred":{"uri":"https://ws.parlament.ch/OData.svc/Transcript(ID=375874L,Language='FR')/Businesses"}},"ID":"375874","Language":"FR","IdSubject":"71706","VoteId":null,"PersonNumber":4055,"Type":1,"Text":"<pd_text><p><i>Abs. 4 - Al. 4 </i>[GZ]</p>\n</pd_text>","MeetingCouncilAbbreviation":"S","MeetingDate":"20260608","MeetingVerbalixOid":4178,"IdSession":"5214","SpeakerFirstName":"Stefan","SpeakerLastName":"Engler","SpeakerFullName":"Engler Stefan","SpeakerFunction":"P-M","CouncilId":2,"CouncilName":"Conseil des Etats","CantonId":18,"CantonName":"Grisons","CantonAbbreviation":"GR","ParlGroupName":"Le Groupe du Centre. Le Centre. PEV.","ParlGroupAbbreviation":"M-E","SortOrder":16,"Start":"\/Date(1780940567036)\/","End":"\/Date(1780940614293)\/","Function":"P-M","DisplaySpeaker":false,"LanguageOfText":null,"Modified":"\/Date(1788445126322)\/","StartTimeWithTimezone":"\/Date(1780940567037+0120)\/","EndTimeWithTimezone":"\/Date(1780940614293+0120)\/","VoteBusinessNumber":null,"VoteBusinessShortNumber":null,"VoteBusinessTitle":null},{"__metadata":{"id":"https://ws.parlament.ch/OData.svc/Transcript(ID=375876L,Language='FR')","uri":"https://ws.parlament.ch/OData.svc/Transcript(ID=375876L,Language='FR')","type":"itsystems.Pd.DataServices.DataModel.Transcript"},"Subjects":{"__deferred":{"uri":"https://ws.parlament.ch/OData.svc/Transcript(ID=375876L,Language='FR')/Subjects"}},"MembersCouncil":{"__deferred":{"uri":"https://ws.parlament.ch/OData.svc/Transcript(ID=375876L,Language='FR')/MembersCouncil"}},"Businesses":{"__deferred":{"uri":"https://ws.parlament.ch/OData.svc/Transcript(ID=375876L,Language='FR')/Businesses"}},"ID":"375876","Language":"FR","IdSubject":"71706","VoteId":null,"PersonNumber":4237,"Type":1,"Text":"<pd_text><p>Hier liegt uns der Einzelantrag M\u00fcller<b> </b>Damian zu Artikel 12a des Lebensmittelgesetzes<b> </b>vor. Ich glaube, jetzt m\u00fcssen wir aufpassen, dass wir nicht widerspr\u00fcchlich werden. Wir haben ja vorhin Artikel 14a Absatz 4 gem\u00e4ss Einzelantrag M\u00fcller Damian[NB]erg\u00e4nzt; wir sagen also - um dies nochmals zu wiederholen -, dass im Bericht Reduktionsmassnahmen oder tierwohlbezogene Auflagen vorzuschlagen sind, und diese seien nur [PAGE 477] dann zul\u00e4ssig, wenn sie \"objektiv messbar, international anerkannt, verh\u00e4ltnism\u00e4ssig, praktikabel kontrollierbar und auf zertifizierten Standards abgest\u00fctzt\" sind. Es geht hier also logischerweise um die Kennzeichnung, und das regeln wir in Artikel 14a Absatz 4 bzw. Absatz[NB]5. Wenn Sie jetzt aber beim Lebensmittelgesetz in Artikel 12a die Vorgabe zur Kennzeichnung von Stopfleber, Magret und Confit sowie von Lebensmitteln mit diesen Produkten streichen, dann geht es nicht mehr auf. Vor diesem Hintergrund bitte ich Sie, diese Streichung abzulehnen. Sie anzunehmen, nachdem wir vorhin die beiden Einzelantr\u00e4ge zu Artikel 14a Absatz 4 angenommen haben, w\u00e4re wirklich nicht koh\u00e4rent.</p>\n<p>Ich bitte Sie, den Einzelantrag M\u00fcller Damian zu Artikel 12a des Lebensmittelgesetzes klar abzulehnen.</p>\n</pd_text>","MeetingCouncilAbbreviation":"S","MeetingDate":"20260608","MeetingVerbalixOid":4178,"IdSession":"5214","SpeakerFirstName":"Benedikt","SpeakerLastName":"W\u00fcrth","SpeakerFullName":"W\u00fcrth Benedikt","SpeakerFunction":"Mit-M","CouncilId":2,"CouncilName":"Conseil des Etats","CantonId":17,"CantonName":"St-Gall","CantonAbbreviation":"SG","ParlGroupName":"Le Groupe du Centre. Le Centre. PEV.","ParlGroupAbbreviation":"M-E","SortOrder":24,"Start":"\/Date(1780941127521)\/","End":"\/Date(1780941229511)\/","Function":"*","DisplaySpeaker":true,"LanguageOfText":"DE","Modified":"\/Date(1788445126334)\/","StartTimeWithTimezone":"\/Date(1780941127520+0120)\/","EndTimeWithTimezone":"\/Date(1780941229510+0120)\/","VoteBusinessNumber":null,"VoteBusinessShortNumber":null,"VoteBusinessTitle":null},{"__metadata":{"id":"https://ws.parlament.ch/OData.svc/Transcript(ID=375880L,Language='FR')","uri":"https://ws.parlament.ch/OData.svc/Transcript(ID=375880L,Language='FR')","type":"itsystems.Pd.DataServices.DataModel.Transcript"},"Subjects":{"__deferred":{"uri":"https://ws.parlament.ch/OData.svc/Transcript(ID=375880L,Language='FR')/Subjects"}},"MembersCouncil":{"__deferred":{"uri":"https://ws.parlament.ch/OData.svc/Transcript(ID=375880L,Language='FR')/MembersCouncil"}},"Businesses":{"__deferred":{"uri":"https://ws.parlament.ch/OData.svc/Transcript(ID=375880L,Language='FR')/Businesses"}},"ID":"375880","Language":"FR","IdSubject":"71706","VoteId":null,"PersonNumber":4055,"Type":1,"Text":"<pd_text><p><b>Pr\u00e4sident</b> (Engler Stefan, Pr\u00e4sident): Die Einzelantr\u00e4ge M\u00fcller Damian und Broulis verlangen also eine Erg\u00e4nzung bzw. eine Anpassung von Absatz 4 in der Fassung des Antrages der Kommission. Beide Einzelantr\u00e4ge k\u00f6nnen kumulativ zum Antrag der Kommission angenommen werden. Die Frau Bundesr\u00e4tin verzichtet auf ein Votum.</p>\n</pd_text>","MeetingCouncilAbbreviation":"S","MeetingDate":"20260608","MeetingVerbalixOid":4178,"IdSession":"5214","SpeakerFirstName":"Stefan","SpeakerLastName":"Engler","SpeakerFullName":"Engler Stefan","SpeakerFunction":"P-M","CouncilId":2,"CouncilName":"Conseil des Etats","CantonId":18,"CantonName":"Grisons","CantonAbbreviation":"GR","ParlGroupName":"Le Groupe du Centre. Le Centre. PEV.","ParlGroupAbbreviation":"M-E","SortOrder":20,"Start":"\/Date(1780940984227)\/","End":"\/Date(1780941026497)\/","Function":"P-M","DisplaySpeaker":false,"LanguageOfText":null,"Modified":"\/Date(1788445126326)\/","StartTimeWithTimezone":"\/Date(1780940984227+0120)\/","EndTimeWithTimezone":"\/Date(1780941026497+0120)\/","VoteBusinessNumber":null,"VoteBusinessShortNumber":null,"VoteBusinessTitle":null},{"__metadata":{"id":"https://ws.parlament.ch/OData.svc/Transcript(ID=375903L,Language='FR')","uri":"https://ws.parlament.ch/OData.svc/Transcript(ID=375903L,Language='FR')","type":"itsystems.Pd.DataServices.DataModel.Transcript"},"Subjects":{"__deferred":{"uri":"https://ws.parlament.ch/OData.svc/Transcript(ID=375903L,Language='FR')/Subjects"}},"MembersCouncil":{"__deferred":{"uri":"https://ws.parlament.ch/OData.svc/Transcript(ID=375903L,Language='FR')/MembersCouncil"}},"Businesses":{"__deferred":{"uri":"https://ws.parlament.ch/OData.svc/Transcript(ID=375903L,Language='FR')/Businesses"}},"ID":"375903","Language":"FR","IdSubject":"71706","VoteId":null,"PersonNumber":4055,"Type":1,"Text":"<pd_text><p><b>Ziff. I Art. 20a Abs. 1 Einleitung</b>[GZ]</p>\n<p><i>Antrag der Kommission </i>[GZ]</p>\n<p>Zustimmung zum Beschluss des Nationalrates</p>\n<p>[VS]</p>\n<p><b>Ch. I art. 20a al. 1 introduction</b>[GZ]</p>\n<p><i>Proposition de la commission </i>[GZ]</p>\n<p>Adh\u00e9rer \u00e0 la d\u00e9cision du Conseil national[GZ]</p>\n<p>[VS][GZ]</p>\n<p><i>Angenommen - Adopt\u00e9</i></p>\n<p>[VS]</p>\n<p><b>Ziff. I Art. 24 Abs. 2bis </b>[GZ]</p>\n<p><i>Antrag der Kommission </i>[GZ]</p>\n<p>... gest\u00fctzt auf Artikel 14a Abs\u00e4tze 4 und 5 erlassen hat, so[NB]...</p>\n<p>[VS]</p>\n<p><b>Ch. I art. 24 al. 2bis </b>[GZ]</p>\n<p><i>Proposition de la commission </i>[GZ]</p>\n<p>... en vertu de l'article 14a alin\u00e9as 4 et[NB]5. Elle peut[NB]...</p>\n</pd_text>","MeetingCouncilAbbreviation":"S","MeetingDate":"20260608","MeetingVerbalixOid":4178,"IdSession":"5214","SpeakerFirstName":"Stefan","SpeakerLastName":"Engler","SpeakerFullName":"Engler Stefan","SpeakerFunction":"P-M","CouncilId":2,"CouncilName":"Conseil des Etats","CantonId":18,"CantonName":"Grisons","CantonAbbreviation":"GR","ParlGroupName":"Le Groupe du Centre. Le Centre. PEV.","ParlGroupAbbreviation":"M-E","SortOrder":23,"Start":"\/Date(1780941067425)\/","End":"\/Date(1780941127521)\/","Function":"P-M","DisplaySpeaker":false,"LanguageOfText":null,"Modified":"\/Date(1788445126330)\/","StartTimeWithTimezone":"\/Date(1780941067427+0120)\/","EndTimeWithTimezone":"\/Date(1780941127520+0120)\/","VoteBusinessNumber":null,"VoteBusinessShortNumber":null,"VoteBusinessTitle":null},{"__metadata":{"id":"https://ws.parlament.ch/OData.svc/Transcript(ID=375924L,Language='FR')","uri":"https://ws.parlament.ch/OData.svc/Transcript(ID=375924L,Language='FR')","type":"itsystems.Pd.DataServices.DataModel.Transcript"},"Subjects":{"__deferred":{"uri":"https://ws.parlament.ch/OData.svc/Transcript(ID=375924L,Language='FR')/Subjects"}},"MembersCouncil":{"__deferred":{"uri":"https://ws.parlament.ch/OData.svc/Transcript(ID=375924L,Language='FR')/MembersCouncil"}},"Businesses":{"__deferred":{"uri":"https://ws.parlament.ch/OData.svc/Transcript(ID=375924L,Language='FR')/Businesses"}},"ID":"375924","Language":"FR","IdSubject":"71706","VoteId":null,"PersonNumber":4055,"Type":1,"Text":"<pd_text><p><b>Pr\u00e4sident</b> (Engler Stefan, Pr\u00e4sident): Frau Roth beantragt R\u00fcckkommen auf Artikel 14a Absatz[NB]4.</p>\n</pd_text>","MeetingCouncilAbbreviation":"S","MeetingDate":"20260608","MeetingVerbalixOid":4178,"IdSession":"5214","SpeakerFirstName":"Stefan","SpeakerLastName":"Engler","SpeakerFullName":"Engler Stefan","SpeakerFunction":"P-M","CouncilId":2,"CouncilName":"Conseil des Etats","CantonId":18,"CantonName":"Grisons","CantonAbbreviation":"GR","ParlGroupName":"Le Groupe du Centre. Le Centre. PEV.","ParlGroupAbbreviation":"M-E","SortOrder":25,"Start":"\/Date(1780941229511)\/","End":"\/Date(1780941247384)\/","Function":"P-M","DisplaySpeaker":false,"LanguageOfText":null,"Modified":"\/Date(1788445126335)\/","StartTimeWithTimezone":"\/Date(1780941229510+0120)\/","EndTimeWithTimezone":"\/Date(1780941247383+0120)\/","VoteBusinessNumber":null,"VoteBusinessShortNumber":null,"VoteBusinessTitle":null},{"__metadata":{"id":"https://ws.parlament.ch/OData.svc/Transcript(ID=375955L,Language='FR')","uri":"https://ws.parlament.ch/OData.svc/Transcript(ID=375955L,Language='FR')","type":"itsystems.Pd.DataServices.DataModel.Transcript"},"Subjects":{"__deferred":{"uri":"https://ws.parlament.ch/OData.svc/Transcript(ID=375955L,Language='FR')/Subjects"}},"MembersCouncil":{"__deferred":{"uri":"https://ws.parlament.ch/OData.svc/Transcript(ID=375955L,Language='FR')/MembersCouncil"}},"Businesses":{"__deferred":{"uri":"https://ws.parlament.ch/OData.svc/Transcript(ID=375955L,Language='FR')/Businesses"}},"ID":"375955","Language":"FR","IdSubject":"71706","VoteId":null,"PersonNumber":4055,"Type":1,"Text":"<pd_text><p><b>Pr\u00e4sident</b> (Engler Stefan, Pr\u00e4sident): Der Ordnungsantrag Roth Franziska wird nicht bestritten. Wir wiederholen also die Abstimmung \u00fcber Artikel 14a Absatz[NB]4.</p>\n</pd_text>","MeetingCouncilAbbreviation":"S","MeetingDate":"20260608","MeetingVerbalixOid":4178,"IdSession":"5214","SpeakerFirstName":"Stefan","SpeakerLastName":"Engler","SpeakerFullName":"Engler Stefan","SpeakerFunction":"P-M","CouncilId":2,"CouncilName":"Conseil des Etats","CantonId":18,"CantonName":"Grisons","CantonAbbreviation":"GR","ParlGroupName":"Le Groupe du Centre. Le Centre. PEV.","ParlGroupAbbreviation":"M-E","SortOrder":27,"Start":"\/Date(1780941269664)\/","End":"\/Date(1780941310641)\/","Function":"P-M","DisplaySpeaker":false,"LanguageOfText":null,"Modified":"\/Date(1788445126336)\/","StartTimeWithTimezone":"\/Date(1780941269663+0120)\/","EndTimeWithTimezone":"\/Date(1780941310640+0120)\/","VoteBusinessNumber":null,"VoteBusinessShortNumber":null,"VoteBusinessTitle":null},{"__metadata":{"id":"https://ws.parlament.ch/OData.svc/Transcript(ID=375967L,Language='FR')","uri":"https://ws.parlament.ch/OData.svc/Transcript(ID=375967L,Language='FR')","type":"itsystems.Pd.DataServices.DataModel.Transcript"},"Subjects":{"__deferred":{"uri":"https://ws.parlament.ch/OData.svc/Transcript(ID=375967L,Language='FR')/Subjects"}},"MembersCouncil":{"__deferred":{"uri":"https://ws.parlament.ch/OData.svc/Transcript(ID=375967L,Language='FR')/MembersCouncil"}},"Businesses":{"__deferred":{"uri":"https://ws.parlament.ch/OData.svc/Transcript(ID=375967L,Language='FR')/Businesses"}},"ID":"375967","Language":"FR","IdSubject":"71706","VoteId":null,"PersonNumber":4055,"Type":1,"Text":"<pd_text><p><i>Ziff. I Art. 24 Abs. 2bis - Ch. I art. 24 al. 2bis</i>[GZ]</p>\n<p><i>Angenommen - Adopt\u00e9</i></p>\n<p>[VS]</p>\n<p><b>Ziff. I Art. 27 </b>[GZ]</p>\n<p><i>Antrag der Kommission </i>[GZ]</p>\n<p><i>Titel, Abs. 1 Einleitung, Bst. a, 2 </i>[GZ]</p>\n<p>Zustimmung zum Beschluss des Nationalrates</p>\n<p><i>Abs. 1 Bst. b </i>[GZ]</p>\n<p>b.[NB]... gest\u00fctzt auf Artikel 14a Abs\u00e4tze 4 und 5 erlassen hat.</p>\n<p>[VS]</p>\n<p><b>Ch. I art. 27 </b>[GZ]</p>\n<p><i>Proposition de la commission </i>[GZ]</p>\n<p><i>Titre, al. 1 introduction, let. a, 2 </i>[GZ]</p>\n<p>Adh\u00e9rer \u00e0 la d\u00e9cision du Conseil national</p>\n<p><i>Al. 1 let. b </i>[GZ]</p>\n<p>b.[NB]... en vertu de l'article 14a alin\u00e9as 4 et[NB]5.[GZ]</p>\n<p>[VS][GZ]</p>\n<p><i>Angenommen - Adopt\u00e9</i></p>\n<p>[VS]</p>\n<p><b>Ziff. I Art. 31 Abs. 2; 32 Abs. 5</b>[GZ]</p>\n<p><i>Antrag der Kommission </i>[GZ]</p>\n<p>Zustimmung zum Beschluss des Nationalrates</p>\n<p>[VS]</p>\n<p><b>Ch. I art. 31 al. 2[NB]; 32 al. 5</b>[GZ]</p>\n<p><i>Proposition de la commission </i>[GZ]</p>\n<p>Adh\u00e9rer \u00e0 la d\u00e9cision du Conseil national[GZ]</p>\n<p>[VS][GZ]</p>\n<p><i>Angenommen - Adopt\u00e9</i></p>\n<p>[VS]</p>\n<p><b>Ziff. I Art. 33 </b>[GZ]</p>\n<p><i>Antrag der Kommission </i>[GZ]</p>\n<p>... gest\u00fctzt auf Artikel 14a Abs\u00e4tze 4 und 5 trifft, eine[NB]...</p>\n<p>[VS]</p>\n<p><b>Ch. I art. 33 </b>[GZ]</p>\n<p><i>Proposition de la commission </i>[GZ]</p>\n<p>... pr\u00e9vues \u00e0 l'article 14a alin\u00e9a 4 et 5.[GZ]</p>\n<p>[VS][GZ]</p>\n<p><i>Angenommen - Adopt\u00e9</i></p>\n<p>[VS]</p>\n<p><b>Ziff. II Einleitung</b>[GZ]</p>\n<p><i>Antrag der Kommission </i>[GZ]</p>\n<p>Zustimmung zum Beschluss des Nationalrates</p>\n<p>[VS]</p>\n<p><b>Ch. II introduction</b>[GZ]</p>\n<p><i>Proposition de la commission </i>[GZ]</p>\n<p>Adh\u00e9rer \u00e0 la d\u00e9cision du Conseil national[GZ]</p>\n<p>[VS][GZ]</p>\n<p><i>Angenommen - Adopt\u00e9</i></p>\n<p>[VS]</p>\n<p><b>Ziff. II Art. 12a</b>[GZ]</p>\n<p><i>Antrag der Kommission </i>[GZ]</p>\n<p>Zustimmung zum Beschluss des Nationalrates</p>\n<p>[VS]</p>\n<p><i>Antrag M\u00fcller Damian </i>[GZ]</p>\n<p>Streichen</p>\n<p>[VS]</p>\n<p><b>Ch. II art. 12a</b>[GZ]</p>\n<p><i>Proposition de la commission </i>[GZ]</p>\n<p>Adh\u00e9rer \u00e0 la d\u00e9cision du Conseil national</p>\n<p>[VS]</p>\n<p><i>Proposition M\u00fcller Damian </i>[GZ]</p>\n<p>Biffer</p>\n</pd_text>","MeetingCouncilAbbreviation":"S","MeetingDate":"20260608","MeetingVerbalixOid":4178,"IdSession":"5214","SpeakerFirstName":"Stefan","SpeakerLastName":"Engler","SpeakerFullName":"Engler Stefan","SpeakerFunction":"P-M","CouncilId":2,"CouncilName":"Conseil des Etats","CantonId":18,"CantonName":"Grisons","CantonAbbreviation":"GR","ParlGroupName":"Le Groupe du Centre. Le Centre. PEV.","ParlGroupAbbreviation":"M-E","SortOrder":29,"Start":"\/Date(1780941310641)\/","End":"\/Date(1780941411696)\/","Function":"P-M","DisplaySpeaker":false,"LanguageOfText":null,"Modified":"\/Date(1788445126341)\/","StartTimeWithTimezone":"\/Date(1780941310640+0120)\/","EndTimeWithTimezone":"\/Date(1780941411697+0120)\/","VoteBusinessNumber":null,"VoteBusinessShortNumber":null,"VoteBusinessTitle":null},{"__metadata":{"id":"https://ws.parlament.ch/OData.svc/Transcript(ID=375969L,Language='FR')","uri":"https://ws.parlament.ch/OData.svc/Transcript(ID=375969L,Language='FR')","type":"itsystems.Pd.DataServices.DataModel.Transcript"},"Subjects":{"__deferred":{"uri":"https://ws.parlament.ch/OData.svc/Transcript(ID=375969L,Language='FR')/Subjects"}},"MembersCouncil":{"__deferred":{"uri":"https://ws.parlament.ch/OData.svc/Transcript(ID=375969L,Language='FR')/MembersCouncil"}},"Businesses":{"__deferred":{"uri":"https://ws.parlament.ch/OData.svc/Transcript(ID=375969L,Language='FR')/Businesses"}},"ID":"375969","Language":"FR","IdSubject":"71706","VoteId":null,"PersonNumber":4055,"Type":1,"Text":"<pd_text><p><b>Ziff. III</b>[GZ]</p>\n<p><i>Antrag der Kommission </i>[GZ]</p>\n<p>Zustimmung zum Beschluss des Nationalrates</p>\n<p>[VS]</p>\n<p><b>Ch. III</b>[GZ]</p>\n<p><i>Proposition de la commission </i>[GZ]</p>\n<p>Adh\u00e9rer \u00e0 la d\u00e9cision du Conseil national[GZ]</p>\n<p>[VS][GZ]</p>\n<p><i>Angenommen - Adopt\u00e9</i></p>\n</pd_text>","MeetingCouncilAbbreviation":"S","MeetingDate":"20260608","MeetingVerbalixOid":4178,"IdSession":"5214","SpeakerFirstName":"Stefan","SpeakerLastName":"Engler","SpeakerFullName":"Engler Stefan","SpeakerFunction":"P-M","CouncilId":2,"CouncilName":"Conseil des Etats","CantonId":18,"CantonName":"Grisons","CantonAbbreviation":"GR","ParlGroupName":"Le Groupe du Centre. Le Centre. PEV.","ParlGroupAbbreviation":"M-E","SortOrder":34,"Start":"\/Date(1780941711465)\/","End":"\/Date(1780941750336)\/","Function":"P-M","DisplaySpeaker":false,"LanguageOfText":null,"Modified":"\/Date(1788445126347)\/","StartTimeWithTimezone":"\/Date(1780941711467+0120)\/","EndTimeWithTimezone":"\/Date(1780941750337+0120)\/","VoteBusinessNumber":null,"VoteBusinessShortNumber":null,"VoteBusinessTitle":null},{"__metadata":{"id":"https://ws.parlament.ch/OData.svc/Transcript(ID=375984L,Language='FR')","uri":"https://ws.parlament.ch/OData.svc/Transcript(ID=375984L,Language='FR')","type":"itsystems.Pd.DataServices.DataModel.Transcript"},"Subjects":{"__deferred":{"uri":"https://ws.parlament.ch/OData.svc/Transcript(ID=375984L,Language='FR')/Subjects"}},"MembersCouncil":{"__deferred":{"uri":"https://ws.parlament.ch/OData.svc/Transcript(ID=375984L,Language='FR')/MembersCouncil"}},"Businesses":{"__deferred":{"uri":"https://ws.parlament.ch/OData.svc/Transcript(ID=375984L,Language='FR')/Businesses"}},"ID":"375984","Language":"FR","IdSubject":"71706","VoteId":null,"PersonNumber":4055,"Type":1,"Text":"<pd_text><p><b>Pr\u00e4sident</b> (Engler Stefan, Pr\u00e4sident): Wir kommen nun zur Volksinitiative zur\u00fcck und befinden \u00fcber die Abstimmungsempfehlung.</p>\n<p>[VS]</p>\n<p>[VS]</p>\n<p><b>24.089 </b>[GZ]</p>\n<p>[VS][GZ]</p>\n<p><b>Bundesbeschluss \u00fcber die Volksinitiative \"Ja zum Importverbot f\u00fcr Stopfleber (Stopfleber-Initiative)\"</b>[GZ]</p>\n<p><b>Arr\u00eat\u00e9 f\u00e9d\u00e9ral relatif \u00e0 l'initiative populaire \"Oui \u00e0 l'interdiction d'importer du foie gras (initiative foie gras)\"</b>[GZ]</p>\n<p>[VS][GZ]</p>\n<p><i>Eintreten ist obligatorisch </i>[GZ]</p>\n<p><i>L'entr\u00e9e en mati\u00e8re est acquise de plein droit</i></p>\n<p>[VS]</p>\n<p><i>Detailberatung - Discussion par article </i>[GZ]</p>\n<p>[VS][GZ]</p>\n<p><b>Titel und Ingress, Art. 1</b>[GZ]</p>\n<p><i>Antrag der Kommission </i>[GZ]</p>\n<p>Zustimmung zum Beschluss des Nationalrates</p>\n<p>[VS]</p>\n<p><b>Titre et pr\u00e9ambule, art. 1</b>[GZ]</p>\n<p><i>Proposition de la commission </i>[GZ]</p>\n<p>Adh\u00e9rer \u00e0 la d\u00e9cision du Conseil national[GZ]</p>\n<p>[VS][GZ]</p>\n<p><i>Angenommen - Adopt\u00e9</i></p>\n<p>[VS]</p>\n<p><b>Pr\u00e4sident</b> (Engler Stefan, Pr\u00e4sident): Beim indirekten Gegenentwurf haben wir Differenzen zum Nationalrat geschaffen. Daher setzen wir den Entscheid \u00fcber die Abstimmungsempfehlung in Artikel 2 der Volksinitiative aus, bis der indirekte Gegenentwurf wieder in unseren Rat kommt. </p>\n<p>[VS]</p>\n<p><b>Fristverl\u00e4ngerung</b>[GZ]</p>\n<p><i>Antrag der Kommission </i>[GZ]</p>\n<p>Die Kommission beantragt, die Frist f\u00fcr die Behandlung der Volksinitiative \"Ja zum Importverbot f\u00fcr Stopfleber (Stopfleber-Initiative)\" nach Artikel 105 Absatz 1 des Parlamentsgesetzes um ein Jahr, d.[NB]h. bis 28.[NB]Juni 2027, zu verl\u00e4ngern.</p>\n<p>[VS]</p>\n<p><b>Prorogation de d\u00e9lai</b>[GZ]</p>\n<p><i>Proposition de la commission </i>[GZ]</p>\n<p>En vertu de l'article 105 alin\u00e9a 1 de la loi sur le Parlement, la commission propose de proroger d'une ann\u00e9e, soit jusqu'au 28 juin 2027, le d\u00e9lai imparti pour traiter l'initiative populaire \"Oui \u00e0 l'interdiction d'importer du foie gras (initiative foie gras)\".[GZ]</p>\n<p>[VS][GZ]</p>\n<p><i>Angenommen - Adopt\u00e9</i></p>\n<p>[VS]</p>\n<p><b>Pr\u00e4sident</b> (Engler Stefan, Pr\u00e4sident): Die Volksinitiative bleibt also in unserem Rat h\u00e4ngig, bis der indirekte Gegenentwurf wieder in unseren Rat kommt.</p>\n</pd_text>","MeetingCouncilAbbreviation":"S","MeetingDate":"20260608","MeetingVerbalixOid":4178,"IdSession":"5214","SpeakerFirstName":"Stefan","SpeakerLastName":"Engler","SpeakerFullName":"Engler Stefan","SpeakerFunction":"P-M","CouncilId":2,"CouncilName":"Conseil des Etats","CantonId":18,"CantonName":"Grisons","CantonAbbreviation":"GR","ParlGroupName":"Le Groupe du Centre. Le Centre. PEV.","ParlGroupAbbreviation":"M-E","SortOrder":36,"Start":"\/Date(1780941750336)\/","End":"\/Date(1780941862494)\/","Function":"P-M","DisplaySpeaker":false,"LanguageOfText":null,"Modified":"\/Date(1788445126352)\/","StartTimeWithTimezone":"\/Date(1780941750337+0120)\/","EndTimeWithTimezone":"\/Date(1780941862493+0120)\/","VoteBusinessNumber":null,"VoteBusinessShortNumber":null,"VoteBusinessTitle":null},{"__metadata":{"id":"https://ws.parlament.ch/OData.svc/Transcript(ID=376108L,Language='FR')","uri":"https://ws.parlament.ch/OData.svc/Transcript(ID=376108L,Language='FR')","type":"itsystems.Pd.DataServices.DataModel.Transcript"},"Subjects":{"__deferred":{"uri":"https://ws.parlament.ch/OData.svc/Transcript(ID=376108L,Language='FR')/Subjects"}},"MembersCouncil":{"__deferred":{"uri":"https://ws.parlament.ch/OData.svc/Transcript(ID=376108L,Language='FR')/MembersCouncil"}},"Businesses":{"__deferred":{"uri":"https://ws.parlament.ch/OData.svc/Transcript(ID=376108L,Language='FR')/Businesses"}},"ID":"376108","Language":"FR","IdSubject":"71706","VoteId":null,"PersonNumber":4055,"Type":1,"Text":"<pd_text><p><b>Pr\u00e4sident</b> (Engler Stefan, Pr\u00e4sident): Frau Bundesr\u00e4tin, m\u00f6chten Sie sich zum Einzelantrag Broulis \u00e4ussern?</p>\n</pd_text>","MeetingCouncilAbbreviation":"S","MeetingDate":"20260608","MeetingVerbalixOid":4178,"IdSession":"5214","SpeakerFirstName":"Stefan","SpeakerLastName":"Engler","SpeakerFullName":"Engler Stefan","SpeakerFunction":"P-M","CouncilId":2,"CouncilName":"Conseil des Etats","CantonId":18,"CantonName":"Grisons","CantonAbbreviation":"GR","ParlGroupName":"Le Groupe du Centre. Le Centre. PEV.","ParlGroupAbbreviation":"M-E","SortOrder":13,"Start":"\/Date(1780940514334)\/","End":"\/Date(1780940528142)\/","Function":"P-M","DisplaySpeaker":false,"LanguageOfText":null,"Modified":"\/Date(1788445126318)\/","StartTimeWithTimezone":"\/Date(1780940514333+0120)\/","EndTimeWithTimezone":"\/Date(1780940528143+0120)\/","VoteBusinessNumber":null,"VoteBusinessShortNumber":null,"VoteBusinessTitle":null}]},"ID":"71706","Language":"FR","IdMeeting":"5235","VerbalixOid":803298,"SortOrder":8,"Modified":"\/Date(1788445126286)\/"}}