{"d":{"__metadata":{"id":"https://ws.parlament.ch/OData.svc/Subject(ID=71722L,Language='FR')","uri":"https://ws.parlament.ch/OData.svc/Subject(ID=71722L,Language='FR')","type":"itsystems.Pd.DataServices.DataModel.Subject"},"Meetings":{"__metadata":{"id":"https://ws.parlament.ch/OData.svc/Meeting(ID=5237L,Language='FR')","uri":"https://ws.parlament.ch/OData.svc/Meeting(ID=5237L,Language='FR')","type":"itsystems.Pd.DataServices.DataModel.Meeting"},"Sessions":{"__deferred":{"uri":"https://ws.parlament.ch/OData.svc/Meeting(ID=5237L,Language='FR')/Sessions"}},"Subjects":{"__deferred":{"uri":"https://ws.parlament.ch/OData.svc/Meeting(ID=5237L,Language='FR')/Subjects"}},"ID":"5237","Language":"FR","MeetingNumber":6,"IdSession":5214,"SessionNumber":14,"SessionName":"Session d'\u00e9t\u00e9 2026","Council":2,"CouncilName":"Conseil des Etats","CouncilAbbreviation":"CE","Date":"\/Date(1780963200000)\/","Begin":"0815","Modified":"\/Date(1783948073679)\/","LegislativePeriodNumber":52,"PublicationStatus":"final","MeetingOrderText":"Sixi\u00e8me s\u00e9ance","SortOrder":6,"Location":"S"},"SubjectsBusiness":{"results":[{"__metadata":{"id":"https://ws.parlament.ch/OData.svc/SubjectBusiness(BusinessNumber=20263175,IdSubject=71722L,Language='FR')","uri":"https://ws.parlament.ch/OData.svc/SubjectBusiness(BusinessNumber=20263175,IdSubject=71722L,Language='FR')","type":"itsystems.Pd.DataServices.DataModel.SubjectBusiness"},"Subjects":{"__deferred":{"uri":"https://ws.parlament.ch/OData.svc/SubjectBusiness(BusinessNumber=20263175,IdSubject=71722L,Language='FR')/Subjects"}},"Businesses":{"__deferred":{"uri":"https://ws.parlament.ch/OData.svc/SubjectBusiness(BusinessNumber=20263175,IdSubject=71722L,Language='FR')/Businesses"}},"IdSubject":"71722","BusinessNumber":20263175,"Language":"FR","BusinessShortNumber":"26.3175","Title":"Renforcer la vente directe et les circuits courts dans la PA 2030 plus","SortOrder":1,"PublishedNotes":null,"Modified":"\/Date(1780389084666)\/","TitleDE":"Motion Graf Maya.\nSt\u00e4rkung der Direktvermarktung\nund kurzen Vertriebswege\nin die AP 2030 plus aufnehmen","TitleFR":"Motion Graf Maya.\nRenforcer la vente directe\net les circuits courts\ndans la PA 2030 plus","TitleIT":null}]},"Transcripts":{"results":[{"__metadata":{"id":"https://ws.parlament.ch/OData.svc/Transcript(ID=376112L,Language='FR')","uri":"https://ws.parlament.ch/OData.svc/Transcript(ID=376112L,Language='FR')","type":"itsystems.Pd.DataServices.DataModel.Transcript"},"Subjects":{"__deferred":{"uri":"https://ws.parlament.ch/OData.svc/Transcript(ID=376112L,Language='FR')/Subjects"}},"MembersCouncil":{"__deferred":{"uri":"https://ws.parlament.ch/OData.svc/Transcript(ID=376112L,Language='FR')/MembersCouncil"}},"Businesses":{"__deferred":{"uri":"https://ws.parlament.ch/OData.svc/Transcript(ID=376112L,Language='FR')/Businesses"}},"ID":"376112","Language":"FR","IdSubject":"71722","VoteId":null,"PersonNumber":1108,"Type":1,"Text":"<pd_text><p>M\u00eame s'il existe d\u00e9j\u00e0 aujourd'hui de nombreuses mesures de politique agricole pour promouvoir la vente directe et la commercialisation en circuit court, le Conseil f\u00e9d\u00e9ral estime lui aussi que ces aspects peuvent \u00eatre renforc\u00e9s, qu'il existe encore un potentiel et que c'est de la valeur ajout\u00e9e pour l'agriculture. En ce sens, il est pr\u00eat \u00e0 examiner en d\u00e9tail s'il convient de compl\u00e9ter ponctuellement et de fa\u00e7on cibl\u00e9e les instruments de la politique agricole, comme le vise la motion Graf Maya. Le Conseil f\u00e9d\u00e9ral fera des propositions qui iront dans ce sens lors de la proc\u00e9dure de consultation sur le projet de la politique agricole \u00e0 partir de 2030 qui s'ouvrira cet automne. </p>\n<p>C'est pourquoi le Conseil f\u00e9d\u00e9ral vous propose d'accepter cette motion. [GZ]</p>\n</pd_text>","MeetingCouncilAbbreviation":"S","MeetingDate":"20260609","MeetingVerbalixOid":4180,"IdSession":"5214","SpeakerFirstName":"Guy","SpeakerLastName":"Parmelin","SpeakerFullName":"Parmelin Guy","SpeakerFunction":"BPR-M","CouncilId":99,"CouncilName":"Conseil f\u00e9d\u00e9ral","CantonId":22,"CantonName":"Vaud","CantonAbbreviation":"VD","ParlGroupName":null,"ParlGroupAbbreviation":null,"SortOrder":3,"Start":"\/Date(1781002518326)\/","End":"\/Date(1781002568902)\/","Function":"BPR-M","DisplaySpeaker":true,"LanguageOfText":"FR","Modified":"\/Date(1784986893071)\/","StartTimeWithTimezone":"\/Date(1781002518327+0120)\/","EndTimeWithTimezone":"\/Date(1781002568903+0120)\/","VoteBusinessNumber":null,"VoteBusinessShortNumber":null,"VoteBusinessTitle":null},{"__metadata":{"id":"https://ws.parlament.ch/OData.svc/Transcript(ID=376120L,Language='FR')","uri":"https://ws.parlament.ch/OData.svc/Transcript(ID=376120L,Language='FR')","type":"itsystems.Pd.DataServices.DataModel.Transcript"},"Subjects":{"__deferred":{"uri":"https://ws.parlament.ch/OData.svc/Transcript(ID=376120L,Language='FR')/Subjects"}},"MembersCouncil":{"__deferred":{"uri":"https://ws.parlament.ch/OData.svc/Transcript(ID=376120L,Language='FR')/MembersCouncil"}},"Businesses":{"__deferred":{"uri":"https://ws.parlament.ch/OData.svc/Transcript(ID=376120L,Language='FR')/Businesses"}},"ID":"376120","Language":"FR","IdSubject":"71722","VoteId":null,"PersonNumber":806,"Type":1,"Text":"<pd_text><p>Mit der Motion 26.3175, \"St\u00e4rkung der Direktvermarktung und kurzen Vertriebswege in die AP 2030 plus aufnehmen\", m\u00f6chte ich den Bundesrat beauftragen, die Weiterentwicklung der Direktvermarktung und der Vermarktung \u00fcber kurze Vertriebswege in die AP 2030 aufzunehmen und die bestehenden Instrumente an neue Konsumtrends anzupassen. Warum? </p>\n<p>Mit dem Postulat 21.3015 wurde damals der Bundesrat beauftragt, den Bericht zur zuk\u00fcnftigen Ausrichtung der Agrarpolitik um den Aspekt der F\u00f6rderung und Unterst\u00fctzung von Direktverkauf und kurzen Vertriebswegen zu erg\u00e4nzen. In seinem Bericht misst denn auch der Bundesrat diesen alternativen Absatzm\u00f6glichkeiten grosse Bedeutung bei, da die Landwirtschaft damit ihren Absatz diversifizieren und zus\u00e4tzliche Wertsch\u00f6pfung generieren kann. Bei kurzen Vertriebswegen gelangen regionale Lebensmittel auch m\u00f6glichst direkt von den Produzentinnen und Produzenten zu den Konsumentinnen und Konsumenten, auch \u00fcber kleine Verarbeitungsfirmen vor Ort. </p>\n<p>Im Februar 2026 hat der Bundesrat nun mit seinem Aussprachepapier die Eckwerte f\u00fcr die k\u00fcnftige Agrarpolitik 2030 vorgestellt. Die Themen \"Direktverkauf\" und \"Kurze Vertriebswege\" werden darin jedoch leider nicht erw\u00e4hnt. Gleichzeitig haben sich aber die Absatzbedingungen f\u00fcr die Direktvermarktung verschlechtert. Seit der Covid-19-Pandemie sind leider die Absatzzahlen wieder deutlich zur\u00fcckgegangen. Die Botschaft zur AP 2030 soll darum dieser neuen Entwicklung gerecht werden und die Direktvermarktung sowie den Absatz \u00fcber kurze Vertriebswege in die k\u00fcnftige Agrarpolitik integrieren. Das ist sehr wichtig, denn die Bauernfamilien sind zunehmend auf Diversifizierung und neue Wege angewiesen, um ihre Produkte m\u00f6glichst direkt abzusetzen und so auch weniger von den hochkonzentrierten klassischen Absatzkan\u00e4len abh\u00e4ngig zu sein. </p>\n<p>Das heutige Instrumentarium des Bundes f\u00fcr den lokalen und regionalen Absatz ist weiterzuentwickeln, damit das Potenzial neuer Konsumtrends und Absatzformen ausgesch\u00f6pft werden kann. In einem nachhaltigen Ern\u00e4hrungssystem spielt die lokale und regionale Vermarktung eine zunehmend wichtige Rolle, und das soll damit unterst\u00fctzt werden. </p>\n<p>Daher freue ich mich und begr\u00fcsse es sehr, dass der Bundesrat bereit ist, die Motion anzunehmen und Vorschl\u00e4ge f\u00fcr weitere F\u00f6rdermassnahmen f\u00fcr den Direktverkauf und f\u00fcr eine regionale Vermarktung von landwirtschaftlichen Produkten in die Agrarpolitik 2030 aufzunehmen.</p>\n</pd_text>","MeetingCouncilAbbreviation":"S","MeetingDate":"20260609","MeetingVerbalixOid":4180,"IdSession":"5214","SpeakerFirstName":"Maya","SpeakerLastName":"Graf","SpeakerFullName":"Graf Maya","SpeakerFunction":"Mit-F","CouncilId":2,"CouncilName":"Conseil des Etats","CantonId":13,"CantonName":"B\u00e2le-Campagne","CantonAbbreviation":"BL","ParlGroupName":"Groupe des VERT-E-S","ParlGroupAbbreviation":"G","SortOrder":2,"Start":"\/Date(1781002301640)\/","End":"\/Date(1781002511791)\/","Function":"Mit-F","DisplaySpeaker":true,"LanguageOfText":"DE","Modified":"\/Date(1784986893070)\/","StartTimeWithTimezone":"\/Date(1781002301640+0120)\/","EndTimeWithTimezone":"\/Date(1781002511790+0120)\/","VoteBusinessNumber":null,"VoteBusinessShortNumber":null,"VoteBusinessTitle":null},{"__metadata":{"id":"https://ws.parlament.ch/OData.svc/Transcript(ID=376128L,Language='FR')","uri":"https://ws.parlament.ch/OData.svc/Transcript(ID=376128L,Language='FR')","type":"itsystems.Pd.DataServices.DataModel.Transcript"},"Subjects":{"__deferred":{"uri":"https://ws.parlament.ch/OData.svc/Transcript(ID=376128L,Language='FR')/Subjects"}},"MembersCouncil":{"__deferred":{"uri":"https://ws.parlament.ch/OData.svc/Transcript(ID=376128L,Language='FR')/MembersCouncil"}},"Businesses":{"__deferred":{"uri":"https://ws.parlament.ch/OData.svc/Transcript(ID=376128L,Language='FR')/Businesses"}},"ID":"376128","Language":"FR","IdSubject":"71722","VoteId":null,"PersonNumber":4172,"Type":1,"Text":"<pd_text><p><b>Pr\u00e4sident</b> (Salzmann Werner, erster Vizepr\u00e4sident): Der Bundesrat beantragt die Annahme der Motion.</p>\n</pd_text>","MeetingCouncilAbbreviation":"S","MeetingDate":"20260609","MeetingVerbalixOid":4180,"IdSession":"5214","SpeakerFirstName":"Werner","SpeakerLastName":"Salzmann","SpeakerFullName":"Salzmann Werner","SpeakerFunction":"1VP-M","CouncilId":2,"CouncilName":"Conseil des Etats","CantonId":2,"CantonName":"Berne","CantonAbbreviation":"BE","ParlGroupName":"Groupe de l'Union d\u00e9mocratique du Centre","ParlGroupAbbreviation":"V","SortOrder":1,"Start":"\/Date(1781002282402)\/","End":"\/Date(1781002301640)\/","Function":"1VP-M","DisplaySpeaker":false,"LanguageOfText":null,"Modified":"\/Date(1784986893069)\/","StartTimeWithTimezone":"\/Date(1781002282403+0120)\/","EndTimeWithTimezone":"\/Date(1781002301640+0120)\/","VoteBusinessNumber":null,"VoteBusinessShortNumber":null,"VoteBusinessTitle":null},{"__metadata":{"id":"https://ws.parlament.ch/OData.svc/Transcript(ID=376130L,Language='FR')","uri":"https://ws.parlament.ch/OData.svc/Transcript(ID=376130L,Language='FR')","type":"itsystems.Pd.DataServices.DataModel.Transcript"},"Subjects":{"__deferred":{"uri":"https://ws.parlament.ch/OData.svc/Transcript(ID=376130L,Language='FR')/Subjects"}},"MembersCouncil":{"__deferred":{"uri":"https://ws.parlament.ch/OData.svc/Transcript(ID=376130L,Language='FR')/MembersCouncil"}},"Businesses":{"__deferred":{"uri":"https://ws.parlament.ch/OData.svc/Transcript(ID=376130L,Language='FR')/Businesses"}},"ID":"376130","Language":"FR","IdSubject":"71722","VoteId":null,"PersonNumber":4172,"Type":1,"Text":"<pd_text><p><i>Angenommen - Adopt\u00e9</i></p>\n</pd_text>","MeetingCouncilAbbreviation":"S","MeetingDate":"20260609","MeetingVerbalixOid":4180,"IdSession":"5214","SpeakerFirstName":"Werner","SpeakerLastName":"Salzmann","SpeakerFullName":"Salzmann Werner","SpeakerFunction":"1VP-M","CouncilId":2,"CouncilName":"Conseil des Etats","CantonId":2,"CantonName":"Berne","CantonAbbreviation":"BE","ParlGroupName":"Groupe de l'Union d\u00e9mocratique du Centre","ParlGroupAbbreviation":"V","SortOrder":4,"Start":"\/Date(1781002568902)\/","End":"\/Date(1781002579742)\/","Function":"1VP-M","DisplaySpeaker":false,"LanguageOfText":null,"Modified":"\/Date(1784986893072)\/","StartTimeWithTimezone":"\/Date(1781002568903+0120)\/","EndTimeWithTimezone":"\/Date(1781002579743+0120)\/","VoteBusinessNumber":null,"VoteBusinessShortNumber":null,"VoteBusinessTitle":null}]},"ID":"71722","Language":"FR","IdMeeting":"5237","VerbalixOid":803678,"SortOrder":8,"Modified":"\/Date(1784986893067)\/"}}