{"d":{"__metadata":{"id":"https://ws.parlament.ch/OData.svc/Subject(ID=71743L,Language='FR')","uri":"https://ws.parlament.ch/OData.svc/Subject(ID=71743L,Language='FR')","type":"itsystems.Pd.DataServices.DataModel.Subject"},"Meetings":{"__metadata":{"id":"https://ws.parlament.ch/OData.svc/Meeting(ID=5238L,Language='FR')","uri":"https://ws.parlament.ch/OData.svc/Meeting(ID=5238L,Language='FR')","type":"itsystems.Pd.DataServices.DataModel.Meeting"},"Sessions":{"__deferred":{"uri":"https://ws.parlament.ch/OData.svc/Meeting(ID=5238L,Language='FR')/Sessions"}},"Subjects":{"__deferred":{"uri":"https://ws.parlament.ch/OData.svc/Meeting(ID=5238L,Language='FR')/Subjects"}},"ID":"5238","Language":"FR","MeetingNumber":8,"IdSession":5214,"SessionNumber":14,"SessionName":"Session d'\u00e9t\u00e9 2026","Council":1,"CouncilName":"Conseil national","CouncilAbbreviation":"CN","Date":"\/Date(1781049600000)\/","Begin":"0800","Modified":"\/Date(1784633300550)\/","LegislativePeriodNumber":52,"PublicationStatus":"final","MeetingOrderText":"Huiti\u00e8me s\u00e9ance","SortOrder":8,"Location":"N"},"SubjectsBusiness":{"results":[{"__metadata":{"id":"https://ws.parlament.ch/OData.svc/SubjectBusiness(BusinessNumber=20263102,IdSubject=71743L,Language='FR')","uri":"https://ws.parlament.ch/OData.svc/SubjectBusiness(BusinessNumber=20263102,IdSubject=71743L,Language='FR')","type":"itsystems.Pd.DataServices.DataModel.SubjectBusiness"},"Subjects":{"__deferred":{"uri":"https://ws.parlament.ch/OData.svc/SubjectBusiness(BusinessNumber=20263102,IdSubject=71743L,Language='FR')/Subjects"}},"Businesses":{"__deferred":{"uri":"https://ws.parlament.ch/OData.svc/SubjectBusiness(BusinessNumber=20263102,IdSubject=71743L,Language='FR')/Businesses"}},"IdSubject":"71743","BusinessNumber":20263102,"Language":"FR","BusinessShortNumber":"26.3102","Title":"Interdire le Corps des gardiens de la r\u00e9volution islamique","SortOrder":1,"PublishedNotes":"Ordnungsantrag - Motion d'ordre\n","Modified":"\/Date(1780396002166)\/","TitleDE":"Motion Vontobel Erich.\nVerbot der Islamischen\nRevolutionsgarde","TitleFR":"Motion Vontobel Erich.\nInterdire le Corps des gardiens\nde la r\u00e9volution islamique","TitleIT":null}]},"Transcripts":{"results":[{"__metadata":{"id":"https://ws.parlament.ch/OData.svc/Transcript(ID=376371L,Language='FR')","uri":"https://ws.parlament.ch/OData.svc/Transcript(ID=376371L,Language='FR')","type":"itsystems.Pd.DataServices.DataModel.Transcript"},"Subjects":{"__deferred":{"uri":"https://ws.parlament.ch/OData.svc/Transcript(ID=376371L,Language='FR')/Subjects"}},"MembersCouncil":{"__deferred":{"uri":"https://ws.parlament.ch/OData.svc/Transcript(ID=376371L,Language='FR')/MembersCouncil"}},"Businesses":{"__deferred":{"uri":"https://ws.parlament.ch/OData.svc/Transcript(ID=376371L,Language='FR')/Businesses"}},"ID":"376371","Language":"FR","IdSubject":"71743","VoteId":"32595","PersonNumber":null,"Type":2,"Text":"<pd_text><p><i>Abstimmung - Vote </i>[GZ]</p>\n<p>[NAM][GZ]</p>\n<p>F\u00fcr den Ordnungsantrag Jauslin ... 166 Stimmen[GZ]</p>\n<p>Dagegen ... 24 Stimmen[GZ]</p>\n<p>(2 Enthaltungen)[GZ]</p>\n<p>[VS][GZ]</p>\n<p>[VS][GZ]</p>\n<p>[VS][GZ]</p>\n<p><i>Schluss der Sitzung um 11.50 Uhr </i>[GZ]</p>\n<p><i>La s\u00e9ance est lev\u00e9e \u00e0 11 h 50 [PAGE 1168] </i></p>\n<p>[VS]</p>\n<p>[VS]</p>\n<p>[VS]</p>\n<p>[VS]</p>\n</pd_text>","MeetingCouncilAbbreviation":"N","MeetingDate":"20260610","MeetingVerbalixOid":4181,"IdSession":"5214","SpeakerFirstName":null,"SpeakerLastName":null,"SpeakerFullName":"","SpeakerFunction":null,"CouncilId":null,"CouncilName":null,"CantonId":null,"CantonName":null,"CantonAbbreviation":null,"ParlGroupName":null,"ParlGroupAbbreviation":null,"SortOrder":3,"Start":"\/Date(1781092266680)\/","End":"\/Date(1781092566680)\/","Function":null,"DisplaySpeaker":null,"LanguageOfText":null,"Modified":"\/Date(1785314515050)\/","StartTimeWithTimezone":"\/Date(1781092266680+0120)\/","EndTimeWithTimezone":"\/Date(1781092566680+0120)\/","VoteBusinessNumber":20263102,"VoteBusinessShortNumber":"26.3102","VoteBusinessTitle":"Motion Vontobel Erich.\nInterdire le Corps des gardiens\nde la r\u00e9volution islamique"},{"__metadata":{"id":"https://ws.parlament.ch/OData.svc/Transcript(ID=376390L,Language='FR')","uri":"https://ws.parlament.ch/OData.svc/Transcript(ID=376390L,Language='FR')","type":"itsystems.Pd.DataServices.DataModel.Transcript"},"Subjects":{"__deferred":{"uri":"https://ws.parlament.ch/OData.svc/Transcript(ID=376390L,Language='FR')/Subjects"}},"MembersCouncil":{"__deferred":{"uri":"https://ws.parlament.ch/OData.svc/Transcript(ID=376390L,Language='FR')/MembersCouncil"}},"Businesses":{"__deferred":{"uri":"https://ws.parlament.ch/OData.svc/Transcript(ID=376390L,Language='FR')/Businesses"}},"ID":"376390","Language":"FR","IdSubject":"71743","VoteId":null,"PersonNumber":4169,"Type":1,"Text":"<pd_text><p><i>Ordnungsantrag Jauslin</i>[GZ]</p>\n<p>Zuweisung der Motion 26.3102 an die zust\u00e4ndige Kommission zur Vorpr\u00fcfung</p>\n<p>[VS]</p>\n<p><i>Motion d'ordre Jauslin</i>[GZ]</p>\n<p>Transmettre la motion 26.3102 \u00e0 la commission comp\u00e9tente pour examen pr\u00e9alable</p>\n</pd_text>","MeetingCouncilAbbreviation":"N","MeetingDate":"20260610","MeetingVerbalixOid":4181,"IdSession":"5214","SpeakerFirstName":"Pierre-Andr\u00e9","SpeakerLastName":"Page","SpeakerFullName":"Page Pierre-Andr\u00e9","SpeakerFunction":"P-M","CouncilId":1,"CouncilName":"Conseil national","CantonId":10,"CantonName":"Fribourg","CantonAbbreviation":"FR","ParlGroupName":"Groupe de l'Union d\u00e9mocratique du Centre","ParlGroupAbbreviation":"V","SortOrder":1,"Start":"\/Date(1781092204200)\/","End":"\/Date(1781092222480)\/","Function":"P-M","DisplaySpeaker":false,"LanguageOfText":null,"Modified":"\/Date(1785314515047)\/","StartTimeWithTimezone":"\/Date(1781092204200+0120)\/","EndTimeWithTimezone":"\/Date(1781092222480+0120)\/","VoteBusinessNumber":null,"VoteBusinessShortNumber":null,"VoteBusinessTitle":null},{"__metadata":{"id":"https://ws.parlament.ch/OData.svc/Transcript(ID=376406L,Language='FR')","uri":"https://ws.parlament.ch/OData.svc/Transcript(ID=376406L,Language='FR')","type":"itsystems.Pd.DataServices.DataModel.Transcript"},"Subjects":{"__deferred":{"uri":"https://ws.parlament.ch/OData.svc/Transcript(ID=376406L,Language='FR')/Subjects"}},"MembersCouncil":{"__deferred":{"uri":"https://ws.parlament.ch/OData.svc/Transcript(ID=376406L,Language='FR')/MembersCouncil"}},"Businesses":{"__deferred":{"uri":"https://ws.parlament.ch/OData.svc/Transcript(ID=376406L,Language='FR')/Businesses"}},"ID":"376406","Language":"FR","IdSubject":"71743","VoteId":null,"PersonNumber":4208,"Type":1,"Text":"<pd_text><p>Mit meinem Ordnungsantrag beantrage ich Ihnen, die Motion 26.3102 der zust\u00e4ndigen Kommission zuzuweisen. Es geht um die wichtige Frage, ob die Islamische Revolutionsgarde hier in der Schweiz als terroristische Organisation eingestuft und verboten werden soll. </p>\n<p>Diese Motion birgt Sprengstoff in sich. Ich sehe es als wichtig an, dass diese Motion der zust\u00e4ndigen Kommission zugewiesen wird, damit die notwendigen Abkl\u00e4rungen auch wirklich getroffen werden k\u00f6nnen, um dem Rat eine fundierte Vorlage vorlegen zu k\u00f6nnen.</p>\n<p>Ich bitte Sie, meinem Ordnungsantrag zuzustimmen.</p>\n</pd_text>","MeetingCouncilAbbreviation":"N","MeetingDate":"20260610","MeetingVerbalixOid":4181,"IdSession":"5214","SpeakerFirstName":"Matthias Samuel","SpeakerLastName":"Jauslin","SpeakerFullName":"Jauslin Matthias Samuel","SpeakerFunction":"Mit-M","CouncilId":1,"CouncilName":"Conseil national","CantonId":19,"CantonName":"Argovie","CantonAbbreviation":"AG","ParlGroupName":"Groupe vert'lib\u00e9ral","ParlGroupAbbreviation":"GL","SortOrder":2,"Start":"\/Date(1781092222480)\/","End":"\/Date(1781092266680)\/","Function":"Mit-M","DisplaySpeaker":true,"LanguageOfText":"DE","Modified":"\/Date(1785314515048)\/","StartTimeWithTimezone":"\/Date(1781092222480+0120)\/","EndTimeWithTimezone":"\/Date(1781092266680+0120)\/","VoteBusinessNumber":null,"VoteBusinessShortNumber":null,"VoteBusinessTitle":null}]},"ID":"71743","Language":"FR","IdMeeting":"5238","VerbalixOid":804030,"SortOrder":11,"Modified":"\/Date(1785314515045)\/"}}