{"d":{"__metadata":{"id":"https://ws.parlament.ch/OData.svc/Subject(ID=71751L,Language='FR')","uri":"https://ws.parlament.ch/OData.svc/Subject(ID=71751L,Language='FR')","type":"itsystems.Pd.DataServices.DataModel.Subject"},"Meetings":{"__metadata":{"id":"https://ws.parlament.ch/OData.svc/Meeting(ID=5240L,Language='FR')","uri":"https://ws.parlament.ch/OData.svc/Meeting(ID=5240L,Language='FR')","type":"itsystems.Pd.DataServices.DataModel.Meeting"},"Sessions":{"__deferred":{"uri":"https://ws.parlament.ch/OData.svc/Meeting(ID=5240L,Language='FR')/Sessions"}},"Subjects":{"__deferred":{"uri":"https://ws.parlament.ch/OData.svc/Meeting(ID=5240L,Language='FR')/Subjects"}},"ID":"5240","Language":"FR","MeetingNumber":9,"IdSession":5214,"SessionNumber":14,"SessionName":"Session d'\u00e9t\u00e9 2026","Council":1,"CouncilName":"Conseil national","CouncilAbbreviation":"CN","Date":"\/Date(1781136000000)\/","Begin":"0800","Modified":"\/Date(1784634895350)\/","LegislativePeriodNumber":52,"PublicationStatus":"final","MeetingOrderText":"Neuvi\u00e8me s\u00e9ance","SortOrder":9,"Location":"N"},"SubjectsBusiness":{"results":[{"__metadata":{"id":"https://ws.parlament.ch/OData.svc/SubjectBusiness(BusinessNumber=20254077,IdSubject=71751L,Language='FR')","uri":"https://ws.parlament.ch/OData.svc/SubjectBusiness(BusinessNumber=20254077,IdSubject=71751L,Language='FR')","type":"itsystems.Pd.DataServices.DataModel.SubjectBusiness"},"Subjects":{"__deferred":{"uri":"https://ws.parlament.ch/OData.svc/SubjectBusiness(BusinessNumber=20254077,IdSubject=71751L,Language='FR')/Subjects"}},"Businesses":{"__deferred":{"uri":"https://ws.parlament.ch/OData.svc/SubjectBusiness(BusinessNumber=20254077,IdSubject=71751L,Language='FR')/Businesses"}},"IdSubject":"71751","BusinessNumber":20254077,"Language":"FR","BusinessShortNumber":"25.4077","Title":"La s\u00e9curit\u00e9 doit primer l'argument du politiquement correct","SortOrder":1,"PublishedNotes":null,"Modified":"\/Date(1766063152916)\/","TitleDE":"Motion Salzmann Werner.\nSicherheit statt politische\nPseudokorrektheit","TitleFR":"Motion Salzmann Werner.\nLa s\u00e9curit\u00e9 doit primer l'argument\ndu politiquement correct","TitleIT":null}]},"Transcripts":{"results":[{"__metadata":{"id":"https://ws.parlament.ch/OData.svc/Transcript(ID=376424L,Language='FR')","uri":"https://ws.parlament.ch/OData.svc/Transcript(ID=376424L,Language='FR')","type":"itsystems.Pd.DataServices.DataModel.Transcript"},"Subjects":{"__deferred":{"uri":"https://ws.parlament.ch/OData.svc/Transcript(ID=376424L,Language='FR')/Subjects"}},"MembersCouncil":{"__deferred":{"uri":"https://ws.parlament.ch/OData.svc/Transcript(ID=376424L,Language='FR')/MembersCouncil"}},"Businesses":{"__deferred":{"uri":"https://ws.parlament.ch/OData.svc/Transcript(ID=376424L,Language='FR')/Businesses"}},"ID":"376424","Language":"FR","IdSubject":"71751","VoteId":null,"PersonNumber":4169,"Type":1,"Text":"<pd_text><p><b>Le pr\u00e9sident</b> (Page Pierre-Andr\u00e9, pr\u00e9sident): Vous avez re\u00e7u un rapport \u00e9crit de la commission. La commission et le Conseil f\u00e9d\u00e9ral proposent de rejeter la motion.[GZ]</p>\n<p>[VS][GZ]</p>\n<p><i>Abgelehnt - Rejet\u00e9</i></p>\n</pd_text>","MeetingCouncilAbbreviation":"N","MeetingDate":"20260611","MeetingVerbalixOid":4183,"IdSession":"5214","SpeakerFirstName":"Pierre-Andr\u00e9","SpeakerLastName":"Page","SpeakerFullName":"Page Pierre-Andr\u00e9","SpeakerFunction":"P-M","CouncilId":1,"CouncilName":"Conseil national","CantonId":10,"CantonName":"Fribourg","CantonAbbreviation":"FR","ParlGroupName":"Groupe de l'Union d\u00e9mocratique du Centre","ParlGroupAbbreviation":"V","SortOrder":1,"Start":"\/Date(1781166697051)\/","End":"\/Date(1781166705146)\/","Function":"P-M","DisplaySpeaker":false,"LanguageOfText":null,"Modified":"\/Date(1785314520699)\/","StartTimeWithTimezone":"\/Date(1781166697050+0120)\/","EndTimeWithTimezone":"\/Date(1781166705147+0120)\/","VoteBusinessNumber":null,"VoteBusinessShortNumber":null,"VoteBusinessTitle":null}]},"ID":"71751","Language":"FR","IdMeeting":"5240","VerbalixOid":804110,"SortOrder":4,"Modified":"\/Date(1785314520697)\/"}}