{"d":{"__metadata":{"id":"https://ws.parlament.ch/OData.svc/Subject(ID=71754L,Language='DE')","uri":"https://ws.parlament.ch/OData.svc/Subject(ID=71754L,Language='DE')","type":"itsystems.Pd.DataServices.DataModel.Subject"},"Meetings":{"__metadata":{"id":"https://ws.parlament.ch/OData.svc/Meeting(ID=5241L,Language='DE')","uri":"https://ws.parlament.ch/OData.svc/Meeting(ID=5241L,Language='DE')","type":"itsystems.Pd.DataServices.DataModel.Meeting"},"Sessions":{"__deferred":{"uri":"https://ws.parlament.ch/OData.svc/Meeting(ID=5241L,Language='DE')/Sessions"}},"Subjects":{"__deferred":{"uri":"https://ws.parlament.ch/OData.svc/Meeting(ID=5241L,Language='DE')/Subjects"}},"ID":"5241","Language":"DE","MeetingNumber":8,"IdSession":5214,"SessionNumber":14,"SessionName":"Sommersession 2026","Council":2,"CouncilName":"St\u00e4nderat","CouncilAbbreviation":"SR","Date":"\/Date(1781136000000)\/","Begin":"0815","Modified":"\/Date(1784042996692)\/","LegislativePeriodNumber":52,"PublicationStatus":"final","MeetingOrderText":"Achte Sitzung","SortOrder":8,"Location":"S"},"SubjectsBusiness":{"results":[{"__metadata":{"id":"https://ws.parlament.ch/OData.svc/SubjectBusiness(BusinessNumber=20250074,IdSubject=71754L,Language='DE')","uri":"https://ws.parlament.ch/OData.svc/SubjectBusiness(BusinessNumber=20250074,IdSubject=71754L,Language='DE')","type":"itsystems.Pd.DataServices.DataModel.SubjectBusiness"},"Subjects":{"__deferred":{"uri":"https://ws.parlament.ch/OData.svc/SubjectBusiness(BusinessNumber=20250074,IdSubject=71754L,Language='DE')/Subjects"}},"Businesses":{"__deferred":{"uri":"https://ws.parlament.ch/OData.svc/SubjectBusiness(BusinessNumber=20250074,IdSubject=71754L,Language='DE')/Businesses"}},"IdSubject":"71754","BusinessNumber":20250074,"Language":"DE","BusinessShortNumber":"25.074","Title":"Heilmittelgesetz (Revision 3a). \u00c4nderung","SortOrder":1,"PublishedNotes":"Zweitrat - Deuxi\u00e8me Conseil\n","Modified":"\/Date(1772677649526)\/","TitleDE":"Heilmittelgesetz (Revision 3a).\n\u00c4nderung","TitleFR":"Loi sur les produits th\u00e9rapeutiques\n(R\u00e9vision 3a).\nR\u00e9vision","TitleIT":null}]},"Transcripts":{"results":[{"__metadata":{"id":"https://ws.parlament.ch/OData.svc/Transcript(ID=376436L,Language='DE')","uri":"https://ws.parlament.ch/OData.svc/Transcript(ID=376436L,Language='DE')","type":"itsystems.Pd.DataServices.DataModel.Transcript"},"Subjects":{"__deferred":{"uri":"https://ws.parlament.ch/OData.svc/Transcript(ID=376436L,Language='DE')/Subjects"}},"MembersCouncil":{"__deferred":{"uri":"https://ws.parlament.ch/OData.svc/Transcript(ID=376436L,Language='DE')/MembersCouncil"}},"Businesses":{"__deferred":{"uri":"https://ws.parlament.ch/OData.svc/Transcript(ID=376436L,Language='DE')/Businesses"}},"ID":"376436","Language":"DE","IdSubject":"71754","VoteId":null,"PersonNumber":4238,"Type":1,"Text":"<pd_text><p>La pr\u00e9sente r\u00e9vision de la loi sur les produits th\u00e9rapeutiques vise \u00e0 am\u00e9liorer la qualit\u00e9 de l'approvisionnement, mais \u00e9galement la s\u00e9curit\u00e9 de la m\u00e9dication. Elle concerne donc tr\u00e8s directement les patients. Le projet s'articule autour de trois axes principaux[NB]: premi\u00e8rement, la num\u00e9risation du processus de m\u00e9dication, qui doit \u00eatre encourag\u00e9e et qui permet la mise en oeuvre de cinq motions[NB]; deuxi\u00e8mement, un nouveau cadre l\u00e9gal qui doit \u00eatre mis en place pour les m\u00e9dicaments de th\u00e9rapies innovantes[NB]; et, troisi\u00e8mement, la r\u00e9glementation relative aux m\u00e9dicaments \u00e0 usage v\u00e9t\u00e9rinaire, qui sera align\u00e9e sur le droit europ\u00e9en.</p>\n<p>Im Rahmen dieser Revision werden verschiedene Digitalisierungsmassnahmen getroffen, um die Patientensicherheit zu verbessern. Bei den ersten zwei Massnahmen handelt es sich um den verpflichtenden Einsatz der elektronischen Verschreibung und des elektronischen Medikationsplans. Gesundheitsfachpersonen sollen neu verpflichtet werden, Verschreibungen ausschliesslich elektronisch zu erstellen und einzul\u00f6sen. Die Patientin oder der Patient kann einen Papierausdruck der elektronischen Verschreibung verlangen. Zudem sollen Gesundheitsfachpersonen im Rahmen der Verschreibung, Abgabe und Anwendung von Arzneimitteln einen elektronischen Medikationsplan erstellen und aktualisieren m\u00fcssen. Auch hier ist auf Verlangen der Patientin oder des Patienten ein Papierausdruck m\u00f6glich.</p>\n<p>L'aspect essentiel des mesures concerne les exigences techniques auxquelles doivent satisfaire les syst\u00e8mes utilis\u00e9s par les diff\u00e9rents professionnels de la sant\u00e9. Ces exigences permettent de garantir le flux des donn\u00e9es, d'\u00e9viter des doublons et de mieux interconnecter les syst\u00e8mes. Pour ce faire, votre commission a ajout\u00e9 une disposition relative \u00e0 un cofinancement pour le d\u00e9veloppement et l'exploitation de ces syst\u00e8mes.</p>\n<p>J'en viens aux m\u00e9dicaments de th\u00e9rapie innovante.</p>\n<p>Arzneimittel f\u00fcr neuartige Therapien sind Medikamente, die nicht aus einem klassischen Wirkstoff bestehen, sondern beispielsweise aus Zellen oder Gewebe. Sie kennen vielleicht CAR-T-Zelltherapien zur Behandlung von Blutkrebsarten wie Leuk\u00e4mie oder Lymphomen. [PAGE 537] </p>\n<p>Mit dieser Revision wird ein spezifischer und umfassender rechtlicher Rahmen f\u00fcr komplexe und innovative Therapien geschaffen. Die entsprechenden Regelungen zu diesen Produkten werden aus dem Transplantationsgesetz in das Heilmittelgesetz \u00fcberf\u00fchrt. Dies schafft mehr Klarheit und Sicherheit f\u00fcr alle Beteiligten und stellt den Zugang zu neuen[NB]Behandlungsmethoden f\u00fcr die Patientinnen und Patienten in der Schweiz sicher.</p>\n<p>Cette r\u00e9vision cr\u00e9e \u00e9galement les bases n\u00e9cessaires dans la loi sur les produits th\u00e9rapeutiques pour \u00e9tablir une large \u00e9quivalence avec les dispositions europ\u00e9ennes dans le domaine des m\u00e9dicaments \u00e0 usage v\u00e9t\u00e9rinaire. Les modifications contribuent \u00e0 garantir la s\u00e9curit\u00e9 de l'approvisionnement en m\u00e9dicaments \u00e0 usage v\u00e9t\u00e9rinaire et \u00e0 \u00e9viter les entraves techniques au commerce. L'objectif est ainsi de faciliter l'acc\u00e8s au march\u00e9 des th\u00e9rapies innovantes en m\u00e9decine v\u00e9t\u00e9rinaire telles que les m\u00e9dicaments \u00e0 base de cellules souches. Le projet pr\u00e9voit en outre de nouvelles mesures qui visent \u00e0 lutter contre le d\u00e9veloppement de r\u00e9sistances \u00e0 d'autres agents antimicrobiens que les antibiotiques. Ces mesures pourront \u00eatre mises en oeuvre en cas de besoin ou si la situation en mati\u00e8re de r\u00e9sistances devait se d\u00e9t\u00e9riorer.</p>\n<p>Comme vous pouvez le constater, cette r\u00e9vision comporte des modifications et des nouveaut\u00e9s dans diff\u00e9rents domaines, mais toutes les mesures propos\u00e9es poursuivent un seul et m\u00eame objectif[NB]: am\u00e9liorer la qualit\u00e9 et la s\u00e9curit\u00e9 de la m\u00e9dication et de l'approvisionnement et \u00e9galement, comme cela a \u00e9t\u00e9 relev\u00e9 par les deux rapporteurs - je les en remercie -, de s'inscrire dans une coh\u00e9rence avec la num\u00e9risation[NB]du[NB]syst\u00e8me[NB]de[NB]sant\u00e9 qui, elle, j'en conviens, est complexe, qui avance avec tous les partenaires n\u00e9cessaires, mais qui doit chaque fois \u00eatre pens\u00e9e pour que ce fameux Swiss Health Data Space ne soit pas qu'un r\u00e9seau, mais un r\u00e9seau qui soit utile tant pour les prestataires de soins que pour les citoyens et les citoyennes, les patientes et les patients[NB]; je pense au dossier \u00e9lectronique de sant\u00e9.</p>\n<p>Je vous remercie, au nom du Conseil f\u00e9d\u00e9ral, d'accepter l'entr\u00e9e en mati\u00e8re qui, d'ailleurs, n'est pas contest\u00e9e.</p>\n</pd_text>","MeetingCouncilAbbreviation":"S","MeetingDate":"20260611","MeetingVerbalixOid":4184,"IdSession":"5214","SpeakerFirstName":"Elisabeth","SpeakerLastName":"Baume-Schneider","SpeakerFullName":"Baume-Schneider Elisabeth","SpeakerFunction":"BR-F","CouncilId":99,"CouncilName":"Bundesrat","CantonId":26,"CantonName":"Jura","CantonAbbreviation":"JU","ParlGroupName":null,"ParlGroupAbbreviation":null,"SortOrder":3,"Start":"\/Date(1781167795675)\/","End":"\/Date(1781168069699)\/","Function":"BR-F","DisplaySpeaker":true,"LanguageOfText":"FR","Modified":"\/Date(1784986796533)\/","StartTimeWithTimezone":"\/Date(1781167795677+0120)\/","EndTimeWithTimezone":"\/Date(1781168069700+0120)\/","VoteBusinessNumber":null,"VoteBusinessShortNumber":null,"VoteBusinessTitle":null},{"__metadata":{"id":"https://ws.parlament.ch/OData.svc/Transcript(ID=376442L,Language='DE')","uri":"https://ws.parlament.ch/OData.svc/Transcript(ID=376442L,Language='DE')","type":"itsystems.Pd.DataServices.DataModel.Transcript"},"Subjects":{"__deferred":{"uri":"https://ws.parlament.ch/OData.svc/Transcript(ID=376442L,Language='DE')/Subjects"}},"MembersCouncil":{"__deferred":{"uri":"https://ws.parlament.ch/OData.svc/Transcript(ID=376442L,Language='DE')/MembersCouncil"}},"Businesses":{"__deferred":{"uri":"https://ws.parlament.ch/OData.svc/Transcript(ID=376442L,Language='DE')/Businesses"}},"ID":"376442","Language":"DE","IdSubject":"71754","VoteId":"8300","PersonNumber":null,"Type":2,"Text":"<pd_text><p><b>Pr\u00e4sident</b> (Engler Stefan, Pr\u00e4sident): Die Abstimmung gilt auch f\u00fcr Artikel 64h.</p>\n<p>[VS]</p>\n<p><i>Abstimmung - Vote </i>[GZ]</p>\n<p>[NAM][GZ]</p>\n<p>F\u00fcr den Antrag der Minderheit ... 25 Stimmen[GZ]</p>\n<p>F\u00fcr den Antrag der Mehrheit ... 20 Stimmen[GZ]</p>\n<p>(0 Enthaltungen)</p>\n</pd_text>","MeetingCouncilAbbreviation":"S","MeetingDate":"20260611","MeetingVerbalixOid":4184,"IdSession":"5214","SpeakerFirstName":null,"SpeakerLastName":null,"SpeakerFullName":"","SpeakerFunction":null,"CouncilId":null,"CouncilName":null,"CantonId":null,"CantonName":null,"CantonAbbreviation":null,"ParlGroupName":null,"ParlGroupAbbreviation":null,"SortOrder":9,"Start":"\/Date(1781168951887)\/","End":"\/Date(1781168966543)\/","Function":null,"DisplaySpeaker":null,"LanguageOfText":null,"Modified":"\/Date(1784986796544)\/","StartTimeWithTimezone":"\/Date(1781168951887+0120)\/","EndTimeWithTimezone":"\/Date(1781168966543+0120)\/","VoteBusinessNumber":20250074,"VoteBusinessShortNumber":"25.074","VoteBusinessTitle":"Heilmittelgesetz (Revision 3a).\n\u00c4nderung"},{"__metadata":{"id":"https://ws.parlament.ch/OData.svc/Transcript(ID=376445L,Language='DE')","uri":"https://ws.parlament.ch/OData.svc/Transcript(ID=376445L,Language='DE')","type":"itsystems.Pd.DataServices.DataModel.Transcript"},"Subjects":{"__deferred":{"uri":"https://ws.parlament.ch/OData.svc/Transcript(ID=376445L,Language='DE')/Subjects"}},"MembersCouncil":{"__deferred":{"uri":"https://ws.parlament.ch/OData.svc/Transcript(ID=376445L,Language='DE')/MembersCouncil"}},"Businesses":{"__deferred":{"uri":"https://ws.parlament.ch/OData.svc/Transcript(ID=376445L,Language='DE')/Businesses"}},"ID":"376445","Language":"DE","IdSubject":"71754","VoteId":null,"PersonNumber":825,"Type":1,"Text":"<pd_text><p>Mit der vorliegenden Revision des Heilmittelgesetzes (HMG) sollen die Qualit\u00e4t der Versorgung und die Sicherheit der Medikation verbessert werden. Zu diesem Zweck sind im Wesentlichen folgende Massnahmen vorgesehen:</p>\n<p>1.[NB]Arzneimittel f\u00fcr neuartige Therapien, also Advanced Therapy Medicinal Products (ATMP), sollen spezifisch und umfassend im Heilmittelgesetz geregelt werden.</p>\n<p>2.[NB]Die Digitalisierung im Gesundheitswesen wird vorangetrieben, Stichworte sind da \"elektronische Rezepte\" und \"elektronische Medikationspl\u00e4ne\".</p>\n<p>3.[NB]Die Tierarzneimittelregulierung soll an diejenige der Europ\u00e4ischen Union angepasst werden.</p>\n<p>Der Bundesrat verabschiedete die Botschaft zur HMG-Revision 3a am 3.[NB]September 2025 zuhanden des Parlamentes. Mehrere vom Parlament \u00fcberwiesene Motionen werden mit dem vorliegenden Entwurf umgesetzt, namentlich im Bereich der E-Rezepte und des elektronischen Medikationsplans. Der Nationalrat beriet das Gesch\u00e4ft am 12.[NB]M\u00e4rz 2026 und nahm es in der Gesamtabstimmung mit 128 zu 62 Stimmen bei 1 Enthaltung an. Das Eintreten war in der grossen Kammer ebenso wenig bestritten wie in unserer vorberatenden Kommission, der SGK-S.</p>\n<p>Die SGK-S beriet das Gesch\u00e4ft zur Revision 3a des Heilmittelgesetzes an ihrer Sitzung vom 31.[NB]M\u00e4rz und in einer bis in die Abendstunden des 23.[NB]April dauernden Open-End-Debatte sowie vor einer Woche am Rande der Session vor. Die Behandlung der 130 Seiten langen Fahne nahmen wir entlang der eingangs erw\u00e4hnten drei Bl\u00f6cke \"Digitalisierung\", \"Arzneimittel\" sowie \"Arzneimittel f\u00fcr neuartige Therapien\" vor. An der angesprochenen Zusatzsitzung vom 4.[NB]Juni wurden offene Fragen zum Versandhandel gekl\u00e4rt und eine \u00dcbergangsl\u00f6sung f\u00fcr das E-Rezept und die E-Medikation bis zur Realisierung des Gesundheitsraums Swiss Health Data Space (Swiss HDS) diskutiert. So haben wir auch um eine L\u00f6sung f\u00fcr Hauslieferdienst und Versandhandel gerungen und hoffentlich auch gefunden. Die Kommission spricht sich f\u00fcr einen Paradigmenwechsel aus, mitsamt einer Ausweitung des Versandhandels auf Haus\u00e4rzte mit Erlaubnis zur Selbstdispensation. </p>\n<p>Durch den konsequenten Einsatz digitaler Instrumente bei der E-Medikation sollen Fehlerquellen reduziert werden. Der Bundesrat schl\u00e4gt ein ganzes Paket von \u00c4nderungen vor. Unter anderem m\u00fcssen Verschreibungen k\u00fcnftig elektronisch ausgestellt und eingel\u00f6st werden. Neu sollen Patientinnen und Patienten zudem einen elektronischen Medikationsplan erhalten, der auch im elektronischen Patientendossier (EPD) respektive dann im elektronischen Gesundheitsdossier (E-GD) abgelegt werden kann. Er enth\u00e4lt eine Liste der einzunehmenden Arzneimittel und Informationen \u00fcber deren Anwendung. Damit sollen Fehleinnahmen reduziert und die Therapietreue erh\u00f6ht werden. Ein Medikationsplan verbessert zudem den Informationsaustausch zwischen den beteiligten Gesundheitsfachpersonen, reduziert Medikationsfehler und hilft, gef\u00e4hrliche Wechselwirkungen zwischen eingenommenen Arzneimitteln fr\u00fchzeitig zu erkennen.</p>\n<p>F\u00fcr das elektronische Rezept und den Medikationsplan m\u00fcssen Systeme verwendet werden, die einen sicheren Datenaustausch gew\u00e4hrleisten und interoperabel sind. Diese Systeme sollen durch private Akteure angeboten werden. Auf ein System, das vom Bund betrieben wird, wird zum jetzigen Zeitpunkt verzichtet. Die Kommission hat indes einen Antrag gutgeheissen, der verlangt, dass Private bei der Umsetzung unterst\u00fctzt werden k\u00f6nnen.</p>\n<p>Bei Kindern ist die Medikation eine besondere Herausforderung. Es gibt nur wenige Arzneimittel, die spezifisch f\u00fcr Kinder zugelassen sind. Zudem m\u00fcssen die Dosierungen jeweils individuell pro Kind anhand von Alter, Gewicht, K\u00f6rpergr\u00f6sse und weiteren relevanten Faktoren berechnet werden. Der Einsatz von elektronischen Systemen zur Berechnung der Dosierung, sogenannten Clinical Decision Support Systems, kann Berechnungsfehler verhindern und damit die Anwendungssicherheit erh\u00f6hen. Die Pflicht zur Verwendung solcher Systeme gilt zun\u00e4chst f\u00fcr Spit\u00e4ler. In einem zweiten Schritt kann der Bundesrat die Pflicht auf weitere, ambulante Bereiche ausweiten.</p>\n<p>Neue wissenschaftliche Fortschritte in der Biomedizin haben zur Entwicklung verschiedener neuer Therapieformen gef\u00fchrt. Diese Arzneimittel f\u00fcr neuartige Therapien, also f\u00fcr Advanced Therapy Medicinal Products, werden mit der vorliegenden Revision im Heilmittelgesetz klarer geregelt. Ziel ist es, der Bev\u00f6lkerung einen einfachen und sicheren Zugang zu innovativen und qualitativ hochstehenden Produkten zu gew\u00e4hrleisten. Mit der Einf\u00fchrung und Definition des Begriffs \"Arzneimittel f\u00fcr neuartige Therapien\" im HMG sollen sowohl Human- als auch Tierarzneimittel eingeschlossen werden; sie umfassen auch die derzeit in der Transplantationsgesetzgebung geregelte Kategorie der Transplantatprodukte. Diese erm\u00f6glichen es, die derzeit noch fehlenden regulatorischen Anforderungen f\u00fcr das Herstellen und Inverkehrbringen innovativer Tierarzneimittel vorzusehen. Um die Versorgung der Schweiz mit innovativen Tierarzneimitteln auch in Zukunft sicherzustellen, ist es notwendig, sie m\u00f6glichst harmonisiert mit der EU zu regulieren, was in diesem Gesetzentwurf auch passiert ist.</p>\n<p>Nur knapp auf der Zielgeraden angekommen ist die Kommission bei den \"hospital exemptions\". Darunter versteht man eine arzneimittelrechtliche Ausnahmeregelung f\u00fcr Krankenh\u00e4user. Sie erlaubt es Krankenh\u00e4usern, Arzneimittel f\u00fcr innovative und massgeschneiderte Therapien wie Gen- oder Zelltherapien, also Advanced Therapy Medicinal Products, individuell auf einzelne Patienten anzuwenden, ohne dass diese Arzneimittel vorab ein zentrales, langwieriges Zulassungsverfahren durchlaufen m\u00fcssen. Hier besteht noch Kl\u00e4rungsbedarf; das zeigt auch der einzige Einzelantrag, der uns bis jetzt vorliegt. </p>\n<p>Insgesamt ist es aber gelungen, die Anzahl der Minderheiten in Grenzen zu halten. So hat Ihre SGK auf der 130-seitigen Fahne nur rund ein Dutzend Differenzen geschaffen. Einen besonderen Dank m\u00f6chte ich vorweg an Frau Bundesr\u00e4tin Baume-Schneider und ihre Mitarbeitenden richten, die uns geduldig und professionell durch diese nicht einfache Materie begleitet haben. </p>\n<p>Nun freue ich mich auf Ihr Eintreten auf die Revision 3a des HMG und auf die Detailberatung.</p>\n</pd_text>","MeetingCouncilAbbreviation":"S","MeetingDate":"20260611","MeetingVerbalixOid":4184,"IdSession":"5214","SpeakerFirstName":"Hannes","SpeakerLastName":"Germann","SpeakerFullName":"Germann Hannes","SpeakerFunction":"Mit-M","CouncilId":2,"CouncilName":"St\u00e4nderat","CantonId":14,"CantonName":"Schaffhausen","CantonAbbreviation":"SH","ParlGroupName":"Fraktion der Schweizerischen Volkspartei","ParlGroupAbbreviation":"V","SortOrder":1,"Start":"\/Date(1781166800931)\/","End":"\/Date(1781167304061)\/","Function":"*","DisplaySpeaker":true,"LanguageOfText":"DE","Modified":"\/Date(1784986796525)\/","StartTimeWithTimezone":"\/Date(1781166800930+0120)\/","EndTimeWithTimezone":"\/Date(1781167304060+0120)\/","VoteBusinessNumber":null,"VoteBusinessShortNumber":null,"VoteBusinessTitle":null},{"__metadata":{"id":"https://ws.parlament.ch/OData.svc/Transcript(ID=376449L,Language='DE')","uri":"https://ws.parlament.ch/OData.svc/Transcript(ID=376449L,Language='DE')","type":"itsystems.Pd.DataServices.DataModel.Transcript"},"Subjects":{"__deferred":{"uri":"https://ws.parlament.ch/OData.svc/Transcript(ID=376449L,Language='DE')/Subjects"}},"MembersCouncil":{"__deferred":{"uri":"https://ws.parlament.ch/OData.svc/Transcript(ID=376449L,Language='DE')/MembersCouncil"}},"Businesses":{"__deferred":{"uri":"https://ws.parlament.ch/OData.svc/Transcript(ID=376449L,Language='DE')/Businesses"}},"ID":"376449","Language":"DE","IdSubject":"71754","VoteId":null,"PersonNumber":4238,"Type":1,"Text":"<pd_text><p>La proposition de minorit\u00e9 Hegglin Peter a \u00e9t\u00e9 pr\u00e9sent\u00e9e. Elle vise en fait \u00e0 supprimer l'utilisation potentielle du syst\u00e8me d'information sur les antibiotiques pour le monitorage des agents antimicrobiens autres que les antibiotiques. Le Conseil f\u00e9d\u00e9ral soutient la position de la majorit\u00e9, qui part de sa propre proposition, ce qui a une certaine coh\u00e9rence. En fait, le Conseil f\u00e9d\u00e9ral pr\u00e9voit la possibilit\u00e9 d'\u00e9tendre l'usage du syst\u00e8me d'information sur les antibiotiques de sorte qu'il soit possible d'enregistrer la consommation d'antiparasitaires ou d'autres agents antimicrobiens.</p>\n<p>S'il est bien un domaine o\u00f9 l'\u00e9volution est teint\u00e9e d'incertitudes, c'est bien celui des r\u00e9sistances. D\u00e8s lors, donner la possibilit\u00e9 d'avoir un monitorage est extr\u00eamement int\u00e9ressant et extr\u00eamement responsable aussi. En cas de besoin, il serait possible de surveiller la distribution et l'usage des m\u00e9dicaments contenant ces principes actifs. Cette mesure fournirait des indications pr\u00e9cieuses pour l'\u00e9laboration de recommandations th\u00e9rapeutiques et contribuerait \u00e0 pr\u00e9server l'efficacit\u00e9 de principes actifs importants pour la m\u00e9decine v\u00e9t\u00e9rinaire et \u00e9galement pour les m\u00e9dicaments innovants en la mati\u00e8re.</p>\n<p>Betonen m\u00f6chte ich, dass im jetzigen Gesetzentwurf lediglich die Basis f\u00fcr diese Erweiterung geschaffen wird. Aktuell ist eine solche Erweiterung nicht vorgesehen, aber mit dieser Basis auf Gesetzesstufe stellen Sie sicher, dass bei einer sich verschlimmernden Resistenzlage Massnahmen gegen Resistenzen ohne weitere Gesetzesanpassung auf andere antimikrobielle Wirkstoffe als Antibiotika ausgedehnt werden k\u00f6nnen.</p>\n<p>Die Minderheit beantragt, diese Grundlage f\u00fcr die Erweiterung zu streichen. Als Konsequenz m\u00fcssten bei einer Versch\u00e4rfung der Resistenzlage die notwendigen Anpassungen nachgeholt werden. Dies w\u00fcrde zu lange dauern, um angemessen auf die Situation reagieren zu k\u00f6nnen.</p>\n<p>\u00c9tant donn\u00e9 que les r\u00e9sistances augmentent \u00e9galement pour les antiparasitaires et pour d'autres agents antimicrobiens que les antibiotiques, cette modification est coh\u00e9rente et n\u00e9cessaire. \u00c0 titre d'information, l'Union europ\u00e9enne pr\u00e9voit d\u00e9j\u00e0 des mesures similaires pour les agents antimicrobiens.</p>\n<p>Je vous invite donc \u00e0 suivre la proposition de la majorit\u00e9 de la commission et la formulation du Conseil f\u00e9d\u00e9ral.</p>\n</pd_text>","MeetingCouncilAbbreviation":"S","MeetingDate":"20260611","MeetingVerbalixOid":4184,"IdSession":"5214","SpeakerFirstName":"Elisabeth","SpeakerLastName":"Baume-Schneider","SpeakerFullName":"Baume-Schneider Elisabeth","SpeakerFunction":"BR-F","CouncilId":99,"CouncilName":"Bundesrat","CantonId":26,"CantonName":"Jura","CantonAbbreviation":"JU","ParlGroupName":null,"ParlGroupAbbreviation":null,"SortOrder":8,"Start":"\/Date(1781168805607)\/","End":"\/Date(1781168951887)\/","Function":"BR-F","DisplaySpeaker":true,"LanguageOfText":"FR","Modified":"\/Date(1784986796543)\/","StartTimeWithTimezone":"\/Date(1781168805607+0120)\/","EndTimeWithTimezone":"\/Date(1781168951887+0120)\/","VoteBusinessNumber":null,"VoteBusinessShortNumber":null,"VoteBusinessTitle":null},{"__metadata":{"id":"https://ws.parlament.ch/OData.svc/Transcript(ID=376456L,Language='DE')","uri":"https://ws.parlament.ch/OData.svc/Transcript(ID=376456L,Language='DE')","type":"itsystems.Pd.DataServices.DataModel.Transcript"},"Subjects":{"__deferred":{"uri":"https://ws.parlament.ch/OData.svc/Transcript(ID=376456L,Language='DE')/Subjects"}},"MembersCouncil":{"__deferred":{"uri":"https://ws.parlament.ch/OData.svc/Transcript(ID=376456L,Language='DE')/MembersCouncil"}},"Businesses":{"__deferred":{"uri":"https://ws.parlament.ch/OData.svc/Transcript(ID=376456L,Language='DE')/Businesses"}},"ID":"376456","Language":"DE","IdSubject":"71754","VoteId":"8301","PersonNumber":null,"Type":2,"Text":"<pd_text><p><i>Abs. 2 Bst. a - Al. 2 let. a</i>[GZ]</p>\n<p>[VS][GZ]</p>\n<p><i>Abstimmung - Vote </i>[GZ]</p>\n<p>[NAM][GZ]</p>\n<p>F\u00fcr den Antrag der Minderheit ... 14 Stimmen[GZ]</p>\n<p>Dagegen ... 31 Stimmen[GZ]</p>\n<p>(0 Enthaltungen)</p>\n<p>[VS]</p>\n<p><i>\u00dcbrige Bestimmungen angenommen </i>[GZ]</p>\n<p><i>Les autres dispositions sont adopt\u00e9es</i></p>\n</pd_text>","MeetingCouncilAbbreviation":"S","MeetingDate":"20260611","MeetingVerbalixOid":4184,"IdSession":"5214","SpeakerFirstName":null,"SpeakerLastName":null,"SpeakerFullName":"","SpeakerFunction":null,"CouncilId":null,"CouncilName":null,"CantonId":null,"CantonName":null,"CantonAbbreviation":null,"ParlGroupName":null,"ParlGroupAbbreviation":null,"SortOrder":16,"Start":"\/Date(1781169945753)\/","End":"\/Date(1781169960368)\/","Function":null,"DisplaySpeaker":null,"LanguageOfText":null,"Modified":"\/Date(1784986796555)\/","StartTimeWithTimezone":"\/Date(1781169945753+0120)\/","EndTimeWithTimezone":"\/Date(1781169960367+0120)\/","VoteBusinessNumber":20250074,"VoteBusinessShortNumber":"25.074","VoteBusinessTitle":"Heilmittelgesetz (Revision 3a).\n\u00c4nderung"},{"__metadata":{"id":"https://ws.parlament.ch/OData.svc/Transcript(ID=376459L,Language='DE')","uri":"https://ws.parlament.ch/OData.svc/Transcript(ID=376459L,Language='DE')","type":"itsystems.Pd.DataServices.DataModel.Transcript"},"Subjects":{"__deferred":{"uri":"https://ws.parlament.ch/OData.svc/Transcript(ID=376459L,Language='DE')/Subjects"}},"MembersCouncil":{"__deferred":{"uri":"https://ws.parlament.ch/OData.svc/Transcript(ID=376459L,Language='DE')/MembersCouncil"}},"Businesses":{"__deferred":{"uri":"https://ws.parlament.ch/OData.svc/Transcript(ID=376459L,Language='DE')/Businesses"}},"ID":"376459","Language":"DE","IdSubject":"71754","VoteId":null,"PersonNumber":4153,"Type":1,"Text":"<pd_text><p>Die vorgesehenen \u00c4nderungen im Heilmittelgesetz tragen dazu bei, die [PAGE 536] Arzneimittelsicherheit zu st\u00e4rken, die Qualit\u00e4t der Versorgung zu verbessern, indem auch Arzneimittel f\u00fcr neuartige Therapien im Heilmittelgesetz spezifisch und umfassend geregelt werden, und zudem die Chancen der Digitalisierung im Gesundheitswesen besser zu nutzen. Eintreten ist f\u00fcr mich deshalb unbestritten. Ich m\u00f6chte nur vier mir wichtige Elemente noch zus\u00e4tzlich erw\u00e4hnen. </p>\n<p>Ich beginne mit dem Online-Handel: F\u00fcr mich war es schon l\u00e4nger ein grosses \u00c4rgernis, dass ich rezeptfreie Medikamente nicht im Online-Handel oder per Internet bestellen konnte. Immer war ein Gang zur Apotheke notwendig, um nur schon zum Beispiel eine Packung Neocitran zu erwerben. F\u00fcr rezeptpflichtige Medikamente ist der Versandhandel bereits erlaubt, aber f\u00fcr rezeptfreie Medikamente ist er in der Schweiz explizit verboten, was wenig bekannt ist und von vielen auch nicht verstanden wird. Im Ausland ist der Over-the-Counter-Handel hingegen \u00fcberhaupt kein Problem. Ich bin froh, hat die Kommission einm\u00fctig entgegen Bundesrat und Nationalrat beschlossen, diese M\u00f6glichkeit zu er\u00f6ffnen. Sollte die vorgeschlagene Formulierung M\u00e4ngel aufweisen, k\u00f6nnen \u00fcber die Vernehmlassung zur Revision 3b im Differenzbereinigungsverfahren sicher noch Verbesserungen einfliessen. </p>\n<p>Die neue Bestimmung erleichtert den Zugang zu Arzneimitteln, f\u00f6rdert innovative Versorgungsmodelle und unterst\u00fctzt die Digitalisierung des Medikationsprozesses, dies unter Wahrung der Arzneimittelsicherheit, der Beratung von Patientinnen und Patienten sowie auch der Nachverfolgbarkeit der abgegebenen Arzneimittel. Das ist f\u00fcr mich ein wichtiges Element, das keinen weiteren Aufschub mehr ertr\u00e4gt. </p>\n<p>Damit komme ich zur Digitalisierung des Gesundheitswesens. Mit Digisant\u00e9 haben wir ein Schl\u00fcsselprojekt zur Digitalisierung des Gesundheitswesens angestossen. Es ist ein sehr komplexes, herausforderndes und kostspieliges Projekt. Die bisherigen Statusberichte attestieren dem Projekt, bisher gut unterwegs zu sein; das m\u00f6chte ich lobend erw\u00e4hnen. Es ist aber ein Projekt zur Digitalisierung von Verwaltungsabl\u00e4ufen und nicht zur Unterst\u00fctzung privater Betreiber elektronischer Systeme. Zur Unterst\u00fctzung von privaten Projekten fehlte und fehlt noch immer eine gesetzliche Grundlage. </p>\n<p>In der Botschaft hat der Bundesrat keine entsprechenden Ausf\u00fchrungen dazu gemacht; auch der Nationalrat hat nichts dazu aufgenommen. In der Kommissionsberatung hat der Bundesrat aber einen entsprechenden Vorschlag eingebracht: Mit dem neuen Artikel 26abis definieren wir die notwendigen Anforderungen f\u00fcr eine staatliche Unterst\u00fctzung. Um finanzielle Beitr\u00e4ge zu gew\u00e4hren, m\u00fcssten zuk\u00fcnftig sicher noch Budgetkredite oder allenfalls ein Verpflichtungskredit eingestellt und muss je nach Umfang wahrscheinlich auch noch die Schuldenbremse gel\u00f6st werden. Aktuell fehlen dazu aber noch die Gr\u00f6ssenangaben; in der Differenzbereinigung w\u00e4re dieser Punkt dann sicher noch zu kl\u00e4ren.</p>\n<p>Mit dieser M\u00f6glichkeit zur Unterst\u00fctzung von Privaten wird die Projektlandschaft aber noch viel komplexer. Zentral ist, dass die vorgesehenen digitalen Instrumente wie das E-Rezept sowie der elektronische Medikationsplan eng mit dem Bundesprogramm Digisant\u00e9 sowie dem Aufbau des Swiss HDS abgestimmt werden. Der Swiss HDS soll als sicherer und interoperabler Rahmen f\u00fcr die Nutzung von Gesundheitsdaten, Versorgung, Forschung und Innovation dienen. E-Rezept, E-Medikationsplan und elektronische Dosierungssysteme m\u00fcssen so ausgestaltet werden, dass sie technisch und organisatorisch mit den nationalen Digitalisierungsstrategien kompatibel sind. Nur so k\u00f6nnen Synergien genutzt, Medienbr\u00fcche vermieden und zus\u00e4tzliche administrative Belastungen verhindert werden.</p>\n<p>Das E-Rezept und der E-Medikationsplan haben sich in verschiedenen europ\u00e4ischen L\u00e4ndern bereits bew\u00e4hrt und stellen einen wichtigen Treiber der Digitalisierung im Gesundheitswesen dar. Der gr\u00f6sste Nutzen entsteht letztlich f\u00fcr Patientinnen und Patienten durch eine verbesserte Behandlungsqualit\u00e4t und h\u00f6here Arzneimittelsicherheit zur Pr\u00e4vention von Missbrauch und Mehrfachverschreibungen. Eine enge Koordination mit dem E-GD ist ebenfalls sicherzustellen. </p>\n<p>Vermehrt von der \u00c4rzteschaft ge\u00e4usserte Bedenken \u00fcber den Nutzen des E-GD sind, meine ich, vor weiteren Umsetzungsschritten vertieft zu pr\u00fcfen. \u00c4rzte haben mir gesagt, das E-GD sei f\u00fcr sie aufgrund der Unvollst\u00e4ndigkeit der Angaben - man ist ja frei darin, was man dort auff\u00fchrt oder eben nicht auff\u00fchrt - nicht von Nutzen. Es w\u00e4re schade, wenn wir nach dem EPD mit dem E-GD eine weitere digitale Leiche produzieren w\u00fcrden. Ich kann mir vorstellen, dass mir als Patient ein Zugang zum Swiss HDS gen\u00fcgen w\u00fcrde, vielleicht ein beschr\u00e4nkter Lesezugang, um meine Patientenakte einzusehen. Ich hoffe, der Bundesrat pr\u00fcft das weitere Vorgehen beim E-GD noch. Es wird auch bei uns in der parlamentarischen Beratung sicher noch Diskussionen ausl\u00f6sen. </p>\n<p>Damit komme ich zu den Kosten. Wenn es gelingt, alle geplanten Projekte und alle geplanten Effizienzgewinne erfolgreich umzusetzen, sollten am Schluss sogar Kosten eingespart werden k\u00f6nnen. Das schreibt der Bundesrat in der Botschaft, und ich finde es nicht so abwegig. Es erfordert aber von der Verwaltung eine professionelle F\u00fchrung und Abstimmung der einzelnen Projekte. Dass der Bundesrat mit einer Botschaft nicht zus\u00e4tzliche Stellen und Finanzen beantragt, m\u00f6chte ich lobend erw\u00e4hnen. Ich finde, das ist wirklich sehr lobenswert. Meistens ist es ja umgekehrt, und uns werden mit einer Botschaft doch viele neue Stellen oder auch zus\u00e4tzliche Ausgaben beantragt. </p>\n<p>Schlussendlich komme ich noch zu den Tierarzneimitteln. Ich unterst\u00fctze die vorgesehene Angleichung der Tierarzneimittelregulierung an die Bestimmungen der EU. Dies kann dazu beitragen, Handelshemmnisse abzubauen, die Verf\u00fcgbarkeit zu verbessern und den Zugang zu innovativen Therapien zu erleichtern. Bei der Umsetzung ist aber zu beachten, dass f\u00fcr Tier\u00e4rztinnen und Tier\u00e4rzte sowie f\u00fcr tiermedizinische Einrichtungen keine unverh\u00e4ltnism\u00e4ssigen zus\u00e4tzlichen administrativen Belastungen entstehen. Deshalb habe ich einen Minderheitsantrag eingereicht. Ich werde dazu nochmals das Wort ergreifen.</p>\n<p>Ich empfehle Ihnen in allen anderen Punkten, dem Bundesrat und der Mehrheit der Kommission zu folgen.</p>\n</pd_text>","MeetingCouncilAbbreviation":"S","MeetingDate":"20260611","MeetingVerbalixOid":4184,"IdSession":"5214","SpeakerFirstName":"Peter","SpeakerLastName":"Hegglin","SpeakerFullName":"Hegglin Peter","SpeakerFunction":"Mit-M","CouncilId":2,"CouncilName":"St\u00e4nderat","CantonId":9,"CantonName":"Zug","CantonAbbreviation":"ZG","ParlGroupName":"Die Mitte-Fraktion. Die Mitte. EVP.","ParlGroupAbbreviation":"M-E","SortOrder":2,"Start":"\/Date(1781167308588)\/","End":"\/Date(1781167785435)\/","Function":"Mit-M","DisplaySpeaker":true,"LanguageOfText":"DE","Modified":"\/Date(1784986796527)\/","StartTimeWithTimezone":"\/Date(1781167308587+0120)\/","EndTimeWithTimezone":"\/Date(1781167785437+0120)\/","VoteBusinessNumber":null,"VoteBusinessShortNumber":null,"VoteBusinessTitle":null},{"__metadata":{"id":"https://ws.parlament.ch/OData.svc/Transcript(ID=376460L,Language='DE')","uri":"https://ws.parlament.ch/OData.svc/Transcript(ID=376460L,Language='DE')","type":"itsystems.Pd.DataServices.DataModel.Transcript"},"Subjects":{"__deferred":{"uri":"https://ws.parlament.ch/OData.svc/Transcript(ID=376460L,Language='DE')/Subjects"}},"MembersCouncil":{"__deferred":{"uri":"https://ws.parlament.ch/OData.svc/Transcript(ID=376460L,Language='DE')/MembersCouncil"}},"Businesses":{"__deferred":{"uri":"https://ws.parlament.ch/OData.svc/Transcript(ID=376460L,Language='DE')/Businesses"}},"ID":"376460","Language":"DE","IdSubject":"71754","VoteId":null,"PersonNumber":825,"Type":1,"Text":"<pd_text><p>Wir befinden uns hier im Bereich der Tierarzneimittel. Mit einem neuen Artikel 64h will der Bundesrat die gesetzliche Grundlage schaffen, damit er, falls die Resistenzentwicklung dies notwendig macht, via Verordnungs\u00e4nderung die Verwendung des Informationssystems Antibiotika (IS ABV) nicht nur f\u00fcr Antibiotika, sondern auch f\u00fcr Antiparasitika sowie weitere antimikrobielle Wirkstoffe vorschreiben kann.</p>\n<p>Das IS ABV dient gegenw\u00e4rtig lediglich der \u00dcberwachung des Antibiotikaverbrauches. In der Praxis zeigt sich jedoch, dass Resistenzen auch bei anderen mikrobiellen Wirkstoffen zunehmen, so bei Virostatika, das sind verschreibungspflichtige Medikamente zur gezielten Behandlung von Virusinfektionen, bei Antimykotika zur Behandlung von Pilzkrankheiten, bei Antiprotozoika, d.[NB]h. bei Arzneimitteln zur Behandlung und Vorbeugung von durch einzellige Parasiten verursachten Infektionskrankheiten, sowie bei Antiparasitika selbst, also bei Arzneimitteln zur Vorbeugung und Behandlung parasit\u00e4rer Infektionen. Daher braucht es eine gesetzliche Grundlage, um solche Arzneimittel bei Bedarf \u00fcberwachen zu k\u00f6nnen. F\u00fcr antimikrobielle Wirkstoffe sind in der EU entsprechende Massnahmen zumindest vorgesehen.</p>\n<p>Mit Artikel 64h, \"Verwendung des Informationssystems Antibiotika f\u00fcr die \u00dcberwachung des Vertriebs und Verbrauchs von weiteren Arzneimitteln\", schafft der Bundesrat mit der vorliegenden Revision die entsprechende gesetzliche Basis. Er k\u00f6nnte damit, falls es die Resistenzentwicklung erfordert, mittels Verordnungs\u00e4nderung die Ausweitung des IS ABV \u00fcber die Antibiotika hinaus erm\u00f6glichen. Angesichts der aktuellen Resistenzlage ist gem\u00e4ss Verwaltung eine solche Erweiterung derzeit zwar nicht vorgesehen, im Falle einer problematischen Resistenzsituation liesse sich jedoch wertvolle Zeit gewinnen, was sich positiv auf entsprechende Therapieempfehlungen auswirken k\u00f6nnte.</p>\n<p>In seinem Vorentwurf hatte der Bundesrat Massnahmen f\u00fcr Antiparasitika vorgesehen, doch verzichtete er aufgrund der R\u00fcckmeldungen in der Vernehmlassung darauf. Auch der Forderung einzelner Kantone nach einem m\u00f6glichen Anwendungs- und Zulassungsverbot f\u00fcr bestimmte Antiparasitika gaben Bundesrat und Verwaltung nicht statt.</p>\n<p>Vor diesem Hintergrund beantragt Ihnen die Mehrheit der Kommission, dem Nationalrat und damit dem Bundesrat zu folgen. Der entsprechende Antrag wurde in der Kommission mit 5 zu 4 Stimmen bei 1 Enthaltung angenommen.</p>\n<p>Das Hauptanliegen der Minderheit Hegglin Peter ist die Streichung von Artikel 64h als gesetzliche Grundlage f\u00fcr die Verwendung des bestehenden Informationssystems Antibiotika zur \u00dcberwachung des Vertriebs und des Verbrauchs von Arzneimitteln mit anderen antimikrobiellen Wirkstoffen als Antibiotika sowie von Antiparasitika. Die logische Folge davon - jetzt komme ich zu Artikel 4 Absatz 1 - ist die Anpassung von Artikel 4 Absatz 1 Buchstabe hbis und die Streichung von Artikel 4 Absatz 1 Buchstabe hter. Das sehen Sie auf Seite 11 der Fahne. Die Gr\u00fcnde f\u00fcr den Minderheitsantrag wird Ihnen Kollege Hegglin erl\u00e4utern.</p>\n</pd_text>","MeetingCouncilAbbreviation":"S","MeetingDate":"20260611","MeetingVerbalixOid":4184,"IdSession":"5214","SpeakerFirstName":"Hannes","SpeakerLastName":"Germann","SpeakerFullName":"Germann Hannes","SpeakerFunction":"Mit-M","CouncilId":2,"CouncilName":"St\u00e4nderat","CantonId":14,"CantonName":"Schaffhausen","CantonAbbreviation":"SH","ParlGroupName":"Fraktion der Schweizerischen Volkspartei","ParlGroupAbbreviation":"V","SortOrder":5,"Start":"\/Date(1781168137691)\/","End":"\/Date(1781168385981)\/","Function":"*","DisplaySpeaker":true,"LanguageOfText":"DE","Modified":"\/Date(1784986796537)\/","StartTimeWithTimezone":"\/Date(1781168137690+0120)\/","EndTimeWithTimezone":"\/Date(1781168385980+0120)\/","VoteBusinessNumber":null,"VoteBusinessShortNumber":null,"VoteBusinessTitle":null},{"__metadata":{"id":"https://ws.parlament.ch/OData.svc/Transcript(ID=376465L,Language='DE')","uri":"https://ws.parlament.ch/OData.svc/Transcript(ID=376465L,Language='DE')","type":"itsystems.Pd.DataServices.DataModel.Transcript"},"Subjects":{"__deferred":{"uri":"https://ws.parlament.ch/OData.svc/Transcript(ID=376465L,Language='DE')/Subjects"}},"MembersCouncil":{"__deferred":{"uri":"https://ws.parlament.ch/OData.svc/Transcript(ID=376465L,Language='DE')/MembersCouncil"}},"Businesses":{"__deferred":{"uri":"https://ws.parlament.ch/OData.svc/Transcript(ID=376465L,Language='DE')/Businesses"}},"ID":"376465","Language":"DE","IdSubject":"71754","VoteId":null,"PersonNumber":4055,"Type":1,"Text":"<pd_text><p><i>Eintreten wird ohne Gegenantrag beschlossen </i>[GZ]</p>\n<p><i>L'entr\u00e9e en mati\u00e8re est d\u00e9cid\u00e9e sans opposition</i></p>\n<p>[VS]</p>\n<p>[VS]</p>\n<p><b>Bundesgesetz \u00fcber Arzneimittel und Medizinprodukte</b>[GZ]</p>\n<p><b>Loi f\u00e9d\u00e9rale sur les m\u00e9dicaments et les dispositifs m\u00e9dicaux</b>[GZ]</p>\n<p>[VS][GZ]</p>\n<p><i>Detailberatung - Discussion par article </i>[GZ]</p>\n<p>[VS][GZ]</p>\n<p><b>Titel und Ingress; Ziff. I Einleitung; Ingress; Ersatz eines Ausdrucks; Art. 1 Abs. 2 Bst. d, e; Art. 2 Abs. 1 Bst. a, abis, b, c, 3; Art. 3 Abs.</b>[NB]<b>3</b>[GZ]</p>\n<p><i>Antrag der Kommission </i>[GZ]</p>\n<p>Zustimmung zum Beschluss des Nationalrates</p>\n<p>[VS]</p>\n<p><b>Titre et pr\u00e9ambule[NB]; ch. I introduction[NB]; pr\u00e9ambule[NB]; remplacement d'une expression[NB]; art. 1 al. 2 let. d, e[NB]; art. 2 al. 1 let. a, abis, b, c, 3[NB]; art. 3 al.[NB]3 </b>[GZ]</p>\n<p><i>Proposition de la commission </i>[GZ]</p>\n<p>Adh\u00e9rer \u00e0 la d\u00e9cision du Conseil national [GZ]</p>\n<p>[VS][GZ]</p>\n<p><i>Angenommen - Adopt\u00e9</i></p>\n<p>[VS]</p>\n<p><b>Art. 4 </b>[GZ]</p>\n<p><i>Antrag der Mehrheit </i>[GZ]</p>\n<p><i>Abs. 1 Bst. adecies Einleitung, aundecies, fbis, hbis, hter, 1bis-1quater,[NB]3</i>[GZ]</p>\n<p>Zustimmung zum Beschluss des Nationalrates</p>\n<p>[VS]</p>\n<p><i>Antrag der Minderheit </i>[GZ]</p>\n<p>(Hegglin Peter, Ettlin Erich, Friedli Esther, Germann)[GZ]</p>\n<p><i>Abs. 1 Bst. hbis </i>[GZ]</p>\n<p>hbis.[NB]... Antimykotika und Antiprotozoika; davon ausgenommen sind Antiparasitika;</p>\n<p><i>Abs. 1 Bst. hter </i>[GZ]</p>\n<p>Streichen</p>\n<p>[VS]</p>\n<p><b>Art. 4 </b>[GZ]</p>\n<p><i>Proposition de la majorit\u00e9 </i>[GZ]</p>\n<p><i>Al. 1 let. adecies introduction, aundecies, fbis, hbis, hter, 1bis-1quater,[NB]3</i>[GZ]</p>\n<p>Adh\u00e9rer \u00e0 la d\u00e9cision du Conseil national</p>\n<p>[VS]</p>\n<p><i>Proposition de la minorit\u00e9 </i>[GZ]</p>\n<p>(Hegglin Peter, Ettlin Erich, Friedli Esther, Germann)[GZ]</p>\n<p><i>Al. 1 let. hbis </i>[GZ]</p>\n<p>hbis.[NB]... et les antiprotozoaires[NB]; font exception les antiparasitaires[NB];</p>\n<p><i>Al. 1 let. hter </i>[GZ]</p>\n<p>Biffer</p>\n</pd_text>","MeetingCouncilAbbreviation":"S","MeetingDate":"20260611","MeetingVerbalixOid":4184,"IdSession":"5214","SpeakerFirstName":"Stefan","SpeakerLastName":"Engler","SpeakerFullName":"Engler Stefan","SpeakerFunction":"P-M","CouncilId":2,"CouncilName":"St\u00e4nderat","CantonId":18,"CantonName":"Graub\u00fcnden","CantonAbbreviation":"GR","ParlGroupName":"Die Mitte-Fraktion. Die Mitte. EVP.","ParlGroupAbbreviation":"M-E","SortOrder":4,"Start":"\/Date(1781168069699)\/","End":"\/Date(1781168137691)\/","Function":"P-M","DisplaySpeaker":false,"LanguageOfText":null,"Modified":"\/Date(1784986796535)\/","StartTimeWithTimezone":"\/Date(1781168069700+0120)\/","EndTimeWithTimezone":"\/Date(1781168137690+0120)\/","VoteBusinessNumber":null,"VoteBusinessShortNumber":null,"VoteBusinessTitle":null},{"__metadata":{"id":"https://ws.parlament.ch/OData.svc/Transcript(ID=376466L,Language='DE')","uri":"https://ws.parlament.ch/OData.svc/Transcript(ID=376466L,Language='DE')","type":"itsystems.Pd.DataServices.DataModel.Transcript"},"Subjects":{"__deferred":{"uri":"https://ws.parlament.ch/OData.svc/Transcript(ID=376466L,Language='DE')/Subjects"}},"MembersCouncil":{"__deferred":{"uri":"https://ws.parlament.ch/OData.svc/Transcript(ID=376466L,Language='DE')/MembersCouncil"}},"Businesses":{"__deferred":{"uri":"https://ws.parlament.ch/OData.svc/Transcript(ID=376466L,Language='DE')/Businesses"}},"ID":"376466","Language":"DE","IdSubject":"71754","VoteId":null,"PersonNumber":4153,"Type":1,"Text":"<pd_text><p>Seit dem Jahr 2020 betreibt der Bund das Informationssystem Antibiotika in der Veterin\u00e4rmedizin. Dieses verpflichtet die Tier\u00e4rzte zur Meldung aller Eins\u00e4tze und Abgaben von Antibiotika, dies sowohl f\u00fcr Nutztiere als auch f\u00fcr Heim- und Gesellschaftstiere. Bei der nun vorliegenden \u00c4nderung des Heilmittelgesetzes ist neu [PAGE 538] vorgesehen, das Informationssystem Antibiotika und die Meldepflicht auf andere Wirkstoffe als Antibiotika und auf Arzneimittel mit antiparasit\u00e4ren Wirkstoffen auszudehnen.</p>\n<p>Das Informationssystem Antibiotika in der Veterin\u00e4rmedizin wurde als Beitrag der Landwirtschaft und der Veterin\u00e4rmedizin zur Verringerung des Antibiotikaeinsatzes und zur Verringerung von antibiotikaresistenten Bakterien und deren \u00dcbertragung auf Menschen eingef\u00fchrt. Ich glaube, ich kann sagen, es ist auch erfolgreich, der Einsatz von Antibiotika ist doch massgeblich zur\u00fcckgegangen. Ich bin sicher, dass sich damit auch die Resistenzbildungen verringert haben. Aber diese Meldepflichten jetzt prophylaktisch auch f\u00fcr Mittel gegen L\u00e4use, Fl\u00f6he, W\u00fcrmer und so weiter und so fort einzuf\u00fchren, macht meiner Meinung nach wenig Sinn. Die Ausdehnung dieser Datenbank und damit der Meldepflichten auf andere Gruppen von Wirkstoffen als Antibiotika, bei denen Resistenzen auftreten, tr\u00e4gt nichts zur Reduktion der Antibiotikaresistenzen und zum Schutz der Menschen vor der \u00dcbertragung von resistenten Bakterien bei.</p>\n<p>Resistenzen gegen antiparasit\u00e4re Wirkstoffe sind bei Kleinwiederk\u00e4uern, das sind Schafe und Ziegen, schon seit l\u00e4ngerer Zeit bekannt, und diesen Resistenzen m\u00fcssen die Tierhalter zusammen mit den Bestandestier\u00e4rzten und dem Beratungs- und Gesundheitsdienst f\u00fcr Kleinwiederk\u00e4uer mit angepassten Strategien begegnen. Das geschieht heute schon, indem man zum Beispiel nicht immer die gleichen Medikamente nimmt, sondern eben abwechselt und dadurch die Resistenzbildung unterbricht. Auf die Gesundheit der[NB]Menschen[NB]haben[NB]diese Resistenzen aber keinen Einfluss. Daher ist diese Ausweitung abzulehnen, es ist darauf zu verzichten.</p>\n<p>Die administrativen Belastungen der Tierhalter und der Tier\u00e4rzte d\u00fcrfen doch nicht weiter erh\u00f6ht werden, insbesondere dann nicht, wenn daraus wenig oder kein Nutzen generiert werden kann. Insbesondere kleinere und mittelgrosse Tierarztpraxen verf\u00fcgen h\u00e4ufig \u00fcber begrenzte personelle und finanzielle Ressourcen. Diese dann zus\u00e4tzlich zu belasten, f\u00fchrt dazu, dass ihnen wertvolle Zeit f\u00fcr die Betreuung und Behandlung von Tieren verloren geht. Deshalb sollten neue regulatorische Vorgaben nach dem Grundsatz der Verh\u00e4ltnism\u00e4ssigkeit ausgestaltet werden. Ich meine, hier geht man zu weit.</p>\n<p>Wenn man schon etwas machen m\u00f6chte, meine ich, w\u00e4re es besser, mittels Abwasseranlagen vermehrt eine detailliertere Forschung \u00fcber die Eintragung von Abbaustoffen dieser Medikamente in Fliessgew\u00e4sser und Grundwasser zu machen. Ich meine, das w\u00e4re nutzbringender.</p>\n<p>Mit diesen Argumenten empfehle ich Ihnen, meinem Minderheitsantrag zuzustimmen.</p>\n</pd_text>","MeetingCouncilAbbreviation":"S","MeetingDate":"20260611","MeetingVerbalixOid":4184,"IdSession":"5214","SpeakerFirstName":"Peter","SpeakerLastName":"Hegglin","SpeakerFullName":"Hegglin Peter","SpeakerFunction":"Mit-M","CouncilId":2,"CouncilName":"St\u00e4nderat","CantonId":9,"CantonName":"Zug","CantonAbbreviation":"ZG","ParlGroupName":"Die Mitte-Fraktion. Die Mitte. EVP.","ParlGroupAbbreviation":"M-E","SortOrder":6,"Start":"\/Date(1781168390533)\/","End":"\/Date(1781168620817)\/","Function":"Mit-M","DisplaySpeaker":true,"LanguageOfText":"DE","Modified":"\/Date(1784986796538)\/","StartTimeWithTimezone":"\/Date(1781168390533+0120)\/","EndTimeWithTimezone":"\/Date(1781168620817+0120)\/","VoteBusinessNumber":null,"VoteBusinessShortNumber":null,"VoteBusinessTitle":null},{"__metadata":{"id":"https://ws.parlament.ch/OData.svc/Transcript(ID=376468L,Language='DE')","uri":"https://ws.parlament.ch/OData.svc/Transcript(ID=376468L,Language='DE')","type":"itsystems.Pd.DataServices.DataModel.Transcript"},"Subjects":{"__deferred":{"uri":"https://ws.parlament.ch/OData.svc/Transcript(ID=376468L,Language='DE')/Subjects"}},"MembersCouncil":{"__deferred":{"uri":"https://ws.parlament.ch/OData.svc/Transcript(ID=376468L,Language='DE')/MembersCouncil"}},"Businesses":{"__deferred":{"uri":"https://ws.parlament.ch/OData.svc/Transcript(ID=376468L,Language='DE')/Businesses"}},"ID":"376468","Language":"DE","IdSubject":"71754","VoteId":null,"PersonNumber":4238,"Type":1,"Text":"<pd_text><p>La proposition de minorit\u00e9 Ettlin Erich vise une restriction en mati\u00e8re de formule magistrale, tandis que le Conseil f\u00e9d\u00e9ral pr\u00e9voyait une solution qui permet cette option.</p>\n<p>La disposition concernant la formule magistrale permet aux pharmacies de fabriquer elles-m\u00eames et de remettre certains m\u00e9dicaments sur la base d'une ordonnance m\u00e9dicale. Elle ne s'applique, comme cela a \u00e9t\u00e9 dit, qu'\u00e0 certaines personnes ou \u00e0 certains groupes de personnes. Il ne s'agit pas tant de r\u00e9pondre \u00e0 des urgences, mais plut\u00f4t de permettre de combler des p\u00e9nuries qui pourraient toucher des m\u00e9dicaments autoris\u00e9s. La p\u00e9nurie en mati\u00e8re de m\u00e9dicaments n'est pas une hypoth\u00e8se farfelue, mais une situation qui arrive r\u00e9guli\u00e8rement[NB]; c'est par exemple le cas d'une pommade sur mesure qui peut \u00eatre pr\u00e9par\u00e9e en pharmacie pour une personne ayant une maladie de la peau particuli\u00e8re. Il n'est pas du tout anodin d'avoir \u00e0 un moment donn\u00e9 un traitement adapt\u00e9 \u00e0 la personne. De m\u00eame, il est possible de pr\u00e9parer des m\u00e9dicaments pour les enfants lorsque la posologie doit \u00eatre adapt\u00e9e individuellement.</p>\n<p>Pour le Conseil f\u00e9d\u00e9ral, il n'est pas n\u00e9cessaire de restreindre cette disposition, car cette possibilit\u00e9 existe depuis des ann\u00e9es, et aucun probl\u00e8me ni de s\u00e9curit\u00e9 ou de d\u00e9faut de qualit\u00e9 n'a \u00e9t\u00e9 port\u00e9 \u00e0 notre connaissance. De plus, la pharmacie concern\u00e9e doit disposer d'une autorisation du canton pour la fabrication et doit respecter les r\u00e8gles en mati\u00e8re de qualit\u00e9 et de s\u00e9curit\u00e9.</p>\n<p>Die Minderheit fordert eine Einschr\u00e4nkung der Bestimmung, sodass nur Arzneimittel hergestellt und abgegeben werden k\u00f6nnen, f\u00fcr die nachweislich keine Alternative zugelassen ist. Damit wird die \u00e4rztliche Therapiefreiheit eingeschr\u00e4nkt. \u00c4rztinnen und \u00c4rzte m\u00fcssen sich dann bei jeder Verschreibung einer Formula magistralis dar\u00fcber informieren, ob ein alternativ zugelassenes Arzneimittel verf\u00fcgbar ist. Beispielsweise muss ein Arzt vor der Verschreibung speziell dosierter Augentropfen zuerst bei L\u00e4ndern mit vergleichbaren Arzneimitteln recherchieren, ob ein vergleichbares Arzneimittel[NB]vorhanden ist, und dies muss er auch noch nachweisen k\u00f6nnen. Dies erh\u00f6ht den administrativen Aufwand f\u00fcr die \u00c4rzteschaft. Gleichzeitig entsteht auch ein Mehraufwand f\u00fcr die Kantone im Vollzug.</p>\n<p>On aborde tr\u00e8s r\u00e9guli\u00e8rement avec la FMH ou les m\u00e9decins le probl\u00e8me de la surcharge administrative. Il s'agit de poursuivre une mesure raisonnable, qui ne remet en question ni la s\u00e9curit\u00e9 ni la qualit\u00e9 des m\u00e9dicaments transmis.</p>\n<p>D\u00e8s lors, je vous remercie de soutenir la majorit\u00e9 de la commission.</p>\n</pd_text>","MeetingCouncilAbbreviation":"S","MeetingDate":"20260611","MeetingVerbalixOid":4184,"IdSession":"5214","SpeakerFirstName":"Elisabeth","SpeakerLastName":"Baume-Schneider","SpeakerFullName":"Baume-Schneider Elisabeth","SpeakerFunction":"BR-F","CouncilId":99,"CouncilName":"Bundesrat","CantonId":26,"CantonName":"Jura","CantonAbbreviation":"JU","ParlGroupName":null,"ParlGroupAbbreviation":null,"SortOrder":15,"Start":"\/Date(1781169775314)\/","End":"\/Date(1781169945753)\/","Function":"BR-F","DisplaySpeaker":true,"LanguageOfText":"FR","Modified":"\/Date(1784986796553)\/","StartTimeWithTimezone":"\/Date(1781169775313+0120)\/","EndTimeWithTimezone":"\/Date(1781169945753+0120)\/","VoteBusinessNumber":null,"VoteBusinessShortNumber":null,"VoteBusinessTitle":null},{"__metadata":{"id":"https://ws.parlament.ch/OData.svc/Transcript(ID=376469L,Language='DE')","uri":"https://ws.parlament.ch/OData.svc/Transcript(ID=376469L,Language='DE')","type":"itsystems.Pd.DataServices.DataModel.Transcript"},"Subjects":{"__deferred":{"uri":"https://ws.parlament.ch/OData.svc/Transcript(ID=376469L,Language='DE')/Subjects"}},"MembersCouncil":{"__deferred":{"uri":"https://ws.parlament.ch/OData.svc/Transcript(ID=376469L,Language='DE')/MembersCouncil"}},"Businesses":{"__deferred":{"uri":"https://ws.parlament.ch/OData.svc/Transcript(ID=376469L,Language='DE')/Businesses"}},"ID":"376469","Language":"DE","IdSubject":"71754","VoteId":"8302","PersonNumber":null,"Type":2,"Text":"<pd_text><p><i>Abs. 1 Bst. b - Al. 1 let. b </i>[GZ]</p>\n<p>[VS][GZ]</p>\n<p><i>Abstimmung - Vote </i>[GZ]</p>\n<p>[NAM][GZ]</p>\n<p>F\u00fcr den Antrag Chassot ... 26 Stimmen[GZ]</p>\n<p>F\u00fcr den Antrag der Kommission ... 16 Stimmen[GZ]</p>\n<p>(0 Enthaltungen)</p>\n</pd_text>","MeetingCouncilAbbreviation":"S","MeetingDate":"20260611","MeetingVerbalixOid":4184,"IdSession":"5214","SpeakerFirstName":null,"SpeakerLastName":null,"SpeakerFullName":"","SpeakerFunction":null,"CouncilId":null,"CouncilName":null,"CantonId":null,"CantonName":null,"CantonAbbreviation":null,"ParlGroupName":null,"ParlGroupAbbreviation":null,"SortOrder":25,"Start":"\/Date(1781170995951)\/","End":"\/Date(1781171113775)\/","Function":null,"DisplaySpeaker":null,"LanguageOfText":null,"Modified":"\/Date(1784986796569)\/","StartTimeWithTimezone":"\/Date(1781170995950+0120)\/","EndTimeWithTimezone":"\/Date(1781171113777+0120)\/","VoteBusinessNumber":20250074,"VoteBusinessShortNumber":"25.074","VoteBusinessTitle":"Heilmittelgesetz (Revision 3a).\n\u00c4nderung"},{"__metadata":{"id":"https://ws.parlament.ch/OData.svc/Transcript(ID=376470L,Language='DE')","uri":"https://ws.parlament.ch/OData.svc/Transcript(ID=376470L,Language='DE')","type":"itsystems.Pd.DataServices.DataModel.Transcript"},"Subjects":{"__deferred":{"uri":"https://ws.parlament.ch/OData.svc/Transcript(ID=376470L,Language='DE')/Subjects"}},"MembersCouncil":{"__deferred":{"uri":"https://ws.parlament.ch/OData.svc/Transcript(ID=376470L,Language='DE')/MembersCouncil"}},"Businesses":{"__deferred":{"uri":"https://ws.parlament.ch/OData.svc/Transcript(ID=376470L,Language='DE')/Businesses"}},"ID":"376470","Language":"DE","IdSubject":"71754","VoteId":"8303","PersonNumber":null,"Type":2,"Text":"<pd_text><p><i>Abs. 1 Bst. c - Al. 1 let. c</i>[GZ]</p>\n<p>[VS][GZ]</p>\n<p><i>Abstimmung - Vote </i>[GZ]</p>\n<p>[NAM][GZ]</p>\n<p>F\u00fcr den Antrag Chassot ... 22 Stimmen[GZ]</p>\n<p>F\u00fcr den Antrag der Kommission ... 21 Stimmen[GZ]</p>\n<p>(0 Enthaltungen)</p>\n</pd_text>","MeetingCouncilAbbreviation":"S","MeetingDate":"20260611","MeetingVerbalixOid":4184,"IdSession":"5214","SpeakerFirstName":null,"SpeakerLastName":null,"SpeakerFullName":"","SpeakerFunction":null,"CouncilId":null,"CouncilName":null,"CantonId":null,"CantonName":null,"CantonAbbreviation":null,"ParlGroupName":null,"ParlGroupAbbreviation":null,"SortOrder":26,"Start":null,"End":null,"Function":null,"DisplaySpeaker":null,"LanguageOfText":null,"Modified":"\/Date(1784986796571)\/","StartTimeWithTimezone":null,"EndTimeWithTimezone":null,"VoteBusinessNumber":20250074,"VoteBusinessShortNumber":"25.074","VoteBusinessTitle":"Heilmittelgesetz (Revision 3a).\n\u00c4nderung"},{"__metadata":{"id":"https://ws.parlament.ch/OData.svc/Transcript(ID=376472L,Language='DE')","uri":"https://ws.parlament.ch/OData.svc/Transcript(ID=376472L,Language='DE')","type":"itsystems.Pd.DataServices.DataModel.Transcript"},"Subjects":{"__deferred":{"uri":"https://ws.parlament.ch/OData.svc/Transcript(ID=376472L,Language='DE')/Subjects"}},"MembersCouncil":{"__deferred":{"uri":"https://ws.parlament.ch/OData.svc/Transcript(ID=376472L,Language='DE')/MembersCouncil"}},"Businesses":{"__deferred":{"uri":"https://ws.parlament.ch/OData.svc/Transcript(ID=376472L,Language='DE')/Businesses"}},"ID":"376472","Language":"DE","IdSubject":"71754","VoteId":"8304","PersonNumber":null,"Type":2,"Text":"<pd_text><p><i>Abs. 1 Bst. d - Al. 1 let. d</i>[GZ]</p>\n<p>[VS][GZ]</p>\n<p><i>Abstimmung - Vote </i>[GZ]</p>\n<p>[NAM][GZ]</p>\n<p>F\u00fcr den Antrag Chassot ... 31 Stimmen[GZ]</p>\n<p>F\u00fcr den Antrag der Kommission ... 12 Stimmen[GZ]</p>\n<p>(0 Enthaltungen)</p>\n<p>[VS]</p>\n<p><i>\u00dcbrige Bestimmungen angenommen </i>[GZ]</p>\n<p><i>Les autres dispositions sont adopt\u00e9es</i></p>\n</pd_text>","MeetingCouncilAbbreviation":"S","MeetingDate":"20260611","MeetingVerbalixOid":4184,"IdSession":"5214","SpeakerFirstName":null,"SpeakerLastName":null,"SpeakerFullName":"","SpeakerFunction":null,"CouncilId":null,"CouncilName":null,"CantonId":null,"CantonName":null,"CantonAbbreviation":null,"ParlGroupName":null,"ParlGroupAbbreviation":null,"SortOrder":27,"Start":null,"End":null,"Function":null,"DisplaySpeaker":null,"LanguageOfText":null,"Modified":"\/Date(1784986796573)\/","StartTimeWithTimezone":null,"EndTimeWithTimezone":null,"VoteBusinessNumber":20250074,"VoteBusinessShortNumber":"25.074","VoteBusinessTitle":"Heilmittelgesetz (Revision 3a).\n\u00c4nderung"},{"__metadata":{"id":"https://ws.parlament.ch/OData.svc/Transcript(ID=376474L,Language='DE')","uri":"https://ws.parlament.ch/OData.svc/Transcript(ID=376474L,Language='DE')","type":"itsystems.Pd.DataServices.DataModel.Transcript"},"Subjects":{"__deferred":{"uri":"https://ws.parlament.ch/OData.svc/Transcript(ID=376474L,Language='DE')/Subjects"}},"MembersCouncil":{"__deferred":{"uri":"https://ws.parlament.ch/OData.svc/Transcript(ID=376474L,Language='DE')/MembersCouncil"}},"Businesses":{"__deferred":{"uri":"https://ws.parlament.ch/OData.svc/Transcript(ID=376474L,Language='DE')/Businesses"}},"ID":"376474","Language":"DE","IdSubject":"71754","VoteId":null,"PersonNumber":4055,"Type":1,"Text":"<pd_text><p><b>Art.[NB]9 </b>[GZ]</p>\n<p><i>Antrag der Mehrheit </i>[GZ]</p>\n<p><i>Abs. 2quinquies, 3</i>[GZ]</p>\n<p>Zustimmung zum Beschluss des Nationalrates</p>\n<p>[VS]</p>\n<p><i>Antrag der Minderheit </i>[GZ]</p>\n<p>(Ettlin Erich, Dittli, Gapany, Hurni)[GZ]</p>\n<p><i>Abs. 2 Bst. a</i>[GZ]</p>\n<p>a.[NB]Arzneimittel, f\u00fcr die nachweislich kein alternativ anwendbares und gleichwertiges Arzneimittel zugelassen oder verf\u00fcgbar ist, die in einer \u00f6ffentlichen Apotheke oder[NB]... [PAGE 539] </p>\n<p>[VS]</p>\n<p><b>Art.[NB]9 </b>[GZ]</p>\n<p><i>Proposition de la majorit\u00e9 </i>[GZ]</p>\n<p><i>Al. 2quinquies, 3</i>[GZ]</p>\n<p>Adh\u00e9rer \u00e0 la d\u00e9cision du Conseil national</p>\n<p>[VS]</p>\n<p><i>Proposition de la minorit\u00e9 </i>[GZ]</p>\n<p>(Ettlin Erich, Dittli, Gapany, Hurni)[GZ]</p>\n<p><i>Al. 2 let. a</i>[GZ]</p>\n<p>a.[NB]les m\u00e9dicaments pour lesquels il est prouv\u00e9 qu'aucun m\u00e9dicament de substitution et \u00e9quivalent n'est autoris\u00e9 ou disponible, qui sont fabriqu\u00e9s[NB]... </p>\n</pd_text>","MeetingCouncilAbbreviation":"S","MeetingDate":"20260611","MeetingVerbalixOid":4184,"IdSession":"5214","SpeakerFirstName":"Stefan","SpeakerLastName":"Engler","SpeakerFullName":"Engler Stefan","SpeakerFunction":"P-M","CouncilId":2,"CouncilName":"St\u00e4nderat","CantonId":18,"CantonName":"Graub\u00fcnden","CantonAbbreviation":"GR","ParlGroupName":"Die Mitte-Fraktion. Die Mitte. EVP.","ParlGroupAbbreviation":"M-E","SortOrder":10,"Start":"\/Date(1781168966543)\/","End":"\/Date(1781169014733)\/","Function":"P-M","DisplaySpeaker":false,"LanguageOfText":null,"Modified":"\/Date(1784986796545)\/","StartTimeWithTimezone":"\/Date(1781168966543+0120)\/","EndTimeWithTimezone":"\/Date(1781169014733+0120)\/","VoteBusinessNumber":null,"VoteBusinessShortNumber":null,"VoteBusinessTitle":null},{"__metadata":{"id":"https://ws.parlament.ch/OData.svc/Transcript(ID=376476L,Language='DE')","uri":"https://ws.parlament.ch/OData.svc/Transcript(ID=376476L,Language='DE')","type":"itsystems.Pd.DataServices.DataModel.Transcript"},"Subjects":{"__deferred":{"uri":"https://ws.parlament.ch/OData.svc/Transcript(ID=376476L,Language='DE')/Subjects"}},"MembersCouncil":{"__deferred":{"uri":"https://ws.parlament.ch/OData.svc/Transcript(ID=376476L,Language='DE')/MembersCouncil"}},"Businesses":{"__deferred":{"uri":"https://ws.parlament.ch/OData.svc/Transcript(ID=376476L,Language='DE')/Businesses"}},"ID":"376476","Language":"DE","IdSubject":"71754","VoteId":null,"PersonNumber":4238,"Type":1,"Text":"<pd_text><p>La proposition de Mme la conseill\u00e8re aux \u00c9tats Chassot reprend, pas totalement, mais pour l'essentiel, les modifications apport\u00e9es dans la version adopt\u00e9e par le Conseil national et pr\u00e9voit une extension significative du champ d'application de la d\u00e9rogation relative \u00e0 l'utilisation temporaire de m\u00e9dicaments de th\u00e9rapie innovante non autoris\u00e9s dans les h\u00f4pitaux. Il a \u00e9t\u00e9 mentionn\u00e9 que c'\u00e9tait une question technique, mais, j'en conviens, cela est surtout une question vitale pour certaines personnes. L'exception hospitali\u00e8re est un instrument inscrit depuis de nombreuses ann\u00e9es dans la l\u00e9gislation europ\u00e9enne. Elle vise \u00e0 garantir l'acc\u00e8s - c'est un peu sordide de le dire ainsi - \u00e0 une derni\u00e8re possibilit\u00e9 de traitement aux patientes et patients atteints d'une maladie rare et qui ne disposent d'aucun traitement s\u00fbr et efficace.</p>\n<p>En septembre 2023, dans le cadre de la r\u00e9vision de la loi sur la transplantation, le Parlement a d\u00e9cid\u00e9 de reprendre cette r\u00e9glementation d'exception dans notre l\u00e9gislation. \u00c0 l'heure actuelle, l'Office f\u00e9d\u00e9ral de la sant\u00e9 publique (OFSP) et Swissmedic \u00e9laborent le droit d'ex\u00e9cution qui concerne cette nouvelle disposition. Selon les donn\u00e9es port\u00e9es \u00e0 ma connaissance, cette disposition devrait entrer en vigueur en automne 2027. Dans le cadre de la pr\u00e9sente r\u00e9vision, l'article 2b de la loi sur la transplantation est transf\u00e9r\u00e9 dans la loi sur les produits th\u00e9rapeutiques sans modification mat\u00e9rielle.</p>\n<p>Da mit der \"hospital exemption\" in der Schweiz noch keine Vollzugserfahrungen gesammelt werden konnten, bleibt der Bundesrat vorsichtig. Die \"hospital exemption\" sollte, wie in Europa, ausschliesslich f\u00fcr die Anwendung eines nicht zugelassenen Arzneimittels bei isolierten Patientinnen und Patienten herangezogen und nicht allgemein f\u00fcr eine bestimmte Indikation erm\u00f6glicht werden. Es handelt sich hierbei um Produkte, die mitunter sehr hohe gesundheitliche Risiken in sich bergen. Der Einsatz eines solchen Pr\u00e4parats bei einer gr\u00f6sseren Anzahl von Patientinnen und Patienten sollte nur auf der Grundlage einer Zulassung oder im Rahmen einer kontrollierten klinischen Studie m\u00f6glich sein.</p>\n<p>En conclusion, bien que le d\u00e9bat n'ait pas vraiment eu lieu sur votre proposition, Mme la conseill\u00e8re aux \u00c9tats, au sein de la commission, je saisis le sens de la d\u00e9marche et, surtout, le but et l'int\u00e9r\u00eat. Je n'y suis pas fondamentalement oppos\u00e9e. N\u00e9anmoins, comme le pr\u00e9sident de la commission l'a dit, il faudrait poursuivre la discussion lors de l'\u00e9limination des divergences pour trouver la formulation la plus ad\u00e9quate et pertinente possible afin de garantir que la formulation soit optimale pour le meilleur b\u00e9n\u00e9fice m\u00e9dical des patients, mais aussi afin de garder une approche prudente vis-\u00e0-vis de cette ouverture.</p>\n<p>D\u00e8s lors, je vous propose de rejeter la proposition et de poursuivre la discussion dans le cadre de l'\u00e9limination des divergences.</p>\n</pd_text>","MeetingCouncilAbbreviation":"S","MeetingDate":"20260611","MeetingVerbalixOid":4184,"IdSession":"5214","SpeakerFirstName":"Elisabeth","SpeakerLastName":"Baume-Schneider","SpeakerFullName":"Baume-Schneider Elisabeth","SpeakerFunction":"BR-F","CouncilId":99,"CouncilName":"Bundesrat","CantonId":26,"CantonName":"Jura","CantonAbbreviation":"JU","ParlGroupName":null,"ParlGroupAbbreviation":null,"SortOrder":24,"Start":"\/Date(1781170817770)\/","End":"\/Date(1781170995951)\/","Function":"BR-F","DisplaySpeaker":true,"LanguageOfText":"FR","Modified":"\/Date(1784986796568)\/","StartTimeWithTimezone":"\/Date(1781170817770+0120)\/","EndTimeWithTimezone":"\/Date(1781170995950+0120)\/","VoteBusinessNumber":null,"VoteBusinessShortNumber":null,"VoteBusinessTitle":null},{"__metadata":{"id":"https://ws.parlament.ch/OData.svc/Transcript(ID=376478L,Language='DE')","uri":"https://ws.parlament.ch/OData.svc/Transcript(ID=376478L,Language='DE')","type":"itsystems.Pd.DataServices.DataModel.Transcript"},"Subjects":{"__deferred":{"uri":"https://ws.parlament.ch/OData.svc/Transcript(ID=376478L,Language='DE')/Subjects"}},"MembersCouncil":{"__deferred":{"uri":"https://ws.parlament.ch/OData.svc/Transcript(ID=376478L,Language='DE')/MembersCouncil"}},"Businesses":{"__deferred":{"uri":"https://ws.parlament.ch/OData.svc/Transcript(ID=376478L,Language='DE')/Businesses"}},"ID":"376478","Language":"DE","IdSubject":"71754","VoteId":null,"PersonNumber":806,"Type":1,"Text":"<pd_text><p>Ich m\u00f6chte Ihnen sehr beliebt machen, dass wir bei Artikel 4 Absatz 1 Buchstaben hbis und hter der Mehrheit folgen und diese gesetzliche Grundlage schaffen. Es handelt sich um eine Kann-Formulierung. Sie hilft uns, in Zukunft schnell reagieren zu k\u00f6nnen, wenn Resistenzentwicklungen zunehmen, was wir im Tierreich ja heute schon beobachten. </p>\n<p>Ich m\u00f6chte Sie darauf hinweisen, dass alle Kantone diese Bestimmung in der Vernehmlassung bejaht haben. Ich zitiere aus der Vernehmlassungsantwort des Kantons Basel-Landschaft, der schreibt: \"Ausdr\u00fccklich begr\u00fcsst wird die Ausweitung von m\u00f6glichen Massnahmen gegen Resistenzentwicklungen auf weitere antimikrobielle Wirkstoffe als Antibiotika und auf Antiparasitika.\" Er f\u00fcgt weiter hinzu: \"Die Resistenzrate hat auch bei Parasiten ein teilweise besorgniserregendes Ausmass angenommen, weshalb in diesem Bereich Massnahmen ebenfalls dringlich sind.\" </p>\n<p>Massnahmen w\u00e4ren der erste Schritt, eine \u00dcberwachung ein m\u00f6glicher zweiter Schritt. Ich finde, wir sollten heute auf keinen Fall die M\u00f6glichkeit verpassen, mit Artikel 64h, weiter hinten in der Fahne, die gesetzliche Grundlage daf\u00fcr zu schaffen - dies auch im Interesse der Kantone. Die Kantone sind \u00fcber die Veterin\u00e4r\u00e4mter f\u00fcr die \u00dcberwachung zust\u00e4ndig. Sie beobachten die Resistenzentwicklungen und sind in Sorge. Das sollten wir ernst nehmen. </p>\n<p>Kollege Hegglin hat noch erw\u00e4hnt, dass schon heute bei diversen Tierarten eine Entwicklung von Resistenzen beobachtet wird. Ja, Herr Hegglin, Sie wissen es so gut wie ich, wir haben schon heute grosse Probleme bei kleinen Wiederk\u00e4uern, also Schafen und Ziegen, und auch bei Neuweltkameliden. Es ist wirklich teilweise schon schwierig, \u00fcberhaupt noch Arzneimittel zu finden, die etwas n\u00fctzen. </p>\n<p>In diesem Sinne bitte ich Sie, bei Artikel 4 Absatz 1 Buchstaben hbis und hter der Mehrheit der Kommission und damit dem Bundesrat zu folgen und diese Gesetzesgrundlage zu schaffen. Wenn wir sie nicht brauchen, umso besser, ansonsten haben wir vorgesorgt.</p>\n</pd_text>","MeetingCouncilAbbreviation":"S","MeetingDate":"20260611","MeetingVerbalixOid":4184,"IdSession":"5214","SpeakerFirstName":"Maya","SpeakerLastName":"Graf","SpeakerFullName":"Graf Maya","SpeakerFunction":"Mit-F","CouncilId":2,"CouncilName":"St\u00e4nderat","CantonId":13,"CantonName":"Basel-Landschaft","CantonAbbreviation":"BL","ParlGroupName":"Gr\u00fcne Fraktion","ParlGroupAbbreviation":"G","SortOrder":7,"Start":"\/Date(1781168629712)\/","End":"\/Date(1781168797359)\/","Function":"Mit-F","DisplaySpeaker":true,"LanguageOfText":"DE","Modified":"\/Date(1784986796539)\/","StartTimeWithTimezone":"\/Date(1781168629713+0120)\/","EndTimeWithTimezone":"\/Date(1781168797360+0120)\/","VoteBusinessNumber":null,"VoteBusinessShortNumber":null,"VoteBusinessTitle":null},{"__metadata":{"id":"https://ws.parlament.ch/OData.svc/Transcript(ID=376480L,Language='DE')","uri":"https://ws.parlament.ch/OData.svc/Transcript(ID=376480L,Language='DE')","type":"itsystems.Pd.DataServices.DataModel.Transcript"},"Subjects":{"__deferred":{"uri":"https://ws.parlament.ch/OData.svc/Transcript(ID=376480L,Language='DE')/Subjects"}},"MembersCouncil":{"__deferred":{"uri":"https://ws.parlament.ch/OData.svc/Transcript(ID=376480L,Language='DE')/MembersCouncil"}},"Businesses":{"__deferred":{"uri":"https://ws.parlament.ch/OData.svc/Transcript(ID=376480L,Language='DE')/Businesses"}},"ID":"376480","Language":"DE","IdSubject":"71754","VoteId":null,"PersonNumber":4055,"Type":1,"Text":"<pd_text><p><b>Art.[NB]9a Abs. 1 Bst. c </b>[GZ]</p>\n<p><i>Antrag der Kommission </i>[GZ]</p>\n<p>c.[NB]in der Schweiz zum Zeitpunkt des Zulassungsentscheids kein zugelassenes[NB]...</p>\n<p>[VS]</p>\n<p><b>Art.[NB]9a al. 1 let. c </b>[GZ]</p>\n<p><i>Proposition de la commission </i>[GZ]</p>\n<p>c.[NB]... autoris\u00e9 en Suisse au moment o\u00f9 la d\u00e9cision d'autorisation de mise sur le march\u00e9 est rendue.</p>\n</pd_text>","MeetingCouncilAbbreviation":"S","MeetingDate":"20260611","MeetingVerbalixOid":4184,"IdSession":"5214","SpeakerFirstName":"Stefan","SpeakerLastName":"Engler","SpeakerFullName":"Engler Stefan","SpeakerFunction":"P-M","CouncilId":2,"CouncilName":"St\u00e4nderat","CantonId":18,"CantonName":"Graub\u00fcnden","CantonAbbreviation":"GR","ParlGroupName":"Die Mitte-Fraktion. Die Mitte. EVP.","ParlGroupAbbreviation":"M-E","SortOrder":17,"Start":"\/Date(1781169960368)\/","End":"\/Date(1781169995152)\/","Function":"P-M","DisplaySpeaker":false,"LanguageOfText":null,"Modified":"\/Date(1784986796556)\/","StartTimeWithTimezone":"\/Date(1781169960367+0120)\/","EndTimeWithTimezone":"\/Date(1781169995153+0120)\/","VoteBusinessNumber":null,"VoteBusinessShortNumber":null,"VoteBusinessTitle":null},{"__metadata":{"id":"https://ws.parlament.ch/OData.svc/Transcript(ID=376484L,Language='DE')","uri":"https://ws.parlament.ch/OData.svc/Transcript(ID=376484L,Language='DE')","type":"itsystems.Pd.DataServices.DataModel.Transcript"},"Subjects":{"__deferred":{"uri":"https://ws.parlament.ch/OData.svc/Transcript(ID=376484L,Language='DE')/Subjects"}},"MembersCouncil":{"__deferred":{"uri":"https://ws.parlament.ch/OData.svc/Transcript(ID=376484L,Language='DE')/MembersCouncil"}},"Businesses":{"__deferred":{"uri":"https://ws.parlament.ch/OData.svc/Transcript(ID=376484L,Language='DE')/Businesses"}},"ID":"376484","Language":"DE","IdSubject":"71754","VoteId":null,"PersonNumber":4055,"Type":1,"Text":"<pd_text><p><i>Angenommen - Adopt\u00e9</i></p>\n<p>[VS]</p>\n<p><b>Art. 9c </b>[GZ]</p>\n<p><i>Antrag der Kommission </i>[GZ]</p>\n<p><i>Abs. 1</i>[GZ]</p>\n<p>Zustimmung zum Entwurf des Bundesrates</p>\n<p><i>Abs. 2, 3 </i>[GZ]</p>\n<p>Zustimmung zum Beschluss des Nationalrates</p>\n<p>[VS]</p>\n<p><i>Antrag Chassot </i>[GZ]</p>\n<p><i>Abs. 1</i>[GZ]</p>\n<p>... [GZ]</p>\n<p>a.[NB]Zustimmung zum Entwurf des Bundesrates</p>\n<p>b.[NB]Zustimmung zum Beschluss des Nationalrates</p>\n<p>c.[NB]Zustimmung zum Beschluss des Nationalrates</p>\n<p>d.[NB]in der Schweiz kein zugelassenes, alternativ anwendbares und gleichwertiges Heilmittel klinisch rechtzeitig verf\u00fcgbar ist; und</p>\n<p>e.[NB]Zustimmung zum Beschluss des Nationalrates</p>\n<p>[VS]</p>\n<p><b>Art. 9c </b>[GZ]</p>\n<p><i>Proposition de la commission </i>[GZ]</p>\n<p><i>Al. 1</i>[GZ]</p>\n<p>Adh\u00e9rer au projet du Conseil f\u00e9d\u00e9ral [PAGE 541] </p>\n<p><i>Al. 2, 3 </i>[GZ]</p>\n<p>Adh\u00e9rer \u00e0 la d\u00e9cision du Conseil national</p>\n<p>[VS]</p>\n<p><i>Proposition Chassot </i>[GZ]</p>\n<p><i>Al. 1</i>[GZ]</p>\n<p>... [GZ]</p>\n<p>a.[NB]Adh\u00e9rer au projet du Conseil f\u00e9d\u00e9ral</p>\n<p>b.[NB]Adh\u00e9rer \u00e0 la d\u00e9cision du Conseil national</p>\n<p>c.[NB]Adh\u00e9rer \u00e0 la d\u00e9cision du Conseil national</p>\n<p>d.[NB]il n'existe pas de produit th\u00e9rapeutique de substitution et \u00e9quivalent autoris\u00e9 \u00e0 \u00eatre mis en temps voulu sur le march\u00e9 en Suisse pour un traitement clinique[NB]; et</p>\n<p>e.[NB]Adh\u00e9rer \u00e0 la d\u00e9cision du Conseil national</p>\n</pd_text>","MeetingCouncilAbbreviation":"S","MeetingDate":"20260611","MeetingVerbalixOid":4184,"IdSession":"5214","SpeakerFirstName":"Stefan","SpeakerLastName":"Engler","SpeakerFullName":"Engler Stefan","SpeakerFunction":"P-M","CouncilId":2,"CouncilName":"St\u00e4nderat","CantonId":18,"CantonName":"Graub\u00fcnden","CantonAbbreviation":"GR","ParlGroupName":"Die Mitte-Fraktion. Die Mitte. EVP.","ParlGroupAbbreviation":"M-E","SortOrder":19,"Start":"\/Date(1781170072144)\/","End":"\/Date(1781170095776)\/","Function":"P-M","DisplaySpeaker":false,"LanguageOfText":null,"Modified":"\/Date(1784986796558)\/","StartTimeWithTimezone":"\/Date(1781170072143+0120)\/","EndTimeWithTimezone":"\/Date(1781170095777+0120)\/","VoteBusinessNumber":null,"VoteBusinessShortNumber":null,"VoteBusinessTitle":null},{"__metadata":{"id":"https://ws.parlament.ch/OData.svc/Transcript(ID=376485L,Language='DE')","uri":"https://ws.parlament.ch/OData.svc/Transcript(ID=376485L,Language='DE')","type":"itsystems.Pd.DataServices.DataModel.Transcript"},"Subjects":{"__deferred":{"uri":"https://ws.parlament.ch/OData.svc/Transcript(ID=376485L,Language='DE')/Subjects"}},"MembersCouncil":{"__deferred":{"uri":"https://ws.parlament.ch/OData.svc/Transcript(ID=376485L,Language='DE')/MembersCouncil"}},"Businesses":{"__deferred":{"uri":"https://ws.parlament.ch/OData.svc/Transcript(ID=376485L,Language='DE')/Businesses"}},"ID":"376485","Language":"DE","IdSubject":"71754","VoteId":null,"PersonNumber":825,"Type":1,"Text":"<pd_text><p>In Artikel 9a Absatz 1 Buchstabe c geht es um die befristete Zulassung von Arzneimitteln, die sich in einer Phase der klinischen Entwicklung befinden. In Bezug auf die befristeten Zulassungen hat der Nationalrat pr\u00e4zisiert, dass f\u00fcr die Pr\u00fcfung der Verf\u00fcgbarkeit eines zugelassenen, alternativ anwendbaren und gleichwertigen Arzneimittels in der Schweiz der Zeitpunkt des Zulassungsgesuches massgebend sein soll. </p>\n<p>Die Kommission beantragt ohne Gegenantrag, dass daf\u00fcr der Zeitpunkt des Entscheides \u00fcber die Marktzulassung massgeblich ist. Mit der Formulierung \"zum Zeitpunkt des Zulassungsentscheids\" tr\u00e4gt die Kommission dem Anliegen des Nationalrates Rechnung. Wenn die Zulassung eines befristet zugelassenen Pr\u00e4parats verl\u00e4ngert wird, obwohl bereits ein ordentlich zugelassenes Arzneimittel existiert, so kann ein Patient, der bisher mit dem befristet zugelassenen Pr\u00e4parat behandelt wurde, weiterhin mit diesem behandelt werden. Gleichzeitig geben Sie mit dieser Formulierung auch der Industrie Planungssicherheit. [GZ]</p>\n</pd_text>","MeetingCouncilAbbreviation":"S","MeetingDate":"20260611","MeetingVerbalixOid":4184,"IdSession":"5214","SpeakerFirstName":"Hannes","SpeakerLastName":"Germann","SpeakerFullName":"Germann Hannes","SpeakerFunction":"Mit-M","CouncilId":2,"CouncilName":"St\u00e4nderat","CantonId":14,"CantonName":"Schaffhausen","CantonAbbreviation":"SH","ParlGroupName":"Fraktion der Schweizerischen Volkspartei","ParlGroupAbbreviation":"V","SortOrder":18,"Start":"\/Date(1781169995152)\/","End":"\/Date(1781170072144)\/","Function":"*","DisplaySpeaker":true,"LanguageOfText":"DE","Modified":"\/Date(1784986796557)\/","StartTimeWithTimezone":"\/Date(1781169995153+0120)\/","EndTimeWithTimezone":"\/Date(1781170072143+0120)\/","VoteBusinessNumber":null,"VoteBusinessShortNumber":null,"VoteBusinessTitle":null},{"__metadata":{"id":"https://ws.parlament.ch/OData.svc/Transcript(ID=376486L,Language='DE')","uri":"https://ws.parlament.ch/OData.svc/Transcript(ID=376486L,Language='DE')","type":"itsystems.Pd.DataServices.DataModel.Transcript"},"Subjects":{"__deferred":{"uri":"https://ws.parlament.ch/OData.svc/Transcript(ID=376486L,Language='DE')/Subjects"}},"MembersCouncil":{"__deferred":{"uri":"https://ws.parlament.ch/OData.svc/Transcript(ID=376486L,Language='DE')/MembersCouncil"}},"Businesses":{"__deferred":{"uri":"https://ws.parlament.ch/OData.svc/Transcript(ID=376486L,Language='DE')/Businesses"}},"ID":"376486","Language":"DE","IdSubject":"71754","VoteId":null,"PersonNumber":825,"Type":1,"Text":"<pd_text><p>Ja, die Ausf\u00fchrungen des Kollegen Ettlin respektive der Minderheit m\u00f6gen schon plausibel erscheinen. Aber wenn man in einer Notsituation ist, in einer Ausnahmesituation, in der es kein Medikament gibt, wenn im Spital eine Patientin oder ein Patient eine spezielle Behandlung f\u00fcr eine Krebserkrankung braucht oder was auch immer, dann kann die Spitalapotheke, [PAGE 540] basierend auf ihrem Wissen, etwas f\u00fcr diese Patientin, f\u00fcr diesen Patienten entwickeln. Das darf sie heute, wenn kein anderes Medikament vorhanden ist. In Zukunft d\u00fcrfte sie das eben nicht mehr, sondern m\u00fcsste das Swissmedic zur Pr\u00fcfung geben.</p>\n<p>So, wie ich es sehe, steht Swissmedic ohnehin schon unter Druck und ist bei den Zulassungen im Verzug. Es dauert ja immer viel zu lange. Der Patient in diesem Einzelfall w\u00e4re wohl l\u00e4ngst tot, wenn die Bewilligung eintreffen w\u00fcrde. Den Spielraum sollte man den Fachleuten deshalb einfach lassen. Ich weiss, dass vonseiten der Industrie bef\u00fcrchtet wird, in den Spit\u00e4lern w\u00fcrden dann massenweise Medikamente hergestellt. Das ist nat\u00fcrlich nicht der Sinn, und das ist ein gewisses Risiko. Aber bitte verwehren Sie doch in diesen Einzelf\u00e4llen nicht die M\u00f6glichkeiten, die die Apotheker, die Apothekerinnen haben. Diese k\u00f6nnen das; sie haben ein spezielles Wissen, und sie sollten es in Notf\u00e4llen - es sind Ausnahmef\u00e4lle - bei einem stark reduzierten Personenkreis oder, im Bereich der Tiermedizin, bei einem reduzierten Tierkreis auch anwenden d\u00fcrfen.</p>\n<p>Ich wollte das einfach noch einmal sagen, damit klar ist, worum es hier geht. Die Abw\u00e4gungen von Kollege Ettlin zu den anderen Artikeln teile ich sogar.</p>\n</pd_text>","MeetingCouncilAbbreviation":"S","MeetingDate":"20260611","MeetingVerbalixOid":4184,"IdSession":"5214","SpeakerFirstName":"Hannes","SpeakerLastName":"Germann","SpeakerFullName":"Germann Hannes","SpeakerFunction":"Mit-M","CouncilId":2,"CouncilName":"St\u00e4nderat","CantonId":14,"CantonName":"Schaffhausen","CantonAbbreviation":"SH","ParlGroupName":"Fraktion der Schweizerischen Volkspartei","ParlGroupAbbreviation":"V","SortOrder":13,"Start":"\/Date(1781169604373)\/","End":"\/Date(1781169731628)\/","Function":"*","DisplaySpeaker":true,"LanguageOfText":"DE","Modified":"\/Date(1784986796549)\/","StartTimeWithTimezone":"\/Date(1781169604373+0120)\/","EndTimeWithTimezone":"\/Date(1781169731627+0120)\/","VoteBusinessNumber":null,"VoteBusinessShortNumber":null,"VoteBusinessTitle":null},{"__metadata":{"id":"https://ws.parlament.ch/OData.svc/Transcript(ID=376488L,Language='DE')","uri":"https://ws.parlament.ch/OData.svc/Transcript(ID=376488L,Language='DE')","type":"itsystems.Pd.DataServices.DataModel.Transcript"},"Subjects":{"__deferred":{"uri":"https://ws.parlament.ch/OData.svc/Transcript(ID=376488L,Language='DE')/Subjects"}},"MembersCouncil":{"__deferred":{"uri":"https://ws.parlament.ch/OData.svc/Transcript(ID=376488L,Language='DE')/MembersCouncil"}},"Businesses":{"__deferred":{"uri":"https://ws.parlament.ch/OData.svc/Transcript(ID=376488L,Language='DE')/Businesses"}},"ID":"376488","Language":"DE","IdSubject":"71754","VoteId":null,"PersonNumber":4055,"Type":1,"Text":"<pd_text><p><b>Pr\u00e4sident</b> (Engler Stefan, Pr\u00e4sident): Wir werden separate Abstimmungen \u00fcber die Buchstaben b, c und d von Absatz 1 durchf\u00fchren.</p>\n</pd_text>","MeetingCouncilAbbreviation":"S","MeetingDate":"20260611","MeetingVerbalixOid":4184,"IdSession":"5214","SpeakerFirstName":"Stefan","SpeakerLastName":"Engler","SpeakerFullName":"Engler Stefan","SpeakerFunction":"P-M","CouncilId":2,"CouncilName":"St\u00e4nderat","CantonId":18,"CantonName":"Graub\u00fcnden","CantonAbbreviation":"GR","ParlGroupName":"Die Mitte-Fraktion. Die Mitte. EVP.","ParlGroupAbbreviation":"M-E","SortOrder":23,"Start":"\/Date(1781170807795)\/","End":"\/Date(1781170817770)\/","Function":"P-M","DisplaySpeaker":false,"LanguageOfText":null,"Modified":"\/Date(1784986796564)\/","StartTimeWithTimezone":"\/Date(1781170807797+0120)\/","EndTimeWithTimezone":"\/Date(1781170817770+0120)\/","VoteBusinessNumber":null,"VoteBusinessShortNumber":null,"VoteBusinessTitle":null},{"__metadata":{"id":"https://ws.parlament.ch/OData.svc/Transcript(ID=376492L,Language='DE')","uri":"https://ws.parlament.ch/OData.svc/Transcript(ID=376492L,Language='DE')","type":"itsystems.Pd.DataServices.DataModel.Transcript"},"Subjects":{"__deferred":{"uri":"https://ws.parlament.ch/OData.svc/Transcript(ID=376492L,Language='DE')/Subjects"}},"MembersCouncil":{"__deferred":{"uri":"https://ws.parlament.ch/OData.svc/Transcript(ID=376492L,Language='DE')/MembersCouncil"}},"Businesses":{"__deferred":{"uri":"https://ws.parlament.ch/OData.svc/Transcript(ID=376492L,Language='DE')/Businesses"}},"ID":"376492","Language":"DE","IdSubject":"71754","VoteId":null,"PersonNumber":825,"Type":1,"Text":"<pd_text><p>In Artikel 9c geht es um die befristete Bewilligung zur Anwendung nicht zugelassener Arzneimittel f\u00fcr neuartige Therapien, bekannt als \"hospital exemption\". Diese Bestimmungen wurden unver\u00e4ndert aus dem vom Parlament verabschiedeten Transplantationsgesetz \u00fcbernommen. Sie sind dort noch nicht in Kraft. Das Verordnungsrecht wird derzeit revidiert, parallel dazu l\u00e4uft die Auswertung der Vernehmlassung. Daher konnten noch keine Vollzugserfahrungen gesammelt werden. Auch w\u00fcrden diese Anpassungen im Heilmittelgesetz weiter gefasst als im europ\u00e4ischen Ausland.</p>\n<p>Der Nationalrat hat vier \u00c4nderungen beschlossen, mit dem Ziel, die \"hospital exemption\" zu lockern, und zwar mit 105 zu 83 Stimmen. Im Interesse der Patientensicherheit empfehlen Bundesrat und Verwaltung, eine vorzeitige Ausweitung dieser Ausnahmeregelung abzulehnen. Die SGK-S schliesst sich diesen \u00dcberlegungen an. Sie spricht sich bei der \"hospital exemption\" f\u00fcr nicht zugelassene Arzneimittel f\u00fcr neuartige Therapien ohne Gegenantrag f\u00fcr die vom Bundesrat vorgeschlagene Formulierung aus. Ihre Kommission ist der Auffassung, dass die vom Nationalrat beschlossenen Erweiterungen teils auf Verordnungsstufe geregelt werden k\u00f6nnen. Nun ist der Einzelantrag Chassot in der SGK-S ja nicht behandelt worden, sonst h\u00e4tte m\u00f6glicherweise das Ergebnis anders ausgesehen. Ich kann daher h\u00f6chstens eine Einsch\u00e4tzung aus pr\u00e4sidialer Sicht geben, w\u00fcrde es aber vorziehen, wenn die Einzelantragstellerin ihren Antrag zun\u00e4chst begr\u00fcnden k\u00f6nnte.</p>\n</pd_text>","MeetingCouncilAbbreviation":"S","MeetingDate":"20260611","MeetingVerbalixOid":4184,"IdSession":"5214","SpeakerFirstName":"Hannes","SpeakerLastName":"Germann","SpeakerFullName":"Germann Hannes","SpeakerFunction":"Mit-M","CouncilId":2,"CouncilName":"St\u00e4nderat","CantonId":14,"CantonName":"Schaffhausen","CantonAbbreviation":"SH","ParlGroupName":"Fraktion der Schweizerischen Volkspartei","ParlGroupAbbreviation":"V","SortOrder":20,"Start":"\/Date(1781170095776)\/","End":"\/Date(1781170223029)\/","Function":"*","DisplaySpeaker":true,"LanguageOfText":"DE","Modified":"\/Date(1784986796559)\/","StartTimeWithTimezone":"\/Date(1781170095777+0120)\/","EndTimeWithTimezone":"\/Date(1781170223030+0120)\/","VoteBusinessNumber":null,"VoteBusinessShortNumber":null,"VoteBusinessTitle":null},{"__metadata":{"id":"https://ws.parlament.ch/OData.svc/Transcript(ID=376493L,Language='DE')","uri":"https://ws.parlament.ch/OData.svc/Transcript(ID=376493L,Language='DE')","type":"itsystems.Pd.DataServices.DataModel.Transcript"},"Subjects":{"__deferred":{"uri":"https://ws.parlament.ch/OData.svc/Transcript(ID=376493L,Language='DE')/Subjects"}},"MembersCouncil":{"__deferred":{"uri":"https://ws.parlament.ch/OData.svc/Transcript(ID=376493L,Language='DE')/MembersCouncil"}},"Businesses":{"__deferred":{"uri":"https://ws.parlament.ch/OData.svc/Transcript(ID=376493L,Language='DE')/Businesses"}},"ID":"376493","Language":"DE","IdSubject":"71754","VoteId":null,"PersonNumber":4206,"Type":1,"Text":"<pd_text><p>Nur kurz, es tut mir leid - ich muss korrigieren, was der gesch\u00e4tzte Kollege Germann gesagt hat. Er hat gesagt, gem\u00e4ss meinem Minderheitsantrag m\u00fcsse die Spitalapotheke solche Arzneimittel jeweils zuerst Swissmedic zur Pr\u00fcfung vorlegen. Das ist nat\u00fcrlich nicht der Fall. Die zentrale Bestimmung von Artikel 9 Absatz 2 Buchstabe a soll auch weiterhin gelten: In Notsituationen kann die Spitalapotheke solche Arzneimittel herstellen, und diese m\u00fcssen dann nicht Swissmedic vorgelegt werden. Aber wenn ein Medikament vorliegt, das schon durch Swissmedic gepr\u00fcft wurde, muss die Spitalapotheke kein entsprechendes Arzneimittel mehr herstellen. Dann kann sie das gepr\u00fcfte Medikament aus der Schublade ziehen und sagen: Jetzt wenden wir das an. Nur darum geht es.</p>\n</pd_text>","MeetingCouncilAbbreviation":"S","MeetingDate":"20260611","MeetingVerbalixOid":4184,"IdSession":"5214","SpeakerFirstName":"Erich","SpeakerLastName":"Ettlin","SpeakerFullName":"Ettlin Erich","SpeakerFunction":"Mit-M","CouncilId":2,"CouncilName":"St\u00e4nderat","CantonId":6,"CantonName":"Obwalden","CantonAbbreviation":"OW","ParlGroupName":"Die Mitte-Fraktion. Die Mitte. EVP.","ParlGroupAbbreviation":"M-E","SortOrder":14,"Start":"\/Date(1781169735714)\/","End":"\/Date(1781169770836)\/","Function":"Mit-M","DisplaySpeaker":true,"LanguageOfText":"DE","Modified":"\/Date(1784986796550)\/","StartTimeWithTimezone":"\/Date(1781169735713+0120)\/","EndTimeWithTimezone":"\/Date(1781169770837+0120)\/","VoteBusinessNumber":null,"VoteBusinessShortNumber":null,"VoteBusinessTitle":null},{"__metadata":{"id":"https://ws.parlament.ch/OData.svc/Transcript(ID=376496L,Language='DE')","uri":"https://ws.parlament.ch/OData.svc/Transcript(ID=376496L,Language='DE')","type":"itsystems.Pd.DataServices.DataModel.Transcript"},"Subjects":{"__deferred":{"uri":"https://ws.parlament.ch/OData.svc/Transcript(ID=376496L,Language='DE')/Subjects"}},"MembersCouncil":{"__deferred":{"uri":"https://ws.parlament.ch/OData.svc/Transcript(ID=376496L,Language='DE')/MembersCouncil"}},"Businesses":{"__deferred":{"uri":"https://ws.parlament.ch/OData.svc/Transcript(ID=376496L,Language='DE')/Businesses"}},"ID":"376496","Language":"DE","IdSubject":"71754","VoteId":null,"PersonNumber":4238,"Type":1,"Text":"<pd_text><p>J'interviens bri\u00e8vement, m\u00eame si vous ne voterez pas sur cette proposition. Comme cela a \u00e9t\u00e9 dit, il est important que les diff\u00e9rentes \u00e9tapes ou les diff\u00e9rentes propositions en mati\u00e8re de num\u00e9risation ou d'exploitation de syst\u00e8mes \u00e9lectroniques puissent \u00eatre mises en oeuvre. La proposition vise, pour une p\u00e9riode donn\u00e9e, \u00e0 un possible soutien. Je peux indiquer que, d'une mani\u00e8re g\u00e9n\u00e9rale, la Conf\u00e9d\u00e9ration laisse clairement au secteur priv\u00e9 le soin de mettre en place les syst\u00e8mes n\u00e9cessaires, que ce soit au niveau du processus de m\u00e9dication \u00e9lectronique ou d'autres th\u00e9matiques, mais il est clair aussi, on le voit, que le march\u00e9 ne fonctionne pas comme on pourrait l'imaginer. On le voit dans[NB]le[NB]dossier[NB]\u00e9lectronique[NB]du[NB]patient et on le voit dans d'autres th\u00e9matiques. L'offre de fournisseurs est insuffisante ou h\u00e9t\u00e9rog\u00e8ne et peut conduire \u00e0 une fragmentation ou \u00e0 des solutions isol\u00e9es ou encore, ce qui n'est \u00e0 mon avis pas le plus heureux, \u00e0 une d\u00e9pendance vis-\u00e0-vis d'un petit nombre de fournisseurs. [PAGE 545] </p>\n<p>Avec cette proposition, nous avons un message clair sur la n\u00e9cessit\u00e9 de l'interop\u00e9rabilit\u00e9 et sur le fait que Digisant\u00e9 ne peut pas prendre dans ses budgets, qui sont d\u00e9j\u00e0 resserr\u00e9s en raison des mesures d'\u00e9conomies, tous les d\u00e9veloppements, quand bien m\u00eame ces montants ne paraissent pas tr\u00e8s importants. On parle peut-\u00eatre de 1 million de francs par ann\u00e9e, mais si on les additionne \u00e0 d'autres n\u00e9cessit\u00e9s de financement, l'Office f\u00e9d\u00e9ral de la sant\u00e9 publique est mis en difficult\u00e9.</p>\n<p>Cette proposition est raisonnable et suivra le chemin de la discussion au Conseil national. [GZ]</p>\n</pd_text>","MeetingCouncilAbbreviation":"S","MeetingDate":"20260611","MeetingVerbalixOid":4184,"IdSession":"5214","SpeakerFirstName":"Elisabeth","SpeakerLastName":"Baume-Schneider","SpeakerFullName":"Baume-Schneider Elisabeth","SpeakerFunction":"BR-F","CouncilId":99,"CouncilName":"Bundesrat","CantonId":26,"CantonName":"Jura","CantonAbbreviation":"JU","ParlGroupName":null,"ParlGroupAbbreviation":null,"SortOrder":33,"Start":"\/Date(1781171865085)\/","End":"\/Date(1781171970515)\/","Function":"BR-F","DisplaySpeaker":true,"LanguageOfText":"FR","Modified":"\/Date(1784986796581)\/","StartTimeWithTimezone":"\/Date(1781171865087+0120)\/","EndTimeWithTimezone":"\/Date(1781171970517+0120)\/","VoteBusinessNumber":null,"VoteBusinessShortNumber":null,"VoteBusinessTitle":null},{"__metadata":{"id":"https://ws.parlament.ch/OData.svc/Transcript(ID=376500L,Language='DE')","uri":"https://ws.parlament.ch/OData.svc/Transcript(ID=376500L,Language='DE')","type":"itsystems.Pd.DataServices.DataModel.Transcript"},"Subjects":{"__deferred":{"uri":"https://ws.parlament.ch/OData.svc/Transcript(ID=376500L,Language='DE')/Subjects"}},"MembersCouncil":{"__deferred":{"uri":"https://ws.parlament.ch/OData.svc/Transcript(ID=376500L,Language='DE')/MembersCouncil"}},"Businesses":{"__deferred":{"uri":"https://ws.parlament.ch/OData.svc/Transcript(ID=376500L,Language='DE')/Businesses"}},"ID":"376500","Language":"DE","IdSubject":"71754","VoteId":null,"PersonNumber":4206,"Type":1,"Text":"<pd_text><p>Ich danke dem Mehrheitssprecher f\u00fcr seine Ausf\u00fchrungen. F\u00fcr mich gibt es zwei Gr\u00fcnde, warum ich hier einen Minderheitsantrag stelle: Der erste ist gesetzessystematischer Natur, der zweite betrifft die Sicherheit der Patienten.</p>\n<p>Zum ersten Grund: Der Kommissionssprecher hat darauf hingewiesen, Arzneimittel ben\u00f6tigen eine Zulassung durch Swissmedic. Das ist unbestritten und in Artikel 9 Absatz 1 als Grundsatz festgehalten. Swissmedic pr\u00fcft Arzneimittel. Das ist ein zentraler Grundsatz des Heilmittelgesetzes, den ich ausdr\u00fccklich unterst\u00fctze und wor\u00fcber ich auch froh bin. In der Diskussion um Parallelimporte bzw. Importe aus dem Ausland haben wir uns stets auf Swissmedic gest\u00fctzt. Hier geht es nun um Ausnahmen, die nicht per se falsch sind. Artikel 9 Absatz 2 definiert diese Ausnahmen - hierzu hat der Mehrheitssprecher bereits vieles gesagt -, insbesondere zur Deckung von Versorgungsl\u00fccken. Es geht also um Ausnahmen. F\u00fcr die Herstellung im Spital gilt in der aktuellen Fassung das Zulassungsprimat: keine Herstellung im Spital, wenn ein zugelassenes Arzneimittel verf\u00fcgbar ist, wie in Absatz 2 Buchstabe cbis ausdr\u00fccklich wiederholt.</p>\n<p>Wenn Sie Artikel 9 Absatz 2 Buchstabe cbis ansehen, finden Sie genau jene Formulierung, die ich auch f\u00fcr Buchstabe a verlange. Das ist gesetzessystematisch konsequent, da Gleiches gleich zu regeln ist. Der Mehrheitssprecher argumentiert, es handle sich nicht um das Gleiche und deshalb seien Ausnahmen gerechtfertigt. Wenn es jedoch schwierig sein soll, zu pr\u00fcfen, ob ein gleichwertiges, von Swissmedic zugelassenes Arzneimittel existiert, m\u00fcsste bereits Buchstabe cbis problematisch sein. Dort erfolgt diese Pr\u00fcfung n\u00e4mlich, und offenbar funktioniert sie; so schwierig kann es also nicht sein. Ein Vergleich von Buchstabe cbis mit Buchstabe a zeigt zudem keinen wesentlichen Unterschied. Man k\u00f6nnte daher von einem gesetzgeberischen Versehen sprechen. Ich beantrage deshalb, diese Pr\u00e4zisierung auch in Buchstabe a aufzunehmen: Sind gleichwertige, von Swissmedic gepr\u00fcfte Arzneimittel vorhanden, sollen diese verwendet werden und nicht selbst hergestellte, ungepr\u00fcfte Arzneimittel f\u00fcr die Notversorgung. Das ist mein Grundsatz.</p>\n<p>Die vorgeschlagene Harmonisierung schliesst eine L\u00fccke und vereinheitlicht die Voraussetzungen f\u00fcr eine Herstellung ausserhalb der Zulassungspflicht. Sie stellt nicht nur eine rechtssystematische Korrektur dar, sondern bringt auch einen konkreten Nutzen: Die Patienten erhalten stets das am besten dokumentierte und am umfassendsten kontrollierte Arzneimittel, d.[NB]h. ein von Swissmedic zugelassenes, sofern ein solches verf\u00fcgbar ist. Fehlt ein zugelassenes Arzneimittel, kann das Spital oder die Apotheke selbst eines herstellen; existiert ein zugelassenes, ist dieses zu verwenden. Nur wenn keines existiert, greift die Ausnahme. Diese Regelung besteht bereits und wird auch angewendet.</p>\n<p>Wenn man nun fordert, diese Logik sei, wenn schon, auch auf die Buchstaben b und c auszudehnen, betrifft dies andere Konstellationen. Dort geht es um Arzneimittel, die Apotheken eigenst\u00e4ndig herstellen und f\u00fcr die es gar nie eine von Swissmedic gepr\u00fcfte Alternative geben wird. Darin liegt der entscheidende Unterschied. Hier sprechen wir hingegen von Arzneimitteln, die durch Swissmedic gepr\u00fcft sind und tats\u00e4chlich vorliegen. </p>\n<p>Daher bitte ich Sie, meiner Minderheit zu folgen und diese Pr\u00e4zisierung vorzunehmen. In Notversorgungssituationen schr\u00e4nkt dies die Herstellung durch Apotheken und Spit\u00e4ler nicht ein. Liegt jedoch ein von Swissmedic gepr\u00fcftes Arzneimittel vor, soll dieses verwendet werden.</p>\n</pd_text>","MeetingCouncilAbbreviation":"S","MeetingDate":"20260611","MeetingVerbalixOid":4184,"IdSession":"5214","SpeakerFirstName":"Erich","SpeakerLastName":"Ettlin","SpeakerFullName":"Ettlin Erich","SpeakerFunction":"Mit-M","CouncilId":2,"CouncilName":"St\u00e4nderat","CantonId":6,"CantonName":"Obwalden","CantonAbbreviation":"OW","ParlGroupName":"Die Mitte-Fraktion. Die Mitte. EVP.","ParlGroupAbbreviation":"M-E","SortOrder":12,"Start":"\/Date(1781169321827)\/","End":"\/Date(1781169594564)\/","Function":"Mit-M","DisplaySpeaker":true,"LanguageOfText":"DE","Modified":"\/Date(1784986796548)\/","StartTimeWithTimezone":"\/Date(1781169321827+0120)\/","EndTimeWithTimezone":"\/Date(1781169594563+0120)\/","VoteBusinessNumber":null,"VoteBusinessShortNumber":null,"VoteBusinessTitle":null},{"__metadata":{"id":"https://ws.parlament.ch/OData.svc/Transcript(ID=376501L,Language='DE')","uri":"https://ws.parlament.ch/OData.svc/Transcript(ID=376501L,Language='DE')","type":"itsystems.Pd.DataServices.DataModel.Transcript"},"Subjects":{"__deferred":{"uri":"https://ws.parlament.ch/OData.svc/Transcript(ID=376501L,Language='DE')/Subjects"}},"MembersCouncil":{"__deferred":{"uri":"https://ws.parlament.ch/OData.svc/Transcript(ID=376501L,Language='DE')/MembersCouncil"}},"Businesses":{"__deferred":{"uri":"https://ws.parlament.ch/OData.svc/Transcript(ID=376501L,Language='DE')/Businesses"}},"ID":"376501","Language":"DE","IdSubject":"71754","VoteId":null,"PersonNumber":4325,"Type":1,"Text":"<pd_text><p>La proposition que j'ai d\u00e9pos\u00e9e a pour objectif d'am\u00e9liorer la prise en charge de patients atteints d'une maladie rare et difficile \u00e0 traiter et, surtout, d'am\u00e9liorer la coop\u00e9ration et la collaboration entre h\u00f4pitaux.</p>\n<p>En Suisse, plus d'un demi-million d'adultes et d'enfants sont touch\u00e9s par une maladie rare et d\u00e9pendent donc de m\u00e9dicaments et de th\u00e9rapies innovants. Pour les personnes concern\u00e9es, les nouveaux m\u00e9dicaments sp\u00e9cifiques sont souvent fabriqu\u00e9s et utilis\u00e9s dans le cadre de la recherche universitaire d'un h\u00f4pital universitaire, lorsqu'aucun produit \u00e9quivalent autoris\u00e9 n'est disponible.</p>\n<p>Je d\u00e9clare mes liens d'int\u00e9r\u00eats[NB]: je suis pr\u00e9sidente de Transfusion Croix-Rouge Suisse SA, connue en particulier pour assurer, conjointement avec les services r\u00e9gionaux de transfusion sanguine, l'approvisionnement de la Suisse en sang. Mais Transfusion Croix-Rouge Suisse SA a encore un autre domaine d'activit\u00e9 avec un mandat de la Conf\u00e9d\u00e9ration[NB]: g\u00e9rer le Registre suisse des donneuses et donneurs de cellules souches du sang, recruter et transmettre les donneuses et donneurs de cellules souches de Suisse pour les patients de Suisse comme de l'\u00e9tranger. C'est \u00e0 ce titre que nous collaborons \u00e9troitement avec les h\u00f4pitaux universitaires concern\u00e9s.</p>\n<p>Dans ce contexte, l'article 9c de la loi est un instrument important pour am\u00e9liorer la prise en charge des patients. Il est salu\u00e9 dans son principe, comme indiqu\u00e9 par le rapporteur et la conseill\u00e8re f\u00e9d\u00e9rale lors de l'entr\u00e9e en mati\u00e8re. Les dispositions de la loi sur la transplantation relatives \u00e0 l'utilisation temporaire de produits de transplantation seront d\u00e9sormais int\u00e9gr\u00e9es \u00e0 la loi sur les produits th\u00e9rapeutiques, qui s'applique aux m\u00e9dicaments destin\u00e9s \u00e0 des th\u00e9rapies innovantes, ce qui est \u00e9galement salu\u00e9.</p>\n<p>L'article 9c qui nous est soumis correspond mat\u00e9riellement \u00e0 l'article 2b de la nouvelle loi sur la transplantation de 2023, qui r\u00e8gle l'autorisation temporaire de l'utilisation d'un transplant standardis\u00e9. En principe, ces formulations permettraient une mise en oeuvre pratique au niveau de l'ordonnance. Mais c'est parce qu'il y a un \"mais\" que je me permets d'intervenir aujourd'hui.</p>\n<p>Le projet de mise en oeuvre de la loi sur la transplantation dans l'ordonnance sur les m\u00e9dicaments, qui a fait l'objet d'une consultation, a en effet montr\u00e9 que ces formulations sont interpr\u00e9t\u00e9es de mani\u00e8re beaucoup plus restrictive qu'attendu et qu'elles constituent un obstacle \u00e0 un traitement efficace des patients, dans la plupart des cas de patients atteints d'un cancer rare, qui progresse rapidement malgr\u00e9 les th\u00e9rapies autoris\u00e9es et mises en oeuvre, et malgr\u00e9 la collaboration entre centres hospitaliers hautement sp\u00e9cialis\u00e9s. Je consid\u00e8re donc qu'il est n\u00e9cessaire que la loi d\u00e9finisse plus clairement la mani\u00e8re dont le texte de l'ordonnance devra \u00eatre mis en oeuvre.</p>\n<p>D'un point de vue clinique, deux points sont essentiels. Premi\u00e8rement, il ne faut pas confondre la fabrication et l'utilisation des produits. La fabrication vise \u00e0 garantir une production s\u00fbre[NB]; l'utilisation vise \u00e0 ce que les m\u00e9decins responsables administrent un produit \u00e0 un patient en temps opportun et avec un rapport b\u00e9n\u00e9fices/risques positif. La version du Conseil national constitue de ce point de vue une am\u00e9lioration sur un point important, qui est celui des indications et de la collaboration entre centres hospitaliers, mais cela n\u00e9cessite encore, \u00e0 mon sens, des pr\u00e9cisions. Ma proposition constitue d\u00e8s lors une nouvelle version qui se situe entre le projet du Conseil f\u00e9d\u00e9ral et la version du Conseil national. Permettez-moi de vous en donner les \u00e9l\u00e9ments principaux.</p>\n<p>Pour ce qui concerne tout d'abord la fabrication, la formulation du Conseil f\u00e9d\u00e9ral \u00e0 l'alin\u00e9a 1 lettre a est suffisante. L'exemption hospitali\u00e8re ne doit s'appliquer qu'aux produits fabriqu\u00e9s occasionnellement et en petite quantit\u00e9.</p>\n<p>\u00c0 l'alin\u00e9a 1 lettre b, en revanche, je propose que l'autorisation d'utilisation soit li\u00e9e \u00e0 une indication, et non \u00e0 la prescription pour chaque personne comme pr\u00e9vu. Reprenons sur cet aspect la version du Conseil national. En effet, tous les produits sont de toute fa\u00e7on fabriqu\u00e9s et prescrits sp\u00e9cifiquement pour une personne. Or, si une autorisation doit \u00eatre obtenue pour chaque utilisation, il existe un risque que le produit ne puisse pas \u00eatre utilis\u00e9 \u00e0 temps, ce qui porterait pr\u00e9judice \u00e0 la personne \u00e0 traiter. De plus, cela engendre une charge administrative inutile pour les h\u00f4pitaux et les autorit\u00e9s d'autorisation.</p>\n<p>\u00c0 l'alin\u00e9a 1 lettre c, je propose \u00e9galement de reprendre la formulation du Conseil national. En effet, lors de la transposition de la loi sur la transplantation dans l'ordonnance sur les m\u00e9dicaments, le lieu de fabrication et le lieu d'utilisation ont \u00e9t\u00e9 directement li\u00e9s l'un \u00e0 l'autre.</p>\n<p>Avec la formulation actuelle, il est clair que les produits peuvent \u00eatre fabriqu\u00e9s dans un lieu qualifi\u00e9, puis utilis\u00e9s dans d'autres h\u00f4pitaux. Cette disposition favoriserait, \u00e0 mon sens, l'efficacit\u00e9 et la collaboration entre les h\u00f4pitaux, tout en contribuant \u00e0 la s\u00e9curit\u00e9 des produits et, \u00e9videmment, \u00e0 celle des patients.</p>\n<p>Enfin, l'alin\u00e9a 1 lettre d doit \u00eatre, \u00e0 mon sens, pr\u00e9cis\u00e9 de mani\u00e8re \u00e0 ce qu'un produit soit disponible en temps utile d'un point de vue clinique. Pour les patients qui ont besoin de th\u00e9rapies innovantes, le facteur temps est souvent d\u00e9terminant. Il faut donc \u00e9valuer la disponibilit\u00e9 de produits alternatifs et les proc\u00e9dures d'autorisation en fonction de la possibilit\u00e9 d'un traitement clinique en temps utile. C'est l\u00e0 une pr\u00e9cision nouvelle, tant dans la version du Conseil f\u00e9d\u00e9ral que dans celle du Conseil national.</p>\n<p>Je suis bien consciente que ma proposition concerne un domaine plut\u00f4t technique, dont il n'est pas toujours simple de mesurer les cons\u00e9quences des diff\u00e9rentes formulations. Le fait que ma proposition individuelle propose une modification aux lettres b, c et d \u00e0 l'article 9c aura pour effet, si vous l'acceptez, de constituer une divergence. Cela permettra de toute mani\u00e8re \u00e0 la commission, tant du Conseil national que probablement du Conseil des \u00c9tats, de reprendre la th\u00e9matique en auditionnant, le cas \u00e9ch\u00e9ant, les organisations concern\u00e9es et de prendre en compte les besoins des patients. [PAGE 542] </p>\n<p>Vous avez re\u00e7u diff\u00e9rents courriers sur ce sujet provenant de la Ligue suisse contre le cancer, de H+, et d'Unimed suisse. Ces trois organisations se joignent \u00e0 Transfusion Croix-Rouge suisse SA pour vous prier de nous donner la possibilit\u00e9 de garantir la meilleure prise en charge possible de patients atteints tr\u00e8s gravement dans leur sant\u00e9 et pour lesquels la mise en oeuvre de cette disposition repr\u00e9sente malheureusement tr\u00e8s souvent leur dernier espoir.</p>\n</pd_text>","MeetingCouncilAbbreviation":"S","MeetingDate":"20260611","MeetingVerbalixOid":4184,"IdSession":"5214","SpeakerFirstName":"Isabelle","SpeakerLastName":"Chassot","SpeakerFullName":"Chassot Isabelle","SpeakerFunction":"Mit-F","CouncilId":2,"CouncilName":"St\u00e4nderat","CantonId":10,"CantonName":"Freiburg","CantonAbbreviation":"FR","ParlGroupName":"Die Mitte-Fraktion. Die Mitte. EVP.","ParlGroupAbbreviation":"M-E","SortOrder":21,"Start":"\/Date(1781170226922)\/","End":"\/Date(1781170631820)\/","Function":"Mit-F","DisplaySpeaker":true,"LanguageOfText":"FR","Modified":"\/Date(1784986796562)\/","StartTimeWithTimezone":"\/Date(1781170226923+0120)\/","EndTimeWithTimezone":"\/Date(1781170631820+0120)\/","VoteBusinessNumber":null,"VoteBusinessShortNumber":null,"VoteBusinessTitle":null},{"__metadata":{"id":"https://ws.parlament.ch/OData.svc/Transcript(ID=376504L,Language='DE')","uri":"https://ws.parlament.ch/OData.svc/Transcript(ID=376504L,Language='DE')","type":"itsystems.Pd.DataServices.DataModel.Transcript"},"Subjects":{"__deferred":{"uri":"https://ws.parlament.ch/OData.svc/Transcript(ID=376504L,Language='DE')/Subjects"}},"MembersCouncil":{"__deferred":{"uri":"https://ws.parlament.ch/OData.svc/Transcript(ID=376504L,Language='DE')/MembersCouncil"}},"Businesses":{"__deferred":{"uri":"https://ws.parlament.ch/OData.svc/Transcript(ID=376504L,Language='DE')/Businesses"}},"ID":"376504","Language":"DE","IdSubject":"71754","VoteId":"8305","PersonNumber":null,"Type":2,"Text":"<pd_text><p><i>Gesamtabstimmung - Vote sur l'ensemble </i>[GZ]</p>\n<p>[NAM][GZ]</p>\n<p>F\u00fcr Annahme des Entwurfes ... 33 Stimmen [GZ]</p>\n<p>Dagegen ... 1 Stimme [GZ]</p>\n<p>(0 Enthaltungen)</p>\n</pd_text>","MeetingCouncilAbbreviation":"S","MeetingDate":"20260611","MeetingVerbalixOid":4184,"IdSession":"5214","SpeakerFirstName":null,"SpeakerLastName":null,"SpeakerFullName":"","SpeakerFunction":null,"CouncilId":null,"CouncilName":null,"CantonId":null,"CantonName":null,"CantonAbbreviation":null,"ParlGroupName":null,"ParlGroupAbbreviation":null,"SortOrder":56,"Start":"\/Date(1781173855685)\/","End":"\/Date(1781173855685)\/","Function":null,"DisplaySpeaker":null,"LanguageOfText":null,"Modified":"\/Date(1784986796607)\/","StartTimeWithTimezone":"\/Date(1781173855687+0120)\/","EndTimeWithTimezone":"\/Date(1781173855687+0120)\/","VoteBusinessNumber":20250074,"VoteBusinessShortNumber":"25.074","VoteBusinessTitle":"Heilmittelgesetz (Revision 3a).\n\u00c4nderung"},{"__metadata":{"id":"https://ws.parlament.ch/OData.svc/Transcript(ID=376505L,Language='DE')","uri":"https://ws.parlament.ch/OData.svc/Transcript(ID=376505L,Language='DE')","type":"itsystems.Pd.DataServices.DataModel.Transcript"},"Subjects":{"__deferred":{"uri":"https://ws.parlament.ch/OData.svc/Transcript(ID=376505L,Language='DE')/Subjects"}},"MembersCouncil":{"__deferred":{"uri":"https://ws.parlament.ch/OData.svc/Transcript(ID=376505L,Language='DE')/MembersCouncil"}},"Businesses":{"__deferred":{"uri":"https://ws.parlament.ch/OData.svc/Transcript(ID=376505L,Language='DE')/Businesses"}},"ID":"376505","Language":"DE","IdSubject":"71754","VoteId":null,"PersonNumber":4055,"Type":1,"Text":"<pd_text><p><b>Art.[NB]9d; 11 Abs. 2bis, 2ter </b>[GZ]</p>\n<p><i>Antrag der Kommission</i>[GZ]</p>\n<p>Zustimmung zum Beschluss des Nationalrates</p>\n<p>[VS]</p>\n<p><b>Art.[NB]9d[NB]; 11 al. 2bis, 2ter</b>[GZ]</p>\n<p><i>Proposition de la commission</i>[GZ]</p>\n<p>Adh\u00e9rer \u00e0 la d\u00e9cision du Conseil national[GZ]</p>\n<p>[VS][GZ]</p>\n<p><i>Angenommen - Adopt\u00e9</i></p>\n<p>[VS]</p>\n<p><b>Art. 14 </b>[GZ]</p>\n<p><i>Antrag der Kommission </i>[GZ]</p>\n<p><i>Abs. 1 Bst. aquinquies</i>[GZ]</p>\n<p>aquinquies.[NB]Versorgungsrelevante Tierarzneimittel, die zum Zeitpunkt der Gesucheinreichung nachweislich seit mindestens 10 Jahren in mindestens einem Land der EU oder EFTA zugelassen und in Verkehr sind, sofern in der Schweiz l\u00e4ngerfristig kein alternativ anwendbares und gleichwertiges [PAGE 543] zugelassenes Tierarzneimittel verf\u00fcgbar ist; das EDI f\u00fchrt eine Liste der versorgungsrelevanten Tierarzneimittel;</p>\n<p><i>Abs. 1bis </i>[GZ]</p>\n<p>Zustimmung zum Beschluss des Nationalrates</p>\n<p>[VS]</p>\n<p><b>Art. 14 </b>[GZ]</p>\n<p><i>Proposition de la commission </i>[GZ]</p>\n<p><i>Al. 1 let. aquinquies </i>[GZ]</p>\n<p>aquinquies.[NB]les m\u00e9dicaments v\u00e9t\u00e9rinaires pertinents en mati\u00e8re d'approvisionnement dont il est av\u00e9r\u00e9 qu'ils sont autoris\u00e9s et commercialis\u00e9s dans au moins un pays de l'UE ou de l'AELE depuis au moins dix ans au moment du d\u00e9p\u00f4t de la demande, pour autant qu'aucun autre m\u00e9dicament v\u00e9t\u00e9rinaire de substitution et \u00e9quivalent ne soit disponible et autoris\u00e9 en Suisse \u00e0 long terme[NB]; le DFI tient une liste des m\u00e9dicaments v\u00e9t\u00e9rinaires importants en mati\u00e8re d'approvisionnement.</p>\n<p><i>Al. 1bis </i>[GZ]</p>\n<p>Adh\u00e9rer \u00e0 la d\u00e9cision du Conseil national</p>\n</pd_text>","MeetingCouncilAbbreviation":"S","MeetingDate":"20260611","MeetingVerbalixOid":4184,"IdSession":"5214","SpeakerFirstName":"Stefan","SpeakerLastName":"Engler","SpeakerFullName":"Engler Stefan","SpeakerFunction":"P-M","CouncilId":2,"CouncilName":"St\u00e4nderat","CantonId":18,"CantonName":"Graub\u00fcnden","CantonAbbreviation":"GR","ParlGroupName":"Die Mitte-Fraktion. Die Mitte. EVP.","ParlGroupAbbreviation":"M-E","SortOrder":28,"Start":"\/Date(1781171113775)\/","End":"\/Date(1781171165943)\/","Function":"P-M","DisplaySpeaker":false,"LanguageOfText":null,"Modified":"\/Date(1784986796574)\/","StartTimeWithTimezone":"\/Date(1781171113777+0120)\/","EndTimeWithTimezone":"\/Date(1781171165943+0120)\/","VoteBusinessNumber":null,"VoteBusinessShortNumber":null,"VoteBusinessTitle":null},{"__metadata":{"id":"https://ws.parlament.ch/OData.svc/Transcript(ID=376511L,Language='DE')","uri":"https://ws.parlament.ch/OData.svc/Transcript(ID=376511L,Language='DE')","type":"itsystems.Pd.DataServices.DataModel.Transcript"},"Subjects":{"__deferred":{"uri":"https://ws.parlament.ch/OData.svc/Transcript(ID=376511L,Language='DE')/Subjects"}},"MembersCouncil":{"__deferred":{"uri":"https://ws.parlament.ch/OData.svc/Transcript(ID=376511L,Language='DE')/MembersCouncil"}},"Businesses":{"__deferred":{"uri":"https://ws.parlament.ch/OData.svc/Transcript(ID=376511L,Language='DE')/Businesses"}},"ID":"376511","Language":"DE","IdSubject":"71754","VoteId":null,"PersonNumber":4240,"Type":1,"Text":"<pd_text><p>Si je peux suivre un bon bout la commission sur les pr\u00e9cisions qui sont apport\u00e9es \u00e0 l'article 27, notamment \u00e0 l'alin\u00e9a 2, j'ai quand m\u00eame une question de compr\u00e9hension \u00e0 la lettre[NB]a. Il est dit[NB]: \"L'autorisation est d\u00e9livr\u00e9e[NB]: si le requ\u00e9rant est titulaire d'une autorisation vis\u00e9e \u00e0 l'article 30 concernant la direction d'une pharmacie publique, la direction d'une droguerie publique ou la remise de m\u00e9dicaments\". Comment faut-il comprendre ce terme de \"publique\"[NB]? Parce que cela peut porter \u00e0 confusion. Cela peut porter \u00e0 interpr\u00e9tation. Est-ce qu'il faut comprendre \"publique\" comme n'\u00e9tant pas des pharmacies priv\u00e9es, qui sont quand m\u00eame celles qui sont le plus largement r\u00e9pandues dans notre pays. En tout cas, dans mon canton, je ne connais pas de pharmacie publique, si ce n'est celle de l'h\u00f4pital, mais elle ne d\u00e9livre pas de m\u00e9dicaments au public, justement.</p>\n<p>Je pense que, dans tous les cas, ce terme m\u00e9riterait d'\u00eatre pr\u00e9cis\u00e9 dans la loi, parce que j'y vois un souci d'interpr\u00e9tation et de compr\u00e9hension, notamment pour les cantons qui, comme le mien, je le r\u00e9p\u00e8te, ne connaissent pas de pharmacies publiques, mais que des officines priv\u00e9es. Il en va de m\u00eame pour les drogueries.</p>\n</pd_text>","MeetingCouncilAbbreviation":"S","MeetingDate":"20260611","MeetingVerbalixOid":4184,"IdSession":"5214","SpeakerFirstName":"Charles","SpeakerLastName":"Juillard","SpeakerFullName":"Juillard Charles","SpeakerFunction":"Mit-M","CouncilId":2,"CouncilName":"St\u00e4nderat","CantonId":26,"CantonName":"Jura","CantonAbbreviation":"JU","ParlGroupName":"Die Mitte-Fraktion. Die Mitte. EVP.","ParlGroupAbbreviation":"M-E","SortOrder":42,"Start":"\/Date(1781172906319)\/","End":"\/Date(1781172991506)\/","Function":"Mit-M","DisplaySpeaker":true,"LanguageOfText":"FR","Modified":"\/Date(1784986796591)\/","StartTimeWithTimezone":"\/Date(1781172906320+0120)\/","EndTimeWithTimezone":"\/Date(1781172991507+0120)\/","VoteBusinessNumber":null,"VoteBusinessShortNumber":null,"VoteBusinessTitle":null},{"__metadata":{"id":"https://ws.parlament.ch/OData.svc/Transcript(ID=376514L,Language='DE')","uri":"https://ws.parlament.ch/OData.svc/Transcript(ID=376514L,Language='DE')","type":"itsystems.Pd.DataServices.DataModel.Transcript"},"Subjects":{"__deferred":{"uri":"https://ws.parlament.ch/OData.svc/Transcript(ID=376514L,Language='DE')/Subjects"}},"MembersCouncil":{"__deferred":{"uri":"https://ws.parlament.ch/OData.svc/Transcript(ID=376514L,Language='DE')/MembersCouncil"}},"Businesses":{"__deferred":{"uri":"https://ws.parlament.ch/OData.svc/Transcript(ID=376514L,Language='DE')/Businesses"}},"ID":"376514","Language":"DE","IdSubject":"71754","VoteId":null,"PersonNumber":825,"Type":1,"Text":"<pd_text><p>Der Nationalrat hat einen neuen Artikel 14b eingef\u00fcgt, dies mit dem Ziel, die Versorgung mit Tierarzneimitteln zu verbessern. Der Antrag Ihrer Kommission lautet wie folgt: Wir unterst\u00fctzen das Anliegen, beantragen aber die Streichung von Artikel 14b und die Annahme einer alternativen L\u00f6sung bei den Artikeln 14 und[NB]14a. Mit einem neuen, vereinfachten Zulassungsverfahren sollen die Marktzutrittsh\u00fcrden f\u00fcr Tierarzneimittel, die in Europa seit L\u00e4ngerem vermarktet werden, in der Schweiz aber bislang aus Rentabilit\u00e4tsgr\u00fcnden nicht zugelassen wurden, deutlich gesenkt werden. Gleichzeitig bleiben die Qualit\u00e4tsstandards im Bereich der Tierarzneimittel erhalten und eine wirksame Markt\u00fcberwachung m\u00f6glich. Der Entscheid der SGK-S ist bei all diesen Bestimmungen einstimmig erfolgt. [GZ]</p>\n</pd_text>","MeetingCouncilAbbreviation":"S","MeetingDate":"20260611","MeetingVerbalixOid":4184,"IdSession":"5214","SpeakerFirstName":"Hannes","SpeakerLastName":"Germann","SpeakerFullName":"Germann Hannes","SpeakerFunction":"Mit-M","CouncilId":2,"CouncilName":"St\u00e4nderat","CantonId":14,"CantonName":"Schaffhausen","CantonAbbreviation":"SH","ParlGroupName":"Fraktion der Schweizerischen Volkspartei","ParlGroupAbbreviation":"V","SortOrder":29,"Start":"\/Date(1781171165943)\/","End":"\/Date(1781171236193)\/","Function":"*","DisplaySpeaker":true,"LanguageOfText":"DE","Modified":"\/Date(1784986796575)\/","StartTimeWithTimezone":"\/Date(1781171165943+0120)\/","EndTimeWithTimezone":"\/Date(1781171236193+0120)\/","VoteBusinessNumber":null,"VoteBusinessShortNumber":null,"VoteBusinessTitle":null},{"__metadata":{"id":"https://ws.parlament.ch/OData.svc/Transcript(ID=376515L,Language='DE')","uri":"https://ws.parlament.ch/OData.svc/Transcript(ID=376515L,Language='DE')","type":"itsystems.Pd.DataServices.DataModel.Transcript"},"Subjects":{"__deferred":{"uri":"https://ws.parlament.ch/OData.svc/Transcript(ID=376515L,Language='DE')/Subjects"}},"MembersCouncil":{"__deferred":{"uri":"https://ws.parlament.ch/OData.svc/Transcript(ID=376515L,Language='DE')/MembersCouncil"}},"Businesses":{"__deferred":{"uri":"https://ws.parlament.ch/OData.svc/Transcript(ID=376515L,Language='DE')/Businesses"}},"ID":"376515","Language":"DE","IdSubject":"71754","VoteId":null,"PersonNumber":825,"Type":1,"Text":"<pd_text><p>In Artikel 9 geht es um die Zulassung. Wir sind im Themenblock \"Arzneimittel f\u00fcr neuartige Therapien\", dessen Bestimmungen Sie in der Fahne auf den Seiten 13 bis 19 finden. In Artikel 9 Absatz 1 geht es um die grunds\u00e4tzliche Zulassungspflicht von Arzneimitteln und Tierarzneimitteln. Er lautet: \"Verwendungsfertige Arzneimittel und Tierarzneimittel, die zur Herstellung von F\u00fctterungsarzneimitteln bestimmt sind (Arzneimittelvormischungen), d\u00fcrfen nur in Verkehr gebracht werden, wenn sie vom Institut\" - also von Swissmedic - \"zugelassen sind. Vorbehalten sind internationale Abkommen \u00fcber die Anerkennung von Zulassungen.\" Dieser Grundsatz ist unbestritten.</p>\n<p>In Artikel 9 Absatz 2, wo wir die Differenz haben, findet sich in den Buchstaben a bis f eine Liste von Arzneimitteln und Tierarzneimitteln, die - immer unter gewissen Voraussetzungen - keine Zulassung brauchen. Diese Bestimmungen sind grunds\u00e4tzlich unbestritten. Eine Minderheit Ettlin Erich beantragt bei Buchstabe a eine einzige \u00c4nderung. Es geht um eine Pr\u00e4zisierung bzw. Einschr\u00e4nkung der sogenannten Formula magistralis. Die Formula magistralis erm\u00f6glicht \u00f6ffentlichen Apotheken oder Spitalapotheken, immer basierend auf einem \u00e4rztlichen Rezept, die Herstellung von Arzneimitteln f\u00fcr eine bestimmte Person oder einen bestimmten Personenkreis. Analog gilt die Formula magistralis auch in der Tiermedizin, also f\u00fcr ein einzelnes Tier oder f\u00fcr eine Gruppe von Tieren, die das gleiche Leiden haben. Die in Buchstabe a und weiter unten aufgef\u00fchrten Ausnahmen sind von der Systematik und vom Grundgedanken des Heilmittelgesetzes her f\u00fcr Situationen gedacht, in denen es keine zugelassene Alternative gibt. </p>\n<p>Nach Ansicht von Bundesrat und Kommissionsmehrheit gibt es keinen triftigen Grund, diese Flexibilit\u00e4t in Einzelf\u00e4llen im Rahmen der Formula magistralis unn\u00f6tig einzuschr\u00e4nken. Die Minderheit Ettlin Erich will pr\u00e4zisieren, dass Arzneimittel, die in einer \u00f6ffentlichen Apotheke oder in einer Spitalapotheke hergestellt werden, nur dann keine Zulassung brauchen, wenn - und jetzt h\u00f6ren Sie gut zu - \"nachweislich kein alternativ anwendbares und gleichwertiges Arzneimittel zugelassen oder verf\u00fcgbar ist\". Da w\u00fcnsche ich den Spitalapotheken mal viel Gl\u00fcck, wenn sie diesen Nachweis erbringen m\u00fcssen. Die Minderheit will somit die Einschr\u00e4nkung \u00fcbernehmen, die in Absatz 2 Buchstabe cbis vorgesehen ist; dort ist sie aber nat\u00fcrlich gewollt. Bei der bew\u00e4hrten Formula magistralis h\u00e4tte dies wohl gravierende Auswirkungen. </p>\n<p>Aus Sicht der Verwaltung ist die von der Minderheit beantragte Einschr\u00e4nkung aus mehreren Gr\u00fcnden problematisch. Sie argumentiert, erstens sei noch nie dar\u00fcber debattiert worden, wie sich die Kantone, die FMH und andere Stakeholder dazu stellten; zweitens handle es sich um eine Einschr\u00e4nkung der \u00e4rztlichen Therapiefreiheit; drittens m\u00fcsste eine solche komplexe Anforderung von den f\u00fcr den Vollzug zust\u00e4ndigen Kantonen kontrolliert und durchgesetzt werden; viertens finde sich diese Einschr\u00e4nkung auch in den Buchstaben b und c nicht. In Buchstabe b geht es um die Formula officinalis, die auf den von Swissmedic bezeichneten Arzneimittelb\u00fcchern basiert, und in Buchstabe c um die Hausspezialit\u00e4ten der Apotheken, die auf Basis einer eigenen oder einer publizierten Formel hergestellt werden. Wenn schon, m\u00fcsste die Einschr\u00e4nkung auch f\u00fcr diese Buchstaben gelten, was nat\u00fcrlich nicht gerade viel Sinn machen w\u00fcrde. </p>\n<p>Vor diesem Hintergrund beantragt Ihnen die Mehrheit, die Einschr\u00e4nkung der bew\u00e4hrten Formula magistralis zulasten von Spital- und \u00f6ffentlichen Apotheken nicht aufzunehmen. Es war allerdings ein knapper Entscheid, er fiel mit 4 zu 4 Stimmen mit Stichentscheid des Pr\u00e4sidenten. Wir beantragen Ihnen wie gesagt, beim geltenden Recht zu bleiben.</p>\n</pd_text>","MeetingCouncilAbbreviation":"S","MeetingDate":"20260611","MeetingVerbalixOid":4184,"IdSession":"5214","SpeakerFirstName":"Hannes","SpeakerLastName":"Germann","SpeakerFullName":"Germann Hannes","SpeakerFunction":"Mit-M","CouncilId":2,"CouncilName":"St\u00e4nderat","CantonId":14,"CantonName":"Schaffhausen","CantonAbbreviation":"SH","ParlGroupName":"Fraktion der Schweizerischen Volkspartei","ParlGroupAbbreviation":"V","SortOrder":11,"Start":"\/Date(1781169014733)\/","End":"\/Date(1781169317938)\/","Function":"*","DisplaySpeaker":true,"LanguageOfText":"DE","Modified":"\/Date(1784986796547)\/","StartTimeWithTimezone":"\/Date(1781169014733+0120)\/","EndTimeWithTimezone":"\/Date(1781169317937+0120)\/","VoteBusinessNumber":null,"VoteBusinessShortNumber":null,"VoteBusinessTitle":null},{"__metadata":{"id":"https://ws.parlament.ch/OData.svc/Transcript(ID=376521L,Language='DE')","uri":"https://ws.parlament.ch/OData.svc/Transcript(ID=376521L,Language='DE')","type":"itsystems.Pd.DataServices.DataModel.Transcript"},"Subjects":{"__deferred":{"uri":"https://ws.parlament.ch/OData.svc/Transcript(ID=376521L,Language='DE')/Subjects"}},"MembersCouncil":{"__deferred":{"uri":"https://ws.parlament.ch/OData.svc/Transcript(ID=376521L,Language='DE')/MembersCouncil"}},"Businesses":{"__deferred":{"uri":"https://ws.parlament.ch/OData.svc/Transcript(ID=376521L,Language='DE')/Businesses"}},"ID":"376521","Language":"DE","IdSubject":"71754","VoteId":null,"PersonNumber":4055,"Type":1,"Text":"<pd_text><p><i>Angenommen - Adopt\u00e9</i></p>\n<p>[VS]</p>\n<p><b>Art. 14a </b>[GZ]</p>\n<p><i>Antrag der Kommission </i>[GZ]</p>\n<p><i>Abs. 1 Bst. cbis </i>[GZ]</p>\n<p>cbis.[NB]Arzneimittel nach Artikel 14 Absatz 1 Buchstabe aquinquies:</p>\n<p>1.[NB]die Angaben und Unterlagen nach Artikel 11 Abs\u00e4tze 1 und 2 Buchstabe a Ziffer 1-4 und, bei Tierarzneimitteln f\u00fcr Nutztiere, zus\u00e4tzlich diejenigen nach Buchstabe b Ziffern 2 und 3, wobei die Unterlagen nach Artikel 11 Absatz 2 Buchstabe a Ziffer 1 nicht dem neusten Stand von Wissenschaft und Technik entsprechen m\u00fcssen, sofern der Nutzen des Arzneimittels das Risiko \u00fcberwiegt,</p>\n<p>2.[NB]der Nachweis der Zulassung des ausl\u00e4ndischen Arzneimittels;</p>\n<p><i>Abs. 3 </i>[GZ]</p>\n<p>W\u00e4hrend der gesamten Dauer der Zulassung von Arzneimitteln nach Absatz 1 Buchstabe cbis sind im Ausland genehmigte \u00c4nderungen an der Qualit\u00e4tsdokumentation nach Artikel 11 Absatz 2 Buchstabe a Ziffer 1 auch der Swissmedic einzureichen.</p>\n<p>[VS]</p>\n<p><b>Art. 14a </b>[GZ]</p>\n<p><i>Proposition de la commission </i>[GZ]</p>\n<p><i>Al. 1 let. cbis </i>[GZ]</p>\n<p>cbis.[NB]m\u00e9dicaments vis\u00e9s \u00e0 l'article 14 alin\u00e9a 1 lettre aquinquies[NB]:</p>\n<p>1.[NB]les donn\u00e9es et les documents mentionn\u00e9s \u00e0 l'article 11 alin\u00e9as 1 et 2 lettre a chiffres 1 \u00e0 4 et en plus, pour les m\u00e9dicaments v\u00e9t\u00e9rinaires destin\u00e9s aux animaux de rente, les donn\u00e9es et les documents mentionn\u00e9s \u00e0 la lettre b chiffres 2 et 3, les documents mentionn\u00e9s \u00e0 l'article 11 alin\u00e9a 2 lettre a chiffre 1 ne devant toutefois pas correspondre \u00e0 l'\u00e9tat r\u00e9cent de la science et de la technique si le b\u00e9n\u00e9fice du m\u00e9dicament est sup\u00e9rieur au risque,</p>\n<p>2.[NB]la preuve de l'autorisation de mise sur le march\u00e9 du m\u00e9dicament \u00e9tranger[NB];</p>\n<p><i>Al. 3 </i>[GZ]</p>\n<p>Pendant toute la dur\u00e9e de validit\u00e9 de l'autorisation de mise sur le march\u00e9 des m\u00e9dicaments vis\u00e9s \u00e0 l'alin\u00e9a 1 lettre cbis, les modifications apport\u00e9es \u00e0 la documentation relative \u00e0 la qualit\u00e9 vis\u00e9e \u00e0 l'article 11 alin\u00e9a 2 lettre a chiffre 1 et approuv\u00e9es \u00e0 l'\u00e9tranger sont communiqu\u00e9es \u00e0 Swissmedic.[GZ]</p>\n<p>[VS][GZ]</p>\n<p><i>Angenommen - Adopt\u00e9</i></p>\n<p>[VS]</p>\n<p><b>Art. 14b </b>[GZ]</p>\n<p><i>Antrag der Kommission </i>[GZ]</p>\n<p>Streichen</p>\n<p><i>Proposition de la commission </i>[GZ]</p>\n<p>Biffer [GZ]</p>\n<p>[VS][GZ]</p>\n<p><i>Angenommen - Adopt\u00e9</i></p>\n<p>[VS]</p>\n<p><b>Art. 16 Abs. 2, 2bis; 20 Abs. 2bis, 2ter; 21 Abs. 2, 2bis; 23b; 26 Abs. 2bis Bst. b, 5-8; 26a</b>[GZ]</p>\n<p><i>Antrag der Kommission</i>[GZ]</p>\n<p>Zustimmung zum Beschluss des Nationalrates</p>\n<p>[VS]</p>\n<p><b>Art. 16 al. 2, 2bis[NB]; 20 al. 2bis, 2ter[NB]; 21 al. 2, 2bis[NB]; 23b[NB]; 26 al. 2bis let. b, 5-8[NB]; 26a </b>[GZ]</p>\n<p><i>Proposition de la commission</i>[GZ]</p>\n<p>Adh\u00e9rer \u00e0 la d\u00e9cision du Conseil national[GZ]</p>\n<p>[VS][GZ]</p>\n<p><i>Angenommen - Adopt\u00e9</i></p>\n<p>[VS]</p>\n<p><b>Art. 26abis </b>[GZ]</p>\n<p><i>Antrag der Kommission </i>[GZ]</p>\n<p><i>Titel </i>[GZ]</p>\n<p>Finanzhilfen an Betreibern von elektronischen Systemen gem\u00e4ss Artikel 26a Absatz 4</p>\n<p><i>Abs. 1 </i>[GZ]</p>\n<p>Der Bund kann f\u00fcr den Aufbau, die Weiterentwicklung und den Betrieb von elektronischen Systemen gem\u00e4ss Artikel 26a Absatz 4 im Rahmen der bewilligten Kredite Finanzhilfen gew\u00e4hren.</p>\n<p><i>Abs. 2 </i>[GZ]</p>\n<p>Finanzhilfen betragen h\u00f6chstens 50 Prozent der anrechenbaren Kosten.</p>\n<p><i>Abs. 3 </i>[GZ]</p>\n<p>Der Bundesrat regelt insbesondere:</p>\n<p>a.[NB]die Voraussetzungen und das Verfahren f\u00fcr die Gew\u00e4hrung der Finanzhilfen;</p>\n<p>b.[NB]die Bemessung der anrechenbaren Kosten;</p>\n<p>c.[NB]die H\u00f6he, Dauer und Ausrichtung der Finanzhilfen;</p>\n<p>d.[NB]die Nachweis-, Berichts- und Kontrollpflichten der Empf\u00e4ngerinnen und Empf\u00e4nger von Finanzhilfen;</p>\n<p>e.[NB]die R\u00fcckerstattung von Finanzhilfen bei Nichterf\u00fcllung der Voraussetzungen oder Auflagen.</p>\n<p>[VS]</p>\n<p><b>Art. 26abis </b>[GZ]</p>\n<p><i>Proposition de la commission </i>[GZ]</p>\n<p><i>Titre </i>[GZ]</p>\n<p>Aides financi\u00e8res aux exploitants de syst\u00e8mes \u00e9lectroniques vis\u00e9s \u00e0 l'article 26a alin\u00e9a 4</p>\n<p><i>Al. 1 </i>[GZ]</p>\n<p>La Conf\u00e9d\u00e9ration peut, dans la limite des cr\u00e9dits allou\u00e9s, octroyer des aides financi\u00e8res pour la mise en place, le d\u00e9veloppement et l'exploitation de syst\u00e8mes \u00e9lectroniques vis\u00e9s \u00e0 l'article 26a alin\u00e9a[NB]4.</p>\n<p><i>Al. 2 </i>[GZ]</p>\n<p>Les aides financi\u00e8res ne d\u00e9passent pas 50 pour cent des co\u00fbts imputables.</p>\n<p><i>Al. 3 </i>[GZ]</p>\n<p>Le Conseil f\u00e9d\u00e9ral d\u00e9finit en particulier[NB]:</p>\n<p>a.[NB]les conditions et la proc\u00e9dure d'octroi des aides financi\u00e8res[NB];</p>\n<p>b.[NB]le calcul des co\u00fbts imputables[NB];</p>\n<p>c.[NB]le montant, la dur\u00e9e et l'affectation des aides financi\u00e8res[NB];</p>\n<p>d.[NB]les obligations en mati\u00e8re de justificatifs, de rapports et de contr\u00f4les auxquelles sont soumis les b\u00e9n\u00e9ficiaires des aides financi\u00e8res[NB];</p>\n<p>e.[NB]le remboursement des aides financi\u00e8res en cas de non-respect des conditions ou des obligations. [PAGE 544] </p>\n</pd_text>","MeetingCouncilAbbreviation":"S","MeetingDate":"20260611","MeetingVerbalixOid":4184,"IdSession":"5214","SpeakerFirstName":"Stefan","SpeakerLastName":"Engler","SpeakerFullName":"Engler Stefan","SpeakerFunction":"P-M","CouncilId":2,"CouncilName":"St\u00e4nderat","CantonId":18,"CantonName":"Graub\u00fcnden","CantonAbbreviation":"GR","ParlGroupName":"Die Mitte-Fraktion. Die Mitte. EVP.","ParlGroupAbbreviation":"M-E","SortOrder":30,"Start":"\/Date(1781171236193)\/","End":"\/Date(1781171327329)\/","Function":"P-M","DisplaySpeaker":false,"LanguageOfText":null,"Modified":"\/Date(1784986796576)\/","StartTimeWithTimezone":"\/Date(1781171236193+0120)\/","EndTimeWithTimezone":"\/Date(1781171327330+0120)\/","VoteBusinessNumber":null,"VoteBusinessShortNumber":null,"VoteBusinessTitle":null},{"__metadata":{"id":"https://ws.parlament.ch/OData.svc/Transcript(ID=376523L,Language='DE')","uri":"https://ws.parlament.ch/OData.svc/Transcript(ID=376523L,Language='DE')","type":"itsystems.Pd.DataServices.DataModel.Transcript"},"Subjects":{"__deferred":{"uri":"https://ws.parlament.ch/OData.svc/Transcript(ID=376523L,Language='DE')/Subjects"}},"MembersCouncil":{"__deferred":{"uri":"https://ws.parlament.ch/OData.svc/Transcript(ID=376523L,Language='DE')/MembersCouncil"}},"Businesses":{"__deferred":{"uri":"https://ws.parlament.ch/OData.svc/Transcript(ID=376523L,Language='DE')/Businesses"}},"ID":"376523","Language":"DE","IdSubject":"71754","VoteId":null,"PersonNumber":4238,"Type":1,"Text":"<pd_text><p>D'une mani\u00e8re g\u00e9n\u00e9rale, pour la vente par correspondance et le service de livraison \u00e0 domicile, l'intention est claire, mais le projet n'est pas encore arriv\u00e9 \u00e0 pleine maturit\u00e9. Cela va n\u00e9cessiter des discussions, et il a d'ailleurs \u00e9t\u00e9 relev\u00e9 que la commission du Conseil national pourra reprendre cette question.</p>\n<p>Je tiens surtout \u00e0 pr\u00e9ciser que nous avons, \u00e0 tr\u00e8s br\u00e8ve \u00e9ch\u00e9ance, la volont\u00e9 d'ouvrir une proc\u00e9dure de consultation \u00e0 ce sujet. Le Conseil f\u00e9d\u00e9ral pr\u00e9voit en effet de lib\u00e9raliser la vente par correspondance dans le cadre du prochain volet de la r\u00e9vision de la loi sur les produits th\u00e9rapeutiques. En juin, donc tout bient\u00f4t, nous allons donc ouvrir cette proc\u00e9dure de consultation qui permettra d'obtenir des prises de position pr\u00e9cises venant du terrain et \u00e9galement l'appr\u00e9ciation des cantons. En int\u00e9grant pr\u00e9cocement une disposition qui concerne la vente par correspondance dans le pr\u00e9sent volet, le Parlement donne un signal clair, mais il prend \u00e9galement le risque de ne pas prendre en consid\u00e9ration l'avis de l'ensemble des milieux concern\u00e9s.</p>\n<p>Cela me permet de r\u00e9pondre \u00e0 la question de M.[NB]Juillard. J'ai d'ailleurs d\u00fb consulter mes services \u00e0 ce sujet. Il semble que la notion de \"pharmacie publique\" vise plut\u00f4t les pharmacies ouvertes au public. Vous avez donc raison de dire qu'il faudrait pr\u00e9ciser le sens du mot \"publique\"[NB]: il s'agit d'opposer ces pharmacies ou de souligner leur compl\u00e9mentarit\u00e9 avec les pharmacies d'h\u00f4pitaux ou autres. Pour les drogueries, le terme \"public\" n'a pas lieu d'\u00eatre, parce qu'on n'a pas la m\u00eame configuration. On va v\u00e9rifier. Dans le cadre de la proc\u00e9dure de consultation, on m'indique que les drogueries ne seront pas mentionn\u00e9es comme drogueries publiques. L'id\u00e9e est donc plut\u00f4t de dire \"ouvert au public\", mais on va encore le pr\u00e9ciser.</p>\n<p>En conclusion, et d'une mani\u00e8re g\u00e9n\u00e9rale, l'int\u00e9gration de la vente par correspondance ne soul\u00e8ve pas d'objections sur le principe, mais il est important d'en pr\u00e9ciser le p\u00e9rim\u00e8tre, de voir \u00e9galement ce que cela signifie pour les diff\u00e9rents prestataires de soins, ainsi que pour les cantons. Il est donc essentiel d'attendre les r\u00e9sultats de la proc\u00e9dure de consultation pour pouvoir d\u00e9battre de mani\u00e8re plus exhaustive de certains points introduits par votre commission \u00e0 l'article[NB]27. [GZ]</p>\n</pd_text>","MeetingCouncilAbbreviation":"S","MeetingDate":"20260611","MeetingVerbalixOid":4184,"IdSession":"5214","SpeakerFirstName":"Elisabeth","SpeakerLastName":"Baume-Schneider","SpeakerFullName":"Baume-Schneider Elisabeth","SpeakerFunction":"BR-F","CouncilId":99,"CouncilName":"Bundesrat","CantonId":26,"CantonName":"Jura","CantonAbbreviation":"JU","ParlGroupName":null,"ParlGroupAbbreviation":null,"SortOrder":44,"Start":"\/Date(1781172997481)\/","End":"\/Date(1781173150610)\/","Function":"BR-F","DisplaySpeaker":true,"LanguageOfText":"FR","Modified":"\/Date(1784986796593)\/","StartTimeWithTimezone":"\/Date(1781172997480+0120)\/","EndTimeWithTimezone":"\/Date(1781173150610+0120)\/","VoteBusinessNumber":null,"VoteBusinessShortNumber":null,"VoteBusinessTitle":null},{"__metadata":{"id":"https://ws.parlament.ch/OData.svc/Transcript(ID=376528L,Language='DE')","uri":"https://ws.parlament.ch/OData.svc/Transcript(ID=376528L,Language='DE')","type":"itsystems.Pd.DataServices.DataModel.Transcript"},"Subjects":{"__deferred":{"uri":"https://ws.parlament.ch/OData.svc/Transcript(ID=376528L,Language='DE')/Subjects"}},"MembersCouncil":{"__deferred":{"uri":"https://ws.parlament.ch/OData.svc/Transcript(ID=376528L,Language='DE')/MembersCouncil"}},"Businesses":{"__deferred":{"uri":"https://ws.parlament.ch/OData.svc/Transcript(ID=376528L,Language='DE')/Businesses"}},"ID":"376528","Language":"DE","IdSubject":"71754","VoteId":null,"PersonNumber":825,"Type":1,"Text":"<pd_text><p>Sie haben nun Ihren doch sehr differenzierten Einzelantrag begr\u00fcndet. Wie gesagt: Ich kann h\u00f6chstens eine Einsch\u00e4tzung aus pr\u00e4sidialer Sicht geben.</p>\n<p>Der Einzelantrag Chassot \u00fcbernimmt bei Artikel 9c Absatz 1 mehrere Anpassungen gem\u00e4ss dem Beschluss des Nationalrates, so bei Litera a - dort stimmt der Antrag auch mit dem Entwurf des Bundesrates \u00fcberein - sowie bei Litera e. Wenn wir uns dem Einzelantrag Chassot anschliessen, folgen wir dem Nationalrat und bereinigen praktisch alle Differenzen, denn materiell weicht der Einzelantrag eigentlich einzig bei Buchstabe d minimal vom Entwurf des Bundesrates und vom Beschluss des Nationalrates ab, wie Sie auf Seite 18 der Fahne sehen k\u00f6nnen. Bei Buchstabe d spricht der Bundesrat von \"verf\u00fcgbar\", der Nationalrat verlangt die Formulierung \"rechtzeitig verf\u00fcgbar\", und Frau Chassot pr\u00e4zisiert dies weiter und sagt \"klinisch rechtzeitig verf\u00fcgbar\". Dagegen ist meines Erachtens nichts einzuwenden.</p>\n<p>Je nachdem, wie wir die Sachlage gewichten, k\u00f6nnen wir mit der Annahme des Einzelantrags Chassot dem Nationalrat folgen und die Differenzen bis auf Buchstabe d weitestgehend bereinigen. Oder aber wir schaffen eine Differenz, folgen also dem Bundesrat, wie es Ihre SGK beantragt, und geben die \"hospital exemption\" damit nochmals an den Erstrat zur\u00fcck, dies mit dem Anliegen, dass das Thema nochmals vertieft angeschaut wird, einschliesslich des Einzelantrags Chassot.</p>\n<p>Pers\u00f6nlich habe ich Sympathie f\u00fcr den Einzelantrag Chassot, aber in Anbetracht der geschlossenen Kommission bef\u00fcrchte ich, dass es zu einem Zufallsentscheid kommen k\u00f6nnte. Damit w\u00e4re der Sache am allerwenigsten gedient. Ich k\u00f6nnte also auch damit leben, dass wir die Buchstaben a bis e von Artikel 9c Absatz 1 einzeln bereinigen und im Zweifelsfall dann eben doch beim Entwurf des Bundesrates bzw. bei unserer Version bleiben, damit die Schwesterkommission und der Schwesterrat dann noch einmal Gelegenheit haben, sich vertieft mit den Differenzen zu befassen. In diesem Sinne w\u00fcrde ich Ihnen f\u00fcr jeden Buchstaben den entsprechenden Antrag nennen.</p>\n<p>Wie gesagt, beantragt die Kommission, beim gesamten Absatz 1 beim Entwurf des Bundesrates zu bleiben.</p>\n</pd_text>","MeetingCouncilAbbreviation":"S","MeetingDate":"20260611","MeetingVerbalixOid":4184,"IdSession":"5214","SpeakerFirstName":"Hannes","SpeakerLastName":"Germann","SpeakerFullName":"Germann Hannes","SpeakerFunction":"Mit-M","CouncilId":2,"CouncilName":"St\u00e4nderat","CantonId":14,"CantonName":"Schaffhausen","CantonAbbreviation":"SH","ParlGroupName":"Fraktion der Schweizerischen Volkspartei","ParlGroupAbbreviation":"V","SortOrder":22,"Start":"\/Date(1781170643296)\/","End":"\/Date(1781170807795)\/","Function":"*","DisplaySpeaker":true,"LanguageOfText":"DE","Modified":"\/Date(1784986796563)\/","StartTimeWithTimezone":"\/Date(1781170643297+0120)\/","EndTimeWithTimezone":"\/Date(1781170807797+0120)\/","VoteBusinessNumber":null,"VoteBusinessShortNumber":null,"VoteBusinessTitle":null},{"__metadata":{"id":"https://ws.parlament.ch/OData.svc/Transcript(ID=376530L,Language='DE')","uri":"https://ws.parlament.ch/OData.svc/Transcript(ID=376530L,Language='DE')","type":"itsystems.Pd.DataServices.DataModel.Transcript"},"Subjects":{"__deferred":{"uri":"https://ws.parlament.ch/OData.svc/Transcript(ID=376530L,Language='DE')/Subjects"}},"MembersCouncil":{"__deferred":{"uri":"https://ws.parlament.ch/OData.svc/Transcript(ID=376530L,Language='DE')/MembersCouncil"}},"Businesses":{"__deferred":{"uri":"https://ws.parlament.ch/OData.svc/Transcript(ID=376530L,Language='DE')/Businesses"}},"ID":"376530","Language":"DE","IdSubject":"71754","VoteId":null,"PersonNumber":4055,"Type":1,"Text":"<pd_text><p><i>Angenommen - Adopt\u00e9</i></p>\n<p>[VS]</p>\n<p><b>Art. 26b</b>[GZ]</p>\n<p><i>Antrag der Kommission </i>[GZ]</p>\n<p><i>Abs. 1</i>[GZ]</p>\n<p>Gem\u00e4ss Bundesrat, aber:[GZ]</p>\n<p>... mindestens einmal elektronische Systeme zur Entscheidunterst\u00fctzung auf der Basis der aktuellen Regeln ... als Grundlage f\u00fcr die Entscheidunterst\u00fctzung verwendet werden.</p>\n<p><i>Abs. 2</i>[GZ]</p>\n<p>Zustimmung zum Beschluss des Nationalrates</p>\n<p>[VS]</p>\n<p><b>Art. 26b</b>[GZ]</p>\n<p><i>Proposition de la commission </i>[GZ]</p>\n<p><i>Al. 1</i>[GZ]</p>\n<p>Selon Conseil f\u00e9d\u00e9ral, mais[NB]:[GZ]</p>\n<p>... d'utiliser un syst\u00e8me \u00e9lectronique d'aide \u00e0 la d\u00e9cision sur la base ... \u00eatre utilis\u00e9e comme base pour l'aide \u00e0 la d\u00e9cision.</p>\n<p><i>Al. 2</i>[GZ]</p>\n<p>Adh\u00e9rer \u00e0 la d\u00e9cision du Conseil national</p>\n</pd_text>","MeetingCouncilAbbreviation":"S","MeetingDate":"20260611","MeetingVerbalixOid":4184,"IdSession":"5214","SpeakerFirstName":"Stefan","SpeakerLastName":"Engler","SpeakerFullName":"Engler Stefan","SpeakerFunction":"P-M","CouncilId":2,"CouncilName":"St\u00e4nderat","CantonId":18,"CantonName":"Graub\u00fcnden","CantonAbbreviation":"GR","ParlGroupName":"Die Mitte-Fraktion. Die Mitte. EVP.","ParlGroupAbbreviation":"M-E","SortOrder":34,"Start":"\/Date(1781171970515)\/","End":"\/Date(1781171993945)\/","Function":"P-M","DisplaySpeaker":false,"LanguageOfText":null,"Modified":"\/Date(1784986796582)\/","StartTimeWithTimezone":"\/Date(1781171970517+0120)\/","EndTimeWithTimezone":"\/Date(1781171993947+0120)\/","VoteBusinessNumber":null,"VoteBusinessShortNumber":null,"VoteBusinessTitle":null},{"__metadata":{"id":"https://ws.parlament.ch/OData.svc/Transcript(ID=376536L,Language='DE')","uri":"https://ws.parlament.ch/OData.svc/Transcript(ID=376536L,Language='DE')","type":"itsystems.Pd.DataServices.DataModel.Transcript"},"Subjects":{"__deferred":{"uri":"https://ws.parlament.ch/OData.svc/Transcript(ID=376536L,Language='DE')/Subjects"}},"MembersCouncil":{"__deferred":{"uri":"https://ws.parlament.ch/OData.svc/Transcript(ID=376536L,Language='DE')/MembersCouncil"}},"Businesses":{"__deferred":{"uri":"https://ws.parlament.ch/OData.svc/Transcript(ID=376536L,Language='DE')/Businesses"}},"ID":"376536","Language":"DE","IdSubject":"71754","VoteId":null,"PersonNumber":4055,"Type":1,"Text":"<pd_text><p><b>Pr\u00e4sident</b> (Engler Stefan, Pr\u00e4sident): Die Frau Bundesr\u00e4tin verzichtet auf ein Votum.[GZ]</p>\n<p>[VS][GZ]</p>\n<p><i>Angenommen - Adopt\u00e9</i></p>\n<p>[VS]</p>\n<p><b>Art. 27 </b>[GZ]</p>\n<p><i>Antrag der Kommission </i>[GZ]</p>\n<p><i>Titel </i>[GZ]</p>\n<p>Versandhandel und Hauslieferdienst</p>\n<p><i>Abs. 1 </i>[GZ]</p>\n<p>Wer Versandhandel mit Arzneimitteln betreibt, ben\u00f6tigt eine kantonale Bewilligung. </p>\n<p><i>Abs. 2 </i>[GZ]</p>\n<p>Eine Bewilligung wird erteilt, wenn:[GZ]</p>\n<p>a.[NB]die Gesuchstellerin \u00fcber eine kantonale Bewilligung nach Artikel 30 zur F\u00fchrung einer \u00f6ffentlichen Apotheke, zur F\u00fchrung einer \u00f6ffentlichen Drogerie oder zur Abgabe von Arzneimitteln in Arztpraxen oder in ambulanten Institutionen des Gesundheitswesens verf\u00fcgt;</p>\n<p>b.[NB]ein geeignetes Qualit\u00e4tssicherungssystem vorhanden ist, das insbesondere Folgendes sicherstellt:[GZ]</p>\n<p>1.[NB]die sachgem\u00e4sse Beratung und Information vor und nach der Abgabe, </p>\n<p>2.[NB]bei verschreibungspflichtigen Arzneimitteln die Einhaltung der entsprechenden Anforderungen, </p>\n<p>3.[NB]den sicheren Bestell- und Zustellungsprozess, </p>\n<p>4.[NB]den sicheren Transport.</p>\n<p><i>Abs. 3 </i>[GZ]</p>\n<p>Nicht bewilligungspflichtig ist die Belieferung mit Arzneimitteln durch Fachpersonen im Rahmen ihrer Abgabekompetenz, sofern die Abgabe ausschliesslich an die dieser Abgabestelle bereits bekannte Personen erfolgt. Die Anforderungen gem\u00e4ss Absatz 2 sind dabei sinngem\u00e4ss zu gew\u00e4hrleisten.</p>\n<p><i>Abs. 4 </i>[GZ]</p>\n<p>Der Bundesrat regelt die Einzelheiten.</p>\n<p>[VS]</p>\n<p><b>Art. 27 </b>[GZ]</p>\n<p><i>Proposition de la commission </i>[GZ]</p>\n<p><i>Titre </i>[GZ]</p>\n<p>Vente par correspondance et service de livraison \u00e0 domicile</p>\n<p><i>Al. 1 </i>[GZ]</p>\n<p>Quiconque fait de la vente par correspondance de m\u00e9dicaments doit poss\u00e9der une autorisation cantonale.</p>\n<p><i>Al. 2 </i>[GZ]</p>\n<p>L'autorisation est d\u00e9livr\u00e9e[NB]:[GZ]</p>\n<p>a.[NB]si le requ\u00e9rant est titulaire d'une autorisation vis\u00e9e \u00e0 l'article 30 concernant la direction d'une pharmacie publique, la direction d'une droguerie publique ou la remise de m\u00e9dicaments au sein d'un cabinet m\u00e9dical ou d'une institution ambulatoire de sant\u00e9[NB];</p>\n<p>b.[NB]s'il existe un syst\u00e8me appropri\u00e9 d'assurance de la qualit\u00e9, qui garantit notamment[NB]:[GZ]</p>\n<p>1.[NB]la fourniture de conseils et d'informations appropri\u00e9s avant et apr\u00e8s la remise,</p>\n<p>2.[NB]le respect des exigences relatives aux m\u00e9dicaments soumis \u00e0 ordonnance,</p>\n<p>3.[NB]un processus s\u00e9curis\u00e9 de commande et de livraison,</p>\n<p>4.[NB]un transport s\u00fbr.</p>\n<p><i>Al. 3 </i>[GZ]</p>\n<p>La livraison de m\u00e9dicaments par des professionnels dans le cadre de leur comp\u00e9tence de distribution n'est pas soumise \u00e0 autorisation, \u00e0 condition que la distribution ne se fasse qu'aux personnes d\u00e9j\u00e0 connues de ce point de distribution. Les exigences conform\u00e9ment au paragraphe 2 doivent \u00eatre garanties de mani\u00e8re appropri\u00e9e. </p>\n<p><i>Al. 4 </i>[GZ]</p>\n<p>Le Conseil f\u00e9d\u00e9ral r\u00e8gle les modalit\u00e9s.</p>\n</pd_text>","MeetingCouncilAbbreviation":"S","MeetingDate":"20260611","MeetingVerbalixOid":4184,"IdSession":"5214","SpeakerFirstName":"Stefan","SpeakerLastName":"Engler","SpeakerFullName":"Engler Stefan","SpeakerFunction":"P-M","CouncilId":2,"CouncilName":"St\u00e4nderat","CantonId":18,"CantonName":"Graub\u00fcnden","CantonAbbreviation":"GR","ParlGroupName":"Die Mitte-Fraktion. Die Mitte. EVP.","ParlGroupAbbreviation":"M-E","SortOrder":36,"Start":"\/Date(1781172072477)\/","End":"\/Date(1781172098965)\/","Function":"P-M","DisplaySpeaker":false,"LanguageOfText":null,"Modified":"\/Date(1784986796584)\/","StartTimeWithTimezone":"\/Date(1781172072477+0120)\/","EndTimeWithTimezone":"\/Date(1781172098967+0120)\/","VoteBusinessNumber":null,"VoteBusinessShortNumber":null,"VoteBusinessTitle":null},{"__metadata":{"id":"https://ws.parlament.ch/OData.svc/Transcript(ID=376540L,Language='DE')","uri":"https://ws.parlament.ch/OData.svc/Transcript(ID=376540L,Language='DE')","type":"itsystems.Pd.DataServices.DataModel.Transcript"},"Subjects":{"__deferred":{"uri":"https://ws.parlament.ch/OData.svc/Transcript(ID=376540L,Language='DE')/Subjects"}},"MembersCouncil":{"__deferred":{"uri":"https://ws.parlament.ch/OData.svc/Transcript(ID=376540L,Language='DE')/MembersCouncil"}},"Businesses":{"__deferred":{"uri":"https://ws.parlament.ch/OData.svc/Transcript(ID=376540L,Language='DE')/Businesses"}},"ID":"376540","Language":"DE","IdSubject":"71754","VoteId":null,"PersonNumber":4055,"Type":1,"Text":"<pd_text><p><b>Pr\u00e4sident</b> (Engler Stefan, Pr\u00e4sident): Frau Bundesr\u00e4tin Baume-Schneider kann Ihre Frage beantworten - sie hat das Wort.</p>\n</pd_text>","MeetingCouncilAbbreviation":"S","MeetingDate":"20260611","MeetingVerbalixOid":4184,"IdSession":"5214","SpeakerFirstName":"Stefan","SpeakerLastName":"Engler","SpeakerFullName":"Engler Stefan","SpeakerFunction":"P-M","CouncilId":2,"CouncilName":"St\u00e4nderat","CantonId":18,"CantonName":"Graub\u00fcnden","CantonAbbreviation":"GR","ParlGroupName":"Die Mitte-Fraktion. Die Mitte. EVP.","ParlGroupAbbreviation":"M-E","SortOrder":43,"Start":"\/Date(1781172991506)\/","End":"\/Date(1781172997481)\/","Function":"P-M","DisplaySpeaker":false,"LanguageOfText":null,"Modified":"\/Date(1784986796592)\/","StartTimeWithTimezone":"\/Date(1781172991507+0120)\/","EndTimeWithTimezone":"\/Date(1781172997480+0120)\/","VoteBusinessNumber":null,"VoteBusinessShortNumber":null,"VoteBusinessTitle":null},{"__metadata":{"id":"https://ws.parlament.ch/OData.svc/Transcript(ID=376549L,Language='DE')","uri":"https://ws.parlament.ch/OData.svc/Transcript(ID=376549L,Language='DE')","type":"itsystems.Pd.DataServices.DataModel.Transcript"},"Subjects":{"__deferred":{"uri":"https://ws.parlament.ch/OData.svc/Transcript(ID=376549L,Language='DE')/Subjects"}},"MembersCouncil":{"__deferred":{"uri":"https://ws.parlament.ch/OData.svc/Transcript(ID=376549L,Language='DE')/MembersCouncil"}},"Businesses":{"__deferred":{"uri":"https://ws.parlament.ch/OData.svc/Transcript(ID=376549L,Language='DE')/Businesses"}},"ID":"376549","Language":"DE","IdSubject":"71754","VoteId":null,"PersonNumber":4055,"Type":1,"Text":"<pd_text><p><i>Angenommen - Adopt\u00e9</i></p>\n<p>[VS]</p>\n<p><b>Art. 28 Titel, Abs. 1; 37 Titel, Abs. 1; Gliederungstitel nach Art. 41; Art. 41a-41h; Gliederungstitel nach Art. 41h; Art. 41i-41q; Gliederungstitel nach Art. 41q; Art. 41r-41v; 42a; 42b</b>[GZ]</p>\n<p><i>Antrag der Kommission</i>[GZ]</p>\n<p>Zustimmung zum Beschluss des Nationalrates</p>\n<p>[VS]</p>\n<p><b>Art. 28 titre, al. 1[NB]; 37 titre, al. 1[NB]; titre suivant l'art. 41[NB]; art. 41a-41h[NB]; titre suivant l'art. 41h[NB]; art. 41i-41q[NB]; titre suivant l'art. 41q[NB]; art. 41r-41v[NB]; 42a[NB]; 42b</b>[GZ]</p>\n<p><i>Proposition de la commission</i>[GZ]</p>\n<p>Adh\u00e9rer \u00e0 la d\u00e9cision du Conseil national[GZ]</p>\n<p>[VS][GZ]</p>\n<p><i>Angenommen - Adopt\u00e9</i></p>\n<p>[VS]</p>\n<p><b>Art. 43a </b>[GZ]</p>\n<p><i>Antrag der Kommission </i>[GZ]</p>\n<p><i>Abs. 1</i>[GZ]</p>\n<p>Zustimmung zum Beschluss des Nationalrates</p>\n<p><i>Abs. 2 </i>[GZ]</p>\n<p>Streichen</p>\n<p><i>Abs. 3 </i>[GZ]</p>\n<p>... wichtigen Unterlagen nach Absatz 1 m\u00fcssen aufbewahrt[NB]... </p>\n<p><i>Abs. 4 </i>[GZ]</p>\n<p>... den Pflichten nach Absatz 1 vorsehen. (Rest streichen)</p>\n<p><i>Abs. 5</i>[GZ]</p>\n<p>Zustimmung zum Beschluss des Nationalrates</p>\n<p>[VS]</p>\n<p><b>Art. 43a </b>[GZ]</p>\n<p><i>Proposition de la commission </i>[GZ]</p>\n<p><i>Al. 1</i>[GZ]</p>\n<p>Adh\u00e9rer \u00e0 la d\u00e9cision du Conseil national</p>\n<p><i>Al. 2 </i>[GZ]</p>\n<p>Biffer</p>\n<p><i>Al. 3 </i>[GZ]</p>\n<p>.. vis\u00e9s \u00e0 l'alin\u00e9a 1 doivent \u00eatre archiv\u00e9s[NB]...</p>\n<p><i>Al. 4 </i>[GZ]</p>\n<p>... ainsi que des exceptions aux obligations vis\u00e9es \u00e0 l'alin\u00e9a[NB]1. (Biffer le reste)</p>\n<p><i>Al. 5</i>[GZ]</p>\n<p>Adh\u00e9rer \u00e0 la d\u00e9cision du Conseil national</p>\n</pd_text>","MeetingCouncilAbbreviation":"S","MeetingDate":"20260611","MeetingVerbalixOid":4184,"IdSession":"5214","SpeakerFirstName":"Stefan","SpeakerLastName":"Engler","SpeakerFullName":"Engler Stefan","SpeakerFunction":"P-M","CouncilId":2,"CouncilName":"St\u00e4nderat","CantonId":18,"CantonName":"Graub\u00fcnden","CantonAbbreviation":"GR","ParlGroupName":"Die Mitte-Fraktion. Die Mitte. EVP.","ParlGroupAbbreviation":"M-E","SortOrder":45,"Start":"\/Date(1781173150610)\/","End":"\/Date(1781173222387)\/","Function":"P-M","DisplaySpeaker":false,"LanguageOfText":null,"Modified":"\/Date(1784986796594)\/","StartTimeWithTimezone":"\/Date(1781173150610+0120)\/","EndTimeWithTimezone":"\/Date(1781173222387+0120)\/","VoteBusinessNumber":null,"VoteBusinessShortNumber":null,"VoteBusinessTitle":null},{"__metadata":{"id":"https://ws.parlament.ch/OData.svc/Transcript(ID=376553L,Language='DE')","uri":"https://ws.parlament.ch/OData.svc/Transcript(ID=376553L,Language='DE')","type":"itsystems.Pd.DataServices.DataModel.Transcript"},"Subjects":{"__deferred":{"uri":"https://ws.parlament.ch/OData.svc/Transcript(ID=376553L,Language='DE')/Subjects"}},"MembersCouncil":{"__deferred":{"uri":"https://ws.parlament.ch/OData.svc/Transcript(ID=376553L,Language='DE')/MembersCouncil"}},"Businesses":{"__deferred":{"uri":"https://ws.parlament.ch/OData.svc/Transcript(ID=376553L,Language='DE')/Businesses"}},"ID":"376553","Language":"DE","IdSubject":"71754","VoteId":null,"PersonNumber":825,"Type":1,"Text":"<pd_text><p>Ohne Gegenantrag ersetzte der Nationalrat im gesamten Artikel den Ausdruck \"elektronische Systeme zur Errechnung von Arzneimitteldosierungen\" durch den breiteren Begriff \"elektronische Systeme zur Entscheidunterst\u00fctzung\". Die breitere Formulierung soll es dem Bundesrat erm\u00f6glichen, solche Systeme via Verordnungs\u00e4nderung nicht nur f\u00fcr Kinder, sondern auch f\u00fcr andere Bev\u00f6lkerungsgruppen zuzulassen. Parallel dazu verabschiedete der Nationalrat auch das Postulat 26.3001 der SGK-N, \"Arzneimittelsicherheit f\u00fcr Schwangere und Stillende verbessern\". Mit 103 zu 87 Stimmen bei 1 Enthaltung passte der Nationalrat zudem Absatz 1 so an, dass die Pflicht zur Verwendung von elektronischen Systemen zur Entscheidunterst\u00fctzung nicht nur f\u00fcr den Off-Label-Use gilt, sondern f\u00fcr den Einsatz aller Medikamente.</p>\n<p>Ihre Kommission stimmt der Verwendung des Ausdrucks \"elektronische Systeme zur Entscheidunterst\u00fctzung\" zu. Sie lehnt jedoch die \u00c4nderung von Absatz 1 ab, und dies einstimmig.</p>\n</pd_text>","MeetingCouncilAbbreviation":"S","MeetingDate":"20260611","MeetingVerbalixOid":4184,"IdSession":"5214","SpeakerFirstName":"Hannes","SpeakerLastName":"Germann","SpeakerFullName":"Germann Hannes","SpeakerFunction":"Mit-M","CouncilId":2,"CouncilName":"St\u00e4nderat","CantonId":14,"CantonName":"Schaffhausen","CantonAbbreviation":"SH","ParlGroupName":"Fraktion der Schweizerischen Volkspartei","ParlGroupAbbreviation":"V","SortOrder":35,"Start":"\/Date(1781171993945)\/","End":"\/Date(1781172072477)\/","Function":"*","DisplaySpeaker":true,"LanguageOfText":"DE","Modified":"\/Date(1784986796583)\/","StartTimeWithTimezone":"\/Date(1781171993947+0120)\/","EndTimeWithTimezone":"\/Date(1781172072477+0120)\/","VoteBusinessNumber":null,"VoteBusinessShortNumber":null,"VoteBusinessTitle":null},{"__metadata":{"id":"https://ws.parlament.ch/OData.svc/Transcript(ID=376555L,Language='DE')","uri":"https://ws.parlament.ch/OData.svc/Transcript(ID=376555L,Language='DE')","type":"itsystems.Pd.DataServices.DataModel.Transcript"},"Subjects":{"__deferred":{"uri":"https://ws.parlament.ch/OData.svc/Transcript(ID=376555L,Language='DE')/Subjects"}},"MembersCouncil":{"__deferred":{"uri":"https://ws.parlament.ch/OData.svc/Transcript(ID=376555L,Language='DE')/MembersCouncil"}},"Businesses":{"__deferred":{"uri":"https://ws.parlament.ch/OData.svc/Transcript(ID=376555L,Language='DE')/Businesses"}},"ID":"376555","Language":"DE","IdSubject":"71754","VoteId":null,"PersonNumber":4055,"Type":1,"Text":"<pd_text><p><b>Pr\u00e4sident</b> (Engler Stefan, Pr\u00e4sident): Die Frau Bundesr\u00e4tin verzichtet auf ein Votum.[GZ]</p>\n<p>[VS][GZ]</p>\n<p><i>Angenommen - Adopt\u00e9</i></p>\n<p>[VS]</p>\n<p><b>Art. 53 Titel, Abs. 2; 54 Abs. 5; 58 Abs.[NB]5</b>[GZ]</p>\n<p><i>Antrag der Kommission</i>[GZ]</p>\n<p>Zustimmung zum Beschluss des Nationalrates</p>\n<p>[VS]</p>\n<p><b>Art. 53 titre, al. 2[NB]; 54 al. 5[NB]; 58 al.[NB]5</b>[GZ]</p>\n<p><i>Proposition de la commission</i>[GZ]</p>\n<p>Adh\u00e9rer \u00e0 la d\u00e9cision du Conseil national[GZ]</p>\n<p>[VS][GZ]</p>\n<p><i>Angenommen - Adopt\u00e9</i></p>\n<p>[VS]</p>\n<p><b>Art. 59a </b>[GZ]</p>\n<p><i>Antrag der Kommission </i>[GZ]</p>\n<p><i>Abs. 1 </i>[GZ]</p>\n<p>Zustimmung zum Entwurf des Bundesrates</p>\n<p><i>Abs. 2</i>[GZ]</p>\n<p>Zustimmung zum Beschluss des Nationalrates</p>\n<p><i>Abs. 3 </i>[GZ]</p>\n<p>... betreffend die Aufzeichnung oder Ausnahmen von den Pflichten nach den Abs\u00e4tzen 1 und 2 vorsehen. Zudem kann er die F\u00fchrung von Registern f\u00fcr die systematische Erfassung der gemeldeten Wirksamkeits- und Sicherheitsdaten als verbindlich erkl\u00e4ren und die Pflicht nach Absatz 1 auf weitere Arzneimittel ausdehnen.</p>\n<p>[VS]</p>\n<p><b>Art. 59a </b>[GZ]</p>\n<p><i>Proposition de la commission </i>[GZ]</p>\n<p><i>Al. 1 </i>[GZ]</p>\n<p>Adh\u00e9rer au projet du Conseil f\u00e9d\u00e9ral</p>\n<p><i>Al. 2</i>[GZ]</p>\n<p>Adh\u00e9rer \u00e0 la d\u00e9cision du Conseil national</p>\n<p><i>Al. 3 </i>[GZ]</p>\n<p>... concernant l'enregistrement ou des exceptions aux obligations vis\u00e9es aux alin\u00e9as 1 et 2 compte tenu des derni\u00e8res connaissances scientifiques et techniques ainsi que des d\u00e9veloppements sur le plan international. Il peut \u00e9galement rendre obligatoire la tenue de registres destin\u00e9s \u00e0 la collecte syst\u00e9matique des donn\u00e9es d'efficacit\u00e9 et de s\u00e9curit\u00e9 notifi\u00e9es et \u00e9tendre l'application de l'obligation vis\u00e9e \u00e0 l'alin\u00e9a 1 \u00e0 d'autres cat\u00e9gories de m\u00e9dicaments.</p>\n<p>[VS]</p>\n<p><i>Abs. 1 - Al. 1 </i>[GZ]</p>\n</pd_text>","MeetingCouncilAbbreviation":"S","MeetingDate":"20260611","MeetingVerbalixOid":4184,"IdSession":"5214","SpeakerFirstName":"Stefan","SpeakerLastName":"Engler","SpeakerFullName":"Engler Stefan","SpeakerFunction":"P-M","CouncilId":2,"CouncilName":"St\u00e4nderat","CantonId":18,"CantonName":"Graub\u00fcnden","CantonAbbreviation":"GR","ParlGroupName":"Die Mitte-Fraktion. Die Mitte. EVP.","ParlGroupAbbreviation":"M-E","SortOrder":47,"Start":"\/Date(1781173322602)\/","End":"\/Date(1781173357170)\/","Function":"P-M","DisplaySpeaker":false,"LanguageOfText":null,"Modified":"\/Date(1784986796596)\/","StartTimeWithTimezone":"\/Date(1781173322603+0120)\/","EndTimeWithTimezone":"\/Date(1781173357170+0120)\/","VoteBusinessNumber":null,"VoteBusinessShortNumber":null,"VoteBusinessTitle":null},{"__metadata":{"id":"https://ws.parlament.ch/OData.svc/Transcript(ID=376558L,Language='DE')","uri":"https://ws.parlament.ch/OData.svc/Transcript(ID=376558L,Language='DE')","type":"itsystems.Pd.DataServices.DataModel.Transcript"},"Subjects":{"__deferred":{"uri":"https://ws.parlament.ch/OData.svc/Transcript(ID=376558L,Language='DE')/Subjects"}},"MembersCouncil":{"__deferred":{"uri":"https://ws.parlament.ch/OData.svc/Transcript(ID=376558L,Language='DE')/MembersCouncil"}},"Businesses":{"__deferred":{"uri":"https://ws.parlament.ch/OData.svc/Transcript(ID=376558L,Language='DE')/Businesses"}},"ID":"376558","Language":"DE","IdSubject":"71754","VoteId":null,"PersonNumber":4055,"Type":1,"Text":"<pd_text><p><b>Pr\u00e4sident</b> (Engler Stefan, Pr\u00e4sident): Die Frau Bundesr\u00e4tin verzichtet auf ein Votum.[GZ]</p>\n<p>[VS][GZ]</p>\n<p><i>Angenommen - Adopt\u00e9</i></p>\n<p>[VS]</p>\n<p><i>Abs. 3 - Al. 3 </i>[GZ]</p>\n</pd_text>","MeetingCouncilAbbreviation":"S","MeetingDate":"20260611","MeetingVerbalixOid":4184,"IdSession":"5214","SpeakerFirstName":"Stefan","SpeakerLastName":"Engler","SpeakerFullName":"Engler Stefan","SpeakerFunction":"P-M","CouncilId":2,"CouncilName":"St\u00e4nderat","CantonId":18,"CantonName":"Graub\u00fcnden","CantonAbbreviation":"GR","ParlGroupName":"Die Mitte-Fraktion. Die Mitte. EVP.","ParlGroupAbbreviation":"M-E","SortOrder":49,"Start":"\/Date(1781173422372)\/","End":"\/Date(1781173444260)\/","Function":"P-M","DisplaySpeaker":false,"LanguageOfText":null,"Modified":"\/Date(1784986796599)\/","StartTimeWithTimezone":"\/Date(1781173422373+0120)\/","EndTimeWithTimezone":"\/Date(1781173444260+0120)\/","VoteBusinessNumber":null,"VoteBusinessShortNumber":null,"VoteBusinessTitle":null},{"__metadata":{"id":"https://ws.parlament.ch/OData.svc/Transcript(ID=376564L,Language='DE')","uri":"https://ws.parlament.ch/OData.svc/Transcript(ID=376564L,Language='DE')","type":"itsystems.Pd.DataServices.DataModel.Transcript"},"Subjects":{"__deferred":{"uri":"https://ws.parlament.ch/OData.svc/Transcript(ID=376564L,Language='DE')/Subjects"}},"MembersCouncil":{"__deferred":{"uri":"https://ws.parlament.ch/OData.svc/Transcript(ID=376564L,Language='DE')/MembersCouncil"}},"Businesses":{"__deferred":{"uri":"https://ws.parlament.ch/OData.svc/Transcript(ID=376564L,Language='DE')/Businesses"}},"ID":"376564","Language":"DE","IdSubject":"71754","VoteId":null,"PersonNumber":4055,"Type":1,"Text":"<pd_text><p><b>Pr\u00e4sident</b> (Engler Stefan, Pr\u00e4sident): Die Frau Bundesr\u00e4tin verzichtet auf ein Votum.[GZ]</p>\n<p>[VS][GZ]</p>\n<p><i>Angenommen - Adopt\u00e9</i></p>\n<p>[VS]</p>\n<p><i>\u00dcbrige Bestimmungen angenommen </i>[GZ]</p>\n<p><i>Les autres dispositions sont adopt\u00e9es</i></p>\n<p>[VS]</p>\n<p><b>Art. 59b; 59c; 60 Abs. 2 Bst. d, 2bis; 62a Abs. 1 Bst. a Ziff.[NB]4</b>[GZ]</p>\n<p><i>Antrag der Kommission</i>[GZ]</p>\n<p>Zustimmung zum Beschluss des Nationalrates</p>\n<p>[VS]</p>\n<p><b>Art. 59b[NB]; 59c[NB]; 60 al. 2 let. d, 2bis[NB]; 62a al. 1 let. a ch.[NB]4</b>[GZ]</p>\n<p><i>Proposition de la commission</i>[GZ]</p>\n<p>Adh\u00e9rer \u00e0 la d\u00e9cision du Conseil national[GZ]</p>\n<p>[VS][GZ]</p>\n<p><i>Angenommen - Adopt\u00e9</i></p>\n<p>[VS]</p>\n<p><b>Art. 64h </b>[GZ]</p>\n<p><i>Antrag der Mehrheit </i>[GZ]</p>\n<p>Zustimmung zum Beschluss des Nationalrates</p>\n<p>[VS]</p>\n<p><i>Antrag der Minderheit </i>[GZ]</p>\n<p>(Hegglin Peter, Ettlin Erich, Friedli Esther, Germann)[GZ]</p>\n<p>Streichen</p>\n<p>[VS]</p>\n<p><b>Art. 64h </b>[GZ]</p>\n<p><i>Proposition de la majorit\u00e9 </i>[GZ]</p>\n<p>Adh\u00e9rer \u00e0 la d\u00e9cision du Conseil national</p>\n<p>[VS]</p>\n<p><i>Proposition de la minorit\u00e9 </i>[GZ]</p>\n<p>(Hegglin Peter, Ettlin Erich, Friedli Esther, Germann)[GZ]</p>\n<p>Biffer [GZ]</p>\n<p>[VS][GZ]</p>\n<p><i>Angenommen gem\u00e4ss Antrag der Minderheit </i>[GZ]</p>\n<p><i>Adopt\u00e9 selon la proposition de la minorit\u00e9</i></p>\n<p>[VS]</p>\n<p><b>Art. 67a </b>[GZ]</p>\n<p><i>Antrag der Kommission </i>[GZ]</p>\n<p><i>Abs. 1 </i>[GZ]</p>\n<p>Der Bund stellt zur Verbesserung der Sicherheit des Arzneimitteleinsatzes in der P\u00e4diatrie national harmonisierte Empfehlungen \u00fcber die Verschreibung, Abgabe und Anwendung von Arzneimitteln zur Verf\u00fcgung.</p>\n<p><i>Abs. 2 </i>[GZ]</p>\n<p>Zu diesem Zweck l\u00e4sst er eine Datenbank zur Sammlung, Harmonisierung, Auswertung und Ver\u00f6ffentlichung von Daten, welche die Verschreibung, Abgabe und Anwendung von Arzneimitteln betreffen, durch Dritte erstellen und betreiben. Die Datenbank darf keine Personendaten enthalten.</p>\n<p>[VS]</p>\n<p><b>Art. 67a </b>[GZ]</p>\n<p><i>Proposition de la commission </i>[GZ]</p>\n<p><i>Al. 1 </i>[GZ]</p>\n<p>... en p\u00e9diatrie, la Conf\u00e9d\u00e9ration met \u00e0 disposition des recommandations harmonis\u00e9es au niveau national concernant la prescription, la remise et l'administration de m\u00e9dicaments. [PAGE 549] </p>\n<p><i>Al. 2 </i>[GZ]</p>\n<p>\u00c0 cette fin, elle confie \u00e0 des tiers la cr\u00e9ation et l'exploitation d'une base de donn\u00e9es destin\u00e9e \u00e0 la collecte, l'harmonisation, l'\u00e9valuation et la publication de donn\u00e9es relatives \u00e0 la prescription, \u00e0 la remise et \u00e0 l'administration de m\u00e9dicaments. Cette banque[NB]... </p>\n</pd_text>","MeetingCouncilAbbreviation":"S","MeetingDate":"20260611","MeetingVerbalixOid":4184,"IdSession":"5214","SpeakerFirstName":"Stefan","SpeakerLastName":"Engler","SpeakerFullName":"Engler Stefan","SpeakerFunction":"P-M","CouncilId":2,"CouncilName":"St\u00e4nderat","CantonId":18,"CantonName":"Graub\u00fcnden","CantonAbbreviation":"GR","ParlGroupName":"Die Mitte-Fraktion. Die Mitte. EVP.","ParlGroupAbbreviation":"M-E","SortOrder":51,"Start":"\/Date(1781173451459)\/","End":"\/Date(1781173499865)\/","Function":"P-M","DisplaySpeaker":false,"LanguageOfText":null,"Modified":"\/Date(1784986796601)\/","StartTimeWithTimezone":"\/Date(1781173451460+0120)\/","EndTimeWithTimezone":"\/Date(1781173499867+0120)\/","VoteBusinessNumber":null,"VoteBusinessShortNumber":null,"VoteBusinessTitle":null},{"__metadata":{"id":"https://ws.parlament.ch/OData.svc/Transcript(ID=376565L,Language='DE')","uri":"https://ws.parlament.ch/OData.svc/Transcript(ID=376565L,Language='DE')","type":"itsystems.Pd.DataServices.DataModel.Transcript"},"Subjects":{"__deferred":{"uri":"https://ws.parlament.ch/OData.svc/Transcript(ID=376565L,Language='DE')/Subjects"}},"MembersCouncil":{"__deferred":{"uri":"https://ws.parlament.ch/OData.svc/Transcript(ID=376565L,Language='DE')/MembersCouncil"}},"Businesses":{"__deferred":{"uri":"https://ws.parlament.ch/OData.svc/Transcript(ID=376565L,Language='DE')/Businesses"}},"ID":"376565","Language":"DE","IdSubject":"71754","VoteId":null,"PersonNumber":825,"Type":1,"Text":"<pd_text><p>Die Kommission beantragt mit 11 zu 0 Stimmen bei 1 Enthaltung, Artikel 27 dahin gehend zu erg\u00e4nzen, dass der Versandhandel und der Hauslieferdienst f\u00fcr Medikamente gestattet werden. Sie erachtet diese Massnahme als wichtigen Schritt zur F\u00f6rderung der Digitalisierung des Medikationsprozesses. Derzeit ist der Versandhandel grunds\u00e4tzlich verboten, doch werden unter bestimmten Voraussetzungen und bei Vorlage eines \u00e4rztlichen Rezepts Ausnahmen genehmigt. Die generelle Erm\u00f6glichung des Versandhandels f\u00fcr nicht verschreibungspflichtige Arzneimittel ist ein Paradigmenwechsel, wie ich beim Eintreten bereits anget\u00f6nt habe.</p>\n<p>Die Kommission hat den Antrag am 4.[NB]Juni mit 8 zu 4 Stimmen bei 1 Enthaltung erg\u00e4nzt, mit dem Ziel, dass der Versandhandel auch f\u00fcr \u00c4rztinnen und \u00c4rzte mit Selbstdispensation m\u00f6glich sein soll. Die vorgeschlagene Erg\u00e4nzung von Artikel 27 Absatz 2 Buchstabe a schafft die notwendige Rechtssicherheit. Sie stellt klar, dass neben \u00f6ffentlichen Apotheken und Drogerien auch Arztpraxen und ambulante Institutionen mit entsprechender kantonaler Bewilligung von den neuen Bestimmungen erfasst sind. Praktisch relevant ist dies zum Beispiel f\u00fcr \u00c4rztinnen und \u00c4rzte mit Praxisapotheke.</p>\n<p>Patientinnen und Patienten in Alters- und Pflegeheimen in l\u00e4ndlichen Regionen werden in der Regel ebenfalls von solchen \u00c4rzten betreut. Heute k\u00f6nnen sie die ben\u00f6tigten [PAGE 546] Arzneimittel im Rahmen ihrer Abgabekompetenz direkt liefern und damit eine rasche und wohnortnahe Versorgung sicherstellen. Es w\u00e4re nun nicht nachvollziehbar, wenn diese Versorgungsm\u00f6glichkeit k\u00fcnftig eingeschr\u00e4nkt w\u00fcrde, w\u00e4hrend die M\u00f6glichkeiten f\u00fcr Apotheken und Drogerien erweitert w\u00fcrden.</p>\n<p>Mit dieser Erg\u00e4nzung stellen wir sicher, dass die bestehenden und bew\u00e4hrten Versorgungsstrukturen erhalten bleiben und die Patientinnen und Patienten insbesondere im l\u00e4ndlichen Raum mit geringer \u00c4rzte- und Apothekendichte auch in Zukunft zuverl\u00e4ssig versorgt werden k\u00f6nnen. Gleichzeitig gelten f\u00fcr alle Abgabestellen dieselben Qualit\u00e4ts- und Sicherheitsanforderungen.</p>\n<p>In diesem Sinne beantragt Ihre SGK mit 11 zu 0 Stimmen bei 1 Enthaltung, dass der Versandhandel und der Hauslieferdienst gestattet werden. Mit 8 zu 4 Stimmen spricht sich die Kommission zudem f\u00fcr die Gleichbehandlung der nach kantonalem Recht selbstdispensierenden \u00c4rzte aus. Ich bitte Sie, diesen Antr\u00e4gen zu folgen.</p>\n</pd_text>","MeetingCouncilAbbreviation":"S","MeetingDate":"20260611","MeetingVerbalixOid":4184,"IdSession":"5214","SpeakerFirstName":"Hannes","SpeakerLastName":"Germann","SpeakerFullName":"Germann Hannes","SpeakerFunction":"Mit-M","CouncilId":2,"CouncilName":"St\u00e4nderat","CantonId":14,"CantonName":"Schaffhausen","CantonAbbreviation":"SH","ParlGroupName":"Fraktion der Schweizerischen Volkspartei","ParlGroupAbbreviation":"V","SortOrder":37,"Start":"\/Date(1781172098965)\/","End":"\/Date(1781172275047)\/","Function":"*","DisplaySpeaker":true,"LanguageOfText":"DE","Modified":"\/Date(1784986796585)\/","StartTimeWithTimezone":"\/Date(1781172098967+0120)\/","EndTimeWithTimezone":"\/Date(1781172275047+0120)\/","VoteBusinessNumber":null,"VoteBusinessShortNumber":null,"VoteBusinessTitle":null},{"__metadata":{"id":"https://ws.parlament.ch/OData.svc/Transcript(ID=376567L,Language='DE')","uri":"https://ws.parlament.ch/OData.svc/Transcript(ID=376567L,Language='DE')","type":"itsystems.Pd.DataServices.DataModel.Transcript"},"Subjects":{"__deferred":{"uri":"https://ws.parlament.ch/OData.svc/Transcript(ID=376567L,Language='DE')/Subjects"}},"MembersCouncil":{"__deferred":{"uri":"https://ws.parlament.ch/OData.svc/Transcript(ID=376567L,Language='DE')/MembersCouncil"}},"Businesses":{"__deferred":{"uri":"https://ws.parlament.ch/OData.svc/Transcript(ID=376567L,Language='DE')/Businesses"}},"ID":"376567","Language":"DE","IdSubject":"71754","VoteId":null,"PersonNumber":825,"Type":1,"Text":"<pd_text><p>Mit Artikel 26abis beantragt die Kommission die Schaffung einer gesetzlichen Grundlage, mit der eine Kofinanzierung des Bundes erm\u00f6glicht werden kann. Heute darf der Bund die Marktl\u00f6sung nicht finanziell unterst\u00fctzen. Die Bundesverwaltung darf nur Subventionen in Form von Finanzhilfen oder Abgeltungen von Dritten gew\u00e4hren, wenn daf\u00fcr eine spezialgesetzliche Grundlage besteht. Die gesch\u00e4tzten Mehrkosten bewegen sich im Bereich eines mittleren einstelligen Millionenbetrages.</p>\n<p>Um die mit der Einf\u00fchrung des E-Rezepts und des elektronischen Medikationsplans verbundenen Kosten vor der Einf\u00fchrung des geplanten Gesundheitsdatenraums Schweiz zu reduzieren, beantragt die Kommission, eine begrenzte Kofinanzierungsm\u00f6glichkeit f\u00fcr marktgetriebene L\u00f6sungen gesetzlich zu verankern. Eine solche Kofinanzierung der marktgetriebenen Medikationsl\u00f6sung durch den Bund kann, gest\u00fctzt auf eine klare Rechtsgrundlage im Heilmittelrecht, sinnvoll sein, weil die fl\u00e4chendeckende Verf\u00fcgbarkeit interoperabler Dienste ein \u00f6ffentliches Gut mit hohen positiven Externalit\u00e4ten f\u00fcr Patientensicherheit, Versorgungsqualit\u00e4t und Kosteneffizienz darstellt. Der Antrag wurde in der Kommission mit 4 zu 3 Stimmen bei 6 Enthaltungen angenommen. Den vielen Enthaltungen entnehmen Sie, dass sich die Kommission in dieser Sache noch nicht ganz so sicher war. Da der Zweitrat die Erm\u00f6glichung einer Kofinanzierung f\u00fcr den Betrieb von elektronischen Systemen vertieft pr\u00fcfen kann, l\u00e4sst sich der Entscheid absolut verantworten.</p>\n<p>In diesem Sinne bitte ich Sie, ganz pragmatisch der Kommission zu folgen.</p>\n</pd_text>","MeetingCouncilAbbreviation":"S","MeetingDate":"20260611","MeetingVerbalixOid":4184,"IdSession":"5214","SpeakerFirstName":"Hannes","SpeakerLastName":"Germann","SpeakerFullName":"Germann Hannes","SpeakerFunction":"Mit-M","CouncilId":2,"CouncilName":"St\u00e4nderat","CantonId":14,"CantonName":"Schaffhausen","CantonAbbreviation":"SH","ParlGroupName":"Fraktion der Schweizerischen Volkspartei","ParlGroupAbbreviation":"V","SortOrder":31,"Start":"\/Date(1781171327329)\/","End":"\/Date(1781171448263)\/","Function":"*","DisplaySpeaker":true,"LanguageOfText":"DE","Modified":"\/Date(1784986796577)\/","StartTimeWithTimezone":"\/Date(1781171327330+0120)\/","EndTimeWithTimezone":"\/Date(1781171448263+0120)\/","VoteBusinessNumber":null,"VoteBusinessShortNumber":null,"VoteBusinessTitle":null},{"__metadata":{"id":"https://ws.parlament.ch/OData.svc/Transcript(ID=376572L,Language='DE')","uri":"https://ws.parlament.ch/OData.svc/Transcript(ID=376572L,Language='DE')","type":"itsystems.Pd.DataServices.DataModel.Transcript"},"Subjects":{"__deferred":{"uri":"https://ws.parlament.ch/OData.svc/Transcript(ID=376572L,Language='DE')/Subjects"}},"MembersCouncil":{"__deferred":{"uri":"https://ws.parlament.ch/OData.svc/Transcript(ID=376572L,Language='DE')/MembersCouncil"}},"Businesses":{"__deferred":{"uri":"https://ws.parlament.ch/OData.svc/Transcript(ID=376572L,Language='DE')/Businesses"}},"ID":"376572","Language":"DE","IdSubject":"71754","VoteId":null,"PersonNumber":3871,"Type":1,"Text":"<pd_text><p>Ich m\u00f6chte die Kommission jetzt etwas in Schutz nehmen. Es ist zwar etwas schnell gegangen mit diesem Antrag, aber wir haben einfach festgestellt - und ich argumentiere jetzt im Gegensatz zu Frau Kollegin Wasserfallen aus dem Blickwinkel eines Kantons mit Selbstdispensation -, dass man die selbstdispensierende \u00c4rzteschaft hier einfach vergessen hat. Ich habe nichts dagegen, dass man das im Zweitrat noch einmal anschaut und eine saubere Abgrenzung macht. Aber es besteht die Gefahr, dass die selbstdispensierenden \u00c4rzte in den Kantonen, die Selbstdispensation zulassen, namentlich im Heimbereich oder im l\u00e4ndlichen Bereich, eben dann den K\u00fcrzeren ziehen, und das w\u00e4re gar nicht im Sinne der Selbstversorgung. Wenn Sie wissen, wie schwierig es heute ist, Haus\u00e4rztinnen und Haus\u00e4rzte oder Kinder\u00e4rztinnen und Kinder\u00e4rzte zu finden, namentlich auf dem Land, dann sollten Sie ihnen nicht noch zus\u00e4tzliche Pr\u00fcgel zwischen die Beine werfen. Aber der Zweitrat wird das sicher noch genauer anschauen, und dann kommen wir auch noch einmal darauf zur\u00fcck.</p>\n</pd_text>","MeetingCouncilAbbreviation":"S","MeetingDate":"20260611","MeetingVerbalixOid":4184,"IdSession":"5214","SpeakerFirstName":"Pirmin","SpeakerLastName":"Bischof","SpeakerFullName":"Bischof Pirmin","SpeakerFunction":"Mit-M","CouncilId":2,"CouncilName":"St\u00e4nderat","CantonId":11,"CantonName":"Solothurn","CantonAbbreviation":"SO","ParlGroupName":"Die Mitte-Fraktion. Die Mitte. EVP.","ParlGroupAbbreviation":"M-E","SortOrder":40,"Start":"\/Date(1781172646830)\/","End":"\/Date(1781172725809)\/","Function":"Mit-M","DisplaySpeaker":true,"LanguageOfText":"DE","Modified":"\/Date(1784986796589)\/","StartTimeWithTimezone":"\/Date(1781172646830+0120)\/","EndTimeWithTimezone":"\/Date(1781172725810+0120)\/","VoteBusinessNumber":null,"VoteBusinessShortNumber":null,"VoteBusinessTitle":null},{"__metadata":{"id":"https://ws.parlament.ch/OData.svc/Transcript(ID=376576L,Language='DE')","uri":"https://ws.parlament.ch/OData.svc/Transcript(ID=376576L,Language='DE')","type":"itsystems.Pd.DataServices.DataModel.Transcript"},"Subjects":{"__deferred":{"uri":"https://ws.parlament.ch/OData.svc/Transcript(ID=376576L,Language='DE')/Subjects"}},"MembersCouncil":{"__deferred":{"uri":"https://ws.parlament.ch/OData.svc/Transcript(ID=376576L,Language='DE')/MembersCouncil"}},"Businesses":{"__deferred":{"uri":"https://ws.parlament.ch/OData.svc/Transcript(ID=376576L,Language='DE')/Businesses"}},"ID":"376576","Language":"DE","IdSubject":"71754","VoteId":null,"PersonNumber":825,"Type":1,"Text":"<pd_text><p>Der Nationalrat hat bei Artikel 59a Abs\u00e4tze 1 und 3 folgende \u00c4nderungen beschlossen: Erstens wird dem Bundesrat in Absatz 1 die Kompetenz erteilt, die Pflicht zur systematischen Nachbeobachtung auf weitere Arzneimittel auszudehnen. Zweitens wird in Absatz 3 pr\u00e4zisiert, dass der Bundesrat das F\u00fchren von Registern, also die Dokumentation von Behandlungs- und Sicherheitsdaten, als verbindlich erkl\u00e4ren kann.</p>\n<p>Der Antrag Ihrer Kommission sieht wie folgt aus: Die Registerf\u00fchrungspflicht wird aufgenommen, ebenso die M\u00f6glichkeit, die Pflicht zur Nachbeobachtung auf weitere Arzneimittel auszudehnen. Die M\u00f6glichkeit, Ausnahmen f\u00fcr die Nachbeobachtungspflicht vorzusehen, wird aber beibehalten; dies ist ohne Gegenantrag so entschieden worden. [GZ]</p>\n<p>Ich bitte Sie, der Kommission zu folgen.</p>\n</pd_text>","MeetingCouncilAbbreviation":"S","MeetingDate":"20260611","MeetingVerbalixOid":4184,"IdSession":"5214","SpeakerFirstName":"Hannes","SpeakerLastName":"Germann","SpeakerFullName":"Germann Hannes","SpeakerFunction":"Mit-M","CouncilId":2,"CouncilName":"St\u00e4nderat","CantonId":14,"CantonName":"Schaffhausen","CantonAbbreviation":"SH","ParlGroupName":"Fraktion der Schweizerischen Volkspartei","ParlGroupAbbreviation":"V","SortOrder":48,"Start":"\/Date(1781173357170)\/","End":"\/Date(1781173422372)\/","Function":"*","DisplaySpeaker":true,"LanguageOfText":"DE","Modified":"\/Date(1784986796597)\/","StartTimeWithTimezone":"\/Date(1781173357170+0120)\/","EndTimeWithTimezone":"\/Date(1781173422373+0120)\/","VoteBusinessNumber":null,"VoteBusinessShortNumber":null,"VoteBusinessTitle":null},{"__metadata":{"id":"https://ws.parlament.ch/OData.svc/Transcript(ID=376578L,Language='DE')","uri":"https://ws.parlament.ch/OData.svc/Transcript(ID=376578L,Language='DE')","type":"itsystems.Pd.DataServices.DataModel.Transcript"},"Subjects":{"__deferred":{"uri":"https://ws.parlament.ch/OData.svc/Transcript(ID=376578L,Language='DE')/Subjects"}},"MembersCouncil":{"__deferred":{"uri":"https://ws.parlament.ch/OData.svc/Transcript(ID=376578L,Language='DE')/MembersCouncil"}},"Businesses":{"__deferred":{"uri":"https://ws.parlament.ch/OData.svc/Transcript(ID=376578L,Language='DE')/Businesses"}},"ID":"376578","Language":"DE","IdSubject":"71754","VoteId":null,"PersonNumber":825,"Type":1,"Text":"<pd_text><p>Ich habe hier nichts mehr anzuf\u00fcgen. </p>\n</pd_text>","MeetingCouncilAbbreviation":"S","MeetingDate":"20260611","MeetingVerbalixOid":4184,"IdSession":"5214","SpeakerFirstName":"Hannes","SpeakerLastName":"Germann","SpeakerFullName":"Germann Hannes","SpeakerFunction":"Mit-M","CouncilId":2,"CouncilName":"St\u00e4nderat","CantonId":14,"CantonName":"Schaffhausen","CantonAbbreviation":"SH","ParlGroupName":"Fraktion der Schweizerischen Volkspartei","ParlGroupAbbreviation":"V","SortOrder":50,"Start":"\/Date(1781173444260)\/","End":"\/Date(1781173451459)\/","Function":"*","DisplaySpeaker":true,"LanguageOfText":"DE","Modified":"\/Date(1784986796600)\/","StartTimeWithTimezone":"\/Date(1781173444260+0120)\/","EndTimeWithTimezone":"\/Date(1781173451460+0120)\/","VoteBusinessNumber":null,"VoteBusinessShortNumber":null,"VoteBusinessTitle":null},{"__metadata":{"id":"https://ws.parlament.ch/OData.svc/Transcript(ID=376582L,Language='DE')","uri":"https://ws.parlament.ch/OData.svc/Transcript(ID=376582L,Language='DE')","type":"itsystems.Pd.DataServices.DataModel.Transcript"},"Subjects":{"__deferred":{"uri":"https://ws.parlament.ch/OData.svc/Transcript(ID=376582L,Language='DE')/Subjects"}},"MembersCouncil":{"__deferred":{"uri":"https://ws.parlament.ch/OData.svc/Transcript(ID=376582L,Language='DE')/MembersCouncil"}},"Businesses":{"__deferred":{"uri":"https://ws.parlament.ch/OData.svc/Transcript(ID=376582L,Language='DE')/Businesses"}},"ID":"376582","Language":"DE","IdSubject":"71754","VoteId":null,"PersonNumber":4055,"Type":1,"Text":"<pd_text><p><b>Pr\u00e4sident</b> (Engler Stefan, Pr\u00e4sident): Die Frau Bundesr\u00e4tin verzichtet auf ein Votum. [GZ]</p>\n<p>[VS][GZ]</p>\n<p><i>Angenommen - Adopt\u00e9</i></p>\n<p>[VS]</p>\n<p><b>Art. 69 Abs. 1bis; 77 Abs. 2 Bst. a; 80 Abs. 2 Bst. b; Gliederungstitel vor Art. 81a; Art. 81a Abs. 1, 2, 3 Einleitung; Gliederungstitel vor Art. 86; Art. 86; 86a-86j; 87 Abs. 1 Bst. abis, ater, f, i; 88; Gliederungstitel vor Art. 90; Ziff. II; III</b>[GZ]</p>\n<p><i>Antrag der Kommission</i>[GZ]</p>\n<p>Zustimmung zum Beschluss des Nationalrates</p>\n<p>[VS]</p>\n<p><b>Art. 69 al. 1bis[NB]; 77 al. 2 let. a[NB]; 80 al. 2 let. b[NB]; titre pr\u00e9c\u00e9dant l'art. 81a[NB]; art. 81a al. 1, 2, 3 introduction[NB]; titre pr\u00e9c\u00e9dant l'art. 86[NB]; art. 86[NB]; 86a-86j[NB]; 87 al. 1 let. abis, ater, f, i[NB]; 88[NB]; titre pr\u00e9c\u00e9dant l'art. 90[NB]; ch. II[NB]; III </b>[GZ]</p>\n<p><i>Proposition de la commission</i>[GZ]</p>\n<p>Adh\u00e9rer \u00e0 la d\u00e9cision du Conseil national[GZ]</p>\n<p>[VS][GZ]</p>\n<p><i>Angenommen - Adopt\u00e9</i></p>\n<p>[VS]</p>\n<p>[VS]</p>\n<p><b>\u00c4nderung anderer Erlasse</b>[GZ]</p>\n<p><b>Modification d'autres actes</b>[GZ]</p>\n<p>[VS][GZ]</p>\n<p><b>Ziff. 1 0 </b>[GZ]</p>\n<p><i>Antrag der Kommission</i>[GZ]</p>\n<p><i>Titel </i>[GZ]</p>\n<p>1 0.[NB]Produktehaftpflichtgesetz (PrHG) vom 18.[NB]Juni 1993</p>\n<p><i>Art. 5 Abs. 1bis</i>[GZ]</p>\n<p>... Gewebe oder Zellen, die zur Transplantation auf den Menschen bestimmt sind, sowie daraus hergestellte Arzneimittel f\u00fcr neuartige Therapien nach Artikel 4 Absatz 1 Buchstabe aundecies Ziffer 3 des Heilmittelgesetzes vom 15.[NB]Dezember 2000.</p>\n<p>[VS]</p>\n<p><b>Ch. 1 0 </b>[GZ]</p>\n<p><i>Proposition de la commission</i>[GZ]</p>\n<p><i>Titre </i>[GZ]</p>\n<p>1 0.[NB]Loi f\u00e9d\u00e9rale du 18 juin 1993 sur la responsabilit\u00e9 du fait des produits (LRFP)</p>\n<p><i>Art. 5 al. 1bis </i>[GZ]</p>\n<p>... ainsi qu'aux m\u00e9dicaments de th\u00e9rapie innovante issus de ceux-ci au sens de l'article 4 alin\u00e9a 1 lettre aundecies chiffre 3 de la loi du 15 d\u00e9cembre 2000 sur les produits th\u00e9rapeutiques.</p>\n</pd_text>","MeetingCouncilAbbreviation":"S","MeetingDate":"20260611","MeetingVerbalixOid":4184,"IdSession":"5214","SpeakerFirstName":"Stefan","SpeakerLastName":"Engler","SpeakerFullName":"Engler Stefan","SpeakerFunction":"P-M","CouncilId":2,"CouncilName":"St\u00e4nderat","CantonId":18,"CantonName":"Graub\u00fcnden","CantonAbbreviation":"GR","ParlGroupName":"Die Mitte-Fraktion. Die Mitte. EVP.","ParlGroupAbbreviation":"M-E","SortOrder":53,"Start":"\/Date(1781173609925)\/","End":"\/Date(1781173711300)\/","Function":"P-M","DisplaySpeaker":false,"LanguageOfText":null,"Modified":"\/Date(1784986796603)\/","StartTimeWithTimezone":"\/Date(1781173609927+0120)\/","EndTimeWithTimezone":"\/Date(1781173711300+0120)\/","VoteBusinessNumber":null,"VoteBusinessShortNumber":null,"VoteBusinessTitle":null},{"__metadata":{"id":"https://ws.parlament.ch/OData.svc/Transcript(ID=376589L,Language='DE')","uri":"https://ws.parlament.ch/OData.svc/Transcript(ID=376589L,Language='DE')","type":"itsystems.Pd.DataServices.DataModel.Transcript"},"Subjects":{"__deferred":{"uri":"https://ws.parlament.ch/OData.svc/Transcript(ID=376589L,Language='DE')/Subjects"}},"MembersCouncil":{"__deferred":{"uri":"https://ws.parlament.ch/OData.svc/Transcript(ID=376589L,Language='DE')/MembersCouncil"}},"Businesses":{"__deferred":{"uri":"https://ws.parlament.ch/OData.svc/Transcript(ID=376589L,Language='DE')/Businesses"}},"ID":"376589","Language":"DE","IdSubject":"71754","VoteId":null,"PersonNumber":4206,"Type":1,"Text":"<pd_text><p>Frau Wasserfallen hat es gut zusammengefasst. Wir haben hier keinen Minderheitsantrag, aber die Beratung hat auch mir ein bisschen Bauchschmerzen bereitet. Ich m\u00f6chte einfach den Punkt betonen, den Frau Wasserfallen angesprochen hat: Erm\u00f6glicht man den Haus\u00e4rzten den Versandhandel, muss man wirklich ber\u00fccksichtigen, dass es vielleicht Regionen gibt, in denen das nicht m\u00f6glich ist. Frau Wasserfallen hat ein Beispiel erw\u00e4hnt. Schickt der Obwaldner Hausarzt, der selbst dispensieren kann, einem Genfer Medikamente, w\u00e4hrend der Genfer Hausarzt das nicht tun kann, ist das irgendwie st\u00f6rend. Also, macht man es so, m\u00fcsste man die Regel einf\u00fchren, dass der selbstdispensierende Arzt, der Versandhandel machen darf, nicht in Kantone versenden kann, die dieses Modell nicht zulassen. Das m\u00fcsste man eingrenzen; aber es ist ja quasi ein Auftrag an die Schwesterkommission.</p>\n</pd_text>","MeetingCouncilAbbreviation":"S","MeetingDate":"20260611","MeetingVerbalixOid":4184,"IdSession":"5214","SpeakerFirstName":"Erich","SpeakerLastName":"Ettlin","SpeakerFullName":"Ettlin Erich","SpeakerFunction":"Mit-M","CouncilId":2,"CouncilName":"St\u00e4nderat","CantonId":6,"CantonName":"Obwalden","CantonAbbreviation":"OW","ParlGroupName":"Die Mitte-Fraktion. Die Mitte. EVP.","ParlGroupAbbreviation":"M-E","SortOrder":39,"Start":"\/Date(1781172588528)\/","End":"\/Date(1781172645004)\/","Function":"Mit-M","DisplaySpeaker":true,"LanguageOfText":"DE","Modified":"\/Date(1784986796588)\/","StartTimeWithTimezone":"\/Date(1781172588527+0120)\/","EndTimeWithTimezone":"\/Date(1781172645003+0120)\/","VoteBusinessNumber":null,"VoteBusinessShortNumber":null,"VoteBusinessTitle":null},{"__metadata":{"id":"https://ws.parlament.ch/OData.svc/Transcript(ID=376590L,Language='DE')","uri":"https://ws.parlament.ch/OData.svc/Transcript(ID=376590L,Language='DE')","type":"itsystems.Pd.DataServices.DataModel.Transcript"},"Subjects":{"__deferred":{"uri":"https://ws.parlament.ch/OData.svc/Transcript(ID=376590L,Language='DE')/Subjects"}},"MembersCouncil":{"__deferred":{"uri":"https://ws.parlament.ch/OData.svc/Transcript(ID=376590L,Language='DE')/MembersCouncil"}},"Businesses":{"__deferred":{"uri":"https://ws.parlament.ch/OData.svc/Transcript(ID=376590L,Language='DE')/Businesses"}},"ID":"376590","Language":"DE","IdSubject":"71754","VoteId":null,"PersonNumber":4055,"Type":1,"Text":"<pd_text><p><b>Pr\u00e4sident</b> (Engler Stefan, Pr\u00e4sident): Die Frau Bundesr\u00e4tin verzichtet auf ein Votum.[GZ]</p>\n<p>[VS][GZ]</p>\n<p><i>Angenommen - Adopt\u00e9</i></p>\n<p>[VS]</p>\n<p><b>Ziff. 1-3 </b>[GZ]</p>\n<p><i>Antrag der Kommission</i>[GZ]</p>\n<p>Zustimmung zum Beschluss des Nationalrates</p>\n<p>[VS]</p>\n<p><b>Ch. 1-3 </b>[GZ]</p>\n<p><i>Proposition de la commission</i>[GZ]</p>\n<p>Adh\u00e9rer \u00e0 la d\u00e9cision du Conseil national[GZ]</p>\n<p>[VS][GZ]</p>\n<p><i>Angenommen - Adopt\u00e9</i></p>\n<p>[VS]</p>\n</pd_text>","MeetingCouncilAbbreviation":"S","MeetingDate":"20260611","MeetingVerbalixOid":4184,"IdSession":"5214","SpeakerFirstName":"Stefan","SpeakerLastName":"Engler","SpeakerFullName":"Engler Stefan","SpeakerFunction":"P-M","CouncilId":2,"CouncilName":"St\u00e4nderat","CantonId":18,"CantonName":"Graub\u00fcnden","CantonAbbreviation":"GR","ParlGroupName":"Die Mitte-Fraktion. Die Mitte. EVP.","ParlGroupAbbreviation":"M-E","SortOrder":55,"Start":"\/Date(1781173759189)\/","End":"\/Date(1781173855685)\/","Function":"P-M","DisplaySpeaker":false,"LanguageOfText":null,"Modified":"\/Date(1784986796605)\/","StartTimeWithTimezone":"\/Date(1781173759190+0120)\/","EndTimeWithTimezone":"\/Date(1781173855687+0120)\/","VoteBusinessNumber":null,"VoteBusinessShortNumber":null,"VoteBusinessTitle":null},{"__metadata":{"id":"https://ws.parlament.ch/OData.svc/Transcript(ID=376592L,Language='DE')","uri":"https://ws.parlament.ch/OData.svc/Transcript(ID=376592L,Language='DE')","type":"itsystems.Pd.DataServices.DataModel.Transcript"},"Subjects":{"__deferred":{"uri":"https://ws.parlament.ch/OData.svc/Transcript(ID=376592L,Language='DE')/Subjects"}},"MembersCouncil":{"__deferred":{"uri":"https://ws.parlament.ch/OData.svc/Transcript(ID=376592L,Language='DE')/MembersCouncil"}},"Businesses":{"__deferred":{"uri":"https://ws.parlament.ch/OData.svc/Transcript(ID=376592L,Language='DE')/Businesses"}},"ID":"376592","Language":"DE","IdSubject":"71754","VoteId":null,"PersonNumber":825,"Type":1,"Text":"<pd_text><p>Die Kommission beantragt Ihnen mit 6 zu 0 Stimmen bei 1 Enthaltung, Absatz 2 zu streichen, damit die R\u00fcckverfolgbarkeitspflichten bei neuartigen Tierarzneimitteln f\u00fcr die praktizierende Tier\u00e4rzteschaft leichter erf\u00fcllt werden k\u00f6nnen. Es geht nach Ansicht der SGK-S darum, eine Ausweitung der B\u00fcrokratie wo immer m\u00f6glich zu verhindern. Wir folgen damit einer Empfehlung der Tier\u00e4rzteschaft, die einen riesigen Aufwand bef\u00fcrchtet und kaum einen Nutzen darin sieht. Gerade [PAGE 548] im Heimtierbereich werden nach wie vor viele nicht registrierte Tiere gehalten, etwa Katzen, Schildkr\u00f6ten, Meerschweinchen usw. </p>\n<p>F\u00fcr die Veterin\u00e4rmedizin gibt es kein zentralisiertes Identifikationssystem. Trotzdem werden inzwischen viele Tiere registriert. Die Tier\u00e4rzte f\u00fchren Krankengeschichten \u00fcber ihre Patienten, und es besteht heute schon eine Aufzeichnungspflicht f\u00fcr konventionelle Arzneimittel. So besteht f\u00fcr einen Veterin\u00e4r, der einem Pferd einen Wirkstoff verabreicht, eine Aufzeichnungspflicht. </p>\n<p>Gem\u00e4ss Verwaltung ist die Streichung der vorgesehenen Bestimmung insofern zu verantworten, als sie nur f\u00fcr die Arzneimittel f\u00fcr neuartige Therapien (ATMP) gilt und nicht etwa f\u00fcr die Mainstream-Produkte. Darum k\u00f6nnen Sie sich hier guten Gewissens der Kommission anschliessen.</p>\n</pd_text>","MeetingCouncilAbbreviation":"S","MeetingDate":"20260611","MeetingVerbalixOid":4184,"IdSession":"5214","SpeakerFirstName":"Hannes","SpeakerLastName":"Germann","SpeakerFullName":"Germann Hannes","SpeakerFunction":"Mit-M","CouncilId":2,"CouncilName":"St\u00e4nderat","CantonId":14,"CantonName":"Schaffhausen","CantonAbbreviation":"SH","ParlGroupName":"Fraktion der Schweizerischen Volkspartei","ParlGroupAbbreviation":"V","SortOrder":46,"Start":"\/Date(1781173222387)\/","End":"\/Date(1781173322602)\/","Function":"*","DisplaySpeaker":true,"LanguageOfText":"DE","Modified":"\/Date(1784986796595)\/","StartTimeWithTimezone":"\/Date(1781173222387+0120)\/","EndTimeWithTimezone":"\/Date(1781173322603+0120)\/","VoteBusinessNumber":null,"VoteBusinessShortNumber":null,"VoteBusinessTitle":null},{"__metadata":{"id":"https://ws.parlament.ch/OData.svc/Transcript(ID=376593L,Language='DE')","uri":"https://ws.parlament.ch/OData.svc/Transcript(ID=376593L,Language='DE')","type":"itsystems.Pd.DataServices.DataModel.Transcript"},"Subjects":{"__deferred":{"uri":"https://ws.parlament.ch/OData.svc/Transcript(ID=376593L,Language='DE')/Subjects"}},"MembersCouncil":{"__deferred":{"uri":"https://ws.parlament.ch/OData.svc/Transcript(ID=376593L,Language='DE')/MembersCouncil"}},"Businesses":{"__deferred":{"uri":"https://ws.parlament.ch/OData.svc/Transcript(ID=376593L,Language='DE')/Businesses"}},"ID":"376593","Language":"DE","IdSubject":"71754","VoteId":null,"PersonNumber":825,"Type":1,"Text":"<pd_text><p>Ja, Kollegin Wasserfallen, Sie haben recht. Ich habe hier wirklich versucht, das etwas abzuk\u00fcrzen. Aber die Diskussion hat in der Kommission schon stattgefunden. Auch die Bedenken wurden ge\u00e4ussert, die jetzt erneut aufgetaucht sind. Sie sind berechtigt, und der Zweitrat kann diese noch einmal anschauen. </p>\n<p>Einfach zur Klarstellung: Eine Versandhandelsbewilligung soll weiterhin an eine Abgabebewilligung gekoppelt bleiben. Die Apotheken und Drogerien brauchen eine Bewilligung zum Verkauf dieser Medikamente, die \u00c4rzte brauchen die kantonale Erlaubnis zum [PAGE 547] F\u00fchren einer \u00e4rztlichen Privatapotheke, was, wie gesagt, unterschiedlich gehandhabt wird. Ich wiederhole: Die \u00c4rzte brauchen die kantonale Erlaubnis zum F\u00fchren einer \u00e4rztlichen Privatapotheke. Nicht abgabeberechtigte \u00c4rzte geben ja nur im Sinne einer Erstabgabe oder einer Notfallabgabe Arzneimittel ab. Die Ausweitung ist also auch dadurch eingeschr\u00e4nkt.</p>\n<p>Die Regelung in Artikel 27 Abs\u00e4tze 1 und 2 betrifft sowohl rezeptpflichtige als auch nicht rezeptpflichtige Arzneimittel. In Absatz 2 Buchstabe b heisst es, dass man bei rezeptpflichtigen Medikamenten die Anforderungen an ein Rezept einhalten muss. Das ist nat\u00fcrlich auch an die Abgabekompetenzen gekoppelt. </p>\n<p>Die Verwaltung hat uns gesagt, dass auch in Zukunft eine \"marge de manoeuvre\" \u00fcber die Kantonsgrenzen hinweg bestehen wird, und das ist jetzt wichtig, auch wenn das eher Ausnahmef\u00e4lle sind. Es ist nicht verboten und w\u00fcrde auch nicht den Prinzipien der Binnenmarktgesetzgebung widersprechen, wenn eine Apotheke oder eine Arztpraxis in einer Grenzregion bei bestehendem Kundenkontakt Hauslieferdienste in einen anderen Kanton anbietet, also z.[NB]B. bei uns von Schaffhausen nach Feuerthalen im Kanton Z\u00fcrich oder umgekehrt. Das ist absolut kein Problem. Das ist heute m\u00f6glich, und so soll es auch in Zukunft bleiben. </p>\n<p>Herr Bischof hat recht: Wir wollten hier einfach die selbstdispensierenden \u00c4rztinnen und \u00c4rzte, die gerade auf dem Land eine wichtige Rolle haben, nicht diskriminieren. Darum ging es. Alles andere kann man selbstverst\u00e4ndlich noch anschauen, und die entsprechenden Abgrenzungen wird man gewiss finden, auch wenn das nicht ganz einfach ist.</p>\n<p>Im Grundsatz ist die Kommission f\u00fcr diese Erweiterung respektive Gleichstellung der selbstdispensierenden \u00c4rzte.</p>\n</pd_text>","MeetingCouncilAbbreviation":"S","MeetingDate":"20260611","MeetingVerbalixOid":4184,"IdSession":"5214","SpeakerFirstName":"Hannes","SpeakerLastName":"Germann","SpeakerFullName":"Germann Hannes","SpeakerFunction":"Mit-M","CouncilId":2,"CouncilName":"St\u00e4nderat","CantonId":14,"CantonName":"Schaffhausen","CantonAbbreviation":"SH","ParlGroupName":"Fraktion der Schweizerischen Volkspartei","ParlGroupAbbreviation":"V","SortOrder":41,"Start":"\/Date(1781172729730)\/","End":"\/Date(1781172903066)\/","Function":"*","DisplaySpeaker":true,"LanguageOfText":"DE","Modified":"\/Date(1784986796590)\/","StartTimeWithTimezone":"\/Date(1781172729730+0120)\/","EndTimeWithTimezone":"\/Date(1781172903067+0120)\/","VoteBusinessNumber":null,"VoteBusinessShortNumber":null,"VoteBusinessTitle":null},{"__metadata":{"id":"https://ws.parlament.ch/OData.svc/Transcript(ID=376599L,Language='DE')","uri":"https://ws.parlament.ch/OData.svc/Transcript(ID=376599L,Language='DE')","type":"itsystems.Pd.DataServices.DataModel.Transcript"},"Subjects":{"__deferred":{"uri":"https://ws.parlament.ch/OData.svc/Transcript(ID=376599L,Language='DE')/Subjects"}},"MembersCouncil":{"__deferred":{"uri":"https://ws.parlament.ch/OData.svc/Transcript(ID=376599L,Language='DE')/MembersCouncil"}},"Businesses":{"__deferred":{"uri":"https://ws.parlament.ch/OData.svc/Transcript(ID=376599L,Language='DE')/Businesses"}},"ID":"376599","Language":"DE","IdSubject":"71754","VoteId":null,"PersonNumber":825,"Type":1,"Text":"<pd_text><p>Hier beantragt die Kommission auf Hinweis der Verwaltung einstimmig eine redaktionelle Anpassung. Diese Regelung muss im Rahmen der vorliegenden Revision angepasst werden, da die Kategorie der Transplantatprodukte im Transplantationsgesetz aufgehoben wird. Neu muss sich die Bestimmung auf Arzneimittel f\u00fcr neuartige Therapien (ATMP) gem\u00e4ss Artikel 4 Absatz 1 Buchstabe aundecies Ziffer 3 HMG beziehen. Damit w\u00e4re auch diese Formalit\u00e4t abgeschlossen.</p>\n<p>Zu den weiteren Bestimmungen, Herr Pr\u00e4sident, werde ich mich nicht mehr \u00e4ussern.</p>\n</pd_text>","MeetingCouncilAbbreviation":"S","MeetingDate":"20260611","MeetingVerbalixOid":4184,"IdSession":"5214","SpeakerFirstName":"Hannes","SpeakerLastName":"Germann","SpeakerFullName":"Germann Hannes","SpeakerFunction":"Mit-M","CouncilId":2,"CouncilName":"St\u00e4nderat","CantonId":14,"CantonName":"Schaffhausen","CantonAbbreviation":"SH","ParlGroupName":"Fraktion der Schweizerischen Volkspartei","ParlGroupAbbreviation":"V","SortOrder":54,"Start":"\/Date(1781173711300)\/","End":"\/Date(1781173759189)\/","Function":"*","DisplaySpeaker":true,"LanguageOfText":"DE","Modified":"\/Date(1784986796604)\/","StartTimeWithTimezone":"\/Date(1781173711300+0120)\/","EndTimeWithTimezone":"\/Date(1781173759190+0120)\/","VoteBusinessNumber":null,"VoteBusinessShortNumber":null,"VoteBusinessTitle":null},{"__metadata":{"id":"https://ws.parlament.ch/OData.svc/Transcript(ID=376600L,Language='DE')","uri":"https://ws.parlament.ch/OData.svc/Transcript(ID=376600L,Language='DE')","type":"itsystems.Pd.DataServices.DataModel.Transcript"},"Subjects":{"__deferred":{"uri":"https://ws.parlament.ch/OData.svc/Transcript(ID=376600L,Language='DE')/Subjects"}},"MembersCouncil":{"__deferred":{"uri":"https://ws.parlament.ch/OData.svc/Transcript(ID=376600L,Language='DE')/MembersCouncil"}},"Businesses":{"__deferred":{"uri":"https://ws.parlament.ch/OData.svc/Transcript(ID=376600L,Language='DE')/Businesses"}},"ID":"376600","Language":"DE","IdSubject":"71754","VoteId":null,"PersonNumber":4055,"Type":1,"Text":"<pd_text><p>[VS]</p>\n<p><i>Abschreibung - Classement </i>[GZ]</p>\n<p>[VS][GZ]</p>\n<p><i>Antrag des Bundesrates </i>[GZ]</p>\n<p>Abschreiben der parlamentarischen Vorst\u00f6sse [GZ]</p>\n<p>gem\u00e4ss Brief an die eidgen\u00f6ssischen R\u00e4te (BBl 2025 3017)</p>\n<p><i>Proposition du Conseil f\u00e9d\u00e9ral </i>[GZ]</p>\n<p>Classer les interventions parlementaires [GZ]</p>\n<p>selon lettre aux Chambres f\u00e9d\u00e9rales (FF 2025 3017)[GZ]</p>\n<p>[VS][GZ]</p>\n<p><i>Angenommen - Adopt\u00e9</i></p>\n<p>[VS]</p>\n<p><b>Pr\u00e4sident</b> (Engler Stefan, Pr\u00e4sident): Das Gesch\u00e4ft geht zur\u00fcck an den Nationalrat. [PAGE 550] </p>\n</pd_text>","MeetingCouncilAbbreviation":"S","MeetingDate":"20260611","MeetingVerbalixOid":4184,"IdSession":"5214","SpeakerFirstName":"Stefan","SpeakerLastName":"Engler","SpeakerFullName":"Engler Stefan","SpeakerFunction":"P-M","CouncilId":2,"CouncilName":"St\u00e4nderat","CantonId":18,"CantonName":"Graub\u00fcnden","CantonAbbreviation":"GR","ParlGroupName":"Die Mitte-Fraktion. Die Mitte. EVP.","ParlGroupAbbreviation":"M-E","SortOrder":57,"Start":"\/Date(1781173855685)\/","End":"\/Date(1781173966332)\/","Function":"P-M","DisplaySpeaker":false,"LanguageOfText":null,"Modified":"\/Date(1784986796609)\/","StartTimeWithTimezone":"\/Date(1781173855687+0120)\/","EndTimeWithTimezone":"\/Date(1781173966333+0120)\/","VoteBusinessNumber":null,"VoteBusinessShortNumber":null,"VoteBusinessTitle":null},{"__metadata":{"id":"https://ws.parlament.ch/OData.svc/Transcript(ID=376603L,Language='DE')","uri":"https://ws.parlament.ch/OData.svc/Transcript(ID=376603L,Language='DE')","type":"itsystems.Pd.DataServices.DataModel.Transcript"},"Subjects":{"__deferred":{"uri":"https://ws.parlament.ch/OData.svc/Transcript(ID=376603L,Language='DE')/Subjects"}},"MembersCouncil":{"__deferred":{"uri":"https://ws.parlament.ch/OData.svc/Transcript(ID=376603L,Language='DE')/MembersCouncil"}},"Businesses":{"__deferred":{"uri":"https://ws.parlament.ch/OData.svc/Transcript(ID=376603L,Language='DE')/Businesses"}},"ID":"376603","Language":"DE","IdSubject":"71754","VoteId":null,"PersonNumber":825,"Type":1,"Text":"<pd_text><p>Ihre Kommission spricht sich bei Artikel 67a statt f\u00fcr eine Kann-Formulierung, wie es der Bundesrat tut, f\u00fcr einen verpflichtenden und klaren Auftrag aus. Es geht um eine verbindliche Gesetzesgrundlage f\u00fcr den Betrieb einer Datenbank mit harmonisierten Dosierungsempfehlungen f\u00fcr die P\u00e4diatrie durch[NB]den[NB]Bund.[NB]Ziel ist die Weiterf\u00fchrung der Finanzierung von Swisspeddose.</p>\n<p>In Absatz 1 heisst es: \"Der Bund stellt zur Verbesserung der Sicherheit des Arzneimitteleinsatzes in der P\u00e4diatrie national harmonisierte Empfehlungen \u00fcber die Verschreibung, Abgabe und Anwendung von Arzneimitteln zur Verf\u00fcgung.\" In Absatz 2 heisst es nicht: \"Der Bund kann zu diesem Zweck eine Datenbank durch Dritte erstellen und betreiben lassen\", sondern: \"Zu diesem Zweck l\u00e4sst er eine Datenbank zur Sammlung, Harmonisierung, Auswertung und Ver\u00f6ffentlichung von Daten, welche die Verschreibung, Abgabe und Anwendung von Arzneimitteln betreffen, durch Dritte erstellen und betreiben. Die Datenbank darf keine Personendaten enthalten.\" Letzteres hat auch der Bundesrat so festgehalten.</p>\n<p>Wir haben hier ein Preisschild erhalten, es geht um 500[NB]000 Franken j\u00e4hrlich. Das ist, gemessen am erwarteten Nutzen einer Weiterf\u00fchrung von Swisspeddose im Bereich der P\u00e4diatrie, absolut vertretbar, sinnvoll und eine gute Sache. Darum ist der Antrag auch einstimmig angenommen worden.</p>\n<p>Ich ersuche Sie, auch hier der SGK-S zu folgen.</p>\n</pd_text>","MeetingCouncilAbbreviation":"S","MeetingDate":"20260611","MeetingVerbalixOid":4184,"IdSession":"5214","SpeakerFirstName":"Hannes","SpeakerLastName":"Germann","SpeakerFullName":"Germann Hannes","SpeakerFunction":"Mit-M","CouncilId":2,"CouncilName":"St\u00e4nderat","CantonId":14,"CantonName":"Schaffhausen","CantonAbbreviation":"SH","ParlGroupName":"Fraktion der Schweizerischen Volkspartei","ParlGroupAbbreviation":"V","SortOrder":52,"Start":"\/Date(1781173499865)\/","End":"\/Date(1781173609925)\/","Function":"*","DisplaySpeaker":true,"LanguageOfText":"DE","Modified":"\/Date(1784986796602)\/","StartTimeWithTimezone":"\/Date(1781173499867+0120)\/","EndTimeWithTimezone":"\/Date(1781173609927+0120)\/","VoteBusinessNumber":null,"VoteBusinessShortNumber":null,"VoteBusinessTitle":null},{"__metadata":{"id":"https://ws.parlament.ch/OData.svc/Transcript(ID=376618L,Language='DE')","uri":"https://ws.parlament.ch/OData.svc/Transcript(ID=376618L,Language='DE')","type":"itsystems.Pd.DataServices.DataModel.Transcript"},"Subjects":{"__deferred":{"uri":"https://ws.parlament.ch/OData.svc/Transcript(ID=376618L,Language='DE')/Subjects"}},"MembersCouncil":{"__deferred":{"uri":"https://ws.parlament.ch/OData.svc/Transcript(ID=376618L,Language='DE')/MembersCouncil"}},"Businesses":{"__deferred":{"uri":"https://ws.parlament.ch/OData.svc/Transcript(ID=376618L,Language='DE')/Businesses"}},"ID":"376618","Language":"DE","IdSubject":"71754","VoteId":null,"PersonNumber":4224,"Type":1,"Text":"<pd_text><p>Auch wenn es zu diesem Artikel keine Minderheit gibt, war das Abstimmungsresultat in Ihrer Kommission doch etwas un\u00fcblich. Deshalb erlaube ich mir, noch ein paar Erg\u00e4nzungen zu den Ausf\u00fchrungen des Kommissionssprechers zu machen.</p>\n<p>Wir haben beim Eintreten geh\u00f6rt, dass diese Revision wirklich ein wichtiger Schritt zur Weiterentwicklung unseres Gesundheitssystems und zur F\u00f6rderung der dringend ben\u00f6tigten Digitalisierung im Gesundheitswesen ist. Wir haben im Parlament in den letzten Jahren selber einige Motionen auf den Weg geschickt, welche die Verwendung von elektronischen Rezepten und die Einf\u00fchrung eines elektronischen Medikationsplans fordern. Wir haben diese beiden M\u00f6glichkeiten, E-Rezept und E-Medikationsplan, jetzt in den vorangehenden Artikeln eingef\u00fcgt. Warum ist es so wichtig und so sinnvoll? </p>\n<p>Medikationsfehler treten nach wie vor h\u00e4ufig auf - wir wissen das -, insbesondere bei Patientinnen und Patienten mit Polymedikation bzw. chronischen Erkrankungen. Fehler in der Medikation verursachen viel Leid, und sie verursachen enorme Kosten. Es gibt dazu eine Hochrechnung f\u00fcr die Schweiz: Aufgrund von Medikationsfehlern und anderen vermeidbaren medikationsbezogenen Sch\u00e4den werden gesch\u00e4tzte Kosten in der Gr\u00f6ssenordnung von rund 1 Milliarde Franken pro Jahr ausgel\u00f6st. Mit E-Medikationspl\u00e4nen haben wir ausserdem Grundlagen, die es erlauben, die Medikation zu \u00fcberpr\u00fcfen, allenfalls zu reduzieren und unwirksame Therapien zu identifizieren.</p>\n<p>Welche technischen L\u00f6sungen und Anforderungen f\u00fcr die Umsetzung der E-Rezepte und insbesondere der E-Medikation gibt es? Es ist ja ein System, das von verschiedenen Seiten her abgerufen und gespeist werden k\u00f6nnen muss. Auf die Frage, wie das technisch gel\u00f6st werden soll, haben wir in der Kommission an einer ersten Sitzung die Antwort erhalten, dass das insbesondere mit der Umsetzung des Swiss Health Data Space im Rahmen von Digisant\u00e9 und mit dem[NB]neuen[NB]elektronischen Gesundheitsdossier geschehen soll. Diese Antworten haben uns nicht wirklich befriedigt, und zwar aus dem Grund, dass beides, Swiss HDS und E-GD, noch nicht parat ist. Wir wissen sogar, dass sich aufgrund von K\u00fcrzungsentscheiden unserer R\u00e4te die Realisierung, insbesondere jene des Swiss HDS, noch verz\u00f6gern wird. Deshalb haben wir an einer zweiten Sitzung der Verwaltung ausf\u00fchrliche Fragen gestellt. Die Antworten waren, gelinde gesagt, ern\u00fcchternd. Wir mussten feststellen, dass bei beiden Anwendungen, E-Rezept und E-Medikation, der Digitalisierungsgrad tief ist. Es bestehen stark fragmentierte L\u00f6sungen und L\u00f6sungen, die nicht interoperabel sind.</p>\n<p>Weiter stellten wir fest, dass es schon private Anbieter von national verf\u00fcgbaren L\u00f6sungen gibt. Diese Anbieter haben in erheblichem Masse finanzielle Vorleistungen erbracht. Wir mussten auch feststellen, dass sich damit bislang kein tragf\u00e4higes Gesch\u00e4ftsmodell realisieren liess. Deshalb haben wir in einer dritten Runde - wir haben uns dreimal mit diesen Fragen auseinandergesetzt - die Verwaltung gebeten, einen Formulierungsvorschlag f\u00fcr eine \u00dcbergangsl\u00f6sung auszuarbeiten. Diese \u00dcbergangsl\u00f6sung finden Sie in Artikel 26abis auf Seite 35 der deutschen Fahne. Deren Formulierung folgt der Logik, dass sie sp\u00e4ter reibungslos in die Zielarchitektur mit E-GD und Swiss HDS integriert werden kann. Wir machen jetzt nicht etwas anderes, das dann nicht integriert werden kann und abgeschaltet werden muss. Es wird vielmehr sp\u00e4ter integriert und erlaubt uns eben, E-Rezepte und E-Medikationspl\u00e4ne einzuf\u00fchren, wie wir das mit der Revision wollen. Ich bezeichne es eigentlich eher als teilweises Vorziehen eines Digisant\u00e9-Projekts.</p>\n<p>Die \u00dcbergangsl\u00f6sung sieht vor, Rahmenbedingungen f\u00fcr die Zielarchitektur zu schaffen; das wird dann auf Verordnungsstufe konkretisiert werden m\u00fcssen. Unter anderem geht es darum, die Interoperabilit\u00e4tsstandards sowie Austauschformate, Betrieb, Datenablage und -Governance, Signatur- und Authentifizierungsl\u00f6sungen f\u00fcr Leistungserbringer festzulegen.</p>\n<p>Ich bin \u00fcberzeugt, dass diese \u00dcbergangsl\u00f6sung ein wichtiger Schritt in Richtung eines fl\u00e4chendeckenden elektronischen Medikationsprozesses ist. Wir brauchen eine Kofinanzierung der marktgetriebenen Medikationsl\u00f6sungen, und es ist auch wichtig, dass wir die gesetzliche Grundlage daf\u00fcr schaffen. Man k\u00f6nnte einfach lapidar sagen: F\u00fcr Digisant\u00e9 ist ja viel Geld vorhanden, die sollen f\u00fcr diese Kofinanzierung doch einfach Mittel von Digisant\u00e9 verwenden. Das ist aber nicht m\u00f6glich, denn wir haben f\u00fcr Digisant\u00e9 einen Verpflichtungskredit gesprochen, und dieses Geld kann nicht einfach an Private herausgegeben werden; daf\u00fcr braucht es eine gesetzliche Grundlage. </p>\n<p>Wir haben uns nat\u00fcrlich auch \u00fcber die Kosten informiert. Von wie viel Geld sprechen wir da? Es wurde f\u00fcr uns eine Sch\u00e4tzung vorgenommen, in Abstimmung mit der IG E-Mediplan, der FMH und Pharmasuisse. Demnach gehen wir f\u00fcr diese \u00dcbergangsphase von Kosten zwischen 10 und 12 Millionen Franken aus. Das heisst, wenn wir eine h\u00e4lftige Kofinanzierung des Bundes vorsehen, dann sprechen wir von einem mittleren einstelligen Millionenbetrag f\u00fcr den Zeitraum bis ungef\u00e4hr 2032. </p>\n<p>Wir stimmen nicht ab, es gibt keine Minderheit, aber ich bitte Sie, unsere \u00dcberlegungen nachzuvollziehen, und ich bitte auch die Schwesterkommission, diesen Punkt noch einmal zu vertiefen. Ich denke, es ist ein wichtiges Element, damit diese beiden L\u00f6sungen, E-Medikation und E-Rezepte, zum Fliegen kommen.</p>\n</pd_text>","MeetingCouncilAbbreviation":"S","MeetingDate":"20260611","MeetingVerbalixOid":4184,"IdSession":"5214","SpeakerFirstName":"Flavia","SpeakerLastName":"Wasserfallen","SpeakerFullName":"Wasserfallen Flavia","SpeakerFunction":"Mit-F","CouncilId":2,"CouncilName":"St\u00e4nderat","CantonId":2,"CantonName":"Bern","CantonAbbreviation":"BE","ParlGroupName":"Sozialdemokratische Fraktion","ParlGroupAbbreviation":"S","SortOrder":32,"Start":"\/Date(1781171452572)\/","End":"\/Date(1781171857826)\/","Function":"Mit-F","DisplaySpeaker":true,"LanguageOfText":"DE","Modified":"\/Date(1784986796580)\/","StartTimeWithTimezone":"\/Date(1781171452573+0120)\/","EndTimeWithTimezone":"\/Date(1781171857827+0120)\/","VoteBusinessNumber":null,"VoteBusinessShortNumber":null,"VoteBusinessTitle":null},{"__metadata":{"id":"https://ws.parlament.ch/OData.svc/Transcript(ID=376627L,Language='DE')","uri":"https://ws.parlament.ch/OData.svc/Transcript(ID=376627L,Language='DE')","type":"itsystems.Pd.DataServices.DataModel.Transcript"},"Subjects":{"__deferred":{"uri":"https://ws.parlament.ch/OData.svc/Transcript(ID=376627L,Language='DE')/Subjects"}},"MembersCouncil":{"__deferred":{"uri":"https://ws.parlament.ch/OData.svc/Transcript(ID=376627L,Language='DE')/MembersCouncil"}},"Businesses":{"__deferred":{"uri":"https://ws.parlament.ch/OData.svc/Transcript(ID=376627L,Language='DE')/Businesses"}},"ID":"376627","Language":"DE","IdSubject":"71754","VoteId":null,"PersonNumber":4224,"Type":1,"Text":"<pd_text><p>Sie haben beim Eintreten auch vom Kommissionssprecher und von Kollege Hegglin geh\u00f6rt, dass die grunds\u00e4tzliche Bereitschaft Ihrer Kommission, hier einen Paradigmenwechsel zu vollziehen, sehr gross und unbestritten war. Wir wollen weg von der bisherigen Regelung, mit der Versandhandel grunds\u00e4tzlich untersagt ist, hin zur Regelung, dass Versandhandel mit kantonaler Bewilligung unter entsprechenden Voraussetzungen erm\u00f6glicht wird. Der Beschluss, diese M\u00f6glichkeit vorzuziehen und in die Revision 3a aufzunehmen, war breit getragen. Wir haben diesen Schritt auch gemacht, denke ich, weil wir sehen, dass es dazu bereits eine Regulierungsfolgenabsch\u00e4tzung gibt und dass es eine breit abgest\u00fctzte Grundhaltung dazu gibt. </p>\n<p>Trotzdem m\u00f6chte ich noch ein paar Bemerkungen zur gew\u00e4hlten Formulierung machen, wie wir sie jetzt auf der Fahne haben. Es gibt zwar keinen Minderheitsantrag dazu, aber es gibt eine grosse Differenz zwischen den Beschl\u00fcssen der beiden R\u00e4te und daher wiederum die M\u00f6glichkeit, die Formulierung noch zu \u00fcberarbeiten. Ich denke, sie ist noch nicht perfekt, sie ist m\u00f6glicherweise noch nicht das Gelbe vom Ei. Unser Kommissionspr\u00e4sident hatte es etwas eilig bei der Behandlung dieses Gesch\u00e4ftes. Das respektiere ich, weil wir eine hohe Gesch\u00e4ftslast haben, aber hier haben wir wahrscheinlich noch nicht die perfekte Formulierung gefunden.</p>\n<p>Was gilt es aus meiner Sicht noch zu sch\u00e4rfen? Erstens braucht es in diesem Artikel eine saubere Regulierung - wer darf das machen? - und eine Abgrenzung zwischen Versandhandel und Haus- bzw. Nachlieferdienst. Diese sind heute schon m\u00f6glich und sollen neu nicht mehr bewilligungspflichtig sein. Haus- bzw. Nachlieferdienste sollen als eigenst\u00e4ndiges Modell fortgef\u00fchrt werden, als ein Modell, das klar definiert und, das ist logisch, auch lokal eingeschr\u00e4nkt ist. Der Hauslieferdienst soll nur von Fachpersonen ausgef\u00fchrt werden und an den Fachpersonen bekannte Personen erfolgen.</p>\n<p>Zweitens ist in diesem Artikel jetzt noch eine Differenz zu den \u00c4rztinnen und \u00c4rzten mit Selbstdispensation eingef\u00fcgt worden. In der Schweiz haben wir ein sehr spezielles System, das international eigentlich sonst keine Anwendung findet und aus guten Gr\u00fcnden auch abgelehnt wird. Wir haben in der Schweiz, auch aufgrund der Topografie und aufgrund des F\u00f6deralismus, bei der Frage, ob \u00c4rztinnen und \u00c4rzte, die selber Arzneimittel verschreiben, auch noch Arzneimittel abgeben, unterschiedliche Modelle. In der Romandie gibt es praktisch keine \u00c4rztinnen und \u00c4rzte, die Selbstdispensation ausf\u00fchren d\u00fcrfen. In meinem Kanton, im Kanton Bern, gibt es ein Mischmodell, das eben auch lokale Gegebenheiten ber\u00fccksichtigt, etwa ob man sich irgendwo weit draussen in der Peripherie befindet und ob es keine Apotheke in der N\u00e4he gibt. In anderen Deutschschweizer Kantonen ist die Selbstdispensation allen \u00c4rztinnen und \u00c4rzten m\u00f6glich.</p>\n<p>Wenn wir nun mit diesem Artikel hier einf\u00fchren, dass \u00c4rztinnen und \u00c4rzte mit Selbstdispensation Versandhandel aus\u00fcben d\u00fcrfen, und wir sie praktisch mit Apotheken gleichstellen, die dann diese Bewilligung auch erhalten, dann er\u00f6ffnen wir nat\u00fcrlich ein ganz neues Feld. Das k\u00f6nnte dann praktisch heissen, dass ein Arzt mit Selbstdispensation in Basel-Landschaft auch eine Patientin in Genf beliefern k\u00f6nnte. Ein solcher Handel von Basel-Landschaft nach Genf w\u00e4re aber wahrscheinlich nicht das, was hier gemeint ist.</p>\n<p>Also ich bin der Meinung, dass Haus- und Nachlieferdienste bei den \u00c4rztinnen und \u00c4rzten m\u00f6glich sein sollen; das ist ein eigenst\u00e4ndiges Modell. Aber das mit dem Versandhandel geht mir pers\u00f6nlich zu weit. Ich bin wirklich der Meinung, dass die Schwesterkommission oder der Schwesterrat noch einmal gut anschauen soll, was diese Ausweitung der M\u00f6glichkeit bedeuten w\u00fcrde - auch in Bezug auf die Regulierungsfolgenabsch\u00e4tzung - und was die Auswirkungen w\u00e4ren. Ich bin der Meinung, dass wir da noch nicht die richtige Formulierung und Auspr\u00e4gung gew\u00e4hlt haben.</p>\n<p>Was die SGK-N auch noch einbeziehen k\u00f6nnte, sind Vernehmlassungsantworten. Die Vernehmlassung zur Revision 3b, welche diesen Versandhandel regulieren m\u00f6chte, wird n\u00e4mlich bald er\u00f6ffnet. Das g\u00e4be die M\u00f6glichkeit, wenn das gew\u00fcnscht wird, den Zeitplan so zu w\u00e4hlen, dass eben auch bereits Vernehmlassungsantworten zu diesem Punkt einbezogen werden k\u00f6nnten. Ich denke, das w\u00e4re wahrscheinlich auch noch eine wertvolle Bereicherung dieser Diskussion und der endg\u00fcltigen Formulierung, wie wir sie hier in diese Revision aufnehmen wollen.</p>\n</pd_text>","MeetingCouncilAbbreviation":"S","MeetingDate":"20260611","MeetingVerbalixOid":4184,"IdSession":"5214","SpeakerFirstName":"Flavia","SpeakerLastName":"Wasserfallen","SpeakerFullName":"Wasserfallen Flavia","SpeakerFunction":"Mit-F","CouncilId":2,"CouncilName":"St\u00e4nderat","CantonId":2,"CantonName":"Bern","CantonAbbreviation":"BE","ParlGroupName":"Sozialdemokratische Fraktion","ParlGroupAbbreviation":"S","SortOrder":38,"Start":"\/Date(1781172278280)\/","End":"\/Date(1781172587571)\/","Function":"Mit-F","DisplaySpeaker":true,"LanguageOfText":"DE","Modified":"\/Date(1784986796586)\/","StartTimeWithTimezone":"\/Date(1781172278280+0120)\/","EndTimeWithTimezone":"\/Date(1781172587570+0120)\/","VoteBusinessNumber":null,"VoteBusinessShortNumber":null,"VoteBusinessTitle":null}]},"ID":"71754","Language":"DE","IdMeeting":"5241","VerbalixOid":804130,"SortOrder":2,"Modified":"\/Date(1784986796521)\/"}}