{"d":{"__metadata":{"id":"https://ws.parlament.ch/OData.svc/Subject(ID=71772L,Language='FR')","uri":"https://ws.parlament.ch/OData.svc/Subject(ID=71772L,Language='FR')","type":"itsystems.Pd.DataServices.DataModel.Subject"},"Meetings":{"__metadata":{"id":"https://ws.parlament.ch/OData.svc/Meeting(ID=5240L,Language='FR')","uri":"https://ws.parlament.ch/OData.svc/Meeting(ID=5240L,Language='FR')","type":"itsystems.Pd.DataServices.DataModel.Meeting"},"Sessions":{"__deferred":{"uri":"https://ws.parlament.ch/OData.svc/Meeting(ID=5240L,Language='FR')/Sessions"}},"Subjects":{"__deferred":{"uri":"https://ws.parlament.ch/OData.svc/Meeting(ID=5240L,Language='FR')/Subjects"}},"ID":"5240","Language":"FR","MeetingNumber":9,"IdSession":5214,"SessionNumber":14,"SessionName":"Session d'\u00e9t\u00e9 2026","Council":1,"CouncilName":"Conseil national","CouncilAbbreviation":"CN","Date":"\/Date(1781136000000)\/","Begin":"0800","Modified":"\/Date(1784634895350)\/","LegislativePeriodNumber":52,"PublicationStatus":"final","MeetingOrderText":"Neuvi\u00e8me s\u00e9ance","SortOrder":9,"Location":"N"},"SubjectsBusiness":{"results":[{"__metadata":{"id":"https://ws.parlament.ch/OData.svc/SubjectBusiness(BusinessNumber=20254470,IdSubject=71772L,Language='FR')","uri":"https://ws.parlament.ch/OData.svc/SubjectBusiness(BusinessNumber=20254470,IdSubject=71772L,Language='FR')","type":"itsystems.Pd.DataServices.DataModel.SubjectBusiness"},"Subjects":{"__deferred":{"uri":"https://ws.parlament.ch/OData.svc/SubjectBusiness(BusinessNumber=20254470,IdSubject=71772L,Language='FR')/Subjects"}},"Businesses":{"__deferred":{"uri":"https://ws.parlament.ch/OData.svc/SubjectBusiness(BusinessNumber=20254470,IdSubject=71772L,Language='FR')/Businesses"}},"IdSubject":"71772","BusinessNumber":20254470,"Language":"FR","BusinessShortNumber":"25.4470","Title":"Mettre un terme au terrorisme d'extr\u00eame gauche. Interdire enfin le mouvement Antifa !","SortOrder":4,"PublishedNotes":null,"Modified":"\/Date(1767884266000)\/","TitleDE":"Postulat Glarner Andreas.\nDen linksextremen Terror stoppen.\nAntifa jetzt endlich verbieten!","TitleFR":"Postulat Glarner Andreas.\nMettre un terme au terrorisme\nd'extr\u00eame gauche. Interdire\nenfin le mouvement Antifa !","TitleIT":null},{"__metadata":{"id":"https://ws.parlament.ch/OData.svc/SubjectBusiness(BusinessNumber=20254498,IdSubject=71772L,Language='FR')","uri":"https://ws.parlament.ch/OData.svc/SubjectBusiness(BusinessNumber=20254498,IdSubject=71772L,Language='FR')","type":"itsystems.Pd.DataServices.DataModel.SubjectBusiness"},"Subjects":{"__deferred":{"uri":"https://ws.parlament.ch/OData.svc/SubjectBusiness(BusinessNumber=20254498,IdSubject=71772L,Language='FR')/Subjects"}},"Businesses":{"__deferred":{"uri":"https://ws.parlament.ch/OData.svc/SubjectBusiness(BusinessNumber=20254498,IdSubject=71772L,Language='FR')/Businesses"}},"IdSubject":"71772","BusinessNumber":20254498,"Language":"FR","BusinessShortNumber":"25.4498","Title":"Lutter r\u00e9solument contre les extr\u00e9mismes subversifs et violents","SortOrder":2,"PublishedNotes":null,"Modified":"\/Date(1768482627050)\/","TitleDE":"Motion Vontobel Erich.\nKonsequentes Vorgehen\ngegen staatsfeindliche\nund gewaltbereite Extremismen","TitleFR":"Motion Vontobel Erich.\nLutter r\u00e9solument\ncontre les extr\u00e9mismes\nsubversifs et violents","TitleIT":null},{"__metadata":{"id":"https://ws.parlament.ch/OData.svc/SubjectBusiness(BusinessNumber=20254602,IdSubject=71772L,Language='FR')","uri":"https://ws.parlament.ch/OData.svc/SubjectBusiness(BusinessNumber=20254602,IdSubject=71772L,Language='FR')","type":"itsystems.Pd.DataServices.DataModel.SubjectBusiness"},"Subjects":{"__deferred":{"uri":"https://ws.parlament.ch/OData.svc/SubjectBusiness(BusinessNumber=20254602,IdSubject=71772L,Language='FR')/Subjects"}},"Businesses":{"__deferred":{"uri":"https://ws.parlament.ch/OData.svc/SubjectBusiness(BusinessNumber=20254602,IdSubject=71772L,Language='FR')/Businesses"}},"IdSubject":"71772","BusinessNumber":20254602,"Language":"FR","BusinessShortNumber":"25.4602","Title":"Interdire les mouvements antifas","SortOrder":3,"PublishedNotes":null,"Modified":"\/Date(1768987134463)\/","TitleDE":"Motion Quadri Lorenzo.\nVerbot der Antifa-Bewegungen","TitleFR":"Motion Quadri Lorenzo.\nInterdire les mouvements antifas","TitleIT":"Mozione Quadri Lorenzo.\nVietare i movimenti \"Antifa\""},{"__metadata":{"id":"https://ws.parlament.ch/OData.svc/SubjectBusiness(BusinessNumber=20254724,IdSubject=71772L,Language='FR')","uri":"https://ws.parlament.ch/OData.svc/SubjectBusiness(BusinessNumber=20254724,IdSubject=71772L,Language='FR')","type":"itsystems.Pd.DataServices.DataModel.SubjectBusiness"},"Subjects":{"__deferred":{"uri":"https://ws.parlament.ch/OData.svc/SubjectBusiness(BusinessNumber=20254724,IdSubject=71772L,Language='FR')/Subjects"}},"Businesses":{"__deferred":{"uri":"https://ws.parlament.ch/OData.svc/SubjectBusiness(BusinessNumber=20254724,IdSubject=71772L,Language='FR')/Businesses"}},"IdSubject":"71772","BusinessNumber":20254724,"Language":"FR","BusinessShortNumber":"25.4724","Title":"Interdire le mouvement antifa","SortOrder":1,"PublishedNotes":null,"Modified":"\/Date(1769068667650)\/","TitleDE":"Motion Burgherr Thomas.\nAntifa verbieten","TitleFR":"Motion Burgherr Thomas.\nInterdire le mouvement antifa","TitleIT":null}]},"Transcripts":{"results":[{"__metadata":{"id":"https://ws.parlament.ch/OData.svc/Transcript(ID=376630L,Language='FR')","uri":"https://ws.parlament.ch/OData.svc/Transcript(ID=376630L,Language='FR')","type":"itsystems.Pd.DataServices.DataModel.Transcript"},"Subjects":{"__deferred":{"uri":"https://ws.parlament.ch/OData.svc/Transcript(ID=376630L,Language='FR')/Subjects"}},"MembersCouncil":{"__deferred":{"uri":"https://ws.parlament.ch/OData.svc/Transcript(ID=376630L,Language='FR')/MembersCouncil"}},"Businesses":{"__deferred":{"uri":"https://ws.parlament.ch/OData.svc/Transcript(ID=376630L,Language='FR')/Businesses"}},"ID":"376630","Language":"FR","IdSubject":"71772","VoteId":null,"PersonNumber":4169,"Type":1,"Text":"<pd_text><p><i>Ordnungsantrag Riniker</i>[GZ]</p>\n<p>Zuweisung der Motionen 25.4724, 25.4498, 25.4602 und des Postulates 25.4470 an die zust\u00e4ndige Kommission zur Vorpr\u00fcfung</p>\n<p>[VS]</p>\n<p><i>Motion d'ordre Riniker</i>[GZ]</p>\n<p>Transmettre les motions 25.4724, 25.4498, 25.4602 et le postulat 25.4470 \u00e0 la commission comp\u00e9tente pour examen pr\u00e9alable</p>\n</pd_text>","MeetingCouncilAbbreviation":"N","MeetingDate":"20260611","MeetingVerbalixOid":4183,"IdSession":"5214","SpeakerFirstName":"Pierre-Andr\u00e9","SpeakerLastName":"Page","SpeakerFullName":"Page Pierre-Andr\u00e9","SpeakerFunction":"P-M","CouncilId":1,"CouncilName":"Conseil national","CantonId":10,"CantonName":"Fribourg","CantonAbbreviation":"FR","ParlGroupName":"Groupe de l'Union d\u00e9mocratique du Centre","ParlGroupAbbreviation":"V","SortOrder":1,"Start":"\/Date(1781177806934)\/","End":"\/Date(1781177823039)\/","Function":"P-M","DisplaySpeaker":false,"LanguageOfText":null,"Modified":"\/Date(1788447516450)\/","StartTimeWithTimezone":"\/Date(1781177806933+0120)\/","EndTimeWithTimezone":"\/Date(1781177823040+0120)\/","VoteBusinessNumber":null,"VoteBusinessShortNumber":null,"VoteBusinessTitle":null},{"__metadata":{"id":"https://ws.parlament.ch/OData.svc/Transcript(ID=376639L,Language='FR')","uri":"https://ws.parlament.ch/OData.svc/Transcript(ID=376639L,Language='FR')","type":"itsystems.Pd.DataServices.DataModel.Transcript"},"Subjects":{"__deferred":{"uri":"https://ws.parlament.ch/OData.svc/Transcript(ID=376639L,Language='FR')/Subjects"}},"MembersCouncil":{"__deferred":{"uri":"https://ws.parlament.ch/OData.svc/Transcript(ID=376639L,Language='FR')/MembersCouncil"}},"Businesses":{"__deferred":{"uri":"https://ws.parlament.ch/OData.svc/Transcript(ID=376639L,Language='FR')/Businesses"}},"ID":"376639","Language":"FR","IdSubject":"71772","VoteId":"32617","PersonNumber":null,"Type":2,"Text":"<pd_text><p><b>25.4724, 25.4470</b>[GZ]</p>\n<p>[VS][GZ]</p>\n<p><i>Abstimmung - Vote </i>[GZ]</p>\n<p>[NAM][GZ]</p>\n<p>F\u00fcr den Ordnungsantrag Riniker ... 120 Stimmen[GZ]</p>\n<p>Dagegen ... 63 Stimmen[GZ]</p>\n<p>(3 Enthaltungen)</p>\n<p>[VS]</p>\n</pd_text>","MeetingCouncilAbbreviation":"N","MeetingDate":"20260611","MeetingVerbalixOid":4183,"IdSession":"5214","SpeakerFirstName":null,"SpeakerLastName":null,"SpeakerFullName":"","SpeakerFunction":null,"CouncilId":null,"CouncilName":null,"CantonId":null,"CantonName":null,"CantonAbbreviation":null,"ParlGroupName":null,"ParlGroupAbbreviation":null,"SortOrder":3,"Start":"\/Date(1781177899598)\/","End":"\/Date(1781178108557)\/","Function":null,"DisplaySpeaker":null,"LanguageOfText":"DE","Modified":"\/Date(1788447516452)\/","StartTimeWithTimezone":"\/Date(1781177899597+0120)\/","EndTimeWithTimezone":"\/Date(1781178108557+0120)\/","VoteBusinessNumber":20254724,"VoteBusinessShortNumber":"25.4724","VoteBusinessTitle":"Motion Burgherr Thomas.\nInterdire le mouvement antifa"},{"__metadata":{"id":"https://ws.parlament.ch/OData.svc/Transcript(ID=376640L,Language='FR')","uri":"https://ws.parlament.ch/OData.svc/Transcript(ID=376640L,Language='FR')","type":"itsystems.Pd.DataServices.DataModel.Transcript"},"Subjects":{"__deferred":{"uri":"https://ws.parlament.ch/OData.svc/Transcript(ID=376640L,Language='FR')/Subjects"}},"MembersCouncil":{"__deferred":{"uri":"https://ws.parlament.ch/OData.svc/Transcript(ID=376640L,Language='FR')/MembersCouncil"}},"Businesses":{"__deferred":{"uri":"https://ws.parlament.ch/OData.svc/Transcript(ID=376640L,Language='FR')/Businesses"}},"ID":"376640","Language":"FR","IdSubject":"71772","VoteId":"32622","PersonNumber":null,"Type":2,"Text":"<pd_text><p><b>25.4498, 25.4602</b>[GZ]</p>\n<p>[VS][GZ]</p>\n<p><i>Abstimmung - Vote </i>[GZ]</p>\n<p>[NAM][GZ]</p>\n<p>F\u00fcr den Ordnungsantrag Riniker ... 99 Stimmen[GZ]</p>\n<p>Dagegen ... 89 Stimmen[GZ]</p>\n<p>(1 Enthaltung)</p>\n</pd_text>","MeetingCouncilAbbreviation":"N","MeetingDate":"20260611","MeetingVerbalixOid":4183,"IdSession":"5214","SpeakerFirstName":null,"SpeakerLastName":null,"SpeakerFullName":"","SpeakerFunction":null,"CouncilId":null,"CouncilName":null,"CantonId":null,"CantonName":null,"CantonAbbreviation":null,"ParlGroupName":null,"ParlGroupAbbreviation":null,"SortOrder":4,"Start":null,"End":null,"Function":null,"DisplaySpeaker":null,"LanguageOfText":"DE","Modified":"\/Date(1788447516454)\/","StartTimeWithTimezone":null,"EndTimeWithTimezone":null,"VoteBusinessNumber":20254724,"VoteBusinessShortNumber":"25.4724","VoteBusinessTitle":"Motion Burgherr Thomas.\nInterdire le mouvement antifa"},{"__metadata":{"id":"https://ws.parlament.ch/OData.svc/Transcript(ID=376685L,Language='FR')","uri":"https://ws.parlament.ch/OData.svc/Transcript(ID=376685L,Language='FR')","type":"itsystems.Pd.DataServices.DataModel.Transcript"},"Subjects":{"__deferred":{"uri":"https://ws.parlament.ch/OData.svc/Transcript(ID=376685L,Language='FR')/Subjects"}},"MembersCouncil":{"__deferred":{"uri":"https://ws.parlament.ch/OData.svc/Transcript(ID=376685L,Language='FR')/MembersCouncil"}},"Businesses":{"__deferred":{"uri":"https://ws.parlament.ch/OData.svc/Transcript(ID=376685L,Language='FR')/Businesses"}},"ID":"376685","Language":"FR","IdSubject":"71772","VoteId":null,"PersonNumber":4313,"Type":1,"Text":"<pd_text><p>Ich begr\u00fcnde die beiden Ordnungsantr\u00e4ge, die Sie soeben ausgeteilt bekommen haben. Ich m\u00f6chte Sie daran erinnern, dass wir gestern einen Ordnungsantrag Jauslin mit 166 zu 24 Stimmen angenommen haben, um die Motion Vontobel 26.3102, \"Verbot der Islamischen Revolutionsgarde\", zur Vorberatung an die zust\u00e4ndige Kommission zuzuweisen. Ich m\u00f6chte Sie ebenfalls daran[NB]erinnern,[NB]dass Ihre zust\u00e4ndige Kommission in der Vergangenheit, als es um ein allf\u00e4lliges Verbot oder Nichtverbot extremistischer Organisationen wie beispielsweise der Hamas, des IS oder der Al-Kaida ging, vertiefte Diskussionen gef\u00fchrt hat. </p>\n<p>Aus diesen Gr\u00fcnden erachte ich es als sinnvoll und in der Logik gegeben, dass wir die vier genannten Vorst\u00f6sse unserer Kollegen - die Motionen Vontobel 25.4498 und Quadri 25.4602, das Postulat Glarner 25.4470 sowie die Motion Burgherr 25.4724 - ebenfalls der Kommission zur vertieften Pr\u00fcfung zuweisen. [PAGE 1193] </p>\n<p>[VS]</p>\n</pd_text>","MeetingCouncilAbbreviation":"N","MeetingDate":"20260611","MeetingVerbalixOid":4183,"IdSession":"5214","SpeakerFirstName":"Maja","SpeakerLastName":"Riniker","SpeakerFullName":"Riniker Maja","SpeakerFunction":"Mit-F","CouncilId":1,"CouncilName":"Conseil national","CantonId":19,"CantonName":"Argovie","CantonAbbreviation":"AG","ParlGroupName":"Groupe lib\u00e9ral-radical","ParlGroupAbbreviation":"RL","SortOrder":2,"Start":"\/Date(1781177823039)\/","End":"\/Date(1781177899598)\/","Function":"Mit-F","DisplaySpeaker":true,"LanguageOfText":"DE","Modified":"\/Date(1788447516452)\/","StartTimeWithTimezone":"\/Date(1781177823040+0120)\/","EndTimeWithTimezone":"\/Date(1781177899597+0120)\/","VoteBusinessNumber":null,"VoteBusinessShortNumber":null,"VoteBusinessTitle":null}]},"ID":"71772","Language":"FR","IdMeeting":"5240","VerbalixOid":804393,"SortOrder":12,"Modified":"\/Date(1788447516449)\/"}}