{"d":{"__metadata":{"id":"https://ws.parlament.ch/OData.svc/Subject(ID=71782L,Language='DE')","uri":"https://ws.parlament.ch/OData.svc/Subject(ID=71782L,Language='DE')","type":"itsystems.Pd.DataServices.DataModel.Subject"},"Meetings":{"__metadata":{"id":"https://ws.parlament.ch/OData.svc/Meeting(ID=5240L,Language='DE')","uri":"https://ws.parlament.ch/OData.svc/Meeting(ID=5240L,Language='DE')","type":"itsystems.Pd.DataServices.DataModel.Meeting"},"Sessions":{"__deferred":{"uri":"https://ws.parlament.ch/OData.svc/Meeting(ID=5240L,Language='DE')/Sessions"}},"Subjects":{"__deferred":{"uri":"https://ws.parlament.ch/OData.svc/Meeting(ID=5240L,Language='DE')/Subjects"}},"ID":"5240","Language":"DE","MeetingNumber":9,"IdSession":5214,"SessionNumber":14,"SessionName":"Sommersession 2026","Council":1,"CouncilName":"Nationalrat","CouncilAbbreviation":"NR","Date":"\/Date(1781136000000)\/","Begin":"0800","Modified":"\/Date(1784634895350)\/","LegislativePeriodNumber":52,"PublicationStatus":"final","MeetingOrderText":"Neunte Sitzung","SortOrder":9,"Location":"N"},"SubjectsBusiness":{"results":[{"__metadata":{"id":"https://ws.parlament.ch/OData.svc/SubjectBusiness(BusinessNumber=20253800,IdSubject=71782L,Language='DE')","uri":"https://ws.parlament.ch/OData.svc/SubjectBusiness(BusinessNumber=20253800,IdSubject=71782L,Language='DE')","type":"itsystems.Pd.DataServices.DataModel.SubjectBusiness"},"Subjects":{"__deferred":{"uri":"https://ws.parlament.ch/OData.svc/SubjectBusiness(BusinessNumber=20253800,IdSubject=71782L,Language='DE')/Subjects"}},"Businesses":{"__deferred":{"uri":"https://ws.parlament.ch/OData.svc/SubjectBusiness(BusinessNumber=20253800,IdSubject=71782L,Language='DE')/Businesses"}},"IdSubject":"71782","BusinessNumber":20253800,"Language":"DE","BusinessShortNumber":"25.3800","Title":"M\u00e4nner ohne Schweizer B\u00fcrgerrecht mit unbegrenztem Aufenthaltsrecht in der Schweiz sollen verpflichtet werden, Zivilschutz zu leisten","SortOrder":1,"PublishedNotes":null,"Modified":"\/Date(1759473739436)\/","TitleDE":"Motion Candinas Martin.\nM\u00e4nner ohne Schweizer B\u00fcrgerrecht\nmit unbegrenztem Aufenthaltsrecht\nin der Schweiz sollen verpflichtet\nwerden, Zivilschutz zu leisten","TitleFR":"Motion Candinas Martin.\nObliger les \u00e9trangers\navec un droit de s\u00e9jour illimit\u00e9\n\u00e0 servir dans la protection civile","TitleIT":null}]},"Transcripts":{"results":[{"__metadata":{"id":"https://ws.parlament.ch/OData.svc/Transcript(ID=376654L,Language='DE')","uri":"https://ws.parlament.ch/OData.svc/Transcript(ID=376654L,Language='DE')","type":"itsystems.Pd.DataServices.DataModel.Transcript"},"Subjects":{"__deferred":{"uri":"https://ws.parlament.ch/OData.svc/Transcript(ID=376654L,Language='DE')/Subjects"}},"MembersCouncil":{"__deferred":{"uri":"https://ws.parlament.ch/OData.svc/Transcript(ID=376654L,Language='DE')/MembersCouncil"}},"Businesses":{"__deferred":{"uri":"https://ws.parlament.ch/OData.svc/Transcript(ID=376654L,Language='DE')/Businesses"}},"ID":"376654","Language":"DE","IdSubject":"71782","VoteId":"32630","PersonNumber":null,"Type":2,"Text":"<pd_text><p><b>Le pr\u00e9sident</b> (Page Pierre-Andr\u00e9, pr\u00e9sident): Le Conseil f\u00e9d\u00e9ral propose de rejeter la motion. </p>\n<p>[VS]</p>\n<p><i>Abstimmung - Vote </i>[GZ]</p>\n<p>[NAM][GZ]</p>\n<p>F\u00fcr Annahme der Motion ... 120 Stimmen [GZ]</p>\n<p>Dagegen ... 66 Stimmen [GZ]</p>\n<p>(2 Enthaltungen)</p>\n</pd_text>","MeetingCouncilAbbreviation":"N","MeetingDate":"20260611","MeetingVerbalixOid":4183,"IdSession":"5214","SpeakerFirstName":null,"SpeakerLastName":null,"SpeakerFullName":"","SpeakerFunction":null,"CouncilId":null,"CouncilName":null,"CantonId":null,"CantonName":null,"CantonAbbreviation":null,"ParlGroupName":null,"ParlGroupAbbreviation":null,"SortOrder":3,"Start":"\/Date(1781181271703)\/","End":"\/Date(1781181285519)\/","Function":null,"DisplaySpeaker":null,"LanguageOfText":null,"Modified":"\/Date(1788447516494)\/","StartTimeWithTimezone":"\/Date(1781181271703+0120)\/","EndTimeWithTimezone":"\/Date(1781181285520+0120)\/","VoteBusinessNumber":20253800,"VoteBusinessShortNumber":"25.3800","VoteBusinessTitle":"Motion Candinas Martin.\nM\u00e4nner ohne Schweizer B\u00fcrgerrecht\nmit unbegrenztem Aufenthaltsrecht\nin der Schweiz sollen verpflichtet\nwerden, Zivilschutz zu leisten"},{"__metadata":{"id":"https://ws.parlament.ch/OData.svc/Transcript(ID=376665L,Language='DE')","uri":"https://ws.parlament.ch/OData.svc/Transcript(ID=376665L,Language='DE')","type":"itsystems.Pd.DataServices.DataModel.Transcript"},"Subjects":{"__deferred":{"uri":"https://ws.parlament.ch/OData.svc/Transcript(ID=376665L,Language='DE')/Subjects"}},"MembersCouncil":{"__deferred":{"uri":"https://ws.parlament.ch/OData.svc/Transcript(ID=376665L,Language='DE')/MembersCouncil"}},"Businesses":{"__deferred":{"uri":"https://ws.parlament.ch/OData.svc/Transcript(ID=376665L,Language='DE')/Businesses"}},"ID":"376665","Language":"DE","IdSubject":"71782","VoteId":null,"PersonNumber":14904,"Type":1,"Text":"<pd_text><p>Ich kann mich relativ kurz halten. Der Bundesrat hat Verst\u00e4ndnis f\u00fcr das Anliegen; er teilt es und ist dankbar daf\u00fcr, dass sich das Parlament \u00dcberlegungen macht, wie man die Best\u00e4nde und die Alimentierung des Zivilschutzes verbessern kann.</p>\n<p>Der Bundesrat macht in seiner Stellungnahme zwei Hinweise. Erstens ist eine Umsetzung der Motion juristisch problematisch. Sie haben darauf hingewiesen, dass es juristische Bedenken gibt; diese werden jetzt im Zusammenhang mit den neuen Vertr\u00e4gen mit der Europ\u00e4ischen Union auch noch einmal zus\u00e4tzlich gepr\u00fcft. Zweitens schauen wir die Dienstpflichtmodelle im Moment ohnehin an, und wir nehmen im Rahmen Ihres Auftrags, die Sicherheitsdienstpflicht zu pr\u00fcfen, eine umfassende Auslegeordnung vor. Das Anliegen der Motion bzw. die \u00dcberlegungen zu einer Dienstpflicht f\u00fcr[NB]Ausl\u00e4nderinnen und Ausl\u00e4nder in der Schweiz werden dabei mit einfliessen, und wir werden dort auch Antworten integrieren.</p>\n<p>Es ist \u00fcblich, dass der Bundesrat, wenn er in einem gewissen Bereich bereits t\u00e4tig ist, Ablehnung der entsprechenden Motion beantragt. [PAGE 1200] </p>\n</pd_text>","MeetingCouncilAbbreviation":"N","MeetingDate":"20260611","MeetingVerbalixOid":4183,"IdSession":"5214","SpeakerFirstName":"Martin","SpeakerLastName":"Pfister","SpeakerFullName":"Pfister Martin","SpeakerFunction":"BR-M","CouncilId":99,"CouncilName":"Bundesrat","CantonId":9,"CantonName":"Zug","CantonAbbreviation":"ZG","ParlGroupName":null,"ParlGroupAbbreviation":null,"SortOrder":2,"Start":"\/Date(1781181192855)\/","End":"\/Date(1781181271703)\/","Function":"BR-M","DisplaySpeaker":true,"LanguageOfText":"DE","Modified":"\/Date(1788447516492)\/","StartTimeWithTimezone":"\/Date(1781181192857+0120)\/","EndTimeWithTimezone":"\/Date(1781181271703+0120)\/","VoteBusinessNumber":null,"VoteBusinessShortNumber":null,"VoteBusinessTitle":null},{"__metadata":{"id":"https://ws.parlament.ch/OData.svc/Transcript(ID=376709L,Language='DE')","uri":"https://ws.parlament.ch/OData.svc/Transcript(ID=376709L,Language='DE')","type":"itsystems.Pd.DataServices.DataModel.Transcript"},"Subjects":{"__deferred":{"uri":"https://ws.parlament.ch/OData.svc/Transcript(ID=376709L,Language='DE')/Subjects"}},"MembersCouncil":{"__deferred":{"uri":"https://ws.parlament.ch/OData.svc/Transcript(ID=376709L,Language='DE')/MembersCouncil"}},"Businesses":{"__deferred":{"uri":"https://ws.parlament.ch/OData.svc/Transcript(ID=376709L,Language='DE')/Businesses"}},"ID":"376709","Language":"DE","IdSubject":"71782","VoteId":null,"PersonNumber":4070,"Type":1,"Text":"<pd_text><p>Der Zivilschutz steht seit Jahren vor einem erheblichen Alimentierungsproblem. Zahlreiche Organisationen haben M\u00fche, ihre Best\u00e4nde aufrechtzuerhalten und ihre Aufgaben langfristig zu erf\u00fcllen. Mit meiner Motion unterbreite ich Ihnen einen pragmatischen und umsetzbaren Vorschlag, um diesem Problem entgegenzuwirken. Konkret geht es um M\u00e4nner ohne Schweizer B\u00fcrgerrecht mit einer Niederlassungsbewilligung, also um Personen, die dauerhaft in unserem Land leben, hier arbeiten und ihren Lebensmittelpunkt in der Schweiz haben. Diese sollen k\u00fcnftig analog zu Schweizer M\u00e4nnern schutzdienstpflichtig werden. Leisten sie den Dienst nicht, sollen sie analog zu den Schweizer M\u00e4nnern eine Abgabe schulden. </p>\n<p>Die Ausweitung der Schutzdienstpflicht hat das Potenzial, das Alimentierungsproblem im Zivilschutz zu entsch\u00e4rfen. Zudem k\u00f6nnte sie einen Beitrag zu einer noch besseren Integration leisten. Auch w\u00fcrden M\u00e4nner ohne Schweizer B\u00fcrgerrecht mit einer Niederlassungsbewilligung analog zu den Schweizern einen Beitrag f\u00fcr die Sicherheit und die Gesellschaft leisten. In verschiedenen Gemeinden der Schweiz sind diese beispielsweise auch der Feuerwehrpflicht unterstellt. </p>\n<p>Die Auswirkungen auf die Alimentierung der Zivilschutzorganisationen sind vielversprechend. So leben heute rund 78[NB]000 Ausl\u00e4nder mit einer Niederlassungsbewilligung im dienstpflichtigen Alter in der Schweiz, rund 6000 pro Jahrgang. Das heisst, es k\u00f6nnte mit j\u00e4hrlich rund 6000 zus\u00e4tzlichen Rekrutierungspflichtigen gerechnet werden. Wenn die gleichen Bedingungen bez\u00fcglich Tauglichkeit angewendet werden wie bei den Schweizer M\u00e4nnern, k\u00f6nnten theoretisch rund 4800 zus\u00e4tzliche Schutzdienstpflichtige gewonnen werden. </p>\n<p>Mit dieser Gesetzesanpassung w\u00fcrden nicht nur zus\u00e4tzliche Angeh\u00f6rige des Zivilschutzes gewonnen. Die Massnahme h\u00e4tte auch eine integrative Wirkung. Wer dauerhaft in unserem Land lebt, profitiert von dessen Sicherheit und Stabilit\u00e4t. Darum ist es auch legitim, dass diese Menschen einen Beitrag zu deren Erhaltung leisten. </p>\n<p>Der Bundesrat lehnt die Motion mit dem Hinweis ab, die Dienstpflicht sei eine B\u00fcrgerpflicht. Ausl\u00e4nderinnen und Ausl\u00e4nder seien in der Schweiz auf Bundesebene von den politischen Mitbestimmungsrechten ausgeschlossen. Entsprechend sei eine Dienstpflicht eine Ungleichbehandlung. Weiter schreibt er auch, dass vollj\u00e4hrige in der Schweiz niedergelassene Ausl\u00e4nderinnen und Ausl\u00e4nder bereits heute gem\u00e4ss geltendem Gesetz freiwillig Zivilschutz leisten k\u00f6nnten. Er \u00fcbersieht aber, dass keine Ausl\u00e4nderin und kein Ausl\u00e4nder verpflichtet ist, hier eine Niederlassungsbewilligung zu beantragen. </p>\n<p>Dieser bescheidene Dienst f\u00fcr die Sicherheit unseres Landes darf von allen erwartet werden. Es scheint, als sei der Bundesrat von seiner Begr\u00fcndung aber auch nicht vollends \u00fcberzeugt. Er anerkennt in der Antwort n\u00e4mlich selbst - das sieht man, wenn man die Antwort bis zum Schluss liest -, dass eine st\u00e4rkere Beteiligung der ausl\u00e4ndischen Wohnbev\u00f6lkerung an der Gew\u00e4hrleistung der Sicherheit der Schweiz im Zusammenhang mit der Weiterentwicklung des Dienstpflichtsystems gepr\u00fcft werden soll. Genau darum geht es bei meiner Motion.</p>\n<p>Ich bin \u00fcberzeugt, dass wir die Diskussion nicht auf die lange Bank schieben sollten. Die Herausforderungen im Zivilschutz bestehen bereits heute. Es ist v\u00f6llig gerechtfertigt, dass auch in der Schweiz niedergelassene Ausl\u00e4nderinnen und Ausl\u00e4nder einen ebenb\u00fcrtigen Dienst f\u00fcr die Sicherheit der Schweiz im Bereich des Bev\u00f6lkerungsschutzes leisten. Mit dieser Motion erhalten wir die M\u00f6glichkeit, einen konkreten Beitrag zur St\u00e4rkung des Bev\u00f6lkerungsschutzes zu leisten.</p>\n<p>Entsprechend bitte ich Sie, dieser Motion zuzustimmen.</p>\n</pd_text>","MeetingCouncilAbbreviation":"N","MeetingDate":"20260611","MeetingVerbalixOid":4183,"IdSession":"5214","SpeakerFirstName":"Martin","SpeakerLastName":"Candinas","SpeakerFullName":"Candinas Martin","SpeakerFunction":"Mit-M","CouncilId":1,"CouncilName":"Nationalrat","CantonId":18,"CantonName":"Graub\u00fcnden","CantonAbbreviation":"GR","ParlGroupName":"Die Mitte-Fraktion. Die Mitte. EVP.","ParlGroupAbbreviation":"M-E","SortOrder":1,"Start":"\/Date(1781180936799)\/","End":"\/Date(1781181187975)\/","Function":"Mit-M","DisplaySpeaker":true,"LanguageOfText":"DE","Modified":"\/Date(1788447516491)\/","StartTimeWithTimezone":"\/Date(1781180936800+0120)\/","EndTimeWithTimezone":"\/Date(1781181187977+0120)\/","VoteBusinessNumber":null,"VoteBusinessShortNumber":null,"VoteBusinessTitle":null}]},"ID":"71782","Language":"DE","IdMeeting":"5240","VerbalixOid":804449,"SortOrder":20,"Modified":"\/Date(1788447516490)\/"}}