{"d":{"__metadata":{"id":"https://ws.parlament.ch/OData.svc/Subject(ID=71815L,Language='DE')","uri":"https://ws.parlament.ch/OData.svc/Subject(ID=71815L,Language='DE')","type":"itsystems.Pd.DataServices.DataModel.Subject"},"Meetings":{"__metadata":{"id":"https://ws.parlament.ch/OData.svc/Meeting(ID=5242L,Language='DE')","uri":"https://ws.parlament.ch/OData.svc/Meeting(ID=5242L,Language='DE')","type":"itsystems.Pd.DataServices.DataModel.Meeting"},"Sessions":{"__deferred":{"uri":"https://ws.parlament.ch/OData.svc/Meeting(ID=5242L,Language='DE')/Sessions"}},"Subjects":{"__deferred":{"uri":"https://ws.parlament.ch/OData.svc/Meeting(ID=5242L,Language='DE')/Subjects"}},"ID":"5242","Language":"DE","MeetingNumber":10,"IdSession":5214,"SessionNumber":14,"SessionName":"Sommersession 2026","Council":1,"CouncilName":"Nationalrat","CouncilAbbreviation":"NR","Date":"\/Date(1781481600000)\/","Begin":"1430","Modified":"\/Date(1784644716883)\/","LegislativePeriodNumber":52,"PublicationStatus":"final","MeetingOrderText":"Zehnte Sitzung","SortOrder":10,"Location":"N"},"SubjectsBusiness":{"results":[{"__metadata":{"id":"https://ws.parlament.ch/OData.svc/SubjectBusiness(BusinessNumber=20267461,IdSubject=71815L,Language='DE')","uri":"https://ws.parlament.ch/OData.svc/SubjectBusiness(BusinessNumber=20267461,IdSubject=71815L,Language='DE')","type":"itsystems.Pd.DataServices.DataModel.SubjectBusiness"},"Subjects":{"__deferred":{"uri":"https://ws.parlament.ch/OData.svc/SubjectBusiness(BusinessNumber=20267461,IdSubject=71815L,Language='DE')/Subjects"}},"Businesses":{"__deferred":{"uri":"https://ws.parlament.ch/OData.svc/SubjectBusiness(BusinessNumber=20267461,IdSubject=71815L,Language='DE')/Businesses"}},"IdSubject":"71815","BusinessNumber":20267461,"Language":"DE","BusinessShortNumber":"26.7461","Title":"Hat die Post den Bundesrat \u00fcber die Folgen ihrer Strategie zur Schaffung von IT-Arbeitspl\u00e4tzen in Portugal in die Irre gef\u00fchrt?","SortOrder":1,"PublishedNotes":null,"Modified":"\/Date(1781262594796)\/","TitleDE":"Fragestunde.\nFrage Feller Olivier.\nHat die Post den Bundesrat\n\u00fcber die Folgen ihrer Strategie\nzur Schaffung von IT-Arbeitspl\u00e4tzen\nin Portugal in die Irre gef\u00fchrt?","TitleFR":"Heure des questions.\nQuestion Feller Olivier.\nLa Poste aurait-elle induit\nle Conseil f\u00e9d\u00e9ral en erreur\nsur les cons\u00e9quences de sa strat\u00e9gie\nde cr\u00e9ation d'emplois informatiques\nau Portugal ?","TitleIT":null},{"__metadata":{"id":"https://ws.parlament.ch/OData.svc/SubjectBusiness(BusinessNumber=20267465,IdSubject=71815L,Language='DE')","uri":"https://ws.parlament.ch/OData.svc/SubjectBusiness(BusinessNumber=20267465,IdSubject=71815L,Language='DE')","type":"itsystems.Pd.DataServices.DataModel.SubjectBusiness"},"Subjects":{"__deferred":{"uri":"https://ws.parlament.ch/OData.svc/SubjectBusiness(BusinessNumber=20267465,IdSubject=71815L,Language='DE')/Subjects"}},"Businesses":{"__deferred":{"uri":"https://ws.parlament.ch/OData.svc/SubjectBusiness(BusinessNumber=20267465,IdSubject=71815L,Language='DE')/Businesses"}},"IdSubject":"71815","BusinessNumber":20267465,"Language":"DE","BusinessShortNumber":"26.7465","Title":"Weitere Entlassungen bei der Post Gedenkt der Bundesrat, seine Rolle als Alleinaktion\u00e4r endlich wahrzunehmen?","SortOrder":2,"PublishedNotes":null,"Modified":"\/Date(1781713975680)\/","TitleDE":"Fragestunde.\nFrage Marchesi Piero.\nWeitere Entlassungen bei der Post.\nGedenkt der Bundesrat, seine Rolle\nals Alleinaktion\u00e4r endlich\nwahrzunehmen?","TitleFR":"Heure des questions.\nQuestion Marchesi Piero.\nNouveaux licenciements \u00e0 la Poste.\nLe Conseil f\u00e9d\u00e9ral a-t-il enfin\nl'intention de faire valoir son r\u00f4le\nd'actionnaire unique ?","TitleIT":"Ora delle domande.\nDomanda Marchesi Piero.\nUlteriori licenziamenti presso\nla Posta. Il Consiglio federale\nintende finalmente far valere\nil suo ruolo di azionista unico?"}]},"Transcripts":{"results":[{"__metadata":{"id":"https://ws.parlament.ch/OData.svc/Transcript(ID=376766L,Language='DE')","uri":"https://ws.parlament.ch/OData.svc/Transcript(ID=376766L,Language='DE')","type":"itsystems.Pd.DataServices.DataModel.Transcript"},"Subjects":{"__deferred":{"uri":"https://ws.parlament.ch/OData.svc/Transcript(ID=376766L,Language='DE')/Subjects"}},"MembersCouncil":{"__deferred":{"uri":"https://ws.parlament.ch/OData.svc/Transcript(ID=376766L,Language='DE')/MembersCouncil"}},"Businesses":{"__deferred":{"uri":"https://ws.parlament.ch/OData.svc/Transcript(ID=376766L,Language='DE')/Businesses"}},"ID":"376766","Language":"DE","IdSubject":"71815","VoteId":null,"PersonNumber":4100,"Type":1,"Text":"<pd_text><p>La Poste pr\u00e9voit, dans le cadre d'une r\u00e9orientation de son service informatique, la suppression d'environ 60 postes informatiques en Suisse, ainsi que des adaptations du contrat pour une vingtaine d'autres collaborateurs. La Poste emploie actuellement environ 1500 collaborateurs dans le domaine informatique en Suisse. Selon elle, les mesures pr\u00e9vues en mati\u00e8re de personnel n'ont aucun lien avec son site informatique de Lisbonne. Elle a d\u00e9cid\u00e9 de ne pas poursuivre, pour l'instant, le d\u00e9veloppement de ce site. La Poste lancera la proc\u00e9dure de consultation avec les partenaires sociaux \u00e0 la mi-juin 2026 et d\u00e9cidera ensuite de la suppression d\u00e9finitive des postes.</p>\n<p>Lors de l'entretien du 2 mars 2026 avec les services propri\u00e9taires, ceux-ci ont \u00e9t\u00e9 inform\u00e9s de mani\u00e8re g\u00e9n\u00e9rale des mesures de r\u00e9duction des co\u00fbts pr\u00e9vues par la Poste dans le domaine informatique et de leurs r\u00e9percussions possibles sur le personnel, sans que des chiffres concrets aient \u00e9t\u00e9 avanc\u00e9s.</p>\n</pd_text>","MeetingCouncilAbbreviation":"N","MeetingDate":"20260615","MeetingVerbalixOid":4185,"IdSession":"5214","SpeakerFirstName":"Albert","SpeakerLastName":"R\u00f6sti","SpeakerFullName":"R\u00f6sti Albert","SpeakerFunction":"BR-M","CouncilId":99,"CouncilName":"Bundesrat","CantonId":2,"CantonName":"Bern","CantonAbbreviation":"BE","ParlGroupName":null,"ParlGroupAbbreviation":null,"SortOrder":1,"Start":"\/Date(1781536305211)\/","End":"\/Date(1781536395269)\/","Function":"BR-M","DisplaySpeaker":true,"LanguageOfText":"FR","Modified":"\/Date(1785314634129)\/","StartTimeWithTimezone":"\/Date(1781536305210+0120)\/","EndTimeWithTimezone":"\/Date(1781536395270+0120)\/","VoteBusinessNumber":null,"VoteBusinessShortNumber":null,"VoteBusinessTitle":null}]},"ID":"71815","Language":"DE","IdMeeting":"5242","VerbalixOid":804625,"SortOrder":28,"Modified":"\/Date(1785314634126)\/"}}