{"d":{"__metadata":{"id":"https://ws.parlament.ch/OData.svc/Subject(ID=71865L,Language='DE')","uri":"https://ws.parlament.ch/OData.svc/Subject(ID=71865L,Language='DE')","type":"itsystems.Pd.DataServices.DataModel.Subject"},"Meetings":{"__metadata":{"id":"https://ws.parlament.ch/OData.svc/Meeting(ID=5242L,Language='DE')","uri":"https://ws.parlament.ch/OData.svc/Meeting(ID=5242L,Language='DE')","type":"itsystems.Pd.DataServices.DataModel.Meeting"},"Sessions":{"__deferred":{"uri":"https://ws.parlament.ch/OData.svc/Meeting(ID=5242L,Language='DE')/Sessions"}},"Subjects":{"__deferred":{"uri":"https://ws.parlament.ch/OData.svc/Meeting(ID=5242L,Language='DE')/Subjects"}},"ID":"5242","Language":"DE","MeetingNumber":10,"IdSession":5214,"SessionNumber":14,"SessionName":"Sommersession 2026","Council":1,"CouncilName":"Nationalrat","CouncilAbbreviation":"NR","Date":"\/Date(1781481600000)\/","Begin":"1430","Modified":"\/Date(1784644716883)\/","LegislativePeriodNumber":52,"PublicationStatus":"final","MeetingOrderText":"Zehnte Sitzung","SortOrder":10,"Location":"N"},"SubjectsBusiness":{"results":[{"__metadata":{"id":"https://ws.parlament.ch/OData.svc/SubjectBusiness(BusinessNumber=20267560,IdSubject=71865L,Language='DE')","uri":"https://ws.parlament.ch/OData.svc/SubjectBusiness(BusinessNumber=20267560,IdSubject=71865L,Language='DE')","type":"itsystems.Pd.DataServices.DataModel.SubjectBusiness"},"Subjects":{"__deferred":{"uri":"https://ws.parlament.ch/OData.svc/SubjectBusiness(BusinessNumber=20267560,IdSubject=71865L,Language='DE')/Subjects"}},"Businesses":{"__deferred":{"uri":"https://ws.parlament.ch/OData.svc/SubjectBusiness(BusinessNumber=20267560,IdSubject=71865L,Language='DE')/Businesses"}},"IdSubject":"71865","BusinessNumber":20267560,"Language":"DE","BusinessShortNumber":"26.7560","Title":"W\u00e4re eine Anpassung der Strafprozessordnung f\u00fcr Terror Gef\u00e4hrder oder Schwerstkriminelle nicht \u00fcberf\u00e4llig?  ","SortOrder":1,"PublishedNotes":null,"Modified":"\/Date(1781684322583)\/","TitleDE":"Fragestunde.\nFrage Bischof Edgar.\nW\u00e4re eine Anpassung\nder Strafprozessordnung\nf\u00fcr Terror-Gef\u00e4hrder\noder Schwerstkriminelle\nnicht \u00fcberf\u00e4llig?","TitleFR":"Heure des questions.\nQuestion Bischof Edgar.\nNe serait-il pas opportun de modifier\nle code de proc\u00e9dure p\u00e9nale\nen ce qui concerne les personnes\npr\u00e9sentant un risque terroriste\nou les auteurs de crimes graves ?","TitleIT":null}]},"Transcripts":{"results":[{"__metadata":{"id":"https://ws.parlament.ch/OData.svc/Transcript(ID=376844L,Language='DE')","uri":"https://ws.parlament.ch/OData.svc/Transcript(ID=376844L,Language='DE')","type":"itsystems.Pd.DataServices.DataModel.Transcript"},"Subjects":{"__deferred":{"uri":"https://ws.parlament.ch/OData.svc/Transcript(ID=376844L,Language='DE')/Subjects"}},"MembersCouncil":{"__deferred":{"uri":"https://ws.parlament.ch/OData.svc/Transcript(ID=376844L,Language='DE')/MembersCouncil"}},"Businesses":{"__deferred":{"uri":"https://ws.parlament.ch/OData.svc/Transcript(ID=376844L,Language='DE')/Businesses"}},"ID":"376844","Language":"DE","IdSubject":"71865","VoteId":null,"PersonNumber":null,"Type":3,"Text":"<pd_text><p><i>Schriftliche Antwort (Beilage) - R\u00e9ponse \u00e9crite (annexe)</i></p>\n<p>[VS]</p>\n</pd_text>","MeetingCouncilAbbreviation":"N","MeetingDate":"20260615","MeetingVerbalixOid":4185,"IdSession":"5214","SpeakerFirstName":null,"SpeakerLastName":null,"SpeakerFullName":"","SpeakerFunction":null,"CouncilId":null,"CouncilName":null,"CantonId":null,"CantonName":null,"CantonAbbreviation":null,"ParlGroupName":null,"ParlGroupAbbreviation":null,"SortOrder":1,"Start":null,"End":null,"Function":null,"DisplaySpeaker":null,"LanguageOfText":"DE","Modified":"\/Date(1785314634305)\/","StartTimeWithTimezone":null,"EndTimeWithTimezone":null,"VoteBusinessNumber":null,"VoteBusinessShortNumber":null,"VoteBusinessTitle":null}]},"ID":"71865","Language":"DE","IdMeeting":"5242","VerbalixOid":804811,"SortOrder":77,"Modified":"\/Date(1785314634301)\/"}}