{"d":{"__metadata":{"id":"https://ws.parlament.ch/OData.svc/Subject(ID=71871L,Language='FR')","uri":"https://ws.parlament.ch/OData.svc/Subject(ID=71871L,Language='FR')","type":"itsystems.Pd.DataServices.DataModel.Subject"},"Meetings":{"__metadata":{"id":"https://ws.parlament.ch/OData.svc/Meeting(ID=5242L,Language='FR')","uri":"https://ws.parlament.ch/OData.svc/Meeting(ID=5242L,Language='FR')","type":"itsystems.Pd.DataServices.DataModel.Meeting"},"Sessions":{"__deferred":{"uri":"https://ws.parlament.ch/OData.svc/Meeting(ID=5242L,Language='FR')/Sessions"}},"Subjects":{"__deferred":{"uri":"https://ws.parlament.ch/OData.svc/Meeting(ID=5242L,Language='FR')/Subjects"}},"ID":"5242","Language":"FR","MeetingNumber":10,"IdSession":5214,"SessionNumber":14,"SessionName":"Session d'\u00e9t\u00e9 2026","Council":1,"CouncilName":"Conseil national","CouncilAbbreviation":"CN","Date":"\/Date(1781481600000)\/","Begin":"1430","Modified":"\/Date(1784644716883)\/","LegislativePeriodNumber":52,"PublicationStatus":"final","MeetingOrderText":"Dixi\u00e8me s\u00e9ance","SortOrder":10,"Location":"N"},"SubjectsBusiness":{"results":[{"__metadata":{"id":"https://ws.parlament.ch/OData.svc/SubjectBusiness(BusinessNumber=20267593,IdSubject=71871L,Language='FR')","uri":"https://ws.parlament.ch/OData.svc/SubjectBusiness(BusinessNumber=20267593,IdSubject=71871L,Language='FR')","type":"itsystems.Pd.DataServices.DataModel.SubjectBusiness"},"Subjects":{"__deferred":{"uri":"https://ws.parlament.ch/OData.svc/SubjectBusiness(BusinessNumber=20267593,IdSubject=71871L,Language='FR')/Subjects"}},"Businesses":{"__deferred":{"uri":"https://ws.parlament.ch/OData.svc/SubjectBusiness(BusinessNumber=20267593,IdSubject=71871L,Language='FR')/Businesses"}},"IdSubject":"71871","BusinessNumber":20267593,"Language":"FR","BusinessShortNumber":"26.7593","Title":"Nombre record de proc\u00e9dures li\u00e9es au terrorisme. Que fait le Conseil f\u00e9d\u00e9ral pour prot\u00e9ger la population ?","SortOrder":1,"PublishedNotes":null,"Modified":"\/Date(1781270298340)\/","TitleDE":"Fragestunde.\nFrage Schmid Pascal.\nRekordstand bei Terrorverfahren.\nWas tut der Bundesrat,\num die Bev\u00f6lkerung zu sch\u00fctzen?","TitleFR":"Heure des questions.\nQuestion Schmid Pascal.\nNombre record de proc\u00e9dures\nli\u00e9es au terrorisme.\nQue fait le Conseil f\u00e9d\u00e9ral\npour prot\u00e9ger la population ?","TitleIT":null}]},"Transcripts":{"results":[{"__metadata":{"id":"https://ws.parlament.ch/OData.svc/Transcript(ID=376850L,Language='FR')","uri":"https://ws.parlament.ch/OData.svc/Transcript(ID=376850L,Language='FR')","type":"itsystems.Pd.DataServices.DataModel.Transcript"},"Subjects":{"__deferred":{"uri":"https://ws.parlament.ch/OData.svc/Transcript(ID=376850L,Language='FR')/Subjects"}},"MembersCouncil":{"__deferred":{"uri":"https://ws.parlament.ch/OData.svc/Transcript(ID=376850L,Language='FR')/MembersCouncil"}},"Businesses":{"__deferred":{"uri":"https://ws.parlament.ch/OData.svc/Transcript(ID=376850L,Language='FR')/Businesses"}},"ID":"376850","Language":"FR","IdSubject":"71871","VoteId":null,"PersonNumber":null,"Type":3,"Text":"<pd_text><p><i>Schriftliche Antwort (Beilage) - R\u00e9ponse \u00e9crite (annexe) [PAGE 1223] </i></p>\n<p>[VS]</p>\n</pd_text>","MeetingCouncilAbbreviation":"N","MeetingDate":"20260615","MeetingVerbalixOid":4185,"IdSession":"5214","SpeakerFirstName":null,"SpeakerLastName":null,"SpeakerFullName":"","SpeakerFunction":null,"CouncilId":null,"CouncilName":null,"CantonId":null,"CantonName":null,"CantonAbbreviation":null,"ParlGroupName":null,"ParlGroupAbbreviation":null,"SortOrder":1,"Start":null,"End":null,"Function":null,"DisplaySpeaker":null,"LanguageOfText":"DE","Modified":"\/Date(1785314634323)\/","StartTimeWithTimezone":null,"EndTimeWithTimezone":null,"VoteBusinessNumber":null,"VoteBusinessShortNumber":null,"VoteBusinessTitle":null}]},"ID":"71871","Language":"FR","IdMeeting":"5242","VerbalixOid":804829,"SortOrder":83,"Modified":"\/Date(1785314634320)\/"}}