{"d":{"__metadata":{"id":"https://ws.parlament.ch/OData.svc/Subject(ID=71873L,Language='FR')","uri":"https://ws.parlament.ch/OData.svc/Subject(ID=71873L,Language='FR')","type":"itsystems.Pd.DataServices.DataModel.Subject"},"Meetings":{"__metadata":{"id":"https://ws.parlament.ch/OData.svc/Meeting(ID=5242L,Language='FR')","uri":"https://ws.parlament.ch/OData.svc/Meeting(ID=5242L,Language='FR')","type":"itsystems.Pd.DataServices.DataModel.Meeting"},"Sessions":{"__deferred":{"uri":"https://ws.parlament.ch/OData.svc/Meeting(ID=5242L,Language='FR')/Sessions"}},"Subjects":{"__deferred":{"uri":"https://ws.parlament.ch/OData.svc/Meeting(ID=5242L,Language='FR')/Subjects"}},"ID":"5242","Language":"FR","MeetingNumber":10,"IdSession":5214,"SessionNumber":14,"SessionName":"Session d'\u00e9t\u00e9 2026","Council":1,"CouncilName":"Conseil national","CouncilAbbreviation":"CN","Date":"\/Date(1781481600000)\/","Begin":"1430","Modified":"\/Date(1784644716883)\/","LegislativePeriodNumber":52,"PublicationStatus":"final","MeetingOrderText":"Dixi\u00e8me s\u00e9ance","SortOrder":10,"Location":"N"},"SubjectsBusiness":{"results":[{"__metadata":{"id":"https://ws.parlament.ch/OData.svc/SubjectBusiness(BusinessNumber=20267598,IdSubject=71873L,Language='FR')","uri":"https://ws.parlament.ch/OData.svc/SubjectBusiness(BusinessNumber=20267598,IdSubject=71873L,Language='FR')","type":"itsystems.Pd.DataServices.DataModel.SubjectBusiness"},"Subjects":{"__deferred":{"uri":"https://ws.parlament.ch/OData.svc/SubjectBusiness(BusinessNumber=20267598,IdSubject=71873L,Language='FR')/Subjects"}},"Businesses":{"__deferred":{"uri":"https://ws.parlament.ch/OData.svc/SubjectBusiness(BusinessNumber=20267598,IdSubject=71873L,Language='FR')/Businesses"}},"IdSubject":"71873","BusinessNumber":20267598,"Language":"FR","BusinessShortNumber":"26.7598","Title":"D\u00e9cision de radiation du Tribunal administratif f\u00e9d\u00e9ral du 20 novembre 2025 ; E-2274/2020; art. 8 de la loi sur responsabilit\u00e9","SortOrder":1,"PublishedNotes":null,"Modified":"\/Date(1781686546933)\/","TitleDE":"Fragestunde.\nFrage Wyssmann R\u00e9my.\nAbschreibungsentscheid\ndes Bundesverwaltungsgerichts\nE-2274/2020 vom 20. November 2025.\nHaftungsfolgen nach Artikel 8 VG","TitleFR":"Heure des questions.\nQuestion Wyssmann R\u00e9my.\nD\u00e9cision de radiation du Tribunal\nadministratif f\u00e9d\u00e9ral\ndu 20 novembre 2025 ; E-2274/2020 ;\narticle 8 de la loi sur la responsabilit\u00e9","TitleIT":null}]},"Transcripts":{"results":[{"__metadata":{"id":"https://ws.parlament.ch/OData.svc/Transcript(ID=376852L,Language='FR')","uri":"https://ws.parlament.ch/OData.svc/Transcript(ID=376852L,Language='FR')","type":"itsystems.Pd.DataServices.DataModel.Transcript"},"Subjects":{"__deferred":{"uri":"https://ws.parlament.ch/OData.svc/Transcript(ID=376852L,Language='FR')/Subjects"}},"MembersCouncil":{"__deferred":{"uri":"https://ws.parlament.ch/OData.svc/Transcript(ID=376852L,Language='FR')/MembersCouncil"}},"Businesses":{"__deferred":{"uri":"https://ws.parlament.ch/OData.svc/Transcript(ID=376852L,Language='FR')/Businesses"}},"ID":"376852","Language":"FR","IdSubject":"71873","VoteId":null,"PersonNumber":null,"Type":3,"Text":"<pd_text><p><i>Schriftliche Antwort (Beilage) - R\u00e9ponse \u00e9crite (annexe)</i></p>\n<p>[VS]</p>\n</pd_text>","MeetingCouncilAbbreviation":"N","MeetingDate":"20260615","MeetingVerbalixOid":4185,"IdSession":"5214","SpeakerFirstName":null,"SpeakerLastName":null,"SpeakerFullName":"","SpeakerFunction":null,"CouncilId":null,"CouncilName":null,"CantonId":null,"CantonName":null,"CantonAbbreviation":null,"ParlGroupName":null,"ParlGroupAbbreviation":null,"SortOrder":1,"Start":null,"End":null,"Function":null,"DisplaySpeaker":null,"LanguageOfText":"DE","Modified":"\/Date(1785314634330)\/","StartTimeWithTimezone":null,"EndTimeWithTimezone":null,"VoteBusinessNumber":null,"VoteBusinessShortNumber":null,"VoteBusinessTitle":null}]},"ID":"71873","Language":"FR","IdMeeting":"5242","VerbalixOid":804835,"SortOrder":85,"Modified":"\/Date(1785314634326)\/"}}