{"d":{"__metadata":{"id":"https://ws.parlament.ch/OData.svc/Subject(ID=71946L,Language='IT')","uri":"https://ws.parlament.ch/OData.svc/Subject(ID=71946L,Language='IT')","type":"itsystems.Pd.DataServices.DataModel.Subject"},"Meetings":{"__metadata":{"id":"https://ws.parlament.ch/OData.svc/Meeting(ID=5243L,Language='IT')","uri":"https://ws.parlament.ch/OData.svc/Meeting(ID=5243L,Language='IT')","type":"itsystems.Pd.DataServices.DataModel.Meeting"},"Sessions":{"__deferred":{"uri":"https://ws.parlament.ch/OData.svc/Meeting(ID=5243L,Language='IT')/Sessions"}},"Subjects":{"__deferred":{"uri":"https://ws.parlament.ch/OData.svc/Meeting(ID=5243L,Language='IT')/Subjects"}},"ID":"5243","Language":"IT","MeetingNumber":9,"IdSession":5214,"SessionNumber":14,"SessionName":"Sessione estiva 2026","Council":2,"CouncilName":"Consiglio degli Stati","CouncilAbbreviation":"CS","Date":"\/Date(1781481600000)\/","Begin":"1515","Modified":"\/Date(1784127066230)\/","LegislativePeriodNumber":52,"PublicationStatus":"final","MeetingOrderText":"Nona seduta","SortOrder":9,"Location":"S"},"SubjectsBusiness":{"results":[{"__metadata":{"id":"https://ws.parlament.ch/OData.svc/SubjectBusiness(BusinessNumber=20240052,IdSubject=71946L,Language='IT')","uri":"https://ws.parlament.ch/OData.svc/SubjectBusiness(BusinessNumber=20240052,IdSubject=71946L,Language='IT')","type":"itsystems.Pd.DataServices.DataModel.SubjectBusiness"},"Subjects":{"__deferred":{"uri":"https://ws.parlament.ch/OData.svc/SubjectBusiness(BusinessNumber=20240052,IdSubject=71946L,Language='IT')/Subjects"}},"Businesses":{"__deferred":{"uri":"https://ws.parlament.ch/OData.svc/SubjectBusiness(BusinessNumber=20240052,IdSubject=71946L,Language='IT')/Businesses"}},"IdSubject":"71946","BusinessNumber":20240052,"Language":"IT","BusinessShortNumber":"24.052","Title":"Costituzioni Cantoni di Berna, Vaud, Ginevra e del Giura. Garanzia ","SortOrder":1,"PublishedNotes":"Erstrat - Premier Conseil\n","Modified":"\/Date(1725264763903)\/","TitleDE":"Kantonsverfassungen\n(BE, VD, GE, JU).\nGew\u00e4hrleistung","TitleFR":"Constitutions cantonales\n(BE, VD, GE, JU).\nGarantie","TitleIT":null}]},"Transcripts":{"results":[{"__metadata":{"id":"https://ws.parlament.ch/OData.svc/Transcript(ID=376976L,Language='IT')","uri":"https://ws.parlament.ch/OData.svc/Transcript(ID=376976L,Language='IT')","type":"itsystems.Pd.DataServices.DataModel.Transcript"},"Subjects":{"__deferred":{"uri":"https://ws.parlament.ch/OData.svc/Transcript(ID=376976L,Language='IT')/Subjects"}},"MembersCouncil":{"__deferred":{"uri":"https://ws.parlament.ch/OData.svc/Transcript(ID=376976L,Language='IT')/MembersCouncil"}},"Businesses":{"__deferred":{"uri":"https://ws.parlament.ch/OData.svc/Transcript(ID=376976L,Language='IT')/Businesses"}},"ID":"376976","Language":"IT","IdSubject":"71946","VoteId":"8322","PersonNumber":null,"Type":2,"Text":"<pd_text><p><i>Abstimmung - Vote </i>[GZ]</p>\n<p>[NAM][GZ]</p>\n<p>F\u00fcr den Antrag der Mehrheit ... 32 Stimmen[GZ]</p>\n<p>F\u00fcr den Antrag der Minderheit ... 9 Stimmen[GZ]</p>\n<p>(0 Enthaltungen)</p>\n<p>[VS]</p>\n<p><b>Pr\u00e4sident</b> (Engler Stefan, Pr\u00e4sident): Da Eintreten obligatorisch ist, findet keine Gesamtabstimmung statt. Das Gesch\u00e4ft geht an den Nationalrat.</p>\n</pd_text>","MeetingCouncilAbbreviation":"S","MeetingDate":"20260615","MeetingVerbalixOid":4186,"IdSession":"5214","SpeakerFirstName":null,"SpeakerLastName":null,"SpeakerFullName":"","SpeakerFunction":null,"CouncilId":null,"CouncilName":null,"CantonId":null,"CantonName":null,"CantonAbbreviation":null,"ParlGroupName":null,"ParlGroupAbbreviation":null,"SortOrder":5,"Start":"\/Date(1781542776766)\/","End":"\/Date(1781542838749)\/","Function":null,"DisplaySpeaker":null,"LanguageOfText":null,"Modified":"\/Date(1784986771086)\/","StartTimeWithTimezone":"\/Date(1781542776767+0120)\/","EndTimeWithTimezone":"\/Date(1781542838750+0120)\/","VoteBusinessNumber":20240052,"VoteBusinessShortNumber":"24.052","VoteBusinessTitle":"Constitutions cantonales\n(BE, VD, GE, JU).\nGarantie"},{"__metadata":{"id":"https://ws.parlament.ch/OData.svc/Transcript(ID=376981L,Language='IT')","uri":"https://ws.parlament.ch/OData.svc/Transcript(ID=376981L,Language='IT')","type":"itsystems.Pd.DataServices.DataModel.Transcript"},"Subjects":{"__deferred":{"uri":"https://ws.parlament.ch/OData.svc/Transcript(ID=376981L,Language='IT')/Subjects"}},"MembersCouncil":{"__deferred":{"uri":"https://ws.parlament.ch/OData.svc/Transcript(ID=376981L,Language='IT')/MembersCouncil"}},"Businesses":{"__deferred":{"uri":"https://ws.parlament.ch/OData.svc/Transcript(ID=376981L,Language='IT')/Businesses"}},"ID":"376981","Language":"IT","IdSubject":"71946","VoteId":null,"PersonNumber":491,"Type":1,"Text":"<pd_text><p>Notre coll\u00e8gue F\u00e4ssler a parfaitement r\u00e9sum\u00e9 le d\u00e9bat que nous avons eu en commission. J'ai donc tr\u00e8s peu de choses \u00e0 ajouter. J'aimerais d'abord souligner que nous avons bien fait de ne pas suivre le Conseil f\u00e9d\u00e9ral et l'Office f\u00e9d\u00e9ral de la justice dans un premier temps, puisque le code des obligations \u00e9tait en discussion dans notre Parlement justement pour permettre de valider l'essentiel de la disposition constitutionnelle genevoise qui \u00e9tait contest\u00e9e. Nous avons \u00e9t\u00e9 pragmatiques et je crois que nous avons bien fait, car cela nous a permis d'\u00e9viter, pour l'essentiel de la disposition, de nous confronter \u00e0 une d\u00e9cision populaire du canton de Gen\u00e8ve. [PAGE 581] </p>\n<p>Ensuite, il reste cette toute petite particularit\u00e9 qui n'a pas \u00e9t\u00e9 r\u00e9gl\u00e9e dans la modification du code des obligations. Il s'agit de cong\u00e9s de parents qui re\u00e7oivent un enfant pour s'en occuper durablement sans forc\u00e9ment qu'il y ait une adoption. Ce sont \u00e9videmment tr\u00e8s peu de cas de figure par ann\u00e9e. Ici je constate que l'Office f\u00e9d\u00e9ral de la justice est suivi par notre Parlement tr\u00e8s scrupuleusement. Comme l'a dit Daniel F\u00e4ssler, je regrette que ce ne soit pas le cas \u00e9galement s'agissant d'autres dossiers dont celui du salaire minimum, mais enfin, c'est un autre d\u00e9bat.</p>\n<p>Pour le reste, je vous invite donc \u00e0 r\u00e9gler enfin cette difficult\u00e9. Il me semble que si nous adoptions l'article constitutionnel genevois en entier, nous ne ferions pas une grosse infraction \u00e0 notre ordre juridique. C'est la raison pour laquelle je vous invite, et aussi parce que le Conseil d'\u00c9tat genevois et le Parlement genevois le souhaitent, \u00e0 vous exprimer par un vote, m\u00eame si je reconnais que juridiquement l'approche r\u00e9sum\u00e9e par Daniel F\u00e4ssler est probablement celle qui est juste.</p>\n</pd_text>","MeetingCouncilAbbreviation":"S","MeetingDate":"20260615","MeetingVerbalixOid":4186,"IdSession":"5214","SpeakerFirstName":"Pierre-Yves","SpeakerLastName":"Maillard","SpeakerFullName":"Maillard Pierre-Yves","SpeakerFunction":"Mit-M","CouncilId":2,"CouncilName":"Consiglio degli Stati","CantonId":22,"CantonName":"Vaud","CantonAbbreviation":"VD","ParlGroupName":"Gruppo socialista","ParlGroupAbbreviation":"S","SortOrder":3,"Start":"\/Date(1781542620770)\/","End":"\/Date(1781542738136)\/","Function":"Mit-M","DisplaySpeaker":true,"LanguageOfText":"FR","Modified":"\/Date(1784986771083)\/","StartTimeWithTimezone":"\/Date(1781542620770+0120)\/","EndTimeWithTimezone":"\/Date(1781542738137+0120)\/","VoteBusinessNumber":null,"VoteBusinessShortNumber":null,"VoteBusinessTitle":null},{"__metadata":{"id":"https://ws.parlament.ch/OData.svc/Transcript(ID=376985L,Language='IT')","uri":"https://ws.parlament.ch/OData.svc/Transcript(ID=376985L,Language='IT')","type":"itsystems.Pd.DataServices.DataModel.Transcript"},"Subjects":{"__deferred":{"uri":"https://ws.parlament.ch/OData.svc/Transcript(ID=376985L,Language='IT')/Subjects"}},"MembersCouncil":{"__deferred":{"uri":"https://ws.parlament.ch/OData.svc/Transcript(ID=376985L,Language='IT')/MembersCouncil"}},"Businesses":{"__deferred":{"uri":"https://ws.parlament.ch/OData.svc/Transcript(ID=376985L,Language='IT')/Businesses"}},"ID":"376985","Language":"IT","IdSubject":"71946","VoteId":null,"PersonNumber":4032,"Type":1,"Text":"<pd_text><p>Der Bundesrat hat den Ausf\u00fchrungen des Berichterstatters Ihrer Kommission und den \u00dcberlegungen der Kommissionsmehrheit nichts beizuf\u00fcgen. Er ist zum selben Schluss gekommen und bittet Sie, der Gew\u00e4hrleistung der ge\u00e4nderten Verfassung des Kantons Genf in der Fassung gem\u00e4ss Mehrheit der Kommission zuzustimmen.</p>\n</pd_text>","MeetingCouncilAbbreviation":"S","MeetingDate":"20260615","MeetingVerbalixOid":4186,"IdSession":"5214","SpeakerFirstName":"Beat","SpeakerLastName":"Jans","SpeakerFullName":"Jans Beat","SpeakerFunction":"BR-M","CouncilId":99,"CouncilName":"Consiglio federale","CantonId":12,"CantonName":"Basilea-Citt\u00e0","CantonAbbreviation":"BS","ParlGroupName":null,"ParlGroupAbbreviation":null,"SortOrder":4,"Start":"\/Date(1781542748375)\/","End":"\/Date(1781542776766)\/","Function":"BR-M","DisplaySpeaker":true,"LanguageOfText":"DE","Modified":"\/Date(1784986771084)\/","StartTimeWithTimezone":"\/Date(1781542748377+0120)\/","EndTimeWithTimezone":"\/Date(1781542776767+0120)\/","VoteBusinessNumber":null,"VoteBusinessShortNumber":null,"VoteBusinessTitle":null},{"__metadata":{"id":"https://ws.parlament.ch/OData.svc/Transcript(ID=377001L,Language='IT')","uri":"https://ws.parlament.ch/OData.svc/Transcript(ID=377001L,Language='IT')","type":"itsystems.Pd.DataServices.DataModel.Transcript"},"Subjects":{"__deferred":{"uri":"https://ws.parlament.ch/OData.svc/Transcript(ID=377001L,Language='IT')/Subjects"}},"MembersCouncil":{"__deferred":{"uri":"https://ws.parlament.ch/OData.svc/Transcript(ID=377001L,Language='IT')/MembersCouncil"}},"Businesses":{"__deferred":{"uri":"https://ws.parlament.ch/OData.svc/Transcript(ID=377001L,Language='IT')/Businesses"}},"ID":"377001","Language":"IT","IdSubject":"71946","VoteId":null,"PersonNumber":4055,"Type":1,"Text":"<pd_text><p><i>Eintreten ist obligatorisch </i>[GZ]</p>\n<p><i>L'entr\u00e9e en mati\u00e8re est acquise de plein droit</i></p>\n<p>[VS]</p>\n<p>[VS]</p>\n<p><b>2.</b>[NB]<b>Bundesbeschluss \u00fcber die Gew\u00e4hrleistung der ge\u00e4nderten Verfassung des Kantons Genf</b>[GZ]</p>\n<p><b>2.</b>[NB]<b>Arr\u00eat\u00e9 f\u00e9d\u00e9ral concernant la garantie de la constitution r\u00e9vis\u00e9e du canton de Gen\u00e8ve</b>[GZ]</p>\n<p>[VS][GZ]</p>\n<p><i>Detailberatung - Discussion par article </i>[GZ]</p>\n<p>[VS][GZ]</p>\n<p><i>Antrag der Mehrheit </i>[GZ]</p>\n<p><i>Titel </i>[GZ]</p>\n<p>2.[NB]Bundesbeschluss \u00fcber die Gew\u00e4hrleistung der ge\u00e4nderten Verfassung des Kantons Genf vom[NB]...</p>\n<p><i>Ingress </i>[GZ]</p>\n<p>Die Bundesversammlung der Schweizerischen Eidgenossenschaft, gest\u00fctzt auf die Artikel 51 Absatz 2 und 172 Absatz 2 der Bundesverfassung, nach Einsicht in die Botschaft des Bundesrates vom 22.[NB]Mai 2024, beschliesst:</p>\n<p><i>Art. 1 Abs. 1 </i>[GZ]</p>\n<p>Die in der Volksabstimmung vom 18.[NB]Juni 2023 angenommene \u00c4nderung der Verfassung der Republik und des Kantons Genf vom 14.[NB]Oktober 2012 (Art.[NB]205 Abs.[NB]3 und[NB]4) wird unter Vorbehalt von Absatz 2 gew\u00e4hrleistet.</p>\n<p><i>Art. 1 Abs. 2</i><b> </b>[GZ]</p>\n<p>Die Textelemente \"ou d'accueil avec h\u00e9bergement \u00e0 caract\u00e8re permanent\" (\"und bei Aufnahme zur dauerhaften Unterbringung\") und \"ou accueillant\" (\"oder aufnehmenden\") werden nicht gew\u00e4hrleistet.</p>\n<p><i>Art. 2</i><b> </b>[GZ]</p>\n<p>Dieser Beschluss untersteht nicht dem Referendum.</p>\n<p>[VS]</p>\n<p><i>Antrag der Minderheit </i>[GZ]</p>\n<p>(Maillard)[GZ]</p>\n<p><i>Art. 1 Abs. 1 </i>[GZ]</p>\n<p>Die in der Volksabstimmung vom 18.[NB]Juni 2023 angenommene \u00c4nderung der Verfassung der Republik und des Kantons Genf vom 14.[NB]Oktober 2012 (Art.[NB]205 Abs.[NB]3 und[NB]4) wird gew\u00e4hrleistet.</p>\n<p>[VS]</p>\n<p><i>Proposition de la majorit\u00e9 </i>[GZ]</p>\n<p><i>Titre </i>[GZ]</p>\n<p>2.[NB]Arr\u00eat\u00e9 f\u00e9d\u00e9ral concernant la garantie de la constitution r\u00e9vis\u00e9e du canton de Gen\u00e8ve du[NB]...</p>\n<p><i>Pr\u00e9ambule [GZ]</i></p>\n<p>L'Assembl\u00e9e f\u00e9d\u00e9rale de la Conf\u00e9d\u00e9ration suisse, vu les articles 51 alin\u00e9a 2 et 172 alin\u00e9a 2 de la Constitution, vu le message du Conseil f\u00e9d\u00e9ral du 22 mai 2024, arr\u00eate[NB]:</p>\n<p><i>Art. 1 al. 1</i><b> </b>[GZ]</p>\n<p>La modification de la constitution du 14 octobre 2012 de la R\u00e9publique et Canton de Gen\u00e8ve (art.[NB]205 al.[NB]3 et[NB]4) accept\u00e9e en votation populaire le 18 juin 2023 est garantie sous r\u00e9serve de l'alin\u00e9a[NB]2.</p>\n<p><i>Art. 1 al. 2</i><b> </b>[GZ]</p>\n<p>Les \u00e9l\u00e9ments \"ou d'accueil avec h\u00e9bergement \u00e0 caract\u00e8re permanent\" et \"ou accueillant\" ne sont pas garantis.</p>\n<p><i>Art. 2 </i>[GZ]</p>\n<p>Le pr\u00e9sent arr\u00eat\u00e9 n'est pas sujet au r\u00e9f\u00e9rendum.</p>\n<p>[VS]</p>\n<p><i>Proposition de la minorit\u00e9 </i>[GZ]</p>\n<p>(Maillard)[GZ]</p>\n<p><i>Art. 1 al. 1 </i>[GZ]</p>\n<p>La modification de la constitution du 14 octobre 2012 de la R\u00e9publique et Canton de Gen\u00e8ve (art.[NB]205 al.[NB]3 et[NB]4) accept\u00e9e en votation populaire le 18 juin 2023 est garantie.</p>\n</pd_text>","MeetingCouncilAbbreviation":"S","MeetingDate":"20260615","MeetingVerbalixOid":4186,"IdSession":"5214","SpeakerFirstName":"Stefan","SpeakerLastName":"Engler","SpeakerFullName":"Engler Stefan","SpeakerFunction":"P-M","CouncilId":2,"CouncilName":"Consiglio degli Stati","CantonId":18,"CantonName":"Grigioni","CantonAbbreviation":"GR","ParlGroupName":"Il Gruppo del Centro. Alleanza del Centro. PEV.","ParlGroupAbbreviation":"M-E","SortOrder":2,"Start":"\/Date(1781542609707)\/","End":"\/Date(1781542620770)\/","Function":"P-M","DisplaySpeaker":false,"LanguageOfText":null,"Modified":"\/Date(1784986771082)\/","StartTimeWithTimezone":"\/Date(1781542609707+0120)\/","EndTimeWithTimezone":"\/Date(1781542620770+0120)\/","VoteBusinessNumber":null,"VoteBusinessShortNumber":null,"VoteBusinessTitle":null},{"__metadata":{"id":"https://ws.parlament.ch/OData.svc/Transcript(ID=377009L,Language='IT')","uri":"https://ws.parlament.ch/OData.svc/Transcript(ID=377009L,Language='IT')","type":"itsystems.Pd.DataServices.DataModel.Transcript"},"Subjects":{"__deferred":{"uri":"https://ws.parlament.ch/OData.svc/Transcript(ID=377009L,Language='IT')/Subjects"}},"MembersCouncil":{"__deferred":{"uri":"https://ws.parlament.ch/OData.svc/Transcript(ID=377009L,Language='IT')/MembersCouncil"}},"Businesses":{"__deferred":{"uri":"https://ws.parlament.ch/OData.svc/Transcript(ID=377009L,Language='IT')/Businesses"}},"ID":"377009","Language":"IT","IdSubject":"71946","VoteId":null,"PersonNumber":4056,"Type":1,"Text":"<pd_text><p>Wir hatten vor fast genau zwei Jahren \u00fcber die Gew\u00e4hrleistung der ge\u00e4nderten Verfassungen von vier Kantonen beraten. W\u00e4hrend die Verfassungsrevisionen der Kantone Bern, Waadt und Jura zu keinen besonderen Bemerkungen Anlass gaben und demzufolge von beiden R\u00e4ten die Gew\u00e4hrleistung erhielten, wurden die drei in einer Volksabstimmung vom 18.[NB]Juni[NB]2023[NB]angenommenen \u00c4nderungen der Verfassung der Republik und des Kantons Genf nur teilweise gew\u00e4hrleistet. </p>\n<p>Unproblematisch war das in einem neuen Artikel 38A festgeschriebene kantonale Grundrecht auf Ern\u00e4hrung. Mit einem einschr\u00e4nkenden Hinweis wurde das in Artikel 21A der Genfer Verfassung festgeschriebene Recht auf digitale Integrit\u00e4t gew\u00e4hrleistet. Zum dritten Punkt der Verfassungsrevision vom 18.[NB]Juni 2023 entschieden sich die eidgen\u00f6ssischen R\u00e4te f\u00fcr ein besonderes Vorgehen: Auf Antrag unserer Kommission wurde die damalige Vorlage aufgeteilt. Jener Teil, der gem\u00e4ss Botschaft des Bundesrates vom 22.[NB]Mai 2024 h\u00f6chstens teilweise h\u00e4tte gew\u00e4hrleistet werden k\u00f6nnen, wurde aus dem Bundesbeschluss gestrichen und in eine folgende Vorlage 2 verschoben.</p>\n<p>Es ging dabei um den durch die Stimmberechtigten des Kantons Genf neu gefassten Artikel[NB]205. Dieser sieht im neuen Absatz 3 vor, dass der Kanton Genf in Erg\u00e4nzung zur Bundesgesetzgebung eine durch parit\u00e4tische Beitr\u00e4ge der Arbeitgeber und der Arbeitnehmenden finanzierte Versicherung von mindestens sechzehn Wochen bei Mutterschaft und von mindestens acht Wochen f\u00fcr den anderen Elternteil gew\u00e4hrleistet. Dies soll gem\u00e4ss Absatz 4 bei Adoptionen und bei der Aufnahme zur dauerhaften Unterbringung, auf Franz\u00f6sisch \"accueil avec h\u00e9bergement \u00e0 caract\u00e8re permanent\", analog gelten.</p>\n<p>Was waren die Gr\u00fcnde, weshalb diese Verfassungsbestimmung vor zwei Jahren nicht gew\u00e4hrleistet wurde? Nach Artikel 116 Absatz 3 der Bundesverfassung richtet der Bund eine Mutterschaftsversicherung ein. Der Bund verf\u00fcgt somit diesbez\u00fcglich \u00fcber einen umfassenden und konkurrenzierenden Gesetzgebungsauftrag. Der Bundesgesetzgeber hat gest\u00fctzt darauf auch die Vaterschaftsentsch\u00e4digung und die Adoptionsentsch\u00e4digung eingerichtet. Einen Vorbehalt zugunsten der Kantone f\u00fcr eine weitergehende Regelung enthielt das Erwerbsersatzgesetz nur im Bereich der Mutterschafts- und der Adoptionsentsch\u00e4digung. Einen Vorbehalt zugunsten der Kantone auch im Bereich des Vaterschaftsurlaubs hatten die eidgen\u00f6ssischen R\u00e4te 2019 abgelehnt. 2021 lehnten es zudem beide R\u00e4te ab, einer Standesinitiative des Kantons Jura Folge zu geben, die den Kantonen auch im Bereich des Vaterschaftsurlaubs bzw. f\u00fcr einen Elternurlaub eigene Kompetenzen einr\u00e4umen wollte.</p>\n<p>Regierung und Parlament des Kantons Genf wurden daher vom Bund wiederholt darauf hingewiesen, dass es in diesem Bereich keinen kantonalen Spielraum gibt - leider ohne Erfolg. Es war daher folgerichtig, dass der Bundesrat mit der Botschaft vom 22.[NB]Mai 2024 beantragte, den bundesrechtswidrigen Teil der Verfassungsrevision nicht zu gew\u00e4hrleisten. [PAGE 580] </p>\n<p>Dass die eidgen\u00f6ssischen R\u00e4te diesem Antrag nicht folgten, sondern die Entscheidung auf sp\u00e4ter verschoben, hatte einen einfachen Grund: Der Bundesrat hatte 2023 eine \u00c4nderung des Erwerbsersatzgesetzes in die Vernehmlassung gegeben, die es den Kantonen erlauben w\u00fcrde, einen verl\u00e4ngerten Vaterschaftsurlaub zu gew\u00e4hren und zum Beispiel mit einem kantonalen Zuschlag auf die EO-Beitr\u00e4ge zu finanzieren. Das Parlament wollte daher mit der Frage der Gew\u00e4hrleistung zuwarten, bis klar ist, ob bzw. in welchen Bereichen[NB]f\u00fcr[NB]die[NB]Kantone ein zus\u00e4tzlicher Spielraum geschaffen wird.</p>\n<p>Mit Beschl\u00fcssen vom 19.[NB]Dezember des letzten Jahres haben die beiden R\u00e4te das Bundesgesetz \u00fcber den Erwerbsersatz revidiert. Die Referendumsfrist lief am 17.[NB]April 2026 ungenutzt ab. Das EOG sieht nun in Artikel 16mbis explizit vor, dass die Kantone bei der Versicherung f\u00fcr den anderen Elternteil weiter gehen k\u00f6nnen als der Bund. Diese Regelung gilt gem\u00e4ss Artikel 16x auch bei Adoptionen, e[NB]contrario[NB]aber[NB]nicht f\u00fcr die dauerhafte Unterbringung von Pflegekindern. Dazu enth\u00e4lt das EOG gar keine Bestimmungen. </p>\n<p>Die Genfer Verfassung sieht demgegen\u00fcber vor, dass die Arbeitgebenden und die Arbeitnehmenden auch f\u00fcr solche F\u00e4lle eine Versicherung finanzieren m\u00fcssen, aus der f\u00fcr Pflegem\u00fctter eine Entsch\u00e4digung f\u00fcr mindestens sechzehn Wochen, f\u00fcr Pflegev\u00e4ter f\u00fcr mindestens acht Wochen auszurichten ist. F\u00fcr diesen Teil der im strittigen Verfassungsartikel des Kantons Genf vorgesehenen Versicherung fehlt es somit weiterhin an einer entsprechenden Grundlage im Bundesrecht bzw. an einer den Kantonen einger\u00e4umten Kompetenz. Absatz[NB]4[NB]von[NB]Artikel 205 der Verfassung des Kantons Genf ist daher in diesem Sinne und in diesem Bereich bundesrechtswidrig. </p>\n<p>Gem\u00e4ss Artikel 51 Absatz 2 der Bundesverfassung bed\u00fcrfen die Kantonsverfassungen und somit auch ihre \u00c4nderungen der Gew\u00e4hrleistung des Bundes. Die Gew\u00e4hrleistung ist zu erteilen, wenn die Kantonsverfassung bzw. ihre \u00c4nderung im Einklang mit dem Bundesrecht steht. </p>\n<p>Der Bundesrat beantragt nun, die kantonale Versicherung f\u00fcr den anderen Elternteil zu gew\u00e4hrleisten, dies auch bei Adoptionen, nicht aber bei der Aufnahme zur dauerhaften Unterbringung. Dies kommt mit Absatz 2 von Artikel 1 des vorliegenden Entwurfes 2 des Bundesbeschlusses \u00fcber die Gew\u00e4hrleistung der ge\u00e4nderten Verfassung des Kantons Genf[NB]zum[NB]Ausdruck. Die Textelemente \"ou d'accueil avec h\u00e9bergement \u00e0 caract\u00e8re permanent\" und \"ou accueillant\" sollen gem\u00e4ss Antrag des Bundesrates nicht gew\u00e4hrleistet werden. </p>\n<p>Ihre Kommission hat sich am 27.[NB]M\u00e4rz 2026 mit der Angelegenheit befasst. Sie beantragt Ihnen mit 11 zu 1 Stimmen bei 1 Enthaltung, Artikel 205 Abs\u00e4tze 3 und 4 der in der Volksabstimmung vom 18.[NB]Juni 2023 revidierten Verfassung der Republik und des Kantons Genf die Gew\u00e4hrleistung aus den dargelegten Gr\u00fcnden nur teilweise zu erteilen. </p>\n<p>Herr Maillard beantragt Ihnen mit seiner Minderheit, die Gew\u00e4hrleistung ohne Vorbehalt zu erteilen. Die Minderheit widersprach der juristischen Analyse nicht. Sie ist jedoch der Auffassung, dass dem Antrag der Kommissionsmehrheit eine unverh\u00e4ltnism\u00e4ssige Spitzfindigkeit zugrunde liege, die den Volksrechten und dem F\u00f6deralismus zu wenig Rechnung trage. Die Minderheit bezeichnete es zudem als heikel, dass man nun der Einsch\u00e4tzung des Bundesamtes f\u00fcr Justiz folge, vor Kurzem aber einen Hinweis desselben Bundesamtes \u00fcbergangen habe, als es um einen[NB]Eingriff[NB]des[NB]Bundes[NB]bei[NB]den[NB]kantonalen Mindestl\u00f6hnen ging. </p>\n<p>Abschliessend beantrage ich Ihnen namens der Kommission, Entwurf 2 des Bundesbeschlusses \u00fcber die Gew\u00e4hrleistung der ge\u00e4nderten Verfassung des Kantons Genf gem\u00e4ss Vorlage gutzuheissen.</p>\n</pd_text>","MeetingCouncilAbbreviation":"S","MeetingDate":"20260615","MeetingVerbalixOid":4186,"IdSession":"5214","SpeakerFirstName":"Daniel","SpeakerLastName":"F\u00e4ssler","SpeakerFullName":"F\u00e4ssler Daniel","SpeakerFunction":"Mit-M","CouncilId":2,"CouncilName":"Consiglio degli Stati","CantonId":16,"CantonName":"Appenzello Interno","CantonAbbreviation":"AI","ParlGroupName":"Il Gruppo del Centro. Alleanza del Centro. PEV.","ParlGroupAbbreviation":"M-E","SortOrder":1,"Start":"\/Date(1781542111417)\/","End":"\/Date(1781542609707)\/","Function":"*","DisplaySpeaker":true,"LanguageOfText":"DE","Modified":"\/Date(1784986771081)\/","StartTimeWithTimezone":"\/Date(1781542111417+0120)\/","EndTimeWithTimezone":"\/Date(1781542609707+0120)\/","VoteBusinessNumber":null,"VoteBusinessShortNumber":null,"VoteBusinessTitle":null}]},"ID":"71946","Language":"IT","IdMeeting":"5243","VerbalixOid":805113,"SortOrder":6,"Modified":"\/Date(1784986771078)\/"}}