{"d":{"__metadata":{"id":"https://ws.parlament.ch/OData.svc/Subject(ID=71948L,Language='FR')","uri":"https://ws.parlament.ch/OData.svc/Subject(ID=71948L,Language='FR')","type":"itsystems.Pd.DataServices.DataModel.Subject"},"Meetings":{"__metadata":{"id":"https://ws.parlament.ch/OData.svc/Meeting(ID=5243L,Language='FR')","uri":"https://ws.parlament.ch/OData.svc/Meeting(ID=5243L,Language='FR')","type":"itsystems.Pd.DataServices.DataModel.Meeting"},"Sessions":{"__deferred":{"uri":"https://ws.parlament.ch/OData.svc/Meeting(ID=5243L,Language='FR')/Sessions"}},"Subjects":{"__deferred":{"uri":"https://ws.parlament.ch/OData.svc/Meeting(ID=5243L,Language='FR')/Subjects"}},"ID":"5243","Language":"FR","MeetingNumber":9,"IdSession":5214,"SessionNumber":14,"SessionName":"Session d'\u00e9t\u00e9 2026","Council":2,"CouncilName":"Conseil des Etats","CouncilAbbreviation":"CE","Date":"\/Date(1781481600000)\/","Begin":"1515","Modified":"\/Date(1784127066230)\/","LegislativePeriodNumber":52,"PublicationStatus":"final","MeetingOrderText":"Neuvi\u00e8me s\u00e9ance","SortOrder":9,"Location":"S"},"SubjectsBusiness":{"results":[{"__metadata":{"id":"https://ws.parlament.ch/OData.svc/SubjectBusiness(BusinessNumber=20263099,IdSubject=71948L,Language='FR')","uri":"https://ws.parlament.ch/OData.svc/SubjectBusiness(BusinessNumber=20263099,IdSubject=71948L,Language='FR')","type":"itsystems.Pd.DataServices.DataModel.SubjectBusiness"},"Subjects":{"__deferred":{"uri":"https://ws.parlament.ch/OData.svc/SubjectBusiness(BusinessNumber=20263099,IdSubject=71948L,Language='FR')/Subjects"}},"Businesses":{"__deferred":{"uri":"https://ws.parlament.ch/OData.svc/SubjectBusiness(BusinessNumber=20263099,IdSubject=71948L,Language='FR')/Businesses"}},"IdSubject":"71948","BusinessNumber":20263099,"Language":"FR","BusinessShortNumber":"26.3099","Title":"Clarifications juridiques et potentiel de l'utilisation de l'intelligence artificielle dans les domaines de la police et de la s\u00e9curit\u00e9 int\u00e9rieure","SortOrder":1,"PublishedNotes":null,"Modified":"\/Date(1780396148023)\/","TitleDE":"Postulat Juillard Charles.\nRechtliche Abkl\u00e4rungen und Potenzial\nvon k\u00fcnstlicher Intelligenz\nin den Bereichen Polizei\nund innere Sicherheit","TitleFR":"Postulat Juillard Charles.\nClarifications juridiques\net potentiel de l'utilisation\nde l'intelligence artificielle\ndans les domaines de la police\net de la s\u00e9curit\u00e9 int\u00e9rieure","TitleIT":null}]},"Transcripts":{"results":[{"__metadata":{"id":"https://ws.parlament.ch/OData.svc/Transcript(ID=376995L,Language='FR')","uri":"https://ws.parlament.ch/OData.svc/Transcript(ID=376995L,Language='FR')","type":"itsystems.Pd.DataServices.DataModel.Transcript"},"Subjects":{"__deferred":{"uri":"https://ws.parlament.ch/OData.svc/Transcript(ID=376995L,Language='FR')/Subjects"}},"MembersCouncil":{"__deferred":{"uri":"https://ws.parlament.ch/OData.svc/Transcript(ID=376995L,Language='FR')/MembersCouncil"}},"Businesses":{"__deferred":{"uri":"https://ws.parlament.ch/OData.svc/Transcript(ID=376995L,Language='FR')/Businesses"}},"ID":"376995","Language":"FR","IdSubject":"71948","VoteId":null,"PersonNumber":4032,"Type":1,"Text":"<pd_text><p>Der Bundesrat teilt die Einsch\u00e4tzung des Postulanten. Der Einsatz k\u00fcnstlicher Intelligenz im Bereich der inneren Sicherheit und der Strafverfolgung bietet neue M\u00f6glichkeiten f\u00fcr die Beh\u00f6rden. Er kann dazu beitragen, grosse Datenmengen zu analysieren, verd\u00e4chtige Personen oder Verhaltensweisen besser zu identifizieren und bestimmte repetitive Aufgaben zu erleichtern. Die Beh\u00f6rden sind heute angesichts der Ressourcenknappheit und der Komplexit\u00e4t der zu l\u00f6senden F\u00e4lle mit wachsenden Herausforderungen konfrontiert, und es ist deshalb legitim, zu pr\u00fcfen, welche Effizienzgewinne durch den Einsatz solcher Instrumente erzielt werden k\u00f6nnen.</p>\n<p>Der Bundesrat teilt jedoch auch die andere zentrale Feststellung des Postulates: In diesem Bereich ber\u00fchrt der Einsatz k\u00fcnstlicher Intelligenz besonders sensible Interessen. Polizei, innere Sicherheit und Strafverfolgung sind Bereiche, in denen der Staat schwerwiegende Eingriffe in die Grundrechte von Personen vornehmen kann. Der Einsatz k\u00fcnstlicher Intelligenz kann die Reichweite und Intensit\u00e4t dieser Eingriffe verst\u00e4rken. Er wirft somit wichtige Fragen hinsichtlich Rechtm\u00e4ssigkeit, Verh\u00e4ltnism\u00e4ssigkeit, Transparenz, Menschenrechte und Nichtdiskriminierung auf. Mit anderen Worten, es geht nicht nur darum, was technisch m\u00f6glich ist, es geht vor allem darum, was rechtlich zul\u00e4ssig und demokratisch akzeptabel ist.</p>\n<p>Aus diesem Grund h\u00e4lt es der Bundesrat f\u00fcr gerechtfertigt, eine spezifische Analyse des Einsatzes von k\u00fcnstlicher Intelligenz in diesen Bereichen durchzuf\u00fchren, nicht nur, um die B\u00fcrgerinnen und B\u00fcrger dieses Landes vor m\u00f6glichen Missbr\u00e4uchen zu sch\u00fctzen, sondern auch, um den Beh\u00f6rden, die diese Instrumente nutzen werden, Klarheit und Sicherheit zu verschaffen.</p>\n<p>Aus diesen Gr\u00fcnden beantragt der Bundesrat Ihrem Rat, das Postulat anzunehmen. [GZ]</p>\n</pd_text>","MeetingCouncilAbbreviation":"S","MeetingDate":"20260615","MeetingVerbalixOid":4186,"IdSession":"5214","SpeakerFirstName":"Beat","SpeakerLastName":"Jans","SpeakerFullName":"Jans Beat","SpeakerFunction":"BR-M","CouncilId":99,"CouncilName":"Conseil f\u00e9d\u00e9ral","CantonId":12,"CantonName":"B\u00e2le-Ville","CantonAbbreviation":"BS","ParlGroupName":null,"ParlGroupAbbreviation":null,"SortOrder":3,"Start":"\/Date(1781543304608)\/","End":"\/Date(1781543435921)\/","Function":"BR-M","DisplaySpeaker":true,"LanguageOfText":"DE","Modified":"\/Date(1784986771096)\/","StartTimeWithTimezone":"\/Date(1781543304607+0120)\/","EndTimeWithTimezone":"\/Date(1781543435920+0120)\/","VoteBusinessNumber":null,"VoteBusinessShortNumber":null,"VoteBusinessTitle":null},{"__metadata":{"id":"https://ws.parlament.ch/OData.svc/Transcript(ID=376999L,Language='FR')","uri":"https://ws.parlament.ch/OData.svc/Transcript(ID=376999L,Language='FR')","type":"itsystems.Pd.DataServices.DataModel.Transcript"},"Subjects":{"__deferred":{"uri":"https://ws.parlament.ch/OData.svc/Transcript(ID=376999L,Language='FR')/Subjects"}},"MembersCouncil":{"__deferred":{"uri":"https://ws.parlament.ch/OData.svc/Transcript(ID=376999L,Language='FR')/MembersCouncil"}},"Businesses":{"__deferred":{"uri":"https://ws.parlament.ch/OData.svc/Transcript(ID=376999L,Language='FR')/Businesses"}},"ID":"376999","Language":"FR","IdSubject":"71948","VoteId":null,"PersonNumber":4240,"Type":1,"Text":"<pd_text><p>Comme vous le savez, le d\u00e9veloppement rapide des technologies d'intelligence artificielle offre des opportunit\u00e9s in\u00e9dites aux autorit\u00e9s de s\u00e9curit\u00e9 [PAGE 582] pour anticiper, d\u00e9tecter ou \u00e9lucider des infractions. L'analyse pr\u00e9dictive, la reconnaissance automatis\u00e9e ou le traitement de donn\u00e9es de masse permettent de cibler la criminalit\u00e9 organis\u00e9e et transfrontali\u00e8re tout en optimisant les ressources polici\u00e8res face \u00e0 des flux d'informations exponentiels. Cependant, le d\u00e9ploiement de ces outils dans le domaine r\u00e9galien de la s\u00e9curit\u00e9 pr\u00e9sente des risques majeurs pour l'\u00e9tat de droit. L'usage d'algorithmes peut induire des biais discriminatoires, menacer la pr\u00e9somption d'innocence et porter des atteintes potentiellement irr\u00e9versibles \u00e0 la protection de la vie priv\u00e9e et \u00e0 l'autod\u00e9termination des citoyens. Le domaine de la s\u00e9curit\u00e9 int\u00e9rieure exige donc des garde-fous[NB]plus[NB]stricts[NB]que[NB]les[NB]secteurs commerciaux. Une r\u00e9glementation transparente, \u00e9thique et juridiquement solide est indispensable pour garantir l'acceptabilit\u00e9 sociale de ces technologies.</p>\n<p>Le Conseil f\u00e9d\u00e9ral a d\u00e9j\u00e0 initi\u00e9 une r\u00e9flexion transversale. Apr\u00e8s l'adoption du postulat Dobler 23.3201, il a charg\u00e9 le D\u00e9partement f\u00e9d\u00e9ral de justice et police de pr\u00e9parer un projet de r\u00e9glementation g\u00e9n\u00e9rale de l'intelligence artificielle d'ici fin 2026. Toutefois, ce cadre horizontal ne saurait suffire. La police et la poursuite p\u00e9nale se distinguent par leur capacit\u00e9 \u00e0 d\u00e9ployer la contrainte \u00e9tatique. Cette sp\u00e9cificit\u00e9 exige une analyse cibl\u00e9e et sectorielle. De plus, l'architecture f\u00e9d\u00e9raliste de la Suisse impose une approche coordonn\u00e9e. La souverainet\u00e9 des cantons en mati\u00e8re de police doit \u00eatre rigoureusement articul\u00e9e avec les comp\u00e9tences f\u00e9d\u00e9rales de proc\u00e9dure p\u00e9nale. Le rapport que je demande devra poser les bases d'un cadre national harmonis\u00e9, \u00e9vitant la fragmentation juridique entre les cantons tout en respectant leurs pr\u00e9rogatives.</p>\n<p>Enfin, l'int\u00e9gration de l'intelligence artificielle soul\u00e8ve la question critique de la souverainet\u00e9 num\u00e9rique. Le recours \u00e0 des prestataires externes, souvent bas\u00e9s hors de Suisse, expose nos infrastructures de s\u00e9curit\u00e9 \u00e0 des risques de d\u00e9pendance technologique, de perte de contr\u00f4le des algorithmes et de fuite de donn\u00e9es sensibles. Face \u00e0 l'importance strat\u00e9gique de la capacit\u00e9 d'action de l'\u00c9tat, la Suisse doit fixer des crit\u00e8res d'acquisition stricts. Le rapport devra d\u00e9finir des exigences claires en mati\u00e8re d'auditabilit\u00e9, d'explicabilit\u00e9 des codes sources et d'h\u00e9bergement s\u00e9curis\u00e9 des donn\u00e9es pour garantir une autonomie strat\u00e9gique durable.</p>\n<p>Je remercie le Conseil f\u00e9d\u00e9ral de proposer l'acceptation de mon postulat, signe qu'il est conscient des probl\u00e8mes soulev\u00e9s. Je vous invite \u00e0 en faire de m\u00eame.</p>\n</pd_text>","MeetingCouncilAbbreviation":"S","MeetingDate":"20260615","MeetingVerbalixOid":4186,"IdSession":"5214","SpeakerFirstName":"Charles","SpeakerLastName":"Juillard","SpeakerFullName":"Juillard Charles","SpeakerFunction":"Mit-M","CouncilId":2,"CouncilName":"Conseil des Etats","CantonId":26,"CantonName":"Jura","CantonAbbreviation":"JU","ParlGroupName":"Le Groupe du Centre. Le Centre. PEV.","ParlGroupAbbreviation":"M-E","SortOrder":2,"Start":"\/Date(1781543116290)\/","End":"\/Date(1781543290769)\/","Function":"Mit-M","DisplaySpeaker":true,"LanguageOfText":"FR","Modified":"\/Date(1784986771095)\/","StartTimeWithTimezone":"\/Date(1781543116290+0120)\/","EndTimeWithTimezone":"\/Date(1781543290770+0120)\/","VoteBusinessNumber":null,"VoteBusinessShortNumber":null,"VoteBusinessTitle":null},{"__metadata":{"id":"https://ws.parlament.ch/OData.svc/Transcript(ID=377005L,Language='FR')","uri":"https://ws.parlament.ch/OData.svc/Transcript(ID=377005L,Language='FR')","type":"itsystems.Pd.DataServices.DataModel.Transcript"},"Subjects":{"__deferred":{"uri":"https://ws.parlament.ch/OData.svc/Transcript(ID=377005L,Language='FR')/Subjects"}},"MembersCouncil":{"__deferred":{"uri":"https://ws.parlament.ch/OData.svc/Transcript(ID=377005L,Language='FR')/MembersCouncil"}},"Businesses":{"__deferred":{"uri":"https://ws.parlament.ch/OData.svc/Transcript(ID=377005L,Language='FR')/Businesses"}},"ID":"377005","Language":"FR","IdSubject":"71948","VoteId":null,"PersonNumber":4055,"Type":1,"Text":"<pd_text><p><b>Pr\u00e4sident</b> (Engler Stefan, Pr\u00e4sident): Der Bundesrat beantragt die Annahme des Postulates.</p>\n</pd_text>","MeetingCouncilAbbreviation":"S","MeetingDate":"20260615","MeetingVerbalixOid":4186,"IdSession":"5214","SpeakerFirstName":"Stefan","SpeakerLastName":"Engler","SpeakerFullName":"Engler Stefan","SpeakerFunction":"P-M","CouncilId":2,"CouncilName":"Conseil des Etats","CantonId":18,"CantonName":"Grisons","CantonAbbreviation":"GR","ParlGroupName":"Le Groupe du Centre. Le Centre. PEV.","ParlGroupAbbreviation":"M-E","SortOrder":1,"Start":"\/Date(1781543099771)\/","End":"\/Date(1781543116290)\/","Function":"P-M","DisplaySpeaker":false,"LanguageOfText":null,"Modified":"\/Date(1784986771094)\/","StartTimeWithTimezone":"\/Date(1781543099770+0120)\/","EndTimeWithTimezone":"\/Date(1781543116290+0120)\/","VoteBusinessNumber":null,"VoteBusinessShortNumber":null,"VoteBusinessTitle":null},{"__metadata":{"id":"https://ws.parlament.ch/OData.svc/Transcript(ID=377006L,Language='FR')","uri":"https://ws.parlament.ch/OData.svc/Transcript(ID=377006L,Language='FR')","type":"itsystems.Pd.DataServices.DataModel.Transcript"},"Subjects":{"__deferred":{"uri":"https://ws.parlament.ch/OData.svc/Transcript(ID=377006L,Language='FR')/Subjects"}},"MembersCouncil":{"__deferred":{"uri":"https://ws.parlament.ch/OData.svc/Transcript(ID=377006L,Language='FR')/MembersCouncil"}},"Businesses":{"__deferred":{"uri":"https://ws.parlament.ch/OData.svc/Transcript(ID=377006L,Language='FR')/Businesses"}},"ID":"377006","Language":"FR","IdSubject":"71948","VoteId":null,"PersonNumber":4055,"Type":1,"Text":"<pd_text><p><i>Angenommen - Adopt\u00e9</i></p>\n</pd_text>","MeetingCouncilAbbreviation":"S","MeetingDate":"20260615","MeetingVerbalixOid":4186,"IdSession":"5214","SpeakerFirstName":"Stefan","SpeakerLastName":"Engler","SpeakerFullName":"Engler Stefan","SpeakerFunction":"P-M","CouncilId":2,"CouncilName":"Conseil des Etats","CantonId":18,"CantonName":"Grisons","CantonAbbreviation":"GR","ParlGroupName":"Le Groupe du Centre. Le Centre. PEV.","ParlGroupAbbreviation":"M-E","SortOrder":4,"Start":"\/Date(1781543435921)\/","End":"\/Date(1781543449648)\/","Function":"P-M","DisplaySpeaker":false,"LanguageOfText":null,"Modified":"\/Date(1784986771098)\/","StartTimeWithTimezone":"\/Date(1781543435920+0120)\/","EndTimeWithTimezone":"\/Date(1781543449647+0120)\/","VoteBusinessNumber":null,"VoteBusinessShortNumber":null,"VoteBusinessTitle":null}]},"ID":"71948","Language":"FR","IdMeeting":"5243","VerbalixOid":805139,"SortOrder":8,"Modified":"\/Date(1784986771093)\/"}}