{"d":{"__metadata":{"id":"https://ws.parlament.ch/OData.svc/Subject(ID=71962L,Language='FR')","uri":"https://ws.parlament.ch/OData.svc/Subject(ID=71962L,Language='FR')","type":"itsystems.Pd.DataServices.DataModel.Subject"},"Meetings":{"__metadata":{"id":"https://ws.parlament.ch/OData.svc/Meeting(ID=5244L,Language='FR')","uri":"https://ws.parlament.ch/OData.svc/Meeting(ID=5244L,Language='FR')","type":"itsystems.Pd.DataServices.DataModel.Meeting"},"Sessions":{"__deferred":{"uri":"https://ws.parlament.ch/OData.svc/Meeting(ID=5244L,Language='FR')/Sessions"}},"Subjects":{"__deferred":{"uri":"https://ws.parlament.ch/OData.svc/Meeting(ID=5244L,Language='FR')/Subjects"}},"ID":"5244","Language":"FR","MeetingNumber":11,"IdSession":5214,"SessionNumber":14,"SessionName":"Session d'\u00e9t\u00e9 2026","Council":1,"CouncilName":"Conseil national","CouncilAbbreviation":"CN","Date":"\/Date(1781568000000)\/","Begin":"0800","Modified":"\/Date(1784709833094)\/","LegislativePeriodNumber":52,"PublicationStatus":"final","MeetingOrderText":"Onzi\u00e8me s\u00e9ance","SortOrder":11,"Location":"N"},"SubjectsBusiness":{"results":[{"__metadata":{"id":"https://ws.parlament.ch/OData.svc/SubjectBusiness(BusinessNumber=20263130,IdSubject=71962L,Language='FR')","uri":"https://ws.parlament.ch/OData.svc/SubjectBusiness(BusinessNumber=20263130,IdSubject=71962L,Language='FR')","type":"itsystems.Pd.DataServices.DataModel.SubjectBusiness"},"Subjects":{"__deferred":{"uri":"https://ws.parlament.ch/OData.svc/SubjectBusiness(BusinessNumber=20263130,IdSubject=71962L,Language='FR')/Subjects"}},"Businesses":{"__deferred":{"uri":"https://ws.parlament.ch/OData.svc/SubjectBusiness(BusinessNumber=20263130,IdSubject=71962L,Language='FR')/Businesses"}},"IdSubject":"71962","BusinessNumber":20263130,"Language":"FR","BusinessShortNumber":"26.3130","Title":"Pas de permis de s\u00e9jour pour les criminels","SortOrder":1,"PublishedNotes":null,"Modified":"\/Date(1779972634116)\/","TitleDE":"Motion Fraktion\nder Schweizerischen Volkspartei.\nKeine Aufenthaltsbewilligungen\nf\u00fcr Kriminelle","TitleFR":"Motion groupe\nde l'Union d\u00e9mocratique du centre.\nPas de permis de s\u00e9jour\npour les criminels","TitleIT":null}]},"Transcripts":{"results":[{"__metadata":{"id":"https://ws.parlament.ch/OData.svc/Transcript(ID=377204L,Language='FR')","uri":"https://ws.parlament.ch/OData.svc/Transcript(ID=377204L,Language='FR')","type":"itsystems.Pd.DataServices.DataModel.Transcript"},"Subjects":{"__deferred":{"uri":"https://ws.parlament.ch/OData.svc/Transcript(ID=377204L,Language='FR')/Subjects"}},"MembersCouncil":{"__deferred":{"uri":"https://ws.parlament.ch/OData.svc/Transcript(ID=377204L,Language='FR')/MembersCouncil"}},"Businesses":{"__deferred":{"uri":"https://ws.parlament.ch/OData.svc/Transcript(ID=377204L,Language='FR')/Businesses"}},"ID":"377204","Language":"FR","IdSubject":"71962","VoteId":"32664","PersonNumber":null,"Type":2,"Text":"<pd_text><p><i>Abstimmung - Vote </i>[GZ]</p>\n<p>[NAM][GZ]</p>\n<p>F\u00fcr Annahme der Motion ... 121 Stimmen [GZ]</p>\n<p>Dagegen ... 71 Stimmen [GZ]</p>\n<p>(4 Enthaltungen)</p>\n</pd_text>","MeetingCouncilAbbreviation":"N","MeetingDate":"20260616","MeetingVerbalixOid":4187,"IdSession":"5214","SpeakerFirstName":null,"SpeakerLastName":null,"SpeakerFullName":"","SpeakerFunction":null,"CouncilId":null,"CouncilName":null,"CantonId":null,"CantonName":null,"CantonAbbreviation":null,"ParlGroupName":null,"ParlGroupAbbreviation":null,"SortOrder":2,"Start":"\/Date(1781606998135)\/","End":"\/Date(1781607024743)\/","Function":null,"DisplaySpeaker":null,"LanguageOfText":null,"Modified":"\/Date(1785314720736)\/","StartTimeWithTimezone":"\/Date(1781606998137+0120)\/","EndTimeWithTimezone":"\/Date(1781607024743+0120)\/","VoteBusinessNumber":20263130,"VoteBusinessShortNumber":"26.3130","VoteBusinessTitle":"Motion groupe\nde l'Union d\u00e9mocratique du centre.\nPas de permis de s\u00e9jour\npour les criminels"},{"__metadata":{"id":"https://ws.parlament.ch/OData.svc/Transcript(ID=377237L,Language='FR')","uri":"https://ws.parlament.ch/OData.svc/Transcript(ID=377237L,Language='FR')","type":"itsystems.Pd.DataServices.DataModel.Transcript"},"Subjects":{"__deferred":{"uri":"https://ws.parlament.ch/OData.svc/Transcript(ID=377237L,Language='FR')/Subjects"}},"MembersCouncil":{"__deferred":{"uri":"https://ws.parlament.ch/OData.svc/Transcript(ID=377237L,Language='FR')/MembersCouncil"}},"Businesses":{"__deferred":{"uri":"https://ws.parlament.ch/OData.svc/Transcript(ID=377237L,Language='FR')/Businesses"}},"ID":"377237","Language":"FR","IdSubject":"71962","VoteId":null,"PersonNumber":4169,"Type":1,"Text":"<pd_text><p><b>Le pr\u00e9sident</b> (Page Pierre-Andr\u00e9, pr\u00e9sident): La motion a \u00e9t\u00e9 discut\u00e9e dans le cadre de la session extraordinaire 26.9018. Le Conseil f\u00e9d\u00e9ral propose de rejeter la motion. </p>\n</pd_text>","MeetingCouncilAbbreviation":"N","MeetingDate":"20260616","MeetingVerbalixOid":4187,"IdSession":"5214","SpeakerFirstName":"Pierre-Andr\u00e9","SpeakerLastName":"Page","SpeakerFullName":"Page Pierre-Andr\u00e9","SpeakerFunction":"P-M","CouncilId":1,"CouncilName":"Conseil national","CantonId":10,"CantonName":"Fribourg","CantonAbbreviation":"FR","ParlGroupName":"Groupe de l'Union d\u00e9mocratique du Centre","ParlGroupAbbreviation":"V","SortOrder":1,"Start":"\/Date(1781606973297)\/","End":"\/Date(1781606998135)\/","Function":"P-M","DisplaySpeaker":false,"LanguageOfText":null,"Modified":"\/Date(1785314720733)\/","StartTimeWithTimezone":"\/Date(1781606973297+0120)\/","EndTimeWithTimezone":"\/Date(1781606998137+0120)\/","VoteBusinessNumber":null,"VoteBusinessShortNumber":null,"VoteBusinessTitle":null}]},"ID":"71962","Language":"FR","IdMeeting":"5244","VerbalixOid":805423,"SortOrder":6,"Modified":"\/Date(1785314720731)\/"}}