{"d":{"__metadata":{"id":"https://ws.parlament.ch/OData.svc/Subject(ID=71976L,Language='DE')","uri":"https://ws.parlament.ch/OData.svc/Subject(ID=71976L,Language='DE')","type":"itsystems.Pd.DataServices.DataModel.Subject"},"Meetings":{"__metadata":{"id":"https://ws.parlament.ch/OData.svc/Meeting(ID=5244L,Language='DE')","uri":"https://ws.parlament.ch/OData.svc/Meeting(ID=5244L,Language='DE')","type":"itsystems.Pd.DataServices.DataModel.Meeting"},"Sessions":{"__deferred":{"uri":"https://ws.parlament.ch/OData.svc/Meeting(ID=5244L,Language='DE')/Sessions"}},"Subjects":{"__deferred":{"uri":"https://ws.parlament.ch/OData.svc/Meeting(ID=5244L,Language='DE')/Subjects"}},"ID":"5244","Language":"DE","MeetingNumber":11,"IdSession":5214,"SessionNumber":14,"SessionName":"Sommersession 2026","Council":1,"CouncilName":"Nationalrat","CouncilAbbreviation":"NR","Date":"\/Date(1781568000000)\/","Begin":"0800","Modified":"\/Date(1784709833094)\/","LegislativePeriodNumber":52,"PublicationStatus":"final","MeetingOrderText":"Elfte Sitzung","SortOrder":11,"Location":"N"},"SubjectsBusiness":{"results":[{"__metadata":{"id":"https://ws.parlament.ch/OData.svc/SubjectBusiness(BusinessNumber=20254577,IdSubject=71976L,Language='DE')","uri":"https://ws.parlament.ch/OData.svc/SubjectBusiness(BusinessNumber=20254577,IdSubject=71976L,Language='DE')","type":"itsystems.Pd.DataServices.DataModel.SubjectBusiness"},"Subjects":{"__deferred":{"uri":"https://ws.parlament.ch/OData.svc/SubjectBusiness(BusinessNumber=20254577,IdSubject=71976L,Language='DE')/Subjects"}},"Businesses":{"__deferred":{"uri":"https://ws.parlament.ch/OData.svc/SubjectBusiness(BusinessNumber=20254577,IdSubject=71976L,Language='DE')/Businesses"}},"IdSubject":"71976","BusinessNumber":20254577,"Language":"DE","BusinessShortNumber":"25.4577","Title":"Mehr Schutz f\u00fcr die Bev\u00f6lkerung. Wirksame Massnahmen gegen gewaltt\u00e4tige und kriminelle Asylsuchende","SortOrder":1,"PublishedNotes":null,"Modified":"\/Date(1773673680970)\/","TitleDE":"Motion Chiesa Marco.\nMehr Schutz f\u00fcr die Bev\u00f6lkerung.\nWirksame Massnahmen\ngegen gewaltt\u00e4tige und kriminelle\nAsylsuchende","TitleFR":"Motion Chiesa Marco.\nPlus de protection pour la population.\nDes mesures efficaces\ncontre les demandeurs d'asile violents\net criminels","TitleIT":"Mozione Chiesa Marco.\nProteggere meglio la popolazione.\nMisure efficaci contro i richiedenti\nl'asilo violenti e criminali"}]},"Transcripts":{"results":[{"__metadata":{"id":"https://ws.parlament.ch/OData.svc/Transcript(ID=377261L,Language='DE')","uri":"https://ws.parlament.ch/OData.svc/Transcript(ID=377261L,Language='DE')","type":"itsystems.Pd.DataServices.DataModel.Transcript"},"Subjects":{"__deferred":{"uri":"https://ws.parlament.ch/OData.svc/Transcript(ID=377261L,Language='DE')/Subjects"}},"MembersCouncil":{"__deferred":{"uri":"https://ws.parlament.ch/OData.svc/Transcript(ID=377261L,Language='DE')/MembersCouncil"}},"Businesses":{"__deferred":{"uri":"https://ws.parlament.ch/OData.svc/Transcript(ID=377261L,Language='DE')/Businesses"}},"ID":"377261","Language":"DE","IdSubject":"71976","VoteId":"32670","PersonNumber":null,"Type":2,"Text":"<pd_text><p><b>Le pr\u00e9sident</b> (Page Pierre-Andr\u00e9, pr\u00e9sident): La majorit\u00e9 de la commission propose d'adopter la motion. Une minorit\u00e9 Jost et le Conseil f\u00e9d\u00e9ral proposent de la rejeter. </p>\n<p>[VS]</p>\n<p><i>Abstimmung - Vote </i>[GZ]</p>\n<p>[NAM][GZ]</p>\n<p>F\u00fcr Annahme der Motion ... 117 Stimmen [GZ]</p>\n<p>Dagegen ... 74 Stimmen [GZ]</p>\n<p>(1 Enthaltung)</p>\n</pd_text>","MeetingCouncilAbbreviation":"N","MeetingDate":"20260616","MeetingVerbalixOid":4187,"IdSession":"5214","SpeakerFirstName":null,"SpeakerLastName":null,"SpeakerFullName":"","SpeakerFunction":null,"CouncilId":null,"CouncilName":null,"CantonId":null,"CantonName":null,"CantonAbbreviation":null,"ParlGroupName":null,"ParlGroupAbbreviation":null,"SortOrder":5,"Start":"\/Date(1781609320888)\/","End":"\/Date(1781609320888)\/","Function":null,"DisplaySpeaker":null,"LanguageOfText":null,"Modified":"\/Date(1788532337190)\/","StartTimeWithTimezone":"\/Date(1781609320887+0120)\/","EndTimeWithTimezone":"\/Date(1781609320887+0120)\/","VoteBusinessNumber":20254577,"VoteBusinessShortNumber":"25.4577","VoteBusinessTitle":"Motion Chiesa Marco.\nMehr Schutz f\u00fcr die Bev\u00f6lkerung.\nWirksame Massnahmen\ngegen gewaltt\u00e4tige und kriminelle\nAsylsuchende"},{"__metadata":{"id":"https://ws.parlament.ch/OData.svc/Transcript(ID=377266L,Language='DE')","uri":"https://ws.parlament.ch/OData.svc/Transcript(ID=377266L,Language='DE')","type":"itsystems.Pd.DataServices.DataModel.Transcript"},"Subjects":{"__deferred":{"uri":"https://ws.parlament.ch/OData.svc/Transcript(ID=377266L,Language='DE')/Subjects"}},"MembersCouncil":{"__deferred":{"uri":"https://ws.parlament.ch/OData.svc/Transcript(ID=377266L,Language='DE')/MembersCouncil"}},"Businesses":{"__deferred":{"uri":"https://ws.parlament.ch/OData.svc/Transcript(ID=377266L,Language='DE')/Businesses"}},"ID":"377266","Language":"DE","IdSubject":"71976","VoteId":null,"PersonNumber":4032,"Type":1,"Text":"<pd_text><p>Im Jahr 2025 - das ist noch nicht so lange her - haben Sie sich in diesem Rat im Rahmen der Debatte rund um das Projekt \"Pr\u00e4vention und Sicherheit in den Bundesasylzentren (Presec)\" genau mit diesem Thema vertieft auseinandergesetzt. Das Parlament beschloss entsprechende Gesetzes\u00e4nderungen. Seit dem 1.[NB]Juni 2026 sind diese \u00c4nderungen im Asylgesetz nun in Kraft. Das Staatssekretariat f\u00fcr Migration hat dank dieser \u00c4nderungen die [PAGE 1282] M\u00f6glichkeit, Disziplinarmassnahmen zu ergreifen, wenn die \u00f6ffentliche Sicherheit und Ordnung im Umfeld der Zentren gef\u00e4hrdet ist. Ans\u00e4tze wie jenen der Motion lehnten Sie in diesem Rat vor einem Jahr ab.</p>\n<p>Die verlangte Ausgangssperre von bis zu zehn Tagen aus disziplinarischen Gr\u00fcnden stellt einen unverh\u00e4ltnism\u00e4ssigen Freiheitsentzug dar. Sie ist mit den geltenden Rechtsgrundlagen sowie der Rechtsprechung nicht vereinbar. F\u00fcr die Strafverfolgung und den Strafvollzug sind die Kantone zust\u00e4ndig. Eine Inhaftierung durch das SEM im Rahmen eines Strafverfahrens w\u00e4re nicht zul\u00e4ssig - sie w\u00e4re verfassungswidrig. Wenn Sie die Motion annehmen w\u00fcrden, w\u00fcrden Sie die Umsetzung von weiteren Massnahmen in Auftrag geben, und zwar bereits wenige Tage nach Inkrafttreten der vom Parlament beschlossenen Versch\u00e4rfungen, noch bevor \u00fcberhaupt beurteilt werden kann, ob und wie die neuen Regelungen die gew\u00fcnschte Wirkung entfalten.</p>\n<p>Der Bundesrat hat bereits bessere und wirksamere Massnahmen an die Hand genommen, um gegen Intensivt\u00e4ter im Asylbereich vorzugehen. Diese Massnahmen hebeln die verfassungsm\u00e4ssig garantierten Kompetenzenregelung zwischen Bund und Kantonen nicht aus, sind aber bereits wirksam. Das Pilotprojekt Taskforce Intensivt\u00e4ter l\u00e4uft seit bald einem Jahr und zeigt Wirkung. Von den im ersten Halbjahr gemeldeten 87 F\u00e4llen konnten 51 Personen dank dieser Taskforce in Haft genommen werden. Wir werden Ihnen die Auswertung des Projekts und die Schlussfolgerungen in Bezug auf Gesetzesanpassungen bald pr\u00e4sentieren. Diese Motion verfolgt einen falschen Ansatz.</p>\n<p>Aus all diesen Gr\u00fcnden beantragt der Bundesrat Ablehnung der Motion.</p>\n</pd_text>","MeetingCouncilAbbreviation":"N","MeetingDate":"20260616","MeetingVerbalixOid":4187,"IdSession":"5214","SpeakerFirstName":"Beat","SpeakerLastName":"Jans","SpeakerFullName":"Jans Beat","SpeakerFunction":"BR-M","CouncilId":99,"CouncilName":"Bundesrat","CantonId":12,"CantonName":"Basel-Stadt","CantonAbbreviation":"BS","ParlGroupName":null,"ParlGroupAbbreviation":null,"SortOrder":4,"Start":"\/Date(1781609148943)\/","End":"\/Date(1781609320888)\/","Function":"BR-M","DisplaySpeaker":true,"LanguageOfText":"DE","Modified":"\/Date(1788532337187)\/","StartTimeWithTimezone":"\/Date(1781609148943+0120)\/","EndTimeWithTimezone":"\/Date(1781609320887+0120)\/","VoteBusinessNumber":null,"VoteBusinessShortNumber":null,"VoteBusinessTitle":null},{"__metadata":{"id":"https://ws.parlament.ch/OData.svc/Transcript(ID=377275L,Language='DE')","uri":"https://ws.parlament.ch/OData.svc/Transcript(ID=377275L,Language='DE')","type":"itsystems.Pd.DataServices.DataModel.Transcript"},"Subjects":{"__deferred":{"uri":"https://ws.parlament.ch/OData.svc/Transcript(ID=377275L,Language='DE')/Subjects"}},"MembersCouncil":{"__deferred":{"uri":"https://ws.parlament.ch/OData.svc/Transcript(ID=377275L,Language='DE')/MembersCouncil"}},"Businesses":{"__deferred":{"uri":"https://ws.parlament.ch/OData.svc/Transcript(ID=377275L,Language='DE')/Businesses"}},"ID":"377275","Language":"DE","IdSubject":"71976","VoteId":null,"PersonNumber":4169,"Type":1,"Text":"<pd_text><p><i>Antrag der Mehrheit </i>[GZ]</p>\n<p>Annahme der Motion [PAGE 1281] </p>\n<p>[VS]</p>\n<p><i>Antrag der Minderheit </i>[GZ]</p>\n<p>(Jost, Gl\u00e4ttli, Gysin Greta, Klopfenstein Broggini, Marti Samira, Masshardt, Rumy, Schl\u00e4fli Nina, Tschopp, Weber)[GZ]</p>\n<p>Ablehnung der Motion </p>\n<p>[VS]</p>\n<p><i>Proposition de la majorit\u00e9 </i>[GZ]</p>\n<p>Adopter la motion</p>\n<p>[VS]</p>\n<p><i>Proposition de la minorit\u00e9 </i>[GZ]</p>\n<p>(Jost, Gl\u00e4ttli, Gysin Greta, Klopfenstein Broggini, Marti Samira, Masshardt, Rumy, Schl\u00e4fli Nina, Tschopp, Weber)[GZ]</p>\n<p>Rejeter la motion</p>\n<p>[VS]</p>\n<p><b>Le pr\u00e9sident</b> (Page Pierre-Andr\u00e9, pr\u00e9sident): Vous avez re\u00e7u un rapport \u00e9crit de la commission. </p>\n</pd_text>","MeetingCouncilAbbreviation":"N","MeetingDate":"20260616","MeetingVerbalixOid":4187,"IdSession":"5214","SpeakerFirstName":"Pierre-Andr\u00e9","SpeakerLastName":"Page","SpeakerFullName":"Page Pierre-Andr\u00e9","SpeakerFunction":"P-M","CouncilId":1,"CouncilName":"Nationalrat","CantonId":10,"CantonName":"Freiburg","CantonAbbreviation":"FR","ParlGroupName":"Fraktion der Schweizerischen Volkspartei","ParlGroupAbbreviation":"V","SortOrder":1,"Start":"\/Date(1781608591307)\/","End":"\/Date(1781608628971)\/","Function":"P-M","DisplaySpeaker":false,"LanguageOfText":null,"Modified":"\/Date(1788532337185)\/","StartTimeWithTimezone":"\/Date(1781608591307+0120)\/","EndTimeWithTimezone":"\/Date(1781608628970+0120)\/","VoteBusinessNumber":null,"VoteBusinessShortNumber":null,"VoteBusinessTitle":null},{"__metadata":{"id":"https://ws.parlament.ch/OData.svc/Transcript(ID=377338L,Language='DE')","uri":"https://ws.parlament.ch/OData.svc/Transcript(ID=377338L,Language='DE')","type":"itsystems.Pd.DataServices.DataModel.Transcript"},"Subjects":{"__deferred":{"uri":"https://ws.parlament.ch/OData.svc/Transcript(ID=377338L,Language='DE')/Subjects"}},"MembersCouncil":{"__deferred":{"uri":"https://ws.parlament.ch/OData.svc/Transcript(ID=377338L,Language='DE')/MembersCouncil"}},"Businesses":{"__deferred":{"uri":"https://ws.parlament.ch/OData.svc/Transcript(ID=377338L,Language='DE')/Businesses"}},"ID":"377338","Language":"DE","IdSubject":"71976","VoteId":null,"PersonNumber":4331,"Type":1,"Text":"<pd_text><p>Niemand in diesem Rat bestreitet, dass Straftaten im Umfeld von Bundesasylzentren ernst genommen werden m\u00fcssen. Straff\u00e4lliges Verhalten ist nicht akzeptabel, unabh\u00e4ngig davon, von wem es ausgeht. Die Bev\u00f6lkerung hat Anspruch auf Sicherheit, und auch die grosse Mehrheit der Asylsuchenden leidet unter dem Verhalten einzelner Intensivt\u00e4ter. </p>\n<p>Die Motion verlangt, dass das Staatssekretariat f\u00fcr Migration (SEM) Ausgangssperren oder gar Haft von bis zu zehn Tagen gegen Asylsuchende anordnen kann. Was das konkret bedeutet, l\u00e4sst sich an einem einfachen Beispiel zeigen. Stellen wir uns einen Asylsuchenden vor, gegen den nach einer Auseinandersetzung zum Beispiel vor einem Einkaufszentrum ein Strafverfahren er\u00f6ffnet wird, vielleicht wegen Rangelei oder des Verdachts auf Diebstahl. Noch bevor ein Gericht diese Vorw\u00fcrfe pr\u00fcft, k\u00f6nnte das SEM gem\u00e4ss dieser Motion eine Ausgangssperre oder sogar Haft anordnen - nicht ein unabh\u00e4ngiges Gericht in einem ordentlichen Strafverfahren, sondern eine Verwaltungsbeh\u00f6rde. </p>\n<p>Genau das entspricht nicht unserem schweizerischen Staatsverst\u00e4ndnis. In der Schweiz trennen wir zwischen Verwaltung, Polizei und Justiz, und gerade darin liegt die St\u00e4rke eines Rechtsstaats. Macht wird aufgeteilt, kontrolliert und begrenzt. Wir geben einer Beh\u00f6rde nicht gleichzeitig die Rolle von Aufsicht, Anklage und sanktionierender Stelle. Der Bundesrat weist deshalb zu Recht darauf hin, dass das SEM verfassungsrechtlich weder f\u00fcr Strafverfolgung noch f\u00fcr Strafvollzug zust\u00e4ndig ist. Denn Ausgangssperren oder Haft von bis zu zehn Tagen stellen erhebliche Eingriffe in die Bewegungsfreiheit und damit in ein zentrales Grundrecht dar. Es handelt sich faktisch um Massnahmen, die in einem Rechtsstaat wie der Schweiz ausschliesslich durch die zust\u00e4ndigen Strafbeh\u00f6rden unter gerichtlicher Kontrolle angeordnet werden d\u00fcrfen. </p>\n<p>Hinzu kommt: Der Staat handelt bereits. Die Kantone sind zust\u00e4ndig f\u00fcr die Gew\u00e4hrleistung der \u00f6ffentlichen Sicherheit und Ordnung um die Bundesasylzentren. Sie verf\u00fcgen entsprechend auch \u00fcber strafrechtliche Mittel gegen Personen, die Straftaten begehen oder die \u00f6ffentliche Sicherheit gef\u00e4hrden, wie beispielsweise die Untersuchungshaft. Gleichzeitig laufen auf Bundesebene zahlreiche Reformen, zum Beispiel mit der Asylstrategie 2027, und seit Juni 2025 arbeitet auch eine nationale Taskforce gegen kriminelle Intensivt\u00e4ter daran, Vollzugsl\u00fccken zu schliessen und Massnahmen konsequenter anzuwenden. </p>\n<p>Jetzt kommt ein ganz wichtiger Punkt: Erst gerade hat das Parlament Versch\u00e4rfungen in genau diesem Bereich beschlossen. Diese Versch\u00e4rfungen wurden zu Beginn dieser Session, am 1.[NB]Juni 2026, in Kraft gesetzt. Neu kann das SEM zus\u00e4tzliche Disziplinarmassnahmen anordnen und in akuten Gefahrensituationen auch eine vor\u00fcbergehende Festhaltung von bis zu 72 Stunden verf\u00fcgen. Es wurde also bereits gehandelt. Wir m\u00fcssen uns daher fragen: Braucht es wirklich weitere Sondermassnahmen, die rechtsstaatlich h\u00f6chst fragw\u00fcrdig sind und neue juristische Unsicherheiten provozieren? Oder laufen wir Gefahr, mit symbolischer H\u00e4rte vor allem Politik f\u00fcr die Schlagzeilen zu machen, statt rechtsstaatlich saubere und wirksame L\u00f6sungen umzusetzen? </p>\n<p>Der Nationalrat hat am 11.[NB]M\u00e4rz bereits eine gleichlautende Motion der SVP-Fraktion angenommen. Heute haben Sie die Gelegenheit, die j\u00fcngsten Entwicklungen, wie ich sie beschrieben habe, zu ber\u00fccksichtigen und diesen Entscheid zu korrigieren, der zwar verst\u00e4ndlicherweise aus einem Sicherheitsbed\u00fcrfnis entstanden ist, aber auf ein falsches Mittel setzt. </p>\n<p>Ich bitte Sie deshalb, der Minderheit zu folgen und die Motion abzulehnen. Wie der Mehrheitssprecher bereits gesagt hat: Die Motion wurde mit 13 zu 10 Stimmen bei 2 Enthaltungen angenommen.</p>\n</pd_text>","MeetingCouncilAbbreviation":"N","MeetingDate":"20260616","MeetingVerbalixOid":4187,"IdSession":"5214","SpeakerFirstName":"Marc","SpeakerLastName":"Jost","SpeakerFullName":"Jost Marc","SpeakerFunction":"Mit-M","CouncilId":1,"CouncilName":"Nationalrat","CantonId":2,"CantonName":"Bern","CantonAbbreviation":"BE","ParlGroupName":"Die Mitte-Fraktion. Die Mitte. EVP.","ParlGroupAbbreviation":"M-E","SortOrder":3,"Start":"\/Date(1781608858321)\/","End":"\/Date(1781609141872)\/","Function":"Mit-M","DisplaySpeaker":true,"LanguageOfText":"DE","Modified":"\/Date(1788532337186)\/","StartTimeWithTimezone":"\/Date(1781608858320+0120)\/","EndTimeWithTimezone":"\/Date(1781609141873+0120)\/","VoteBusinessNumber":null,"VoteBusinessShortNumber":null,"VoteBusinessTitle":null},{"__metadata":{"id":"https://ws.parlament.ch/OData.svc/Transcript(ID=377360L,Language='DE')","uri":"https://ws.parlament.ch/OData.svc/Transcript(ID=377360L,Language='DE')","type":"itsystems.Pd.DataServices.DataModel.Transcript"},"Subjects":{"__deferred":{"uri":"https://ws.parlament.ch/OData.svc/Transcript(ID=377360L,Language='DE')/Subjects"}},"MembersCouncil":{"__deferred":{"uri":"https://ws.parlament.ch/OData.svc/Transcript(ID=377360L,Language='DE')/MembersCouncil"}},"Businesses":{"__deferred":{"uri":"https://ws.parlament.ch/OData.svc/Transcript(ID=377360L,Language='DE')/Businesses"}},"ID":"377360","Language":"DE","IdSubject":"71976","VoteId":null,"PersonNumber":4311,"Type":1,"Text":"<pd_text><p>La mozione in oggetto chiede al Consiglio federale di proporre i necessari adeguamenti legislativi e di adottare le misure del caso finch\u00e9 sia possibile ordinare, nei confronti dei richiedenti l'asilo ospitati nei centri federali che violano le regole d'uscita, mettono in pericolo la sicurezza e l'ordine pubblico all'esterno dei centri, oppure sono oggetti di un procedimento penale, un coprifuoco o una detenzione fino a 10 giorni. </p>\n<p>Il punto centrale \u00e8 chiaro, la sicurezza all'interno dei centri federali \u00e8 importante ma non basta. Occorre proteggere anche la popolazione che vive e lavora nei pressi di questi centri. La revisione della legge sull'asilo ha gi\u00e0 permesso di migliorare alcuni aspetti legati alla sicurezza dei centri. Tuttavia, restano problemi concreti all'esterno, vale dire violazioni dell'ordine pubblico, mancato rispetto delle regole, comportamenti aggressivi, danni materiali, furti e altri reati. </p>\n<p>La commissione ha preso atto delle osservazioni del Consiglio federale che propone di respingere la mozione richiamando la ripartizione delle competenze tra Confederazione, Cantoni e autorit\u00e0 penali. Il Consiglio federale sostiene in particolare che la SEM \u00e8 competente per la sicurezza all'interno dei centri, mentre la sicurezza esterna compete di principio alle autorit\u00e0 cantonali. La maggioranza della commissione ritiene per\u00f2 che proprio questa situazione dimostri la necessit\u00e0 di intervenire. I reati e le violazioni dell'ordine pubblico commessi nelle immediate vicinanze dei centri federali d'asilo gravano in modo significativo sulla polizia e sulle autorit\u00e0 penali cantonali. Inoltre, questi episodi compromettono l'accettazione dei centri federali da parte della popolazione residente nelle loro vicinanze.</p>\n<p>La commissione considera le misure proposte nella mozione adeguate, efficaci e proporzionate. Sono limitate nel tempo, con una durata massima, appunto, di dieci giorni, e mirano a ristabilire ordine e sicurezza in situazioni problematiche. Pur limitando la libert\u00e0 di movimento delle persone interessate, possono essere considerate misure disciplinari. La commissione ricorda inoltre che in altri ambiti, come ad esempio quello militare, sanzioni analoghe possono gi\u00e0 essere applicate nei confronti di reclute o soldati che violano determinate regole. </p>\n<p>La commissione sottolinea che occorre migliorare anche la sicurezza all'interno dei centri federali d'asilo. Per questo ha accolto anche la mozione della Commissione delle istituzioni politiche del Nazionale 26.3522 sulla gestione efficiente dei richiedenti l'asilo problematici e sull'applicazione coerente della legge sull'asilo. La mozione non intende dunque attuare misure arbitrarie o illimitate, ma strumenti mirati, circoscritti e proporzionati per rispondere a situazioni concrete che oggi ricadono troppo spesso sui Cantoni, sui Comuni e sulla popolazione locale.</p>\n<p>Ricordo infine che il Consiglio degli Stati ha gi\u00e0 accolto la mozione il 10 marzo 2026 con 32 voti contro 11. La Commissione delle istituzioni politiche del nostro consiglio propone a sua volta, con 13 voti contro 10 e 2 astensioni, di accogliere la mozione. </p>\n<p>Per queste ragioni vi invito a seguire la maggioranza della commissione e ad accogliere la mozione.</p>\n</pd_text>","MeetingCouncilAbbreviation":"N","MeetingDate":"20260616","MeetingVerbalixOid":4187,"IdSession":"5214","SpeakerFirstName":"Piero","SpeakerLastName":"Marchesi","SpeakerFullName":"Marchesi Piero","SpeakerFunction":"Mit-M","CouncilId":1,"CouncilName":"Nationalrat","CantonId":27,"CantonName":"Tessin","CantonAbbreviation":"TI","ParlGroupName":"Fraktion der Schweizerischen Volkspartei","ParlGroupAbbreviation":"V","SortOrder":2,"Start":"\/Date(1781608628971)\/","End":"\/Date(1781608851481)\/","Function":"*","DisplaySpeaker":true,"LanguageOfText":"IT","Modified":"\/Date(1788532337186)\/","StartTimeWithTimezone":"\/Date(1781608628970+0120)\/","EndTimeWithTimezone":"\/Date(1781608851480+0120)\/","VoteBusinessNumber":null,"VoteBusinessShortNumber":null,"VoteBusinessTitle":null}]},"ID":"71976","Language":"DE","IdMeeting":"5244","VerbalixOid":805520,"SortOrder":12,"Modified":"\/Date(1788532337184)\/"}}