{"d":{"__metadata":{"id":"https://ws.parlament.ch/OData.svc/Subject(ID=71984L,Language='DE')","uri":"https://ws.parlament.ch/OData.svc/Subject(ID=71984L,Language='DE')","type":"itsystems.Pd.DataServices.DataModel.Subject"},"Meetings":{"__metadata":{"id":"https://ws.parlament.ch/OData.svc/Meeting(ID=5244L,Language='DE')","uri":"https://ws.parlament.ch/OData.svc/Meeting(ID=5244L,Language='DE')","type":"itsystems.Pd.DataServices.DataModel.Meeting"},"Sessions":{"__deferred":{"uri":"https://ws.parlament.ch/OData.svc/Meeting(ID=5244L,Language='DE')/Sessions"}},"Subjects":{"__deferred":{"uri":"https://ws.parlament.ch/OData.svc/Meeting(ID=5244L,Language='DE')/Subjects"}},"ID":"5244","Language":"DE","MeetingNumber":11,"IdSession":5214,"SessionNumber":14,"SessionName":"Sommersession 2026","Council":1,"CouncilName":"Nationalrat","CouncilAbbreviation":"NR","Date":"\/Date(1781568000000)\/","Begin":"0800","Modified":"\/Date(1784709833094)\/","LegislativePeriodNumber":52,"PublicationStatus":"final","MeetingOrderText":"Elfte Sitzung","SortOrder":11,"Location":"N"},"SubjectsBusiness":{"results":[{"__metadata":{"id":"https://ws.parlament.ch/OData.svc/SubjectBusiness(BusinessNumber=20254113,IdSubject=71984L,Language='DE')","uri":"https://ws.parlament.ch/OData.svc/SubjectBusiness(BusinessNumber=20254113,IdSubject=71984L,Language='DE')","type":"itsystems.Pd.DataServices.DataModel.SubjectBusiness"},"Subjects":{"__deferred":{"uri":"https://ws.parlament.ch/OData.svc/SubjectBusiness(BusinessNumber=20254113,IdSubject=71984L,Language='DE')/Subjects"}},"Businesses":{"__deferred":{"uri":"https://ws.parlament.ch/OData.svc/SubjectBusiness(BusinessNumber=20254113,IdSubject=71984L,Language='DE')/Businesses"}},"IdSubject":"71984","BusinessNumber":20254113,"Language":"DE","BusinessShortNumber":"25.4113","Title":"Gezielte Aufnahme besonders vulnerabler Personen aus dem Gazastreifen erm\u00f6glichen","SortOrder":1,"PublishedNotes":null,"Modified":"\/Date(1760354298956)\/","TitleDE":"Motion Flach Beat.\nGezielte Aufnahme besonders\nvulnerabler Personen\naus dem Gazastreifen erm\u00f6glichen","TitleFR":"Motion Flach Beat.\nAccueillir les personnes\nparticuli\u00e8rement vuln\u00e9rables\nde la bande de Gaza","TitleIT":null}]},"Transcripts":{"results":[{"__metadata":{"id":"https://ws.parlament.ch/OData.svc/Transcript(ID=377295L,Language='DE')","uri":"https://ws.parlament.ch/OData.svc/Transcript(ID=377295L,Language='DE')","type":"itsystems.Pd.DataServices.DataModel.Transcript"},"Subjects":{"__deferred":{"uri":"https://ws.parlament.ch/OData.svc/Transcript(ID=377295L,Language='DE')/Subjects"}},"MembersCouncil":{"__deferred":{"uri":"https://ws.parlament.ch/OData.svc/Transcript(ID=377295L,Language='DE')/MembersCouncil"}},"Businesses":{"__deferred":{"uri":"https://ws.parlament.ch/OData.svc/Transcript(ID=377295L,Language='DE')/Businesses"}},"ID":"377295","Language":"DE","IdSubject":"71984","VoteId":"32674","PersonNumber":null,"Type":2,"Text":"<pd_text><p><b>Pr\u00e4sidentin </b>(Christ Katja, erste Vizepr\u00e4sidentin): Der Bundesrat beantragt die Annahme der Motion. </p>\n<p>[VS]</p>\n<p><i>Abstimmung - Vote </i>[GZ]</p>\n<p>[NAM][GZ]</p>\n<p>F\u00fcr Annahme der Motion ... 77 Stimmen [GZ]</p>\n<p>Dagegen ... 115 Stimmen [GZ]</p>\n<p>(3 Enthaltungen)</p>\n</pd_text>","MeetingCouncilAbbreviation":"N","MeetingDate":"20260616","MeetingVerbalixOid":4187,"IdSession":"5214","SpeakerFirstName":null,"SpeakerLastName":null,"SpeakerFullName":"","SpeakerFunction":null,"CouncilId":null,"CouncilName":null,"CantonId":null,"CantonName":null,"CantonAbbreviation":null,"ParlGroupName":null,"ParlGroupAbbreviation":null,"SortOrder":6,"Start":"\/Date(1781612697569)\/","End":"\/Date(1781612721056)\/","Function":null,"DisplaySpeaker":null,"LanguageOfText":null,"Modified":"\/Date(1788532337229)\/","StartTimeWithTimezone":"\/Date(1781612697570+0120)\/","EndTimeWithTimezone":"\/Date(1781612721057+0120)\/","VoteBusinessNumber":20254113,"VoteBusinessShortNumber":"25.4113","VoteBusinessTitle":"Motion Flach Beat.\nGezielte Aufnahme besonders\nvulnerabler Personen\naus dem Gazastreifen erm\u00f6glichen"},{"__metadata":{"id":"https://ws.parlament.ch/OData.svc/Transcript(ID=377301L,Language='DE')","uri":"https://ws.parlament.ch/OData.svc/Transcript(ID=377301L,Language='DE')","type":"itsystems.Pd.DataServices.DataModel.Transcript"},"Subjects":{"__deferred":{"uri":"https://ws.parlament.ch/OData.svc/Transcript(ID=377301L,Language='DE')/Subjects"}},"MembersCouncil":{"__deferred":{"uri":"https://ws.parlament.ch/OData.svc/Transcript(ID=377301L,Language='DE')/MembersCouncil"}},"Businesses":{"__deferred":{"uri":"https://ws.parlament.ch/OData.svc/Transcript(ID=377301L,Language='DE')/Businesses"}},"ID":"377301","Language":"DE","IdSubject":"71984","VoteId":null,"PersonNumber":4032,"Type":1,"Text":"<pd_text><p>Hier bittet Sie der Bundesrat, diese Motion anzunehmen, und zwar, weil sie die Bestrebungen des Bundesrates in diesem Zusammenhang unterst\u00fctzt. Im Rahmen einer humanit\u00e4ren Aktion haben der Bund und einige Kantone Ende letzten Jahres die Evakuierung und Aufnahme von 20 verletzten Kindern mit ihren Familienangeh\u00f6rigen aus dem Gazastreifen durchgef\u00fchrt. Insgesamt waren es 98 Personen. Die Kinder wurden in der Schweiz medizinisch betreut. Sie und ihre Familienangeh\u00f6rigen durchlaufen ein ordentliches Asylverfahren. </p>\n<p>Medizinische Evakuierungen von verletzten Kindern aus dem Gazastreifen wurden erfolgreich abgeschlossen. Zwischen dem Ausbruch des Konfliktes am 7.[NB]Oktober 2023 und Ende April 2026 wurden zus\u00e4tzlich zur Evakuierungsaktion 56 humanit\u00e4re Visa an Personen aus dem besetzten pal\u00e4stinensischen Gebiet ausgestellt. Die Visumgesuche werden einzelfallweise und gem\u00e4ss den ordentlichen Voraussetzungen gepr\u00fcft. F\u00fcr Personen aus dem Gazastreifen ist der Zugang[NB]zur[NB]Gesuchstellung f\u00fcr ein humanit\u00e4res Visum gew\u00e4hrleistet.</p>\n<p>Der Bundesrat ist hier, wie gesagt, gleicher Meinung wie die Motion\u00e4rin bzw. der Motion\u00e4r und beantragt Ihnen deshalb, die Motion anzunehmen.</p>\n</pd_text>","MeetingCouncilAbbreviation":"N","MeetingDate":"20260616","MeetingVerbalixOid":4187,"IdSession":"5214","SpeakerFirstName":"Beat","SpeakerLastName":"Jans","SpeakerFullName":"Jans Beat","SpeakerFunction":"BR-M","CouncilId":99,"CouncilName":"Bundesrat","CantonId":12,"CantonName":"Basel-Stadt","CantonAbbreviation":"BS","ParlGroupName":null,"ParlGroupAbbreviation":null,"SortOrder":5,"Start":"\/Date(1781612599826)\/","End":"\/Date(1781612697569)\/","Function":"BR-M","DisplaySpeaker":true,"LanguageOfText":"DE","Modified":"\/Date(1788532337227)\/","StartTimeWithTimezone":"\/Date(1781612599827+0120)\/","EndTimeWithTimezone":"\/Date(1781612697570+0120)\/","VoteBusinessNumber":null,"VoteBusinessShortNumber":null,"VoteBusinessTitle":null},{"__metadata":{"id":"https://ws.parlament.ch/OData.svc/Transcript(ID=377306L,Language='DE')","uri":"https://ws.parlament.ch/OData.svc/Transcript(ID=377306L,Language='DE')","type":"itsystems.Pd.DataServices.DataModel.Transcript"},"Subjects":{"__deferred":{"uri":"https://ws.parlament.ch/OData.svc/Transcript(ID=377306L,Language='DE')/Subjects"}},"MembersCouncil":{"__deferred":{"uri":"https://ws.parlament.ch/OData.svc/Transcript(ID=377306L,Language='DE')/MembersCouncil"}},"Businesses":{"__deferred":{"uri":"https://ws.parlament.ch/OData.svc/Transcript(ID=377306L,Language='DE')/Businesses"}},"ID":"377306","Language":"DE","IdSubject":"71984","VoteId":null,"PersonNumber":4169,"Type":1,"Text":"<pd_text><p><b>Le pr\u00e9sident</b> (Page Pierre-Andr\u00e9, pr\u00e9sident): La motion Flach a \u00e9t\u00e9 reprise par Mme Schaffner. </p>\n</pd_text>","MeetingCouncilAbbreviation":"N","MeetingDate":"20260616","MeetingVerbalixOid":4187,"IdSession":"5214","SpeakerFirstName":"Pierre-Andr\u00e9","SpeakerLastName":"Page","SpeakerFullName":"Page Pierre-Andr\u00e9","SpeakerFunction":"P-M","CouncilId":1,"CouncilName":"Nationalrat","CantonId":10,"CantonName":"Freiburg","CantonAbbreviation":"FR","ParlGroupName":"Fraktion der Schweizerischen Volkspartei","ParlGroupAbbreviation":"V","SortOrder":1,"Start":"\/Date(1781612124846)\/","End":"\/Date(1781612144022)\/","Function":"P-M","DisplaySpeaker":false,"LanguageOfText":null,"Modified":"\/Date(1788532337223)\/","StartTimeWithTimezone":"\/Date(1781612124847+0120)\/","EndTimeWithTimezone":"\/Date(1781612144023+0120)\/","VoteBusinessNumber":null,"VoteBusinessShortNumber":null,"VoteBusinessTitle":null},{"__metadata":{"id":"https://ws.parlament.ch/OData.svc/Transcript(ID=377308L,Language='DE')","uri":"https://ws.parlament.ch/OData.svc/Transcript(ID=377308L,Language='DE')","type":"itsystems.Pd.DataServices.DataModel.Transcript"},"Subjects":{"__deferred":{"uri":"https://ws.parlament.ch/OData.svc/Transcript(ID=377308L,Language='DE')/Subjects"}},"MembersCouncil":{"__deferred":{"uri":"https://ws.parlament.ch/OData.svc/Transcript(ID=377308L,Language='DE')/MembersCouncil"}},"Businesses":{"__deferred":{"uri":"https://ws.parlament.ch/OData.svc/Transcript(ID=377308L,Language='DE')/Businesses"}},"ID":"377308","Language":"DE","IdSubject":"71984","VoteId":null,"PersonNumber":4252,"Type":1,"Text":"<pd_text><p><b>Pr\u00e4sidentin </b>(Christ Katja, erste Vizepr\u00e4sidentin): Die Motion wird von Frau Steinemann bek\u00e4mpft. </p>\n</pd_text>","MeetingCouncilAbbreviation":"N","MeetingDate":"20260616","MeetingVerbalixOid":4187,"IdSession":"5214","SpeakerFirstName":"Katja","SpeakerLastName":"Christ","SpeakerFullName":"Christ Katja","SpeakerFunction":"1VP-F","CouncilId":1,"CouncilName":"Nationalrat","CantonId":12,"CantonName":"Basel-Stadt","CantonAbbreviation":"BS","ParlGroupName":"Gr\u00fcnliberale Fraktion","ParlGroupAbbreviation":"GL","SortOrder":3,"Start":"\/Date(1781612364845)\/","End":"\/Date(1781612375325)\/","Function":"1VP-F","DisplaySpeaker":false,"LanguageOfText":null,"Modified":"\/Date(1788532337225)\/","StartTimeWithTimezone":"\/Date(1781612364847+0120)\/","EndTimeWithTimezone":"\/Date(1781612375327+0120)\/","VoteBusinessNumber":null,"VoteBusinessShortNumber":null,"VoteBusinessTitle":null},{"__metadata":{"id":"https://ws.parlament.ch/OData.svc/Transcript(ID=377362L,Language='DE')","uri":"https://ws.parlament.ch/OData.svc/Transcript(ID=377362L,Language='DE')","type":"itsystems.Pd.DataServices.DataModel.Transcript"},"Subjects":{"__deferred":{"uri":"https://ws.parlament.ch/OData.svc/Transcript(ID=377362L,Language='DE')/Subjects"}},"MembersCouncil":{"__deferred":{"uri":"https://ws.parlament.ch/OData.svc/Transcript(ID=377362L,Language='DE')/MembersCouncil"}},"Businesses":{"__deferred":{"uri":"https://ws.parlament.ch/OData.svc/Transcript(ID=377362L,Language='DE')/Businesses"}},"ID":"377362","Language":"DE","IdSubject":"71984","VoteId":null,"PersonNumber":4287,"Type":1,"Text":"<pd_text><p>Bei der Motion Flach sprechen wir nicht \u00fcber eine Grundsatzfrage der Migrationspolitik, sondern \u00fcber ein Einzelschicksal: Soll ein verletztes Kind, das wom\u00f6glich auch keine Eltern mehr hat, eine medizinische Behandlung erhalten oder nicht? </p>\n<p>Die Schweiz hat diese Frage eigentlich schon mit Ja beantwortet. Im Oktober und November 2025 hat der Bundesrat zwanzig verletzte Kinder und ihre Begleitpersonen aus dem Gazastreifen evakuiert und hier medizinisch versorgt. Es war kein Problem, die Neutralit\u00e4t wurde nicht verletzt, und die Sicherheit war gew\u00e4hrleistet. Selbst die Kantone haben mitgemacht. Es war zugegebenermassen ein Tropfen auf den heissen Stein, aber f\u00fcr die betroffenen Personen war es umso dringender. Laut dem Schweizerischen Roten Kreuz wurden in den letzten zwei Jahren \u00fcber 80 Prozent der Gesundheitseinrichtungen in Gaza zerst\u00f6rt oder sehr schwer besch\u00e4digt. Kein einziges Spital ist noch voll funktionsf\u00e4hig. F\u00fcr schwer verletzte Kinder, die neurochirurgische Eingriffe oder komplexe Rekonstruktionen ben\u00f6tigen, gibt es vor Ort also schlicht keine Infrastruktur.</p>\n<p>Wer heute gegen diese Motion stimmt, stimmt gegen die rechtliche Verankerung von etwas, das die Schweiz vor wenigen Monaten selbst f\u00fcr richtig und machbar befunden hat. Die Motion ist deshalb auch bewusst eng gefasst. Sie verlangt keine offenen Grenzen, kein neues Aufenthaltsrecht, keine System\u00e4nderung. Sie verlangt, dass der Bundesrat die praktischen Hindernisse beseitigt, die heute dazu f\u00fchren, dass besonders schutzbed\u00fcrftige Menschen, insbesondere verletzte Kinder und Waisenkinder, humanit\u00e4re Visa faktisch nicht beantragen k\u00f6nnen. Der Grund, wieso sie dies nicht k\u00f6nnen, ist sehr banal: F\u00fcr ein Visum braucht es eine pers\u00f6nliche Vorsprache bei einer Auslandvertretung, und die gibt es im Gazastreifen nicht. Das normale Verfahren setzt eine Normalit\u00e4t voraus, die seit Jahren nicht existiert.</p>\n<p>Auch abgesehen vom Gaza-Konflikt d\u00fcrfen wir uns nichts vormachen: Bewaffnete Konflikte nehmen weltweit zu und eskalieren. Die Frage ist also nicht, ob, sondern wann die Schweiz wieder vor einer vergleichbaren Situation stehen wird. Wer heute Nein stimmt, sorgt daf\u00fcr, dass der Bundesrat beim n\u00e4chsten Mal wieder improvisieren muss - ohne Rechtsgrundlage, ohne klare Zust\u00e4ndigkeiten, ohne Planungssicherheit f\u00fcr die Kantone.</p>\n<p>Die Schweiz ist Depositarstaat der Genfer Konventionen. Das Internationale Komitee vom Roten Kreuz wurde hier gegr\u00fcndet. Das ist eine Verpflichtung f\u00fcr unsere humanit\u00e4re Tradition. Mit der Annahme der Motion kommen wir dieser Verpflichtung nach - nicht einmalig und improvisiert, sondern mit einem verl\u00e4sslichen, gut funktionierenden Instrument f\u00fcr die Zukunft.</p>\n<p>Im Namen der GLP-Fraktion und des Motion\u00e4rs, unseres ehemaligen Kollegen Beat Flach, bitte ich Sie, dem Antrag des Bundesrates zu folgen und die Motion anzunehmen - nicht als migrationspolitisches Signal, sondern als elementaren humanit\u00e4ren Akt. [PAGE 1288] </p>\n</pd_text>","MeetingCouncilAbbreviation":"N","MeetingDate":"20260616","MeetingVerbalixOid":4187,"IdSession":"5214","SpeakerFirstName":"Barbara","SpeakerLastName":"Schaffner","SpeakerFullName":"Schaffner Barbara","SpeakerFunction":"Mit-F","CouncilId":1,"CouncilName":"Nationalrat","CantonId":1,"CantonName":"Z\u00fcrich","CantonAbbreviation":"ZH","ParlGroupName":"Gr\u00fcnliberale Fraktion","ParlGroupAbbreviation":"GL","SortOrder":2,"Start":"\/Date(1781612144022)\/","End":"\/Date(1781612364845)\/","Function":"Mit-F","DisplaySpeaker":true,"LanguageOfText":"DE","Modified":"\/Date(1788532337224)\/","StartTimeWithTimezone":"\/Date(1781612144023+0120)\/","EndTimeWithTimezone":"\/Date(1781612364847+0120)\/","VoteBusinessNumber":null,"VoteBusinessShortNumber":null,"VoteBusinessTitle":null},{"__metadata":{"id":"https://ws.parlament.ch/OData.svc/Transcript(ID=377366L,Language='DE')","uri":"https://ws.parlament.ch/OData.svc/Transcript(ID=377366L,Language='DE')","type":"itsystems.Pd.DataServices.DataModel.Transcript"},"Subjects":{"__deferred":{"uri":"https://ws.parlament.ch/OData.svc/Transcript(ID=377366L,Language='DE')/Subjects"}},"MembersCouncil":{"__deferred":{"uri":"https://ws.parlament.ch/OData.svc/Transcript(ID=377366L,Language='DE')/MembersCouncil"}},"Businesses":{"__deferred":{"uri":"https://ws.parlament.ch/OData.svc/Transcript(ID=377366L,Language='DE')/Businesses"}},"ID":"377366","Language":"DE","IdSubject":"71984","VoteId":null,"PersonNumber":4174,"Type":1,"Text":"<pd_text><p>Was die Hilfe f\u00fcr verletzte und vulnerable Mitmenschen auf diesem Planeten angeht, muss sich die Schweiz nichts vorwerfen lassen. Sie stellt pro Jahr rund eine halbe Milliarde Franken f\u00fcr die humanit\u00e4re Hilfe zugunsten von Menschen in Not und der Schw\u00e4chsten bereit. Das ist jener Teil der Entwicklungshilfe, den auch die SVP-Fraktion nie k\u00fcrzen will - im Gegenteil, er k\u00f6nnte zulasten des allgemeinen DEZA-Budgets von mittlerweile j\u00e4hrlich 4,64 Milliarden Franken durchaus h\u00f6her ausfallen.</p>\n<p>Die Motion verlangt hingegen kein Engagement vor Ort, sondern die Aufnahme einer unbestimmten Anzahl vulnerabler Menschen, insbesondere Kinder und Waisenkinder, in die Schweiz; dazu soll der Bundesrat die notwendigen Massnahmen ergreifen. Die damit verbundene Diskussion f\u00fchrten wir bereits im letzten Herbst: In einer stark umstrittenen Aktion wurden zwanzig Kinder mit jeweils vier bis f\u00fcnf Begleitpersonen in die Schweiz gebracht. Diese zogen damit gegen\u00fcber ihren Leidensgenossen das grosse Los und haben mittlerweile alle einen Asylantrag gestellt. Die Aktion entbehrte einer gesetzlichen Grundlage und wurde der \u00d6ffentlichkeit als einmalig verkauft, weshalb viele Kantone bewusst auf eine Beteiligung verzichteten. Die Skepsis und die Risiken in Bezug auf Behandlungspl\u00e4tze, Kapazit\u00e4ten, Kosten und Sicherheit waren schlicht zu gross; fehlende Zivilstands\u00e4mter im[NB]Gazastreifen verunm\u00f6glichen verl\u00e4ssliche Sicherheitspr\u00fcfungen und lassen offen, wen wir in alle Ewigkeit ins Land aufnehmen.</p>\n<p>Mit vulnerablen Personen reisen auch erwachsene Pal\u00e4stinenser aus dem Hamas-verseuchten Gazastreifen ein, und es ist nicht ausgeschlossen, dass sie den Konflikt hier weiter austragen. Aus diesem Grund haben sich L\u00e4nder wie Deutschland gegen solche und \u00e4hnliche Aktionen entschieden. </p>\n<p>Der Aufenthalt der Kinder und ihrer Begleitpersonen wird das bereits stark belastete Asylsystem zus\u00e4tzlich strapazieren. Es ist schade um jeden Franken, der vor Ort in Gaza oder in Aufnahmelagern effizienter eingesetzt werden k\u00f6nnte und nicht nur wenigen zugutek\u00e4me. Die Kosten von privilegierten Behandlungen einiger Auserw\u00e4hlter erscheinen letztlich auf den Pr\u00e4mienrechnungen der B\u00fcrgerinnen und[NB]B\u00fcrger,[NB]obwohl die Kostenbelastung im Gesundheitswesen gem\u00e4ss Sorgenbarometer f\u00fcr die Bev\u00f6lkerung bereits das gr\u00f6sste Problem darstellt. </p>\n<p>Humanit\u00e4res Engagement ja, aber vor Ort: Das Rote Kreuz ist gem\u00e4ss eigener Website in diesem Bereich aktiv und sammelt entsprechend Spenden. Werte Parlamentarierinnen und Parlamentarier, die diesen Vorstoss unterst\u00fctzen m\u00f6chten, spenden Sie Ihr pers\u00f6nliches Geld via Rotes Kreuz nach Gaza, statt die Allgemeinheit zus\u00e4tzlich zu belasten. Dieser Vorstoss wirft die gleichen Fragen auf wie die Aktion von Bundesrat Jans Ende 2025.</p>\n<p>Bitte lehnen Sie die Motion Flach deshalb ab.</p>\n</pd_text>","MeetingCouncilAbbreviation":"N","MeetingDate":"20260616","MeetingVerbalixOid":4187,"IdSession":"5214","SpeakerFirstName":"Barbara","SpeakerLastName":"Steinemann","SpeakerFullName":"Steinemann Barbara","SpeakerFunction":"Mit-F","CouncilId":1,"CouncilName":"Nationalrat","CantonId":1,"CantonName":"Z\u00fcrich","CantonAbbreviation":"ZH","ParlGroupName":"Fraktion der Schweizerischen Volkspartei","ParlGroupAbbreviation":"V","SortOrder":4,"Start":"\/Date(1781612375325)\/","End":"\/Date(1781612575826)\/","Function":"Mit-F","DisplaySpeaker":true,"LanguageOfText":"DE","Modified":"\/Date(1788532337226)\/","StartTimeWithTimezone":"\/Date(1781612375327+0120)\/","EndTimeWithTimezone":"\/Date(1781612575827+0120)\/","VoteBusinessNumber":null,"VoteBusinessShortNumber":null,"VoteBusinessTitle":null}]},"ID":"71984","Language":"DE","IdMeeting":"5244","VerbalixOid":805572,"SortOrder":16,"Modified":"\/Date(1788532337222)\/"}}