{"d":{"__metadata":{"id":"https://ws.parlament.ch/OData.svc/Subject(ID=71985L,Language='DE')","uri":"https://ws.parlament.ch/OData.svc/Subject(ID=71985L,Language='DE')","type":"itsystems.Pd.DataServices.DataModel.Subject"},"Meetings":{"__metadata":{"id":"https://ws.parlament.ch/OData.svc/Meeting(ID=5245L,Language='DE')","uri":"https://ws.parlament.ch/OData.svc/Meeting(ID=5245L,Language='DE')","type":"itsystems.Pd.DataServices.DataModel.Meeting"},"Sessions":{"__deferred":{"uri":"https://ws.parlament.ch/OData.svc/Meeting(ID=5245L,Language='DE')/Sessions"}},"Subjects":{"__deferred":{"uri":"https://ws.parlament.ch/OData.svc/Meeting(ID=5245L,Language='DE')/Subjects"}},"ID":"5245","Language":"DE","MeetingNumber":10,"IdSession":5214,"SessionNumber":14,"SessionName":"Sommersession 2026","Council":2,"CouncilName":"St\u00e4nderat","CouncilAbbreviation":"SR","Date":"\/Date(1781568000000)\/","Begin":"0815","Modified":"\/Date(1784131422305)\/","LegislativePeriodNumber":52,"PublicationStatus":"final","MeetingOrderText":"Zehnte Sitzung","SortOrder":10,"Location":"S"},"SubjectsBusiness":{"results":[{"__metadata":{"id":"https://ws.parlament.ch/OData.svc/SubjectBusiness(BusinessNumber=20263361,IdSubject=71985L,Language='DE')","uri":"https://ws.parlament.ch/OData.svc/SubjectBusiness(BusinessNumber=20263361,IdSubject=71985L,Language='DE')","type":"itsystems.Pd.DataServices.DataModel.SubjectBusiness"},"Subjects":{"__deferred":{"uri":"https://ws.parlament.ch/OData.svc/SubjectBusiness(BusinessNumber=20263361,IdSubject=71985L,Language='DE')/Subjects"}},"Businesses":{"__deferred":{"uri":"https://ws.parlament.ch/OData.svc/SubjectBusiness(BusinessNumber=20263361,IdSubject=71985L,Language='DE')/Businesses"}},"IdSubject":"71985","BusinessNumber":20263361,"Language":"DE","BusinessShortNumber":"26.3361","Title":"Die Revolutionsgarde der Islamischen Republik als terroristische Organisation einstufen","SortOrder":1,"PublishedNotes":"Ordnungsantrag - Motion d'ordre\n","Modified":"\/Date(1779180290846)\/","TitleDE":"Motion Binder-Keller Marianne.\nDie Revolutionsgarde der Islamischen\nRepublik als terroristische\nOrganisation einstufen","TitleFR":"Motion Binder-Keller Marianne.\nPour le classement\ndu Corps des gardiens de la r\u00e9volution\nislamique comme organisation\nterroriste","TitleIT":null}]},"Transcripts":{"results":[{"__metadata":{"id":"https://ws.parlament.ch/OData.svc/Transcript(ID=377303L,Language='DE')","uri":"https://ws.parlament.ch/OData.svc/Transcript(ID=377303L,Language='DE')","type":"itsystems.Pd.DataServices.DataModel.Transcript"},"Subjects":{"__deferred":{"uri":"https://ws.parlament.ch/OData.svc/Transcript(ID=377303L,Language='DE')/Subjects"}},"MembersCouncil":{"__deferred":{"uri":"https://ws.parlament.ch/OData.svc/Transcript(ID=377303L,Language='DE')/MembersCouncil"}},"Businesses":{"__deferred":{"uri":"https://ws.parlament.ch/OData.svc/Transcript(ID=377303L,Language='DE')/Businesses"}},"ID":"377303","Language":"DE","IdSubject":"71985","VoteId":null,"PersonNumber":4055,"Type":1,"Text":"<pd_text><p><i>Ordnungsantrag Roth Franziska </i>[GZ]</p>\n<p>Zuweisung der Motion 26.3361 an die zust\u00e4ndige Kommission zur Vorpr\u00fcfung</p>\n<p>[VS]</p>\n<p><i>Motion d'ordre Roth Franziska </i>[GZ]</p>\n<p>Transmettre la motion 26.3361 \u00e0 la commission comp\u00e9tente pour examen pr\u00e9alable</p>\n</pd_text>","MeetingCouncilAbbreviation":"S","MeetingDate":"20260616","MeetingVerbalixOid":4188,"IdSession":"5214","SpeakerFirstName":"Stefan","SpeakerLastName":"Engler","SpeakerFullName":"Engler Stefan","SpeakerFunction":"P-M","CouncilId":2,"CouncilName":"St\u00e4nderat","CantonId":18,"CantonName":"Graub\u00fcnden","CantonAbbreviation":"GR","ParlGroupName":"Die Mitte-Fraktion. Die Mitte. EVP.","ParlGroupAbbreviation":"M-E","SortOrder":1,"Start":"\/Date(1781609597824)\/","End":"\/Date(1781609631825)\/","Function":"P-M","DisplaySpeaker":false,"LanguageOfText":null,"Modified":"\/Date(1788372207150)\/","StartTimeWithTimezone":"\/Date(1781609597823+0120)\/","EndTimeWithTimezone":"\/Date(1781609631827+0120)\/","VoteBusinessNumber":null,"VoteBusinessShortNumber":null,"VoteBusinessTitle":null},{"__metadata":{"id":"https://ws.parlament.ch/OData.svc/Transcript(ID=377304L,Language='DE')","uri":"https://ws.parlament.ch/OData.svc/Transcript(ID=377304L,Language='DE')","type":"itsystems.Pd.DataServices.DataModel.Transcript"},"Subjects":{"__deferred":{"uri":"https://ws.parlament.ch/OData.svc/Transcript(ID=377304L,Language='DE')/Subjects"}},"MembersCouncil":{"__deferred":{"uri":"https://ws.parlament.ch/OData.svc/Transcript(ID=377304L,Language='DE')/MembersCouncil"}},"Businesses":{"__deferred":{"uri":"https://ws.parlament.ch/OData.svc/Transcript(ID=377304L,Language='DE')/Businesses"}},"ID":"377304","Language":"DE","IdSubject":"71985","VoteId":null,"PersonNumber":4055,"Type":1,"Text":"<pd_text><p><b>Pr\u00e4sident</b> (Engler Stefan, Pr\u00e4sident): Ich frage die Motion\u00e4rin, ob sie mit dem Ordnungsantrag einverstanden ist.</p>\n</pd_text>","MeetingCouncilAbbreviation":"S","MeetingDate":"20260616","MeetingVerbalixOid":4188,"IdSession":"5214","SpeakerFirstName":"Stefan","SpeakerLastName":"Engler","SpeakerFullName":"Engler Stefan","SpeakerFunction":"P-M","CouncilId":2,"CouncilName":"St\u00e4nderat","CantonId":18,"CantonName":"Graub\u00fcnden","CantonAbbreviation":"GR","ParlGroupName":"Die Mitte-Fraktion. Die Mitte. EVP.","ParlGroupAbbreviation":"M-E","SortOrder":3,"Start":"\/Date(1781609694376)\/","End":"\/Date(1781609700616)\/","Function":"P-M","DisplaySpeaker":false,"LanguageOfText":null,"Modified":"\/Date(1788372207153)\/","StartTimeWithTimezone":"\/Date(1781609694377+0120)\/","EndTimeWithTimezone":"\/Date(1781609700617+0120)\/","VoteBusinessNumber":null,"VoteBusinessShortNumber":null,"VoteBusinessTitle":null},{"__metadata":{"id":"https://ws.parlament.ch/OData.svc/Transcript(ID=377305L,Language='DE')","uri":"https://ws.parlament.ch/OData.svc/Transcript(ID=377305L,Language='DE')","type":"itsystems.Pd.DataServices.DataModel.Transcript"},"Subjects":{"__deferred":{"uri":"https://ws.parlament.ch/OData.svc/Transcript(ID=377305L,Language='DE')/Subjects"}},"MembersCouncil":{"__deferred":{"uri":"https://ws.parlament.ch/OData.svc/Transcript(ID=377305L,Language='DE')/MembersCouncil"}},"Businesses":{"__deferred":{"uri":"https://ws.parlament.ch/OData.svc/Transcript(ID=377305L,Language='DE')/Businesses"}},"ID":"377305","Language":"DE","IdSubject":"71985","VoteId":null,"PersonNumber":4055,"Type":1,"Text":"<pd_text><p><i>Angenommen gem\u00e4ss Ordnungsantrag Roth Franziska</i>[GZ]</p>\n<p><i>Adopt\u00e9 selon la motion d'ordre Roth Franziska</i></p>\n</pd_text>","MeetingCouncilAbbreviation":"S","MeetingDate":"20260616","MeetingVerbalixOid":4188,"IdSession":"5214","SpeakerFirstName":"Stefan","SpeakerLastName":"Engler","SpeakerFullName":"Engler Stefan","SpeakerFunction":"P-M","CouncilId":2,"CouncilName":"St\u00e4nderat","CantonId":18,"CantonName":"Graub\u00fcnden","CantonAbbreviation":"GR","ParlGroupName":"Die Mitte-Fraktion. Die Mitte. EVP.","ParlGroupAbbreviation":"M-E","SortOrder":5,"Start":"\/Date(1781609799871)\/","End":"\/Date(1781609820462)\/","Function":"P-M","DisplaySpeaker":false,"LanguageOfText":null,"Modified":"\/Date(1788372207157)\/","StartTimeWithTimezone":"\/Date(1781609799870+0120)\/","EndTimeWithTimezone":"\/Date(1781609820463+0120)\/","VoteBusinessNumber":null,"VoteBusinessShortNumber":null,"VoteBusinessTitle":null},{"__metadata":{"id":"https://ws.parlament.ch/OData.svc/Transcript(ID=377337L,Language='DE')","uri":"https://ws.parlament.ch/OData.svc/Transcript(ID=377337L,Language='DE')","type":"itsystems.Pd.DataServices.DataModel.Transcript"},"Subjects":{"__deferred":{"uri":"https://ws.parlament.ch/OData.svc/Transcript(ID=377337L,Language='DE')/Subjects"}},"MembersCouncil":{"__deferred":{"uri":"https://ws.parlament.ch/OData.svc/Transcript(ID=377337L,Language='DE')/MembersCouncil"}},"Businesses":{"__deferred":{"uri":"https://ws.parlament.ch/OData.svc/Transcript(ID=377337L,Language='DE')/Businesses"}},"ID":"377337","Language":"DE","IdSubject":"71985","VoteId":null,"PersonNumber":4283,"Type":1,"Text":"<pd_text><p>Ich denke, am terroristischen Charakter des Korps der Islamischen Revolutionsgarde des Iran besteht kein Zweifel. Erst am 19.[NB]Februar 2026 hat auch der Europ\u00e4ische Rat das Korps als terroristische Organisation eingestuft. Wie der Bundesrat in seiner Stellungnahme zur Motion festh\u00e4lt, handelt es sich bei der Revolutionsgarde jedoch um eine eventuell staatliche Beh\u00f6rde des Iran. Ich denke, vor diesem Hintergrund ist eine holzschnittartige L\u00f6sung nicht m\u00f6glich, und es braucht eine vertiefte Abkl\u00e4rung, auch wenn das Anliegen der Motion\u00e4rin berechtigt ist. </p>\n<p>Ich bitte Sie, dem Antrag zuzustimmen und die Motion zur Vorpr\u00fcfung der zust\u00e4ndigen Kommission zuzuweisen, damit wir diese Abkl\u00e4rung auch machen k\u00f6nnen.</p>\n</pd_text>","MeetingCouncilAbbreviation":"S","MeetingDate":"20260616","MeetingVerbalixOid":4188,"IdSession":"5214","SpeakerFirstName":"Franziska","SpeakerLastName":"Roth","SpeakerFullName":"Roth Franziska","SpeakerFunction":"Mit-F","CouncilId":2,"CouncilName":"St\u00e4nderat","CantonId":11,"CantonName":"Solothurn","CantonAbbreviation":"SO","ParlGroupName":"Sozialdemokratische Fraktion","ParlGroupAbbreviation":"S","SortOrder":2,"Start":"\/Date(1781609631825)\/","End":"\/Date(1781609694376)\/","Function":"Mit-F","DisplaySpeaker":true,"LanguageOfText":"DE","Modified":"\/Date(1788372207152)\/","StartTimeWithTimezone":"\/Date(1781609631827+0120)\/","EndTimeWithTimezone":"\/Date(1781609694377+0120)\/","VoteBusinessNumber":null,"VoteBusinessShortNumber":null,"VoteBusinessTitle":null},{"__metadata":{"id":"https://ws.parlament.ch/OData.svc/Transcript(ID=377344L,Language='DE')","uri":"https://ws.parlament.ch/OData.svc/Transcript(ID=377344L,Language='DE')","type":"itsystems.Pd.DataServices.DataModel.Transcript"},"Subjects":{"__deferred":{"uri":"https://ws.parlament.ch/OData.svc/Transcript(ID=377344L,Language='DE')/Subjects"}},"MembersCouncil":{"__deferred":{"uri":"https://ws.parlament.ch/OData.svc/Transcript(ID=377344L,Language='DE')/MembersCouncil"}},"Businesses":{"__deferred":{"uri":"https://ws.parlament.ch/OData.svc/Transcript(ID=377344L,Language='DE')/Businesses"}},"ID":"377344","Language":"DE","IdSubject":"71985","VoteId":null,"PersonNumber":4249,"Type":1,"Text":"<pd_text><p>Ich bin froh, wenn man diese Motion vertieft pr\u00fcft. Ich m\u00f6chte hier jedoch festhalten, dass ich klar der Meinung bin, dass die Revolutionsgarde eine terroristische Organisation ist - wie viele andere fundamentalistische, islamistische Organisationen, die in der Schweiz operieren -, die den Rechtsstaat und unsere Demokratie grunds\u00e4tzlich infrage stellt, die hier lebende Menschen, auch Exiliranerinnen und Exiliraner, bedroht und von unseren M\u00f6glichkeiten zur Geldanlage profitiert. Ich bin \u00fcberzeugt, dass wir betreffende Parallelgesellschaften konsequent bek\u00e4mpfen m\u00fcssen, da sie die innere Sicherheit gef\u00e4hrden.</p>\n<p>Ich bin der Ansicht, dass unsere tolerante Gesellschaft nicht so weit gehen darf, dass sie aus lauter Toleranz die Toleranz letztlich selbst abschafft. Wir sind ein westlicher Rechtsstaat und eine Demokratie. Solche Organisationen haben es darauf angelegt, Staaten wie den unseren \u00e0 fond zu unterwandern. Hier m\u00fcssen wir klare Zeichen setzen. Ich bin daher etwas erstaunt \u00fcber den Ablehnungsantrag des Bundesrates, begr\u00fcsse jedoch, dass wir das Anliegen in einer Kommission vertieft pr\u00fcfen.</p>\n<p>Ich deute bereits jetzt an, dass ich voraussichtlich an dieser Motion festhalten werde; sonst h\u00e4tte ich sie nicht einreichen m\u00fcssen.</p>\n</pd_text>","MeetingCouncilAbbreviation":"S","MeetingDate":"20260616","MeetingVerbalixOid":4188,"IdSession":"5214","SpeakerFirstName":"Marianne","SpeakerLastName":"Binder-Keller","SpeakerFullName":"Binder-Keller Marianne","SpeakerFunction":"Mit-F","CouncilId":2,"CouncilName":"St\u00e4nderat","CantonId":19,"CantonName":"Aargau","CantonAbbreviation":"AG","ParlGroupName":"Die Mitte-Fraktion. Die Mitte. EVP.","ParlGroupAbbreviation":"M-E","SortOrder":4,"Start":"\/Date(1781609700616)\/","End":"\/Date(1781609799871)\/","Function":"Mit-F","DisplaySpeaker":true,"LanguageOfText":"DE","Modified":"\/Date(1788372207154)\/","StartTimeWithTimezone":"\/Date(1781609700617+0120)\/","EndTimeWithTimezone":"\/Date(1781609799870+0120)\/","VoteBusinessNumber":null,"VoteBusinessShortNumber":null,"VoteBusinessTitle":null}]},"ID":"71985","Language":"DE","IdMeeting":"5245","VerbalixOid":805577,"SortOrder":12,"Modified":"\/Date(1788372207148)\/"}}