{"d":{"__metadata":{"id":"https://ws.parlament.ch/OData.svc/Subject(ID=71990L,Language='DE')","uri":"https://ws.parlament.ch/OData.svc/Subject(ID=71990L,Language='DE')","type":"itsystems.Pd.DataServices.DataModel.Subject"},"Meetings":{"__metadata":{"id":"https://ws.parlament.ch/OData.svc/Meeting(ID=5246L,Language='DE')","uri":"https://ws.parlament.ch/OData.svc/Meeting(ID=5246L,Language='DE')","type":"itsystems.Pd.DataServices.DataModel.Meeting"},"Sessions":{"__deferred":{"uri":"https://ws.parlament.ch/OData.svc/Meeting(ID=5246L,Language='DE')/Sessions"}},"Subjects":{"__deferred":{"uri":"https://ws.parlament.ch/OData.svc/Meeting(ID=5246L,Language='DE')/Subjects"}},"ID":"5246","Language":"DE","MeetingNumber":14,"IdSession":5214,"SessionNumber":14,"SessionName":"Sommersession 2026","Council":3,"CouncilName":"Vereinigte Bundesversammlung","CouncilAbbreviation":"V","Date":"\/Date(1781654400000)\/","Begin":"0800","Modified":"\/Date(1784820847281)\/","LegislativePeriodNumber":52,"PublicationStatus":"final","MeetingOrderText":"Vierzehnte Sitzung","SortOrder":14,"Location":"N"},"SubjectsBusiness":{"results":[{"__metadata":{"id":"https://ws.parlament.ch/OData.svc/SubjectBusiness(BusinessNumber=20260203,IdSubject=71990L,Language='DE')","uri":"https://ws.parlament.ch/OData.svc/SubjectBusiness(BusinessNumber=20260203,IdSubject=71990L,Language='DE')","type":"itsystems.Pd.DataServices.DataModel.SubjectBusiness"},"Subjects":{"__deferred":{"uri":"https://ws.parlament.ch/OData.svc/SubjectBusiness(BusinessNumber=20260203,IdSubject=71990L,Language='DE')/Subjects"}},"Businesses":{"__deferred":{"uri":"https://ws.parlament.ch/OData.svc/SubjectBusiness(BusinessNumber=20260203,IdSubject=71990L,Language='DE')/Businesses"}},"IdSubject":"71990","BusinessNumber":20260203,"Language":"DE","BusinessShortNumber":"26.203","Title":"Bundesgericht. Wahl eines ordentlichen Richters/einer ordentlichen Richterin","SortOrder":1,"PublishedNotes":null,"Modified":"\/Date(1779996725640)\/","TitleDE":"Bundesgericht","TitleFR":"Tribunal f\u00e9d\u00e9ral","TitleIT":null}]},"Transcripts":{"results":[{"__metadata":{"id":"https://ws.parlament.ch/OData.svc/Transcript(ID=377372L,Language='DE')","uri":"https://ws.parlament.ch/OData.svc/Transcript(ID=377372L,Language='DE')","type":"itsystems.Pd.DataServices.DataModel.Transcript"},"Subjects":{"__deferred":{"uri":"https://ws.parlament.ch/OData.svc/Transcript(ID=377372L,Language='DE')/Subjects"}},"MembersCouncil":{"__deferred":{"uri":"https://ws.parlament.ch/OData.svc/Transcript(ID=377372L,Language='DE')/MembersCouncil"}},"Businesses":{"__deferred":{"uri":"https://ws.parlament.ch/OData.svc/Transcript(ID=377372L,Language='DE')/Businesses"}},"ID":"377372","Language":"DE","IdSubject":"71990","VoteId":null,"PersonNumber":4169,"Type":1,"Text":"<pd_text><p><b>Wahl einer ordentlichen Richterin (anstelle von Herrn Stephan Haag)</b>[GZ]</p>\n<p><b>Election d'une juge ordinaire (en remplacement de M.[NB]Stephan Haag)</b>[GZ]</p>\n<p>[VS][GZ]</p>\n<p><b>Le pr\u00e9sident</b> (Page Pierre-Andr\u00e9, pr\u00e9sident): \u00c0 la suite du d\u00e9part de M.[NB]Stephan Haag, dont nous prendrons cong\u00e9 \u00e0 la session d'automne, un poste de juge ordinaire est \u00e0 pourvoir aupr\u00e8s du Tribunal f\u00e9d\u00e9ral. La Commission judiciaire vous propose d'\u00e9lire Mme Daniela Thurnherr, qui b\u00e9n\u00e9ficie du soutien de tous les groupes parlementaires. Vous avez re\u00e7u un rapport \u00e9crit de la commission.</p>\n<p>[VS]</p>\n<p><i>Ergebnis der Wahl - R\u00e9sultat du scrutin </i>[GZ]</p>\n<p>Ausgeteilte Wahlzettel - Bulletins d\u00e9livr\u00e9s ... 224[GZ]</p>\n<p>eingelangt - rentr\u00e9s ... 224[GZ]</p>\n<p>leer - blancs ... 9[GZ]</p>\n<p>ung\u00fcltig - nuls ... 0[GZ]</p>\n<p>g\u00fcltig - valables ... 215[GZ]</p>\n<p>absolutes Mehr - Majorit\u00e9 absolue ... 108[GZ]</p>\n<p>[VS][GZ]</p>\n<p>Es wird gew\u00e4hlt - Est \u00e9lue [GZ]</p>\n<p>Thurnherr Daniela ... mit 210 Stimmen</p>\n<p>[VS]</p>\n<p><b>Le pr\u00e9sident</b> (Page Pierre-Andr\u00e9, pr\u00e9sident): J'adresse toutes mes f\u00e9licitations \u00e0 Mme Thurnherr pour son \u00e9lection et lui souhaite plein succ\u00e8s dans l'exercice de sa nouvelle fonction. <i>(Standing ovation) </i>[GZ]</p>\n<p>[VS][GZ]</p>\n<p>[VS][GZ]</p>\n<p>[VS][GZ]</p>\n<p><i>Schluss der Sitzung um 08.20 Uhr </i>[GZ]</p>\n<p><i>La s\u00e9ance est lev\u00e9e \u00e0 08 h 20 [PAGE 1480] </i></p>\n<p>[VS]</p>\n<p>[VS]</p>\n<p>[VS]</p>\n<p>[VS]</p>\n</pd_text>","MeetingCouncilAbbreviation":"V","MeetingDate":"20260617","MeetingVerbalixOid":4189,"IdSession":"5214","SpeakerFirstName":"Pierre-Andr\u00e9","SpeakerLastName":"Page","SpeakerFullName":"Page Pierre-Andr\u00e9","SpeakerFunction":"P-M","CouncilId":1,"CouncilName":"Nationalrat","CantonId":10,"CantonName":"Freiburg","CantonAbbreviation":"FR","ParlGroupName":"Fraktion der Schweizerischen Volkspartei","ParlGroupAbbreviation":"V","SortOrder":1,"Start":"\/Date(1781683792955)\/","End":"\/Date(1781684359379)\/","Function":"P-M","DisplaySpeaker":false,"LanguageOfText":null,"Modified":"\/Date(1785315497435)\/","StartTimeWithTimezone":"\/Date(1781683792957+0120)\/","EndTimeWithTimezone":"\/Date(1781684359380+0120)\/","VoteBusinessNumber":null,"VoteBusinessShortNumber":null,"VoteBusinessTitle":null}]},"ID":"71990","Language":"DE","IdMeeting":"5246","VerbalixOid":805666,"SortOrder":4,"Modified":"\/Date(1785315497434)\/"}}