{"d":{"__metadata":{"id":"https://ws.parlament.ch/OData.svc/Subject(ID=71994L,Language='DE')","uri":"https://ws.parlament.ch/OData.svc/Subject(ID=71994L,Language='DE')","type":"itsystems.Pd.DataServices.DataModel.Subject"},"Meetings":{"__metadata":{"id":"https://ws.parlament.ch/OData.svc/Meeting(ID=5248L,Language='DE')","uri":"https://ws.parlament.ch/OData.svc/Meeting(ID=5248L,Language='DE')","type":"itsystems.Pd.DataServices.DataModel.Meeting"},"Sessions":{"__deferred":{"uri":"https://ws.parlament.ch/OData.svc/Meeting(ID=5248L,Language='DE')/Sessions"}},"Subjects":{"__deferred":{"uri":"https://ws.parlament.ch/OData.svc/Meeting(ID=5248L,Language='DE')/Subjects"}},"ID":"5248","Language":"DE","MeetingNumber":11,"IdSession":5214,"SessionNumber":14,"SessionName":"Sommersession 2026","Council":2,"CouncilName":"St\u00e4nderat","CouncilAbbreviation":"SR","Date":"\/Date(1781654400000)\/","Begin":"0845","Modified":"\/Date(1784192696570)\/","LegislativePeriodNumber":52,"PublicationStatus":"final","MeetingOrderText":"Elfte Sitzung","SortOrder":11,"Location":"S"},"SubjectsBusiness":{"results":[{"__metadata":{"id":"https://ws.parlament.ch/OData.svc/SubjectBusiness(BusinessNumber=20250064,IdSubject=71994L,Language='DE')","uri":"https://ws.parlament.ch/OData.svc/SubjectBusiness(BusinessNumber=20250064,IdSubject=71994L,Language='DE')","type":"itsystems.Pd.DataServices.DataModel.SubjectBusiness"},"Subjects":{"__deferred":{"uri":"https://ws.parlament.ch/OData.svc/SubjectBusiness(BusinessNumber=20250064,IdSubject=71994L,Language='DE')/Subjects"}},"Businesses":{"__deferred":{"uri":"https://ws.parlament.ch/OData.svc/SubjectBusiness(BusinessNumber=20250064,IdSubject=71994L,Language='DE')/Businesses"}},"IdSubject":"71994","BusinessNumber":20250064,"Language":"DE","BusinessShortNumber":"25.064","Title":"Bundesgesetz \u00fcber das Urheberrecht und verwandte Schutzrechte (URG). \u00c4nderung (Leistungsschutzrecht f\u00fcr Medienunternehmen)","SortOrder":1,"PublishedNotes":"R\u00fcckweisung - Renvoi\n","Modified":"\/Date(1771507112036)\/","TitleDE":"Bundesgesetz \u00fcber das Urheberrecht\nund verwandte Schutzrechte (URG).\n\u00c4nderung (Leistungsschutzrecht f\u00fcr\nMedienunternehmen)","TitleFR":"Loi f\u00e9d\u00e9rale sur le droit d'auteur\net les droits voisins (LDA).\nModification (Droit voisin en faveur\ndes entreprises de m\u00e9dias)","TitleIT":null}]},"Transcripts":{"results":[{"__metadata":{"id":"https://ws.parlament.ch/OData.svc/Transcript(ID=377389L,Language='DE')","uri":"https://ws.parlament.ch/OData.svc/Transcript(ID=377389L,Language='DE')","type":"itsystems.Pd.DataServices.DataModel.Transcript"},"Subjects":{"__deferred":{"uri":"https://ws.parlament.ch/OData.svc/Transcript(ID=377389L,Language='DE')/Subjects"}},"MembersCouncil":{"__deferred":{"uri":"https://ws.parlament.ch/OData.svc/Transcript(ID=377389L,Language='DE')/MembersCouncil"}},"Businesses":{"__deferred":{"uri":"https://ws.parlament.ch/OData.svc/Transcript(ID=377389L,Language='DE')/Businesses"}},"ID":"377389","Language":"DE","IdSubject":"71994","VoteId":null,"PersonNumber":4055,"Type":1,"Text":"<pd_text><p><i>Antrag der Kommission </i>[GZ]</p>\n<p>Zustimmung zum Beschluss des Nationalrates [GZ]</p>\n<p>(= R\u00fcckweisung der Vorlage an den Bundesrat)</p>\n<p>[VS]</p>\n<p><i>Proposition de la commission </i>[GZ]</p>\n<p>Adh\u00e9rer \u00e0 la d\u00e9cision du Conseil national [GZ]</p>\n<p>(= Renvoyer le projet au Conseil f\u00e9d\u00e9ral)</p>\n<p>[VS]</p>\n<p><b>Pr\u00e4sident</b> (Engler Stefan, Pr\u00e4sident): Gem\u00e4ss Artikel 87 des Parlamentsgesetzes geht nur der Beschluss der R\u00fcckweisung an den anderen Rat. Wir k\u00f6nnen heute also nur einen Beschluss \u00fcber die R\u00fcckweisung fassen. Das Eintreten beraten wir, wenn wir das Gesch\u00e4ft als Zweitrat behandeln. [PAGE 615] </p>\n</pd_text>","MeetingCouncilAbbreviation":"S","MeetingDate":"20260617","MeetingVerbalixOid":4191,"IdSession":"5214","SpeakerFirstName":"Stefan","SpeakerLastName":"Engler","SpeakerFullName":"Engler Stefan","SpeakerFunction":"P-M","CouncilId":2,"CouncilName":"St\u00e4nderat","CantonId":18,"CantonName":"Graub\u00fcnden","CantonAbbreviation":"GR","ParlGroupName":"Die Mitte-Fraktion. Die Mitte. EVP.","ParlGroupAbbreviation":"M-E","SortOrder":1,"Start":"\/Date(1781686870443)\/","End":"\/Date(1781686958925)\/","Function":"P-M","DisplaySpeaker":false,"LanguageOfText":null,"Modified":"\/Date(1784275941826)\/","StartTimeWithTimezone":"\/Date(1781686870443+0120)\/","EndTimeWithTimezone":"\/Date(1781686958927+0120)\/","VoteBusinessNumber":null,"VoteBusinessShortNumber":null,"VoteBusinessTitle":null},{"__metadata":{"id":"https://ws.parlament.ch/OData.svc/Transcript(ID=377393L,Language='DE')","uri":"https://ws.parlament.ch/OData.svc/Transcript(ID=377393L,Language='DE')","type":"itsystems.Pd.DataServices.DataModel.Transcript"},"Subjects":{"__deferred":{"uri":"https://ws.parlament.ch/OData.svc/Transcript(ID=377393L,Language='DE')/Subjects"}},"MembersCouncil":{"__deferred":{"uri":"https://ws.parlament.ch/OData.svc/Transcript(ID=377393L,Language='DE')/MembersCouncil"}},"Businesses":{"__deferred":{"uri":"https://ws.parlament.ch/OData.svc/Transcript(ID=377393L,Language='DE')/Businesses"}},"ID":"377393","Language":"DE","IdSubject":"71994","VoteId":null,"PersonNumber":4055,"Type":1,"Text":"<pd_text><p><i>Angenommen - Adopt\u00e9</i></p>\n</pd_text>","MeetingCouncilAbbreviation":"S","MeetingDate":"20260617","MeetingVerbalixOid":4191,"IdSession":"5214","SpeakerFirstName":"Stefan","SpeakerLastName":"Engler","SpeakerFullName":"Engler Stefan","SpeakerFunction":"P-M","CouncilId":2,"CouncilName":"St\u00e4nderat","CantonId":18,"CantonName":"Graub\u00fcnden","CantonAbbreviation":"GR","ParlGroupName":"Die Mitte-Fraktion. Die Mitte. EVP.","ParlGroupAbbreviation":"M-E","SortOrder":4,"Start":"\/Date(1781687618377)\/","End":"\/Date(1781687632064)\/","Function":"P-M","DisplaySpeaker":false,"LanguageOfText":null,"Modified":"\/Date(1784275941826)\/","StartTimeWithTimezone":"\/Date(1781687618377+0120)\/","EndTimeWithTimezone":"\/Date(1781687632063+0120)\/","VoteBusinessNumber":null,"VoteBusinessShortNumber":null,"VoteBusinessTitle":null},{"__metadata":{"id":"https://ws.parlament.ch/OData.svc/Transcript(ID=377395L,Language='DE')","uri":"https://ws.parlament.ch/OData.svc/Transcript(ID=377395L,Language='DE')","type":"itsystems.Pd.DataServices.DataModel.Transcript"},"Subjects":{"__deferred":{"uri":"https://ws.parlament.ch/OData.svc/Transcript(ID=377395L,Language='DE')/Subjects"}},"MembersCouncil":{"__deferred":{"uri":"https://ws.parlament.ch/OData.svc/Transcript(ID=377395L,Language='DE')/MembersCouncil"}},"Businesses":{"__deferred":{"uri":"https://ws.parlament.ch/OData.svc/Transcript(ID=377395L,Language='DE')/Businesses"}},"ID":"377395","Language":"DE","IdSubject":"71994","VoteId":null,"PersonNumber":4032,"Type":1,"Text":"<pd_text><p>Das Ihnen vorliegende Leistungsschutzrecht f\u00fcr Medienunternehmen sieht vor, dass grosse Online-Dienste die Medien f\u00fcr die Nutzung ihrer Inhalte entsch\u00e4digen sollen. F\u00fcr den Bundesrat ist das eine Frage der Fairness. Die grossen Online-Dienste sollen nicht einfach gratis die Leistungen von Medienunternehmen f\u00fcr ihr eigenes Gesch\u00e4ftsmodell \u00fcbernehmen d\u00fcrfen. </p>\n<p>Der Nationalrat hat nun aber die Vorlage an den Bundesrat mit dem Auftrag zur\u00fcckgewiesen, die Vorlage mit den Arbeiten zur Motion G\u00f6ssi 24.4596, \"Besserer Schutz des geistigen Eigentums vor KI-Missbrauch\", zu vereinigen. Wie Sie soeben geh\u00f6rt haben, stimmt Ihre vorberatende Kommission dieser R\u00fcckweisung zu. </p>\n<p>In der Tat ist es so, dass seit der Ausarbeitung des vorliegenden Leistungsschutzrechts die technische Entwicklung wieder rasant fortgeschritten ist. Auch Suchmaschinen werden heute mit generativer KI betrieben. Sie haben sicher die KI-generierten Texte bemerkt, die mittlerweile am Anfang einer Suchanfrage angezeigt werden und die Snippets erg\u00e4nzen oder sogar ersetzen. Die Wirkungsweisen von [PAGE 616] Suchmaschinen und von Anwendungen der generativen KI \u00fcberschneiden sich deshalb mehr und mehr. </p>\n<p>Vor diesem Hintergrund erscheint es auch dem Bundesrat inhaltlich sinnvoll, f\u00fcr die ganze Thematik eine einzige Vorlage auszuarbeiten. Die Arbeiten zur Umsetzung der Motion G\u00f6ssi wurden vom Institut f\u00fcr Geistiges Eigentum bereits an die Hand genommen. Aus praktischer Sicht steht damit einer Vereinigung der beiden Gesch\u00e4fte nichts im Wege. Die Arbeiten zur Motion G\u00f6ssi w\u00fcrden bei einer solchen Vereinigung keine Verz\u00f6gerung erfahren. Mit Blick auf das Leistungsschutzrecht f\u00fcr die Medienunternehmen als solches f\u00fchrt die Vereinigung zu einer zeitlichen Verz\u00f6gerung von etwa zwei Jahren. </p>\n<p>Ich werde Ihnen hier also keinen anderen Antrag stellen und bin einverstanden damit, dass die Vorlage an den Bundesrat zur\u00fcckgeht. [GZ]</p>\n</pd_text>","MeetingCouncilAbbreviation":"S","MeetingDate":"20260617","MeetingVerbalixOid":4191,"IdSession":"5214","SpeakerFirstName":"Beat","SpeakerLastName":"Jans","SpeakerFullName":"Jans Beat","SpeakerFunction":"BR-M","CouncilId":99,"CouncilName":"Bundesrat","CantonId":12,"CantonName":"Basel-Stadt","CantonAbbreviation":"BS","ParlGroupName":null,"ParlGroupAbbreviation":null,"SortOrder":3,"Start":"\/Date(1781687492532)\/","End":"\/Date(1781687618377)\/","Function":"BR-M","DisplaySpeaker":true,"LanguageOfText":"DE","Modified":"\/Date(1784275941826)\/","StartTimeWithTimezone":"\/Date(1781687492533+0120)\/","EndTimeWithTimezone":"\/Date(1781687618377+0120)\/","VoteBusinessNumber":null,"VoteBusinessShortNumber":null,"VoteBusinessTitle":null},{"__metadata":{"id":"https://ws.parlament.ch/OData.svc/Transcript(ID=377415L,Language='DE')","uri":"https://ws.parlament.ch/OData.svc/Transcript(ID=377415L,Language='DE')","type":"itsystems.Pd.DataServices.DataModel.Transcript"},"Subjects":{"__deferred":{"uri":"https://ws.parlament.ch/OData.svc/Transcript(ID=377415L,Language='DE')/Subjects"}},"MembersCouncil":{"__deferred":{"uri":"https://ws.parlament.ch/OData.svc/Transcript(ID=377415L,Language='DE')/MembersCouncil"}},"Businesses":{"__deferred":{"uri":"https://ws.parlament.ch/OData.svc/Transcript(ID=377415L,Language='DE')/Businesses"}},"ID":"377415","Language":"DE","IdSubject":"71994","VoteId":null,"PersonNumber":4309,"Type":1,"Text":"<pd_text><p>Ihre Kommission beantragt einstimmig, dem Beschluss des Nationalrates zuzustimmen und somit auf die Vorlage einzutreten, sie dann aber an den Bundesrat zur\u00fcckzuweisen; dies mit dem Auftrag, sie in die Ausarbeitung einer Vorlage zur Motion 24.4596, \"Besserer Schutz des geistigen Eigentums vor KI-Missbrauch\", zu integrieren.</p>\n<p>Unseren Eintretensantrag begr\u00fcnden wir wie folgt: Mit dem Postulat 19.3421 der WBK-S, \"Revision des Urheberrechtsgesetzes. \u00dcberpr\u00fcfung der Wirksamkeit\", beauftragte unser Rat den Bundesrat, in einem Bericht die Wirksamkeit der Revision unter Ber\u00fccksichtigung der Entwicklung des einschl\u00e4gigen Rechts auf europ\u00e4ischer Ebene und mit Fokus auf die Situation der Verleger, Verlegerinnen und Medienschaffenden zu \u00fcberpr\u00fcfen. Der Bundesrat anerkannte in seinem Bericht vom 17.[NB]Dezember 2021 zu diesem Postulat, dass eine Abgeltung der Leistungen der Medienunternehmen grunds\u00e4tzlich berechtigt sei, und beauftragte das EJPD mit der Ausarbeitung einer Vorlage, die wir heute als ausgearbeiteten Entwurf vor uns haben. </p>\n<p>Inhaltlich wird vorgeschlagen, dass die gr\u00f6ssten Anbieter von Online-Diensten eine Verg\u00fctung bezahlen sollen, wenn sie Text- und Bildvorschauen, sogenannte Snippets, aus journalistischen Ver\u00f6ffentlichungen nutzen. Auf diese Weise sollen Leistungen von Redaktionen, von Medienunternehmen abgegolten werden; Leistungsschutz ist das Thema.</p>\n<p>Die Umsetzung lehnt sich an die bew\u00e4hrten Modelle des Urheberrechtsgesetzes an, an die kollektive Wahrnehmung der Urheberrechte; Sie kennen das. Eine Verwertungsgesellschaft zieht Verg\u00fctungen ein und verteilt sie, in diesem Fall an die beg\u00fcnstigten Medienunternehmen und Journalistinnen und Journalisten. Dieses Konzept der Verwertung ist allf\u00e4lligen Verboten oder Einschr\u00e4nkungen, wie sie zum Beispiel die EU kennt, klar vorzuziehen.</p>\n<p>Ihre Kommission sieht hier Handlungsbedarf. Wir anerkennen, dass hier die Medien - die Medienschaffenden, die Medienh\u00e4user - Probleme haben und dass es hier einen Zusammenhang mit den digitalen Plattformen gibt. Dieses Problem m\u00fcssen wir im Interesse eines guten Journalismus und einer gut funktionierenden Informationslandschaft f\u00fcr unsere Demokratie - gerade f\u00fcr unsere Demokratie - l\u00f6sen.</p>\n<p>Es ist bekannt: Die grossen Plattformen, die internationalen Tech-Plattformen \u00fcbernehmen journalistische Inhalte, ohne diese selber zu produzieren. Sie profitieren damit von den Vorleistungen der Redaktionen und Medienunternehmen, ohne eine Verg\u00fctung bezahlen zu m\u00fcssen. Damit k\u00f6nnen die Tech-Plattformen auch ihre Attraktivit\u00e4t auf dem Online-Werbemarkt st\u00e4rken. Umgekehrt verzeichnen Schweizer Medienh\u00e4user starke Einbussen im Werbemarkt. Andererseits haben die Medienh\u00e4user auch ein Interesse an der Nutzung ihrer Produkte auf diesen Plattformen; es ist also eine Art gegenseitige Abh\u00e4ngigkeit. Diese Abh\u00e4ngigkeit soll nun nicht gegenseitig blockieren, sondern zu einem fairen Ausgleich f\u00fchren. Das ist der Sinn dieser Vorlage.</p>\n<p>Die Antworten auf die Fragen, wer an diesen Gewinnen, den Werbegewinnen zum Beispiel, teilhaben soll und wie ein faires Entgeltungssystem aussieht, sind nicht ganz einfach. Diese Antworten m\u00fcssen aber gefunden werden. Auch in anderen L\u00e4ndern werden unter dem Titel \"Leistungsschutzrecht\" die Interessen der Medien angesichts der neuen M\u00f6glichkeiten der digitalen Plattformen zunehmend gesch\u00fctzt oder geregelt.</p>\n<p>Wir sehen also Handlungsbedarf und m\u00f6chten deshalb eintreten. Gleichzeitig sehen wir - damit komme ich gleich zum R\u00fcckweisungsantrag - den Zusammenhang mit der Umsetzung der Motion G\u00f6ssi 24.4596, weshalb wir einstimmig R\u00fcckweisung beantragen. Die erw\u00e4hnten Befunde, die ich kurz skizziert habe, werden durch die dynamische Entwicklung der k\u00fcnstlichen Intelligenz \u00fcberlagert. Das zeigt auch ein Zitat des Verbands der Schweizer Medien. Gerade weil sich die Schweizer Medienh\u00e4user stark f\u00fcr diese Vorlagen einsetzen, zeigt sich, dass es hier eine \u00fcberschneidende Thematik gibt. Ich zitiere aus einem Positionspapier von Schweizer Medien: \"Dass ein verbesserter Schutz der journalistischen Inhalte in der digitalen Welt von zentraler Notwendigkeit ist, zeigen auch die neuesten Anwendungen der k\u00fcnstlichen Intelligenz, wie zum Beispiel ChatGPT von Open AI oder \u00e4hnliche Chatbots von Microsoft oder Google. Die Situation gestaltet sich analog der heutigen Situation bei Suchmaschinen und Newsaggregatoren. Die KI-Anwendungen der grossen Tech-Plattformen nutzen die Inhalte der Medienunternehmen f\u00fcr das eigene Gesch\u00e4ftsmodell, ohne dass die Medienunternehmen und Journalistinnen und Journalisten daf\u00fcr verg\u00fctet werden. Dabei verst\u00e4rkt sich das Problem mit den Anwendungen der k\u00fcnstlichen Intelligenz.\"</p>\n<p>Diese Hinweise der Medienh\u00e4user selbst zeigen, dass es hier um den Schutz journalistischer Leistungen geht, angesichts der Dynamik und der digitalen Anwendungsm\u00f6glichkeiten von KI jetzt noch verst\u00e4rkt. Die Frage zu beantworten, ob und, wenn ja, welche journalistischen Leistungen heute urheberrechtlich gesch\u00fctzt sind, ist das eine. Der Schutz des Urheberrechts ist auch in der digitalen Welt sicherzustellen; das ist der Kern der Motion G\u00f6ssi 24.4596. \u00dcber das Urheberrecht hinaus geht es um Leistungsschutz. Hier braucht es, wie gesagt, einen fairen Interessenausgleich, ohne aber die innovativen Fortschritte der Digitalisierung und die Anspr\u00fcche der Informationsgesellschaft zu bremsen. Diese Fragen sind, das ist der Sinn und Geist unseres R\u00fcckweisungsantrags, gesamtheitlich anzugehen.</p>\n<p>Die Verwaltung hat uns versichert, dass die Arbeiten an der Umsetzung der Motion G\u00f6ssi 24.4596 schon weit gediehen seien. Allerdings w\u00fcrde nun die Verkn\u00fcpfung, wie wir sie jetzt beantragen, doch eine gewisse Verz\u00f6gerung bzw. einen zeitlichen Mehrbedarf bedeuten; man hat von zwei Jahren gesprochen. Wir hoffen nat\u00fcrlich, dass es bef\u00f6rderlicher geht, aber wir nehmen in Kauf, dass es eine gewisse Verz\u00f6gerung gibt, welche, wie gesagt, die Dynamik der KI-Anwendungen ber\u00fccksichtigt. </p>\n<p>Ich m\u00f6chte noch erw\u00e4hnen, dass wir etwas noch in die Waagschale werfen, was Ihre Kommission auch bei der Beratung der Motion G\u00f6ssi 24.4596 betonte. Der Bundesrat soll sich durchaus an existierenden L\u00f6sungen im Ausland orientieren, wom\u00f6glich ohne Swiss Finish. Umgekehrt k\u00f6nnen bew\u00e4hrte Elemente - ich habe sie hier erw\u00e4hnt: das Urheberrechtsgesetz sowie die kollektive Verwertung - nat\u00fcrlich eingebaut werden. Auch ist darauf zu achten, dass Innovationsm\u00f6glichkeiten der digitalen Welt, die ja sehr dynamisch ist, nicht blockiert oder gebremst werden und dass Technologieneutralit\u00e4t gewahrt bleibt. </p>\n<p>Entsprechend ist es eine Herausforderung, aber auch ein Muss, eine Vorlage zu kreieren, welche einen guten Interessenausgleich zwischen Autoren, Autorinnen und den Vermittlern von Informationen einerseits und den m\u00f6glichst frei zug\u00e4nglichen Informationen der demokratischen Gesellschaft andererseits erm\u00f6glicht, aber auch einen Interessenausgleich zwischen Urheberrechten, Leistungsschutz einerseits und innovativen M\u00f6glichkeiten der Vermittlung geschaffener Werke und Leistungen andererseits.</p>\n<p>Mit diesen Ausf\u00fchrungen bitte ich Sie, den Antr\u00e4gen der Kommission zu folgen, einzutreten und aus den erw\u00e4hnten Gr\u00fcnden das Gesch\u00e4ft zur\u00fcckzuweisen.</p>\n</pd_text>","MeetingCouncilAbbreviation":"S","MeetingDate":"20260617","MeetingVerbalixOid":4191,"IdSession":"5214","SpeakerFirstName":"Matthias","SpeakerLastName":"Michel","SpeakerFullName":"Michel Matthias","SpeakerFunction":"Mit-M","CouncilId":2,"CouncilName":"St\u00e4nderat","CantonId":9,"CantonName":"Zug","CantonAbbreviation":"ZG","ParlGroupName":"FDP-Liberale Fraktion","ParlGroupAbbreviation":"RL","SortOrder":2,"Start":"\/Date(1781686958925)\/","End":"\/Date(1781687443843)\/","Function":"*","DisplaySpeaker":true,"LanguageOfText":"DE","Modified":"\/Date(1784275941826)\/","StartTimeWithTimezone":"\/Date(1781686958927+0120)\/","EndTimeWithTimezone":"\/Date(1781687443843+0120)\/","VoteBusinessNumber":null,"VoteBusinessShortNumber":null,"VoteBusinessTitle":null}]},"ID":"71994","Language":"DE","IdMeeting":"5248","VerbalixOid":805698,"SortOrder":2,"Modified":"\/Date(1784275941826)\/"}}