{"d":{"__metadata":{"id":"https://ws.parlament.ch/OData.svc/Subject(ID=72008L,Language='IT')","uri":"https://ws.parlament.ch/OData.svc/Subject(ID=72008L,Language='IT')","type":"itsystems.Pd.DataServices.DataModel.Subject"},"Meetings":{"__metadata":{"id":"https://ws.parlament.ch/OData.svc/Meeting(ID=5248L,Language='IT')","uri":"https://ws.parlament.ch/OData.svc/Meeting(ID=5248L,Language='IT')","type":"itsystems.Pd.DataServices.DataModel.Meeting"},"Sessions":{"__deferred":{"uri":"https://ws.parlament.ch/OData.svc/Meeting(ID=5248L,Language='IT')/Sessions"}},"Subjects":{"__deferred":{"uri":"https://ws.parlament.ch/OData.svc/Meeting(ID=5248L,Language='IT')/Subjects"}},"ID":"5248","Language":"IT","MeetingNumber":11,"IdSession":5214,"SessionNumber":14,"SessionName":"Sessione estiva 2026","Council":2,"CouncilName":"Consiglio degli Stati","CouncilAbbreviation":"CS","Date":"\/Date(1781654400000)\/","Begin":"0845","Modified":"\/Date(1784192696570)\/","LegislativePeriodNumber":52,"PublicationStatus":"final","MeetingOrderText":"Undicesima seduta","SortOrder":11,"Location":"S"},"SubjectsBusiness":{"results":[{"__metadata":{"id":"https://ws.parlament.ch/OData.svc/SubjectBusiness(BusinessNumber=20263185,IdSubject=72008L,Language='IT')","uri":"https://ws.parlament.ch/OData.svc/SubjectBusiness(BusinessNumber=20263185,IdSubject=72008L,Language='IT')","type":"itsystems.Pd.DataServices.DataModel.SubjectBusiness"},"Subjects":{"__deferred":{"uri":"https://ws.parlament.ch/OData.svc/SubjectBusiness(BusinessNumber=20263185,IdSubject=72008L,Language='IT')/Subjects"}},"Businesses":{"__deferred":{"uri":"https://ws.parlament.ch/OData.svc/SubjectBusiness(BusinessNumber=20263185,IdSubject=72008L,Language='IT')/Businesses"}},"IdSubject":"72008","BusinessNumber":20263185,"Language":"IT","BusinessShortNumber":"26.3185","Title":"Trasferire in Albania i casi Dublino italiani","SortOrder":1,"PublishedNotes":null,"Modified":"\/Date(1779446821653)\/","TitleDE":"Motion M\u00fcller Damian.\nR\u00fcck\u00fcberstellung von Dublin-F\u00e4llen\naus Italien nach Albanien","TitleFR":"Motion M\u00fcller Damian.\nRenvoyer les cas Dublin\nprovenant d'Italie vers l'Albanie","TitleIT":null}]},"Transcripts":{"results":[{"__metadata":{"id":"https://ws.parlament.ch/OData.svc/Transcript(ID=377525L,Language='IT')","uri":"https://ws.parlament.ch/OData.svc/Transcript(ID=377525L,Language='IT')","type":"itsystems.Pd.DataServices.DataModel.Transcript"},"Subjects":{"__deferred":{"uri":"https://ws.parlament.ch/OData.svc/Transcript(ID=377525L,Language='IT')/Subjects"}},"MembersCouncil":{"__deferred":{"uri":"https://ws.parlament.ch/OData.svc/Transcript(ID=377525L,Language='IT')/MembersCouncil"}},"Businesses":{"__deferred":{"uri":"https://ws.parlament.ch/OData.svc/Transcript(ID=377525L,Language='IT')/Businesses"}},"ID":"377525","Language":"IT","IdSubject":"72008","VoteId":null,"PersonNumber":4055,"Type":1,"Text":"<pd_text><p><b>Pr\u00e4sident</b> (Engler Stefan, Pr\u00e4sident): Der Bundesrat beantragt die Ablehnung der Motion.</p>\n</pd_text>","MeetingCouncilAbbreviation":"S","MeetingDate":"20260617","MeetingVerbalixOid":4191,"IdSession":"5214","SpeakerFirstName":"Stefan","SpeakerLastName":"Engler","SpeakerFullName":"Engler Stefan","SpeakerFunction":"P-M","CouncilId":2,"CouncilName":"Consiglio degli Stati","CantonId":18,"CantonName":"Grigioni","CantonAbbreviation":"GR","ParlGroupName":"Il Gruppo del Centro. Alleanza del Centro. PEV.","ParlGroupAbbreviation":"M-E","SortOrder":1,"Start":"\/Date(1781698206290)\/","End":"\/Date(1781698219522)\/","Function":"P-M","DisplaySpeaker":false,"LanguageOfText":null,"Modified":"\/Date(1784275941936)\/","StartTimeWithTimezone":"\/Date(1781698206290+0120)\/","EndTimeWithTimezone":"\/Date(1781698219523+0120)\/","VoteBusinessNumber":null,"VoteBusinessShortNumber":null,"VoteBusinessTitle":null},{"__metadata":{"id":"https://ws.parlament.ch/OData.svc/Transcript(ID=377528L,Language='IT')","uri":"https://ws.parlament.ch/OData.svc/Transcript(ID=377528L,Language='IT')","type":"itsystems.Pd.DataServices.DataModel.Transcript"},"Subjects":{"__deferred":{"uri":"https://ws.parlament.ch/OData.svc/Transcript(ID=377528L,Language='IT')/Subjects"}},"MembersCouncil":{"__deferred":{"uri":"https://ws.parlament.ch/OData.svc/Transcript(ID=377528L,Language='IT')/MembersCouncil"}},"Businesses":{"__deferred":{"uri":"https://ws.parlament.ch/OData.svc/Transcript(ID=377528L,Language='IT')/Businesses"}},"ID":"377528","Language":"IT","IdSubject":"72008","VoteId":"8343","PersonNumber":null,"Type":2,"Text":"<pd_text><p><i>Abstimmung - Vote </i>[GZ]</p>\n<p>[NAM][GZ]</p>\n<p>F\u00fcr Annahme der Motion ... 25 Stimmen [GZ]</p>\n<p>Dagegen ... 17 Stimmen [GZ]</p>\n<p>(1 Enthaltung) [PAGE 638] </p>\n</pd_text>","MeetingCouncilAbbreviation":"S","MeetingDate":"20260617","MeetingVerbalixOid":4191,"IdSession":"5214","SpeakerFirstName":null,"SpeakerLastName":null,"SpeakerFullName":"","SpeakerFunction":null,"CouncilId":null,"CouncilName":null,"CantonId":null,"CantonName":null,"CantonAbbreviation":null,"ParlGroupName":null,"ParlGroupAbbreviation":null,"SortOrder":7,"Start":"\/Date(1781699207690)\/","End":"\/Date(1781699252026)\/","Function":null,"DisplaySpeaker":null,"LanguageOfText":null,"Modified":"\/Date(1784275941936)\/","StartTimeWithTimezone":"\/Date(1781699207690+0120)\/","EndTimeWithTimezone":"\/Date(1781699252027+0120)\/","VoteBusinessNumber":20263185,"VoteBusinessShortNumber":"26.3185","VoteBusinessTitle":"Motion M\u00fcller Damian.\nRenvoyer les cas Dublin\nprovenant d'Italie vers l'Albanie"},{"__metadata":{"id":"https://ws.parlament.ch/OData.svc/Transcript(ID=377539L,Language='IT')","uri":"https://ws.parlament.ch/OData.svc/Transcript(ID=377539L,Language='IT')","type":"itsystems.Pd.DataServices.DataModel.Transcript"},"Subjects":{"__deferred":{"uri":"https://ws.parlament.ch/OData.svc/Transcript(ID=377539L,Language='IT')/Subjects"}},"MembersCouncil":{"__deferred":{"uri":"https://ws.parlament.ch/OData.svc/Transcript(ID=377539L,Language='IT')/MembersCouncil"}},"Businesses":{"__deferred":{"uri":"https://ws.parlament.ch/OData.svc/Transcript(ID=377539L,Language='IT')/Businesses"}},"ID":"377539","Language":"IT","IdSubject":"72008","VoteId":null,"PersonNumber":491,"Type":1,"Text":"<pd_text><p>Comme l'a compt\u00e9 notre coll\u00e8gue Friedli - j'avais aussi fait ce d\u00e9compte pendant une autre session -, on doit probablement \u00eatre \u00e0 plus d'une vingtaine de motions et d'interventions parlementaires concernant l'asile en moins d'un an. On vient m\u00eame maintenant d'adopter une motion pour dire au Conseil f\u00e9d\u00e9ral dans quel ordre il doit traiter les motions - c'est ce qu'on vient de faire avec la motion W\u00fcrth. Ch\u00e8res et chers coll\u00e8gues, ce que l'on est en train d'essayer de faire, c'est simplement de la cogestion. On voit maintenant des motions porter sur les contacts que doit prendre le Conseil f\u00e9d\u00e9ral avec tel pays. On l'encourage \u00e0 n\u00e9gocier, alors qu'en principe, une motion vise \u00e0 changer une base l\u00e9gale. On commence \u00e0 vouloir faire du pilotage automatique du Conseil f\u00e9d\u00e9ral pour savoir avec qui il doit discuter et comment il doit n\u00e9gocier. S'il le fait,[NB]mais[NB]qu'il[NB]n'a[NB]pas de r\u00e9sultat, on vient lui faire des commentaires un peu faciles, pour dire qu'il y met de la mauvaise volont\u00e9.</p>\n<p>Je pense que notre Parlement, sur ce th\u00e8me, perd un peu ses rep\u00e8res. Parfois, il perd m\u00eame un peu la d\u00e9cence politique de base, qui consiste \u00e0 respecter la s\u00e9paration des pouvoirs et \u00e0 respecter le travail des autres. Si c'\u00e9tait tellement facile, il y aurait une concurrence d\u00e9bordante pour entrer au Conseil f\u00e9d\u00e9ral[NB]! On a eu, lors d'une vacance r\u00e9cente, une liste de renoncements \u00e0 la candidature qui \u00e9tait quand m\u00eame assez spectaculaire. Manifestement, ce r\u00f4le n'attire pas exag\u00e9r\u00e9ment, y compris les membres du Parlement. Si c'\u00e9tait si facile, il y aurait une concurrence f\u00e9roce pour prendre ce d\u00e9partement lors de la r\u00e9partition des d\u00e9partements. Or, comme on le sait, les groupes qui d\u00e9posent des motions \u00e0 peu pr\u00e8s lors de toutes les sessions ne sont pas press\u00e9s de prendre la responsabilit\u00e9 ex\u00e9cutive de ce dossier. Je trouve donc qu'il y a beaucoup d'hypocrisie dans ce dossier, et parfois m\u00eame un petit peu de facilit\u00e9, \u00e0 critiquer toujours celles et ceux qui essayent de faire des choses.</p>\n<p>La r\u00e9alit\u00e9 pragmatique, c'est que le nombre de demandes d'asile baisse, c'est que le nombre de renvois augmente, c'est que le nombre de cas pendants se r\u00e9duit, comme nous l'explique \u00e0 longueur de session le conseiller f\u00e9d\u00e9ral en charge de ce dossier. Certains peuvent se d\u00e9soler de cela. Je trouve que c'est plut\u00f4t le r\u00e9sultat d'un travail qui est fait par l'ex\u00e9cutif. On est un certain nombre dans ce conseil \u00e0 avoir \u00e9t\u00e9 membres d'un ex\u00e9cutif. On sait que la critique est facile, mais que l'art est difficile. [PAGE 637] </p>\n<p>En raison de ce bon vieux principe, je vous invite \u00e0 rejeter cette motion, qui me para\u00eet enfoncer des portes ouvertes. \u00c0 part cela, les r\u00e9ponses du Conseil f\u00e9d\u00e9ral sont \u00e9loquentes[NB]: si l'Italie ne reprend pas ses ressortissants, elle ne va pas davantage les reprendre si on les met en Albanie. Cela me semble \u00eatre assez clairement expliqu\u00e9 dans l'avis du Conseil f\u00e9d\u00e9ral[NB]; je ne vois de ce fait pas ce que cette proposition am\u00e8nerait concr\u00e8tement. Je vous remercie donc de rejeter la motion M\u00fcller Damian. Je ne r\u00e9p\u00e8terai pas la m\u00eame chose tout \u00e0 l'heure sur les autres motions, mais mon avis est le m\u00eame.</p>\n</pd_text>","MeetingCouncilAbbreviation":"S","MeetingDate":"20260617","MeetingVerbalixOid":4191,"IdSession":"5214","SpeakerFirstName":"Pierre-Yves","SpeakerLastName":"Maillard","SpeakerFullName":"Maillard Pierre-Yves","SpeakerFunction":"Mit-M","CouncilId":2,"CouncilName":"Consiglio degli Stati","CantonId":22,"CantonName":"Vaud","CantonAbbreviation":"VD","ParlGroupName":"Gruppo socialista","ParlGroupAbbreviation":"S","SortOrder":3,"Start":"\/Date(1781698544374)\/","End":"\/Date(1781698733837)\/","Function":"Mit-M","DisplaySpeaker":true,"LanguageOfText":"FR","Modified":"\/Date(1784275941936)\/","StartTimeWithTimezone":"\/Date(1781698544373+0120)\/","EndTimeWithTimezone":"\/Date(1781698733837+0120)\/","VoteBusinessNumber":null,"VoteBusinessShortNumber":null,"VoteBusinessTitle":null},{"__metadata":{"id":"https://ws.parlament.ch/OData.svc/Transcript(ID=377541L,Language='IT')","uri":"https://ws.parlament.ch/OData.svc/Transcript(ID=377541L,Language='IT')","type":"itsystems.Pd.DataServices.DataModel.Transcript"},"Subjects":{"__deferred":{"uri":"https://ws.parlament.ch/OData.svc/Transcript(ID=377541L,Language='IT')/Subjects"}},"MembersCouncil":{"__deferred":{"uri":"https://ws.parlament.ch/OData.svc/Transcript(ID=377541L,Language='IT')/MembersCouncil"}},"Businesses":{"__deferred":{"uri":"https://ws.parlament.ch/OData.svc/Transcript(ID=377541L,Language='IT')/Businesses"}},"ID":"377541","Language":"IT","IdSubject":"72008","VoteId":null,"PersonNumber":4240,"Type":1,"Text":"<pd_text><p>Je ne vais pas trop rallonger le d\u00e9bat, parce que ce que je voulais dire a \u00e9t\u00e9 dit tant par M.[NB]Maillard que par M.[NB]Sommaruga. Aujourd'hui, j'invite vraiment M.[NB]M\u00fcller \u00e0 retirer sa motion, parce qu'elle n'a plus d'objectif, puisque depuis le 12 juin, comme cela a \u00e9t\u00e9 rappel\u00e9, l'Italie s'est engag\u00e9e \u00e0 reprendre les cas Dublin.</p>\n<p>J'avais de la sympathie pour le contenu de la motion lorsqu'elle a \u00e9t\u00e9 d\u00e9pos\u00e9e, mais, avec la r\u00e9ponse apport\u00e9e par le Conseil f\u00e9d\u00e9ral, je crois qu'on a les r\u00e9ponses aux questions qui sont soulev\u00e9es et qui se heurtent \u00e0 d'autres r\u00e9alit\u00e9s. C'est vrai qu'\u00e0 force de vouloir faire de la cogestion, si je peux faire un ajout aux propos tenus par M.[NB]Maillard, on va arriver \u00e0 la congestion, de telle sorte que l'administration ne passera plus son temps qu'\u00e0 r\u00e9pondre aux interventions plut\u00f4t qu'\u00e0 agir r\u00e9ellement sur le terrain pour aboutir \u00e0 des solutions concr\u00e8tes. C'est la raison pour laquelle, si M.[NB]M\u00fcller maintient sa motion, je la rejetterai. Si les probl\u00e8mes qui \u00e9taient soulev\u00e9s, comme je l'ai dit, attiraient ma sympathie, avec les r\u00e9ponses qui sont donn\u00e9es aujourd'hui, la motion n'a plus lieu d'\u00eatre.</p>\n</pd_text>","MeetingCouncilAbbreviation":"S","MeetingDate":"20260617","MeetingVerbalixOid":4191,"IdSession":"5214","SpeakerFirstName":"Charles","SpeakerLastName":"Juillard","SpeakerFullName":"Juillard Charles","SpeakerFunction":"Mit-M","CouncilId":2,"CouncilName":"Consiglio degli Stati","CantonId":26,"CantonName":"Giura","CantonAbbreviation":"JU","ParlGroupName":"Il Gruppo del Centro. Alleanza del Centro. PEV.","ParlGroupAbbreviation":"M-E","SortOrder":5,"Start":"\/Date(1781698876548)\/","End":"\/Date(1781698951443)\/","Function":"Mit-M","DisplaySpeaker":true,"LanguageOfText":"FR","Modified":"\/Date(1784275941936)\/","StartTimeWithTimezone":"\/Date(1781698876547+0120)\/","EndTimeWithTimezone":"\/Date(1781698951443+0120)\/","VoteBusinessNumber":null,"VoteBusinessShortNumber":null,"VoteBusinessTitle":null},{"__metadata":{"id":"https://ws.parlament.ch/OData.svc/Transcript(ID=377558L,Language='IT')","uri":"https://ws.parlament.ch/OData.svc/Transcript(ID=377558L,Language='IT')","type":"itsystems.Pd.DataServices.DataModel.Transcript"},"Subjects":{"__deferred":{"uri":"https://ws.parlament.ch/OData.svc/Transcript(ID=377558L,Language='IT')/Subjects"}},"MembersCouncil":{"__deferred":{"uri":"https://ws.parlament.ch/OData.svc/Transcript(ID=377558L,Language='IT')/MembersCouncil"}},"Businesses":{"__deferred":{"uri":"https://ws.parlament.ch/OData.svc/Transcript(ID=377558L,Language='IT')/Businesses"}},"ID":"377558","Language":"IT","IdSubject":"72008","VoteId":null,"PersonNumber":1120,"Type":1,"Text":"<pd_text><p>Derri\u00e8re la grande intervention de notre coll\u00e8gue Damian M\u00fcller sur la politique g\u00e9n\u00e9rale en mati\u00e8re d'asile, il y a une motion qui est extr\u00eamement pr\u00e9cise, qui charge le Conseil f\u00e9d\u00e9ral de n\u00e9gocier bilat\u00e9ralement avec l'Italie pour que celle-ci reprenne les personnes relevant de sa responsabilit\u00e9 en vertu du r\u00e8glement Dublin. Le 12 juin, c'est-\u00e0-dire vendredi dernier, est entr\u00e9 en vigueur le Pacte sur la migration et l'asile de l'Union europ\u00e9enne. L'Italie a r\u00e9agi en indiquant qu'elle allait reprendre les cas Dublin suisses. En d'autres termes, le probl\u00e8me n'existe plus puisque l'Italie, parce que ce m\u00e9canisme de solidarit\u00e9 au sein de l'Union europ\u00e9enne a \u00e9t\u00e9 mis en place, a d\u00e9cid\u00e9 de reprendre tous les cas Dublin et de faire fonctionner le syst\u00e8me Dublin, ce qui s'applique \u00e9galement \u00e0 la Suisse. Je vous invite simplement \u00e0 relire la presse qui est sortie ce dimanche, voire ce lundi, en Suisse et en Italie.</p>\n<p>D\u00e8s lors, j'aurais attendu, cher coll\u00e8gue Damian M\u00fcller, que vous retiriez votre motion, parce que cette demande n'est plus d'actualit\u00e9. Elle n'est plus d'actualit\u00e9 parce que l'Italie a annonc\u00e9 qu'elle allait reprendre les cas Dublin dans le cadre de l'application du Pacte europ\u00e9en sur la migration et l'asile qui est entr\u00e9 en vigueur le 12 juin. En d'autres termes, comme cette motion doit encore \u00eatre accept\u00e9e par le deuxi\u00e8me conseil, on arrivera de toute fa\u00e7on comme la gr\u00eale apr\u00e8s les vendanges et elle ne servira \u00e0 rien. Ceci montre bien qu'aujourd'hui, si on maintient cette motion au vote, ce n'est pas le probl\u00e8me qui est expos\u00e9 dans la motion qui est en jeu, mais c'est une volont\u00e9 de s'attaquer de mani\u00e8re syst\u00e9matique au chef du D\u00e9partement f\u00e9d\u00e9ral de justice et police qui met en place la strat\u00e9gie de traitement des cas d'asile qui nous a \u00e9t\u00e9 expliqu\u00e9e tout \u00e0 l'heure.</p>\n<p>J'esp\u00e9rais que vous seriez assez coh\u00e9rent avec votre motion et que vous prendriez acte de la r\u00e9alit\u00e9 politique telle qu'elle existe aujourd'hui en Italie et qui fait qu'il n'y a plus de n\u00e9cessit\u00e9 d'agir au niveau du Conseil f\u00e9d\u00e9ral puisqu'il n'y a plus qu'\u00e0 attendre que ce soit mis en pratique.</p>\n</pd_text>","MeetingCouncilAbbreviation":"S","MeetingDate":"20260617","MeetingVerbalixOid":4191,"IdSession":"5214","SpeakerFirstName":"Carlo","SpeakerLastName":"Sommaruga","SpeakerFullName":"Sommaruga Carlo","SpeakerFunction":"Mit-M","CouncilId":2,"CouncilName":"Consiglio degli Stati","CantonId":25,"CantonName":"Ginevra","CantonAbbreviation":"GE","ParlGroupName":"Gruppo socialista","ParlGroupAbbreviation":"S","SortOrder":4,"Start":"\/Date(1781698737205)\/","End":"\/Date(1781698873589)\/","Function":"Mit-M","DisplaySpeaker":true,"LanguageOfText":"FR","Modified":"\/Date(1784275941936)\/","StartTimeWithTimezone":"\/Date(1781698737207+0120)\/","EndTimeWithTimezone":"\/Date(1781698873590+0120)\/","VoteBusinessNumber":null,"VoteBusinessShortNumber":null,"VoteBusinessTitle":null},{"__metadata":{"id":"https://ws.parlament.ch/OData.svc/Transcript(ID=377613L,Language='IT')","uri":"https://ws.parlament.ch/OData.svc/Transcript(ID=377613L,Language='IT')","type":"itsystems.Pd.DataServices.DataModel.Transcript"},"Subjects":{"__deferred":{"uri":"https://ws.parlament.ch/OData.svc/Transcript(ID=377613L,Language='IT')/Subjects"}},"MembersCouncil":{"__deferred":{"uri":"https://ws.parlament.ch/OData.svc/Transcript(ID=377613L,Language='IT')/MembersCouncil"}},"Businesses":{"__deferred":{"uri":"https://ws.parlament.ch/OData.svc/Transcript(ID=377613L,Language='IT')/Businesses"}},"ID":"377613","Language":"IT","IdSubject":"72008","VoteId":null,"PersonNumber":4207,"Type":1,"Text":"<pd_text><p>Ich danke dem Bundesrat f\u00fcr seine Antwort, auch wenn ich feststelle, dass er sich - wie allzu oft, wenn es um R\u00fcckf\u00fchrungen geht - auf das absolute Minimum beschr\u00e4nkt. Die Suche nach funktionierenden L\u00f6sungen scheint vom EJPD mittlerweile als unverh\u00e4ltnism\u00e4ssiger Aufwand angesehen zu werden. Der einfachste Weg besteht offenbar darin, die bisherige Praxis fortzusetzen und Asylsuchende in der Schweiz zu behalten, die eigentlich nicht in die Zust\u00e4ndigkeit unseres Landes fallen. Von innovativen Ideen habe ich keine Spur gefunden.</p>\n<p>Herr Bundesrat, Sie liessen sich zum Amtsantritt prominent mit der Aussage zitieren, wer denke, linke Politik heisse Wegschauen von Problemen, irre sich. Ich muss Ihnen ganz offen sagen, dass ich diese Aussage mit Ihrer Stellungnahme zu diesem Vorstoss nicht in Einklang bringen kann.</p>\n<p>Die Umsetzung der Punkte 1 und 2 fordert vor allem guten Willen und eine gewisse Aufgeschlossenheit. Diese beiden Punkte beinhalten keinerlei Ergebnisverpflichtung. Sie zielen lediglich darauf ab, Verhandlungen mit Italien aufzunehmen. Ich bin nicht naiv und bin mir bewusst, dass diese Gespr\u00e4che komplex werden und m\u00f6glicherweise sogar scheitern k\u00f6nnen. Wenn wir es aber gar nicht erst versuchen, wird genau gar nichts passieren. Und das geht dann halt schon in Richtung Wegschauen von Problemen.</p>\n<p>Der Bundesrat erkl\u00e4rt lieber, warum Schritte scheitern k\u00f6nnten, anstatt sie zu unternehmen. Diese Haltung bedauere ich, zumal ich durchaus der Ansicht bin, dass Italien ein Interesse an einer Zusammenarbeit mit der Schweiz hat, insbesondere wenn diese eine finanzielle Unterst\u00fctzung f\u00fcr seine Zentren in Albanien beinhaltet. Im Rahmen der Anwendung der Dublin-Verordnung kann Italien genau festlegen, wohin die Dublin-F\u00e4lle, f\u00fcr die es zust\u00e4ndig ist, zur\u00fcckgeschickt werden sollen. Das kann Rom, Mailand oder ein anderer Ort sein. Grunds\u00e4tzlich ist es also m\u00f6glich, dass Italien die Schweiz bittet, bestimmte F\u00e4lle an Zentren in Albanien zur\u00fcckzuschicken. Angesichts der engen Beziehung zwischen den Staaten k\u00f6nnte Italien sogar eine Anpassung des mit Albanien abgeschlossenen Abkommens in Betracht ziehen.</p>\n<p>Was Punkt 3 betrifft: Wenn ich die Antwort richtig interpretiere, schliesst der Bundesrat aufgrund einer Auslegeordnung im Rahmen des in der Antwort erw\u00e4hnten Postulates Caroni aus, dass ein solches Modell mit einer R\u00fcckkehr das Schweizer System entlasten k\u00f6nnte.</p>\n<p>J\u00fcngst wurde zwischen dem Rat der Europ\u00e4ischen Union und dem Europ\u00e4ischen Parlament eine Einigung \u00fcber eine neue EU-Verordnung zur Weiterentwicklung der R\u00fcckf\u00fchrungsrichtlinie erzielt, die unter anderem die Schaffung von R\u00fcckf\u00fchrungszentren in Drittstaaten vorsieht. Herr Bundesrat, wie gedenken Sie, gest\u00fctzt darauf die k\u00fcnftige Zusammenarbeit der Schweiz in diesem Bereich konkret auszugestalten? Und an welche Drittstaaten k\u00f6nnte sich die Schweiz bereits wenden?</p>\n<p>Es ist nun die Aufgabe des Parlamentes, den Bundesrat dazu anzuhalten, Gespr\u00e4che mit Italien aufzunehmen und die M\u00f6glichkeit einer Zusammenarbeit mit Rom konkret zu pr\u00fcfen. Auch hier besteht keine Verpflichtung, ein bestimmtes Ergebnis zu erzielen, sondern lediglich die Verpflichtung, Gespr\u00e4che mit Italien aufzunehmen, um dessen Interesse an einer Zusammenarbeit mit der Schweiz im Bereich der R\u00fcckf\u00fchrung auszuloten. </p>\n<p>Aus all diesen Gr\u00fcnden bitte ich Sie, diese Motion anzunehmen.</p>\n<p>Herr Bundesrat, ich gebe es offen zu, ich beneide Sie nicht. Die letzten Wochen und Monate haben deutlich gezeigt, welche Sorgen die Menschen in unserem Land haben. Die Bev\u00f6lkerung spricht \u00fcber Migration, \u00fcber Asyl, \u00fcber Sicherheit und \u00fcber die Frage, ob unser Staat die Situation noch unter Kontrolle hat. Gerade deshalb erstaunt mich die Haltung Ihres Departements. Bei der \u00dcberarbeitung der Lex Koller geht alles sehr schnell. Daf\u00fcr werden in k\u00fcrzester Zeit Berichte erstellt, Varianten gepr\u00fcft und Gesetzes\u00e4nderungen vorbereitet. Wenn es aber um R\u00fcckf\u00fchrungen von Personen geht, die kein Bleiberecht in der Schweiz haben, h\u00f6re ich immer wieder, weshalb etwas nicht m\u00f6glich sein soll. Ich spreche hier nicht von Fl\u00fcchtlingen.</p>\n<p>Was mich zunehmend st\u00f6rt: Wir sprechen st\u00e4ndig \u00fcber Strategien, Konzepte und auch \u00fcber Pr\u00fcfauftr\u00e4ge. Die Bev\u00f6lkerung erwartet etwas anderes. Sie erwartet Resultate, sie erwartet Taten, und sie erwartet L\u00f6sungen. Niemand verlangt Wunder, niemand verlangt, dass jede Verhandlung erfolgreich endet. Aber die Menschen d\u00fcrfen erwarten, dass der Bundesrat aktiv M\u00f6glichkeiten auslotet, Partner sucht und neue Wege pr\u00fcft, anstatt bereits zu Beginn zu erkl\u00e4ren, weshalb etwas nicht funktionieren k\u00f6nnte. Genau das verlangt diese Motion, nicht mehr und nicht weniger. Sie verpflichtet den Bundesrat nicht zu einem bestimmten Ergebnis, sie verpflichtet ihn lediglich dazu, aktiv zu werden.</p>\n<p>Genau deshalb bitte ich Sie, die Motion zu unterst\u00fctzen.</p>\n</pd_text>","MeetingCouncilAbbreviation":"S","MeetingDate":"20260617","MeetingVerbalixOid":4191,"IdSession":"5214","SpeakerFirstName":"Damian","SpeakerLastName":"M\u00fcller","SpeakerFullName":"M\u00fcller Damian","SpeakerFunction":"Mit-M","CouncilId":2,"CouncilName":"Consiglio degli Stati","CantonId":3,"CantonName":"Lucerna","CantonAbbreviation":"LU","ParlGroupName":"Gruppo liberale radicale","ParlGroupAbbreviation":"RL","SortOrder":2,"Start":"\/Date(1781698219522)\/","End":"\/Date(1781698538271)\/","Function":"Mit-M","DisplaySpeaker":true,"LanguageOfText":"DE","Modified":"\/Date(1784275941936)\/","StartTimeWithTimezone":"\/Date(1781698219523+0120)\/","EndTimeWithTimezone":"\/Date(1781698538270+0120)\/","VoteBusinessNumber":null,"VoteBusinessShortNumber":null,"VoteBusinessTitle":null},{"__metadata":{"id":"https://ws.parlament.ch/OData.svc/Transcript(ID=377666L,Language='IT')","uri":"https://ws.parlament.ch/OData.svc/Transcript(ID=377666L,Language='IT')","type":"itsystems.Pd.DataServices.DataModel.Transcript"},"Subjects":{"__deferred":{"uri":"https://ws.parlament.ch/OData.svc/Transcript(ID=377666L,Language='IT')/Subjects"}},"MembersCouncil":{"__deferred":{"uri":"https://ws.parlament.ch/OData.svc/Transcript(ID=377666L,Language='IT')/MembersCouncil"}},"Businesses":{"__deferred":{"uri":"https://ws.parlament.ch/OData.svc/Transcript(ID=377666L,Language='IT')/Businesses"}},"ID":"377666","Language":"IT","IdSubject":"72008","VoteId":null,"PersonNumber":4032,"Type":1,"Text":"<pd_text><p>Bundesrats-Bashing auszuhalten, ist Teil meines Jobbeschriebs. Damit habe ich kein Problem, ebenso wenig mit Motionen, die ein Zeichen setzen wollen; solche Motionen nehme ich gerne entgegen. Ich erwarte aber, dass man die Leistungen, die die Administration erbringt, anerkennt. Wenn Sie diese Motion annehmen, machen Sie eigentlich nur Folgendes: Sie anerkennen die Leistungen, die vollbracht werden, ohne irgendeinen konstruktiven Beitrag zu leisten, nicht. Ich m\u00f6chte Ihnen das anhand der drei Punkte Ihrer Motion kurz erkl\u00e4ren:</p>\n<p>1.[NB]Ich gehe mit Ihnen einig, Herr M\u00fcller, die Wiederaufnahme der Dublin-\u00dcberstellungen nach Italien ist eine Priorit\u00e4t. Das haben der Bundesrat und die Administration mit grossem Engagement verfolgt, es ist mittlerweile in Umsetzung. Seit letztem Freitag, also dem 12.[NB]Juni, ist der EU-Migrations- und -Asylpakt in Kraft. Diese Reform war eine Voraussetzung f\u00fcr Italien, damit es Dublin-\u00dcberstellungen aus ganz Europa wieder akzeptiert; sie ist jetzt in Kraft. Die Schweiz geh\u00f6rt laut der italienischen Seite zu den priorit\u00e4ren L\u00e4ndern, mit denen die \u00dcberstellungen wieder aufgenommen werden sollen. Das SEM hat die italienischen Beh\u00f6rden dar\u00fcber informiert, dass es die \u00dcberstellungen im Rahmen der Dublin-Verordnung ab dem 12.[NB]Juni schrittweise wieder aufnehmen werde.</p>\n<p>2.[NB]Zur R\u00fcckf\u00fchrung von Dublin-F\u00e4llen in die Zentren in Albanien: Die Dublin-Regeln sehen keine Wegweisung von Dublin-F\u00e4llen in Drittstaaten vor, Herr M\u00fcller. Wir haben also keine Rechtsgrundlage, die uns ein solches Vorgehen \u00fcberhaupt erlauben w\u00fcrde, und auf EU-Ebene ist dies auch nicht m\u00f6glich. Das k\u00f6nnen wir auch nicht im Schweizer Recht oder mit einem Abkommen mit Italien \u00e4ndern. \u00dcbrigens schickt nicht einmal Italien selbst Dublin-F\u00e4lle nach Albanien.</p>\n<p>3.[NB]Zur Mitnutzung der Zentren in Albanien durch die Schweiz als R\u00fcckkehrzentren: Ein solches Vorhaben bedingt, dass zuerst auf Ebene EU die Rechtsgrundlage f\u00fcr solche R\u00fcckkehrzentren verabschiedet wird. Das wird vermutlich bis im Sommer der Fall sein. Anschliessend wird die Schweiz diesen Schengen-Rechtsakt in ihr Recht \u00fcbernehmen. Daneben m\u00fcsste eine trilaterale Vereinbarung mit Italien und Albanien abgeschlossen werden. Ob dazu seitens der beiden Partner ein politischer Wille besteht, ist mehr als fraglich, es ist illusorisch. Italien hat selbst ein Interesse, die Pl\u00e4tze vollumf\u00e4nglich zu nutzen, und Albanien hat seinerzeit mehrmals betont, dass es dieses Abkommen geschlossen habe, um einem befreundeten Land wie Italien zu helfen. Es hat aber auch klar gesagt, dass es dieses Abkommen nicht auf andere L\u00e4nder ausweiten wolle; auch mir gegen\u00fcber hat Albanien das zum Ausdruck gebracht. Zudem hat der albanische Aussenminister k\u00fcrzlich infrage gestellt, ob das Abkommen mit Italien \u00fcberhaupt \u00fcber 2029 hinaus verl\u00e4ngert werden wird, weil es in Albanien nicht beliebt ist. </p>\n<p>An diesem Beispiel sehen wir gut, in welche Abh\u00e4ngigkeiten man sich bei solchen Modellen begeben kann. Das Risiko hat der Bundesrat auch in einem Bericht in Erf\u00fcllung des Postulates Caroni festgestellt. Er kommt daher zum Schluss, dass sich die Zentren in Albanien weder f\u00fcr die R\u00fcckf\u00fchrung von Dublin-F\u00e4llen noch f\u00fcr die Mitnutzung als R\u00fcckf\u00fchrungszentren eignen.</p>\n<p>Der Bundesrat beantragt Ihnen deshalb, die Motion abzulehnen.</p>\n</pd_text>","MeetingCouncilAbbreviation":"S","MeetingDate":"20260617","MeetingVerbalixOid":4191,"IdSession":"5214","SpeakerFirstName":"Beat","SpeakerLastName":"Jans","SpeakerFullName":"Jans Beat","SpeakerFunction":"BR-M","CouncilId":99,"CouncilName":"Consiglio federale","CantonId":12,"CantonName":"Basilea-Citt\u00e0","CantonAbbreviation":"BS","ParlGroupName":null,"ParlGroupAbbreviation":null,"SortOrder":6,"Start":"\/Date(1781698954411)\/","End":"\/Date(1781699207690)\/","Function":"BR-M","DisplaySpeaker":true,"LanguageOfText":"DE","Modified":"\/Date(1784275941936)\/","StartTimeWithTimezone":"\/Date(1781698954410+0120)\/","EndTimeWithTimezone":"\/Date(1781699207690+0120)\/","VoteBusinessNumber":null,"VoteBusinessShortNumber":null,"VoteBusinessTitle":null}]},"ID":"72008","Language":"IT","IdMeeting":"5248","VerbalixOid":805887,"SortOrder":11,"Modified":"\/Date(1784275941936)\/"}}