{"d":{"__metadata":{"id":"https://ws.parlament.ch/OData.svc/Subject(ID=72021L,Language='DE')","uri":"https://ws.parlament.ch/OData.svc/Subject(ID=72021L,Language='DE')","type":"itsystems.Pd.DataServices.DataModel.Subject"},"Meetings":{"__metadata":{"id":"https://ws.parlament.ch/OData.svc/Meeting(ID=5247L,Language='DE')","uri":"https://ws.parlament.ch/OData.svc/Meeting(ID=5247L,Language='DE')","type":"itsystems.Pd.DataServices.DataModel.Meeting"},"Sessions":{"__deferred":{"uri":"https://ws.parlament.ch/OData.svc/Meeting(ID=5247L,Language='DE')/Sessions"}},"Subjects":{"__deferred":{"uri":"https://ws.parlament.ch/OData.svc/Meeting(ID=5247L,Language='DE')/Subjects"}},"ID":"5247","Language":"DE","MeetingNumber":12,"IdSession":5214,"SessionNumber":14,"SessionName":"Sommersession 2026","Council":1,"CouncilName":"Nationalrat","CouncilAbbreviation":"NR","Date":"\/Date(1781654400000)\/","Begin":"0820","Modified":"\/Date(1784714052262)\/","LegislativePeriodNumber":52,"PublicationStatus":"final","MeetingOrderText":"Zw\u00f6lfte Sitzung","SortOrder":12,"Location":"N"},"SubjectsBusiness":{"results":[{"__metadata":{"id":"https://ws.parlament.ch/OData.svc/SubjectBusiness(BusinessNumber=20263022,IdSubject=72021L,Language='DE')","uri":"https://ws.parlament.ch/OData.svc/SubjectBusiness(BusinessNumber=20263022,IdSubject=72021L,Language='DE')","type":"itsystems.Pd.DataServices.DataModel.SubjectBusiness"},"Subjects":{"__deferred":{"uri":"https://ws.parlament.ch/OData.svc/SubjectBusiness(BusinessNumber=20263022,IdSubject=72021L,Language='DE')/Subjects"}},"Businesses":{"__deferred":{"uri":"https://ws.parlament.ch/OData.svc/SubjectBusiness(BusinessNumber=20263022,IdSubject=72021L,Language='DE')/Businesses"}},"IdSubject":"72021","BusinessNumber":20263022,"Language":"DE","BusinessShortNumber":"26.3022","Title":"F\u00f6rderung und Unterst\u00fctzung der Tierseuchenpr\u00e4vention","SortOrder":1,"PublishedNotes":null,"Modified":"\/Date(1774531597596)\/","TitleDE":"Motion WBK-N.\nF\u00f6rderung und Unterst\u00fctzung\nder Tierseuchenpr\u00e4vention","TitleFR":"Motion CSEC-N.\nPromouvoir et soutenir la pr\u00e9vention\ndes \u00e9pizooties","TitleIT":null}]},"Transcripts":{"results":[{"__metadata":{"id":"https://ws.parlament.ch/OData.svc/Transcript(ID=377736L,Language='DE')","uri":"https://ws.parlament.ch/OData.svc/Transcript(ID=377736L,Language='DE')","type":"itsystems.Pd.DataServices.DataModel.Transcript"},"Subjects":{"__deferred":{"uri":"https://ws.parlament.ch/OData.svc/Transcript(ID=377736L,Language='DE')/Subjects"}},"MembersCouncil":{"__deferred":{"uri":"https://ws.parlament.ch/OData.svc/Transcript(ID=377736L,Language='DE')/MembersCouncil"}},"Businesses":{"__deferred":{"uri":"https://ws.parlament.ch/OData.svc/Transcript(ID=377736L,Language='DE')/Businesses"}},"ID":"377736","Language":"DE","IdSubject":"72021","VoteId":null,"PersonNumber":4169,"Type":1,"Text":"<pd_text><p><b>Le pr\u00e9sident</b> (Page Pierre-Andr\u00e9, pr\u00e9sident): La commission et le Conseil f\u00e9d\u00e9ral proposent d'adopter la motion.[GZ]</p>\n<p>[VS][GZ]</p>\n<p><i>Angenommen - Adopt\u00e9 [PAGE 1324] </i></p>\n</pd_text>","MeetingCouncilAbbreviation":"N","MeetingDate":"20260617","MeetingVerbalixOid":4190,"IdSession":"5214","SpeakerFirstName":"Pierre-Andr\u00e9","SpeakerLastName":"Page","SpeakerFullName":"Page Pierre-Andr\u00e9","SpeakerFunction":"P-M","CouncilId":1,"CouncilName":"Nationalrat","CantonId":10,"CantonName":"Freiburg","CantonAbbreviation":"FR","ParlGroupName":"Fraktion der Schweizerischen Volkspartei","ParlGroupAbbreviation":"V","SortOrder":1,"Start":"\/Date(1781700344120)\/","End":"\/Date(1781700372658)\/","Function":"P-M","DisplaySpeaker":false,"LanguageOfText":null,"Modified":"\/Date(1785147663947)\/","StartTimeWithTimezone":"\/Date(1781700344120+0120)\/","EndTimeWithTimezone":"\/Date(1781700372657+0120)\/","VoteBusinessNumber":null,"VoteBusinessShortNumber":null,"VoteBusinessTitle":null}]},"ID":"72021","Language":"DE","IdMeeting":"5247","VerbalixOid":806145,"SortOrder":11,"Modified":"\/Date(1785147663945)\/"}}